{"id":10308,"date":"2018-06-17T21:27:47","date_gmt":"2018-06-17T20:27:47","guid":{"rendered":"http:\/\/ge-eiserfeld.de\/?p=10308"},"modified":"2018-06-24T08:52:28","modified_gmt":"2018-06-24T07:52:28","slug":"gemeinntzig-handeln-gee-schler-bei-der-jubilumsfeier-der-hans-reinhardt-schule","status":"publish","type":"post","link":"https:\/\/www.gesamtschule-eiserfeld.de\/?p=10308","title":{"rendered":"Gemeinn&uuml;tzig Handeln &ndash; GEE-Sch&uuml;ler bei der Jubil&auml;umsfeier der Hans-Reinhardt-Schule"},"content":{"rendered":"<p align=\"justify\"><a href=\"https:\/\/i0.wp.com\/gesamtschule-eiserfeld.de\/wp-content\/uploads\/2018\/06\/clip_image010-2.jpg\"><img data-recalc-dims=\"1\" loading=\"lazy\" decoding=\"async\" width=\"188\" height=\"106\" title=\"clip_image010\" align=\"left\" style=\"margin: 6px 5px 0px 0px; border: 0px currentcolor; border-image: none; float: left; display: inline; background-image: none;\" alt=\"clip_image010\" src=\"https:\/\/i0.wp.com\/gesamtschule-eiserfeld.de\/wp-content\/uploads\/2018\/06\/clip_image010_thumb-2.jpg?resize=188%2C106\" border=\"0\" hspace=\"12\"><\/a>[2018-06-17 MAXB] Unsere Partnerschule, die Hans-Reinhardt-Schule (F\u00f6rderschule mit dem F\u00f6rderschwerpunkt \u201eGeistige Entwicklung\u201c) feiert in diesem Jahr ihren 50. Geburtstag. Ihr Namensgeber, Hans-Reinhardt (ehemaliger B\u00fcrgermeister der Stadt Siegen) setzte sich in besonderer Weise f\u00fcr die Belange behinderter Menschen ein und war vor 50 Jahren ma\u00dfgeblich daran beteiligt, dass die Schulpflicht auch f\u00fcr Kinder mit geistiger Behinderung eingef\u00fchrt wurde. Durch die Kooperation beider Schulen, die mittlerweile seit ca. 20 Jahren besteht, gab es schon viele gemeinsame Projekte. <\/p>\n<p><!--more--><\/p>\n<p align=\"justify\">\n<p align=\"justify\"><a href=\"https:\/\/i0.wp.com\/gesamtschule-eiserfeld.de\/wp-content\/uploads\/2018\/06\/clip_image004.jpg\"><img data-recalc-dims=\"1\" loading=\"lazy\" decoding=\"async\" width=\"240\" height=\"135\" title=\"clip_image004\" align=\"right\" style=\"margin: 6px 0px 0px 6px; border-image: none; float: right; display: inline; background-image: none;\" alt=\"clip_image004\" src=\"https:\/\/i0.wp.com\/gesamtschule-eiserfeld.de\/wp-content\/uploads\/2018\/06\/clip_image004_thumb.jpg?resize=240%2C135\" border=\"0\" hspace=\"12\"><\/a>Das 50 j\u00e4hrige Jubil\u00e4um der Hans-Reinhardt-Schule wurde am 9. Juni mit einem Sommerfest und einem gro\u00dfen Tag der Offenen T\u00fcr gefeiert und auch von Petrus mit bestem Sommerwetter gesponsert. Au\u00dfer vielen G\u00e4sten waren auch Sch\u00fcler der WPII-Gruppe \u201eGemeinn\u00fctzig Handeln\u201c der Gesamtschule Eiserfeld zugegen. Die Sch\u00fcler, die im laufenden Schuljahr jeden Mittwochnachmittag im Einsatz an der Hans-Reinhardt-Schule sind, engagierten sich bei dem Fest tatkr\u00e4ftig, indem sie Rollrutsche und die H\u00fcpfburg beaufsichtigten, Getr\u00e4nke verkauften oder Kinder schminkten.<\/p>\n<p align=\"center\"><a href=\"https:\/\/i0.wp.com\/gesamtschule-eiserfeld.de\/wp-content\/uploads\/2018\/06\/clip_image002.jpg\"><img data-recalc-dims=\"1\" loading=\"lazy\" decoding=\"async\" width=\"240\" height=\"135\" title=\"clip_image002\" style=\"border: 0px currentcolor; border-image: none; display: inline; background-image: none;\" alt=\"clip_image002\" src=\"https:\/\/i0.wp.com\/gesamtschule-eiserfeld.de\/wp-content\/uploads\/2018\/06\/clip_image002_thumb.jpg?resize=240%2C135\" border=\"0\" hspace=\"12\"><\/a><a href=\"https:\/\/i0.wp.com\/gesamtschule-eiserfeld.de\/wp-content\/uploads\/2018\/06\/clip_image006.jpg\"><img data-recalc-dims=\"1\" loading=\"lazy\" decoding=\"async\" width=\"240\" height=\"135\" title=\"clip_image006\" style=\"margin: 0px 12px; border-image: none; display: inline; background-image: none;\" alt=\"clip_image006\" src=\"https:\/\/i0.wp.com\/gesamtschule-eiserfeld.de\/wp-content\/uploads\/2018\/06\/clip_image006_thumb.jpg?resize=240%2C135\" border=\"0\" hspace=\"12\"><\/a><\/p>\n<p align=\"center\"><\/p>\n<p><a href=\"https:\/\/i0.wp.com\/gesamtschule-eiserfeld.de\/wp-content\/uploads\/2018\/06\/clip_image008.jpg\"><img data-recalc-dims=\"1\" loading=\"lazy\" decoding=\"async\" width=\"240\" height=\"135\" title=\"clip_image008\" style=\"margin: 0px auto; border-image: none; float: none; display: block; background-image: none;\" alt=\"clip_image008\" src=\"https:\/\/i0.wp.com\/gesamtschule-eiserfeld.de\/wp-content\/uploads\/2018\/06\/clip_image008_thumb.jpg?resize=240%2C135\" border=\"0\" hspace=\"12\"><\/a><\/p>\n","protected":false},"excerpt":{"rendered":"<p>[2018-06-17 MAXB] Unsere Partnerschule, die Hans-Reinhardt-Schule (F\u00f6rderschule mit dem F\u00f6rderschwerpunkt \u201eGeistige Entwicklung\u201c) feiert in diesem Jahr ihren 50. Geburtstag. Ihr Namensgeber, Hans-Reinhardt (ehemaliger B\u00fcrgermeister der Stadt Siegen) setzte sich in besonderer Weise f\u00fcr die Belange behinderter Menschen ein und war vor 50 Jahren ma\u00dfgeblich daran beteiligt, dass die Schulpflicht auch f\u00fcr Kinder mit geistiger Behinderung &hellip; <a href=\"https:\/\/www.gesamtschule-eiserfeld.de\/?p=10308\" class=\"more-link\"><span class=\"screen-reader-text\">Gemeinn&uuml;tzig Handeln &ndash; GEE-Sch&uuml;ler bei der Jubil&auml;umsfeier der Hans-Reinhardt-Schule<\/span> weiterlesen <span class=\"meta-nav\">&rarr;<\/span><\/a><\/p>\n","protected":false},"author":9,"featured_media":0,"comment_status":"closed","ping_status":"open","sticky":false,"template":"","format":"standard","meta":{"jetpack_post_was_ever_published":false,"_jetpack_newsletter_access":"","_jetpack_dont_email_post_to_subs":false,"_jetpack_newsletter_tier_id":0,"_jetpack_memberships_contains_paywalled_content":false,"_jetpack_memberships_contains_paid_content":false,"footnotes":"","jetpack_publicize_message":"","jetpack_publicize_feature_enabled":true,"jetpack_social_post_already_shared":true,"jetpack_social_options":{"image_generator_settings":{"template":"highway","default_image_id":0,"font":"","enabled":false},"version":2}},"categories":[97,24,35,41,23,49],"tags":[],"class_list":["post-10308","post","type-post","status-publish","format-standard","hentry","category-fuer-vielfalt","category-gemeinnutzig-handeln","category-jg-78","category-konzepte-78","category-partner","category-soziales-lernen"],"yoast_head":"<!-- This site is optimized with the Yoast SEO plugin v27.4 - https:\/\/yoast.com\/product\/yoast-seo-wordpress\/ -->\n<title>Gemeinn&uuml;tzig Handeln &ndash; GEE-Sch&uuml;ler bei der Jubil&auml;umsfeier der Hans-Reinhardt-Schule - Gesamtschule Eiserfeld<\/title>\n<meta name=\"robots\" content=\"index, follow, max-snippet:-1, max-image-preview:large, max-video-preview:-1\" \/>\n<link rel=\"canonical\" href=\"https:\/\/www.gesamtschule-eiserfeld.de\/?p=10308\" \/>\n<meta property=\"og:locale\" content=\"de_DE\" \/>\n<meta property=\"og:type\" content=\"article\" \/>\n<meta property=\"og:title\" content=\"Gemeinn&uuml;tzig Handeln &ndash; GEE-Sch&uuml;ler bei der Jubil&auml;umsfeier der Hans-Reinhardt-Schule - Gesamtschule Eiserfeld\" \/>\n<meta property=\"og:description\" content=\"[2018-06-17 MAXB] Unsere Partnerschule, die Hans-Reinhardt-Schule (F\u00f6rderschule mit dem F\u00f6rderschwerpunkt \u201eGeistige Entwicklung\u201c) feiert in diesem Jahr ihren 50. Geburtstag. Ihr Namensgeber, Hans-Reinhardt (ehemaliger B\u00fcrgermeister der Stadt Siegen) setzte sich in besonderer Weise f\u00fcr die Belange behinderter Menschen ein und war vor 50 Jahren ma\u00dfgeblich daran beteiligt, dass die Schulpflicht auch f\u00fcr Kinder mit geistiger Behinderung &hellip; Gemeinn&uuml;tzig Handeln &ndash; GEE-Sch&uuml;ler bei der Jubil&auml;umsfeier der Hans-Reinhardt-Schule weiterlesen &rarr;\" \/>\n<meta property=\"og:url\" content=\"https:\/\/www.gesamtschule-eiserfeld.de\/?p=10308\" \/>\n<meta property=\"og:site_name\" content=\"Gesamtschule Eiserfeld\" \/>\n<meta property=\"article:publisher\" content=\"https:\/\/www.facebook.com\/GEEiserfeld\" \/>\n<meta property=\"article:published_time\" content=\"2018-06-17T20:27:47+00:00\" \/>\n<meta property=\"article:modified_time\" content=\"2018-06-24T07:52:28+00:00\" \/>\n<meta property=\"og:image\" content=\"http:\/\/gesamtschule-eiserfeld.de\/wp-content\/uploads\/2018\/06\/clip_image010_thumb-2.jpg\" \/>\n<meta name=\"author\" content=\"dorw\" \/>\n<meta name=\"twitter:card\" content=\"summary_large_image\" \/>\n<meta name=\"twitter:label1\" content=\"Verfasst von\" \/>\n\t<meta name=\"twitter:data1\" content=\"dorw\" \/>\n\t<meta name=\"twitter:label2\" content=\"Gesch\u00e4tzte Lesezeit\" \/>\n\t<meta name=\"twitter:data2\" content=\"1\u00a0Minute\" \/>\n<script type=\"application\/ld+json\" class=\"yoast-schema-graph\">{\"@context\":\"https:\\\/\\\/schema.org\",\"@graph\":[{\"@type\":\"Article\",\"@id\":\"https:\\\/\\\/www.gesamtschule-eiserfeld.de\\\/?p=10308#article\",\"isPartOf\":{\"@id\":\"https:\\\/\\\/www.gesamtschule-eiserfeld.de\\\/?p=10308\"},\"author\":{\"name\":\"dorw\",\"@id\":\"https:\\\/\\\/www.gesamtschule-eiserfeld.de\\\/#\\\/schema\\\/person\\\/9f37123dd2ff514a1346db435bdb3784\"},\"headline\":\"Gemeinn&uuml;tzig Handeln &ndash; GEE-Sch&uuml;ler bei der Jubil&auml;umsfeier der Hans-Reinhardt-Schule\",\"datePublished\":\"2018-06-17T20:27:47+00:00\",\"dateModified\":\"2018-06-24T07:52:28+00:00\",\"mainEntityOfPage\":{\"@id\":\"https:\\\/\\\/www.gesamtschule-eiserfeld.de\\\/?p=10308\"},\"wordCount\":180,\"publisher\":{\"@id\":\"https:\\\/\\\/www.gesamtschule-eiserfeld.de\\\/#organization\"},\"image\":{\"@id\":\"https:\\\/\\\/www.gesamtschule-eiserfeld.de\\\/?p=10308#primaryimage\"},\"thumbnailUrl\":\"http:\\\/\\\/gesamtschule-eiserfeld.de\\\/wp-content\\\/uploads\\\/2018\\\/06\\\/clip_image010_thumb-2.jpg\",\"articleSection\":[\"F\u00dcR VIELFALT\",\"Gemeinn\u00fctzig Handeln\",\"Jg 7\\\/8\",\"Konzepte 7\\\/8\",\"Partner\",\"Soziales Lernen\"],\"inLanguage\":\"de\"},{\"@type\":\"WebPage\",\"@id\":\"https:\\\/\\\/www.gesamtschule-eiserfeld.de\\\/?p=10308\",\"url\":\"https:\\\/\\\/www.gesamtschule-eiserfeld.de\\\/?p=10308\",\"name\":\"Gemeinn&uuml;tzig Handeln &ndash; GEE-Sch&uuml;ler bei der Jubil&auml;umsfeier der Hans-Reinhardt-Schule - Gesamtschule Eiserfeld\",\"isPartOf\":{\"@id\":\"https:\\\/\\\/www.gesamtschule-eiserfeld.de\\\/#website\"},\"primaryImageOfPage\":{\"@id\":\"https:\\\/\\\/www.gesamtschule-eiserfeld.de\\\/?p=10308#primaryimage\"},\"image\":{\"@id\":\"https:\\\/\\\/www.gesamtschule-eiserfeld.de\\\/?p=10308#primaryimage\"},\"thumbnailUrl\":\"http:\\\/\\\/gesamtschule-eiserfeld.de\\\/wp-content\\\/uploads\\\/2018\\\/06\\\/clip_image010_thumb-2.jpg\",\"datePublished\":\"2018-06-17T20:27:47+00:00\",\"dateModified\":\"2018-06-24T07:52:28+00:00\",\"breadcrumb\":{\"@id\":\"https:\\\/\\\/www.gesamtschule-eiserfeld.de\\\/?p=10308#breadcrumb\"},\"inLanguage\":\"de\",\"potentialAction\":[{\"@type\":\"ReadAction\",\"target\":[\"https:\\\/\\\/www.gesamtschule-eiserfeld.de\\\/?p=10308\"]}]},{\"@type\":\"ImageObject\",\"inLanguage\":\"de\",\"@id\":\"https:\\\/\\\/www.gesamtschule-eiserfeld.de\\\/?p=10308#primaryimage\",\"url\":\"http:\\\/\\\/gesamtschule-eiserfeld.de\\\/wp-content\\\/uploads\\\/2018\\\/06\\\/clip_image010_thumb-2.jpg\",\"contentUrl\":\"http:\\\/\\\/gesamtschule-eiserfeld.de\\\/wp-content\\\/uploads\\\/2018\\\/06\\\/clip_image010_thumb-2.jpg\"},{\"@type\":\"BreadcrumbList\",\"@id\":\"https:\\\/\\\/www.gesamtschule-eiserfeld.de\\\/?p=10308#breadcrumb\",\"itemListElement\":[{\"@type\":\"ListItem\",\"position\":1,\"name\":\"Startseite\",\"item\":\"https:\\\/\\\/www.gesamtschule-eiserfeld.de\\\/\"},{\"@type\":\"ListItem\",\"position\":2,\"name\":\"Gemeinn&uuml;tzig Handeln &ndash; GEE-Sch&uuml;ler bei der Jubil&auml;umsfeier der Hans-Reinhardt-Schule\"}]},{\"@type\":\"WebSite\",\"@id\":\"https:\\\/\\\/www.gesamtschule-eiserfeld.de\\\/#website\",\"url\":\"https:\\\/\\\/www.gesamtschule-eiserfeld.de\\\/\",\"name\":\"Gesamtschule Eiserfeld\",\"description\":\"\",\"publisher\":{\"@id\":\"https:\\\/\\\/www.gesamtschule-eiserfeld.de\\\/#organization\"},\"potentialAction\":[{\"@type\":\"SearchAction\",\"target\":{\"@type\":\"EntryPoint\",\"urlTemplate\":\"https:\\\/\\\/www.gesamtschule-eiserfeld.de\\\/?s={search_term_string}\"},\"query-input\":{\"@type\":\"PropertyValueSpecification\",\"valueRequired\":true,\"valueName\":\"search_term_string\"}}],\"inLanguage\":\"de\"},{\"@type\":\"Organization\",\"@id\":\"https:\\\/\\\/www.gesamtschule-eiserfeld.de\\\/#organization\",\"name\":\"Gesamtschule Eiserfeld\",\"url\":\"https:\\\/\\\/www.gesamtschule-eiserfeld.de\\\/\",\"logo\":{\"@type\":\"ImageObject\",\"inLanguage\":\"de\",\"@id\":\"https:\\\/\\\/www.gesamtschule-eiserfeld.de\\\/#\\\/schema\\\/logo\\\/image\\\/\",\"url\":\"https:\\\/\\\/i1.wp.com\\\/www.gesamtschule-eiserfeld.de\\\/wp-content\\\/uploads\\\/2019\\\/01\\\/GEE-Logo-neu.jpg?fit=436%2C126&ssl=1\",\"contentUrl\":\"https:\\\/\\\/i1.wp.com\\\/www.gesamtschule-eiserfeld.de\\\/wp-content\\\/uploads\\\/2019\\\/01\\\/GEE-Logo-neu.jpg?fit=436%2C126&ssl=1\",\"width\":436,\"height\":126,\"caption\":\"Gesamtschule Eiserfeld\"},\"image\":{\"@id\":\"https:\\\/\\\/www.gesamtschule-eiserfeld.de\\\/#\\\/schema\\\/logo\\\/image\\\/\"},\"sameAs\":[\"https:\\\/\\\/www.facebook.com\\\/GEEiserfeld\"]},{\"@type\":\"Person\",\"@id\":\"https:\\\/\\\/www.gesamtschule-eiserfeld.de\\\/#\\\/schema\\\/person\\\/9f37123dd2ff514a1346db435bdb3784\",\"name\":\"dorw\",\"sameAs\":[\"http:\\\/\\\/www.ge-eiserfeld.de\"],\"url\":\"https:\\\/\\\/www.gesamtschule-eiserfeld.de\\\/?author=9\"}]}<\/script>\n<!-- \/ Yoast SEO plugin. -->","yoast_head_json":{"title":"Gemeinn&uuml;tzig Handeln &ndash; GEE-Sch&uuml;ler bei der Jubil&auml;umsfeier der Hans-Reinhardt-Schule - Gesamtschule Eiserfeld","robots":{"index":"index","follow":"follow","max-snippet":"max-snippet:-1","max-image-preview":"max-image-preview:large","max-video-preview":"max-video-preview:-1"},"canonical":"https:\/\/www.gesamtschule-eiserfeld.de\/?p=10308","og_locale":"de_DE","og_type":"article","og_title":"Gemeinn&uuml;tzig Handeln &ndash; GEE-Sch&uuml;ler bei der Jubil&auml;umsfeier der Hans-Reinhardt-Schule - Gesamtschule Eiserfeld","og_description":"[2018-06-17 MAXB] Unsere Partnerschule, die Hans-Reinhardt-Schule (F\u00f6rderschule mit dem F\u00f6rderschwerpunkt \u201eGeistige Entwicklung\u201c) feiert in diesem Jahr ihren 50. Geburtstag. Ihr Namensgeber, Hans-Reinhardt (ehemaliger B\u00fcrgermeister der Stadt Siegen) setzte sich in besonderer Weise f\u00fcr die Belange behinderter Menschen ein und war vor 50 Jahren ma\u00dfgeblich daran beteiligt, dass die Schulpflicht auch f\u00fcr Kinder mit geistiger Behinderung &hellip; Gemeinn&uuml;tzig Handeln &ndash; GEE-Sch&uuml;ler bei der Jubil&auml;umsfeier der Hans-Reinhardt-Schule weiterlesen &rarr;","og_url":"https:\/\/www.gesamtschule-eiserfeld.de\/?p=10308","og_site_name":"Gesamtschule Eiserfeld","article_publisher":"https:\/\/www.facebook.com\/GEEiserfeld","article_published_time":"2018-06-17T20:27:47+00:00","article_modified_time":"2018-06-24T07:52:28+00:00","og_image":[{"url":"http:\/\/gesamtschule-eiserfeld.de\/wp-content\/uploads\/2018\/06\/clip_image010_thumb-2.jpg","type":"","width":"","height":""}],"author":"dorw","twitter_card":"summary_large_image","twitter_misc":{"Verfasst von":"dorw","Gesch\u00e4tzte Lesezeit":"1\u00a0Minute"},"schema":{"@context":"https:\/\/schema.org","@graph":[{"@type":"Article","@id":"https:\/\/www.gesamtschule-eiserfeld.de\/?p=10308#article","isPartOf":{"@id":"https:\/\/www.gesamtschule-eiserfeld.de\/?p=10308"},"author":{"name":"dorw","@id":"https:\/\/www.gesamtschule-eiserfeld.de\/#\/schema\/person\/9f37123dd2ff514a1346db435bdb3784"},"headline":"Gemeinn&uuml;tzig Handeln &ndash; GEE-Sch&uuml;ler bei der Jubil&auml;umsfeier der Hans-Reinhardt-Schule","datePublished":"2018-06-17T20:27:47+00:00","dateModified":"2018-06-24T07:52:28+00:00","mainEntityOfPage":{"@id":"https:\/\/www.gesamtschule-eiserfeld.de\/?p=10308"},"wordCount":180,"publisher":{"@id":"https:\/\/www.gesamtschule-eiserfeld.de\/#organization"},"image":{"@id":"https:\/\/www.gesamtschule-eiserfeld.de\/?p=10308#primaryimage"},"thumbnailUrl":"http:\/\/gesamtschule-eiserfeld.de\/wp-content\/uploads\/2018\/06\/clip_image010_thumb-2.jpg","articleSection":["F\u00dcR VIELFALT","Gemeinn\u00fctzig Handeln","Jg 7\/8","Konzepte 7\/8","Partner","Soziales Lernen"],"inLanguage":"de"},{"@type":"WebPage","@id":"https:\/\/www.gesamtschule-eiserfeld.de\/?p=10308","url":"https:\/\/www.gesamtschule-eiserfeld.de\/?p=10308","name":"Gemeinn&uuml;tzig Handeln &ndash; GEE-Sch&uuml;ler bei der Jubil&auml;umsfeier der Hans-Reinhardt-Schule - Gesamtschule Eiserfeld","isPartOf":{"@id":"https:\/\/www.gesamtschule-eiserfeld.de\/#website"},"primaryImageOfPage":{"@id":"https:\/\/www.gesamtschule-eiserfeld.de\/?p=10308#primaryimage"},"image":{"@id":"https:\/\/www.gesamtschule-eiserfeld.de\/?p=10308#primaryimage"},"thumbnailUrl":"http:\/\/gesamtschule-eiserfeld.de\/wp-content\/uploads\/2018\/06\/clip_image010_thumb-2.jpg","datePublished":"2018-06-17T20:27:47+00:00","dateModified":"2018-06-24T07:52:28+00:00","breadcrumb":{"@id":"https:\/\/www.gesamtschule-eiserfeld.de\/?p=10308#breadcrumb"},"inLanguage":"de","potentialAction":[{"@type":"ReadAction","target":["https:\/\/www.gesamtschule-eiserfeld.de\/?p=10308"]}]},{"@type":"ImageObject","inLanguage":"de","@id":"https:\/\/www.gesamtschule-eiserfeld.de\/?p=10308#primaryimage","url":"http:\/\/gesamtschule-eiserfeld.de\/wp-content\/uploads\/2018\/06\/clip_image010_thumb-2.jpg","contentUrl":"http:\/\/gesamtschule-eiserfeld.de\/wp-content\/uploads\/2018\/06\/clip_image010_thumb-2.jpg"},{"@type":"BreadcrumbList","@id":"https:\/\/www.gesamtschule-eiserfeld.de\/?p=10308#breadcrumb","itemListElement":[{"@type":"ListItem","position":1,"name":"Startseite","item":"https:\/\/www.gesamtschule-eiserfeld.de\/"},{"@type":"ListItem","position":2,"name":"Gemeinn&uuml;tzig Handeln &ndash; GEE-Sch&uuml;ler bei der Jubil&auml;umsfeier der Hans-Reinhardt-Schule"}]},{"@type":"WebSite","@id":"https:\/\/www.gesamtschule-eiserfeld.de\/#website","url":"https:\/\/www.gesamtschule-eiserfeld.de\/","name":"Gesamtschule Eiserfeld","description":"","publisher":{"@id":"https:\/\/www.gesamtschule-eiserfeld.de\/#organization"},"potentialAction":[{"@type":"SearchAction","target":{"@type":"EntryPoint","urlTemplate":"https:\/\/www.gesamtschule-eiserfeld.de\/?s={search_term_string}"},"query-input":{"@type":"PropertyValueSpecification","valueRequired":true,"valueName":"search_term_string"}}],"inLanguage":"de"},{"@type":"Organization","@id":"https:\/\/www.gesamtschule-eiserfeld.de\/#organization","name":"Gesamtschule Eiserfeld","url":"https:\/\/www.gesamtschule-eiserfeld.de\/","logo":{"@type":"ImageObject","inLanguage":"de","@id":"https:\/\/www.gesamtschule-eiserfeld.de\/#\/schema\/logo\/image\/","url":"https:\/\/i1.wp.com\/www.gesamtschule-eiserfeld.de\/wp-content\/uploads\/2019\/01\/GEE-Logo-neu.jpg?fit=436%2C126&ssl=1","contentUrl":"https:\/\/i1.wp.com\/www.gesamtschule-eiserfeld.de\/wp-content\/uploads\/2019\/01\/GEE-Logo-neu.jpg?fit=436%2C126&ssl=1","width":436,"height":126,"caption":"Gesamtschule Eiserfeld"},"image":{"@id":"https:\/\/www.gesamtschule-eiserfeld.de\/#\/schema\/logo\/image\/"},"sameAs":["https:\/\/www.facebook.com\/GEEiserfeld"]},{"@type":"Person","@id":"https:\/\/www.gesamtschule-eiserfeld.de\/#\/schema\/person\/9f37123dd2ff514a1346db435bdb3784","name":"dorw","sameAs":["http:\/\/www.ge-eiserfeld.de"],"url":"https:\/\/www.gesamtschule-eiserfeld.de\/?author=9"}]}},"jetpack_publicize_connections":[],"jetpack_featured_media_url":"","jetpack_shortlink":"https:\/\/wp.me\/p2weeL-2Gg","jetpack_sharing_enabled":true,"_links":{"self":[{"href":"https:\/\/www.gesamtschule-eiserfeld.de\/index.php?rest_route=\/wp\/v2\/posts\/10308","targetHints":{"allow":["GET"]}}],"collection":[{"href":"https:\/\/www.gesamtschule-eiserfeld.de\/index.php?rest_route=\/wp\/v2\/posts"}],"about":[{"href":"https:\/\/www.gesamtschule-eiserfeld.de\/index.php?rest_route=\/wp\/v2\/types\/post"}],"author":[{"embeddable":true,"href":"https:\/\/www.gesamtschule-eiserfeld.de\/index.php?rest_route=\/wp\/v2\/users\/9"}],"replies":[{"embeddable":true,"href":"https:\/\/www.gesamtschule-eiserfeld.de\/index.php?rest_route=%2Fwp%2Fv2%2Fcomments&post=10308"}],"version-history":[{"count":0,"href":"https:\/\/www.gesamtschule-eiserfeld.de\/index.php?rest_route=\/wp\/v2\/posts\/10308\/revisions"}],"wp:attachment":[{"href":"https:\/\/www.gesamtschule-eiserfeld.de\/index.php?rest_route=%2Fwp%2Fv2%2Fmedia&parent=10308"}],"wp:term":[{"taxonomy":"category","embeddable":true,"href":"https:\/\/www.gesamtschule-eiserfeld.de\/index.php?rest_route=%2Fwp%2Fv2%2Fcategories&post=10308"},{"taxonomy":"post_tag","embeddable":true,"href":"https:\/\/www.gesamtschule-eiserfeld.de\/index.php?rest_route=%2Fwp%2Fv2%2Ftags&post=10308"}],"curies":[{"name":"wp","href":"https:\/\/api.w.org\/{rel}","templated":true}]}}