{"id":1067,"date":"2000-09-20T13:45:00","date_gmt":"2000-09-20T11:45:00","guid":{"rendered":"http:\/\/ge-eiserfeld.de\/?p=1067"},"modified":"2014-11-21T18:10:02","modified_gmt":"2014-11-21T17:10:02","slug":"begleitung-der-neuen-5er-ber-das-erste-jahr-2","status":"publish","type":"post","link":"https:\/\/www.gesamtschule-eiserfeld.de\/?p=1067","title":{"rendered":"Begleitung der neuen 5&rsquo;er &uuml;ber das erste Jahr"},"content":{"rendered":"<p>&nbsp;<\/p>\n<p><strong>Konzeptidee<\/strong><\/p>\n<p>Durch ein B\u00fcndel von Ma\u00dfnahmen sollen die Sch\u00fclerInnen und Eltern zur Gesamtschule hin und \u00fcber das erste Jahr begleitet und unterst\u00fctzt werden.<!--more--><\/p>\n<p><strong>Ziel<\/strong><\/p>\n<p>Vertraut machen mit dem neuen System, M\u00f6glichkeiten zur Information und Problemkl\u00e4rung anbieten, reibungsfreie Integration<\/p>\n<p><strong>Rahmenkonzept<\/strong><\/p>\n<p><strong>Vor Aufnahme der Sch\u00fcler in Kl. 5<\/strong><\/p>\n<ul>\n<li>Infoabend im November \u00fcber das Konzept GE Eiserfeld<\/li>\n<li>Tag der offenen T\u00fcr f\u00fcr die zuk\u00fcnftigen Sch\u00fcler<\/li>\n<li>Kontakt mit den Grundschulen, bei Bedarf Besuch einer Konferenz<\/li>\n<li>Anmeldung \/ Aufnahmeverfahren ( Feb. )<\/li>\n<li>Service durch die Eltern: Betreuung und Bewirtung w\u00e4hrend des Aufnahmeverfahren<\/li>\n<li>Infoabend f\u00fcr die aufgenommenen Sch\u00fcler vor den Sommerferien<\/li>\n<li>Gezielte Infos f\u00fcr den Schulanfang<\/li>\n<li>Vorstellen der Klassenlehrer<\/li>\n<li>Einstimmung durch Sch\u00fcler \/ Lehrerband<\/li>\n<li>Willkommensbrief an die neuen Sch\u00fcler durch die \u201ePaten\u201c aus der Klasse 10 ( wahlweise 11 ) in der 1. Ferienwoche<\/li>\n<\/ul>\n<p><strong>Beginn des Schuljahres Klasse 5<\/strong><\/p>\n<ul>\n<li>\u00d6kumenischer Gottesdienst<\/li>\n<li>Einschulungsfeier ( Mu\/Ku- Gruppen und Klassenlehrer )<\/li>\n<li>3-t\u00e4gige Kennenlernfahrt ( 1. Woche )<\/li>\n<li>2 Tage Methodenlernen<\/li>\n<\/ul>\n<p><strong>Verlauf 1. Halbjahr 5<\/strong><\/p>\n<ul>\n<li>2 Elternsprechtage<\/li>\n<li>Gro\u00dfe Weihnachtsfeier<\/li>\n<li>P\u00e4d. Konferenz zur Situation der 5 er Klassen<\/li>\n<li>Soziales Lernen ( 2 Klassen )<\/li>\n<li>Verlauf 2. Halbjahr<\/li>\n<li>Elternbefragung ( feed back )<\/li>\n<li>Analyse mit den Klassenlehrern<\/li>\n<li>Elternabend dazu<\/li>\n<li>3. Elternsprechtag<\/li>\n<li>MU \/ KU-Fest \/ Projektwoche<\/li>\n<li>Soziales Lernen ( 2 Klassen )<\/li>\n<li>Orientierungsstufenkonferenz mit Grundschulen<\/li>\n<\/ul>\n<p><strong>Klasse 6<\/strong><\/p>\n<ul>\n<li>Beratung der Eltern durch die Klassenlehrer<\/li>\n<li>2. Hj. Info \u2013 Veranstaltung mit dem Thema: Leistungsdifferenzierung \/ WPI<\/li>\n<\/ul>\n<p><strong>Zeitliches Rahmenkonzept<\/strong><\/p>\n<p>j\u00e4hrlich<\/p>\n<p><strong>Qualit\u00e4tsmerkmale<\/strong><\/p>\n<p>Zeitnahes Reagieren auf Probleme<\/p>\n<ul>\n<li>Eltern und Sch\u00fclerInnen erfahren die Schulgemeinschaft<\/li>\n<li>Positive Kommunikationsatmosph\u00e4re bei Schulveranstaltungen<\/li>\n<\/ul>\n<p>Verantwortlich<\/p>\n","protected":false},"excerpt":{"rendered":"<p>&nbsp; Konzeptidee Durch ein B\u00fcndel von Ma\u00dfnahmen sollen die Sch\u00fclerInnen und Eltern zur Gesamtschule hin und \u00fcber das erste Jahr begleitet und unterst\u00fctzt werden.<\/p>\n","protected":false},"author":9,"featured_media":0,"comment_status":"closed","ping_status":"open","sticky":false,"template":"","format":"standard","meta":{"jetpack_post_was_ever_published":false,"_jetpack_newsletter_access":"","_jetpack_dont_email_post_to_subs":false,"_jetpack_newsletter_tier_id":0,"_jetpack_memberships_contains_paywalled_content":false,"_jetpack_memberships_contains_paid_content":false,"footnotes":"","jetpack_publicize_message":"","jetpack_publicize_feature_enabled":true,"jetpack_social_post_already_shared":false,"jetpack_social_options":{"image_generator_settings":{"template":"highway","default_image_id":0,"font":"","enabled":false},"version":2}},"categories":[38,40],"tags":[],"class_list":["post-1067","post","type-post","status-publish","format-standard","hentry","category-konzepte","category-konzepte-56"],"yoast_head":"<!-- This site is optimized with the Yoast SEO plugin v27.4 - https:\/\/yoast.com\/product\/yoast-seo-wordpress\/ -->\n<title>Begleitung der neuen 5&rsquo;er &uuml;ber das erste Jahr - Gesamtschule Eiserfeld<\/title>\n<meta name=\"robots\" content=\"index, follow, max-snippet:-1, max-image-preview:large, max-video-preview:-1\" \/>\n<link rel=\"canonical\" href=\"https:\/\/www.gesamtschule-eiserfeld.de\/?p=1067\" \/>\n<meta property=\"og:locale\" content=\"de_DE\" \/>\n<meta property=\"og:type\" content=\"article\" \/>\n<meta property=\"og:title\" content=\"Begleitung der neuen 5&rsquo;er &uuml;ber das erste Jahr - Gesamtschule Eiserfeld\" \/>\n<meta property=\"og:description\" content=\"&nbsp; Konzeptidee Durch ein B\u00fcndel von Ma\u00dfnahmen sollen die Sch\u00fclerInnen und Eltern zur Gesamtschule hin und \u00fcber das erste Jahr begleitet und unterst\u00fctzt werden.\" \/>\n<meta property=\"og:url\" content=\"https:\/\/www.gesamtschule-eiserfeld.de\/?p=1067\" \/>\n<meta property=\"og:site_name\" content=\"Gesamtschule Eiserfeld\" \/>\n<meta property=\"article:publisher\" content=\"https:\/\/www.facebook.com\/GEEiserfeld\" \/>\n<meta property=\"article:published_time\" content=\"2000-09-20T11:45:00+00:00\" \/>\n<meta property=\"article:modified_time\" content=\"2014-11-21T17:10:02+00:00\" \/>\n<meta name=\"author\" content=\"dorw\" \/>\n<meta name=\"twitter:card\" content=\"summary_large_image\" \/>\n<meta name=\"twitter:label1\" content=\"Verfasst von\" \/>\n\t<meta name=\"twitter:data1\" content=\"dorw\" \/>\n\t<meta name=\"twitter:label2\" content=\"Gesch\u00e4tzte Lesezeit\" \/>\n\t<meta name=\"twitter:data2\" content=\"1\u00a0Minute\" \/>\n<script type=\"application\/ld+json\" class=\"yoast-schema-graph\">{\"@context\":\"https:\\\/\\\/schema.org\",\"@graph\":[{\"@type\":\"Article\",\"@id\":\"https:\\\/\\\/www.gesamtschule-eiserfeld.de\\\/?p=1067#article\",\"isPartOf\":{\"@id\":\"https:\\\/\\\/www.gesamtschule-eiserfeld.de\\\/?p=1067\"},\"author\":{\"name\":\"dorw\",\"@id\":\"https:\\\/\\\/www.gesamtschule-eiserfeld.de\\\/#\\\/schema\\\/person\\\/9f37123dd2ff514a1346db435bdb3784\"},\"headline\":\"Begleitung der neuen 5&rsquo;er &uuml;ber das erste Jahr\",\"datePublished\":\"2000-09-20T11:45:00+00:00\",\"dateModified\":\"2014-11-21T17:10:02+00:00\",\"mainEntityOfPage\":{\"@id\":\"https:\\\/\\\/www.gesamtschule-eiserfeld.de\\\/?p=1067\"},\"wordCount\":240,\"publisher\":{\"@id\":\"https:\\\/\\\/www.gesamtschule-eiserfeld.de\\\/#organization\"},\"articleSection\":[\"Konzepte\",\"Konzepte 5\\\/6\"],\"inLanguage\":\"de\"},{\"@type\":\"WebPage\",\"@id\":\"https:\\\/\\\/www.gesamtschule-eiserfeld.de\\\/?p=1067\",\"url\":\"https:\\\/\\\/www.gesamtschule-eiserfeld.de\\\/?p=1067\",\"name\":\"Begleitung der neuen 5&rsquo;er &uuml;ber das erste Jahr - Gesamtschule Eiserfeld\",\"isPartOf\":{\"@id\":\"https:\\\/\\\/www.gesamtschule-eiserfeld.de\\\/#website\"},\"datePublished\":\"2000-09-20T11:45:00+00:00\",\"dateModified\":\"2014-11-21T17:10:02+00:00\",\"breadcrumb\":{\"@id\":\"https:\\\/\\\/www.gesamtschule-eiserfeld.de\\\/?p=1067#breadcrumb\"},\"inLanguage\":\"de\",\"potentialAction\":[{\"@type\":\"ReadAction\",\"target\":[\"https:\\\/\\\/www.gesamtschule-eiserfeld.de\\\/?p=1067\"]}]},{\"@type\":\"BreadcrumbList\",\"@id\":\"https:\\\/\\\/www.gesamtschule-eiserfeld.de\\\/?p=1067#breadcrumb\",\"itemListElement\":[{\"@type\":\"ListItem\",\"position\":1,\"name\":\"Startseite\",\"item\":\"https:\\\/\\\/www.gesamtschule-eiserfeld.de\\\/\"},{\"@type\":\"ListItem\",\"position\":2,\"name\":\"Begleitung der neuen 5&rsquo;er &uuml;ber das erste Jahr\"}]},{\"@type\":\"WebSite\",\"@id\":\"https:\\\/\\\/www.gesamtschule-eiserfeld.de\\\/#website\",\"url\":\"https:\\\/\\\/www.gesamtschule-eiserfeld.de\\\/\",\"name\":\"Gesamtschule Eiserfeld\",\"description\":\"\",\"publisher\":{\"@id\":\"https:\\\/\\\/www.gesamtschule-eiserfeld.de\\\/#organization\"},\"potentialAction\":[{\"@type\":\"SearchAction\",\"target\":{\"@type\":\"EntryPoint\",\"urlTemplate\":\"https:\\\/\\\/www.gesamtschule-eiserfeld.de\\\/?s={search_term_string}\"},\"query-input\":{\"@type\":\"PropertyValueSpecification\",\"valueRequired\":true,\"valueName\":\"search_term_string\"}}],\"inLanguage\":\"de\"},{\"@type\":\"Organization\",\"@id\":\"https:\\\/\\\/www.gesamtschule-eiserfeld.de\\\/#organization\",\"name\":\"Gesamtschule Eiserfeld\",\"url\":\"https:\\\/\\\/www.gesamtschule-eiserfeld.de\\\/\",\"logo\":{\"@type\":\"ImageObject\",\"inLanguage\":\"de\",\"@id\":\"https:\\\/\\\/www.gesamtschule-eiserfeld.de\\\/#\\\/schema\\\/logo\\\/image\\\/\",\"url\":\"https:\\\/\\\/i1.wp.com\\\/www.gesamtschule-eiserfeld.de\\\/wp-content\\\/uploads\\\/2019\\\/01\\\/GEE-Logo-neu.jpg?fit=436%2C126&ssl=1\",\"contentUrl\":\"https:\\\/\\\/i1.wp.com\\\/www.gesamtschule-eiserfeld.de\\\/wp-content\\\/uploads\\\/2019\\\/01\\\/GEE-Logo-neu.jpg?fit=436%2C126&ssl=1\",\"width\":436,\"height\":126,\"caption\":\"Gesamtschule Eiserfeld\"},\"image\":{\"@id\":\"https:\\\/\\\/www.gesamtschule-eiserfeld.de\\\/#\\\/schema\\\/logo\\\/image\\\/\"},\"sameAs\":[\"https:\\\/\\\/www.facebook.com\\\/GEEiserfeld\"]},{\"@type\":\"Person\",\"@id\":\"https:\\\/\\\/www.gesamtschule-eiserfeld.de\\\/#\\\/schema\\\/person\\\/9f37123dd2ff514a1346db435bdb3784\",\"name\":\"dorw\",\"sameAs\":[\"http:\\\/\\\/www.ge-eiserfeld.de\"],\"url\":\"https:\\\/\\\/www.gesamtschule-eiserfeld.de\\\/?author=9\"}]}<\/script>\n<!-- \/ Yoast SEO plugin. -->","yoast_head_json":{"title":"Begleitung der neuen 5&rsquo;er &uuml;ber das erste Jahr - Gesamtschule Eiserfeld","robots":{"index":"index","follow":"follow","max-snippet":"max-snippet:-1","max-image-preview":"max-image-preview:large","max-video-preview":"max-video-preview:-1"},"canonical":"https:\/\/www.gesamtschule-eiserfeld.de\/?p=1067","og_locale":"de_DE","og_type":"article","og_title":"Begleitung der neuen 5&rsquo;er &uuml;ber das erste Jahr - Gesamtschule Eiserfeld","og_description":"&nbsp; Konzeptidee Durch ein B\u00fcndel von Ma\u00dfnahmen sollen die Sch\u00fclerInnen und Eltern zur Gesamtschule hin und \u00fcber das erste Jahr begleitet und unterst\u00fctzt werden.","og_url":"https:\/\/www.gesamtschule-eiserfeld.de\/?p=1067","og_site_name":"Gesamtschule Eiserfeld","article_publisher":"https:\/\/www.facebook.com\/GEEiserfeld","article_published_time":"2000-09-20T11:45:00+00:00","article_modified_time":"2014-11-21T17:10:02+00:00","author":"dorw","twitter_card":"summary_large_image","twitter_misc":{"Verfasst von":"dorw","Gesch\u00e4tzte Lesezeit":"1\u00a0Minute"},"schema":{"@context":"https:\/\/schema.org","@graph":[{"@type":"Article","@id":"https:\/\/www.gesamtschule-eiserfeld.de\/?p=1067#article","isPartOf":{"@id":"https:\/\/www.gesamtschule-eiserfeld.de\/?p=1067"},"author":{"name":"dorw","@id":"https:\/\/www.gesamtschule-eiserfeld.de\/#\/schema\/person\/9f37123dd2ff514a1346db435bdb3784"},"headline":"Begleitung der neuen 5&rsquo;er &uuml;ber das erste Jahr","datePublished":"2000-09-20T11:45:00+00:00","dateModified":"2014-11-21T17:10:02+00:00","mainEntityOfPage":{"@id":"https:\/\/www.gesamtschule-eiserfeld.de\/?p=1067"},"wordCount":240,"publisher":{"@id":"https:\/\/www.gesamtschule-eiserfeld.de\/#organization"},"articleSection":["Konzepte","Konzepte 5\/6"],"inLanguage":"de"},{"@type":"WebPage","@id":"https:\/\/www.gesamtschule-eiserfeld.de\/?p=1067","url":"https:\/\/www.gesamtschule-eiserfeld.de\/?p=1067","name":"Begleitung der neuen 5&rsquo;er &uuml;ber das erste Jahr - Gesamtschule Eiserfeld","isPartOf":{"@id":"https:\/\/www.gesamtschule-eiserfeld.de\/#website"},"datePublished":"2000-09-20T11:45:00+00:00","dateModified":"2014-11-21T17:10:02+00:00","breadcrumb":{"@id":"https:\/\/www.gesamtschule-eiserfeld.de\/?p=1067#breadcrumb"},"inLanguage":"de","potentialAction":[{"@type":"ReadAction","target":["https:\/\/www.gesamtschule-eiserfeld.de\/?p=1067"]}]},{"@type":"BreadcrumbList","@id":"https:\/\/www.gesamtschule-eiserfeld.de\/?p=1067#breadcrumb","itemListElement":[{"@type":"ListItem","position":1,"name":"Startseite","item":"https:\/\/www.gesamtschule-eiserfeld.de\/"},{"@type":"ListItem","position":2,"name":"Begleitung der neuen 5&rsquo;er &uuml;ber das erste Jahr"}]},{"@type":"WebSite","@id":"https:\/\/www.gesamtschule-eiserfeld.de\/#website","url":"https:\/\/www.gesamtschule-eiserfeld.de\/","name":"Gesamtschule Eiserfeld","description":"","publisher":{"@id":"https:\/\/www.gesamtschule-eiserfeld.de\/#organization"},"potentialAction":[{"@type":"SearchAction","target":{"@type":"EntryPoint","urlTemplate":"https:\/\/www.gesamtschule-eiserfeld.de\/?s={search_term_string}"},"query-input":{"@type":"PropertyValueSpecification","valueRequired":true,"valueName":"search_term_string"}}],"inLanguage":"de"},{"@type":"Organization","@id":"https:\/\/www.gesamtschule-eiserfeld.de\/#organization","name":"Gesamtschule Eiserfeld","url":"https:\/\/www.gesamtschule-eiserfeld.de\/","logo":{"@type":"ImageObject","inLanguage":"de","@id":"https:\/\/www.gesamtschule-eiserfeld.de\/#\/schema\/logo\/image\/","url":"https:\/\/i1.wp.com\/www.gesamtschule-eiserfeld.de\/wp-content\/uploads\/2019\/01\/GEE-Logo-neu.jpg?fit=436%2C126&ssl=1","contentUrl":"https:\/\/i1.wp.com\/www.gesamtschule-eiserfeld.de\/wp-content\/uploads\/2019\/01\/GEE-Logo-neu.jpg?fit=436%2C126&ssl=1","width":436,"height":126,"caption":"Gesamtschule Eiserfeld"},"image":{"@id":"https:\/\/www.gesamtschule-eiserfeld.de\/#\/schema\/logo\/image\/"},"sameAs":["https:\/\/www.facebook.com\/GEEiserfeld"]},{"@type":"Person","@id":"https:\/\/www.gesamtschule-eiserfeld.de\/#\/schema\/person\/9f37123dd2ff514a1346db435bdb3784","name":"dorw","sameAs":["http:\/\/www.ge-eiserfeld.de"],"url":"https:\/\/www.gesamtschule-eiserfeld.de\/?author=9"}]}},"jetpack_publicize_connections":[],"jetpack_featured_media_url":"","jetpack_shortlink":"https:\/\/wp.me\/p2weeL-hd","jetpack_sharing_enabled":true,"_links":{"self":[{"href":"https:\/\/www.gesamtschule-eiserfeld.de\/index.php?rest_route=\/wp\/v2\/posts\/1067","targetHints":{"allow":["GET"]}}],"collection":[{"href":"https:\/\/www.gesamtschule-eiserfeld.de\/index.php?rest_route=\/wp\/v2\/posts"}],"about":[{"href":"https:\/\/www.gesamtschule-eiserfeld.de\/index.php?rest_route=\/wp\/v2\/types\/post"}],"author":[{"embeddable":true,"href":"https:\/\/www.gesamtschule-eiserfeld.de\/index.php?rest_route=\/wp\/v2\/users\/9"}],"replies":[{"embeddable":true,"href":"https:\/\/www.gesamtschule-eiserfeld.de\/index.php?rest_route=%2Fwp%2Fv2%2Fcomments&post=1067"}],"version-history":[{"count":0,"href":"https:\/\/www.gesamtschule-eiserfeld.de\/index.php?rest_route=\/wp\/v2\/posts\/1067\/revisions"}],"wp:attachment":[{"href":"https:\/\/www.gesamtschule-eiserfeld.de\/index.php?rest_route=%2Fwp%2Fv2%2Fmedia&parent=1067"}],"wp:term":[{"taxonomy":"category","embeddable":true,"href":"https:\/\/www.gesamtschule-eiserfeld.de\/index.php?rest_route=%2Fwp%2Fv2%2Fcategories&post=1067"},{"taxonomy":"post_tag","embeddable":true,"href":"https:\/\/www.gesamtschule-eiserfeld.de\/index.php?rest_route=%2Fwp%2Fv2%2Ftags&post=1067"}],"curies":[{"name":"wp","href":"https:\/\/api.w.org\/{rel}","templated":true}]}}