{"id":1096,"date":"2000-09-24T13:43:00","date_gmt":"2000-09-24T11:43:00","guid":{"rendered":"http:\/\/ge-eiserfeld.de\/?p=1096"},"modified":"2012-09-24T13:39:58","modified_gmt":"2012-09-24T11:39:58","slug":"lehrerklassen-lehrer-an-rume-binden","status":"publish","type":"post","link":"https:\/\/www.gesamtschule-eiserfeld.de\/?p=1096","title":{"rendered":"Lehrerklassen &sbquo;Lehrer an R&auml;ume binden&rsquo;"},"content":{"rendered":"<p><strong>Konzeptidee<\/strong> <\/p>\n<p>Die LehrerInnen bekommen einen Klassenraum zugeordnet, gestalten diesen und sorgen f\u00fcr eine Qualit\u00e4t. Die Sch\u00fclerInnen wechseln zu den jeweiligen Lehrerklassenr\u00e4umen. W\u00e4hrend der Pausen sind die Klassenr\u00e4ume abgeschlossen. <\/p>\n<p><strong>Ziel<\/strong> <\/p>\n<p>Einen organisatorischen Rahmen schaffen, der eine bessere Lernatmosph\u00e4re und eine bessere Lernumgebung erm\u00f6glicht. <\/p>\n<p><strong>Rahmenkonzept<\/strong> <\/p>\n<p>Die Sch\u00fcler eines Jahrgangs sollen nach M\u00f6glichkeit \u201eihre\u201c Lehrerr\u00e4ume (Unterrichtsr\u00e4ume) vorwiegend im Bereich einer Etage, zumindest aber im Bereich eines <\/p>\n<p>Geb\u00e4udeteils haben. Die Lehrer-R\u00e4ume werden nur in Gegenwart eines Lehrers aufgeschlossen. Vor Beginn des Unterrichts und in den beiden Pausen von 20 Minuten m\u00fcssen die Sch\u00fcler die Lehrer- R\u00e4ume verlassen und sich in den Pausenbereichen aufhalten. In der Mittagspause werden pro Flur voraussichtlich zwei R\u00e4ume den Sch\u00fclern offen stehen, allerdings befindet sich dann dort ein Lehrer. <\/p>\n<p>Die Sch\u00fcler haben keine M\u00f6glichkeit mehr, ihre B\u00fccher usw. in den Lehrer-R\u00e4umen zu lagern. Sie m\u00fcssen entweder ein Schlie\u00dffach anmieten (Preis 1,50 Euro pro Monat) oder aber ihre Materialien in ihrer Schultasche aufbewahren, die sie dann immer bei sich tragen sollten. Die Schlie\u00dff\u00e4cher werden von einem kommerziellen Unternehmen aufgestellt, diese k\u00f6nnen j\u00e4hrlich von den Eltern angemietet werden. <\/p>\n<p>Das Mittagspausenangebot (Offenes Angebot) wird qualitativ erweitert (Arbeits- und Aufenthaltsr\u00e4ume mit Aufsicht), ebenso werden zunehmend neue Sitz- und Kommunikationsgelegenheiten f\u00fcr die Sch\u00fcler geschaffen (Tischgruppen, Stehtische u.\u00e4. in den gro\u00dfen Pausenhallen, vermehrte Nutzung von Mensa und Bibliothek als Aufenthaltsbereich usw.). <\/p>\n<p><strong>Beschlusslage der Gremien<\/strong> <\/p>\n<ul>\n<li>SK vom 20.06.05 Befristung auf 1 Jahr Probezeit<\/li>\n<li>SK vom 27.06.04 Beschluss auf unbefristete Weiterf\u00fchrung<\/li>\n<\/ul>\n<p><strong>Zeitliches Rahmenkonzept<\/strong> <\/p>\n<p>Dauerhaft bestehend <\/p>\n<p><strong>Evaluation<\/strong> <\/p>\n<p>20.07.2004 siehe Internet <\/p>\n<p><strong>Qualit\u00e4tsmerkmale<\/strong> <\/p>\n<ul>\n<li>Sauberkeit der R\u00e4ume<\/li>\n<li>Gestaltung der R\u00e4ume<\/li>\n<li>Vorhandensein von Unterrichtsmaterial<\/li>\n<li>Pr\u00e4sentation von Unterrichtsergebnissen<\/li>\n<li>Identifikation der LehrerInnen mit den R\u00e4umen<\/li>\n<\/ul>\n<p><img data-recalc-dims=\"1\" loading=\"lazy\" decoding=\"async\" src=\"https:\/\/i0.wp.com\/www.gesamtschule-eiserfeld.de\/index_bilder\/Slogan_small.jpg?resize=150%2C71\" width=\"150\" height=\"71\"><\/p>\n","protected":false},"excerpt":{"rendered":"<p>Konzeptidee Die LehrerInnen bekommen einen Klassenraum zugeordnet, gestalten diesen und sorgen f\u00fcr eine Qualit\u00e4t. Die Sch\u00fclerInnen wechseln zu den jeweiligen Lehrerklassenr\u00e4umen. W\u00e4hrend der Pausen sind die Klassenr\u00e4ume abgeschlossen. Ziel Einen organisatorischen Rahmen schaffen, der eine bessere Lernatmosph\u00e4re und eine bessere Lernumgebung erm\u00f6glicht. Rahmenkonzept Die Sch\u00fcler eines Jahrgangs sollen nach M\u00f6glichkeit \u201eihre\u201c Lehrerr\u00e4ume (Unterrichtsr\u00e4ume) vorwiegend im &hellip; <a href=\"https:\/\/www.gesamtschule-eiserfeld.de\/?p=1096\" class=\"more-link\"><span class=\"screen-reader-text\">Lehrerklassen &sbquo;Lehrer an R&auml;ume binden&rsquo;<\/span> weiterlesen <span class=\"meta-nav\">&rarr;<\/span><\/a><\/p>\n","protected":false},"author":9,"featured_media":0,"comment_status":"closed","ping_status":"open","sticky":false,"template":"","format":"standard","meta":{"jetpack_post_was_ever_published":false,"_jetpack_newsletter_access":"","_jetpack_dont_email_post_to_subs":false,"_jetpack_newsletter_tier_id":0,"_jetpack_memberships_contains_paywalled_content":false,"_jetpack_memberships_contains_paid_content":false,"footnotes":"","jetpack_publicize_message":"","jetpack_publicize_feature_enabled":true,"jetpack_social_post_already_shared":false,"jetpack_social_options":{"image_generator_settings":{"template":"highway","default_image_id":0,"font":"","enabled":false},"version":2}},"categories":[38,43],"tags":[],"class_list":["post-1096","post","type-post","status-publish","format-standard","hentry","category-konzepte","category-konzuebergr"],"yoast_head":"<!-- This site is optimized with the Yoast SEO plugin v27.4 - https:\/\/yoast.com\/product\/yoast-seo-wordpress\/ -->\n<title>Lehrerklassen &sbquo;Lehrer an R&auml;ume binden&rsquo; - Gesamtschule Eiserfeld<\/title>\n<meta name=\"robots\" content=\"index, follow, max-snippet:-1, max-image-preview:large, max-video-preview:-1\" \/>\n<link rel=\"canonical\" href=\"https:\/\/www.gesamtschule-eiserfeld.de\/?p=1096\" \/>\n<meta property=\"og:locale\" content=\"de_DE\" \/>\n<meta property=\"og:type\" content=\"article\" \/>\n<meta property=\"og:title\" content=\"Lehrerklassen &sbquo;Lehrer an R&auml;ume binden&rsquo; - Gesamtschule Eiserfeld\" \/>\n<meta property=\"og:description\" content=\"Konzeptidee Die LehrerInnen bekommen einen Klassenraum zugeordnet, gestalten diesen und sorgen f\u00fcr eine Qualit\u00e4t. Die Sch\u00fclerInnen wechseln zu den jeweiligen Lehrerklassenr\u00e4umen. W\u00e4hrend der Pausen sind die Klassenr\u00e4ume abgeschlossen. Ziel Einen organisatorischen Rahmen schaffen, der eine bessere Lernatmosph\u00e4re und eine bessere Lernumgebung erm\u00f6glicht. Rahmenkonzept Die Sch\u00fcler eines Jahrgangs sollen nach M\u00f6glichkeit \u201eihre\u201c Lehrerr\u00e4ume (Unterrichtsr\u00e4ume) vorwiegend im &hellip; Lehrerklassen &sbquo;Lehrer an R&auml;ume binden&rsquo; weiterlesen &rarr;\" \/>\n<meta property=\"og:url\" content=\"https:\/\/www.gesamtschule-eiserfeld.de\/?p=1096\" \/>\n<meta property=\"og:site_name\" content=\"Gesamtschule Eiserfeld\" \/>\n<meta property=\"article:publisher\" content=\"https:\/\/www.facebook.com\/GEEiserfeld\" \/>\n<meta property=\"article:published_time\" content=\"2000-09-24T11:43:00+00:00\" \/>\n<meta property=\"article:modified_time\" content=\"2012-09-24T11:39:58+00:00\" \/>\n<meta property=\"og:image\" content=\"http:\/\/www.gesamtschule-eiserfeld.de\/index_bilder\/Slogan_small.jpg\" \/>\n<meta name=\"author\" content=\"dorw\" \/>\n<meta name=\"twitter:card\" content=\"summary_large_image\" \/>\n<meta name=\"twitter:label1\" content=\"Verfasst von\" \/>\n\t<meta name=\"twitter:data1\" content=\"dorw\" \/>\n\t<meta name=\"twitter:label2\" content=\"Gesch\u00e4tzte Lesezeit\" \/>\n\t<meta name=\"twitter:data2\" content=\"1\u00a0Minute\" \/>\n<script type=\"application\/ld+json\" class=\"yoast-schema-graph\">{\"@context\":\"https:\\\/\\\/schema.org\",\"@graph\":[{\"@type\":\"Article\",\"@id\":\"https:\\\/\\\/www.gesamtschule-eiserfeld.de\\\/?p=1096#article\",\"isPartOf\":{\"@id\":\"https:\\\/\\\/www.gesamtschule-eiserfeld.de\\\/?p=1096\"},\"author\":{\"name\":\"dorw\",\"@id\":\"https:\\\/\\\/www.gesamtschule-eiserfeld.de\\\/#\\\/schema\\\/person\\\/9f37123dd2ff514a1346db435bdb3784\"},\"headline\":\"Lehrerklassen &sbquo;Lehrer an R&auml;ume binden&rsquo;\",\"datePublished\":\"2000-09-24T11:43:00+00:00\",\"dateModified\":\"2012-09-24T11:39:58+00:00\",\"mainEntityOfPage\":{\"@id\":\"https:\\\/\\\/www.gesamtschule-eiserfeld.de\\\/?p=1096\"},\"wordCount\":302,\"publisher\":{\"@id\":\"https:\\\/\\\/www.gesamtschule-eiserfeld.de\\\/#organization\"},\"image\":{\"@id\":\"https:\\\/\\\/www.gesamtschule-eiserfeld.de\\\/?p=1096#primaryimage\"},\"thumbnailUrl\":\"http:\\\/\\\/www.gesamtschule-eiserfeld.de\\\/index_bilder\\\/Slogan_small.jpg\",\"articleSection\":[\"Konzepte\",\"Konzepte \u00fcbergreifend\"],\"inLanguage\":\"de\"},{\"@type\":\"WebPage\",\"@id\":\"https:\\\/\\\/www.gesamtschule-eiserfeld.de\\\/?p=1096\",\"url\":\"https:\\\/\\\/www.gesamtschule-eiserfeld.de\\\/?p=1096\",\"name\":\"Lehrerklassen &sbquo;Lehrer an R&auml;ume binden&rsquo; - Gesamtschule Eiserfeld\",\"isPartOf\":{\"@id\":\"https:\\\/\\\/www.gesamtschule-eiserfeld.de\\\/#website\"},\"primaryImageOfPage\":{\"@id\":\"https:\\\/\\\/www.gesamtschule-eiserfeld.de\\\/?p=1096#primaryimage\"},\"image\":{\"@id\":\"https:\\\/\\\/www.gesamtschule-eiserfeld.de\\\/?p=1096#primaryimage\"},\"thumbnailUrl\":\"http:\\\/\\\/www.gesamtschule-eiserfeld.de\\\/index_bilder\\\/Slogan_small.jpg\",\"datePublished\":\"2000-09-24T11:43:00+00:00\",\"dateModified\":\"2012-09-24T11:39:58+00:00\",\"breadcrumb\":{\"@id\":\"https:\\\/\\\/www.gesamtschule-eiserfeld.de\\\/?p=1096#breadcrumb\"},\"inLanguage\":\"de\",\"potentialAction\":[{\"@type\":\"ReadAction\",\"target\":[\"https:\\\/\\\/www.gesamtschule-eiserfeld.de\\\/?p=1096\"]}]},{\"@type\":\"ImageObject\",\"inLanguage\":\"de\",\"@id\":\"https:\\\/\\\/www.gesamtschule-eiserfeld.de\\\/?p=1096#primaryimage\",\"url\":\"http:\\\/\\\/www.gesamtschule-eiserfeld.de\\\/index_bilder\\\/Slogan_small.jpg\",\"contentUrl\":\"http:\\\/\\\/www.gesamtschule-eiserfeld.de\\\/index_bilder\\\/Slogan_small.jpg\"},{\"@type\":\"BreadcrumbList\",\"@id\":\"https:\\\/\\\/www.gesamtschule-eiserfeld.de\\\/?p=1096#breadcrumb\",\"itemListElement\":[{\"@type\":\"ListItem\",\"position\":1,\"name\":\"Startseite\",\"item\":\"https:\\\/\\\/www.gesamtschule-eiserfeld.de\\\/\"},{\"@type\":\"ListItem\",\"position\":2,\"name\":\"Lehrerklassen &sbquo;Lehrer an R&auml;ume binden&rsquo;\"}]},{\"@type\":\"WebSite\",\"@id\":\"https:\\\/\\\/www.gesamtschule-eiserfeld.de\\\/#website\",\"url\":\"https:\\\/\\\/www.gesamtschule-eiserfeld.de\\\/\",\"name\":\"Gesamtschule Eiserfeld\",\"description\":\"\",\"publisher\":{\"@id\":\"https:\\\/\\\/www.gesamtschule-eiserfeld.de\\\/#organization\"},\"potentialAction\":[{\"@type\":\"SearchAction\",\"target\":{\"@type\":\"EntryPoint\",\"urlTemplate\":\"https:\\\/\\\/www.gesamtschule-eiserfeld.de\\\/?s={search_term_string}\"},\"query-input\":{\"@type\":\"PropertyValueSpecification\",\"valueRequired\":true,\"valueName\":\"search_term_string\"}}],\"inLanguage\":\"de\"},{\"@type\":\"Organization\",\"@id\":\"https:\\\/\\\/www.gesamtschule-eiserfeld.de\\\/#organization\",\"name\":\"Gesamtschule Eiserfeld\",\"url\":\"https:\\\/\\\/www.gesamtschule-eiserfeld.de\\\/\",\"logo\":{\"@type\":\"ImageObject\",\"inLanguage\":\"de\",\"@id\":\"https:\\\/\\\/www.gesamtschule-eiserfeld.de\\\/#\\\/schema\\\/logo\\\/image\\\/\",\"url\":\"https:\\\/\\\/i1.wp.com\\\/www.gesamtschule-eiserfeld.de\\\/wp-content\\\/uploads\\\/2019\\\/01\\\/GEE-Logo-neu.jpg?fit=436%2C126&ssl=1\",\"contentUrl\":\"https:\\\/\\\/i1.wp.com\\\/www.gesamtschule-eiserfeld.de\\\/wp-content\\\/uploads\\\/2019\\\/01\\\/GEE-Logo-neu.jpg?fit=436%2C126&ssl=1\",\"width\":436,\"height\":126,\"caption\":\"Gesamtschule Eiserfeld\"},\"image\":{\"@id\":\"https:\\\/\\\/www.gesamtschule-eiserfeld.de\\\/#\\\/schema\\\/logo\\\/image\\\/\"},\"sameAs\":[\"https:\\\/\\\/www.facebook.com\\\/GEEiserfeld\"]},{\"@type\":\"Person\",\"@id\":\"https:\\\/\\\/www.gesamtschule-eiserfeld.de\\\/#\\\/schema\\\/person\\\/9f37123dd2ff514a1346db435bdb3784\",\"name\":\"dorw\",\"sameAs\":[\"http:\\\/\\\/www.ge-eiserfeld.de\"],\"url\":\"https:\\\/\\\/www.gesamtschule-eiserfeld.de\\\/?author=9\"}]}<\/script>\n<!-- \/ Yoast SEO plugin. -->","yoast_head_json":{"title":"Lehrerklassen &sbquo;Lehrer an R&auml;ume binden&rsquo; - Gesamtschule Eiserfeld","robots":{"index":"index","follow":"follow","max-snippet":"max-snippet:-1","max-image-preview":"max-image-preview:large","max-video-preview":"max-video-preview:-1"},"canonical":"https:\/\/www.gesamtschule-eiserfeld.de\/?p=1096","og_locale":"de_DE","og_type":"article","og_title":"Lehrerklassen &sbquo;Lehrer an R&auml;ume binden&rsquo; - Gesamtschule Eiserfeld","og_description":"Konzeptidee Die LehrerInnen bekommen einen Klassenraum zugeordnet, gestalten diesen und sorgen f\u00fcr eine Qualit\u00e4t. Die Sch\u00fclerInnen wechseln zu den jeweiligen Lehrerklassenr\u00e4umen. W\u00e4hrend der Pausen sind die Klassenr\u00e4ume abgeschlossen. Ziel Einen organisatorischen Rahmen schaffen, der eine bessere Lernatmosph\u00e4re und eine bessere Lernumgebung erm\u00f6glicht. Rahmenkonzept Die Sch\u00fcler eines Jahrgangs sollen nach M\u00f6glichkeit \u201eihre\u201c Lehrerr\u00e4ume (Unterrichtsr\u00e4ume) vorwiegend im &hellip; Lehrerklassen &sbquo;Lehrer an R&auml;ume binden&rsquo; weiterlesen &rarr;","og_url":"https:\/\/www.gesamtschule-eiserfeld.de\/?p=1096","og_site_name":"Gesamtschule Eiserfeld","article_publisher":"https:\/\/www.facebook.com\/GEEiserfeld","article_published_time":"2000-09-24T11:43:00+00:00","article_modified_time":"2012-09-24T11:39:58+00:00","og_image":[{"url":"http:\/\/www.gesamtschule-eiserfeld.de\/index_bilder\/Slogan_small.jpg","type":"","width":"","height":""}],"author":"dorw","twitter_card":"summary_large_image","twitter_misc":{"Verfasst von":"dorw","Gesch\u00e4tzte Lesezeit":"1\u00a0Minute"},"schema":{"@context":"https:\/\/schema.org","@graph":[{"@type":"Article","@id":"https:\/\/www.gesamtschule-eiserfeld.de\/?p=1096#article","isPartOf":{"@id":"https:\/\/www.gesamtschule-eiserfeld.de\/?p=1096"},"author":{"name":"dorw","@id":"https:\/\/www.gesamtschule-eiserfeld.de\/#\/schema\/person\/9f37123dd2ff514a1346db435bdb3784"},"headline":"Lehrerklassen &sbquo;Lehrer an R&auml;ume binden&rsquo;","datePublished":"2000-09-24T11:43:00+00:00","dateModified":"2012-09-24T11:39:58+00:00","mainEntityOfPage":{"@id":"https:\/\/www.gesamtschule-eiserfeld.de\/?p=1096"},"wordCount":302,"publisher":{"@id":"https:\/\/www.gesamtschule-eiserfeld.de\/#organization"},"image":{"@id":"https:\/\/www.gesamtschule-eiserfeld.de\/?p=1096#primaryimage"},"thumbnailUrl":"http:\/\/www.gesamtschule-eiserfeld.de\/index_bilder\/Slogan_small.jpg","articleSection":["Konzepte","Konzepte \u00fcbergreifend"],"inLanguage":"de"},{"@type":"WebPage","@id":"https:\/\/www.gesamtschule-eiserfeld.de\/?p=1096","url":"https:\/\/www.gesamtschule-eiserfeld.de\/?p=1096","name":"Lehrerklassen &sbquo;Lehrer an R&auml;ume binden&rsquo; - Gesamtschule Eiserfeld","isPartOf":{"@id":"https:\/\/www.gesamtschule-eiserfeld.de\/#website"},"primaryImageOfPage":{"@id":"https:\/\/www.gesamtschule-eiserfeld.de\/?p=1096#primaryimage"},"image":{"@id":"https:\/\/www.gesamtschule-eiserfeld.de\/?p=1096#primaryimage"},"thumbnailUrl":"http:\/\/www.gesamtschule-eiserfeld.de\/index_bilder\/Slogan_small.jpg","datePublished":"2000-09-24T11:43:00+00:00","dateModified":"2012-09-24T11:39:58+00:00","breadcrumb":{"@id":"https:\/\/www.gesamtschule-eiserfeld.de\/?p=1096#breadcrumb"},"inLanguage":"de","potentialAction":[{"@type":"ReadAction","target":["https:\/\/www.gesamtschule-eiserfeld.de\/?p=1096"]}]},{"@type":"ImageObject","inLanguage":"de","@id":"https:\/\/www.gesamtschule-eiserfeld.de\/?p=1096#primaryimage","url":"http:\/\/www.gesamtschule-eiserfeld.de\/index_bilder\/Slogan_small.jpg","contentUrl":"http:\/\/www.gesamtschule-eiserfeld.de\/index_bilder\/Slogan_small.jpg"},{"@type":"BreadcrumbList","@id":"https:\/\/www.gesamtschule-eiserfeld.de\/?p=1096#breadcrumb","itemListElement":[{"@type":"ListItem","position":1,"name":"Startseite","item":"https:\/\/www.gesamtschule-eiserfeld.de\/"},{"@type":"ListItem","position":2,"name":"Lehrerklassen &sbquo;Lehrer an R&auml;ume binden&rsquo;"}]},{"@type":"WebSite","@id":"https:\/\/www.gesamtschule-eiserfeld.de\/#website","url":"https:\/\/www.gesamtschule-eiserfeld.de\/","name":"Gesamtschule Eiserfeld","description":"","publisher":{"@id":"https:\/\/www.gesamtschule-eiserfeld.de\/#organization"},"potentialAction":[{"@type":"SearchAction","target":{"@type":"EntryPoint","urlTemplate":"https:\/\/www.gesamtschule-eiserfeld.de\/?s={search_term_string}"},"query-input":{"@type":"PropertyValueSpecification","valueRequired":true,"valueName":"search_term_string"}}],"inLanguage":"de"},{"@type":"Organization","@id":"https:\/\/www.gesamtschule-eiserfeld.de\/#organization","name":"Gesamtschule Eiserfeld","url":"https:\/\/www.gesamtschule-eiserfeld.de\/","logo":{"@type":"ImageObject","inLanguage":"de","@id":"https:\/\/www.gesamtschule-eiserfeld.de\/#\/schema\/logo\/image\/","url":"https:\/\/i1.wp.com\/www.gesamtschule-eiserfeld.de\/wp-content\/uploads\/2019\/01\/GEE-Logo-neu.jpg?fit=436%2C126&ssl=1","contentUrl":"https:\/\/i1.wp.com\/www.gesamtschule-eiserfeld.de\/wp-content\/uploads\/2019\/01\/GEE-Logo-neu.jpg?fit=436%2C126&ssl=1","width":436,"height":126,"caption":"Gesamtschule Eiserfeld"},"image":{"@id":"https:\/\/www.gesamtschule-eiserfeld.de\/#\/schema\/logo\/image\/"},"sameAs":["https:\/\/www.facebook.com\/GEEiserfeld"]},{"@type":"Person","@id":"https:\/\/www.gesamtschule-eiserfeld.de\/#\/schema\/person\/9f37123dd2ff514a1346db435bdb3784","name":"dorw","sameAs":["http:\/\/www.ge-eiserfeld.de"],"url":"https:\/\/www.gesamtschule-eiserfeld.de\/?author=9"}]}},"jetpack_publicize_connections":[],"jetpack_featured_media_url":"","jetpack_shortlink":"https:\/\/wp.me\/p2weeL-hG","jetpack_sharing_enabled":true,"_links":{"self":[{"href":"https:\/\/www.gesamtschule-eiserfeld.de\/index.php?rest_route=\/wp\/v2\/posts\/1096","targetHints":{"allow":["GET"]}}],"collection":[{"href":"https:\/\/www.gesamtschule-eiserfeld.de\/index.php?rest_route=\/wp\/v2\/posts"}],"about":[{"href":"https:\/\/www.gesamtschule-eiserfeld.de\/index.php?rest_route=\/wp\/v2\/types\/post"}],"author":[{"embeddable":true,"href":"https:\/\/www.gesamtschule-eiserfeld.de\/index.php?rest_route=\/wp\/v2\/users\/9"}],"replies":[{"embeddable":true,"href":"https:\/\/www.gesamtschule-eiserfeld.de\/index.php?rest_route=%2Fwp%2Fv2%2Fcomments&post=1096"}],"version-history":[{"count":0,"href":"https:\/\/www.gesamtschule-eiserfeld.de\/index.php?rest_route=\/wp\/v2\/posts\/1096\/revisions"}],"wp:attachment":[{"href":"https:\/\/www.gesamtschule-eiserfeld.de\/index.php?rest_route=%2Fwp%2Fv2%2Fmedia&parent=1096"}],"wp:term":[{"taxonomy":"category","embeddable":true,"href":"https:\/\/www.gesamtschule-eiserfeld.de\/index.php?rest_route=%2Fwp%2Fv2%2Fcategories&post=1096"},{"taxonomy":"post_tag","embeddable":true,"href":"https:\/\/www.gesamtschule-eiserfeld.de\/index.php?rest_route=%2Fwp%2Fv2%2Ftags&post=1096"}],"curies":[{"name":"wp","href":"https:\/\/api.w.org\/{rel}","templated":true}]}}