{"id":11050,"date":"2018-09-25T08:06:36","date_gmt":"2018-09-25T07:06:36","guid":{"rendered":"http:\/\/ge-eiserfeld.de\/?p=11050"},"modified":"2018-10-10T17:48:25","modified_gmt":"2018-10-10T16:48:25","slug":"strangers-become-friends-friends-become-family","status":"publish","type":"post","link":"https:\/\/www.gesamtschule-eiserfeld.de\/?p=11050","title":{"rendered":"STRANGERS BECOME FRIENDS. FRIENDS BECOME FAMILY."},"content":{"rendered":"<p style=\"text-align: justify;\">Es k\u00f6nnte eigentlich kein passenderes Motto zu unserem Sch\u00fcleraustausch mit dem Ivan-Trush-Gymnasium im ukrainischen Brody geben.<\/p>\n<p style=\"text-align: justify;\"><strong style=\"text-align: justify;\"><img data-recalc-dims=\"1\" loading=\"lazy\" decoding=\"async\" data-attachment-id=\"11068\" data-permalink=\"https:\/\/www.gesamtschule-eiserfeld.de\/?attachment_id=11068\" data-orig-file=\"https:\/\/i0.wp.com\/www.gesamtschule-eiserfeld.de\/wp-content\/uploads\/2018\/09\/095.jpg?fit=800%2C495&amp;ssl=1\" data-orig-size=\"800,495\" data-comments-opened=\"0\" data-image-meta=\"{&quot;aperture&quot;:&quot;2.8&quot;,&quot;credit&quot;:&quot;&quot;,&quot;camera&quot;:&quot;DMC-FZ300&quot;,&quot;caption&quot;:&quot;&quot;,&quot;created_timestamp&quot;:&quot;1536250658&quot;,&quot;copyright&quot;:&quot;&quot;,&quot;focal_length&quot;:&quot;4.5&quot;,&quot;iso&quot;:&quot;1000&quot;,&quot;shutter_speed&quot;:&quot;0.016666666666667&quot;,&quot;title&quot;:&quot;&quot;,&quot;orientation&quot;:&quot;1&quot;}\" data-image-title=\"095\" data-image-description=\"\" data-image-caption=\"\" data-large-file=\"https:\/\/i0.wp.com\/www.gesamtschule-eiserfeld.de\/wp-content\/uploads\/2018\/09\/095.jpg?fit=474%2C293&amp;ssl=1\" class=\"alignleft wp-image-11068 size-medium\" src=\"https:\/\/i0.wp.com\/gesamtschule-eiserfeld.de\/wp-content\/uploads\/2018\/09\/095-300x186.jpg?resize=300%2C186\" alt=\"\" width=\"300\" height=\"186\" srcset=\"https:\/\/i0.wp.com\/www.gesamtschule-eiserfeld.de\/wp-content\/uploads\/2018\/09\/095.jpg?resize=300%2C186&amp;ssl=1 300w, https:\/\/i0.wp.com\/www.gesamtschule-eiserfeld.de\/wp-content\/uploads\/2018\/09\/095.jpg?resize=200%2C124&amp;ssl=1 200w, https:\/\/i0.wp.com\/www.gesamtschule-eiserfeld.de\/wp-content\/uploads\/2018\/09\/095.jpg?resize=768%2C475&amp;ssl=1 768w, https:\/\/i0.wp.com\/www.gesamtschule-eiserfeld.de\/wp-content\/uploads\/2018\/09\/095.jpg?w=800&amp;ssl=1 800w\" sizes=\"auto, (max-width: 300px) 100vw, 300px\" \/><\/strong><\/p>\n<p style=\"text-align: justify;\">Der Besuch unserer Sch\u00fclerinnen und Sch\u00fcler in der Ukraine brachte nicht nur ein F\u00fcllhorn interessanter und spannender Erfahrungen mit sich, sondern vertiefte auch die Freundschaften, die bereits im Juni w\u00e4hrend des Besuchs der ukrainischen Gruppe in Siegen aufgebaut worden waren. Neben einer Woche in Brody und Umgebung konnten alle bei einer gemeinsamen Reise in die Karpaten die Kultur der Huzulen n\u00e4her kennenlernen. <strong>\u00a0<\/strong><\/p>\n<p><!--more--><\/p>\n<p>Auch der Lokale Nachrichtensender von Brody berichtete, wie im folgenden Video zu sehen ist:<\/p>\n<p><iframe loading=\"lazy\" title=\"\u0411\u0440\u043e\u0434\u0456\u0432\u0441\u044c\u043a\u0430 \u0433\u0456\u043c\u043d\u0430\u0437\u0456\u044f \u0440\u043e\u0437\u0432\u0438\u0432\u0430\u0454 \u0441\u043f\u0456\u0432\u043f\u0440\u0430\u0446\u044e \u0437 \u043f\u0430\u0440\u0442\u043d\u0435\u0440\u0430\u043c\u0438 \u0456\u0437 \u043d\u0456\u043c\u0435\u0446\u044c\u043a\u043e\u0433\u043e \u043c\u0456\u0441\u0442\u0430 \u0417\u0456\u0491\u0435\u043d (\u0422\u0420\u041a &quot;\u0411\u0440\u043e\u0434\u0438&quot;)\" width=\"474\" height=\"267\" src=\"https:\/\/www.youtube.com\/embed\/Mx7rDzDxNHI?feature=oembed\" frameborder=\"0\" allow=\"accelerometer; autoplay; clipboard-write; encrypted-media; gyroscope; picture-in-picture; web-share\" referrerpolicy=\"strict-origin-when-cross-origin\" allowfullscreen><\/iframe><\/p>\n<p style=\"text-align: justify;\">Insgesamt 13 Sch\u00fclerinnen und Sch\u00fcler brachen mit ihren Lehrern Renate Jung und Florian Kraft zu einer Reise in ein Land auf, das sich \u2013 obwohl von den Konflikten im Osten und auf der Krim gepr\u00e4gt \u2013 als \u00e4u\u00dferst offen, zukunftsorientiert und vor allem sehr gastfreundlich darstellt. Letzteres offenbarte sich besonders w\u00e4hrend des Aufenthaltes in den Gastfamilien, in welchen alle nach einer insgesamt 22-st\u00fcndigen Anreise \u00fcberaus herzlich aufgenommen wurden. Dass die Chemie dort absolut stimmte, zeigte sich im Verlauf der ersten f\u00fcnf Tage sehr deutlich \u2013 auch, wenn sich neben vielen Gemeinsamkeiten durchaus auch kulturelle Unterschiede auftaten, beispielsweise bei den Mahlzeiten. So war die mitunter recht deftige Kost zum Fr\u00fchst\u00fcck f\u00fcr viele genauso Neuland wie das in der Ukraine sehr beliebte Kompott-Getr\u00e4nk, ein Fruchtsaft aus getrockneten und ger\u00e4ucherten Fr\u00fcchten, dessen rauchige Note nicht den Geschmack der deutschen Jugendlichen traf. Dennoch wussten alle die hervorragende Rundum-Versorgung in den Familien und w\u00e4hrend der Exkursionen sehr zu sch\u00e4tzen.<\/p>\n<p style=\"text-align: justify;\">Direkt am ersten Tag durften wir das Ivan-Trush-Gymnasium bei einem Rundgang sowie in verschiedenen Unterrichtsstunden n\u00e4her kennen lernen. Wie f\u00fcr einen Montag \u00fcblich, begann der Schultag zun\u00e4chst mit einer allw\u00f6chentlich zelebrierten Tradition: Nach dem Aufziehen der ukrainischen Flagge und dem Singen der Nationalhymne empfing die Schulgemeinde den Segen des \u00f6rtlichen Pfarrers, der dem Gymnasium schon seit langem als Schulpfarrer verbunden ist.<\/p>\n<p style=\"text-align: justify;\"><img data-recalc-dims=\"1\" loading=\"lazy\" decoding=\"async\" data-attachment-id=\"11051\" data-permalink=\"https:\/\/www.gesamtschule-eiserfeld.de\/?attachment_id=11051\" data-orig-file=\"https:\/\/i0.wp.com\/www.gesamtschule-eiserfeld.de\/wp-content\/uploads\/2018\/09\/P104074711_konv_3.jpg?fit=800%2C600&amp;ssl=1\" data-orig-size=\"800,600\" data-comments-opened=\"0\" data-image-meta=\"{&quot;aperture&quot;:&quot;2.8&quot;,&quot;credit&quot;:&quot;&quot;,&quot;camera&quot;:&quot;DMC-FZ300&quot;,&quot;caption&quot;:&quot;&quot;,&quot;created_timestamp&quot;:&quot;1535965661&quot;,&quot;copyright&quot;:&quot;&quot;,&quot;focal_length&quot;:&quot;15&quot;,&quot;iso&quot;:&quot;640&quot;,&quot;shutter_speed&quot;:&quot;0.0125&quot;,&quot;title&quot;:&quot;&quot;,&quot;orientation&quot;:&quot;1&quot;}\" data-image-title=\"P104074711_konv_3\" data-image-description=\"\" data-image-caption=\"\" data-large-file=\"https:\/\/i0.wp.com\/www.gesamtschule-eiserfeld.de\/wp-content\/uploads\/2018\/09\/P104074711_konv_3.jpg?fit=474%2C356&amp;ssl=1\" class=\"alignright wp-image-11051 size-thumbnail\" src=\"https:\/\/i0.wp.com\/gesamtschule-eiserfeld.de\/wp-content\/uploads\/2018\/09\/P104074711_konv_3-200x150.jpg?resize=200%2C150\" alt=\"\" width=\"200\" height=\"150\" srcset=\"https:\/\/i0.wp.com\/www.gesamtschule-eiserfeld.de\/wp-content\/uploads\/2018\/09\/P104074711_konv_3.jpg?resize=200%2C150&amp;ssl=1 200w, https:\/\/i0.wp.com\/www.gesamtschule-eiserfeld.de\/wp-content\/uploads\/2018\/09\/P104074711_konv_3.jpg?resize=300%2C225&amp;ssl=1 300w, https:\/\/i0.wp.com\/www.gesamtschule-eiserfeld.de\/wp-content\/uploads\/2018\/09\/P104074711_konv_3.jpg?resize=768%2C576&amp;ssl=1 768w, https:\/\/i0.wp.com\/www.gesamtschule-eiserfeld.de\/wp-content\/uploads\/2018\/09\/P104074711_konv_3.jpg?w=800&amp;ssl=1 800w\" sizes=\"auto, (max-width: 200px) 100vw, 200px\" \/>In der darauf folgenden Englischstunde konnten ukrainische und deutsche Sch\u00fclerinnen und Sch\u00fcler dann erstmals intensiver ins Gespr\u00e4ch kommen und sich in englischer Sprache u. a. \u00fcber die Stationen des Lebens in beiden L\u00e4ndern austauschen \u2013 eine methodisch wie inhaltlich sehr gelungene Stunde!<\/p>\n<p><strong style=\"text-align: justify;\"><img data-recalc-dims=\"1\" loading=\"lazy\" decoding=\"async\" data-attachment-id=\"11052\" data-permalink=\"https:\/\/www.gesamtschule-eiserfeld.de\/?attachment_id=11052\" data-orig-file=\"https:\/\/i0.wp.com\/www.gesamtschule-eiserfeld.de\/wp-content\/uploads\/2018\/09\/P104075721_konv_3.jpg?fit=800%2C600&amp;ssl=1\" data-orig-size=\"800,600\" data-comments-opened=\"0\" data-image-meta=\"{&quot;aperture&quot;:&quot;2.8&quot;,&quot;credit&quot;:&quot;&quot;,&quot;camera&quot;:&quot;DMC-FZ300&quot;,&quot;caption&quot;:&quot;&quot;,&quot;created_timestamp&quot;:&quot;1535969484&quot;,&quot;copyright&quot;:&quot;&quot;,&quot;focal_length&quot;:&quot;8.7&quot;,&quot;iso&quot;:&quot;1250&quot;,&quot;shutter_speed&quot;:&quot;0.0125&quot;,&quot;title&quot;:&quot;&quot;,&quot;orientation&quot;:&quot;1&quot;}\" data-image-title=\"P104075721_konv_3\" data-image-description=\"\" data-image-caption=\"\" data-large-file=\"https:\/\/i0.wp.com\/www.gesamtschule-eiserfeld.de\/wp-content\/uploads\/2018\/09\/P104075721_konv_3.jpg?fit=474%2C356&amp;ssl=1\" class=\"size-thumbnail wp-image-11052 alignleft\" src=\"https:\/\/i0.wp.com\/gesamtschule-eiserfeld.de\/wp-content\/uploads\/2018\/09\/P104075721_konv_3-200x150.jpg?resize=200%2C150\" alt=\"\" width=\"200\" height=\"150\" srcset=\"https:\/\/i0.wp.com\/www.gesamtschule-eiserfeld.de\/wp-content\/uploads\/2018\/09\/P104075721_konv_3.jpg?resize=200%2C150&amp;ssl=1 200w, https:\/\/i0.wp.com\/www.gesamtschule-eiserfeld.de\/wp-content\/uploads\/2018\/09\/P104075721_konv_3.jpg?resize=300%2C225&amp;ssl=1 300w, https:\/\/i0.wp.com\/www.gesamtschule-eiserfeld.de\/wp-content\/uploads\/2018\/09\/P104075721_konv_3.jpg?resize=768%2C576&amp;ssl=1 768w, https:\/\/i0.wp.com\/www.gesamtschule-eiserfeld.de\/wp-content\/uploads\/2018\/09\/P104075721_konv_3.jpg?w=800&amp;ssl=1 800w\" sizes=\"auto, (max-width: 200px) 100vw, 200px\" \/><\/strong><\/p>\n<p style=\"text-align: justify;\">\u00a0 Nicht weniger interessant war die erste Deutschstunde der ukrainischen F\u00fcnftkl\u00e4sser, in der sich unsere Teilnehmer aktiv bei den ersten Sprech\u00fcbungen einbringen und den \u201eKleinen\u201c so unter die Arme greifen durften.<\/p>\n<p style=\"text-align: justify;\">Im weiteren Verlauf der Woche sollten dann weitere Projekte in und um das Ivan-Trush-Gymnasium folgen. So tauchten die Teilnehmer in Biografie und Werke des wohl ber\u00fchmtesten Absolventen der Schule, den \u00f6sterreichischen Schriftsteller Joseph Roth, ein und begaben sich in Brody auf Spurensuche.\u00a0<img data-recalc-dims=\"1\" loading=\"lazy\" decoding=\"async\" data-attachment-id=\"11057\" data-permalink=\"https:\/\/www.gesamtschule-eiserfeld.de\/?attachment_id=11057\" data-orig-file=\"https:\/\/i0.wp.com\/www.gesamtschule-eiserfeld.de\/wp-content\/uploads\/2018\/09\/P105006071_konv_3.jpg?fit=800%2C600&amp;ssl=1\" data-orig-size=\"800,600\" data-comments-opened=\"0\" data-image-meta=\"{&quot;aperture&quot;:&quot;2.8&quot;,&quot;credit&quot;:&quot;&quot;,&quot;camera&quot;:&quot;DMC-FZ300&quot;,&quot;caption&quot;:&quot;&quot;,&quot;created_timestamp&quot;:&quot;1536236317&quot;,&quot;copyright&quot;:&quot;&quot;,&quot;focal_length&quot;:&quot;13&quot;,&quot;iso&quot;:&quot;160&quot;,&quot;shutter_speed&quot;:&quot;0.0125&quot;,&quot;title&quot;:&quot;&quot;,&quot;orientation&quot;:&quot;1&quot;}\" data-image-title=\"P105006071_konv_3\" data-image-description=\"\" data-image-caption=\"\" data-large-file=\"https:\/\/i0.wp.com\/www.gesamtschule-eiserfeld.de\/wp-content\/uploads\/2018\/09\/P105006071_konv_3.jpg?fit=474%2C356&amp;ssl=1\" class=\"size-thumbnail wp-image-11057 alignright\" src=\"https:\/\/i0.wp.com\/gesamtschule-eiserfeld.de\/wp-content\/uploads\/2018\/09\/P105006071_konv_3-200x150.jpg?resize=200%2C150\" alt=\"\" width=\"200\" height=\"150\" srcset=\"https:\/\/i0.wp.com\/www.gesamtschule-eiserfeld.de\/wp-content\/uploads\/2018\/09\/P105006071_konv_3.jpg?resize=200%2C150&amp;ssl=1 200w, https:\/\/i0.wp.com\/www.gesamtschule-eiserfeld.de\/wp-content\/uploads\/2018\/09\/P105006071_konv_3.jpg?resize=300%2C225&amp;ssl=1 300w, https:\/\/i0.wp.com\/www.gesamtschule-eiserfeld.de\/wp-content\/uploads\/2018\/09\/P105006071_konv_3.jpg?resize=768%2C576&amp;ssl=1 768w, https:\/\/i0.wp.com\/www.gesamtschule-eiserfeld.de\/wp-content\/uploads\/2018\/09\/P105006071_konv_3.jpg?w=800&amp;ssl=1 800w\" sizes=\"auto, (max-width: 200px) 100vw, 200px\" \/>Dabei wurden Schaupl\u00e4tze aus dem Werk \u201eRadetzkymarsch\u201c aufgesucht und dort jeweils vor laufender Kamera eine Textpassage vorgelesen. Die einzelnen Videosequenzen ergaben schlie\u00dflich ein Gesamtwerk aller Teilnehmer.<\/p>\n<p><strong><img data-recalc-dims=\"1\" loading=\"lazy\" decoding=\"async\" data-attachment-id=\"11054\" data-permalink=\"https:\/\/www.gesamtschule-eiserfeld.de\/?attachment_id=11054\" data-orig-file=\"https:\/\/i0.wp.com\/www.gesamtschule-eiserfeld.de\/wp-content\/uploads\/2018\/09\/P104090441_konv_3.jpg?fit=800%2C600&amp;ssl=1\" data-orig-size=\"800,600\" data-comments-opened=\"0\" data-image-meta=\"{&quot;aperture&quot;:&quot;4&quot;,&quot;credit&quot;:&quot;&quot;,&quot;camera&quot;:&quot;DMC-FZ300&quot;,&quot;caption&quot;:&quot;&quot;,&quot;created_timestamp&quot;:&quot;1536082169&quot;,&quot;copyright&quot;:&quot;&quot;,&quot;focal_length&quot;:&quot;4.5&quot;,&quot;iso&quot;:&quot;100&quot;,&quot;shutter_speed&quot;:&quot;0.004&quot;,&quot;title&quot;:&quot;&quot;,&quot;orientation&quot;:&quot;1&quot;}\" data-image-title=\"P104090441_konv_3\" data-image-description=\"\" data-image-caption=\"\" data-large-file=\"https:\/\/i0.wp.com\/www.gesamtschule-eiserfeld.de\/wp-content\/uploads\/2018\/09\/P104090441_konv_3.jpg?fit=474%2C356&amp;ssl=1\" class=\"alignleft wp-image-11054 size-thumbnail\" src=\"https:\/\/i0.wp.com\/gesamtschule-eiserfeld.de\/wp-content\/uploads\/2018\/09\/P104090441_konv_3-200x150.jpg?resize=200%2C150\" alt=\"\" width=\"200\" height=\"150\" srcset=\"https:\/\/i0.wp.com\/www.gesamtschule-eiserfeld.de\/wp-content\/uploads\/2018\/09\/P104090441_konv_3.jpg?resize=200%2C150&amp;ssl=1 200w, https:\/\/i0.wp.com\/www.gesamtschule-eiserfeld.de\/wp-content\/uploads\/2018\/09\/P104090441_konv_3.jpg?resize=300%2C225&amp;ssl=1 300w, https:\/\/i0.wp.com\/www.gesamtschule-eiserfeld.de\/wp-content\/uploads\/2018\/09\/P104090441_konv_3.jpg?resize=768%2C576&amp;ssl=1 768w, https:\/\/i0.wp.com\/www.gesamtschule-eiserfeld.de\/wp-content\/uploads\/2018\/09\/P104090441_konv_3.jpg?w=800&amp;ssl=1 800w\" sizes=\"auto, (max-width: 200px) 100vw, 200px\" \/><\/strong><\/p>\n<p>Nicht minder interessant war ein k\u00fcnstlerischer Workshop zur Kaffeemalerei \u2013 er fand in gem\u00fctlicher Atmosph\u00e4re im Garten des Klosters Pidhirtsi statt. Die entstandenen Werke konnten sich durchaus sehen lassen.<\/p>\n<p>Neben der Projektarbeit blieb jedoch auch gen\u00fcgend Zeit, die Stadt Brody und ihre Umgebung kennen zu lernen.\u00a0<img data-recalc-dims=\"1\" loading=\"lazy\" decoding=\"async\" data-attachment-id=\"11055\" data-permalink=\"https:\/\/www.gesamtschule-eiserfeld.de\/?attachment_id=11055\" data-orig-file=\"https:\/\/i0.wp.com\/www.gesamtschule-eiserfeld.de\/wp-content\/uploads\/2018\/09\/P104091251_konv_3.jpg?fit=800%2C600&amp;ssl=1\" data-orig-size=\"800,600\" data-comments-opened=\"0\" data-image-meta=\"{&quot;aperture&quot;:&quot;4&quot;,&quot;credit&quot;:&quot;&quot;,&quot;camera&quot;:&quot;DMC-FZ300&quot;,&quot;caption&quot;:&quot;&quot;,&quot;created_timestamp&quot;:&quot;1536137855&quot;,&quot;copyright&quot;:&quot;&quot;,&quot;focal_length&quot;:&quot;4.5&quot;,&quot;iso&quot;:&quot;100&quot;,&quot;shutter_speed&quot;:&quot;0.00125&quot;,&quot;title&quot;:&quot;&quot;,&quot;orientation&quot;:&quot;1&quot;}\" data-image-title=\"P104091251_konv_3\" data-image-description=\"\" data-image-caption=\"\" data-large-file=\"https:\/\/i0.wp.com\/www.gesamtschule-eiserfeld.de\/wp-content\/uploads\/2018\/09\/P104091251_konv_3.jpg?fit=474%2C356&amp;ssl=1\" class=\"size-thumbnail wp-image-11055 alignleft\" src=\"https:\/\/i0.wp.com\/gesamtschule-eiserfeld.de\/wp-content\/uploads\/2018\/09\/P104091251_konv_3-200x150.jpg?resize=200%2C150\" alt=\"\" width=\"200\" height=\"150\" srcset=\"https:\/\/i0.wp.com\/www.gesamtschule-eiserfeld.de\/wp-content\/uploads\/2018\/09\/P104091251_konv_3.jpg?resize=200%2C150&amp;ssl=1 200w, https:\/\/i0.wp.com\/www.gesamtschule-eiserfeld.de\/wp-content\/uploads\/2018\/09\/P104091251_konv_3.jpg?resize=300%2C225&amp;ssl=1 300w, https:\/\/i0.wp.com\/www.gesamtschule-eiserfeld.de\/wp-content\/uploads\/2018\/09\/P104091251_konv_3.jpg?resize=768%2C576&amp;ssl=1 768w, https:\/\/i0.wp.com\/www.gesamtschule-eiserfeld.de\/wp-content\/uploads\/2018\/09\/P104091251_konv_3.jpg?w=800&amp;ssl=1 800w\" sizes=\"auto, (max-width: 200px) 100vw, 200px\" \/>So wurde neben den Schl\u00f6ssern Pidhirtsi und Olesko auch Lviv (Lemberg), die gr\u00f6\u00dfte der Stadt der Westukraine, angesteuert. Nach einer F\u00fchrung durch die zum UNESCO-Welterbe z\u00e4hlende, beeindruckende Altstadt, konnten alle die Innenstadt auf eigene Faust erkunden, \u00a0bevor wir im Anschluss in einem nahegelegenen Freilichtmuseum Einblicke in die traditionelle Architektur der westlichen Ukraine erhielten.\u00a0<img data-recalc-dims=\"1\" loading=\"lazy\" decoding=\"async\" data-attachment-id=\"11056\" data-permalink=\"https:\/\/www.gesamtschule-eiserfeld.de\/?attachment_id=11056\" data-orig-file=\"https:\/\/i0.wp.com\/www.gesamtschule-eiserfeld.de\/wp-content\/uploads\/2018\/09\/P104098561_konv_3.jpg?fit=800%2C600&amp;ssl=1\" data-orig-size=\"800,600\" data-comments-opened=\"0\" data-image-meta=\"{&quot;aperture&quot;:&quot;2.8&quot;,&quot;credit&quot;:&quot;&quot;,&quot;camera&quot;:&quot;DMC-FZ300&quot;,&quot;caption&quot;:&quot;&quot;,&quot;created_timestamp&quot;:&quot;1536161524&quot;,&quot;copyright&quot;:&quot;&quot;,&quot;focal_length&quot;:&quot;6.2&quot;,&quot;iso&quot;:&quot;100&quot;,&quot;shutter_speed&quot;:&quot;0.0125&quot;,&quot;title&quot;:&quot;&quot;,&quot;orientation&quot;:&quot;1&quot;}\" data-image-title=\"P104098561_konv_3\" data-image-description=\"\" data-image-caption=\"\" data-large-file=\"https:\/\/i0.wp.com\/www.gesamtschule-eiserfeld.de\/wp-content\/uploads\/2018\/09\/P104098561_konv_3.jpg?fit=474%2C356&amp;ssl=1\" class=\"size-thumbnail wp-image-11056 aligncenter\" src=\"https:\/\/i0.wp.com\/gesamtschule-eiserfeld.de\/wp-content\/uploads\/2018\/09\/P104098561_konv_3-200x150.jpg?resize=200%2C150\" alt=\"\" width=\"200\" height=\"150\" srcset=\"https:\/\/i0.wp.com\/www.gesamtschule-eiserfeld.de\/wp-content\/uploads\/2018\/09\/P104098561_konv_3.jpg?resize=200%2C150&amp;ssl=1 200w, https:\/\/i0.wp.com\/www.gesamtschule-eiserfeld.de\/wp-content\/uploads\/2018\/09\/P104098561_konv_3.jpg?resize=300%2C225&amp;ssl=1 300w, https:\/\/i0.wp.com\/www.gesamtschule-eiserfeld.de\/wp-content\/uploads\/2018\/09\/P104098561_konv_3.jpg?resize=768%2C576&amp;ssl=1 768w, https:\/\/i0.wp.com\/www.gesamtschule-eiserfeld.de\/wp-content\/uploads\/2018\/09\/P104098561_konv_3.jpg?w=800&amp;ssl=1 800w\" sizes=\"auto, (max-width: 200px) 100vw, 200px\" \/><\/p>\n<p style=\"text-align: justify;\">STRANGERS BECOME FRIENDS. FRIENDS BECOME FAMILY &#8211; nach f\u00fcnf Tagen in Brody \u2013 die wie im Fluge vergingen \u2013 bewahrheitete sich dieses Motto erstmals deutlich. Der Abschied von den Gasteltern gestaltete sich nicht ganz einfach. Ohne diese machte sich die ukrainisch-deutsche Reisegruppe nun auf den Weg in die Karpaten, um dort etwas \u00fcber die Kultur der Huzulen zu erfahren \u2013 ein altes ukrainisches Bergvolk mit einer Reihe interessanter Traditionen. Die Fahrt in die Karpaten dauerte insgesamt nahezu sieben Stunden \u2013 die Reisegeschwindigkeit sank mit jedem Kilometer gen S\u00fcden proportional zur Qualit\u00e4t der Stra\u00dfen. Bei unserem Busfahrer war die Gruppe aber gut aufgehoben \u2013 mit bemerkenswerter Gelassenheit man\u00f6vrierte er uns vorsichtig und sicher zum Ziel, die letzten 500 Meter zum Hotel \u201eVilla Maria\u201c sogar \u00fcber einen Feldweg! Dieses liegt idyllisch in den karpatischen Bergen nahe der Ortschaft Yablunytsya und wurde \u2013 typisch f\u00fcr die Architektur in den Karpaten \u2013 mit viel Holz gebaut: Ein ruhiger und heimeliger Ort, an dem die Gruppe weiter zusammenr\u00fccken sollte. <strong><img data-recalc-dims=\"1\" loading=\"lazy\" decoding=\"async\" data-attachment-id=\"11065\" data-permalink=\"https:\/\/www.gesamtschule-eiserfeld.de\/?attachment_id=11065\" data-orig-file=\"https:\/\/i0.wp.com\/www.gesamtschule-eiserfeld.de\/wp-content\/uploads\/2018\/09\/P105080361_konv_3.jpg?fit=800%2C600&amp;ssl=1\" data-orig-size=\"800,600\" data-comments-opened=\"0\" data-image-meta=\"{&quot;aperture&quot;:&quot;3.5&quot;,&quot;credit&quot;:&quot;&quot;,&quot;camera&quot;:&quot;DMC-FZ300&quot;,&quot;caption&quot;:&quot;&quot;,&quot;created_timestamp&quot;:&quot;1536688238&quot;,&quot;copyright&quot;:&quot;&quot;,&quot;focal_length&quot;:&quot;14&quot;,&quot;iso&quot;:&quot;100&quot;,&quot;shutter_speed&quot;:&quot;0.00625&quot;,&quot;title&quot;:&quot;&quot;,&quot;orientation&quot;:&quot;1&quot;}\" data-image-title=\"P105080361_konv_3\" data-image-description=\"\" data-image-caption=\"\" data-large-file=\"https:\/\/i0.wp.com\/www.gesamtschule-eiserfeld.de\/wp-content\/uploads\/2018\/09\/P105080361_konv_3.jpg?fit=474%2C356&amp;ssl=1\" class=\"size-thumbnail wp-image-11065 alignright\" src=\"https:\/\/i0.wp.com\/gesamtschule-eiserfeld.de\/wp-content\/uploads\/2018\/09\/P105080361_konv_3-200x150.jpg?resize=200%2C150\" alt=\"\" width=\"200\" height=\"150\" srcset=\"https:\/\/i0.wp.com\/www.gesamtschule-eiserfeld.de\/wp-content\/uploads\/2018\/09\/P105080361_konv_3.jpg?resize=200%2C150&amp;ssl=1 200w, https:\/\/i0.wp.com\/www.gesamtschule-eiserfeld.de\/wp-content\/uploads\/2018\/09\/P105080361_konv_3.jpg?resize=300%2C225&amp;ssl=1 300w, https:\/\/i0.wp.com\/www.gesamtschule-eiserfeld.de\/wp-content\/uploads\/2018\/09\/P105080361_konv_3.jpg?resize=768%2C576&amp;ssl=1 768w, https:\/\/i0.wp.com\/www.gesamtschule-eiserfeld.de\/wp-content\/uploads\/2018\/09\/P105080361_konv_3.jpg?w=800&amp;ssl=1 800w\" sizes=\"auto, (max-width: 200px) 100vw, 200px\" \/><\/strong>\u00a0Ein benachbartes Holzhaus diente nicht nur als Unterkunft f\u00fcr einige unserer Sch\u00fclerinnen, sondern auch als gemeinsamer Treffpunkt an den Abenden.<\/p>\n<p style=\"text-align: justify;\">In den Karpaten musste allerdings auch ein gro\u00dfer Temperatursturz hingenommen werden. Statt 25\u00b0C und Sonne lagen die Temperaturen nunmehr im Bereich von nasskalten 13-15\u00b0C. Dies blieb im weiteren Verlauf leider nicht folgenlos \u2013 Halsschmerzen und Schnupfen hatten f\u00fcr einige Tage Hochkonjunktur.<\/p>\n<p style=\"text-align: justify;\">Aus der Ruhe bringen lie\u00df sich davon jedoch keiner. Nachdem wir am ersten Abend durch den Film \u201eFeuerpferde\u201c \u2013 eine huzulische Liebesgeschichte \u2013 eingestimmt wurden, konnten wir in den folgenden Tagen tiefer in die huzulische Kultur eintauchen. Neben dem Besuch des Marktes der huzulischen Volkskunst in Yaremche standen besonders die musikalischen Traditionen der Huzulen im Fokus. So konnten in einem nahe gelegenen ethnografischen Museum traditionelle Instrumente wie Trembita (\u00e4hnlich einem Alphorn) oder Drymba (eine B\u00fcgelmaultrommel) nicht nur bestaunt, sondern auch selbst ausprobiert werden. <strong><img data-recalc-dims=\"1\" loading=\"lazy\" decoding=\"async\" data-attachment-id=\"11059\" data-permalink=\"https:\/\/www.gesamtschule-eiserfeld.de\/?attachment_id=11059\" data-orig-file=\"https:\/\/i0.wp.com\/www.gesamtschule-eiserfeld.de\/wp-content\/uploads\/2018\/09\/P105016391_konv_3.jpg?fit=800%2C600&amp;ssl=1\" data-orig-size=\"800,600\" data-comments-opened=\"0\" data-image-meta=\"{&quot;aperture&quot;:&quot;2.8&quot;,&quot;credit&quot;:&quot;&quot;,&quot;camera&quot;:&quot;DMC-FZ300&quot;,&quot;caption&quot;:&quot;&quot;,&quot;created_timestamp&quot;:&quot;1536424445&quot;,&quot;copyright&quot;:&quot;&quot;,&quot;focal_length&quot;:&quot;5.9&quot;,&quot;iso&quot;:&quot;3200&quot;,&quot;shutter_speed&quot;:&quot;0.02&quot;,&quot;title&quot;:&quot;&quot;,&quot;orientation&quot;:&quot;1&quot;}\" data-image-title=\"P105016391_konv_3\" data-image-description=\"\" data-image-caption=\"\" data-large-file=\"https:\/\/i0.wp.com\/www.gesamtschule-eiserfeld.de\/wp-content\/uploads\/2018\/09\/P105016391_konv_3.jpg?fit=474%2C356&amp;ssl=1\" class=\"size-thumbnail wp-image-11059 alignleft\" src=\"https:\/\/i0.wp.com\/gesamtschule-eiserfeld.de\/wp-content\/uploads\/2018\/09\/P105016391_konv_3-200x150.jpg?resize=200%2C150\" alt=\"\" width=\"200\" height=\"150\" srcset=\"https:\/\/i0.wp.com\/www.gesamtschule-eiserfeld.de\/wp-content\/uploads\/2018\/09\/P105016391_konv_3.jpg?resize=200%2C150&amp;ssl=1 200w, https:\/\/i0.wp.com\/www.gesamtschule-eiserfeld.de\/wp-content\/uploads\/2018\/09\/P105016391_konv_3.jpg?resize=300%2C225&amp;ssl=1 300w, https:\/\/i0.wp.com\/www.gesamtschule-eiserfeld.de\/wp-content\/uploads\/2018\/09\/P105016391_konv_3.jpg?resize=768%2C576&amp;ssl=1 768w, https:\/\/i0.wp.com\/www.gesamtschule-eiserfeld.de\/wp-content\/uploads\/2018\/09\/P105016391_konv_3.jpg?w=800&amp;ssl=1 800w\" sizes=\"auto, (max-width: 200px) 100vw, 200px\" \/><\/strong>Die Kl\u00e4nge der Instrumente f\u00fcgten sich bestens in die umgebende urt\u00fcmliche Landschaft der Karpaten ein, einige Teilnehmer fanden sich zu einem spontanen Tanz zusammen. Weitere Hintergr\u00fcnde zur huzulischen Musik erfuhren wir am Tag darauf im Museum des Musikinstrumentenbauers Roman Kumlyk in Verchovyna.<\/p>\n<p style=\"text-align: justify;\">Doch nicht nur die Musik erwies sich als charakteristisch f\u00fcr die Kultur der Huzulen \u2013 auch die Gestaltung der Trachten steckte voller interessanter Aspekte. Ob Herkunft oder Familienstand \u2013 anhand der Kleidung konnte man viel \u00fcber die jeweilige Person erfahren. Zum Programm geh\u00f6rte selbstverst\u00e4ndlich auch die Anprobe einer solchen Tracht, zwei unserer Teilnehmer durften in die Kleidung eines Brautpaares schl\u00fcpfen. Diese wurde wie die meisten Trachten selbstverst\u00e4ndlich in Handarbeit gefertigt \u2013 \u00e4hnlich wie viele weitere Produkte des huzulischen Handwerks. <img data-recalc-dims=\"1\" loading=\"lazy\" decoding=\"async\" data-attachment-id=\"11060\" data-permalink=\"https:\/\/www.gesamtschule-eiserfeld.de\/?attachment_id=11060\" data-orig-file=\"https:\/\/i0.wp.com\/www.gesamtschule-eiserfeld.de\/wp-content\/uploads\/2018\/09\/P105033211_konv_3.jpg?fit=800%2C600&amp;ssl=1\" data-orig-size=\"800,600\" data-comments-opened=\"0\" data-image-meta=\"{&quot;aperture&quot;:&quot;2.8&quot;,&quot;credit&quot;:&quot;&quot;,&quot;camera&quot;:&quot;DMC-FZ300&quot;,&quot;caption&quot;:&quot;&quot;,&quot;created_timestamp&quot;:&quot;1536506102&quot;,&quot;copyright&quot;:&quot;&quot;,&quot;focal_length&quot;:&quot;6&quot;,&quot;iso&quot;:&quot;3200&quot;,&quot;shutter_speed&quot;:&quot;0.0125&quot;,&quot;title&quot;:&quot;&quot;,&quot;orientation&quot;:&quot;1&quot;}\" data-image-title=\"P105033211_konv_3\" data-image-description=\"\" data-image-caption=\"\" data-large-file=\"https:\/\/i0.wp.com\/www.gesamtschule-eiserfeld.de\/wp-content\/uploads\/2018\/09\/P105033211_konv_3.jpg?fit=474%2C356&amp;ssl=1\" class=\"size-thumbnail wp-image-11060 alignright\" src=\"https:\/\/i0.wp.com\/gesamtschule-eiserfeld.de\/wp-content\/uploads\/2018\/09\/P105033211_konv_3-200x150.jpg?resize=200%2C150\" alt=\"\" width=\"200\" height=\"150\" srcset=\"https:\/\/i0.wp.com\/www.gesamtschule-eiserfeld.de\/wp-content\/uploads\/2018\/09\/P105033211_konv_3.jpg?resize=200%2C150&amp;ssl=1 200w, https:\/\/i0.wp.com\/www.gesamtschule-eiserfeld.de\/wp-content\/uploads\/2018\/09\/P105033211_konv_3.jpg?resize=300%2C225&amp;ssl=1 300w, https:\/\/i0.wp.com\/www.gesamtschule-eiserfeld.de\/wp-content\/uploads\/2018\/09\/P105033211_konv_3.jpg?resize=768%2C576&amp;ssl=1 768w, https:\/\/i0.wp.com\/www.gesamtschule-eiserfeld.de\/wp-content\/uploads\/2018\/09\/P105033211_konv_3.jpg?w=800&amp;ssl=1 800w\" sizes=\"auto, (max-width: 200px) 100vw, 200px\" \/>So durfte die Gruppe beispielsweise einer Teppichweberin in Javoriv \u00fcber die Schulter schauen und dort auch einmal selbst Hand anlegen.<\/p>\n<p style=\"text-align: justify;\">Schlie\u00dflich f\u00fchrte unsere Rundreise durch die Karpaten zu einem traditionellen huzulischen Hof, der viel \u00fcber das fr\u00fchere Leben von Mensch und Tier verr\u00e4t. Wohnhaus und Stallungen sind durchweg aus Holz errichtet und au\u00dfen von einem durchgehenden Holzwall zur Abwehr von ungebetenen G\u00e4sten (z. B. wilden Tieren) umgeben \u2013 so entsteht die so genannte \u201ehuzulische Festung\u201c.<\/p>\n<p style=\"text-align: justify;\">Den kr\u00f6nenden Abschluss des Aufenthaltes in den Karpaten sollte nun die Besteigung der Howerla bilden. Die Howerla (2061 m) ist nicht irgendein Berg, sondern nicht weniger als der h\u00f6chste Gipfel der Ukraine und damit auch von hoher symbolischer Bedeutung f\u00fcr alle Ukrainer. Vorab sei bereits gesagt, dass diese gemeinsame Tour das Gemeinschaftsgef\u00fchl noch weiter st\u00e4rken sollte, schlie\u00dflich wartete eine wirkliche sportliche Herausforderung auf die Gruppe. 800 H\u00f6henmeter waren auf nicht einmal vier Kilometern zu bew\u00e4ltigen. Dass dies nur auf steilen, sehr steinigen Pfaden m\u00f6glich sein w\u00fcrde, wurde allen sehr schnell klar. Unsere ukrainischen Kollegen machten uns in ihrer Einweisung deutlich, dass man mit rund vier Stunden Aufstieg rechnen m\u00fcsse und mahnten dementsprechend zur Eile. So sehr, dass die ersten Teilnehmer schon nach einer halben Stunde kr\u00e4ftig durchpusten mussten. <strong>\u00a0<\/strong>Sportlicher Ehrgeiz und der unbedingte Wille, den h\u00f6chsten Gipfel des gr\u00f6\u00dften Fl\u00e4chenlandes in Europa zu erreichen, trieben alle aber zunehmend an. Selbst das umschlagende Wetter mit Nebel und starkem Wind tat unserer Motivation keinen Abbruch und so erreichten alle schlie\u00dflich den Gipfel \u2013 nach sage und schreibe 2,5 Stunden! <img data-recalc-dims=\"1\" loading=\"lazy\" decoding=\"async\" data-attachment-id=\"11063\" data-permalink=\"https:\/\/www.gesamtschule-eiserfeld.de\/?attachment_id=11063\" data-orig-file=\"https:\/\/i0.wp.com\/www.gesamtschule-eiserfeld.de\/wp-content\/uploads\/2018\/09\/P105067941_konv_3.jpg?fit=800%2C600&amp;ssl=1\" data-orig-size=\"800,600\" data-comments-opened=\"0\" data-image-meta=\"{&quot;aperture&quot;:&quot;4&quot;,&quot;credit&quot;:&quot;&quot;,&quot;camera&quot;:&quot;DMC-FZ300&quot;,&quot;caption&quot;:&quot;&quot;,&quot;created_timestamp&quot;:&quot;1536671917&quot;,&quot;copyright&quot;:&quot;&quot;,&quot;focal_length&quot;:&quot;4.5&quot;,&quot;iso&quot;:&quot;100&quot;,&quot;shutter_speed&quot;:&quot;0.0025&quot;,&quot;title&quot;:&quot;&quot;,&quot;orientation&quot;:&quot;1&quot;}\" data-image-title=\"P105067941_konv_3\" data-image-description=\"\" data-image-caption=\"\" data-large-file=\"https:\/\/i0.wp.com\/www.gesamtschule-eiserfeld.de\/wp-content\/uploads\/2018\/09\/P105067941_konv_3.jpg?fit=474%2C356&amp;ssl=1\" class=\"size-medium wp-image-11063 alignright\" src=\"https:\/\/i0.wp.com\/gesamtschule-eiserfeld.de\/wp-content\/uploads\/2018\/09\/P105067941_konv_3-300x225.jpg?resize=300%2C225\" alt=\"\" width=\"300\" height=\"225\" srcset=\"https:\/\/i0.wp.com\/www.gesamtschule-eiserfeld.de\/wp-content\/uploads\/2018\/09\/P105067941_konv_3.jpg?resize=300%2C225&amp;ssl=1 300w, https:\/\/i0.wp.com\/www.gesamtschule-eiserfeld.de\/wp-content\/uploads\/2018\/09\/P105067941_konv_3.jpg?resize=200%2C150&amp;ssl=1 200w, https:\/\/i0.wp.com\/www.gesamtschule-eiserfeld.de\/wp-content\/uploads\/2018\/09\/P105067941_konv_3.jpg?resize=768%2C576&amp;ssl=1 768w, https:\/\/i0.wp.com\/www.gesamtschule-eiserfeld.de\/wp-content\/uploads\/2018\/09\/P105067941_konv_3.jpg?w=800&amp;ssl=1 800w\" sizes=\"auto, (max-width: 300px) 100vw, 300px\" \/>Eine tolle sportliche Leistung aller, die dann mit dem Aufrei\u00dfen der Wolken und strahlendem Sonnenschein auf dem Gipfel belohnt wurde. Das atemberaubende Panorama auf der Howerla und die zahlreichen gemeinsamen Fotos vor dieser Kulisse wird keiner so schnell vergessen.<\/p>\n<p style=\"text-align: justify;\">Nachdem auch der Abstieg ohne Probleme bew\u00e4ltigt worden war, galt es, die Koffer zu packen und am n\u00e4chsten Tag die Heimreise anzutreten. Am Rande von Lemberg trennten sich schlie\u00dflich unsere Wege \u2013 w\u00e4hrend die ukrainische Gruppe nach Brody zur\u00fcckkehrte, machten sich die GEEler auf den Weg nach Krakau, wo ein Zwischenstopp in Form einer weiteren \u00dcbernachtung eingelegt wurde. Nach beinahe zwei Wochen voller gemeinsamer Aktivit\u00e4ten und pr\u00e4gender Eindr\u00fccke fiel der Abschied entsprechend schwer. Man wollte die letzten gemeinsamen Minuten noch einmal intensiv genie\u00dfen, bevor die zur Eile rufenden Busfahrer schlie\u00dflich das Ende vorgaben. <img data-recalc-dims=\"1\" loading=\"lazy\" decoding=\"async\" data-attachment-id=\"11061\" data-permalink=\"https:\/\/www.gesamtschule-eiserfeld.de\/?attachment_id=11061\" data-orig-file=\"https:\/\/i0.wp.com\/www.gesamtschule-eiserfeld.de\/wp-content\/uploads\/2018\/09\/P105046821_konv_3.jpg?fit=800%2C600&amp;ssl=1\" data-orig-size=\"800,600\" data-comments-opened=\"0\" data-image-meta=\"{&quot;aperture&quot;:&quot;2.8&quot;,&quot;credit&quot;:&quot;&quot;,&quot;camera&quot;:&quot;DMC-FZ300&quot;,&quot;caption&quot;:&quot;&quot;,&quot;created_timestamp&quot;:&quot;1536588481&quot;,&quot;copyright&quot;:&quot;&quot;,&quot;focal_length&quot;:&quot;4.5&quot;,&quot;iso&quot;:&quot;160&quot;,&quot;shutter_speed&quot;:&quot;0.016666666666667&quot;,&quot;title&quot;:&quot;&quot;,&quot;orientation&quot;:&quot;1&quot;}\" data-image-title=\"P105046821_konv_3\" data-image-description=\"\" data-image-caption=\"\" data-large-file=\"https:\/\/i0.wp.com\/www.gesamtschule-eiserfeld.de\/wp-content\/uploads\/2018\/09\/P105046821_konv_3.jpg?fit=474%2C356&amp;ssl=1\" class=\"size-medium wp-image-11061 aligncenter\" src=\"https:\/\/i0.wp.com\/gesamtschule-eiserfeld.de\/wp-content\/uploads\/2018\/09\/P105046821_konv_3-300x225.jpg?resize=300%2C225\" alt=\"\" width=\"300\" height=\"225\" srcset=\"https:\/\/i0.wp.com\/www.gesamtschule-eiserfeld.de\/wp-content\/uploads\/2018\/09\/P105046821_konv_3.jpg?resize=300%2C225&amp;ssl=1 300w, https:\/\/i0.wp.com\/www.gesamtschule-eiserfeld.de\/wp-content\/uploads\/2018\/09\/P105046821_konv_3.jpg?resize=200%2C150&amp;ssl=1 200w, https:\/\/i0.wp.com\/www.gesamtschule-eiserfeld.de\/wp-content\/uploads\/2018\/09\/P105046821_konv_3.jpg?resize=768%2C576&amp;ssl=1 768w, https:\/\/i0.wp.com\/www.gesamtschule-eiserfeld.de\/wp-content\/uploads\/2018\/09\/P105046821_konv_3.jpg?w=800&amp;ssl=1 800w\" sizes=\"auto, (max-width: 300px) 100vw, 300px\" \/>Dennoch: Alle sind sich sicher, dass die entstanden Freundschaften weiter gepflegt werden, denn es gilt ja: STRANGERS BECOME FRIENDS. FRIENDS BECOME FAMILY.<\/p>\n","protected":false},"excerpt":{"rendered":"<p>Es k\u00f6nnte eigentlich kein passenderes Motto zu unserem Sch\u00fcleraustausch mit dem Ivan-Trush-Gymnasium im ukrainischen Brody geben. Der Besuch unserer Sch\u00fclerinnen und Sch\u00fcler in der Ukraine brachte nicht nur ein F\u00fcllhorn interessanter und spannender Erfahrungen mit sich, sondern vertiefte auch die Freundschaften, die bereits im Juni w\u00e4hrend des Besuchs der ukrainischen Gruppe in Siegen aufgebaut worden &hellip; <a href=\"https:\/\/www.gesamtschule-eiserfeld.de\/?p=11050\" class=\"more-link\"><span class=\"screen-reader-text\">STRANGERS BECOME FRIENDS. FRIENDS BECOME FAMILY.<\/span> weiterlesen <span class=\"meta-nav\">&rarr;<\/span><\/a><\/p>\n","protected":false},"author":9,"featured_media":0,"comment_status":"closed","ping_status":"open","sticky":false,"template":"","format":"standard","meta":{"jetpack_post_was_ever_published":false,"_jetpack_newsletter_access":"","_jetpack_dont_email_post_to_subs":false,"_jetpack_newsletter_tier_id":0,"_jetpack_memberships_contains_paywalled_content":false,"_jetpack_memberships_contains_paid_content":false,"footnotes":"","jetpack_publicize_message":"","jetpack_publicize_feature_enabled":true,"jetpack_social_post_already_shared":true,"jetpack_social_options":{"image_generator_settings":{"template":"highway","default_image_id":0,"font":"","enabled":false},"version":2}},"categories":[1,18,74,97,56,133],"tags":[],"class_list":["post-11050","post","type-post","status-publish","format-standard","hentry","category-allgemein","category-exkursion","category-fremdsprachen","category-fuer-vielfalt","category-schuleraustausch","category-ukraine"],"yoast_head":"<!-- This site is optimized with the Yoast SEO plugin v27.4 - https:\/\/yoast.com\/product\/yoast-seo-wordpress\/ -->\n<title>STRANGERS BECOME FRIENDS. FRIENDS BECOME FAMILY. - Gesamtschule Eiserfeld<\/title>\n<meta name=\"robots\" content=\"index, follow, max-snippet:-1, max-image-preview:large, max-video-preview:-1\" \/>\n<link rel=\"canonical\" href=\"https:\/\/www.gesamtschule-eiserfeld.de\/?p=11050\" \/>\n<meta property=\"og:locale\" content=\"de_DE\" \/>\n<meta property=\"og:type\" content=\"article\" \/>\n<meta property=\"og:title\" content=\"STRANGERS BECOME FRIENDS. FRIENDS BECOME FAMILY. - Gesamtschule Eiserfeld\" \/>\n<meta property=\"og:description\" content=\"Es k\u00f6nnte eigentlich kein passenderes Motto zu unserem Sch\u00fcleraustausch mit dem Ivan-Trush-Gymnasium im ukrainischen Brody geben. Der Besuch unserer Sch\u00fclerinnen und Sch\u00fcler in der Ukraine brachte nicht nur ein F\u00fcllhorn interessanter und spannender Erfahrungen mit sich, sondern vertiefte auch die Freundschaften, die bereits im Juni w\u00e4hrend des Besuchs der ukrainischen Gruppe in Siegen aufgebaut worden &hellip; STRANGERS BECOME FRIENDS. FRIENDS BECOME FAMILY. weiterlesen &rarr;\" \/>\n<meta property=\"og:url\" content=\"https:\/\/www.gesamtschule-eiserfeld.de\/?p=11050\" \/>\n<meta property=\"og:site_name\" content=\"Gesamtschule Eiserfeld\" \/>\n<meta property=\"article:publisher\" content=\"https:\/\/www.facebook.com\/GEEiserfeld\" \/>\n<meta property=\"article:published_time\" content=\"2018-09-25T07:06:36+00:00\" \/>\n<meta property=\"article:modified_time\" content=\"2018-10-10T16:48:25+00:00\" \/>\n<meta property=\"og:image\" content=\"http:\/\/gesamtschule-eiserfeld.de\/wp-content\/uploads\/2018\/09\/095-300x186.jpg\" \/>\n<meta name=\"author\" content=\"dorw\" \/>\n<meta name=\"twitter:card\" content=\"summary_large_image\" \/>\n<meta name=\"twitter:label1\" content=\"Verfasst von\" \/>\n\t<meta name=\"twitter:data1\" content=\"dorw\" \/>\n\t<meta name=\"twitter:label2\" content=\"Gesch\u00e4tzte Lesezeit\" \/>\n\t<meta name=\"twitter:data2\" content=\"7\u00a0Minuten\" \/>\n<script type=\"application\/ld+json\" class=\"yoast-schema-graph\">{\"@context\":\"https:\\\/\\\/schema.org\",\"@graph\":[{\"@type\":\"Article\",\"@id\":\"https:\\\/\\\/www.gesamtschule-eiserfeld.de\\\/?p=11050#article\",\"isPartOf\":{\"@id\":\"https:\\\/\\\/www.gesamtschule-eiserfeld.de\\\/?p=11050\"},\"author\":{\"name\":\"dorw\",\"@id\":\"https:\\\/\\\/www.gesamtschule-eiserfeld.de\\\/#\\\/schema\\\/person\\\/9f37123dd2ff514a1346db435bdb3784\"},\"headline\":\"STRANGERS BECOME FRIENDS. FRIENDS BECOME FAMILY.\",\"datePublished\":\"2018-09-25T07:06:36+00:00\",\"dateModified\":\"2018-10-10T16:48:25+00:00\",\"mainEntityOfPage\":{\"@id\":\"https:\\\/\\\/www.gesamtschule-eiserfeld.de\\\/?p=11050\"},\"wordCount\":1469,\"publisher\":{\"@id\":\"https:\\\/\\\/www.gesamtschule-eiserfeld.de\\\/#organization\"},\"image\":{\"@id\":\"https:\\\/\\\/www.gesamtschule-eiserfeld.de\\\/?p=11050#primaryimage\"},\"thumbnailUrl\":\"http:\\\/\\\/gesamtschule-eiserfeld.de\\\/wp-content\\\/uploads\\\/2018\\\/09\\\/095-300x186.jpg\",\"articleSection\":{\"1\":\"Exkursion\",\"2\":\"FREMDSPRACHEN\",\"3\":\"F\u00dcR VIELFALT\",\"4\":\"Sch\u00fcleraustausch\",\"5\":\"Ukraine\"},\"inLanguage\":\"de\"},{\"@type\":\"WebPage\",\"@id\":\"https:\\\/\\\/www.gesamtschule-eiserfeld.de\\\/?p=11050\",\"url\":\"https:\\\/\\\/www.gesamtschule-eiserfeld.de\\\/?p=11050\",\"name\":\"STRANGERS BECOME FRIENDS. FRIENDS BECOME FAMILY. - Gesamtschule Eiserfeld\",\"isPartOf\":{\"@id\":\"https:\\\/\\\/www.gesamtschule-eiserfeld.de\\\/#website\"},\"primaryImageOfPage\":{\"@id\":\"https:\\\/\\\/www.gesamtschule-eiserfeld.de\\\/?p=11050#primaryimage\"},\"image\":{\"@id\":\"https:\\\/\\\/www.gesamtschule-eiserfeld.de\\\/?p=11050#primaryimage\"},\"thumbnailUrl\":\"http:\\\/\\\/gesamtschule-eiserfeld.de\\\/wp-content\\\/uploads\\\/2018\\\/09\\\/095-300x186.jpg\",\"datePublished\":\"2018-09-25T07:06:36+00:00\",\"dateModified\":\"2018-10-10T16:48:25+00:00\",\"breadcrumb\":{\"@id\":\"https:\\\/\\\/www.gesamtschule-eiserfeld.de\\\/?p=11050#breadcrumb\"},\"inLanguage\":\"de\",\"potentialAction\":[{\"@type\":\"ReadAction\",\"target\":[\"https:\\\/\\\/www.gesamtschule-eiserfeld.de\\\/?p=11050\"]}]},{\"@type\":\"ImageObject\",\"inLanguage\":\"de\",\"@id\":\"https:\\\/\\\/www.gesamtschule-eiserfeld.de\\\/?p=11050#primaryimage\",\"url\":\"http:\\\/\\\/gesamtschule-eiserfeld.de\\\/wp-content\\\/uploads\\\/2018\\\/09\\\/095-300x186.jpg\",\"contentUrl\":\"http:\\\/\\\/gesamtschule-eiserfeld.de\\\/wp-content\\\/uploads\\\/2018\\\/09\\\/095-300x186.jpg\"},{\"@type\":\"BreadcrumbList\",\"@id\":\"https:\\\/\\\/www.gesamtschule-eiserfeld.de\\\/?p=11050#breadcrumb\",\"itemListElement\":[{\"@type\":\"ListItem\",\"position\":1,\"name\":\"Startseite\",\"item\":\"https:\\\/\\\/www.gesamtschule-eiserfeld.de\\\/\"},{\"@type\":\"ListItem\",\"position\":2,\"name\":\"STRANGERS BECOME FRIENDS. FRIENDS BECOME FAMILY.\"}]},{\"@type\":\"WebSite\",\"@id\":\"https:\\\/\\\/www.gesamtschule-eiserfeld.de\\\/#website\",\"url\":\"https:\\\/\\\/www.gesamtschule-eiserfeld.de\\\/\",\"name\":\"Gesamtschule Eiserfeld\",\"description\":\"\",\"publisher\":{\"@id\":\"https:\\\/\\\/www.gesamtschule-eiserfeld.de\\\/#organization\"},\"potentialAction\":[{\"@type\":\"SearchAction\",\"target\":{\"@type\":\"EntryPoint\",\"urlTemplate\":\"https:\\\/\\\/www.gesamtschule-eiserfeld.de\\\/?s={search_term_string}\"},\"query-input\":{\"@type\":\"PropertyValueSpecification\",\"valueRequired\":true,\"valueName\":\"search_term_string\"}}],\"inLanguage\":\"de\"},{\"@type\":\"Organization\",\"@id\":\"https:\\\/\\\/www.gesamtschule-eiserfeld.de\\\/#organization\",\"name\":\"Gesamtschule Eiserfeld\",\"url\":\"https:\\\/\\\/www.gesamtschule-eiserfeld.de\\\/\",\"logo\":{\"@type\":\"ImageObject\",\"inLanguage\":\"de\",\"@id\":\"https:\\\/\\\/www.gesamtschule-eiserfeld.de\\\/#\\\/schema\\\/logo\\\/image\\\/\",\"url\":\"https:\\\/\\\/i1.wp.com\\\/www.gesamtschule-eiserfeld.de\\\/wp-content\\\/uploads\\\/2019\\\/01\\\/GEE-Logo-neu.jpg?fit=436%2C126&ssl=1\",\"contentUrl\":\"https:\\\/\\\/i1.wp.com\\\/www.gesamtschule-eiserfeld.de\\\/wp-content\\\/uploads\\\/2019\\\/01\\\/GEE-Logo-neu.jpg?fit=436%2C126&ssl=1\",\"width\":436,\"height\":126,\"caption\":\"Gesamtschule Eiserfeld\"},\"image\":{\"@id\":\"https:\\\/\\\/www.gesamtschule-eiserfeld.de\\\/#\\\/schema\\\/logo\\\/image\\\/\"},\"sameAs\":[\"https:\\\/\\\/www.facebook.com\\\/GEEiserfeld\"]},{\"@type\":\"Person\",\"@id\":\"https:\\\/\\\/www.gesamtschule-eiserfeld.de\\\/#\\\/schema\\\/person\\\/9f37123dd2ff514a1346db435bdb3784\",\"name\":\"dorw\",\"sameAs\":[\"http:\\\/\\\/www.ge-eiserfeld.de\"],\"url\":\"https:\\\/\\\/www.gesamtschule-eiserfeld.de\\\/?author=9\"}]}<\/script>\n<!-- \/ Yoast SEO plugin. -->","yoast_head_json":{"title":"STRANGERS BECOME FRIENDS. FRIENDS BECOME FAMILY. - Gesamtschule Eiserfeld","robots":{"index":"index","follow":"follow","max-snippet":"max-snippet:-1","max-image-preview":"max-image-preview:large","max-video-preview":"max-video-preview:-1"},"canonical":"https:\/\/www.gesamtschule-eiserfeld.de\/?p=11050","og_locale":"de_DE","og_type":"article","og_title":"STRANGERS BECOME FRIENDS. FRIENDS BECOME FAMILY. - Gesamtschule Eiserfeld","og_description":"Es k\u00f6nnte eigentlich kein passenderes Motto zu unserem Sch\u00fcleraustausch mit dem Ivan-Trush-Gymnasium im ukrainischen Brody geben. Der Besuch unserer Sch\u00fclerinnen und Sch\u00fcler in der Ukraine brachte nicht nur ein F\u00fcllhorn interessanter und spannender Erfahrungen mit sich, sondern vertiefte auch die Freundschaften, die bereits im Juni w\u00e4hrend des Besuchs der ukrainischen Gruppe in Siegen aufgebaut worden &hellip; STRANGERS BECOME FRIENDS. FRIENDS BECOME FAMILY. weiterlesen &rarr;","og_url":"https:\/\/www.gesamtschule-eiserfeld.de\/?p=11050","og_site_name":"Gesamtschule Eiserfeld","article_publisher":"https:\/\/www.facebook.com\/GEEiserfeld","article_published_time":"2018-09-25T07:06:36+00:00","article_modified_time":"2018-10-10T16:48:25+00:00","og_image":[{"url":"http:\/\/gesamtschule-eiserfeld.de\/wp-content\/uploads\/2018\/09\/095-300x186.jpg","type":"","width":"","height":""}],"author":"dorw","twitter_card":"summary_large_image","twitter_misc":{"Verfasst von":"dorw","Gesch\u00e4tzte Lesezeit":"7\u00a0Minuten"},"schema":{"@context":"https:\/\/schema.org","@graph":[{"@type":"Article","@id":"https:\/\/www.gesamtschule-eiserfeld.de\/?p=11050#article","isPartOf":{"@id":"https:\/\/www.gesamtschule-eiserfeld.de\/?p=11050"},"author":{"name":"dorw","@id":"https:\/\/www.gesamtschule-eiserfeld.de\/#\/schema\/person\/9f37123dd2ff514a1346db435bdb3784"},"headline":"STRANGERS BECOME FRIENDS. FRIENDS BECOME FAMILY.","datePublished":"2018-09-25T07:06:36+00:00","dateModified":"2018-10-10T16:48:25+00:00","mainEntityOfPage":{"@id":"https:\/\/www.gesamtschule-eiserfeld.de\/?p=11050"},"wordCount":1469,"publisher":{"@id":"https:\/\/www.gesamtschule-eiserfeld.de\/#organization"},"image":{"@id":"https:\/\/www.gesamtschule-eiserfeld.de\/?p=11050#primaryimage"},"thumbnailUrl":"http:\/\/gesamtschule-eiserfeld.de\/wp-content\/uploads\/2018\/09\/095-300x186.jpg","articleSection":{"1":"Exkursion","2":"FREMDSPRACHEN","3":"F\u00dcR VIELFALT","4":"Sch\u00fcleraustausch","5":"Ukraine"},"inLanguage":"de"},{"@type":"WebPage","@id":"https:\/\/www.gesamtschule-eiserfeld.de\/?p=11050","url":"https:\/\/www.gesamtschule-eiserfeld.de\/?p=11050","name":"STRANGERS BECOME FRIENDS. FRIENDS BECOME FAMILY. - Gesamtschule Eiserfeld","isPartOf":{"@id":"https:\/\/www.gesamtschule-eiserfeld.de\/#website"},"primaryImageOfPage":{"@id":"https:\/\/www.gesamtschule-eiserfeld.de\/?p=11050#primaryimage"},"image":{"@id":"https:\/\/www.gesamtschule-eiserfeld.de\/?p=11050#primaryimage"},"thumbnailUrl":"http:\/\/gesamtschule-eiserfeld.de\/wp-content\/uploads\/2018\/09\/095-300x186.jpg","datePublished":"2018-09-25T07:06:36+00:00","dateModified":"2018-10-10T16:48:25+00:00","breadcrumb":{"@id":"https:\/\/www.gesamtschule-eiserfeld.de\/?p=11050#breadcrumb"},"inLanguage":"de","potentialAction":[{"@type":"ReadAction","target":["https:\/\/www.gesamtschule-eiserfeld.de\/?p=11050"]}]},{"@type":"ImageObject","inLanguage":"de","@id":"https:\/\/www.gesamtschule-eiserfeld.de\/?p=11050#primaryimage","url":"http:\/\/gesamtschule-eiserfeld.de\/wp-content\/uploads\/2018\/09\/095-300x186.jpg","contentUrl":"http:\/\/gesamtschule-eiserfeld.de\/wp-content\/uploads\/2018\/09\/095-300x186.jpg"},{"@type":"BreadcrumbList","@id":"https:\/\/www.gesamtschule-eiserfeld.de\/?p=11050#breadcrumb","itemListElement":[{"@type":"ListItem","position":1,"name":"Startseite","item":"https:\/\/www.gesamtschule-eiserfeld.de\/"},{"@type":"ListItem","position":2,"name":"STRANGERS BECOME FRIENDS. FRIENDS BECOME FAMILY."}]},{"@type":"WebSite","@id":"https:\/\/www.gesamtschule-eiserfeld.de\/#website","url":"https:\/\/www.gesamtschule-eiserfeld.de\/","name":"Gesamtschule Eiserfeld","description":"","publisher":{"@id":"https:\/\/www.gesamtschule-eiserfeld.de\/#organization"},"potentialAction":[{"@type":"SearchAction","target":{"@type":"EntryPoint","urlTemplate":"https:\/\/www.gesamtschule-eiserfeld.de\/?s={search_term_string}"},"query-input":{"@type":"PropertyValueSpecification","valueRequired":true,"valueName":"search_term_string"}}],"inLanguage":"de"},{"@type":"Organization","@id":"https:\/\/www.gesamtschule-eiserfeld.de\/#organization","name":"Gesamtschule Eiserfeld","url":"https:\/\/www.gesamtschule-eiserfeld.de\/","logo":{"@type":"ImageObject","inLanguage":"de","@id":"https:\/\/www.gesamtschule-eiserfeld.de\/#\/schema\/logo\/image\/","url":"https:\/\/i1.wp.com\/www.gesamtschule-eiserfeld.de\/wp-content\/uploads\/2019\/01\/GEE-Logo-neu.jpg?fit=436%2C126&ssl=1","contentUrl":"https:\/\/i1.wp.com\/www.gesamtschule-eiserfeld.de\/wp-content\/uploads\/2019\/01\/GEE-Logo-neu.jpg?fit=436%2C126&ssl=1","width":436,"height":126,"caption":"Gesamtschule Eiserfeld"},"image":{"@id":"https:\/\/www.gesamtschule-eiserfeld.de\/#\/schema\/logo\/image\/"},"sameAs":["https:\/\/www.facebook.com\/GEEiserfeld"]},{"@type":"Person","@id":"https:\/\/www.gesamtschule-eiserfeld.de\/#\/schema\/person\/9f37123dd2ff514a1346db435bdb3784","name":"dorw","sameAs":["http:\/\/www.ge-eiserfeld.de"],"url":"https:\/\/www.gesamtschule-eiserfeld.de\/?author=9"}]}},"jetpack_publicize_connections":[],"jetpack_featured_media_url":"","jetpack_shortlink":"https:\/\/wp.me\/p2weeL-2Se","jetpack_sharing_enabled":true,"_links":{"self":[{"href":"https:\/\/www.gesamtschule-eiserfeld.de\/index.php?rest_route=\/wp\/v2\/posts\/11050","targetHints":{"allow":["GET"]}}],"collection":[{"href":"https:\/\/www.gesamtschule-eiserfeld.de\/index.php?rest_route=\/wp\/v2\/posts"}],"about":[{"href":"https:\/\/www.gesamtschule-eiserfeld.de\/index.php?rest_route=\/wp\/v2\/types\/post"}],"author":[{"embeddable":true,"href":"https:\/\/www.gesamtschule-eiserfeld.de\/index.php?rest_route=\/wp\/v2\/users\/9"}],"replies":[{"embeddable":true,"href":"https:\/\/www.gesamtschule-eiserfeld.de\/index.php?rest_route=%2Fwp%2Fv2%2Fcomments&post=11050"}],"version-history":[{"count":0,"href":"https:\/\/www.gesamtschule-eiserfeld.de\/index.php?rest_route=\/wp\/v2\/posts\/11050\/revisions"}],"wp:attachment":[{"href":"https:\/\/www.gesamtschule-eiserfeld.de\/index.php?rest_route=%2Fwp%2Fv2%2Fmedia&parent=11050"}],"wp:term":[{"taxonomy":"category","embeddable":true,"href":"https:\/\/www.gesamtschule-eiserfeld.de\/index.php?rest_route=%2Fwp%2Fv2%2Fcategories&post=11050"},{"taxonomy":"post_tag","embeddable":true,"href":"https:\/\/www.gesamtschule-eiserfeld.de\/index.php?rest_route=%2Fwp%2Fv2%2Ftags&post=11050"}],"curies":[{"name":"wp","href":"https:\/\/api.w.org\/{rel}","templated":true}]}}