{"id":12509,"date":"2019-07-07T11:38:11","date_gmt":"2019-07-07T10:38:11","guid":{"rendered":"https:\/\/www.gesamtschule-eiserfeld.de\/?p=12509"},"modified":"2019-08-14T09:59:39","modified_gmt":"2019-08-14T08:59:39","slug":"so-muss-schule-sein","status":"publish","type":"post","link":"https:\/\/www.gesamtschule-eiserfeld.de\/?p=12509","title":{"rendered":"So muss Schule sein"},"content":{"rendered":"<p><strong>MuKu-Fest 2019<\/strong><\/p>\n<p align=\"justify\"><a href=\"https:\/\/i0.wp.com\/www.gesamtschule-eiserfeld.de\/wp-content\/uploads\/2019\/07\/image-5.png?ssl=1\"><img data-recalc-dims=\"1\" loading=\"lazy\" decoding=\"async\" style=\"margin: 6px 6px 0px 0px; border: 0px currentcolor; float: left; display: inline; background-image: none;\" title=\"image\" src=\"https:\/\/i0.wp.com\/www.gesamtschule-eiserfeld.de\/wp-content\/uploads\/2019\/07\/image_thumb-5.png?resize=154%2C102&#038;ssl=1\" alt=\"image\" width=\"154\" height=\"102\" align=\"left\" border=\"0\" \/><\/a>[2019-07-03 J\u00dcNG]\u00a0 \u201cUnd das Wetter spielt schon wieder mit. Wie macht ihr das?\u201d Die Mutter einer Sechstkl\u00e4sslerin lacht und bei\u00dft gen\u00fcsslich in ihre Grillwurst. Stimmt &#8211; und es ist auch gar nicht mehr so hei\u00df, Gott sei Dank! Zumindest gilt das f\u00fcr den Bereich vor der Aula. <a href=\"https:\/\/i0.wp.com\/www.gesamtschule-eiserfeld.de\/wp-content\/uploads\/2019\/07\/image-6.png?ssl=1\"><img data-recalc-dims=\"1\" loading=\"lazy\" decoding=\"async\" style=\"margin: 6px 0px 0px 6px; border: 0px currentcolor; float: right; display: inline; background-image: none;\" title=\"image\" src=\"https:\/\/i0.wp.com\/www.gesamtschule-eiserfeld.de\/wp-content\/uploads\/2019\/07\/image_thumb-6.png?resize=140%2C93&#038;ssl=1\" alt=\"image\" width=\"140\" height=\"93\" align=\"right\" border=\"0\" \/><\/a>Dort str\u00f6men bereits seit vor F\u00fcnf viele Eltern mit ihren Kindern aufs Schulgel\u00e4nde, nutzen die zahlreichen Sitzm\u00f6glichkeiten auf dem Hof und st\u00e4rken sich bei Grillw\u00fcrstchen und kalten Getr\u00e4nken der Schulpflegschaft.<!--more--><\/p>\n<p align=\"justify\">Ob Elefant oder Prinzessin, Spiegelei-Staffelei oder Gem\u00e4lde aus Wolle \u2013 im F<a href=\"https:\/\/i0.wp.com\/www.gesamtschule-eiserfeld.de\/wp-content\/uploads\/2019\/07\/image-7.png?ssl=1\"><img data-recalc-dims=\"1\" loading=\"lazy\" decoding=\"async\" style=\"margin: 6px 6px 0px 0px; border: 0px currentcolor; float: left; display: inline; background-image: none;\" title=\"image\" src=\"https:\/\/i0.wp.com\/www.gesamtschule-eiserfeld.de\/wp-content\/uploads\/2019\/07\/image_thumb-7.png?resize=147%2C110&#038;ssl=1\" alt=\"image\" width=\"147\" height=\"110\" align=\"left\" border=\"0\" \/><\/a>oyer kommen die Besucher angesichts der vielen W<a href=\"https:\/\/i0.wp.com\/www.gesamtschule-eiserfeld.de\/wp-content\/uploads\/2019\/07\/image-8.png?ssl=1\"><img data-recalc-dims=\"1\" loading=\"lazy\" decoding=\"async\" style=\"margin: 6px 0px 0px 6px; border: 0px currentcolor; float: right; display: inline; background-image: none;\" title=\"image\" src=\"https:\/\/i0.wp.com\/www.gesamtschule-eiserfeld.de\/wp-content\/uploads\/2019\/07\/image_thumb-8.png?resize=98%2C130&#038;ssl=1\" alt=\"image\" width=\"98\" height=\"130\" align=\"right\" border=\"0\" \/><\/a>erke in der Kunstausstellung von Hedda Sch\u00f6nfeld und ihrer MuKu-Kunstwerkstatt aus dem Stauen gar nicht mehr heraus. W\u00e4hrenddessen wird in der bis auf den letzten Stuhl vollbesetzten Aula bald die erste Attraktion angek\u00fcndigt: die MuKu-Orchester der Stufen 5 und sp\u00e4ter 6. Grandiose Highlights gleich zu Beginn!<\/p>\n<p align=\"justify\"><iframe loading=\"lazy\" src=\"\/\/www.youtube.com\/embed\/r0GPKJXwmFE\" width=\"560\" height=\"314\" allowfullscreen=\"allowfullscreen\"><\/iframe><\/p>\n<p>&nbsp;<\/p>\n<p align=\"justify\"><a href=\"https:\/\/i0.wp.com\/www.gesamtschule-eiserfeld.de\/wp-content\/uploads\/2019\/07\/image-9.png?ssl=1\"><img data-recalc-dims=\"1\" loading=\"lazy\" decoding=\"async\" style=\"margin: 6px 6px 0px 0px; border: 0px currentcolor; float: left; display: inline; background-image: none;\" title=\"image\" src=\"https:\/\/i0.wp.com\/www.gesamtschule-eiserfeld.de\/wp-content\/uploads\/2019\/07\/image_thumb-9.png?resize=161%2C86&#038;ssl=1\" alt=\"image\" width=\"161\" height=\"86\" align=\"left\" border=\"0\" \/><\/a>Was Musiklehrerin Susanne Linde da so alles auf die B\u00fchne und davor zaubert, ist wirklich phantastisch. Im roten Scheinwerferlicht spielen und singen Dutzende von Kindern, der Saal brummt vor Begeister<a href=\"https:\/\/i0.wp.com\/www.gesamtschule-eiserfeld.de\/wp-content\/uploads\/2019\/07\/image-10.png?ssl=1\"><img data-recalc-dims=\"1\" loading=\"lazy\" decoding=\"async\" style=\"margin: 6px 0px 0px 6px; border: 0px currentcolor; float: right; display: inline; background-image: none;\" title=\"image\" src=\"https:\/\/i0.wp.com\/www.gesamtschule-eiserfeld.de\/wp-content\/uploads\/2019\/07\/image_thumb-10.png?resize=144%2C76&#038;ssl=1\" alt=\"image\" width=\"144\" height=\"76\" align=\"right\" border=\"0\" \/><\/a>ung. Nicht minder beeindruckend sind die musikalischen Chordarbietungen von Renate Jung und Musikreferendar Niklas von Fugler, am Klavier begleitet von Jochen Hoffmann.<\/p>\n<p align=\"justify\"><a href=\"https:\/\/i0.wp.com\/www.gesamtschule-eiserfeld.de\/wp-content\/uploads\/2019\/07\/image-11.png?ssl=1\"><img data-recalc-dims=\"1\" loading=\"lazy\" decoding=\"async\" style=\"margin: 6px 6px 0px 0px; border: 0px currentcolor; float: left; display: inline; background-image: none;\" title=\"image\" src=\"https:\/\/i0.wp.com\/www.gesamtschule-eiserfeld.de\/wp-content\/uploads\/2019\/07\/image_thumb-11.png?resize=147%2C98&#038;ssl=1\" alt=\"image\" width=\"147\" height=\"98\" align=\"left\" border=\"0\" \/><\/a>Nach der Umbaupause geht\u00b4s zun\u00e4chst sportlich weiter mit der Jonglage-Gruppe von Petra Dietermann, gefolgt vom Akrobatik-Sextett von Simon Jung. <a href=\"https:\/\/i0.wp.com\/www.gesamtschule-eiserfeld.de\/wp-content\/uploads\/2019\/07\/image-12.png?ssl=1\"><img data-recalc-dims=\"1\" loading=\"lazy\" decoding=\"async\" style=\"margin: 6px 0px 0px 6px; border: 0px currentcolor; float: right; display: inline; background-image: none;\" title=\"image\" src=\"https:\/\/i0.wp.com\/www.gesamtschule-eiserfeld.de\/wp-content\/uploads\/2019\/07\/image_thumb-12.png?resize=109%2C118&#038;ssl=1\" alt=\"image\" width=\"109\" height=\"118\" align=\"right\" border=\"0\" \/><\/a>Aber so richtig rockig wird\u00b4s erst zum Schluss! Unsere Mini-Big Band mit Bandleader Jonathan Schnur heizt dem ohnehin von der Sommerhitze der vergangenen Tage noch gut gew\u00e4rmten Saal mit echtem Hardrock weiter ein. <a href=\"https:\/\/i0.wp.com\/www.gesamtschule-eiserfeld.de\/wp-content\/uploads\/2019\/07\/image-13.png?ssl=1\"><img data-recalc-dims=\"1\" loading=\"lazy\" decoding=\"async\" style=\"margin: 6px 6px 0px 0px; border: 0px currentcolor; float: left; display: inline; background-image: none;\" title=\"image\" src=\"https:\/\/i0.wp.com\/www.gesamtschule-eiserfeld.de\/wp-content\/uploads\/2019\/07\/image_thumb-13.png?resize=145%2C112&#038;ssl=1\" alt=\"image\" width=\"145\" height=\"112\" align=\"left\" border=\"0\" \/><\/a>Was die Kleinen da so spielen und auch singen ist echt fetzig. Nur zunehmen muss unsere tolle Mini-Bigband noch \u2013 sowohl an Jahren wie auch vor allem an der Zahl der Bandmitglieder. Aber bis zum n\u00e4chsten MuKu-Fest in 2020 ist ja noch viel Zeit. Mal gucken, wie sich das entwickelt.<\/p>\n<p align=\"justify\"><a href=\"https:\/\/i0.wp.com\/www.gesamtschule-eiserfeld.de\/wp-content\/uploads\/2019\/07\/image-14.png?ssl=1\"><img data-recalc-dims=\"1\" loading=\"lazy\" decoding=\"async\" style=\"margin: 6px 6px 0px 0px; border: 0px currentcolor; float: left; display: inline; background-image: none;\" title=\"image\" src=\"https:\/\/i0.wp.com\/www.gesamtschule-eiserfeld.de\/wp-content\/uploads\/2019\/07\/image_thumb-14.png?resize=141%2C94&#038;ssl=1\" alt=\"image\" width=\"141\" height=\"94\" align=\"left\" border=\"0\" \/><\/a>Viele Kinder, Eltern und Lehrer stehen zum Abschluss des Festes im Hof beieinander: essen und trinken noch etwas, tauschen sich \u00fcber das Gesehene aus, sprechen hier und da auch \u00fcber Unterricht oder Privates. <a href=\"https:\/\/i0.wp.com\/www.gesamtschule-eiserfeld.de\/wp-content\/uploads\/2019\/07\/image-15.png?ssl=1\"><img data-recalc-dims=\"1\" loading=\"lazy\" decoding=\"async\" style=\"margin: 6px 0px 0px 6px; border: 0px currentcolor; float: right; display: inline; background-image: none;\" title=\"image\" src=\"https:\/\/i0.wp.com\/www.gesamtschule-eiserfeld.de\/wp-content\/uploads\/2019\/07\/image_thumb-15.png?resize=118%2C89&#038;ssl=1\" alt=\"image\" width=\"118\" height=\"89\" align=\"right\" border=\"0\" \/><\/a>\u201cSo muss Schule sein!\u201d, meint ein Vater aus der F\u00fcnf und freut sich. Recht hat er! Das sieht auch Uschi Zingler so, als Didaktische Leiterin seit Jahren verantwortlich f\u00fcr den gro\u00dfen Erfolg dieses Unterstufenfestes. Jetzt kommen erst mal die Ferien und dann &#8211; beginnen wieder Vorbereitungen f\u00fcr 2020. So ist Schule halt!<\/p>\n<p><a href=\"https:\/\/i0.wp.com\/www.gesamtschule-eiserfeld.de\/wp-content\/uploads\/2019\/07\/image-16.png?ssl=1\"><img data-recalc-dims=\"1\" loading=\"lazy\" decoding=\"async\" style=\"border: 0px currentcolor; display: inline; background-image: none;\" title=\"image\" src=\"https:\/\/i0.wp.com\/www.gesamtschule-eiserfeld.de\/wp-content\/uploads\/2019\/07\/image_thumb-16.png?resize=89%2C119&#038;ssl=1\" alt=\"image\" width=\"89\" height=\"119\" border=\"0\" \/> \u00a0<\/a> <a href=\"https:\/\/i0.wp.com\/www.gesamtschule-eiserfeld.de\/wp-content\/uploads\/2019\/07\/image-17.png?ssl=1\">\u00a0 <img data-recalc-dims=\"1\" loading=\"lazy\" decoding=\"async\" style=\"border: 0px currentcolor; display: inline; background-image: none;\" title=\"image\" src=\"https:\/\/i0.wp.com\/www.gesamtschule-eiserfeld.de\/wp-content\/uploads\/2019\/07\/image_thumb-17.png?resize=176%2C116&#038;ssl=1\" alt=\"image\" width=\"176\" height=\"116\" border=\"0\" \/> \u00a0 <\/a>\u00a0\u00a0 <a href=\"https:\/\/i0.wp.com\/www.gesamtschule-eiserfeld.de\/wp-content\/uploads\/2019\/07\/image-18.png?ssl=1\"><img data-recalc-dims=\"1\" loading=\"lazy\" decoding=\"async\" style=\"border: 0px currentcolor; display: inline; background-image: none;\" title=\"image\" src=\"https:\/\/i0.wp.com\/www.gesamtschule-eiserfeld.de\/wp-content\/uploads\/2019\/07\/image_thumb-18.png?resize=158%2C118&#038;ssl=1\" alt=\"image\" width=\"158\" height=\"118\" border=\"0\" \/> <\/a>\u00a0<a href=\"https:\/\/i0.wp.com\/www.gesamtschule-eiserfeld.de\/wp-content\/uploads\/2019\/07\/image-19.png?ssl=1\"><img data-recalc-dims=\"1\" loading=\"lazy\" decoding=\"async\" style=\"border: 0px currentcolor; display: inline; background-image: none;\" title=\"image\" src=\"https:\/\/i0.wp.com\/www.gesamtschule-eiserfeld.de\/wp-content\/uploads\/2019\/07\/image_thumb-19.png?resize=155%2C118&#038;ssl=1\" alt=\"image\" width=\"155\" height=\"118\" border=\"0\" \/><\/a> <a href=\"https:\/\/i0.wp.com\/www.gesamtschule-eiserfeld.de\/wp-content\/uploads\/2019\/07\/image-20.png?ssl=1\">\u00a0\u00a0 <img data-recalc-dims=\"1\" loading=\"lazy\" decoding=\"async\" style=\"border: 0px currentcolor; display: inline; background-image: none;\" title=\"image\" src=\"https:\/\/i0.wp.com\/www.gesamtschule-eiserfeld.de\/wp-content\/uploads\/2019\/07\/image_thumb-20.png?resize=196%2C117&#038;ssl=1\" alt=\"image\" width=\"196\" height=\"117\" border=\"0\" \/> <\/a>\u00a0<a href=\"https:\/\/i0.wp.com\/www.gesamtschule-eiserfeld.de\/wp-content\/uploads\/2019\/07\/image-21.png?ssl=1\"><img data-recalc-dims=\"1\" loading=\"lazy\" decoding=\"async\" style=\"border: 0px currentcolor; display: inline; background-image: none;\" title=\"image\" src=\"https:\/\/i0.wp.com\/www.gesamtschule-eiserfeld.de\/wp-content\/uploads\/2019\/07\/image_thumb-21.png?resize=152%2C114&#038;ssl=1\" alt=\"image\" width=\"152\" height=\"114\" border=\"0\" \/><\/a> <a href=\"https:\/\/i0.wp.com\/www.gesamtschule-eiserfeld.de\/wp-content\/uploads\/2019\/07\/image-22.png?ssl=1\">\u00a0 <img data-recalc-dims=\"1\" loading=\"lazy\" decoding=\"async\" style=\"border: 0px currentcolor; display: inline; background-image: none;\" title=\"image\" src=\"https:\/\/i0.wp.com\/www.gesamtschule-eiserfeld.de\/wp-content\/uploads\/2019\/07\/image_thumb-22.png?resize=155%2C116&#038;ssl=1\" alt=\"image\" width=\"155\" height=\"116\" border=\"0\" \/> <\/a>\u00a0<a href=\"https:\/\/i0.wp.com\/www.gesamtschule-eiserfeld.de\/wp-content\/uploads\/2019\/07\/image-23.png?ssl=1\"><img data-recalc-dims=\"1\" loading=\"lazy\" decoding=\"async\" style=\"border: 0px currentcolor; display: inline; background-image: none;\" title=\"image\" src=\"https:\/\/i0.wp.com\/www.gesamtschule-eiserfeld.de\/wp-content\/uploads\/2019\/07\/image_thumb-23.png?resize=172%2C113&#038;ssl=1\" alt=\"image\" width=\"172\" height=\"113\" border=\"0\" \/><\/a>\u00a0 \u00a0 <a href=\"https:\/\/i0.wp.com\/www.gesamtschule-eiserfeld.de\/wp-content\/uploads\/2019\/07\/image-24.png?ssl=1\"><img data-recalc-dims=\"1\" loading=\"lazy\" decoding=\"async\" style=\"border: 0px currentcolor; display: inline; background-image: none;\" title=\"image\" src=\"https:\/\/i0.wp.com\/www.gesamtschule-eiserfeld.de\/wp-content\/uploads\/2019\/07\/image_thumb-24.png?resize=147%2C110&#038;ssl=1\" alt=\"image\" width=\"147\" height=\"110\" border=\"0\" \/>\u00a0\u00a0\u00a0\u00a0<\/a> \u00a0<a href=\"https:\/\/i0.wp.com\/www.gesamtschule-eiserfeld.de\/wp-content\/uploads\/2019\/07\/image-25.png?ssl=1\">\u00a0 <img data-recalc-dims=\"1\" loading=\"lazy\" decoding=\"async\" style=\"border: 0px currentcolor; display: inline; background-image: none;\" title=\"image\" src=\"https:\/\/i0.wp.com\/www.gesamtschule-eiserfeld.de\/wp-content\/uploads\/2019\/07\/image_thumb-25.png?resize=145%2C109&#038;ssl=1\" alt=\"image\" width=\"145\" height=\"109\" border=\"0\" \/> \u00a0<\/a> <a href=\"https:\/\/i0.wp.com\/www.gesamtschule-eiserfeld.de\/wp-content\/uploads\/2019\/07\/image-26.png?ssl=1\">\u00a0 <img data-recalc-dims=\"1\" loading=\"lazy\" decoding=\"async\" style=\"border: 0px currentcolor; display: inline; background-image: none;\" title=\"image\" src=\"https:\/\/i0.wp.com\/www.gesamtschule-eiserfeld.de\/wp-content\/uploads\/2019\/07\/image_thumb-26.png?resize=168%2C111&#038;ssl=1\" alt=\"image\" width=\"168\" height=\"111\" border=\"0\" \/> \u00a0<\/a>\u00a0<a href=\"https:\/\/i0.wp.com\/www.gesamtschule-eiserfeld.de\/wp-content\/uploads\/2019\/07\/image-27.png?ssl=1\"><img data-recalc-dims=\"1\" loading=\"lazy\" decoding=\"async\" style=\"border: 0px currentcolor; display: inline; background-image: none;\" title=\"image\" src=\"https:\/\/i0.wp.com\/www.gesamtschule-eiserfeld.de\/wp-content\/uploads\/2019\/07\/image_thumb-27.png?resize=171%2C112&#038;ssl=1\" alt=\"image\" width=\"171\" height=\"112\" border=\"0\" \/><\/a>\u00a0 \u00a0<a href=\"https:\/\/i0.wp.com\/www.gesamtschule-eiserfeld.de\/wp-content\/uploads\/2019\/07\/image-28.png?ssl=1\"> <img data-recalc-dims=\"1\" loading=\"lazy\" decoding=\"async\" style=\"border: 0px currentcolor; display: inline; background-image: none;\" title=\"image\" src=\"https:\/\/i0.wp.com\/www.gesamtschule-eiserfeld.de\/wp-content\/uploads\/2019\/07\/image_thumb-28.png?resize=193%2C114&#038;ssl=1\" alt=\"image\" width=\"193\" height=\"114\" border=\"0\" \/> \u00a0 <\/a><\/p>\n","protected":false},"excerpt":{"rendered":"<p>MuKu-Fest 2019 [2019-07-03 J\u00dcNG]\u00a0 \u201cUnd das Wetter spielt schon wieder mit. Wie macht ihr das?\u201d Die Mutter einer Sechstkl\u00e4sslerin lacht und bei\u00dft gen\u00fcsslich in ihre Grillwurst. Stimmt &#8211; und es ist auch gar nicht mehr so hei\u00df, Gott sei Dank! Zumindest gilt das f\u00fcr den Bereich vor der Aula. Dort str\u00f6men bereits seit vor F\u00fcnf &hellip; <a href=\"https:\/\/www.gesamtschule-eiserfeld.de\/?p=12509\" class=\"more-link\"><span class=\"screen-reader-text\">So muss Schule sein<\/span> weiterlesen <span class=\"meta-nav\">&rarr;<\/span><\/a><\/p>\n","protected":false},"author":9,"featured_media":0,"comment_status":"closed","ping_status":"open","sticky":false,"template":"","format":"standard","meta":{"jetpack_post_was_ever_published":false,"_jetpack_newsletter_access":"","_jetpack_dont_email_post_to_subs":false,"_jetpack_newsletter_tier_id":0,"_jetpack_memberships_contains_paywalled_content":false,"_jetpack_memberships_contains_paid_content":false,"footnotes":"","jetpack_publicize_message":"","jetpack_publicize_feature_enabled":true,"jetpack_social_post_already_shared":true,"jetpack_social_options":{"image_generator_settings":{"template":"highway","default_image_id":0,"font":"","enabled":false},"version":2}},"categories":[1,100,34,131,10,145],"tags":[],"class_list":["post-12509","post","type-post","status-publish","format-standard","hentry","category-allgemein","category-feiern","category-jg-56","category-musik","category-projekte","category-video"],"yoast_head":"<!-- This site is optimized with the Yoast SEO plugin v27.4 - https:\/\/yoast.com\/product\/yoast-seo-wordpress\/ -->\n<title>So muss Schule sein - Gesamtschule Eiserfeld<\/title>\n<meta name=\"robots\" content=\"index, follow, max-snippet:-1, max-image-preview:large, max-video-preview:-1\" \/>\n<link rel=\"canonical\" href=\"https:\/\/www.gesamtschule-eiserfeld.de\/?p=12509\" \/>\n<meta property=\"og:locale\" content=\"de_DE\" \/>\n<meta property=\"og:type\" content=\"article\" \/>\n<meta property=\"og:title\" content=\"So muss Schule sein - Gesamtschule Eiserfeld\" \/>\n<meta property=\"og:description\" content=\"MuKu-Fest 2019 [2019-07-03 J\u00dcNG]\u00a0 \u201cUnd das Wetter spielt schon wieder mit. Wie macht ihr das?\u201d Die Mutter einer Sechstkl\u00e4sslerin lacht und bei\u00dft gen\u00fcsslich in ihre Grillwurst. Stimmt &#8211; und es ist auch gar nicht mehr so hei\u00df, Gott sei Dank! Zumindest gilt das f\u00fcr den Bereich vor der Aula. Dort str\u00f6men bereits seit vor F\u00fcnf &hellip; So muss Schule sein weiterlesen &rarr;\" \/>\n<meta property=\"og:url\" content=\"https:\/\/www.gesamtschule-eiserfeld.de\/?p=12509\" \/>\n<meta property=\"og:site_name\" content=\"Gesamtschule Eiserfeld\" \/>\n<meta property=\"article:publisher\" content=\"https:\/\/www.facebook.com\/GEEiserfeld\" \/>\n<meta property=\"article:published_time\" content=\"2019-07-07T10:38:11+00:00\" \/>\n<meta property=\"article:modified_time\" content=\"2019-08-14T08:59:39+00:00\" \/>\n<meta property=\"og:image\" content=\"https:\/\/i0.wp.com\/www.gesamtschule-eiserfeld.de\/wp-content\/uploads\/2019\/07\/image-17.png?fit=1024%2C675&ssl=1\" \/>\n\t<meta property=\"og:image:width\" content=\"1024\" \/>\n\t<meta property=\"og:image:height\" content=\"675\" \/>\n\t<meta property=\"og:image:type\" content=\"image\/png\" \/>\n<meta name=\"author\" content=\"dorw\" \/>\n<meta name=\"twitter:card\" content=\"summary_large_image\" \/>\n<meta name=\"twitter:label1\" content=\"Verfasst von\" \/>\n\t<meta name=\"twitter:data1\" content=\"dorw\" \/>\n\t<meta name=\"twitter:label2\" content=\"Gesch\u00e4tzte Lesezeit\" \/>\n\t<meta name=\"twitter:data2\" content=\"2\u00a0Minuten\" \/>\n<script type=\"application\/ld+json\" class=\"yoast-schema-graph\">{\"@context\":\"https:\\\/\\\/schema.org\",\"@graph\":[{\"@type\":\"Article\",\"@id\":\"https:\\\/\\\/www.gesamtschule-eiserfeld.de\\\/?p=12509#article\",\"isPartOf\":{\"@id\":\"https:\\\/\\\/www.gesamtschule-eiserfeld.de\\\/?p=12509\"},\"author\":{\"name\":\"dorw\",\"@id\":\"https:\\\/\\\/www.gesamtschule-eiserfeld.de\\\/#\\\/schema\\\/person\\\/9f37123dd2ff514a1346db435bdb3784\"},\"headline\":\"So muss Schule sein\",\"datePublished\":\"2019-07-07T10:38:11+00:00\",\"dateModified\":\"2019-08-14T08:59:39+00:00\",\"mainEntityOfPage\":{\"@id\":\"https:\\\/\\\/www.gesamtschule-eiserfeld.de\\\/?p=12509\"},\"wordCount\":410,\"publisher\":{\"@id\":\"https:\\\/\\\/www.gesamtschule-eiserfeld.de\\\/#organization\"},\"image\":{\"@id\":\"https:\\\/\\\/www.gesamtschule-eiserfeld.de\\\/?p=12509#primaryimage\"},\"thumbnailUrl\":\"https:\\\/\\\/www.gesamtschule-eiserfeld.de\\\/wp-content\\\/uploads\\\/2019\\\/07\\\/image_thumb-5.png\",\"articleSection\":{\"1\":\"FEIERN\",\"2\":\"Jg 5\\\/6\",\"3\":\"MUSIK\",\"4\":\"Projekte\",\"5\":\"VIDEO\"},\"inLanguage\":\"de\"},{\"@type\":\"WebPage\",\"@id\":\"https:\\\/\\\/www.gesamtschule-eiserfeld.de\\\/?p=12509\",\"url\":\"https:\\\/\\\/www.gesamtschule-eiserfeld.de\\\/?p=12509\",\"name\":\"So muss Schule sein - Gesamtschule Eiserfeld\",\"isPartOf\":{\"@id\":\"https:\\\/\\\/www.gesamtschule-eiserfeld.de\\\/#website\"},\"primaryImageOfPage\":{\"@id\":\"https:\\\/\\\/www.gesamtschule-eiserfeld.de\\\/?p=12509#primaryimage\"},\"image\":{\"@id\":\"https:\\\/\\\/www.gesamtschule-eiserfeld.de\\\/?p=12509#primaryimage\"},\"thumbnailUrl\":\"https:\\\/\\\/www.gesamtschule-eiserfeld.de\\\/wp-content\\\/uploads\\\/2019\\\/07\\\/image_thumb-5.png\",\"datePublished\":\"2019-07-07T10:38:11+00:00\",\"dateModified\":\"2019-08-14T08:59:39+00:00\",\"breadcrumb\":{\"@id\":\"https:\\\/\\\/www.gesamtschule-eiserfeld.de\\\/?p=12509#breadcrumb\"},\"inLanguage\":\"de\",\"potentialAction\":[{\"@type\":\"ReadAction\",\"target\":[\"https:\\\/\\\/www.gesamtschule-eiserfeld.de\\\/?p=12509\"]}]},{\"@type\":\"ImageObject\",\"inLanguage\":\"de\",\"@id\":\"https:\\\/\\\/www.gesamtschule-eiserfeld.de\\\/?p=12509#primaryimage\",\"url\":\"https:\\\/\\\/i0.wp.com\\\/www.gesamtschule-eiserfeld.de\\\/wp-content\\\/uploads\\\/2019\\\/07\\\/image_thumb-5.png?fit=154%2C102&ssl=1\",\"contentUrl\":\"https:\\\/\\\/i0.wp.com\\\/www.gesamtschule-eiserfeld.de\\\/wp-content\\\/uploads\\\/2019\\\/07\\\/image_thumb-5.png?fit=154%2C102&ssl=1\",\"width\":154,\"height\":102},{\"@type\":\"BreadcrumbList\",\"@id\":\"https:\\\/\\\/www.gesamtschule-eiserfeld.de\\\/?p=12509#breadcrumb\",\"itemListElement\":[{\"@type\":\"ListItem\",\"position\":1,\"name\":\"Startseite\",\"item\":\"https:\\\/\\\/www.gesamtschule-eiserfeld.de\\\/\"},{\"@type\":\"ListItem\",\"position\":2,\"name\":\"So muss Schule sein\"}]},{\"@type\":\"WebSite\",\"@id\":\"https:\\\/\\\/www.gesamtschule-eiserfeld.de\\\/#website\",\"url\":\"https:\\\/\\\/www.gesamtschule-eiserfeld.de\\\/\",\"name\":\"Gesamtschule Eiserfeld\",\"description\":\"\",\"publisher\":{\"@id\":\"https:\\\/\\\/www.gesamtschule-eiserfeld.de\\\/#organization\"},\"potentialAction\":[{\"@type\":\"SearchAction\",\"target\":{\"@type\":\"EntryPoint\",\"urlTemplate\":\"https:\\\/\\\/www.gesamtschule-eiserfeld.de\\\/?s={search_term_string}\"},\"query-input\":{\"@type\":\"PropertyValueSpecification\",\"valueRequired\":true,\"valueName\":\"search_term_string\"}}],\"inLanguage\":\"de\"},{\"@type\":\"Organization\",\"@id\":\"https:\\\/\\\/www.gesamtschule-eiserfeld.de\\\/#organization\",\"name\":\"Gesamtschule Eiserfeld\",\"url\":\"https:\\\/\\\/www.gesamtschule-eiserfeld.de\\\/\",\"logo\":{\"@type\":\"ImageObject\",\"inLanguage\":\"de\",\"@id\":\"https:\\\/\\\/www.gesamtschule-eiserfeld.de\\\/#\\\/schema\\\/logo\\\/image\\\/\",\"url\":\"https:\\\/\\\/i1.wp.com\\\/www.gesamtschule-eiserfeld.de\\\/wp-content\\\/uploads\\\/2019\\\/01\\\/GEE-Logo-neu.jpg?fit=436%2C126&ssl=1\",\"contentUrl\":\"https:\\\/\\\/i1.wp.com\\\/www.gesamtschule-eiserfeld.de\\\/wp-content\\\/uploads\\\/2019\\\/01\\\/GEE-Logo-neu.jpg?fit=436%2C126&ssl=1\",\"width\":436,\"height\":126,\"caption\":\"Gesamtschule Eiserfeld\"},\"image\":{\"@id\":\"https:\\\/\\\/www.gesamtschule-eiserfeld.de\\\/#\\\/schema\\\/logo\\\/image\\\/\"},\"sameAs\":[\"https:\\\/\\\/www.facebook.com\\\/GEEiserfeld\"]},{\"@type\":\"Person\",\"@id\":\"https:\\\/\\\/www.gesamtschule-eiserfeld.de\\\/#\\\/schema\\\/person\\\/9f37123dd2ff514a1346db435bdb3784\",\"name\":\"dorw\",\"sameAs\":[\"http:\\\/\\\/www.ge-eiserfeld.de\"],\"url\":\"https:\\\/\\\/www.gesamtschule-eiserfeld.de\\\/?author=9\"}]}<\/script>\n<!-- \/ Yoast SEO plugin. -->","yoast_head_json":{"title":"So muss Schule sein - Gesamtschule Eiserfeld","robots":{"index":"index","follow":"follow","max-snippet":"max-snippet:-1","max-image-preview":"max-image-preview:large","max-video-preview":"max-video-preview:-1"},"canonical":"https:\/\/www.gesamtschule-eiserfeld.de\/?p=12509","og_locale":"de_DE","og_type":"article","og_title":"So muss Schule sein - Gesamtschule Eiserfeld","og_description":"MuKu-Fest 2019 [2019-07-03 J\u00dcNG]\u00a0 \u201cUnd das Wetter spielt schon wieder mit. Wie macht ihr das?\u201d Die Mutter einer Sechstkl\u00e4sslerin lacht und bei\u00dft gen\u00fcsslich in ihre Grillwurst. Stimmt &#8211; und es ist auch gar nicht mehr so hei\u00df, Gott sei Dank! Zumindest gilt das f\u00fcr den Bereich vor der Aula. Dort str\u00f6men bereits seit vor F\u00fcnf &hellip; So muss Schule sein weiterlesen &rarr;","og_url":"https:\/\/www.gesamtschule-eiserfeld.de\/?p=12509","og_site_name":"Gesamtschule Eiserfeld","article_publisher":"https:\/\/www.facebook.com\/GEEiserfeld","article_published_time":"2019-07-07T10:38:11+00:00","article_modified_time":"2019-08-14T08:59:39+00:00","og_image":[{"width":1024,"height":675,"url":"https:\/\/i0.wp.com\/www.gesamtschule-eiserfeld.de\/wp-content\/uploads\/2019\/07\/image-17.png?fit=1024%2C675&ssl=1","type":"image\/png"}],"author":"dorw","twitter_card":"summary_large_image","twitter_misc":{"Verfasst von":"dorw","Gesch\u00e4tzte Lesezeit":"2\u00a0Minuten"},"schema":{"@context":"https:\/\/schema.org","@graph":[{"@type":"Article","@id":"https:\/\/www.gesamtschule-eiserfeld.de\/?p=12509#article","isPartOf":{"@id":"https:\/\/www.gesamtschule-eiserfeld.de\/?p=12509"},"author":{"name":"dorw","@id":"https:\/\/www.gesamtschule-eiserfeld.de\/#\/schema\/person\/9f37123dd2ff514a1346db435bdb3784"},"headline":"So muss Schule sein","datePublished":"2019-07-07T10:38:11+00:00","dateModified":"2019-08-14T08:59:39+00:00","mainEntityOfPage":{"@id":"https:\/\/www.gesamtschule-eiserfeld.de\/?p=12509"},"wordCount":410,"publisher":{"@id":"https:\/\/www.gesamtschule-eiserfeld.de\/#organization"},"image":{"@id":"https:\/\/www.gesamtschule-eiserfeld.de\/?p=12509#primaryimage"},"thumbnailUrl":"https:\/\/www.gesamtschule-eiserfeld.de\/wp-content\/uploads\/2019\/07\/image_thumb-5.png","articleSection":{"1":"FEIERN","2":"Jg 5\/6","3":"MUSIK","4":"Projekte","5":"VIDEO"},"inLanguage":"de"},{"@type":"WebPage","@id":"https:\/\/www.gesamtschule-eiserfeld.de\/?p=12509","url":"https:\/\/www.gesamtschule-eiserfeld.de\/?p=12509","name":"So muss Schule sein - Gesamtschule Eiserfeld","isPartOf":{"@id":"https:\/\/www.gesamtschule-eiserfeld.de\/#website"},"primaryImageOfPage":{"@id":"https:\/\/www.gesamtschule-eiserfeld.de\/?p=12509#primaryimage"},"image":{"@id":"https:\/\/www.gesamtschule-eiserfeld.de\/?p=12509#primaryimage"},"thumbnailUrl":"https:\/\/www.gesamtschule-eiserfeld.de\/wp-content\/uploads\/2019\/07\/image_thumb-5.png","datePublished":"2019-07-07T10:38:11+00:00","dateModified":"2019-08-14T08:59:39+00:00","breadcrumb":{"@id":"https:\/\/www.gesamtschule-eiserfeld.de\/?p=12509#breadcrumb"},"inLanguage":"de","potentialAction":[{"@type":"ReadAction","target":["https:\/\/www.gesamtschule-eiserfeld.de\/?p=12509"]}]},{"@type":"ImageObject","inLanguage":"de","@id":"https:\/\/www.gesamtschule-eiserfeld.de\/?p=12509#primaryimage","url":"https:\/\/i0.wp.com\/www.gesamtschule-eiserfeld.de\/wp-content\/uploads\/2019\/07\/image_thumb-5.png?fit=154%2C102&ssl=1","contentUrl":"https:\/\/i0.wp.com\/www.gesamtschule-eiserfeld.de\/wp-content\/uploads\/2019\/07\/image_thumb-5.png?fit=154%2C102&ssl=1","width":154,"height":102},{"@type":"BreadcrumbList","@id":"https:\/\/www.gesamtschule-eiserfeld.de\/?p=12509#breadcrumb","itemListElement":[{"@type":"ListItem","position":1,"name":"Startseite","item":"https:\/\/www.gesamtschule-eiserfeld.de\/"},{"@type":"ListItem","position":2,"name":"So muss Schule sein"}]},{"@type":"WebSite","@id":"https:\/\/www.gesamtschule-eiserfeld.de\/#website","url":"https:\/\/www.gesamtschule-eiserfeld.de\/","name":"Gesamtschule Eiserfeld","description":"","publisher":{"@id":"https:\/\/www.gesamtschule-eiserfeld.de\/#organization"},"potentialAction":[{"@type":"SearchAction","target":{"@type":"EntryPoint","urlTemplate":"https:\/\/www.gesamtschule-eiserfeld.de\/?s={search_term_string}"},"query-input":{"@type":"PropertyValueSpecification","valueRequired":true,"valueName":"search_term_string"}}],"inLanguage":"de"},{"@type":"Organization","@id":"https:\/\/www.gesamtschule-eiserfeld.de\/#organization","name":"Gesamtschule Eiserfeld","url":"https:\/\/www.gesamtschule-eiserfeld.de\/","logo":{"@type":"ImageObject","inLanguage":"de","@id":"https:\/\/www.gesamtschule-eiserfeld.de\/#\/schema\/logo\/image\/","url":"https:\/\/i1.wp.com\/www.gesamtschule-eiserfeld.de\/wp-content\/uploads\/2019\/01\/GEE-Logo-neu.jpg?fit=436%2C126&ssl=1","contentUrl":"https:\/\/i1.wp.com\/www.gesamtschule-eiserfeld.de\/wp-content\/uploads\/2019\/01\/GEE-Logo-neu.jpg?fit=436%2C126&ssl=1","width":436,"height":126,"caption":"Gesamtschule Eiserfeld"},"image":{"@id":"https:\/\/www.gesamtschule-eiserfeld.de\/#\/schema\/logo\/image\/"},"sameAs":["https:\/\/www.facebook.com\/GEEiserfeld"]},{"@type":"Person","@id":"https:\/\/www.gesamtschule-eiserfeld.de\/#\/schema\/person\/9f37123dd2ff514a1346db435bdb3784","name":"dorw","sameAs":["http:\/\/www.ge-eiserfeld.de"],"url":"https:\/\/www.gesamtschule-eiserfeld.de\/?author=9"}]}},"jetpack_publicize_connections":[],"jetpack_featured_media_url":"","jetpack_shortlink":"https:\/\/wp.me\/p2weeL-3fL","jetpack_sharing_enabled":true,"_links":{"self":[{"href":"https:\/\/www.gesamtschule-eiserfeld.de\/index.php?rest_route=\/wp\/v2\/posts\/12509","targetHints":{"allow":["GET"]}}],"collection":[{"href":"https:\/\/www.gesamtschule-eiserfeld.de\/index.php?rest_route=\/wp\/v2\/posts"}],"about":[{"href":"https:\/\/www.gesamtschule-eiserfeld.de\/index.php?rest_route=\/wp\/v2\/types\/post"}],"author":[{"embeddable":true,"href":"https:\/\/www.gesamtschule-eiserfeld.de\/index.php?rest_route=\/wp\/v2\/users\/9"}],"replies":[{"embeddable":true,"href":"https:\/\/www.gesamtschule-eiserfeld.de\/index.php?rest_route=%2Fwp%2Fv2%2Fcomments&post=12509"}],"version-history":[{"count":0,"href":"https:\/\/www.gesamtschule-eiserfeld.de\/index.php?rest_route=\/wp\/v2\/posts\/12509\/revisions"}],"wp:attachment":[{"href":"https:\/\/www.gesamtschule-eiserfeld.de\/index.php?rest_route=%2Fwp%2Fv2%2Fmedia&parent=12509"}],"wp:term":[{"taxonomy":"category","embeddable":true,"href":"https:\/\/www.gesamtschule-eiserfeld.de\/index.php?rest_route=%2Fwp%2Fv2%2Fcategories&post=12509"},{"taxonomy":"post_tag","embeddable":true,"href":"https:\/\/www.gesamtschule-eiserfeld.de\/index.php?rest_route=%2Fwp%2Fv2%2Ftags&post=12509"}],"curies":[{"name":"wp","href":"https:\/\/api.w.org\/{rel}","templated":true}]}}