{"id":12611,"date":"2019-07-14T21:45:43","date_gmt":"2019-07-14T20:45:43","guid":{"rendered":"https:\/\/www.gesamtschule-eiserfeld.de\/?p=12611"},"modified":"2019-07-14T21:45:43","modified_gmt":"2019-07-14T20:45:43","slug":"morgen-mehr-7e-im-interaktiven-lernlabor-der-bildungssttte-anne-frank","status":"publish","type":"post","link":"https:\/\/www.gesamtschule-eiserfeld.de\/?p=12611","title":{"rendered":"&ldquo;Morgen mehr!&rdquo; &#8211; 7E im Interaktiven Lernlabor der Bildungsst&auml;tte Anne Frank"},"content":{"rendered":"<p align=\"justify\"><a href=\"https:\/\/i0.wp.com\/www.gesamtschule-eiserfeld.de\/wp-content\/uploads\/2019\/07\/clip_image002-1.jpg?ssl=1\"><img data-recalc-dims=\"1\" loading=\"lazy\" decoding=\"async\" width=\"240\" height=\"160\" title=\"clip_image002\" align=\"left\" style=\"margin: 6px 6px 0px 0px; border: 0px currentcolor; border-image: none; float: left; display: inline; background-image: none;\" alt=\"clip_image002\" src=\"https:\/\/i0.wp.com\/www.gesamtschule-eiserfeld.de\/wp-content\/uploads\/2019\/07\/clip_image002_thumb-1.jpg?resize=240%2C160&#038;ssl=1\" border=\"0\" hspace=\"12\"><\/a> [2019-07-14 MEIN \/ Foto: Luke S. 7E] \u201eMorgen mehr!\u201c, gab Anne Frank sich selbst ein Versprechen, nachdem sie ihren ersten Tagebucheintrag geschrieben hatte. Das war im Sommer 1942. Am 12. Juni, einem warmen Sommertag, w\u00e4re Anne 90 Jahre alt geworden. Rund um diesen Geburtstag besch\u00e4ftigte sich die 7e mit der Lekt\u00fcre \u201eAlles \u00fcber Anne\u201c, worin die Biografie der ber\u00fchmten Zeitzeugin mit den historischen Hintergr\u00fcnden erg\u00e4nzt wird, welche zum millionenfachen V\u00f6lkermord f\u00fchrten.<!--more--><\/p>\n<p align=\"justify\"><a href=\"https:\/\/i0.wp.com\/www.gesamtschule-eiserfeld.de\/wp-content\/uploads\/2019\/07\/clip_image004-1.jpg?ssl=1\"><img data-recalc-dims=\"1\" loading=\"lazy\" decoding=\"async\" width=\"167\" height=\"240\" title=\"clip_image004\" align=\"right\" style=\"margin: 6px 0px 0px 6px; border-image: none; float: right; display: inline; background-image: none;\" alt=\"clip_image004\" src=\"https:\/\/i0.wp.com\/www.gesamtschule-eiserfeld.de\/wp-content\/uploads\/2019\/07\/clip_image004_thumb-1.jpg?resize=167%2C240&#038;ssl=1\" border=\"0\" hspace=\"12\"><\/a>Die Sch\u00fclerinnen und Sch\u00fcler gestalteten dazu liebevoll Lapbooks zur Erinnerung an Anne, oder auch aus einer ver\u00e4nderten Perspektive an ihre Schwester Margot und Fritz Pfeffer. Am Dienstag konnte die 7e ganz nah bei Annes Geburtshaus in Frankfurt ihr Wissen anwenden und \u00fcberpr\u00fcfen. Im interaktiven Lernlabor der Bildungsst\u00e4tte Anne Frank kann man mit Tablets den Weg direkt ins Hinterhaus \u00f6ffnen, ein virtuelles Buch \u00fcber die versteckten Personen entwickeln und die Geschichte des Tagebuches ergr\u00fcnden. Viele Sch\u00fclerinnen und Sch\u00fcler fanden diesen Teil der Ausstellung besonders interessant, denn sie konnten die Zeichnungen aus der Lekt\u00fcre und die Filmszenen mit einem Blick in die Prinsengracht 263 in Amsterdam vergleichen, ohne dorthin zu reisen. <\/p>\n<p align=\"justify\">Was habe ich mir gemerkt? Erstaunlich viel! Ein Quiz ergab bereits gute Ergebnisse, die Klasse konnte aber die Trainerin auch mit Detailwissen und durch einen professionellen Mediengebrauch \u00fcberzeugen.<\/p>\n<p align=\"justify\">\u201eMorgen mehr!\u201c ist allerdings keineswegs nur ein Anne-Frank-Museum. Vielmehr geht es um verschiedene Formen der Aneignung von Geschichte und um Auseinandersetzung mit dem Thema Diskriminierung in seinen vielf\u00e4ltigen Facetten. Gezeigt werden Jugendliche, die ihre eigene Geschichte erz\u00e4hlen, Berichte \u00fcber Rassismus in den USA im 19. Jahrhundert, Biografien von Annes Zeitgenossen aus Konzentrationslagern, aktuelle Blogs, z.B. von Malala Yousafzai. <\/p>\n<p align=\"justify\">F\u00fcr die F\u00e4cher Deutsch und Gesellschaftslehre f\u00fcgen sich die Themen unseres siebten Schuljahres an dieser Stelle zu einem Ganzen: \u201eSchule ohne Rassismus\u201c.<\/p>\n<p align=\"justify\"><a href=\"https:\/\/i0.wp.com\/www.gesamtschule-eiserfeld.de\/wp-content\/uploads\/2019\/07\/clip_image006-1.jpg?ssl=1\"><img data-recalc-dims=\"1\" loading=\"lazy\" decoding=\"async\" width=\"240\" height=\"160\" title=\"clip_image006\" align=\"left\" style=\"margin: 6px 6px 0px 0px; border: 0px currentcolor; border-image: none; float: left; display: inline; background-image: none;\" alt=\"clip_image006\" src=\"https:\/\/i0.wp.com\/www.gesamtschule-eiserfeld.de\/wp-content\/uploads\/2019\/07\/clip_image006_thumb-1.jpg?resize=240%2C160&#038;ssl=1\" border=\"0\" hspace=\"12\"><\/a>Wie entstehen Rassismus, Ausgrenzung, Diskriminierung? Was ist \u201enormal\u201c? Was ist \u201eabweichend\u201c? Wie schleichen sich solche Verhaltensweisen ein? Die Racist Glasses etwa zeigen, wie subtil Assoziationen geweckt werden k\u00f6nnen, die zur Abwertung anderer Menschen f\u00fchren. Im Spiegel staunt man, wie schnell aus Nebens\u00e4chlichem ein Bewertungsmodus entsteht mit ungeahnten ersten Schlussfolgerungen \u00fcber den Charakter und schlie\u00dflich bis hin zur Akzeptanz oder Ablehnung in der Gesellschaft. <\/p>\n<p align=\"justify\"><a href=\"https:\/\/i0.wp.com\/www.gesamtschule-eiserfeld.de\/wp-content\/uploads\/2019\/07\/clip_image008.jpg?ssl=1\"><img data-recalc-dims=\"1\" loading=\"lazy\" decoding=\"async\" width=\"240\" height=\"160\" title=\"clip_image008\" align=\"right\" style=\"margin: 6px 0px 0px 6px; border: 0px currentcolor; border-image: none; float: right; display: inline; background-image: none;\" alt=\"clip_image008\" src=\"https:\/\/i0.wp.com\/www.gesamtschule-eiserfeld.de\/wp-content\/uploads\/2019\/07\/clip_image008_thumb.jpg?resize=240%2C160&#038;ssl=1\" border=\"0\" hspace=\"12\"><\/a>Der Versuch eine Person perfekt zu bekleiden will nicht gelingen. Immer gibt es jemanden, der einen Mangel findet. Mal ist der Rock zu lang, mal der Ausschnitt zu tief. Nie kann man alle zufriedenstellen. Die Beurteilung des Outfits wechselt mit der Perspektive des Betrachters. <\/p>\n<p align=\"justify\">Nach intensiver Einzel- und Gruppenarbeit und einer vertiefenden Diskussion bedankte sich die Gruppe herzlich f\u00fcr das Angebot dieses \u201eanderen\u201c Museums. <\/p>\n<p align=\"justify\"><a href=\"https:\/\/i0.wp.com\/www.gesamtschule-eiserfeld.de\/wp-content\/uploads\/2019\/07\/clip_image010.jpg?ssl=1\"><img data-recalc-dims=\"1\" loading=\"lazy\" decoding=\"async\" width=\"240\" height=\"160\" title=\"clip_image010\" align=\"left\" style=\"margin: 6px 6px 0px 0px; border: 0px currentcolor; border-image: none; float: left; display: inline; background-image: none;\" alt=\"clip_image010\" src=\"https:\/\/i0.wp.com\/www.gesamtschule-eiserfeld.de\/wp-content\/uploads\/2019\/07\/clip_image010_thumb.jpg?resize=240%2C160&#038;ssl=1\" border=\"0\" hspace=\"12\"><\/a>\u201eMuss ich jetzt noch alle durch die Altstadt f\u00fchren und ihnen die Paulskirche zeigen?\u201c fragte Felix, der sich in Frankfurt bereits gut auskennt. &#8211; Nein, das machen wir mal an einem 9. November! Heute ist die Zeit zu knapp. Nach der langen Fahrt und konzentrierten Arbeit muss nicht nur das Hirn, sondern auch der Magen gef\u00fcllt werden!<\/p>\n<p align=\"justify\"><a href=\"https:\/\/i0.wp.com\/www.gesamtschule-eiserfeld.de\/wp-content\/uploads\/2019\/07\/clip_image012.jpg?ssl=1\"><img data-recalc-dims=\"1\" loading=\"lazy\" decoding=\"async\" width=\"240\" height=\"160\" title=\"clip_image012\" align=\"right\" style=\"margin: 6px 0px 0px 6px; border: 0px currentcolor; border-image: none; float: right; display: inline; background-image: none;\" alt=\"clip_image012\" src=\"https:\/\/i0.wp.com\/www.gesamtschule-eiserfeld.de\/wp-content\/uploads\/2019\/07\/clip_image012_thumb.jpg?resize=240%2C160&#038;ssl=1\" border=\"0\" hspace=\"12\"><\/a>Die gr\u00f6\u00dfte Herausforderung des Ausfluges ergab sich am Nachmittag: Wie findet man als Reisender den Weg zum Bahnhof, wenn man zuvor in einen Stadtteil jenseits des Mains gefahren ist? Die Antwort wurde nach l\u00e4ngerem Nachdenken gefunden: Man k\u00f6nnte Einheimische nach dem Weg bzw. nach der richtigen Bus- oder Bahnlinie fragen. Erkenntnis: Man sollte ins Gr\u00fcbeln kommen, wenn in Fahrtrichtung die Stra\u00dfen menschenleer werden \u2013 dann ist man wohl kaum auf dem Weg zum Frankfurter Bahnhof! Das ist \u00fcbrigens in London ganz \u00e4hnlich! <\/p>\n","protected":false},"excerpt":{"rendered":"<p>[2019-07-14 MEIN \/ Foto: Luke S. 7E] \u201eMorgen mehr!\u201c, gab Anne Frank sich selbst ein Versprechen, nachdem sie ihren ersten Tagebucheintrag geschrieben hatte. Das war im Sommer 1942. Am 12. Juni, einem warmen Sommertag, w\u00e4re Anne 90 Jahre alt geworden. Rund um diesen Geburtstag besch\u00e4ftigte sich die 7e mit der Lekt\u00fcre \u201eAlles \u00fcber Anne\u201c, worin &hellip; <a href=\"https:\/\/www.gesamtschule-eiserfeld.de\/?p=12611\" class=\"more-link\"><span class=\"screen-reader-text\">&ldquo;Morgen mehr!&rdquo; &#8211; 7E im Interaktiven Lernlabor der Bildungsst&auml;tte Anne Frank<\/span> weiterlesen <span class=\"meta-nav\">&rarr;<\/span><\/a><\/p>\n","protected":false},"author":9,"featured_media":0,"comment_status":"closed","ping_status":"open","sticky":false,"template":"","format":"standard","meta":{"jetpack_post_was_ever_published":false,"_jetpack_newsletter_access":"","_jetpack_dont_email_post_to_subs":false,"_jetpack_newsletter_tier_id":0,"_jetpack_memberships_contains_paywalled_content":false,"_jetpack_memberships_contains_paid_content":false,"footnotes":"","jetpack_publicize_message":"","jetpack_publicize_feature_enabled":true,"jetpack_social_post_already_shared":true,"jetpack_social_options":{"image_generator_settings":{"template":"highway","default_image_id":0,"font":"","enabled":false},"version":2}},"categories":[54,53,35,144],"tags":[],"class_list":["post-12611","post","type-post","status-publish","format-standard","hentry","category-aktionen","category-gesellschaftslehre","category-jg-78","category-schule-ohne-rassismus"],"yoast_head":"<!-- This site is optimized with the Yoast SEO plugin v27.4 - https:\/\/yoast.com\/product\/yoast-seo-wordpress\/ -->\n<title>&ldquo;Morgen mehr!&rdquo; - 7E im Interaktiven Lernlabor der Bildungsst&auml;tte Anne Frank - Gesamtschule Eiserfeld<\/title>\n<meta name=\"robots\" content=\"index, follow, max-snippet:-1, max-image-preview:large, max-video-preview:-1\" \/>\n<link rel=\"canonical\" href=\"https:\/\/www.gesamtschule-eiserfeld.de\/?p=12611\" \/>\n<meta property=\"og:locale\" content=\"de_DE\" \/>\n<meta property=\"og:type\" content=\"article\" \/>\n<meta property=\"og:title\" content=\"&ldquo;Morgen mehr!&rdquo; - 7E im Interaktiven Lernlabor der Bildungsst&auml;tte Anne Frank - Gesamtschule Eiserfeld\" \/>\n<meta property=\"og:description\" content=\"[2019-07-14 MEIN \/ Foto: Luke S. 7E] \u201eMorgen mehr!\u201c, gab Anne Frank sich selbst ein Versprechen, nachdem sie ihren ersten Tagebucheintrag geschrieben hatte. Das war im Sommer 1942. Am 12. Juni, einem warmen Sommertag, w\u00e4re Anne 90 Jahre alt geworden. Rund um diesen Geburtstag besch\u00e4ftigte sich die 7e mit der Lekt\u00fcre \u201eAlles \u00fcber Anne\u201c, worin &hellip; &ldquo;Morgen mehr!&rdquo; &#8211; 7E im Interaktiven Lernlabor der Bildungsst&auml;tte Anne Frank weiterlesen &rarr;\" \/>\n<meta property=\"og:url\" content=\"https:\/\/www.gesamtschule-eiserfeld.de\/?p=12611\" \/>\n<meta property=\"og:site_name\" content=\"Gesamtschule Eiserfeld\" \/>\n<meta property=\"article:publisher\" content=\"https:\/\/www.facebook.com\/GEEiserfeld\" \/>\n<meta property=\"article:published_time\" content=\"2019-07-14T20:45:43+00:00\" \/>\n<meta property=\"og:image\" content=\"https:\/\/www.gesamtschule-eiserfeld.de\/wp-content\/uploads\/2019\/07\/clip_image002_thumb-1.jpg\" \/>\n<meta name=\"author\" content=\"dorw\" \/>\n<meta name=\"twitter:card\" content=\"summary_large_image\" \/>\n<meta name=\"twitter:label1\" content=\"Verfasst von\" \/>\n\t<meta name=\"twitter:data1\" content=\"dorw\" \/>\n\t<meta name=\"twitter:label2\" content=\"Gesch\u00e4tzte Lesezeit\" \/>\n\t<meta name=\"twitter:data2\" content=\"3\u00a0Minuten\" \/>\n<script type=\"application\/ld+json\" class=\"yoast-schema-graph\">{\"@context\":\"https:\\\/\\\/schema.org\",\"@graph\":[{\"@type\":\"Article\",\"@id\":\"https:\\\/\\\/www.gesamtschule-eiserfeld.de\\\/?p=12611#article\",\"isPartOf\":{\"@id\":\"https:\\\/\\\/www.gesamtschule-eiserfeld.de\\\/?p=12611\"},\"author\":{\"name\":\"dorw\",\"@id\":\"https:\\\/\\\/www.gesamtschule-eiserfeld.de\\\/#\\\/schema\\\/person\\\/9f37123dd2ff514a1346db435bdb3784\"},\"headline\":\"&ldquo;Morgen mehr!&rdquo; &#8211; 7E im Interaktiven Lernlabor der Bildungsst&auml;tte Anne Frank\",\"datePublished\":\"2019-07-14T20:45:43+00:00\",\"mainEntityOfPage\":{\"@id\":\"https:\\\/\\\/www.gesamtschule-eiserfeld.de\\\/?p=12611\"},\"wordCount\":597,\"publisher\":{\"@id\":\"https:\\\/\\\/www.gesamtschule-eiserfeld.de\\\/#organization\"},\"image\":{\"@id\":\"https:\\\/\\\/www.gesamtschule-eiserfeld.de\\\/?p=12611#primaryimage\"},\"thumbnailUrl\":\"https:\\\/\\\/www.gesamtschule-eiserfeld.de\\\/wp-content\\\/uploads\\\/2019\\\/07\\\/clip_image002_thumb-1.jpg\",\"articleSection\":[\"Aktionen\",\"Gesellschaftslehre\",\"Jg 7\\\/8\",\"SCHULE OHNE RASSISMUS\"],\"inLanguage\":\"de\"},{\"@type\":\"WebPage\",\"@id\":\"https:\\\/\\\/www.gesamtschule-eiserfeld.de\\\/?p=12611\",\"url\":\"https:\\\/\\\/www.gesamtschule-eiserfeld.de\\\/?p=12611\",\"name\":\"&ldquo;Morgen mehr!&rdquo; - 7E im Interaktiven Lernlabor der Bildungsst&auml;tte Anne Frank - Gesamtschule Eiserfeld\",\"isPartOf\":{\"@id\":\"https:\\\/\\\/www.gesamtschule-eiserfeld.de\\\/#website\"},\"primaryImageOfPage\":{\"@id\":\"https:\\\/\\\/www.gesamtschule-eiserfeld.de\\\/?p=12611#primaryimage\"},\"image\":{\"@id\":\"https:\\\/\\\/www.gesamtschule-eiserfeld.de\\\/?p=12611#primaryimage\"},\"thumbnailUrl\":\"https:\\\/\\\/www.gesamtschule-eiserfeld.de\\\/wp-content\\\/uploads\\\/2019\\\/07\\\/clip_image002_thumb-1.jpg\",\"datePublished\":\"2019-07-14T20:45:43+00:00\",\"breadcrumb\":{\"@id\":\"https:\\\/\\\/www.gesamtschule-eiserfeld.de\\\/?p=12611#breadcrumb\"},\"inLanguage\":\"de\",\"potentialAction\":[{\"@type\":\"ReadAction\",\"target\":[\"https:\\\/\\\/www.gesamtschule-eiserfeld.de\\\/?p=12611\"]}]},{\"@type\":\"ImageObject\",\"inLanguage\":\"de\",\"@id\":\"https:\\\/\\\/www.gesamtschule-eiserfeld.de\\\/?p=12611#primaryimage\",\"url\":\"https:\\\/\\\/i0.wp.com\\\/www.gesamtschule-eiserfeld.de\\\/wp-content\\\/uploads\\\/2019\\\/07\\\/clip_image002_thumb-1.jpg?fit=240%2C160&ssl=1\",\"contentUrl\":\"https:\\\/\\\/i0.wp.com\\\/www.gesamtschule-eiserfeld.de\\\/wp-content\\\/uploads\\\/2019\\\/07\\\/clip_image002_thumb-1.jpg?fit=240%2C160&ssl=1\",\"width\":240,\"height\":160},{\"@type\":\"BreadcrumbList\",\"@id\":\"https:\\\/\\\/www.gesamtschule-eiserfeld.de\\\/?p=12611#breadcrumb\",\"itemListElement\":[{\"@type\":\"ListItem\",\"position\":1,\"name\":\"Startseite\",\"item\":\"https:\\\/\\\/www.gesamtschule-eiserfeld.de\\\/\"},{\"@type\":\"ListItem\",\"position\":2,\"name\":\"&ldquo;Morgen mehr!&rdquo; &#8211; 7E im Interaktiven Lernlabor der Bildungsst&auml;tte Anne Frank\"}]},{\"@type\":\"WebSite\",\"@id\":\"https:\\\/\\\/www.gesamtschule-eiserfeld.de\\\/#website\",\"url\":\"https:\\\/\\\/www.gesamtschule-eiserfeld.de\\\/\",\"name\":\"Gesamtschule Eiserfeld\",\"description\":\"\",\"publisher\":{\"@id\":\"https:\\\/\\\/www.gesamtschule-eiserfeld.de\\\/#organization\"},\"potentialAction\":[{\"@type\":\"SearchAction\",\"target\":{\"@type\":\"EntryPoint\",\"urlTemplate\":\"https:\\\/\\\/www.gesamtschule-eiserfeld.de\\\/?s={search_term_string}\"},\"query-input\":{\"@type\":\"PropertyValueSpecification\",\"valueRequired\":true,\"valueName\":\"search_term_string\"}}],\"inLanguage\":\"de\"},{\"@type\":\"Organization\",\"@id\":\"https:\\\/\\\/www.gesamtschule-eiserfeld.de\\\/#organization\",\"name\":\"Gesamtschule Eiserfeld\",\"url\":\"https:\\\/\\\/www.gesamtschule-eiserfeld.de\\\/\",\"logo\":{\"@type\":\"ImageObject\",\"inLanguage\":\"de\",\"@id\":\"https:\\\/\\\/www.gesamtschule-eiserfeld.de\\\/#\\\/schema\\\/logo\\\/image\\\/\",\"url\":\"https:\\\/\\\/i1.wp.com\\\/www.gesamtschule-eiserfeld.de\\\/wp-content\\\/uploads\\\/2019\\\/01\\\/GEE-Logo-neu.jpg?fit=436%2C126&ssl=1\",\"contentUrl\":\"https:\\\/\\\/i1.wp.com\\\/www.gesamtschule-eiserfeld.de\\\/wp-content\\\/uploads\\\/2019\\\/01\\\/GEE-Logo-neu.jpg?fit=436%2C126&ssl=1\",\"width\":436,\"height\":126,\"caption\":\"Gesamtschule Eiserfeld\"},\"image\":{\"@id\":\"https:\\\/\\\/www.gesamtschule-eiserfeld.de\\\/#\\\/schema\\\/logo\\\/image\\\/\"},\"sameAs\":[\"https:\\\/\\\/www.facebook.com\\\/GEEiserfeld\"]},{\"@type\":\"Person\",\"@id\":\"https:\\\/\\\/www.gesamtschule-eiserfeld.de\\\/#\\\/schema\\\/person\\\/9f37123dd2ff514a1346db435bdb3784\",\"name\":\"dorw\",\"sameAs\":[\"http:\\\/\\\/www.ge-eiserfeld.de\"],\"url\":\"https:\\\/\\\/www.gesamtschule-eiserfeld.de\\\/?author=9\"}]}<\/script>\n<!-- \/ Yoast SEO plugin. -->","yoast_head_json":{"title":"&ldquo;Morgen mehr!&rdquo; - 7E im Interaktiven Lernlabor der Bildungsst&auml;tte Anne Frank - Gesamtschule Eiserfeld","robots":{"index":"index","follow":"follow","max-snippet":"max-snippet:-1","max-image-preview":"max-image-preview:large","max-video-preview":"max-video-preview:-1"},"canonical":"https:\/\/www.gesamtschule-eiserfeld.de\/?p=12611","og_locale":"de_DE","og_type":"article","og_title":"&ldquo;Morgen mehr!&rdquo; - 7E im Interaktiven Lernlabor der Bildungsst&auml;tte Anne Frank - Gesamtschule Eiserfeld","og_description":"[2019-07-14 MEIN \/ Foto: Luke S. 7E] \u201eMorgen mehr!\u201c, gab Anne Frank sich selbst ein Versprechen, nachdem sie ihren ersten Tagebucheintrag geschrieben hatte. Das war im Sommer 1942. Am 12. Juni, einem warmen Sommertag, w\u00e4re Anne 90 Jahre alt geworden. Rund um diesen Geburtstag besch\u00e4ftigte sich die 7e mit der Lekt\u00fcre \u201eAlles \u00fcber Anne\u201c, worin &hellip; &ldquo;Morgen mehr!&rdquo; &#8211; 7E im Interaktiven Lernlabor der Bildungsst&auml;tte Anne Frank weiterlesen &rarr;","og_url":"https:\/\/www.gesamtschule-eiserfeld.de\/?p=12611","og_site_name":"Gesamtschule Eiserfeld","article_publisher":"https:\/\/www.facebook.com\/GEEiserfeld","article_published_time":"2019-07-14T20:45:43+00:00","og_image":[{"url":"https:\/\/www.gesamtschule-eiserfeld.de\/wp-content\/uploads\/2019\/07\/clip_image002_thumb-1.jpg","type":"","width":"","height":""}],"author":"dorw","twitter_card":"summary_large_image","twitter_misc":{"Verfasst von":"dorw","Gesch\u00e4tzte Lesezeit":"3\u00a0Minuten"},"schema":{"@context":"https:\/\/schema.org","@graph":[{"@type":"Article","@id":"https:\/\/www.gesamtschule-eiserfeld.de\/?p=12611#article","isPartOf":{"@id":"https:\/\/www.gesamtschule-eiserfeld.de\/?p=12611"},"author":{"name":"dorw","@id":"https:\/\/www.gesamtschule-eiserfeld.de\/#\/schema\/person\/9f37123dd2ff514a1346db435bdb3784"},"headline":"&ldquo;Morgen mehr!&rdquo; &#8211; 7E im Interaktiven Lernlabor der Bildungsst&auml;tte Anne Frank","datePublished":"2019-07-14T20:45:43+00:00","mainEntityOfPage":{"@id":"https:\/\/www.gesamtschule-eiserfeld.de\/?p=12611"},"wordCount":597,"publisher":{"@id":"https:\/\/www.gesamtschule-eiserfeld.de\/#organization"},"image":{"@id":"https:\/\/www.gesamtschule-eiserfeld.de\/?p=12611#primaryimage"},"thumbnailUrl":"https:\/\/www.gesamtschule-eiserfeld.de\/wp-content\/uploads\/2019\/07\/clip_image002_thumb-1.jpg","articleSection":["Aktionen","Gesellschaftslehre","Jg 7\/8","SCHULE OHNE RASSISMUS"],"inLanguage":"de"},{"@type":"WebPage","@id":"https:\/\/www.gesamtschule-eiserfeld.de\/?p=12611","url":"https:\/\/www.gesamtschule-eiserfeld.de\/?p=12611","name":"&ldquo;Morgen mehr!&rdquo; - 7E im Interaktiven Lernlabor der Bildungsst&auml;tte Anne Frank - Gesamtschule Eiserfeld","isPartOf":{"@id":"https:\/\/www.gesamtschule-eiserfeld.de\/#website"},"primaryImageOfPage":{"@id":"https:\/\/www.gesamtschule-eiserfeld.de\/?p=12611#primaryimage"},"image":{"@id":"https:\/\/www.gesamtschule-eiserfeld.de\/?p=12611#primaryimage"},"thumbnailUrl":"https:\/\/www.gesamtschule-eiserfeld.de\/wp-content\/uploads\/2019\/07\/clip_image002_thumb-1.jpg","datePublished":"2019-07-14T20:45:43+00:00","breadcrumb":{"@id":"https:\/\/www.gesamtschule-eiserfeld.de\/?p=12611#breadcrumb"},"inLanguage":"de","potentialAction":[{"@type":"ReadAction","target":["https:\/\/www.gesamtschule-eiserfeld.de\/?p=12611"]}]},{"@type":"ImageObject","inLanguage":"de","@id":"https:\/\/www.gesamtschule-eiserfeld.de\/?p=12611#primaryimage","url":"https:\/\/i0.wp.com\/www.gesamtschule-eiserfeld.de\/wp-content\/uploads\/2019\/07\/clip_image002_thumb-1.jpg?fit=240%2C160&ssl=1","contentUrl":"https:\/\/i0.wp.com\/www.gesamtschule-eiserfeld.de\/wp-content\/uploads\/2019\/07\/clip_image002_thumb-1.jpg?fit=240%2C160&ssl=1","width":240,"height":160},{"@type":"BreadcrumbList","@id":"https:\/\/www.gesamtschule-eiserfeld.de\/?p=12611#breadcrumb","itemListElement":[{"@type":"ListItem","position":1,"name":"Startseite","item":"https:\/\/www.gesamtschule-eiserfeld.de\/"},{"@type":"ListItem","position":2,"name":"&ldquo;Morgen mehr!&rdquo; &#8211; 7E im Interaktiven Lernlabor der Bildungsst&auml;tte Anne Frank"}]},{"@type":"WebSite","@id":"https:\/\/www.gesamtschule-eiserfeld.de\/#website","url":"https:\/\/www.gesamtschule-eiserfeld.de\/","name":"Gesamtschule Eiserfeld","description":"","publisher":{"@id":"https:\/\/www.gesamtschule-eiserfeld.de\/#organization"},"potentialAction":[{"@type":"SearchAction","target":{"@type":"EntryPoint","urlTemplate":"https:\/\/www.gesamtschule-eiserfeld.de\/?s={search_term_string}"},"query-input":{"@type":"PropertyValueSpecification","valueRequired":true,"valueName":"search_term_string"}}],"inLanguage":"de"},{"@type":"Organization","@id":"https:\/\/www.gesamtschule-eiserfeld.de\/#organization","name":"Gesamtschule Eiserfeld","url":"https:\/\/www.gesamtschule-eiserfeld.de\/","logo":{"@type":"ImageObject","inLanguage":"de","@id":"https:\/\/www.gesamtschule-eiserfeld.de\/#\/schema\/logo\/image\/","url":"https:\/\/i1.wp.com\/www.gesamtschule-eiserfeld.de\/wp-content\/uploads\/2019\/01\/GEE-Logo-neu.jpg?fit=436%2C126&ssl=1","contentUrl":"https:\/\/i1.wp.com\/www.gesamtschule-eiserfeld.de\/wp-content\/uploads\/2019\/01\/GEE-Logo-neu.jpg?fit=436%2C126&ssl=1","width":436,"height":126,"caption":"Gesamtschule Eiserfeld"},"image":{"@id":"https:\/\/www.gesamtschule-eiserfeld.de\/#\/schema\/logo\/image\/"},"sameAs":["https:\/\/www.facebook.com\/GEEiserfeld"]},{"@type":"Person","@id":"https:\/\/www.gesamtschule-eiserfeld.de\/#\/schema\/person\/9f37123dd2ff514a1346db435bdb3784","name":"dorw","sameAs":["http:\/\/www.ge-eiserfeld.de"],"url":"https:\/\/www.gesamtschule-eiserfeld.de\/?author=9"}]}},"jetpack_publicize_connections":[],"jetpack_featured_media_url":"","jetpack_shortlink":"https:\/\/wp.me\/p2weeL-3hp","jetpack_sharing_enabled":true,"_links":{"self":[{"href":"https:\/\/www.gesamtschule-eiserfeld.de\/index.php?rest_route=\/wp\/v2\/posts\/12611","targetHints":{"allow":["GET"]}}],"collection":[{"href":"https:\/\/www.gesamtschule-eiserfeld.de\/index.php?rest_route=\/wp\/v2\/posts"}],"about":[{"href":"https:\/\/www.gesamtschule-eiserfeld.de\/index.php?rest_route=\/wp\/v2\/types\/post"}],"author":[{"embeddable":true,"href":"https:\/\/www.gesamtschule-eiserfeld.de\/index.php?rest_route=\/wp\/v2\/users\/9"}],"replies":[{"embeddable":true,"href":"https:\/\/www.gesamtschule-eiserfeld.de\/index.php?rest_route=%2Fwp%2Fv2%2Fcomments&post=12611"}],"version-history":[{"count":0,"href":"https:\/\/www.gesamtschule-eiserfeld.de\/index.php?rest_route=\/wp\/v2\/posts\/12611\/revisions"}],"wp:attachment":[{"href":"https:\/\/www.gesamtschule-eiserfeld.de\/index.php?rest_route=%2Fwp%2Fv2%2Fmedia&parent=12611"}],"wp:term":[{"taxonomy":"category","embeddable":true,"href":"https:\/\/www.gesamtschule-eiserfeld.de\/index.php?rest_route=%2Fwp%2Fv2%2Fcategories&post=12611"},{"taxonomy":"post_tag","embeddable":true,"href":"https:\/\/www.gesamtschule-eiserfeld.de\/index.php?rest_route=%2Fwp%2Fv2%2Ftags&post=12611"}],"curies":[{"name":"wp","href":"https:\/\/api.w.org\/{rel}","templated":true}]}}