{"id":12704,"date":"2019-09-10T18:00:13","date_gmt":"2019-09-10T17:00:13","guid":{"rendered":"https:\/\/www.gesamtschule-eiserfeld.de\/?p=12704"},"modified":"2019-10-06T20:37:54","modified_gmt":"2019-10-06T19:37:54","slug":"back-to-the-roots-klassenfahrt-der-7c-irgendwo-im-nirgendwo","status":"publish","type":"post","link":"https:\/\/www.gesamtschule-eiserfeld.de\/?p=12704","title":{"rendered":"Back to the roots \u2013 Klassenfahrt der 7c: Irgendwo im Nirgendwo"},"content":{"rendered":"<p style=\"text-align: justify;\"><a href=\"https:\/\/www.gesamtschule-eiserfeld.de\/?attachment_id=12705\"><img data-recalc-dims=\"1\" loading=\"lazy\" decoding=\"async\" data-attachment-id=\"12705\" data-permalink=\"https:\/\/www.gesamtschule-eiserfeld.de\/?attachment_id=12705\" data-orig-file=\"https:\/\/i0.wp.com\/www.gesamtschule-eiserfeld.de\/wp-content\/uploads\/2019\/09\/20190903_093504.jpg?fit=1200%2C900&amp;ssl=1\" data-orig-size=\"1200,900\" data-comments-opened=\"0\" data-image-meta=\"{&quot;aperture&quot;:&quot;0&quot;,&quot;credit&quot;:&quot;&quot;,&quot;camera&quot;:&quot;&quot;,&quot;caption&quot;:&quot;&quot;,&quot;created_timestamp&quot;:&quot;0&quot;,&quot;copyright&quot;:&quot;&quot;,&quot;focal_length&quot;:&quot;0&quot;,&quot;iso&quot;:&quot;0&quot;,&quot;shutter_speed&quot;:&quot;0&quot;,&quot;title&quot;:&quot;&quot;,&quot;orientation&quot;:&quot;0&quot;}\" data-image-title=\"20190903_093504\" data-image-description=\"\" data-image-caption=\"\" data-large-file=\"https:\/\/i0.wp.com\/www.gesamtschule-eiserfeld.de\/wp-content\/uploads\/2019\/09\/20190903_093504.jpg?fit=474%2C356&amp;ssl=1\" class=\"alignleft wp-image-12705\" src=\"https:\/\/i0.wp.com\/www.gesamtschule-eiserfeld.de\/wp-content\/uploads\/2019\/09\/20190903_093504.jpg?resize=199%2C149&#038;ssl=1\" alt=\"\" width=\"199\" height=\"149\" srcset=\"https:\/\/i0.wp.com\/www.gesamtschule-eiserfeld.de\/wp-content\/uploads\/2019\/09\/20190903_093504.jpg?resize=300%2C225&amp;ssl=1 300w, https:\/\/i0.wp.com\/www.gesamtschule-eiserfeld.de\/wp-content\/uploads\/2019\/09\/20190903_093504.jpg?resize=200%2C150&amp;ssl=1 200w, https:\/\/i0.wp.com\/www.gesamtschule-eiserfeld.de\/wp-content\/uploads\/2019\/09\/20190903_093504.jpg?resize=768%2C576&amp;ssl=1 768w, https:\/\/i0.wp.com\/www.gesamtschule-eiserfeld.de\/wp-content\/uploads\/2019\/09\/20190903_093504.jpg?resize=1024%2C768&amp;ssl=1 1024w, https:\/\/i0.wp.com\/www.gesamtschule-eiserfeld.de\/wp-content\/uploads\/2019\/09\/20190903_093504.jpg?w=1200&amp;ssl=1 1200w, https:\/\/i0.wp.com\/www.gesamtschule-eiserfeld.de\/wp-content\/uploads\/2019\/09\/20190903_093504.jpg?w=948&amp;ssl=1 948w\" sizes=\"auto, (max-width: 199px) 100vw, 199px\" \/><\/a>[2019-09-09 JUNS\/LUBA]<br \/>\nWiesen, Felder, W\u00e4lder. Handyempfang: Fehlanzeige. Einkaufsm\u00f6glichkeiten? Schokolade, Kaugummi und Cola kaufen? Fernab von jeglicher Zivilisation? Keine Chance! Ein Ausflug ins Kloster? Weit gefehlt. Dennoch: In der Eifel hatten die Seelen der Sch\u00fclerinnen und Sch\u00fcler f\u00fcnf Tage Urlaub.<!--more--><\/p>\n<p style=\"text-align: justify;\"><img data-recalc-dims=\"1\" loading=\"lazy\" decoding=\"async\" data-attachment-id=\"12709\" data-permalink=\"https:\/\/www.gesamtschule-eiserfeld.de\/?attachment_id=12709\" data-orig-file=\"https:\/\/i0.wp.com\/www.gesamtschule-eiserfeld.de\/wp-content\/uploads\/2019\/09\/20190904_170923.jpg?fit=1200%2C900&amp;ssl=1\" data-orig-size=\"1200,900\" data-comments-opened=\"0\" data-image-meta=\"{&quot;aperture&quot;:&quot;0&quot;,&quot;credit&quot;:&quot;&quot;,&quot;camera&quot;:&quot;&quot;,&quot;caption&quot;:&quot;&quot;,&quot;created_timestamp&quot;:&quot;0&quot;,&quot;copyright&quot;:&quot;&quot;,&quot;focal_length&quot;:&quot;0&quot;,&quot;iso&quot;:&quot;0&quot;,&quot;shutter_speed&quot;:&quot;0&quot;,&quot;title&quot;:&quot;&quot;,&quot;orientation&quot;:&quot;0&quot;}\" data-image-title=\"20190904_170923\" data-image-description=\"\" data-image-caption=\"\" data-large-file=\"https:\/\/i0.wp.com\/www.gesamtschule-eiserfeld.de\/wp-content\/uploads\/2019\/09\/20190904_170923.jpg?fit=474%2C356&amp;ssl=1\" class=\" wp-image-12709 alignright\" src=\"https:\/\/i0.wp.com\/www.gesamtschule-eiserfeld.de\/wp-content\/uploads\/2019\/09\/20190904_170923.jpg?resize=251%2C188&#038;ssl=1\" alt=\"\" width=\"251\" height=\"188\" srcset=\"https:\/\/i0.wp.com\/www.gesamtschule-eiserfeld.de\/wp-content\/uploads\/2019\/09\/20190904_170923.jpg?resize=300%2C225&amp;ssl=1 300w, https:\/\/i0.wp.com\/www.gesamtschule-eiserfeld.de\/wp-content\/uploads\/2019\/09\/20190904_170923.jpg?resize=200%2C150&amp;ssl=1 200w, https:\/\/i0.wp.com\/www.gesamtschule-eiserfeld.de\/wp-content\/uploads\/2019\/09\/20190904_170923.jpg?resize=768%2C576&amp;ssl=1 768w, https:\/\/i0.wp.com\/www.gesamtschule-eiserfeld.de\/wp-content\/uploads\/2019\/09\/20190904_170923.jpg?resize=1024%2C768&amp;ssl=1 1024w, https:\/\/i0.wp.com\/www.gesamtschule-eiserfeld.de\/wp-content\/uploads\/2019\/09\/20190904_170923.jpg?w=1200&amp;ssl=1 1200w, https:\/\/i0.wp.com\/www.gesamtschule-eiserfeld.de\/wp-content\/uploads\/2019\/09\/20190904_170923.jpg?w=948&amp;ssl=1 948w\" sizes=\"auto, (max-width: 251px) 100vw, 251px\" \/>Alles neu macht der September: Handyklingeln ersetzt durch Vogelgezwitscher. S\u00fc\u00dfigkeiten-Notstand vorgebeugt durch vollgepackte Koffer. Ein ganzes Haus f\u00fcr uns alleine. Ein Raum voller B\u00fccher und Spiele. Ein Spielplatz inklusive Riesenschaukel und Karussell direkt vor der Haust\u00fcr. Drehen, drehen, drehen \u2013 solange, bis der Magen streikt (oder die Nase blutet). Der Wald direkt nebenan. Schwei\u00dftreibende Joggingeinheiten am Feld entlang. Sonnenblumen. Frische Luft.<\/p>\n<p style=\"text-align: justify;\"><img data-recalc-dims=\"1\" loading=\"lazy\" decoding=\"async\" data-attachment-id=\"12707\" data-permalink=\"https:\/\/www.gesamtschule-eiserfeld.de\/?attachment_id=12707\" data-orig-file=\"https:\/\/i0.wp.com\/www.gesamtschule-eiserfeld.de\/wp-content\/uploads\/2019\/09\/20190903_103435-e1568019140806.jpg?fit=900%2C1200&amp;ssl=1\" data-orig-size=\"900,1200\" data-comments-opened=\"0\" data-image-meta=\"{&quot;aperture&quot;:&quot;0&quot;,&quot;credit&quot;:&quot;&quot;,&quot;camera&quot;:&quot;&quot;,&quot;caption&quot;:&quot;&quot;,&quot;created_timestamp&quot;:&quot;0&quot;,&quot;copyright&quot;:&quot;&quot;,&quot;focal_length&quot;:&quot;0&quot;,&quot;iso&quot;:&quot;0&quot;,&quot;shutter_speed&quot;:&quot;0&quot;,&quot;title&quot;:&quot;&quot;,&quot;orientation&quot;:&quot;0&quot;}\" data-image-title=\"20190903_103435\" data-image-description=\"\" data-image-caption=\"\" data-large-file=\"https:\/\/i0.wp.com\/www.gesamtschule-eiserfeld.de\/wp-content\/uploads\/2019\/09\/20190903_103435-e1568019140806.jpg?fit=474%2C632&amp;ssl=1\" class=\" wp-image-12707 alignleft\" src=\"https:\/\/i0.wp.com\/www.gesamtschule-eiserfeld.de\/wp-content\/uploads\/2019\/09\/20190903_103435-e1568019140806-225x300.jpg?resize=187%2C249&#038;ssl=1\" alt=\"\" width=\"187\" height=\"249\" srcset=\"https:\/\/i0.wp.com\/www.gesamtschule-eiserfeld.de\/wp-content\/uploads\/2019\/09\/20190903_103435-e1568019140806.jpg?resize=225%2C300&amp;ssl=1 225w, https:\/\/i0.wp.com\/www.gesamtschule-eiserfeld.de\/wp-content\/uploads\/2019\/09\/20190903_103435-e1568019140806.jpg?resize=113%2C150&amp;ssl=1 113w, https:\/\/i0.wp.com\/www.gesamtschule-eiserfeld.de\/wp-content\/uploads\/2019\/09\/20190903_103435-e1568019140806.jpg?resize=768%2C1024&amp;ssl=1 768w, https:\/\/i0.wp.com\/www.gesamtschule-eiserfeld.de\/wp-content\/uploads\/2019\/09\/20190903_103435-e1568019140806.jpg?w=900&amp;ssl=1 900w\" sizes=\"auto, (max-width: 187px) 100vw, 187px\" \/>Und dann, am zweiten Tag \u2013 wer h\u00e4tte es gedacht: WILDNISwerkstatt. Sechs Rollireifen und achtundvierzig Kinderbeine machen den Nationalpark der wundersch\u00f6nen Eifel unsicher. Ein eigens entfachtes Feuer, Stockbrot und W\u00fcrstchen, spannende Erkundungsaufgaben mit Ranger Philipp, H\u00e4ngematten in den B\u00e4umen zum Ausruhen. Natur pur!<\/p>\n<p style=\"text-align: justify;\">Dritter Tag. Schulbus gekapert &#8211; zur\u00fcck in die Zivilisation! Es h\u00e4tte uns nat\u00fcrlich klar sein m\u00fcssen, dass in einem kleinen, beschaulichen D\u00f6rfchen ein B\u00fcrgerbus keine 27 Kinder inklusive Rollis bef\u00f6rdern kan<img data-recalc-dims=\"1\" loading=\"lazy\" decoding=\"async\" data-attachment-id=\"12706\" data-permalink=\"https:\/\/www.gesamtschule-eiserfeld.de\/?attachment_id=12706\" data-orig-file=\"https:\/\/i0.wp.com\/www.gesamtschule-eiserfeld.de\/wp-content\/uploads\/2019\/09\/20190903_102820.jpg?fit=1200%2C900&amp;ssl=1\" data-orig-size=\"1200,900\" data-comments-opened=\"0\" data-image-meta=\"{&quot;aperture&quot;:&quot;0&quot;,&quot;credit&quot;:&quot;&quot;,&quot;camera&quot;:&quot;&quot;,&quot;caption&quot;:&quot;&quot;,&quot;created_timestamp&quot;:&quot;0&quot;,&quot;copyright&quot;:&quot;&quot;,&quot;focal_length&quot;:&quot;0&quot;,&quot;iso&quot;:&quot;0&quot;,&quot;shutter_speed&quot;:&quot;0&quot;,&quot;title&quot;:&quot;&quot;,&quot;orientation&quot;:&quot;0&quot;}\" data-image-title=\"20190903_102820\" data-image-description=\"\" data-image-caption=\"\" data-large-file=\"https:\/\/i0.wp.com\/www.gesamtschule-eiserfeld.de\/wp-content\/uploads\/2019\/09\/20190903_102820.jpg?fit=474%2C356&amp;ssl=1\" class=\" wp-image-12706 alignright\" style=\"margin: 7px 0px 7px 24px; outline: #72777c solid 1px; height: 187px; text-align: justify; color: #2b2b2b; text-transform: none; text-indent: 0px; letter-spacing: normal; font-family: Lato,sans-serif; font-size: 16px; font-style: normal; font-variant: normal; font-weight: 400; text-decoration: none; word-spacing: 0px; vertical-align: middle; white-space: normal; max-width: 100%; orphans: 2; float: right; -webkit-text-stroke-width: 0px;\" src=\"https:\/\/i0.wp.com\/www.gesamtschule-eiserfeld.de\/wp-content\/uploads\/2019\/09\/20190903_102820.jpg?resize=249%2C225&#038;ssl=1\" alt=\"\" width=\"249\" height=\"225\" \/>n. Unser Optimismus war dennoch ungebremst. Ein zuf\u00e4llig passierender Schulbus hat Mitleid und bringt uns sicher zum n\u00e4chsten Einkaufszentrum. Vorr\u00e4te auff\u00fcllen \u2013 endlich! Der anschlie\u00dfende Freibadbesuch: M\u00f6glicherweise das Highlight. Ein gro\u00dfes Freibad ganz f\u00fcr uns alleine. Leben hier eigentlich Menschen?<\/p>\n<p style=\"text-align: justify;\">Letzter Tag: Bubenheimer Spieleland. Klingt nicht ganz nach Phantasialand oder Movie Park. Ist es auch nicht. Sondern viel besser. Maislabyrinth, Go-Kart-Bahn, Riesenrutschen, Trampolinlandschaft, Kletterger\u00fcste, Minigolfanlage, Slush und Popcorn (endlich mal wieder vern\u00fcnftige Nahrung!). Und wieder: Wir sind die einzigen G\u00e4ste. Ein ganzer Park \u2013 nur f\u00fcr uns alleine. Leben hier denn nun eigentlich Menschen? Die Frage bleibt ungekl\u00e4rt.<\/p>\n<p style=\"text-align: justify;\"><a href=\"https:\/\/www.gesamtschule-eiserfeld.de\/?attachment_id=12710\"><img data-recalc-dims=\"1\" loading=\"lazy\" decoding=\"async\" data-attachment-id=\"12710\" data-permalink=\"https:\/\/www.gesamtschule-eiserfeld.de\/?attachment_id=12710\" data-orig-file=\"https:\/\/i0.wp.com\/www.gesamtschule-eiserfeld.de\/wp-content\/uploads\/2019\/09\/20190906_094508.jpg?fit=1200%2C900&amp;ssl=1\" data-orig-size=\"1200,900\" data-comments-opened=\"0\" data-image-meta=\"{&quot;aperture&quot;:&quot;0&quot;,&quot;credit&quot;:&quot;&quot;,&quot;camera&quot;:&quot;&quot;,&quot;caption&quot;:&quot;&quot;,&quot;created_timestamp&quot;:&quot;0&quot;,&quot;copyright&quot;:&quot;&quot;,&quot;focal_length&quot;:&quot;0&quot;,&quot;iso&quot;:&quot;0&quot;,&quot;shutter_speed&quot;:&quot;0&quot;,&quot;title&quot;:&quot;&quot;,&quot;orientation&quot;:&quot;0&quot;}\" data-image-title=\"20190906_094508\" data-image-description=\"\" data-image-caption=\"\" data-large-file=\"https:\/\/i0.wp.com\/www.gesamtschule-eiserfeld.de\/wp-content\/uploads\/2019\/09\/20190906_094508.jpg?fit=474%2C356&amp;ssl=1\" class=\"alignleft wp-image-12710\" src=\"https:\/\/i0.wp.com\/www.gesamtschule-eiserfeld.de\/wp-content\/uploads\/2019\/09\/20190906_094508.jpg?resize=251%2C188&#038;ssl=1\" alt=\"\" width=\"251\" height=\"188\" srcset=\"https:\/\/i0.wp.com\/www.gesamtschule-eiserfeld.de\/wp-content\/uploads\/2019\/09\/20190906_094508.jpg?resize=300%2C225&amp;ssl=1 300w, https:\/\/i0.wp.com\/www.gesamtschule-eiserfeld.de\/wp-content\/uploads\/2019\/09\/20190906_094508.jpg?resize=200%2C150&amp;ssl=1 200w, https:\/\/i0.wp.com\/www.gesamtschule-eiserfeld.de\/wp-content\/uploads\/2019\/09\/20190906_094508.jpg?resize=768%2C576&amp;ssl=1 768w, https:\/\/i0.wp.com\/www.gesamtschule-eiserfeld.de\/wp-content\/uploads\/2019\/09\/20190906_094508.jpg?resize=1024%2C768&amp;ssl=1 1024w, https:\/\/i0.wp.com\/www.gesamtschule-eiserfeld.de\/wp-content\/uploads\/2019\/09\/20190906_094508.jpg?w=1200&amp;ssl=1 1200w, https:\/\/i0.wp.com\/www.gesamtschule-eiserfeld.de\/wp-content\/uploads\/2019\/09\/20190906_094508.jpg?w=948&amp;ssl=1 948w\" sizes=\"auto, (max-width: 251px) 100vw, 251px\" \/><\/a>Und Freitag, schweren Herzens.. Abfahrt. Eine letzte Runde Kniffel. Ein letztes Kicker-Turnier. Noch ein Mal Tischtennis spielen, bevor die Schl\u00e4ger wieder verstaut werden m\u00fcssen. Und wer h\u00e4tte es gedacht \u2013 eine Abschlussfahrt in die Eifel am Ende der 10. Klasse: Durchaus denkbar.<\/p>\n<p style=\"text-align: justify;\">Back to the roots. Teil 2 ?<\/p>\n<p style=\"text-align: justify;\">\n","protected":false},"excerpt":{"rendered":"<p>[2019-09-09 JUNS\/LUBA] Wiesen, Felder, W\u00e4lder. Handyempfang: Fehlanzeige. Einkaufsm\u00f6glichkeiten? Schokolade, Kaugummi und Cola kaufen? Fernab von jeglicher Zivilisation? Keine Chance! Ein Ausflug ins Kloster? Weit gefehlt. Dennoch: In der Eifel hatten die Seelen der Sch\u00fclerinnen und Sch\u00fcler f\u00fcnf Tage Urlaub.<\/p>\n","protected":false},"author":9,"featured_media":0,"comment_status":"closed","ping_status":"open","sticky":false,"template":"","format":"standard","meta":{"jetpack_post_was_ever_published":false,"_jetpack_newsletter_access":"","_jetpack_dont_email_post_to_subs":false,"_jetpack_newsletter_tier_id":0,"_jetpack_memberships_contains_paywalled_content":false,"_jetpack_memberships_contains_paid_content":false,"footnotes":"","jetpack_publicize_message":"","jetpack_publicize_feature_enabled":true,"jetpack_social_post_already_shared":true,"jetpack_social_options":{"image_generator_settings":{"template":"highway","default_image_id":0,"font":"","enabled":false},"version":2}},"categories":[1,27,35,49],"tags":[],"class_list":["post-12704","post","type-post","status-publish","format-standard","hentry","category-allgemein","category-inklusion","category-jg-78","category-soziales-lernen"],"yoast_head":"<!-- This site is optimized with the Yoast SEO plugin v27.4 - https:\/\/yoast.com\/product\/yoast-seo-wordpress\/ -->\n<title>Back to the roots \u2013 Klassenfahrt der 7c: Irgendwo im Nirgendwo - Gesamtschule Eiserfeld<\/title>\n<meta name=\"robots\" content=\"index, follow, max-snippet:-1, max-image-preview:large, max-video-preview:-1\" \/>\n<link rel=\"canonical\" href=\"https:\/\/www.gesamtschule-eiserfeld.de\/?p=12704\" \/>\n<meta property=\"og:locale\" content=\"de_DE\" \/>\n<meta property=\"og:type\" content=\"article\" \/>\n<meta property=\"og:title\" content=\"Back to the roots \u2013 Klassenfahrt der 7c: Irgendwo im Nirgendwo - Gesamtschule Eiserfeld\" \/>\n<meta property=\"og:description\" content=\"[2019-09-09 JUNS\/LUBA] Wiesen, Felder, W\u00e4lder. Handyempfang: Fehlanzeige. Einkaufsm\u00f6glichkeiten? Schokolade, Kaugummi und Cola kaufen? Fernab von jeglicher Zivilisation? Keine Chance! Ein Ausflug ins Kloster? Weit gefehlt. Dennoch: In der Eifel hatten die Seelen der Sch\u00fclerinnen und Sch\u00fcler f\u00fcnf Tage Urlaub.\" \/>\n<meta property=\"og:url\" content=\"https:\/\/www.gesamtschule-eiserfeld.de\/?p=12704\" \/>\n<meta property=\"og:site_name\" content=\"Gesamtschule Eiserfeld\" \/>\n<meta property=\"article:publisher\" content=\"https:\/\/www.facebook.com\/GEEiserfeld\" \/>\n<meta property=\"article:published_time\" content=\"2019-09-10T17:00:13+00:00\" \/>\n<meta property=\"article:modified_time\" content=\"2019-10-06T19:37:54+00:00\" \/>\n<meta property=\"og:image\" content=\"https:\/\/i0.wp.com\/www.gesamtschule-eiserfeld.de\/wp-content\/uploads\/2019\/09\/20190903_132213.jpg?fit=1200%2C900&ssl=1\" \/>\n\t<meta property=\"og:image:width\" content=\"1200\" \/>\n\t<meta property=\"og:image:height\" content=\"900\" \/>\n\t<meta property=\"og:image:type\" content=\"image\/jpeg\" \/>\n<meta name=\"author\" content=\"dorw\" \/>\n<meta name=\"twitter:card\" content=\"summary_large_image\" \/>\n<meta name=\"twitter:label1\" content=\"Verfasst von\" \/>\n\t<meta name=\"twitter:data1\" content=\"dorw\" \/>\n\t<meta name=\"twitter:label2\" content=\"Gesch\u00e4tzte Lesezeit\" \/>\n\t<meta name=\"twitter:data2\" content=\"2\u00a0Minuten\" \/>\n<script type=\"application\/ld+json\" class=\"yoast-schema-graph\">{\"@context\":\"https:\\\/\\\/schema.org\",\"@graph\":[{\"@type\":\"Article\",\"@id\":\"https:\\\/\\\/www.gesamtschule-eiserfeld.de\\\/?p=12704#article\",\"isPartOf\":{\"@id\":\"https:\\\/\\\/www.gesamtschule-eiserfeld.de\\\/?p=12704\"},\"author\":{\"name\":\"dorw\",\"@id\":\"https:\\\/\\\/www.gesamtschule-eiserfeld.de\\\/#\\\/schema\\\/person\\\/9f37123dd2ff514a1346db435bdb3784\"},\"headline\":\"Back to the roots \u2013 Klassenfahrt der 7c: Irgendwo im Nirgendwo\",\"datePublished\":\"2019-09-10T17:00:13+00:00\",\"dateModified\":\"2019-10-06T19:37:54+00:00\",\"mainEntityOfPage\":{\"@id\":\"https:\\\/\\\/www.gesamtschule-eiserfeld.de\\\/?p=12704\"},\"wordCount\":361,\"publisher\":{\"@id\":\"https:\\\/\\\/www.gesamtschule-eiserfeld.de\\\/#organization\"},\"image\":{\"@id\":\"https:\\\/\\\/www.gesamtschule-eiserfeld.de\\\/?p=12704#primaryimage\"},\"thumbnailUrl\":\"https:\\\/\\\/www.gesamtschule-eiserfeld.de\\\/wp-content\\\/uploads\\\/2019\\\/09\\\/20190903_093504-300x225.jpg\",\"articleSection\":{\"1\":\"Inklusion\",\"2\":\"Jg 7\\\/8\",\"3\":\"Soziales Lernen\"},\"inLanguage\":\"de\"},{\"@type\":\"WebPage\",\"@id\":\"https:\\\/\\\/www.gesamtschule-eiserfeld.de\\\/?p=12704\",\"url\":\"https:\\\/\\\/www.gesamtschule-eiserfeld.de\\\/?p=12704\",\"name\":\"Back to the roots \u2013 Klassenfahrt der 7c: Irgendwo im Nirgendwo - Gesamtschule Eiserfeld\",\"isPartOf\":{\"@id\":\"https:\\\/\\\/www.gesamtschule-eiserfeld.de\\\/#website\"},\"primaryImageOfPage\":{\"@id\":\"https:\\\/\\\/www.gesamtschule-eiserfeld.de\\\/?p=12704#primaryimage\"},\"image\":{\"@id\":\"https:\\\/\\\/www.gesamtschule-eiserfeld.de\\\/?p=12704#primaryimage\"},\"thumbnailUrl\":\"https:\\\/\\\/www.gesamtschule-eiserfeld.de\\\/wp-content\\\/uploads\\\/2019\\\/09\\\/20190903_093504-300x225.jpg\",\"datePublished\":\"2019-09-10T17:00:13+00:00\",\"dateModified\":\"2019-10-06T19:37:54+00:00\",\"breadcrumb\":{\"@id\":\"https:\\\/\\\/www.gesamtschule-eiserfeld.de\\\/?p=12704#breadcrumb\"},\"inLanguage\":\"de\",\"potentialAction\":[{\"@type\":\"ReadAction\",\"target\":[\"https:\\\/\\\/www.gesamtschule-eiserfeld.de\\\/?p=12704\"]}]},{\"@type\":\"ImageObject\",\"inLanguage\":\"de\",\"@id\":\"https:\\\/\\\/www.gesamtschule-eiserfeld.de\\\/?p=12704#primaryimage\",\"url\":\"https:\\\/\\\/i0.wp.com\\\/www.gesamtschule-eiserfeld.de\\\/wp-content\\\/uploads\\\/2019\\\/09\\\/20190903_093504.jpg?fit=1200%2C900&ssl=1\",\"contentUrl\":\"https:\\\/\\\/i0.wp.com\\\/www.gesamtschule-eiserfeld.de\\\/wp-content\\\/uploads\\\/2019\\\/09\\\/20190903_093504.jpg?fit=1200%2C900&ssl=1\",\"width\":1200,\"height\":900},{\"@type\":\"BreadcrumbList\",\"@id\":\"https:\\\/\\\/www.gesamtschule-eiserfeld.de\\\/?p=12704#breadcrumb\",\"itemListElement\":[{\"@type\":\"ListItem\",\"position\":1,\"name\":\"Startseite\",\"item\":\"https:\\\/\\\/www.gesamtschule-eiserfeld.de\\\/\"},{\"@type\":\"ListItem\",\"position\":2,\"name\":\"Back to the roots \u2013 Klassenfahrt der 7c: Irgendwo im Nirgendwo\"}]},{\"@type\":\"WebSite\",\"@id\":\"https:\\\/\\\/www.gesamtschule-eiserfeld.de\\\/#website\",\"url\":\"https:\\\/\\\/www.gesamtschule-eiserfeld.de\\\/\",\"name\":\"Gesamtschule Eiserfeld\",\"description\":\"\",\"publisher\":{\"@id\":\"https:\\\/\\\/www.gesamtschule-eiserfeld.de\\\/#organization\"},\"potentialAction\":[{\"@type\":\"SearchAction\",\"target\":{\"@type\":\"EntryPoint\",\"urlTemplate\":\"https:\\\/\\\/www.gesamtschule-eiserfeld.de\\\/?s={search_term_string}\"},\"query-input\":{\"@type\":\"PropertyValueSpecification\",\"valueRequired\":true,\"valueName\":\"search_term_string\"}}],\"inLanguage\":\"de\"},{\"@type\":\"Organization\",\"@id\":\"https:\\\/\\\/www.gesamtschule-eiserfeld.de\\\/#organization\",\"name\":\"Gesamtschule Eiserfeld\",\"url\":\"https:\\\/\\\/www.gesamtschule-eiserfeld.de\\\/\",\"logo\":{\"@type\":\"ImageObject\",\"inLanguage\":\"de\",\"@id\":\"https:\\\/\\\/www.gesamtschule-eiserfeld.de\\\/#\\\/schema\\\/logo\\\/image\\\/\",\"url\":\"https:\\\/\\\/i1.wp.com\\\/www.gesamtschule-eiserfeld.de\\\/wp-content\\\/uploads\\\/2019\\\/01\\\/GEE-Logo-neu.jpg?fit=436%2C126&ssl=1\",\"contentUrl\":\"https:\\\/\\\/i1.wp.com\\\/www.gesamtschule-eiserfeld.de\\\/wp-content\\\/uploads\\\/2019\\\/01\\\/GEE-Logo-neu.jpg?fit=436%2C126&ssl=1\",\"width\":436,\"height\":126,\"caption\":\"Gesamtschule Eiserfeld\"},\"image\":{\"@id\":\"https:\\\/\\\/www.gesamtschule-eiserfeld.de\\\/#\\\/schema\\\/logo\\\/image\\\/\"},\"sameAs\":[\"https:\\\/\\\/www.facebook.com\\\/GEEiserfeld\"]},{\"@type\":\"Person\",\"@id\":\"https:\\\/\\\/www.gesamtschule-eiserfeld.de\\\/#\\\/schema\\\/person\\\/9f37123dd2ff514a1346db435bdb3784\",\"name\":\"dorw\",\"sameAs\":[\"http:\\\/\\\/www.ge-eiserfeld.de\"],\"url\":\"https:\\\/\\\/www.gesamtschule-eiserfeld.de\\\/?author=9\"}]}<\/script>\n<!-- \/ Yoast SEO plugin. -->","yoast_head_json":{"title":"Back to the roots \u2013 Klassenfahrt der 7c: Irgendwo im Nirgendwo - Gesamtschule Eiserfeld","robots":{"index":"index","follow":"follow","max-snippet":"max-snippet:-1","max-image-preview":"max-image-preview:large","max-video-preview":"max-video-preview:-1"},"canonical":"https:\/\/www.gesamtschule-eiserfeld.de\/?p=12704","og_locale":"de_DE","og_type":"article","og_title":"Back to the roots \u2013 Klassenfahrt der 7c: Irgendwo im Nirgendwo - Gesamtschule Eiserfeld","og_description":"[2019-09-09 JUNS\/LUBA] Wiesen, Felder, W\u00e4lder. Handyempfang: Fehlanzeige. Einkaufsm\u00f6glichkeiten? Schokolade, Kaugummi und Cola kaufen? Fernab von jeglicher Zivilisation? Keine Chance! Ein Ausflug ins Kloster? Weit gefehlt. Dennoch: In der Eifel hatten die Seelen der Sch\u00fclerinnen und Sch\u00fcler f\u00fcnf Tage Urlaub.","og_url":"https:\/\/www.gesamtschule-eiserfeld.de\/?p=12704","og_site_name":"Gesamtschule Eiserfeld","article_publisher":"https:\/\/www.facebook.com\/GEEiserfeld","article_published_time":"2019-09-10T17:00:13+00:00","article_modified_time":"2019-10-06T19:37:54+00:00","og_image":[{"width":1200,"height":900,"url":"https:\/\/i0.wp.com\/www.gesamtschule-eiserfeld.de\/wp-content\/uploads\/2019\/09\/20190903_132213.jpg?fit=1200%2C900&ssl=1","type":"image\/jpeg"}],"author":"dorw","twitter_card":"summary_large_image","twitter_misc":{"Verfasst von":"dorw","Gesch\u00e4tzte Lesezeit":"2\u00a0Minuten"},"schema":{"@context":"https:\/\/schema.org","@graph":[{"@type":"Article","@id":"https:\/\/www.gesamtschule-eiserfeld.de\/?p=12704#article","isPartOf":{"@id":"https:\/\/www.gesamtschule-eiserfeld.de\/?p=12704"},"author":{"name":"dorw","@id":"https:\/\/www.gesamtschule-eiserfeld.de\/#\/schema\/person\/9f37123dd2ff514a1346db435bdb3784"},"headline":"Back to the roots \u2013 Klassenfahrt der 7c: Irgendwo im Nirgendwo","datePublished":"2019-09-10T17:00:13+00:00","dateModified":"2019-10-06T19:37:54+00:00","mainEntityOfPage":{"@id":"https:\/\/www.gesamtschule-eiserfeld.de\/?p=12704"},"wordCount":361,"publisher":{"@id":"https:\/\/www.gesamtschule-eiserfeld.de\/#organization"},"image":{"@id":"https:\/\/www.gesamtschule-eiserfeld.de\/?p=12704#primaryimage"},"thumbnailUrl":"https:\/\/www.gesamtschule-eiserfeld.de\/wp-content\/uploads\/2019\/09\/20190903_093504-300x225.jpg","articleSection":{"1":"Inklusion","2":"Jg 7\/8","3":"Soziales Lernen"},"inLanguage":"de"},{"@type":"WebPage","@id":"https:\/\/www.gesamtschule-eiserfeld.de\/?p=12704","url":"https:\/\/www.gesamtschule-eiserfeld.de\/?p=12704","name":"Back to the roots \u2013 Klassenfahrt der 7c: Irgendwo im Nirgendwo - Gesamtschule Eiserfeld","isPartOf":{"@id":"https:\/\/www.gesamtschule-eiserfeld.de\/#website"},"primaryImageOfPage":{"@id":"https:\/\/www.gesamtschule-eiserfeld.de\/?p=12704#primaryimage"},"image":{"@id":"https:\/\/www.gesamtschule-eiserfeld.de\/?p=12704#primaryimage"},"thumbnailUrl":"https:\/\/www.gesamtschule-eiserfeld.de\/wp-content\/uploads\/2019\/09\/20190903_093504-300x225.jpg","datePublished":"2019-09-10T17:00:13+00:00","dateModified":"2019-10-06T19:37:54+00:00","breadcrumb":{"@id":"https:\/\/www.gesamtschule-eiserfeld.de\/?p=12704#breadcrumb"},"inLanguage":"de","potentialAction":[{"@type":"ReadAction","target":["https:\/\/www.gesamtschule-eiserfeld.de\/?p=12704"]}]},{"@type":"ImageObject","inLanguage":"de","@id":"https:\/\/www.gesamtschule-eiserfeld.de\/?p=12704#primaryimage","url":"https:\/\/i0.wp.com\/www.gesamtschule-eiserfeld.de\/wp-content\/uploads\/2019\/09\/20190903_093504.jpg?fit=1200%2C900&ssl=1","contentUrl":"https:\/\/i0.wp.com\/www.gesamtschule-eiserfeld.de\/wp-content\/uploads\/2019\/09\/20190903_093504.jpg?fit=1200%2C900&ssl=1","width":1200,"height":900},{"@type":"BreadcrumbList","@id":"https:\/\/www.gesamtschule-eiserfeld.de\/?p=12704#breadcrumb","itemListElement":[{"@type":"ListItem","position":1,"name":"Startseite","item":"https:\/\/www.gesamtschule-eiserfeld.de\/"},{"@type":"ListItem","position":2,"name":"Back to the roots \u2013 Klassenfahrt der 7c: Irgendwo im Nirgendwo"}]},{"@type":"WebSite","@id":"https:\/\/www.gesamtschule-eiserfeld.de\/#website","url":"https:\/\/www.gesamtschule-eiserfeld.de\/","name":"Gesamtschule Eiserfeld","description":"","publisher":{"@id":"https:\/\/www.gesamtschule-eiserfeld.de\/#organization"},"potentialAction":[{"@type":"SearchAction","target":{"@type":"EntryPoint","urlTemplate":"https:\/\/www.gesamtschule-eiserfeld.de\/?s={search_term_string}"},"query-input":{"@type":"PropertyValueSpecification","valueRequired":true,"valueName":"search_term_string"}}],"inLanguage":"de"},{"@type":"Organization","@id":"https:\/\/www.gesamtschule-eiserfeld.de\/#organization","name":"Gesamtschule Eiserfeld","url":"https:\/\/www.gesamtschule-eiserfeld.de\/","logo":{"@type":"ImageObject","inLanguage":"de","@id":"https:\/\/www.gesamtschule-eiserfeld.de\/#\/schema\/logo\/image\/","url":"https:\/\/i1.wp.com\/www.gesamtschule-eiserfeld.de\/wp-content\/uploads\/2019\/01\/GEE-Logo-neu.jpg?fit=436%2C126&ssl=1","contentUrl":"https:\/\/i1.wp.com\/www.gesamtschule-eiserfeld.de\/wp-content\/uploads\/2019\/01\/GEE-Logo-neu.jpg?fit=436%2C126&ssl=1","width":436,"height":126,"caption":"Gesamtschule Eiserfeld"},"image":{"@id":"https:\/\/www.gesamtschule-eiserfeld.de\/#\/schema\/logo\/image\/"},"sameAs":["https:\/\/www.facebook.com\/GEEiserfeld"]},{"@type":"Person","@id":"https:\/\/www.gesamtschule-eiserfeld.de\/#\/schema\/person\/9f37123dd2ff514a1346db435bdb3784","name":"dorw","sameAs":["http:\/\/www.ge-eiserfeld.de"],"url":"https:\/\/www.gesamtschule-eiserfeld.de\/?author=9"}]}},"jetpack_publicize_connections":[],"jetpack_featured_media_url":"","jetpack_shortlink":"https:\/\/wp.me\/p2weeL-3iU","jetpack_sharing_enabled":true,"_links":{"self":[{"href":"https:\/\/www.gesamtschule-eiserfeld.de\/index.php?rest_route=\/wp\/v2\/posts\/12704","targetHints":{"allow":["GET"]}}],"collection":[{"href":"https:\/\/www.gesamtschule-eiserfeld.de\/index.php?rest_route=\/wp\/v2\/posts"}],"about":[{"href":"https:\/\/www.gesamtschule-eiserfeld.de\/index.php?rest_route=\/wp\/v2\/types\/post"}],"author":[{"embeddable":true,"href":"https:\/\/www.gesamtschule-eiserfeld.de\/index.php?rest_route=\/wp\/v2\/users\/9"}],"replies":[{"embeddable":true,"href":"https:\/\/www.gesamtschule-eiserfeld.de\/index.php?rest_route=%2Fwp%2Fv2%2Fcomments&post=12704"}],"version-history":[{"count":0,"href":"https:\/\/www.gesamtschule-eiserfeld.de\/index.php?rest_route=\/wp\/v2\/posts\/12704\/revisions"}],"wp:attachment":[{"href":"https:\/\/www.gesamtschule-eiserfeld.de\/index.php?rest_route=%2Fwp%2Fv2%2Fmedia&parent=12704"}],"wp:term":[{"taxonomy":"category","embeddable":true,"href":"https:\/\/www.gesamtschule-eiserfeld.de\/index.php?rest_route=%2Fwp%2Fv2%2Fcategories&post=12704"},{"taxonomy":"post_tag","embeddable":true,"href":"https:\/\/www.gesamtschule-eiserfeld.de\/index.php?rest_route=%2Fwp%2Fv2%2Ftags&post=12704"}],"curies":[{"name":"wp","href":"https:\/\/api.w.org\/{rel}","templated":true}]}}