{"id":12756,"date":"2019-09-22T12:25:11","date_gmt":"2019-09-22T11:25:11","guid":{"rendered":"https:\/\/www.gesamtschule-eiserfeld.de\/?p=12756"},"modified":"2019-10-06T20:35:41","modified_gmt":"2019-10-06T19:35:41","slug":"abschlussfahrt-zum-weissenhaeuser-strand","status":"publish","type":"post","link":"https:\/\/www.gesamtschule-eiserfeld.de\/?p=12756","title":{"rendered":"Abschlussfahrt zum Weissenh\u00e4user Strand"},"content":{"rendered":"<p style=\"text-align: justify;\">[2019-09-22 STO<img data-recalc-dims=\"1\" loading=\"lazy\" decoding=\"async\" data-attachment-id=\"12764\" data-permalink=\"https:\/\/www.gesamtschule-eiserfeld.de\/?attachment_id=12764\" data-orig-file=\"https:\/\/i0.wp.com\/www.gesamtschule-eiserfeld.de\/wp-content\/uploads\/2019\/09\/1.jpg?fit=320%2C240&amp;ssl=1\" data-orig-size=\"320,240\" data-comments-opened=\"0\" data-image-meta=\"{&quot;aperture&quot;:&quot;0&quot;,&quot;credit&quot;:&quot;&quot;,&quot;camera&quot;:&quot;&quot;,&quot;caption&quot;:&quot;&quot;,&quot;created_timestamp&quot;:&quot;0&quot;,&quot;copyright&quot;:&quot;&quot;,&quot;focal_length&quot;:&quot;0&quot;,&quot;iso&quot;:&quot;0&quot;,&quot;shutter_speed&quot;:&quot;0&quot;,&quot;title&quot;:&quot;&quot;,&quot;orientation&quot;:&quot;0&quot;}\" data-image-title=\"1\" data-image-description=\"\" data-image-caption=\"\" data-large-file=\"https:\/\/i0.wp.com\/www.gesamtschule-eiserfeld.de\/wp-content\/uploads\/2019\/09\/1.jpg?fit=320%2C240&amp;ssl=1\" class=\" wp-image-12764 alignleft\" style=\"color: #2b2b2b; float: left; font-family: Lato,sans-serif; font-size: 16px; font-style: normal; font-variant: normal; font-weight: 400; height: auto; letter-spacing: normal; max-width: 100%; orphans: 2; outline-color: #72777c; outline-style: solid; outline-width: 1px; text-align: justify; text-decoration: none; text-indent: 0px; text-transform: none; vertical-align: middle; -webkit-text-stroke-width: 0px; white-space: normal; word-spacing: 0px; margin: 7px 24px 7px 0px;\" src=\"https:\/\/i0.wp.com\/www.gesamtschule-eiserfeld.de\/wp-content\/uploads\/2019\/09\/1.jpg?resize=169%2C127&#038;ssl=1\" alt=\"\" width=\"169\" height=\"127\" srcset=\"https:\/\/i0.wp.com\/www.gesamtschule-eiserfeld.de\/wp-content\/uploads\/2019\/09\/1.jpg?w=320&amp;ssl=1 320w, https:\/\/i0.wp.com\/www.gesamtschule-eiserfeld.de\/wp-content\/uploads\/2019\/09\/1.jpg?resize=200%2C150&amp;ssl=1 200w, https:\/\/i0.wp.com\/www.gesamtschule-eiserfeld.de\/wp-content\/uploads\/2019\/09\/1.jpg?resize=300%2C225&amp;ssl=1 300w\" sizes=\"auto, (max-width: 169px) 100vw, 169px\" \/>A] Am Morgen des 02. September 2019 trafen sich die 30 Sch\u00fclerinnen und Sch\u00fcler der Klasse 10 D mit ihren Lehrerinnen am Eiserfelder Schwimmbad. Gut gelaunt und voller Vorfreude startete die Truppe Richtung Weissenh\u00e4user Strand.<!--more--><\/p>\n<p style=\"text-align: justify;\">Nach einer komplikationslosen Hinfahrt bezogen alle Sch\u00fclerinnen und Sch\u00fcler ihre Appartements und erkundeten die Ferienanlage sowie den nahegelegenen Supermarkt, denn: Selbstversorgung stand auf dem Programm! Nachdem die ersten Eink\u00e4ufe erledigt wurden und die M\u00e4gen gef\u00fcllt waren, suchten viele noch den nahegelegenen Strand auf und genossen die Abendstimmung.<\/p>\n<p style=\"text-align: justify;\"><img data-recalc-dims=\"1\" loading=\"lazy\" decoding=\"async\" data-attachment-id=\"12760\" data-permalink=\"https:\/\/www.gesamtschule-eiserfeld.de\/?attachment_id=12760\" data-orig-file=\"https:\/\/i0.wp.com\/www.gesamtschule-eiserfeld.de\/wp-content\/uploads\/2019\/09\/2.jpg?fit=320%2C240&amp;ssl=1\" data-orig-size=\"320,240\" data-comments-opened=\"0\" data-image-meta=\"{&quot;aperture&quot;:&quot;0&quot;,&quot;credit&quot;:&quot;&quot;,&quot;camera&quot;:&quot;&quot;,&quot;caption&quot;:&quot;&quot;,&quot;created_timestamp&quot;:&quot;0&quot;,&quot;copyright&quot;:&quot;&quot;,&quot;focal_length&quot;:&quot;0&quot;,&quot;iso&quot;:&quot;0&quot;,&quot;shutter_speed&quot;:&quot;0&quot;,&quot;title&quot;:&quot;&quot;,&quot;orientation&quot;:&quot;0&quot;}\" data-image-title=\"2\" data-image-description=\"\" data-image-caption=\"\" data-large-file=\"https:\/\/i0.wp.com\/www.gesamtschule-eiserfeld.de\/wp-content\/uploads\/2019\/09\/2.jpg?fit=320%2C240&amp;ssl=1\" class=\" wp-image-12760 alignright\" src=\"https:\/\/i0.wp.com\/www.gesamtschule-eiserfeld.de\/wp-content\/uploads\/2019\/09\/2.jpg?resize=268%2C201&#038;ssl=1\" alt=\"\" width=\"268\" height=\"201\" srcset=\"https:\/\/i0.wp.com\/www.gesamtschule-eiserfeld.de\/wp-content\/uploads\/2019\/09\/2.jpg?w=320&amp;ssl=1 320w, https:\/\/i0.wp.com\/www.gesamtschule-eiserfeld.de\/wp-content\/uploads\/2019\/09\/2.jpg?resize=200%2C150&amp;ssl=1 200w, https:\/\/i0.wp.com\/www.gesamtschule-eiserfeld.de\/wp-content\/uploads\/2019\/09\/2.jpg?resize=300%2C225&amp;ssl=1 300w\" sizes=\"auto, (max-width: 268px) 100vw, 268px\" \/>Am n\u00e4chsten Morgen stand eine Fahrt nach Hamburg auf dem Programm. Zielgerichtet starteten alle in Kleingruppen Richtung Innenstadt und erkundeten auf eigene Faust historische Erinnerungsorte. Im Gegensatz zur Klassenfahrt in der 7. Klasse durfte dieses Mal digitales Equipment genutzt werden, so dass alle Dank Google Maps wieder wohlbehalten am Treffpunkt eintrudelten.<\/p>\n<p style=\"text-align: justify;\"><img data-recalc-dims=\"1\" loading=\"lazy\" decoding=\"async\" data-attachment-id=\"12761\" data-permalink=\"https:\/\/www.gesamtschule-eiserfeld.de\/?attachment_id=12761\" data-orig-file=\"https:\/\/i0.wp.com\/www.gesamtschule-eiserfeld.de\/wp-content\/uploads\/2019\/09\/3-e1569151202289.jpg?fit=240%2C320&amp;ssl=1\" data-orig-size=\"240,320\" data-comments-opened=\"0\" data-image-meta=\"{&quot;aperture&quot;:&quot;0&quot;,&quot;credit&quot;:&quot;&quot;,&quot;camera&quot;:&quot;&quot;,&quot;caption&quot;:&quot;&quot;,&quot;created_timestamp&quot;:&quot;0&quot;,&quot;copyright&quot;:&quot;&quot;,&quot;focal_length&quot;:&quot;0&quot;,&quot;iso&quot;:&quot;0&quot;,&quot;shutter_speed&quot;:&quot;0&quot;,&quot;title&quot;:&quot;&quot;,&quot;orientation&quot;:&quot;0&quot;}\" data-image-title=\"3\" data-image-description=\"\" data-image-caption=\"\" data-large-file=\"https:\/\/i0.wp.com\/www.gesamtschule-eiserfeld.de\/wp-content\/uploads\/2019\/09\/3-e1569151202289.jpg?fit=240%2C320&amp;ssl=1\" class=\" wp-image-12761 alignleft\" src=\"https:\/\/i0.wp.com\/www.gesamtschule-eiserfeld.de\/wp-content\/uploads\/2019\/09\/3-e1569151202289.jpg?resize=202%2C269&#038;ssl=1\" alt=\"\" width=\"202\" height=\"269\" srcset=\"https:\/\/i0.wp.com\/www.gesamtschule-eiserfeld.de\/wp-content\/uploads\/2019\/09\/3-e1569151202289.jpg?w=240&amp;ssl=1 240w, https:\/\/i0.wp.com\/www.gesamtschule-eiserfeld.de\/wp-content\/uploads\/2019\/09\/3-e1569151202289.jpg?resize=113%2C150&amp;ssl=1 113w, https:\/\/i0.wp.com\/www.gesamtschule-eiserfeld.de\/wp-content\/uploads\/2019\/09\/3-e1569151202289.jpg?resize=225%2C300&amp;ssl=1 225w\" sizes=\"auto, (max-width: 202px) 100vw, 202px\" \/>Ein besonderes Highlight erwartete die Klasse am Mittwoch, den 04.09.2019, als wir gemeinsam den Hansapark besuchten. In einem Punkt waren sich alle einig: Auch die Lehrerinnen und unser Busfahrer mussten die Attraktionen des Freizeitparks ausprobieren&#8230; dies sorgte f\u00fcr viel Gel\u00e4chter und \u201eRespekt\u201c bei den Jugendlichen.<\/p>\n<p style=\"text-align: justify;\">Immer noch energiegeladen besuchte ein Teil der Klasse gemeinsam mit den Lehrkr\u00e4ften das Freizeitbad der Ferienanlage und lie\u00df, die von den Achterbahnen gepeinigten Knochen und Muskeln,\u00a0 entspannen. Bei ausgelassener Stimmung konnte der Tag bei einem Karaoke-Abend ausklingen.<br \/>\n<img data-recalc-dims=\"1\" loading=\"lazy\" decoding=\"async\" data-attachment-id=\"12762\" data-permalink=\"https:\/\/www.gesamtschule-eiserfeld.de\/?attachment_id=12762\" data-orig-file=\"https:\/\/i0.wp.com\/www.gesamtschule-eiserfeld.de\/wp-content\/uploads\/2019\/09\/4.jpg?fit=1200%2C900&amp;ssl=1\" data-orig-size=\"1200,900\" data-comments-opened=\"0\" data-image-meta=\"{&quot;aperture&quot;:&quot;0&quot;,&quot;credit&quot;:&quot;&quot;,&quot;camera&quot;:&quot;&quot;,&quot;caption&quot;:&quot;&quot;,&quot;created_timestamp&quot;:&quot;0&quot;,&quot;copyright&quot;:&quot;&quot;,&quot;focal_length&quot;:&quot;0&quot;,&quot;iso&quot;:&quot;0&quot;,&quot;shutter_speed&quot;:&quot;0&quot;,&quot;title&quot;:&quot;&quot;,&quot;orientation&quot;:&quot;0&quot;}\" data-image-title=\"4\" data-image-description=\"\" data-image-caption=\"\" data-large-file=\"https:\/\/i0.wp.com\/www.gesamtschule-eiserfeld.de\/wp-content\/uploads\/2019\/09\/4.jpg?fit=474%2C356&amp;ssl=1\" class=\"size-full wp-image-12762 aligncenter\" src=\"https:\/\/i0.wp.com\/www.gesamtschule-eiserfeld.de\/wp-content\/uploads\/2019\/09\/4.jpg?resize=474%2C356&#038;ssl=1\" alt=\"\" width=\"474\" height=\"356\" srcset=\"https:\/\/i0.wp.com\/www.gesamtschule-eiserfeld.de\/wp-content\/uploads\/2019\/09\/4.jpg?w=1200&amp;ssl=1 1200w, https:\/\/i0.wp.com\/www.gesamtschule-eiserfeld.de\/wp-content\/uploads\/2019\/09\/4.jpg?resize=200%2C150&amp;ssl=1 200w, https:\/\/i0.wp.com\/www.gesamtschule-eiserfeld.de\/wp-content\/uploads\/2019\/09\/4.jpg?resize=300%2C225&amp;ssl=1 300w, https:\/\/i0.wp.com\/www.gesamtschule-eiserfeld.de\/wp-content\/uploads\/2019\/09\/4.jpg?resize=768%2C576&amp;ssl=1 768w, https:\/\/i0.wp.com\/www.gesamtschule-eiserfeld.de\/wp-content\/uploads\/2019\/09\/4.jpg?resize=1024%2C768&amp;ssl=1 1024w, https:\/\/i0.wp.com\/www.gesamtschule-eiserfeld.de\/wp-content\/uploads\/2019\/09\/4.jpg?w=948&amp;ssl=1 948w\" sizes=\"auto, (max-width: 474px) 100vw, 474px\" \/>Viel zu schnell gingen die Tage vorbei, so dass schon am n\u00e4chsten Tag der letzte Aus\ufb02ug nach L\u00fcbeck bevorstand. Wir besuchten die Marienkirche der Hansestadt, welche Teil des UNESCO- Weltkulturerbes L\u00fcbecker Altstadt ist und schauten das Holstentor an. Zur\u00fcck in der Ferienanlage feierten wir den 16-ten Geburtstag einer Sch\u00fclerin und \u00fcberraschten sie mit Kuchen und kleinen Snacks. Aber auch die Kommunikation unter den Jugendlichen mit Jugendlichen anderer Schulen wurde sehr hoch geschrieben, so dass sich am letzten Abend eine spontane Tanzsession auf dem Steg des Weissenh\u00e4user Strandes ergabt.<\/p>\n<p style=\"text-align: justify;\">Fazit: Eine tolle Truppe, die sich durch einen sehr guten Zusammenhalt auszeichnet und Freude und Spa\u00df an gemeinsamen Unternehmungen zeigte<\/p>\n","protected":false},"excerpt":{"rendered":"<p>[2019-09-22 STOA] Am Morgen des 02. September 2019 trafen sich die 30 Sch\u00fclerinnen und Sch\u00fcler der Klasse 10 D mit ihren Lehrerinnen am Eiserfelder Schwimmbad. Gut gelaunt und voller Vorfreude startete die Truppe Richtung Weissenh\u00e4user Strand.<\/p>\n","protected":false},"author":9,"featured_media":0,"comment_status":"closed","ping_status":"open","sticky":false,"template":"","format":"standard","meta":{"jetpack_post_was_ever_published":false,"_jetpack_newsletter_access":"","_jetpack_dont_email_post_to_subs":false,"_jetpack_newsletter_tier_id":0,"_jetpack_memberships_contains_paywalled_content":false,"_jetpack_memberships_contains_paid_content":false,"footnotes":"","jetpack_publicize_message":"","jetpack_publicize_feature_enabled":true,"jetpack_social_post_already_shared":true,"jetpack_social_options":{"image_generator_settings":{"template":"highway","default_image_id":0,"font":"","enabled":false},"version":2}},"categories":[1,18,36,29,49],"tags":[],"class_list":["post-12756","post","type-post","status-publish","format-standard","hentry","category-allgemein","category-exkursion","category-jg-910","category-klassenfahrt","category-soziales-lernen"],"yoast_head":"<!-- This site is optimized with the Yoast SEO plugin v27.4 - https:\/\/yoast.com\/product\/yoast-seo-wordpress\/ -->\n<title>Abschlussfahrt zum Weissenh\u00e4user Strand - Gesamtschule Eiserfeld<\/title>\n<meta name=\"robots\" content=\"index, follow, max-snippet:-1, max-image-preview:large, max-video-preview:-1\" \/>\n<link rel=\"canonical\" href=\"https:\/\/www.gesamtschule-eiserfeld.de\/?p=12756\" \/>\n<meta property=\"og:locale\" content=\"de_DE\" \/>\n<meta property=\"og:type\" content=\"article\" \/>\n<meta property=\"og:title\" content=\"Abschlussfahrt zum Weissenh\u00e4user Strand - Gesamtschule Eiserfeld\" \/>\n<meta property=\"og:description\" content=\"[2019-09-22 STOA] Am Morgen des 02. September 2019 trafen sich die 30 Sch\u00fclerinnen und Sch\u00fcler der Klasse 10 D mit ihren Lehrerinnen am Eiserfelder Schwimmbad. Gut gelaunt und voller Vorfreude startete die Truppe Richtung Weissenh\u00e4user Strand.\" \/>\n<meta property=\"og:url\" content=\"https:\/\/www.gesamtschule-eiserfeld.de\/?p=12756\" \/>\n<meta property=\"og:site_name\" content=\"Gesamtschule Eiserfeld\" \/>\n<meta property=\"article:publisher\" content=\"https:\/\/www.facebook.com\/GEEiserfeld\" \/>\n<meta property=\"article:published_time\" content=\"2019-09-22T11:25:11+00:00\" \/>\n<meta property=\"article:modified_time\" content=\"2019-10-06T19:35:41+00:00\" \/>\n<meta property=\"og:image\" content=\"https:\/\/i2.wp.com\/www.gesamtschule-eiserfeld.de\/wp-content\/uploads\/2019\/09\/4.jpg?fit=1200%2C900&ssl=1\" \/>\n\t<meta property=\"og:image:width\" content=\"1200\" \/>\n\t<meta property=\"og:image:height\" content=\"900\" \/>\n\t<meta property=\"og:image:type\" content=\"image\/jpeg\" \/>\n<meta name=\"author\" content=\"dorw\" \/>\n<meta name=\"twitter:card\" content=\"summary_large_image\" \/>\n<meta name=\"twitter:label1\" content=\"Verfasst von\" \/>\n\t<meta name=\"twitter:data1\" content=\"dorw\" \/>\n\t<meta name=\"twitter:label2\" content=\"Gesch\u00e4tzte Lesezeit\" \/>\n\t<meta name=\"twitter:data2\" content=\"2\u00a0Minuten\" \/>\n<script type=\"application\/ld+json\" class=\"yoast-schema-graph\">{\"@context\":\"https:\\\/\\\/schema.org\",\"@graph\":[{\"@type\":\"Article\",\"@id\":\"https:\\\/\\\/www.gesamtschule-eiserfeld.de\\\/?p=12756#article\",\"isPartOf\":{\"@id\":\"https:\\\/\\\/www.gesamtschule-eiserfeld.de\\\/?p=12756\"},\"author\":{\"name\":\"dorw\",\"@id\":\"https:\\\/\\\/www.gesamtschule-eiserfeld.de\\\/#\\\/schema\\\/person\\\/9f37123dd2ff514a1346db435bdb3784\"},\"headline\":\"Abschlussfahrt zum Weissenh\u00e4user Strand\",\"datePublished\":\"2019-09-22T11:25:11+00:00\",\"dateModified\":\"2019-10-06T19:35:41+00:00\",\"mainEntityOfPage\":{\"@id\":\"https:\\\/\\\/www.gesamtschule-eiserfeld.de\\\/?p=12756\"},\"wordCount\":343,\"publisher\":{\"@id\":\"https:\\\/\\\/www.gesamtschule-eiserfeld.de\\\/#organization\"},\"image\":{\"@id\":\"https:\\\/\\\/www.gesamtschule-eiserfeld.de\\\/?p=12756#primaryimage\"},\"thumbnailUrl\":\"https:\\\/\\\/www.gesamtschule-eiserfeld.de\\\/wp-content\\\/uploads\\\/2019\\\/09\\\/1.jpg\",\"articleSection\":{\"1\":\"Exkursion\",\"2\":\"Jg 9\\\/10\",\"3\":\"Klassenfahrt\",\"4\":\"Soziales Lernen\"},\"inLanguage\":\"de\"},{\"@type\":\"WebPage\",\"@id\":\"https:\\\/\\\/www.gesamtschule-eiserfeld.de\\\/?p=12756\",\"url\":\"https:\\\/\\\/www.gesamtschule-eiserfeld.de\\\/?p=12756\",\"name\":\"Abschlussfahrt zum Weissenh\u00e4user Strand - Gesamtschule Eiserfeld\",\"isPartOf\":{\"@id\":\"https:\\\/\\\/www.gesamtschule-eiserfeld.de\\\/#website\"},\"primaryImageOfPage\":{\"@id\":\"https:\\\/\\\/www.gesamtschule-eiserfeld.de\\\/?p=12756#primaryimage\"},\"image\":{\"@id\":\"https:\\\/\\\/www.gesamtschule-eiserfeld.de\\\/?p=12756#primaryimage\"},\"thumbnailUrl\":\"https:\\\/\\\/www.gesamtschule-eiserfeld.de\\\/wp-content\\\/uploads\\\/2019\\\/09\\\/1.jpg\",\"datePublished\":\"2019-09-22T11:25:11+00:00\",\"dateModified\":\"2019-10-06T19:35:41+00:00\",\"breadcrumb\":{\"@id\":\"https:\\\/\\\/www.gesamtschule-eiserfeld.de\\\/?p=12756#breadcrumb\"},\"inLanguage\":\"de\",\"potentialAction\":[{\"@type\":\"ReadAction\",\"target\":[\"https:\\\/\\\/www.gesamtschule-eiserfeld.de\\\/?p=12756\"]}]},{\"@type\":\"ImageObject\",\"inLanguage\":\"de\",\"@id\":\"https:\\\/\\\/www.gesamtschule-eiserfeld.de\\\/?p=12756#primaryimage\",\"url\":\"https:\\\/\\\/i0.wp.com\\\/www.gesamtschule-eiserfeld.de\\\/wp-content\\\/uploads\\\/2019\\\/09\\\/1.jpg?fit=320%2C240&ssl=1\",\"contentUrl\":\"https:\\\/\\\/i0.wp.com\\\/www.gesamtschule-eiserfeld.de\\\/wp-content\\\/uploads\\\/2019\\\/09\\\/1.jpg?fit=320%2C240&ssl=1\",\"width\":320,\"height\":240},{\"@type\":\"BreadcrumbList\",\"@id\":\"https:\\\/\\\/www.gesamtschule-eiserfeld.de\\\/?p=12756#breadcrumb\",\"itemListElement\":[{\"@type\":\"ListItem\",\"position\":1,\"name\":\"Startseite\",\"item\":\"https:\\\/\\\/www.gesamtschule-eiserfeld.de\\\/\"},{\"@type\":\"ListItem\",\"position\":2,\"name\":\"Abschlussfahrt zum Weissenh\u00e4user Strand\"}]},{\"@type\":\"WebSite\",\"@id\":\"https:\\\/\\\/www.gesamtschule-eiserfeld.de\\\/#website\",\"url\":\"https:\\\/\\\/www.gesamtschule-eiserfeld.de\\\/\",\"name\":\"Gesamtschule Eiserfeld\",\"description\":\"\",\"publisher\":{\"@id\":\"https:\\\/\\\/www.gesamtschule-eiserfeld.de\\\/#organization\"},\"potentialAction\":[{\"@type\":\"SearchAction\",\"target\":{\"@type\":\"EntryPoint\",\"urlTemplate\":\"https:\\\/\\\/www.gesamtschule-eiserfeld.de\\\/?s={search_term_string}\"},\"query-input\":{\"@type\":\"PropertyValueSpecification\",\"valueRequired\":true,\"valueName\":\"search_term_string\"}}],\"inLanguage\":\"de\"},{\"@type\":\"Organization\",\"@id\":\"https:\\\/\\\/www.gesamtschule-eiserfeld.de\\\/#organization\",\"name\":\"Gesamtschule Eiserfeld\",\"url\":\"https:\\\/\\\/www.gesamtschule-eiserfeld.de\\\/\",\"logo\":{\"@type\":\"ImageObject\",\"inLanguage\":\"de\",\"@id\":\"https:\\\/\\\/www.gesamtschule-eiserfeld.de\\\/#\\\/schema\\\/logo\\\/image\\\/\",\"url\":\"https:\\\/\\\/i1.wp.com\\\/www.gesamtschule-eiserfeld.de\\\/wp-content\\\/uploads\\\/2019\\\/01\\\/GEE-Logo-neu.jpg?fit=436%2C126&ssl=1\",\"contentUrl\":\"https:\\\/\\\/i1.wp.com\\\/www.gesamtschule-eiserfeld.de\\\/wp-content\\\/uploads\\\/2019\\\/01\\\/GEE-Logo-neu.jpg?fit=436%2C126&ssl=1\",\"width\":436,\"height\":126,\"caption\":\"Gesamtschule Eiserfeld\"},\"image\":{\"@id\":\"https:\\\/\\\/www.gesamtschule-eiserfeld.de\\\/#\\\/schema\\\/logo\\\/image\\\/\"},\"sameAs\":[\"https:\\\/\\\/www.facebook.com\\\/GEEiserfeld\"]},{\"@type\":\"Person\",\"@id\":\"https:\\\/\\\/www.gesamtschule-eiserfeld.de\\\/#\\\/schema\\\/person\\\/9f37123dd2ff514a1346db435bdb3784\",\"name\":\"dorw\",\"sameAs\":[\"http:\\\/\\\/www.ge-eiserfeld.de\"],\"url\":\"https:\\\/\\\/www.gesamtschule-eiserfeld.de\\\/?author=9\"}]}<\/script>\n<!-- \/ Yoast SEO plugin. -->","yoast_head_json":{"title":"Abschlussfahrt zum Weissenh\u00e4user Strand - Gesamtschule Eiserfeld","robots":{"index":"index","follow":"follow","max-snippet":"max-snippet:-1","max-image-preview":"max-image-preview:large","max-video-preview":"max-video-preview:-1"},"canonical":"https:\/\/www.gesamtschule-eiserfeld.de\/?p=12756","og_locale":"de_DE","og_type":"article","og_title":"Abschlussfahrt zum Weissenh\u00e4user Strand - Gesamtschule Eiserfeld","og_description":"[2019-09-22 STOA] Am Morgen des 02. September 2019 trafen sich die 30 Sch\u00fclerinnen und Sch\u00fcler der Klasse 10 D mit ihren Lehrerinnen am Eiserfelder Schwimmbad. Gut gelaunt und voller Vorfreude startete die Truppe Richtung Weissenh\u00e4user Strand.","og_url":"https:\/\/www.gesamtschule-eiserfeld.de\/?p=12756","og_site_name":"Gesamtschule Eiserfeld","article_publisher":"https:\/\/www.facebook.com\/GEEiserfeld","article_published_time":"2019-09-22T11:25:11+00:00","article_modified_time":"2019-10-06T19:35:41+00:00","og_image":[{"width":1200,"height":900,"url":"https:\/\/i2.wp.com\/www.gesamtschule-eiserfeld.de\/wp-content\/uploads\/2019\/09\/4.jpg?fit=1200%2C900&ssl=1","type":"image\/jpeg"}],"author":"dorw","twitter_card":"summary_large_image","twitter_misc":{"Verfasst von":"dorw","Gesch\u00e4tzte Lesezeit":"2\u00a0Minuten"},"schema":{"@context":"https:\/\/schema.org","@graph":[{"@type":"Article","@id":"https:\/\/www.gesamtschule-eiserfeld.de\/?p=12756#article","isPartOf":{"@id":"https:\/\/www.gesamtschule-eiserfeld.de\/?p=12756"},"author":{"name":"dorw","@id":"https:\/\/www.gesamtschule-eiserfeld.de\/#\/schema\/person\/9f37123dd2ff514a1346db435bdb3784"},"headline":"Abschlussfahrt zum Weissenh\u00e4user Strand","datePublished":"2019-09-22T11:25:11+00:00","dateModified":"2019-10-06T19:35:41+00:00","mainEntityOfPage":{"@id":"https:\/\/www.gesamtschule-eiserfeld.de\/?p=12756"},"wordCount":343,"publisher":{"@id":"https:\/\/www.gesamtschule-eiserfeld.de\/#organization"},"image":{"@id":"https:\/\/www.gesamtschule-eiserfeld.de\/?p=12756#primaryimage"},"thumbnailUrl":"https:\/\/www.gesamtschule-eiserfeld.de\/wp-content\/uploads\/2019\/09\/1.jpg","articleSection":{"1":"Exkursion","2":"Jg 9\/10","3":"Klassenfahrt","4":"Soziales Lernen"},"inLanguage":"de"},{"@type":"WebPage","@id":"https:\/\/www.gesamtschule-eiserfeld.de\/?p=12756","url":"https:\/\/www.gesamtschule-eiserfeld.de\/?p=12756","name":"Abschlussfahrt zum Weissenh\u00e4user Strand - Gesamtschule Eiserfeld","isPartOf":{"@id":"https:\/\/www.gesamtschule-eiserfeld.de\/#website"},"primaryImageOfPage":{"@id":"https:\/\/www.gesamtschule-eiserfeld.de\/?p=12756#primaryimage"},"image":{"@id":"https:\/\/www.gesamtschule-eiserfeld.de\/?p=12756#primaryimage"},"thumbnailUrl":"https:\/\/www.gesamtschule-eiserfeld.de\/wp-content\/uploads\/2019\/09\/1.jpg","datePublished":"2019-09-22T11:25:11+00:00","dateModified":"2019-10-06T19:35:41+00:00","breadcrumb":{"@id":"https:\/\/www.gesamtschule-eiserfeld.de\/?p=12756#breadcrumb"},"inLanguage":"de","potentialAction":[{"@type":"ReadAction","target":["https:\/\/www.gesamtschule-eiserfeld.de\/?p=12756"]}]},{"@type":"ImageObject","inLanguage":"de","@id":"https:\/\/www.gesamtschule-eiserfeld.de\/?p=12756#primaryimage","url":"https:\/\/i0.wp.com\/www.gesamtschule-eiserfeld.de\/wp-content\/uploads\/2019\/09\/1.jpg?fit=320%2C240&ssl=1","contentUrl":"https:\/\/i0.wp.com\/www.gesamtschule-eiserfeld.de\/wp-content\/uploads\/2019\/09\/1.jpg?fit=320%2C240&ssl=1","width":320,"height":240},{"@type":"BreadcrumbList","@id":"https:\/\/www.gesamtschule-eiserfeld.de\/?p=12756#breadcrumb","itemListElement":[{"@type":"ListItem","position":1,"name":"Startseite","item":"https:\/\/www.gesamtschule-eiserfeld.de\/"},{"@type":"ListItem","position":2,"name":"Abschlussfahrt zum Weissenh\u00e4user Strand"}]},{"@type":"WebSite","@id":"https:\/\/www.gesamtschule-eiserfeld.de\/#website","url":"https:\/\/www.gesamtschule-eiserfeld.de\/","name":"Gesamtschule Eiserfeld","description":"","publisher":{"@id":"https:\/\/www.gesamtschule-eiserfeld.de\/#organization"},"potentialAction":[{"@type":"SearchAction","target":{"@type":"EntryPoint","urlTemplate":"https:\/\/www.gesamtschule-eiserfeld.de\/?s={search_term_string}"},"query-input":{"@type":"PropertyValueSpecification","valueRequired":true,"valueName":"search_term_string"}}],"inLanguage":"de"},{"@type":"Organization","@id":"https:\/\/www.gesamtschule-eiserfeld.de\/#organization","name":"Gesamtschule Eiserfeld","url":"https:\/\/www.gesamtschule-eiserfeld.de\/","logo":{"@type":"ImageObject","inLanguage":"de","@id":"https:\/\/www.gesamtschule-eiserfeld.de\/#\/schema\/logo\/image\/","url":"https:\/\/i1.wp.com\/www.gesamtschule-eiserfeld.de\/wp-content\/uploads\/2019\/01\/GEE-Logo-neu.jpg?fit=436%2C126&ssl=1","contentUrl":"https:\/\/i1.wp.com\/www.gesamtschule-eiserfeld.de\/wp-content\/uploads\/2019\/01\/GEE-Logo-neu.jpg?fit=436%2C126&ssl=1","width":436,"height":126,"caption":"Gesamtschule Eiserfeld"},"image":{"@id":"https:\/\/www.gesamtschule-eiserfeld.de\/#\/schema\/logo\/image\/"},"sameAs":["https:\/\/www.facebook.com\/GEEiserfeld"]},{"@type":"Person","@id":"https:\/\/www.gesamtschule-eiserfeld.de\/#\/schema\/person\/9f37123dd2ff514a1346db435bdb3784","name":"dorw","sameAs":["http:\/\/www.ge-eiserfeld.de"],"url":"https:\/\/www.gesamtschule-eiserfeld.de\/?author=9"}]}},"jetpack_publicize_connections":[],"jetpack_featured_media_url":"","jetpack_shortlink":"https:\/\/wp.me\/p2weeL-3jK","jetpack_sharing_enabled":true,"_links":{"self":[{"href":"https:\/\/www.gesamtschule-eiserfeld.de\/index.php?rest_route=\/wp\/v2\/posts\/12756","targetHints":{"allow":["GET"]}}],"collection":[{"href":"https:\/\/www.gesamtschule-eiserfeld.de\/index.php?rest_route=\/wp\/v2\/posts"}],"about":[{"href":"https:\/\/www.gesamtschule-eiserfeld.de\/index.php?rest_route=\/wp\/v2\/types\/post"}],"author":[{"embeddable":true,"href":"https:\/\/www.gesamtschule-eiserfeld.de\/index.php?rest_route=\/wp\/v2\/users\/9"}],"replies":[{"embeddable":true,"href":"https:\/\/www.gesamtschule-eiserfeld.de\/index.php?rest_route=%2Fwp%2Fv2%2Fcomments&post=12756"}],"version-history":[{"count":0,"href":"https:\/\/www.gesamtschule-eiserfeld.de\/index.php?rest_route=\/wp\/v2\/posts\/12756\/revisions"}],"wp:attachment":[{"href":"https:\/\/www.gesamtschule-eiserfeld.de\/index.php?rest_route=%2Fwp%2Fv2%2Fmedia&parent=12756"}],"wp:term":[{"taxonomy":"category","embeddable":true,"href":"https:\/\/www.gesamtschule-eiserfeld.de\/index.php?rest_route=%2Fwp%2Fv2%2Fcategories&post=12756"},{"taxonomy":"post_tag","embeddable":true,"href":"https:\/\/www.gesamtschule-eiserfeld.de\/index.php?rest_route=%2Fwp%2Fv2%2Ftags&post=12756"}],"curies":[{"name":"wp","href":"https:\/\/api.w.org\/{rel}","templated":true}]}}