{"id":12787,"date":"2019-10-02T18:00:18","date_gmt":"2019-10-02T17:00:18","guid":{"rendered":"https:\/\/www.gesamtschule-eiserfeld.de\/?p=12787"},"modified":"2019-10-07T07:28:52","modified_gmt":"2019-10-07T06:28:52","slug":"schulsozialarbeiter-auf-den-klassenfahrten-der-neuen-5er-klassen","status":"publish","type":"post","link":"https:\/\/www.gesamtschule-eiserfeld.de\/?p=12787","title":{"rendered":"Schulsozialarbeiter auf den Klassenfahrten der neuen 5er Klassen"},"content":{"rendered":"<p style=\"text-align: justify;\"><img data-recalc-dims=\"1\" loading=\"lazy\" decoding=\"async\" data-attachment-id=\"12792\" data-permalink=\"https:\/\/www.gesamtschule-eiserfeld.de\/?attachment_id=12792\" data-orig-file=\"https:\/\/i0.wp.com\/www.gesamtschule-eiserfeld.de\/wp-content\/uploads\/2019\/09\/IMG_20190909_165031_resized_20190917_063421939.jpg?fit=1200%2C900&amp;ssl=1\" data-orig-size=\"1200,900\" data-comments-opened=\"0\" data-image-meta=\"{&quot;aperture&quot;:&quot;0&quot;,&quot;credit&quot;:&quot;&quot;,&quot;camera&quot;:&quot;&quot;,&quot;caption&quot;:&quot;&quot;,&quot;created_timestamp&quot;:&quot;0&quot;,&quot;copyright&quot;:&quot;&quot;,&quot;focal_length&quot;:&quot;0&quot;,&quot;iso&quot;:&quot;0&quot;,&quot;shutter_speed&quot;:&quot;0&quot;,&quot;title&quot;:&quot;&quot;,&quot;orientation&quot;:&quot;0&quot;}\" data-image-title=\"IMG_20190909_165031_resized_20190917_063421939\" data-image-description=\"\" data-image-caption=\"\" data-large-file=\"https:\/\/i0.wp.com\/www.gesamtschule-eiserfeld.de\/wp-content\/uploads\/2019\/09\/IMG_20190909_165031_resized_20190917_063421939.jpg?fit=474%2C356&amp;ssl=1\" class=\"wp-image-12792 alignleft\" src=\"https:\/\/i0.wp.com\/www.gesamtschule-eiserfeld.de\/wp-content\/uploads\/2019\/09\/IMG_20190909_165031_resized_20190917_063421939.jpg?resize=202%2C152&#038;ssl=1\" alt=\"\" width=\"202\" height=\"152\" srcset=\"https:\/\/i0.wp.com\/www.gesamtschule-eiserfeld.de\/wp-content\/uploads\/2019\/09\/IMG_20190909_165031_resized_20190917_063421939.jpg?resize=300%2C225&amp;ssl=1 300w, https:\/\/i0.wp.com\/www.gesamtschule-eiserfeld.de\/wp-content\/uploads\/2019\/09\/IMG_20190909_165031_resized_20190917_063421939.jpg?resize=200%2C150&amp;ssl=1 200w, https:\/\/i0.wp.com\/www.gesamtschule-eiserfeld.de\/wp-content\/uploads\/2019\/09\/IMG_20190909_165031_resized_20190917_063421939.jpg?resize=768%2C576&amp;ssl=1 768w, https:\/\/i0.wp.com\/www.gesamtschule-eiserfeld.de\/wp-content\/uploads\/2019\/09\/IMG_20190909_165031_resized_20190917_063421939.jpg?resize=1024%2C768&amp;ssl=1 1024w, https:\/\/i0.wp.com\/www.gesamtschule-eiserfeld.de\/wp-content\/uploads\/2019\/09\/IMG_20190909_165031_resized_20190917_063421939.jpg?w=1200&amp;ssl=1 1200w, https:\/\/i0.wp.com\/www.gesamtschule-eiserfeld.de\/wp-content\/uploads\/2019\/09\/IMG_20190909_165031_resized_20190917_063421939.jpg?w=948&amp;ssl=1 948w\" sizes=\"auto, (max-width: 202px) 100vw, 202px\" \/>[2019-10-02 HEID] Wie jedes Jahr fuhren die neuen 5er Klassen auch dieses Jahr mit ihren Klassenlehrerinnen\/Klassenlehrern, Integrationskr\u00e4ften und zus\u00e4tzlichen Begleitpersonen auf eine erste dreit\u00e4gige Klassenfahrt ins nahe Umland.<!--more--><\/p>\n<p style=\"text-align: justify;\">Wir, Jens Heide, Schulsozialarbeiter am Standort Hengsberg, und Norman K\u00e4mpfer, derzeit Praktikant in der Schulsozialarbeit, besuchten alle f\u00fcnf Klassen.<br \/>\nDabei sollten die neuen Sch\u00fcler uns als Ansprechpartner f\u00fcr schulische oder pers\u00f6nliche Probleme kennenlernen. Daf\u00fcr hatten wir einige Kennenlern \u2013 und Team\u00fcbungen im Gep\u00e4ck. <img data-recalc-dims=\"1\" loading=\"lazy\" decoding=\"async\" data-attachment-id=\"12788\" data-permalink=\"https:\/\/www.gesamtschule-eiserfeld.de\/?attachment_id=12788\" data-orig-file=\"https:\/\/i0.wp.com\/www.gesamtschule-eiserfeld.de\/wp-content\/uploads\/2019\/09\/index-1.jpg?fit=1200%2C900&amp;ssl=1\" data-orig-size=\"1200,900\" data-comments-opened=\"0\" data-image-meta=\"{&quot;aperture&quot;:&quot;0&quot;,&quot;credit&quot;:&quot;&quot;,&quot;camera&quot;:&quot;&quot;,&quot;caption&quot;:&quot;&quot;,&quot;created_timestamp&quot;:&quot;0&quot;,&quot;copyright&quot;:&quot;&quot;,&quot;focal_length&quot;:&quot;0&quot;,&quot;iso&quot;:&quot;0&quot;,&quot;shutter_speed&quot;:&quot;0&quot;,&quot;title&quot;:&quot;&quot;,&quot;orientation&quot;:&quot;0&quot;}\" data-image-title=\"index 1\" data-image-description=\"\" data-image-caption=\"\" data-large-file=\"https:\/\/i0.wp.com\/www.gesamtschule-eiserfeld.de\/wp-content\/uploads\/2019\/09\/index-1.jpg?fit=474%2C356&amp;ssl=1\" class=\" wp-image-12788 alignright\" src=\"https:\/\/i0.wp.com\/www.gesamtschule-eiserfeld.de\/wp-content\/uploads\/2019\/09\/index-1.jpg?resize=260%2C195&#038;ssl=1\" alt=\"\" width=\"260\" height=\"195\" srcset=\"https:\/\/i0.wp.com\/www.gesamtschule-eiserfeld.de\/wp-content\/uploads\/2019\/09\/index-1.jpg?resize=300%2C225&amp;ssl=1 300w, https:\/\/i0.wp.com\/www.gesamtschule-eiserfeld.de\/wp-content\/uploads\/2019\/09\/index-1.jpg?resize=200%2C150&amp;ssl=1 200w, https:\/\/i0.wp.com\/www.gesamtschule-eiserfeld.de\/wp-content\/uploads\/2019\/09\/index-1.jpg?resize=768%2C576&amp;ssl=1 768w, https:\/\/i0.wp.com\/www.gesamtschule-eiserfeld.de\/wp-content\/uploads\/2019\/09\/index-1.jpg?resize=1024%2C768&amp;ssl=1 1024w, https:\/\/i0.wp.com\/www.gesamtschule-eiserfeld.de\/wp-content\/uploads\/2019\/09\/index-1.jpg?w=1200&amp;ssl=1 1200w, https:\/\/i0.wp.com\/www.gesamtschule-eiserfeld.de\/wp-content\/uploads\/2019\/09\/index-1.jpg?w=948&amp;ssl=1 948w\" sizes=\"auto, (max-width: 260px) 100vw, 260px\" \/><br \/>\nBei meist idealem Sp\u00e4tsommerwetter lag der Schwerpunkt auf einem \u201eNaturmemory\u201c im Wald. Auf 20 Baumscheiben hatten wir rund 20 Pflanzen aus der Umgebung des Freizeithauses gelegt, die die Sch\u00fcler in 5erGruppen m\u00f6glichst schnell im Wald finden sollten. Auch Kleintiere konnten gesucht, in Gl\u00e4sern sorgsam gesammelt und mitgebracht werden. Dabei kam es auch darauf an, sich als Kleingruppe eine gute Strategie zu \u00fcberlegen, wie die Aufgabe am besten bew\u00e4ltigt werden kann.<br \/>\n<img data-recalc-dims=\"1\" loading=\"lazy\" decoding=\"async\" data-attachment-id=\"12789\" data-permalink=\"https:\/\/www.gesamtschule-eiserfeld.de\/?attachment_id=12789\" data-orig-file=\"https:\/\/i0.wp.com\/www.gesamtschule-eiserfeld.de\/wp-content\/uploads\/2019\/09\/index-4.jpg?fit=1200%2C900&amp;ssl=1\" data-orig-size=\"1200,900\" data-comments-opened=\"0\" data-image-meta=\"{&quot;aperture&quot;:&quot;0&quot;,&quot;credit&quot;:&quot;&quot;,&quot;camera&quot;:&quot;&quot;,&quot;caption&quot;:&quot;&quot;,&quot;created_timestamp&quot;:&quot;0&quot;,&quot;copyright&quot;:&quot;&quot;,&quot;focal_length&quot;:&quot;0&quot;,&quot;iso&quot;:&quot;0&quot;,&quot;shutter_speed&quot;:&quot;0&quot;,&quot;title&quot;:&quot;&quot;,&quot;orientation&quot;:&quot;0&quot;}\" data-image-title=\"index 4\" data-image-description=\"\" data-image-caption=\"\" data-large-file=\"https:\/\/i0.wp.com\/www.gesamtschule-eiserfeld.de\/wp-content\/uploads\/2019\/09\/index-4.jpg?fit=474%2C356&amp;ssl=1\" class=\"size-medium wp-image-12789 alignleft\" src=\"https:\/\/i0.wp.com\/www.gesamtschule-eiserfeld.de\/wp-content\/uploads\/2019\/09\/index-4.jpg?resize=300%2C225&#038;ssl=1\" alt=\"\" width=\"300\" height=\"225\" srcset=\"https:\/\/i0.wp.com\/www.gesamtschule-eiserfeld.de\/wp-content\/uploads\/2019\/09\/index-4.jpg?resize=300%2C225&amp;ssl=1 300w, https:\/\/i0.wp.com\/www.gesamtschule-eiserfeld.de\/wp-content\/uploads\/2019\/09\/index-4.jpg?resize=200%2C150&amp;ssl=1 200w, https:\/\/i0.wp.com\/www.gesamtschule-eiserfeld.de\/wp-content\/uploads\/2019\/09\/index-4.jpg?resize=768%2C576&amp;ssl=1 768w, https:\/\/i0.wp.com\/www.gesamtschule-eiserfeld.de\/wp-content\/uploads\/2019\/09\/index-4.jpg?resize=1024%2C768&amp;ssl=1 1024w, https:\/\/i0.wp.com\/www.gesamtschule-eiserfeld.de\/wp-content\/uploads\/2019\/09\/index-4.jpg?w=1200&amp;ssl=1 1200w, https:\/\/i0.wp.com\/www.gesamtschule-eiserfeld.de\/wp-content\/uploads\/2019\/09\/index-4.jpg?w=948&amp;ssl=1 948w\" sizes=\"auto, (max-width: 300px) 100vw, 300px\" \/>Zus\u00e4tzliche Punkte konnten die Gruppen sammeln, indem sie unterwegs im Wald gefundenen M\u00fcll einsammelten. Dabei kam eine erstaunlich gro\u00dfe M\u00fcllmenge zusammen!<br \/>\nDie Kinder waren mit gro\u00dfem Engagement und Freudebei der Sache und durchk\u00e4mmten voller Tatendrang den Wald.<br \/>\nBei der Auswertung wurden noch miteinander die Namen der verschiedenen Pflanzen zusammengetragen.<br \/>\n<img data-recalc-dims=\"1\" loading=\"lazy\" decoding=\"async\" data-attachment-id=\"12791\" data-permalink=\"https:\/\/www.gesamtschule-eiserfeld.de\/?attachment_id=12791\" data-orig-file=\"https:\/\/i0.wp.com\/www.gesamtschule-eiserfeld.de\/wp-content\/uploads\/2019\/09\/IMG_20190909_164908_resized_20190917_063419276.jpg?fit=1200%2C900&amp;ssl=1\" data-orig-size=\"1200,900\" data-comments-opened=\"0\" data-image-meta=\"{&quot;aperture&quot;:&quot;0&quot;,&quot;credit&quot;:&quot;&quot;,&quot;camera&quot;:&quot;&quot;,&quot;caption&quot;:&quot;&quot;,&quot;created_timestamp&quot;:&quot;0&quot;,&quot;copyright&quot;:&quot;&quot;,&quot;focal_length&quot;:&quot;0&quot;,&quot;iso&quot;:&quot;0&quot;,&quot;shutter_speed&quot;:&quot;0&quot;,&quot;title&quot;:&quot;&quot;,&quot;orientation&quot;:&quot;0&quot;}\" data-image-title=\"IMG_20190909_164908_resized_20190917_063419276\" data-image-description=\"\" data-image-caption=\"\" data-large-file=\"https:\/\/i0.wp.com\/www.gesamtschule-eiserfeld.de\/wp-content\/uploads\/2019\/09\/IMG_20190909_164908_resized_20190917_063419276.jpg?fit=474%2C356&amp;ssl=1\" class=\"wp-image-12791 alignright\" src=\"https:\/\/i0.wp.com\/www.gesamtschule-eiserfeld.de\/wp-content\/uploads\/2019\/09\/IMG_20190909_164908_resized_20190917_063419276.jpg?resize=257%2C193&#038;ssl=1\" alt=\"\" width=\"257\" height=\"193\" srcset=\"https:\/\/i0.wp.com\/www.gesamtschule-eiserfeld.de\/wp-content\/uploads\/2019\/09\/IMG_20190909_164908_resized_20190917_063419276.jpg?resize=300%2C225&amp;ssl=1 300w, https:\/\/i0.wp.com\/www.gesamtschule-eiserfeld.de\/wp-content\/uploads\/2019\/09\/IMG_20190909_164908_resized_20190917_063419276.jpg?resize=200%2C150&amp;ssl=1 200w, https:\/\/i0.wp.com\/www.gesamtschule-eiserfeld.de\/wp-content\/uploads\/2019\/09\/IMG_20190909_164908_resized_20190917_063419276.jpg?resize=768%2C576&amp;ssl=1 768w, https:\/\/i0.wp.com\/www.gesamtschule-eiserfeld.de\/wp-content\/uploads\/2019\/09\/IMG_20190909_164908_resized_20190917_063419276.jpg?resize=1024%2C768&amp;ssl=1 1024w, https:\/\/i0.wp.com\/www.gesamtschule-eiserfeld.de\/wp-content\/uploads\/2019\/09\/IMG_20190909_164908_resized_20190917_063419276.jpg?w=1200&amp;ssl=1 1200w, https:\/\/i0.wp.com\/www.gesamtschule-eiserfeld.de\/wp-content\/uploads\/2019\/09\/IMG_20190909_164908_resized_20190917_063419276.jpg?w=948&amp;ssl=1 948w\" sizes=\"auto, (max-width: 257px) 100vw, 257px\" \/>Zum Abschluss des Besuchs versuchte die ganze Klasse beim Spiel \u201eWo ist mein Huhn?\u201c Herrn Heide ein pr\u00e4chtiges Gummihuhn zu stehlen. Dabei wurde viel gelacht und schlie\u00dflich das Huhn unter dem Jubel der Klasse hinter die rote Linie gebracht.<br \/>\nDass es sowohl beim Umgang mit der Natur als auch im Umgang miteinander auf Respekt und Achtung ankommt, unterstrichen wir in einer kleinen abschlie\u00dfenden Reflexionsrunde.<br \/>\nNachdem Trost und Hauptpreise an die Kids verteilt waren, mussten alle schmunzeln, als auch die Lehrer von uns eine kleine Ermutigung in Form von Kinderschokolade, \u00dcberraschungseiern oder Traubenzucker mit auf den Weg bekamen.<br \/>\nUns als Schulsozialarbeitern geht es auch darum, in der Schule eine Atmosph\u00e4re von Achtung und Wertsch\u00e4tzung zu f\u00f6rdern und dazu einzuladen.<br \/>\nAllen neuen 5er Sch\u00fclern und Lehrerinnen\/Lehrern w\u00fcnschen wir weiterhin einen guten Start miteinander. Ihr wart und seid tolle Teams!<\/p>\n<p style=\"text-align: justify;\">Jens Heide und Norman K\u00e4mpfer<\/p>\n","protected":false},"excerpt":{"rendered":"<p>[2019-10-02 HEID] Wie jedes Jahr fuhren die neuen 5er Klassen auch dieses Jahr mit ihren Klassenlehrerinnen\/Klassenlehrern, Integrationskr\u00e4ften und zus\u00e4tzlichen Begleitpersonen auf eine erste dreit\u00e4gige Klassenfahrt ins nahe Umland.<\/p>\n","protected":false},"author":9,"featured_media":0,"comment_status":"closed","ping_status":"open","sticky":false,"template":"","format":"standard","meta":{"jetpack_post_was_ever_published":false,"_jetpack_newsletter_access":"","_jetpack_dont_email_post_to_subs":false,"_jetpack_newsletter_tier_id":0,"_jetpack_memberships_contains_paywalled_content":false,"_jetpack_memberships_contains_paid_content":false,"footnotes":"","jetpack_publicize_message":"","jetpack_publicize_feature_enabled":true,"jetpack_social_post_already_shared":true,"jetpack_social_options":{"image_generator_settings":{"template":"highway","default_image_id":0,"font":"","enabled":false},"version":2}},"categories":[1,29,40,10,49],"tags":[],"class_list":["post-12787","post","type-post","status-publish","format-standard","hentry","category-allgemein","category-klassenfahrt","category-konzepte-56","category-projekte","category-soziales-lernen"],"yoast_head":"<!-- This site is optimized with the Yoast SEO plugin v27.4 - https:\/\/yoast.com\/product\/yoast-seo-wordpress\/ -->\n<title>Schulsozialarbeiter auf den Klassenfahrten der neuen 5er Klassen - Gesamtschule Eiserfeld<\/title>\n<meta name=\"robots\" content=\"index, follow, max-snippet:-1, max-image-preview:large, max-video-preview:-1\" \/>\n<link rel=\"canonical\" href=\"https:\/\/www.gesamtschule-eiserfeld.de\/?p=12787\" \/>\n<meta property=\"og:locale\" content=\"de_DE\" \/>\n<meta property=\"og:type\" content=\"article\" \/>\n<meta property=\"og:title\" content=\"Schulsozialarbeiter auf den Klassenfahrten der neuen 5er Klassen - Gesamtschule Eiserfeld\" \/>\n<meta property=\"og:description\" content=\"[2019-10-02 HEID] Wie jedes Jahr fuhren die neuen 5er Klassen auch dieses Jahr mit ihren Klassenlehrerinnen\/Klassenlehrern, Integrationskr\u00e4ften und zus\u00e4tzlichen Begleitpersonen auf eine erste dreit\u00e4gige Klassenfahrt ins nahe Umland.\" \/>\n<meta property=\"og:url\" content=\"https:\/\/www.gesamtschule-eiserfeld.de\/?p=12787\" \/>\n<meta property=\"og:site_name\" content=\"Gesamtschule Eiserfeld\" \/>\n<meta property=\"article:publisher\" content=\"https:\/\/www.facebook.com\/GEEiserfeld\" \/>\n<meta property=\"article:published_time\" content=\"2019-10-02T17:00:18+00:00\" \/>\n<meta property=\"article:modified_time\" content=\"2019-10-07T06:28:52+00:00\" \/>\n<meta property=\"og:image\" content=\"https:\/\/i0.wp.com\/www.gesamtschule-eiserfeld.de\/wp-content\/uploads\/2019\/09\/IMG_20190909_164908_resized_20190917_063419276.jpg?fit=1200%2C900&ssl=1\" \/>\n\t<meta property=\"og:image:width\" content=\"1200\" \/>\n\t<meta property=\"og:image:height\" content=\"900\" \/>\n\t<meta property=\"og:image:type\" content=\"image\/jpeg\" \/>\n<meta name=\"author\" content=\"dorw\" \/>\n<meta name=\"twitter:card\" content=\"summary_large_image\" \/>\n<meta name=\"twitter:label1\" content=\"Verfasst von\" \/>\n\t<meta name=\"twitter:data1\" content=\"dorw\" \/>\n\t<meta name=\"twitter:label2\" content=\"Gesch\u00e4tzte Lesezeit\" \/>\n\t<meta name=\"twitter:data2\" content=\"2\u00a0Minuten\" \/>\n<script type=\"application\/ld+json\" class=\"yoast-schema-graph\">{\"@context\":\"https:\\\/\\\/schema.org\",\"@graph\":[{\"@type\":\"Article\",\"@id\":\"https:\\\/\\\/www.gesamtschule-eiserfeld.de\\\/?p=12787#article\",\"isPartOf\":{\"@id\":\"https:\\\/\\\/www.gesamtschule-eiserfeld.de\\\/?p=12787\"},\"author\":{\"name\":\"dorw\",\"@id\":\"https:\\\/\\\/www.gesamtschule-eiserfeld.de\\\/#\\\/schema\\\/person\\\/9f37123dd2ff514a1346db435bdb3784\"},\"headline\":\"Schulsozialarbeiter auf den Klassenfahrten der neuen 5er Klassen\",\"datePublished\":\"2019-10-02T17:00:18+00:00\",\"dateModified\":\"2019-10-07T06:28:52+00:00\",\"mainEntityOfPage\":{\"@id\":\"https:\\\/\\\/www.gesamtschule-eiserfeld.de\\\/?p=12787\"},\"wordCount\":371,\"publisher\":{\"@id\":\"https:\\\/\\\/www.gesamtschule-eiserfeld.de\\\/#organization\"},\"image\":{\"@id\":\"https:\\\/\\\/www.gesamtschule-eiserfeld.de\\\/?p=12787#primaryimage\"},\"thumbnailUrl\":\"https:\\\/\\\/www.gesamtschule-eiserfeld.de\\\/wp-content\\\/uploads\\\/2019\\\/09\\\/IMG_20190909_165031_resized_20190917_063421939-300x225.jpg\",\"articleSection\":{\"1\":\"Klassenfahrt\",\"2\":\"Konzepte 5\\\/6\",\"3\":\"Projekte\",\"4\":\"Soziales Lernen\"},\"inLanguage\":\"de\"},{\"@type\":\"WebPage\",\"@id\":\"https:\\\/\\\/www.gesamtschule-eiserfeld.de\\\/?p=12787\",\"url\":\"https:\\\/\\\/www.gesamtschule-eiserfeld.de\\\/?p=12787\",\"name\":\"Schulsozialarbeiter auf den Klassenfahrten der neuen 5er Klassen - Gesamtschule Eiserfeld\",\"isPartOf\":{\"@id\":\"https:\\\/\\\/www.gesamtschule-eiserfeld.de\\\/#website\"},\"primaryImageOfPage\":{\"@id\":\"https:\\\/\\\/www.gesamtschule-eiserfeld.de\\\/?p=12787#primaryimage\"},\"image\":{\"@id\":\"https:\\\/\\\/www.gesamtschule-eiserfeld.de\\\/?p=12787#primaryimage\"},\"thumbnailUrl\":\"https:\\\/\\\/www.gesamtschule-eiserfeld.de\\\/wp-content\\\/uploads\\\/2019\\\/09\\\/IMG_20190909_165031_resized_20190917_063421939-300x225.jpg\",\"datePublished\":\"2019-10-02T17:00:18+00:00\",\"dateModified\":\"2019-10-07T06:28:52+00:00\",\"breadcrumb\":{\"@id\":\"https:\\\/\\\/www.gesamtschule-eiserfeld.de\\\/?p=12787#breadcrumb\"},\"inLanguage\":\"de\",\"potentialAction\":[{\"@type\":\"ReadAction\",\"target\":[\"https:\\\/\\\/www.gesamtschule-eiserfeld.de\\\/?p=12787\"]}]},{\"@type\":\"ImageObject\",\"inLanguage\":\"de\",\"@id\":\"https:\\\/\\\/www.gesamtschule-eiserfeld.de\\\/?p=12787#primaryimage\",\"url\":\"https:\\\/\\\/i0.wp.com\\\/www.gesamtschule-eiserfeld.de\\\/wp-content\\\/uploads\\\/2019\\\/09\\\/IMG_20190909_165031_resized_20190917_063421939.jpg?fit=1200%2C900&ssl=1\",\"contentUrl\":\"https:\\\/\\\/i0.wp.com\\\/www.gesamtschule-eiserfeld.de\\\/wp-content\\\/uploads\\\/2019\\\/09\\\/IMG_20190909_165031_resized_20190917_063421939.jpg?fit=1200%2C900&ssl=1\",\"width\":1200,\"height\":900},{\"@type\":\"BreadcrumbList\",\"@id\":\"https:\\\/\\\/www.gesamtschule-eiserfeld.de\\\/?p=12787#breadcrumb\",\"itemListElement\":[{\"@type\":\"ListItem\",\"position\":1,\"name\":\"Startseite\",\"item\":\"https:\\\/\\\/www.gesamtschule-eiserfeld.de\\\/\"},{\"@type\":\"ListItem\",\"position\":2,\"name\":\"Schulsozialarbeiter auf den Klassenfahrten der neuen 5er Klassen\"}]},{\"@type\":\"WebSite\",\"@id\":\"https:\\\/\\\/www.gesamtschule-eiserfeld.de\\\/#website\",\"url\":\"https:\\\/\\\/www.gesamtschule-eiserfeld.de\\\/\",\"name\":\"Gesamtschule Eiserfeld\",\"description\":\"\",\"publisher\":{\"@id\":\"https:\\\/\\\/www.gesamtschule-eiserfeld.de\\\/#organization\"},\"potentialAction\":[{\"@type\":\"SearchAction\",\"target\":{\"@type\":\"EntryPoint\",\"urlTemplate\":\"https:\\\/\\\/www.gesamtschule-eiserfeld.de\\\/?s={search_term_string}\"},\"query-input\":{\"@type\":\"PropertyValueSpecification\",\"valueRequired\":true,\"valueName\":\"search_term_string\"}}],\"inLanguage\":\"de\"},{\"@type\":\"Organization\",\"@id\":\"https:\\\/\\\/www.gesamtschule-eiserfeld.de\\\/#organization\",\"name\":\"Gesamtschule Eiserfeld\",\"url\":\"https:\\\/\\\/www.gesamtschule-eiserfeld.de\\\/\",\"logo\":{\"@type\":\"ImageObject\",\"inLanguage\":\"de\",\"@id\":\"https:\\\/\\\/www.gesamtschule-eiserfeld.de\\\/#\\\/schema\\\/logo\\\/image\\\/\",\"url\":\"https:\\\/\\\/i1.wp.com\\\/www.gesamtschule-eiserfeld.de\\\/wp-content\\\/uploads\\\/2019\\\/01\\\/GEE-Logo-neu.jpg?fit=436%2C126&ssl=1\",\"contentUrl\":\"https:\\\/\\\/i1.wp.com\\\/www.gesamtschule-eiserfeld.de\\\/wp-content\\\/uploads\\\/2019\\\/01\\\/GEE-Logo-neu.jpg?fit=436%2C126&ssl=1\",\"width\":436,\"height\":126,\"caption\":\"Gesamtschule Eiserfeld\"},\"image\":{\"@id\":\"https:\\\/\\\/www.gesamtschule-eiserfeld.de\\\/#\\\/schema\\\/logo\\\/image\\\/\"},\"sameAs\":[\"https:\\\/\\\/www.facebook.com\\\/GEEiserfeld\"]},{\"@type\":\"Person\",\"@id\":\"https:\\\/\\\/www.gesamtschule-eiserfeld.de\\\/#\\\/schema\\\/person\\\/9f37123dd2ff514a1346db435bdb3784\",\"name\":\"dorw\",\"sameAs\":[\"http:\\\/\\\/www.ge-eiserfeld.de\"],\"url\":\"https:\\\/\\\/www.gesamtschule-eiserfeld.de\\\/?author=9\"}]}<\/script>\n<!-- \/ Yoast SEO plugin. -->","yoast_head_json":{"title":"Schulsozialarbeiter auf den Klassenfahrten der neuen 5er Klassen - Gesamtschule Eiserfeld","robots":{"index":"index","follow":"follow","max-snippet":"max-snippet:-1","max-image-preview":"max-image-preview:large","max-video-preview":"max-video-preview:-1"},"canonical":"https:\/\/www.gesamtschule-eiserfeld.de\/?p=12787","og_locale":"de_DE","og_type":"article","og_title":"Schulsozialarbeiter auf den Klassenfahrten der neuen 5er Klassen - Gesamtschule Eiserfeld","og_description":"[2019-10-02 HEID] Wie jedes Jahr fuhren die neuen 5er Klassen auch dieses Jahr mit ihren Klassenlehrerinnen\/Klassenlehrern, Integrationskr\u00e4ften und zus\u00e4tzlichen Begleitpersonen auf eine erste dreit\u00e4gige Klassenfahrt ins nahe Umland.","og_url":"https:\/\/www.gesamtschule-eiserfeld.de\/?p=12787","og_site_name":"Gesamtschule Eiserfeld","article_publisher":"https:\/\/www.facebook.com\/GEEiserfeld","article_published_time":"2019-10-02T17:00:18+00:00","article_modified_time":"2019-10-07T06:28:52+00:00","og_image":[{"width":1200,"height":900,"url":"https:\/\/i0.wp.com\/www.gesamtschule-eiserfeld.de\/wp-content\/uploads\/2019\/09\/IMG_20190909_164908_resized_20190917_063419276.jpg?fit=1200%2C900&ssl=1","type":"image\/jpeg"}],"author":"dorw","twitter_card":"summary_large_image","twitter_misc":{"Verfasst von":"dorw","Gesch\u00e4tzte Lesezeit":"2\u00a0Minuten"},"schema":{"@context":"https:\/\/schema.org","@graph":[{"@type":"Article","@id":"https:\/\/www.gesamtschule-eiserfeld.de\/?p=12787#article","isPartOf":{"@id":"https:\/\/www.gesamtschule-eiserfeld.de\/?p=12787"},"author":{"name":"dorw","@id":"https:\/\/www.gesamtschule-eiserfeld.de\/#\/schema\/person\/9f37123dd2ff514a1346db435bdb3784"},"headline":"Schulsozialarbeiter auf den Klassenfahrten der neuen 5er Klassen","datePublished":"2019-10-02T17:00:18+00:00","dateModified":"2019-10-07T06:28:52+00:00","mainEntityOfPage":{"@id":"https:\/\/www.gesamtschule-eiserfeld.de\/?p=12787"},"wordCount":371,"publisher":{"@id":"https:\/\/www.gesamtschule-eiserfeld.de\/#organization"},"image":{"@id":"https:\/\/www.gesamtschule-eiserfeld.de\/?p=12787#primaryimage"},"thumbnailUrl":"https:\/\/www.gesamtschule-eiserfeld.de\/wp-content\/uploads\/2019\/09\/IMG_20190909_165031_resized_20190917_063421939-300x225.jpg","articleSection":{"1":"Klassenfahrt","2":"Konzepte 5\/6","3":"Projekte","4":"Soziales Lernen"},"inLanguage":"de"},{"@type":"WebPage","@id":"https:\/\/www.gesamtschule-eiserfeld.de\/?p=12787","url":"https:\/\/www.gesamtschule-eiserfeld.de\/?p=12787","name":"Schulsozialarbeiter auf den Klassenfahrten der neuen 5er Klassen - Gesamtschule Eiserfeld","isPartOf":{"@id":"https:\/\/www.gesamtschule-eiserfeld.de\/#website"},"primaryImageOfPage":{"@id":"https:\/\/www.gesamtschule-eiserfeld.de\/?p=12787#primaryimage"},"image":{"@id":"https:\/\/www.gesamtschule-eiserfeld.de\/?p=12787#primaryimage"},"thumbnailUrl":"https:\/\/www.gesamtschule-eiserfeld.de\/wp-content\/uploads\/2019\/09\/IMG_20190909_165031_resized_20190917_063421939-300x225.jpg","datePublished":"2019-10-02T17:00:18+00:00","dateModified":"2019-10-07T06:28:52+00:00","breadcrumb":{"@id":"https:\/\/www.gesamtschule-eiserfeld.de\/?p=12787#breadcrumb"},"inLanguage":"de","potentialAction":[{"@type":"ReadAction","target":["https:\/\/www.gesamtschule-eiserfeld.de\/?p=12787"]}]},{"@type":"ImageObject","inLanguage":"de","@id":"https:\/\/www.gesamtschule-eiserfeld.de\/?p=12787#primaryimage","url":"https:\/\/i0.wp.com\/www.gesamtschule-eiserfeld.de\/wp-content\/uploads\/2019\/09\/IMG_20190909_165031_resized_20190917_063421939.jpg?fit=1200%2C900&ssl=1","contentUrl":"https:\/\/i0.wp.com\/www.gesamtschule-eiserfeld.de\/wp-content\/uploads\/2019\/09\/IMG_20190909_165031_resized_20190917_063421939.jpg?fit=1200%2C900&ssl=1","width":1200,"height":900},{"@type":"BreadcrumbList","@id":"https:\/\/www.gesamtschule-eiserfeld.de\/?p=12787#breadcrumb","itemListElement":[{"@type":"ListItem","position":1,"name":"Startseite","item":"https:\/\/www.gesamtschule-eiserfeld.de\/"},{"@type":"ListItem","position":2,"name":"Schulsozialarbeiter auf den Klassenfahrten der neuen 5er Klassen"}]},{"@type":"WebSite","@id":"https:\/\/www.gesamtschule-eiserfeld.de\/#website","url":"https:\/\/www.gesamtschule-eiserfeld.de\/","name":"Gesamtschule Eiserfeld","description":"","publisher":{"@id":"https:\/\/www.gesamtschule-eiserfeld.de\/#organization"},"potentialAction":[{"@type":"SearchAction","target":{"@type":"EntryPoint","urlTemplate":"https:\/\/www.gesamtschule-eiserfeld.de\/?s={search_term_string}"},"query-input":{"@type":"PropertyValueSpecification","valueRequired":true,"valueName":"search_term_string"}}],"inLanguage":"de"},{"@type":"Organization","@id":"https:\/\/www.gesamtschule-eiserfeld.de\/#organization","name":"Gesamtschule Eiserfeld","url":"https:\/\/www.gesamtschule-eiserfeld.de\/","logo":{"@type":"ImageObject","inLanguage":"de","@id":"https:\/\/www.gesamtschule-eiserfeld.de\/#\/schema\/logo\/image\/","url":"https:\/\/i1.wp.com\/www.gesamtschule-eiserfeld.de\/wp-content\/uploads\/2019\/01\/GEE-Logo-neu.jpg?fit=436%2C126&ssl=1","contentUrl":"https:\/\/i1.wp.com\/www.gesamtschule-eiserfeld.de\/wp-content\/uploads\/2019\/01\/GEE-Logo-neu.jpg?fit=436%2C126&ssl=1","width":436,"height":126,"caption":"Gesamtschule Eiserfeld"},"image":{"@id":"https:\/\/www.gesamtschule-eiserfeld.de\/#\/schema\/logo\/image\/"},"sameAs":["https:\/\/www.facebook.com\/GEEiserfeld"]},{"@type":"Person","@id":"https:\/\/www.gesamtschule-eiserfeld.de\/#\/schema\/person\/9f37123dd2ff514a1346db435bdb3784","name":"dorw","sameAs":["http:\/\/www.ge-eiserfeld.de"],"url":"https:\/\/www.gesamtschule-eiserfeld.de\/?author=9"}]}},"jetpack_publicize_connections":[],"jetpack_featured_media_url":"","jetpack_shortlink":"https:\/\/wp.me\/p2weeL-3kf","jetpack_sharing_enabled":true,"_links":{"self":[{"href":"https:\/\/www.gesamtschule-eiserfeld.de\/index.php?rest_route=\/wp\/v2\/posts\/12787","targetHints":{"allow":["GET"]}}],"collection":[{"href":"https:\/\/www.gesamtschule-eiserfeld.de\/index.php?rest_route=\/wp\/v2\/posts"}],"about":[{"href":"https:\/\/www.gesamtschule-eiserfeld.de\/index.php?rest_route=\/wp\/v2\/types\/post"}],"author":[{"embeddable":true,"href":"https:\/\/www.gesamtschule-eiserfeld.de\/index.php?rest_route=\/wp\/v2\/users\/9"}],"replies":[{"embeddable":true,"href":"https:\/\/www.gesamtschule-eiserfeld.de\/index.php?rest_route=%2Fwp%2Fv2%2Fcomments&post=12787"}],"version-history":[{"count":0,"href":"https:\/\/www.gesamtschule-eiserfeld.de\/index.php?rest_route=\/wp\/v2\/posts\/12787\/revisions"}],"wp:attachment":[{"href":"https:\/\/www.gesamtschule-eiserfeld.de\/index.php?rest_route=%2Fwp%2Fv2%2Fmedia&parent=12787"}],"wp:term":[{"taxonomy":"category","embeddable":true,"href":"https:\/\/www.gesamtschule-eiserfeld.de\/index.php?rest_route=%2Fwp%2Fv2%2Fcategories&post=12787"},{"taxonomy":"post_tag","embeddable":true,"href":"https:\/\/www.gesamtschule-eiserfeld.de\/index.php?rest_route=%2Fwp%2Fv2%2Ftags&post=12787"}],"curies":[{"name":"wp","href":"https:\/\/api.w.org\/{rel}","templated":true}]}}