{"id":12892,"date":"2019-10-16T07:38:16","date_gmt":"2019-10-16T06:38:16","guid":{"rendered":"https:\/\/www.gesamtschule-eiserfeld.de\/?p=12892"},"modified":"2019-10-29T12:12:13","modified_gmt":"2019-10-29T11:12:13","slug":"vom-stillen-kaemmerchen-auf-die-buehne","status":"publish","type":"post","link":"https:\/\/www.gesamtschule-eiserfeld.de\/?p=12892","title":{"rendered":"Vom stillen K\u00e4mmerchen auf die B\u00fchne"},"content":{"rendered":"<p><span style=\"text-align: justify;\">Zum zweiten Mal\u00a0 <\/span><em style=\"text-align: justify;\">GEE Live In Concert<\/em><\/p>\n<p style=\"text-align: justify;\"><img data-recalc-dims=\"1\" loading=\"lazy\" decoding=\"async\" data-attachment-id=\"12894\" data-permalink=\"https:\/\/www.gesamtschule-eiserfeld.de\/?attachment_id=12894\" data-orig-file=\"https:\/\/i0.wp.com\/www.gesamtschule-eiserfeld.de\/wp-content\/uploads\/2019\/10\/DSC0064.jpg?fit=1200%2C795&amp;ssl=1\" data-orig-size=\"1200,795\" data-comments-opened=\"0\" data-image-meta=\"{&quot;aperture&quot;:&quot;0&quot;,&quot;credit&quot;:&quot;&quot;,&quot;camera&quot;:&quot;&quot;,&quot;caption&quot;:&quot;&quot;,&quot;created_timestamp&quot;:&quot;0&quot;,&quot;copyright&quot;:&quot;&quot;,&quot;focal_length&quot;:&quot;0&quot;,&quot;iso&quot;:&quot;0&quot;,&quot;shutter_speed&quot;:&quot;0&quot;,&quot;title&quot;:&quot;&quot;,&quot;orientation&quot;:&quot;0&quot;}\" data-image-title=\"_DSC0064\" data-image-description=\"\" data-image-caption=\"\" data-large-file=\"https:\/\/i0.wp.com\/www.gesamtschule-eiserfeld.de\/wp-content\/uploads\/2019\/10\/DSC0064.jpg?fit=474%2C314&amp;ssl=1\" class=\" wp-image-12894 alignleft\" src=\"https:\/\/i0.wp.com\/www.gesamtschule-eiserfeld.de\/wp-content\/uploads\/2019\/10\/DSC0064.jpg?resize=250%2C166&#038;ssl=1\" alt=\"\" width=\"250\" height=\"166\" srcset=\"https:\/\/i0.wp.com\/www.gesamtschule-eiserfeld.de\/wp-content\/uploads\/2019\/10\/DSC0064.jpg?resize=300%2C199&amp;ssl=1 300w, https:\/\/i0.wp.com\/www.gesamtschule-eiserfeld.de\/wp-content\/uploads\/2019\/10\/DSC0064.jpg?resize=200%2C133&amp;ssl=1 200w, https:\/\/i0.wp.com\/www.gesamtschule-eiserfeld.de\/wp-content\/uploads\/2019\/10\/DSC0064.jpg?resize=768%2C509&amp;ssl=1 768w, https:\/\/i0.wp.com\/www.gesamtschule-eiserfeld.de\/wp-content\/uploads\/2019\/10\/DSC0064.jpg?resize=1024%2C678&amp;ssl=1 1024w, https:\/\/i0.wp.com\/www.gesamtschule-eiserfeld.de\/wp-content\/uploads\/2019\/10\/DSC0064.jpg?w=1200&amp;ssl=1 1200w, https:\/\/i0.wp.com\/www.gesamtschule-eiserfeld.de\/wp-content\/uploads\/2019\/10\/DSC0064.jpg?w=948&amp;ssl=1 948w\" sizes=\"auto, (max-width: 250px) 100vw, 250px\" \/>[2019-10-16 JUDI]\u00a0Da scheint sich doch klammheimlich ein musikalisches Nugget an der Gesamtschule Eiserfeld (GEE) zu einem erfolgreichen Projekt zu entwickeln. Zum zweiten Mal fand nach der eindrucksvollen Premiere im letzten Jahr der Konzertabend <em>GEE Live In Concert<\/em> an der Schule statt \u2013 diesmal unter dem Motto \u201eMusik ist Balsam f\u00fcr die Seele\u201c. Und um es vorwegzunehmen: Das Event war wieder ein voller Erfolg!<\/p>\n<p style=\"text-align: justify;\"><img data-recalc-dims=\"1\" loading=\"lazy\" decoding=\"async\" data-attachment-id=\"12895\" data-permalink=\"https:\/\/www.gesamtschule-eiserfeld.de\/?attachment_id=12895\" data-orig-file=\"https:\/\/i0.wp.com\/www.gesamtschule-eiserfeld.de\/wp-content\/uploads\/2019\/10\/CSC0113.jpg?fit=1200%2C800&amp;ssl=1\" data-orig-size=\"1200,800\" data-comments-opened=\"0\" data-image-meta=\"{&quot;aperture&quot;:&quot;0&quot;,&quot;credit&quot;:&quot;&quot;,&quot;camera&quot;:&quot;&quot;,&quot;caption&quot;:&quot;&quot;,&quot;created_timestamp&quot;:&quot;0&quot;,&quot;copyright&quot;:&quot;&quot;,&quot;focal_length&quot;:&quot;0&quot;,&quot;iso&quot;:&quot;0&quot;,&quot;shutter_speed&quot;:&quot;0&quot;,&quot;title&quot;:&quot;&quot;,&quot;orientation&quot;:&quot;0&quot;}\" data-image-title=\"_CSC0113\" data-image-description=\"\" data-image-caption=\"\" data-large-file=\"https:\/\/i0.wp.com\/www.gesamtschule-eiserfeld.de\/wp-content\/uploads\/2019\/10\/CSC0113.jpg?fit=474%2C316&amp;ssl=1\" class=\"wp-image-12895 alignright\" src=\"https:\/\/i0.wp.com\/www.gesamtschule-eiserfeld.de\/wp-content\/uploads\/2019\/10\/CSC0113.jpg?resize=251%2C167&#038;ssl=1\" alt=\"\" width=\"251\" height=\"167\" srcset=\"https:\/\/i0.wp.com\/www.gesamtschule-eiserfeld.de\/wp-content\/uploads\/2019\/10\/CSC0113.jpg?resize=300%2C200&amp;ssl=1 300w, https:\/\/i0.wp.com\/www.gesamtschule-eiserfeld.de\/wp-content\/uploads\/2019\/10\/CSC0113.jpg?resize=200%2C133&amp;ssl=1 200w, https:\/\/i0.wp.com\/www.gesamtschule-eiserfeld.de\/wp-content\/uploads\/2019\/10\/CSC0113.jpg?resize=768%2C512&amp;ssl=1 768w, https:\/\/i0.wp.com\/www.gesamtschule-eiserfeld.de\/wp-content\/uploads\/2019\/10\/CSC0113.jpg?resize=1024%2C683&amp;ssl=1 1024w, https:\/\/i0.wp.com\/www.gesamtschule-eiserfeld.de\/wp-content\/uploads\/2019\/10\/CSC0113.jpg?w=1200&amp;ssl=1 1200w, https:\/\/i0.wp.com\/www.gesamtschule-eiserfeld.de\/wp-content\/uploads\/2019\/10\/CSC0113.jpg?w=948&amp;ssl=1 948w\" sizes=\"auto, (max-width: 251px) 100vw, 251px\" \/>Vom Solok\u00fcnstler \u00fcber Tanz, Gesang und Orchester bis zur Band, von klein bis gro\u00df waren Sch\u00fcler in \u00fcber 20 Acts vertreten. Sie gaben Kostproben ihrer Talente und verwandelten die sehr gut besuchte Aula der Schule in einen musikalischen Hotspot.<!--more--><\/p>\n<p style=\"text-align: justify;\"><img data-recalc-dims=\"1\" loading=\"lazy\" decoding=\"async\" data-attachment-id=\"12893\" data-permalink=\"https:\/\/www.gesamtschule-eiserfeld.de\/?attachment_id=12893\" data-orig-file=\"https:\/\/i0.wp.com\/www.gesamtschule-eiserfeld.de\/wp-content\/uploads\/2019\/10\/DSC0035.jpg?fit=1200%2C795&amp;ssl=1\" data-orig-size=\"1200,795\" data-comments-opened=\"0\" data-image-meta=\"{&quot;aperture&quot;:&quot;0&quot;,&quot;credit&quot;:&quot;&quot;,&quot;camera&quot;:&quot;&quot;,&quot;caption&quot;:&quot;&quot;,&quot;created_timestamp&quot;:&quot;0&quot;,&quot;copyright&quot;:&quot;&quot;,&quot;focal_length&quot;:&quot;0&quot;,&quot;iso&quot;:&quot;0&quot;,&quot;shutter_speed&quot;:&quot;0&quot;,&quot;title&quot;:&quot;&quot;,&quot;orientation&quot;:&quot;0&quot;}\" data-image-title=\"_DSC0035\" data-image-description=\"\" data-image-caption=\"\" data-large-file=\"https:\/\/i0.wp.com\/www.gesamtschule-eiserfeld.de\/wp-content\/uploads\/2019\/10\/DSC0035.jpg?fit=474%2C314&amp;ssl=1\" class=\"wp-image-12893 alignleft\" src=\"https:\/\/i0.wp.com\/www.gesamtschule-eiserfeld.de\/wp-content\/uploads\/2019\/10\/DSC0035.jpg?resize=250%2C166&#038;ssl=1\" alt=\"\" width=\"250\" height=\"166\" srcset=\"https:\/\/i0.wp.com\/www.gesamtschule-eiserfeld.de\/wp-content\/uploads\/2019\/10\/DSC0035.jpg?resize=300%2C199&amp;ssl=1 300w, https:\/\/i0.wp.com\/www.gesamtschule-eiserfeld.de\/wp-content\/uploads\/2019\/10\/DSC0035.jpg?resize=200%2C133&amp;ssl=1 200w, https:\/\/i0.wp.com\/www.gesamtschule-eiserfeld.de\/wp-content\/uploads\/2019\/10\/DSC0035.jpg?resize=768%2C509&amp;ssl=1 768w, https:\/\/i0.wp.com\/www.gesamtschule-eiserfeld.de\/wp-content\/uploads\/2019\/10\/DSC0035.jpg?resize=1024%2C678&amp;ssl=1 1024w, https:\/\/i0.wp.com\/www.gesamtschule-eiserfeld.de\/wp-content\/uploads\/2019\/10\/DSC0035.jpg?w=1200&amp;ssl=1 1200w, https:\/\/i0.wp.com\/www.gesamtschule-eiserfeld.de\/wp-content\/uploads\/2019\/10\/DSC0035.jpg?w=948&amp;ssl=1 948w\" sizes=\"auto, (max-width: 250px) 100vw, 250px\" \/>Ein solches Gemeinschaftsprojekt, organisiert vom Fachbereich Musik, hat nat\u00fcrlich einen langen Vorlauf. Ein umfangreiches Casting ermittelt vorab die musikinteressierten Sch\u00fcler, die dann die Gelegenheit bekommen, sich und ihr Talent auf der B\u00fchne vor einem \u00f6ffentlichen Publikum zu pr\u00e4sentieren. Dabei geht es darum, so Susanne Linde, Vorsitzende der Fachschaft Musik, <em>\u201eSch\u00fcler zu motivieren, aus ihrem stillen K\u00e4mmerchen herauszukommen und ihre musikalische Begabung zu zeigen.\u201c <\/em>So ergab sich auch diesmal wieder ein buntes Programm mit einer erstaunlichen k\u00fcnstlerischen Bandbreite.<\/p>\n<p style=\"text-align: justify;\">Der Abend wurde schwungvoll mit dem Bl\u00e4serkreis unter der Leitung von Jochen Hoffmann er\u00f6ffnet. Danach geh\u00f6rte die B\u00fchne bis zur Pause zun\u00e4chst den j\u00fcngeren Sch\u00fclerinnen und Sch\u00fclern. <img data-recalc-dims=\"1\" loading=\"lazy\" decoding=\"async\" data-attachment-id=\"12901\" data-permalink=\"https:\/\/www.gesamtschule-eiserfeld.de\/?attachment_id=12901\" data-orig-file=\"https:\/\/i0.wp.com\/www.gesamtschule-eiserfeld.de\/wp-content\/uploads\/2019\/10\/tanz.jpg?fit=484%2C321&amp;ssl=1\" data-orig-size=\"484,321\" data-comments-opened=\"0\" data-image-meta=\"{&quot;aperture&quot;:&quot;0&quot;,&quot;credit&quot;:&quot;&quot;,&quot;camera&quot;:&quot;&quot;,&quot;caption&quot;:&quot;&quot;,&quot;created_timestamp&quot;:&quot;0&quot;,&quot;copyright&quot;:&quot;&quot;,&quot;focal_length&quot;:&quot;0&quot;,&quot;iso&quot;:&quot;0&quot;,&quot;shutter_speed&quot;:&quot;0&quot;,&quot;title&quot;:&quot;&quot;,&quot;orientation&quot;:&quot;0&quot;}\" data-image-title=\"tanz\" data-image-description=\"\" data-image-caption=\"\" data-large-file=\"https:\/\/i0.wp.com\/www.gesamtschule-eiserfeld.de\/wp-content\/uploads\/2019\/10\/tanz.jpg?fit=474%2C314&amp;ssl=1\" class=\"wp-image-12901 alignright\" src=\"https:\/\/i0.wp.com\/www.gesamtschule-eiserfeld.de\/wp-content\/uploads\/2019\/10\/tanz.jpg?resize=252%2C167&#038;ssl=1\" alt=\"\" width=\"252\" height=\"167\" srcset=\"https:\/\/i0.wp.com\/www.gesamtschule-eiserfeld.de\/wp-content\/uploads\/2019\/10\/tanz.jpg?resize=300%2C199&amp;ssl=1 300w, https:\/\/i0.wp.com\/www.gesamtschule-eiserfeld.de\/wp-content\/uploads\/2019\/10\/tanz.jpg?resize=200%2C133&amp;ssl=1 200w, https:\/\/i0.wp.com\/www.gesamtschule-eiserfeld.de\/wp-content\/uploads\/2019\/10\/tanz.jpg?w=484&amp;ssl=1 484w\" sizes=\"auto, (max-width: 252px) 100vw, 252px\" \/>Das MuKu-Orchester der 6. Klassen (Leitung Susanne Linde) er\u00f6ffnete mit \u201eRooftop\u201c und \u201eNo roots\u201c, unter anderen gefolgt von Katharina Klein, die ihren Song \u201eA thousand years\u201c eigenh\u00e4ndig am Fl\u00fcgel begleitete. <img data-recalc-dims=\"1\" loading=\"lazy\" decoding=\"async\" data-attachment-id=\"12898\" data-permalink=\"https:\/\/www.gesamtschule-eiserfeld.de\/?attachment_id=12898\" data-orig-file=\"https:\/\/i0.wp.com\/www.gesamtschule-eiserfeld.de\/wp-content\/uploads\/2019\/10\/DSC0063.jpg?fit=1200%2C795&amp;ssl=1\" data-orig-size=\"1200,795\" data-comments-opened=\"0\" data-image-meta=\"{&quot;aperture&quot;:&quot;0&quot;,&quot;credit&quot;:&quot;&quot;,&quot;camera&quot;:&quot;&quot;,&quot;caption&quot;:&quot;&quot;,&quot;created_timestamp&quot;:&quot;0&quot;,&quot;copyright&quot;:&quot;&quot;,&quot;focal_length&quot;:&quot;0&quot;,&quot;iso&quot;:&quot;0&quot;,&quot;shutter_speed&quot;:&quot;0&quot;,&quot;title&quot;:&quot;&quot;,&quot;orientation&quot;:&quot;0&quot;}\" data-image-title=\"_DSC0063\" data-image-description=\"\" data-image-caption=\"\" data-large-file=\"https:\/\/i0.wp.com\/www.gesamtschule-eiserfeld.de\/wp-content\/uploads\/2019\/10\/DSC0063.jpg?fit=474%2C314&amp;ssl=1\" class=\"wp-image-12898 alignright\" src=\"https:\/\/i0.wp.com\/www.gesamtschule-eiserfeld.de\/wp-content\/uploads\/2019\/10\/DSC0063.jpg?resize=250%2C166&#038;ssl=1\" alt=\"\" width=\"250\" height=\"166\" srcset=\"https:\/\/i0.wp.com\/www.gesamtschule-eiserfeld.de\/wp-content\/uploads\/2019\/10\/DSC0063.jpg?resize=300%2C199&amp;ssl=1 300w, https:\/\/i0.wp.com\/www.gesamtschule-eiserfeld.de\/wp-content\/uploads\/2019\/10\/DSC0063.jpg?resize=200%2C133&amp;ssl=1 200w, https:\/\/i0.wp.com\/www.gesamtschule-eiserfeld.de\/wp-content\/uploads\/2019\/10\/DSC0063.jpg?resize=768%2C509&amp;ssl=1 768w, https:\/\/i0.wp.com\/www.gesamtschule-eiserfeld.de\/wp-content\/uploads\/2019\/10\/DSC0063.jpg?resize=1024%2C678&amp;ssl=1 1024w, https:\/\/i0.wp.com\/www.gesamtschule-eiserfeld.de\/wp-content\/uploads\/2019\/10\/DSC0063.jpg?w=1200&amp;ssl=1 1200w, https:\/\/i0.wp.com\/www.gesamtschule-eiserfeld.de\/wp-content\/uploads\/2019\/10\/DSC0063.jpg?w=948&amp;ssl=1 948w\" sizes=\"auto, (max-width: 250px) 100vw, 250px\" \/>Faszinierende elektronische T\u00f6ne entlockte Moritz Schmidt (6a) seinem selbst programmierten Launch Pad und die Hip Hop AG\u00a0 legte einen gekonnt akrobatischen Tanz hin. Kurz vor der Pause setzte der MuKu-Chor unter der Leitung von Renate Jung und Jochen Hoffmann mit dem Titel \u201eSwing\u201c ein be<strong><em>swing<\/em><\/strong>tes Statement, das richtig Geschmack auf den zweiten Teil des Abends machte.<\/p>\n<p style=\"text-align: justify;\"><img data-recalc-dims=\"1\" loading=\"lazy\" decoding=\"async\" data-attachment-id=\"12900\" data-permalink=\"https:\/\/www.gesamtschule-eiserfeld.de\/?attachment_id=12900\" data-orig-file=\"https:\/\/i0.wp.com\/www.gesamtschule-eiserfeld.de\/wp-content\/uploads\/2019\/10\/DSC0075.jpg?fit=1200%2C795&amp;ssl=1\" data-orig-size=\"1200,795\" data-comments-opened=\"0\" data-image-meta=\"{&quot;aperture&quot;:&quot;0&quot;,&quot;credit&quot;:&quot;&quot;,&quot;camera&quot;:&quot;&quot;,&quot;caption&quot;:&quot;&quot;,&quot;created_timestamp&quot;:&quot;0&quot;,&quot;copyright&quot;:&quot;&quot;,&quot;focal_length&quot;:&quot;0&quot;,&quot;iso&quot;:&quot;0&quot;,&quot;shutter_speed&quot;:&quot;0&quot;,&quot;title&quot;:&quot;&quot;,&quot;orientation&quot;:&quot;0&quot;}\" data-image-title=\"_DSC0075\" data-image-description=\"\" data-image-caption=\"\" data-large-file=\"https:\/\/i0.wp.com\/www.gesamtschule-eiserfeld.de\/wp-content\/uploads\/2019\/10\/DSC0075.jpg?fit=474%2C314&amp;ssl=1\" class=\"wp-image-12900 alignleft\" src=\"https:\/\/i0.wp.com\/www.gesamtschule-eiserfeld.de\/wp-content\/uploads\/2019\/10\/DSC0075.jpg?resize=249%2C165&#038;ssl=1\" alt=\"\" width=\"249\" height=\"165\" srcset=\"https:\/\/i0.wp.com\/www.gesamtschule-eiserfeld.de\/wp-content\/uploads\/2019\/10\/DSC0075.jpg?resize=300%2C199&amp;ssl=1 300w, https:\/\/i0.wp.com\/www.gesamtschule-eiserfeld.de\/wp-content\/uploads\/2019\/10\/DSC0075.jpg?resize=200%2C133&amp;ssl=1 200w, https:\/\/i0.wp.com\/www.gesamtschule-eiserfeld.de\/wp-content\/uploads\/2019\/10\/DSC0075.jpg?resize=768%2C509&amp;ssl=1 768w, https:\/\/i0.wp.com\/www.gesamtschule-eiserfeld.de\/wp-content\/uploads\/2019\/10\/DSC0075.jpg?resize=1024%2C678&amp;ssl=1 1024w, https:\/\/i0.wp.com\/www.gesamtschule-eiserfeld.de\/wp-content\/uploads\/2019\/10\/DSC0075.jpg?w=1200&amp;ssl=1 1200w, https:\/\/i0.wp.com\/www.gesamtschule-eiserfeld.de\/wp-content\/uploads\/2019\/10\/DSC0075.jpg?w=948&amp;ssl=1 948w\" sizes=\"auto, (max-width: 249px) 100vw, 249px\" \/>Ja, und im zweiten Teil \u2013 weiter gekonnt moderiert von Hannah-Malin Kreutz \u2013 zeigte sich noch einmal die enorme Vielfalt der Darbietungen. Die nach ihren eigenen Angaben \u201ekleinste Big Band der Welt\u201c mit vier Sch\u00fclern des 6. Jahrgangs (Leitung Jonathan Schnurr) trug mit einem Rock Medley ebenso dazu bei wie Pauline und Johanna Jung (EF) mit ihrem klassischen Querfl\u00f6tenduett. Wer die S\u00e4ngerin Adele kennt oder den Titel \u201eJar of hearts\u201c von Christina Perri, wei\u00df auch, an welch anspruchsvolle Titel sich die Sch\u00fcler heranwagten. <img data-recalc-dims=\"1\" loading=\"lazy\" decoding=\"async\" data-attachment-id=\"12899\" data-permalink=\"https:\/\/www.gesamtschule-eiserfeld.de\/?attachment_id=12899\" data-orig-file=\"https:\/\/i0.wp.com\/www.gesamtschule-eiserfeld.de\/wp-content\/uploads\/2019\/10\/DSC0081.jpg?fit=1200%2C795&amp;ssl=1\" data-orig-size=\"1200,795\" data-comments-opened=\"0\" data-image-meta=\"{&quot;aperture&quot;:&quot;0&quot;,&quot;credit&quot;:&quot;&quot;,&quot;camera&quot;:&quot;&quot;,&quot;caption&quot;:&quot;&quot;,&quot;created_timestamp&quot;:&quot;0&quot;,&quot;copyright&quot;:&quot;&quot;,&quot;focal_length&quot;:&quot;0&quot;,&quot;iso&quot;:&quot;0&quot;,&quot;shutter_speed&quot;:&quot;0&quot;,&quot;title&quot;:&quot;&quot;,&quot;orientation&quot;:&quot;0&quot;}\" data-image-title=\"_DSC0081\" data-image-description=\"\" data-image-caption=\"\" data-large-file=\"https:\/\/i0.wp.com\/www.gesamtschule-eiserfeld.de\/wp-content\/uploads\/2019\/10\/DSC0081.jpg?fit=474%2C314&amp;ssl=1\" class=\"wp-image-12899 alignright\" src=\"https:\/\/i0.wp.com\/www.gesamtschule-eiserfeld.de\/wp-content\/uploads\/2019\/10\/DSC0081.jpg?resize=250%2C166&#038;ssl=1\" alt=\"\" width=\"250\" height=\"166\" srcset=\"https:\/\/i0.wp.com\/www.gesamtschule-eiserfeld.de\/wp-content\/uploads\/2019\/10\/DSC0081.jpg?resize=300%2C199&amp;ssl=1 300w, https:\/\/i0.wp.com\/www.gesamtschule-eiserfeld.de\/wp-content\/uploads\/2019\/10\/DSC0081.jpg?resize=200%2C133&amp;ssl=1 200w, https:\/\/i0.wp.com\/www.gesamtschule-eiserfeld.de\/wp-content\/uploads\/2019\/10\/DSC0081.jpg?resize=768%2C509&amp;ssl=1 768w, https:\/\/i0.wp.com\/www.gesamtschule-eiserfeld.de\/wp-content\/uploads\/2019\/10\/DSC0081.jpg?resize=1024%2C678&amp;ssl=1 1024w, https:\/\/i0.wp.com\/www.gesamtschule-eiserfeld.de\/wp-content\/uploads\/2019\/10\/DSC0081.jpg?w=1200&amp;ssl=1 1200w, https:\/\/i0.wp.com\/www.gesamtschule-eiserfeld.de\/wp-content\/uploads\/2019\/10\/DSC0081.jpg?w=948&amp;ssl=1 948w\" sizes=\"auto, (max-width: 250px) 100vw, 250px\" \/>Mit letzterem verzauberten Ben Kretzer und Luisa Br\u00fcckner (beide 9d) das Publikum. Marlene K\u00f6lsch, (10d, Gesang) und Alexej Rubanow (10a, Fl\u00fcgel) waren beide schon im letzten Jahr dabei und best\u00e4tigten mit ihrem Titel \u201eSomeone you loved\u201c wieder einmal ihr gro\u00dfes K\u00f6nnen.<\/p>\n<p style=\"text-align: justify;\"><a href=\"https:\/\/www.gesamtschule-eiserfeld.de\/?attachment_id=12897\"><img data-recalc-dims=\"1\" loading=\"lazy\" decoding=\"async\" data-attachment-id=\"12897\" data-permalink=\"https:\/\/www.gesamtschule-eiserfeld.de\/?attachment_id=12897\" data-orig-file=\"https:\/\/i0.wp.com\/www.gesamtschule-eiserfeld.de\/wp-content\/uploads\/2019\/10\/DSC0092.jpg?fit=1200%2C795&amp;ssl=1\" data-orig-size=\"1200,795\" data-comments-opened=\"0\" data-image-meta=\"{&quot;aperture&quot;:&quot;0&quot;,&quot;credit&quot;:&quot;&quot;,&quot;camera&quot;:&quot;&quot;,&quot;caption&quot;:&quot;&quot;,&quot;created_timestamp&quot;:&quot;0&quot;,&quot;copyright&quot;:&quot;&quot;,&quot;focal_length&quot;:&quot;0&quot;,&quot;iso&quot;:&quot;0&quot;,&quot;shutter_speed&quot;:&quot;0&quot;,&quot;title&quot;:&quot;&quot;,&quot;orientation&quot;:&quot;0&quot;}\" data-image-title=\"_DSC0092\" data-image-description=\"\" data-image-caption=\"\" data-large-file=\"https:\/\/i0.wp.com\/www.gesamtschule-eiserfeld.de\/wp-content\/uploads\/2019\/10\/DSC0092.jpg?fit=474%2C314&amp;ssl=1\" class=\"alignleft wp-image-12897\" src=\"https:\/\/i0.wp.com\/www.gesamtschule-eiserfeld.de\/wp-content\/uploads\/2019\/10\/DSC0092.jpg?resize=252%2C167&#038;ssl=1\" alt=\"\" width=\"252\" height=\"167\" srcset=\"https:\/\/i0.wp.com\/www.gesamtschule-eiserfeld.de\/wp-content\/uploads\/2019\/10\/DSC0092.jpg?resize=300%2C199&amp;ssl=1 300w, https:\/\/i0.wp.com\/www.gesamtschule-eiserfeld.de\/wp-content\/uploads\/2019\/10\/DSC0092.jpg?resize=200%2C133&amp;ssl=1 200w, https:\/\/i0.wp.com\/www.gesamtschule-eiserfeld.de\/wp-content\/uploads\/2019\/10\/DSC0092.jpg?resize=768%2C509&amp;ssl=1 768w, https:\/\/i0.wp.com\/www.gesamtschule-eiserfeld.de\/wp-content\/uploads\/2019\/10\/DSC0092.jpg?resize=1024%2C678&amp;ssl=1 1024w, https:\/\/i0.wp.com\/www.gesamtschule-eiserfeld.de\/wp-content\/uploads\/2019\/10\/DSC0092.jpg?w=1200&amp;ssl=1 1200w, https:\/\/i0.wp.com\/www.gesamtschule-eiserfeld.de\/wp-content\/uploads\/2019\/10\/DSC0092.jpg?w=948&amp;ssl=1 948w\" sizes=\"auto, (max-width: 252px) 100vw, 252px\" \/><\/a>Die Sch\u00fclerband \u201eUntil 2\u201c unter der Leitung von David Conrad beendete den stimmungsvollen Konzertabend, bei dem f\u00fcr jedes Alter und jeden Geschmack etwas geboten wurde. An dieser Stelle geb\u00fchrt allen, besonders auch den hier nicht namentlich genannten Akteuren auf und hinter der B\u00fchne, ein gro\u00dfes Dankesch\u00f6n f\u00fcr die vielen Ideen und die Zeit, die sie in Proben investiert haben. Dazu geh\u00f6ren nat\u00fcrlich auch das Technikteam der Schule und die Sch\u00fclerfirma, die alle G\u00e4ste in der Pause mit Snacks und Getr\u00e4nken versorgte.<\/p>\n<p style=\"text-align: justify;\"><em>\u201eMusik bereichert den Menschen, Musizieren st\u00e4rkt vor allem sein Selbstvertrauen und das Selbstbewusstsein. Damit tr\u00e4gt Musik wesentlich zur Pers\u00f6nlichkeitsentfaltung bei\u201c <\/em>sind sich die Musiklehrer der GEE einig. Dies und das hohe Engagement der Sch\u00fcler sollten doch Antrieb genug sein, hoffentlich bald wieder ein GEE Live Concert auf die B\u00fchne zu bringen.<\/p>\n<p style=\"text-align: justify;\">\n","protected":false},"excerpt":{"rendered":"<p>Zum zweiten Mal\u00a0 GEE Live In Concert [2019-10-16 JUDI]\u00a0Da scheint sich doch klammheimlich ein musikalisches Nugget an der Gesamtschule Eiserfeld (GEE) zu einem erfolgreichen Projekt zu entwickeln. Zum zweiten Mal fand nach der eindrucksvollen Premiere im letzten Jahr der Konzertabend GEE Live In Concert an der Schule statt \u2013 diesmal unter dem Motto \u201eMusik ist &hellip; <a href=\"https:\/\/www.gesamtschule-eiserfeld.de\/?p=12892\" class=\"more-link\"><span class=\"screen-reader-text\">Vom stillen K\u00e4mmerchen auf die B\u00fchne<\/span> weiterlesen <span class=\"meta-nav\">&rarr;<\/span><\/a><\/p>\n","protected":false},"author":9,"featured_media":0,"comment_status":"closed","ping_status":"open","sticky":false,"template":"","format":"standard","meta":{"jetpack_post_was_ever_published":false,"_jetpack_newsletter_access":"","_jetpack_dont_email_post_to_subs":false,"_jetpack_newsletter_tier_id":0,"_jetpack_memberships_contains_paywalled_content":false,"_jetpack_memberships_contains_paid_content":false,"footnotes":"","jetpack_publicize_message":"","jetpack_publicize_feature_enabled":true,"jetpack_social_post_already_shared":true,"jetpack_social_options":{"image_generator_settings":{"template":"highway","default_image_id":0,"font":"","enabled":false},"version":2}},"categories":[54,100,131],"tags":[],"class_list":["post-12892","post","type-post","status-publish","format-standard","hentry","category-aktionen","category-feiern","category-musik"],"yoast_head":"<!-- This site is optimized with the Yoast SEO plugin v27.4 - https:\/\/yoast.com\/product\/yoast-seo-wordpress\/ -->\n<title>Vom stillen K\u00e4mmerchen auf die B\u00fchne - Gesamtschule Eiserfeld<\/title>\n<meta name=\"robots\" content=\"index, follow, max-snippet:-1, max-image-preview:large, max-video-preview:-1\" \/>\n<link rel=\"canonical\" href=\"https:\/\/www.gesamtschule-eiserfeld.de\/?p=12892\" \/>\n<meta property=\"og:locale\" content=\"de_DE\" \/>\n<meta property=\"og:type\" content=\"article\" \/>\n<meta property=\"og:title\" content=\"Vom stillen K\u00e4mmerchen auf die B\u00fchne - Gesamtschule Eiserfeld\" \/>\n<meta property=\"og:description\" content=\"Zum zweiten Mal\u00a0 GEE Live In Concert [2019-10-16 JUDI]\u00a0Da scheint sich doch klammheimlich ein musikalisches Nugget an der Gesamtschule Eiserfeld (GEE) zu einem erfolgreichen Projekt zu entwickeln. Zum zweiten Mal fand nach der eindrucksvollen Premiere im letzten Jahr der Konzertabend GEE Live In Concert an der Schule statt \u2013 diesmal unter dem Motto \u201eMusik ist &hellip; Vom stillen K\u00e4mmerchen auf die B\u00fchne weiterlesen &rarr;\" \/>\n<meta property=\"og:url\" content=\"https:\/\/www.gesamtschule-eiserfeld.de\/?p=12892\" \/>\n<meta property=\"og:site_name\" content=\"Gesamtschule Eiserfeld\" \/>\n<meta property=\"article:publisher\" content=\"https:\/\/www.facebook.com\/GEEiserfeld\" \/>\n<meta property=\"article:published_time\" content=\"2019-10-16T06:38:16+00:00\" \/>\n<meta property=\"article:modified_time\" content=\"2019-10-29T11:12:13+00:00\" \/>\n<meta property=\"og:image\" content=\"https:\/\/i1.wp.com\/www.gesamtschule-eiserfeld.de\/wp-content\/uploads\/2019\/10\/beitragsbild.jpg?fit=1200%2C629&ssl=1\" \/>\n\t<meta property=\"og:image:width\" content=\"1200\" \/>\n\t<meta property=\"og:image:height\" content=\"629\" \/>\n\t<meta property=\"og:image:type\" content=\"image\/jpeg\" \/>\n<meta name=\"author\" content=\"dorw\" \/>\n<meta name=\"twitter:card\" content=\"summary_large_image\" \/>\n<meta name=\"twitter:label1\" content=\"Verfasst von\" \/>\n\t<meta name=\"twitter:data1\" content=\"dorw\" \/>\n\t<meta name=\"twitter:label2\" content=\"Gesch\u00e4tzte Lesezeit\" \/>\n\t<meta name=\"twitter:data2\" content=\"3\u00a0Minuten\" \/>\n<script type=\"application\/ld+json\" class=\"yoast-schema-graph\">{\"@context\":\"https:\\\/\\\/schema.org\",\"@graph\":[{\"@type\":\"Article\",\"@id\":\"https:\\\/\\\/www.gesamtschule-eiserfeld.de\\\/?p=12892#article\",\"isPartOf\":{\"@id\":\"https:\\\/\\\/www.gesamtschule-eiserfeld.de\\\/?p=12892\"},\"author\":{\"name\":\"dorw\",\"@id\":\"https:\\\/\\\/www.gesamtschule-eiserfeld.de\\\/#\\\/schema\\\/person\\\/9f37123dd2ff514a1346db435bdb3784\"},\"headline\":\"Vom stillen K\u00e4mmerchen auf die B\u00fchne\",\"datePublished\":\"2019-10-16T06:38:16+00:00\",\"dateModified\":\"2019-10-29T11:12:13+00:00\",\"mainEntityOfPage\":{\"@id\":\"https:\\\/\\\/www.gesamtschule-eiserfeld.de\\\/?p=12892\"},\"wordCount\":609,\"publisher\":{\"@id\":\"https:\\\/\\\/www.gesamtschule-eiserfeld.de\\\/#organization\"},\"image\":{\"@id\":\"https:\\\/\\\/www.gesamtschule-eiserfeld.de\\\/?p=12892#primaryimage\"},\"thumbnailUrl\":\"https:\\\/\\\/www.gesamtschule-eiserfeld.de\\\/wp-content\\\/uploads\\\/2019\\\/10\\\/DSC0064-300x199.jpg\",\"articleSection\":[\"Aktionen\",\"FEIERN\",\"MUSIK\"],\"inLanguage\":\"de\"},{\"@type\":\"WebPage\",\"@id\":\"https:\\\/\\\/www.gesamtschule-eiserfeld.de\\\/?p=12892\",\"url\":\"https:\\\/\\\/www.gesamtschule-eiserfeld.de\\\/?p=12892\",\"name\":\"Vom stillen K\u00e4mmerchen auf die B\u00fchne - Gesamtschule Eiserfeld\",\"isPartOf\":{\"@id\":\"https:\\\/\\\/www.gesamtschule-eiserfeld.de\\\/#website\"},\"primaryImageOfPage\":{\"@id\":\"https:\\\/\\\/www.gesamtschule-eiserfeld.de\\\/?p=12892#primaryimage\"},\"image\":{\"@id\":\"https:\\\/\\\/www.gesamtschule-eiserfeld.de\\\/?p=12892#primaryimage\"},\"thumbnailUrl\":\"https:\\\/\\\/www.gesamtschule-eiserfeld.de\\\/wp-content\\\/uploads\\\/2019\\\/10\\\/DSC0064-300x199.jpg\",\"datePublished\":\"2019-10-16T06:38:16+00:00\",\"dateModified\":\"2019-10-29T11:12:13+00:00\",\"breadcrumb\":{\"@id\":\"https:\\\/\\\/www.gesamtschule-eiserfeld.de\\\/?p=12892#breadcrumb\"},\"inLanguage\":\"de\",\"potentialAction\":[{\"@type\":\"ReadAction\",\"target\":[\"https:\\\/\\\/www.gesamtschule-eiserfeld.de\\\/?p=12892\"]}]},{\"@type\":\"ImageObject\",\"inLanguage\":\"de\",\"@id\":\"https:\\\/\\\/www.gesamtschule-eiserfeld.de\\\/?p=12892#primaryimage\",\"url\":\"https:\\\/\\\/i0.wp.com\\\/www.gesamtschule-eiserfeld.de\\\/wp-content\\\/uploads\\\/2019\\\/10\\\/DSC0064.jpg?fit=1200%2C795&ssl=1\",\"contentUrl\":\"https:\\\/\\\/i0.wp.com\\\/www.gesamtschule-eiserfeld.de\\\/wp-content\\\/uploads\\\/2019\\\/10\\\/DSC0064.jpg?fit=1200%2C795&ssl=1\",\"width\":1200,\"height\":795},{\"@type\":\"BreadcrumbList\",\"@id\":\"https:\\\/\\\/www.gesamtschule-eiserfeld.de\\\/?p=12892#breadcrumb\",\"itemListElement\":[{\"@type\":\"ListItem\",\"position\":1,\"name\":\"Startseite\",\"item\":\"https:\\\/\\\/www.gesamtschule-eiserfeld.de\\\/\"},{\"@type\":\"ListItem\",\"position\":2,\"name\":\"Vom stillen K\u00e4mmerchen auf die B\u00fchne\"}]},{\"@type\":\"WebSite\",\"@id\":\"https:\\\/\\\/www.gesamtschule-eiserfeld.de\\\/#website\",\"url\":\"https:\\\/\\\/www.gesamtschule-eiserfeld.de\\\/\",\"name\":\"Gesamtschule Eiserfeld\",\"description\":\"\",\"publisher\":{\"@id\":\"https:\\\/\\\/www.gesamtschule-eiserfeld.de\\\/#organization\"},\"potentialAction\":[{\"@type\":\"SearchAction\",\"target\":{\"@type\":\"EntryPoint\",\"urlTemplate\":\"https:\\\/\\\/www.gesamtschule-eiserfeld.de\\\/?s={search_term_string}\"},\"query-input\":{\"@type\":\"PropertyValueSpecification\",\"valueRequired\":true,\"valueName\":\"search_term_string\"}}],\"inLanguage\":\"de\"},{\"@type\":\"Organization\",\"@id\":\"https:\\\/\\\/www.gesamtschule-eiserfeld.de\\\/#organization\",\"name\":\"Gesamtschule Eiserfeld\",\"url\":\"https:\\\/\\\/www.gesamtschule-eiserfeld.de\\\/\",\"logo\":{\"@type\":\"ImageObject\",\"inLanguage\":\"de\",\"@id\":\"https:\\\/\\\/www.gesamtschule-eiserfeld.de\\\/#\\\/schema\\\/logo\\\/image\\\/\",\"url\":\"https:\\\/\\\/i1.wp.com\\\/www.gesamtschule-eiserfeld.de\\\/wp-content\\\/uploads\\\/2019\\\/01\\\/GEE-Logo-neu.jpg?fit=436%2C126&ssl=1\",\"contentUrl\":\"https:\\\/\\\/i1.wp.com\\\/www.gesamtschule-eiserfeld.de\\\/wp-content\\\/uploads\\\/2019\\\/01\\\/GEE-Logo-neu.jpg?fit=436%2C126&ssl=1\",\"width\":436,\"height\":126,\"caption\":\"Gesamtschule Eiserfeld\"},\"image\":{\"@id\":\"https:\\\/\\\/www.gesamtschule-eiserfeld.de\\\/#\\\/schema\\\/logo\\\/image\\\/\"},\"sameAs\":[\"https:\\\/\\\/www.facebook.com\\\/GEEiserfeld\"]},{\"@type\":\"Person\",\"@id\":\"https:\\\/\\\/www.gesamtschule-eiserfeld.de\\\/#\\\/schema\\\/person\\\/9f37123dd2ff514a1346db435bdb3784\",\"name\":\"dorw\",\"sameAs\":[\"http:\\\/\\\/www.ge-eiserfeld.de\"],\"url\":\"https:\\\/\\\/www.gesamtschule-eiserfeld.de\\\/?author=9\"}]}<\/script>\n<!-- \/ Yoast SEO plugin. -->","yoast_head_json":{"title":"Vom stillen K\u00e4mmerchen auf die B\u00fchne - Gesamtschule Eiserfeld","robots":{"index":"index","follow":"follow","max-snippet":"max-snippet:-1","max-image-preview":"max-image-preview:large","max-video-preview":"max-video-preview:-1"},"canonical":"https:\/\/www.gesamtschule-eiserfeld.de\/?p=12892","og_locale":"de_DE","og_type":"article","og_title":"Vom stillen K\u00e4mmerchen auf die B\u00fchne - Gesamtschule Eiserfeld","og_description":"Zum zweiten Mal\u00a0 GEE Live In Concert [2019-10-16 JUDI]\u00a0Da scheint sich doch klammheimlich ein musikalisches Nugget an der Gesamtschule Eiserfeld (GEE) zu einem erfolgreichen Projekt zu entwickeln. Zum zweiten Mal fand nach der eindrucksvollen Premiere im letzten Jahr der Konzertabend GEE Live In Concert an der Schule statt \u2013 diesmal unter dem Motto \u201eMusik ist &hellip; Vom stillen K\u00e4mmerchen auf die B\u00fchne weiterlesen &rarr;","og_url":"https:\/\/www.gesamtschule-eiserfeld.de\/?p=12892","og_site_name":"Gesamtschule Eiserfeld","article_publisher":"https:\/\/www.facebook.com\/GEEiserfeld","article_published_time":"2019-10-16T06:38:16+00:00","article_modified_time":"2019-10-29T11:12:13+00:00","og_image":[{"width":1200,"height":629,"url":"https:\/\/i1.wp.com\/www.gesamtschule-eiserfeld.de\/wp-content\/uploads\/2019\/10\/beitragsbild.jpg?fit=1200%2C629&ssl=1","type":"image\/jpeg"}],"author":"dorw","twitter_card":"summary_large_image","twitter_misc":{"Verfasst von":"dorw","Gesch\u00e4tzte Lesezeit":"3\u00a0Minuten"},"schema":{"@context":"https:\/\/schema.org","@graph":[{"@type":"Article","@id":"https:\/\/www.gesamtschule-eiserfeld.de\/?p=12892#article","isPartOf":{"@id":"https:\/\/www.gesamtschule-eiserfeld.de\/?p=12892"},"author":{"name":"dorw","@id":"https:\/\/www.gesamtschule-eiserfeld.de\/#\/schema\/person\/9f37123dd2ff514a1346db435bdb3784"},"headline":"Vom stillen K\u00e4mmerchen auf die B\u00fchne","datePublished":"2019-10-16T06:38:16+00:00","dateModified":"2019-10-29T11:12:13+00:00","mainEntityOfPage":{"@id":"https:\/\/www.gesamtschule-eiserfeld.de\/?p=12892"},"wordCount":609,"publisher":{"@id":"https:\/\/www.gesamtschule-eiserfeld.de\/#organization"},"image":{"@id":"https:\/\/www.gesamtschule-eiserfeld.de\/?p=12892#primaryimage"},"thumbnailUrl":"https:\/\/www.gesamtschule-eiserfeld.de\/wp-content\/uploads\/2019\/10\/DSC0064-300x199.jpg","articleSection":["Aktionen","FEIERN","MUSIK"],"inLanguage":"de"},{"@type":"WebPage","@id":"https:\/\/www.gesamtschule-eiserfeld.de\/?p=12892","url":"https:\/\/www.gesamtschule-eiserfeld.de\/?p=12892","name":"Vom stillen K\u00e4mmerchen auf die B\u00fchne - Gesamtschule Eiserfeld","isPartOf":{"@id":"https:\/\/www.gesamtschule-eiserfeld.de\/#website"},"primaryImageOfPage":{"@id":"https:\/\/www.gesamtschule-eiserfeld.de\/?p=12892#primaryimage"},"image":{"@id":"https:\/\/www.gesamtschule-eiserfeld.de\/?p=12892#primaryimage"},"thumbnailUrl":"https:\/\/www.gesamtschule-eiserfeld.de\/wp-content\/uploads\/2019\/10\/DSC0064-300x199.jpg","datePublished":"2019-10-16T06:38:16+00:00","dateModified":"2019-10-29T11:12:13+00:00","breadcrumb":{"@id":"https:\/\/www.gesamtschule-eiserfeld.de\/?p=12892#breadcrumb"},"inLanguage":"de","potentialAction":[{"@type":"ReadAction","target":["https:\/\/www.gesamtschule-eiserfeld.de\/?p=12892"]}]},{"@type":"ImageObject","inLanguage":"de","@id":"https:\/\/www.gesamtschule-eiserfeld.de\/?p=12892#primaryimage","url":"https:\/\/i0.wp.com\/www.gesamtschule-eiserfeld.de\/wp-content\/uploads\/2019\/10\/DSC0064.jpg?fit=1200%2C795&ssl=1","contentUrl":"https:\/\/i0.wp.com\/www.gesamtschule-eiserfeld.de\/wp-content\/uploads\/2019\/10\/DSC0064.jpg?fit=1200%2C795&ssl=1","width":1200,"height":795},{"@type":"BreadcrumbList","@id":"https:\/\/www.gesamtschule-eiserfeld.de\/?p=12892#breadcrumb","itemListElement":[{"@type":"ListItem","position":1,"name":"Startseite","item":"https:\/\/www.gesamtschule-eiserfeld.de\/"},{"@type":"ListItem","position":2,"name":"Vom stillen K\u00e4mmerchen auf die B\u00fchne"}]},{"@type":"WebSite","@id":"https:\/\/www.gesamtschule-eiserfeld.de\/#website","url":"https:\/\/www.gesamtschule-eiserfeld.de\/","name":"Gesamtschule Eiserfeld","description":"","publisher":{"@id":"https:\/\/www.gesamtschule-eiserfeld.de\/#organization"},"potentialAction":[{"@type":"SearchAction","target":{"@type":"EntryPoint","urlTemplate":"https:\/\/www.gesamtschule-eiserfeld.de\/?s={search_term_string}"},"query-input":{"@type":"PropertyValueSpecification","valueRequired":true,"valueName":"search_term_string"}}],"inLanguage":"de"},{"@type":"Organization","@id":"https:\/\/www.gesamtschule-eiserfeld.de\/#organization","name":"Gesamtschule Eiserfeld","url":"https:\/\/www.gesamtschule-eiserfeld.de\/","logo":{"@type":"ImageObject","inLanguage":"de","@id":"https:\/\/www.gesamtschule-eiserfeld.de\/#\/schema\/logo\/image\/","url":"https:\/\/i1.wp.com\/www.gesamtschule-eiserfeld.de\/wp-content\/uploads\/2019\/01\/GEE-Logo-neu.jpg?fit=436%2C126&ssl=1","contentUrl":"https:\/\/i1.wp.com\/www.gesamtschule-eiserfeld.de\/wp-content\/uploads\/2019\/01\/GEE-Logo-neu.jpg?fit=436%2C126&ssl=1","width":436,"height":126,"caption":"Gesamtschule Eiserfeld"},"image":{"@id":"https:\/\/www.gesamtschule-eiserfeld.de\/#\/schema\/logo\/image\/"},"sameAs":["https:\/\/www.facebook.com\/GEEiserfeld"]},{"@type":"Person","@id":"https:\/\/www.gesamtschule-eiserfeld.de\/#\/schema\/person\/9f37123dd2ff514a1346db435bdb3784","name":"dorw","sameAs":["http:\/\/www.ge-eiserfeld.de"],"url":"https:\/\/www.gesamtschule-eiserfeld.de\/?author=9"}]}},"jetpack_publicize_connections":[],"jetpack_featured_media_url":"","jetpack_shortlink":"https:\/\/wp.me\/p2weeL-3lW","jetpack_sharing_enabled":true,"_links":{"self":[{"href":"https:\/\/www.gesamtschule-eiserfeld.de\/index.php?rest_route=\/wp\/v2\/posts\/12892","targetHints":{"allow":["GET"]}}],"collection":[{"href":"https:\/\/www.gesamtschule-eiserfeld.de\/index.php?rest_route=\/wp\/v2\/posts"}],"about":[{"href":"https:\/\/www.gesamtschule-eiserfeld.de\/index.php?rest_route=\/wp\/v2\/types\/post"}],"author":[{"embeddable":true,"href":"https:\/\/www.gesamtschule-eiserfeld.de\/index.php?rest_route=\/wp\/v2\/users\/9"}],"replies":[{"embeddable":true,"href":"https:\/\/www.gesamtschule-eiserfeld.de\/index.php?rest_route=%2Fwp%2Fv2%2Fcomments&post=12892"}],"version-history":[{"count":0,"href":"https:\/\/www.gesamtschule-eiserfeld.de\/index.php?rest_route=\/wp\/v2\/posts\/12892\/revisions"}],"wp:attachment":[{"href":"https:\/\/www.gesamtschule-eiserfeld.de\/index.php?rest_route=%2Fwp%2Fv2%2Fmedia&parent=12892"}],"wp:term":[{"taxonomy":"category","embeddable":true,"href":"https:\/\/www.gesamtschule-eiserfeld.de\/index.php?rest_route=%2Fwp%2Fv2%2Fcategories&post=12892"},{"taxonomy":"post_tag","embeddable":true,"href":"https:\/\/www.gesamtschule-eiserfeld.de\/index.php?rest_route=%2Fwp%2Fv2%2Ftags&post=12892"}],"curies":[{"name":"wp","href":"https:\/\/api.w.org\/{rel}","templated":true}]}}