{"id":12906,"date":"2019-10-20T18:00:11","date_gmt":"2019-10-20T17:00:11","guid":{"rendered":"https:\/\/www.gesamtschule-eiserfeld.de\/?p=12906"},"modified":"2019-11-06T18:27:56","modified_gmt":"2019-11-06T17:27:56","slug":"zu-land-zu-wasser-und-in-der-luft","status":"publish","type":"post","link":"https:\/\/www.gesamtschule-eiserfeld.de\/?p=12906","title":{"rendered":"Zu Land, zu Wasser und in der Luft"},"content":{"rendered":"<p style=\"text-align: justify;\">Diesj\u00e4hriger Lehrerausflug der GEE mit vielf\u00e4ltigen Aktionen<\/p>\n<p style=\"text-align: justify;\"><img data-recalc-dims=\"1\" loading=\"lazy\" decoding=\"async\" data-attachment-id=\"12910\" data-permalink=\"https:\/\/www.gesamtschule-eiserfeld.de\/?attachment_id=12910\" data-orig-file=\"https:\/\/i0.wp.com\/www.gesamtschule-eiserfeld.de\/wp-content\/uploads\/2019\/10\/DSC0021.jpg?fit=1200%2C795&amp;ssl=1\" data-orig-size=\"1200,795\" data-comments-opened=\"0\" data-image-meta=\"{&quot;aperture&quot;:&quot;0&quot;,&quot;credit&quot;:&quot;&quot;,&quot;camera&quot;:&quot;&quot;,&quot;caption&quot;:&quot;&quot;,&quot;created_timestamp&quot;:&quot;0&quot;,&quot;copyright&quot;:&quot;&quot;,&quot;focal_length&quot;:&quot;0&quot;,&quot;iso&quot;:&quot;0&quot;,&quot;shutter_speed&quot;:&quot;0&quot;,&quot;title&quot;:&quot;&quot;,&quot;orientation&quot;:&quot;0&quot;}\" data-image-title=\"_DSC0021\" data-image-description=\"\" data-image-caption=\"\" data-large-file=\"https:\/\/i0.wp.com\/www.gesamtschule-eiserfeld.de\/wp-content\/uploads\/2019\/10\/DSC0021.jpg?fit=474%2C314&amp;ssl=1\" class=\" wp-image-12910 alignleft\" src=\"https:\/\/i0.wp.com\/www.gesamtschule-eiserfeld.de\/wp-content\/uploads\/2019\/10\/DSC0021.jpg?resize=252%2C167&#038;ssl=1\" alt=\"\" width=\"252\" height=\"167\" srcset=\"https:\/\/i0.wp.com\/www.gesamtschule-eiserfeld.de\/wp-content\/uploads\/2019\/10\/DSC0021.jpg?resize=300%2C199&amp;ssl=1 300w, https:\/\/i0.wp.com\/www.gesamtschule-eiserfeld.de\/wp-content\/uploads\/2019\/10\/DSC0021.jpg?resize=200%2C133&amp;ssl=1 200w, https:\/\/i0.wp.com\/www.gesamtschule-eiserfeld.de\/wp-content\/uploads\/2019\/10\/DSC0021.jpg?resize=768%2C509&amp;ssl=1 768w, https:\/\/i0.wp.com\/www.gesamtschule-eiserfeld.de\/wp-content\/uploads\/2019\/10\/DSC0021.jpg?resize=1024%2C678&amp;ssl=1 1024w, https:\/\/i0.wp.com\/www.gesamtschule-eiserfeld.de\/wp-content\/uploads\/2019\/10\/DSC0021.jpg?w=1200&amp;ssl=1 1200w, https:\/\/i0.wp.com\/www.gesamtschule-eiserfeld.de\/wp-content\/uploads\/2019\/10\/DSC0021.jpg?w=948&amp;ssl=1 948w\" sizes=\"auto, (max-width: 252px) 100vw, 252px\" \/>[2019-10-20 JUDI]\u00a0\u00a0\u201eNur\u201c Lehrerausflug oder doch Fortbildungs-veranstaltung? In diesem Jahr bot sich f\u00fcr den Lehrerrat der Gesamtschule Eiserfeld (GEE) erstmalig die Chance, diesen Spagat als ganzt\u00e4gige Veranstaltung zu wagen und zu schaffen! Sicher auch ein kleines logistisches Meisterst\u00fcck, wenn man bedenkt, dass die mittlerweile \u00fcber 100 Kolleginnen und Kollegen der GEE unter einen Hut zu bringen waren!<!--more--><\/p>\n<p style=\"text-align: justify;\">Doch der Plan ging auf. So steuerte das Kollegium zun\u00e4chst, aufgeteilt auf zwei Busse, zwei verschiedene Ziele und Angebote an: Die Gedenkst\u00e4tte Hadamar und das benachbarte Limburg mit seinem imposanten Dom. An beiden Orten waren F\u00fchrungen gebucht worden.<\/p>\n<p style=\"text-align: justify;\"><a href=\"https:\/\/www.gesamtschule-eiserfeld.de\/?attachment_id=12907\"><img data-recalc-dims=\"1\" loading=\"lazy\" decoding=\"async\" data-attachment-id=\"12907\" data-permalink=\"https:\/\/www.gesamtschule-eiserfeld.de\/?attachment_id=12907\" data-orig-file=\"https:\/\/i0.wp.com\/www.gesamtschule-eiserfeld.de\/wp-content\/uploads\/2019\/10\/20191004_101038.jpg?fit=1200%2C583&amp;ssl=1\" data-orig-size=\"1200,583\" data-comments-opened=\"0\" data-image-meta=\"{&quot;aperture&quot;:&quot;0&quot;,&quot;credit&quot;:&quot;&quot;,&quot;camera&quot;:&quot;&quot;,&quot;caption&quot;:&quot;&quot;,&quot;created_timestamp&quot;:&quot;0&quot;,&quot;copyright&quot;:&quot;&quot;,&quot;focal_length&quot;:&quot;0&quot;,&quot;iso&quot;:&quot;0&quot;,&quot;shutter_speed&quot;:&quot;0&quot;,&quot;title&quot;:&quot;&quot;,&quot;orientation&quot;:&quot;0&quot;}\" data-image-title=\"20191004_101038\" data-image-description=\"\" data-image-caption=\"\" data-large-file=\"https:\/\/i0.wp.com\/www.gesamtschule-eiserfeld.de\/wp-content\/uploads\/2019\/10\/20191004_101038.jpg?fit=474%2C230&amp;ssl=1\" class=\"alignright wp-image-12907 size-medium\" src=\"https:\/\/i0.wp.com\/www.gesamtschule-eiserfeld.de\/wp-content\/uploads\/2019\/10\/20191004_101038.jpg?resize=300%2C146&#038;ssl=1\" alt=\"\" width=\"300\" height=\"146\" srcset=\"https:\/\/i0.wp.com\/www.gesamtschule-eiserfeld.de\/wp-content\/uploads\/2019\/10\/20191004_101038.jpg?resize=300%2C146&amp;ssl=1 300w, https:\/\/i0.wp.com\/www.gesamtschule-eiserfeld.de\/wp-content\/uploads\/2019\/10\/20191004_101038.jpg?resize=200%2C97&amp;ssl=1 200w, https:\/\/i0.wp.com\/www.gesamtschule-eiserfeld.de\/wp-content\/uploads\/2019\/10\/20191004_101038.jpg?resize=768%2C373&amp;ssl=1 768w, https:\/\/i0.wp.com\/www.gesamtschule-eiserfeld.de\/wp-content\/uploads\/2019\/10\/20191004_101038.jpg?resize=1024%2C497&amp;ssl=1 1024w, https:\/\/i0.wp.com\/www.gesamtschule-eiserfeld.de\/wp-content\/uploads\/2019\/10\/20191004_101038.jpg?w=1200&amp;ssl=1 1200w, https:\/\/i0.wp.com\/www.gesamtschule-eiserfeld.de\/wp-content\/uploads\/2019\/10\/20191004_101038.jpg?w=948&amp;ssl=1 948w\" sizes=\"auto, (max-width: 300px) 100vw, 300px\" \/><\/a>Etwa 60 Lehrerinnen und Lehrer nahmen an dem dreist\u00fcndigen Rundgang durch die Gedenkst\u00e4tte in Hadamar teil \u2013 ein Ort, der \u00fcber die NS-Euthanasie-Verbrechen informiert und an das Schicksal der Opfer erinnern will. Sicher keine leichte Kost, um einen solchen Ausflugstag zu beginnen, doch als Fortbildungsangebot f\u00fcr die anwesenden Lehrer von h\u00f6chstem Interesse. So waren sich alle \u2013 nicht nur die Geschichtslehrer \u2013 einig, wie wichtig ein solcher Ort zur historischen Aufkl\u00e4rung und politischen Bildung gerade f\u00fcr Jugendliche ist.<\/p>\n<p style=\"text-align: justify;\"><img data-recalc-dims=\"1\" loading=\"lazy\" decoding=\"async\" data-attachment-id=\"12909\" data-permalink=\"https:\/\/www.gesamtschule-eiserfeld.de\/?attachment_id=12909\" data-orig-file=\"https:\/\/i0.wp.com\/www.gesamtschule-eiserfeld.de\/wp-content\/uploads\/2019\/10\/DSC0013.jpg?fit=1200%2C795&amp;ssl=1\" data-orig-size=\"1200,795\" data-comments-opened=\"0\" data-image-meta=\"{&quot;aperture&quot;:&quot;0&quot;,&quot;credit&quot;:&quot;&quot;,&quot;camera&quot;:&quot;&quot;,&quot;caption&quot;:&quot;&quot;,&quot;created_timestamp&quot;:&quot;0&quot;,&quot;copyright&quot;:&quot;&quot;,&quot;focal_length&quot;:&quot;0&quot;,&quot;iso&quot;:&quot;0&quot;,&quot;shutter_speed&quot;:&quot;0&quot;,&quot;title&quot;:&quot;&quot;,&quot;orientation&quot;:&quot;0&quot;}\" data-image-title=\"_DSC0013\" data-image-description=\"\" data-image-caption=\"\" data-large-file=\"https:\/\/i0.wp.com\/www.gesamtschule-eiserfeld.de\/wp-content\/uploads\/2019\/10\/DSC0013.jpg?fit=474%2C314&amp;ssl=1\" class=\" wp-image-12909 alignleft\" src=\"https:\/\/i0.wp.com\/www.gesamtschule-eiserfeld.de\/wp-content\/uploads\/2019\/10\/DSC0013.jpg?resize=264%2C175&#038;ssl=1\" alt=\"\" width=\"264\" height=\"175\" srcset=\"https:\/\/i0.wp.com\/www.gesamtschule-eiserfeld.de\/wp-content\/uploads\/2019\/10\/DSC0013.jpg?resize=300%2C199&amp;ssl=1 300w, https:\/\/i0.wp.com\/www.gesamtschule-eiserfeld.de\/wp-content\/uploads\/2019\/10\/DSC0013.jpg?resize=200%2C133&amp;ssl=1 200w, https:\/\/i0.wp.com\/www.gesamtschule-eiserfeld.de\/wp-content\/uploads\/2019\/10\/DSC0013.jpg?resize=768%2C509&amp;ssl=1 768w, https:\/\/i0.wp.com\/www.gesamtschule-eiserfeld.de\/wp-content\/uploads\/2019\/10\/DSC0013.jpg?resize=1024%2C678&amp;ssl=1 1024w, https:\/\/i0.wp.com\/www.gesamtschule-eiserfeld.de\/wp-content\/uploads\/2019\/10\/DSC0013.jpg?w=1200&amp;ssl=1 1200w, https:\/\/i0.wp.com\/www.gesamtschule-eiserfeld.de\/wp-content\/uploads\/2019\/10\/DSC0013.jpg?w=948&amp;ssl=1 948w\" sizes=\"auto, (max-width: 264px) 100vw, 264px\" \/>Mit der Geschichte des Limburger Doms und des Bistums setzte sich die zweite, knapp f\u00fcnfzigk\u00f6pfige Lehrergruppe auseinander. Ob die Kirche eher der Romanik oder doch der Gotik zugerechnet wird? \u00a0Ob der ehemalige Limburger Bischof Tebartz-van-Elst, der ja zu besonderer Ber\u00fchmtheit gelangte, noch Spuren hinterlassen hat? Diese und andere Fragen wurden in einer interessanten\u00a0 F\u00fchrung beantwortet, die auf der Empore vor der Orgel endete, wo unsere Musiklehrer eindrucksvoll die Akustik des Doms testeten.<\/p>\n<p style=\"text-align: justify;\"><img data-recalc-dims=\"1\" loading=\"lazy\" decoding=\"async\" data-attachment-id=\"12908\" data-permalink=\"https:\/\/www.gesamtschule-eiserfeld.de\/?attachment_id=12908\" data-orig-file=\"https:\/\/i0.wp.com\/www.gesamtschule-eiserfeld.de\/wp-content\/uploads\/2019\/10\/boot.jpg?fit=554%2C367&amp;ssl=1\" data-orig-size=\"554,367\" data-comments-opened=\"0\" data-image-meta=\"{&quot;aperture&quot;:&quot;0&quot;,&quot;credit&quot;:&quot;&quot;,&quot;camera&quot;:&quot;&quot;,&quot;caption&quot;:&quot;&quot;,&quot;created_timestamp&quot;:&quot;0&quot;,&quot;copyright&quot;:&quot;&quot;,&quot;focal_length&quot;:&quot;0&quot;,&quot;iso&quot;:&quot;0&quot;,&quot;shutter_speed&quot;:&quot;0&quot;,&quot;title&quot;:&quot;&quot;,&quot;orientation&quot;:&quot;0&quot;}\" data-image-title=\"boot\" data-image-description=\"\" data-image-caption=\"\" data-large-file=\"https:\/\/i0.wp.com\/www.gesamtschule-eiserfeld.de\/wp-content\/uploads\/2019\/10\/boot.jpg?fit=474%2C314&amp;ssl=1\" class=\" wp-image-12908 alignright\" src=\"https:\/\/i0.wp.com\/www.gesamtschule-eiserfeld.de\/wp-content\/uploads\/2019\/10\/boot.jpg?resize=252%2C167&#038;ssl=1\" alt=\"\" width=\"252\" height=\"167\" srcset=\"https:\/\/i0.wp.com\/www.gesamtschule-eiserfeld.de\/wp-content\/uploads\/2019\/10\/boot.jpg?resize=300%2C199&amp;ssl=1 300w, https:\/\/i0.wp.com\/www.gesamtschule-eiserfeld.de\/wp-content\/uploads\/2019\/10\/boot.jpg?resize=200%2C132&amp;ssl=1 200w, https:\/\/i0.wp.com\/www.gesamtschule-eiserfeld.de\/wp-content\/uploads\/2019\/10\/boot.jpg?w=554&amp;ssl=1 554w\" sizes=\"auto, (max-width: 252px) 100vw, 252px\" \/>Eine Gondelfahrt \u00fcber den Rhein von der Festung Ehrenbreitstein nach Koblenz brachte schlie\u00dflich beide Gruppen \u2013 so wie Rhein und Mosel \u2013 wieder zusammen. Die anschlie\u00dfende Burgenrundfahrt auf dem Rhein l\u00e4utete den gem\u00fctlichen Teil des Ausflugstages ein. Von der wetterbedingt etwas tr\u00fcben Aussicht lie\u00df sich die Stimmung der GEE-Lehrer jedoch nicht tr\u00fcben. Hier war viel eher Zeit und Gelegenheit f\u00fcr Gespr\u00e4che und lockeres Miteinander \u2013 genau das, was ein Lehrerausflug ja auch bieten soll.<\/p>\n<p style=\"text-align: justify;\">Beim abschlie\u00dfenden gemeinsamen Abendessen im Weindorf blieben schlie\u00dflich keine W\u00fcnsche mehr offen und alle an der Planung des Tages Beteiligten waren sich sicher: Dieses Konzept ist aufgegangen und hat allen ganz viel geboten.<\/p>\n","protected":false},"excerpt":{"rendered":"<p>Diesj\u00e4hriger Lehrerausflug der GEE mit vielf\u00e4ltigen Aktionen [2019-10-20 JUDI]\u00a0\u00a0\u201eNur\u201c Lehrerausflug oder doch Fortbildungs-veranstaltung? In diesem Jahr bot sich f\u00fcr den Lehrerrat der Gesamtschule Eiserfeld (GEE) erstmalig die Chance, diesen Spagat als ganzt\u00e4gige Veranstaltung zu wagen und zu schaffen! Sicher auch ein kleines logistisches Meisterst\u00fcck, wenn man bedenkt, dass die mittlerweile \u00fcber 100 Kolleginnen und Kollegen &hellip; <a href=\"https:\/\/www.gesamtschule-eiserfeld.de\/?p=12906\" class=\"more-link\"><span class=\"screen-reader-text\">Zu Land, zu Wasser und in der Luft<\/span> weiterlesen <span class=\"meta-nav\">&rarr;<\/span><\/a><\/p>\n","protected":false},"author":9,"featured_media":0,"comment_status":"closed","ping_status":"open","sticky":false,"template":"","format":"standard","meta":{"jetpack_post_was_ever_published":false,"_jetpack_newsletter_access":"","_jetpack_dont_email_post_to_subs":false,"_jetpack_newsletter_tier_id":0,"_jetpack_memberships_contains_paywalled_content":false,"_jetpack_memberships_contains_paid_content":false,"footnotes":"","jetpack_publicize_message":"","jetpack_publicize_feature_enabled":true,"jetpack_social_post_already_shared":true,"jetpack_social_options":{"image_generator_settings":{"template":"highway","default_image_id":0,"font":"","enabled":false},"version":2}},"categories":[18,30],"tags":[],"class_list":["post-12906","post","type-post","status-publish","format-standard","hentry","category-exkursion","category-fortbildung"],"yoast_head":"<!-- This site is optimized with the Yoast SEO plugin v27.4 - https:\/\/yoast.com\/product\/yoast-seo-wordpress\/ -->\n<title>Zu Land, zu Wasser und in der Luft - Gesamtschule Eiserfeld<\/title>\n<meta name=\"robots\" content=\"index, follow, max-snippet:-1, max-image-preview:large, max-video-preview:-1\" \/>\n<link rel=\"canonical\" href=\"https:\/\/www.gesamtschule-eiserfeld.de\/?p=12906\" \/>\n<meta property=\"og:locale\" content=\"de_DE\" \/>\n<meta property=\"og:type\" content=\"article\" \/>\n<meta property=\"og:title\" content=\"Zu Land, zu Wasser und in der Luft - Gesamtschule Eiserfeld\" \/>\n<meta property=\"og:description\" content=\"Diesj\u00e4hriger Lehrerausflug der GEE mit vielf\u00e4ltigen Aktionen [2019-10-20 JUDI]\u00a0\u00a0\u201eNur\u201c Lehrerausflug oder doch Fortbildungs-veranstaltung? In diesem Jahr bot sich f\u00fcr den Lehrerrat der Gesamtschule Eiserfeld (GEE) erstmalig die Chance, diesen Spagat als ganzt\u00e4gige Veranstaltung zu wagen und zu schaffen! Sicher auch ein kleines logistisches Meisterst\u00fcck, wenn man bedenkt, dass die mittlerweile \u00fcber 100 Kolleginnen und Kollegen &hellip; Zu Land, zu Wasser und in der Luft weiterlesen &rarr;\" \/>\n<meta property=\"og:url\" content=\"https:\/\/www.gesamtschule-eiserfeld.de\/?p=12906\" \/>\n<meta property=\"og:site_name\" content=\"Gesamtschule Eiserfeld\" \/>\n<meta property=\"article:publisher\" content=\"https:\/\/www.facebook.com\/GEEiserfeld\" \/>\n<meta property=\"article:published_time\" content=\"2019-10-20T17:00:11+00:00\" \/>\n<meta property=\"article:modified_time\" content=\"2019-11-06T17:27:56+00:00\" \/>\n<meta property=\"og:image\" content=\"https:\/\/i2.wp.com\/www.gesamtschule-eiserfeld.de\/wp-content\/uploads\/2019\/10\/DSC0021.jpg?fit=1200%2C795&ssl=1\" \/>\n\t<meta property=\"og:image:width\" content=\"1200\" \/>\n\t<meta property=\"og:image:height\" content=\"795\" \/>\n\t<meta property=\"og:image:type\" content=\"image\/jpeg\" \/>\n<meta name=\"author\" content=\"dorw\" \/>\n<meta name=\"twitter:card\" content=\"summary_large_image\" \/>\n<meta name=\"twitter:label1\" content=\"Verfasst von\" \/>\n\t<meta name=\"twitter:data1\" content=\"dorw\" \/>\n\t<meta name=\"twitter:label2\" content=\"Gesch\u00e4tzte Lesezeit\" \/>\n\t<meta name=\"twitter:data2\" content=\"2\u00a0Minuten\" \/>\n<script type=\"application\/ld+json\" class=\"yoast-schema-graph\">{\"@context\":\"https:\\\/\\\/schema.org\",\"@graph\":[{\"@type\":\"Article\",\"@id\":\"https:\\\/\\\/www.gesamtschule-eiserfeld.de\\\/?p=12906#article\",\"isPartOf\":{\"@id\":\"https:\\\/\\\/www.gesamtschule-eiserfeld.de\\\/?p=12906\"},\"author\":{\"name\":\"dorw\",\"@id\":\"https:\\\/\\\/www.gesamtschule-eiserfeld.de\\\/#\\\/schema\\\/person\\\/9f37123dd2ff514a1346db435bdb3784\"},\"headline\":\"Zu Land, zu Wasser und in der Luft\",\"datePublished\":\"2019-10-20T17:00:11+00:00\",\"dateModified\":\"2019-11-06T17:27:56+00:00\",\"mainEntityOfPage\":{\"@id\":\"https:\\\/\\\/www.gesamtschule-eiserfeld.de\\\/?p=12906\"},\"wordCount\":389,\"publisher\":{\"@id\":\"https:\\\/\\\/www.gesamtschule-eiserfeld.de\\\/#organization\"},\"image\":{\"@id\":\"https:\\\/\\\/www.gesamtschule-eiserfeld.de\\\/?p=12906#primaryimage\"},\"thumbnailUrl\":\"https:\\\/\\\/www.gesamtschule-eiserfeld.de\\\/wp-content\\\/uploads\\\/2019\\\/10\\\/DSC0021-300x199.jpg\",\"articleSection\":[\"Exkursion\",\"Fortbildung\"],\"inLanguage\":\"de\"},{\"@type\":\"WebPage\",\"@id\":\"https:\\\/\\\/www.gesamtschule-eiserfeld.de\\\/?p=12906\",\"url\":\"https:\\\/\\\/www.gesamtschule-eiserfeld.de\\\/?p=12906\",\"name\":\"Zu Land, zu Wasser und in der Luft - Gesamtschule Eiserfeld\",\"isPartOf\":{\"@id\":\"https:\\\/\\\/www.gesamtschule-eiserfeld.de\\\/#website\"},\"primaryImageOfPage\":{\"@id\":\"https:\\\/\\\/www.gesamtschule-eiserfeld.de\\\/?p=12906#primaryimage\"},\"image\":{\"@id\":\"https:\\\/\\\/www.gesamtschule-eiserfeld.de\\\/?p=12906#primaryimage\"},\"thumbnailUrl\":\"https:\\\/\\\/www.gesamtschule-eiserfeld.de\\\/wp-content\\\/uploads\\\/2019\\\/10\\\/DSC0021-300x199.jpg\",\"datePublished\":\"2019-10-20T17:00:11+00:00\",\"dateModified\":\"2019-11-06T17:27:56+00:00\",\"breadcrumb\":{\"@id\":\"https:\\\/\\\/www.gesamtschule-eiserfeld.de\\\/?p=12906#breadcrumb\"},\"inLanguage\":\"de\",\"potentialAction\":[{\"@type\":\"ReadAction\",\"target\":[\"https:\\\/\\\/www.gesamtschule-eiserfeld.de\\\/?p=12906\"]}]},{\"@type\":\"ImageObject\",\"inLanguage\":\"de\",\"@id\":\"https:\\\/\\\/www.gesamtschule-eiserfeld.de\\\/?p=12906#primaryimage\",\"url\":\"https:\\\/\\\/i0.wp.com\\\/www.gesamtschule-eiserfeld.de\\\/wp-content\\\/uploads\\\/2019\\\/10\\\/DSC0021.jpg?fit=1200%2C795&ssl=1\",\"contentUrl\":\"https:\\\/\\\/i0.wp.com\\\/www.gesamtschule-eiserfeld.de\\\/wp-content\\\/uploads\\\/2019\\\/10\\\/DSC0021.jpg?fit=1200%2C795&ssl=1\",\"width\":1200,\"height\":795},{\"@type\":\"BreadcrumbList\",\"@id\":\"https:\\\/\\\/www.gesamtschule-eiserfeld.de\\\/?p=12906#breadcrumb\",\"itemListElement\":[{\"@type\":\"ListItem\",\"position\":1,\"name\":\"Startseite\",\"item\":\"https:\\\/\\\/www.gesamtschule-eiserfeld.de\\\/\"},{\"@type\":\"ListItem\",\"position\":2,\"name\":\"Zu Land, zu Wasser und in der Luft\"}]},{\"@type\":\"WebSite\",\"@id\":\"https:\\\/\\\/www.gesamtschule-eiserfeld.de\\\/#website\",\"url\":\"https:\\\/\\\/www.gesamtschule-eiserfeld.de\\\/\",\"name\":\"Gesamtschule Eiserfeld\",\"description\":\"\",\"publisher\":{\"@id\":\"https:\\\/\\\/www.gesamtschule-eiserfeld.de\\\/#organization\"},\"potentialAction\":[{\"@type\":\"SearchAction\",\"target\":{\"@type\":\"EntryPoint\",\"urlTemplate\":\"https:\\\/\\\/www.gesamtschule-eiserfeld.de\\\/?s={search_term_string}\"},\"query-input\":{\"@type\":\"PropertyValueSpecification\",\"valueRequired\":true,\"valueName\":\"search_term_string\"}}],\"inLanguage\":\"de\"},{\"@type\":\"Organization\",\"@id\":\"https:\\\/\\\/www.gesamtschule-eiserfeld.de\\\/#organization\",\"name\":\"Gesamtschule Eiserfeld\",\"url\":\"https:\\\/\\\/www.gesamtschule-eiserfeld.de\\\/\",\"logo\":{\"@type\":\"ImageObject\",\"inLanguage\":\"de\",\"@id\":\"https:\\\/\\\/www.gesamtschule-eiserfeld.de\\\/#\\\/schema\\\/logo\\\/image\\\/\",\"url\":\"https:\\\/\\\/i1.wp.com\\\/www.gesamtschule-eiserfeld.de\\\/wp-content\\\/uploads\\\/2019\\\/01\\\/GEE-Logo-neu.jpg?fit=436%2C126&ssl=1\",\"contentUrl\":\"https:\\\/\\\/i1.wp.com\\\/www.gesamtschule-eiserfeld.de\\\/wp-content\\\/uploads\\\/2019\\\/01\\\/GEE-Logo-neu.jpg?fit=436%2C126&ssl=1\",\"width\":436,\"height\":126,\"caption\":\"Gesamtschule Eiserfeld\"},\"image\":{\"@id\":\"https:\\\/\\\/www.gesamtschule-eiserfeld.de\\\/#\\\/schema\\\/logo\\\/image\\\/\"},\"sameAs\":[\"https:\\\/\\\/www.facebook.com\\\/GEEiserfeld\"]},{\"@type\":\"Person\",\"@id\":\"https:\\\/\\\/www.gesamtschule-eiserfeld.de\\\/#\\\/schema\\\/person\\\/9f37123dd2ff514a1346db435bdb3784\",\"name\":\"dorw\",\"sameAs\":[\"http:\\\/\\\/www.ge-eiserfeld.de\"],\"url\":\"https:\\\/\\\/www.gesamtschule-eiserfeld.de\\\/?author=9\"}]}<\/script>\n<!-- \/ Yoast SEO plugin. -->","yoast_head_json":{"title":"Zu Land, zu Wasser und in der Luft - Gesamtschule Eiserfeld","robots":{"index":"index","follow":"follow","max-snippet":"max-snippet:-1","max-image-preview":"max-image-preview:large","max-video-preview":"max-video-preview:-1"},"canonical":"https:\/\/www.gesamtschule-eiserfeld.de\/?p=12906","og_locale":"de_DE","og_type":"article","og_title":"Zu Land, zu Wasser und in der Luft - Gesamtschule Eiserfeld","og_description":"Diesj\u00e4hriger Lehrerausflug der GEE mit vielf\u00e4ltigen Aktionen [2019-10-20 JUDI]\u00a0\u00a0\u201eNur\u201c Lehrerausflug oder doch Fortbildungs-veranstaltung? In diesem Jahr bot sich f\u00fcr den Lehrerrat der Gesamtschule Eiserfeld (GEE) erstmalig die Chance, diesen Spagat als ganzt\u00e4gige Veranstaltung zu wagen und zu schaffen! Sicher auch ein kleines logistisches Meisterst\u00fcck, wenn man bedenkt, dass die mittlerweile \u00fcber 100 Kolleginnen und Kollegen &hellip; Zu Land, zu Wasser und in der Luft weiterlesen &rarr;","og_url":"https:\/\/www.gesamtschule-eiserfeld.de\/?p=12906","og_site_name":"Gesamtschule Eiserfeld","article_publisher":"https:\/\/www.facebook.com\/GEEiserfeld","article_published_time":"2019-10-20T17:00:11+00:00","article_modified_time":"2019-11-06T17:27:56+00:00","og_image":[{"width":1200,"height":795,"url":"https:\/\/i2.wp.com\/www.gesamtschule-eiserfeld.de\/wp-content\/uploads\/2019\/10\/DSC0021.jpg?fit=1200%2C795&ssl=1","type":"image\/jpeg"}],"author":"dorw","twitter_card":"summary_large_image","twitter_misc":{"Verfasst von":"dorw","Gesch\u00e4tzte Lesezeit":"2\u00a0Minuten"},"schema":{"@context":"https:\/\/schema.org","@graph":[{"@type":"Article","@id":"https:\/\/www.gesamtschule-eiserfeld.de\/?p=12906#article","isPartOf":{"@id":"https:\/\/www.gesamtschule-eiserfeld.de\/?p=12906"},"author":{"name":"dorw","@id":"https:\/\/www.gesamtschule-eiserfeld.de\/#\/schema\/person\/9f37123dd2ff514a1346db435bdb3784"},"headline":"Zu Land, zu Wasser und in der Luft","datePublished":"2019-10-20T17:00:11+00:00","dateModified":"2019-11-06T17:27:56+00:00","mainEntityOfPage":{"@id":"https:\/\/www.gesamtschule-eiserfeld.de\/?p=12906"},"wordCount":389,"publisher":{"@id":"https:\/\/www.gesamtschule-eiserfeld.de\/#organization"},"image":{"@id":"https:\/\/www.gesamtschule-eiserfeld.de\/?p=12906#primaryimage"},"thumbnailUrl":"https:\/\/www.gesamtschule-eiserfeld.de\/wp-content\/uploads\/2019\/10\/DSC0021-300x199.jpg","articleSection":["Exkursion","Fortbildung"],"inLanguage":"de"},{"@type":"WebPage","@id":"https:\/\/www.gesamtschule-eiserfeld.de\/?p=12906","url":"https:\/\/www.gesamtschule-eiserfeld.de\/?p=12906","name":"Zu Land, zu Wasser und in der Luft - Gesamtschule Eiserfeld","isPartOf":{"@id":"https:\/\/www.gesamtschule-eiserfeld.de\/#website"},"primaryImageOfPage":{"@id":"https:\/\/www.gesamtschule-eiserfeld.de\/?p=12906#primaryimage"},"image":{"@id":"https:\/\/www.gesamtschule-eiserfeld.de\/?p=12906#primaryimage"},"thumbnailUrl":"https:\/\/www.gesamtschule-eiserfeld.de\/wp-content\/uploads\/2019\/10\/DSC0021-300x199.jpg","datePublished":"2019-10-20T17:00:11+00:00","dateModified":"2019-11-06T17:27:56+00:00","breadcrumb":{"@id":"https:\/\/www.gesamtschule-eiserfeld.de\/?p=12906#breadcrumb"},"inLanguage":"de","potentialAction":[{"@type":"ReadAction","target":["https:\/\/www.gesamtschule-eiserfeld.de\/?p=12906"]}]},{"@type":"ImageObject","inLanguage":"de","@id":"https:\/\/www.gesamtschule-eiserfeld.de\/?p=12906#primaryimage","url":"https:\/\/i0.wp.com\/www.gesamtschule-eiserfeld.de\/wp-content\/uploads\/2019\/10\/DSC0021.jpg?fit=1200%2C795&ssl=1","contentUrl":"https:\/\/i0.wp.com\/www.gesamtschule-eiserfeld.de\/wp-content\/uploads\/2019\/10\/DSC0021.jpg?fit=1200%2C795&ssl=1","width":1200,"height":795},{"@type":"BreadcrumbList","@id":"https:\/\/www.gesamtschule-eiserfeld.de\/?p=12906#breadcrumb","itemListElement":[{"@type":"ListItem","position":1,"name":"Startseite","item":"https:\/\/www.gesamtschule-eiserfeld.de\/"},{"@type":"ListItem","position":2,"name":"Zu Land, zu Wasser und in der Luft"}]},{"@type":"WebSite","@id":"https:\/\/www.gesamtschule-eiserfeld.de\/#website","url":"https:\/\/www.gesamtschule-eiserfeld.de\/","name":"Gesamtschule Eiserfeld","description":"","publisher":{"@id":"https:\/\/www.gesamtschule-eiserfeld.de\/#organization"},"potentialAction":[{"@type":"SearchAction","target":{"@type":"EntryPoint","urlTemplate":"https:\/\/www.gesamtschule-eiserfeld.de\/?s={search_term_string}"},"query-input":{"@type":"PropertyValueSpecification","valueRequired":true,"valueName":"search_term_string"}}],"inLanguage":"de"},{"@type":"Organization","@id":"https:\/\/www.gesamtschule-eiserfeld.de\/#organization","name":"Gesamtschule Eiserfeld","url":"https:\/\/www.gesamtschule-eiserfeld.de\/","logo":{"@type":"ImageObject","inLanguage":"de","@id":"https:\/\/www.gesamtschule-eiserfeld.de\/#\/schema\/logo\/image\/","url":"https:\/\/i1.wp.com\/www.gesamtschule-eiserfeld.de\/wp-content\/uploads\/2019\/01\/GEE-Logo-neu.jpg?fit=436%2C126&ssl=1","contentUrl":"https:\/\/i1.wp.com\/www.gesamtschule-eiserfeld.de\/wp-content\/uploads\/2019\/01\/GEE-Logo-neu.jpg?fit=436%2C126&ssl=1","width":436,"height":126,"caption":"Gesamtschule Eiserfeld"},"image":{"@id":"https:\/\/www.gesamtschule-eiserfeld.de\/#\/schema\/logo\/image\/"},"sameAs":["https:\/\/www.facebook.com\/GEEiserfeld"]},{"@type":"Person","@id":"https:\/\/www.gesamtschule-eiserfeld.de\/#\/schema\/person\/9f37123dd2ff514a1346db435bdb3784","name":"dorw","sameAs":["http:\/\/www.ge-eiserfeld.de"],"url":"https:\/\/www.gesamtschule-eiserfeld.de\/?author=9"}]}},"jetpack_publicize_connections":[],"jetpack_featured_media_url":"","jetpack_shortlink":"https:\/\/wp.me\/p2weeL-3ma","jetpack_sharing_enabled":true,"_links":{"self":[{"href":"https:\/\/www.gesamtschule-eiserfeld.de\/index.php?rest_route=\/wp\/v2\/posts\/12906","targetHints":{"allow":["GET"]}}],"collection":[{"href":"https:\/\/www.gesamtschule-eiserfeld.de\/index.php?rest_route=\/wp\/v2\/posts"}],"about":[{"href":"https:\/\/www.gesamtschule-eiserfeld.de\/index.php?rest_route=\/wp\/v2\/types\/post"}],"author":[{"embeddable":true,"href":"https:\/\/www.gesamtschule-eiserfeld.de\/index.php?rest_route=\/wp\/v2\/users\/9"}],"replies":[{"embeddable":true,"href":"https:\/\/www.gesamtschule-eiserfeld.de\/index.php?rest_route=%2Fwp%2Fv2%2Fcomments&post=12906"}],"version-history":[{"count":0,"href":"https:\/\/www.gesamtschule-eiserfeld.de\/index.php?rest_route=\/wp\/v2\/posts\/12906\/revisions"}],"wp:attachment":[{"href":"https:\/\/www.gesamtschule-eiserfeld.de\/index.php?rest_route=%2Fwp%2Fv2%2Fmedia&parent=12906"}],"wp:term":[{"taxonomy":"category","embeddable":true,"href":"https:\/\/www.gesamtschule-eiserfeld.de\/index.php?rest_route=%2Fwp%2Fv2%2Fcategories&post=12906"},{"taxonomy":"post_tag","embeddable":true,"href":"https:\/\/www.gesamtschule-eiserfeld.de\/index.php?rest_route=%2Fwp%2Fv2%2Ftags&post=12906"}],"curies":[{"name":"wp","href":"https:\/\/api.w.org\/{rel}","templated":true}]}}