{"id":12993,"date":"2019-12-04T19:16:21","date_gmt":"2019-12-04T18:16:21","guid":{"rendered":"https:\/\/www.gesamtschule-eiserfeld.de\/?p=12993"},"modified":"2019-12-08T13:27:30","modified_gmt":"2019-12-08T12:27:30","slug":"lasst-euch-nicht-auf-ein-schwarz-weiss-denken-ein","status":"publish","type":"post","link":"https:\/\/www.gesamtschule-eiserfeld.de\/?p=12993","title":{"rendered":"\u201eLasst euch nicht auf ein Schwarz-Wei\u00df-Denken ein\u201c"},"content":{"rendered":"<p style=\"text-align: justify;\">Gesamtschule Eiserfeld mit Siegel \u201eSchule ohne Rassismus\u201c zertifiziert \u2013 Mehmet G. Daimag\u00fcler Pate der Aktion<\/p>\n<p style=\"text-align: justify;\"><a href=\"https:\/\/www.gesamtschule-eiserfeld.de\/?attachment_id=13004\"><img data-recalc-dims=\"1\" loading=\"lazy\" decoding=\"async\" data-attachment-id=\"13004\" data-permalink=\"https:\/\/www.gesamtschule-eiserfeld.de\/?attachment_id=13004\" data-orig-file=\"https:\/\/i0.wp.com\/www.gesamtschule-eiserfeld.de\/wp-content\/uploads\/2019\/12\/DSC0085.jpg?fit=1200%2C795&amp;ssl=1\" data-orig-size=\"1200,795\" data-comments-opened=\"0\" data-image-meta=\"{&quot;aperture&quot;:&quot;0&quot;,&quot;credit&quot;:&quot;&quot;,&quot;camera&quot;:&quot;&quot;,&quot;caption&quot;:&quot;&quot;,&quot;created_timestamp&quot;:&quot;0&quot;,&quot;copyright&quot;:&quot;&quot;,&quot;focal_length&quot;:&quot;0&quot;,&quot;iso&quot;:&quot;0&quot;,&quot;shutter_speed&quot;:&quot;0&quot;,&quot;title&quot;:&quot;&quot;,&quot;orientation&quot;:&quot;0&quot;}\" data-image-title=\"_DSC0085\" data-image-description=\"\" data-image-caption=\"\" data-large-file=\"https:\/\/i0.wp.com\/www.gesamtschule-eiserfeld.de\/wp-content\/uploads\/2019\/12\/DSC0085.jpg?fit=474%2C314&amp;ssl=1\" class=\"alignleft wp-image-13004 size-medium\" src=\"https:\/\/i0.wp.com\/www.gesamtschule-eiserfeld.de\/wp-content\/uploads\/2019\/12\/DSC0085.jpg?resize=300%2C199&#038;ssl=1\" alt=\"\" width=\"300\" height=\"199\" srcset=\"https:\/\/i0.wp.com\/www.gesamtschule-eiserfeld.de\/wp-content\/uploads\/2019\/12\/DSC0085.jpg?resize=300%2C199&amp;ssl=1 300w, https:\/\/i0.wp.com\/www.gesamtschule-eiserfeld.de\/wp-content\/uploads\/2019\/12\/DSC0085.jpg?resize=200%2C133&amp;ssl=1 200w, https:\/\/i0.wp.com\/www.gesamtschule-eiserfeld.de\/wp-content\/uploads\/2019\/12\/DSC0085.jpg?resize=768%2C509&amp;ssl=1 768w, https:\/\/i0.wp.com\/www.gesamtschule-eiserfeld.de\/wp-content\/uploads\/2019\/12\/DSC0085.jpg?resize=1024%2C678&amp;ssl=1 1024w, https:\/\/i0.wp.com\/www.gesamtschule-eiserfeld.de\/wp-content\/uploads\/2019\/12\/DSC0085.jpg?w=1200&amp;ssl=1 1200w, https:\/\/i0.wp.com\/www.gesamtschule-eiserfeld.de\/wp-content\/uploads\/2019\/12\/DSC0085.jpg?w=948&amp;ssl=1 948w\" sizes=\"auto, (max-width: 300px) 100vw, 300px\" \/><\/a>[2019-12-02 JUDI] Die meisten der schrecklichen Ereignisse mit rassistischem Hintergrund sind vielen noch aus den Medien pr\u00e4sent, Namen und Orte klingen immer noch nach und machen immer noch betroffen. Der Anschlag in Halle an der Saale, NSU Prozesse, der Mordfall Walter L\u00fcbcke, um nur drei Beispiele zu nennen. Und da ist der fast schon tagt\u00e4gliche Niederschlag von Antisemitismus in unserer Sprache. In diesen Zeiten scheint es besonders wichtig zu sein, ein Zeichen gegen Rassismus und den aufkeimenden Rechtsruck zu setzen. Genau dies bekundete jetzt die Lehrer- und Sch\u00fclerschaft der Gesamtschule Eiserfeld (GEE) in ihrer offiziellen Veranstaltung zur Siegelverleihung \u201eSchule ohne Rassismus, Schule mit Courage\u201c.<!--more--><\/p>\n<p style=\"text-align: justify;\"><em> <img data-recalc-dims=\"1\" loading=\"lazy\" decoding=\"async\" data-attachment-id=\"12996\" data-permalink=\"https:\/\/www.gesamtschule-eiserfeld.de\/?attachment_id=12996\" data-orig-file=\"https:\/\/i0.wp.com\/www.gesamtschule-eiserfeld.de\/wp-content\/uploads\/2019\/12\/DSC0029-1.jpg?fit=1200%2C795&amp;ssl=1\" data-orig-size=\"1200,795\" data-comments-opened=\"0\" data-image-meta=\"{&quot;aperture&quot;:&quot;0&quot;,&quot;credit&quot;:&quot;&quot;,&quot;camera&quot;:&quot;&quot;,&quot;caption&quot;:&quot;&quot;,&quot;created_timestamp&quot;:&quot;0&quot;,&quot;copyright&quot;:&quot;&quot;,&quot;focal_length&quot;:&quot;0&quot;,&quot;iso&quot;:&quot;0&quot;,&quot;shutter_speed&quot;:&quot;0&quot;,&quot;title&quot;:&quot;&quot;,&quot;orientation&quot;:&quot;0&quot;}\" data-image-title=\"_DSC0029\" data-image-description=\"\" data-image-caption=\"\" data-large-file=\"https:\/\/i0.wp.com\/www.gesamtschule-eiserfeld.de\/wp-content\/uploads\/2019\/12\/DSC0029-1.jpg?fit=474%2C314&amp;ssl=1\" class=\" wp-image-12996 alignright\" src=\"https:\/\/i0.wp.com\/www.gesamtschule-eiserfeld.de\/wp-content\/uploads\/2019\/12\/DSC0029-1.jpg?resize=250%2C166&#038;ssl=1\" alt=\"\" width=\"250\" height=\"166\" srcset=\"https:\/\/i0.wp.com\/www.gesamtschule-eiserfeld.de\/wp-content\/uploads\/2019\/12\/DSC0029-1.jpg?resize=300%2C199&amp;ssl=1 300w, https:\/\/i0.wp.com\/www.gesamtschule-eiserfeld.de\/wp-content\/uploads\/2019\/12\/DSC0029-1.jpg?resize=200%2C133&amp;ssl=1 200w, https:\/\/i0.wp.com\/www.gesamtschule-eiserfeld.de\/wp-content\/uploads\/2019\/12\/DSC0029-1.jpg?resize=768%2C509&amp;ssl=1 768w, https:\/\/i0.wp.com\/www.gesamtschule-eiserfeld.de\/wp-content\/uploads\/2019\/12\/DSC0029-1.jpg?resize=1024%2C678&amp;ssl=1 1024w, https:\/\/i0.wp.com\/www.gesamtschule-eiserfeld.de\/wp-content\/uploads\/2019\/12\/DSC0029-1.jpg?w=1200&amp;ssl=1 1200w, https:\/\/i0.wp.com\/www.gesamtschule-eiserfeld.de\/wp-content\/uploads\/2019\/12\/DSC0029-1.jpg?w=948&amp;ssl=1 948w\" sizes=\"auto, (max-width: 250px) 100vw, 250px\" \/>\u201eEine Schule ohne Rassismus und mit Courage \u2013 das ist eine fortw\u00e4hrende Verpflichtung\u201c, <\/em>stellte Schulleiter Werner J\u00fcngst nach der Begr\u00fc\u00dfung zahlreicher Ehreng\u00e4ste in seiner Er\u00f6ffnungsrede fest und kam mit dieser weitreichenden Aussage schnell an den Kern der Siegelverleihung, den auch Schuldezernent Andr\u00e9 Schmidt und Landrat Andreas M\u00fcller in ihren Gru\u00dfworten aufgriffen.<\/p>\n<p style=\"text-align: justify;\">Vielf\u00e4ltige Aktionen waren bis hier hin schon im letzten Schuljahr vorausgegangen. So sammelten die Sch\u00fcler der Klasse 8a unter der Leitung von Claudia Henke die erforderlichen Unterschriften und brachten so den Stein ma\u00dfgeblich ins Rollen. Ein gro\u00dfer Aktionstag zum Internationalen Tag gegen Rassismus wurde mithilfe der SV organisiert. Dies und vieles mehr hatte den Boden f\u00fcr die Zertifizierung bereitet und dazu gef\u00fchrt, dass Ehreng\u00e4ste wie Dr. Mehmet G. Daimag\u00fcler als Pate der Aktion, Landrat Andreas M\u00fcller, Andr\u00e9 Schmidt als Vertreter des Schultr\u00e4gers und der Stadt Siegen, Karsten Burkhardt vom kommunalen Integrationszentrum sowie Vertreter der Partnerfirmen, Elternvertreter und viele mehr der Einladung zur Feierstunde gefolgt waren.<\/p>\n<p style=\"text-align: justify;\">Hierzu hatten sich Sch\u00fcler und Lehrer ein kurzweiliges, vor allem aber tiefgr\u00fcndiges Programm einfallen lassen, durch das Nele Beichler (Q2) mit viel Empathie und Professionalit\u00e4t f\u00fchrte. Kernst\u00fcck des Programms war eine Gespr\u00e4chsrunde mit Alon Sander von der Gesellschaft f\u00fcr Christlich-J\u00fcdische Zusammenarbeit, Andr\u00e9 Schmidt, Mehmet Daimag\u00fcler, Andreas M\u00fcller, Matthias Rink als Vertreter des Handwerks sowie Uschi Zingler (Didaktische Leiterin der GEE), Monika Kreutz (Elternvertreterin) und Jakob Schwarz (SV). Vier verschiedene Gespr\u00e4chsimpulse wurden auf der B\u00fchne durch Sch\u00fclerbeitr\u00e4ge initiiert. Zu den Begriffen Begegnung, Solidarit\u00e4t, Wertsch\u00e4tzung und Laut-Werden wurden in dieser Reihenfolge eindrucksvoll eine Theaterszene von <em>gee whiz!<\/em>, ein Filmeinspieler, <img data-recalc-dims=\"1\" loading=\"lazy\" decoding=\"async\" data-attachment-id=\"12997\" data-permalink=\"https:\/\/www.gesamtschule-eiserfeld.de\/?attachment_id=12997\" data-orig-file=\"https:\/\/i0.wp.com\/www.gesamtschule-eiserfeld.de\/wp-content\/uploads\/2019\/12\/DSC0038.jpg?fit=1200%2C795&amp;ssl=1\" data-orig-size=\"1200,795\" data-comments-opened=\"0\" data-image-meta=\"{&quot;aperture&quot;:&quot;0&quot;,&quot;credit&quot;:&quot;&quot;,&quot;camera&quot;:&quot;&quot;,&quot;caption&quot;:&quot;&quot;,&quot;created_timestamp&quot;:&quot;0&quot;,&quot;copyright&quot;:&quot;&quot;,&quot;focal_length&quot;:&quot;0&quot;,&quot;iso&quot;:&quot;0&quot;,&quot;shutter_speed&quot;:&quot;0&quot;,&quot;title&quot;:&quot;&quot;,&quot;orientation&quot;:&quot;0&quot;}\" data-image-title=\"_DSC0038\" data-image-description=\"\" data-image-caption=\"\" data-large-file=\"https:\/\/i0.wp.com\/www.gesamtschule-eiserfeld.de\/wp-content\/uploads\/2019\/12\/DSC0038.jpg?fit=474%2C314&amp;ssl=1\" class=\"wp-image-12997 alignright\" src=\"https:\/\/i0.wp.com\/www.gesamtschule-eiserfeld.de\/wp-content\/uploads\/2019\/12\/DSC0038.jpg?resize=249%2C165&#038;ssl=1\" alt=\"\" width=\"249\" height=\"165\" srcset=\"https:\/\/i0.wp.com\/www.gesamtschule-eiserfeld.de\/wp-content\/uploads\/2019\/12\/DSC0038.jpg?resize=300%2C199&amp;ssl=1 300w, https:\/\/i0.wp.com\/www.gesamtschule-eiserfeld.de\/wp-content\/uploads\/2019\/12\/DSC0038.jpg?resize=200%2C133&amp;ssl=1 200w, https:\/\/i0.wp.com\/www.gesamtschule-eiserfeld.de\/wp-content\/uploads\/2019\/12\/DSC0038.jpg?resize=768%2C509&amp;ssl=1 768w, https:\/\/i0.wp.com\/www.gesamtschule-eiserfeld.de\/wp-content\/uploads\/2019\/12\/DSC0038.jpg?resize=1024%2C678&amp;ssl=1 1024w, https:\/\/i0.wp.com\/www.gesamtschule-eiserfeld.de\/wp-content\/uploads\/2019\/12\/DSC0038.jpg?w=1200&amp;ssl=1 1200w, https:\/\/i0.wp.com\/www.gesamtschule-eiserfeld.de\/wp-content\/uploads\/2019\/12\/DSC0038.jpg?w=948&amp;ssl=1 948w\" sizes=\"auto, (max-width: 249px) 100vw, 249px\" \/>Gedanken einer DuG-Theatergruppe und ein Sprechtheater von vier Sch\u00fclerinnen zum \u201eNein-Sagen\u201c geboten. Auch die Schulrockband unterstrich mit ihrem Titel \u201eMacht euch laut\u201c deutlich ihre Botschaft.<\/p>\n<p style=\"text-align: justify;\"><span style=\"text-align: justify;\">In vielen Beitr\u00e4gen wurde klargemacht, wie wichtig es ist, das Andere im Anderen \u00fcberhaupt erst einmal kennen zu lernen und zu tolerieren. Unfassbar leise wurde es dann in der voll besetzten Aula der Schule, als Dr. Mehmet G. Daimag\u00fcler seine Rede hielt. <img data-recalc-dims=\"1\" loading=\"lazy\" decoding=\"async\" data-attachment-id=\"13006\" data-permalink=\"https:\/\/www.gesamtschule-eiserfeld.de\/?attachment_id=13006\" data-orig-file=\"https:\/\/i0.wp.com\/www.gesamtschule-eiserfeld.de\/wp-content\/uploads\/2019\/12\/DSC0075-1-e1575293029239.jpg?fit=795%2C1200&amp;ssl=1\" data-orig-size=\"795,1200\" data-comments-opened=\"0\" data-image-meta=\"{&quot;aperture&quot;:&quot;0&quot;,&quot;credit&quot;:&quot;&quot;,&quot;camera&quot;:&quot;&quot;,&quot;caption&quot;:&quot;&quot;,&quot;created_timestamp&quot;:&quot;0&quot;,&quot;copyright&quot;:&quot;&quot;,&quot;focal_length&quot;:&quot;0&quot;,&quot;iso&quot;:&quot;0&quot;,&quot;shutter_speed&quot;:&quot;0&quot;,&quot;title&quot;:&quot;&quot;,&quot;orientation&quot;:&quot;0&quot;}\" data-image-title=\"_DSC0075\" data-image-description=\"\" data-image-caption=\"\" data-large-file=\"https:\/\/i0.wp.com\/www.gesamtschule-eiserfeld.de\/wp-content\/uploads\/2019\/12\/DSC0075-1-e1575293029239.jpg?fit=474%2C716&amp;ssl=1\" class=\"size-medium wp-image-13006 alignleft\" src=\"https:\/\/i0.wp.com\/www.gesamtschule-eiserfeld.de\/wp-content\/uploads\/2019\/12\/DSC0075-1-e1575293029239-199x300.jpg?resize=199%2C300&#038;ssl=1\" alt=\"\" width=\"199\" height=\"300\" srcset=\"https:\/\/i0.wp.com\/www.gesamtschule-eiserfeld.de\/wp-content\/uploads\/2019\/12\/DSC0075-1-e1575293029239.jpg?resize=199%2C300&amp;ssl=1 199w, https:\/\/i0.wp.com\/www.gesamtschule-eiserfeld.de\/wp-content\/uploads\/2019\/12\/DSC0075-1-e1575293029239.jpg?resize=99%2C150&amp;ssl=1 99w, https:\/\/i0.wp.com\/www.gesamtschule-eiserfeld.de\/wp-content\/uploads\/2019\/12\/DSC0075-1-e1575293029239.jpg?resize=768%2C1159&amp;ssl=1 768w, https:\/\/i0.wp.com\/www.gesamtschule-eiserfeld.de\/wp-content\/uploads\/2019\/12\/DSC0075-1-e1575293029239.jpg?resize=678%2C1024&amp;ssl=1 678w, https:\/\/i0.wp.com\/www.gesamtschule-eiserfeld.de\/wp-content\/uploads\/2019\/12\/DSC0075-1-e1575293029239.jpg?w=795&amp;ssl=1 795w\" sizes=\"auto, (max-width: 199px) 100vw, 199px\" \/>Teilweise sehr bewegende Eindr\u00fccke aus seiner Kindheit in Niederschelden, sehr pers\u00f6nliche Eindr\u00fccke aus seiner T\u00e4tigkeit als Anwalt von Opfern im NSU Prozess, Schilderungen von Ereignissen, die sein Leben nachhaltig pr\u00e4gten \u2013 keinem Zuh\u00f6rer blieb bei dieser Feierstunde verborgen, warum Mehmet Daimag\u00fcler f\u00fcr Offenheit und Toleranz und gegen ein Schwarz-Wei\u00df-Denken in unserer Gesellschaft steht<\/span><em style=\"text-align: justify;\">. \u201eEin Leben mit Hass muss unheimlich anstrengend sein\u201c,<\/em><span style=\"text-align: justify;\"> formulierte er gegen Ende seiner Rede und schlug drei Schritte vor, dem immer unverhohlener werdenden Hass gegen Minderheiten in unserer Gesellschaft entgegenzutreten: Unser eigenes Denken und Sprechen reflektieren, ein wachsames Auge auf unsere N\u00e4chsten, sogar in der Familie, zu haben und in unserer Gesellschaft nicht zu schweigen, wenn Werte der Demokratie missachtet werden.<\/span><\/p>\n<p style=\"text-align: justify;\">Damit steckte Daimag\u00fcler noch einmal deutlich eine Leitlinie f\u00fcr die Gesamtschule Eiserfeld als \u201eSchule ohne Rassismus und mit Courage\u201c ab. Mit der Zertifizierung ist die Gesamtschule Eiserfeld jetzt eine von 20 Schulen im Kreisgebiet, die sich dieser Leitlinie nachhaltig verpflichtet sieht.<\/p>\n<table style=\"width: 100%; border-collapse: collapse;\">\n<tbody>\n<tr>\n<td style=\"width: 100%;\"><iframe loading=\"lazy\" src=\"\/\/www.youtube.com\/embed\/gJqhNIQm9J8\" width=\"560\" height=\"314\" allowfullscreen=\"allowfullscreen\"><\/iframe><\/td>\n<\/tr>\n<tr>\n<td style=\"width: 100%;\"><iframe loading=\"lazy\" src=\"\/\/www.youtube.com\/embed\/MsPMqUO_kic\" width=\"560\" height=\"314\" allowfullscreen=\"allowfullscreen\"><\/iframe><\/td>\n<\/tr>\n<\/tbody>\n<\/table>\n<p style=\"text-align: justify;\">Weitere Bilder von der Veranstaltung:<\/p>\n<table style=\"border-collapse: collapse; width: 100%;\">\n<tbody>\n<tr>\n<td style=\"width: 50%;\"><img data-recalc-dims=\"1\" loading=\"lazy\" decoding=\"async\" data-attachment-id=\"13002\" data-permalink=\"https:\/\/www.gesamtschule-eiserfeld.de\/?attachment_id=13002\" data-orig-file=\"https:\/\/i0.wp.com\/www.gesamtschule-eiserfeld.de\/wp-content\/uploads\/2019\/12\/DSC0072.jpg?fit=1200%2C795&amp;ssl=1\" data-orig-size=\"1200,795\" data-comments-opened=\"0\" data-image-meta=\"{&quot;aperture&quot;:&quot;0&quot;,&quot;credit&quot;:&quot;&quot;,&quot;camera&quot;:&quot;&quot;,&quot;caption&quot;:&quot;&quot;,&quot;created_timestamp&quot;:&quot;0&quot;,&quot;copyright&quot;:&quot;&quot;,&quot;focal_length&quot;:&quot;0&quot;,&quot;iso&quot;:&quot;0&quot;,&quot;shutter_speed&quot;:&quot;0&quot;,&quot;title&quot;:&quot;&quot;,&quot;orientation&quot;:&quot;0&quot;}\" data-image-title=\"_DSC0072\" data-image-description=\"\" data-image-caption=\"\" data-large-file=\"https:\/\/i0.wp.com\/www.gesamtschule-eiserfeld.de\/wp-content\/uploads\/2019\/12\/DSC0072.jpg?fit=474%2C314&amp;ssl=1\" class=\"alignnone size-medium wp-image-13002\" src=\"https:\/\/i0.wp.com\/www.gesamtschule-eiserfeld.de\/wp-content\/uploads\/2019\/12\/DSC0072.jpg?resize=300%2C199&#038;ssl=1\" alt=\"\" width=\"300\" height=\"199\" srcset=\"https:\/\/i0.wp.com\/www.gesamtschule-eiserfeld.de\/wp-content\/uploads\/2019\/12\/DSC0072.jpg?resize=300%2C199&amp;ssl=1 300w, https:\/\/i0.wp.com\/www.gesamtschule-eiserfeld.de\/wp-content\/uploads\/2019\/12\/DSC0072.jpg?resize=200%2C133&amp;ssl=1 200w, https:\/\/i0.wp.com\/www.gesamtschule-eiserfeld.de\/wp-content\/uploads\/2019\/12\/DSC0072.jpg?resize=768%2C509&amp;ssl=1 768w, https:\/\/i0.wp.com\/www.gesamtschule-eiserfeld.de\/wp-content\/uploads\/2019\/12\/DSC0072.jpg?resize=1024%2C678&amp;ssl=1 1024w, https:\/\/i0.wp.com\/www.gesamtschule-eiserfeld.de\/wp-content\/uploads\/2019\/12\/DSC0072.jpg?w=1200&amp;ssl=1 1200w, https:\/\/i0.wp.com\/www.gesamtschule-eiserfeld.de\/wp-content\/uploads\/2019\/12\/DSC0072.jpg?w=948&amp;ssl=1 948w\" sizes=\"auto, (max-width: 300px) 100vw, 300px\" \/><\/td>\n<td style=\"width: 50%;\"><img data-recalc-dims=\"1\" loading=\"lazy\" decoding=\"async\" data-attachment-id=\"13001\" data-permalink=\"https:\/\/www.gesamtschule-eiserfeld.de\/?attachment_id=13001\" data-orig-file=\"https:\/\/i0.wp.com\/www.gesamtschule-eiserfeld.de\/wp-content\/uploads\/2019\/12\/DSC0068.jpg?fit=1200%2C795&amp;ssl=1\" data-orig-size=\"1200,795\" data-comments-opened=\"0\" data-image-meta=\"{&quot;aperture&quot;:&quot;0&quot;,&quot;credit&quot;:&quot;&quot;,&quot;camera&quot;:&quot;&quot;,&quot;caption&quot;:&quot;&quot;,&quot;created_timestamp&quot;:&quot;0&quot;,&quot;copyright&quot;:&quot;&quot;,&quot;focal_length&quot;:&quot;0&quot;,&quot;iso&quot;:&quot;0&quot;,&quot;shutter_speed&quot;:&quot;0&quot;,&quot;title&quot;:&quot;&quot;,&quot;orientation&quot;:&quot;0&quot;}\" data-image-title=\"_DSC0068\" data-image-description=\"\" data-image-caption=\"\" data-large-file=\"https:\/\/i0.wp.com\/www.gesamtschule-eiserfeld.de\/wp-content\/uploads\/2019\/12\/DSC0068.jpg?fit=474%2C314&amp;ssl=1\" class=\"alignnone size-medium wp-image-13001\" src=\"https:\/\/i0.wp.com\/www.gesamtschule-eiserfeld.de\/wp-content\/uploads\/2019\/12\/DSC0068.jpg?resize=300%2C199&#038;ssl=1\" alt=\"\" width=\"300\" height=\"199\" srcset=\"https:\/\/i0.wp.com\/www.gesamtschule-eiserfeld.de\/wp-content\/uploads\/2019\/12\/DSC0068.jpg?resize=300%2C199&amp;ssl=1 300w, https:\/\/i0.wp.com\/www.gesamtschule-eiserfeld.de\/wp-content\/uploads\/2019\/12\/DSC0068.jpg?resize=200%2C133&amp;ssl=1 200w, https:\/\/i0.wp.com\/www.gesamtschule-eiserfeld.de\/wp-content\/uploads\/2019\/12\/DSC0068.jpg?resize=768%2C509&amp;ssl=1 768w, https:\/\/i0.wp.com\/www.gesamtschule-eiserfeld.de\/wp-content\/uploads\/2019\/12\/DSC0068.jpg?resize=1024%2C678&amp;ssl=1 1024w, https:\/\/i0.wp.com\/www.gesamtschule-eiserfeld.de\/wp-content\/uploads\/2019\/12\/DSC0068.jpg?w=1200&amp;ssl=1 1200w, https:\/\/i0.wp.com\/www.gesamtschule-eiserfeld.de\/wp-content\/uploads\/2019\/12\/DSC0068.jpg?w=948&amp;ssl=1 948w\" sizes=\"auto, (max-width: 300px) 100vw, 300px\" \/><\/td>\n<\/tr>\n<tr>\n<td style=\"width: 50%;\"><img data-recalc-dims=\"1\" loading=\"lazy\" decoding=\"async\" data-attachment-id=\"13007\" data-permalink=\"https:\/\/www.gesamtschule-eiserfeld.de\/?attachment_id=13007\" data-orig-file=\"https:\/\/i0.wp.com\/www.gesamtschule-eiserfeld.de\/wp-content\/uploads\/2019\/12\/DSC0020.jpg?fit=1200%2C795&amp;ssl=1\" data-orig-size=\"1200,795\" data-comments-opened=\"0\" data-image-meta=\"{&quot;aperture&quot;:&quot;0&quot;,&quot;credit&quot;:&quot;&quot;,&quot;camera&quot;:&quot;&quot;,&quot;caption&quot;:&quot;&quot;,&quot;created_timestamp&quot;:&quot;0&quot;,&quot;copyright&quot;:&quot;&quot;,&quot;focal_length&quot;:&quot;0&quot;,&quot;iso&quot;:&quot;0&quot;,&quot;shutter_speed&quot;:&quot;0&quot;,&quot;title&quot;:&quot;&quot;,&quot;orientation&quot;:&quot;0&quot;}\" data-image-title=\"_DSC0020\" data-image-description=\"\" data-image-caption=\"\" data-large-file=\"https:\/\/i0.wp.com\/www.gesamtschule-eiserfeld.de\/wp-content\/uploads\/2019\/12\/DSC0020.jpg?fit=474%2C314&amp;ssl=1\" class=\"alignnone size-medium wp-image-13007\" src=\"https:\/\/i0.wp.com\/www.gesamtschule-eiserfeld.de\/wp-content\/uploads\/2019\/12\/DSC0020.jpg?resize=300%2C199&#038;ssl=1\" alt=\"\" width=\"300\" height=\"199\" srcset=\"https:\/\/i0.wp.com\/www.gesamtschule-eiserfeld.de\/wp-content\/uploads\/2019\/12\/DSC0020.jpg?resize=300%2C199&amp;ssl=1 300w, https:\/\/i0.wp.com\/www.gesamtschule-eiserfeld.de\/wp-content\/uploads\/2019\/12\/DSC0020.jpg?resize=200%2C133&amp;ssl=1 200w, https:\/\/i0.wp.com\/www.gesamtschule-eiserfeld.de\/wp-content\/uploads\/2019\/12\/DSC0020.jpg?resize=768%2C509&amp;ssl=1 768w, https:\/\/i0.wp.com\/www.gesamtschule-eiserfeld.de\/wp-content\/uploads\/2019\/12\/DSC0020.jpg?resize=1024%2C678&amp;ssl=1 1024w, https:\/\/i0.wp.com\/www.gesamtschule-eiserfeld.de\/wp-content\/uploads\/2019\/12\/DSC0020.jpg?w=1200&amp;ssl=1 1200w, https:\/\/i0.wp.com\/www.gesamtschule-eiserfeld.de\/wp-content\/uploads\/2019\/12\/DSC0020.jpg?w=948&amp;ssl=1 948w\" sizes=\"auto, (max-width: 300px) 100vw, 300px\" \/><\/td>\n<td style=\"width: 50%;\"><img data-recalc-dims=\"1\" loading=\"lazy\" decoding=\"async\" data-attachment-id=\"13005\" data-permalink=\"https:\/\/www.gesamtschule-eiserfeld.de\/?attachment_id=13005\" data-orig-file=\"https:\/\/i0.wp.com\/www.gesamtschule-eiserfeld.de\/wp-content\/uploads\/2019\/12\/DSC0091.jpg?fit=1200%2C795&amp;ssl=1\" data-orig-size=\"1200,795\" data-comments-opened=\"0\" data-image-meta=\"{&quot;aperture&quot;:&quot;0&quot;,&quot;credit&quot;:&quot;&quot;,&quot;camera&quot;:&quot;&quot;,&quot;caption&quot;:&quot;&quot;,&quot;created_timestamp&quot;:&quot;0&quot;,&quot;copyright&quot;:&quot;&quot;,&quot;focal_length&quot;:&quot;0&quot;,&quot;iso&quot;:&quot;0&quot;,&quot;shutter_speed&quot;:&quot;0&quot;,&quot;title&quot;:&quot;&quot;,&quot;orientation&quot;:&quot;0&quot;}\" data-image-title=\"_DSC0091\" data-image-description=\"\" data-image-caption=\"\" data-large-file=\"https:\/\/i0.wp.com\/www.gesamtschule-eiserfeld.de\/wp-content\/uploads\/2019\/12\/DSC0091.jpg?fit=474%2C314&amp;ssl=1\" class=\"alignnone size-medium wp-image-13005\" src=\"https:\/\/i0.wp.com\/www.gesamtschule-eiserfeld.de\/wp-content\/uploads\/2019\/12\/DSC0091.jpg?resize=300%2C199&#038;ssl=1\" alt=\"\" width=\"300\" height=\"199\" srcset=\"https:\/\/i0.wp.com\/www.gesamtschule-eiserfeld.de\/wp-content\/uploads\/2019\/12\/DSC0091.jpg?resize=300%2C199&amp;ssl=1 300w, https:\/\/i0.wp.com\/www.gesamtschule-eiserfeld.de\/wp-content\/uploads\/2019\/12\/DSC0091.jpg?resize=200%2C133&amp;ssl=1 200w, https:\/\/i0.wp.com\/www.gesamtschule-eiserfeld.de\/wp-content\/uploads\/2019\/12\/DSC0091.jpg?resize=768%2C509&amp;ssl=1 768w, https:\/\/i0.wp.com\/www.gesamtschule-eiserfeld.de\/wp-content\/uploads\/2019\/12\/DSC0091.jpg?resize=1024%2C678&amp;ssl=1 1024w, https:\/\/i0.wp.com\/www.gesamtschule-eiserfeld.de\/wp-content\/uploads\/2019\/12\/DSC0091.jpg?w=1200&amp;ssl=1 1200w, https:\/\/i0.wp.com\/www.gesamtschule-eiserfeld.de\/wp-content\/uploads\/2019\/12\/DSC0091.jpg?w=948&amp;ssl=1 948w\" sizes=\"auto, (max-width: 300px) 100vw, 300px\" \/><\/td>\n<\/tr>\n<\/tbody>\n<\/table>\n<p style=\"text-align: justify;\">\n","protected":false},"excerpt":{"rendered":"<p>Gesamtschule Eiserfeld mit Siegel \u201eSchule ohne Rassismus\u201c zertifiziert \u2013 Mehmet G. Daimag\u00fcler Pate der Aktion [2019-12-02 JUDI] Die meisten der schrecklichen Ereignisse mit rassistischem Hintergrund sind vielen noch aus den Medien pr\u00e4sent, Namen und Orte klingen immer noch nach und machen immer noch betroffen. Der Anschlag in Halle an der Saale, NSU Prozesse, der Mordfall &hellip; <a href=\"https:\/\/www.gesamtschule-eiserfeld.de\/?p=12993\" class=\"more-link\"><span class=\"screen-reader-text\">\u201eLasst euch nicht auf ein Schwarz-Wei\u00df-Denken ein\u201c<\/span> weiterlesen <span class=\"meta-nav\">&rarr;<\/span><\/a><\/p>\n","protected":false},"author":9,"featured_media":0,"comment_status":"closed","ping_status":"open","sticky":false,"template":"","format":"standard","meta":{"jetpack_post_was_ever_published":false,"_jetpack_newsletter_access":"","_jetpack_dont_email_post_to_subs":false,"_jetpack_newsletter_tier_id":0,"_jetpack_memberships_contains_paywalled_content":false,"_jetpack_memberships_contains_paid_content":false,"footnotes":"","jetpack_publicize_message":"","jetpack_publicize_feature_enabled":true,"jetpack_social_post_already_shared":true,"jetpack_social_options":{"image_generator_settings":{"template":"highway","default_image_id":0,"font":"","enabled":false},"version":2}},"categories":[1,39,97,101,144,145],"tags":[],"class_list":["post-12993","post","type-post","status-publish","format-standard","hentry","category-allgemein","category-ehrungen","category-fuer-vielfalt","category-herausragend","category-schule-ohne-rassismus","category-video"],"yoast_head":"<!-- This site is optimized with the Yoast SEO plugin v27.4 - https:\/\/yoast.com\/product\/yoast-seo-wordpress\/ -->\n<title>\u201eLasst euch nicht auf ein Schwarz-Wei\u00df-Denken ein\u201c - Gesamtschule Eiserfeld<\/title>\n<meta name=\"robots\" content=\"index, follow, max-snippet:-1, max-image-preview:large, max-video-preview:-1\" \/>\n<link rel=\"canonical\" href=\"https:\/\/www.gesamtschule-eiserfeld.de\/?p=12993\" \/>\n<meta property=\"og:locale\" content=\"de_DE\" \/>\n<meta property=\"og:type\" content=\"article\" \/>\n<meta property=\"og:title\" content=\"\u201eLasst euch nicht auf ein Schwarz-Wei\u00df-Denken ein\u201c - Gesamtschule Eiserfeld\" \/>\n<meta property=\"og:description\" content=\"Gesamtschule Eiserfeld mit Siegel \u201eSchule ohne Rassismus\u201c zertifiziert \u2013 Mehmet G. Daimag\u00fcler Pate der Aktion [2019-12-02 JUDI] Die meisten der schrecklichen Ereignisse mit rassistischem Hintergrund sind vielen noch aus den Medien pr\u00e4sent, Namen und Orte klingen immer noch nach und machen immer noch betroffen. Der Anschlag in Halle an der Saale, NSU Prozesse, der Mordfall &hellip; \u201eLasst euch nicht auf ein Schwarz-Wei\u00df-Denken ein\u201c weiterlesen &rarr;\" \/>\n<meta property=\"og:url\" content=\"https:\/\/www.gesamtschule-eiserfeld.de\/?p=12993\" \/>\n<meta property=\"og:site_name\" content=\"Gesamtschule Eiserfeld\" \/>\n<meta property=\"article:publisher\" content=\"https:\/\/www.facebook.com\/GEEiserfeld\" \/>\n<meta property=\"article:published_time\" content=\"2019-12-04T18:16:21+00:00\" \/>\n<meta property=\"article:modified_time\" content=\"2019-12-08T12:27:30+00:00\" \/>\n<meta property=\"og:image\" content=\"https:\/\/www.gesamtschule-eiserfeld.de\/wp-content\/uploads\/2019\/12\/DSC0085-300x199.jpg\" \/>\n<meta name=\"author\" content=\"dorw\" \/>\n<meta name=\"twitter:card\" content=\"summary_large_image\" \/>\n<meta name=\"twitter:label1\" content=\"Verfasst von\" \/>\n\t<meta name=\"twitter:data1\" content=\"dorw\" \/>\n\t<meta name=\"twitter:label2\" content=\"Gesch\u00e4tzte Lesezeit\" \/>\n\t<meta name=\"twitter:data2\" content=\"3\u00a0Minuten\" \/>\n<script type=\"application\/ld+json\" class=\"yoast-schema-graph\">{\"@context\":\"https:\\\/\\\/schema.org\",\"@graph\":[{\"@type\":\"Article\",\"@id\":\"https:\\\/\\\/www.gesamtschule-eiserfeld.de\\\/?p=12993#article\",\"isPartOf\":{\"@id\":\"https:\\\/\\\/www.gesamtschule-eiserfeld.de\\\/?p=12993\"},\"author\":{\"name\":\"dorw\",\"@id\":\"https:\\\/\\\/www.gesamtschule-eiserfeld.de\\\/#\\\/schema\\\/person\\\/9f37123dd2ff514a1346db435bdb3784\"},\"headline\":\"\u201eLasst euch nicht auf ein Schwarz-Wei\u00df-Denken ein\u201c\",\"datePublished\":\"2019-12-04T18:16:21+00:00\",\"dateModified\":\"2019-12-08T12:27:30+00:00\",\"mainEntityOfPage\":{\"@id\":\"https:\\\/\\\/www.gesamtschule-eiserfeld.de\\\/?p=12993\"},\"wordCount\":657,\"publisher\":{\"@id\":\"https:\\\/\\\/www.gesamtschule-eiserfeld.de\\\/#organization\"},\"image\":{\"@id\":\"https:\\\/\\\/www.gesamtschule-eiserfeld.de\\\/?p=12993#primaryimage\"},\"thumbnailUrl\":\"https:\\\/\\\/www.gesamtschule-eiserfeld.de\\\/wp-content\\\/uploads\\\/2019\\\/12\\\/DSC0085-300x199.jpg\",\"articleSection\":{\"1\":\"Ehrungen\",\"2\":\"F\u00dcR VIELFALT\",\"3\":\"Herausragend\",\"4\":\"SCHULE OHNE RASSISMUS\",\"5\":\"VIDEO\"},\"inLanguage\":\"de\"},{\"@type\":\"WebPage\",\"@id\":\"https:\\\/\\\/www.gesamtschule-eiserfeld.de\\\/?p=12993\",\"url\":\"https:\\\/\\\/www.gesamtschule-eiserfeld.de\\\/?p=12993\",\"name\":\"\u201eLasst euch nicht auf ein Schwarz-Wei\u00df-Denken ein\u201c - Gesamtschule Eiserfeld\",\"isPartOf\":{\"@id\":\"https:\\\/\\\/www.gesamtschule-eiserfeld.de\\\/#website\"},\"primaryImageOfPage\":{\"@id\":\"https:\\\/\\\/www.gesamtschule-eiserfeld.de\\\/?p=12993#primaryimage\"},\"image\":{\"@id\":\"https:\\\/\\\/www.gesamtschule-eiserfeld.de\\\/?p=12993#primaryimage\"},\"thumbnailUrl\":\"https:\\\/\\\/www.gesamtschule-eiserfeld.de\\\/wp-content\\\/uploads\\\/2019\\\/12\\\/DSC0085-300x199.jpg\",\"datePublished\":\"2019-12-04T18:16:21+00:00\",\"dateModified\":\"2019-12-08T12:27:30+00:00\",\"breadcrumb\":{\"@id\":\"https:\\\/\\\/www.gesamtschule-eiserfeld.de\\\/?p=12993#breadcrumb\"},\"inLanguage\":\"de\",\"potentialAction\":[{\"@type\":\"ReadAction\",\"target\":[\"https:\\\/\\\/www.gesamtschule-eiserfeld.de\\\/?p=12993\"]}]},{\"@type\":\"ImageObject\",\"inLanguage\":\"de\",\"@id\":\"https:\\\/\\\/www.gesamtschule-eiserfeld.de\\\/?p=12993#primaryimage\",\"url\":\"https:\\\/\\\/i0.wp.com\\\/www.gesamtschule-eiserfeld.de\\\/wp-content\\\/uploads\\\/2019\\\/12\\\/DSC0085.jpg?fit=1200%2C795&ssl=1\",\"contentUrl\":\"https:\\\/\\\/i0.wp.com\\\/www.gesamtschule-eiserfeld.de\\\/wp-content\\\/uploads\\\/2019\\\/12\\\/DSC0085.jpg?fit=1200%2C795&ssl=1\",\"width\":1200,\"height\":795},{\"@type\":\"BreadcrumbList\",\"@id\":\"https:\\\/\\\/www.gesamtschule-eiserfeld.de\\\/?p=12993#breadcrumb\",\"itemListElement\":[{\"@type\":\"ListItem\",\"position\":1,\"name\":\"Startseite\",\"item\":\"https:\\\/\\\/www.gesamtschule-eiserfeld.de\\\/\"},{\"@type\":\"ListItem\",\"position\":2,\"name\":\"\u201eLasst euch nicht auf ein Schwarz-Wei\u00df-Denken ein\u201c\"}]},{\"@type\":\"WebSite\",\"@id\":\"https:\\\/\\\/www.gesamtschule-eiserfeld.de\\\/#website\",\"url\":\"https:\\\/\\\/www.gesamtschule-eiserfeld.de\\\/\",\"name\":\"Gesamtschule Eiserfeld\",\"description\":\"\",\"publisher\":{\"@id\":\"https:\\\/\\\/www.gesamtschule-eiserfeld.de\\\/#organization\"},\"potentialAction\":[{\"@type\":\"SearchAction\",\"target\":{\"@type\":\"EntryPoint\",\"urlTemplate\":\"https:\\\/\\\/www.gesamtschule-eiserfeld.de\\\/?s={search_term_string}\"},\"query-input\":{\"@type\":\"PropertyValueSpecification\",\"valueRequired\":true,\"valueName\":\"search_term_string\"}}],\"inLanguage\":\"de\"},{\"@type\":\"Organization\",\"@id\":\"https:\\\/\\\/www.gesamtschule-eiserfeld.de\\\/#organization\",\"name\":\"Gesamtschule Eiserfeld\",\"url\":\"https:\\\/\\\/www.gesamtschule-eiserfeld.de\\\/\",\"logo\":{\"@type\":\"ImageObject\",\"inLanguage\":\"de\",\"@id\":\"https:\\\/\\\/www.gesamtschule-eiserfeld.de\\\/#\\\/schema\\\/logo\\\/image\\\/\",\"url\":\"https:\\\/\\\/i1.wp.com\\\/www.gesamtschule-eiserfeld.de\\\/wp-content\\\/uploads\\\/2019\\\/01\\\/GEE-Logo-neu.jpg?fit=436%2C126&ssl=1\",\"contentUrl\":\"https:\\\/\\\/i1.wp.com\\\/www.gesamtschule-eiserfeld.de\\\/wp-content\\\/uploads\\\/2019\\\/01\\\/GEE-Logo-neu.jpg?fit=436%2C126&ssl=1\",\"width\":436,\"height\":126,\"caption\":\"Gesamtschule Eiserfeld\"},\"image\":{\"@id\":\"https:\\\/\\\/www.gesamtschule-eiserfeld.de\\\/#\\\/schema\\\/logo\\\/image\\\/\"},\"sameAs\":[\"https:\\\/\\\/www.facebook.com\\\/GEEiserfeld\"]},{\"@type\":\"Person\",\"@id\":\"https:\\\/\\\/www.gesamtschule-eiserfeld.de\\\/#\\\/schema\\\/person\\\/9f37123dd2ff514a1346db435bdb3784\",\"name\":\"dorw\",\"sameAs\":[\"http:\\\/\\\/www.ge-eiserfeld.de\"],\"url\":\"https:\\\/\\\/www.gesamtschule-eiserfeld.de\\\/?author=9\"}]}<\/script>\n<!-- \/ Yoast SEO plugin. -->","yoast_head_json":{"title":"\u201eLasst euch nicht auf ein Schwarz-Wei\u00df-Denken ein\u201c - Gesamtschule Eiserfeld","robots":{"index":"index","follow":"follow","max-snippet":"max-snippet:-1","max-image-preview":"max-image-preview:large","max-video-preview":"max-video-preview:-1"},"canonical":"https:\/\/www.gesamtschule-eiserfeld.de\/?p=12993","og_locale":"de_DE","og_type":"article","og_title":"\u201eLasst euch nicht auf ein Schwarz-Wei\u00df-Denken ein\u201c - Gesamtschule Eiserfeld","og_description":"Gesamtschule Eiserfeld mit Siegel \u201eSchule ohne Rassismus\u201c zertifiziert \u2013 Mehmet G. Daimag\u00fcler Pate der Aktion [2019-12-02 JUDI] Die meisten der schrecklichen Ereignisse mit rassistischem Hintergrund sind vielen noch aus den Medien pr\u00e4sent, Namen und Orte klingen immer noch nach und machen immer noch betroffen. Der Anschlag in Halle an der Saale, NSU Prozesse, der Mordfall &hellip; \u201eLasst euch nicht auf ein Schwarz-Wei\u00df-Denken ein\u201c weiterlesen &rarr;","og_url":"https:\/\/www.gesamtschule-eiserfeld.de\/?p=12993","og_site_name":"Gesamtschule Eiserfeld","article_publisher":"https:\/\/www.facebook.com\/GEEiserfeld","article_published_time":"2019-12-04T18:16:21+00:00","article_modified_time":"2019-12-08T12:27:30+00:00","og_image":[{"url":"https:\/\/www.gesamtschule-eiserfeld.de\/wp-content\/uploads\/2019\/12\/DSC0085-300x199.jpg","type":"","width":"","height":""}],"author":"dorw","twitter_card":"summary_large_image","twitter_misc":{"Verfasst von":"dorw","Gesch\u00e4tzte Lesezeit":"3\u00a0Minuten"},"schema":{"@context":"https:\/\/schema.org","@graph":[{"@type":"Article","@id":"https:\/\/www.gesamtschule-eiserfeld.de\/?p=12993#article","isPartOf":{"@id":"https:\/\/www.gesamtschule-eiserfeld.de\/?p=12993"},"author":{"name":"dorw","@id":"https:\/\/www.gesamtschule-eiserfeld.de\/#\/schema\/person\/9f37123dd2ff514a1346db435bdb3784"},"headline":"\u201eLasst euch nicht auf ein Schwarz-Wei\u00df-Denken ein\u201c","datePublished":"2019-12-04T18:16:21+00:00","dateModified":"2019-12-08T12:27:30+00:00","mainEntityOfPage":{"@id":"https:\/\/www.gesamtschule-eiserfeld.de\/?p=12993"},"wordCount":657,"publisher":{"@id":"https:\/\/www.gesamtschule-eiserfeld.de\/#organization"},"image":{"@id":"https:\/\/www.gesamtschule-eiserfeld.de\/?p=12993#primaryimage"},"thumbnailUrl":"https:\/\/www.gesamtschule-eiserfeld.de\/wp-content\/uploads\/2019\/12\/DSC0085-300x199.jpg","articleSection":{"1":"Ehrungen","2":"F\u00dcR VIELFALT","3":"Herausragend","4":"SCHULE OHNE RASSISMUS","5":"VIDEO"},"inLanguage":"de"},{"@type":"WebPage","@id":"https:\/\/www.gesamtschule-eiserfeld.de\/?p=12993","url":"https:\/\/www.gesamtschule-eiserfeld.de\/?p=12993","name":"\u201eLasst euch nicht auf ein Schwarz-Wei\u00df-Denken ein\u201c - Gesamtschule Eiserfeld","isPartOf":{"@id":"https:\/\/www.gesamtschule-eiserfeld.de\/#website"},"primaryImageOfPage":{"@id":"https:\/\/www.gesamtschule-eiserfeld.de\/?p=12993#primaryimage"},"image":{"@id":"https:\/\/www.gesamtschule-eiserfeld.de\/?p=12993#primaryimage"},"thumbnailUrl":"https:\/\/www.gesamtschule-eiserfeld.de\/wp-content\/uploads\/2019\/12\/DSC0085-300x199.jpg","datePublished":"2019-12-04T18:16:21+00:00","dateModified":"2019-12-08T12:27:30+00:00","breadcrumb":{"@id":"https:\/\/www.gesamtschule-eiserfeld.de\/?p=12993#breadcrumb"},"inLanguage":"de","potentialAction":[{"@type":"ReadAction","target":["https:\/\/www.gesamtschule-eiserfeld.de\/?p=12993"]}]},{"@type":"ImageObject","inLanguage":"de","@id":"https:\/\/www.gesamtschule-eiserfeld.de\/?p=12993#primaryimage","url":"https:\/\/i0.wp.com\/www.gesamtschule-eiserfeld.de\/wp-content\/uploads\/2019\/12\/DSC0085.jpg?fit=1200%2C795&ssl=1","contentUrl":"https:\/\/i0.wp.com\/www.gesamtschule-eiserfeld.de\/wp-content\/uploads\/2019\/12\/DSC0085.jpg?fit=1200%2C795&ssl=1","width":1200,"height":795},{"@type":"BreadcrumbList","@id":"https:\/\/www.gesamtschule-eiserfeld.de\/?p=12993#breadcrumb","itemListElement":[{"@type":"ListItem","position":1,"name":"Startseite","item":"https:\/\/www.gesamtschule-eiserfeld.de\/"},{"@type":"ListItem","position":2,"name":"\u201eLasst euch nicht auf ein Schwarz-Wei\u00df-Denken ein\u201c"}]},{"@type":"WebSite","@id":"https:\/\/www.gesamtschule-eiserfeld.de\/#website","url":"https:\/\/www.gesamtschule-eiserfeld.de\/","name":"Gesamtschule Eiserfeld","description":"","publisher":{"@id":"https:\/\/www.gesamtschule-eiserfeld.de\/#organization"},"potentialAction":[{"@type":"SearchAction","target":{"@type":"EntryPoint","urlTemplate":"https:\/\/www.gesamtschule-eiserfeld.de\/?s={search_term_string}"},"query-input":{"@type":"PropertyValueSpecification","valueRequired":true,"valueName":"search_term_string"}}],"inLanguage":"de"},{"@type":"Organization","@id":"https:\/\/www.gesamtschule-eiserfeld.de\/#organization","name":"Gesamtschule Eiserfeld","url":"https:\/\/www.gesamtschule-eiserfeld.de\/","logo":{"@type":"ImageObject","inLanguage":"de","@id":"https:\/\/www.gesamtschule-eiserfeld.de\/#\/schema\/logo\/image\/","url":"https:\/\/i1.wp.com\/www.gesamtschule-eiserfeld.de\/wp-content\/uploads\/2019\/01\/GEE-Logo-neu.jpg?fit=436%2C126&ssl=1","contentUrl":"https:\/\/i1.wp.com\/www.gesamtschule-eiserfeld.de\/wp-content\/uploads\/2019\/01\/GEE-Logo-neu.jpg?fit=436%2C126&ssl=1","width":436,"height":126,"caption":"Gesamtschule Eiserfeld"},"image":{"@id":"https:\/\/www.gesamtschule-eiserfeld.de\/#\/schema\/logo\/image\/"},"sameAs":["https:\/\/www.facebook.com\/GEEiserfeld"]},{"@type":"Person","@id":"https:\/\/www.gesamtschule-eiserfeld.de\/#\/schema\/person\/9f37123dd2ff514a1346db435bdb3784","name":"dorw","sameAs":["http:\/\/www.ge-eiserfeld.de"],"url":"https:\/\/www.gesamtschule-eiserfeld.de\/?author=9"}]}},"jetpack_publicize_connections":[],"jetpack_featured_media_url":"","jetpack_shortlink":"https:\/\/wp.me\/p2weeL-3nz","jetpack_sharing_enabled":true,"_links":{"self":[{"href":"https:\/\/www.gesamtschule-eiserfeld.de\/index.php?rest_route=\/wp\/v2\/posts\/12993","targetHints":{"allow":["GET"]}}],"collection":[{"href":"https:\/\/www.gesamtschule-eiserfeld.de\/index.php?rest_route=\/wp\/v2\/posts"}],"about":[{"href":"https:\/\/www.gesamtschule-eiserfeld.de\/index.php?rest_route=\/wp\/v2\/types\/post"}],"author":[{"embeddable":true,"href":"https:\/\/www.gesamtschule-eiserfeld.de\/index.php?rest_route=\/wp\/v2\/users\/9"}],"replies":[{"embeddable":true,"href":"https:\/\/www.gesamtschule-eiserfeld.de\/index.php?rest_route=%2Fwp%2Fv2%2Fcomments&post=12993"}],"version-history":[{"count":0,"href":"https:\/\/www.gesamtschule-eiserfeld.de\/index.php?rest_route=\/wp\/v2\/posts\/12993\/revisions"}],"wp:attachment":[{"href":"https:\/\/www.gesamtschule-eiserfeld.de\/index.php?rest_route=%2Fwp%2Fv2%2Fmedia&parent=12993"}],"wp:term":[{"taxonomy":"category","embeddable":true,"href":"https:\/\/www.gesamtschule-eiserfeld.de\/index.php?rest_route=%2Fwp%2Fv2%2Fcategories&post=12993"},{"taxonomy":"post_tag","embeddable":true,"href":"https:\/\/www.gesamtschule-eiserfeld.de\/index.php?rest_route=%2Fwp%2Fv2%2Ftags&post=12993"}],"curies":[{"name":"wp","href":"https:\/\/api.w.org\/{rel}","templated":true}]}}