{"id":13712,"date":"2020-04-03T10:20:11","date_gmt":"2020-04-03T09:20:11","guid":{"rendered":"https:\/\/www.gesamtschule-eiserfeld.de\/?p=13712"},"modified":"2020-04-19T19:17:38","modified_gmt":"2020-04-19T18:17:38","slug":"ihr-seid-unsere-helden-vielen-dank","status":"publish","type":"post","link":"https:\/\/www.gesamtschule-eiserfeld.de\/?p=13712","title":{"rendered":"Ihr seid unsere Helden &#8211; Vielen Dank!"},"content":{"rendered":"<p style=\"text-align: justify;\">[2020-04-03 GUTM]\u00a0 \u00a0Vielen Dank an die Sch\u00fclerinnen und Sch\u00fcler, die die ersten Motivationen gestaltet haben . Gerne d\u00fcrft ihr uns weitere an gutm@gesamtschule-eiserfeld.de schicken und dabei helfen, die Menschen zu motivieren, die jeden Tag daf\u00fcr sorgen, dass es uns und anderen\u00a0 an nichts mangelt.<!--more--><\/p>\n<div class=\"tiled-gallery type-rectangular tiled-gallery-unresized\" data-original-width=\"474\" data-carousel-extra='{&quot;blog_id&quot;:1,&quot;permalink&quot;:&quot;https:\\\/\\\/www.gesamtschule-eiserfeld.de\\\/?p=13712&quot;,&quot;likes_blog_id&quot;:37233899}' itemscope itemtype=\"http:\/\/schema.org\/ImageGallery\" > <div class=\"gallery-row\" style=\"width: 474px; height: 199px;\" data-original-width=\"474\" data-original-height=\"199\" > <div class=\"gallery-group images-1\" style=\"width: 154px; height: 199px;\" data-original-width=\"154\" data-original-height=\"199\" > <div class=\"tiled-gallery-item tiled-gallery-item-small\" itemprop=\"associatedMedia\" itemscope itemtype=\"http:\/\/schema.org\/ImageObject\"> <a href=\"https:\/\/www.gesamtschule-eiserfeld.de\/?attachment_id=13749\" border=\"0\" itemprop=\"url\"> <meta itemprop=\"width\" content=\"150\"> <meta itemprop=\"height\" content=\"195\"> <img decoding=\"async\" class=\"\" data-attachment-id=\"13749\" data-orig-file=\"https:\/\/www.gesamtschule-eiserfeld.de\/wp-content\/uploads\/2020\/04\/Elaine-Fine-Kreutz-1.jpg\" data-orig-size=\"922,1200\" data-comments-opened=\"\" data-image-meta=\"{&quot;aperture&quot;:&quot;0&quot;,&quot;credit&quot;:&quot;&quot;,&quot;camera&quot;:&quot;&quot;,&quot;caption&quot;:&quot;&quot;,&quot;created_timestamp&quot;:&quot;0&quot;,&quot;copyright&quot;:&quot;&quot;,&quot;focal_length&quot;:&quot;0&quot;,&quot;iso&quot;:&quot;0&quot;,&quot;shutter_speed&quot;:&quot;0&quot;,&quot;title&quot;:&quot;&quot;,&quot;orientation&quot;:&quot;0&quot;}\" data-image-title=\"Elaine Fine Kreutz\" data-image-description=\"\" data-medium-file=\"https:\/\/i0.wp.com\/www.gesamtschule-eiserfeld.de\/wp-content\/uploads\/2020\/04\/Elaine-Fine-Kreutz-1.jpg?fit=231%2C300&#038;ssl=1\" data-large-file=\"https:\/\/i0.wp.com\/www.gesamtschule-eiserfeld.de\/wp-content\/uploads\/2020\/04\/Elaine-Fine-Kreutz-1.jpg?fit=474%2C617&#038;ssl=1\" src=\"https:\/\/i0.wp.com\/www.gesamtschule-eiserfeld.de\/wp-content\/uploads\/2020\/04\/Elaine-Fine-Kreutz-1.jpg?w=150&#038;h=195&#038;ssl=1\" srcset=\"https:\/\/i0.wp.com\/www.gesamtschule-eiserfeld.de\/wp-content\/uploads\/2020\/04\/Elaine-Fine-Kreutz-1.jpg?w=922&amp;ssl=1 922w, https:\/\/i0.wp.com\/www.gesamtschule-eiserfeld.de\/wp-content\/uploads\/2020\/04\/Elaine-Fine-Kreutz-1.jpg?resize=231%2C300&amp;ssl=1 231w, https:\/\/i0.wp.com\/www.gesamtschule-eiserfeld.de\/wp-content\/uploads\/2020\/04\/Elaine-Fine-Kreutz-1.jpg?resize=787%2C1024&amp;ssl=1 787w, https:\/\/i0.wp.com\/www.gesamtschule-eiserfeld.de\/wp-content\/uploads\/2020\/04\/Elaine-Fine-Kreutz-1.jpg?resize=115%2C150&amp;ssl=1 115w, https:\/\/i0.wp.com\/www.gesamtschule-eiserfeld.de\/wp-content\/uploads\/2020\/04\/Elaine-Fine-Kreutz-1.jpg?resize=768%2C1000&amp;ssl=1 768w\" width=\"150\" height=\"195\" loading=\"lazy\" data-original-width=\"150\" data-original-height=\"195\" itemprop=\"http:\/\/schema.org\/image\" title=\"Elaine Fine Kreutz\" alt=\"Elaine Fine Kreutz\" style=\"width: 150px; height: 195px;\" \/> <\/a> <\/div> <\/div> <!-- close group --> <div class=\"gallery-group images-1\" style=\"width: 179px; height: 199px;\" data-original-width=\"179\" data-original-height=\"199\" > <div class=\"tiled-gallery-item tiled-gallery-item-small\" itemprop=\"associatedMedia\" itemscope itemtype=\"http:\/\/schema.org\/ImageObject\"> <a href=\"https:\/\/www.gesamtschule-eiserfeld.de\/?attachment_id=13665\" border=\"0\" itemprop=\"url\"> <meta itemprop=\"width\" content=\"175\"> <meta itemprop=\"height\" content=\"195\"> <img decoding=\"async\" class=\"\" data-attachment-id=\"13665\" data-orig-file=\"https:\/\/www.gesamtschule-eiserfeld.de\/wp-content\/uploads\/2020\/04\/Ida-Pauline-Schweitzer-5c-Spaziergang-mit-Elmo.jpg\" data-orig-size=\"1067,1189\" data-comments-opened=\"\" data-image-meta=\"{&quot;aperture&quot;:&quot;0&quot;,&quot;credit&quot;:&quot;&quot;,&quot;camera&quot;:&quot;&quot;,&quot;caption&quot;:&quot;&quot;,&quot;created_timestamp&quot;:&quot;0&quot;,&quot;copyright&quot;:&quot;&quot;,&quot;focal_length&quot;:&quot;0&quot;,&quot;iso&quot;:&quot;0&quot;,&quot;shutter_speed&quot;:&quot;0&quot;,&quot;title&quot;:&quot;&quot;,&quot;orientation&quot;:&quot;0&quot;}\" data-image-title=\"Ida Pauline Schweitzer 5c Spaziergang mit Elmo\" data-image-description=\"\" data-medium-file=\"https:\/\/i0.wp.com\/www.gesamtschule-eiserfeld.de\/wp-content\/uploads\/2020\/04\/Ida-Pauline-Schweitzer-5c-Spaziergang-mit-Elmo.jpg?fit=269%2C300&#038;ssl=1\" data-large-file=\"https:\/\/i0.wp.com\/www.gesamtschule-eiserfeld.de\/wp-content\/uploads\/2020\/04\/Ida-Pauline-Schweitzer-5c-Spaziergang-mit-Elmo.jpg?fit=474%2C528&#038;ssl=1\" src=\"https:\/\/i0.wp.com\/www.gesamtschule-eiserfeld.de\/wp-content\/uploads\/2020\/04\/Ida-Pauline-Schweitzer-5c-Spaziergang-mit-Elmo.jpg?w=175&#038;h=195&#038;ssl=1\" srcset=\"https:\/\/i0.wp.com\/www.gesamtschule-eiserfeld.de\/wp-content\/uploads\/2020\/04\/Ida-Pauline-Schweitzer-5c-Spaziergang-mit-Elmo.jpg?w=1067&amp;ssl=1 1067w, https:\/\/i0.wp.com\/www.gesamtschule-eiserfeld.de\/wp-content\/uploads\/2020\/04\/Ida-Pauline-Schweitzer-5c-Spaziergang-mit-Elmo.jpg?resize=269%2C300&amp;ssl=1 269w, https:\/\/i0.wp.com\/www.gesamtschule-eiserfeld.de\/wp-content\/uploads\/2020\/04\/Ida-Pauline-Schweitzer-5c-Spaziergang-mit-Elmo.jpg?resize=919%2C1024&amp;ssl=1 919w, https:\/\/i0.wp.com\/www.gesamtschule-eiserfeld.de\/wp-content\/uploads\/2020\/04\/Ida-Pauline-Schweitzer-5c-Spaziergang-mit-Elmo.jpg?resize=135%2C150&amp;ssl=1 135w, https:\/\/i0.wp.com\/www.gesamtschule-eiserfeld.de\/wp-content\/uploads\/2020\/04\/Ida-Pauline-Schweitzer-5c-Spaziergang-mit-Elmo.jpg?resize=768%2C856&amp;ssl=1 768w\" width=\"175\" height=\"195\" loading=\"lazy\" data-original-width=\"175\" data-original-height=\"195\" itemprop=\"http:\/\/schema.org\/image\" title=\"Ida Pauline Schweitzer 5c Spaziergang mit Elmo\" alt=\"Ida Pauline Schweitzer 5c Spaziergang mit Elmo\" style=\"width: 175px; height: 195px;\" \/> <\/a> <\/div> <\/div> <!-- close group --> <div class=\"gallery-group images-1\" style=\"width: 141px; height: 199px;\" data-original-width=\"141\" data-original-height=\"199\" > <div class=\"tiled-gallery-item tiled-gallery-item-small\" itemprop=\"associatedMedia\" itemscope itemtype=\"http:\/\/schema.org\/ImageObject\"> <a href=\"https:\/\/www.gesamtschule-eiserfeld.de\/?attachment_id=13699\" border=\"0\" itemprop=\"url\"> <meta itemprop=\"width\" content=\"137\"> <meta itemprop=\"height\" content=\"195\"> <img decoding=\"async\" class=\"\" data-attachment-id=\"13699\" data-orig-file=\"https:\/\/www.gesamtschule-eiserfeld.de\/wp-content\/uploads\/2020\/04\/Nele-Georg-und-Lilli-P\u00f6schel-5b-1.jpg\" data-orig-size=\"545,774\" data-comments-opened=\"\" data-image-meta=\"{&quot;aperture&quot;:&quot;0&quot;,&quot;credit&quot;:&quot;&quot;,&quot;camera&quot;:&quot;&quot;,&quot;caption&quot;:&quot;&quot;,&quot;created_timestamp&quot;:&quot;0&quot;,&quot;copyright&quot;:&quot;&quot;,&quot;focal_length&quot;:&quot;0&quot;,&quot;iso&quot;:&quot;0&quot;,&quot;shutter_speed&quot;:&quot;0&quot;,&quot;title&quot;:&quot;&quot;,&quot;orientation&quot;:&quot;0&quot;}\" data-image-title=\"Nele Georg und Lilli P\u00f6schel 5b\" data-image-description=\"\" data-medium-file=\"https:\/\/i0.wp.com\/www.gesamtschule-eiserfeld.de\/wp-content\/uploads\/2020\/04\/Nele-Georg-und-Lilli-P%C3%B6schel-5b-1.jpg?fit=211%2C300&#038;ssl=1\" data-large-file=\"https:\/\/i0.wp.com\/www.gesamtschule-eiserfeld.de\/wp-content\/uploads\/2020\/04\/Nele-Georg-und-Lilli-P%C3%B6schel-5b-1.jpg?fit=474%2C673&#038;ssl=1\" src=\"https:\/\/i0.wp.com\/www.gesamtschule-eiserfeld.de\/wp-content\/uploads\/2020\/04\/Nele-Georg-und-Lilli-P%C3%B6schel-5b-1.jpg?w=137&#038;h=195&#038;ssl=1\" width=\"137\" height=\"195\" loading=\"lazy\" data-original-width=\"137\" data-original-height=\"195\" itemprop=\"http:\/\/schema.org\/image\" title=\"Nele Georg und Lilli P\u00f6schel 5b\" alt=\"Nele Georg und Lilli P\u00f6schel 5b\" style=\"width: 137px; height: 195px;\" \/> <\/a> <\/div> <\/div> <!-- close group --> <\/div> <!-- close row --> <div class=\"gallery-row\" style=\"width: 474px; height: 219px;\" data-original-width=\"474\" data-original-height=\"219\" > <div class=\"gallery-group images-1\" style=\"width: 309px; height: 219px;\" data-original-width=\"309\" data-original-height=\"219\" > <div class=\"tiled-gallery-item tiled-gallery-item-large\" itemprop=\"associatedMedia\" itemscope itemtype=\"http:\/\/schema.org\/ImageObject\"> <a href=\"https:\/\/www.gesamtschule-eiserfeld.de\/?attachment_id=13664\" border=\"0\" itemprop=\"url\"> <meta itemprop=\"width\" content=\"305\"> <meta itemprop=\"height\" content=\"215\"> <img decoding=\"async\" class=\"\" data-attachment-id=\"13664\" data-orig-file=\"https:\/\/www.gesamtschule-eiserfeld.de\/wp-content\/uploads\/2020\/04\/Emely-K\u00f6lsch-8c.jpg\" data-orig-size=\"973,687\" data-comments-opened=\"\" data-image-meta=\"{&quot;aperture&quot;:&quot;0&quot;,&quot;credit&quot;:&quot;&quot;,&quot;camera&quot;:&quot;&quot;,&quot;caption&quot;:&quot;&quot;,&quot;created_timestamp&quot;:&quot;1585598902&quot;,&quot;copyright&quot;:&quot;&quot;,&quot;focal_length&quot;:&quot;0&quot;,&quot;iso&quot;:&quot;0&quot;,&quot;shutter_speed&quot;:&quot;0&quot;,&quot;title&quot;:&quot;&quot;,&quot;orientation&quot;:&quot;1&quot;}\" data-image-title=\"Emely K\u00f6lsch &amp;#8211; 8c\" data-image-description=\"\" data-medium-file=\"https:\/\/i0.wp.com\/www.gesamtschule-eiserfeld.de\/wp-content\/uploads\/2020\/04\/Emely-K%C3%B6lsch-8c.jpg?fit=300%2C212&#038;ssl=1\" data-large-file=\"https:\/\/i0.wp.com\/www.gesamtschule-eiserfeld.de\/wp-content\/uploads\/2020\/04\/Emely-K%C3%B6lsch-8c.jpg?fit=474%2C335&#038;ssl=1\" src=\"https:\/\/i0.wp.com\/www.gesamtschule-eiserfeld.de\/wp-content\/uploads\/2020\/04\/Emely-K%C3%B6lsch-8c.jpg?w=305&#038;h=215&#038;ssl=1\" width=\"305\" height=\"215\" loading=\"lazy\" data-original-width=\"305\" data-original-height=\"215\" itemprop=\"http:\/\/schema.org\/image\" title=\"Emely K\u00f6lsch - 8c\" alt=\"Emely K\u00f6lsch - 8c\" style=\"width: 305px; height: 215px;\" \/> <\/a> <\/div> <\/div> <!-- close group --> <div class=\"gallery-group images-1\" style=\"width: 165px; height: 219px;\" data-original-width=\"165\" data-original-height=\"219\" > <div class=\"tiled-gallery-item tiled-gallery-item-small\" itemprop=\"associatedMedia\" itemscope itemtype=\"http:\/\/schema.org\/ImageObject\"> <a href=\"https:\/\/www.gesamtschule-eiserfeld.de\/?attachment_id=13750\" border=\"0\" itemprop=\"url\"> <meta itemprop=\"width\" content=\"161\"> <meta itemprop=\"height\" content=\"215\"> <img decoding=\"async\" class=\"\" data-attachment-id=\"13750\" data-orig-file=\"https:\/\/www.gesamtschule-eiserfeld.de\/wp-content\/uploads\/2020\/04\/Hailie-Michelle-W\u00fcstner-8c.jpg\" data-orig-size=\"900,1200\" data-comments-opened=\"\" data-image-meta=\"{&quot;aperture&quot;:&quot;0&quot;,&quot;credit&quot;:&quot;&quot;,&quot;camera&quot;:&quot;&quot;,&quot;caption&quot;:&quot;&quot;,&quot;created_timestamp&quot;:&quot;0&quot;,&quot;copyright&quot;:&quot;&quot;,&quot;focal_length&quot;:&quot;0&quot;,&quot;iso&quot;:&quot;0&quot;,&quot;shutter_speed&quot;:&quot;0&quot;,&quot;title&quot;:&quot;&quot;,&quot;orientation&quot;:&quot;0&quot;}\" data-image-title=\"Hailie-Michelle W\u00fcstner 8c\" data-image-description=\"\" data-medium-file=\"https:\/\/i0.wp.com\/www.gesamtschule-eiserfeld.de\/wp-content\/uploads\/2020\/04\/Hailie-Michelle-W%C3%BCstner-8c.jpg?fit=225%2C300&#038;ssl=1\" data-large-file=\"https:\/\/i0.wp.com\/www.gesamtschule-eiserfeld.de\/wp-content\/uploads\/2020\/04\/Hailie-Michelle-W%C3%BCstner-8c.jpg?fit=474%2C632&#038;ssl=1\" src=\"https:\/\/i0.wp.com\/www.gesamtschule-eiserfeld.de\/wp-content\/uploads\/2020\/04\/Hailie-Michelle-W%C3%BCstner-8c.jpg?w=161&#038;h=215&#038;ssl=1\" width=\"161\" height=\"215\" loading=\"lazy\" data-original-width=\"161\" data-original-height=\"215\" itemprop=\"http:\/\/schema.org\/image\" title=\"Hailie-Michelle W\u00fcstner 8c\" alt=\"Hailie-Michelle W\u00fcstner 8c\" style=\"width: 161px; height: 215px;\" \/> <\/a> <\/div> <\/div> <!-- close group --> <\/div> <!-- close row --> <div class=\"gallery-row\" style=\"width: 474px; height: 233px;\" data-original-width=\"474\" data-original-height=\"233\" > <div class=\"gallery-group images-1\" style=\"width: 153px; height: 233px;\" data-original-width=\"153\" data-original-height=\"233\" > <div class=\"tiled-gallery-item tiled-gallery-item-small\" itemprop=\"associatedMedia\" itemscope itemtype=\"http:\/\/schema.org\/ImageObject\"> <a href=\"https:\/\/www.gesamtschule-eiserfeld.de\/?attachment_id=13660\" border=\"0\" itemprop=\"url\"> <meta itemprop=\"width\" content=\"149\"> <meta itemprop=\"height\" content=\"229\"> <img decoding=\"async\" class=\"\" data-attachment-id=\"13660\" data-orig-file=\"https:\/\/www.gesamtschule-eiserfeld.de\/wp-content\/uploads\/2020\/04\/Lisann-Marie-Wende-8c-Ermutigung-an-den-Postboten.jpg\" data-orig-size=\"779,1200\" data-comments-opened=\"\" data-image-meta=\"{&quot;aperture&quot;:&quot;0&quot;,&quot;credit&quot;:&quot;&quot;,&quot;camera&quot;:&quot;&quot;,&quot;caption&quot;:&quot;&quot;,&quot;created_timestamp&quot;:&quot;0&quot;,&quot;copyright&quot;:&quot;&quot;,&quot;focal_length&quot;:&quot;0&quot;,&quot;iso&quot;:&quot;0&quot;,&quot;shutter_speed&quot;:&quot;0&quot;,&quot;title&quot;:&quot;&quot;,&quot;orientation&quot;:&quot;0&quot;}\" data-image-title=\"Lisann Marie Wende 8c Ermutigung an den Postboten\" data-image-description=\"\" data-medium-file=\"https:\/\/i0.wp.com\/www.gesamtschule-eiserfeld.de\/wp-content\/uploads\/2020\/04\/Lisann-Marie-Wende-8c-Ermutigung-an-den-Postboten.jpg?fit=195%2C300&#038;ssl=1\" data-large-file=\"https:\/\/i0.wp.com\/www.gesamtschule-eiserfeld.de\/wp-content\/uploads\/2020\/04\/Lisann-Marie-Wende-8c-Ermutigung-an-den-Postboten.jpg?fit=474%2C730&#038;ssl=1\" src=\"https:\/\/i0.wp.com\/www.gesamtschule-eiserfeld.de\/wp-content\/uploads\/2020\/04\/Lisann-Marie-Wende-8c-Ermutigung-an-den-Postboten.jpg?w=149&#038;h=229&#038;ssl=1\" srcset=\"https:\/\/i0.wp.com\/www.gesamtschule-eiserfeld.de\/wp-content\/uploads\/2020\/04\/Lisann-Marie-Wende-8c-Ermutigung-an-den-Postboten.jpg?w=779&amp;ssl=1 779w, https:\/\/i0.wp.com\/www.gesamtschule-eiserfeld.de\/wp-content\/uploads\/2020\/04\/Lisann-Marie-Wende-8c-Ermutigung-an-den-Postboten.jpg?resize=195%2C300&amp;ssl=1 195w, https:\/\/i0.wp.com\/www.gesamtschule-eiserfeld.de\/wp-content\/uploads\/2020\/04\/Lisann-Marie-Wende-8c-Ermutigung-an-den-Postboten.jpg?resize=665%2C1024&amp;ssl=1 665w, https:\/\/i0.wp.com\/www.gesamtschule-eiserfeld.de\/wp-content\/uploads\/2020\/04\/Lisann-Marie-Wende-8c-Ermutigung-an-den-Postboten.jpg?resize=97%2C150&amp;ssl=1 97w, https:\/\/i0.wp.com\/www.gesamtschule-eiserfeld.de\/wp-content\/uploads\/2020\/04\/Lisann-Marie-Wende-8c-Ermutigung-an-den-Postboten.jpg?resize=768%2C1183&amp;ssl=1 768w\" width=\"149\" height=\"229\" loading=\"lazy\" data-original-width=\"149\" data-original-height=\"229\" itemprop=\"http:\/\/schema.org\/image\" title=\"Lisann Marie Wende 8c Ermutigung an den Postboten\" alt=\"Lisann Marie Wende 8c Ermutigung an den Postboten\" style=\"width: 149px; height: 229px;\" \/> <\/a> <\/div> <\/div> <!-- close group --> <div class=\"gallery-group images-2\" style=\"width: 161px; height: 233px;\" data-original-width=\"161\" data-original-height=\"233\" > <div class=\"tiled-gallery-item tiled-gallery-item-small\" itemprop=\"associatedMedia\" itemscope itemtype=\"http:\/\/schema.org\/ImageObject\"> <a href=\"https:\/\/www.gesamtschule-eiserfeld.de\/?attachment_id=13672\" border=\"0\" itemprop=\"url\"> <meta itemprop=\"width\" content=\"157\"> <meta itemprop=\"height\" content=\"111\"> <img decoding=\"async\" class=\"\" data-attachment-id=\"13672\" data-orig-file=\"https:\/\/www.gesamtschule-eiserfeld.de\/wp-content\/uploads\/2020\/04\/Leni-Kloos.jpg\" data-orig-size=\"1200,850\" data-comments-opened=\"\" data-image-meta=\"{&quot;aperture&quot;:&quot;0&quot;,&quot;credit&quot;:&quot;&quot;,&quot;camera&quot;:&quot;&quot;,&quot;caption&quot;:&quot;&quot;,&quot;created_timestamp&quot;:&quot;0&quot;,&quot;copyright&quot;:&quot;&quot;,&quot;focal_length&quot;:&quot;0&quot;,&quot;iso&quot;:&quot;0&quot;,&quot;shutter_speed&quot;:&quot;0&quot;,&quot;title&quot;:&quot;&quot;,&quot;orientation&quot;:&quot;0&quot;}\" data-image-title=\"Leni Kloos\" data-image-description=\"\" data-medium-file=\"https:\/\/i0.wp.com\/www.gesamtschule-eiserfeld.de\/wp-content\/uploads\/2020\/04\/Leni-Kloos.jpg?fit=300%2C213&#038;ssl=1\" data-large-file=\"https:\/\/i0.wp.com\/www.gesamtschule-eiserfeld.de\/wp-content\/uploads\/2020\/04\/Leni-Kloos.jpg?fit=474%2C336&#038;ssl=1\" src=\"https:\/\/i0.wp.com\/www.gesamtschule-eiserfeld.de\/wp-content\/uploads\/2020\/04\/Leni-Kloos.jpg?w=157&#038;h=111&#038;ssl=1\" srcset=\"https:\/\/i0.wp.com\/www.gesamtschule-eiserfeld.de\/wp-content\/uploads\/2020\/04\/Leni-Kloos.jpg?w=1200&amp;ssl=1 1200w, https:\/\/i0.wp.com\/www.gesamtschule-eiserfeld.de\/wp-content\/uploads\/2020\/04\/Leni-Kloos.jpg?resize=300%2C213&amp;ssl=1 300w, https:\/\/i0.wp.com\/www.gesamtschule-eiserfeld.de\/wp-content\/uploads\/2020\/04\/Leni-Kloos.jpg?resize=1024%2C725&amp;ssl=1 1024w, https:\/\/i0.wp.com\/www.gesamtschule-eiserfeld.de\/wp-content\/uploads\/2020\/04\/Leni-Kloos.jpg?resize=200%2C142&amp;ssl=1 200w, https:\/\/i0.wp.com\/www.gesamtschule-eiserfeld.de\/wp-content\/uploads\/2020\/04\/Leni-Kloos.jpg?resize=768%2C544&amp;ssl=1 768w, https:\/\/i0.wp.com\/www.gesamtschule-eiserfeld.de\/wp-content\/uploads\/2020\/04\/Leni-Kloos.jpg?w=948&amp;ssl=1 948w\" width=\"157\" height=\"111\" loading=\"lazy\" data-original-width=\"157\" data-original-height=\"111\" itemprop=\"http:\/\/schema.org\/image\" title=\"Leni Kloos\" alt=\"Leni Kloos\" style=\"width: 157px; height: 111px;\" \/> <\/a> <\/div> <div class=\"tiled-gallery-item tiled-gallery-item-small\" itemprop=\"associatedMedia\" itemscope itemtype=\"http:\/\/schema.org\/ImageObject\"> <a href=\"https:\/\/www.gesamtschule-eiserfeld.de\/?attachment_id=13755\" border=\"0\" itemprop=\"url\"> <meta itemprop=\"width\" content=\"157\"> <meta itemprop=\"height\" content=\"114\"> <img decoding=\"async\" class=\"\" data-attachment-id=\"13755\" data-orig-file=\"https:\/\/www.gesamtschule-eiserfeld.de\/wp-content\/uploads\/2020\/04\/Fiona-Graf-6a-Gemeinsam-gegen-Corona.jpg\" data-orig-size=\"1200,873\" data-comments-opened=\"\" data-image-meta=\"{&quot;aperture&quot;:&quot;0&quot;,&quot;credit&quot;:&quot;&quot;,&quot;camera&quot;:&quot;&quot;,&quot;caption&quot;:&quot;&quot;,&quot;created_timestamp&quot;:&quot;0&quot;,&quot;copyright&quot;:&quot;&quot;,&quot;focal_length&quot;:&quot;0&quot;,&quot;iso&quot;:&quot;0&quot;,&quot;shutter_speed&quot;:&quot;0&quot;,&quot;title&quot;:&quot;&quot;,&quot;orientation&quot;:&quot;0&quot;}\" data-image-title=\"Fiona Graf 6a &amp;#8211; Gemeinsam gegen Corona\" data-image-description=\"\" data-medium-file=\"https:\/\/i0.wp.com\/www.gesamtschule-eiserfeld.de\/wp-content\/uploads\/2020\/04\/Fiona-Graf-6a-Gemeinsam-gegen-Corona.jpg?fit=300%2C218&#038;ssl=1\" data-large-file=\"https:\/\/i0.wp.com\/www.gesamtschule-eiserfeld.de\/wp-content\/uploads\/2020\/04\/Fiona-Graf-6a-Gemeinsam-gegen-Corona.jpg?fit=474%2C345&#038;ssl=1\" src=\"https:\/\/i0.wp.com\/www.gesamtschule-eiserfeld.de\/wp-content\/uploads\/2020\/04\/Fiona-Graf-6a-Gemeinsam-gegen-Corona.jpg?w=157&#038;h=114&#038;ssl=1\" srcset=\"https:\/\/i0.wp.com\/www.gesamtschule-eiserfeld.de\/wp-content\/uploads\/2020\/04\/Fiona-Graf-6a-Gemeinsam-gegen-Corona.jpg?w=1200&amp;ssl=1 1200w, https:\/\/i0.wp.com\/www.gesamtschule-eiserfeld.de\/wp-content\/uploads\/2020\/04\/Fiona-Graf-6a-Gemeinsam-gegen-Corona.jpg?resize=300%2C218&amp;ssl=1 300w, https:\/\/i0.wp.com\/www.gesamtschule-eiserfeld.de\/wp-content\/uploads\/2020\/04\/Fiona-Graf-6a-Gemeinsam-gegen-Corona.jpg?resize=1024%2C745&amp;ssl=1 1024w, https:\/\/i0.wp.com\/www.gesamtschule-eiserfeld.de\/wp-content\/uploads\/2020\/04\/Fiona-Graf-6a-Gemeinsam-gegen-Corona.jpg?resize=200%2C146&amp;ssl=1 200w, https:\/\/i0.wp.com\/www.gesamtschule-eiserfeld.de\/wp-content\/uploads\/2020\/04\/Fiona-Graf-6a-Gemeinsam-gegen-Corona.jpg?resize=768%2C559&amp;ssl=1 768w, https:\/\/i0.wp.com\/www.gesamtschule-eiserfeld.de\/wp-content\/uploads\/2020\/04\/Fiona-Graf-6a-Gemeinsam-gegen-Corona.jpg?w=948&amp;ssl=1 948w\" width=\"157\" height=\"114\" loading=\"lazy\" data-original-width=\"157\" data-original-height=\"114\" itemprop=\"http:\/\/schema.org\/image\" title=\"Fiona Graf 6a - Gemeinsam gegen Corona\" alt=\"Fiona Graf 6a - Gemeinsam gegen Corona\" style=\"width: 157px; height: 114px;\" \/> <\/a> <\/div> <\/div> <!-- close group --> <div class=\"gallery-group images-1\" style=\"width: 160px; height: 233px;\" data-original-width=\"160\" data-original-height=\"233\" > <div class=\"tiled-gallery-item tiled-gallery-item-small\" itemprop=\"associatedMedia\" itemscope itemtype=\"http:\/\/schema.org\/ImageObject\"> <a href=\"https:\/\/www.gesamtschule-eiserfeld.de\/?attachment_id=13668\" border=\"0\" itemprop=\"url\"> <meta itemprop=\"width\" content=\"156\"> <meta itemprop=\"height\" content=\"229\"> <img decoding=\"async\" class=\"\" data-attachment-id=\"13668\" data-orig-file=\"https:\/\/www.gesamtschule-eiserfeld.de\/wp-content\/uploads\/2020\/04\/Emma-Schmiedecke-7a.jpg\" data-orig-size=\"819,1200\" data-comments-opened=\"\" data-image-meta=\"{&quot;aperture&quot;:&quot;0&quot;,&quot;credit&quot;:&quot;&quot;,&quot;camera&quot;:&quot;&quot;,&quot;caption&quot;:&quot;&quot;,&quot;created_timestamp&quot;:&quot;0&quot;,&quot;copyright&quot;:&quot;&quot;,&quot;focal_length&quot;:&quot;0&quot;,&quot;iso&quot;:&quot;0&quot;,&quot;shutter_speed&quot;:&quot;0&quot;,&quot;title&quot;:&quot;&quot;,&quot;orientation&quot;:&quot;0&quot;}\" data-image-title=\"Emma Schmiedecke 7a\" data-image-description=\"\" data-medium-file=\"https:\/\/i0.wp.com\/www.gesamtschule-eiserfeld.de\/wp-content\/uploads\/2020\/04\/Emma-Schmiedecke-7a.jpg?fit=205%2C300&#038;ssl=1\" data-large-file=\"https:\/\/i0.wp.com\/www.gesamtschule-eiserfeld.de\/wp-content\/uploads\/2020\/04\/Emma-Schmiedecke-7a.jpg?fit=474%2C694&#038;ssl=1\" src=\"https:\/\/i0.wp.com\/www.gesamtschule-eiserfeld.de\/wp-content\/uploads\/2020\/04\/Emma-Schmiedecke-7a.jpg?w=156&#038;h=229&#038;ssl=1\" srcset=\"https:\/\/i0.wp.com\/www.gesamtschule-eiserfeld.de\/wp-content\/uploads\/2020\/04\/Emma-Schmiedecke-7a.jpg?w=819&amp;ssl=1 819w, https:\/\/i0.wp.com\/www.gesamtschule-eiserfeld.de\/wp-content\/uploads\/2020\/04\/Emma-Schmiedecke-7a.jpg?resize=205%2C300&amp;ssl=1 205w, https:\/\/i0.wp.com\/www.gesamtschule-eiserfeld.de\/wp-content\/uploads\/2020\/04\/Emma-Schmiedecke-7a.jpg?resize=699%2C1024&amp;ssl=1 699w, https:\/\/i0.wp.com\/www.gesamtschule-eiserfeld.de\/wp-content\/uploads\/2020\/04\/Emma-Schmiedecke-7a.jpg?resize=102%2C150&amp;ssl=1 102w, https:\/\/i0.wp.com\/www.gesamtschule-eiserfeld.de\/wp-content\/uploads\/2020\/04\/Emma-Schmiedecke-7a.jpg?resize=768%2C1125&amp;ssl=1 768w\" width=\"156\" height=\"229\" loading=\"lazy\" data-original-width=\"156\" data-original-height=\"229\" itemprop=\"http:\/\/schema.org\/image\" title=\"Emma Schmiedecke 7a\" alt=\"Emma Schmiedecke 7a\" style=\"width: 156px; height: 229px;\" \/> <\/a> <\/div> <\/div> <!-- close group --> <\/div> <!-- close row --> <div class=\"gallery-row\" style=\"width: 474px; height: 401px;\" data-original-width=\"474\" data-original-height=\"401\" > <div class=\"gallery-group images-1\" style=\"width: 292px; height: 401px;\" data-original-width=\"292\" data-original-height=\"401\" > <div class=\"tiled-gallery-item tiled-gallery-item-large\" itemprop=\"associatedMedia\" itemscope itemtype=\"http:\/\/schema.org\/ImageObject\"> <a href=\"https:\/\/www.gesamtschule-eiserfeld.de\/?attachment_id=13710\" border=\"0\" itemprop=\"url\"> <meta itemprop=\"width\" content=\"288\"> <meta itemprop=\"height\" content=\"397\"> <img decoding=\"async\" class=\"\" data-attachment-id=\"13710\" data-orig-file=\"https:\/\/www.gesamtschule-eiserfeld.de\/wp-content\/uploads\/2020\/04\/IMG_20200330_151419_1_1.jpg\" data-orig-size=\"869,1200\" data-comments-opened=\"\" data-image-meta=\"{&quot;aperture&quot;:&quot;0&quot;,&quot;credit&quot;:&quot;&quot;,&quot;camera&quot;:&quot;&quot;,&quot;caption&quot;:&quot;&quot;,&quot;created_timestamp&quot;:&quot;0&quot;,&quot;copyright&quot;:&quot;&quot;,&quot;focal_length&quot;:&quot;0&quot;,&quot;iso&quot;:&quot;0&quot;,&quot;shutter_speed&quot;:&quot;0&quot;,&quot;title&quot;:&quot;&quot;,&quot;orientation&quot;:&quot;0&quot;}\" data-image-title=\"IMG_20200330_151419_1_1\" data-image-description=\"\" data-medium-file=\"https:\/\/i0.wp.com\/www.gesamtschule-eiserfeld.de\/wp-content\/uploads\/2020\/04\/IMG_20200330_151419_1_1.jpg?fit=217%2C300&#038;ssl=1\" data-large-file=\"https:\/\/i0.wp.com\/www.gesamtschule-eiserfeld.de\/wp-content\/uploads\/2020\/04\/IMG_20200330_151419_1_1.jpg?fit=474%2C654&#038;ssl=1\" src=\"https:\/\/i0.wp.com\/www.gesamtschule-eiserfeld.de\/wp-content\/uploads\/2020\/04\/IMG_20200330_151419_1_1.jpg?w=288&#038;h=397&#038;ssl=1\" srcset=\"https:\/\/i0.wp.com\/www.gesamtschule-eiserfeld.de\/wp-content\/uploads\/2020\/04\/IMG_20200330_151419_1_1.jpg?w=869&amp;ssl=1 869w, https:\/\/i0.wp.com\/www.gesamtschule-eiserfeld.de\/wp-content\/uploads\/2020\/04\/IMG_20200330_151419_1_1.jpg?resize=217%2C300&amp;ssl=1 217w, https:\/\/i0.wp.com\/www.gesamtschule-eiserfeld.de\/wp-content\/uploads\/2020\/04\/IMG_20200330_151419_1_1.jpg?resize=742%2C1024&amp;ssl=1 742w, https:\/\/i0.wp.com\/www.gesamtschule-eiserfeld.de\/wp-content\/uploads\/2020\/04\/IMG_20200330_151419_1_1.jpg?resize=109%2C150&amp;ssl=1 109w, https:\/\/i0.wp.com\/www.gesamtschule-eiserfeld.de\/wp-content\/uploads\/2020\/04\/IMG_20200330_151419_1_1.jpg?resize=768%2C1061&amp;ssl=1 768w\" width=\"288\" height=\"397\" loading=\"lazy\" data-original-width=\"288\" data-original-height=\"397\" itemprop=\"http:\/\/schema.org\/image\" title=\"IMG_20200330_151419_1_1\" alt=\"IMG_20200330_151419_1_1\" style=\"width: 288px; height: 397px;\" \/> <\/a> <\/div> <\/div> <!-- close group --> <div class=\"gallery-group images-3\" style=\"width: 182px; height: 401px;\" data-original-width=\"182\" data-original-height=\"401\" > <div class=\"tiled-gallery-item tiled-gallery-item-small\" itemprop=\"associatedMedia\" itemscope itemtype=\"http:\/\/schema.org\/ImageObject\"> <a href=\"https:\/\/www.gesamtschule-eiserfeld.de\/?attachment_id=13673\" border=\"0\" itemprop=\"url\"> <meta itemprop=\"width\" content=\"178\"> <meta itemprop=\"height\" content=\"125\"> <img decoding=\"async\" class=\"\" data-attachment-id=\"13673\" data-orig-file=\"https:\/\/www.gesamtschule-eiserfeld.de\/wp-content\/uploads\/2020\/04\/Tom-Gr\u00fcbener-6c-1.jpg\" data-orig-size=\"1114,783\" data-comments-opened=\"\" data-image-meta=\"{&quot;aperture&quot;:&quot;0&quot;,&quot;credit&quot;:&quot;&quot;,&quot;camera&quot;:&quot;&quot;,&quot;caption&quot;:&quot;&quot;,&quot;created_timestamp&quot;:&quot;0&quot;,&quot;copyright&quot;:&quot;&quot;,&quot;focal_length&quot;:&quot;0&quot;,&quot;iso&quot;:&quot;0&quot;,&quot;shutter_speed&quot;:&quot;0&quot;,&quot;title&quot;:&quot;&quot;,&quot;orientation&quot;:&quot;0&quot;}\" data-image-title=\"Tom Gr\u00fcbener 6c\" data-image-description=\"\" data-medium-file=\"https:\/\/i0.wp.com\/www.gesamtschule-eiserfeld.de\/wp-content\/uploads\/2020\/04\/Tom-Gr%C3%BCbener-6c-1.jpg?fit=300%2C211&#038;ssl=1\" data-large-file=\"https:\/\/i0.wp.com\/www.gesamtschule-eiserfeld.de\/wp-content\/uploads\/2020\/04\/Tom-Gr%C3%BCbener-6c-1.jpg?fit=474%2C333&#038;ssl=1\" src=\"https:\/\/i0.wp.com\/www.gesamtschule-eiserfeld.de\/wp-content\/uploads\/2020\/04\/Tom-Gr%C3%BCbener-6c-1.jpg?w=178&#038;h=125&#038;ssl=1\" width=\"178\" height=\"125\" loading=\"lazy\" data-original-width=\"178\" data-original-height=\"125\" itemprop=\"http:\/\/schema.org\/image\" title=\"Tom Gr\u00fcbener 6c\" alt=\"Tom Gr\u00fcbener 6c\" style=\"width: 178px; height: 125px;\" \/> <\/a> <\/div> <div class=\"tiled-gallery-item tiled-gallery-item-small\" itemprop=\"associatedMedia\" itemscope itemtype=\"http:\/\/schema.org\/ImageObject\"> <a href=\"https:\/\/www.gesamtschule-eiserfeld.de\/?attachment_id=13706\" border=\"0\" itemprop=\"url\"> <meta itemprop=\"width\" content=\"178\"> <meta itemprop=\"height\" content=\"130\"> <img decoding=\"async\" class=\"\" data-attachment-id=\"13706\" data-orig-file=\"https:\/\/www.gesamtschule-eiserfeld.de\/wp-content\/uploads\/2020\/04\/Katharina-Klein-8c-.jpg\" data-orig-size=\"1200,877\" data-comments-opened=\"\" data-image-meta=\"{&quot;aperture&quot;:&quot;0&quot;,&quot;credit&quot;:&quot;&quot;,&quot;camera&quot;:&quot;&quot;,&quot;caption&quot;:&quot;&quot;,&quot;created_timestamp&quot;:&quot;0&quot;,&quot;copyright&quot;:&quot;&quot;,&quot;focal_length&quot;:&quot;0&quot;,&quot;iso&quot;:&quot;0&quot;,&quot;shutter_speed&quot;:&quot;0&quot;,&quot;title&quot;:&quot;&quot;,&quot;orientation&quot;:&quot;0&quot;}\" data-image-title=\"Katharina Klein 8c\" data-image-description=\"\" data-medium-file=\"https:\/\/i0.wp.com\/www.gesamtschule-eiserfeld.de\/wp-content\/uploads\/2020\/04\/Katharina-Klein-8c-.jpg?fit=300%2C219&#038;ssl=1\" data-large-file=\"https:\/\/i0.wp.com\/www.gesamtschule-eiserfeld.de\/wp-content\/uploads\/2020\/04\/Katharina-Klein-8c-.jpg?fit=474%2C346&#038;ssl=1\" src=\"https:\/\/i0.wp.com\/www.gesamtschule-eiserfeld.de\/wp-content\/uploads\/2020\/04\/Katharina-Klein-8c-.jpg?w=178&#038;h=130&#038;ssl=1\" srcset=\"https:\/\/i0.wp.com\/www.gesamtschule-eiserfeld.de\/wp-content\/uploads\/2020\/04\/Katharina-Klein-8c-.jpg?w=1200&amp;ssl=1 1200w, https:\/\/i0.wp.com\/www.gesamtschule-eiserfeld.de\/wp-content\/uploads\/2020\/04\/Katharina-Klein-8c-.jpg?resize=300%2C219&amp;ssl=1 300w, https:\/\/i0.wp.com\/www.gesamtschule-eiserfeld.de\/wp-content\/uploads\/2020\/04\/Katharina-Klein-8c-.jpg?resize=1024%2C748&amp;ssl=1 1024w, https:\/\/i0.wp.com\/www.gesamtschule-eiserfeld.de\/wp-content\/uploads\/2020\/04\/Katharina-Klein-8c-.jpg?resize=200%2C146&amp;ssl=1 200w, https:\/\/i0.wp.com\/www.gesamtschule-eiserfeld.de\/wp-content\/uploads\/2020\/04\/Katharina-Klein-8c-.jpg?resize=768%2C561&amp;ssl=1 768w, https:\/\/i0.wp.com\/www.gesamtschule-eiserfeld.de\/wp-content\/uploads\/2020\/04\/Katharina-Klein-8c-.jpg?w=948&amp;ssl=1 948w\" width=\"178\" height=\"130\" loading=\"lazy\" data-original-width=\"178\" data-original-height=\"130\" itemprop=\"http:\/\/schema.org\/image\" title=\"Katharina Klein 8c\" alt=\"Katharina Klein 8c\" style=\"width: 178px; height: 130px;\" \/> <\/a> <\/div> <div class=\"tiled-gallery-item tiled-gallery-item-small\" itemprop=\"associatedMedia\" itemscope itemtype=\"http:\/\/schema.org\/ImageObject\"> <a href=\"https:\/\/www.gesamtschule-eiserfeld.de\/?attachment_id=13669\" border=\"0\" itemprop=\"url\"> <meta itemprop=\"width\" content=\"178\"> <meta itemprop=\"height\" content=\"134\"> <img decoding=\"async\" class=\"\" data-attachment-id=\"13669\" data-orig-file=\"https:\/\/www.gesamtschule-eiserfeld.de\/wp-content\/uploads\/2020\/04\/Mika-Schramm-5d-Brief-an-Corona.jpg\" data-orig-size=\"1200,899\" data-comments-opened=\"\" data-image-meta=\"{&quot;aperture&quot;:&quot;0&quot;,&quot;credit&quot;:&quot;&quot;,&quot;camera&quot;:&quot;&quot;,&quot;caption&quot;:&quot;&quot;,&quot;created_timestamp&quot;:&quot;0&quot;,&quot;copyright&quot;:&quot;&quot;,&quot;focal_length&quot;:&quot;0&quot;,&quot;iso&quot;:&quot;0&quot;,&quot;shutter_speed&quot;:&quot;0&quot;,&quot;title&quot;:&quot;&quot;,&quot;orientation&quot;:&quot;0&quot;}\" data-image-title=\"Mika Schramm 5d &amp;#8211; Brief an Corona\" data-image-description=\"\" data-medium-file=\"https:\/\/i0.wp.com\/www.gesamtschule-eiserfeld.de\/wp-content\/uploads\/2020\/04\/Mika-Schramm-5d-Brief-an-Corona.jpg?fit=300%2C225&#038;ssl=1\" data-large-file=\"https:\/\/i0.wp.com\/www.gesamtschule-eiserfeld.de\/wp-content\/uploads\/2020\/04\/Mika-Schramm-5d-Brief-an-Corona.jpg?fit=474%2C355&#038;ssl=1\" src=\"https:\/\/i0.wp.com\/www.gesamtschule-eiserfeld.de\/wp-content\/uploads\/2020\/04\/Mika-Schramm-5d-Brief-an-Corona.jpg?w=178&#038;h=134&#038;ssl=1\" srcset=\"https:\/\/i0.wp.com\/www.gesamtschule-eiserfeld.de\/wp-content\/uploads\/2020\/04\/Mika-Schramm-5d-Brief-an-Corona.jpg?w=1200&amp;ssl=1 1200w, https:\/\/i0.wp.com\/www.gesamtschule-eiserfeld.de\/wp-content\/uploads\/2020\/04\/Mika-Schramm-5d-Brief-an-Corona.jpg?resize=300%2C225&amp;ssl=1 300w, https:\/\/i0.wp.com\/www.gesamtschule-eiserfeld.de\/wp-content\/uploads\/2020\/04\/Mika-Schramm-5d-Brief-an-Corona.jpg?resize=1024%2C767&amp;ssl=1 1024w, https:\/\/i0.wp.com\/www.gesamtschule-eiserfeld.de\/wp-content\/uploads\/2020\/04\/Mika-Schramm-5d-Brief-an-Corona.jpg?resize=200%2C150&amp;ssl=1 200w, https:\/\/i0.wp.com\/www.gesamtschule-eiserfeld.de\/wp-content\/uploads\/2020\/04\/Mika-Schramm-5d-Brief-an-Corona.jpg?resize=768%2C575&amp;ssl=1 768w, https:\/\/i0.wp.com\/www.gesamtschule-eiserfeld.de\/wp-content\/uploads\/2020\/04\/Mika-Schramm-5d-Brief-an-Corona.jpg?w=948&amp;ssl=1 948w\" width=\"178\" height=\"134\" loading=\"lazy\" data-original-width=\"178\" data-original-height=\"134\" itemprop=\"http:\/\/schema.org\/image\" title=\"Mika Schramm 5d - Brief an Corona\" alt=\"Mika Schramm 5d - Brief an Corona\" style=\"width: 178px; height: 134px;\" \/> <\/a> <\/div> <\/div> <!-- close group --> <\/div> <!-- close row --> <div class=\"gallery-row\" style=\"width: 474px; height: 163px;\" data-original-width=\"474\" data-original-height=\"163\" > <div class=\"gallery-group images-1\" style=\"width: 123px; height: 163px;\" data-original-width=\"123\" data-original-height=\"163\" > <div class=\"tiled-gallery-item tiled-gallery-item-small\" itemprop=\"associatedMedia\" itemscope itemtype=\"http:\/\/schema.org\/ImageObject\"> <a href=\"https:\/\/www.gesamtschule-eiserfeld.de\/?attachment_id=13663\" border=\"0\" itemprop=\"url\"> <meta itemprop=\"width\" content=\"119\"> <meta itemprop=\"height\" content=\"159\"> <img decoding=\"async\" class=\"\" data-attachment-id=\"13663\" data-orig-file=\"https:\/\/www.gesamtschule-eiserfeld.de\/wp-content\/uploads\/2020\/04\/Elaine-Fine-Kreutz.jpg\" data-orig-size=\"900,1200\" data-comments-opened=\"\" data-image-meta=\"{&quot;aperture&quot;:&quot;0&quot;,&quot;credit&quot;:&quot;&quot;,&quot;camera&quot;:&quot;&quot;,&quot;caption&quot;:&quot;&quot;,&quot;created_timestamp&quot;:&quot;0&quot;,&quot;copyright&quot;:&quot;&quot;,&quot;focal_length&quot;:&quot;0&quot;,&quot;iso&quot;:&quot;0&quot;,&quot;shutter_speed&quot;:&quot;0&quot;,&quot;title&quot;:&quot;&quot;,&quot;orientation&quot;:&quot;0&quot;}\" data-image-title=\"Elaine Fine Kreutz\" data-image-description=\"\" data-medium-file=\"https:\/\/i0.wp.com\/www.gesamtschule-eiserfeld.de\/wp-content\/uploads\/2020\/04\/Elaine-Fine-Kreutz.jpg?fit=225%2C300&#038;ssl=1\" data-large-file=\"https:\/\/i0.wp.com\/www.gesamtschule-eiserfeld.de\/wp-content\/uploads\/2020\/04\/Elaine-Fine-Kreutz.jpg?fit=474%2C632&#038;ssl=1\" src=\"https:\/\/i0.wp.com\/www.gesamtschule-eiserfeld.de\/wp-content\/uploads\/2020\/04\/Elaine-Fine-Kreutz.jpg?w=119&#038;h=159&#038;ssl=1\" srcset=\"https:\/\/i0.wp.com\/www.gesamtschule-eiserfeld.de\/wp-content\/uploads\/2020\/04\/Elaine-Fine-Kreutz.jpg?w=900&amp;ssl=1 900w, https:\/\/i0.wp.com\/www.gesamtschule-eiserfeld.de\/wp-content\/uploads\/2020\/04\/Elaine-Fine-Kreutz.jpg?resize=225%2C300&amp;ssl=1 225w, https:\/\/i0.wp.com\/www.gesamtschule-eiserfeld.de\/wp-content\/uploads\/2020\/04\/Elaine-Fine-Kreutz.jpg?resize=768%2C1024&amp;ssl=1 768w, https:\/\/i0.wp.com\/www.gesamtschule-eiserfeld.de\/wp-content\/uploads\/2020\/04\/Elaine-Fine-Kreutz.jpg?resize=113%2C150&amp;ssl=1 113w\" width=\"119\" height=\"159\" loading=\"lazy\" data-original-width=\"119\" data-original-height=\"159\" itemprop=\"http:\/\/schema.org\/image\" title=\"Elaine Fine Kreutz\" alt=\"Elaine Fine Kreutz\" style=\"width: 119px; height: 159px;\" \/> <\/a> <\/div> <\/div> <!-- close group --> <div class=\"gallery-group images-1\" style=\"width: 228px; height: 163px;\" data-original-width=\"228\" data-original-height=\"163\" > <div class=\"tiled-gallery-item tiled-gallery-item-small\" itemprop=\"associatedMedia\" itemscope itemtype=\"http:\/\/schema.org\/ImageObject\"> <a href=\"https:\/\/www.gesamtschule-eiserfeld.de\/?attachment_id=13662\" border=\"0\" itemprop=\"url\"> <meta itemprop=\"width\" content=\"224\"> <meta itemprop=\"height\" content=\"159\"> <img decoding=\"async\" class=\"\" data-attachment-id=\"13662\" data-orig-file=\"https:\/\/www.gesamtschule-eiserfeld.de\/wp-content\/uploads\/2020\/04\/Oma-Chamss-rotated.jpeg\" data-orig-size=\"640,454\" data-comments-opened=\"\" data-image-meta=\"{&quot;aperture&quot;:&quot;0&quot;,&quot;credit&quot;:&quot;&quot;,&quot;camera&quot;:&quot;&quot;,&quot;caption&quot;:&quot;&quot;,&quot;created_timestamp&quot;:&quot;0&quot;,&quot;copyright&quot;:&quot;&quot;,&quot;focal_length&quot;:&quot;0&quot;,&quot;iso&quot;:&quot;0&quot;,&quot;shutter_speed&quot;:&quot;0&quot;,&quot;title&quot;:&quot;&quot;,&quot;orientation&quot;:&quot;1&quot;}\" data-image-title=\"Oma Chamss\" data-image-description=\"\" data-medium-file=\"https:\/\/i0.wp.com\/www.gesamtschule-eiserfeld.de\/wp-content\/uploads\/2020\/04\/Oma-Chamss-rotated.jpeg?fit=300%2C213&#038;ssl=1\" data-large-file=\"https:\/\/i0.wp.com\/www.gesamtschule-eiserfeld.de\/wp-content\/uploads\/2020\/04\/Oma-Chamss-rotated.jpeg?fit=474%2C336&#038;ssl=1\" src=\"https:\/\/i0.wp.com\/www.gesamtschule-eiserfeld.de\/wp-content\/uploads\/2020\/04\/Oma-Chamss-rotated.jpeg?w=224&#038;h=159&#038;ssl=1\" srcset=\"https:\/\/i0.wp.com\/www.gesamtschule-eiserfeld.de\/wp-content\/uploads\/2020\/04\/Oma-Chamss-rotated.jpeg?w=640&amp;ssl=1 640w, https:\/\/i0.wp.com\/www.gesamtschule-eiserfeld.de\/wp-content\/uploads\/2020\/04\/Oma-Chamss-rotated.jpeg?resize=300%2C213&amp;ssl=1 300w, https:\/\/i0.wp.com\/www.gesamtschule-eiserfeld.de\/wp-content\/uploads\/2020\/04\/Oma-Chamss-rotated.jpeg?resize=200%2C142&amp;ssl=1 200w\" width=\"224\" height=\"159\" loading=\"lazy\" data-original-width=\"224\" data-original-height=\"159\" itemprop=\"http:\/\/schema.org\/image\" title=\"Oma Chamss\" alt=\"Oma Chamss\" style=\"width: 224px; height: 159px;\" \/> <\/a> <\/div> <\/div> <!-- close group --> <div class=\"gallery-group images-1\" style=\"width: 123px; height: 163px;\" data-original-width=\"123\" data-original-height=\"163\" > <div class=\"tiled-gallery-item tiled-gallery-item-small\" itemprop=\"associatedMedia\" itemscope itemtype=\"http:\/\/schema.org\/ImageObject\"> <a href=\"https:\/\/www.gesamtschule-eiserfeld.de\/?attachment_id=13752\" border=\"0\" itemprop=\"url\"> <meta itemprop=\"width\" content=\"119\"> <meta itemprop=\"height\" content=\"159\"> <img decoding=\"async\" class=\"\" data-attachment-id=\"13752\" data-orig-file=\"https:\/\/www.gesamtschule-eiserfeld.de\/wp-content\/uploads\/2020\/04\/Max-Klein-7e-Sich-mit-der-Ver\u00e4nderung-\u00e4ndern-ist-der-unver\u00e4nderliche-Zustand..jpg\" data-orig-size=\"900,1200\" data-comments-opened=\"\" data-image-meta=\"{&quot;aperture&quot;:&quot;0&quot;,&quot;credit&quot;:&quot;&quot;,&quot;camera&quot;:&quot;&quot;,&quot;caption&quot;:&quot;&quot;,&quot;created_timestamp&quot;:&quot;0&quot;,&quot;copyright&quot;:&quot;&quot;,&quot;focal_length&quot;:&quot;0&quot;,&quot;iso&quot;:&quot;0&quot;,&quot;shutter_speed&quot;:&quot;0&quot;,&quot;title&quot;:&quot;&quot;,&quot;orientation&quot;:&quot;0&quot;}\" data-image-title=\"Max Klein 7e &amp;#8211; Sich mit der Ver\u00e4nderung \u00e4ndern, ist der unver\u00e4nderliche Zustand.\" data-image-description=\"\" data-medium-file=\"https:\/\/i0.wp.com\/www.gesamtschule-eiserfeld.de\/wp-content\/uploads\/2020\/04\/Max-Klein-7e-Sich-mit-der-Ver%C3%A4nderung-%C3%A4ndern-ist-der-unver%C3%A4nderliche-Zustand..jpg?fit=225%2C300&#038;ssl=1\" data-large-file=\"https:\/\/i0.wp.com\/www.gesamtschule-eiserfeld.de\/wp-content\/uploads\/2020\/04\/Max-Klein-7e-Sich-mit-der-Ver%C3%A4nderung-%C3%A4ndern-ist-der-unver%C3%A4nderliche-Zustand..jpg?fit=474%2C632&#038;ssl=1\" src=\"https:\/\/i0.wp.com\/www.gesamtschule-eiserfeld.de\/wp-content\/uploads\/2020\/04\/Max-Klein-7e-Sich-mit-der-Ver%C3%A4nderung-%C3%A4ndern-ist-der-unver%C3%A4nderliche-Zustand..jpg?w=119&#038;h=159&#038;ssl=1\" width=\"119\" height=\"159\" loading=\"lazy\" data-original-width=\"119\" data-original-height=\"159\" itemprop=\"http:\/\/schema.org\/image\" title=\"Max Klein 7e - Sich mit der Ver\u00e4nderung \u00e4ndern, ist der unver\u00e4nderliche Zustand.\" alt=\"Max Klein 7e - Sich mit der Ver\u00e4nderung \u00e4ndern, ist der unver\u00e4nderliche Zustand.\" style=\"width: 119px; height: 159px;\" \/> <\/a> <\/div> <\/div> <!-- close group --> <\/div> <!-- close row --> <div class=\"gallery-row\" style=\"width: 474px; height: 319px;\" data-original-width=\"474\" data-original-height=\"319\" > <div class=\"gallery-group images-1\" style=\"width: 253px; height: 319px;\" data-original-width=\"253\" data-original-height=\"319\" > <div class=\"tiled-gallery-item tiled-gallery-item-small\" itemprop=\"associatedMedia\" itemscope itemtype=\"http:\/\/schema.org\/ImageObject\"> <a href=\"https:\/\/www.gesamtschule-eiserfeld.de\/?attachment_id=13782\" border=\"0\" itemprop=\"url\"> <meta itemprop=\"width\" content=\"249\"> <meta itemprop=\"height\" content=\"315\"> <img decoding=\"async\" class=\"\" data-attachment-id=\"13782\" data-orig-file=\"https:\/\/www.gesamtschule-eiserfeld.de\/wp-content\/uploads\/2020\/04\/A\u00e7elya-Dilara-Senaydin-5d.jpg\" data-orig-size=\"689,873\" data-comments-opened=\"\" data-image-meta=\"{&quot;aperture&quot;:&quot;0&quot;,&quot;credit&quot;:&quot;&quot;,&quot;camera&quot;:&quot;&quot;,&quot;caption&quot;:&quot;&quot;,&quot;created_timestamp&quot;:&quot;0&quot;,&quot;copyright&quot;:&quot;&quot;,&quot;focal_length&quot;:&quot;0&quot;,&quot;iso&quot;:&quot;0&quot;,&quot;shutter_speed&quot;:&quot;0&quot;,&quot;title&quot;:&quot;&quot;,&quot;orientation&quot;:&quot;1&quot;}\" data-image-title=\"A\u00e7elya Dilara Senaydin 5d\" data-image-description=\"\" data-medium-file=\"https:\/\/i0.wp.com\/www.gesamtschule-eiserfeld.de\/wp-content\/uploads\/2020\/04\/A%C3%A7elya-Dilara-Senaydin-5d.jpg?fit=237%2C300&#038;ssl=1\" data-large-file=\"https:\/\/i0.wp.com\/www.gesamtschule-eiserfeld.de\/wp-content\/uploads\/2020\/04\/A%C3%A7elya-Dilara-Senaydin-5d.jpg?fit=474%2C601&#038;ssl=1\" src=\"https:\/\/i0.wp.com\/www.gesamtschule-eiserfeld.de\/wp-content\/uploads\/2020\/04\/A%C3%A7elya-Dilara-Senaydin-5d.jpg?w=249&#038;h=315&#038;ssl=1\" width=\"249\" height=\"315\" loading=\"lazy\" data-original-width=\"249\" data-original-height=\"315\" itemprop=\"http:\/\/schema.org\/image\" title=\"A\u00e7elya Dilara Senaydin 5d\" alt=\"A\u00e7elya Dilara Senaydin 5d\" style=\"width: 249px; height: 315px;\" \/> <\/a> <\/div> <\/div> <!-- close group --> <div class=\"gallery-group images-2\" style=\"width: 221px; height: 319px;\" data-original-width=\"221\" data-original-height=\"319\" > <div class=\"tiled-gallery-item tiled-gallery-item-small\" itemprop=\"associatedMedia\" itemscope itemtype=\"http:\/\/schema.org\/ImageObject\"> <a href=\"https:\/\/www.gesamtschule-eiserfeld.de\/?attachment_id=13751\" border=\"0\" itemprop=\"url\"> <meta itemprop=\"width\" content=\"217\"> <meta itemprop=\"height\" content=\"158\"> <img decoding=\"async\" class=\"\" data-attachment-id=\"13751\" data-orig-file=\"https:\/\/www.gesamtschule-eiserfeld.de\/wp-content\/uploads\/2020\/04\/Maurice-Noel-Kreutz-Gemeinsam-gegen-Corvid19.jpg\" data-orig-size=\"1200,872\" data-comments-opened=\"\" data-image-meta=\"{&quot;aperture&quot;:&quot;0&quot;,&quot;credit&quot;:&quot;&quot;,&quot;camera&quot;:&quot;&quot;,&quot;caption&quot;:&quot;&quot;,&quot;created_timestamp&quot;:&quot;0&quot;,&quot;copyright&quot;:&quot;&quot;,&quot;focal_length&quot;:&quot;0&quot;,&quot;iso&quot;:&quot;0&quot;,&quot;shutter_speed&quot;:&quot;0&quot;,&quot;title&quot;:&quot;&quot;,&quot;orientation&quot;:&quot;0&quot;}\" data-image-title=\"Maurice Noel Kreutz &amp;#8211; Gemeinsam gegen Corvid19\" data-image-description=\"\" data-medium-file=\"https:\/\/i0.wp.com\/www.gesamtschule-eiserfeld.de\/wp-content\/uploads\/2020\/04\/Maurice-Noel-Kreutz-Gemeinsam-gegen-Corvid19.jpg?fit=300%2C218&#038;ssl=1\" data-large-file=\"https:\/\/i0.wp.com\/www.gesamtschule-eiserfeld.de\/wp-content\/uploads\/2020\/04\/Maurice-Noel-Kreutz-Gemeinsam-gegen-Corvid19.jpg?fit=474%2C344&#038;ssl=1\" src=\"https:\/\/i0.wp.com\/www.gesamtschule-eiserfeld.de\/wp-content\/uploads\/2020\/04\/Maurice-Noel-Kreutz-Gemeinsam-gegen-Corvid19.jpg?w=217&#038;h=158&#038;ssl=1\" srcset=\"https:\/\/i0.wp.com\/www.gesamtschule-eiserfeld.de\/wp-content\/uploads\/2020\/04\/Maurice-Noel-Kreutz-Gemeinsam-gegen-Corvid19.jpg?w=1200&amp;ssl=1 1200w, https:\/\/i0.wp.com\/www.gesamtschule-eiserfeld.de\/wp-content\/uploads\/2020\/04\/Maurice-Noel-Kreutz-Gemeinsam-gegen-Corvid19.jpg?resize=300%2C218&amp;ssl=1 300w, https:\/\/i0.wp.com\/www.gesamtschule-eiserfeld.de\/wp-content\/uploads\/2020\/04\/Maurice-Noel-Kreutz-Gemeinsam-gegen-Corvid19.jpg?resize=1024%2C744&amp;ssl=1 1024w, https:\/\/i0.wp.com\/www.gesamtschule-eiserfeld.de\/wp-content\/uploads\/2020\/04\/Maurice-Noel-Kreutz-Gemeinsam-gegen-Corvid19.jpg?resize=200%2C145&amp;ssl=1 200w, https:\/\/i0.wp.com\/www.gesamtschule-eiserfeld.de\/wp-content\/uploads\/2020\/04\/Maurice-Noel-Kreutz-Gemeinsam-gegen-Corvid19.jpg?resize=768%2C558&amp;ssl=1 768w, https:\/\/i0.wp.com\/www.gesamtschule-eiserfeld.de\/wp-content\/uploads\/2020\/04\/Maurice-Noel-Kreutz-Gemeinsam-gegen-Corvid19.jpg?w=948&amp;ssl=1 948w\" width=\"217\" height=\"158\" loading=\"lazy\" data-original-width=\"217\" data-original-height=\"158\" itemprop=\"http:\/\/schema.org\/image\" title=\"Maurice Noel Kreutz - Gemeinsam gegen Corvid19\" alt=\"Maurice Noel Kreutz - Gemeinsam gegen Corvid19\" style=\"width: 217px; height: 158px;\" \/> <\/a> <\/div> <div class=\"tiled-gallery-item tiled-gallery-item-small\" itemprop=\"associatedMedia\" itemscope itemtype=\"http:\/\/schema.org\/ImageObject\"> <a href=\"https:\/\/www.gesamtschule-eiserfeld.de\/?attachment_id=13667\" border=\"0\" itemprop=\"url\"> <meta itemprop=\"width\" content=\"217\"> <meta itemprop=\"height\" content=\"153\"> <img decoding=\"async\" class=\"\" data-attachment-id=\"13667\" data-orig-file=\"https:\/\/www.gesamtschule-eiserfeld.de\/wp-content\/uploads\/2020\/04\/Emily-Bergh\u00e4user-DANKE-an-ALLE.jpg\" data-orig-size=\"1200,849\" data-comments-opened=\"\" data-image-meta=\"{&quot;aperture&quot;:&quot;0&quot;,&quot;credit&quot;:&quot;&quot;,&quot;camera&quot;:&quot;&quot;,&quot;caption&quot;:&quot;&quot;,&quot;created_timestamp&quot;:&quot;0&quot;,&quot;copyright&quot;:&quot;&quot;,&quot;focal_length&quot;:&quot;0&quot;,&quot;iso&quot;:&quot;0&quot;,&quot;shutter_speed&quot;:&quot;0&quot;,&quot;title&quot;:&quot;&quot;,&quot;orientation&quot;:&quot;0&quot;}\" data-image-title=\"Emily Bergh\u00e4user &amp;#8211; DANKE an ALLE!!!\" data-image-description=\"\" data-medium-file=\"https:\/\/i0.wp.com\/www.gesamtschule-eiserfeld.de\/wp-content\/uploads\/2020\/04\/Emily-Bergh%C3%A4user-DANKE-an-ALLE.jpg?fit=300%2C212&#038;ssl=1\" data-large-file=\"https:\/\/i0.wp.com\/www.gesamtschule-eiserfeld.de\/wp-content\/uploads\/2020\/04\/Emily-Bergh%C3%A4user-DANKE-an-ALLE.jpg?fit=474%2C335&#038;ssl=1\" src=\"https:\/\/i0.wp.com\/www.gesamtschule-eiserfeld.de\/wp-content\/uploads\/2020\/04\/Emily-Bergh%C3%A4user-DANKE-an-ALLE.jpg?w=217&#038;h=153&#038;ssl=1\" width=\"217\" height=\"153\" loading=\"lazy\" data-original-width=\"217\" data-original-height=\"153\" itemprop=\"http:\/\/schema.org\/image\" title=\"Emily Bergh\u00e4user - DANKE an ALLE!!!\" alt=\"Emily Bergh\u00e4user - DANKE an ALLE!!!\" style=\"width: 217px; height: 153px;\" \/> <\/a> <\/div> <\/div> <!-- close group --> <\/div> <!-- close row --> <div class=\"gallery-row\" style=\"width: 474px; height: 727px;\" data-original-width=\"474\" data-original-height=\"727\" > <div class=\"gallery-group images-1\" style=\"width: 474px; height: 727px;\" data-original-width=\"474\" data-original-height=\"727\" > <div class=\"tiled-gallery-item tiled-gallery-item-large\" itemprop=\"associatedMedia\" itemscope itemtype=\"http:\/\/schema.org\/ImageObject\"> <a href=\"https:\/\/www.gesamtschule-eiserfeld.de\/?attachment_id=13756\" border=\"0\" itemprop=\"url\"> <meta itemprop=\"width\" content=\"470\"> <meta itemprop=\"height\" content=\"723\"> <img decoding=\"async\" class=\"\" data-attachment-id=\"13756\" data-orig-file=\"https:\/\/www.gesamtschule-eiserfeld.de\/wp-content\/uploads\/2020\/04\/Mika-6a-Wir-bleiben-zuhause1.jpg\" data-orig-size=\"780,1200\" data-comments-opened=\"\" data-image-meta=\"{&quot;aperture&quot;:&quot;0&quot;,&quot;credit&quot;:&quot;&quot;,&quot;camera&quot;:&quot;&quot;,&quot;caption&quot;:&quot;&quot;,&quot;created_timestamp&quot;:&quot;0&quot;,&quot;copyright&quot;:&quot;&quot;,&quot;focal_length&quot;:&quot;0&quot;,&quot;iso&quot;:&quot;0&quot;,&quot;shutter_speed&quot;:&quot;0&quot;,&quot;title&quot;:&quot;&quot;,&quot;orientation&quot;:&quot;0&quot;}\" data-image-title=\"Mika 6a &amp;#8211; Wir bleiben zuhause1\" data-image-description=\"\" data-medium-file=\"https:\/\/i0.wp.com\/www.gesamtschule-eiserfeld.de\/wp-content\/uploads\/2020\/04\/Mika-6a-Wir-bleiben-zuhause1.jpg?fit=195%2C300&#038;ssl=1\" data-large-file=\"https:\/\/i0.wp.com\/www.gesamtschule-eiserfeld.de\/wp-content\/uploads\/2020\/04\/Mika-6a-Wir-bleiben-zuhause1.jpg?fit=474%2C729&#038;ssl=1\" src=\"https:\/\/i0.wp.com\/www.gesamtschule-eiserfeld.de\/wp-content\/uploads\/2020\/04\/Mika-6a-Wir-bleiben-zuhause1.jpg?w=470&#038;h=723&#038;ssl=1\" srcset=\"https:\/\/i0.wp.com\/www.gesamtschule-eiserfeld.de\/wp-content\/uploads\/2020\/04\/Mika-6a-Wir-bleiben-zuhause1.jpg?w=780&amp;ssl=1 780w, https:\/\/i0.wp.com\/www.gesamtschule-eiserfeld.de\/wp-content\/uploads\/2020\/04\/Mika-6a-Wir-bleiben-zuhause1.jpg?resize=195%2C300&amp;ssl=1 195w, https:\/\/i0.wp.com\/www.gesamtschule-eiserfeld.de\/wp-content\/uploads\/2020\/04\/Mika-6a-Wir-bleiben-zuhause1.jpg?resize=666%2C1024&amp;ssl=1 666w, https:\/\/i0.wp.com\/www.gesamtschule-eiserfeld.de\/wp-content\/uploads\/2020\/04\/Mika-6a-Wir-bleiben-zuhause1.jpg?resize=98%2C150&amp;ssl=1 98w, https:\/\/i0.wp.com\/www.gesamtschule-eiserfeld.de\/wp-content\/uploads\/2020\/04\/Mika-6a-Wir-bleiben-zuhause1.jpg?resize=768%2C1182&amp;ssl=1 768w\" width=\"470\" height=\"723\" loading=\"lazy\" data-original-width=\"470\" data-original-height=\"723\" itemprop=\"http:\/\/schema.org\/image\" title=\"Mika 6a - Wir bleiben zuhause1\" alt=\"Mika 6a - Wir bleiben zuhause1\" style=\"width: 470px; height: 723px;\" \/> <\/a> <\/div> <\/div> <!-- close group --> <\/div> <!-- close row --> <\/div>\n<div style=\"width: 474px;\" class=\"wp-video\"><video class=\"wp-video-shortcode\" id=\"video-13712-1\" width=\"474\" height=\"267\" preload=\"metadata\" controls=\"controls\"><source type=\"video\/mp4\" src=\"https:\/\/www.gesamtschule-eiserfeld.de\/wp-content\/uploads\/2020\/04\/Moritz-Schmidt-6a-Titel-Danke.mp4?_=1\" \/><a href=\"https:\/\/www.gesamtschule-eiserfeld.de\/wp-content\/uploads\/2020\/04\/Moritz-Schmidt-6a-Titel-Danke.mp4\">https:\/\/www.gesamtschule-eiserfeld.de\/wp-content\/uploads\/2020\/04\/Moritz-Schmidt-6a-Titel-Danke.mp4<\/a><\/video><\/div>\n","protected":false},"excerpt":{"rendered":"<p>[2020-04-03 GUTM]\u00a0 \u00a0Vielen Dank an die Sch\u00fclerinnen und Sch\u00fcler, die die ersten Motivationen gestaltet haben . Gerne d\u00fcrft ihr uns weitere an gutm@gesamtschule-eiserfeld.de schicken und dabei helfen, die Menschen zu motivieren, die jeden Tag daf\u00fcr sorgen, dass es uns und anderen\u00a0 an nichts mangelt.<\/p>\n","protected":false},"author":9,"featured_media":13667,"comment_status":"closed","ping_status":"open","sticky":false,"template":"","format":"standard","meta":{"jetpack_post_was_ever_published":false,"_jetpack_newsletter_access":"","_jetpack_dont_email_post_to_subs":false,"_jetpack_newsletter_tier_id":0,"_jetpack_memberships_contains_paywalled_content":false,"_jetpack_memberships_contains_paid_content":false,"footnotes":"","jetpack_publicize_message":"","jetpack_publicize_feature_enabled":true,"jetpack_social_post_already_shared":true,"jetpack_social_options":{"image_generator_settings":{"template":"highway","default_image_id":0,"font":"","enabled":false},"version":2}},"categories":[54,146],"tags":[],"class_list":["post-13712","post","type-post","status-publish","format-standard","has-post-thumbnail","hentry","category-aktionen","category-kunst"],"yoast_head":"<!-- This site is optimized with the Yoast SEO plugin v27.4 - https:\/\/yoast.com\/product\/yoast-seo-wordpress\/ -->\n<title>Ihr seid unsere Helden - Vielen Dank! - Gesamtschule Eiserfeld<\/title>\n<meta name=\"robots\" content=\"index, follow, max-snippet:-1, max-image-preview:large, max-video-preview:-1\" \/>\n<link rel=\"canonical\" href=\"https:\/\/www.gesamtschule-eiserfeld.de\/?p=13712\" \/>\n<meta property=\"og:locale\" content=\"de_DE\" \/>\n<meta property=\"og:type\" content=\"article\" \/>\n<meta property=\"og:title\" content=\"Ihr seid unsere Helden - Vielen Dank! - Gesamtschule Eiserfeld\" \/>\n<meta property=\"og:description\" content=\"[2020-04-03 GUTM]\u00a0 \u00a0Vielen Dank an die Sch\u00fclerinnen und Sch\u00fcler, die die ersten Motivationen gestaltet haben . Gerne d\u00fcrft ihr uns weitere an gutm@gesamtschule-eiserfeld.de schicken und dabei helfen, die Menschen zu motivieren, die jeden Tag daf\u00fcr sorgen, dass es uns und anderen\u00a0 an nichts mangelt.\" \/>\n<meta property=\"og:url\" content=\"https:\/\/www.gesamtschule-eiserfeld.de\/?p=13712\" \/>\n<meta property=\"og:site_name\" content=\"Gesamtschule Eiserfeld\" \/>\n<meta property=\"article:publisher\" content=\"https:\/\/www.facebook.com\/GEEiserfeld\" \/>\n<meta property=\"article:published_time\" content=\"2020-04-03T09:20:11+00:00\" \/>\n<meta property=\"article:modified_time\" content=\"2020-04-19T18:17:38+00:00\" \/>\n<meta property=\"og:image\" content=\"https:\/\/i0.wp.com\/www.gesamtschule-eiserfeld.de\/wp-content\/uploads\/2020\/04\/Emily-Bergh\u00e4user-DANKE-an-ALLE.jpg?fit=1200%2C849&ssl=1\" \/>\n\t<meta property=\"og:image:width\" content=\"1200\" \/>\n\t<meta property=\"og:image:height\" content=\"849\" \/>\n\t<meta property=\"og:image:type\" content=\"image\/jpeg\" \/>\n<meta name=\"author\" content=\"dorw\" \/>\n<meta name=\"twitter:card\" content=\"summary_large_image\" \/>\n<meta name=\"twitter:label1\" content=\"Verfasst von\" \/>\n\t<meta name=\"twitter:data1\" content=\"dorw\" \/>\n<script type=\"application\/ld+json\" class=\"yoast-schema-graph\">{\"@context\":\"https:\\\/\\\/schema.org\",\"@graph\":[{\"@type\":\"Article\",\"@id\":\"https:\\\/\\\/www.gesamtschule-eiserfeld.de\\\/?p=13712#article\",\"isPartOf\":{\"@id\":\"https:\\\/\\\/www.gesamtschule-eiserfeld.de\\\/?p=13712\"},\"author\":{\"name\":\"dorw\",\"@id\":\"https:\\\/\\\/www.gesamtschule-eiserfeld.de\\\/#\\\/schema\\\/person\\\/9f37123dd2ff514a1346db435bdb3784\"},\"headline\":\"Ihr seid unsere Helden &#8211; Vielen Dank!\",\"datePublished\":\"2020-04-03T09:20:11+00:00\",\"dateModified\":\"2020-04-19T18:17:38+00:00\",\"mainEntityOfPage\":{\"@id\":\"https:\\\/\\\/www.gesamtschule-eiserfeld.de\\\/?p=13712\"},\"wordCount\":80,\"publisher\":{\"@id\":\"https:\\\/\\\/www.gesamtschule-eiserfeld.de\\\/#organization\"},\"image\":{\"@id\":\"https:\\\/\\\/www.gesamtschule-eiserfeld.de\\\/?p=13712#primaryimage\"},\"thumbnailUrl\":\"https:\\\/\\\/i0.wp.com\\\/www.gesamtschule-eiserfeld.de\\\/wp-content\\\/uploads\\\/2020\\\/04\\\/Emily-Bergh%C3%A4user-DANKE-an-ALLE.jpg?fit=1200%2C849&ssl=1\",\"articleSection\":[\"Aktionen\",\"Kunst\"],\"inLanguage\":\"de\"},{\"@type\":\"WebPage\",\"@id\":\"https:\\\/\\\/www.gesamtschule-eiserfeld.de\\\/?p=13712\",\"url\":\"https:\\\/\\\/www.gesamtschule-eiserfeld.de\\\/?p=13712\",\"name\":\"Ihr seid unsere Helden - Vielen Dank! - Gesamtschule Eiserfeld\",\"isPartOf\":{\"@id\":\"https:\\\/\\\/www.gesamtschule-eiserfeld.de\\\/#website\"},\"primaryImageOfPage\":{\"@id\":\"https:\\\/\\\/www.gesamtschule-eiserfeld.de\\\/?p=13712#primaryimage\"},\"image\":{\"@id\":\"https:\\\/\\\/www.gesamtschule-eiserfeld.de\\\/?p=13712#primaryimage\"},\"thumbnailUrl\":\"https:\\\/\\\/i0.wp.com\\\/www.gesamtschule-eiserfeld.de\\\/wp-content\\\/uploads\\\/2020\\\/04\\\/Emily-Bergh%C3%A4user-DANKE-an-ALLE.jpg?fit=1200%2C849&ssl=1\",\"datePublished\":\"2020-04-03T09:20:11+00:00\",\"dateModified\":\"2020-04-19T18:17:38+00:00\",\"breadcrumb\":{\"@id\":\"https:\\\/\\\/www.gesamtschule-eiserfeld.de\\\/?p=13712#breadcrumb\"},\"inLanguage\":\"de\",\"potentialAction\":[{\"@type\":\"ReadAction\",\"target\":[\"https:\\\/\\\/www.gesamtschule-eiserfeld.de\\\/?p=13712\"]}]},{\"@type\":\"ImageObject\",\"inLanguage\":\"de\",\"@id\":\"https:\\\/\\\/www.gesamtschule-eiserfeld.de\\\/?p=13712#primaryimage\",\"url\":\"https:\\\/\\\/i0.wp.com\\\/www.gesamtschule-eiserfeld.de\\\/wp-content\\\/uploads\\\/2020\\\/04\\\/Emily-Bergh%C3%A4user-DANKE-an-ALLE.jpg?fit=1200%2C849&ssl=1\",\"contentUrl\":\"https:\\\/\\\/i0.wp.com\\\/www.gesamtschule-eiserfeld.de\\\/wp-content\\\/uploads\\\/2020\\\/04\\\/Emily-Bergh%C3%A4user-DANKE-an-ALLE.jpg?fit=1200%2C849&ssl=1\",\"width\":1200,\"height\":849},{\"@type\":\"BreadcrumbList\",\"@id\":\"https:\\\/\\\/www.gesamtschule-eiserfeld.de\\\/?p=13712#breadcrumb\",\"itemListElement\":[{\"@type\":\"ListItem\",\"position\":1,\"name\":\"Startseite\",\"item\":\"https:\\\/\\\/www.gesamtschule-eiserfeld.de\\\/\"},{\"@type\":\"ListItem\",\"position\":2,\"name\":\"Ihr seid unsere Helden &#8211; Vielen Dank!\"}]},{\"@type\":\"WebSite\",\"@id\":\"https:\\\/\\\/www.gesamtschule-eiserfeld.de\\\/#website\",\"url\":\"https:\\\/\\\/www.gesamtschule-eiserfeld.de\\\/\",\"name\":\"Gesamtschule Eiserfeld\",\"description\":\"\",\"publisher\":{\"@id\":\"https:\\\/\\\/www.gesamtschule-eiserfeld.de\\\/#organization\"},\"potentialAction\":[{\"@type\":\"SearchAction\",\"target\":{\"@type\":\"EntryPoint\",\"urlTemplate\":\"https:\\\/\\\/www.gesamtschule-eiserfeld.de\\\/?s={search_term_string}\"},\"query-input\":{\"@type\":\"PropertyValueSpecification\",\"valueRequired\":true,\"valueName\":\"search_term_string\"}}],\"inLanguage\":\"de\"},{\"@type\":\"Organization\",\"@id\":\"https:\\\/\\\/www.gesamtschule-eiserfeld.de\\\/#organization\",\"name\":\"Gesamtschule Eiserfeld\",\"url\":\"https:\\\/\\\/www.gesamtschule-eiserfeld.de\\\/\",\"logo\":{\"@type\":\"ImageObject\",\"inLanguage\":\"de\",\"@id\":\"https:\\\/\\\/www.gesamtschule-eiserfeld.de\\\/#\\\/schema\\\/logo\\\/image\\\/\",\"url\":\"https:\\\/\\\/i1.wp.com\\\/www.gesamtschule-eiserfeld.de\\\/wp-content\\\/uploads\\\/2019\\\/01\\\/GEE-Logo-neu.jpg?fit=436%2C126&ssl=1\",\"contentUrl\":\"https:\\\/\\\/i1.wp.com\\\/www.gesamtschule-eiserfeld.de\\\/wp-content\\\/uploads\\\/2019\\\/01\\\/GEE-Logo-neu.jpg?fit=436%2C126&ssl=1\",\"width\":436,\"height\":126,\"caption\":\"Gesamtschule Eiserfeld\"},\"image\":{\"@id\":\"https:\\\/\\\/www.gesamtschule-eiserfeld.de\\\/#\\\/schema\\\/logo\\\/image\\\/\"},\"sameAs\":[\"https:\\\/\\\/www.facebook.com\\\/GEEiserfeld\"]},{\"@type\":\"Person\",\"@id\":\"https:\\\/\\\/www.gesamtschule-eiserfeld.de\\\/#\\\/schema\\\/person\\\/9f37123dd2ff514a1346db435bdb3784\",\"name\":\"dorw\",\"sameAs\":[\"http:\\\/\\\/www.ge-eiserfeld.de\"],\"url\":\"https:\\\/\\\/www.gesamtschule-eiserfeld.de\\\/?author=9\"}]}<\/script>\n<!-- \/ Yoast SEO plugin. -->","yoast_head_json":{"title":"Ihr seid unsere Helden - Vielen Dank! - Gesamtschule Eiserfeld","robots":{"index":"index","follow":"follow","max-snippet":"max-snippet:-1","max-image-preview":"max-image-preview:large","max-video-preview":"max-video-preview:-1"},"canonical":"https:\/\/www.gesamtschule-eiserfeld.de\/?p=13712","og_locale":"de_DE","og_type":"article","og_title":"Ihr seid unsere Helden - Vielen Dank! - Gesamtschule Eiserfeld","og_description":"[2020-04-03 GUTM]\u00a0 \u00a0Vielen Dank an die Sch\u00fclerinnen und Sch\u00fcler, die die ersten Motivationen gestaltet haben . Gerne d\u00fcrft ihr uns weitere an gutm@gesamtschule-eiserfeld.de schicken und dabei helfen, die Menschen zu motivieren, die jeden Tag daf\u00fcr sorgen, dass es uns und anderen\u00a0 an nichts mangelt.","og_url":"https:\/\/www.gesamtschule-eiserfeld.de\/?p=13712","og_site_name":"Gesamtschule Eiserfeld","article_publisher":"https:\/\/www.facebook.com\/GEEiserfeld","article_published_time":"2020-04-03T09:20:11+00:00","article_modified_time":"2020-04-19T18:17:38+00:00","og_image":[{"width":1200,"height":849,"url":"https:\/\/i0.wp.com\/www.gesamtschule-eiserfeld.de\/wp-content\/uploads\/2020\/04\/Emily-Bergh\u00e4user-DANKE-an-ALLE.jpg?fit=1200%2C849&ssl=1","type":"image\/jpeg"}],"author":"dorw","twitter_card":"summary_large_image","twitter_misc":{"Verfasst von":"dorw"},"schema":{"@context":"https:\/\/schema.org","@graph":[{"@type":"Article","@id":"https:\/\/www.gesamtschule-eiserfeld.de\/?p=13712#article","isPartOf":{"@id":"https:\/\/www.gesamtschule-eiserfeld.de\/?p=13712"},"author":{"name":"dorw","@id":"https:\/\/www.gesamtschule-eiserfeld.de\/#\/schema\/person\/9f37123dd2ff514a1346db435bdb3784"},"headline":"Ihr seid unsere Helden &#8211; Vielen Dank!","datePublished":"2020-04-03T09:20:11+00:00","dateModified":"2020-04-19T18:17:38+00:00","mainEntityOfPage":{"@id":"https:\/\/www.gesamtschule-eiserfeld.de\/?p=13712"},"wordCount":80,"publisher":{"@id":"https:\/\/www.gesamtschule-eiserfeld.de\/#organization"},"image":{"@id":"https:\/\/www.gesamtschule-eiserfeld.de\/?p=13712#primaryimage"},"thumbnailUrl":"https:\/\/i0.wp.com\/www.gesamtschule-eiserfeld.de\/wp-content\/uploads\/2020\/04\/Emily-Bergh%C3%A4user-DANKE-an-ALLE.jpg?fit=1200%2C849&ssl=1","articleSection":["Aktionen","Kunst"],"inLanguage":"de"},{"@type":"WebPage","@id":"https:\/\/www.gesamtschule-eiserfeld.de\/?p=13712","url":"https:\/\/www.gesamtschule-eiserfeld.de\/?p=13712","name":"Ihr seid unsere Helden - Vielen Dank! - Gesamtschule Eiserfeld","isPartOf":{"@id":"https:\/\/www.gesamtschule-eiserfeld.de\/#website"},"primaryImageOfPage":{"@id":"https:\/\/www.gesamtschule-eiserfeld.de\/?p=13712#primaryimage"},"image":{"@id":"https:\/\/www.gesamtschule-eiserfeld.de\/?p=13712#primaryimage"},"thumbnailUrl":"https:\/\/i0.wp.com\/www.gesamtschule-eiserfeld.de\/wp-content\/uploads\/2020\/04\/Emily-Bergh%C3%A4user-DANKE-an-ALLE.jpg?fit=1200%2C849&ssl=1","datePublished":"2020-04-03T09:20:11+00:00","dateModified":"2020-04-19T18:17:38+00:00","breadcrumb":{"@id":"https:\/\/www.gesamtschule-eiserfeld.de\/?p=13712#breadcrumb"},"inLanguage":"de","potentialAction":[{"@type":"ReadAction","target":["https:\/\/www.gesamtschule-eiserfeld.de\/?p=13712"]}]},{"@type":"ImageObject","inLanguage":"de","@id":"https:\/\/www.gesamtschule-eiserfeld.de\/?p=13712#primaryimage","url":"https:\/\/i0.wp.com\/www.gesamtschule-eiserfeld.de\/wp-content\/uploads\/2020\/04\/Emily-Bergh%C3%A4user-DANKE-an-ALLE.jpg?fit=1200%2C849&ssl=1","contentUrl":"https:\/\/i0.wp.com\/www.gesamtschule-eiserfeld.de\/wp-content\/uploads\/2020\/04\/Emily-Bergh%C3%A4user-DANKE-an-ALLE.jpg?fit=1200%2C849&ssl=1","width":1200,"height":849},{"@type":"BreadcrumbList","@id":"https:\/\/www.gesamtschule-eiserfeld.de\/?p=13712#breadcrumb","itemListElement":[{"@type":"ListItem","position":1,"name":"Startseite","item":"https:\/\/www.gesamtschule-eiserfeld.de\/"},{"@type":"ListItem","position":2,"name":"Ihr seid unsere Helden &#8211; Vielen Dank!"}]},{"@type":"WebSite","@id":"https:\/\/www.gesamtschule-eiserfeld.de\/#website","url":"https:\/\/www.gesamtschule-eiserfeld.de\/","name":"Gesamtschule Eiserfeld","description":"","publisher":{"@id":"https:\/\/www.gesamtschule-eiserfeld.de\/#organization"},"potentialAction":[{"@type":"SearchAction","target":{"@type":"EntryPoint","urlTemplate":"https:\/\/www.gesamtschule-eiserfeld.de\/?s={search_term_string}"},"query-input":{"@type":"PropertyValueSpecification","valueRequired":true,"valueName":"search_term_string"}}],"inLanguage":"de"},{"@type":"Organization","@id":"https:\/\/www.gesamtschule-eiserfeld.de\/#organization","name":"Gesamtschule Eiserfeld","url":"https:\/\/www.gesamtschule-eiserfeld.de\/","logo":{"@type":"ImageObject","inLanguage":"de","@id":"https:\/\/www.gesamtschule-eiserfeld.de\/#\/schema\/logo\/image\/","url":"https:\/\/i1.wp.com\/www.gesamtschule-eiserfeld.de\/wp-content\/uploads\/2019\/01\/GEE-Logo-neu.jpg?fit=436%2C126&ssl=1","contentUrl":"https:\/\/i1.wp.com\/www.gesamtschule-eiserfeld.de\/wp-content\/uploads\/2019\/01\/GEE-Logo-neu.jpg?fit=436%2C126&ssl=1","width":436,"height":126,"caption":"Gesamtschule Eiserfeld"},"image":{"@id":"https:\/\/www.gesamtschule-eiserfeld.de\/#\/schema\/logo\/image\/"},"sameAs":["https:\/\/www.facebook.com\/GEEiserfeld"]},{"@type":"Person","@id":"https:\/\/www.gesamtschule-eiserfeld.de\/#\/schema\/person\/9f37123dd2ff514a1346db435bdb3784","name":"dorw","sameAs":["http:\/\/www.ge-eiserfeld.de"],"url":"https:\/\/www.gesamtschule-eiserfeld.de\/?author=9"}]}},"jetpack_publicize_connections":[],"jetpack_featured_media_url":"https:\/\/i0.wp.com\/www.gesamtschule-eiserfeld.de\/wp-content\/uploads\/2020\/04\/Emily-Bergh%C3%A4user-DANKE-an-ALLE.jpg?fit=1200%2C849&ssl=1","jetpack_shortlink":"https:\/\/wp.me\/p2weeL-3za","jetpack_sharing_enabled":true,"_links":{"self":[{"href":"https:\/\/www.gesamtschule-eiserfeld.de\/index.php?rest_route=\/wp\/v2\/posts\/13712","targetHints":{"allow":["GET"]}}],"collection":[{"href":"https:\/\/www.gesamtschule-eiserfeld.de\/index.php?rest_route=\/wp\/v2\/posts"}],"about":[{"href":"https:\/\/www.gesamtschule-eiserfeld.de\/index.php?rest_route=\/wp\/v2\/types\/post"}],"author":[{"embeddable":true,"href":"https:\/\/www.gesamtschule-eiserfeld.de\/index.php?rest_route=\/wp\/v2\/users\/9"}],"replies":[{"embeddable":true,"href":"https:\/\/www.gesamtschule-eiserfeld.de\/index.php?rest_route=%2Fwp%2Fv2%2Fcomments&post=13712"}],"version-history":[{"count":0,"href":"https:\/\/www.gesamtschule-eiserfeld.de\/index.php?rest_route=\/wp\/v2\/posts\/13712\/revisions"}],"wp:featuredmedia":[{"embeddable":true,"href":"https:\/\/www.gesamtschule-eiserfeld.de\/index.php?rest_route=\/wp\/v2\/media\/13667"}],"wp:attachment":[{"href":"https:\/\/www.gesamtschule-eiserfeld.de\/index.php?rest_route=%2Fwp%2Fv2%2Fmedia&parent=13712"}],"wp:term":[{"taxonomy":"category","embeddable":true,"href":"https:\/\/www.gesamtschule-eiserfeld.de\/index.php?rest_route=%2Fwp%2Fv2%2Fcategories&post=13712"},{"taxonomy":"post_tag","embeddable":true,"href":"https:\/\/www.gesamtschule-eiserfeld.de\/index.php?rest_route=%2Fwp%2Fv2%2Ftags&post=13712"}],"curies":[{"name":"wp","href":"https:\/\/api.w.org\/{rel}","templated":true}]}}