{"id":13965,"date":"2020-07-09T07:34:02","date_gmt":"2020-07-09T06:34:02","guid":{"rendered":"https:\/\/www.gesamtschule-eiserfeld.de\/?p=13965"},"modified":"2020-08-06T14:22:01","modified_gmt":"2020-08-06T13:22:01","slug":"online-lesung-fuer-ahmet-altan-2020","status":"publish","type":"post","link":"https:\/\/www.gesamtschule-eiserfeld.de\/?p=13965","title":{"rendered":"Online-Lesung f\u00fcr Ahmet Altan 2020"},"content":{"rendered":"<p style=\"text-align: justify;\"><a href=\"https:\/\/www.gesamtschule-eiserfeld.de\/?attachment_id=13967\"><img data-recalc-dims=\"1\" loading=\"lazy\" decoding=\"async\" data-attachment-id=\"13967\" data-permalink=\"https:\/\/www.gesamtschule-eiserfeld.de\/?attachment_id=13967\" data-orig-file=\"https:\/\/i0.wp.com\/www.gesamtschule-eiserfeld.de\/wp-content\/uploads\/2020\/07\/Plakat-24-Stunden-Lesung-Ahmet-Kopie.jpg?fit=831%2C1200&amp;ssl=1\" data-orig-size=\"831,1200\" data-comments-opened=\"0\" data-image-meta=\"{&quot;aperture&quot;:&quot;0&quot;,&quot;credit&quot;:&quot;&quot;,&quot;camera&quot;:&quot;&quot;,&quot;caption&quot;:&quot;&quot;,&quot;created_timestamp&quot;:&quot;0&quot;,&quot;copyright&quot;:&quot;&quot;,&quot;focal_length&quot;:&quot;0&quot;,&quot;iso&quot;:&quot;0&quot;,&quot;shutter_speed&quot;:&quot;0&quot;,&quot;title&quot;:&quot;&quot;,&quot;orientation&quot;:&quot;0&quot;}\" data-image-title=\"Plakat 24 Stunden-Lesung Ahmet Kopie\" data-image-description=\"\" data-image-caption=\"\" data-large-file=\"https:\/\/i0.wp.com\/www.gesamtschule-eiserfeld.de\/wp-content\/uploads\/2020\/07\/Plakat-24-Stunden-Lesung-Ahmet-Kopie.jpg?fit=474%2C685&amp;ssl=1\" class=\"alignleft wp-image-13967 \" src=\"https:\/\/i0.wp.com\/www.gesamtschule-eiserfeld.de\/wp-content\/uploads\/2020\/07\/Plakat-24-Stunden-Lesung-Ahmet-Kopie.jpg?resize=84%2C121&#038;ssl=1\" alt=\"\" width=\"84\" height=\"121\" srcset=\"https:\/\/i0.wp.com\/www.gesamtschule-eiserfeld.de\/wp-content\/uploads\/2020\/07\/Plakat-24-Stunden-Lesung-Ahmet-Kopie.jpg?resize=208%2C300&amp;ssl=1 208w, https:\/\/i0.wp.com\/www.gesamtschule-eiserfeld.de\/wp-content\/uploads\/2020\/07\/Plakat-24-Stunden-Lesung-Ahmet-Kopie.jpg?resize=709%2C1024&amp;ssl=1 709w, https:\/\/i0.wp.com\/www.gesamtschule-eiserfeld.de\/wp-content\/uploads\/2020\/07\/Plakat-24-Stunden-Lesung-Ahmet-Kopie.jpg?resize=104%2C150&amp;ssl=1 104w, https:\/\/i0.wp.com\/www.gesamtschule-eiserfeld.de\/wp-content\/uploads\/2020\/07\/Plakat-24-Stunden-Lesung-Ahmet-Kopie.jpg?resize=768%2C1109&amp;ssl=1 768w, https:\/\/i0.wp.com\/www.gesamtschule-eiserfeld.de\/wp-content\/uploads\/2020\/07\/Plakat-24-Stunden-Lesung-Ahmet-Kopie.jpg?w=831&amp;ssl=1 831w\" sizes=\"auto, (max-width: 84px) 100vw, 84px\" \/><\/a> [2020-07-09 KR\u00c4M] Sch\u00fclerinnen und Sch\u00fcler aus ganz Deutschland lesen f\u00fcr den politischen H\u00e4ftling Ahmet Altan und alle Menschen, die staatlicher Willk\u00fcrherrschaft ausgesetzt sind\u00a0 .<\/p>\n<p><!--more--><\/p>\n<p style=\"text-align: justify;\">24 Stunden-Online-Lesung<br \/>\nAhmet Altan &#8211; Ich werde die Welt nie wiedersehen<br \/>\n10. bis 11. Juli 2020 &#8211; Beginn Freitag, 10. Juli um 19:00 Uhr (Zugang s.u.)<\/p>\n<p style=\"text-align: justify;\">Am Freitag, 10. Juli 2020 startet um 19 Uhr mit einer Auftaktveranstaltung ein au\u00dfergew\u00f6hnliches Online-Projekt. Sch\u00fclerinnen und Sch\u00fcler der Oberstufentheatergruppe des Ernst-Mach-Gymnasiums Haar in der N\u00e4he von M\u00fcnchen und Theatersch\u00fclerinnen aus ganz Deutschland sowie Studierende der LMU M\u00fcnchen lesen 24 Stunden lang f\u00fcr Ahmet Altan und alle Menschen, die staatlicher Willk\u00fcrherrschaft ausgesetzt sind!<\/p>\n<p style=\"text-align: justify;\">Auch eine Theatersch\u00fclerin unserer Schule beteiligt sich an diesem Online-Leseprojekt. Sara Chamss von <em>gee whiz!<\/em> war sofort bereit, an dieser ber\u00fchrenden und mutigen Lesung mitzuwirken, um so deutlich zu machen, dass Menschenrechte t\u00e4glich verteidigt und bekr\u00e4ftigt werden m\u00fcssen.<\/p>\n<p style=\"text-align: left;\"><em>\u00a0<\/em><em>\u201eIch schreibe dies in einer Gef\u00e4ngniszelle.<br \/>\n<\/em><em>Aber ich bin nicht im Gef\u00e4ngnis.<br \/>\n<\/em><em>Ich bin Schriftsteller.<br \/>\n<\/em><em>Sie k\u00f6nnen mir am Ufer des Amazonas begegnen, an einem mexikanischen Strand, in den Savannen Afrikas. (\u2026). Sie m\u00f6gen die Macht haben, mich ins Gef\u00e4ngnis zu sperren; im Gef\u00e4ngnis halten k\u00f6nnen sie mich nicht.\u201c<br \/>\n<\/em>(Ahmet Altan aus seinem Buch \u201eIch werde die Welt nie wiedersehen\u201c)<\/p>\n<p style=\"text-align: justify;\"><img data-recalc-dims=\"1\" loading=\"lazy\" decoding=\"async\" data-attachment-id=\"13974\" data-permalink=\"https:\/\/www.gesamtschule-eiserfeld.de\/?attachment_id=13974\" data-orig-file=\"https:\/\/i0.wp.com\/www.gesamtschule-eiserfeld.de\/wp-content\/uploads\/2020\/07\/Anmerkung-2020-07-09-083130.jpg?fit=630%2C348&amp;ssl=1\" data-orig-size=\"630,348\" data-comments-opened=\"0\" data-image-meta=\"{&quot;aperture&quot;:&quot;0&quot;,&quot;credit&quot;:&quot;&quot;,&quot;camera&quot;:&quot;&quot;,&quot;caption&quot;:&quot;&quot;,&quot;created_timestamp&quot;:&quot;0&quot;,&quot;copyright&quot;:&quot;&quot;,&quot;focal_length&quot;:&quot;0&quot;,&quot;iso&quot;:&quot;0&quot;,&quot;shutter_speed&quot;:&quot;0&quot;,&quot;title&quot;:&quot;&quot;,&quot;orientation&quot;:&quot;0&quot;}\" data-image-title=\"Anmerkung 2020-07-09 083130\" data-image-description=\"\" data-image-caption=\"\" data-large-file=\"https:\/\/i0.wp.com\/www.gesamtschule-eiserfeld.de\/wp-content\/uploads\/2020\/07\/Anmerkung-2020-07-09-083130.jpg?fit=474%2C262&amp;ssl=1\" class=\"size-medium wp-image-13974 alignright\" src=\"https:\/\/i0.wp.com\/www.gesamtschule-eiserfeld.de\/wp-content\/uploads\/2020\/07\/Anmerkung-2020-07-09-083130.jpg?resize=300%2C166&#038;ssl=1\" alt=\"\" width=\"300\" height=\"166\" srcset=\"https:\/\/i0.wp.com\/www.gesamtschule-eiserfeld.de\/wp-content\/uploads\/2020\/07\/Anmerkung-2020-07-09-083130.jpg?resize=300%2C166&amp;ssl=1 300w, https:\/\/i0.wp.com\/www.gesamtschule-eiserfeld.de\/wp-content\/uploads\/2020\/07\/Anmerkung-2020-07-09-083130.jpg?resize=200%2C110&amp;ssl=1 200w, https:\/\/i0.wp.com\/www.gesamtschule-eiserfeld.de\/wp-content\/uploads\/2020\/07\/Anmerkung-2020-07-09-083130.jpg?w=630&amp;ssl=1 630w\" sizes=\"auto, (max-width: 300px) 100vw, 300px\" \/>24 Stunden lang werden immer wieder und wieder Anfang und Schluss des Buches \u201eIch werde die Welt nie wiedersehen\u201c von Ahmet Altan gelesen.<br \/>\nDie Zuschauerinnen und Zuschauer k\u00f6nnen sich sichtbar oder unsichtbar \u00fcber den gesamten Zeitraum hinzuschalten. Zus\u00e4tzlich werden kurze Filmsequenzen angeboten, die die Sch\u00fclerinnen und Sch\u00fcler des Ernst-Mach-Gymnasiums selbstst\u00e4ndig entwickelt haben.<br \/>\nDie jungen Menschen wollen durch diesen Lesemarathon auf die unhaltbare und menschenrechtsverletzende Situation von Ahmet Altan und anderen aus zweifelhaften Gr\u00fcnden in der T\u00fcrkei und weltweit Inhaftierten aufmerksam machen.<br \/>\nWir versuchen, durch st\u00e4ndiges Wiederholen der immer gleichen Textstelle Monotonie und Gleichf\u00f6rmigkeit erfahrbar zu machen und so auf den Alltag der Inhaftierten zu verweisen.<br \/>\nWas das mit uns machen wird? Wir wissen es nicht. Wir wollen es zusammen mit den Zuschauerinnen und Zuschauer, die uns st\u00fcckweise begleiten, erleben.<br \/>\nTrailer: <a href=\"https:\/\/vimeo.com\/435559884\">https:\/\/vimeo.com\/435559884<\/a><\/p>\n<p style=\"text-align: justify;\">Zugang zur Online-Lesung:<br \/>\nDer Eintritt ist frei. Der Zugang erfolgt am Auff\u00fchrungstag ab 18:45 Uhr \u00fcber die Einstiegsseite <a href=\"http:\/\/www.blickwechsel.theater\">www.blickwechsel.theater<\/a>.<br \/>\n(Oder Anmeldung per Mail an <em>\u00a0<\/em><a href=\"mailto:info@blickwechsel.theater\"><em>info@blickwechsel.theater<\/em><\/a><em> , wir senden die Zugangsdaten dann im Vorfeld zu.)<\/em><\/p>\n<p style=\"text-align: justify;\">Zum Hintergrund:<br \/>\nAm 16. Februar 2018 wurde der gro\u00dfe t\u00fcrkische Intellektuelle Ahmet Altan in der T\u00fcrkei zu lebenslanger Haft verurteilt. Altan ist einer der wichtigsten, mutigsten Journalisten der T\u00fcrkei, der immer offen gesagt hat, was er denkt. Ihm wird vorgeworfen, \u00bbunterschwellige Botschaften\u00ab \u00fcber den Putschversuch im Jahr 2016 verbreitet zu haben.<br \/>\nIm September 2018 erschien sein Buch \u201eIch werde die Welt nie wieder sehen. Texte aus dem Gef\u00e4ngnis\u201c erschienen. Es ist eine beeindruckende Sammlung teilweise sehr pers\u00f6nlicher, fast philosophischer Texte, in denen Altan auf eindringliche Weise \u00fcber Freiheit, sein Leben im Gef\u00e4ngnis und die politische Situation in der T\u00fcrkei schreibt.<br \/>\nAhmet Altan wurde am 25. November 2019 in M\u00fcnchen den Geschwister-Scholl-Preis in Abwesenheit verliehen. Im Zuge der Corona-Krise wurden in der T\u00fcrkei 90000 Inhaftierte entlassen, das Amnestiegesetz gilt aber nach wie vor nicht f\u00fcr die politischen Gefangenen. Der 70-j\u00e4hrige Ahmet Altan (und andere Schriftsteller, Intellektuelle und Regierungskritiker) befinden sich immer noch in Haft.<\/p>\n<p style=\"text-align: justify;\">Verantwortlicher f\u00fcr dieses Projekt ist der Theaterlehrer Thomas Ritter aus M\u00fcnchen. Ihn und seine Gruppe von \u201eSpurensuche\u201c verbindet unsere Jugendtheatergruppe <em>gee whiz!<\/em> durch die Begegnungen beim Schultheater der L\u00e4nder 2018 in Kiel und den Theatertagen am See 2019 in Friedrichshafen.<br \/>\nUnterst\u00fctzt wird Thomas Ritter von Amelie Althaus.<\/p>\n<p style=\"text-align: justify;\">Das Projekt wird von der B\u00fcrgerstiftung Haar finanziert.<br \/>\nDie Organisatoren freuen uns \u00fcber Spenden, die je zur H\u00e4lfte zur Deckung der Unkosten verwendet und der Organisation \u201eWriters in Prison\u201c zur Verf\u00fcgung gestellt werden.<\/p>\n","protected":false},"excerpt":{"rendered":"<p>[2020-07-09 KR\u00c4M] Sch\u00fclerinnen und Sch\u00fcler aus ganz Deutschland lesen f\u00fcr den politischen H\u00e4ftling Ahmet Altan und alle Menschen, die staatlicher Willk\u00fcrherrschaft ausgesetzt sind\u00a0 .<\/p>\n","protected":false},"author":9,"featured_media":0,"comment_status":"closed","ping_status":"open","sticky":false,"template":"","format":"standard","meta":{"jetpack_post_was_ever_published":false,"_jetpack_newsletter_access":"","_jetpack_dont_email_post_to_subs":false,"_jetpack_newsletter_tier_id":0,"_jetpack_memberships_contains_paywalled_content":false,"_jetpack_memberships_contains_paid_content":false,"footnotes":"","jetpack_publicize_message":"","jetpack_publicize_feature_enabled":true,"jetpack_social_post_already_shared":true,"jetpack_social_options":{"image_generator_settings":{"template":"highway","default_image_id":0,"font":"","enabled":false},"version":2}},"categories":[97,140,144],"tags":[],"class_list":["post-13965","post","type-post","status-publish","format-standard","hentry","category-fuer-vielfalt","category-gee-whiz","category-schule-ohne-rassismus"],"yoast_head":"<!-- This site is optimized with the Yoast SEO plugin v27.4 - https:\/\/yoast.com\/product\/yoast-seo-wordpress\/ -->\n<title>Online-Lesung f\u00fcr Ahmet Altan 2020 - Gesamtschule Eiserfeld<\/title>\n<meta name=\"robots\" content=\"index, follow, max-snippet:-1, max-image-preview:large, max-video-preview:-1\" \/>\n<link rel=\"canonical\" href=\"https:\/\/www.gesamtschule-eiserfeld.de\/?p=13965\" \/>\n<meta property=\"og:locale\" content=\"de_DE\" \/>\n<meta property=\"og:type\" content=\"article\" \/>\n<meta property=\"og:title\" content=\"Online-Lesung f\u00fcr Ahmet Altan 2020 - Gesamtschule Eiserfeld\" \/>\n<meta property=\"og:description\" content=\"[2020-07-09 KR\u00c4M] Sch\u00fclerinnen und Sch\u00fcler aus ganz Deutschland lesen f\u00fcr den politischen H\u00e4ftling Ahmet Altan und alle Menschen, die staatlicher Willk\u00fcrherrschaft ausgesetzt sind\u00a0 .\" \/>\n<meta property=\"og:url\" content=\"https:\/\/www.gesamtschule-eiserfeld.de\/?p=13965\" \/>\n<meta property=\"og:site_name\" content=\"Gesamtschule Eiserfeld\" \/>\n<meta property=\"article:publisher\" content=\"https:\/\/www.facebook.com\/GEEiserfeld\" \/>\n<meta property=\"article:published_time\" content=\"2020-07-09T06:34:02+00:00\" \/>\n<meta property=\"article:modified_time\" content=\"2020-08-06T13:22:01+00:00\" \/>\n<meta property=\"og:image\" content=\"https:\/\/www.gesamtschule-eiserfeld.de\/wp-content\/uploads\/2020\/07\/Plakat-24-Stunden-Lesung-Ahmet-Kopie-208x300.jpg\" \/>\n<meta name=\"author\" content=\"dorw\" \/>\n<meta name=\"twitter:card\" content=\"summary_large_image\" \/>\n<meta name=\"twitter:label1\" content=\"Verfasst von\" \/>\n\t<meta name=\"twitter:data1\" content=\"dorw\" \/>\n\t<meta name=\"twitter:label2\" content=\"Gesch\u00e4tzte Lesezeit\" \/>\n\t<meta name=\"twitter:data2\" content=\"3\u00a0Minuten\" \/>\n<script type=\"application\/ld+json\" class=\"yoast-schema-graph\">{\"@context\":\"https:\\\/\\\/schema.org\",\"@graph\":[{\"@type\":\"Article\",\"@id\":\"https:\\\/\\\/www.gesamtschule-eiserfeld.de\\\/?p=13965#article\",\"isPartOf\":{\"@id\":\"https:\\\/\\\/www.gesamtschule-eiserfeld.de\\\/?p=13965\"},\"author\":{\"name\":\"dorw\",\"@id\":\"https:\\\/\\\/www.gesamtschule-eiserfeld.de\\\/#\\\/schema\\\/person\\\/9f37123dd2ff514a1346db435bdb3784\"},\"headline\":\"Online-Lesung f\u00fcr Ahmet Altan 2020\",\"datePublished\":\"2020-07-09T06:34:02+00:00\",\"dateModified\":\"2020-08-06T13:22:01+00:00\",\"mainEntityOfPage\":{\"@id\":\"https:\\\/\\\/www.gesamtschule-eiserfeld.de\\\/?p=13965\"},\"wordCount\":646,\"publisher\":{\"@id\":\"https:\\\/\\\/www.gesamtschule-eiserfeld.de\\\/#organization\"},\"image\":{\"@id\":\"https:\\\/\\\/www.gesamtschule-eiserfeld.de\\\/?p=13965#primaryimage\"},\"thumbnailUrl\":\"https:\\\/\\\/www.gesamtschule-eiserfeld.de\\\/wp-content\\\/uploads\\\/2020\\\/07\\\/Plakat-24-Stunden-Lesung-Ahmet-Kopie-208x300.jpg\",\"articleSection\":[\"F\u00dcR VIELFALT\",\"gee whiz!\",\"SCHULE OHNE RASSISMUS\"],\"inLanguage\":\"de\"},{\"@type\":\"WebPage\",\"@id\":\"https:\\\/\\\/www.gesamtschule-eiserfeld.de\\\/?p=13965\",\"url\":\"https:\\\/\\\/www.gesamtschule-eiserfeld.de\\\/?p=13965\",\"name\":\"Online-Lesung f\u00fcr Ahmet Altan 2020 - Gesamtschule Eiserfeld\",\"isPartOf\":{\"@id\":\"https:\\\/\\\/www.gesamtschule-eiserfeld.de\\\/#website\"},\"primaryImageOfPage\":{\"@id\":\"https:\\\/\\\/www.gesamtschule-eiserfeld.de\\\/?p=13965#primaryimage\"},\"image\":{\"@id\":\"https:\\\/\\\/www.gesamtschule-eiserfeld.de\\\/?p=13965#primaryimage\"},\"thumbnailUrl\":\"https:\\\/\\\/www.gesamtschule-eiserfeld.de\\\/wp-content\\\/uploads\\\/2020\\\/07\\\/Plakat-24-Stunden-Lesung-Ahmet-Kopie-208x300.jpg\",\"datePublished\":\"2020-07-09T06:34:02+00:00\",\"dateModified\":\"2020-08-06T13:22:01+00:00\",\"breadcrumb\":{\"@id\":\"https:\\\/\\\/www.gesamtschule-eiserfeld.de\\\/?p=13965#breadcrumb\"},\"inLanguage\":\"de\",\"potentialAction\":[{\"@type\":\"ReadAction\",\"target\":[\"https:\\\/\\\/www.gesamtschule-eiserfeld.de\\\/?p=13965\"]}]},{\"@type\":\"ImageObject\",\"inLanguage\":\"de\",\"@id\":\"https:\\\/\\\/www.gesamtschule-eiserfeld.de\\\/?p=13965#primaryimage\",\"url\":\"https:\\\/\\\/i0.wp.com\\\/www.gesamtschule-eiserfeld.de\\\/wp-content\\\/uploads\\\/2020\\\/07\\\/Plakat-24-Stunden-Lesung-Ahmet-Kopie.jpg?fit=831%2C1200&ssl=1\",\"contentUrl\":\"https:\\\/\\\/i0.wp.com\\\/www.gesamtschule-eiserfeld.de\\\/wp-content\\\/uploads\\\/2020\\\/07\\\/Plakat-24-Stunden-Lesung-Ahmet-Kopie.jpg?fit=831%2C1200&ssl=1\",\"width\":831,\"height\":1200},{\"@type\":\"BreadcrumbList\",\"@id\":\"https:\\\/\\\/www.gesamtschule-eiserfeld.de\\\/?p=13965#breadcrumb\",\"itemListElement\":[{\"@type\":\"ListItem\",\"position\":1,\"name\":\"Startseite\",\"item\":\"https:\\\/\\\/www.gesamtschule-eiserfeld.de\\\/\"},{\"@type\":\"ListItem\",\"position\":2,\"name\":\"Online-Lesung f\u00fcr Ahmet Altan 2020\"}]},{\"@type\":\"WebSite\",\"@id\":\"https:\\\/\\\/www.gesamtschule-eiserfeld.de\\\/#website\",\"url\":\"https:\\\/\\\/www.gesamtschule-eiserfeld.de\\\/\",\"name\":\"Gesamtschule Eiserfeld\",\"description\":\"\",\"publisher\":{\"@id\":\"https:\\\/\\\/www.gesamtschule-eiserfeld.de\\\/#organization\"},\"potentialAction\":[{\"@type\":\"SearchAction\",\"target\":{\"@type\":\"EntryPoint\",\"urlTemplate\":\"https:\\\/\\\/www.gesamtschule-eiserfeld.de\\\/?s={search_term_string}\"},\"query-input\":{\"@type\":\"PropertyValueSpecification\",\"valueRequired\":true,\"valueName\":\"search_term_string\"}}],\"inLanguage\":\"de\"},{\"@type\":\"Organization\",\"@id\":\"https:\\\/\\\/www.gesamtschule-eiserfeld.de\\\/#organization\",\"name\":\"Gesamtschule Eiserfeld\",\"url\":\"https:\\\/\\\/www.gesamtschule-eiserfeld.de\\\/\",\"logo\":{\"@type\":\"ImageObject\",\"inLanguage\":\"de\",\"@id\":\"https:\\\/\\\/www.gesamtschule-eiserfeld.de\\\/#\\\/schema\\\/logo\\\/image\\\/\",\"url\":\"https:\\\/\\\/i1.wp.com\\\/www.gesamtschule-eiserfeld.de\\\/wp-content\\\/uploads\\\/2019\\\/01\\\/GEE-Logo-neu.jpg?fit=436%2C126&ssl=1\",\"contentUrl\":\"https:\\\/\\\/i1.wp.com\\\/www.gesamtschule-eiserfeld.de\\\/wp-content\\\/uploads\\\/2019\\\/01\\\/GEE-Logo-neu.jpg?fit=436%2C126&ssl=1\",\"width\":436,\"height\":126,\"caption\":\"Gesamtschule Eiserfeld\"},\"image\":{\"@id\":\"https:\\\/\\\/www.gesamtschule-eiserfeld.de\\\/#\\\/schema\\\/logo\\\/image\\\/\"},\"sameAs\":[\"https:\\\/\\\/www.facebook.com\\\/GEEiserfeld\"]},{\"@type\":\"Person\",\"@id\":\"https:\\\/\\\/www.gesamtschule-eiserfeld.de\\\/#\\\/schema\\\/person\\\/9f37123dd2ff514a1346db435bdb3784\",\"name\":\"dorw\",\"sameAs\":[\"http:\\\/\\\/www.ge-eiserfeld.de\"],\"url\":\"https:\\\/\\\/www.gesamtschule-eiserfeld.de\\\/?author=9\"}]}<\/script>\n<!-- \/ Yoast SEO plugin. -->","yoast_head_json":{"title":"Online-Lesung f\u00fcr Ahmet Altan 2020 - Gesamtschule Eiserfeld","robots":{"index":"index","follow":"follow","max-snippet":"max-snippet:-1","max-image-preview":"max-image-preview:large","max-video-preview":"max-video-preview:-1"},"canonical":"https:\/\/www.gesamtschule-eiserfeld.de\/?p=13965","og_locale":"de_DE","og_type":"article","og_title":"Online-Lesung f\u00fcr Ahmet Altan 2020 - Gesamtschule Eiserfeld","og_description":"[2020-07-09 KR\u00c4M] Sch\u00fclerinnen und Sch\u00fcler aus ganz Deutschland lesen f\u00fcr den politischen H\u00e4ftling Ahmet Altan und alle Menschen, die staatlicher Willk\u00fcrherrschaft ausgesetzt sind\u00a0 .","og_url":"https:\/\/www.gesamtschule-eiserfeld.de\/?p=13965","og_site_name":"Gesamtschule Eiserfeld","article_publisher":"https:\/\/www.facebook.com\/GEEiserfeld","article_published_time":"2020-07-09T06:34:02+00:00","article_modified_time":"2020-08-06T13:22:01+00:00","og_image":[{"url":"https:\/\/www.gesamtschule-eiserfeld.de\/wp-content\/uploads\/2020\/07\/Plakat-24-Stunden-Lesung-Ahmet-Kopie-208x300.jpg","type":"","width":"","height":""}],"author":"dorw","twitter_card":"summary_large_image","twitter_misc":{"Verfasst von":"dorw","Gesch\u00e4tzte Lesezeit":"3\u00a0Minuten"},"schema":{"@context":"https:\/\/schema.org","@graph":[{"@type":"Article","@id":"https:\/\/www.gesamtschule-eiserfeld.de\/?p=13965#article","isPartOf":{"@id":"https:\/\/www.gesamtschule-eiserfeld.de\/?p=13965"},"author":{"name":"dorw","@id":"https:\/\/www.gesamtschule-eiserfeld.de\/#\/schema\/person\/9f37123dd2ff514a1346db435bdb3784"},"headline":"Online-Lesung f\u00fcr Ahmet Altan 2020","datePublished":"2020-07-09T06:34:02+00:00","dateModified":"2020-08-06T13:22:01+00:00","mainEntityOfPage":{"@id":"https:\/\/www.gesamtschule-eiserfeld.de\/?p=13965"},"wordCount":646,"publisher":{"@id":"https:\/\/www.gesamtschule-eiserfeld.de\/#organization"},"image":{"@id":"https:\/\/www.gesamtschule-eiserfeld.de\/?p=13965#primaryimage"},"thumbnailUrl":"https:\/\/www.gesamtschule-eiserfeld.de\/wp-content\/uploads\/2020\/07\/Plakat-24-Stunden-Lesung-Ahmet-Kopie-208x300.jpg","articleSection":["F\u00dcR VIELFALT","gee whiz!","SCHULE OHNE RASSISMUS"],"inLanguage":"de"},{"@type":"WebPage","@id":"https:\/\/www.gesamtschule-eiserfeld.de\/?p=13965","url":"https:\/\/www.gesamtschule-eiserfeld.de\/?p=13965","name":"Online-Lesung f\u00fcr Ahmet Altan 2020 - Gesamtschule Eiserfeld","isPartOf":{"@id":"https:\/\/www.gesamtschule-eiserfeld.de\/#website"},"primaryImageOfPage":{"@id":"https:\/\/www.gesamtschule-eiserfeld.de\/?p=13965#primaryimage"},"image":{"@id":"https:\/\/www.gesamtschule-eiserfeld.de\/?p=13965#primaryimage"},"thumbnailUrl":"https:\/\/www.gesamtschule-eiserfeld.de\/wp-content\/uploads\/2020\/07\/Plakat-24-Stunden-Lesung-Ahmet-Kopie-208x300.jpg","datePublished":"2020-07-09T06:34:02+00:00","dateModified":"2020-08-06T13:22:01+00:00","breadcrumb":{"@id":"https:\/\/www.gesamtschule-eiserfeld.de\/?p=13965#breadcrumb"},"inLanguage":"de","potentialAction":[{"@type":"ReadAction","target":["https:\/\/www.gesamtschule-eiserfeld.de\/?p=13965"]}]},{"@type":"ImageObject","inLanguage":"de","@id":"https:\/\/www.gesamtschule-eiserfeld.de\/?p=13965#primaryimage","url":"https:\/\/i0.wp.com\/www.gesamtschule-eiserfeld.de\/wp-content\/uploads\/2020\/07\/Plakat-24-Stunden-Lesung-Ahmet-Kopie.jpg?fit=831%2C1200&ssl=1","contentUrl":"https:\/\/i0.wp.com\/www.gesamtschule-eiserfeld.de\/wp-content\/uploads\/2020\/07\/Plakat-24-Stunden-Lesung-Ahmet-Kopie.jpg?fit=831%2C1200&ssl=1","width":831,"height":1200},{"@type":"BreadcrumbList","@id":"https:\/\/www.gesamtschule-eiserfeld.de\/?p=13965#breadcrumb","itemListElement":[{"@type":"ListItem","position":1,"name":"Startseite","item":"https:\/\/www.gesamtschule-eiserfeld.de\/"},{"@type":"ListItem","position":2,"name":"Online-Lesung f\u00fcr Ahmet Altan 2020"}]},{"@type":"WebSite","@id":"https:\/\/www.gesamtschule-eiserfeld.de\/#website","url":"https:\/\/www.gesamtschule-eiserfeld.de\/","name":"Gesamtschule Eiserfeld","description":"","publisher":{"@id":"https:\/\/www.gesamtschule-eiserfeld.de\/#organization"},"potentialAction":[{"@type":"SearchAction","target":{"@type":"EntryPoint","urlTemplate":"https:\/\/www.gesamtschule-eiserfeld.de\/?s={search_term_string}"},"query-input":{"@type":"PropertyValueSpecification","valueRequired":true,"valueName":"search_term_string"}}],"inLanguage":"de"},{"@type":"Organization","@id":"https:\/\/www.gesamtschule-eiserfeld.de\/#organization","name":"Gesamtschule Eiserfeld","url":"https:\/\/www.gesamtschule-eiserfeld.de\/","logo":{"@type":"ImageObject","inLanguage":"de","@id":"https:\/\/www.gesamtschule-eiserfeld.de\/#\/schema\/logo\/image\/","url":"https:\/\/i1.wp.com\/www.gesamtschule-eiserfeld.de\/wp-content\/uploads\/2019\/01\/GEE-Logo-neu.jpg?fit=436%2C126&ssl=1","contentUrl":"https:\/\/i1.wp.com\/www.gesamtschule-eiserfeld.de\/wp-content\/uploads\/2019\/01\/GEE-Logo-neu.jpg?fit=436%2C126&ssl=1","width":436,"height":126,"caption":"Gesamtschule Eiserfeld"},"image":{"@id":"https:\/\/www.gesamtschule-eiserfeld.de\/#\/schema\/logo\/image\/"},"sameAs":["https:\/\/www.facebook.com\/GEEiserfeld"]},{"@type":"Person","@id":"https:\/\/www.gesamtschule-eiserfeld.de\/#\/schema\/person\/9f37123dd2ff514a1346db435bdb3784","name":"dorw","sameAs":["http:\/\/www.ge-eiserfeld.de"],"url":"https:\/\/www.gesamtschule-eiserfeld.de\/?author=9"}]}},"jetpack_publicize_connections":[],"jetpack_featured_media_url":"","jetpack_shortlink":"https:\/\/wp.me\/p2weeL-3Df","jetpack_sharing_enabled":true,"_links":{"self":[{"href":"https:\/\/www.gesamtschule-eiserfeld.de\/index.php?rest_route=\/wp\/v2\/posts\/13965","targetHints":{"allow":["GET"]}}],"collection":[{"href":"https:\/\/www.gesamtschule-eiserfeld.de\/index.php?rest_route=\/wp\/v2\/posts"}],"about":[{"href":"https:\/\/www.gesamtschule-eiserfeld.de\/index.php?rest_route=\/wp\/v2\/types\/post"}],"author":[{"embeddable":true,"href":"https:\/\/www.gesamtschule-eiserfeld.de\/index.php?rest_route=\/wp\/v2\/users\/9"}],"replies":[{"embeddable":true,"href":"https:\/\/www.gesamtschule-eiserfeld.de\/index.php?rest_route=%2Fwp%2Fv2%2Fcomments&post=13965"}],"version-history":[{"count":0,"href":"https:\/\/www.gesamtschule-eiserfeld.de\/index.php?rest_route=\/wp\/v2\/posts\/13965\/revisions"}],"wp:attachment":[{"href":"https:\/\/www.gesamtschule-eiserfeld.de\/index.php?rest_route=%2Fwp%2Fv2%2Fmedia&parent=13965"}],"wp:term":[{"taxonomy":"category","embeddable":true,"href":"https:\/\/www.gesamtschule-eiserfeld.de\/index.php?rest_route=%2Fwp%2Fv2%2Fcategories&post=13965"},{"taxonomy":"post_tag","embeddable":true,"href":"https:\/\/www.gesamtschule-eiserfeld.de\/index.php?rest_route=%2Fwp%2Fv2%2Ftags&post=13965"}],"curies":[{"name":"wp","href":"https:\/\/api.w.org\/{rel}","templated":true}]}}