{"id":13998,"date":"2020-08-12T20:49:29","date_gmt":"2020-08-12T19:49:29","guid":{"rendered":"https:\/\/www.gesamtschule-eiserfeld.de\/?p=13998"},"modified":"2020-11-07T19:52:45","modified_gmt":"2020-11-07T18:52:45","slug":"kollegium-laesst-sich-auf-corona-testen","status":"publish","type":"post","link":"https:\/\/www.gesamtschule-eiserfeld.de\/?p=13998","title":{"rendered":"Kollegium l\u00e4sst sich auf Corona testen"},"content":{"rendered":"<p style=\"text-align: justify;\"><img data-recalc-dims=\"1\" loading=\"lazy\" decoding=\"async\" data-attachment-id=\"14001\" data-permalink=\"https:\/\/www.gesamtschule-eiserfeld.de\/?attachment_id=14001\" data-orig-file=\"https:\/\/i0.wp.com\/www.gesamtschule-eiserfeld.de\/wp-content\/uploads\/2020\/08\/20200812_125125-rotated.jpg?fit=676%2C1200&amp;ssl=1\" data-orig-size=\"676,1200\" data-comments-opened=\"0\" data-image-meta=\"{&quot;aperture&quot;:&quot;1.8&quot;,&quot;credit&quot;:&quot;&quot;,&quot;camera&quot;:&quot;SM-G988B&quot;,&quot;caption&quot;:&quot;&quot;,&quot;created_timestamp&quot;:&quot;1597236685&quot;,&quot;copyright&quot;:&quot;&quot;,&quot;focal_length&quot;:&quot;7&quot;,&quot;iso&quot;:&quot;500&quot;,&quot;shutter_speed&quot;:&quot;0.01&quot;,&quot;title&quot;:&quot;&quot;,&quot;orientation&quot;:&quot;1&quot;}\" data-image-title=\"20200812_125125\" data-image-description=\"\" data-image-caption=\"\" data-large-file=\"https:\/\/i0.wp.com\/www.gesamtschule-eiserfeld.de\/wp-content\/uploads\/2020\/08\/20200812_125125-rotated.jpg?fit=474%2C841&amp;ssl=1\" class=\" wp-image-14001 alignleft\" src=\"https:\/\/i0.wp.com\/www.gesamtschule-eiserfeld.de\/wp-content\/uploads\/2020\/08\/20200812_125125.jpg?resize=127%2C226&#038;ssl=1\" alt=\"\" width=\"127\" height=\"226\" srcset=\"https:\/\/i0.wp.com\/www.gesamtschule-eiserfeld.de\/wp-content\/uploads\/2020\/08\/20200812_125125-rotated.jpg?resize=169%2C300&amp;ssl=1 169w, https:\/\/i0.wp.com\/www.gesamtschule-eiserfeld.de\/wp-content\/uploads\/2020\/08\/20200812_125125-rotated.jpg?resize=577%2C1024&amp;ssl=1 577w, https:\/\/i0.wp.com\/www.gesamtschule-eiserfeld.de\/wp-content\/uploads\/2020\/08\/20200812_125125-rotated.jpg?resize=85%2C150&amp;ssl=1 85w, https:\/\/i0.wp.com\/www.gesamtschule-eiserfeld.de\/wp-content\/uploads\/2020\/08\/20200812_125125-rotated.jpg?w=676&amp;ssl=1 676w\" sizes=\"auto, (max-width: 127px) 100vw, 127px\" \/>[2020-08-12 J\u00dcNG] Sanit\u00e4tsraum der GE Eiserfeld, heute, kurz vor 13 Uhr. Dr. Harald Orth, Internist und Praktischer Arzt aus Siegen, nutzt seinen \u201efreien\u201c Nachmittag und kommt zu uns zur &#8222;Sprechstunde&#8220;. Bereits\u00a0 um halb 1 staunt eine Gruppe Sch\u00fclerinnen nicht schlecht \u00fcber die vielen Lehrk\u00f6rper, die in langer Reihe, leicht nerv\u00f6s l\u00e4chelnd auf den \u201eEingriff\u201c warten. Man h\u00f6rt hier dies und dort das. In den Erz\u00e4hlungen wird das Testst\u00e4bchen immer l\u00e4nger, der vermutete Schmerz w\u00e4chst stetig.<!--more-->Da! Ein Z<span style=\"text-align: justify;\">eitzeuge!\u00a0<\/span><span style=\"text-align: justify;\">Kollege Tobias Dorweiler kommt von der Testfront zur\u00fcck und berichtet ausf\u00fchrlichst \u00fcber einen 90-Grad- Angriff im rechten Winkel von der Nasenwurzel zum linken Auge hin. Die KollegInnen h\u00e4n<\/span><span style=\"text-align: justify;\">gen fassungs- und atemlos an seinen Lippen. Kollege Dorweiler l<\/span><span style=\"text-align: justify;\">\u00e4chelt wissend. Englischlehrer David Conrad schaut sich das Prozedere vor der T\u00fcr zum &#8222;Tatort&#8220; genau an und meint, ob es nicht noch jemand eiliger habe als er. Der Schulleiter vergisst vor Aufregung sein Geburtsdatum auf dem Testschein auszuf\u00fcllen. Dann! Ein kurzer Streif! Ein schneller Stich! \u201eDas war\u00b4s!\u201c, l\u00e4chelt Dr. Orth. \u201eDer N\u00e4chste bitte!\u201c Weit <\/span>\u00fcber 80 Besch\u00e4ftigte sind in 90 Minuten getestet worden. Schade nur, dass wir uns diesen Termin selber haben organisieren m\u00fcssen. Ohne die Bereitschaft von Dr. Orth, Hausarzt eines Kollegen, m\u00fcssten wir alle individuell und \u00fcber Tage weg um einen Testtermin irgendwo in einer Praxis nachfragen. Das Gesundheitsamt weigerte sich, uns auch nur etwas dabei zu helfen. Schade eigentlich!<\/p>\n<p>&nbsp;<\/p>\n<p>&nbsp;<\/p>\n<p><img data-recalc-dims=\"1\" loading=\"lazy\" decoding=\"async\" data-attachment-id=\"13999\" data-permalink=\"https:\/\/www.gesamtschule-eiserfeld.de\/?attachment_id=13999\" data-orig-file=\"https:\/\/i0.wp.com\/www.gesamtschule-eiserfeld.de\/wp-content\/uploads\/2020\/08\/20200807_080245.jpg?fit=1200%2C676&amp;ssl=1\" data-orig-size=\"1200,676\" data-comments-opened=\"0\" data-image-meta=\"{&quot;aperture&quot;:&quot;1.8&quot;,&quot;credit&quot;:&quot;&quot;,&quot;camera&quot;:&quot;SM-G988B&quot;,&quot;caption&quot;:&quot;&quot;,&quot;created_timestamp&quot;:&quot;1596787365&quot;,&quot;copyright&quot;:&quot;&quot;,&quot;focal_length&quot;:&quot;7&quot;,&quot;iso&quot;:&quot;50&quot;,&quot;shutter_speed&quot;:&quot;0.01&quot;,&quot;title&quot;:&quot;&quot;,&quot;orientation&quot;:&quot;1&quot;}\" data-image-title=\"20200807_080245\" data-image-description=\"\" data-image-caption=\"\" data-large-file=\"https:\/\/i0.wp.com\/www.gesamtschule-eiserfeld.de\/wp-content\/uploads\/2020\/08\/20200807_080245.jpg?fit=474%2C267&amp;ssl=1\" class=\"wp-image-13999 alignright\" style=\"text-align: justify;\" src=\"https:\/\/i0.wp.com\/www.gesamtschule-eiserfeld.de\/wp-content\/uploads\/2020\/08\/20200807_080245.jpg?resize=301%2C170&#038;ssl=1\" alt=\"\" width=\"301\" height=\"170\" srcset=\"https:\/\/i0.wp.com\/www.gesamtschule-eiserfeld.de\/wp-content\/uploads\/2020\/08\/20200807_080245.jpg?resize=300%2C169&amp;ssl=1 300w, https:\/\/i0.wp.com\/www.gesamtschule-eiserfeld.de\/wp-content\/uploads\/2020\/08\/20200807_080245.jpg?resize=1024%2C577&amp;ssl=1 1024w, https:\/\/i0.wp.com\/www.gesamtschule-eiserfeld.de\/wp-content\/uploads\/2020\/08\/20200807_080245.jpg?resize=200%2C113&amp;ssl=1 200w, https:\/\/i0.wp.com\/www.gesamtschule-eiserfeld.de\/wp-content\/uploads\/2020\/08\/20200807_080245.jpg?resize=768%2C433&amp;ssl=1 768w, https:\/\/i0.wp.com\/www.gesamtschule-eiserfeld.de\/wp-content\/uploads\/2020\/08\/20200807_080245.jpg?w=1200&amp;ssl=1 1200w, https:\/\/i0.wp.com\/www.gesamtschule-eiserfeld.de\/wp-content\/uploads\/2020\/08\/20200807_080245.jpg?w=948&amp;ssl=1 948w\" sizes=\"auto, (max-width: 301px) 100vw, 301px\" \/><\/p>\n<p style=\"text-align: justify;\">Seit Montag werden f\u00fcr diese sinnvolle und notwendige Ma\u00dfnahme die\u00a0 <span style=\"text-align: justify;\">Kosten vom Land NRW \u00fcbernommen. Bedauerlich, dass es erst seit\u00a0\u00a0<\/span><span style=\"text-align: justify;\">vorgestern ist, denn da wir bereits letzte Woche mit Fach- und Lehrerkonferenzen gestartet sind, h\u00e4tten wir uns ein <\/span>aufw\u00e4ndiges Tagen unter Abstandsregeln etwas ersparen k\u00f6nnen: die Fachgruppen sa\u00dfen auf Schulh\u00f6fen und in der Aula, die gro\u00dfe Lehrerkonferenz fand im Gl\u00e4sersaal der Siegerlandhalle statt, nur dort passten wir 120 LehrerInnen regelkonform hinein. Aber, Spa\u00df hatten wir trotzdem. Sogar die WDR-Lokalzeit hat uns dabei letzten Freitag zugeschaut .<\/p>\n<p><img data-recalc-dims=\"1\" loading=\"lazy\" decoding=\"async\" data-attachment-id=\"14000\" data-permalink=\"https:\/\/www.gesamtschule-eiserfeld.de\/?attachment_id=14000\" data-orig-file=\"https:\/\/i0.wp.com\/www.gesamtschule-eiserfeld.de\/wp-content\/uploads\/2020\/08\/20200810_093142.jpg?fit=1200%2C676&amp;ssl=1\" data-orig-size=\"1200,676\" data-comments-opened=\"0\" data-image-meta=\"{&quot;aperture&quot;:&quot;2.2&quot;,&quot;credit&quot;:&quot;&quot;,&quot;camera&quot;:&quot;SM-G988B&quot;,&quot;caption&quot;:&quot;&quot;,&quot;created_timestamp&quot;:&quot;1597051902&quot;,&quot;copyright&quot;:&quot;&quot;,&quot;focal_length&quot;:&quot;2.22&quot;,&quot;iso&quot;:&quot;160&quot;,&quot;shutter_speed&quot;:&quot;0.02&quot;,&quot;title&quot;:&quot;&quot;,&quot;orientation&quot;:&quot;1&quot;}\" data-image-title=\"20200810_093142\" data-image-description=\"\" data-image-caption=\"\" data-large-file=\"https:\/\/i0.wp.com\/www.gesamtschule-eiserfeld.de\/wp-content\/uploads\/2020\/08\/20200810_093142.jpg?fit=474%2C267&amp;ssl=1\" class=\"alignnone wp-image-14000\" src=\"https:\/\/i0.wp.com\/www.gesamtschule-eiserfeld.de\/wp-content\/uploads\/2020\/08\/20200810_093142.jpg?resize=360%2C203&#038;ssl=1\" alt=\"\" width=\"360\" height=\"203\" srcset=\"https:\/\/i0.wp.com\/www.gesamtschule-eiserfeld.de\/wp-content\/uploads\/2020\/08\/20200810_093142.jpg?resize=300%2C169&amp;ssl=1 300w, https:\/\/i0.wp.com\/www.gesamtschule-eiserfeld.de\/wp-content\/uploads\/2020\/08\/20200810_093142.jpg?resize=1024%2C577&amp;ssl=1 1024w, https:\/\/i0.wp.com\/www.gesamtschule-eiserfeld.de\/wp-content\/uploads\/2020\/08\/20200810_093142.jpg?resize=200%2C113&amp;ssl=1 200w, https:\/\/i0.wp.com\/www.gesamtschule-eiserfeld.de\/wp-content\/uploads\/2020\/08\/20200810_093142.jpg?resize=768%2C433&amp;ssl=1 768w, https:\/\/i0.wp.com\/www.gesamtschule-eiserfeld.de\/wp-content\/uploads\/2020\/08\/20200810_093142.jpg?w=1200&amp;ssl=1 1200w, https:\/\/i0.wp.com\/www.gesamtschule-eiserfeld.de\/wp-content\/uploads\/2020\/08\/20200810_093142.jpg?w=948&amp;ssl=1 948w\" sizes=\"auto, (max-width: 360px) 100vw, 360px\" \/><\/p>\n","protected":false},"excerpt":{"rendered":"<p>[2020-08-12 J\u00dcNG] Sanit\u00e4tsraum der GE Eiserfeld, heute, kurz vor 13 Uhr. Dr. Harald Orth, Internist und Praktischer Arzt aus Siegen, nutzt seinen \u201efreien\u201c Nachmittag und kommt zu uns zur &#8222;Sprechstunde&#8220;. Bereits\u00a0 um halb 1 staunt eine Gruppe Sch\u00fclerinnen nicht schlecht \u00fcber die vielen Lehrk\u00f6rper, die in langer Reihe, leicht nerv\u00f6s l\u00e4chelnd auf den \u201eEingriff\u201c warten. &hellip; <a href=\"https:\/\/www.gesamtschule-eiserfeld.de\/?p=13998\" class=\"more-link\"><span class=\"screen-reader-text\">Kollegium l\u00e4sst sich auf Corona testen<\/span> weiterlesen <span class=\"meta-nav\">&rarr;<\/span><\/a><\/p>\n","protected":false},"author":9,"featured_media":0,"comment_status":"closed","ping_status":"open","sticky":false,"template":"","format":"standard","meta":{"jetpack_post_was_ever_published":false,"_jetpack_newsletter_access":"","_jetpack_dont_email_post_to_subs":false,"_jetpack_newsletter_tier_id":0,"_jetpack_memberships_contains_paywalled_content":false,"_jetpack_memberships_contains_paid_content":false,"footnotes":"","jetpack_publicize_message":"","jetpack_publicize_feature_enabled":true,"jetpack_social_post_already_shared":true,"jetpack_social_options":{"image_generator_settings":{"template":"highway","default_image_id":0,"font":"","enabled":false},"version":2}},"categories":[1,89],"tags":[],"class_list":["post-13998","post","type-post","status-publish","format-standard","hentry","category-allgemein","category-kollegium"],"yoast_head":"<!-- This site is optimized with the Yoast SEO plugin v27.4 - https:\/\/yoast.com\/product\/yoast-seo-wordpress\/ -->\n<title>Kollegium l\u00e4sst sich auf Corona testen - Gesamtschule Eiserfeld<\/title>\n<meta name=\"robots\" content=\"index, follow, max-snippet:-1, max-image-preview:large, max-video-preview:-1\" \/>\n<link rel=\"canonical\" href=\"https:\/\/www.gesamtschule-eiserfeld.de\/?p=13998\" \/>\n<meta property=\"og:locale\" content=\"de_DE\" \/>\n<meta property=\"og:type\" content=\"article\" \/>\n<meta property=\"og:title\" content=\"Kollegium l\u00e4sst sich auf Corona testen - Gesamtschule Eiserfeld\" \/>\n<meta property=\"og:description\" content=\"[2020-08-12 J\u00dcNG] Sanit\u00e4tsraum der GE Eiserfeld, heute, kurz vor 13 Uhr. Dr. Harald Orth, Internist und Praktischer Arzt aus Siegen, nutzt seinen \u201efreien\u201c Nachmittag und kommt zu uns zur &#8222;Sprechstunde&#8220;. Bereits\u00a0 um halb 1 staunt eine Gruppe Sch\u00fclerinnen nicht schlecht \u00fcber die vielen Lehrk\u00f6rper, die in langer Reihe, leicht nerv\u00f6s l\u00e4chelnd auf den \u201eEingriff\u201c warten. &hellip; Kollegium l\u00e4sst sich auf Corona testen weiterlesen &rarr;\" \/>\n<meta property=\"og:url\" content=\"https:\/\/www.gesamtschule-eiserfeld.de\/?p=13998\" \/>\n<meta property=\"og:site_name\" content=\"Gesamtschule Eiserfeld\" \/>\n<meta property=\"article:publisher\" content=\"https:\/\/www.facebook.com\/GEEiserfeld\" \/>\n<meta property=\"article:published_time\" content=\"2020-08-12T19:49:29+00:00\" \/>\n<meta property=\"article:modified_time\" content=\"2020-11-07T18:52:45+00:00\" \/>\n<meta property=\"og:image\" content=\"https:\/\/i2.wp.com\/www.gesamtschule-eiserfeld.de\/wp-content\/uploads\/2020\/08\/20200812_125125-rotated.jpg?fit=676%2C1200&ssl=1\" \/>\n\t<meta property=\"og:image:width\" content=\"676\" \/>\n\t<meta property=\"og:image:height\" content=\"1200\" \/>\n\t<meta property=\"og:image:type\" content=\"image\/jpeg\" \/>\n<meta name=\"author\" content=\"dorw\" \/>\n<meta name=\"twitter:card\" content=\"summary_large_image\" \/>\n<meta name=\"twitter:label1\" content=\"Verfasst von\" \/>\n\t<meta name=\"twitter:data1\" content=\"dorw\" \/>\n\t<meta name=\"twitter:label2\" content=\"Gesch\u00e4tzte Lesezeit\" \/>\n\t<meta name=\"twitter:data2\" content=\"2\u00a0Minuten\" \/>\n<script type=\"application\/ld+json\" class=\"yoast-schema-graph\">{\"@context\":\"https:\\\/\\\/schema.org\",\"@graph\":[{\"@type\":\"Article\",\"@id\":\"https:\\\/\\\/www.gesamtschule-eiserfeld.de\\\/?p=13998#article\",\"isPartOf\":{\"@id\":\"https:\\\/\\\/www.gesamtschule-eiserfeld.de\\\/?p=13998\"},\"author\":{\"name\":\"dorw\",\"@id\":\"https:\\\/\\\/www.gesamtschule-eiserfeld.de\\\/#\\\/schema\\\/person\\\/9f37123dd2ff514a1346db435bdb3784\"},\"headline\":\"Kollegium l\u00e4sst sich auf Corona testen\",\"datePublished\":\"2020-08-12T19:49:29+00:00\",\"dateModified\":\"2020-11-07T18:52:45+00:00\",\"mainEntityOfPage\":{\"@id\":\"https:\\\/\\\/www.gesamtschule-eiserfeld.de\\\/?p=13998\"},\"wordCount\":349,\"publisher\":{\"@id\":\"https:\\\/\\\/www.gesamtschule-eiserfeld.de\\\/#organization\"},\"image\":{\"@id\":\"https:\\\/\\\/www.gesamtschule-eiserfeld.de\\\/?p=13998#primaryimage\"},\"thumbnailUrl\":\"https:\\\/\\\/www.gesamtschule-eiserfeld.de\\\/wp-content\\\/uploads\\\/2020\\\/08\\\/20200812_125125-169x300.jpg\",\"articleSection\":{\"1\":\"KOLLEGIUM\"},\"inLanguage\":\"de\"},{\"@type\":\"WebPage\",\"@id\":\"https:\\\/\\\/www.gesamtschule-eiserfeld.de\\\/?p=13998\",\"url\":\"https:\\\/\\\/www.gesamtschule-eiserfeld.de\\\/?p=13998\",\"name\":\"Kollegium l\u00e4sst sich auf Corona testen - Gesamtschule Eiserfeld\",\"isPartOf\":{\"@id\":\"https:\\\/\\\/www.gesamtschule-eiserfeld.de\\\/#website\"},\"primaryImageOfPage\":{\"@id\":\"https:\\\/\\\/www.gesamtschule-eiserfeld.de\\\/?p=13998#primaryimage\"},\"image\":{\"@id\":\"https:\\\/\\\/www.gesamtschule-eiserfeld.de\\\/?p=13998#primaryimage\"},\"thumbnailUrl\":\"https:\\\/\\\/www.gesamtschule-eiserfeld.de\\\/wp-content\\\/uploads\\\/2020\\\/08\\\/20200812_125125-169x300.jpg\",\"datePublished\":\"2020-08-12T19:49:29+00:00\",\"dateModified\":\"2020-11-07T18:52:45+00:00\",\"breadcrumb\":{\"@id\":\"https:\\\/\\\/www.gesamtschule-eiserfeld.de\\\/?p=13998#breadcrumb\"},\"inLanguage\":\"de\",\"potentialAction\":[{\"@type\":\"ReadAction\",\"target\":[\"https:\\\/\\\/www.gesamtschule-eiserfeld.de\\\/?p=13998\"]}]},{\"@type\":\"ImageObject\",\"inLanguage\":\"de\",\"@id\":\"https:\\\/\\\/www.gesamtschule-eiserfeld.de\\\/?p=13998#primaryimage\",\"url\":\"https:\\\/\\\/www.gesamtschule-eiserfeld.de\\\/wp-content\\\/uploads\\\/2020\\\/08\\\/20200812_125125-169x300.jpg\",\"contentUrl\":\"https:\\\/\\\/www.gesamtschule-eiserfeld.de\\\/wp-content\\\/uploads\\\/2020\\\/08\\\/20200812_125125-169x300.jpg\"},{\"@type\":\"BreadcrumbList\",\"@id\":\"https:\\\/\\\/www.gesamtschule-eiserfeld.de\\\/?p=13998#breadcrumb\",\"itemListElement\":[{\"@type\":\"ListItem\",\"position\":1,\"name\":\"Startseite\",\"item\":\"https:\\\/\\\/www.gesamtschule-eiserfeld.de\\\/\"},{\"@type\":\"ListItem\",\"position\":2,\"name\":\"Kollegium l\u00e4sst sich auf Corona testen\"}]},{\"@type\":\"WebSite\",\"@id\":\"https:\\\/\\\/www.gesamtschule-eiserfeld.de\\\/#website\",\"url\":\"https:\\\/\\\/www.gesamtschule-eiserfeld.de\\\/\",\"name\":\"Gesamtschule Eiserfeld\",\"description\":\"\",\"publisher\":{\"@id\":\"https:\\\/\\\/www.gesamtschule-eiserfeld.de\\\/#organization\"},\"potentialAction\":[{\"@type\":\"SearchAction\",\"target\":{\"@type\":\"EntryPoint\",\"urlTemplate\":\"https:\\\/\\\/www.gesamtschule-eiserfeld.de\\\/?s={search_term_string}\"},\"query-input\":{\"@type\":\"PropertyValueSpecification\",\"valueRequired\":true,\"valueName\":\"search_term_string\"}}],\"inLanguage\":\"de\"},{\"@type\":\"Organization\",\"@id\":\"https:\\\/\\\/www.gesamtschule-eiserfeld.de\\\/#organization\",\"name\":\"Gesamtschule Eiserfeld\",\"url\":\"https:\\\/\\\/www.gesamtschule-eiserfeld.de\\\/\",\"logo\":{\"@type\":\"ImageObject\",\"inLanguage\":\"de\",\"@id\":\"https:\\\/\\\/www.gesamtschule-eiserfeld.de\\\/#\\\/schema\\\/logo\\\/image\\\/\",\"url\":\"https:\\\/\\\/i1.wp.com\\\/www.gesamtschule-eiserfeld.de\\\/wp-content\\\/uploads\\\/2019\\\/01\\\/GEE-Logo-neu.jpg?fit=436%2C126&ssl=1\",\"contentUrl\":\"https:\\\/\\\/i1.wp.com\\\/www.gesamtschule-eiserfeld.de\\\/wp-content\\\/uploads\\\/2019\\\/01\\\/GEE-Logo-neu.jpg?fit=436%2C126&ssl=1\",\"width\":436,\"height\":126,\"caption\":\"Gesamtschule Eiserfeld\"},\"image\":{\"@id\":\"https:\\\/\\\/www.gesamtschule-eiserfeld.de\\\/#\\\/schema\\\/logo\\\/image\\\/\"},\"sameAs\":[\"https:\\\/\\\/www.facebook.com\\\/GEEiserfeld\"]},{\"@type\":\"Person\",\"@id\":\"https:\\\/\\\/www.gesamtschule-eiserfeld.de\\\/#\\\/schema\\\/person\\\/9f37123dd2ff514a1346db435bdb3784\",\"name\":\"dorw\",\"sameAs\":[\"http:\\\/\\\/www.ge-eiserfeld.de\"],\"url\":\"https:\\\/\\\/www.gesamtschule-eiserfeld.de\\\/?author=9\"}]}<\/script>\n<!-- \/ Yoast SEO plugin. -->","yoast_head_json":{"title":"Kollegium l\u00e4sst sich auf Corona testen - Gesamtschule Eiserfeld","robots":{"index":"index","follow":"follow","max-snippet":"max-snippet:-1","max-image-preview":"max-image-preview:large","max-video-preview":"max-video-preview:-1"},"canonical":"https:\/\/www.gesamtschule-eiserfeld.de\/?p=13998","og_locale":"de_DE","og_type":"article","og_title":"Kollegium l\u00e4sst sich auf Corona testen - Gesamtschule Eiserfeld","og_description":"[2020-08-12 J\u00dcNG] Sanit\u00e4tsraum der GE Eiserfeld, heute, kurz vor 13 Uhr. Dr. Harald Orth, Internist und Praktischer Arzt aus Siegen, nutzt seinen \u201efreien\u201c Nachmittag und kommt zu uns zur &#8222;Sprechstunde&#8220;. Bereits\u00a0 um halb 1 staunt eine Gruppe Sch\u00fclerinnen nicht schlecht \u00fcber die vielen Lehrk\u00f6rper, die in langer Reihe, leicht nerv\u00f6s l\u00e4chelnd auf den \u201eEingriff\u201c warten. &hellip; Kollegium l\u00e4sst sich auf Corona testen weiterlesen &rarr;","og_url":"https:\/\/www.gesamtschule-eiserfeld.de\/?p=13998","og_site_name":"Gesamtschule Eiserfeld","article_publisher":"https:\/\/www.facebook.com\/GEEiserfeld","article_published_time":"2020-08-12T19:49:29+00:00","article_modified_time":"2020-11-07T18:52:45+00:00","og_image":[{"width":676,"height":1200,"url":"https:\/\/i2.wp.com\/www.gesamtschule-eiserfeld.de\/wp-content\/uploads\/2020\/08\/20200812_125125-rotated.jpg?fit=676%2C1200&ssl=1","type":"image\/jpeg"}],"author":"dorw","twitter_card":"summary_large_image","twitter_misc":{"Verfasst von":"dorw","Gesch\u00e4tzte Lesezeit":"2\u00a0Minuten"},"schema":{"@context":"https:\/\/schema.org","@graph":[{"@type":"Article","@id":"https:\/\/www.gesamtschule-eiserfeld.de\/?p=13998#article","isPartOf":{"@id":"https:\/\/www.gesamtschule-eiserfeld.de\/?p=13998"},"author":{"name":"dorw","@id":"https:\/\/www.gesamtschule-eiserfeld.de\/#\/schema\/person\/9f37123dd2ff514a1346db435bdb3784"},"headline":"Kollegium l\u00e4sst sich auf Corona testen","datePublished":"2020-08-12T19:49:29+00:00","dateModified":"2020-11-07T18:52:45+00:00","mainEntityOfPage":{"@id":"https:\/\/www.gesamtschule-eiserfeld.de\/?p=13998"},"wordCount":349,"publisher":{"@id":"https:\/\/www.gesamtschule-eiserfeld.de\/#organization"},"image":{"@id":"https:\/\/www.gesamtschule-eiserfeld.de\/?p=13998#primaryimage"},"thumbnailUrl":"https:\/\/www.gesamtschule-eiserfeld.de\/wp-content\/uploads\/2020\/08\/20200812_125125-169x300.jpg","articleSection":{"1":"KOLLEGIUM"},"inLanguage":"de"},{"@type":"WebPage","@id":"https:\/\/www.gesamtschule-eiserfeld.de\/?p=13998","url":"https:\/\/www.gesamtschule-eiserfeld.de\/?p=13998","name":"Kollegium l\u00e4sst sich auf Corona testen - Gesamtschule Eiserfeld","isPartOf":{"@id":"https:\/\/www.gesamtschule-eiserfeld.de\/#website"},"primaryImageOfPage":{"@id":"https:\/\/www.gesamtschule-eiserfeld.de\/?p=13998#primaryimage"},"image":{"@id":"https:\/\/www.gesamtschule-eiserfeld.de\/?p=13998#primaryimage"},"thumbnailUrl":"https:\/\/www.gesamtschule-eiserfeld.de\/wp-content\/uploads\/2020\/08\/20200812_125125-169x300.jpg","datePublished":"2020-08-12T19:49:29+00:00","dateModified":"2020-11-07T18:52:45+00:00","breadcrumb":{"@id":"https:\/\/www.gesamtschule-eiserfeld.de\/?p=13998#breadcrumb"},"inLanguage":"de","potentialAction":[{"@type":"ReadAction","target":["https:\/\/www.gesamtschule-eiserfeld.de\/?p=13998"]}]},{"@type":"ImageObject","inLanguage":"de","@id":"https:\/\/www.gesamtschule-eiserfeld.de\/?p=13998#primaryimage","url":"https:\/\/www.gesamtschule-eiserfeld.de\/wp-content\/uploads\/2020\/08\/20200812_125125-169x300.jpg","contentUrl":"https:\/\/www.gesamtschule-eiserfeld.de\/wp-content\/uploads\/2020\/08\/20200812_125125-169x300.jpg"},{"@type":"BreadcrumbList","@id":"https:\/\/www.gesamtschule-eiserfeld.de\/?p=13998#breadcrumb","itemListElement":[{"@type":"ListItem","position":1,"name":"Startseite","item":"https:\/\/www.gesamtschule-eiserfeld.de\/"},{"@type":"ListItem","position":2,"name":"Kollegium l\u00e4sst sich auf Corona testen"}]},{"@type":"WebSite","@id":"https:\/\/www.gesamtschule-eiserfeld.de\/#website","url":"https:\/\/www.gesamtschule-eiserfeld.de\/","name":"Gesamtschule Eiserfeld","description":"","publisher":{"@id":"https:\/\/www.gesamtschule-eiserfeld.de\/#organization"},"potentialAction":[{"@type":"SearchAction","target":{"@type":"EntryPoint","urlTemplate":"https:\/\/www.gesamtschule-eiserfeld.de\/?s={search_term_string}"},"query-input":{"@type":"PropertyValueSpecification","valueRequired":true,"valueName":"search_term_string"}}],"inLanguage":"de"},{"@type":"Organization","@id":"https:\/\/www.gesamtschule-eiserfeld.de\/#organization","name":"Gesamtschule Eiserfeld","url":"https:\/\/www.gesamtschule-eiserfeld.de\/","logo":{"@type":"ImageObject","inLanguage":"de","@id":"https:\/\/www.gesamtschule-eiserfeld.de\/#\/schema\/logo\/image\/","url":"https:\/\/i1.wp.com\/www.gesamtschule-eiserfeld.de\/wp-content\/uploads\/2019\/01\/GEE-Logo-neu.jpg?fit=436%2C126&ssl=1","contentUrl":"https:\/\/i1.wp.com\/www.gesamtschule-eiserfeld.de\/wp-content\/uploads\/2019\/01\/GEE-Logo-neu.jpg?fit=436%2C126&ssl=1","width":436,"height":126,"caption":"Gesamtschule Eiserfeld"},"image":{"@id":"https:\/\/www.gesamtschule-eiserfeld.de\/#\/schema\/logo\/image\/"},"sameAs":["https:\/\/www.facebook.com\/GEEiserfeld"]},{"@type":"Person","@id":"https:\/\/www.gesamtschule-eiserfeld.de\/#\/schema\/person\/9f37123dd2ff514a1346db435bdb3784","name":"dorw","sameAs":["http:\/\/www.ge-eiserfeld.de"],"url":"https:\/\/www.gesamtschule-eiserfeld.de\/?author=9"}]}},"jetpack_publicize_connections":[],"jetpack_featured_media_url":"","jetpack_shortlink":"https:\/\/wp.me\/p2weeL-3DM","jetpack_sharing_enabled":true,"_links":{"self":[{"href":"https:\/\/www.gesamtschule-eiserfeld.de\/index.php?rest_route=\/wp\/v2\/posts\/13998","targetHints":{"allow":["GET"]}}],"collection":[{"href":"https:\/\/www.gesamtschule-eiserfeld.de\/index.php?rest_route=\/wp\/v2\/posts"}],"about":[{"href":"https:\/\/www.gesamtschule-eiserfeld.de\/index.php?rest_route=\/wp\/v2\/types\/post"}],"author":[{"embeddable":true,"href":"https:\/\/www.gesamtschule-eiserfeld.de\/index.php?rest_route=\/wp\/v2\/users\/9"}],"replies":[{"embeddable":true,"href":"https:\/\/www.gesamtschule-eiserfeld.de\/index.php?rest_route=%2Fwp%2Fv2%2Fcomments&post=13998"}],"version-history":[{"count":0,"href":"https:\/\/www.gesamtschule-eiserfeld.de\/index.php?rest_route=\/wp\/v2\/posts\/13998\/revisions"}],"wp:attachment":[{"href":"https:\/\/www.gesamtschule-eiserfeld.de\/index.php?rest_route=%2Fwp%2Fv2%2Fmedia&parent=13998"}],"wp:term":[{"taxonomy":"category","embeddable":true,"href":"https:\/\/www.gesamtschule-eiserfeld.de\/index.php?rest_route=%2Fwp%2Fv2%2Fcategories&post=13998"},{"taxonomy":"post_tag","embeddable":true,"href":"https:\/\/www.gesamtschule-eiserfeld.de\/index.php?rest_route=%2Fwp%2Fv2%2Ftags&post=13998"}],"curies":[{"name":"wp","href":"https:\/\/api.w.org\/{rel}","templated":true}]}}