{"id":14062,"date":"2020-08-30T19:01:00","date_gmt":"2020-08-30T18:01:00","guid":{"rendered":"https:\/\/www.gesamtschule-eiserfeld.de\/?p=14062"},"modified":"2020-10-23T17:51:11","modified_gmt":"2020-10-23T16:51:11","slug":"ein-mockel-auf-stellensuche","status":"publish","type":"post","link":"https:\/\/www.gesamtschule-eiserfeld.de\/?p=14062","title":{"rendered":"Ein Mockel auf Stellensuche"},"content":{"rendered":"<p style=\"text-align: justify;\"><img data-recalc-dims=\"1\" loading=\"lazy\" decoding=\"async\" data-attachment-id=\"14063\" data-permalink=\"https:\/\/www.gesamtschule-eiserfeld.de\/?attachment_id=14063\" data-orig-file=\"https:\/\/i0.wp.com\/www.gesamtschule-eiserfeld.de\/wp-content\/uploads\/2020\/08\/Unbenannt.jpg?fit=966%2C1200&amp;ssl=1\" data-orig-size=\"966,1200\" data-comments-opened=\"0\" data-image-meta=\"{&quot;aperture&quot;:&quot;0&quot;,&quot;credit&quot;:&quot;Werner J\\u00fcngst&quot;,&quot;camera&quot;:&quot;&quot;,&quot;caption&quot;:&quot;&quot;,&quot;created_timestamp&quot;:&quot;1598816189&quot;,&quot;copyright&quot;:&quot;&quot;,&quot;focal_length&quot;:&quot;0&quot;,&quot;iso&quot;:&quot;0&quot;,&quot;shutter_speed&quot;:&quot;0&quot;,&quot;title&quot;:&quot;&quot;,&quot;orientation&quot;:&quot;0&quot;}\" data-image-title=\"Unbenannt\" data-image-description=\"\" data-image-caption=\"\" data-large-file=\"https:\/\/i0.wp.com\/www.gesamtschule-eiserfeld.de\/wp-content\/uploads\/2020\/08\/Unbenannt.jpg?fit=474%2C589&amp;ssl=1\" class=\"size-medium wp-image-14063 alignleft\" src=\"https:\/\/i0.wp.com\/www.gesamtschule-eiserfeld.de\/wp-content\/uploads\/2020\/08\/Unbenannt.jpg?resize=242%2C300&#038;ssl=1\" alt=\"\" width=\"242\" height=\"300\" srcset=\"https:\/\/i0.wp.com\/www.gesamtschule-eiserfeld.de\/wp-content\/uploads\/2020\/08\/Unbenannt.jpg?resize=242%2C300&amp;ssl=1 242w, https:\/\/i0.wp.com\/www.gesamtschule-eiserfeld.de\/wp-content\/uploads\/2020\/08\/Unbenannt.jpg?resize=824%2C1024&amp;ssl=1 824w, https:\/\/i0.wp.com\/www.gesamtschule-eiserfeld.de\/wp-content\/uploads\/2020\/08\/Unbenannt.jpg?resize=121%2C150&amp;ssl=1 121w, https:\/\/i0.wp.com\/www.gesamtschule-eiserfeld.de\/wp-content\/uploads\/2020\/08\/Unbenannt.jpg?resize=768%2C954&amp;ssl=1 768w, https:\/\/i0.wp.com\/www.gesamtschule-eiserfeld.de\/wp-content\/uploads\/2020\/08\/Unbenannt.jpg?w=966&amp;ssl=1 966w\" sizes=\"auto, (max-width: 242px) 100vw, 242px\" \/>[2020-08-27 WEIJ] Mockel? Nun, das ist eine Mischung aus Mops und Dackel, eben ein Mockel.\u00a0 So wie mein\u00a0 <strong>Anton<\/strong>! Der ist gerade s\u00fc\u00dfe sechs Monate alt. Als ich ihn zum ersten Mal sah, kam mir spontan die Idee,\u00a0 ihn als therapeutischen und p\u00e4dagogischen Begleithund (kurz: <strong>Schulhund<\/strong>) ausbilden zu lassen. Gesagt, getan! Anton und ich freuen uns jetzt auf seine in K\u00fcrze startende\u00a0 \u00a0Lehrzeit.\u00a0 Wie kann man aber einen Hund\u00a0 nach den acht Monaten\u00a0 Hundestudium als <strong>Schulhund<\/strong> einsetzen?<\/p>\n<p><!--more--><\/p>\n<p style=\"text-align: justify;\">Nun, als\u00a0 &#8222;Stressfresser&#8220;, Motivator, T\u00fcr\u00f6ffner, Selbstbewusstseinscoach, Respektvermittler, Konzentrationstrainer,\u00a0 Integrationshelfer und Lehrassistent.\u00a0 Da gibt es zahlreiche Konzepte an vielen Schulen! Um das Ganze vorab dann doch mal zu testen, hat mich Anton einen Tag lang in meinem Unterricht in Mathematik und Biologie begleitet:<\/p>\n<p style=\"text-align: justify;\"><img data-recalc-dims=\"1\" loading=\"lazy\" decoding=\"async\" data-attachment-id=\"14064\" data-permalink=\"https:\/\/www.gesamtschule-eiserfeld.de\/?attachment_id=14064\" data-orig-file=\"https:\/\/i0.wp.com\/www.gesamtschule-eiserfeld.de\/wp-content\/uploads\/2020\/08\/1.jpg?fit=569%2C560&amp;ssl=1\" data-orig-size=\"569,560\" data-comments-opened=\"0\" data-image-meta=\"{&quot;aperture&quot;:&quot;0&quot;,&quot;credit&quot;:&quot;Werner J\\u00fcngst&quot;,&quot;camera&quot;:&quot;&quot;,&quot;caption&quot;:&quot;&quot;,&quot;created_timestamp&quot;:&quot;1598816321&quot;,&quot;copyright&quot;:&quot;&quot;,&quot;focal_length&quot;:&quot;0&quot;,&quot;iso&quot;:&quot;0&quot;,&quot;shutter_speed&quot;:&quot;0&quot;,&quot;title&quot;:&quot;&quot;,&quot;orientation&quot;:&quot;0&quot;}\" data-image-title=\"1\" data-image-description=\"\" data-image-caption=\"\" data-large-file=\"https:\/\/i0.wp.com\/www.gesamtschule-eiserfeld.de\/wp-content\/uploads\/2020\/08\/1.jpg?fit=474%2C467&amp;ssl=1\" class=\"size-medium wp-image-14064 alignright\" src=\"https:\/\/i0.wp.com\/www.gesamtschule-eiserfeld.de\/wp-content\/uploads\/2020\/08\/1.jpg?resize=300%2C295&#038;ssl=1\" alt=\"\" width=\"300\" height=\"295\" srcset=\"https:\/\/i0.wp.com\/www.gesamtschule-eiserfeld.de\/wp-content\/uploads\/2020\/08\/1.jpg?resize=300%2C295&amp;ssl=1 300w, https:\/\/i0.wp.com\/www.gesamtschule-eiserfeld.de\/wp-content\/uploads\/2020\/08\/1.jpg?resize=152%2C150&amp;ssl=1 152w, https:\/\/i0.wp.com\/www.gesamtschule-eiserfeld.de\/wp-content\/uploads\/2020\/08\/1.jpg?w=569&amp;ssl=1 569w\" sizes=\"auto, (max-width: 300px) 100vw, 300px\" \/>Die Sch\u00fclerInnen sind von Antons Anwesenheit hellauf begeistert! Etwa Kenneth, 8. Jg.: \u201eUnsere Klasse ist sooo leise, weil alle wissen, dass der Hund auch ein bisschen lauter h\u00f6rt als wir. Der ist immer da und ich finde, da konzentriert man sich auch mehr.\u201c Mina\u00a0 \u00a0meint,\u00a0 wenn Anton\u00a0 immer anwesend w\u00e4re, w\u00fcrde er sich besonders auf den Unterricht freuen. Und auch Antonia findet das Lernen\u00a0 entspannter, wenn Anton unter ihrem Tisch heruml\u00e4uft. Doch auch die angehenden AbiturientInnen der Q2 freuen sich \u00fcber Anton. Ihnen vermittelt\u00a0 der Hund \u00e4hnlich\u00a0 Positives.\u00a0 \u201eJa, der kann \u00f6fter mitkommen\u201c.\u00a0 \u201eIst eine sch\u00f6ne Abwechslung.\u201c\u00a0 &#8222;Ist der s\u00fc\u00fc\u00fc\u00df und braaav!&#8220;<\/p>\n<p style=\"text-align: justify;\"><img data-recalc-dims=\"1\" loading=\"lazy\" decoding=\"async\" data-attachment-id=\"14065\" data-permalink=\"https:\/\/www.gesamtschule-eiserfeld.de\/?attachment_id=14065\" data-orig-file=\"https:\/\/i0.wp.com\/www.gesamtschule-eiserfeld.de\/wp-content\/uploads\/2020\/08\/2.jpg?fit=546%2C410&amp;ssl=1\" data-orig-size=\"546,410\" data-comments-opened=\"0\" data-image-meta=\"{&quot;aperture&quot;:&quot;0&quot;,&quot;credit&quot;:&quot;Werner J\\u00fcngst&quot;,&quot;camera&quot;:&quot;&quot;,&quot;caption&quot;:&quot;&quot;,&quot;created_timestamp&quot;:&quot;1598816461&quot;,&quot;copyright&quot;:&quot;&quot;,&quot;focal_length&quot;:&quot;0&quot;,&quot;iso&quot;:&quot;0&quot;,&quot;shutter_speed&quot;:&quot;0&quot;,&quot;title&quot;:&quot;&quot;,&quot;orientation&quot;:&quot;0&quot;}\" data-image-title=\"2\" data-image-description=\"\" data-image-caption=\"\" data-large-file=\"https:\/\/i0.wp.com\/www.gesamtschule-eiserfeld.de\/wp-content\/uploads\/2020\/08\/2.jpg?fit=474%2C356&amp;ssl=1\" class=\"size-medium wp-image-14065 alignleft\" src=\"https:\/\/i0.wp.com\/www.gesamtschule-eiserfeld.de\/wp-content\/uploads\/2020\/08\/2.jpg?resize=300%2C225&#038;ssl=1\" alt=\"\" width=\"300\" height=\"225\" srcset=\"https:\/\/i0.wp.com\/www.gesamtschule-eiserfeld.de\/wp-content\/uploads\/2020\/08\/2.jpg?resize=300%2C225&amp;ssl=1 300w, https:\/\/i0.wp.com\/www.gesamtschule-eiserfeld.de\/wp-content\/uploads\/2020\/08\/2.jpg?resize=200%2C150&amp;ssl=1 200w, https:\/\/i0.wp.com\/www.gesamtschule-eiserfeld.de\/wp-content\/uploads\/2020\/08\/2.jpg?w=546&amp;ssl=1 546w\" sizes=\"auto, (max-width: 300px) 100vw, 300px\" \/>Eine Mittagspause der anderen Art verbringen sp\u00e4ter dann auch einige Sch\u00fcler der 5. Klassen. Gro\u00dfe Aufregung macht sich am Hengsberg breit, als wir dort zur OA erscheinen. Viele H\u00e4nde wollen Anton streicheln und der freut sich m\u00e4chtig \u00fcber all\u00a0 die kleinen Aufmerksamkeiten. So bleibt er selbst im dichtesten Gedr\u00e4nge\u00a0 cool,\u00a0 legt sich voller Wonne auf den R\u00fccken und l\u00e4sst sich genie\u00dferisch den Bauch streicheln. Kurzum &#8211;\u00a0 Anton f\u00fchlt sich <em>mockelwohl<\/em> in der GEE!<\/p>\n<p style=\"text-align: justify;\"><img data-recalc-dims=\"1\" loading=\"lazy\" decoding=\"async\" data-attachment-id=\"14066\" data-permalink=\"https:\/\/www.gesamtschule-eiserfeld.de\/?attachment_id=14066\" data-orig-file=\"https:\/\/i0.wp.com\/www.gesamtschule-eiserfeld.de\/wp-content\/uploads\/2020\/08\/3.jpg?fit=516%2C390&amp;ssl=1\" data-orig-size=\"516,390\" data-comments-opened=\"0\" data-image-meta=\"{&quot;aperture&quot;:&quot;0&quot;,&quot;credit&quot;:&quot;Werner J\\u00fcngst&quot;,&quot;camera&quot;:&quot;&quot;,&quot;caption&quot;:&quot;&quot;,&quot;created_timestamp&quot;:&quot;1598816657&quot;,&quot;copyright&quot;:&quot;&quot;,&quot;focal_length&quot;:&quot;0&quot;,&quot;iso&quot;:&quot;0&quot;,&quot;shutter_speed&quot;:&quot;0&quot;,&quot;title&quot;:&quot;&quot;,&quot;orientation&quot;:&quot;0&quot;}\" data-image-title=\"3\" data-image-description=\"\" data-image-caption=\"\" data-large-file=\"https:\/\/i0.wp.com\/www.gesamtschule-eiserfeld.de\/wp-content\/uploads\/2020\/08\/3.jpg?fit=474%2C358&amp;ssl=1\" class=\"size-medium wp-image-14066 alignright\" src=\"https:\/\/i0.wp.com\/www.gesamtschule-eiserfeld.de\/wp-content\/uploads\/2020\/08\/3.jpg?resize=300%2C227&#038;ssl=1\" alt=\"\" width=\"300\" height=\"227\" srcset=\"https:\/\/i0.wp.com\/www.gesamtschule-eiserfeld.de\/wp-content\/uploads\/2020\/08\/3.jpg?resize=300%2C227&amp;ssl=1 300w, https:\/\/i0.wp.com\/www.gesamtschule-eiserfeld.de\/wp-content\/uploads\/2020\/08\/3.jpg?resize=198%2C150&amp;ssl=1 198w, https:\/\/i0.wp.com\/www.gesamtschule-eiserfeld.de\/wp-content\/uploads\/2020\/08\/3.jpg?w=516&amp;ssl=1 516w\" sizes=\"auto, (max-width: 300px) 100vw, 300px\" \/>Die kennt er ja auch schon von einigen Tagen aus der Corona-Phase vor den Sommerferien, denn bereits mit 12 Wochen\u00a0 ist er\u00a0 ein paar Mal zu Gast gewesen und hat die Schule im kleinen Betrieb ausgiebig kennenlernen k\u00f6nnen und somit ist der Umstieg auf den \u201egro\u00dfen Betrieb\u201c f\u00fcr ihn kein wirkliches Problem.<\/p>\n<p style=\"text-align: justify;\"><img data-recalc-dims=\"1\" loading=\"lazy\" decoding=\"async\" class=\"size-medium wp-image-14067 alignleft\" src=\"https:\/\/i0.wp.com\/www.gesamtschule-eiserfeld.de\/wp-content\/uploads\/2020\/08\/4-300x223.jpg?resize=300%2C223&#038;ssl=1\" alt=\"\" width=\"300\" height=\"223\" \/>Schon da f\u00e4llt mir etwas Erstaunliches auf: die Sch\u00fcler r\u00e4umen freiwillig und unaufgefordert den M\u00fcll im Klassenraum weg. Damit\u00a0 der Hund ja nicht noch Herumliegendes frisst oder sonst zu Schaden kommt! Eifrig werden Tic-Tacs, Rei\u00dfzwecken und Papiere aufgehoben und fachgerecht entsorgt. Selbst als Anton zur Freude aller seine Wassersch\u00fcssel umwirft, wird mit vollem Einsatz der Boden gereinigt.<\/p>\n<p style=\"text-align: justify;\">Nur ein gro\u00dfes Problem\u00a0 hat der kleine Anton doch! Er macht sich Gedanken, ob er wohl nach seiner Ausbildung eine T\u00e4tigkeit an der GEE finden kann. Dort w\u00fcrde er n\u00e4mlich ganz besonders gerne als Schulhund arbeiten!<\/p>\n<p style=\"text-align: justify;\">Mal sehen, ob das nicht klappen k\u00f6nnte!<\/p>\n<p style=\"text-align: justify;\">Jenny Wei\u00df<\/p>\n","protected":false},"excerpt":{"rendered":"<p>[2020-08-27 WEIJ] Mockel? Nun, das ist eine Mischung aus Mops und Dackel, eben ein Mockel.\u00a0 So wie mein\u00a0 Anton! Der ist gerade s\u00fc\u00dfe sechs Monate alt. Als ich ihn zum ersten Mal sah, kam mir spontan die Idee,\u00a0 ihn als therapeutischen und p\u00e4dagogischen Begleithund (kurz: Schulhund) ausbilden zu lassen. Gesagt, getan! Anton und ich freuen &hellip; <a href=\"https:\/\/www.gesamtschule-eiserfeld.de\/?p=14062\" class=\"more-link\"><span class=\"screen-reader-text\">Ein Mockel auf Stellensuche<\/span> weiterlesen <span class=\"meta-nav\">&rarr;<\/span><\/a><\/p>\n","protected":false},"author":9,"featured_media":0,"comment_status":"closed","ping_status":"open","sticky":false,"template":"","format":"standard","meta":{"jetpack_post_was_ever_published":false,"_jetpack_newsletter_access":"","_jetpack_dont_email_post_to_subs":false,"_jetpack_newsletter_tier_id":0,"_jetpack_memberships_contains_paywalled_content":false,"_jetpack_memberships_contains_paid_content":false,"footnotes":"","jetpack_publicize_message":"","jetpack_publicize_feature_enabled":true,"jetpack_social_post_already_shared":true,"jetpack_social_options":{"image_generator_settings":{"template":"highway","default_image_id":0,"font":"","enabled":false},"version":2}},"categories":[1,43,49],"tags":[],"class_list":["post-14062","post","type-post","status-publish","format-standard","hentry","category-allgemein","category-konzuebergr","category-soziales-lernen"],"yoast_head":"<!-- This site is optimized with the Yoast SEO plugin v27.4 - https:\/\/yoast.com\/product\/yoast-seo-wordpress\/ -->\n<title>Ein Mockel auf Stellensuche - Gesamtschule Eiserfeld<\/title>\n<meta name=\"robots\" content=\"index, follow, max-snippet:-1, max-image-preview:large, max-video-preview:-1\" \/>\n<link rel=\"canonical\" href=\"https:\/\/www.gesamtschule-eiserfeld.de\/?p=14062\" \/>\n<meta property=\"og:locale\" content=\"de_DE\" \/>\n<meta property=\"og:type\" content=\"article\" \/>\n<meta property=\"og:title\" content=\"Ein Mockel auf Stellensuche - Gesamtschule Eiserfeld\" \/>\n<meta property=\"og:description\" content=\"[2020-08-27 WEIJ] Mockel? Nun, das ist eine Mischung aus Mops und Dackel, eben ein Mockel.\u00a0 So wie mein\u00a0 Anton! Der ist gerade s\u00fc\u00dfe sechs Monate alt. Als ich ihn zum ersten Mal sah, kam mir spontan die Idee,\u00a0 ihn als therapeutischen und p\u00e4dagogischen Begleithund (kurz: Schulhund) ausbilden zu lassen. Gesagt, getan! Anton und ich freuen &hellip; Ein Mockel auf Stellensuche weiterlesen &rarr;\" \/>\n<meta property=\"og:url\" content=\"https:\/\/www.gesamtschule-eiserfeld.de\/?p=14062\" \/>\n<meta property=\"og:site_name\" content=\"Gesamtschule Eiserfeld\" \/>\n<meta property=\"article:publisher\" content=\"https:\/\/www.facebook.com\/GEEiserfeld\" \/>\n<meta property=\"article:published_time\" content=\"2020-08-30T18:01:00+00:00\" \/>\n<meta property=\"article:modified_time\" content=\"2020-10-23T16:51:11+00:00\" \/>\n<meta property=\"og:image\" content=\"https:\/\/i0.wp.com\/www.gesamtschule-eiserfeld.de\/wp-content\/uploads\/2020\/08\/Unbenannt.jpg?fit=966%2C1200&ssl=1\" \/>\n\t<meta property=\"og:image:width\" content=\"966\" \/>\n\t<meta property=\"og:image:height\" content=\"1200\" \/>\n\t<meta property=\"og:image:type\" content=\"image\/jpeg\" \/>\n<meta name=\"author\" content=\"dorw\" \/>\n<meta name=\"twitter:card\" content=\"summary_large_image\" \/>\n<meta name=\"twitter:label1\" content=\"Verfasst von\" \/>\n\t<meta name=\"twitter:data1\" content=\"dorw\" \/>\n\t<meta name=\"twitter:label2\" content=\"Gesch\u00e4tzte Lesezeit\" \/>\n\t<meta name=\"twitter:data2\" content=\"2\u00a0Minuten\" \/>\n<script type=\"application\/ld+json\" class=\"yoast-schema-graph\">{\"@context\":\"https:\\\/\\\/schema.org\",\"@graph\":[{\"@type\":\"Article\",\"@id\":\"https:\\\/\\\/www.gesamtschule-eiserfeld.de\\\/?p=14062#article\",\"isPartOf\":{\"@id\":\"https:\\\/\\\/www.gesamtschule-eiserfeld.de\\\/?p=14062\"},\"author\":{\"name\":\"dorw\",\"@id\":\"https:\\\/\\\/www.gesamtschule-eiserfeld.de\\\/#\\\/schema\\\/person\\\/9f37123dd2ff514a1346db435bdb3784\"},\"headline\":\"Ein Mockel auf Stellensuche\",\"datePublished\":\"2020-08-30T18:01:00+00:00\",\"dateModified\":\"2020-10-23T16:51:11+00:00\",\"mainEntityOfPage\":{\"@id\":\"https:\\\/\\\/www.gesamtschule-eiserfeld.de\\\/?p=14062\"},\"wordCount\":485,\"publisher\":{\"@id\":\"https:\\\/\\\/www.gesamtschule-eiserfeld.de\\\/#organization\"},\"image\":{\"@id\":\"https:\\\/\\\/www.gesamtschule-eiserfeld.de\\\/?p=14062#primaryimage\"},\"thumbnailUrl\":\"https:\\\/\\\/www.gesamtschule-eiserfeld.de\\\/wp-content\\\/uploads\\\/2020\\\/08\\\/Unbenannt-242x300.jpg\",\"articleSection\":{\"1\":\"Konzepte \u00fcbergreifend\",\"2\":\"Soziales Lernen\"},\"inLanguage\":\"de\"},{\"@type\":\"WebPage\",\"@id\":\"https:\\\/\\\/www.gesamtschule-eiserfeld.de\\\/?p=14062\",\"url\":\"https:\\\/\\\/www.gesamtschule-eiserfeld.de\\\/?p=14062\",\"name\":\"Ein Mockel auf Stellensuche - Gesamtschule Eiserfeld\",\"isPartOf\":{\"@id\":\"https:\\\/\\\/www.gesamtschule-eiserfeld.de\\\/#website\"},\"primaryImageOfPage\":{\"@id\":\"https:\\\/\\\/www.gesamtschule-eiserfeld.de\\\/?p=14062#primaryimage\"},\"image\":{\"@id\":\"https:\\\/\\\/www.gesamtschule-eiserfeld.de\\\/?p=14062#primaryimage\"},\"thumbnailUrl\":\"https:\\\/\\\/www.gesamtschule-eiserfeld.de\\\/wp-content\\\/uploads\\\/2020\\\/08\\\/Unbenannt-242x300.jpg\",\"datePublished\":\"2020-08-30T18:01:00+00:00\",\"dateModified\":\"2020-10-23T16:51:11+00:00\",\"breadcrumb\":{\"@id\":\"https:\\\/\\\/www.gesamtschule-eiserfeld.de\\\/?p=14062#breadcrumb\"},\"inLanguage\":\"de\",\"potentialAction\":[{\"@type\":\"ReadAction\",\"target\":[\"https:\\\/\\\/www.gesamtschule-eiserfeld.de\\\/?p=14062\"]}]},{\"@type\":\"ImageObject\",\"inLanguage\":\"de\",\"@id\":\"https:\\\/\\\/www.gesamtschule-eiserfeld.de\\\/?p=14062#primaryimage\",\"url\":\"https:\\\/\\\/i0.wp.com\\\/www.gesamtschule-eiserfeld.de\\\/wp-content\\\/uploads\\\/2020\\\/08\\\/Unbenannt.jpg?fit=966%2C1200&ssl=1\",\"contentUrl\":\"https:\\\/\\\/i0.wp.com\\\/www.gesamtschule-eiserfeld.de\\\/wp-content\\\/uploads\\\/2020\\\/08\\\/Unbenannt.jpg?fit=966%2C1200&ssl=1\",\"width\":966,\"height\":1200},{\"@type\":\"BreadcrumbList\",\"@id\":\"https:\\\/\\\/www.gesamtschule-eiserfeld.de\\\/?p=14062#breadcrumb\",\"itemListElement\":[{\"@type\":\"ListItem\",\"position\":1,\"name\":\"Startseite\",\"item\":\"https:\\\/\\\/www.gesamtschule-eiserfeld.de\\\/\"},{\"@type\":\"ListItem\",\"position\":2,\"name\":\"Ein Mockel auf Stellensuche\"}]},{\"@type\":\"WebSite\",\"@id\":\"https:\\\/\\\/www.gesamtschule-eiserfeld.de\\\/#website\",\"url\":\"https:\\\/\\\/www.gesamtschule-eiserfeld.de\\\/\",\"name\":\"Gesamtschule Eiserfeld\",\"description\":\"\",\"publisher\":{\"@id\":\"https:\\\/\\\/www.gesamtschule-eiserfeld.de\\\/#organization\"},\"potentialAction\":[{\"@type\":\"SearchAction\",\"target\":{\"@type\":\"EntryPoint\",\"urlTemplate\":\"https:\\\/\\\/www.gesamtschule-eiserfeld.de\\\/?s={search_term_string}\"},\"query-input\":{\"@type\":\"PropertyValueSpecification\",\"valueRequired\":true,\"valueName\":\"search_term_string\"}}],\"inLanguage\":\"de\"},{\"@type\":\"Organization\",\"@id\":\"https:\\\/\\\/www.gesamtschule-eiserfeld.de\\\/#organization\",\"name\":\"Gesamtschule Eiserfeld\",\"url\":\"https:\\\/\\\/www.gesamtschule-eiserfeld.de\\\/\",\"logo\":{\"@type\":\"ImageObject\",\"inLanguage\":\"de\",\"@id\":\"https:\\\/\\\/www.gesamtschule-eiserfeld.de\\\/#\\\/schema\\\/logo\\\/image\\\/\",\"url\":\"https:\\\/\\\/i1.wp.com\\\/www.gesamtschule-eiserfeld.de\\\/wp-content\\\/uploads\\\/2019\\\/01\\\/GEE-Logo-neu.jpg?fit=436%2C126&ssl=1\",\"contentUrl\":\"https:\\\/\\\/i1.wp.com\\\/www.gesamtschule-eiserfeld.de\\\/wp-content\\\/uploads\\\/2019\\\/01\\\/GEE-Logo-neu.jpg?fit=436%2C126&ssl=1\",\"width\":436,\"height\":126,\"caption\":\"Gesamtschule Eiserfeld\"},\"image\":{\"@id\":\"https:\\\/\\\/www.gesamtschule-eiserfeld.de\\\/#\\\/schema\\\/logo\\\/image\\\/\"},\"sameAs\":[\"https:\\\/\\\/www.facebook.com\\\/GEEiserfeld\"]},{\"@type\":\"Person\",\"@id\":\"https:\\\/\\\/www.gesamtschule-eiserfeld.de\\\/#\\\/schema\\\/person\\\/9f37123dd2ff514a1346db435bdb3784\",\"name\":\"dorw\",\"sameAs\":[\"http:\\\/\\\/www.ge-eiserfeld.de\"],\"url\":\"https:\\\/\\\/www.gesamtschule-eiserfeld.de\\\/?author=9\"}]}<\/script>\n<!-- \/ Yoast SEO plugin. -->","yoast_head_json":{"title":"Ein Mockel auf Stellensuche - Gesamtschule Eiserfeld","robots":{"index":"index","follow":"follow","max-snippet":"max-snippet:-1","max-image-preview":"max-image-preview:large","max-video-preview":"max-video-preview:-1"},"canonical":"https:\/\/www.gesamtschule-eiserfeld.de\/?p=14062","og_locale":"de_DE","og_type":"article","og_title":"Ein Mockel auf Stellensuche - Gesamtschule Eiserfeld","og_description":"[2020-08-27 WEIJ] Mockel? Nun, das ist eine Mischung aus Mops und Dackel, eben ein Mockel.\u00a0 So wie mein\u00a0 Anton! Der ist gerade s\u00fc\u00dfe sechs Monate alt. Als ich ihn zum ersten Mal sah, kam mir spontan die Idee,\u00a0 ihn als therapeutischen und p\u00e4dagogischen Begleithund (kurz: Schulhund) ausbilden zu lassen. Gesagt, getan! Anton und ich freuen &hellip; Ein Mockel auf Stellensuche weiterlesen &rarr;","og_url":"https:\/\/www.gesamtschule-eiserfeld.de\/?p=14062","og_site_name":"Gesamtschule Eiserfeld","article_publisher":"https:\/\/www.facebook.com\/GEEiserfeld","article_published_time":"2020-08-30T18:01:00+00:00","article_modified_time":"2020-10-23T16:51:11+00:00","og_image":[{"width":966,"height":1200,"url":"https:\/\/i0.wp.com\/www.gesamtschule-eiserfeld.de\/wp-content\/uploads\/2020\/08\/Unbenannt.jpg?fit=966%2C1200&ssl=1","type":"image\/jpeg"}],"author":"dorw","twitter_card":"summary_large_image","twitter_misc":{"Verfasst von":"dorw","Gesch\u00e4tzte Lesezeit":"2\u00a0Minuten"},"schema":{"@context":"https:\/\/schema.org","@graph":[{"@type":"Article","@id":"https:\/\/www.gesamtschule-eiserfeld.de\/?p=14062#article","isPartOf":{"@id":"https:\/\/www.gesamtschule-eiserfeld.de\/?p=14062"},"author":{"name":"dorw","@id":"https:\/\/www.gesamtschule-eiserfeld.de\/#\/schema\/person\/9f37123dd2ff514a1346db435bdb3784"},"headline":"Ein Mockel auf Stellensuche","datePublished":"2020-08-30T18:01:00+00:00","dateModified":"2020-10-23T16:51:11+00:00","mainEntityOfPage":{"@id":"https:\/\/www.gesamtschule-eiserfeld.de\/?p=14062"},"wordCount":485,"publisher":{"@id":"https:\/\/www.gesamtschule-eiserfeld.de\/#organization"},"image":{"@id":"https:\/\/www.gesamtschule-eiserfeld.de\/?p=14062#primaryimage"},"thumbnailUrl":"https:\/\/www.gesamtschule-eiserfeld.de\/wp-content\/uploads\/2020\/08\/Unbenannt-242x300.jpg","articleSection":{"1":"Konzepte \u00fcbergreifend","2":"Soziales Lernen"},"inLanguage":"de"},{"@type":"WebPage","@id":"https:\/\/www.gesamtschule-eiserfeld.de\/?p=14062","url":"https:\/\/www.gesamtschule-eiserfeld.de\/?p=14062","name":"Ein Mockel auf Stellensuche - Gesamtschule Eiserfeld","isPartOf":{"@id":"https:\/\/www.gesamtschule-eiserfeld.de\/#website"},"primaryImageOfPage":{"@id":"https:\/\/www.gesamtschule-eiserfeld.de\/?p=14062#primaryimage"},"image":{"@id":"https:\/\/www.gesamtschule-eiserfeld.de\/?p=14062#primaryimage"},"thumbnailUrl":"https:\/\/www.gesamtschule-eiserfeld.de\/wp-content\/uploads\/2020\/08\/Unbenannt-242x300.jpg","datePublished":"2020-08-30T18:01:00+00:00","dateModified":"2020-10-23T16:51:11+00:00","breadcrumb":{"@id":"https:\/\/www.gesamtschule-eiserfeld.de\/?p=14062#breadcrumb"},"inLanguage":"de","potentialAction":[{"@type":"ReadAction","target":["https:\/\/www.gesamtschule-eiserfeld.de\/?p=14062"]}]},{"@type":"ImageObject","inLanguage":"de","@id":"https:\/\/www.gesamtschule-eiserfeld.de\/?p=14062#primaryimage","url":"https:\/\/i0.wp.com\/www.gesamtschule-eiserfeld.de\/wp-content\/uploads\/2020\/08\/Unbenannt.jpg?fit=966%2C1200&ssl=1","contentUrl":"https:\/\/i0.wp.com\/www.gesamtschule-eiserfeld.de\/wp-content\/uploads\/2020\/08\/Unbenannt.jpg?fit=966%2C1200&ssl=1","width":966,"height":1200},{"@type":"BreadcrumbList","@id":"https:\/\/www.gesamtschule-eiserfeld.de\/?p=14062#breadcrumb","itemListElement":[{"@type":"ListItem","position":1,"name":"Startseite","item":"https:\/\/www.gesamtschule-eiserfeld.de\/"},{"@type":"ListItem","position":2,"name":"Ein Mockel auf Stellensuche"}]},{"@type":"WebSite","@id":"https:\/\/www.gesamtschule-eiserfeld.de\/#website","url":"https:\/\/www.gesamtschule-eiserfeld.de\/","name":"Gesamtschule Eiserfeld","description":"","publisher":{"@id":"https:\/\/www.gesamtschule-eiserfeld.de\/#organization"},"potentialAction":[{"@type":"SearchAction","target":{"@type":"EntryPoint","urlTemplate":"https:\/\/www.gesamtschule-eiserfeld.de\/?s={search_term_string}"},"query-input":{"@type":"PropertyValueSpecification","valueRequired":true,"valueName":"search_term_string"}}],"inLanguage":"de"},{"@type":"Organization","@id":"https:\/\/www.gesamtschule-eiserfeld.de\/#organization","name":"Gesamtschule Eiserfeld","url":"https:\/\/www.gesamtschule-eiserfeld.de\/","logo":{"@type":"ImageObject","inLanguage":"de","@id":"https:\/\/www.gesamtschule-eiserfeld.de\/#\/schema\/logo\/image\/","url":"https:\/\/i1.wp.com\/www.gesamtschule-eiserfeld.de\/wp-content\/uploads\/2019\/01\/GEE-Logo-neu.jpg?fit=436%2C126&ssl=1","contentUrl":"https:\/\/i1.wp.com\/www.gesamtschule-eiserfeld.de\/wp-content\/uploads\/2019\/01\/GEE-Logo-neu.jpg?fit=436%2C126&ssl=1","width":436,"height":126,"caption":"Gesamtschule Eiserfeld"},"image":{"@id":"https:\/\/www.gesamtschule-eiserfeld.de\/#\/schema\/logo\/image\/"},"sameAs":["https:\/\/www.facebook.com\/GEEiserfeld"]},{"@type":"Person","@id":"https:\/\/www.gesamtschule-eiserfeld.de\/#\/schema\/person\/9f37123dd2ff514a1346db435bdb3784","name":"dorw","sameAs":["http:\/\/www.ge-eiserfeld.de"],"url":"https:\/\/www.gesamtschule-eiserfeld.de\/?author=9"}]}},"jetpack_publicize_connections":[],"jetpack_featured_media_url":"","jetpack_shortlink":"https:\/\/wp.me\/p2weeL-3EO","jetpack_sharing_enabled":true,"_links":{"self":[{"href":"https:\/\/www.gesamtschule-eiserfeld.de\/index.php?rest_route=\/wp\/v2\/posts\/14062","targetHints":{"allow":["GET"]}}],"collection":[{"href":"https:\/\/www.gesamtschule-eiserfeld.de\/index.php?rest_route=\/wp\/v2\/posts"}],"about":[{"href":"https:\/\/www.gesamtschule-eiserfeld.de\/index.php?rest_route=\/wp\/v2\/types\/post"}],"author":[{"embeddable":true,"href":"https:\/\/www.gesamtschule-eiserfeld.de\/index.php?rest_route=\/wp\/v2\/users\/9"}],"replies":[{"embeddable":true,"href":"https:\/\/www.gesamtschule-eiserfeld.de\/index.php?rest_route=%2Fwp%2Fv2%2Fcomments&post=14062"}],"version-history":[{"count":0,"href":"https:\/\/www.gesamtschule-eiserfeld.de\/index.php?rest_route=\/wp\/v2\/posts\/14062\/revisions"}],"wp:attachment":[{"href":"https:\/\/www.gesamtschule-eiserfeld.de\/index.php?rest_route=%2Fwp%2Fv2%2Fmedia&parent=14062"}],"wp:term":[{"taxonomy":"category","embeddable":true,"href":"https:\/\/www.gesamtschule-eiserfeld.de\/index.php?rest_route=%2Fwp%2Fv2%2Fcategories&post=14062"},{"taxonomy":"post_tag","embeddable":true,"href":"https:\/\/www.gesamtschule-eiserfeld.de\/index.php?rest_route=%2Fwp%2Fv2%2Ftags&post=14062"}],"curies":[{"name":"wp","href":"https:\/\/api.w.org\/{rel}","templated":true}]}}