{"id":14337,"date":"2020-11-04T21:36:22","date_gmt":"2020-11-04T20:36:22","guid":{"rendered":"https:\/\/www.gesamtschule-eiserfeld.de\/?p=14337"},"modified":"2020-11-07T19:39:48","modified_gmt":"2020-11-07T18:39:48","slug":"14337","status":"publish","type":"post","link":"https:\/\/www.gesamtschule-eiserfeld.de\/?p=14337","title":{"rendered":"Geplante Aktionen gegen Masken am 9. November"},"content":{"rendered":"<p style=\"text-align: justify;\"><img data-recalc-dims=\"1\" loading=\"lazy\" decoding=\"async\" class=\" wp-image-14338 alignleft\" src=\"https:\/\/i0.wp.com\/www.gesamtschule-eiserfeld.de\/wp-content\/uploads\/2020\/11\/november-9-197x300.jpg?resize=127%2C193&#038;ssl=1\" alt=\"\" width=\"127\" height=\"193\" \/>Liebe Schulgemeinde, das Land NRW verweist auf <span style=\"color: #ff0000;\">einen f\u00fcr den 9.11.2020 geplanten Aktionstag<\/span> <span style=\"color: #ff0000;\">von Maskengegnern und Verschw\u00f6rungstheoretikern.<\/span> \u00a0Wir als Schule sind an Weisungen des Ministeriums gebunden und werden sie in diesem Fall auch ganz sicher aus \u00dcberzeugung befolgen. Die momentan wirklich triste Lage an allen Schulen ist ohnehin schon schwierig genug. Da brauchen wir nicht noch v\u00f6llig unn\u00f6tige Konfrontationen durch einige Gruppen, die den Ernst der Situation nicht verstehen wollen oder \u2013 was ich f\u00fcrchte \u2013 k\u00f6nnen.<!--more--><\/p>\n<p style=\"text-align: justify;\">Fast alle unsere Sch\u00fclerInnen haben sich bereits nach dem Appell des Schultr\u00e4gers und der Schulleitung aus \u00dcberzeugung und Verantwortungsbewusstsein zum freiwilligen Tragen der Masken entschlossen und befolgen auch die Verpflichtung d.d. Land seitdem stoisch und vorbildlich. Am 9. November erwarte ich da eigentlich nichts anderes.<\/p>\n<p style=\"text-align: justify;\">Sollte es dennoch zu bewussten St\u00f6rungen infolge der angek\u00fcndigten Aktionen kommen, so werden wir unverz\u00fcglich im Sinne der Mail handeln .<\/p>\n<p style=\"text-align: justify;\">Ihr Werner J\u00fcngst, Schulleiter GE Eiserfeld<\/p>\n<p>Anbei der weitgehend ungek\u00fcrzte, aber von mir markierte Text der Mail des MSB von heute:<!--nextpage--><\/p>\n<p>&gt;&gt;&gt;&gt;&gt;&gt;&gt;&gt;&gt;&gt; Beginn der Schulmail des MSB NRW &gt;&gt;&gt;&gt;&gt;&gt;&gt;&gt;&gt;<\/p>\n<p><strong>Aktionen von \u201eQuerdenken 711\u201c am 9. November an 1.000 Schulen deutschlandweit<\/strong><\/p>\n<p>Sehr geehrte Kolleginnen und Kollegen,<\/p>\n<p>uns haben Hinweise erreicht, dass die Initiative \u201eQuerdenken 711\u201c am <span style=\"color: #ff0000;\">9. November<\/span> <span style=\"color: #ff0000;\">deutschlandweit<\/span> an 1.000 Schulen Aktionen gegen die Pflicht zum Tragen der Mund-Nase-Bedeckung durchf\u00fchren will. Insbesondere sollen Eltern, die Mitglied der Initiative sind oder dieser nahe stehen, <span style=\"color: #ff0000;\">Kinder und deren Angeh\u00f6rige auf dem Schulweg<\/span> ansprechen und <span style=\"color: #ff0000;\">diesen unwirksame Masken mit einem Logo der Initiative und eine CO2-Messung unter den Masken der Kinder anbieten<\/span>, um auf die angebliche Gef\u00e4hrlichkeit und Unwirksamkeit der Masken hinzuweisen.<\/p>\n<p>Aus diesem Grund m\u00f6chten wir Ihnen einige Hinweise an die Hand geben:<\/p>\n<p>Es gilt auch weiterhin f\u00fcr Schulen das Gebot politischer Neutralit\u00e4t. Neben der Unparteilichkeit der Schule ist allerdings auch die F\u00fcrsorge f\u00fcr die Sch\u00fclerinnen und Sch\u00fclern handlungsleitend. Da nach den vorliegenden Presseberichten damit zu rechnen ist, dass Sch\u00fclerinnen und Sch\u00fcler und deren Eltern m\u00f6glicherweise zu Verst\u00f6\u00dfen gegen geltende Rechtsnormen (z.B. Pflicht zum Tragen einer geeigneten Mund-Nase-Bedeckung) aufgerufen werden sollen, mit denen sie ihre Gesundheit oder die Gesundheit anderer (auch in der Schule) gef\u00e4hrden k\u00f6nnen, gebieten es der schulische Bildungs- und Erziehungsauftrag und die F\u00fcrsorgepflicht, die Sch\u00fclerinnen und Sch\u00fcler im Vorfeld zu sensibilisieren und \u00fcber die m\u00f6glichen Folgen eines solchen Handelns aufzukl\u00e4ren.<\/p>\n<p>Aus den vorgenannten Gr\u00fcnden <span style=\"color: #ff0000;\">kann Sch\u00fclerinnen und Sch\u00fclern die Teilnahme an derartigen Aktionen nicht durch Beurlaubung vom Unterricht erm\u00f6glicht werden<\/span>. Es wird empfohlen, die Elternmitwirkungsgremien im Vorfeld entsprechend zu informieren und in vertrauensvoller Zusammenarbeit mit der Schule um Unterst\u00fctzung zu bitten.<\/p>\n<p><span style=\"color: #ff0000;\">Die Schule respektiert im Rahmen der freiheitlich-demokratischen Grundordnung unterschiedliche Auffassungen<\/span> auch von Sch\u00fclerinnen und Sch\u00fclern. Dies <span style=\"color: #ff0000;\">beinhaltet jedoch nicht Handlungen, die zu Rechtsverst\u00f6\u00dfen, Gesundheitsgef\u00e4hrdungen oder Gef\u00e4hrdungen des Schulfriedens f\u00fchren.<\/span> Das bewusste Tragen ungeeigneter Mund-Nase-Bedeckungen auf dem Schulgel\u00e4nde sowie das Dr\u00e4ngen anderer Sch\u00fclerinnen und Sch\u00fcler zu Verst\u00f6\u00dfen gegen die Coronabetreuungsverordnung in der Schule <span style=\"text-decoration: line-through;\">\u00a0 <\/span>stellen daher Pflichtverletzungen dar, die mit erzieherischen Einwirkungen und Ordnungsma\u00dfnahmen gem\u00e4\u00df \u00a7 53 Schulgesetz NRW geahndet werden k\u00f6nnen. Gleiches gilt auch dann, wenn au\u00dferschulisches Verhalten von Sch\u00fclerinnen und Sch\u00fclern zu einer St\u00f6rung des Schulfriedens f\u00fchrt und die Bildungs- und Erziehungsarbeit von Schule behindert (zB. wenn Sch\u00fclerinnen und Sch\u00fcler direkt vor dem Schulgel\u00e4nde bedr\u00e4ngt, zu Verst\u00f6\u00dfen gegen die Coronabetreuungsverordnung aufgerufen oder beim Zutritt zur Schule behindert werden).<\/p>\n<p>Ich bitte Sie, die Sch\u00fclerinnen und Sch\u00fcler ebenfalls angemessen und fr\u00fchzeitig zu informieren.<\/p>\n<p><span style=\"color: #ff0000;\">Eine Teilnahme von Schulen an derartigen \u201eAktionen\u201c kommt unter dem Gesichtspunkt schulischer Neutralit\u00e4t und aus Gr\u00fcnden des Infektionsschutzes selbst dann nicht in Betracht, wenn dies intensiv vorbereitet und begleitet werden w\u00fcrde.<\/span> Zum politischen Engagement von Lehrkr\u00e4ften weise ich ebenfalls auf die bekannten und geltenden Regelungen hin. Weiter Informationen dazu finden Sie hier <a href=\"https:\/\/www.schulministerium.nrw.de\/themen\/recht\/aktuelle-rechtliche-themen\/teilnahme-schuelerstreiks-und-demonstrationen\">https:\/\/www.schulministerium.nrw.de\/themen\/recht\/aktuelle-rechtliche-themen\/teilnahme-schuelerstreiks-und-demonstrationen<\/a>.<\/p>\n<p>Ich m\u00f6chte Sie au\u00dferdem ausdr\u00fccklich dazu ermutigen, sich umgehend mit den Polizei- und Ordnungsbeh\u00f6rden in Verbindung zu setzen, falls die Initiative die Grenzen des Schulgel\u00e4ndes nicht respektiert oder in anderer Art und Weise Mitglieder der Schulgemeinde bedr\u00e4ngt.\u00a0 [&#8230;]<\/p>\n<p>Mit freundlichen Gr\u00fc\u00dfen<\/p>\n<p>Mathias Richter<\/p>\n<p>&lt;&lt;&lt;&lt;&lt;&lt;&lt;&lt;&lt;&lt; Ende der Schulmail des MSB NRW &lt;&lt;&lt;&lt;&lt;&lt;&lt;&lt;&lt;&lt;<\/p>\n","protected":false},"excerpt":{"rendered":"<p>Liebe Schulgemeinde, das Land NRW verweist auf einen f\u00fcr den 9.11.2020 geplanten Aktionstag von Maskengegnern und Verschw\u00f6rungstheoretikern. \u00a0Wir als Schule sind an Weisungen des Ministeriums gebunden und werden sie in diesem Fall auch ganz sicher aus \u00dcberzeugung befolgen. Die momentan wirklich triste Lage an allen Schulen ist ohnehin schon schwierig genug. Da brauchen wir nicht &hellip; <a href=\"https:\/\/www.gesamtschule-eiserfeld.de\/?p=14337\" class=\"more-link\"><span class=\"screen-reader-text\">Geplante Aktionen gegen Masken am 9. November<\/span> weiterlesen <span class=\"meta-nav\">&rarr;<\/span><\/a><\/p>\n","protected":false},"author":9,"featured_media":0,"comment_status":"closed","ping_status":"open","sticky":false,"template":"","format":"standard","meta":{"jetpack_post_was_ever_published":false,"_jetpack_newsletter_access":"","_jetpack_dont_email_post_to_subs":false,"_jetpack_newsletter_tier_id":0,"_jetpack_memberships_contains_paywalled_content":false,"_jetpack_memberships_contains_paid_content":false,"footnotes":"","jetpack_publicize_message":"","jetpack_publicize_feature_enabled":true,"jetpack_social_post_already_shared":true,"jetpack_social_options":{"image_generator_settings":{"template":"highway","default_image_id":0,"font":"","enabled":false},"version":2}},"categories":[1],"tags":[],"class_list":["post-14337","post","type-post","status-publish","format-standard","hentry","category-allgemein"],"yoast_head":"<!-- This site is optimized with the Yoast SEO plugin v27.4 - https:\/\/yoast.com\/product\/yoast-seo-wordpress\/ -->\n<title>Geplante Aktionen gegen Masken am 9. November - Gesamtschule Eiserfeld<\/title>\n<meta name=\"robots\" content=\"index, follow, max-snippet:-1, max-image-preview:large, max-video-preview:-1\" \/>\n<link rel=\"canonical\" href=\"https:\/\/www.gesamtschule-eiserfeld.de\/?p=14337\" \/>\n<link rel=\"next\" href=\"https:\/\/www.gesamtschule-eiserfeld.de\/?p=14337&page=2\" \/>\n<meta property=\"og:locale\" content=\"de_DE\" \/>\n<meta property=\"og:type\" content=\"article\" \/>\n<meta property=\"og:title\" content=\"Geplante Aktionen gegen Masken am 9. November - Gesamtschule Eiserfeld\" \/>\n<meta property=\"og:description\" content=\"Liebe Schulgemeinde, das Land NRW verweist auf einen f\u00fcr den 9.11.2020 geplanten Aktionstag von Maskengegnern und Verschw\u00f6rungstheoretikern. \u00a0Wir als Schule sind an Weisungen des Ministeriums gebunden und werden sie in diesem Fall auch ganz sicher aus \u00dcberzeugung befolgen. Die momentan wirklich triste Lage an allen Schulen ist ohnehin schon schwierig genug. Da brauchen wir nicht &hellip; Geplante Aktionen gegen Masken am 9. November weiterlesen &rarr;\" \/>\n<meta property=\"og:url\" content=\"https:\/\/www.gesamtschule-eiserfeld.de\/?p=14337\" \/>\n<meta property=\"og:site_name\" content=\"Gesamtschule Eiserfeld\" \/>\n<meta property=\"article:publisher\" content=\"https:\/\/www.facebook.com\/GEEiserfeld\" \/>\n<meta property=\"article:published_time\" content=\"2020-11-04T20:36:22+00:00\" \/>\n<meta property=\"article:modified_time\" content=\"2020-11-07T18:39:48+00:00\" \/>\n<meta property=\"og:image\" content=\"https:\/\/i0.wp.com\/www.gesamtschule-eiserfeld.de\/wp-content\/uploads\/2020\/11\/november-9.jpg?fit=787%2C1200&ssl=1\" \/>\n\t<meta property=\"og:image:width\" content=\"787\" \/>\n\t<meta property=\"og:image:height\" content=\"1200\" \/>\n\t<meta property=\"og:image:type\" content=\"image\/jpeg\" \/>\n<meta name=\"author\" content=\"dorw\" \/>\n<meta name=\"twitter:card\" content=\"summary_large_image\" \/>\n<meta name=\"twitter:label1\" content=\"Verfasst von\" \/>\n\t<meta name=\"twitter:data1\" content=\"dorw\" \/>\n\t<meta name=\"twitter:label2\" content=\"Gesch\u00e4tzte Lesezeit\" \/>\n\t<meta name=\"twitter:data2\" content=\"4\u00a0Minuten\" \/>\n<script type=\"application\/ld+json\" class=\"yoast-schema-graph\">{\"@context\":\"https:\\\/\\\/schema.org\",\"@graph\":[{\"@type\":\"Article\",\"@id\":\"https:\\\/\\\/www.gesamtschule-eiserfeld.de\\\/?p=14337#article\",\"isPartOf\":{\"@id\":\"https:\\\/\\\/www.gesamtschule-eiserfeld.de\\\/?p=14337\"},\"author\":{\"name\":\"dorw\",\"@id\":\"https:\\\/\\\/www.gesamtschule-eiserfeld.de\\\/#\\\/schema\\\/person\\\/9f37123dd2ff514a1346db435bdb3784\"},\"headline\":\"Geplante Aktionen gegen Masken am 9. November\",\"datePublished\":\"2020-11-04T20:36:22+00:00\",\"dateModified\":\"2020-11-07T18:39:48+00:00\",\"mainEntityOfPage\":{\"@id\":\"https:\\\/\\\/www.gesamtschule-eiserfeld.de\\\/?p=14337\"},\"wordCount\":764,\"publisher\":{\"@id\":\"https:\\\/\\\/www.gesamtschule-eiserfeld.de\\\/#organization\"},\"image\":{\"@id\":\"https:\\\/\\\/www.gesamtschule-eiserfeld.de\\\/?p=14337#primaryimage\"},\"thumbnailUrl\":\"https:\\\/\\\/www.gesamtschule-eiserfeld.de\\\/wp-content\\\/uploads\\\/2020\\\/11\\\/november-9-197x300.jpg\",\"inLanguage\":\"de\"},{\"@type\":\"WebPage\",\"@id\":\"https:\\\/\\\/www.gesamtschule-eiserfeld.de\\\/?p=14337\",\"url\":\"https:\\\/\\\/www.gesamtschule-eiserfeld.de\\\/?p=14337\",\"name\":\"Geplante Aktionen gegen Masken am 9. November - Gesamtschule Eiserfeld\",\"isPartOf\":{\"@id\":\"https:\\\/\\\/www.gesamtschule-eiserfeld.de\\\/#website\"},\"primaryImageOfPage\":{\"@id\":\"https:\\\/\\\/www.gesamtschule-eiserfeld.de\\\/?p=14337#primaryimage\"},\"image\":{\"@id\":\"https:\\\/\\\/www.gesamtschule-eiserfeld.de\\\/?p=14337#primaryimage\"},\"thumbnailUrl\":\"https:\\\/\\\/www.gesamtschule-eiserfeld.de\\\/wp-content\\\/uploads\\\/2020\\\/11\\\/november-9-197x300.jpg\",\"datePublished\":\"2020-11-04T20:36:22+00:00\",\"dateModified\":\"2020-11-07T18:39:48+00:00\",\"inLanguage\":\"de\",\"potentialAction\":[{\"@type\":\"ReadAction\",\"target\":[\"https:\\\/\\\/www.gesamtschule-eiserfeld.de\\\/?p=14337\"]}]},{\"@type\":\"ImageObject\",\"inLanguage\":\"de\",\"@id\":\"https:\\\/\\\/www.gesamtschule-eiserfeld.de\\\/?p=14337#primaryimage\",\"url\":\"https:\\\/\\\/www.gesamtschule-eiserfeld.de\\\/wp-content\\\/uploads\\\/2020\\\/11\\\/november-9-197x300.jpg\",\"contentUrl\":\"https:\\\/\\\/www.gesamtschule-eiserfeld.de\\\/wp-content\\\/uploads\\\/2020\\\/11\\\/november-9-197x300.jpg\"},{\"@type\":\"WebSite\",\"@id\":\"https:\\\/\\\/www.gesamtschule-eiserfeld.de\\\/#website\",\"url\":\"https:\\\/\\\/www.gesamtschule-eiserfeld.de\\\/\",\"name\":\"Gesamtschule Eiserfeld\",\"description\":\"\",\"publisher\":{\"@id\":\"https:\\\/\\\/www.gesamtschule-eiserfeld.de\\\/#organization\"},\"potentialAction\":[{\"@type\":\"SearchAction\",\"target\":{\"@type\":\"EntryPoint\",\"urlTemplate\":\"https:\\\/\\\/www.gesamtschule-eiserfeld.de\\\/?s={search_term_string}\"},\"query-input\":{\"@type\":\"PropertyValueSpecification\",\"valueRequired\":true,\"valueName\":\"search_term_string\"}}],\"inLanguage\":\"de\"},{\"@type\":\"Organization\",\"@id\":\"https:\\\/\\\/www.gesamtschule-eiserfeld.de\\\/#organization\",\"name\":\"Gesamtschule Eiserfeld\",\"url\":\"https:\\\/\\\/www.gesamtschule-eiserfeld.de\\\/\",\"logo\":{\"@type\":\"ImageObject\",\"inLanguage\":\"de\",\"@id\":\"https:\\\/\\\/www.gesamtschule-eiserfeld.de\\\/#\\\/schema\\\/logo\\\/image\\\/\",\"url\":\"https:\\\/\\\/i1.wp.com\\\/www.gesamtschule-eiserfeld.de\\\/wp-content\\\/uploads\\\/2019\\\/01\\\/GEE-Logo-neu.jpg?fit=436%2C126&ssl=1\",\"contentUrl\":\"https:\\\/\\\/i1.wp.com\\\/www.gesamtschule-eiserfeld.de\\\/wp-content\\\/uploads\\\/2019\\\/01\\\/GEE-Logo-neu.jpg?fit=436%2C126&ssl=1\",\"width\":436,\"height\":126,\"caption\":\"Gesamtschule Eiserfeld\"},\"image\":{\"@id\":\"https:\\\/\\\/www.gesamtschule-eiserfeld.de\\\/#\\\/schema\\\/logo\\\/image\\\/\"},\"sameAs\":[\"https:\\\/\\\/www.facebook.com\\\/GEEiserfeld\"]},{\"@type\":\"Person\",\"@id\":\"https:\\\/\\\/www.gesamtschule-eiserfeld.de\\\/#\\\/schema\\\/person\\\/9f37123dd2ff514a1346db435bdb3784\",\"name\":\"dorw\",\"sameAs\":[\"http:\\\/\\\/www.ge-eiserfeld.de\"],\"url\":\"https:\\\/\\\/www.gesamtschule-eiserfeld.de\\\/?author=9\"}]}<\/script>\n<!-- \/ Yoast SEO plugin. -->","yoast_head_json":{"title":"Geplante Aktionen gegen Masken am 9. November - Gesamtschule Eiserfeld","robots":{"index":"index","follow":"follow","max-snippet":"max-snippet:-1","max-image-preview":"max-image-preview:large","max-video-preview":"max-video-preview:-1"},"canonical":"https:\/\/www.gesamtschule-eiserfeld.de\/?p=14337","next":"https:\/\/www.gesamtschule-eiserfeld.de\/?p=14337&page=2","og_locale":"de_DE","og_type":"article","og_title":"Geplante Aktionen gegen Masken am 9. November - Gesamtschule Eiserfeld","og_description":"Liebe Schulgemeinde, das Land NRW verweist auf einen f\u00fcr den 9.11.2020 geplanten Aktionstag von Maskengegnern und Verschw\u00f6rungstheoretikern. \u00a0Wir als Schule sind an Weisungen des Ministeriums gebunden und werden sie in diesem Fall auch ganz sicher aus \u00dcberzeugung befolgen. Die momentan wirklich triste Lage an allen Schulen ist ohnehin schon schwierig genug. Da brauchen wir nicht &hellip; Geplante Aktionen gegen Masken am 9. November weiterlesen &rarr;","og_url":"https:\/\/www.gesamtschule-eiserfeld.de\/?p=14337","og_site_name":"Gesamtschule Eiserfeld","article_publisher":"https:\/\/www.facebook.com\/GEEiserfeld","article_published_time":"2020-11-04T20:36:22+00:00","article_modified_time":"2020-11-07T18:39:48+00:00","og_image":[{"width":787,"height":1200,"url":"https:\/\/i0.wp.com\/www.gesamtschule-eiserfeld.de\/wp-content\/uploads\/2020\/11\/november-9.jpg?fit=787%2C1200&ssl=1","type":"image\/jpeg"}],"author":"dorw","twitter_card":"summary_large_image","twitter_misc":{"Verfasst von":"dorw","Gesch\u00e4tzte Lesezeit":"4\u00a0Minuten"},"schema":{"@context":"https:\/\/schema.org","@graph":[{"@type":"Article","@id":"https:\/\/www.gesamtschule-eiserfeld.de\/?p=14337#article","isPartOf":{"@id":"https:\/\/www.gesamtschule-eiserfeld.de\/?p=14337"},"author":{"name":"dorw","@id":"https:\/\/www.gesamtschule-eiserfeld.de\/#\/schema\/person\/9f37123dd2ff514a1346db435bdb3784"},"headline":"Geplante Aktionen gegen Masken am 9. November","datePublished":"2020-11-04T20:36:22+00:00","dateModified":"2020-11-07T18:39:48+00:00","mainEntityOfPage":{"@id":"https:\/\/www.gesamtschule-eiserfeld.de\/?p=14337"},"wordCount":764,"publisher":{"@id":"https:\/\/www.gesamtschule-eiserfeld.de\/#organization"},"image":{"@id":"https:\/\/www.gesamtschule-eiserfeld.de\/?p=14337#primaryimage"},"thumbnailUrl":"https:\/\/www.gesamtschule-eiserfeld.de\/wp-content\/uploads\/2020\/11\/november-9-197x300.jpg","inLanguage":"de"},{"@type":"WebPage","@id":"https:\/\/www.gesamtschule-eiserfeld.de\/?p=14337","url":"https:\/\/www.gesamtschule-eiserfeld.de\/?p=14337","name":"Geplante Aktionen gegen Masken am 9. November - Gesamtschule Eiserfeld","isPartOf":{"@id":"https:\/\/www.gesamtschule-eiserfeld.de\/#website"},"primaryImageOfPage":{"@id":"https:\/\/www.gesamtschule-eiserfeld.de\/?p=14337#primaryimage"},"image":{"@id":"https:\/\/www.gesamtschule-eiserfeld.de\/?p=14337#primaryimage"},"thumbnailUrl":"https:\/\/www.gesamtschule-eiserfeld.de\/wp-content\/uploads\/2020\/11\/november-9-197x300.jpg","datePublished":"2020-11-04T20:36:22+00:00","dateModified":"2020-11-07T18:39:48+00:00","inLanguage":"de","potentialAction":[{"@type":"ReadAction","target":["https:\/\/www.gesamtschule-eiserfeld.de\/?p=14337"]}]},{"@type":"ImageObject","inLanguage":"de","@id":"https:\/\/www.gesamtschule-eiserfeld.de\/?p=14337#primaryimage","url":"https:\/\/www.gesamtschule-eiserfeld.de\/wp-content\/uploads\/2020\/11\/november-9-197x300.jpg","contentUrl":"https:\/\/www.gesamtschule-eiserfeld.de\/wp-content\/uploads\/2020\/11\/november-9-197x300.jpg"},{"@type":"WebSite","@id":"https:\/\/www.gesamtschule-eiserfeld.de\/#website","url":"https:\/\/www.gesamtschule-eiserfeld.de\/","name":"Gesamtschule Eiserfeld","description":"","publisher":{"@id":"https:\/\/www.gesamtschule-eiserfeld.de\/#organization"},"potentialAction":[{"@type":"SearchAction","target":{"@type":"EntryPoint","urlTemplate":"https:\/\/www.gesamtschule-eiserfeld.de\/?s={search_term_string}"},"query-input":{"@type":"PropertyValueSpecification","valueRequired":true,"valueName":"search_term_string"}}],"inLanguage":"de"},{"@type":"Organization","@id":"https:\/\/www.gesamtschule-eiserfeld.de\/#organization","name":"Gesamtschule Eiserfeld","url":"https:\/\/www.gesamtschule-eiserfeld.de\/","logo":{"@type":"ImageObject","inLanguage":"de","@id":"https:\/\/www.gesamtschule-eiserfeld.de\/#\/schema\/logo\/image\/","url":"https:\/\/i1.wp.com\/www.gesamtschule-eiserfeld.de\/wp-content\/uploads\/2019\/01\/GEE-Logo-neu.jpg?fit=436%2C126&ssl=1","contentUrl":"https:\/\/i1.wp.com\/www.gesamtschule-eiserfeld.de\/wp-content\/uploads\/2019\/01\/GEE-Logo-neu.jpg?fit=436%2C126&ssl=1","width":436,"height":126,"caption":"Gesamtschule Eiserfeld"},"image":{"@id":"https:\/\/www.gesamtschule-eiserfeld.de\/#\/schema\/logo\/image\/"},"sameAs":["https:\/\/www.facebook.com\/GEEiserfeld"]},{"@type":"Person","@id":"https:\/\/www.gesamtschule-eiserfeld.de\/#\/schema\/person\/9f37123dd2ff514a1346db435bdb3784","name":"dorw","sameAs":["http:\/\/www.ge-eiserfeld.de"],"url":"https:\/\/www.gesamtschule-eiserfeld.de\/?author=9"}]}},"jetpack_publicize_connections":[],"jetpack_featured_media_url":"","jetpack_shortlink":"https:\/\/wp.me\/s2weeL-14337","jetpack_sharing_enabled":true,"_links":{"self":[{"href":"https:\/\/www.gesamtschule-eiserfeld.de\/index.php?rest_route=\/wp\/v2\/posts\/14337","targetHints":{"allow":["GET"]}}],"collection":[{"href":"https:\/\/www.gesamtschule-eiserfeld.de\/index.php?rest_route=\/wp\/v2\/posts"}],"about":[{"href":"https:\/\/www.gesamtschule-eiserfeld.de\/index.php?rest_route=\/wp\/v2\/types\/post"}],"author":[{"embeddable":true,"href":"https:\/\/www.gesamtschule-eiserfeld.de\/index.php?rest_route=\/wp\/v2\/users\/9"}],"replies":[{"embeddable":true,"href":"https:\/\/www.gesamtschule-eiserfeld.de\/index.php?rest_route=%2Fwp%2Fv2%2Fcomments&post=14337"}],"version-history":[{"count":0,"href":"https:\/\/www.gesamtschule-eiserfeld.de\/index.php?rest_route=\/wp\/v2\/posts\/14337\/revisions"}],"wp:attachment":[{"href":"https:\/\/www.gesamtschule-eiserfeld.de\/index.php?rest_route=%2Fwp%2Fv2%2Fmedia&parent=14337"}],"wp:term":[{"taxonomy":"category","embeddable":true,"href":"https:\/\/www.gesamtschule-eiserfeld.de\/index.php?rest_route=%2Fwp%2Fv2%2Fcategories&post=14337"},{"taxonomy":"post_tag","embeddable":true,"href":"https:\/\/www.gesamtschule-eiserfeld.de\/index.php?rest_route=%2Fwp%2Fv2%2Ftags&post=14337"}],"curies":[{"name":"wp","href":"https:\/\/api.w.org\/{rel}","templated":true}]}}