{"id":14398,"date":"2020-11-15T16:43:07","date_gmt":"2020-11-15T15:43:07","guid":{"rendered":"https:\/\/www.gesamtschule-eiserfeld.de\/?p=14398"},"modified":"2021-02-26T08:08:53","modified_gmt":"2021-02-26T07:08:53","slug":"expecto-latinum-harry-potter-meets-julius-caesar","status":"publish","type":"post","link":"https:\/\/www.gesamtschule-eiserfeld.de\/?p=14398","title":{"rendered":"\u201eExpecto Latinum!\u201c \u2013 Harry Potter meets Julius Caesar"},"content":{"rendered":"<p style=\"text-align: justify;\"><strong>Neu! Latein als vierte Fremdsprache ab der EF<\/strong><\/p>\n<p style=\"text-align: justify;\"><img data-recalc-dims=\"1\" loading=\"lazy\" decoding=\"async\" data-attachment-id=\"14400\" data-permalink=\"https:\/\/www.gesamtschule-eiserfeld.de\/?attachment_id=14400\" data-orig-file=\"https:\/\/i0.wp.com\/www.gesamtschule-eiserfeld.de\/wp-content\/uploads\/2020\/11\/Potter-2.jpg?fit=1200%2C710&amp;ssl=1\" data-orig-size=\"1200,710\" data-comments-opened=\"0\" data-image-meta=\"{&quot;aperture&quot;:&quot;0&quot;,&quot;credit&quot;:&quot;Werner J\\u00fcngst&quot;,&quot;camera&quot;:&quot;&quot;,&quot;caption&quot;:&quot;&quot;,&quot;created_timestamp&quot;:&quot;1605457997&quot;,&quot;copyright&quot;:&quot;&quot;,&quot;focal_length&quot;:&quot;0&quot;,&quot;iso&quot;:&quot;0&quot;,&quot;shutter_speed&quot;:&quot;0&quot;,&quot;title&quot;:&quot;&quot;,&quot;orientation&quot;:&quot;0&quot;}\" data-image-title=\"Potter 2\" data-image-description=\"\" data-image-caption=\"\" data-large-file=\"https:\/\/i0.wp.com\/www.gesamtschule-eiserfeld.de\/wp-content\/uploads\/2020\/11\/Potter-2.jpg?fit=474%2C281&amp;ssl=1\" class=\" wp-image-14400 alignleft\" src=\"https:\/\/i0.wp.com\/www.gesamtschule-eiserfeld.de\/wp-content\/uploads\/2020\/11\/Potter-2.jpg?resize=287%2C170&#038;ssl=1\" alt=\"\" width=\"287\" height=\"170\" srcset=\"https:\/\/i0.wp.com\/www.gesamtschule-eiserfeld.de\/wp-content\/uploads\/2020\/11\/Potter-2.jpg?resize=300%2C178&amp;ssl=1 300w, https:\/\/i0.wp.com\/www.gesamtschule-eiserfeld.de\/wp-content\/uploads\/2020\/11\/Potter-2.jpg?resize=1024%2C606&amp;ssl=1 1024w, https:\/\/i0.wp.com\/www.gesamtschule-eiserfeld.de\/wp-content\/uploads\/2020\/11\/Potter-2.jpg?resize=200%2C118&amp;ssl=1 200w, https:\/\/i0.wp.com\/www.gesamtschule-eiserfeld.de\/wp-content\/uploads\/2020\/11\/Potter-2.jpg?resize=768%2C454&amp;ssl=1 768w, https:\/\/i0.wp.com\/www.gesamtschule-eiserfeld.de\/wp-content\/uploads\/2020\/11\/Potter-2.jpg?w=1200&amp;ssl=1 1200w, https:\/\/i0.wp.com\/www.gesamtschule-eiserfeld.de\/wp-content\/uploads\/2020\/11\/Potter-2.jpg?w=948&amp;ssl=1 948w\" sizes=\"auto, (max-width: 287px) 100vw, 287px\" \/>[2020-11-13 SPRI] \u201eExpecto patronum\u201c und \u201eOculus reparo\u201d t\u00f6nte es k\u00fcrzlich aus dem Lateinunterricht an der Gesamtschule Eiserfeld. Der seit August als vierte Fremdsprache neu eingerichtete Lateinkurs der Jahrgangsstufe EF unternahm einen spannenden Ausflug in die magische Welt von Harry Potter und begegnete der Sprache von C\u00e4sar und Cicero in unterschiedlichen Zusammenh\u00e4ngen.<\/p>\n<p><!--more--><\/p>\n<p style=\"text-align: justify;\"><img data-recalc-dims=\"1\" loading=\"lazy\" decoding=\"async\" data-attachment-id=\"14401\" data-permalink=\"https:\/\/www.gesamtschule-eiserfeld.de\/?attachment_id=14401\" data-orig-file=\"https:\/\/i0.wp.com\/www.gesamtschule-eiserfeld.de\/wp-content\/uploads\/2020\/11\/Potter-3.jpg?fit=1200%2C897&amp;ssl=1\" data-orig-size=\"1200,897\" data-comments-opened=\"0\" data-image-meta=\"{&quot;aperture&quot;:&quot;0&quot;,&quot;credit&quot;:&quot;Werner J\\u00fcngst&quot;,&quot;camera&quot;:&quot;&quot;,&quot;caption&quot;:&quot;&quot;,&quot;created_timestamp&quot;:&quot;1605458178&quot;,&quot;copyright&quot;:&quot;&quot;,&quot;focal_length&quot;:&quot;0&quot;,&quot;iso&quot;:&quot;0&quot;,&quot;shutter_speed&quot;:&quot;0&quot;,&quot;title&quot;:&quot;&quot;,&quot;orientation&quot;:&quot;0&quot;}\" data-image-title=\"Potter 3\" data-image-description=\"\" data-image-caption=\"\" data-large-file=\"https:\/\/i0.wp.com\/www.gesamtschule-eiserfeld.de\/wp-content\/uploads\/2020\/11\/Potter-3.jpg?fit=474%2C354&amp;ssl=1\" class=\" wp-image-14401 alignright\" src=\"https:\/\/i0.wp.com\/www.gesamtschule-eiserfeld.de\/wp-content\/uploads\/2020\/11\/Potter-3.jpg?resize=257%2C192&#038;ssl=1\" alt=\"\" width=\"257\" height=\"192\" srcset=\"https:\/\/i0.wp.com\/www.gesamtschule-eiserfeld.de\/wp-content\/uploads\/2020\/11\/Potter-3.jpg?resize=300%2C224&amp;ssl=1 300w, https:\/\/i0.wp.com\/www.gesamtschule-eiserfeld.de\/wp-content\/uploads\/2020\/11\/Potter-3.jpg?resize=1024%2C765&amp;ssl=1 1024w, https:\/\/i0.wp.com\/www.gesamtschule-eiserfeld.de\/wp-content\/uploads\/2020\/11\/Potter-3.jpg?resize=200%2C150&amp;ssl=1 200w, https:\/\/i0.wp.com\/www.gesamtschule-eiserfeld.de\/wp-content\/uploads\/2020\/11\/Potter-3.jpg?resize=768%2C574&amp;ssl=1 768w, https:\/\/i0.wp.com\/www.gesamtschule-eiserfeld.de\/wp-content\/uploads\/2020\/11\/Potter-3.jpg?w=1200&amp;ssl=1 1200w, https:\/\/i0.wp.com\/www.gesamtschule-eiserfeld.de\/wp-content\/uploads\/2020\/11\/Potter-3.jpg?w=948&amp;ssl=1 948w\" sizes=\"auto, (max-width: 257px) 100vw, 257px\" \/>\u00dcber die Zauberspr\u00fcche hinaus gingen die \u201eHarrius Potter\u201c \u2013 Forscherinnen mit Hilfe lateinischer W\u00f6rterb\u00fccher der Namensgebung einzelner Figuren auf den Grund. Dabei fanden sie heraus, dass die Namen h\u00e4ufig Aufschluss \u00fcber das Aussehen oder den Charakter der Figuren geben, etwa beim wei\u00dfb\u00e4rtigen Schulleiter Albus (\u201ewei\u00df\u201c) Dumbledore, beim allseits gef\u00fcrchteten Lehrer Severus (\u201estreng\u201c) Snape oder bei der vertr\u00e4umten Luna (\u201eMond\u201c) Lovegood der Fall.<\/p>\n<p style=\"text-align: justify;\">Weitere M\u00f6glichkeiten, mit Latein in die Welt der Hexen und Zauberer einzutauchen, boten die lateinische Ausgabe des ersten Potter-Bandes \u201eHarrius Potter et Philosophi Lapis\u201c inklusive der Materialliste f\u00fcr das erste Schuljahr auf Hogwarts und Einblicke in die Parallelen zwischen der magischen Tierwelt Harry Potters und der antiken Mythologie. So er\u00f6ffnete sich den Sch\u00fclerInnen ein ganz neuer Blick auf die eigentlich nur allzu gut bekannte Fantasiewelt Harry Potters.<\/p>\n<p style=\"text-align: justify;\"><img data-recalc-dims=\"1\" loading=\"lazy\" decoding=\"async\" data-attachment-id=\"14402\" data-permalink=\"https:\/\/www.gesamtschule-eiserfeld.de\/?attachment_id=14402\" data-orig-file=\"https:\/\/i0.wp.com\/www.gesamtschule-eiserfeld.de\/wp-content\/uploads\/2020\/11\/Potter-4.jpg?fit=900%2C1200&amp;ssl=1\" data-orig-size=\"900,1200\" data-comments-opened=\"0\" data-image-meta=\"{&quot;aperture&quot;:&quot;0&quot;,&quot;credit&quot;:&quot;Werner J\\u00fcngst&quot;,&quot;camera&quot;:&quot;&quot;,&quot;caption&quot;:&quot;&quot;,&quot;created_timestamp&quot;:&quot;1605458313&quot;,&quot;copyright&quot;:&quot;&quot;,&quot;focal_length&quot;:&quot;0&quot;,&quot;iso&quot;:&quot;0&quot;,&quot;shutter_speed&quot;:&quot;0&quot;,&quot;title&quot;:&quot;&quot;,&quot;orientation&quot;:&quot;0&quot;}\" data-image-title=\"Potter 4\" data-image-description=\"\" data-image-caption=\"\" data-large-file=\"https:\/\/i0.wp.com\/www.gesamtschule-eiserfeld.de\/wp-content\/uploads\/2020\/11\/Potter-4.jpg?fit=474%2C632&amp;ssl=1\" class=\" wp-image-14402 alignleft\" src=\"https:\/\/i0.wp.com\/www.gesamtschule-eiserfeld.de\/wp-content\/uploads\/2020\/11\/Potter-4.jpg?resize=199%2C266&#038;ssl=1\" alt=\"\" width=\"199\" height=\"266\" srcset=\"https:\/\/i0.wp.com\/www.gesamtschule-eiserfeld.de\/wp-content\/uploads\/2020\/11\/Potter-4.jpg?resize=225%2C300&amp;ssl=1 225w, https:\/\/i0.wp.com\/www.gesamtschule-eiserfeld.de\/wp-content\/uploads\/2020\/11\/Potter-4.jpg?resize=768%2C1024&amp;ssl=1 768w, https:\/\/i0.wp.com\/www.gesamtschule-eiserfeld.de\/wp-content\/uploads\/2020\/11\/Potter-4.jpg?resize=113%2C150&amp;ssl=1 113w, https:\/\/i0.wp.com\/www.gesamtschule-eiserfeld.de\/wp-content\/uploads\/2020\/11\/Potter-4.jpg?w=900&amp;ssl=1 900w\" sizes=\"auto, (max-width: 199px) 100vw, 199px\" \/> Die Schlussfolgerung \u201eWer Latein kann, versteht mehr als andere!\u201c\u00a0 gilt ebenso f\u00fcr das reale Leben und bezieht sich auch auf die Arbeitswelt. Die Erweiterung des Fremdsprachenangebots um Latein als nunmehr vierte Fremdsprache (neben Englisch, Franz\u00f6sisch und Spanisch) kam demzufolge auf immer wiederkehrende Nachfragen von Sch\u00fclerInnen und Eltern und durch einstimmigen Beschluss der Schulkonferenz im Juni zustande. Denn wer zum Beispiel in einem medizinischen oder pharmazeutischen Beruf arbeitet, profitiert mit Lateinkenntnissen au\u00dferdem von einem besseren Verst\u00e4ndnis f\u00fcr medizinische Fachbegriffe oder Medikamentenbezeichnungen bzw. Wirkstoffgruppen.<\/p>\n<p style=\"text-align: justify;\"><img data-recalc-dims=\"1\" loading=\"lazy\" decoding=\"async\" data-attachment-id=\"14403\" data-permalink=\"https:\/\/www.gesamtschule-eiserfeld.de\/?attachment_id=14403\" data-orig-file=\"https:\/\/i0.wp.com\/www.gesamtschule-eiserfeld.de\/wp-content\/uploads\/2020\/11\/Potter-5.jpg?fit=1157%2C1200&amp;ssl=1\" data-orig-size=\"1157,1200\" data-comments-opened=\"0\" data-image-meta=\"{&quot;aperture&quot;:&quot;0&quot;,&quot;credit&quot;:&quot;Werner J\\u00fcngst&quot;,&quot;camera&quot;:&quot;&quot;,&quot;caption&quot;:&quot;&quot;,&quot;created_timestamp&quot;:&quot;1605458414&quot;,&quot;copyright&quot;:&quot;&quot;,&quot;focal_length&quot;:&quot;0&quot;,&quot;iso&quot;:&quot;0&quot;,&quot;shutter_speed&quot;:&quot;0&quot;,&quot;title&quot;:&quot;&quot;,&quot;orientation&quot;:&quot;0&quot;}\" data-image-title=\"Potter 5\" data-image-description=\"\" data-image-caption=\"\" data-large-file=\"https:\/\/i0.wp.com\/www.gesamtschule-eiserfeld.de\/wp-content\/uploads\/2020\/11\/Potter-5.jpg?fit=474%2C492&amp;ssl=1\" class=\" wp-image-14403 alignright\" src=\"https:\/\/i0.wp.com\/www.gesamtschule-eiserfeld.de\/wp-content\/uploads\/2020\/11\/Potter-5.jpg?resize=238%2C247&#038;ssl=1\" alt=\"\" width=\"238\" height=\"247\" srcset=\"https:\/\/i0.wp.com\/www.gesamtschule-eiserfeld.de\/wp-content\/uploads\/2020\/11\/Potter-5.jpg?resize=289%2C300&amp;ssl=1 289w, https:\/\/i0.wp.com\/www.gesamtschule-eiserfeld.de\/wp-content\/uploads\/2020\/11\/Potter-5.jpg?resize=987%2C1024&amp;ssl=1 987w, https:\/\/i0.wp.com\/www.gesamtschule-eiserfeld.de\/wp-content\/uploads\/2020\/11\/Potter-5.jpg?resize=145%2C150&amp;ssl=1 145w, https:\/\/i0.wp.com\/www.gesamtschule-eiserfeld.de\/wp-content\/uploads\/2020\/11\/Potter-5.jpg?resize=768%2C797&amp;ssl=1 768w, https:\/\/i0.wp.com\/www.gesamtschule-eiserfeld.de\/wp-content\/uploads\/2020\/11\/Potter-5.jpg?w=1157&amp;ssl=1 1157w\" sizes=\"auto, (max-width: 238px) 100vw, 238px\" \/>Noch grundlegender ist Latein f\u00fcr andere Berufsgruppen wie Historiker, Arch\u00e4ologen, Theologen oder Philosophen, da sie sich vielfach mit Originalquellen auf Latein auseinandersetzen m\u00fcssen. Dementsprechend k\u00f6nnen Lateinkenntnisse in bestimmten Studieng\u00e4ngen eine formale Voraussetzung zum Abschluss des Studiums sein, die im Studium nur mit gro\u00dfen M\u00fchen nachgeholt werden k\u00f6nnen.<\/p>\n<p style=\"text-align: justify;\">Der erste Lateinkurs der Jahrgangsstufe EF wird von Henrike Sprick geleitet. Sie freut sich sehr dar\u00fcber, dass ihr Fach bei den Sch\u00fclerInnen so gut ankommt: \u201eDie Stunde ging so schnell um wie noch nie\u201c, war das ehrliche Fazit einer zufriedenen Sch\u00fclerin. \u201eEs hat heute richtig Spa\u00df gemacht\u201c, pflichteten ihr die anderen bei. Die erste magische Lateinstunde kam also gut an, war kurzweilig und hat ganz nebenbei f\u00fcr allerlei Aha-Effekte gesorgt.<\/p>\n","protected":false},"excerpt":{"rendered":"<p>Neu! Latein als vierte Fremdsprache ab der EF [2020-11-13 SPRI] \u201eExpecto patronum\u201c und \u201eOculus reparo\u201d t\u00f6nte es k\u00fcrzlich aus dem Lateinunterricht an der Gesamtschule Eiserfeld. Der seit August als vierte Fremdsprache neu eingerichtete Lateinkurs der Jahrgangsstufe EF unternahm einen spannenden Ausflug in die magische Welt von Harry Potter und begegnete der Sprache von C\u00e4sar und &hellip; <a href=\"https:\/\/www.gesamtschule-eiserfeld.de\/?p=14398\" class=\"more-link\"><span class=\"screen-reader-text\">\u201eExpecto Latinum!\u201c \u2013 Harry Potter meets Julius Caesar<\/span> weiterlesen <span class=\"meta-nav\">&rarr;<\/span><\/a><\/p>\n","protected":false},"author":9,"featured_media":0,"comment_status":"closed","ping_status":"open","sticky":false,"template":"","format":"standard","meta":{"jetpack_post_was_ever_published":false,"_jetpack_newsletter_access":"","_jetpack_dont_email_post_to_subs":false,"_jetpack_newsletter_tier_id":0,"_jetpack_memberships_contains_paywalled_content":false,"_jetpack_memberships_contains_paid_content":false,"footnotes":"","jetpack_publicize_message":"","jetpack_publicize_feature_enabled":true,"jetpack_social_post_already_shared":true,"jetpack_social_options":{"image_generator_settings":{"template":"highway","default_image_id":0,"font":"","enabled":false},"version":2}},"categories":[74,26],"tags":[],"class_list":["post-14398","post","type-post","status-publish","format-standard","hentry","category-fremdsprachen","category-sekundarstufe-ii"],"yoast_head":"<!-- This site is optimized with the Yoast SEO plugin v27.4 - https:\/\/yoast.com\/product\/yoast-seo-wordpress\/ -->\n<title>\u201eExpecto Latinum!\u201c \u2013 Harry Potter meets Julius Caesar - Gesamtschule Eiserfeld<\/title>\n<meta name=\"robots\" content=\"index, follow, max-snippet:-1, max-image-preview:large, max-video-preview:-1\" \/>\n<link rel=\"canonical\" href=\"https:\/\/www.gesamtschule-eiserfeld.de\/?p=14398\" \/>\n<meta property=\"og:locale\" content=\"de_DE\" \/>\n<meta property=\"og:type\" content=\"article\" \/>\n<meta property=\"og:title\" content=\"\u201eExpecto Latinum!\u201c \u2013 Harry Potter meets Julius Caesar - Gesamtschule Eiserfeld\" \/>\n<meta property=\"og:description\" content=\"Neu! Latein als vierte Fremdsprache ab der EF [2020-11-13 SPRI] \u201eExpecto patronum\u201c und \u201eOculus reparo\u201d t\u00f6nte es k\u00fcrzlich aus dem Lateinunterricht an der Gesamtschule Eiserfeld. Der seit August als vierte Fremdsprache neu eingerichtete Lateinkurs der Jahrgangsstufe EF unternahm einen spannenden Ausflug in die magische Welt von Harry Potter und begegnete der Sprache von C\u00e4sar und &hellip; \u201eExpecto Latinum!\u201c \u2013 Harry Potter meets Julius Caesar weiterlesen &rarr;\" \/>\n<meta property=\"og:url\" content=\"https:\/\/www.gesamtschule-eiserfeld.de\/?p=14398\" \/>\n<meta property=\"og:site_name\" content=\"Gesamtschule Eiserfeld\" \/>\n<meta property=\"article:publisher\" content=\"https:\/\/www.facebook.com\/GEEiserfeld\" \/>\n<meta property=\"article:published_time\" content=\"2020-11-15T15:43:07+00:00\" \/>\n<meta property=\"article:modified_time\" content=\"2021-02-26T07:08:53+00:00\" \/>\n<meta property=\"og:image\" content=\"https:\/\/i0.wp.com\/www.gesamtschule-eiserfeld.de\/wp-content\/uploads\/2020\/11\/Potter-1.jpg?fit=1200%2C781&ssl=1\" \/>\n\t<meta property=\"og:image:width\" content=\"1200\" \/>\n\t<meta property=\"og:image:height\" content=\"781\" \/>\n\t<meta property=\"og:image:type\" content=\"image\/jpeg\" \/>\n<meta name=\"author\" content=\"dorw\" \/>\n<meta name=\"twitter:card\" content=\"summary_large_image\" \/>\n<meta name=\"twitter:label1\" content=\"Verfasst von\" \/>\n\t<meta name=\"twitter:data1\" content=\"dorw\" \/>\n\t<meta name=\"twitter:label2\" content=\"Gesch\u00e4tzte Lesezeit\" \/>\n\t<meta name=\"twitter:data2\" content=\"3\u00a0Minuten\" \/>\n<script type=\"application\/ld+json\" class=\"yoast-schema-graph\">{\"@context\":\"https:\\\/\\\/schema.org\",\"@graph\":[{\"@type\":\"Article\",\"@id\":\"https:\\\/\\\/www.gesamtschule-eiserfeld.de\\\/?p=14398#article\",\"isPartOf\":{\"@id\":\"https:\\\/\\\/www.gesamtschule-eiserfeld.de\\\/?p=14398\"},\"author\":{\"name\":\"dorw\",\"@id\":\"https:\\\/\\\/www.gesamtschule-eiserfeld.de\\\/#\\\/schema\\\/person\\\/9f37123dd2ff514a1346db435bdb3784\"},\"headline\":\"\u201eExpecto Latinum!\u201c \u2013 Harry Potter meets Julius Caesar\",\"datePublished\":\"2020-11-15T15:43:07+00:00\",\"dateModified\":\"2021-02-26T07:08:53+00:00\",\"mainEntityOfPage\":{\"@id\":\"https:\\\/\\\/www.gesamtschule-eiserfeld.de\\\/?p=14398\"},\"wordCount\":428,\"publisher\":{\"@id\":\"https:\\\/\\\/www.gesamtschule-eiserfeld.de\\\/#organization\"},\"image\":{\"@id\":\"https:\\\/\\\/www.gesamtschule-eiserfeld.de\\\/?p=14398#primaryimage\"},\"thumbnailUrl\":\"https:\\\/\\\/www.gesamtschule-eiserfeld.de\\\/wp-content\\\/uploads\\\/2020\\\/11\\\/Potter-2-300x178.jpg\",\"articleSection\":[\"FREMDSPRACHEN\",\"Sekundarstufe II\"],\"inLanguage\":\"de\"},{\"@type\":\"WebPage\",\"@id\":\"https:\\\/\\\/www.gesamtschule-eiserfeld.de\\\/?p=14398\",\"url\":\"https:\\\/\\\/www.gesamtschule-eiserfeld.de\\\/?p=14398\",\"name\":\"\u201eExpecto Latinum!\u201c \u2013 Harry Potter meets Julius Caesar - Gesamtschule Eiserfeld\",\"isPartOf\":{\"@id\":\"https:\\\/\\\/www.gesamtschule-eiserfeld.de\\\/#website\"},\"primaryImageOfPage\":{\"@id\":\"https:\\\/\\\/www.gesamtschule-eiserfeld.de\\\/?p=14398#primaryimage\"},\"image\":{\"@id\":\"https:\\\/\\\/www.gesamtschule-eiserfeld.de\\\/?p=14398#primaryimage\"},\"thumbnailUrl\":\"https:\\\/\\\/www.gesamtschule-eiserfeld.de\\\/wp-content\\\/uploads\\\/2020\\\/11\\\/Potter-2-300x178.jpg\",\"datePublished\":\"2020-11-15T15:43:07+00:00\",\"dateModified\":\"2021-02-26T07:08:53+00:00\",\"breadcrumb\":{\"@id\":\"https:\\\/\\\/www.gesamtschule-eiserfeld.de\\\/?p=14398#breadcrumb\"},\"inLanguage\":\"de\",\"potentialAction\":[{\"@type\":\"ReadAction\",\"target\":[\"https:\\\/\\\/www.gesamtschule-eiserfeld.de\\\/?p=14398\"]}]},{\"@type\":\"ImageObject\",\"inLanguage\":\"de\",\"@id\":\"https:\\\/\\\/www.gesamtschule-eiserfeld.de\\\/?p=14398#primaryimage\",\"url\":\"https:\\\/\\\/i0.wp.com\\\/www.gesamtschule-eiserfeld.de\\\/wp-content\\\/uploads\\\/2020\\\/11\\\/Potter-2.jpg?fit=1200%2C710&ssl=1\",\"contentUrl\":\"https:\\\/\\\/i0.wp.com\\\/www.gesamtschule-eiserfeld.de\\\/wp-content\\\/uploads\\\/2020\\\/11\\\/Potter-2.jpg?fit=1200%2C710&ssl=1\",\"width\":1200,\"height\":710},{\"@type\":\"BreadcrumbList\",\"@id\":\"https:\\\/\\\/www.gesamtschule-eiserfeld.de\\\/?p=14398#breadcrumb\",\"itemListElement\":[{\"@type\":\"ListItem\",\"position\":1,\"name\":\"Startseite\",\"item\":\"https:\\\/\\\/www.gesamtschule-eiserfeld.de\\\/\"},{\"@type\":\"ListItem\",\"position\":2,\"name\":\"\u201eExpecto Latinum!\u201c \u2013 Harry Potter meets Julius Caesar\"}]},{\"@type\":\"WebSite\",\"@id\":\"https:\\\/\\\/www.gesamtschule-eiserfeld.de\\\/#website\",\"url\":\"https:\\\/\\\/www.gesamtschule-eiserfeld.de\\\/\",\"name\":\"Gesamtschule Eiserfeld\",\"description\":\"\",\"publisher\":{\"@id\":\"https:\\\/\\\/www.gesamtschule-eiserfeld.de\\\/#organization\"},\"potentialAction\":[{\"@type\":\"SearchAction\",\"target\":{\"@type\":\"EntryPoint\",\"urlTemplate\":\"https:\\\/\\\/www.gesamtschule-eiserfeld.de\\\/?s={search_term_string}\"},\"query-input\":{\"@type\":\"PropertyValueSpecification\",\"valueRequired\":true,\"valueName\":\"search_term_string\"}}],\"inLanguage\":\"de\"},{\"@type\":\"Organization\",\"@id\":\"https:\\\/\\\/www.gesamtschule-eiserfeld.de\\\/#organization\",\"name\":\"Gesamtschule Eiserfeld\",\"url\":\"https:\\\/\\\/www.gesamtschule-eiserfeld.de\\\/\",\"logo\":{\"@type\":\"ImageObject\",\"inLanguage\":\"de\",\"@id\":\"https:\\\/\\\/www.gesamtschule-eiserfeld.de\\\/#\\\/schema\\\/logo\\\/image\\\/\",\"url\":\"https:\\\/\\\/i1.wp.com\\\/www.gesamtschule-eiserfeld.de\\\/wp-content\\\/uploads\\\/2019\\\/01\\\/GEE-Logo-neu.jpg?fit=436%2C126&ssl=1\",\"contentUrl\":\"https:\\\/\\\/i1.wp.com\\\/www.gesamtschule-eiserfeld.de\\\/wp-content\\\/uploads\\\/2019\\\/01\\\/GEE-Logo-neu.jpg?fit=436%2C126&ssl=1\",\"width\":436,\"height\":126,\"caption\":\"Gesamtschule Eiserfeld\"},\"image\":{\"@id\":\"https:\\\/\\\/www.gesamtschule-eiserfeld.de\\\/#\\\/schema\\\/logo\\\/image\\\/\"},\"sameAs\":[\"https:\\\/\\\/www.facebook.com\\\/GEEiserfeld\"]},{\"@type\":\"Person\",\"@id\":\"https:\\\/\\\/www.gesamtschule-eiserfeld.de\\\/#\\\/schema\\\/person\\\/9f37123dd2ff514a1346db435bdb3784\",\"name\":\"dorw\",\"sameAs\":[\"http:\\\/\\\/www.ge-eiserfeld.de\"],\"url\":\"https:\\\/\\\/www.gesamtschule-eiserfeld.de\\\/?author=9\"}]}<\/script>\n<!-- \/ Yoast SEO plugin. -->","yoast_head_json":{"title":"\u201eExpecto Latinum!\u201c \u2013 Harry Potter meets Julius Caesar - Gesamtschule Eiserfeld","robots":{"index":"index","follow":"follow","max-snippet":"max-snippet:-1","max-image-preview":"max-image-preview:large","max-video-preview":"max-video-preview:-1"},"canonical":"https:\/\/www.gesamtschule-eiserfeld.de\/?p=14398","og_locale":"de_DE","og_type":"article","og_title":"\u201eExpecto Latinum!\u201c \u2013 Harry Potter meets Julius Caesar - Gesamtschule Eiserfeld","og_description":"Neu! Latein als vierte Fremdsprache ab der EF [2020-11-13 SPRI] \u201eExpecto patronum\u201c und \u201eOculus reparo\u201d t\u00f6nte es k\u00fcrzlich aus dem Lateinunterricht an der Gesamtschule Eiserfeld. Der seit August als vierte Fremdsprache neu eingerichtete Lateinkurs der Jahrgangsstufe EF unternahm einen spannenden Ausflug in die magische Welt von Harry Potter und begegnete der Sprache von C\u00e4sar und &hellip; \u201eExpecto Latinum!\u201c \u2013 Harry Potter meets Julius Caesar weiterlesen &rarr;","og_url":"https:\/\/www.gesamtschule-eiserfeld.de\/?p=14398","og_site_name":"Gesamtschule Eiserfeld","article_publisher":"https:\/\/www.facebook.com\/GEEiserfeld","article_published_time":"2020-11-15T15:43:07+00:00","article_modified_time":"2021-02-26T07:08:53+00:00","og_image":[{"width":1200,"height":781,"url":"https:\/\/i0.wp.com\/www.gesamtschule-eiserfeld.de\/wp-content\/uploads\/2020\/11\/Potter-1.jpg?fit=1200%2C781&ssl=1","type":"image\/jpeg"}],"author":"dorw","twitter_card":"summary_large_image","twitter_misc":{"Verfasst von":"dorw","Gesch\u00e4tzte Lesezeit":"3\u00a0Minuten"},"schema":{"@context":"https:\/\/schema.org","@graph":[{"@type":"Article","@id":"https:\/\/www.gesamtschule-eiserfeld.de\/?p=14398#article","isPartOf":{"@id":"https:\/\/www.gesamtschule-eiserfeld.de\/?p=14398"},"author":{"name":"dorw","@id":"https:\/\/www.gesamtschule-eiserfeld.de\/#\/schema\/person\/9f37123dd2ff514a1346db435bdb3784"},"headline":"\u201eExpecto Latinum!\u201c \u2013 Harry Potter meets Julius Caesar","datePublished":"2020-11-15T15:43:07+00:00","dateModified":"2021-02-26T07:08:53+00:00","mainEntityOfPage":{"@id":"https:\/\/www.gesamtschule-eiserfeld.de\/?p=14398"},"wordCount":428,"publisher":{"@id":"https:\/\/www.gesamtschule-eiserfeld.de\/#organization"},"image":{"@id":"https:\/\/www.gesamtschule-eiserfeld.de\/?p=14398#primaryimage"},"thumbnailUrl":"https:\/\/www.gesamtschule-eiserfeld.de\/wp-content\/uploads\/2020\/11\/Potter-2-300x178.jpg","articleSection":["FREMDSPRACHEN","Sekundarstufe II"],"inLanguage":"de"},{"@type":"WebPage","@id":"https:\/\/www.gesamtschule-eiserfeld.de\/?p=14398","url":"https:\/\/www.gesamtschule-eiserfeld.de\/?p=14398","name":"\u201eExpecto Latinum!\u201c \u2013 Harry Potter meets Julius Caesar - Gesamtschule Eiserfeld","isPartOf":{"@id":"https:\/\/www.gesamtschule-eiserfeld.de\/#website"},"primaryImageOfPage":{"@id":"https:\/\/www.gesamtschule-eiserfeld.de\/?p=14398#primaryimage"},"image":{"@id":"https:\/\/www.gesamtschule-eiserfeld.de\/?p=14398#primaryimage"},"thumbnailUrl":"https:\/\/www.gesamtschule-eiserfeld.de\/wp-content\/uploads\/2020\/11\/Potter-2-300x178.jpg","datePublished":"2020-11-15T15:43:07+00:00","dateModified":"2021-02-26T07:08:53+00:00","breadcrumb":{"@id":"https:\/\/www.gesamtschule-eiserfeld.de\/?p=14398#breadcrumb"},"inLanguage":"de","potentialAction":[{"@type":"ReadAction","target":["https:\/\/www.gesamtschule-eiserfeld.de\/?p=14398"]}]},{"@type":"ImageObject","inLanguage":"de","@id":"https:\/\/www.gesamtschule-eiserfeld.de\/?p=14398#primaryimage","url":"https:\/\/i0.wp.com\/www.gesamtschule-eiserfeld.de\/wp-content\/uploads\/2020\/11\/Potter-2.jpg?fit=1200%2C710&ssl=1","contentUrl":"https:\/\/i0.wp.com\/www.gesamtschule-eiserfeld.de\/wp-content\/uploads\/2020\/11\/Potter-2.jpg?fit=1200%2C710&ssl=1","width":1200,"height":710},{"@type":"BreadcrumbList","@id":"https:\/\/www.gesamtschule-eiserfeld.de\/?p=14398#breadcrumb","itemListElement":[{"@type":"ListItem","position":1,"name":"Startseite","item":"https:\/\/www.gesamtschule-eiserfeld.de\/"},{"@type":"ListItem","position":2,"name":"\u201eExpecto Latinum!\u201c \u2013 Harry Potter meets Julius Caesar"}]},{"@type":"WebSite","@id":"https:\/\/www.gesamtschule-eiserfeld.de\/#website","url":"https:\/\/www.gesamtschule-eiserfeld.de\/","name":"Gesamtschule Eiserfeld","description":"","publisher":{"@id":"https:\/\/www.gesamtschule-eiserfeld.de\/#organization"},"potentialAction":[{"@type":"SearchAction","target":{"@type":"EntryPoint","urlTemplate":"https:\/\/www.gesamtschule-eiserfeld.de\/?s={search_term_string}"},"query-input":{"@type":"PropertyValueSpecification","valueRequired":true,"valueName":"search_term_string"}}],"inLanguage":"de"},{"@type":"Organization","@id":"https:\/\/www.gesamtschule-eiserfeld.de\/#organization","name":"Gesamtschule Eiserfeld","url":"https:\/\/www.gesamtschule-eiserfeld.de\/","logo":{"@type":"ImageObject","inLanguage":"de","@id":"https:\/\/www.gesamtschule-eiserfeld.de\/#\/schema\/logo\/image\/","url":"https:\/\/i1.wp.com\/www.gesamtschule-eiserfeld.de\/wp-content\/uploads\/2019\/01\/GEE-Logo-neu.jpg?fit=436%2C126&ssl=1","contentUrl":"https:\/\/i1.wp.com\/www.gesamtschule-eiserfeld.de\/wp-content\/uploads\/2019\/01\/GEE-Logo-neu.jpg?fit=436%2C126&ssl=1","width":436,"height":126,"caption":"Gesamtschule Eiserfeld"},"image":{"@id":"https:\/\/www.gesamtschule-eiserfeld.de\/#\/schema\/logo\/image\/"},"sameAs":["https:\/\/www.facebook.com\/GEEiserfeld"]},{"@type":"Person","@id":"https:\/\/www.gesamtschule-eiserfeld.de\/#\/schema\/person\/9f37123dd2ff514a1346db435bdb3784","name":"dorw","sameAs":["http:\/\/www.ge-eiserfeld.de"],"url":"https:\/\/www.gesamtschule-eiserfeld.de\/?author=9"}]}},"jetpack_publicize_connections":[],"jetpack_featured_media_url":"","jetpack_shortlink":"https:\/\/wp.me\/p2weeL-3Ke","jetpack_sharing_enabled":true,"_links":{"self":[{"href":"https:\/\/www.gesamtschule-eiserfeld.de\/index.php?rest_route=\/wp\/v2\/posts\/14398","targetHints":{"allow":["GET"]}}],"collection":[{"href":"https:\/\/www.gesamtschule-eiserfeld.de\/index.php?rest_route=\/wp\/v2\/posts"}],"about":[{"href":"https:\/\/www.gesamtschule-eiserfeld.de\/index.php?rest_route=\/wp\/v2\/types\/post"}],"author":[{"embeddable":true,"href":"https:\/\/www.gesamtschule-eiserfeld.de\/index.php?rest_route=\/wp\/v2\/users\/9"}],"replies":[{"embeddable":true,"href":"https:\/\/www.gesamtschule-eiserfeld.de\/index.php?rest_route=%2Fwp%2Fv2%2Fcomments&post=14398"}],"version-history":[{"count":0,"href":"https:\/\/www.gesamtschule-eiserfeld.de\/index.php?rest_route=\/wp\/v2\/posts\/14398\/revisions"}],"wp:attachment":[{"href":"https:\/\/www.gesamtschule-eiserfeld.de\/index.php?rest_route=%2Fwp%2Fv2%2Fmedia&parent=14398"}],"wp:term":[{"taxonomy":"category","embeddable":true,"href":"https:\/\/www.gesamtschule-eiserfeld.de\/index.php?rest_route=%2Fwp%2Fv2%2Fcategories&post=14398"},{"taxonomy":"post_tag","embeddable":true,"href":"https:\/\/www.gesamtschule-eiserfeld.de\/index.php?rest_route=%2Fwp%2Fv2%2Ftags&post=14398"}],"curies":[{"name":"wp","href":"https:\/\/api.w.org\/{rel}","templated":true}]}}