{"id":14437,"date":"2020-11-17T20:26:45","date_gmt":"2020-11-17T19:26:45","guid":{"rendered":"https:\/\/www.gesamtschule-eiserfeld.de\/?p=14437"},"modified":"2020-12-16T20:11:55","modified_gmt":"2020-12-16T19:11:55","slug":"neue-corona-faelle-bei-schuelern","status":"publish","type":"post","link":"https:\/\/www.gesamtschule-eiserfeld.de\/?p=14437","title":{"rendered":"Neue Corona-F\u00e4lle an der GEE"},"content":{"rendered":"<p style=\"text-align: justify;\"><img data-recalc-dims=\"1\" loading=\"lazy\" decoding=\"async\" class=\" wp-image-14309 alignleft\" src=\"https:\/\/i0.wp.com\/www.gesamtschule-eiserfeld.de\/wp-content\/uploads\/2020\/10\/Corona-2-300x160.jpg?resize=176%2C94&#038;ssl=1\" alt=\"\" width=\"176\" height=\"94\" \/>[2020-11-17 aktual. 2020-11-19 J\u00dcNG] Liebe Schulgemeinde, leider m\u00fcssen wir <span style=\"color: #ff0000;\">erneut Corona-Erkrankungen in\u00a0 der Sch\u00fclerschaft und im Kollegium<\/span>\u00a0vermelden.\u00a0Wie \u00fcberall nehmen auch in der GEE die Corona-F\u00e4lle stetig zu. Gut und schlimm zugleich: einige positive F\u00e4lle wurden nur zuf\u00e4llig entdeckt. Die Betroffenen waren v\u00f6llig frei von Symptomen!<\/p>\n<p><!--more--><\/p>\n<p style=\"text-align: justify;\">Die Gefahr ist also in den Bussen, auf dem Schulweg und in der Schule stets latent und real vorhanden! Infolge der Vielzahl der F\u00e4lle <span style=\"color: #ff0000;\">werden wir ab sofort nur noch die Eltern der betroffenen Klassen informieren, aber nicht mehr die Allgemeinheit durch Meldungen auf der Homepage<\/span>. Zu selbstverst\u00e4ndlich sind mittlerweile Coronaf\u00e4lle auch und gerade in Schulen. Diese Entwicklung war bereits im Fr\u00fchjahr vorhersehbar und hat sich seit den Sommerferien real stetig versch\u00e4rft. Das Schulministerium NRWhat die klare Devise herausgegeben, dass Unterricht nach M\u00f6glichkeit in vollem Umfang im Sinne von schulischer <em>Normalit\u00e4t <\/em>zu erteilen ist. Als weisungsgebundene Landesbeamte kommen wir dem auch weitgehend nach. Und dass ein kompletter schulischer Lockdown f\u00fcr sehr viele Sch\u00fcler nachteilig w\u00e4re, das d\u00fcrfte ebenfalls unbestritten sein.<\/p>\n<p style=\"text-align: justify;\"><strong><span style=\"color: #ff0000;\">ABER<\/span><\/strong>: jede verordnete Quarant\u00e4ne tangiert durch Fehlende nat\u00fcrlich den Unterricht in irgendeiner Weise. Jedes aufgrund von Erk\u00e4ltungssymptomen fehlende Kind <strong>fehlt<\/strong> im Unterricht. Durch diese Quarant\u00e4ne- und Vorsichtsma\u00dfnahmen bleiben allein diese Woche <span style=\"color: #ff0000;\">\u00fcber zweihundert (!) Sch\u00fclerInnen zumindest f\u00fcr einige Tage dem Unterricht fern.<\/span> Wir sind also &#8222;ganz legal&#8220; ein gutes St\u00fcck entfernt von der angeordneten <em>Normalit\u00e4t<\/em>!<\/p>\n<p style=\"text-align: justify;\">Als LehrerInnen nicht nur an der GEE sehen wir die augenblickliche Entwicklung mit gr\u00f6\u00dfter Sorge. Das RKI und auch die Bundesregierung sowie wichtige Schulleitungs- und Lehrerverb\u00e4nde dr\u00e4ngen auf hinreichende Sicherheitsabst\u00e4nde in Klassenr\u00e4umen und Bussen. Dies vereinbart sich aber leider nicht mit dem augenblicklich f\u00fcr Schulen angeordneten zeitgleichen Unterricht f\u00fcr <em>alle<\/em> Sch\u00fclerInnen. Alternativmodelle (Wechselbeschulung o.\u00e4.), die den Schulen mehr M\u00f6glichkeiten zur Anpassung vor Ort an die reale Situation geben w\u00fcrden und die wir uns an der GEE so sehr gew\u00fcnscht h\u00e4tten, sind weitgehend untersagt. Das bedauern wir au\u00dferordentlich und hoffen hier auf ein m\u00f6glichst schnelles Umdenken der Verantwortlichen.<\/p>\n<p style=\"text-align: justify;\"><strong><span style=\"color: #ff0000;\">DENN<\/span><\/strong>: Politik hat nicht nur das legislative und exekutive Recht die Schulpolitik zu bestimmen. Sie hat auch die moralische Verantwortung f\u00fcr ihre Anweisungen und deren Folgen zu \u00fcbernehmen!<\/p>\n<p>&nbsp;<\/p>\n","protected":false},"excerpt":{"rendered":"<p>[2020-11-17 aktual. 2020-11-19 J\u00dcNG] Liebe Schulgemeinde, leider m\u00fcssen wir erneut Corona-Erkrankungen in\u00a0 der Sch\u00fclerschaft und im Kollegium\u00a0vermelden.\u00a0Wie \u00fcberall nehmen auch in der GEE die Corona-F\u00e4lle stetig zu. Gut und schlimm zugleich: einige positive F\u00e4lle wurden nur zuf\u00e4llig entdeckt. Die Betroffenen waren v\u00f6llig frei von Symptomen!<\/p>\n","protected":false},"author":9,"featured_media":0,"comment_status":"closed","ping_status":"open","sticky":false,"template":"","format":"standard","meta":{"jetpack_post_was_ever_published":false,"_jetpack_newsletter_access":"","_jetpack_dont_email_post_to_subs":false,"_jetpack_newsletter_tier_id":0,"_jetpack_memberships_contains_paywalled_content":false,"_jetpack_memberships_contains_paid_content":false,"footnotes":"","jetpack_publicize_message":"","jetpack_publicize_feature_enabled":true,"jetpack_social_post_already_shared":true,"jetpack_social_options":{"image_generator_settings":{"template":"highway","default_image_id":0,"font":"","enabled":false},"version":2}},"categories":[1],"tags":[],"class_list":["post-14437","post","type-post","status-publish","format-standard","hentry","category-allgemein"],"yoast_head":"<!-- This site is optimized with the Yoast SEO plugin v27.4 - https:\/\/yoast.com\/product\/yoast-seo-wordpress\/ -->\n<title>Neue Corona-F\u00e4lle an der GEE - Gesamtschule Eiserfeld<\/title>\n<meta name=\"robots\" content=\"index, follow, max-snippet:-1, max-image-preview:large, max-video-preview:-1\" \/>\n<link rel=\"canonical\" href=\"https:\/\/www.gesamtschule-eiserfeld.de\/?p=14437\" \/>\n<meta property=\"og:locale\" content=\"de_DE\" \/>\n<meta property=\"og:type\" content=\"article\" \/>\n<meta property=\"og:title\" content=\"Neue Corona-F\u00e4lle an der GEE - Gesamtschule Eiserfeld\" \/>\n<meta property=\"og:description\" content=\"[2020-11-17 aktual. 2020-11-19 J\u00dcNG] Liebe Schulgemeinde, leider m\u00fcssen wir erneut Corona-Erkrankungen in\u00a0 der Sch\u00fclerschaft und im Kollegium\u00a0vermelden.\u00a0Wie \u00fcberall nehmen auch in der GEE die Corona-F\u00e4lle stetig zu. Gut und schlimm zugleich: einige positive F\u00e4lle wurden nur zuf\u00e4llig entdeckt. Die Betroffenen waren v\u00f6llig frei von Symptomen!\" \/>\n<meta property=\"og:url\" content=\"https:\/\/www.gesamtschule-eiserfeld.de\/?p=14437\" \/>\n<meta property=\"og:site_name\" content=\"Gesamtschule Eiserfeld\" \/>\n<meta property=\"article:publisher\" content=\"https:\/\/www.facebook.com\/GEEiserfeld\" \/>\n<meta property=\"article:published_time\" content=\"2020-11-17T19:26:45+00:00\" \/>\n<meta property=\"article:modified_time\" content=\"2020-12-16T19:11:55+00:00\" \/>\n<meta property=\"og:image\" content=\"https:\/\/i2.wp.com\/www.gesamtschule-eiserfeld.de\/wp-content\/uploads\/2020\/10\/Corona-2.jpg?fit=1200%2C640&ssl=1\" \/>\n\t<meta property=\"og:image:width\" content=\"1200\" \/>\n\t<meta property=\"og:image:height\" content=\"640\" \/>\n\t<meta property=\"og:image:type\" content=\"image\/jpeg\" \/>\n<meta name=\"author\" content=\"dorw\" \/>\n<meta name=\"twitter:card\" content=\"summary_large_image\" \/>\n<meta name=\"twitter:label1\" content=\"Verfasst von\" \/>\n\t<meta name=\"twitter:data1\" content=\"dorw\" \/>\n\t<meta name=\"twitter:label2\" content=\"Gesch\u00e4tzte Lesezeit\" \/>\n\t<meta name=\"twitter:data2\" content=\"2\u00a0Minuten\" \/>\n<script type=\"application\/ld+json\" class=\"yoast-schema-graph\">{\"@context\":\"https:\\\/\\\/schema.org\",\"@graph\":[{\"@type\":\"Article\",\"@id\":\"https:\\\/\\\/www.gesamtschule-eiserfeld.de\\\/?p=14437#article\",\"isPartOf\":{\"@id\":\"https:\\\/\\\/www.gesamtschule-eiserfeld.de\\\/?p=14437\"},\"author\":{\"name\":\"dorw\",\"@id\":\"https:\\\/\\\/www.gesamtschule-eiserfeld.de\\\/#\\\/schema\\\/person\\\/9f37123dd2ff514a1346db435bdb3784\"},\"headline\":\"Neue Corona-F\u00e4lle an der GEE\",\"datePublished\":\"2020-11-17T19:26:45+00:00\",\"dateModified\":\"2020-12-16T19:11:55+00:00\",\"mainEntityOfPage\":{\"@id\":\"https:\\\/\\\/www.gesamtschule-eiserfeld.de\\\/?p=14437\"},\"wordCount\":397,\"publisher\":{\"@id\":\"https:\\\/\\\/www.gesamtschule-eiserfeld.de\\\/#organization\"},\"image\":{\"@id\":\"https:\\\/\\\/www.gesamtschule-eiserfeld.de\\\/?p=14437#primaryimage\"},\"thumbnailUrl\":\"https:\\\/\\\/www.gesamtschule-eiserfeld.de\\\/wp-content\\\/uploads\\\/2020\\\/10\\\/Corona-2-300x160.jpg\",\"inLanguage\":\"de\"},{\"@type\":\"WebPage\",\"@id\":\"https:\\\/\\\/www.gesamtschule-eiserfeld.de\\\/?p=14437\",\"url\":\"https:\\\/\\\/www.gesamtschule-eiserfeld.de\\\/?p=14437\",\"name\":\"Neue Corona-F\u00e4lle an der GEE - Gesamtschule Eiserfeld\",\"isPartOf\":{\"@id\":\"https:\\\/\\\/www.gesamtschule-eiserfeld.de\\\/#website\"},\"primaryImageOfPage\":{\"@id\":\"https:\\\/\\\/www.gesamtschule-eiserfeld.de\\\/?p=14437#primaryimage\"},\"image\":{\"@id\":\"https:\\\/\\\/www.gesamtschule-eiserfeld.de\\\/?p=14437#primaryimage\"},\"thumbnailUrl\":\"https:\\\/\\\/www.gesamtschule-eiserfeld.de\\\/wp-content\\\/uploads\\\/2020\\\/10\\\/Corona-2-300x160.jpg\",\"datePublished\":\"2020-11-17T19:26:45+00:00\",\"dateModified\":\"2020-12-16T19:11:55+00:00\",\"breadcrumb\":{\"@id\":\"https:\\\/\\\/www.gesamtschule-eiserfeld.de\\\/?p=14437#breadcrumb\"},\"inLanguage\":\"de\",\"potentialAction\":[{\"@type\":\"ReadAction\",\"target\":[\"https:\\\/\\\/www.gesamtschule-eiserfeld.de\\\/?p=14437\"]}]},{\"@type\":\"ImageObject\",\"inLanguage\":\"de\",\"@id\":\"https:\\\/\\\/www.gesamtschule-eiserfeld.de\\\/?p=14437#primaryimage\",\"url\":\"https:\\\/\\\/www.gesamtschule-eiserfeld.de\\\/wp-content\\\/uploads\\\/2020\\\/10\\\/Corona-2-300x160.jpg\",\"contentUrl\":\"https:\\\/\\\/www.gesamtschule-eiserfeld.de\\\/wp-content\\\/uploads\\\/2020\\\/10\\\/Corona-2-300x160.jpg\"},{\"@type\":\"BreadcrumbList\",\"@id\":\"https:\\\/\\\/www.gesamtschule-eiserfeld.de\\\/?p=14437#breadcrumb\",\"itemListElement\":[{\"@type\":\"ListItem\",\"position\":1,\"name\":\"Startseite\",\"item\":\"https:\\\/\\\/www.gesamtschule-eiserfeld.de\\\/\"},{\"@type\":\"ListItem\",\"position\":2,\"name\":\"Neue Corona-F\u00e4lle an der GEE\"}]},{\"@type\":\"WebSite\",\"@id\":\"https:\\\/\\\/www.gesamtschule-eiserfeld.de\\\/#website\",\"url\":\"https:\\\/\\\/www.gesamtschule-eiserfeld.de\\\/\",\"name\":\"Gesamtschule Eiserfeld\",\"description\":\"\",\"publisher\":{\"@id\":\"https:\\\/\\\/www.gesamtschule-eiserfeld.de\\\/#organization\"},\"potentialAction\":[{\"@type\":\"SearchAction\",\"target\":{\"@type\":\"EntryPoint\",\"urlTemplate\":\"https:\\\/\\\/www.gesamtschule-eiserfeld.de\\\/?s={search_term_string}\"},\"query-input\":{\"@type\":\"PropertyValueSpecification\",\"valueRequired\":true,\"valueName\":\"search_term_string\"}}],\"inLanguage\":\"de\"},{\"@type\":\"Organization\",\"@id\":\"https:\\\/\\\/www.gesamtschule-eiserfeld.de\\\/#organization\",\"name\":\"Gesamtschule Eiserfeld\",\"url\":\"https:\\\/\\\/www.gesamtschule-eiserfeld.de\\\/\",\"logo\":{\"@type\":\"ImageObject\",\"inLanguage\":\"de\",\"@id\":\"https:\\\/\\\/www.gesamtschule-eiserfeld.de\\\/#\\\/schema\\\/logo\\\/image\\\/\",\"url\":\"https:\\\/\\\/i1.wp.com\\\/www.gesamtschule-eiserfeld.de\\\/wp-content\\\/uploads\\\/2019\\\/01\\\/GEE-Logo-neu.jpg?fit=436%2C126&ssl=1\",\"contentUrl\":\"https:\\\/\\\/i1.wp.com\\\/www.gesamtschule-eiserfeld.de\\\/wp-content\\\/uploads\\\/2019\\\/01\\\/GEE-Logo-neu.jpg?fit=436%2C126&ssl=1\",\"width\":436,\"height\":126,\"caption\":\"Gesamtschule Eiserfeld\"},\"image\":{\"@id\":\"https:\\\/\\\/www.gesamtschule-eiserfeld.de\\\/#\\\/schema\\\/logo\\\/image\\\/\"},\"sameAs\":[\"https:\\\/\\\/www.facebook.com\\\/GEEiserfeld\"]},{\"@type\":\"Person\",\"@id\":\"https:\\\/\\\/www.gesamtschule-eiserfeld.de\\\/#\\\/schema\\\/person\\\/9f37123dd2ff514a1346db435bdb3784\",\"name\":\"dorw\",\"sameAs\":[\"http:\\\/\\\/www.ge-eiserfeld.de\"],\"url\":\"https:\\\/\\\/www.gesamtschule-eiserfeld.de\\\/?author=9\"}]}<\/script>\n<!-- \/ Yoast SEO plugin. -->","yoast_head_json":{"title":"Neue Corona-F\u00e4lle an der GEE - Gesamtschule Eiserfeld","robots":{"index":"index","follow":"follow","max-snippet":"max-snippet:-1","max-image-preview":"max-image-preview:large","max-video-preview":"max-video-preview:-1"},"canonical":"https:\/\/www.gesamtschule-eiserfeld.de\/?p=14437","og_locale":"de_DE","og_type":"article","og_title":"Neue Corona-F\u00e4lle an der GEE - Gesamtschule Eiserfeld","og_description":"[2020-11-17 aktual. 2020-11-19 J\u00dcNG] Liebe Schulgemeinde, leider m\u00fcssen wir erneut Corona-Erkrankungen in\u00a0 der Sch\u00fclerschaft und im Kollegium\u00a0vermelden.\u00a0Wie \u00fcberall nehmen auch in der GEE die Corona-F\u00e4lle stetig zu. Gut und schlimm zugleich: einige positive F\u00e4lle wurden nur zuf\u00e4llig entdeckt. Die Betroffenen waren v\u00f6llig frei von Symptomen!","og_url":"https:\/\/www.gesamtschule-eiserfeld.de\/?p=14437","og_site_name":"Gesamtschule Eiserfeld","article_publisher":"https:\/\/www.facebook.com\/GEEiserfeld","article_published_time":"2020-11-17T19:26:45+00:00","article_modified_time":"2020-12-16T19:11:55+00:00","og_image":[{"width":1200,"height":640,"url":"https:\/\/i2.wp.com\/www.gesamtschule-eiserfeld.de\/wp-content\/uploads\/2020\/10\/Corona-2.jpg?fit=1200%2C640&ssl=1","type":"image\/jpeg"}],"author":"dorw","twitter_card":"summary_large_image","twitter_misc":{"Verfasst von":"dorw","Gesch\u00e4tzte Lesezeit":"2\u00a0Minuten"},"schema":{"@context":"https:\/\/schema.org","@graph":[{"@type":"Article","@id":"https:\/\/www.gesamtschule-eiserfeld.de\/?p=14437#article","isPartOf":{"@id":"https:\/\/www.gesamtschule-eiserfeld.de\/?p=14437"},"author":{"name":"dorw","@id":"https:\/\/www.gesamtschule-eiserfeld.de\/#\/schema\/person\/9f37123dd2ff514a1346db435bdb3784"},"headline":"Neue Corona-F\u00e4lle an der GEE","datePublished":"2020-11-17T19:26:45+00:00","dateModified":"2020-12-16T19:11:55+00:00","mainEntityOfPage":{"@id":"https:\/\/www.gesamtschule-eiserfeld.de\/?p=14437"},"wordCount":397,"publisher":{"@id":"https:\/\/www.gesamtschule-eiserfeld.de\/#organization"},"image":{"@id":"https:\/\/www.gesamtschule-eiserfeld.de\/?p=14437#primaryimage"},"thumbnailUrl":"https:\/\/www.gesamtschule-eiserfeld.de\/wp-content\/uploads\/2020\/10\/Corona-2-300x160.jpg","inLanguage":"de"},{"@type":"WebPage","@id":"https:\/\/www.gesamtschule-eiserfeld.de\/?p=14437","url":"https:\/\/www.gesamtschule-eiserfeld.de\/?p=14437","name":"Neue Corona-F\u00e4lle an der GEE - Gesamtschule Eiserfeld","isPartOf":{"@id":"https:\/\/www.gesamtschule-eiserfeld.de\/#website"},"primaryImageOfPage":{"@id":"https:\/\/www.gesamtschule-eiserfeld.de\/?p=14437#primaryimage"},"image":{"@id":"https:\/\/www.gesamtschule-eiserfeld.de\/?p=14437#primaryimage"},"thumbnailUrl":"https:\/\/www.gesamtschule-eiserfeld.de\/wp-content\/uploads\/2020\/10\/Corona-2-300x160.jpg","datePublished":"2020-11-17T19:26:45+00:00","dateModified":"2020-12-16T19:11:55+00:00","breadcrumb":{"@id":"https:\/\/www.gesamtschule-eiserfeld.de\/?p=14437#breadcrumb"},"inLanguage":"de","potentialAction":[{"@type":"ReadAction","target":["https:\/\/www.gesamtschule-eiserfeld.de\/?p=14437"]}]},{"@type":"ImageObject","inLanguage":"de","@id":"https:\/\/www.gesamtschule-eiserfeld.de\/?p=14437#primaryimage","url":"https:\/\/www.gesamtschule-eiserfeld.de\/wp-content\/uploads\/2020\/10\/Corona-2-300x160.jpg","contentUrl":"https:\/\/www.gesamtschule-eiserfeld.de\/wp-content\/uploads\/2020\/10\/Corona-2-300x160.jpg"},{"@type":"BreadcrumbList","@id":"https:\/\/www.gesamtschule-eiserfeld.de\/?p=14437#breadcrumb","itemListElement":[{"@type":"ListItem","position":1,"name":"Startseite","item":"https:\/\/www.gesamtschule-eiserfeld.de\/"},{"@type":"ListItem","position":2,"name":"Neue Corona-F\u00e4lle an der GEE"}]},{"@type":"WebSite","@id":"https:\/\/www.gesamtschule-eiserfeld.de\/#website","url":"https:\/\/www.gesamtschule-eiserfeld.de\/","name":"Gesamtschule Eiserfeld","description":"","publisher":{"@id":"https:\/\/www.gesamtschule-eiserfeld.de\/#organization"},"potentialAction":[{"@type":"SearchAction","target":{"@type":"EntryPoint","urlTemplate":"https:\/\/www.gesamtschule-eiserfeld.de\/?s={search_term_string}"},"query-input":{"@type":"PropertyValueSpecification","valueRequired":true,"valueName":"search_term_string"}}],"inLanguage":"de"},{"@type":"Organization","@id":"https:\/\/www.gesamtschule-eiserfeld.de\/#organization","name":"Gesamtschule Eiserfeld","url":"https:\/\/www.gesamtschule-eiserfeld.de\/","logo":{"@type":"ImageObject","inLanguage":"de","@id":"https:\/\/www.gesamtschule-eiserfeld.de\/#\/schema\/logo\/image\/","url":"https:\/\/i1.wp.com\/www.gesamtschule-eiserfeld.de\/wp-content\/uploads\/2019\/01\/GEE-Logo-neu.jpg?fit=436%2C126&ssl=1","contentUrl":"https:\/\/i1.wp.com\/www.gesamtschule-eiserfeld.de\/wp-content\/uploads\/2019\/01\/GEE-Logo-neu.jpg?fit=436%2C126&ssl=1","width":436,"height":126,"caption":"Gesamtschule Eiserfeld"},"image":{"@id":"https:\/\/www.gesamtschule-eiserfeld.de\/#\/schema\/logo\/image\/"},"sameAs":["https:\/\/www.facebook.com\/GEEiserfeld"]},{"@type":"Person","@id":"https:\/\/www.gesamtschule-eiserfeld.de\/#\/schema\/person\/9f37123dd2ff514a1346db435bdb3784","name":"dorw","sameAs":["http:\/\/www.ge-eiserfeld.de"],"url":"https:\/\/www.gesamtschule-eiserfeld.de\/?author=9"}]}},"jetpack_publicize_connections":[],"jetpack_featured_media_url":"","jetpack_shortlink":"https:\/\/wp.me\/p2weeL-3KR","jetpack_sharing_enabled":true,"_links":{"self":[{"href":"https:\/\/www.gesamtschule-eiserfeld.de\/index.php?rest_route=\/wp\/v2\/posts\/14437","targetHints":{"allow":["GET"]}}],"collection":[{"href":"https:\/\/www.gesamtschule-eiserfeld.de\/index.php?rest_route=\/wp\/v2\/posts"}],"about":[{"href":"https:\/\/www.gesamtschule-eiserfeld.de\/index.php?rest_route=\/wp\/v2\/types\/post"}],"author":[{"embeddable":true,"href":"https:\/\/www.gesamtschule-eiserfeld.de\/index.php?rest_route=\/wp\/v2\/users\/9"}],"replies":[{"embeddable":true,"href":"https:\/\/www.gesamtschule-eiserfeld.de\/index.php?rest_route=%2Fwp%2Fv2%2Fcomments&post=14437"}],"version-history":[{"count":0,"href":"https:\/\/www.gesamtschule-eiserfeld.de\/index.php?rest_route=\/wp\/v2\/posts\/14437\/revisions"}],"wp:attachment":[{"href":"https:\/\/www.gesamtschule-eiserfeld.de\/index.php?rest_route=%2Fwp%2Fv2%2Fmedia&parent=14437"}],"wp:term":[{"taxonomy":"category","embeddable":true,"href":"https:\/\/www.gesamtschule-eiserfeld.de\/index.php?rest_route=%2Fwp%2Fv2%2Fcategories&post=14437"},{"taxonomy":"post_tag","embeddable":true,"href":"https:\/\/www.gesamtschule-eiserfeld.de\/index.php?rest_route=%2Fwp%2Fv2%2Ftags&post=14437"}],"curies":[{"name":"wp","href":"https:\/\/api.w.org\/{rel}","templated":true}]}}