{"id":14853,"date":"2021-01-08T18:38:05","date_gmt":"2021-01-08T17:38:05","guid":{"rendered":"https:\/\/www.gesamtschule-eiserfeld.de\/?p=14853"},"modified":"2021-02-06T20:30:03","modified_gmt":"2021-02-06T19:30:03","slug":"handlungsgrundsaetze-fuer-den-distanzunterricht-an-der-gesamtschule-eiserfeld","status":"publish","type":"post","link":"https:\/\/www.gesamtschule-eiserfeld.de\/?p=14853","title":{"rendered":"HANDLUNGSGRUNDS\u00c4TZE F\u00dcR DEN DISTANZUNTERRICHT AN DER GEE"},"content":{"rendered":"\n<p style=\"text-align: justify;\"><img data-recalc-dims=\"1\" loading=\"lazy\" decoding=\"async\" class=\"wp-image-14309 alignleft\" src=\"https:\/\/i0.wp.com\/www.gesamtschule-eiserfeld.de\/wp-content\/uploads\/2020\/10\/Corona-2-300x160.jpg?resize=227%2C121&#038;ssl=1\" alt=\"\" width=\"227\" height=\"121\" \/>[2021-01-08 SCHULLEITUNG] Die folgenden Grunds\u00e4tze basieren auf der Schulmail vom 07. Januar 2021, den daran angeh\u00e4ngten Handreichungen und den Ergebnissen der Schulleitungssitzung vom 8.1.21.<br \/>(s. die letzte Landesmail und <a href=\"https:\/\/www.schulministerium.nrw.de\/startseite\/regelungen-fuer-schulen-vom-11-bis-31-januar-2021\">Regelungen f\u00fcr Schulen vom 11. bis 31. Januar 2021 | Bildungsportal NRW<\/a>)<\/p>\n<p style=\"text-align: justify;\">Ab Montag gilt:\u2026<!--more--><\/p>\n<ol style=\"text-align: justify;\">\n<li>Der <span style=\"color: #ff0000;\">Unterricht<\/span> findet <u>im Grundsatz<\/u> nach dem derzeitigem Stundenplan <span style=\"color: #ff0000;\">statt<\/span>.\u00a0<br \/><br \/><\/li>\n<li>Der<span style=\"background-color: #ffff00;\"> <strong>Schultag beginnt f\u00fcr alle (!) um 8.00 Uhr <u>in Pr\u00e4senz vor dem Bildschirm<\/u><\/strong>.<\/span> Die FachlehrerInnen, die in der ersten Stunde eingesetzt sind, <span style=\"color: #ff0000;\">kontrollieren dabei die Anwesenheit, indem sie deutliche Pr\u00e4senz am <u>Mikrofon<\/u> und vor der <u>Kamera<\/u> einfordern.<\/span> <br \/>Anders als im Fr\u00fchjahr sind unsere <span style=\"color: #ff0000;\">Sch\u00fclerInnen jetzt <strong><u>benotungsrelevant<\/u><\/strong> verpflichtet, am Distanzlernen teilzunehmen.<\/span> Das klappt auch in den allermeisten F\u00e4llen recht ordentlich, aber eben nicht immer gleich gut. <span style=\"color: #ff0000;\"><strong><u>Formal sind besonders Sie als Eltern hier in der Pflicht (noch eine!) Ihre Kinder dazu anzuhalten<\/u><\/strong>.<\/span> Stellen wir fest, dass f\u00fcr l\u00e4ngere Zeit ein\/e Sch\u00fclerIn sich \u201eabseilt\/untertaucht\u201c, so hat dies die \u00fcblichen Noten- und Disziplinarfolgen! <br \/>Wir akzeptieren selbstverst\u00e4ndlich <u>zun\u00e4chst<\/u> technische Probleme (kein Rechner, kein Netzzugang o.\u00e4.) und werden uns redlich um Abhilfe bem\u00fchen (s. Punkt 8!). <span style=\"color: #ff0000;\">Falls aber das WLAN allmorgendlich erst nach dem Aufstehen um 10 oder 11 funktioniert, ist unser Verst\u00e4ndnis wenig wohlwollend (s. Punkt 7).<br \/><br \/><\/span><\/li>\n<li>Die Sch\u00fclerInnen und auch die LehrerInnen sollten <span style=\"background-color: #ffff00;\"><strong><u>auf keinen Fall<\/u> den kompletten Schultag <u>vor dem Bildschirm<\/u> verbringen<\/strong>.<\/span> Das geht einfach nicht und ist f\u00fcr die Kinder auch unzumutbar.<br \/>Neben dem <u>obligatorischen<\/u> <span style=\"color: #ff0000;\"><strong>Anteil<\/strong><\/span> an Live-Unterricht <u>muss<\/u> auch gen\u00fcgend Raum f\u00fcr offene Projektarbeit, Wochenpl\u00e4ne, ausgelagerte Gruppenarbeit und Langzeitaufgaben vorhanden sein.<\/li>\n<li>Die Koordination der <u>schwierigen<\/u> <u>Aufgabe<\/u>, eine vern\u00fcnftige <strong><u>Mischung<\/u><\/strong> aus Pr\u00e4senzunterricht vor dem Bildschirm und eigenst\u00e4ndiger Arbeit zu gestalten, \u00fcbernehmen die <span style=\"background-color: #ffff00;\"><strong>Klassenteams<\/strong> <\/span>(alle LehrerInnen, die in einer Klasse unterrichten). Hier muss die <span style=\"color: #ff0000;\">richtige Balance<\/span><span style=\"font-size: inherit;\"> zwischen kurz- und langfristigem Lernen, zwischen Freiheit und Kontrolle und zwischen Anleitung und Selbstst\u00e4ndigkeit entsprechend der Jahrgangsstufe gefunden werden. Bedenken Sie bitte, wir m\u00fcssen innerhalb einer Lerngruppe rund 30 Einzelinteressen und Einzelf\u00e4higkeiten gerecht werden \u2013 auch im Distanzlernen. Man kann auch da als Schule nicht jeden w\u00fcnschenswerten Anspruch erf\u00fcllen.<br \/><br \/><\/span><\/li>\n<li><span style=\"background-color: #ffff00;\"><strong>Alle<\/strong> <\/span>KollegInnen<span style=\"background-color: #ffff00;\"> <strong>f\u00fchren digitale <span style=\"color: #ff0000;\"><u>Phasen (!)<\/u> <\/span>in ihrem Unterricht <\/strong><\/span>durch. <span style=\"color: #ff0000;\">Ein <strong><u>ausschlie\u00dfliches<\/u><\/strong> Arbeiten mit zugeschickten Arbeitsbl\u00e4ttern ist kein qualitativer Distanzunterricht, ein st\u00e4ndiges digitales Arbeiten digital aber auch nicht! <br \/><\/span>Vertrauen Sie hier bitte ruhig auf das p\u00e4dagogische K\u00f6nnen unseres Kollegiums, f\u00fcr das ich mich verb\u00fcrge! Es wird sicher nicht alles gleich hyperoptimal anlaufen, aber wir wissen schon, was wir tun und bem\u00fchen uns um das Leistbare \u2013 auf beiden Seiten, SuS und LuL. Unser Kollegium hat sich in G\u00e4nze seit M\u00e4rz im Umgang f\u00fcr den Distanzunterricht mit dem Programm Microsoft Teams fortgebildet (s. mehrfache Homepageberichte). Auch alle Sch\u00fclerInnen haben kostenlosen Zugang dazu und arbeiten ja gr\u00f6\u00dftenteils auch schon seit Monaten damit. Auch der digitale \u00dcbungstag diente diesem jetzt vorliegenden und auch zu erwartenden Ernstfall. Das sollte also kein un\u00fcberwindliches Problem darstellen, zumindest sind die Grundlagen nachhaltig gelegt. <br \/>Erm\u00f6glicht haben dies unsere zahlreichen <strong style=\"font-size: inherit;\"><u>IT-Freaks<\/u><\/strong><span style=\"font-size: inherit;\">, aber vor allem Herr H\u00fctter, Herr Dorweiler, Herr Jung, Herr Kara <\/span><u style=\"font-size: inherit;\">u.a.<\/u><span style=\"font-size: inherit;\"> und als technischer IT-Chef Herr Wunderlich. Ihnen gilt mein ganz besonderer Dank!<br \/><br \/><\/span><\/li>\n<li>Im Jahrgang 5\/6 gibt es ein \u2013 vom Land gewollt <span style=\"color: #ff0000;\"><u>nur notfallm\u00e4\u00dfiges<\/u><\/span> \u2013 <span style=\"background-color: #ffff00;\"><strong>Betreuungsangebot<\/strong><\/span> f\u00fcr angemeldete Kinder. Einige F\u00f6rderkinder werden von ihren Inklusionshelfern in der Schule betreut. <span style=\"color: #ff0000;\"><u>Dar\u00fcber hinaus sollten sich keine Sch\u00fclerInnen l\u00e4ngere Zeit in der Schule aufhalten<\/u>.<\/span> Auch LehrerInnen sollten nur in Ausnahmef\u00e4llen das Schulgeb\u00e4ude betreten. Die<span style=\"color: #ff0000;\"> <strong><u>Ansteckungsgefahr ist gerade angesichts der neuen Virusvariante stets gegeben!<br \/><br \/><\/u><\/strong><\/span><\/li>\n<li>Sch\u00fclerInnen, die auf den \u00fcblichen Kommunikationswegen <u>nicht<\/u> erreichbar sind, werden jeweils am Freitag den Abteilungsleitungen gemeldet. <span style=\"color: #ff0000;\">Wir richten einen \u201e<strong>Suchdienst<\/strong>\u201c ein, der intensiv versuchen wird, Kontakt aufzunehmen.<\/span> Wir bem\u00fchen uns darum, niemanden in der Pandemiezeit zu verlieren! Auch da k\u00f6nnen Sie uns beim Wort nehmen.<br \/><br \/><\/li>\n<li>Ein kleiner Lichtblick: in der kommenden Woche werden die vom Land <u>gratis<\/u> zur<span style=\"background-color: #ffff00;\"> <strong>Ausleihe<\/strong><\/span> zur Verf\u00fcgung gestellten<span style=\"background-color: #ffff00;\"> <strong>I-Pads<\/strong><\/span> f\u00fcr die Sch\u00fclerInnen ausgeliefert.<br \/>Bedenken Sie aber dabei, es stehen f\u00fcr <u>alle<\/u> Kinder nur <strong><u>90<\/u><\/strong> Ger\u00e4te zur Verf\u00fcgung.<br \/><br \/><\/li>\n<li>Die Leistungsbewertung f\u00fcr die Halbjahreszeugnisse findet auf der Basis der bisherigen Leistungen im 1. Schulhalbjahr statt.<span style=\"color: #ff0000;\"> <strong>In der <span style=\"background-color: #ffff00;\">Notengebung<\/span> muss ber\u00fccksichtigt werden, dass es sich hier <u>keineswegs um ein normales Halbjahr<\/u> handelt!<\/strong> <\/span>Dazu ein Auszug aus der Handreichung zum Distanzunterricht im Anhang der Schulmail vom 7. Januar 2021:\n<table style=\"width: 100%; border-collapse: collapse; border-color: #0a0a0a;\">\n<tbody>\n<tr>\n<td style=\"width: 483px;\">\n<p>\u00a0\u201e<em>Die Frage nach der Bewertung und Pr\u00fcfungsrelevanz der Aufgaben, die die Lehrerinnen und Lehrer w\u00e4hrend der Zeit des Distanzlernens stellen, sollte allen Beteiligten transparent und klar kommuniziert werden. Dadurch wird u.a. <\/em><span style=\"color: #ff0000;\"><em>verhindert, dass Lernprozesse und sozial-emotionale Beziehungen durch unn\u00f6tigen Leistungsdruck belastet werden<\/em><\/span><em><span style=\"color: #ff0000;\">.<\/span> Auch wenn die Sch\u00fclerinnen und Sch\u00fcler verpflichtet sind, die Aufgaben zu erledigen, sollte ihnen kein Nachteil daraus entstehen, wenn sie dies in ihren individuellen Situationen nicht in dem Ma\u00dfe schaffen, wie es ihnen vielleicht im Pr\u00e4senzunterricht m\u00f6glich w\u00e4re. Lehrende sind daher angehalten, mit Augenma\u00df und <\/em><span style=\"color: #ff0000;\"><em><u>gr\u00f6\u00dftm\u00f6glichem Wohlwollen<\/u><\/em><\/span><em> zu handeln. <span style=\"color: #000000; background-color: #ffff00;\">Ein einfaches und pragmatisches Vorgehen besteht darin, schlechte oder nicht (rechtzeitig) erbrachte Leistungen zun\u00e4chst als Anlass zu verstehen, <\/span><\/em><span style=\"color: #000000; background-color: #ffff00;\"><em>gezielt beratend <\/em><em>und <\/em><em>unterst\u00fctzend <\/em><em>aktiv zu werden, und <\/em><em><span style=\"color: #ff0000;\">Leistungen nur dann zu bewerten, wenn sie<\/span> <\/em><em>\u2013 auch relativ zur individuellen Bezugsnorm \u2013 <\/em><span style=\"color: #ff0000;\"><em>besonders gut sind<\/em><\/span><em>.<\/em><em>\u201c<\/em><\/span> (Originaltext der Rundmail, markiert von uns)<\/p>\n<\/td>\n<\/tr>\n<\/tbody>\n<\/table>\n<\/li>\n<\/ol>\n","protected":false},"excerpt":{"rendered":"","protected":false},"author":9,"featured_media":0,"comment_status":"closed","ping_status":"open","sticky":false,"template":"","format":"standard","meta":{"jetpack_post_was_ever_published":false,"_jetpack_newsletter_access":"","_jetpack_dont_email_post_to_subs":false,"_jetpack_newsletter_tier_id":0,"_jetpack_memberships_contains_paywalled_content":false,"_jetpack_memberships_contains_paid_content":false,"footnotes":"","jetpack_publicize_message":"","jetpack_publicize_feature_enabled":true,"jetpack_social_post_already_shared":true,"jetpack_social_options":{"image_generator_settings":{"template":"highway","default_image_id":0,"font":"","enabled":false},"version":2}},"categories":[1],"tags":[],"class_list":["post-14853","post","type-post","status-publish","format-standard","hentry","category-allgemein"],"yoast_head":"<!-- This site is optimized with the Yoast SEO plugin v27.4 - https:\/\/yoast.com\/product\/yoast-seo-wordpress\/ -->\n<title>HANDLUNGSGRUNDS\u00c4TZE F\u00dcR DEN DISTANZUNTERRICHT AN DER GEE - Gesamtschule Eiserfeld<\/title>\n<meta name=\"robots\" content=\"index, follow, max-snippet:-1, max-image-preview:large, max-video-preview:-1\" \/>\n<link rel=\"canonical\" href=\"https:\/\/www.gesamtschule-eiserfeld.de\/?p=14853\" \/>\n<meta property=\"og:locale\" content=\"de_DE\" \/>\n<meta property=\"og:type\" content=\"article\" \/>\n<meta property=\"og:title\" content=\"HANDLUNGSGRUNDS\u00c4TZE F\u00dcR DEN DISTANZUNTERRICHT AN DER GEE - Gesamtschule Eiserfeld\" \/>\n<meta property=\"og:url\" content=\"https:\/\/www.gesamtschule-eiserfeld.de\/?p=14853\" \/>\n<meta property=\"og:site_name\" content=\"Gesamtschule Eiserfeld\" \/>\n<meta property=\"article:publisher\" content=\"https:\/\/www.facebook.com\/GEEiserfeld\" \/>\n<meta property=\"article:published_time\" content=\"2021-01-08T17:38:05+00:00\" \/>\n<meta property=\"article:modified_time\" content=\"2021-02-06T19:30:03+00:00\" \/>\n<meta property=\"og:image\" content=\"https:\/\/i2.wp.com\/www.gesamtschule-eiserfeld.de\/wp-content\/uploads\/2020\/10\/Corona-2.jpg?fit=1200%2C640&ssl=1\" \/>\n\t<meta property=\"og:image:width\" content=\"1200\" \/>\n\t<meta property=\"og:image:height\" content=\"640\" \/>\n\t<meta property=\"og:image:type\" content=\"image\/jpeg\" \/>\n<meta name=\"author\" content=\"dorw\" \/>\n<meta name=\"twitter:card\" content=\"summary_large_image\" \/>\n<meta name=\"twitter:label1\" content=\"Verfasst von\" \/>\n\t<meta name=\"twitter:data1\" content=\"dorw\" \/>\n\t<meta name=\"twitter:label2\" content=\"Gesch\u00e4tzte Lesezeit\" \/>\n\t<meta name=\"twitter:data2\" content=\"4\u00a0Minuten\" \/>\n<script type=\"application\/ld+json\" class=\"yoast-schema-graph\">{\"@context\":\"https:\\\/\\\/schema.org\",\"@graph\":[{\"@type\":\"Article\",\"@id\":\"https:\\\/\\\/www.gesamtschule-eiserfeld.de\\\/?p=14853#article\",\"isPartOf\":{\"@id\":\"https:\\\/\\\/www.gesamtschule-eiserfeld.de\\\/?p=14853\"},\"author\":{\"name\":\"dorw\",\"@id\":\"https:\\\/\\\/www.gesamtschule-eiserfeld.de\\\/#\\\/schema\\\/person\\\/9f37123dd2ff514a1346db435bdb3784\"},\"headline\":\"HANDLUNGSGRUNDS\u00c4TZE F\u00dcR DEN DISTANZUNTERRICHT AN DER GEE\",\"datePublished\":\"2021-01-08T17:38:05+00:00\",\"dateModified\":\"2021-02-06T19:30:03+00:00\",\"mainEntityOfPage\":{\"@id\":\"https:\\\/\\\/www.gesamtschule-eiserfeld.de\\\/?p=14853\"},\"wordCount\":887,\"publisher\":{\"@id\":\"https:\\\/\\\/www.gesamtschule-eiserfeld.de\\\/#organization\"},\"image\":{\"@id\":\"https:\\\/\\\/www.gesamtschule-eiserfeld.de\\\/?p=14853#primaryimage\"},\"thumbnailUrl\":\"https:\\\/\\\/www.gesamtschule-eiserfeld.de\\\/wp-content\\\/uploads\\\/2020\\\/10\\\/Corona-2-300x160.jpg\",\"inLanguage\":\"de\"},{\"@type\":\"WebPage\",\"@id\":\"https:\\\/\\\/www.gesamtschule-eiserfeld.de\\\/?p=14853\",\"url\":\"https:\\\/\\\/www.gesamtschule-eiserfeld.de\\\/?p=14853\",\"name\":\"HANDLUNGSGRUNDS\u00c4TZE F\u00dcR DEN DISTANZUNTERRICHT AN DER GEE - Gesamtschule Eiserfeld\",\"isPartOf\":{\"@id\":\"https:\\\/\\\/www.gesamtschule-eiserfeld.de\\\/#website\"},\"primaryImageOfPage\":{\"@id\":\"https:\\\/\\\/www.gesamtschule-eiserfeld.de\\\/?p=14853#primaryimage\"},\"image\":{\"@id\":\"https:\\\/\\\/www.gesamtschule-eiserfeld.de\\\/?p=14853#primaryimage\"},\"thumbnailUrl\":\"https:\\\/\\\/www.gesamtschule-eiserfeld.de\\\/wp-content\\\/uploads\\\/2020\\\/10\\\/Corona-2-300x160.jpg\",\"datePublished\":\"2021-01-08T17:38:05+00:00\",\"dateModified\":\"2021-02-06T19:30:03+00:00\",\"breadcrumb\":{\"@id\":\"https:\\\/\\\/www.gesamtschule-eiserfeld.de\\\/?p=14853#breadcrumb\"},\"inLanguage\":\"de\",\"potentialAction\":[{\"@type\":\"ReadAction\",\"target\":[\"https:\\\/\\\/www.gesamtschule-eiserfeld.de\\\/?p=14853\"]}]},{\"@type\":\"ImageObject\",\"inLanguage\":\"de\",\"@id\":\"https:\\\/\\\/www.gesamtschule-eiserfeld.de\\\/?p=14853#primaryimage\",\"url\":\"https:\\\/\\\/www.gesamtschule-eiserfeld.de\\\/wp-content\\\/uploads\\\/2020\\\/10\\\/Corona-2-300x160.jpg\",\"contentUrl\":\"https:\\\/\\\/www.gesamtschule-eiserfeld.de\\\/wp-content\\\/uploads\\\/2020\\\/10\\\/Corona-2-300x160.jpg\"},{\"@type\":\"BreadcrumbList\",\"@id\":\"https:\\\/\\\/www.gesamtschule-eiserfeld.de\\\/?p=14853#breadcrumb\",\"itemListElement\":[{\"@type\":\"ListItem\",\"position\":1,\"name\":\"Startseite\",\"item\":\"https:\\\/\\\/www.gesamtschule-eiserfeld.de\\\/\"},{\"@type\":\"ListItem\",\"position\":2,\"name\":\"HANDLUNGSGRUNDS\u00c4TZE F\u00dcR DEN DISTANZUNTERRICHT AN DER GEE\"}]},{\"@type\":\"WebSite\",\"@id\":\"https:\\\/\\\/www.gesamtschule-eiserfeld.de\\\/#website\",\"url\":\"https:\\\/\\\/www.gesamtschule-eiserfeld.de\\\/\",\"name\":\"Gesamtschule Eiserfeld\",\"description\":\"\",\"publisher\":{\"@id\":\"https:\\\/\\\/www.gesamtschule-eiserfeld.de\\\/#organization\"},\"potentialAction\":[{\"@type\":\"SearchAction\",\"target\":{\"@type\":\"EntryPoint\",\"urlTemplate\":\"https:\\\/\\\/www.gesamtschule-eiserfeld.de\\\/?s={search_term_string}\"},\"query-input\":{\"@type\":\"PropertyValueSpecification\",\"valueRequired\":true,\"valueName\":\"search_term_string\"}}],\"inLanguage\":\"de\"},{\"@type\":\"Organization\",\"@id\":\"https:\\\/\\\/www.gesamtschule-eiserfeld.de\\\/#organization\",\"name\":\"Gesamtschule Eiserfeld\",\"url\":\"https:\\\/\\\/www.gesamtschule-eiserfeld.de\\\/\",\"logo\":{\"@type\":\"ImageObject\",\"inLanguage\":\"de\",\"@id\":\"https:\\\/\\\/www.gesamtschule-eiserfeld.de\\\/#\\\/schema\\\/logo\\\/image\\\/\",\"url\":\"https:\\\/\\\/i1.wp.com\\\/www.gesamtschule-eiserfeld.de\\\/wp-content\\\/uploads\\\/2019\\\/01\\\/GEE-Logo-neu.jpg?fit=436%2C126&ssl=1\",\"contentUrl\":\"https:\\\/\\\/i1.wp.com\\\/www.gesamtschule-eiserfeld.de\\\/wp-content\\\/uploads\\\/2019\\\/01\\\/GEE-Logo-neu.jpg?fit=436%2C126&ssl=1\",\"width\":436,\"height\":126,\"caption\":\"Gesamtschule Eiserfeld\"},\"image\":{\"@id\":\"https:\\\/\\\/www.gesamtschule-eiserfeld.de\\\/#\\\/schema\\\/logo\\\/image\\\/\"},\"sameAs\":[\"https:\\\/\\\/www.facebook.com\\\/GEEiserfeld\"]},{\"@type\":\"Person\",\"@id\":\"https:\\\/\\\/www.gesamtschule-eiserfeld.de\\\/#\\\/schema\\\/person\\\/9f37123dd2ff514a1346db435bdb3784\",\"name\":\"dorw\",\"sameAs\":[\"http:\\\/\\\/www.ge-eiserfeld.de\"],\"url\":\"https:\\\/\\\/www.gesamtschule-eiserfeld.de\\\/?author=9\"}]}<\/script>\n<!-- \/ Yoast SEO plugin. -->","yoast_head_json":{"title":"HANDLUNGSGRUNDS\u00c4TZE F\u00dcR DEN DISTANZUNTERRICHT AN DER GEE - Gesamtschule Eiserfeld","robots":{"index":"index","follow":"follow","max-snippet":"max-snippet:-1","max-image-preview":"max-image-preview:large","max-video-preview":"max-video-preview:-1"},"canonical":"https:\/\/www.gesamtschule-eiserfeld.de\/?p=14853","og_locale":"de_DE","og_type":"article","og_title":"HANDLUNGSGRUNDS\u00c4TZE F\u00dcR DEN DISTANZUNTERRICHT AN DER GEE - Gesamtschule Eiserfeld","og_url":"https:\/\/www.gesamtschule-eiserfeld.de\/?p=14853","og_site_name":"Gesamtschule Eiserfeld","article_publisher":"https:\/\/www.facebook.com\/GEEiserfeld","article_published_time":"2021-01-08T17:38:05+00:00","article_modified_time":"2021-02-06T19:30:03+00:00","og_image":[{"width":1200,"height":640,"url":"https:\/\/i2.wp.com\/www.gesamtschule-eiserfeld.de\/wp-content\/uploads\/2020\/10\/Corona-2.jpg?fit=1200%2C640&ssl=1","type":"image\/jpeg"}],"author":"dorw","twitter_card":"summary_large_image","twitter_misc":{"Verfasst von":"dorw","Gesch\u00e4tzte Lesezeit":"4\u00a0Minuten"},"schema":{"@context":"https:\/\/schema.org","@graph":[{"@type":"Article","@id":"https:\/\/www.gesamtschule-eiserfeld.de\/?p=14853#article","isPartOf":{"@id":"https:\/\/www.gesamtschule-eiserfeld.de\/?p=14853"},"author":{"name":"dorw","@id":"https:\/\/www.gesamtschule-eiserfeld.de\/#\/schema\/person\/9f37123dd2ff514a1346db435bdb3784"},"headline":"HANDLUNGSGRUNDS\u00c4TZE F\u00dcR DEN DISTANZUNTERRICHT AN DER GEE","datePublished":"2021-01-08T17:38:05+00:00","dateModified":"2021-02-06T19:30:03+00:00","mainEntityOfPage":{"@id":"https:\/\/www.gesamtschule-eiserfeld.de\/?p=14853"},"wordCount":887,"publisher":{"@id":"https:\/\/www.gesamtschule-eiserfeld.de\/#organization"},"image":{"@id":"https:\/\/www.gesamtschule-eiserfeld.de\/?p=14853#primaryimage"},"thumbnailUrl":"https:\/\/www.gesamtschule-eiserfeld.de\/wp-content\/uploads\/2020\/10\/Corona-2-300x160.jpg","inLanguage":"de"},{"@type":"WebPage","@id":"https:\/\/www.gesamtschule-eiserfeld.de\/?p=14853","url":"https:\/\/www.gesamtschule-eiserfeld.de\/?p=14853","name":"HANDLUNGSGRUNDS\u00c4TZE F\u00dcR DEN DISTANZUNTERRICHT AN DER GEE - Gesamtschule Eiserfeld","isPartOf":{"@id":"https:\/\/www.gesamtschule-eiserfeld.de\/#website"},"primaryImageOfPage":{"@id":"https:\/\/www.gesamtschule-eiserfeld.de\/?p=14853#primaryimage"},"image":{"@id":"https:\/\/www.gesamtschule-eiserfeld.de\/?p=14853#primaryimage"},"thumbnailUrl":"https:\/\/www.gesamtschule-eiserfeld.de\/wp-content\/uploads\/2020\/10\/Corona-2-300x160.jpg","datePublished":"2021-01-08T17:38:05+00:00","dateModified":"2021-02-06T19:30:03+00:00","breadcrumb":{"@id":"https:\/\/www.gesamtschule-eiserfeld.de\/?p=14853#breadcrumb"},"inLanguage":"de","potentialAction":[{"@type":"ReadAction","target":["https:\/\/www.gesamtschule-eiserfeld.de\/?p=14853"]}]},{"@type":"ImageObject","inLanguage":"de","@id":"https:\/\/www.gesamtschule-eiserfeld.de\/?p=14853#primaryimage","url":"https:\/\/www.gesamtschule-eiserfeld.de\/wp-content\/uploads\/2020\/10\/Corona-2-300x160.jpg","contentUrl":"https:\/\/www.gesamtschule-eiserfeld.de\/wp-content\/uploads\/2020\/10\/Corona-2-300x160.jpg"},{"@type":"BreadcrumbList","@id":"https:\/\/www.gesamtschule-eiserfeld.de\/?p=14853#breadcrumb","itemListElement":[{"@type":"ListItem","position":1,"name":"Startseite","item":"https:\/\/www.gesamtschule-eiserfeld.de\/"},{"@type":"ListItem","position":2,"name":"HANDLUNGSGRUNDS\u00c4TZE F\u00dcR DEN DISTANZUNTERRICHT AN DER GEE"}]},{"@type":"WebSite","@id":"https:\/\/www.gesamtschule-eiserfeld.de\/#website","url":"https:\/\/www.gesamtschule-eiserfeld.de\/","name":"Gesamtschule Eiserfeld","description":"","publisher":{"@id":"https:\/\/www.gesamtschule-eiserfeld.de\/#organization"},"potentialAction":[{"@type":"SearchAction","target":{"@type":"EntryPoint","urlTemplate":"https:\/\/www.gesamtschule-eiserfeld.de\/?s={search_term_string}"},"query-input":{"@type":"PropertyValueSpecification","valueRequired":true,"valueName":"search_term_string"}}],"inLanguage":"de"},{"@type":"Organization","@id":"https:\/\/www.gesamtschule-eiserfeld.de\/#organization","name":"Gesamtschule Eiserfeld","url":"https:\/\/www.gesamtschule-eiserfeld.de\/","logo":{"@type":"ImageObject","inLanguage":"de","@id":"https:\/\/www.gesamtschule-eiserfeld.de\/#\/schema\/logo\/image\/","url":"https:\/\/i1.wp.com\/www.gesamtschule-eiserfeld.de\/wp-content\/uploads\/2019\/01\/GEE-Logo-neu.jpg?fit=436%2C126&ssl=1","contentUrl":"https:\/\/i1.wp.com\/www.gesamtschule-eiserfeld.de\/wp-content\/uploads\/2019\/01\/GEE-Logo-neu.jpg?fit=436%2C126&ssl=1","width":436,"height":126,"caption":"Gesamtschule Eiserfeld"},"image":{"@id":"https:\/\/www.gesamtschule-eiserfeld.de\/#\/schema\/logo\/image\/"},"sameAs":["https:\/\/www.facebook.com\/GEEiserfeld"]},{"@type":"Person","@id":"https:\/\/www.gesamtschule-eiserfeld.de\/#\/schema\/person\/9f37123dd2ff514a1346db435bdb3784","name":"dorw","sameAs":["http:\/\/www.ge-eiserfeld.de"],"url":"https:\/\/www.gesamtschule-eiserfeld.de\/?author=9"}]}},"jetpack_publicize_connections":[],"jetpack_featured_media_url":"","jetpack_shortlink":"https:\/\/wp.me\/p2weeL-3Rz","jetpack_sharing_enabled":true,"_links":{"self":[{"href":"https:\/\/www.gesamtschule-eiserfeld.de\/index.php?rest_route=\/wp\/v2\/posts\/14853","targetHints":{"allow":["GET"]}}],"collection":[{"href":"https:\/\/www.gesamtschule-eiserfeld.de\/index.php?rest_route=\/wp\/v2\/posts"}],"about":[{"href":"https:\/\/www.gesamtschule-eiserfeld.de\/index.php?rest_route=\/wp\/v2\/types\/post"}],"author":[{"embeddable":true,"href":"https:\/\/www.gesamtschule-eiserfeld.de\/index.php?rest_route=\/wp\/v2\/users\/9"}],"replies":[{"embeddable":true,"href":"https:\/\/www.gesamtschule-eiserfeld.de\/index.php?rest_route=%2Fwp%2Fv2%2Fcomments&post=14853"}],"version-history":[{"count":0,"href":"https:\/\/www.gesamtschule-eiserfeld.de\/index.php?rest_route=\/wp\/v2\/posts\/14853\/revisions"}],"wp:attachment":[{"href":"https:\/\/www.gesamtschule-eiserfeld.de\/index.php?rest_route=%2Fwp%2Fv2%2Fmedia&parent=14853"}],"wp:term":[{"taxonomy":"category","embeddable":true,"href":"https:\/\/www.gesamtschule-eiserfeld.de\/index.php?rest_route=%2Fwp%2Fv2%2Fcategories&post=14853"},{"taxonomy":"post_tag","embeddable":true,"href":"https:\/\/www.gesamtschule-eiserfeld.de\/index.php?rest_route=%2Fwp%2Fv2%2Ftags&post=14853"}],"curies":[{"name":"wp","href":"https:\/\/api.w.org\/{rel}","templated":true}]}}