{"id":1511,"date":"2012-11-14T15:22:19","date_gmt":"2012-11-14T13:22:19","guid":{"rendered":"http:\/\/ge-eiserfeld.de\/?p=1511"},"modified":"2012-11-25T20:54:44","modified_gmt":"2012-11-25T19:54:44","slug":"110-literatur-unter-den-augen-des-dichterfursten","status":"publish","type":"post","link":"https:\/\/www.gesamtschule-eiserfeld.de\/?p=1511","title":{"rendered":"110% Literatur unter den Augen des Dichterf\u00fcrsten&#8230;"},"content":{"rendered":"<p><span style=\"font-size: x-small;\"><em><a href=\"http:\/\/gesamtschule-eiserfeld.de\/?attachment_id=1546\" rel=\"attachment wp-att-1546\"><img data-recalc-dims=\"1\" loading=\"lazy\" decoding=\"async\" data-attachment-id=\"1546\" data-permalink=\"https:\/\/www.gesamtschule-eiserfeld.de\/?attachment_id=1546\" data-orig-file=\"https:\/\/i0.wp.com\/www.gesamtschule-eiserfeld.de\/wp-content\/uploads\/2012\/11\/Artikelbild1.jpg?fit=1349%2C594&amp;ssl=1\" data-orig-size=\"1349,594\" data-comments-opened=\"0\" data-image-meta=\"{&quot;aperture&quot;:&quot;3.5&quot;,&quot;credit&quot;:&quot;&quot;,&quot;camera&quot;:&quot;DSC-H55&quot;,&quot;caption&quot;:&quot;&quot;,&quot;created_timestamp&quot;:&quot;1350982351&quot;,&quot;copyright&quot;:&quot;&quot;,&quot;focal_length&quot;:&quot;4.25&quot;,&quot;iso&quot;:&quot;80&quot;,&quot;shutter_speed&quot;:&quot;0.025&quot;,&quot;title&quot;:&quot;&quot;}\" data-image-title=\"Artikelbild\" data-image-description=\"\" data-image-caption=\"\" data-large-file=\"https:\/\/i0.wp.com\/www.gesamtschule-eiserfeld.de\/wp-content\/uploads\/2012\/11\/Artikelbild1.jpg?fit=474%2C208&amp;ssl=1\" class=\" wp-image-1546 alignleft\" style=\"margin-right: 10px;\" title=\"Statue\" src=\"https:\/\/i0.wp.com\/gesamtschule-eiserfeld.de\/wp-content\/uploads\/2012\/11\/Artikelbild1-300x132.jpg?resize=237%2C104\" alt=\"\" width=\"237\" height=\"104\" srcset=\"https:\/\/i0.wp.com\/www.gesamtschule-eiserfeld.de\/wp-content\/uploads\/2012\/11\/Artikelbild1.jpg?resize=300%2C132&amp;ssl=1 300w, https:\/\/i0.wp.com\/www.gesamtschule-eiserfeld.de\/wp-content\/uploads\/2012\/11\/Artikelbild1.jpg?resize=200%2C88&amp;ssl=1 200w, https:\/\/i0.wp.com\/www.gesamtschule-eiserfeld.de\/wp-content\/uploads\/2012\/11\/Artikelbild1.jpg?resize=1024%2C450&amp;ssl=1 1024w, https:\/\/i0.wp.com\/www.gesamtschule-eiserfeld.de\/wp-content\/uploads\/2012\/11\/Artikelbild1.jpg?w=1349&amp;ssl=1 1349w, https:\/\/i0.wp.com\/www.gesamtschule-eiserfeld.de\/wp-content\/uploads\/2012\/11\/Artikelbild1.jpg?w=948&amp;ssl=1 948w\" sizes=\"auto, (max-width: 237px) 100vw, 237px\" \/><\/a>[14.11.2012 J. Zuther] <\/em><\/span>&#8230;durften Jannik Zuther, Jahrgang 13 der GEE, und die neun anderen Gewinner des <a href=\"http:\/\/material.amg-beckum.de\/Aktuelles\/Essay-Wettbewerb.pdf\" target=\"_blank\">Essay-Wettbewerbs 2012<\/a> der Berkenkamp-Stiftung vier Oktobertage lang genie\u00dfen. Die Stiftung, die seit 2005 j\u00e4hrlich einen NRW-weiten Schreibwettbewerb veranstaltet, an dem sich Sch\u00fcler des 10. \u2013 13. Schuljahres beteiligen d\u00fcrfen, hat auch im Jahr 2012 wieder Einsendungen von vielen Schulen im ganzen Land erhalten.<br \/>\n<!--more--><br \/>\nZiel des Wettbewerbs war es dabei, einen Essay, d.h. einen freien Text, \u00fcber eines der drei vorgegebenen Themen zu schreiben. Die Themen in diesem Jahr waren:<br \/>\n1. Was m\u00f6chte ich aus meiner Kindheit retten?<br \/>\n2. \u201ePhantasie ist wichtiger als Wissen, denn Wissen ist begrenzt.\u201c (Albert Einstein)<br \/>\n3. Brauchen Gef\u00fchle eine Sprache?<br \/>\nVon fast 250 Einsendungen aus insgesamt 85 Schulen wurden dabei die zehn besten von einer Jury ermittelt. Diese wurden \u2013 ohne weitere Platzierung \u2013 nach Marbach eingeladen, dem Geburtsort Friedrich Schillers, in dem auch das zweitgr\u00f6\u00dfte Archiv f\u00fcr deutsche Literatur der Neuzeit steht, f\u00fcr dessen Verwaltung die Stiftung mit zust\u00e4ndig ist.<\/p>\n<p><a href=\"https:\/\/i0.wp.com\/gesamtschule-eiserfeld.de\/wp-content\/uploads\/2012\/11\/b1.png\"><img data-recalc-dims=\"1\" loading=\"lazy\" decoding=\"async\" data-attachment-id=\"1513\" data-permalink=\"https:\/\/www.gesamtschule-eiserfeld.de\/?attachment_id=1513\" data-orig-file=\"https:\/\/i0.wp.com\/www.gesamtschule-eiserfeld.de\/wp-content\/uploads\/2012\/11\/b1.png?fit=793%2C595&amp;ssl=1\" data-orig-size=\"793,595\" data-comments-opened=\"0\" data-image-meta=\"{&quot;aperture&quot;:&quot;0&quot;,&quot;credit&quot;:&quot;&quot;,&quot;camera&quot;:&quot;&quot;,&quot;caption&quot;:&quot;&quot;,&quot;created_timestamp&quot;:&quot;0&quot;,&quot;copyright&quot;:&quot;&quot;,&quot;focal_length&quot;:&quot;0&quot;,&quot;iso&quot;:&quot;0&quot;,&quot;shutter_speed&quot;:&quot;0&quot;,&quot;title&quot;:&quot;&quot;}\" data-image-title=\"b1\" data-image-description=\"\" data-image-caption=\"\" data-large-file=\"https:\/\/i0.wp.com\/www.gesamtschule-eiserfeld.de\/wp-content\/uploads\/2012\/11\/b1.png?fit=474%2C356&amp;ssl=1\" class=\"alignnone size-medium wp-image-1513\" title=\"aussen\" src=\"https:\/\/i0.wp.com\/gesamtschule-eiserfeld.de\/wp-content\/uploads\/2012\/11\/b1-300x225.png?resize=300%2C225\" alt=\"\" width=\"300\" height=\"225\" srcset=\"https:\/\/i0.wp.com\/www.gesamtschule-eiserfeld.de\/wp-content\/uploads\/2012\/11\/b1.png?resize=300%2C225&amp;ssl=1 300w, https:\/\/i0.wp.com\/www.gesamtschule-eiserfeld.de\/wp-content\/uploads\/2012\/11\/b1.png?w=793&amp;ssl=1 793w\" sizes=\"auto, (max-width: 300px) 100vw, 300px\" \/><\/a><a href=\"http:\/\/gesamtschule-eiserfeld.de\/wp-content\/uploads\/2012\/11\/b2.png\">\u00a0\u00a0\u00a0 <\/a><a href=\"http:\/\/gesamtschule-eiserfeld.de\/?attachment_id=1543\" rel=\"attachment wp-att-1543\"><img data-recalc-dims=\"1\" loading=\"lazy\" decoding=\"async\" data-attachment-id=\"1543\" data-permalink=\"https:\/\/www.gesamtschule-eiserfeld.de\/?attachment_id=1543\" data-orig-file=\"https:\/\/i0.wp.com\/www.gesamtschule-eiserfeld.de\/wp-content\/uploads\/2012\/11\/bi8.jpg?fit=1016%2C756&amp;ssl=1\" data-orig-size=\"1016,756\" data-comments-opened=\"0\" data-image-meta=\"{&quot;aperture&quot;:&quot;0&quot;,&quot;credit&quot;:&quot;&quot;,&quot;camera&quot;:&quot;&quot;,&quot;caption&quot;:&quot;&quot;,&quot;created_timestamp&quot;:&quot;0&quot;,&quot;copyright&quot;:&quot;&quot;,&quot;focal_length&quot;:&quot;0&quot;,&quot;iso&quot;:&quot;0&quot;,&quot;shutter_speed&quot;:&quot;0&quot;,&quot;title&quot;:&quot;&quot;}\" data-image-title=\"bi8\" data-image-description=\"\" data-image-caption=\"\" data-large-file=\"https:\/\/i0.wp.com\/www.gesamtschule-eiserfeld.de\/wp-content\/uploads\/2012\/11\/bi8.jpg?fit=474%2C353&amp;ssl=1\" class=\"alignnone  wp-image-1543\" title=\"innen\" src=\"https:\/\/i0.wp.com\/gesamtschule-eiserfeld.de\/wp-content\/uploads\/2012\/11\/bi8.jpg?resize=300%2C223\" alt=\"\" width=\"300\" height=\"223\" srcset=\"https:\/\/i0.wp.com\/www.gesamtschule-eiserfeld.de\/wp-content\/uploads\/2012\/11\/bi8.jpg?w=1016&amp;ssl=1 1016w, https:\/\/i0.wp.com\/www.gesamtschule-eiserfeld.de\/wp-content\/uploads\/2012\/11\/bi8.jpg?resize=200%2C148&amp;ssl=1 200w, https:\/\/i0.wp.com\/www.gesamtschule-eiserfeld.de\/wp-content\/uploads\/2012\/11\/bi8.jpg?resize=300%2C223&amp;ssl=1 300w, https:\/\/i0.wp.com\/www.gesamtschule-eiserfeld.de\/wp-content\/uploads\/2012\/11\/bi8.jpg?w=948&amp;ssl=1 948w\" sizes=\"auto, (max-width: 300px) 100vw, 300px\" \/><\/a><br \/>\nVom 22. \u2013 25. erlangten die Zehn dabei einen umfassenden Eindruck in das Innere des<br \/>\nArchivs, in dem sich nicht nur Tageb\u00fccher und Manuskripte vieler ber\u00fchmter<br \/>\ndeutschsprachiger Autoren wie Schiller, Franz Kafka, Hermann Hesse und Thomas Mann<br \/>\nbefinden, sondern auch Malereien, Totenmasken, viele pers\u00f6nliche Gegenst\u00e4nde wie<br \/>\nSchreibfedern und -tische und andere unsch\u00e4tzbare Sammlerst\u00fccke.<br \/>\nIn den drei Tagen ihres Aufenthalts wurden die Preistr\u00e4ger vom Landesbeauftragten Dr.<br \/>\nHelmut R\u00fccker, Beirats-Mitglied Dr. Manfred Derpmann, Seminarleiter Rudi Kienzle und anderen Beauftragten der Stiftung, rund um die Uhr betreut und durch die verschiedenen Sehensw\u00fcrdigkeiten der Marbacher Literaturwelt gef\u00fchrt, unter anderem durch das Marbacher Schiller-Museum und die Literaturbibliothek.<\/p>\n<p><a href=\"https:\/\/i0.wp.com\/gesamtschule-eiserfeld.de\/wp-content\/uploads\/2012\/11\/b4.png\"><img data-recalc-dims=\"1\" loading=\"lazy\" decoding=\"async\" data-attachment-id=\"1515\" data-permalink=\"https:\/\/www.gesamtschule-eiserfeld.de\/?attachment_id=1515\" data-orig-file=\"https:\/\/i0.wp.com\/www.gesamtschule-eiserfeld.de\/wp-content\/uploads\/2012\/11\/b4.png?fit=759%2C571&amp;ssl=1\" data-orig-size=\"759,571\" data-comments-opened=\"0\" data-image-meta=\"{&quot;aperture&quot;:&quot;0&quot;,&quot;credit&quot;:&quot;&quot;,&quot;camera&quot;:&quot;&quot;,&quot;caption&quot;:&quot;&quot;,&quot;created_timestamp&quot;:&quot;0&quot;,&quot;copyright&quot;:&quot;&quot;,&quot;focal_length&quot;:&quot;0&quot;,&quot;iso&quot;:&quot;0&quot;,&quot;shutter_speed&quot;:&quot;0&quot;,&quot;title&quot;:&quot;&quot;}\" data-image-title=\"b4\" data-image-description=\"\" data-image-caption=\"\" data-large-file=\"https:\/\/i0.wp.com\/www.gesamtschule-eiserfeld.de\/wp-content\/uploads\/2012\/11\/b4.png?fit=474%2C357&amp;ssl=1\" class=\"alignnone  wp-image-1515\" title=\"Haus\" src=\"https:\/\/i0.wp.com\/gesamtschule-eiserfeld.de\/wp-content\/uploads\/2012\/11\/b4-300x225.png?resize=260%2C194\" alt=\"\" width=\"260\" height=\"194\" srcset=\"https:\/\/i0.wp.com\/www.gesamtschule-eiserfeld.de\/wp-content\/uploads\/2012\/11\/b4.png?resize=300%2C225&amp;ssl=1 300w, https:\/\/i0.wp.com\/www.gesamtschule-eiserfeld.de\/wp-content\/uploads\/2012\/11\/b4.png?zoom=2&amp;resize=260%2C194&amp;ssl=1 520w\" sizes=\"auto, (max-width: 260px) 100vw, 260px\" \/><\/a><a href=\"https:\/\/i0.wp.com\/gesamtschule-eiserfeld.de\/wp-content\/uploads\/2012\/11\/b5.png\">\u00a0\u00a0\u00a0 <img data-recalc-dims=\"1\" loading=\"lazy\" decoding=\"async\" data-attachment-id=\"1516\" data-permalink=\"https:\/\/www.gesamtschule-eiserfeld.de\/?attachment_id=1516\" data-orig-file=\"https:\/\/i0.wp.com\/www.gesamtschule-eiserfeld.de\/wp-content\/uploads\/2012\/11\/b5.png?fit=800%2C450&amp;ssl=1\" data-orig-size=\"800,450\" data-comments-opened=\"0\" data-image-meta=\"{&quot;aperture&quot;:&quot;0&quot;,&quot;credit&quot;:&quot;&quot;,&quot;camera&quot;:&quot;&quot;,&quot;caption&quot;:&quot;&quot;,&quot;created_timestamp&quot;:&quot;0&quot;,&quot;copyright&quot;:&quot;&quot;,&quot;focal_length&quot;:&quot;0&quot;,&quot;iso&quot;:&quot;0&quot;,&quot;shutter_speed&quot;:&quot;0&quot;,&quot;title&quot;:&quot;&quot;}\" data-image-title=\"b5\" data-image-description=\"\" data-image-caption=\"\" data-large-file=\"https:\/\/i0.wp.com\/www.gesamtschule-eiserfeld.de\/wp-content\/uploads\/2012\/11\/b5.png?fit=474%2C267&amp;ssl=1\" class=\"alignnone  wp-image-1516\" style=\"margin-top: 10px; margin-bottom: 10px;\" title=\"Saeulen\" src=\"https:\/\/i0.wp.com\/gesamtschule-eiserfeld.de\/wp-content\/uploads\/2012\/11\/b5-300x168.png?resize=303%2C170\" alt=\"\" width=\"303\" height=\"170\" srcset=\"https:\/\/i0.wp.com\/www.gesamtschule-eiserfeld.de\/wp-content\/uploads\/2012\/11\/b5.png?resize=300%2C168&amp;ssl=1 300w, https:\/\/i0.wp.com\/www.gesamtschule-eiserfeld.de\/wp-content\/uploads\/2012\/11\/b5.png?w=800&amp;ssl=1 800w\" sizes=\"auto, (max-width: 303px) 100vw, 303px\" \/><\/a><br \/>\nDa das Hauptziel des Ausflugs eine F\u00f6rderung der literarischen F\u00e4higkeiten der Preistr\u00e4ger war, kam auch diese Seite nicht zu kurz. F\u00fcr ein am zweiten Tag stattfindendes Schreibseminar hatte die Stiftung <a href=\"http:\/\/de.wikipedia.org\/wiki\/Angelika_Overath\" target=\"_blank\">Angelika Overath<\/a>, eine bekannte Schriftstellerin und Journalistin, eingeladen.<br \/>\nDiese zeigte den zehn Jugendlichen durch zahlreiche Beispiele und \u00dcbungen unter anderem, wie man aus wenigen Stichw\u00f6rtern eine koh\u00e4rente Geschichte bildet, wie man m\u00f6glichst viele Informationen indirekt in einen kleinen Text verpackt, und welchen Einfluss die Erz\u00e4hlstruktur auf den Leser hat.<\/p>\n<p style=\"text-align: center;\"><a href=\"https:\/\/i0.wp.com\/gesamtschule-eiserfeld.de\/wp-content\/uploads\/2012\/11\/b6.png\"><img data-recalc-dims=\"1\" loading=\"lazy\" decoding=\"async\" data-attachment-id=\"1517\" data-permalink=\"https:\/\/www.gesamtschule-eiserfeld.de\/?attachment_id=1517\" data-orig-file=\"https:\/\/i0.wp.com\/www.gesamtschule-eiserfeld.de\/wp-content\/uploads\/2012\/11\/b6.png?fit=800%2C450&amp;ssl=1\" data-orig-size=\"800,450\" data-comments-opened=\"0\" data-image-meta=\"{&quot;aperture&quot;:&quot;0&quot;,&quot;credit&quot;:&quot;&quot;,&quot;camera&quot;:&quot;&quot;,&quot;caption&quot;:&quot;&quot;,&quot;created_timestamp&quot;:&quot;0&quot;,&quot;copyright&quot;:&quot;&quot;,&quot;focal_length&quot;:&quot;0&quot;,&quot;iso&quot;:&quot;0&quot;,&quot;shutter_speed&quot;:&quot;0&quot;,&quot;title&quot;:&quot;&quot;}\" data-image-title=\"b6\" data-image-description=\"\" data-image-caption=\"\" data-large-file=\"https:\/\/i0.wp.com\/www.gesamtschule-eiserfeld.de\/wp-content\/uploads\/2012\/11\/b6.png?fit=474%2C267&amp;ssl=1\" class=\" wp-image-1517 aligncenter\" title=\"2012\" src=\"https:\/\/i0.wp.com\/gesamtschule-eiserfeld.de\/wp-content\/uploads\/2012\/11\/b6-300x168.png?resize=474%2C265\" alt=\"\" width=\"474\" height=\"265\" \/><\/a><br \/>\nNach mehreren Stunden gab es dabei nur wenige Pausen, um den rauchenden K\u00f6pfen und<br \/>\nschmerzenden H\u00e4nden der tapferen Schreiber eine Erholung zu g\u00f6nnen, denn das<br \/>\nTagesprogramm war eng gestrickt.<br \/>\nSo kam in den drei Tagen ihres Aufenthalts keine Langeweile bei den Zehn auf \u2013 st\u00e4ndig<br \/>\nwurden sie auf Trab gehalten, ja, es schien, als drehe sich alles nur um sie. Nicht nur einem wurde angesichts dieses Aufwands, der f\u00fcr sie alle bereitet wurde, und f\u00fcr den sie nicht einmal bezahlen mussten, hin und wieder leicht schwindelig.<br \/>\nAm letzten Tag wurde dann noch das Geburtshaus Schillers besucht, dessen Augen schon<br \/>\nvorher st\u00e4ndig auf ihnen gelegen hatten \u2013 denn der Schiller-Park in Marbach bildet das<br \/>\nZentrum f\u00fcr den Komplex aus Literaturarchiv, Schillermuseum und Bibliothek, und jeder<br \/>\nBesucher kommt nicht umhin, der \u00fcber allem thronenden Statue des Meisters Respekt zu<br \/>\nzollen.<\/p>\n<p><a href=\"https:\/\/i0.wp.com\/gesamtschule-eiserfeld.de\/wp-content\/uploads\/2012\/11\/b7.png\"><img data-recalc-dims=\"1\" loading=\"lazy\" decoding=\"async\" data-attachment-id=\"1518\" data-permalink=\"https:\/\/www.gesamtschule-eiserfeld.de\/?attachment_id=1518\" data-orig-file=\"https:\/\/i0.wp.com\/www.gesamtschule-eiserfeld.de\/wp-content\/uploads\/2012\/11\/b7.png?fit=1349%2C594&amp;ssl=1\" data-orig-size=\"1349,594\" data-comments-opened=\"0\" data-image-meta=\"{&quot;aperture&quot;:&quot;0&quot;,&quot;credit&quot;:&quot;&quot;,&quot;camera&quot;:&quot;&quot;,&quot;caption&quot;:&quot;&quot;,&quot;created_timestamp&quot;:&quot;0&quot;,&quot;copyright&quot;:&quot;&quot;,&quot;focal_length&quot;:&quot;0&quot;,&quot;iso&quot;:&quot;0&quot;,&quot;shutter_speed&quot;:&quot;0&quot;,&quot;title&quot;:&quot;&quot;}\" data-image-title=\"b7\" data-image-description=\"\" data-image-caption=\"\" data-large-file=\"https:\/\/i0.wp.com\/www.gesamtschule-eiserfeld.de\/wp-content\/uploads\/2012\/11\/b7.png?fit=474%2C208&amp;ssl=1\" class=\"alignnone size-large wp-image-1518\" title=\"Statue\" src=\"https:\/\/i0.wp.com\/gesamtschule-eiserfeld.de\/wp-content\/uploads\/2012\/11\/b7-1024x450.png?resize=474%2C208\" alt=\"\" width=\"474\" height=\"208\" srcset=\"https:\/\/i0.wp.com\/www.gesamtschule-eiserfeld.de\/wp-content\/uploads\/2012\/11\/b7.png?resize=1024%2C450&amp;ssl=1 1024w, https:\/\/i0.wp.com\/www.gesamtschule-eiserfeld.de\/wp-content\/uploads\/2012\/11\/b7.png?resize=300%2C132&amp;ssl=1 300w, https:\/\/i0.wp.com\/www.gesamtschule-eiserfeld.de\/wp-content\/uploads\/2012\/11\/b7.png?w=1349&amp;ssl=1 1349w, https:\/\/i0.wp.com\/www.gesamtschule-eiserfeld.de\/wp-content\/uploads\/2012\/11\/b7.png?w=948&amp;ssl=1 948w\" sizes=\"auto, (max-width: 474px) 100vw, 474px\" \/><\/a><br \/>\nIn Erwartung des baldigen Abschieds wurde vor dem Geburtshaus noch ein Erinnerungsfoto geschossen.<br \/>\nVon links nach rechts: Dr. R\u00fccker, Dr. Derpmann, Franka Gewehr aus K\u00f6ln, Jannik Zuther,<br \/>\nPhilipp Klaus aus Aachen, Jens Storp aus Recklinghausen, Benedict Dahm aus Olpe, Barbara Steffen aus Dortmund, Mona Schauties aus Halle, Klara R\u00fche aus Geseke, Johanna Gremme aus D\u00fclmen, Herr Kienzle, und zwei weitere Betreuerinnen der Stiftung.<\/p>\n<p><a href=\"https:\/\/i0.wp.com\/gesamtschule-eiserfeld.de\/wp-content\/uploads\/2012\/11\/bibild.png\"><img data-recalc-dims=\"1\" loading=\"lazy\" decoding=\"async\" data-attachment-id=\"1519\" data-permalink=\"https:\/\/www.gesamtschule-eiserfeld.de\/?attachment_id=1519\" data-orig-file=\"https:\/\/i0.wp.com\/www.gesamtschule-eiserfeld.de\/wp-content\/uploads\/2012\/11\/bibild.png?fit=800%2C571&amp;ssl=1\" data-orig-size=\"800,571\" data-comments-opened=\"0\" data-image-meta=\"{&quot;aperture&quot;:&quot;0&quot;,&quot;credit&quot;:&quot;&quot;,&quot;camera&quot;:&quot;&quot;,&quot;caption&quot;:&quot;&quot;,&quot;created_timestamp&quot;:&quot;0&quot;,&quot;copyright&quot;:&quot;&quot;,&quot;focal_length&quot;:&quot;0&quot;,&quot;iso&quot;:&quot;0&quot;,&quot;shutter_speed&quot;:&quot;0&quot;,&quot;title&quot;:&quot;&quot;}\" data-image-title=\"bibild\" data-image-description=\"\" data-image-caption=\"\" data-large-file=\"https:\/\/i0.wp.com\/www.gesamtschule-eiserfeld.de\/wp-content\/uploads\/2012\/11\/bibild.png?fit=474%2C338&amp;ssl=1\" class=\"alignnone  wp-image-1519\" title=\"Preistraeger\" src=\"https:\/\/i0.wp.com\/gesamtschule-eiserfeld.de\/wp-content\/uploads\/2012\/11\/bibild.png?resize=474%2C318\" alt=\"\" width=\"474\" height=\"318\" \/><\/a><br \/>\nEin interessanter weiterer Fakt: Bis auf Jannik sind alle Gewinner Gymnasiasten, was jedoch f\u00fcr keinerlei Unfrieden sorgte. \u00dcberhaupt kamen alle sehr gut mit einander aus, und die Abende wurden genutzt, um sich in kleiner Runde gegenseitig mitgebrachte Texte vorzulesen.<br \/>\nBei der Trennung am Bahnhof waren sich alle einig: Die Fahrt war jede Minute wert<br \/>\ngewesen, und so viel Literatur auf einmal hatten sie alle bisher selten erlebt.<br \/>\nF\u00fcr keinen von ihnen war es wirklich das Ende, denn durch die drei Tage Anleitung waren sie nun jeder perfekt auf den Beginn ihrer eigenen schriftstellerischen Karriere vorbereitet \u2013<br \/>\n\u201eUnd vielleicht haben wir ja dann irgendwann auch Manuskripte von euch im Archiv.\u201c,<br \/>\nwar auch das gewesen, was w\u00e4hrend ihres Ausflugs immer wieder zu h\u00f6ren bekamen.<br \/>\nWer das Essay von Jannik gerne lesen und ggf. weitere Infos dazu bekommen w\u00fcrde, kann es<br \/>\nsich <a href=\"http:\/\/dreamspace-melancholy.net\/jannik\/2012\/11\/14\/der-ewige-kampf\/\" target=\"_blank\">hier<\/a>, auf seiner Homepage, ansehen und auch herunterladen.<\/p>\n","protected":false},"excerpt":{"rendered":"<p>[14.11.2012 J. Zuther] &#8230;durften Jannik Zuther, Jahrgang 13 der GEE, und die neun anderen Gewinner des Essay-Wettbewerbs 2012 der Berkenkamp-Stiftung vier Oktobertage lang genie\u00dfen. Die Stiftung, die seit 2005 j\u00e4hrlich einen NRW-weiten Schreibwettbewerb veranstaltet, an dem sich Sch\u00fcler des 10. \u2013 13. Schuljahres beteiligen d\u00fcrfen, hat auch im Jahr 2012 wieder Einsendungen von vielen Schulen &hellip; <a href=\"https:\/\/www.gesamtschule-eiserfeld.de\/?p=1511\" class=\"more-link\"><span class=\"screen-reader-text\">110% Literatur unter den Augen des Dichterf\u00fcrsten&#8230;<\/span> weiterlesen <span class=\"meta-nav\">&rarr;<\/span><\/a><\/p>\n","protected":false},"author":9,"featured_media":1546,"comment_status":"closed","ping_status":"open","sticky":false,"template":"","format":"standard","meta":{"jetpack_post_was_ever_published":false,"_jetpack_newsletter_access":"","_jetpack_dont_email_post_to_subs":false,"_jetpack_newsletter_tier_id":0,"_jetpack_memberships_contains_paywalled_content":false,"_jetpack_memberships_contains_paid_content":false,"footnotes":"","jetpack_publicize_message":"","jetpack_publicize_feature_enabled":true,"jetpack_social_post_already_shared":false,"jetpack_social_options":{"image_generator_settings":{"template":"highway","default_image_id":0,"font":"","enabled":false},"version":2}},"categories":[1,39],"tags":[],"class_list":["post-1511","post","type-post","status-publish","format-standard","has-post-thumbnail","hentry","category-allgemein","category-ehrungen"],"yoast_head":"<!-- This site is optimized with the Yoast SEO plugin v27.4 - https:\/\/yoast.com\/product\/yoast-seo-wordpress\/ -->\n<title>110% Literatur unter den Augen des Dichterf\u00fcrsten... - Gesamtschule Eiserfeld<\/title>\n<meta name=\"robots\" content=\"index, follow, max-snippet:-1, max-image-preview:large, max-video-preview:-1\" \/>\n<link rel=\"canonical\" href=\"https:\/\/www.gesamtschule-eiserfeld.de\/?p=1511\" \/>\n<meta property=\"og:locale\" content=\"de_DE\" \/>\n<meta property=\"og:type\" content=\"article\" \/>\n<meta property=\"og:title\" content=\"110% Literatur unter den Augen des Dichterf\u00fcrsten... - Gesamtschule Eiserfeld\" \/>\n<meta property=\"og:description\" content=\"[14.11.2012 J. Zuther] &#8230;durften Jannik Zuther, Jahrgang 13 der GEE, und die neun anderen Gewinner des Essay-Wettbewerbs 2012 der Berkenkamp-Stiftung vier Oktobertage lang genie\u00dfen. Die Stiftung, die seit 2005 j\u00e4hrlich einen NRW-weiten Schreibwettbewerb veranstaltet, an dem sich Sch\u00fcler des 10. \u2013 13. Schuljahres beteiligen d\u00fcrfen, hat auch im Jahr 2012 wieder Einsendungen von vielen Schulen &hellip; 110% Literatur unter den Augen des Dichterf\u00fcrsten&#8230; weiterlesen &rarr;\" \/>\n<meta property=\"og:url\" content=\"https:\/\/www.gesamtschule-eiserfeld.de\/?p=1511\" \/>\n<meta property=\"og:site_name\" content=\"Gesamtschule Eiserfeld\" \/>\n<meta property=\"article:publisher\" content=\"https:\/\/www.facebook.com\/GEEiserfeld\" \/>\n<meta property=\"article:published_time\" content=\"2012-11-14T13:22:19+00:00\" \/>\n<meta property=\"article:modified_time\" content=\"2012-11-25T19:54:44+00:00\" \/>\n<meta property=\"og:image\" content=\"https:\/\/i2.wp.com\/www.gesamtschule-eiserfeld.de\/wp-content\/uploads\/2012\/11\/Artikelbild1.jpg?fit=1349%2C594&ssl=1\" \/>\n\t<meta property=\"og:image:width\" content=\"1349\" \/>\n\t<meta property=\"og:image:height\" content=\"594\" \/>\n\t<meta property=\"og:image:type\" content=\"image\/jpeg\" \/>\n<meta name=\"author\" content=\"dorw\" \/>\n<meta name=\"twitter:card\" content=\"summary_large_image\" \/>\n<meta name=\"twitter:label1\" content=\"Verfasst von\" \/>\n\t<meta name=\"twitter:data1\" content=\"dorw\" \/>\n\t<meta name=\"twitter:label2\" content=\"Gesch\u00e4tzte Lesezeit\" \/>\n\t<meta name=\"twitter:data2\" content=\"4\u00a0Minuten\" \/>\n<script type=\"application\/ld+json\" class=\"yoast-schema-graph\">{\"@context\":\"https:\\\/\\\/schema.org\",\"@graph\":[{\"@type\":\"Article\",\"@id\":\"https:\\\/\\\/www.gesamtschule-eiserfeld.de\\\/?p=1511#article\",\"isPartOf\":{\"@id\":\"https:\\\/\\\/www.gesamtschule-eiserfeld.de\\\/?p=1511\"},\"author\":{\"name\":\"dorw\",\"@id\":\"https:\\\/\\\/www.gesamtschule-eiserfeld.de\\\/#\\\/schema\\\/person\\\/9f37123dd2ff514a1346db435bdb3784\"},\"headline\":\"110% Literatur unter den Augen des Dichterf\u00fcrsten&#8230;\",\"datePublished\":\"2012-11-14T13:22:19+00:00\",\"dateModified\":\"2012-11-25T19:54:44+00:00\",\"mainEntityOfPage\":{\"@id\":\"https:\\\/\\\/www.gesamtschule-eiserfeld.de\\\/?p=1511\"},\"wordCount\":722,\"publisher\":{\"@id\":\"https:\\\/\\\/www.gesamtschule-eiserfeld.de\\\/#organization\"},\"image\":{\"@id\":\"https:\\\/\\\/www.gesamtschule-eiserfeld.de\\\/?p=1511#primaryimage\"},\"thumbnailUrl\":\"https:\\\/\\\/i0.wp.com\\\/www.gesamtschule-eiserfeld.de\\\/wp-content\\\/uploads\\\/2012\\\/11\\\/Artikelbild1.jpg?fit=1349%2C594&ssl=1\",\"articleSection\":{\"1\":\"Ehrungen\"},\"inLanguage\":\"de\"},{\"@type\":\"WebPage\",\"@id\":\"https:\\\/\\\/www.gesamtschule-eiserfeld.de\\\/?p=1511\",\"url\":\"https:\\\/\\\/www.gesamtschule-eiserfeld.de\\\/?p=1511\",\"name\":\"110% Literatur unter den Augen des Dichterf\u00fcrsten... - Gesamtschule Eiserfeld\",\"isPartOf\":{\"@id\":\"https:\\\/\\\/www.gesamtschule-eiserfeld.de\\\/#website\"},\"primaryImageOfPage\":{\"@id\":\"https:\\\/\\\/www.gesamtschule-eiserfeld.de\\\/?p=1511#primaryimage\"},\"image\":{\"@id\":\"https:\\\/\\\/www.gesamtschule-eiserfeld.de\\\/?p=1511#primaryimage\"},\"thumbnailUrl\":\"https:\\\/\\\/i0.wp.com\\\/www.gesamtschule-eiserfeld.de\\\/wp-content\\\/uploads\\\/2012\\\/11\\\/Artikelbild1.jpg?fit=1349%2C594&ssl=1\",\"datePublished\":\"2012-11-14T13:22:19+00:00\",\"dateModified\":\"2012-11-25T19:54:44+00:00\",\"breadcrumb\":{\"@id\":\"https:\\\/\\\/www.gesamtschule-eiserfeld.de\\\/?p=1511#breadcrumb\"},\"inLanguage\":\"de\",\"potentialAction\":[{\"@type\":\"ReadAction\",\"target\":[\"https:\\\/\\\/www.gesamtschule-eiserfeld.de\\\/?p=1511\"]}]},{\"@type\":\"ImageObject\",\"inLanguage\":\"de\",\"@id\":\"https:\\\/\\\/www.gesamtschule-eiserfeld.de\\\/?p=1511#primaryimage\",\"url\":\"https:\\\/\\\/i0.wp.com\\\/www.gesamtschule-eiserfeld.de\\\/wp-content\\\/uploads\\\/2012\\\/11\\\/Artikelbild1.jpg?fit=1349%2C594&ssl=1\",\"contentUrl\":\"https:\\\/\\\/i0.wp.com\\\/www.gesamtschule-eiserfeld.de\\\/wp-content\\\/uploads\\\/2012\\\/11\\\/Artikelbild1.jpg?fit=1349%2C594&ssl=1\",\"width\":\"1349\",\"height\":\"594\"},{\"@type\":\"BreadcrumbList\",\"@id\":\"https:\\\/\\\/www.gesamtschule-eiserfeld.de\\\/?p=1511#breadcrumb\",\"itemListElement\":[{\"@type\":\"ListItem\",\"position\":1,\"name\":\"Startseite\",\"item\":\"https:\\\/\\\/www.gesamtschule-eiserfeld.de\\\/\"},{\"@type\":\"ListItem\",\"position\":2,\"name\":\"110% Literatur unter den Augen des Dichterf\u00fcrsten&#8230;\"}]},{\"@type\":\"WebSite\",\"@id\":\"https:\\\/\\\/www.gesamtschule-eiserfeld.de\\\/#website\",\"url\":\"https:\\\/\\\/www.gesamtschule-eiserfeld.de\\\/\",\"name\":\"Gesamtschule Eiserfeld\",\"description\":\"\",\"publisher\":{\"@id\":\"https:\\\/\\\/www.gesamtschule-eiserfeld.de\\\/#organization\"},\"potentialAction\":[{\"@type\":\"SearchAction\",\"target\":{\"@type\":\"EntryPoint\",\"urlTemplate\":\"https:\\\/\\\/www.gesamtschule-eiserfeld.de\\\/?s={search_term_string}\"},\"query-input\":{\"@type\":\"PropertyValueSpecification\",\"valueRequired\":true,\"valueName\":\"search_term_string\"}}],\"inLanguage\":\"de\"},{\"@type\":\"Organization\",\"@id\":\"https:\\\/\\\/www.gesamtschule-eiserfeld.de\\\/#organization\",\"name\":\"Gesamtschule Eiserfeld\",\"url\":\"https:\\\/\\\/www.gesamtschule-eiserfeld.de\\\/\",\"logo\":{\"@type\":\"ImageObject\",\"inLanguage\":\"de\",\"@id\":\"https:\\\/\\\/www.gesamtschule-eiserfeld.de\\\/#\\\/schema\\\/logo\\\/image\\\/\",\"url\":\"https:\\\/\\\/i1.wp.com\\\/www.gesamtschule-eiserfeld.de\\\/wp-content\\\/uploads\\\/2019\\\/01\\\/GEE-Logo-neu.jpg?fit=436%2C126&ssl=1\",\"contentUrl\":\"https:\\\/\\\/i1.wp.com\\\/www.gesamtschule-eiserfeld.de\\\/wp-content\\\/uploads\\\/2019\\\/01\\\/GEE-Logo-neu.jpg?fit=436%2C126&ssl=1\",\"width\":436,\"height\":126,\"caption\":\"Gesamtschule Eiserfeld\"},\"image\":{\"@id\":\"https:\\\/\\\/www.gesamtschule-eiserfeld.de\\\/#\\\/schema\\\/logo\\\/image\\\/\"},\"sameAs\":[\"https:\\\/\\\/www.facebook.com\\\/GEEiserfeld\"]},{\"@type\":\"Person\",\"@id\":\"https:\\\/\\\/www.gesamtschule-eiserfeld.de\\\/#\\\/schema\\\/person\\\/9f37123dd2ff514a1346db435bdb3784\",\"name\":\"dorw\",\"sameAs\":[\"http:\\\/\\\/www.ge-eiserfeld.de\"],\"url\":\"https:\\\/\\\/www.gesamtschule-eiserfeld.de\\\/?author=9\"}]}<\/script>\n<!-- \/ Yoast SEO plugin. -->","yoast_head_json":{"title":"110% Literatur unter den Augen des Dichterf\u00fcrsten... - Gesamtschule Eiserfeld","robots":{"index":"index","follow":"follow","max-snippet":"max-snippet:-1","max-image-preview":"max-image-preview:large","max-video-preview":"max-video-preview:-1"},"canonical":"https:\/\/www.gesamtschule-eiserfeld.de\/?p=1511","og_locale":"de_DE","og_type":"article","og_title":"110% Literatur unter den Augen des Dichterf\u00fcrsten... - Gesamtschule Eiserfeld","og_description":"[14.11.2012 J. Zuther] &#8230;durften Jannik Zuther, Jahrgang 13 der GEE, und die neun anderen Gewinner des Essay-Wettbewerbs 2012 der Berkenkamp-Stiftung vier Oktobertage lang genie\u00dfen. Die Stiftung, die seit 2005 j\u00e4hrlich einen NRW-weiten Schreibwettbewerb veranstaltet, an dem sich Sch\u00fcler des 10. \u2013 13. Schuljahres beteiligen d\u00fcrfen, hat auch im Jahr 2012 wieder Einsendungen von vielen Schulen &hellip; 110% Literatur unter den Augen des Dichterf\u00fcrsten&#8230; weiterlesen &rarr;","og_url":"https:\/\/www.gesamtschule-eiserfeld.de\/?p=1511","og_site_name":"Gesamtschule Eiserfeld","article_publisher":"https:\/\/www.facebook.com\/GEEiserfeld","article_published_time":"2012-11-14T13:22:19+00:00","article_modified_time":"2012-11-25T19:54:44+00:00","og_image":[{"width":1349,"height":594,"url":"https:\/\/i2.wp.com\/www.gesamtschule-eiserfeld.de\/wp-content\/uploads\/2012\/11\/Artikelbild1.jpg?fit=1349%2C594&ssl=1","type":"image\/jpeg"}],"author":"dorw","twitter_card":"summary_large_image","twitter_misc":{"Verfasst von":"dorw","Gesch\u00e4tzte Lesezeit":"4\u00a0Minuten"},"schema":{"@context":"https:\/\/schema.org","@graph":[{"@type":"Article","@id":"https:\/\/www.gesamtschule-eiserfeld.de\/?p=1511#article","isPartOf":{"@id":"https:\/\/www.gesamtschule-eiserfeld.de\/?p=1511"},"author":{"name":"dorw","@id":"https:\/\/www.gesamtschule-eiserfeld.de\/#\/schema\/person\/9f37123dd2ff514a1346db435bdb3784"},"headline":"110% Literatur unter den Augen des Dichterf\u00fcrsten&#8230;","datePublished":"2012-11-14T13:22:19+00:00","dateModified":"2012-11-25T19:54:44+00:00","mainEntityOfPage":{"@id":"https:\/\/www.gesamtschule-eiserfeld.de\/?p=1511"},"wordCount":722,"publisher":{"@id":"https:\/\/www.gesamtschule-eiserfeld.de\/#organization"},"image":{"@id":"https:\/\/www.gesamtschule-eiserfeld.de\/?p=1511#primaryimage"},"thumbnailUrl":"https:\/\/i0.wp.com\/www.gesamtschule-eiserfeld.de\/wp-content\/uploads\/2012\/11\/Artikelbild1.jpg?fit=1349%2C594&ssl=1","articleSection":{"1":"Ehrungen"},"inLanguage":"de"},{"@type":"WebPage","@id":"https:\/\/www.gesamtschule-eiserfeld.de\/?p=1511","url":"https:\/\/www.gesamtschule-eiserfeld.de\/?p=1511","name":"110% Literatur unter den Augen des Dichterf\u00fcrsten... - Gesamtschule Eiserfeld","isPartOf":{"@id":"https:\/\/www.gesamtschule-eiserfeld.de\/#website"},"primaryImageOfPage":{"@id":"https:\/\/www.gesamtschule-eiserfeld.de\/?p=1511#primaryimage"},"image":{"@id":"https:\/\/www.gesamtschule-eiserfeld.de\/?p=1511#primaryimage"},"thumbnailUrl":"https:\/\/i0.wp.com\/www.gesamtschule-eiserfeld.de\/wp-content\/uploads\/2012\/11\/Artikelbild1.jpg?fit=1349%2C594&ssl=1","datePublished":"2012-11-14T13:22:19+00:00","dateModified":"2012-11-25T19:54:44+00:00","breadcrumb":{"@id":"https:\/\/www.gesamtschule-eiserfeld.de\/?p=1511#breadcrumb"},"inLanguage":"de","potentialAction":[{"@type":"ReadAction","target":["https:\/\/www.gesamtschule-eiserfeld.de\/?p=1511"]}]},{"@type":"ImageObject","inLanguage":"de","@id":"https:\/\/www.gesamtschule-eiserfeld.de\/?p=1511#primaryimage","url":"https:\/\/i0.wp.com\/www.gesamtschule-eiserfeld.de\/wp-content\/uploads\/2012\/11\/Artikelbild1.jpg?fit=1349%2C594&ssl=1","contentUrl":"https:\/\/i0.wp.com\/www.gesamtschule-eiserfeld.de\/wp-content\/uploads\/2012\/11\/Artikelbild1.jpg?fit=1349%2C594&ssl=1","width":"1349","height":"594"},{"@type":"BreadcrumbList","@id":"https:\/\/www.gesamtschule-eiserfeld.de\/?p=1511#breadcrumb","itemListElement":[{"@type":"ListItem","position":1,"name":"Startseite","item":"https:\/\/www.gesamtschule-eiserfeld.de\/"},{"@type":"ListItem","position":2,"name":"110% Literatur unter den Augen des Dichterf\u00fcrsten&#8230;"}]},{"@type":"WebSite","@id":"https:\/\/www.gesamtschule-eiserfeld.de\/#website","url":"https:\/\/www.gesamtschule-eiserfeld.de\/","name":"Gesamtschule Eiserfeld","description":"","publisher":{"@id":"https:\/\/www.gesamtschule-eiserfeld.de\/#organization"},"potentialAction":[{"@type":"SearchAction","target":{"@type":"EntryPoint","urlTemplate":"https:\/\/www.gesamtschule-eiserfeld.de\/?s={search_term_string}"},"query-input":{"@type":"PropertyValueSpecification","valueRequired":true,"valueName":"search_term_string"}}],"inLanguage":"de"},{"@type":"Organization","@id":"https:\/\/www.gesamtschule-eiserfeld.de\/#organization","name":"Gesamtschule Eiserfeld","url":"https:\/\/www.gesamtschule-eiserfeld.de\/","logo":{"@type":"ImageObject","inLanguage":"de","@id":"https:\/\/www.gesamtschule-eiserfeld.de\/#\/schema\/logo\/image\/","url":"https:\/\/i1.wp.com\/www.gesamtschule-eiserfeld.de\/wp-content\/uploads\/2019\/01\/GEE-Logo-neu.jpg?fit=436%2C126&ssl=1","contentUrl":"https:\/\/i1.wp.com\/www.gesamtschule-eiserfeld.de\/wp-content\/uploads\/2019\/01\/GEE-Logo-neu.jpg?fit=436%2C126&ssl=1","width":436,"height":126,"caption":"Gesamtschule Eiserfeld"},"image":{"@id":"https:\/\/www.gesamtschule-eiserfeld.de\/#\/schema\/logo\/image\/"},"sameAs":["https:\/\/www.facebook.com\/GEEiserfeld"]},{"@type":"Person","@id":"https:\/\/www.gesamtschule-eiserfeld.de\/#\/schema\/person\/9f37123dd2ff514a1346db435bdb3784","name":"dorw","sameAs":["http:\/\/www.ge-eiserfeld.de"],"url":"https:\/\/www.gesamtschule-eiserfeld.de\/?author=9"}]}},"jetpack_publicize_connections":[],"jetpack_featured_media_url":"https:\/\/i0.wp.com\/www.gesamtschule-eiserfeld.de\/wp-content\/uploads\/2012\/11\/Artikelbild1.jpg?fit=1349%2C594&ssl=1","jetpack_shortlink":"https:\/\/wp.me\/p2weeL-on","jetpack_sharing_enabled":true,"_links":{"self":[{"href":"https:\/\/www.gesamtschule-eiserfeld.de\/index.php?rest_route=\/wp\/v2\/posts\/1511","targetHints":{"allow":["GET"]}}],"collection":[{"href":"https:\/\/www.gesamtschule-eiserfeld.de\/index.php?rest_route=\/wp\/v2\/posts"}],"about":[{"href":"https:\/\/www.gesamtschule-eiserfeld.de\/index.php?rest_route=\/wp\/v2\/types\/post"}],"author":[{"embeddable":true,"href":"https:\/\/www.gesamtschule-eiserfeld.de\/index.php?rest_route=\/wp\/v2\/users\/9"}],"replies":[{"embeddable":true,"href":"https:\/\/www.gesamtschule-eiserfeld.de\/index.php?rest_route=%2Fwp%2Fv2%2Fcomments&post=1511"}],"version-history":[{"count":0,"href":"https:\/\/www.gesamtschule-eiserfeld.de\/index.php?rest_route=\/wp\/v2\/posts\/1511\/revisions"}],"wp:featuredmedia":[{"embeddable":true,"href":"https:\/\/www.gesamtschule-eiserfeld.de\/index.php?rest_route=\/wp\/v2\/media\/1546"}],"wp:attachment":[{"href":"https:\/\/www.gesamtschule-eiserfeld.de\/index.php?rest_route=%2Fwp%2Fv2%2Fmedia&parent=1511"}],"wp:term":[{"taxonomy":"category","embeddable":true,"href":"https:\/\/www.gesamtschule-eiserfeld.de\/index.php?rest_route=%2Fwp%2Fv2%2Fcategories&post=1511"},{"taxonomy":"post_tag","embeddable":true,"href":"https:\/\/www.gesamtschule-eiserfeld.de\/index.php?rest_route=%2Fwp%2Fv2%2Ftags&post=1511"}],"curies":[{"name":"wp","href":"https:\/\/api.w.org\/{rel}","templated":true}]}}