{"id":1730,"date":"2012-11-23T20:58:37","date_gmt":"2012-11-23T19:58:37","guid":{"rendered":"http:\/\/ge-eiserfeld.de\/?p=1730"},"modified":"2012-11-30T21:13:21","modified_gmt":"2012-11-30T20:13:21","slug":"1730","status":"publish","type":"post","link":"https:\/\/www.gesamtschule-eiserfeld.de\/?p=1730","title":{"rendered":"Besuch im Bundesverteidigungsministerium in Bonn"},"content":{"rendered":"<p><a href=\"http:\/\/gesamtschule-eiserfeld.de\/?attachment_id=1731\" rel=\"attachment wp-att-1731\"><img data-recalc-dims=\"1\" loading=\"lazy\" decoding=\"async\" data-attachment-id=\"1731\" data-permalink=\"https:\/\/www.gesamtschule-eiserfeld.de\/?attachment_id=1731\" data-orig-file=\"https:\/\/i0.wp.com\/www.gesamtschule-eiserfeld.de\/wp-content\/uploads\/2012\/11\/foto1-besuch-verteidigungsminist.jpg?fit=432%2C286&amp;ssl=1\" data-orig-size=\"432,286\" data-comments-opened=\"0\" data-image-meta=\"{&quot;aperture&quot;:&quot;0&quot;,&quot;credit&quot;:&quot;&quot;,&quot;camera&quot;:&quot;&quot;,&quot;caption&quot;:&quot;&quot;,&quot;created_timestamp&quot;:&quot;0&quot;,&quot;copyright&quot;:&quot;&quot;,&quot;focal_length&quot;:&quot;0&quot;,&quot;iso&quot;:&quot;0&quot;,&quot;shutter_speed&quot;:&quot;0&quot;,&quot;title&quot;:&quot;&quot;}\" data-image-title=\"foto1-besuch-verteidigungsminist\" data-image-description=\"\" data-image-caption=\"\" data-large-file=\"https:\/\/i0.wp.com\/www.gesamtschule-eiserfeld.de\/wp-content\/uploads\/2012\/11\/foto1-besuch-verteidigungsminist.jpg?fit=432%2C286&amp;ssl=1\" class=\"alignleft  wp-image-1731\" style=\"background-image: none; padding-top: 0px; padding-left: 0px; margin: 0px 10px 0px 0px; display: inline; padding-right: 0px; border: 0px none;\" title=\"foto1-besuch-verteidigungsminist\" src=\"https:\/\/i0.wp.com\/gesamtschule-eiserfeld.de\/wp-content\/uploads\/2012\/11\/foto1-besuch-verteidigungsminist-300x198.jpg?resize=183%2C125\" alt=\"\" width=\"183\" height=\"125\" \/><\/a><span style=\"font-size: x-small;\"><em>[23.11.2012 G.Beyer]<\/em><\/span> Die Vorgaben f\u00fcr das Zentralabitur im Fach Sozialwissenschaften sehen unter anderem die Besch\u00e4ftigung mit dem Thema \u201eInternationale Politik und internationale Konflikte\u201c zwingend vor. Aus diesem Grund waren wir \u00fcber die Einladung des Bundesverteidigungsministeriums in Bonn sehr erfreut, um die Sichtweise der Bundeswehr zu diesem Themenblock aus erster Hand zu erfahren.<\/p>\n<p><!--more--><\/p>\n<p><a href=\"http:\/\/gesamtschule-eiserfeld.de\/?attachment_id=1732\" rel=\"attachment wp-att-1732\"><img data-recalc-dims=\"1\" loading=\"lazy\" decoding=\"async\" data-attachment-id=\"1732\" data-permalink=\"https:\/\/www.gesamtschule-eiserfeld.de\/?attachment_id=1732\" data-orig-file=\"https:\/\/i0.wp.com\/www.gesamtschule-eiserfeld.de\/wp-content\/uploads\/2012\/11\/foto2-besuch-verteidigungsminist.jpg?fit=594%2C390&amp;ssl=1\" data-orig-size=\"594,390\" data-comments-opened=\"0\" data-image-meta=\"{&quot;aperture&quot;:&quot;0&quot;,&quot;credit&quot;:&quot;&quot;,&quot;camera&quot;:&quot;&quot;,&quot;caption&quot;:&quot;&quot;,&quot;created_timestamp&quot;:&quot;0&quot;,&quot;copyright&quot;:&quot;&quot;,&quot;focal_length&quot;:&quot;0&quot;,&quot;iso&quot;:&quot;0&quot;,&quot;shutter_speed&quot;:&quot;0&quot;,&quot;title&quot;:&quot;&quot;}\" data-image-title=\"foto2-besuch-verteidigungsminist\" data-image-description=\"\" data-image-caption=\"\" data-large-file=\"https:\/\/i0.wp.com\/www.gesamtschule-eiserfeld.de\/wp-content\/uploads\/2012\/11\/foto2-besuch-verteidigungsminist.jpg?fit=474%2C311&amp;ssl=1\" class=\"alignright size-medium wp-image-1732\" title=\"foto2-besuch-verteidigungsminist\" src=\"https:\/\/i0.wp.com\/gesamtschule-eiserfeld.de\/wp-content\/uploads\/2012\/11\/foto2-besuch-verteidigungsminist-300x196.jpg?resize=300%2C196\" alt=\"\" width=\"300\" height=\"196\" srcset=\"https:\/\/i0.wp.com\/www.gesamtschule-eiserfeld.de\/wp-content\/uploads\/2012\/11\/foto2-besuch-verteidigungsminist.jpg?resize=300%2C196&amp;ssl=1 300w, https:\/\/i0.wp.com\/www.gesamtschule-eiserfeld.de\/wp-content\/uploads\/2012\/11\/foto2-besuch-verteidigungsminist.jpg?resize=200%2C131&amp;ssl=1 200w, https:\/\/i0.wp.com\/www.gesamtschule-eiserfeld.de\/wp-content\/uploads\/2012\/11\/foto2-besuch-verteidigungsminist.jpg?w=594&amp;ssl=1 594w\" sizes=\"auto, (max-width: 300px) 100vw, 300px\" \/><\/a>Der Sozialwissenschaftskurs der Jahrgangsstufe 13\u00a0traf am 05.11.2012 im\u00a0Besucherzentrum des Bundesverteidigungsministeriums auf der Bonner Hardth\u00f6he ein. Herr Hauptmann Ollinger empfing uns und gestaltete den Vormittag. Im Rahmen eines Vortrages und des sich anschlie\u00dfenden Gespr\u00e4ches konnten wichtige Aspekte des Unterrichts vertieft und erweitert werden. Ein Schwerpunkt der Gespr\u00e4che besch\u00e4ftigte sich mit dem Bundeswehreinsatz in Afghanistan, zu dem auch kontroverse Positionen ausgetauscht wurden.<\/p>\n<p>Auf Einladung des BMVg`s konnte der Kurs das Haus der Geschichte in Bonn besuchen, das einen intensiven Einblick in die Geschichte der Bundesrepublik Deutschland bietet. Neben allgemeinen Bereichen des t\u00e4glichen Lebens lag unser Interesse haupts\u00e4chlich auf der Entwicklung der Au\u00dfenpolitik vor und nach der Wiedervereinigung.<\/p>\n<p>Insgesamt erlebten wir einen interessanten und lehrreichen Tag, an dem erworbenes Wissen aus dem Unterricht aus anderen Augen betrachtet und erweitert werden konnte.<\/p>\n<p>Gunter Beyer<\/p>\n","protected":false},"excerpt":{"rendered":"<p>[23.11.2012 G.Beyer] Die Vorgaben f\u00fcr das Zentralabitur im Fach Sozialwissenschaften sehen unter anderem die Besch\u00e4ftigung mit dem Thema \u201eInternationale Politik und internationale Konflikte\u201c zwingend vor. Aus diesem Grund waren wir \u00fcber die Einladung des Bundesverteidigungsministeriums in Bonn sehr erfreut, um die Sichtweise der Bundeswehr zu diesem Themenblock aus erster Hand zu erfahren.<\/p>\n","protected":false},"author":9,"featured_media":0,"comment_status":"closed","ping_status":"open","sticky":false,"template":"","format":"standard","meta":{"jetpack_post_was_ever_published":false,"_jetpack_newsletter_access":"","_jetpack_dont_email_post_to_subs":false,"_jetpack_newsletter_tier_id":0,"_jetpack_memberships_contains_paywalled_content":false,"_jetpack_memberships_contains_paid_content":false,"footnotes":"","jetpack_publicize_message":"","jetpack_publicize_feature_enabled":true,"jetpack_social_post_already_shared":false,"jetpack_social_options":{"image_generator_settings":{"template":"highway","default_image_id":0,"font":"","enabled":false},"version":2}},"categories":[1,18,26],"tags":[],"class_list":["post-1730","post","type-post","status-publish","format-standard","hentry","category-allgemein","category-exkursion","category-sekundarstufe-ii"],"yoast_head":"<!-- This site is optimized with the Yoast SEO plugin v27.4 - https:\/\/yoast.com\/product\/yoast-seo-wordpress\/ -->\n<title>Besuch im Bundesverteidigungsministerium in Bonn - Gesamtschule Eiserfeld<\/title>\n<meta name=\"robots\" content=\"index, follow, max-snippet:-1, max-image-preview:large, max-video-preview:-1\" \/>\n<link rel=\"canonical\" href=\"https:\/\/www.gesamtschule-eiserfeld.de\/?p=1730\" \/>\n<meta property=\"og:locale\" content=\"de_DE\" \/>\n<meta property=\"og:type\" content=\"article\" \/>\n<meta property=\"og:title\" content=\"Besuch im Bundesverteidigungsministerium in Bonn - Gesamtschule Eiserfeld\" \/>\n<meta property=\"og:description\" content=\"[23.11.2012 G.Beyer] Die Vorgaben f\u00fcr das Zentralabitur im Fach Sozialwissenschaften sehen unter anderem die Besch\u00e4ftigung mit dem Thema \u201eInternationale Politik und internationale Konflikte\u201c zwingend vor. Aus diesem Grund waren wir \u00fcber die Einladung des Bundesverteidigungsministeriums in Bonn sehr erfreut, um die Sichtweise der Bundeswehr zu diesem Themenblock aus erster Hand zu erfahren.\" \/>\n<meta property=\"og:url\" content=\"https:\/\/www.gesamtschule-eiserfeld.de\/?p=1730\" \/>\n<meta property=\"og:site_name\" content=\"Gesamtschule Eiserfeld\" \/>\n<meta property=\"article:publisher\" content=\"https:\/\/www.facebook.com\/GEEiserfeld\" \/>\n<meta property=\"article:published_time\" content=\"2012-11-23T19:58:37+00:00\" \/>\n<meta property=\"article:modified_time\" content=\"2012-11-30T20:13:21+00:00\" \/>\n<meta property=\"og:image\" content=\"http:\/\/gesamtschule-eiserfeld.de\/wp-content\/uploads\/2012\/11\/foto1-besuch-verteidigungsminist-300x198.jpg\" \/>\n<meta name=\"author\" content=\"dorw\" \/>\n<meta name=\"twitter:card\" content=\"summary_large_image\" \/>\n<meta name=\"twitter:label1\" content=\"Verfasst von\" \/>\n\t<meta name=\"twitter:data1\" content=\"dorw\" \/>\n\t<meta name=\"twitter:label2\" content=\"Gesch\u00e4tzte Lesezeit\" \/>\n\t<meta name=\"twitter:data2\" content=\"1\u00a0Minute\" \/>\n<script type=\"application\/ld+json\" class=\"yoast-schema-graph\">{\"@context\":\"https:\\\/\\\/schema.org\",\"@graph\":[{\"@type\":\"Article\",\"@id\":\"https:\\\/\\\/www.gesamtschule-eiserfeld.de\\\/?p=1730#article\",\"isPartOf\":{\"@id\":\"https:\\\/\\\/www.gesamtschule-eiserfeld.de\\\/?p=1730\"},\"author\":{\"name\":\"dorw\",\"@id\":\"https:\\\/\\\/www.gesamtschule-eiserfeld.de\\\/#\\\/schema\\\/person\\\/9f37123dd2ff514a1346db435bdb3784\"},\"headline\":\"Besuch im Bundesverteidigungsministerium in Bonn\",\"datePublished\":\"2012-11-23T19:58:37+00:00\",\"dateModified\":\"2012-11-30T20:13:21+00:00\",\"mainEntityOfPage\":{\"@id\":\"https:\\\/\\\/www.gesamtschule-eiserfeld.de\\\/?p=1730\"},\"wordCount\":198,\"publisher\":{\"@id\":\"https:\\\/\\\/www.gesamtschule-eiserfeld.de\\\/#organization\"},\"image\":{\"@id\":\"https:\\\/\\\/www.gesamtschule-eiserfeld.de\\\/?p=1730#primaryimage\"},\"thumbnailUrl\":\"http:\\\/\\\/gesamtschule-eiserfeld.de\\\/wp-content\\\/uploads\\\/2012\\\/11\\\/foto1-besuch-verteidigungsminist-300x198.jpg\",\"articleSection\":{\"1\":\"Exkursion\",\"2\":\"Sekundarstufe II\"},\"inLanguage\":\"de\"},{\"@type\":\"WebPage\",\"@id\":\"https:\\\/\\\/www.gesamtschule-eiserfeld.de\\\/?p=1730\",\"url\":\"https:\\\/\\\/www.gesamtschule-eiserfeld.de\\\/?p=1730\",\"name\":\"Besuch im Bundesverteidigungsministerium in Bonn - Gesamtschule Eiserfeld\",\"isPartOf\":{\"@id\":\"https:\\\/\\\/www.gesamtschule-eiserfeld.de\\\/#website\"},\"primaryImageOfPage\":{\"@id\":\"https:\\\/\\\/www.gesamtschule-eiserfeld.de\\\/?p=1730#primaryimage\"},\"image\":{\"@id\":\"https:\\\/\\\/www.gesamtschule-eiserfeld.de\\\/?p=1730#primaryimage\"},\"thumbnailUrl\":\"http:\\\/\\\/gesamtschule-eiserfeld.de\\\/wp-content\\\/uploads\\\/2012\\\/11\\\/foto1-besuch-verteidigungsminist-300x198.jpg\",\"datePublished\":\"2012-11-23T19:58:37+00:00\",\"dateModified\":\"2012-11-30T20:13:21+00:00\",\"breadcrumb\":{\"@id\":\"https:\\\/\\\/www.gesamtschule-eiserfeld.de\\\/?p=1730#breadcrumb\"},\"inLanguage\":\"de\",\"potentialAction\":[{\"@type\":\"ReadAction\",\"target\":[\"https:\\\/\\\/www.gesamtschule-eiserfeld.de\\\/?p=1730\"]}]},{\"@type\":\"ImageObject\",\"inLanguage\":\"de\",\"@id\":\"https:\\\/\\\/www.gesamtschule-eiserfeld.de\\\/?p=1730#primaryimage\",\"url\":\"http:\\\/\\\/gesamtschule-eiserfeld.de\\\/wp-content\\\/uploads\\\/2012\\\/11\\\/foto1-besuch-verteidigungsminist-300x198.jpg\",\"contentUrl\":\"http:\\\/\\\/gesamtschule-eiserfeld.de\\\/wp-content\\\/uploads\\\/2012\\\/11\\\/foto1-besuch-verteidigungsminist-300x198.jpg\"},{\"@type\":\"BreadcrumbList\",\"@id\":\"https:\\\/\\\/www.gesamtschule-eiserfeld.de\\\/?p=1730#breadcrumb\",\"itemListElement\":[{\"@type\":\"ListItem\",\"position\":1,\"name\":\"Startseite\",\"item\":\"https:\\\/\\\/www.gesamtschule-eiserfeld.de\\\/\"},{\"@type\":\"ListItem\",\"position\":2,\"name\":\"Besuch im Bundesverteidigungsministerium in Bonn\"}]},{\"@type\":\"WebSite\",\"@id\":\"https:\\\/\\\/www.gesamtschule-eiserfeld.de\\\/#website\",\"url\":\"https:\\\/\\\/www.gesamtschule-eiserfeld.de\\\/\",\"name\":\"Gesamtschule Eiserfeld\",\"description\":\"\",\"publisher\":{\"@id\":\"https:\\\/\\\/www.gesamtschule-eiserfeld.de\\\/#organization\"},\"potentialAction\":[{\"@type\":\"SearchAction\",\"target\":{\"@type\":\"EntryPoint\",\"urlTemplate\":\"https:\\\/\\\/www.gesamtschule-eiserfeld.de\\\/?s={search_term_string}\"},\"query-input\":{\"@type\":\"PropertyValueSpecification\",\"valueRequired\":true,\"valueName\":\"search_term_string\"}}],\"inLanguage\":\"de\"},{\"@type\":\"Organization\",\"@id\":\"https:\\\/\\\/www.gesamtschule-eiserfeld.de\\\/#organization\",\"name\":\"Gesamtschule Eiserfeld\",\"url\":\"https:\\\/\\\/www.gesamtschule-eiserfeld.de\\\/\",\"logo\":{\"@type\":\"ImageObject\",\"inLanguage\":\"de\",\"@id\":\"https:\\\/\\\/www.gesamtschule-eiserfeld.de\\\/#\\\/schema\\\/logo\\\/image\\\/\",\"url\":\"https:\\\/\\\/i1.wp.com\\\/www.gesamtschule-eiserfeld.de\\\/wp-content\\\/uploads\\\/2019\\\/01\\\/GEE-Logo-neu.jpg?fit=436%2C126&ssl=1\",\"contentUrl\":\"https:\\\/\\\/i1.wp.com\\\/www.gesamtschule-eiserfeld.de\\\/wp-content\\\/uploads\\\/2019\\\/01\\\/GEE-Logo-neu.jpg?fit=436%2C126&ssl=1\",\"width\":436,\"height\":126,\"caption\":\"Gesamtschule Eiserfeld\"},\"image\":{\"@id\":\"https:\\\/\\\/www.gesamtschule-eiserfeld.de\\\/#\\\/schema\\\/logo\\\/image\\\/\"},\"sameAs\":[\"https:\\\/\\\/www.facebook.com\\\/GEEiserfeld\"]},{\"@type\":\"Person\",\"@id\":\"https:\\\/\\\/www.gesamtschule-eiserfeld.de\\\/#\\\/schema\\\/person\\\/9f37123dd2ff514a1346db435bdb3784\",\"name\":\"dorw\",\"sameAs\":[\"http:\\\/\\\/www.ge-eiserfeld.de\"],\"url\":\"https:\\\/\\\/www.gesamtschule-eiserfeld.de\\\/?author=9\"}]}<\/script>\n<!-- \/ Yoast SEO plugin. -->","yoast_head_json":{"title":"Besuch im Bundesverteidigungsministerium in Bonn - Gesamtschule Eiserfeld","robots":{"index":"index","follow":"follow","max-snippet":"max-snippet:-1","max-image-preview":"max-image-preview:large","max-video-preview":"max-video-preview:-1"},"canonical":"https:\/\/www.gesamtschule-eiserfeld.de\/?p=1730","og_locale":"de_DE","og_type":"article","og_title":"Besuch im Bundesverteidigungsministerium in Bonn - Gesamtschule Eiserfeld","og_description":"[23.11.2012 G.Beyer] Die Vorgaben f\u00fcr das Zentralabitur im Fach Sozialwissenschaften sehen unter anderem die Besch\u00e4ftigung mit dem Thema \u201eInternationale Politik und internationale Konflikte\u201c zwingend vor. Aus diesem Grund waren wir \u00fcber die Einladung des Bundesverteidigungsministeriums in Bonn sehr erfreut, um die Sichtweise der Bundeswehr zu diesem Themenblock aus erster Hand zu erfahren.","og_url":"https:\/\/www.gesamtschule-eiserfeld.de\/?p=1730","og_site_name":"Gesamtschule Eiserfeld","article_publisher":"https:\/\/www.facebook.com\/GEEiserfeld","article_published_time":"2012-11-23T19:58:37+00:00","article_modified_time":"2012-11-30T20:13:21+00:00","og_image":[{"url":"http:\/\/gesamtschule-eiserfeld.de\/wp-content\/uploads\/2012\/11\/foto1-besuch-verteidigungsminist-300x198.jpg","type":"","width":"","height":""}],"author":"dorw","twitter_card":"summary_large_image","twitter_misc":{"Verfasst von":"dorw","Gesch\u00e4tzte Lesezeit":"1\u00a0Minute"},"schema":{"@context":"https:\/\/schema.org","@graph":[{"@type":"Article","@id":"https:\/\/www.gesamtschule-eiserfeld.de\/?p=1730#article","isPartOf":{"@id":"https:\/\/www.gesamtschule-eiserfeld.de\/?p=1730"},"author":{"name":"dorw","@id":"https:\/\/www.gesamtschule-eiserfeld.de\/#\/schema\/person\/9f37123dd2ff514a1346db435bdb3784"},"headline":"Besuch im Bundesverteidigungsministerium in Bonn","datePublished":"2012-11-23T19:58:37+00:00","dateModified":"2012-11-30T20:13:21+00:00","mainEntityOfPage":{"@id":"https:\/\/www.gesamtschule-eiserfeld.de\/?p=1730"},"wordCount":198,"publisher":{"@id":"https:\/\/www.gesamtschule-eiserfeld.de\/#organization"},"image":{"@id":"https:\/\/www.gesamtschule-eiserfeld.de\/?p=1730#primaryimage"},"thumbnailUrl":"http:\/\/gesamtschule-eiserfeld.de\/wp-content\/uploads\/2012\/11\/foto1-besuch-verteidigungsminist-300x198.jpg","articleSection":{"1":"Exkursion","2":"Sekundarstufe II"},"inLanguage":"de"},{"@type":"WebPage","@id":"https:\/\/www.gesamtschule-eiserfeld.de\/?p=1730","url":"https:\/\/www.gesamtschule-eiserfeld.de\/?p=1730","name":"Besuch im Bundesverteidigungsministerium in Bonn - Gesamtschule Eiserfeld","isPartOf":{"@id":"https:\/\/www.gesamtschule-eiserfeld.de\/#website"},"primaryImageOfPage":{"@id":"https:\/\/www.gesamtschule-eiserfeld.de\/?p=1730#primaryimage"},"image":{"@id":"https:\/\/www.gesamtschule-eiserfeld.de\/?p=1730#primaryimage"},"thumbnailUrl":"http:\/\/gesamtschule-eiserfeld.de\/wp-content\/uploads\/2012\/11\/foto1-besuch-verteidigungsminist-300x198.jpg","datePublished":"2012-11-23T19:58:37+00:00","dateModified":"2012-11-30T20:13:21+00:00","breadcrumb":{"@id":"https:\/\/www.gesamtschule-eiserfeld.de\/?p=1730#breadcrumb"},"inLanguage":"de","potentialAction":[{"@type":"ReadAction","target":["https:\/\/www.gesamtschule-eiserfeld.de\/?p=1730"]}]},{"@type":"ImageObject","inLanguage":"de","@id":"https:\/\/www.gesamtschule-eiserfeld.de\/?p=1730#primaryimage","url":"http:\/\/gesamtschule-eiserfeld.de\/wp-content\/uploads\/2012\/11\/foto1-besuch-verteidigungsminist-300x198.jpg","contentUrl":"http:\/\/gesamtschule-eiserfeld.de\/wp-content\/uploads\/2012\/11\/foto1-besuch-verteidigungsminist-300x198.jpg"},{"@type":"BreadcrumbList","@id":"https:\/\/www.gesamtschule-eiserfeld.de\/?p=1730#breadcrumb","itemListElement":[{"@type":"ListItem","position":1,"name":"Startseite","item":"https:\/\/www.gesamtschule-eiserfeld.de\/"},{"@type":"ListItem","position":2,"name":"Besuch im Bundesverteidigungsministerium in Bonn"}]},{"@type":"WebSite","@id":"https:\/\/www.gesamtschule-eiserfeld.de\/#website","url":"https:\/\/www.gesamtschule-eiserfeld.de\/","name":"Gesamtschule Eiserfeld","description":"","publisher":{"@id":"https:\/\/www.gesamtschule-eiserfeld.de\/#organization"},"potentialAction":[{"@type":"SearchAction","target":{"@type":"EntryPoint","urlTemplate":"https:\/\/www.gesamtschule-eiserfeld.de\/?s={search_term_string}"},"query-input":{"@type":"PropertyValueSpecification","valueRequired":true,"valueName":"search_term_string"}}],"inLanguage":"de"},{"@type":"Organization","@id":"https:\/\/www.gesamtschule-eiserfeld.de\/#organization","name":"Gesamtschule Eiserfeld","url":"https:\/\/www.gesamtschule-eiserfeld.de\/","logo":{"@type":"ImageObject","inLanguage":"de","@id":"https:\/\/www.gesamtschule-eiserfeld.de\/#\/schema\/logo\/image\/","url":"https:\/\/i1.wp.com\/www.gesamtschule-eiserfeld.de\/wp-content\/uploads\/2019\/01\/GEE-Logo-neu.jpg?fit=436%2C126&ssl=1","contentUrl":"https:\/\/i1.wp.com\/www.gesamtschule-eiserfeld.de\/wp-content\/uploads\/2019\/01\/GEE-Logo-neu.jpg?fit=436%2C126&ssl=1","width":436,"height":126,"caption":"Gesamtschule Eiserfeld"},"image":{"@id":"https:\/\/www.gesamtschule-eiserfeld.de\/#\/schema\/logo\/image\/"},"sameAs":["https:\/\/www.facebook.com\/GEEiserfeld"]},{"@type":"Person","@id":"https:\/\/www.gesamtschule-eiserfeld.de\/#\/schema\/person\/9f37123dd2ff514a1346db435bdb3784","name":"dorw","sameAs":["http:\/\/www.ge-eiserfeld.de"],"url":"https:\/\/www.gesamtschule-eiserfeld.de\/?author=9"}]}},"jetpack_publicize_connections":[],"jetpack_featured_media_url":"","jetpack_shortlink":"https:\/\/wp.me\/s2weeL-1730","jetpack_sharing_enabled":true,"_links":{"self":[{"href":"https:\/\/www.gesamtschule-eiserfeld.de\/index.php?rest_route=\/wp\/v2\/posts\/1730","targetHints":{"allow":["GET"]}}],"collection":[{"href":"https:\/\/www.gesamtschule-eiserfeld.de\/index.php?rest_route=\/wp\/v2\/posts"}],"about":[{"href":"https:\/\/www.gesamtschule-eiserfeld.de\/index.php?rest_route=\/wp\/v2\/types\/post"}],"author":[{"embeddable":true,"href":"https:\/\/www.gesamtschule-eiserfeld.de\/index.php?rest_route=\/wp\/v2\/users\/9"}],"replies":[{"embeddable":true,"href":"https:\/\/www.gesamtschule-eiserfeld.de\/index.php?rest_route=%2Fwp%2Fv2%2Fcomments&post=1730"}],"version-history":[{"count":0,"href":"https:\/\/www.gesamtschule-eiserfeld.de\/index.php?rest_route=\/wp\/v2\/posts\/1730\/revisions"}],"wp:attachment":[{"href":"https:\/\/www.gesamtschule-eiserfeld.de\/index.php?rest_route=%2Fwp%2Fv2%2Fmedia&parent=1730"}],"wp:term":[{"taxonomy":"category","embeddable":true,"href":"https:\/\/www.gesamtschule-eiserfeld.de\/index.php?rest_route=%2Fwp%2Fv2%2Fcategories&post=1730"},{"taxonomy":"post_tag","embeddable":true,"href":"https:\/\/www.gesamtschule-eiserfeld.de\/index.php?rest_route=%2Fwp%2Fv2%2Ftags&post=1730"}],"curies":[{"name":"wp","href":"https:\/\/api.w.org\/{rel}","templated":true}]}}