{"id":17529,"date":"2023-02-07T10:14:49","date_gmt":"2023-02-07T09:14:49","guid":{"rendered":"https:\/\/www.gesamtschule-eiserfeld.de\/?p=17529"},"modified":"2023-02-28T08:37:06","modified_gmt":"2023-02-28T07:37:06","slug":"schulleiter-werner-juengst-wird-in-den-ruhestand-verabschiedet","status":"publish","type":"post","link":"https:\/\/www.gesamtschule-eiserfeld.de\/?p=17529","title":{"rendered":"<strong>Schulleiter Werner J\u00fcngst wird in den Ruhestand verabschiedet<\/strong>"},"content":{"rendered":"\n<p><em>\u201ewhat remains is tomorrow\u201d<\/em><\/p>\n\n\n<p><a href=\"https:\/\/www.gesamtschule-eiserfeld.de\/?attachment_id=17538\" rel=\"attachment wp-att-17538\"><img data-recalc-dims=\"1\" loading=\"lazy\" decoding=\"async\" data-attachment-id=\"17538\" data-permalink=\"https:\/\/www.gesamtschule-eiserfeld.de\/?attachment_id=17538\" data-orig-file=\"https:\/\/i0.wp.com\/www.gesamtschule-eiserfeld.de\/wp-content\/uploads\/2023\/02\/Kremer-Werner-e1675761236515.jpg?fit=900%2C744&amp;ssl=1\" data-orig-size=\"900,744\" data-comments-opened=\"0\" data-image-meta=\"{&quot;aperture&quot;:&quot;0&quot;,&quot;credit&quot;:&quot;&quot;,&quot;camera&quot;:&quot;&quot;,&quot;caption&quot;:&quot;&quot;,&quot;created_timestamp&quot;:&quot;0&quot;,&quot;copyright&quot;:&quot;&quot;,&quot;focal_length&quot;:&quot;0&quot;,&quot;iso&quot;:&quot;0&quot;,&quot;shutter_speed&quot;:&quot;0&quot;,&quot;title&quot;:&quot;&quot;,&quot;orientation&quot;:&quot;0&quot;}\" data-image-title=\"Kremer Werner\" data-image-description=\"\" data-image-caption=\"\" data-large-file=\"https:\/\/i0.wp.com\/www.gesamtschule-eiserfeld.de\/wp-content\/uploads\/2023\/02\/Kremer-Werner-e1675761236515.jpg?fit=474%2C632&amp;ssl=1\" class=\"size-medium wp-image-17538 alignleft\" src=\"https:\/\/i0.wp.com\/www.gesamtschule-eiserfeld.de\/wp-content\/uploads\/2023\/02\/Kremer-Werner-e1675761236515-300x248.jpg?resize=300%2C248&#038;ssl=1\" alt=\"\" width=\"300\" height=\"248\" srcset=\"https:\/\/i0.wp.com\/www.gesamtschule-eiserfeld.de\/wp-content\/uploads\/2023\/02\/Kremer-Werner-e1675761236515.jpg?resize=300%2C248&amp;ssl=1 300w, https:\/\/i0.wp.com\/www.gesamtschule-eiserfeld.de\/wp-content\/uploads\/2023\/02\/Kremer-Werner-e1675761236515.jpg?resize=181%2C150&amp;ssl=1 181w, https:\/\/i0.wp.com\/www.gesamtschule-eiserfeld.de\/wp-content\/uploads\/2023\/02\/Kremer-Werner-e1675761236515.jpg?resize=768%2C635&amp;ssl=1 768w, https:\/\/i0.wp.com\/www.gesamtschule-eiserfeld.de\/wp-content\/uploads\/2023\/02\/Kremer-Werner-e1675761236515.jpg?w=900&amp;ssl=1 900w\" sizes=\"auto, (max-width: 300px) 100vw, 300px\" \/><\/a>[2023-02-07 DICK] Nach mehr als drei\u00dfigj\u00e4hriger T\u00e4tigkeit an der Gesamtschule Eiserfeld (GEE) wurde jetzt Schulleiter Werner J\u00fcngst in einer Feierstunde in den Ruhestand verabschiedet.<\/p>\n<p><a href=\"https:\/\/www.gesamtschule-eiserfeld.de\/?attachment_id=17516\" rel=\"attachment wp-att-17516\"><img data-recalc-dims=\"1\" loading=\"lazy\" decoding=\"async\" data-attachment-id=\"17516\" data-permalink=\"https:\/\/www.gesamtschule-eiserfeld.de\/?attachment_id=17516\" data-orig-file=\"https:\/\/i0.wp.com\/www.gesamtschule-eiserfeld.de\/wp-content\/uploads\/2023\/02\/A3-e1675759547921.jpg?fit=382%2C468&amp;ssl=1\" data-orig-size=\"382,468\" data-comments-opened=\"0\" data-image-meta=\"{&quot;aperture&quot;:&quot;0&quot;,&quot;credit&quot;:&quot;&quot;,&quot;camera&quot;:&quot;&quot;,&quot;caption&quot;:&quot;&quot;,&quot;created_timestamp&quot;:&quot;0&quot;,&quot;copyright&quot;:&quot;&quot;,&quot;focal_length&quot;:&quot;0&quot;,&quot;iso&quot;:&quot;0&quot;,&quot;shutter_speed&quot;:&quot;0&quot;,&quot;title&quot;:&quot;&quot;,&quot;orientation&quot;:&quot;0&quot;}\" data-image-title=\"A3\" data-image-description=\"\" data-image-caption=\"\" data-large-file=\"https:\/\/i0.wp.com\/www.gesamtschule-eiserfeld.de\/wp-content\/uploads\/2023\/02\/A3-e1675759547921.jpg?fit=382%2C468&amp;ssl=1\" class=\"wp-image-17516 alignright\" src=\"https:\/\/i0.wp.com\/www.gesamtschule-eiserfeld.de\/wp-content\/uploads\/2023\/02\/A3.jpg?resize=169%2C171&#038;ssl=1\" alt=\"\" width=\"169\" height=\"171\" \/><\/a>Gerne waren B\u00fcrgermeister Steffen Mues, Dezernent Andreas Kremer und die Vertreter der Elternpflegschaft, Monika Kreutz und Matthias Wirth, sowie viele Ehemalige und Kollegen der Einladung zur Verabschiedung gefolgt. Sie reihten sich mit ihren Reden und musikalischen Beitr\u00e4gen in ein abwechslungsreiches Programm ein.<!--more--><\/p>\n<p><a href=\"https:\/\/www.gesamtschule-eiserfeld.de\/?attachment_id=17517\" rel=\"attachment wp-att-17517\"><img data-recalc-dims=\"1\" loading=\"lazy\" decoding=\"async\" data-attachment-id=\"17517\" data-permalink=\"https:\/\/www.gesamtschule-eiserfeld.de\/?attachment_id=17517\" data-orig-file=\"https:\/\/i0.wp.com\/www.gesamtschule-eiserfeld.de\/wp-content\/uploads\/2023\/02\/A2.jpg?fit=612%2C458&amp;ssl=1\" data-orig-size=\"612,458\" data-comments-opened=\"0\" data-image-meta=\"{&quot;aperture&quot;:&quot;0&quot;,&quot;credit&quot;:&quot;&quot;,&quot;camera&quot;:&quot;&quot;,&quot;caption&quot;:&quot;&quot;,&quot;created_timestamp&quot;:&quot;0&quot;,&quot;copyright&quot;:&quot;&quot;,&quot;focal_length&quot;:&quot;0&quot;,&quot;iso&quot;:&quot;0&quot;,&quot;shutter_speed&quot;:&quot;0&quot;,&quot;title&quot;:&quot;&quot;,&quot;orientation&quot;:&quot;0&quot;}\" data-image-title=\"A2\" data-image-description=\"\" data-image-caption=\"\" data-large-file=\"https:\/\/i0.wp.com\/www.gesamtschule-eiserfeld.de\/wp-content\/uploads\/2023\/02\/A2.jpg?fit=474%2C355&amp;ssl=1\" class=\" wp-image-17517 alignright\" src=\"https:\/\/i0.wp.com\/www.gesamtschule-eiserfeld.de\/wp-content\/uploads\/2023\/02\/A2.jpg?resize=247%2C185&#038;ssl=1\" alt=\"\" width=\"247\" height=\"185\" srcset=\"https:\/\/i0.wp.com\/www.gesamtschule-eiserfeld.de\/wp-content\/uploads\/2023\/02\/A2.jpg?resize=300%2C225&amp;ssl=1 300w, https:\/\/i0.wp.com\/www.gesamtschule-eiserfeld.de\/wp-content\/uploads\/2023\/02\/A2.jpg?resize=200%2C150&amp;ssl=1 200w, https:\/\/i0.wp.com\/www.gesamtschule-eiserfeld.de\/wp-content\/uploads\/2023\/02\/A2.jpg?w=612&amp;ssl=1 612w\" sizes=\"auto, (max-width: 247px) 100vw, 247px\" \/><\/a>Schwungvoll er\u00f6ffnete der MuKu-Chor des 5. Jahrgangs mit dem Liedbeitrag \u201e194 L\u00e4nder\u201c von Mark Forster, gefolgt von Anna Feygin, 5d, die virtuos ein Adagio von Rolf L\u00f6vland am Fl\u00fcgel darbot. In seiner Rede hob B\u00fcrgermeister Mues dann Werner J\u00fcngsts Verdienst hervor, der Schule und ihren Sch\u00fclern stets einen stabilen Wertekompass vorgelebt und an der GEE eine starke Schulgemeinschaft entwickelt zu haben.<\/p>\n<p>In launigen Worten schloss sich Dezernent Andreas Kremer an und skizzierte die langj\u00e4hrige Zusammenarbeit mit Werner J\u00fcngst als \u00e4u\u00dferst fruchtbar. Er beschrieb ihn als einen sehr gradlinigen, meinungsstarken Menschen, der es sich z.B. bei der Siegelverleihung \u201eSchule ohne Rassismus\u201c nicht nehmen lie\u00df, eine sehr klare Stellung gegen jegliche rechten Str\u00f6mungen zu beziehen.<\/p>\n<p><a href=\"https:\/\/www.gesamtschule-eiserfeld.de\/?attachment_id=17535\" rel=\"attachment wp-att-17535\"><img data-recalc-dims=\"1\" loading=\"lazy\" decoding=\"async\" data-attachment-id=\"17535\" data-permalink=\"https:\/\/www.gesamtschule-eiserfeld.de\/?attachment_id=17535\" data-orig-file=\"https:\/\/i0.wp.com\/www.gesamtschule-eiserfeld.de\/wp-content\/uploads\/2023\/02\/Werner-e1675760975664.jpg?fit=468%2C825&amp;ssl=1\" data-orig-size=\"468,825\" data-comments-opened=\"0\" data-image-meta=\"{&quot;aperture&quot;:&quot;0&quot;,&quot;credit&quot;:&quot;&quot;,&quot;camera&quot;:&quot;&quot;,&quot;caption&quot;:&quot;&quot;,&quot;created_timestamp&quot;:&quot;0&quot;,&quot;copyright&quot;:&quot;&quot;,&quot;focal_length&quot;:&quot;0&quot;,&quot;iso&quot;:&quot;0&quot;,&quot;shutter_speed&quot;:&quot;0&quot;,&quot;title&quot;:&quot;&quot;,&quot;orientation&quot;:&quot;0&quot;}\" data-image-title=\"Werner\" data-image-description=\"\" data-image-caption=\"\" data-large-file=\"https:\/\/i0.wp.com\/www.gesamtschule-eiserfeld.de\/wp-content\/uploads\/2023\/02\/Werner-e1675760975664.jpg?fit=474%2C632&amp;ssl=1\" class=\" wp-image-17535 alignleft\" src=\"https:\/\/i0.wp.com\/www.gesamtschule-eiserfeld.de\/wp-content\/uploads\/2023\/02\/Werner-e1675760975664-170x300.jpg?resize=138%2C243&#038;ssl=1\" alt=\"\" width=\"138\" height=\"243\" srcset=\"https:\/\/i0.wp.com\/www.gesamtschule-eiserfeld.de\/wp-content\/uploads\/2023\/02\/Werner-e1675760975664.jpg?resize=170%2C300&amp;ssl=1 170w, https:\/\/i0.wp.com\/www.gesamtschule-eiserfeld.de\/wp-content\/uploads\/2023\/02\/Werner-e1675760975664.jpg?resize=85%2C150&amp;ssl=1 85w, https:\/\/i0.wp.com\/www.gesamtschule-eiserfeld.de\/wp-content\/uploads\/2023\/02\/Werner-e1675760975664.jpg?w=468&amp;ssl=1 468w\" sizes=\"auto, (max-width: 138px) 100vw, 138px\" \/><\/a>\u201e<em>What remains is tomorrow<\/em>\u201c. Mit diesem Zitat, aufgepickt auf seiner Reise durch S\u00fcdafrika, dr\u00fcckte Werner J\u00fcngst in seiner Rede aus, dass er sich auf den Schritt in seine dienstfreie, hoffentlich gesunde Zeit freue, wenngleich ihm der Abschied durchaus nicht so leicht falle. Denn an den 40 Jahren im Schuldienst habe ihn stets die Vielseitigkeit seines Berufs gereizt, gelangweilt habe er sich dabei nie.<\/p>\n<p><a href=\"https:\/\/www.gesamtschule-eiserfeld.de\/?attachment_id=17515\" rel=\"attachment wp-att-17515\"><img data-recalc-dims=\"1\" loading=\"lazy\" decoding=\"async\" data-attachment-id=\"17515\" data-permalink=\"https:\/\/www.gesamtschule-eiserfeld.de\/?attachment_id=17515\" data-orig-file=\"https:\/\/i0.wp.com\/www.gesamtschule-eiserfeld.de\/wp-content\/uploads\/2023\/02\/A4.jpg?fit=599%2C449&amp;ssl=1\" data-orig-size=\"599,449\" data-comments-opened=\"0\" data-image-meta=\"{&quot;aperture&quot;:&quot;0&quot;,&quot;credit&quot;:&quot;&quot;,&quot;camera&quot;:&quot;&quot;,&quot;caption&quot;:&quot;&quot;,&quot;created_timestamp&quot;:&quot;0&quot;,&quot;copyright&quot;:&quot;&quot;,&quot;focal_length&quot;:&quot;0&quot;,&quot;iso&quot;:&quot;0&quot;,&quot;shutter_speed&quot;:&quot;0&quot;,&quot;title&quot;:&quot;&quot;,&quot;orientation&quot;:&quot;0&quot;}\" data-image-title=\"A4\" data-image-description=\"\" data-image-caption=\"\" data-large-file=\"https:\/\/i0.wp.com\/www.gesamtschule-eiserfeld.de\/wp-content\/uploads\/2023\/02\/A4.jpg?fit=474%2C355&amp;ssl=1\" class=\" wp-image-17515 alignright\" src=\"https:\/\/i0.wp.com\/www.gesamtschule-eiserfeld.de\/wp-content\/uploads\/2023\/02\/A4.jpg?resize=227%2C170&#038;ssl=1\" alt=\"\" width=\"227\" height=\"170\" srcset=\"https:\/\/i0.wp.com\/www.gesamtschule-eiserfeld.de\/wp-content\/uploads\/2023\/02\/A4.jpg?resize=300%2C225&amp;ssl=1 300w, https:\/\/i0.wp.com\/www.gesamtschule-eiserfeld.de\/wp-content\/uploads\/2023\/02\/A4.jpg?resize=200%2C150&amp;ssl=1 200w, https:\/\/i0.wp.com\/www.gesamtschule-eiserfeld.de\/wp-content\/uploads\/2023\/02\/A4.jpg?w=599&amp;ssl=1 599w\" sizes=\"auto, (max-width: 227px) 100vw, 227px\" \/><\/a>Das Muku Orchester des 5. Jahrgangs und der Chor der Lehrerinnen der GEE rundeten heiter musikalisch das Programm ab. Auch die Theatergruppe <em>gee whiz!<\/em> mit ihrem eindrucksvollen Sprechbeitrag <em>\u201eDu bist genug\u201c<\/em> konnten begeistern.<\/p>\n<p><a href=\"https:\/\/www.gesamtschule-eiserfeld.de\/?attachment_id=17523\" rel=\"attachment wp-att-17523\"><img data-recalc-dims=\"1\" loading=\"lazy\" decoding=\"async\" data-attachment-id=\"17523\" data-permalink=\"https:\/\/www.gesamtschule-eiserfeld.de\/?attachment_id=17523\" data-orig-file=\"https:\/\/i0.wp.com\/www.gesamtschule-eiserfeld.de\/wp-content\/uploads\/2023\/02\/5.jpg?fit=1200%2C800&amp;ssl=1\" data-orig-size=\"1200,800\" data-comments-opened=\"0\" data-image-meta=\"{&quot;aperture&quot;:&quot;0&quot;,&quot;credit&quot;:&quot;&quot;,&quot;camera&quot;:&quot;&quot;,&quot;caption&quot;:&quot;&quot;,&quot;created_timestamp&quot;:&quot;0&quot;,&quot;copyright&quot;:&quot;&quot;,&quot;focal_length&quot;:&quot;0&quot;,&quot;iso&quot;:&quot;0&quot;,&quot;shutter_speed&quot;:&quot;0&quot;,&quot;title&quot;:&quot;&quot;,&quot;orientation&quot;:&quot;0&quot;}\" data-image-title=\"5\" data-image-description=\"\" data-image-caption=\"\" data-large-file=\"https:\/\/i0.wp.com\/www.gesamtschule-eiserfeld.de\/wp-content\/uploads\/2023\/02\/5.jpg?fit=474%2C316&amp;ssl=1\" class=\" wp-image-17523 alignleft\" src=\"https:\/\/i0.wp.com\/www.gesamtschule-eiserfeld.de\/wp-content\/uploads\/2023\/02\/5.jpg?resize=239%2C159&#038;ssl=1\" alt=\"\" width=\"239\" height=\"159\" srcset=\"https:\/\/i0.wp.com\/www.gesamtschule-eiserfeld.de\/wp-content\/uploads\/2023\/02\/5.jpg?resize=300%2C200&amp;ssl=1 300w, https:\/\/i0.wp.com\/www.gesamtschule-eiserfeld.de\/wp-content\/uploads\/2023\/02\/5.jpg?resize=1024%2C683&amp;ssl=1 1024w, https:\/\/i0.wp.com\/www.gesamtschule-eiserfeld.de\/wp-content\/uploads\/2023\/02\/5.jpg?resize=200%2C133&amp;ssl=1 200w, https:\/\/i0.wp.com\/www.gesamtschule-eiserfeld.de\/wp-content\/uploads\/2023\/02\/5.jpg?resize=768%2C512&amp;ssl=1 768w, https:\/\/i0.wp.com\/www.gesamtschule-eiserfeld.de\/wp-content\/uploads\/2023\/02\/5.jpg?w=1200&amp;ssl=1 1200w, https:\/\/i0.wp.com\/www.gesamtschule-eiserfeld.de\/wp-content\/uploads\/2023\/02\/5.jpg?w=948&amp;ssl=1 948w\" sizes=\"auto, (max-width: 239px) 100vw, 239px\" \/><\/a>Uschi Guntermann als k\u00fcnftige Schulleiterin, sowie die Vertreter der Elternpflegschaft, Jule Lohmann als Sch\u00fclervertreterin und Christian Scheerer als Repr\u00e4sentant der Gesamtschulen \u2013 sie alle w\u00fcrdigten Werner J\u00fcngst in ihren Reden als Kollegen und Schulleiter mit Linie und Engagement. \u00a0Er habe auch in bewegten Zeiten Dinge immer direkt angesprochen und das Wohl der Schule im Blick behalten.<\/p>\n<p>Ab Februar wird also Uschi Guntermann als neue Schulleiterin die Geschicke der Schule lenken und daf\u00fcr sorgen, dass die GEE auch in Zukunft eine \u201eSchule in Bewegung\u201c bleibt. Wir w\u00fcnschen ihr an dieser Stelle alles Gute und eine erfolgreiche Arbeit.<\/p>\n<p>\u00a0<\/p>\n<p>Weitere Bilder von der Feier:<\/p>\n<p>\u00a0<\/p>\n\n\n<div class=\"wp-block-jetpack-slideshow aligncenter\" data-effect=\"slide\"><div class=\"wp-block-jetpack-slideshow_container swiper-container\"><ul class=\"wp-block-jetpack-slideshow_swiper-wrapper swiper-wrapper\"><li class=\"wp-block-jetpack-slideshow_slide swiper-slide\"><figure><img data-recalc-dims=\"1\" loading=\"lazy\" decoding=\"async\" width=\"474\" height=\"630\" alt=\"\" class=\"wp-block-jetpack-slideshow_image wp-image-17527\" data-id=\"17527\" src=\"https:\/\/i0.wp.com\/www.gesamtschule-eiserfeld.de\/wp-content\/uploads\/2023\/02\/1.jpg?resize=474%2C630&#038;ssl=1\" srcset=\"https:\/\/i0.wp.com\/www.gesamtschule-eiserfeld.de\/wp-content\/uploads\/2023\/02\/1.jpg?resize=771%2C1024&amp;ssl=1 771w, https:\/\/i0.wp.com\/www.gesamtschule-eiserfeld.de\/wp-content\/uploads\/2023\/02\/1.jpg?resize=226%2C300&amp;ssl=1 226w, https:\/\/i0.wp.com\/www.gesamtschule-eiserfeld.de\/wp-content\/uploads\/2023\/02\/1.jpg?resize=113%2C150&amp;ssl=1 113w, https:\/\/i0.wp.com\/www.gesamtschule-eiserfeld.de\/wp-content\/uploads\/2023\/02\/1.jpg?resize=768%2C1019&amp;ssl=1 768w, https:\/\/i0.wp.com\/www.gesamtschule-eiserfeld.de\/wp-content\/uploads\/2023\/02\/1.jpg?w=904&amp;ssl=1 904w\" sizes=\"(max-width: 474px) 100vw, 474px\" \/><\/figure><\/li><li class=\"wp-block-jetpack-slideshow_slide swiper-slide\"><figure><img data-recalc-dims=\"1\" loading=\"lazy\" decoding=\"async\" width=\"474\" height=\"313\" alt=\"\" class=\"wp-block-jetpack-slideshow_image wp-image-17526\" data-id=\"17526\" src=\"https:\/\/i0.wp.com\/www.gesamtschule-eiserfeld.de\/wp-content\/uploads\/2023\/02\/2.jpg?resize=474%2C313&#038;ssl=1\" srcset=\"https:\/\/i0.wp.com\/www.gesamtschule-eiserfeld.de\/wp-content\/uploads\/2023\/02\/2.jpg?resize=1024%2C676&amp;ssl=1 1024w, https:\/\/i0.wp.com\/www.gesamtschule-eiserfeld.de\/wp-content\/uploads\/2023\/02\/2.jpg?resize=300%2C198&amp;ssl=1 300w, https:\/\/i0.wp.com\/www.gesamtschule-eiserfeld.de\/wp-content\/uploads\/2023\/02\/2.jpg?resize=200%2C132&amp;ssl=1 200w, https:\/\/i0.wp.com\/www.gesamtschule-eiserfeld.de\/wp-content\/uploads\/2023\/02\/2.jpg?resize=768%2C507&amp;ssl=1 768w, https:\/\/i0.wp.com\/www.gesamtschule-eiserfeld.de\/wp-content\/uploads\/2023\/02\/2.jpg?w=1200&amp;ssl=1 1200w, https:\/\/i0.wp.com\/www.gesamtschule-eiserfeld.de\/wp-content\/uploads\/2023\/02\/2.jpg?w=948&amp;ssl=1 948w\" sizes=\"(max-width: 474px) 100vw, 474px\" \/><\/figure><\/li><li class=\"wp-block-jetpack-slideshow_slide swiper-slide\"><figure><img data-recalc-dims=\"1\" loading=\"lazy\" decoding=\"async\" width=\"474\" height=\"316\" alt=\"\" class=\"wp-block-jetpack-slideshow_image wp-image-17525\" data-id=\"17525\" src=\"https:\/\/i0.wp.com\/www.gesamtschule-eiserfeld.de\/wp-content\/uploads\/2023\/02\/3.jpg?resize=474%2C316&#038;ssl=1\" srcset=\"https:\/\/i0.wp.com\/www.gesamtschule-eiserfeld.de\/wp-content\/uploads\/2023\/02\/3.jpg?resize=1024%2C683&amp;ssl=1 1024w, https:\/\/i0.wp.com\/www.gesamtschule-eiserfeld.de\/wp-content\/uploads\/2023\/02\/3.jpg?resize=300%2C200&amp;ssl=1 300w, https:\/\/i0.wp.com\/www.gesamtschule-eiserfeld.de\/wp-content\/uploads\/2023\/02\/3.jpg?resize=200%2C133&amp;ssl=1 200w, https:\/\/i0.wp.com\/www.gesamtschule-eiserfeld.de\/wp-content\/uploads\/2023\/02\/3.jpg?resize=768%2C512&amp;ssl=1 768w, https:\/\/i0.wp.com\/www.gesamtschule-eiserfeld.de\/wp-content\/uploads\/2023\/02\/3.jpg?w=1200&amp;ssl=1 1200w, https:\/\/i0.wp.com\/www.gesamtschule-eiserfeld.de\/wp-content\/uploads\/2023\/02\/3.jpg?w=948&amp;ssl=1 948w\" sizes=\"(max-width: 474px) 100vw, 474px\" \/><\/figure><\/li><li class=\"wp-block-jetpack-slideshow_slide swiper-slide\"><figure><img data-recalc-dims=\"1\" loading=\"lazy\" decoding=\"async\" width=\"474\" height=\"632\" alt=\"\" class=\"wp-block-jetpack-slideshow_image wp-image-17524\" data-id=\"17524\" src=\"https:\/\/i0.wp.com\/www.gesamtschule-eiserfeld.de\/wp-content\/uploads\/2023\/02\/4-e1675754235488-768x1024.jpg?resize=474%2C632&#038;ssl=1\" srcset=\"https:\/\/i0.wp.com\/www.gesamtschule-eiserfeld.de\/wp-content\/uploads\/2023\/02\/4-e1675754235488.jpg?resize=768%2C1024&amp;ssl=1 768w, https:\/\/i0.wp.com\/www.gesamtschule-eiserfeld.de\/wp-content\/uploads\/2023\/02\/4-e1675754235488.jpg?resize=225%2C300&amp;ssl=1 225w, https:\/\/i0.wp.com\/www.gesamtschule-eiserfeld.de\/wp-content\/uploads\/2023\/02\/4-e1675754235488.jpg?resize=113%2C150&amp;ssl=1 113w, https:\/\/i0.wp.com\/www.gesamtschule-eiserfeld.de\/wp-content\/uploads\/2023\/02\/4-e1675754235488.jpg?w=900&amp;ssl=1 900w\" sizes=\"(max-width: 474px) 100vw, 474px\" \/><\/figure><\/li><li class=\"wp-block-jetpack-slideshow_slide swiper-slide\"><figure><img data-recalc-dims=\"1\" loading=\"lazy\" decoding=\"async\" width=\"474\" height=\"316\" alt=\"\" class=\"wp-block-jetpack-slideshow_image wp-image-17523\" data-id=\"17523\" src=\"https:\/\/i0.wp.com\/www.gesamtschule-eiserfeld.de\/wp-content\/uploads\/2023\/02\/5.jpg?resize=474%2C316&#038;ssl=1\" srcset=\"https:\/\/i0.wp.com\/www.gesamtschule-eiserfeld.de\/wp-content\/uploads\/2023\/02\/5.jpg?resize=1024%2C683&amp;ssl=1 1024w, https:\/\/i0.wp.com\/www.gesamtschule-eiserfeld.de\/wp-content\/uploads\/2023\/02\/5.jpg?resize=300%2C200&amp;ssl=1 300w, https:\/\/i0.wp.com\/www.gesamtschule-eiserfeld.de\/wp-content\/uploads\/2023\/02\/5.jpg?resize=200%2C133&amp;ssl=1 200w, https:\/\/i0.wp.com\/www.gesamtschule-eiserfeld.de\/wp-content\/uploads\/2023\/02\/5.jpg?resize=768%2C512&amp;ssl=1 768w, https:\/\/i0.wp.com\/www.gesamtschule-eiserfeld.de\/wp-content\/uploads\/2023\/02\/5.jpg?w=1200&amp;ssl=1 1200w, https:\/\/i0.wp.com\/www.gesamtschule-eiserfeld.de\/wp-content\/uploads\/2023\/02\/5.jpg?w=948&amp;ssl=1 948w\" sizes=\"(max-width: 474px) 100vw, 474px\" \/><\/figure><\/li><li class=\"wp-block-jetpack-slideshow_slide swiper-slide\"><figure><img data-recalc-dims=\"1\" loading=\"lazy\" decoding=\"async\" width=\"474\" height=\"316\" alt=\"\" class=\"wp-block-jetpack-slideshow_image wp-image-17522\" data-id=\"17522\" src=\"https:\/\/i0.wp.com\/www.gesamtschule-eiserfeld.de\/wp-content\/uploads\/2023\/02\/6.jpg?resize=474%2C316&#038;ssl=1\" srcset=\"https:\/\/i0.wp.com\/www.gesamtschule-eiserfeld.de\/wp-content\/uploads\/2023\/02\/6.jpg?resize=1024%2C683&amp;ssl=1 1024w, https:\/\/i0.wp.com\/www.gesamtschule-eiserfeld.de\/wp-content\/uploads\/2023\/02\/6.jpg?resize=300%2C200&amp;ssl=1 300w, https:\/\/i0.wp.com\/www.gesamtschule-eiserfeld.de\/wp-content\/uploads\/2023\/02\/6.jpg?resize=200%2C133&amp;ssl=1 200w, https:\/\/i0.wp.com\/www.gesamtschule-eiserfeld.de\/wp-content\/uploads\/2023\/02\/6.jpg?resize=768%2C512&amp;ssl=1 768w, https:\/\/i0.wp.com\/www.gesamtschule-eiserfeld.de\/wp-content\/uploads\/2023\/02\/6.jpg?w=1200&amp;ssl=1 1200w, https:\/\/i0.wp.com\/www.gesamtschule-eiserfeld.de\/wp-content\/uploads\/2023\/02\/6.jpg?w=948&amp;ssl=1 948w\" sizes=\"(max-width: 474px) 100vw, 474px\" \/><\/figure><\/li><li class=\"wp-block-jetpack-slideshow_slide swiper-slide\"><figure><img data-recalc-dims=\"1\" loading=\"lazy\" decoding=\"async\" width=\"474\" height=\"632\" alt=\"\" class=\"wp-block-jetpack-slideshow_image wp-image-17520\" data-id=\"17520\" src=\"https:\/\/i0.wp.com\/www.gesamtschule-eiserfeld.de\/wp-content\/uploads\/2023\/02\/7.jpg?resize=474%2C632&#038;ssl=1\" srcset=\"https:\/\/i0.wp.com\/www.gesamtschule-eiserfeld.de\/wp-content\/uploads\/2023\/02\/7.jpg?resize=768%2C1024&amp;ssl=1 768w, https:\/\/i0.wp.com\/www.gesamtschule-eiserfeld.de\/wp-content\/uploads\/2023\/02\/7.jpg?resize=225%2C300&amp;ssl=1 225w, https:\/\/i0.wp.com\/www.gesamtschule-eiserfeld.de\/wp-content\/uploads\/2023\/02\/7.jpg?resize=113%2C150&amp;ssl=1 113w, https:\/\/i0.wp.com\/www.gesamtschule-eiserfeld.de\/wp-content\/uploads\/2023\/02\/7.jpg?w=900&amp;ssl=1 900w\" sizes=\"(max-width: 474px) 100vw, 474px\" \/><\/figure><\/li><li class=\"wp-block-jetpack-slideshow_slide swiper-slide\"><figure><img data-recalc-dims=\"1\" loading=\"lazy\" decoding=\"async\" width=\"474\" height=\"302\" alt=\"\" class=\"wp-block-jetpack-slideshow_image wp-image-17519\" data-id=\"17519\" src=\"https:\/\/i0.wp.com\/www.gesamtschule-eiserfeld.de\/wp-content\/uploads\/2023\/02\/8.jpg?resize=474%2C302&#038;ssl=1\" srcset=\"https:\/\/i0.wp.com\/www.gesamtschule-eiserfeld.de\/wp-content\/uploads\/2023\/02\/8.jpg?resize=1024%2C653&amp;ssl=1 1024w, https:\/\/i0.wp.com\/www.gesamtschule-eiserfeld.de\/wp-content\/uploads\/2023\/02\/8.jpg?resize=300%2C191&amp;ssl=1 300w, https:\/\/i0.wp.com\/www.gesamtschule-eiserfeld.de\/wp-content\/uploads\/2023\/02\/8.jpg?resize=200%2C128&amp;ssl=1 200w, https:\/\/i0.wp.com\/www.gesamtschule-eiserfeld.de\/wp-content\/uploads\/2023\/02\/8.jpg?resize=768%2C490&amp;ssl=1 768w, https:\/\/i0.wp.com\/www.gesamtschule-eiserfeld.de\/wp-content\/uploads\/2023\/02\/8.jpg?w=1200&amp;ssl=1 1200w, https:\/\/i0.wp.com\/www.gesamtschule-eiserfeld.de\/wp-content\/uploads\/2023\/02\/8.jpg?w=948&amp;ssl=1 948w\" sizes=\"(max-width: 474px) 100vw, 474px\" \/><\/figure><\/li><li class=\"wp-block-jetpack-slideshow_slide swiper-slide\"><figure><img data-recalc-dims=\"1\" loading=\"lazy\" decoding=\"async\" width=\"474\" height=\"355\" alt=\"\" class=\"wp-block-jetpack-slideshow_image wp-image-17517\" data-id=\"17517\" src=\"https:\/\/i0.wp.com\/www.gesamtschule-eiserfeld.de\/wp-content\/uploads\/2023\/02\/A2.jpg?resize=474%2C355&#038;ssl=1\" srcset=\"https:\/\/i0.wp.com\/www.gesamtschule-eiserfeld.de\/wp-content\/uploads\/2023\/02\/A2.jpg?w=612&amp;ssl=1 612w, https:\/\/i0.wp.com\/www.gesamtschule-eiserfeld.de\/wp-content\/uploads\/2023\/02\/A2.jpg?resize=300%2C225&amp;ssl=1 300w, https:\/\/i0.wp.com\/www.gesamtschule-eiserfeld.de\/wp-content\/uploads\/2023\/02\/A2.jpg?resize=200%2C150&amp;ssl=1 200w\" sizes=\"(max-width: 474px) 100vw, 474px\" \/><\/figure><\/li><li class=\"wp-block-jetpack-slideshow_slide swiper-slide\"><figure><img data-recalc-dims=\"1\" loading=\"lazy\" decoding=\"async\" width=\"382\" height=\"468\" alt=\"\" class=\"wp-block-jetpack-slideshow_image wp-image-17516\" data-id=\"17516\" src=\"https:\/\/i0.wp.com\/www.gesamtschule-eiserfeld.de\/wp-content\/uploads\/2023\/02\/A3-e1675759547921.jpg?resize=382%2C468&#038;ssl=1\" srcset=\"https:\/\/i0.wp.com\/www.gesamtschule-eiserfeld.de\/wp-content\/uploads\/2023\/02\/A3-e1675759547921.jpg?w=382&amp;ssl=1 382w, https:\/\/i0.wp.com\/www.gesamtschule-eiserfeld.de\/wp-content\/uploads\/2023\/02\/A3-e1675759547921.jpg?resize=245%2C300&amp;ssl=1 245w, https:\/\/i0.wp.com\/www.gesamtschule-eiserfeld.de\/wp-content\/uploads\/2023\/02\/A3-e1675759547921.jpg?resize=122%2C150&amp;ssl=1 122w\" sizes=\"(max-width: 382px) 100vw, 382px\" \/><\/figure><\/li><li class=\"wp-block-jetpack-slideshow_slide swiper-slide\"><figure><img data-recalc-dims=\"1\" loading=\"lazy\" decoding=\"async\" width=\"474\" height=\"355\" alt=\"\" class=\"wp-block-jetpack-slideshow_image wp-image-17515\" data-id=\"17515\" src=\"https:\/\/i0.wp.com\/www.gesamtschule-eiserfeld.de\/wp-content\/uploads\/2023\/02\/A4.jpg?resize=474%2C355&#038;ssl=1\" srcset=\"https:\/\/i0.wp.com\/www.gesamtschule-eiserfeld.de\/wp-content\/uploads\/2023\/02\/A4.jpg?w=599&amp;ssl=1 599w, https:\/\/i0.wp.com\/www.gesamtschule-eiserfeld.de\/wp-content\/uploads\/2023\/02\/A4.jpg?resize=300%2C225&amp;ssl=1 300w, https:\/\/i0.wp.com\/www.gesamtschule-eiserfeld.de\/wp-content\/uploads\/2023\/02\/A4.jpg?resize=200%2C150&amp;ssl=1 200w\" sizes=\"(max-width: 474px) 100vw, 474px\" \/><\/figure><\/li><li class=\"wp-block-jetpack-slideshow_slide swiper-slide\"><figure><img data-recalc-dims=\"1\" loading=\"lazy\" decoding=\"async\" width=\"399\" height=\"532\" alt=\"\" class=\"wp-block-jetpack-slideshow_image wp-image-17514\" data-id=\"17514\" src=\"https:\/\/i0.wp.com\/www.gesamtschule-eiserfeld.de\/wp-content\/uploads\/2023\/02\/A5.jpg?resize=399%2C532&#038;ssl=1\" srcset=\"https:\/\/i0.wp.com\/www.gesamtschule-eiserfeld.de\/wp-content\/uploads\/2023\/02\/A5.jpg?w=399&amp;ssl=1 399w, https:\/\/i0.wp.com\/www.gesamtschule-eiserfeld.de\/wp-content\/uploads\/2023\/02\/A5.jpg?resize=225%2C300&amp;ssl=1 225w, https:\/\/i0.wp.com\/www.gesamtschule-eiserfeld.de\/wp-content\/uploads\/2023\/02\/A5.jpg?resize=113%2C150&amp;ssl=1 113w\" sizes=\"(max-width: 399px) 100vw, 399px\" \/><\/figure><\/li><\/ul><a class=\"wp-block-jetpack-slideshow_button-prev swiper-button-prev swiper-button-white\" role=\"button\"><\/a><a class=\"wp-block-jetpack-slideshow_button-next swiper-button-next swiper-button-white\" role=\"button\"><\/a><a aria-label=\"Pause Slideshow\" class=\"wp-block-jetpack-slideshow_button-pause\" role=\"button\"><\/a><div class=\"wp-block-jetpack-slideshow_pagination swiper-pagination swiper-pagination-white\"><\/div><\/div><\/div>\n","protected":false},"excerpt":{"rendered":"<p>\u201ewhat remains is tomorrow\u201d [2023-02-07 DICK] Nach mehr als drei\u00dfigj\u00e4hriger T\u00e4tigkeit an der Gesamtschule Eiserfeld (GEE) wurde jetzt Schulleiter Werner J\u00fcngst in einer Feierstunde in den Ruhestand verabschiedet. Gerne waren B\u00fcrgermeister Steffen Mues, Dezernent Andreas Kremer und die Vertreter der Elternpflegschaft, Monika Kreutz und Matthias Wirth, sowie viele Ehemalige und Kollegen der Einladung zur Verabschiedung &hellip; <a href=\"https:\/\/www.gesamtschule-eiserfeld.de\/?p=17529\" class=\"more-link\"><span class=\"screen-reader-text\"><strong>Schulleiter Werner J\u00fcngst wird in den Ruhestand verabschiedet<\/strong><\/span> weiterlesen <span class=\"meta-nav\">&rarr;<\/span><\/a><\/p>\n","protected":false},"author":9,"featured_media":0,"comment_status":"closed","ping_status":"open","sticky":false,"template":"","format":"standard","meta":{"jetpack_post_was_ever_published":false,"_jetpack_newsletter_access":"","_jetpack_dont_email_post_to_subs":false,"_jetpack_newsletter_tier_id":0,"_jetpack_memberships_contains_paywalled_content":false,"_jetpack_memberships_contains_paid_content":false,"footnotes":"","jetpack_publicize_message":"","jetpack_publicize_feature_enabled":true,"jetpack_social_post_already_shared":true,"jetpack_social_options":{"image_generator_settings":{"template":"highway","default_image_id":0,"font":"","enabled":false},"version":2}},"categories":[68,88],"tags":[],"class_list":["post-17529","post","type-post","status-publish","format-standard","hentry","category-schulleitung-2","category-verabschiedungen"],"yoast_head":"<!-- This site is optimized with the Yoast SEO plugin v27.4 - https:\/\/yoast.com\/product\/yoast-seo-wordpress\/ -->\n<title>Schulleiter Werner J\u00fcngst wird in den Ruhestand verabschiedet - Gesamtschule Eiserfeld<\/title>\n<meta name=\"robots\" content=\"index, follow, max-snippet:-1, max-image-preview:large, max-video-preview:-1\" \/>\n<link rel=\"canonical\" href=\"https:\/\/www.gesamtschule-eiserfeld.de\/?p=17529\" \/>\n<meta property=\"og:locale\" content=\"de_DE\" \/>\n<meta property=\"og:type\" content=\"article\" \/>\n<meta property=\"og:title\" content=\"Schulleiter Werner J\u00fcngst wird in den Ruhestand verabschiedet - Gesamtschule Eiserfeld\" \/>\n<meta property=\"og:description\" content=\"\u201ewhat remains is tomorrow\u201d [2023-02-07 DICK] Nach mehr als drei\u00dfigj\u00e4hriger T\u00e4tigkeit an der Gesamtschule Eiserfeld (GEE) wurde jetzt Schulleiter Werner J\u00fcngst in einer Feierstunde in den Ruhestand verabschiedet. Gerne waren B\u00fcrgermeister Steffen Mues, Dezernent Andreas Kremer und die Vertreter der Elternpflegschaft, Monika Kreutz und Matthias Wirth, sowie viele Ehemalige und Kollegen der Einladung zur Verabschiedung &hellip; Schulleiter Werner J\u00fcngst wird in den Ruhestand verabschiedet weiterlesen &rarr;\" \/>\n<meta property=\"og:url\" content=\"https:\/\/www.gesamtschule-eiserfeld.de\/?p=17529\" \/>\n<meta property=\"og:site_name\" content=\"Gesamtschule Eiserfeld\" \/>\n<meta property=\"article:publisher\" content=\"https:\/\/www.facebook.com\/GEEiserfeld\" \/>\n<meta property=\"article:published_time\" content=\"2023-02-07T09:14:49+00:00\" \/>\n<meta property=\"article:modified_time\" content=\"2023-02-28T07:37:06+00:00\" \/>\n<meta property=\"og:image\" content=\"https:\/\/www.gesamtschule-eiserfeld.de\/wp-content\/uploads\/2023\/02\/Kremer-Werner-e1675761236515.jpg\" \/>\n\t<meta property=\"og:image:width\" content=\"900\" \/>\n\t<meta property=\"og:image:height\" content=\"744\" \/>\n\t<meta property=\"og:image:type\" content=\"image\/jpeg\" \/>\n<meta name=\"author\" content=\"dorw\" \/>\n<meta name=\"twitter:card\" content=\"summary_large_image\" \/>\n<meta name=\"twitter:label1\" content=\"Verfasst von\" \/>\n\t<meta name=\"twitter:data1\" content=\"dorw\" \/>\n\t<meta name=\"twitter:label2\" content=\"Gesch\u00e4tzte Lesezeit\" \/>\n\t<meta name=\"twitter:data2\" content=\"6\u00a0Minuten\" \/>\n<script type=\"application\/ld+json\" class=\"yoast-schema-graph\">{\"@context\":\"https:\\\/\\\/schema.org\",\"@graph\":[{\"@type\":\"Article\",\"@id\":\"https:\\\/\\\/www.gesamtschule-eiserfeld.de\\\/?p=17529#article\",\"isPartOf\":{\"@id\":\"https:\\\/\\\/www.gesamtschule-eiserfeld.de\\\/?p=17529\"},\"author\":{\"name\":\"dorw\",\"@id\":\"https:\\\/\\\/www.gesamtschule-eiserfeld.de\\\/#\\\/schema\\\/person\\\/9f37123dd2ff514a1346db435bdb3784\"},\"headline\":\"Schulleiter Werner J\u00fcngst wird in den Ruhestand verabschiedet\",\"datePublished\":\"2023-02-07T09:14:49+00:00\",\"dateModified\":\"2023-02-28T07:37:06+00:00\",\"mainEntityOfPage\":{\"@id\":\"https:\\\/\\\/www.gesamtschule-eiserfeld.de\\\/?p=17529\"},\"wordCount\":413,\"publisher\":{\"@id\":\"https:\\\/\\\/www.gesamtschule-eiserfeld.de\\\/#organization\"},\"image\":{\"@id\":\"https:\\\/\\\/www.gesamtschule-eiserfeld.de\\\/?p=17529#primaryimage\"},\"thumbnailUrl\":\"https:\\\/\\\/www.gesamtschule-eiserfeld.de\\\/wp-content\\\/uploads\\\/2023\\\/02\\\/Kremer-Werner-e1675761236515-300x248.jpg\",\"articleSection\":[\"SCHULLEITUNG\",\"VERABSCHIEDUNGEN\"],\"inLanguage\":\"de\"},{\"@type\":\"WebPage\",\"@id\":\"https:\\\/\\\/www.gesamtschule-eiserfeld.de\\\/?p=17529\",\"url\":\"https:\\\/\\\/www.gesamtschule-eiserfeld.de\\\/?p=17529\",\"name\":\"Schulleiter Werner J\u00fcngst wird in den Ruhestand verabschiedet - Gesamtschule Eiserfeld\",\"isPartOf\":{\"@id\":\"https:\\\/\\\/www.gesamtschule-eiserfeld.de\\\/#website\"},\"primaryImageOfPage\":{\"@id\":\"https:\\\/\\\/www.gesamtschule-eiserfeld.de\\\/?p=17529#primaryimage\"},\"image\":{\"@id\":\"https:\\\/\\\/www.gesamtschule-eiserfeld.de\\\/?p=17529#primaryimage\"},\"thumbnailUrl\":\"https:\\\/\\\/www.gesamtschule-eiserfeld.de\\\/wp-content\\\/uploads\\\/2023\\\/02\\\/Kremer-Werner-e1675761236515-300x248.jpg\",\"datePublished\":\"2023-02-07T09:14:49+00:00\",\"dateModified\":\"2023-02-28T07:37:06+00:00\",\"breadcrumb\":{\"@id\":\"https:\\\/\\\/www.gesamtschule-eiserfeld.de\\\/?p=17529#breadcrumb\"},\"inLanguage\":\"de\",\"potentialAction\":[{\"@type\":\"ReadAction\",\"target\":[\"https:\\\/\\\/www.gesamtschule-eiserfeld.de\\\/?p=17529\"]}]},{\"@type\":\"ImageObject\",\"inLanguage\":\"de\",\"@id\":\"https:\\\/\\\/www.gesamtschule-eiserfeld.de\\\/?p=17529#primaryimage\",\"url\":\"https:\\\/\\\/i0.wp.com\\\/www.gesamtschule-eiserfeld.de\\\/wp-content\\\/uploads\\\/2023\\\/02\\\/Kremer-Werner-e1675761236515.jpg?fit=900%2C744&ssl=1\",\"contentUrl\":\"https:\\\/\\\/i0.wp.com\\\/www.gesamtschule-eiserfeld.de\\\/wp-content\\\/uploads\\\/2023\\\/02\\\/Kremer-Werner-e1675761236515.jpg?fit=900%2C744&ssl=1\",\"width\":900,\"height\":744},{\"@type\":\"BreadcrumbList\",\"@id\":\"https:\\\/\\\/www.gesamtschule-eiserfeld.de\\\/?p=17529#breadcrumb\",\"itemListElement\":[{\"@type\":\"ListItem\",\"position\":1,\"name\":\"Startseite\",\"item\":\"https:\\\/\\\/www.gesamtschule-eiserfeld.de\\\/\"},{\"@type\":\"ListItem\",\"position\":2,\"name\":\"Schulleiter Werner J\u00fcngst wird in den Ruhestand verabschiedet\"}]},{\"@type\":\"WebSite\",\"@id\":\"https:\\\/\\\/www.gesamtschule-eiserfeld.de\\\/#website\",\"url\":\"https:\\\/\\\/www.gesamtschule-eiserfeld.de\\\/\",\"name\":\"Gesamtschule Eiserfeld\",\"description\":\"\",\"publisher\":{\"@id\":\"https:\\\/\\\/www.gesamtschule-eiserfeld.de\\\/#organization\"},\"potentialAction\":[{\"@type\":\"SearchAction\",\"target\":{\"@type\":\"EntryPoint\",\"urlTemplate\":\"https:\\\/\\\/www.gesamtschule-eiserfeld.de\\\/?s={search_term_string}\"},\"query-input\":{\"@type\":\"PropertyValueSpecification\",\"valueRequired\":true,\"valueName\":\"search_term_string\"}}],\"inLanguage\":\"de\"},{\"@type\":\"Organization\",\"@id\":\"https:\\\/\\\/www.gesamtschule-eiserfeld.de\\\/#organization\",\"name\":\"Gesamtschule Eiserfeld\",\"url\":\"https:\\\/\\\/www.gesamtschule-eiserfeld.de\\\/\",\"logo\":{\"@type\":\"ImageObject\",\"inLanguage\":\"de\",\"@id\":\"https:\\\/\\\/www.gesamtschule-eiserfeld.de\\\/#\\\/schema\\\/logo\\\/image\\\/\",\"url\":\"https:\\\/\\\/i1.wp.com\\\/www.gesamtschule-eiserfeld.de\\\/wp-content\\\/uploads\\\/2019\\\/01\\\/GEE-Logo-neu.jpg?fit=436%2C126&ssl=1\",\"contentUrl\":\"https:\\\/\\\/i1.wp.com\\\/www.gesamtschule-eiserfeld.de\\\/wp-content\\\/uploads\\\/2019\\\/01\\\/GEE-Logo-neu.jpg?fit=436%2C126&ssl=1\",\"width\":436,\"height\":126,\"caption\":\"Gesamtschule Eiserfeld\"},\"image\":{\"@id\":\"https:\\\/\\\/www.gesamtschule-eiserfeld.de\\\/#\\\/schema\\\/logo\\\/image\\\/\"},\"sameAs\":[\"https:\\\/\\\/www.facebook.com\\\/GEEiserfeld\"]},{\"@type\":\"Person\",\"@id\":\"https:\\\/\\\/www.gesamtschule-eiserfeld.de\\\/#\\\/schema\\\/person\\\/9f37123dd2ff514a1346db435bdb3784\",\"name\":\"dorw\",\"sameAs\":[\"http:\\\/\\\/www.ge-eiserfeld.de\"],\"url\":\"https:\\\/\\\/www.gesamtschule-eiserfeld.de\\\/?author=9\"}]}<\/script>\n<!-- \/ Yoast SEO plugin. -->","yoast_head_json":{"title":"Schulleiter Werner J\u00fcngst wird in den Ruhestand verabschiedet - Gesamtschule Eiserfeld","robots":{"index":"index","follow":"follow","max-snippet":"max-snippet:-1","max-image-preview":"max-image-preview:large","max-video-preview":"max-video-preview:-1"},"canonical":"https:\/\/www.gesamtschule-eiserfeld.de\/?p=17529","og_locale":"de_DE","og_type":"article","og_title":"Schulleiter Werner J\u00fcngst wird in den Ruhestand verabschiedet - Gesamtschule Eiserfeld","og_description":"\u201ewhat remains is tomorrow\u201d [2023-02-07 DICK] Nach mehr als drei\u00dfigj\u00e4hriger T\u00e4tigkeit an der Gesamtschule Eiserfeld (GEE) wurde jetzt Schulleiter Werner J\u00fcngst in einer Feierstunde in den Ruhestand verabschiedet. Gerne waren B\u00fcrgermeister Steffen Mues, Dezernent Andreas Kremer und die Vertreter der Elternpflegschaft, Monika Kreutz und Matthias Wirth, sowie viele Ehemalige und Kollegen der Einladung zur Verabschiedung &hellip; Schulleiter Werner J\u00fcngst wird in den Ruhestand verabschiedet weiterlesen &rarr;","og_url":"https:\/\/www.gesamtschule-eiserfeld.de\/?p=17529","og_site_name":"Gesamtschule Eiserfeld","article_publisher":"https:\/\/www.facebook.com\/GEEiserfeld","article_published_time":"2023-02-07T09:14:49+00:00","article_modified_time":"2023-02-28T07:37:06+00:00","og_image":[{"width":900,"height":744,"url":"https:\/\/www.gesamtschule-eiserfeld.de\/wp-content\/uploads\/2023\/02\/Kremer-Werner-e1675761236515.jpg","type":"image\/jpeg"}],"author":"dorw","twitter_card":"summary_large_image","twitter_misc":{"Verfasst von":"dorw","Gesch\u00e4tzte Lesezeit":"6\u00a0Minuten"},"schema":{"@context":"https:\/\/schema.org","@graph":[{"@type":"Article","@id":"https:\/\/www.gesamtschule-eiserfeld.de\/?p=17529#article","isPartOf":{"@id":"https:\/\/www.gesamtschule-eiserfeld.de\/?p=17529"},"author":{"name":"dorw","@id":"https:\/\/www.gesamtschule-eiserfeld.de\/#\/schema\/person\/9f37123dd2ff514a1346db435bdb3784"},"headline":"Schulleiter Werner J\u00fcngst wird in den Ruhestand verabschiedet","datePublished":"2023-02-07T09:14:49+00:00","dateModified":"2023-02-28T07:37:06+00:00","mainEntityOfPage":{"@id":"https:\/\/www.gesamtschule-eiserfeld.de\/?p=17529"},"wordCount":413,"publisher":{"@id":"https:\/\/www.gesamtschule-eiserfeld.de\/#organization"},"image":{"@id":"https:\/\/www.gesamtschule-eiserfeld.de\/?p=17529#primaryimage"},"thumbnailUrl":"https:\/\/www.gesamtschule-eiserfeld.de\/wp-content\/uploads\/2023\/02\/Kremer-Werner-e1675761236515-300x248.jpg","articleSection":["SCHULLEITUNG","VERABSCHIEDUNGEN"],"inLanguage":"de"},{"@type":"WebPage","@id":"https:\/\/www.gesamtschule-eiserfeld.de\/?p=17529","url":"https:\/\/www.gesamtschule-eiserfeld.de\/?p=17529","name":"Schulleiter Werner J\u00fcngst wird in den Ruhestand verabschiedet - Gesamtschule Eiserfeld","isPartOf":{"@id":"https:\/\/www.gesamtschule-eiserfeld.de\/#website"},"primaryImageOfPage":{"@id":"https:\/\/www.gesamtschule-eiserfeld.de\/?p=17529#primaryimage"},"image":{"@id":"https:\/\/www.gesamtschule-eiserfeld.de\/?p=17529#primaryimage"},"thumbnailUrl":"https:\/\/www.gesamtschule-eiserfeld.de\/wp-content\/uploads\/2023\/02\/Kremer-Werner-e1675761236515-300x248.jpg","datePublished":"2023-02-07T09:14:49+00:00","dateModified":"2023-02-28T07:37:06+00:00","breadcrumb":{"@id":"https:\/\/www.gesamtschule-eiserfeld.de\/?p=17529#breadcrumb"},"inLanguage":"de","potentialAction":[{"@type":"ReadAction","target":["https:\/\/www.gesamtschule-eiserfeld.de\/?p=17529"]}]},{"@type":"ImageObject","inLanguage":"de","@id":"https:\/\/www.gesamtschule-eiserfeld.de\/?p=17529#primaryimage","url":"https:\/\/i0.wp.com\/www.gesamtschule-eiserfeld.de\/wp-content\/uploads\/2023\/02\/Kremer-Werner-e1675761236515.jpg?fit=900%2C744&ssl=1","contentUrl":"https:\/\/i0.wp.com\/www.gesamtschule-eiserfeld.de\/wp-content\/uploads\/2023\/02\/Kremer-Werner-e1675761236515.jpg?fit=900%2C744&ssl=1","width":900,"height":744},{"@type":"BreadcrumbList","@id":"https:\/\/www.gesamtschule-eiserfeld.de\/?p=17529#breadcrumb","itemListElement":[{"@type":"ListItem","position":1,"name":"Startseite","item":"https:\/\/www.gesamtschule-eiserfeld.de\/"},{"@type":"ListItem","position":2,"name":"Schulleiter Werner J\u00fcngst wird in den Ruhestand verabschiedet"}]},{"@type":"WebSite","@id":"https:\/\/www.gesamtschule-eiserfeld.de\/#website","url":"https:\/\/www.gesamtschule-eiserfeld.de\/","name":"Gesamtschule Eiserfeld","description":"","publisher":{"@id":"https:\/\/www.gesamtschule-eiserfeld.de\/#organization"},"potentialAction":[{"@type":"SearchAction","target":{"@type":"EntryPoint","urlTemplate":"https:\/\/www.gesamtschule-eiserfeld.de\/?s={search_term_string}"},"query-input":{"@type":"PropertyValueSpecification","valueRequired":true,"valueName":"search_term_string"}}],"inLanguage":"de"},{"@type":"Organization","@id":"https:\/\/www.gesamtschule-eiserfeld.de\/#organization","name":"Gesamtschule Eiserfeld","url":"https:\/\/www.gesamtschule-eiserfeld.de\/","logo":{"@type":"ImageObject","inLanguage":"de","@id":"https:\/\/www.gesamtschule-eiserfeld.de\/#\/schema\/logo\/image\/","url":"https:\/\/i1.wp.com\/www.gesamtschule-eiserfeld.de\/wp-content\/uploads\/2019\/01\/GEE-Logo-neu.jpg?fit=436%2C126&ssl=1","contentUrl":"https:\/\/i1.wp.com\/www.gesamtschule-eiserfeld.de\/wp-content\/uploads\/2019\/01\/GEE-Logo-neu.jpg?fit=436%2C126&ssl=1","width":436,"height":126,"caption":"Gesamtschule Eiserfeld"},"image":{"@id":"https:\/\/www.gesamtschule-eiserfeld.de\/#\/schema\/logo\/image\/"},"sameAs":["https:\/\/www.facebook.com\/GEEiserfeld"]},{"@type":"Person","@id":"https:\/\/www.gesamtschule-eiserfeld.de\/#\/schema\/person\/9f37123dd2ff514a1346db435bdb3784","name":"dorw","sameAs":["http:\/\/www.ge-eiserfeld.de"],"url":"https:\/\/www.gesamtschule-eiserfeld.de\/?author=9"}]}},"jetpack_publicize_connections":[],"jetpack_featured_media_url":"","jetpack_shortlink":"https:\/\/wp.me\/p2weeL-4yJ","jetpack_sharing_enabled":true,"_links":{"self":[{"href":"https:\/\/www.gesamtschule-eiserfeld.de\/index.php?rest_route=\/wp\/v2\/posts\/17529","targetHints":{"allow":["GET"]}}],"collection":[{"href":"https:\/\/www.gesamtschule-eiserfeld.de\/index.php?rest_route=\/wp\/v2\/posts"}],"about":[{"href":"https:\/\/www.gesamtschule-eiserfeld.de\/index.php?rest_route=\/wp\/v2\/types\/post"}],"author":[{"embeddable":true,"href":"https:\/\/www.gesamtschule-eiserfeld.de\/index.php?rest_route=\/wp\/v2\/users\/9"}],"replies":[{"embeddable":true,"href":"https:\/\/www.gesamtschule-eiserfeld.de\/index.php?rest_route=%2Fwp%2Fv2%2Fcomments&post=17529"}],"version-history":[{"count":8,"href":"https:\/\/www.gesamtschule-eiserfeld.de\/index.php?rest_route=\/wp\/v2\/posts\/17529\/revisions"}],"predecessor-version":[{"id":17613,"href":"https:\/\/www.gesamtschule-eiserfeld.de\/index.php?rest_route=\/wp\/v2\/posts\/17529\/revisions\/17613"}],"wp:attachment":[{"href":"https:\/\/www.gesamtschule-eiserfeld.de\/index.php?rest_route=%2Fwp%2Fv2%2Fmedia&parent=17529"}],"wp:term":[{"taxonomy":"category","embeddable":true,"href":"https:\/\/www.gesamtschule-eiserfeld.de\/index.php?rest_route=%2Fwp%2Fv2%2Fcategories&post=17529"},{"taxonomy":"post_tag","embeddable":true,"href":"https:\/\/www.gesamtschule-eiserfeld.de\/index.php?rest_route=%2Fwp%2Fv2%2Ftags&post=17529"}],"curies":[{"name":"wp","href":"https:\/\/api.w.org\/{rel}","templated":true}]}}