{"id":17542,"date":"2023-02-13T18:00:00","date_gmt":"2023-02-13T17:00:00","guid":{"rendered":"https:\/\/www.gesamtschule-eiserfeld.de\/?p=17542"},"modified":"2023-02-28T08:35:58","modified_gmt":"2023-02-28T07:35:58","slug":"die-ef-besucht-das-hessenland-ausflug-nach-giessen-und-wetzlar","status":"publish","type":"post","link":"https:\/\/www.gesamtschule-eiserfeld.de\/?p=17542","title":{"rendered":"Die EF besucht das Hessenland \u2013 Ausflug nach Gie\u00dfen und Wetzlar"},"content":{"rendered":"<p><a href=\"https:\/\/www.gesamtschule-eiserfeld.de\/?attachment_id=17547\" rel=\"attachment wp-att-17547\"><img data-recalc-dims=\"1\" loading=\"lazy\" decoding=\"async\" data-attachment-id=\"17547\" data-permalink=\"https:\/\/www.gesamtschule-eiserfeld.de\/?attachment_id=17547\" data-orig-file=\"https:\/\/i0.wp.com\/www.gesamtschule-eiserfeld.de\/wp-content\/uploads\/2023\/02\/IMG_8262.jpg?fit=1200%2C900&amp;ssl=1\" data-orig-size=\"1200,900\" data-comments-opened=\"0\" data-image-meta=\"{&quot;aperture&quot;:&quot;1.8&quot;,&quot;credit&quot;:&quot;&quot;,&quot;camera&quot;:&quot;iPhone 8&quot;,&quot;caption&quot;:&quot;&quot;,&quot;created_timestamp&quot;:&quot;1675348206&quot;,&quot;copyright&quot;:&quot;&quot;,&quot;focal_length&quot;:&quot;3.99&quot;,&quot;iso&quot;:&quot;100&quot;,&quot;shutter_speed&quot;:&quot;0.071428571428571&quot;,&quot;title&quot;:&quot;&quot;,&quot;orientation&quot;:&quot;1&quot;}\" data-image-title=\"IMG_8262\" data-image-description=\"\" data-image-caption=\"\" data-large-file=\"https:\/\/i0.wp.com\/www.gesamtschule-eiserfeld.de\/wp-content\/uploads\/2023\/02\/IMG_8262.jpg?fit=474%2C356&amp;ssl=1\" class=\" wp-image-17547 alignleft\" src=\"https:\/\/i0.wp.com\/www.gesamtschule-eiserfeld.de\/wp-content\/uploads\/2023\/02\/IMG_8262.jpg?resize=249%2C187&#038;ssl=1\" alt=\"\" width=\"249\" height=\"187\" srcset=\"https:\/\/i0.wp.com\/www.gesamtschule-eiserfeld.de\/wp-content\/uploads\/2023\/02\/IMG_8262.jpg?resize=300%2C225&amp;ssl=1 300w, https:\/\/i0.wp.com\/www.gesamtschule-eiserfeld.de\/wp-content\/uploads\/2023\/02\/IMG_8262.jpg?resize=1024%2C768&amp;ssl=1 1024w, https:\/\/i0.wp.com\/www.gesamtschule-eiserfeld.de\/wp-content\/uploads\/2023\/02\/IMG_8262.jpg?resize=200%2C150&amp;ssl=1 200w, https:\/\/i0.wp.com\/www.gesamtschule-eiserfeld.de\/wp-content\/uploads\/2023\/02\/IMG_8262.jpg?resize=768%2C576&amp;ssl=1 768w, https:\/\/i0.wp.com\/www.gesamtschule-eiserfeld.de\/wp-content\/uploads\/2023\/02\/IMG_8262.jpg?w=1200&amp;ssl=1 1200w, https:\/\/i0.wp.com\/www.gesamtschule-eiserfeld.de\/wp-content\/uploads\/2023\/02\/IMG_8262.jpg?w=948&amp;ssl=1 948w\" sizes=\"auto, (max-width: 249px) 100vw, 249px\" \/><\/a>[2023-02-13 HOFA] In der vergangenen Woche ging es f\u00fcr die EF auf gro\u00dfe Exkursion. Eine Teilgruppe fuhr nach Gie\u00dfen, wo der Schwerpunkt im mathemtisch-naturwissenschaftlichen Bereich lag. Im Mathematikum konnten die Sch\u00fclerinnen und Sch\u00fcler an \u00fcber 170<\/p>\n<p><a href=\"https:\/\/www.gesamtschule-eiserfeld.de\/?attachment_id=17545\" rel=\"attachment wp-att-17545\"><img data-recalc-dims=\"1\" loading=\"lazy\" decoding=\"async\" data-attachment-id=\"17545\" data-permalink=\"https:\/\/www.gesamtschule-eiserfeld.de\/?attachment_id=17545\" data-orig-file=\"https:\/\/i0.wp.com\/www.gesamtschule-eiserfeld.de\/wp-content\/uploads\/2023\/02\/IMG_1477.jpg?fit=1200%2C900&amp;ssl=1\" data-orig-size=\"1200,900\" data-comments-opened=\"0\" data-image-meta=\"{&quot;aperture&quot;:&quot;1.8&quot;,&quot;credit&quot;:&quot;&quot;,&quot;camera&quot;:&quot;iPhone 11&quot;,&quot;caption&quot;:&quot;&quot;,&quot;created_timestamp&quot;:&quot;1675347310&quot;,&quot;copyright&quot;:&quot;&quot;,&quot;focal_length&quot;:&quot;4.25&quot;,&quot;iso&quot;:&quot;80&quot;,&quot;shutter_speed&quot;:&quot;0.02&quot;,&quot;title&quot;:&quot;&quot;,&quot;orientation&quot;:&quot;1&quot;}\" data-image-title=\"IMG_1477\" data-image-description=\"\" data-image-caption=\"\" data-large-file=\"https:\/\/i0.wp.com\/www.gesamtschule-eiserfeld.de\/wp-content\/uploads\/2023\/02\/IMG_1477.jpg?fit=474%2C356&amp;ssl=1\" class=\" wp-image-17545 alignright\" src=\"https:\/\/i0.wp.com\/www.gesamtschule-eiserfeld.de\/wp-content\/uploads\/2023\/02\/IMG_1477.jpg?resize=255%2C191&#038;ssl=1\" alt=\"\" width=\"255\" height=\"191\" srcset=\"https:\/\/i0.wp.com\/www.gesamtschule-eiserfeld.de\/wp-content\/uploads\/2023\/02\/IMG_1477.jpg?resize=300%2C225&amp;ssl=1 300w, https:\/\/i0.wp.com\/www.gesamtschule-eiserfeld.de\/wp-content\/uploads\/2023\/02\/IMG_1477.jpg?resize=1024%2C768&amp;ssl=1 1024w, https:\/\/i0.wp.com\/www.gesamtschule-eiserfeld.de\/wp-content\/uploads\/2023\/02\/IMG_1477.jpg?resize=200%2C150&amp;ssl=1 200w, https:\/\/i0.wp.com\/www.gesamtschule-eiserfeld.de\/wp-content\/uploads\/2023\/02\/IMG_1477.jpg?resize=768%2C576&amp;ssl=1 768w, https:\/\/i0.wp.com\/www.gesamtschule-eiserfeld.de\/wp-content\/uploads\/2023\/02\/IMG_1477.jpg?w=1200&amp;ssl=1 1200w, https:\/\/i0.wp.com\/www.gesamtschule-eiserfeld.de\/wp-content\/uploads\/2023\/02\/IMG_1477.jpg?w=948&amp;ssl=1 948w\" sizes=\"auto, (max-width: 255px) 100vw, 255px\" \/><\/a> Experimentierstationen auf spielerische Weise Mathematik neu erfahren. Au\u00dferdem stand ein Besuch des Fachbereichs Physik an der Universit\u00e4t Gie\u00dfen an. Hier wurde eindrucksvoll gezeigt, an welchen Dingen und mit welchen Apparaturen derzeit geforscht wird.<!--more--><\/p>\n<p><a href=\"https:\/\/www.gesamtschule-eiserfeld.de\/?attachment_id=17543\" rel=\"attachment wp-att-17543\"><img data-recalc-dims=\"1\" loading=\"lazy\" decoding=\"async\" data-attachment-id=\"17543\" data-permalink=\"https:\/\/www.gesamtschule-eiserfeld.de\/?attachment_id=17543\" data-orig-file=\"https:\/\/i0.wp.com\/www.gesamtschule-eiserfeld.de\/wp-content\/uploads\/2023\/02\/20230202_113327.jpg?fit=1200%2C900&amp;ssl=1\" data-orig-size=\"1200,900\" data-comments-opened=\"0\" data-image-meta=\"{&quot;aperture&quot;:&quot;1.8&quot;,&quot;credit&quot;:&quot;&quot;,&quot;camera&quot;:&quot;SM-A415F&quot;,&quot;caption&quot;:&quot;&quot;,&quot;created_timestamp&quot;:&quot;1675337607&quot;,&quot;copyright&quot;:&quot;&quot;,&quot;focal_length&quot;:&quot;4.65&quot;,&quot;iso&quot;:&quot;2500&quot;,&quot;shutter_speed&quot;:&quot;0.080001&quot;,&quot;title&quot;:&quot;&quot;,&quot;orientation&quot;:&quot;1&quot;}\" data-image-title=\"20230202_113327\" data-image-description=\"\" data-image-caption=\"\" data-large-file=\"https:\/\/i0.wp.com\/www.gesamtschule-eiserfeld.de\/wp-content\/uploads\/2023\/02\/20230202_113327.jpg?fit=474%2C356&amp;ssl=1\" class=\" wp-image-17543 alignleft\" src=\"https:\/\/i0.wp.com\/www.gesamtschule-eiserfeld.de\/wp-content\/uploads\/2023\/02\/20230202_113327.jpg?resize=255%2C191&#038;ssl=1\" alt=\"\" width=\"255\" height=\"191\" srcset=\"https:\/\/i0.wp.com\/www.gesamtschule-eiserfeld.de\/wp-content\/uploads\/2023\/02\/20230202_113327.jpg?resize=300%2C225&amp;ssl=1 300w, https:\/\/i0.wp.com\/www.gesamtschule-eiserfeld.de\/wp-content\/uploads\/2023\/02\/20230202_113327.jpg?resize=1024%2C768&amp;ssl=1 1024w, https:\/\/i0.wp.com\/www.gesamtschule-eiserfeld.de\/wp-content\/uploads\/2023\/02\/20230202_113327.jpg?resize=200%2C150&amp;ssl=1 200w, https:\/\/i0.wp.com\/www.gesamtschule-eiserfeld.de\/wp-content\/uploads\/2023\/02\/20230202_113327.jpg?resize=768%2C576&amp;ssl=1 768w, https:\/\/i0.wp.com\/www.gesamtschule-eiserfeld.de\/wp-content\/uploads\/2023\/02\/20230202_113327.jpg?w=1200&amp;ssl=1 1200w, https:\/\/i0.wp.com\/www.gesamtschule-eiserfeld.de\/wp-content\/uploads\/2023\/02\/20230202_113327.jpg?w=948&amp;ssl=1 948w\" sizes=\"auto, (max-width: 255px) 100vw, 255px\" \/><\/a>Eine zweite Teilgruppe besuchte Wetzlar mit einem sprachlich-gesellschaftswissenschaftlichen Schwerpunkt. Zum einen konnten sich die Sch\u00fclerinnen und Sch\u00fcler im Rahmen einer F\u00fchrung auf die Spuren von Goethes Wirken in der Stadt begeben. Der Besuch eines Stollens zeigte eindrucksvoll sowohl die Erlebnisse der Wetzlarer B\u00fcrger bei alliierten Luftangriffen als auch die Arbeitsverh\u00e4ltnisse von Kriegsgefangenen und Zwangsarbeiten im Schatten des Zweiten Weltkrieges.<\/p>\n","protected":false},"excerpt":{"rendered":"<p>[2023-02-13 HOFA] In der vergangenen Woche ging es f\u00fcr die EF auf gro\u00dfe Exkursion. Eine Teilgruppe fuhr nach Gie\u00dfen, wo der Schwerpunkt im mathemtisch-naturwissenschaftlichen Bereich lag. Im Mathematikum konnten die Sch\u00fclerinnen und Sch\u00fcler an \u00fcber 170 Experimentierstationen auf spielerische Weise Mathematik neu erfahren. Au\u00dferdem stand ein Besuch des Fachbereichs Physik an der Universit\u00e4t Gie\u00dfen an. &hellip; <a href=\"https:\/\/www.gesamtschule-eiserfeld.de\/?p=17542\" class=\"more-link\"><span class=\"screen-reader-text\">Die EF besucht das Hessenland \u2013 Ausflug nach Gie\u00dfen und Wetzlar<\/span> weiterlesen <span class=\"meta-nav\">&rarr;<\/span><\/a><\/p>\n","protected":false},"author":9,"featured_media":0,"comment_status":"closed","ping_status":"open","sticky":false,"template":"","format":"standard","meta":{"jetpack_post_was_ever_published":false,"_jetpack_newsletter_access":"","_jetpack_dont_email_post_to_subs":false,"_jetpack_newsletter_tier_id":0,"_jetpack_memberships_contains_paywalled_content":false,"_jetpack_memberships_contains_paid_content":false,"footnotes":"","jetpack_publicize_message":"","jetpack_publicize_feature_enabled":true,"jetpack_social_post_already_shared":true,"jetpack_social_options":{"image_generator_settings":{"template":"highway","default_image_id":0,"font":"","enabled":false},"version":2}},"categories":[18,141],"tags":[],"class_list":["post-17542","post","type-post","status-publish","format-standard","hentry","category-exkursion","category-mathematik"],"yoast_head":"<!-- This site is optimized with the Yoast SEO plugin v27.4 - https:\/\/yoast.com\/product\/yoast-seo-wordpress\/ -->\n<title>Die EF besucht das Hessenland \u2013 Ausflug nach Gie\u00dfen und Wetzlar - Gesamtschule Eiserfeld<\/title>\n<meta name=\"robots\" content=\"index, follow, max-snippet:-1, max-image-preview:large, max-video-preview:-1\" \/>\n<link rel=\"canonical\" href=\"https:\/\/www.gesamtschule-eiserfeld.de\/?p=17542\" \/>\n<meta property=\"og:locale\" content=\"de_DE\" \/>\n<meta property=\"og:type\" content=\"article\" \/>\n<meta property=\"og:title\" content=\"Die EF besucht das Hessenland \u2013 Ausflug nach Gie\u00dfen und Wetzlar - Gesamtschule Eiserfeld\" \/>\n<meta property=\"og:description\" content=\"[2023-02-13 HOFA] In der vergangenen Woche ging es f\u00fcr die EF auf gro\u00dfe Exkursion. Eine Teilgruppe fuhr nach Gie\u00dfen, wo der Schwerpunkt im mathemtisch-naturwissenschaftlichen Bereich lag. Im Mathematikum konnten die Sch\u00fclerinnen und Sch\u00fcler an \u00fcber 170 Experimentierstationen auf spielerische Weise Mathematik neu erfahren. Au\u00dferdem stand ein Besuch des Fachbereichs Physik an der Universit\u00e4t Gie\u00dfen an. &hellip; Die EF besucht das Hessenland \u2013 Ausflug nach Gie\u00dfen und Wetzlar weiterlesen &rarr;\" \/>\n<meta property=\"og:url\" content=\"https:\/\/www.gesamtschule-eiserfeld.de\/?p=17542\" \/>\n<meta property=\"og:site_name\" content=\"Gesamtschule Eiserfeld\" \/>\n<meta property=\"article:publisher\" content=\"https:\/\/www.facebook.com\/GEEiserfeld\" \/>\n<meta property=\"article:published_time\" content=\"2023-02-13T17:00:00+00:00\" \/>\n<meta property=\"article:modified_time\" content=\"2023-02-28T07:35:58+00:00\" \/>\n<meta property=\"og:image\" content=\"https:\/\/www.gesamtschule-eiserfeld.de\/wp-content\/uploads\/2023\/02\/IMG_8262-300x225.jpg\" \/>\n<meta name=\"author\" content=\"dorw\" \/>\n<meta name=\"twitter:card\" content=\"summary_large_image\" \/>\n<meta name=\"twitter:label1\" content=\"Verfasst von\" \/>\n\t<meta name=\"twitter:data1\" content=\"dorw\" \/>\n\t<meta name=\"twitter:label2\" content=\"Gesch\u00e4tzte Lesezeit\" \/>\n\t<meta name=\"twitter:data2\" content=\"2\u00a0Minuten\" \/>\n<script type=\"application\/ld+json\" class=\"yoast-schema-graph\">{\"@context\":\"https:\\\/\\\/schema.org\",\"@graph\":[{\"@type\":\"Article\",\"@id\":\"https:\\\/\\\/www.gesamtschule-eiserfeld.de\\\/?p=17542#article\",\"isPartOf\":{\"@id\":\"https:\\\/\\\/www.gesamtschule-eiserfeld.de\\\/?p=17542\"},\"author\":{\"name\":\"dorw\",\"@id\":\"https:\\\/\\\/www.gesamtschule-eiserfeld.de\\\/#\\\/schema\\\/person\\\/9f37123dd2ff514a1346db435bdb3784\"},\"headline\":\"Die EF besucht das Hessenland \u2013 Ausflug nach Gie\u00dfen und Wetzlar\",\"datePublished\":\"2023-02-13T17:00:00+00:00\",\"dateModified\":\"2023-02-28T07:35:58+00:00\",\"mainEntityOfPage\":{\"@id\":\"https:\\\/\\\/www.gesamtschule-eiserfeld.de\\\/?p=17542\"},\"wordCount\":152,\"publisher\":{\"@id\":\"https:\\\/\\\/www.gesamtschule-eiserfeld.de\\\/#organization\"},\"image\":{\"@id\":\"https:\\\/\\\/www.gesamtschule-eiserfeld.de\\\/?p=17542#primaryimage\"},\"thumbnailUrl\":\"https:\\\/\\\/www.gesamtschule-eiserfeld.de\\\/wp-content\\\/uploads\\\/2023\\\/02\\\/IMG_8262-300x225.jpg\",\"articleSection\":[\"Exkursion\",\"Mathematik\"],\"inLanguage\":\"de\"},{\"@type\":\"WebPage\",\"@id\":\"https:\\\/\\\/www.gesamtschule-eiserfeld.de\\\/?p=17542\",\"url\":\"https:\\\/\\\/www.gesamtschule-eiserfeld.de\\\/?p=17542\",\"name\":\"Die EF besucht das Hessenland \u2013 Ausflug nach Gie\u00dfen und Wetzlar - Gesamtschule Eiserfeld\",\"isPartOf\":{\"@id\":\"https:\\\/\\\/www.gesamtschule-eiserfeld.de\\\/#website\"},\"primaryImageOfPage\":{\"@id\":\"https:\\\/\\\/www.gesamtschule-eiserfeld.de\\\/?p=17542#primaryimage\"},\"image\":{\"@id\":\"https:\\\/\\\/www.gesamtschule-eiserfeld.de\\\/?p=17542#primaryimage\"},\"thumbnailUrl\":\"https:\\\/\\\/www.gesamtschule-eiserfeld.de\\\/wp-content\\\/uploads\\\/2023\\\/02\\\/IMG_8262-300x225.jpg\",\"datePublished\":\"2023-02-13T17:00:00+00:00\",\"dateModified\":\"2023-02-28T07:35:58+00:00\",\"breadcrumb\":{\"@id\":\"https:\\\/\\\/www.gesamtschule-eiserfeld.de\\\/?p=17542#breadcrumb\"},\"inLanguage\":\"de\",\"potentialAction\":[{\"@type\":\"ReadAction\",\"target\":[\"https:\\\/\\\/www.gesamtschule-eiserfeld.de\\\/?p=17542\"]}]},{\"@type\":\"ImageObject\",\"inLanguage\":\"de\",\"@id\":\"https:\\\/\\\/www.gesamtschule-eiserfeld.de\\\/?p=17542#primaryimage\",\"url\":\"https:\\\/\\\/i0.wp.com\\\/www.gesamtschule-eiserfeld.de\\\/wp-content\\\/uploads\\\/2023\\\/02\\\/IMG_8262.jpg?fit=1200%2C900&ssl=1\",\"contentUrl\":\"https:\\\/\\\/i0.wp.com\\\/www.gesamtschule-eiserfeld.de\\\/wp-content\\\/uploads\\\/2023\\\/02\\\/IMG_8262.jpg?fit=1200%2C900&ssl=1\",\"width\":1200,\"height\":900},{\"@type\":\"BreadcrumbList\",\"@id\":\"https:\\\/\\\/www.gesamtschule-eiserfeld.de\\\/?p=17542#breadcrumb\",\"itemListElement\":[{\"@type\":\"ListItem\",\"position\":1,\"name\":\"Startseite\",\"item\":\"https:\\\/\\\/www.gesamtschule-eiserfeld.de\\\/\"},{\"@type\":\"ListItem\",\"position\":2,\"name\":\"Die EF besucht das Hessenland \u2013 Ausflug nach Gie\u00dfen und Wetzlar\"}]},{\"@type\":\"WebSite\",\"@id\":\"https:\\\/\\\/www.gesamtschule-eiserfeld.de\\\/#website\",\"url\":\"https:\\\/\\\/www.gesamtschule-eiserfeld.de\\\/\",\"name\":\"Gesamtschule Eiserfeld\",\"description\":\"\",\"publisher\":{\"@id\":\"https:\\\/\\\/www.gesamtschule-eiserfeld.de\\\/#organization\"},\"potentialAction\":[{\"@type\":\"SearchAction\",\"target\":{\"@type\":\"EntryPoint\",\"urlTemplate\":\"https:\\\/\\\/www.gesamtschule-eiserfeld.de\\\/?s={search_term_string}\"},\"query-input\":{\"@type\":\"PropertyValueSpecification\",\"valueRequired\":true,\"valueName\":\"search_term_string\"}}],\"inLanguage\":\"de\"},{\"@type\":\"Organization\",\"@id\":\"https:\\\/\\\/www.gesamtschule-eiserfeld.de\\\/#organization\",\"name\":\"Gesamtschule Eiserfeld\",\"url\":\"https:\\\/\\\/www.gesamtschule-eiserfeld.de\\\/\",\"logo\":{\"@type\":\"ImageObject\",\"inLanguage\":\"de\",\"@id\":\"https:\\\/\\\/www.gesamtschule-eiserfeld.de\\\/#\\\/schema\\\/logo\\\/image\\\/\",\"url\":\"https:\\\/\\\/i1.wp.com\\\/www.gesamtschule-eiserfeld.de\\\/wp-content\\\/uploads\\\/2019\\\/01\\\/GEE-Logo-neu.jpg?fit=436%2C126&ssl=1\",\"contentUrl\":\"https:\\\/\\\/i1.wp.com\\\/www.gesamtschule-eiserfeld.de\\\/wp-content\\\/uploads\\\/2019\\\/01\\\/GEE-Logo-neu.jpg?fit=436%2C126&ssl=1\",\"width\":436,\"height\":126,\"caption\":\"Gesamtschule Eiserfeld\"},\"image\":{\"@id\":\"https:\\\/\\\/www.gesamtschule-eiserfeld.de\\\/#\\\/schema\\\/logo\\\/image\\\/\"},\"sameAs\":[\"https:\\\/\\\/www.facebook.com\\\/GEEiserfeld\"]},{\"@type\":\"Person\",\"@id\":\"https:\\\/\\\/www.gesamtschule-eiserfeld.de\\\/#\\\/schema\\\/person\\\/9f37123dd2ff514a1346db435bdb3784\",\"name\":\"dorw\",\"sameAs\":[\"http:\\\/\\\/www.ge-eiserfeld.de\"],\"url\":\"https:\\\/\\\/www.gesamtschule-eiserfeld.de\\\/?author=9\"}]}<\/script>\n<!-- \/ Yoast SEO plugin. -->","yoast_head_json":{"title":"Die EF besucht das Hessenland \u2013 Ausflug nach Gie\u00dfen und Wetzlar - Gesamtschule Eiserfeld","robots":{"index":"index","follow":"follow","max-snippet":"max-snippet:-1","max-image-preview":"max-image-preview:large","max-video-preview":"max-video-preview:-1"},"canonical":"https:\/\/www.gesamtschule-eiserfeld.de\/?p=17542","og_locale":"de_DE","og_type":"article","og_title":"Die EF besucht das Hessenland \u2013 Ausflug nach Gie\u00dfen und Wetzlar - Gesamtschule Eiserfeld","og_description":"[2023-02-13 HOFA] In der vergangenen Woche ging es f\u00fcr die EF auf gro\u00dfe Exkursion. Eine Teilgruppe fuhr nach Gie\u00dfen, wo der Schwerpunkt im mathemtisch-naturwissenschaftlichen Bereich lag. Im Mathematikum konnten die Sch\u00fclerinnen und Sch\u00fcler an \u00fcber 170 Experimentierstationen auf spielerische Weise Mathematik neu erfahren. Au\u00dferdem stand ein Besuch des Fachbereichs Physik an der Universit\u00e4t Gie\u00dfen an. &hellip; Die EF besucht das Hessenland \u2013 Ausflug nach Gie\u00dfen und Wetzlar weiterlesen &rarr;","og_url":"https:\/\/www.gesamtschule-eiserfeld.de\/?p=17542","og_site_name":"Gesamtschule Eiserfeld","article_publisher":"https:\/\/www.facebook.com\/GEEiserfeld","article_published_time":"2023-02-13T17:00:00+00:00","article_modified_time":"2023-02-28T07:35:58+00:00","og_image":[{"url":"https:\/\/www.gesamtschule-eiserfeld.de\/wp-content\/uploads\/2023\/02\/IMG_8262-300x225.jpg","type":"","width":"","height":""}],"author":"dorw","twitter_card":"summary_large_image","twitter_misc":{"Verfasst von":"dorw","Gesch\u00e4tzte Lesezeit":"2\u00a0Minuten"},"schema":{"@context":"https:\/\/schema.org","@graph":[{"@type":"Article","@id":"https:\/\/www.gesamtschule-eiserfeld.de\/?p=17542#article","isPartOf":{"@id":"https:\/\/www.gesamtschule-eiserfeld.de\/?p=17542"},"author":{"name":"dorw","@id":"https:\/\/www.gesamtschule-eiserfeld.de\/#\/schema\/person\/9f37123dd2ff514a1346db435bdb3784"},"headline":"Die EF besucht das Hessenland \u2013 Ausflug nach Gie\u00dfen und Wetzlar","datePublished":"2023-02-13T17:00:00+00:00","dateModified":"2023-02-28T07:35:58+00:00","mainEntityOfPage":{"@id":"https:\/\/www.gesamtschule-eiserfeld.de\/?p=17542"},"wordCount":152,"publisher":{"@id":"https:\/\/www.gesamtschule-eiserfeld.de\/#organization"},"image":{"@id":"https:\/\/www.gesamtschule-eiserfeld.de\/?p=17542#primaryimage"},"thumbnailUrl":"https:\/\/www.gesamtschule-eiserfeld.de\/wp-content\/uploads\/2023\/02\/IMG_8262-300x225.jpg","articleSection":["Exkursion","Mathematik"],"inLanguage":"de"},{"@type":"WebPage","@id":"https:\/\/www.gesamtschule-eiserfeld.de\/?p=17542","url":"https:\/\/www.gesamtschule-eiserfeld.de\/?p=17542","name":"Die EF besucht das Hessenland \u2013 Ausflug nach Gie\u00dfen und Wetzlar - Gesamtschule Eiserfeld","isPartOf":{"@id":"https:\/\/www.gesamtschule-eiserfeld.de\/#website"},"primaryImageOfPage":{"@id":"https:\/\/www.gesamtschule-eiserfeld.de\/?p=17542#primaryimage"},"image":{"@id":"https:\/\/www.gesamtschule-eiserfeld.de\/?p=17542#primaryimage"},"thumbnailUrl":"https:\/\/www.gesamtschule-eiserfeld.de\/wp-content\/uploads\/2023\/02\/IMG_8262-300x225.jpg","datePublished":"2023-02-13T17:00:00+00:00","dateModified":"2023-02-28T07:35:58+00:00","breadcrumb":{"@id":"https:\/\/www.gesamtschule-eiserfeld.de\/?p=17542#breadcrumb"},"inLanguage":"de","potentialAction":[{"@type":"ReadAction","target":["https:\/\/www.gesamtschule-eiserfeld.de\/?p=17542"]}]},{"@type":"ImageObject","inLanguage":"de","@id":"https:\/\/www.gesamtschule-eiserfeld.de\/?p=17542#primaryimage","url":"https:\/\/i0.wp.com\/www.gesamtschule-eiserfeld.de\/wp-content\/uploads\/2023\/02\/IMG_8262.jpg?fit=1200%2C900&ssl=1","contentUrl":"https:\/\/i0.wp.com\/www.gesamtschule-eiserfeld.de\/wp-content\/uploads\/2023\/02\/IMG_8262.jpg?fit=1200%2C900&ssl=1","width":1200,"height":900},{"@type":"BreadcrumbList","@id":"https:\/\/www.gesamtschule-eiserfeld.de\/?p=17542#breadcrumb","itemListElement":[{"@type":"ListItem","position":1,"name":"Startseite","item":"https:\/\/www.gesamtschule-eiserfeld.de\/"},{"@type":"ListItem","position":2,"name":"Die EF besucht das Hessenland \u2013 Ausflug nach Gie\u00dfen und Wetzlar"}]},{"@type":"WebSite","@id":"https:\/\/www.gesamtschule-eiserfeld.de\/#website","url":"https:\/\/www.gesamtschule-eiserfeld.de\/","name":"Gesamtschule Eiserfeld","description":"","publisher":{"@id":"https:\/\/www.gesamtschule-eiserfeld.de\/#organization"},"potentialAction":[{"@type":"SearchAction","target":{"@type":"EntryPoint","urlTemplate":"https:\/\/www.gesamtschule-eiserfeld.de\/?s={search_term_string}"},"query-input":{"@type":"PropertyValueSpecification","valueRequired":true,"valueName":"search_term_string"}}],"inLanguage":"de"},{"@type":"Organization","@id":"https:\/\/www.gesamtschule-eiserfeld.de\/#organization","name":"Gesamtschule Eiserfeld","url":"https:\/\/www.gesamtschule-eiserfeld.de\/","logo":{"@type":"ImageObject","inLanguage":"de","@id":"https:\/\/www.gesamtschule-eiserfeld.de\/#\/schema\/logo\/image\/","url":"https:\/\/i1.wp.com\/www.gesamtschule-eiserfeld.de\/wp-content\/uploads\/2019\/01\/GEE-Logo-neu.jpg?fit=436%2C126&ssl=1","contentUrl":"https:\/\/i1.wp.com\/www.gesamtschule-eiserfeld.de\/wp-content\/uploads\/2019\/01\/GEE-Logo-neu.jpg?fit=436%2C126&ssl=1","width":436,"height":126,"caption":"Gesamtschule Eiserfeld"},"image":{"@id":"https:\/\/www.gesamtschule-eiserfeld.de\/#\/schema\/logo\/image\/"},"sameAs":["https:\/\/www.facebook.com\/GEEiserfeld"]},{"@type":"Person","@id":"https:\/\/www.gesamtschule-eiserfeld.de\/#\/schema\/person\/9f37123dd2ff514a1346db435bdb3784","name":"dorw","sameAs":["http:\/\/www.ge-eiserfeld.de"],"url":"https:\/\/www.gesamtschule-eiserfeld.de\/?author=9"}]}},"jetpack_publicize_connections":[],"jetpack_featured_media_url":"","jetpack_shortlink":"https:\/\/wp.me\/p2weeL-4yW","jetpack_sharing_enabled":true,"_links":{"self":[{"href":"https:\/\/www.gesamtschule-eiserfeld.de\/index.php?rest_route=\/wp\/v2\/posts\/17542","targetHints":{"allow":["GET"]}}],"collection":[{"href":"https:\/\/www.gesamtschule-eiserfeld.de\/index.php?rest_route=\/wp\/v2\/posts"}],"about":[{"href":"https:\/\/www.gesamtschule-eiserfeld.de\/index.php?rest_route=\/wp\/v2\/types\/post"}],"author":[{"embeddable":true,"href":"https:\/\/www.gesamtschule-eiserfeld.de\/index.php?rest_route=\/wp\/v2\/users\/9"}],"replies":[{"embeddable":true,"href":"https:\/\/www.gesamtschule-eiserfeld.de\/index.php?rest_route=%2Fwp%2Fv2%2Fcomments&post=17542"}],"version-history":[{"count":3,"href":"https:\/\/www.gesamtschule-eiserfeld.de\/index.php?rest_route=\/wp\/v2\/posts\/17542\/revisions"}],"predecessor-version":[{"id":17611,"href":"https:\/\/www.gesamtschule-eiserfeld.de\/index.php?rest_route=\/wp\/v2\/posts\/17542\/revisions\/17611"}],"wp:attachment":[{"href":"https:\/\/www.gesamtschule-eiserfeld.de\/index.php?rest_route=%2Fwp%2Fv2%2Fmedia&parent=17542"}],"wp:term":[{"taxonomy":"category","embeddable":true,"href":"https:\/\/www.gesamtschule-eiserfeld.de\/index.php?rest_route=%2Fwp%2Fv2%2Fcategories&post=17542"},{"taxonomy":"post_tag","embeddable":true,"href":"https:\/\/www.gesamtschule-eiserfeld.de\/index.php?rest_route=%2Fwp%2Fv2%2Ftags&post=17542"}],"curies":[{"name":"wp","href":"https:\/\/api.w.org\/{rel}","templated":true}]}}