{"id":17603,"date":"2023-02-28T08:33:48","date_gmt":"2023-02-28T07:33:48","guid":{"rendered":"https:\/\/www.gesamtschule-eiserfeld.de\/?p=17603"},"modified":"2023-04-16T20:37:32","modified_gmt":"2023-04-16T19:37:32","slug":"wann-machen-wir-das-wieder","status":"publish","type":"post","link":"https:\/\/www.gesamtschule-eiserfeld.de\/?p=17603","title":{"rendered":"Wann machen wir das wieder?"},"content":{"rendered":"<p><em><strong>Spendenaktionen an der GEE f\u00fcr Erdbebenopfer <\/strong><br \/>\n<\/em><a href=\"https:\/\/www.gesamtschule-eiserfeld.de\/?attachment_id=17604\" rel=\"attachment wp-att-17604\"><img data-recalc-dims=\"1\" loading=\"lazy\" decoding=\"async\" data-attachment-id=\"17604\" data-permalink=\"https:\/\/www.gesamtschule-eiserfeld.de\/?attachment_id=17604\" data-orig-file=\"https:\/\/i0.wp.com\/www.gesamtschule-eiserfeld.de\/wp-content\/uploads\/2023\/02\/1-1-rotated.jpg?fit=421%2C560&amp;ssl=1\" data-orig-size=\"421,560\" data-comments-opened=\"0\" data-image-meta=\"{&quot;aperture&quot;:&quot;0&quot;,&quot;credit&quot;:&quot;&quot;,&quot;camera&quot;:&quot;&quot;,&quot;caption&quot;:&quot;&quot;,&quot;created_timestamp&quot;:&quot;0&quot;,&quot;copyright&quot;:&quot;&quot;,&quot;focal_length&quot;:&quot;0&quot;,&quot;iso&quot;:&quot;0&quot;,&quot;shutter_speed&quot;:&quot;0&quot;,&quot;title&quot;:&quot;&quot;,&quot;orientation&quot;:&quot;1&quot;}\" data-image-title=\"1\" data-image-description=\"\" data-image-caption=\"\" data-large-file=\"https:\/\/i0.wp.com\/www.gesamtschule-eiserfeld.de\/wp-content\/uploads\/2023\/02\/1-1-rotated.jpg?fit=421%2C560&amp;ssl=1\" class=\"wp-image-17604 alignleft\" src=\"https:\/\/i0.wp.com\/www.gesamtschule-eiserfeld.de\/wp-content\/uploads\/2023\/02\/1-1.jpg?resize=174%2C231&#038;ssl=1\" alt=\"\" width=\"174\" height=\"231\" srcset=\"https:\/\/i0.wp.com\/www.gesamtschule-eiserfeld.de\/wp-content\/uploads\/2023\/02\/1-1-rotated.jpg?resize=226%2C300&amp;ssl=1 226w, https:\/\/i0.wp.com\/www.gesamtschule-eiserfeld.de\/wp-content\/uploads\/2023\/02\/1-1-rotated.jpg?resize=113%2C150&amp;ssl=1 113w, https:\/\/i0.wp.com\/www.gesamtschule-eiserfeld.de\/wp-content\/uploads\/2023\/02\/1-1-rotated.jpg?w=421&amp;ssl=1 421w\" sizes=\"auto, (max-width: 174px) 100vw, 174px\" \/><\/a>[2023-02-28 DICK] Die Bilder der Erdbebenkatastrophe in der T\u00fcrkei und in Syrien gingen um die Welt. Das Leid der Menschen in den betroffenen Regionen brachte eine Welle an Hilfsbereitschaft hervor und rief \u00fcberall zahlreiche Hilfsaktionen ins Leben. Auch an der Gesamtschule Eiserfeld (GEE) war die Anteilnahme riesengro\u00df und m\u00fcndete jetzt in etliche Spendenaktionen an der Schule.<!--more--><\/p>\n<p><a href=\"https:\/\/www.gesamtschule-eiserfeld.de\/?attachment_id=17605\" rel=\"attachment wp-att-17605\"><img data-recalc-dims=\"1\" loading=\"lazy\" decoding=\"async\" data-attachment-id=\"17605\" data-permalink=\"https:\/\/www.gesamtschule-eiserfeld.de\/?attachment_id=17605\" data-orig-file=\"https:\/\/i0.wp.com\/www.gesamtschule-eiserfeld.de\/wp-content\/uploads\/2023\/02\/2-1-rotated.jpg?fit=412%2C549&amp;ssl=1\" data-orig-size=\"412,549\" data-comments-opened=\"0\" data-image-meta=\"{&quot;aperture&quot;:&quot;0&quot;,&quot;credit&quot;:&quot;&quot;,&quot;camera&quot;:&quot;&quot;,&quot;caption&quot;:&quot;&quot;,&quot;created_timestamp&quot;:&quot;0&quot;,&quot;copyright&quot;:&quot;&quot;,&quot;focal_length&quot;:&quot;0&quot;,&quot;iso&quot;:&quot;0&quot;,&quot;shutter_speed&quot;:&quot;0&quot;,&quot;title&quot;:&quot;&quot;,&quot;orientation&quot;:&quot;1&quot;}\" data-image-title=\"2\" data-image-description=\"\" data-image-caption=\"\" data-large-file=\"https:\/\/i0.wp.com\/www.gesamtschule-eiserfeld.de\/wp-content\/uploads\/2023\/02\/2-1-rotated.jpg?fit=412%2C549&amp;ssl=1\" class=\"wp-image-17605 alignright\" src=\"https:\/\/i0.wp.com\/www.gesamtschule-eiserfeld.de\/wp-content\/uploads\/2023\/02\/2-1.jpg?resize=154%2C205&#038;ssl=1\" alt=\"\" width=\"154\" height=\"205\" srcset=\"https:\/\/i0.wp.com\/www.gesamtschule-eiserfeld.de\/wp-content\/uploads\/2023\/02\/2-1-rotated.jpg?resize=225%2C300&amp;ssl=1 225w, https:\/\/i0.wp.com\/www.gesamtschule-eiserfeld.de\/wp-content\/uploads\/2023\/02\/2-1-rotated.jpg?resize=113%2C150&amp;ssl=1 113w, https:\/\/i0.wp.com\/www.gesamtschule-eiserfeld.de\/wp-content\/uploads\/2023\/02\/2-1-rotated.jpg?w=412&amp;ssl=1 412w\" sizes=\"auto, (max-width: 154px) 100vw, 154px\" \/><\/a>Illayda, Aleyna, Fadia und Esra aus der Oberstufe, um hier nur einige Sch\u00fclerinnen stellvertretend f\u00fcr viele Helfende zu nennen, hatten jetzt alle H\u00e4nde voll zu tun. Ihr Pausenverkauf von gespendetem Kuchen und verschiedenen Leckereien kam sehr gut an, sodass sich ihre Spendenkasse rasch f\u00fcllte. Die gesamten Einnahmen dieser Aktion wollen sie \u00fcber Unicef den Opfern des Erdbebens zugutekommen lassen.<\/p>\n<p>Viele Sch\u00fcler an der GEE haben famili\u00e4re Wurzeln in der T\u00fcrkei oder in Syrien und sind allein daher emotional sehr ber\u00fchrt. Doch nicht nur ihr Engagement war enorm.<\/p>\n<p><a href=\"https:\/\/www.gesamtschule-eiserfeld.de\/?attachment_id=17607\" rel=\"attachment wp-att-17607\"><img data-recalc-dims=\"1\" loading=\"lazy\" decoding=\"async\" data-attachment-id=\"17607\" data-permalink=\"https:\/\/www.gesamtschule-eiserfeld.de\/?attachment_id=17607\" data-orig-file=\"https:\/\/i0.wp.com\/www.gesamtschule-eiserfeld.de\/wp-content\/uploads\/2023\/02\/4-1.jpg?fit=414%2C481&amp;ssl=1\" data-orig-size=\"414,481\" data-comments-opened=\"0\" data-image-meta=\"{&quot;aperture&quot;:&quot;0&quot;,&quot;credit&quot;:&quot;&quot;,&quot;camera&quot;:&quot;&quot;,&quot;caption&quot;:&quot;&quot;,&quot;created_timestamp&quot;:&quot;0&quot;,&quot;copyright&quot;:&quot;&quot;,&quot;focal_length&quot;:&quot;0&quot;,&quot;iso&quot;:&quot;0&quot;,&quot;shutter_speed&quot;:&quot;0&quot;,&quot;title&quot;:&quot;&quot;,&quot;orientation&quot;:&quot;0&quot;}\" data-image-title=\"4\" data-image-description=\"\" data-image-caption=\"\" data-large-file=\"https:\/\/i0.wp.com\/www.gesamtschule-eiserfeld.de\/wp-content\/uploads\/2023\/02\/4-1.jpg?fit=414%2C481&amp;ssl=1\" class=\" wp-image-17607 alignright\" src=\"https:\/\/i0.wp.com\/www.gesamtschule-eiserfeld.de\/wp-content\/uploads\/2023\/02\/4-1.jpg?resize=163%2C189&#038;ssl=1\" alt=\"\" width=\"163\" height=\"189\" srcset=\"https:\/\/i0.wp.com\/www.gesamtschule-eiserfeld.de\/wp-content\/uploads\/2023\/02\/4-1.jpg?resize=258%2C300&amp;ssl=1 258w, https:\/\/i0.wp.com\/www.gesamtschule-eiserfeld.de\/wp-content\/uploads\/2023\/02\/4-1.jpg?resize=129%2C150&amp;ssl=1 129w, https:\/\/i0.wp.com\/www.gesamtschule-eiserfeld.de\/wp-content\/uploads\/2023\/02\/4-1.jpg?w=414&amp;ssl=1 414w\" sizes=\"auto, (max-width: 163px) 100vw, 163px\" \/><\/a><a href=\"https:\/\/www.gesamtschule-eiserfeld.de\/?attachment_id=17606\" rel=\"attachment wp-att-17606\"><img data-recalc-dims=\"1\" loading=\"lazy\" decoding=\"async\" data-attachment-id=\"17606\" data-permalink=\"https:\/\/www.gesamtschule-eiserfeld.de\/?attachment_id=17606\" data-orig-file=\"https:\/\/i0.wp.com\/www.gesamtschule-eiserfeld.de\/wp-content\/uploads\/2023\/02\/3-1.jpg?fit=800%2C800&amp;ssl=1\" data-orig-size=\"800,800\" data-comments-opened=\"0\" data-image-meta=\"{&quot;aperture&quot;:&quot;0&quot;,&quot;credit&quot;:&quot;&quot;,&quot;camera&quot;:&quot;&quot;,&quot;caption&quot;:&quot;&quot;,&quot;created_timestamp&quot;:&quot;0&quot;,&quot;copyright&quot;:&quot;&quot;,&quot;focal_length&quot;:&quot;0&quot;,&quot;iso&quot;:&quot;0&quot;,&quot;shutter_speed&quot;:&quot;0&quot;,&quot;title&quot;:&quot;&quot;,&quot;orientation&quot;:&quot;0&quot;}\" data-image-title=\"3\" data-image-description=\"\" data-image-caption=\"\" data-large-file=\"https:\/\/i0.wp.com\/www.gesamtschule-eiserfeld.de\/wp-content\/uploads\/2023\/02\/3-1.jpg?fit=474%2C474&amp;ssl=1\" class=\"wp-image-17606 alignleft\" src=\"https:\/\/i0.wp.com\/www.gesamtschule-eiserfeld.de\/wp-content\/uploads\/2023\/02\/3-1.jpg?resize=184%2C184&#038;ssl=1\" alt=\"\" width=\"184\" height=\"184\" srcset=\"https:\/\/i0.wp.com\/www.gesamtschule-eiserfeld.de\/wp-content\/uploads\/2023\/02\/3-1.jpg?resize=300%2C300&amp;ssl=1 300w, https:\/\/i0.wp.com\/www.gesamtschule-eiserfeld.de\/wp-content\/uploads\/2023\/02\/3-1.jpg?resize=150%2C150&amp;ssl=1 150w, https:\/\/i0.wp.com\/www.gesamtschule-eiserfeld.de\/wp-content\/uploads\/2023\/02\/3-1.jpg?resize=768%2C768&amp;ssl=1 768w, https:\/\/i0.wp.com\/www.gesamtschule-eiserfeld.de\/wp-content\/uploads\/2023\/02\/3-1.jpg?w=800&amp;ssl=1 800w\" sizes=\"auto, (max-width: 184px) 100vw, 184px\" \/><\/a>\u201eWann machen wir das wieder?\u201c, diese Frage eines Sch\u00fclers aus der Gruppe der Streitschlichter macht deutlich, wie gro\u00df der Wille und die Bereitschaft zu helfen auch in der Unterstufe war. Hier wurden im Vorfeld sogar Plakate und Flyer erstellt, die auf ihren Waffelverkauf hinwiesen. Ihr Herzblut f\u00fcr ihre Verkaufsaktion am Hengsberg wurde auch mit gro\u00dfem Andrang belohnt und erbrachte einen Erl\u00f6s von 150 Euro. \u201eWir sind stolz und froh, dass wir ein bisschen f\u00fcr die Erdbebenopfer tun konnten\u201c, so die Streitschlichter, die damit auch die Solidarit\u00e4t der Schule ausdr\u00fcckten.<\/p>\n","protected":false},"excerpt":{"rendered":"<p>Spendenaktionen an der GEE f\u00fcr Erdbebenopfer [2023-02-28 DICK] Die Bilder der Erdbebenkatastrophe in der T\u00fcrkei und in Syrien gingen um die Welt. Das Leid der Menschen in den betroffenen Regionen brachte eine Welle an Hilfsbereitschaft hervor und rief \u00fcberall zahlreiche Hilfsaktionen ins Leben. Auch an der Gesamtschule Eiserfeld (GEE) war die Anteilnahme riesengro\u00df und m\u00fcndete &hellip; <a href=\"https:\/\/www.gesamtschule-eiserfeld.de\/?p=17603\" class=\"more-link\"><span class=\"screen-reader-text\">Wann machen wir das wieder?<\/span> weiterlesen <span class=\"meta-nav\">&rarr;<\/span><\/a><\/p>\n","protected":false},"author":9,"featured_media":0,"comment_status":"closed","ping_status":"open","sticky":false,"template":"","format":"standard","meta":{"jetpack_post_was_ever_published":false,"_jetpack_newsletter_access":"","_jetpack_dont_email_post_to_subs":false,"_jetpack_newsletter_tier_id":0,"_jetpack_memberships_contains_paywalled_content":false,"_jetpack_memberships_contains_paid_content":false,"footnotes":"","jetpack_publicize_message":"","jetpack_publicize_feature_enabled":true,"jetpack_social_post_already_shared":true,"jetpack_social_options":{"image_generator_settings":{"template":"highway","default_image_id":0,"font":"","enabled":false},"version":2}},"categories":[54,1,49],"tags":[],"class_list":["post-17603","post","type-post","status-publish","format-standard","hentry","category-aktionen","category-allgemein","category-soziales-lernen"],"yoast_head":"<!-- This site is optimized with the Yoast SEO plugin v27.4 - https:\/\/yoast.com\/product\/yoast-seo-wordpress\/ -->\n<title>Wann machen wir das wieder? - Gesamtschule Eiserfeld<\/title>\n<meta name=\"robots\" content=\"index, follow, max-snippet:-1, max-image-preview:large, max-video-preview:-1\" \/>\n<link rel=\"canonical\" href=\"https:\/\/www.gesamtschule-eiserfeld.de\/?p=17603\" \/>\n<meta property=\"og:locale\" content=\"de_DE\" \/>\n<meta property=\"og:type\" content=\"article\" \/>\n<meta property=\"og:title\" content=\"Wann machen wir das wieder? - Gesamtschule Eiserfeld\" \/>\n<meta property=\"og:description\" content=\"Spendenaktionen an der GEE f\u00fcr Erdbebenopfer [2023-02-28 DICK] Die Bilder der Erdbebenkatastrophe in der T\u00fcrkei und in Syrien gingen um die Welt. Das Leid der Menschen in den betroffenen Regionen brachte eine Welle an Hilfsbereitschaft hervor und rief \u00fcberall zahlreiche Hilfsaktionen ins Leben. Auch an der Gesamtschule Eiserfeld (GEE) war die Anteilnahme riesengro\u00df und m\u00fcndete &hellip; Wann machen wir das wieder? weiterlesen &rarr;\" \/>\n<meta property=\"og:url\" content=\"https:\/\/www.gesamtschule-eiserfeld.de\/?p=17603\" \/>\n<meta property=\"og:site_name\" content=\"Gesamtschule Eiserfeld\" \/>\n<meta property=\"article:publisher\" content=\"https:\/\/www.facebook.com\/GEEiserfeld\" \/>\n<meta property=\"article:published_time\" content=\"2023-02-28T07:33:48+00:00\" \/>\n<meta property=\"article:modified_time\" content=\"2023-04-16T19:37:32+00:00\" \/>\n<meta property=\"og:image\" content=\"https:\/\/www.gesamtschule-eiserfeld.de\/wp-content\/uploads\/2023\/02\/1-1-rotated.jpg\" \/>\n\t<meta property=\"og:image:width\" content=\"421\" \/>\n\t<meta property=\"og:image:height\" content=\"560\" \/>\n\t<meta property=\"og:image:type\" content=\"image\/jpeg\" \/>\n<meta name=\"author\" content=\"dorw\" \/>\n<meta name=\"twitter:card\" content=\"summary_large_image\" \/>\n<meta name=\"twitter:label1\" content=\"Verfasst von\" \/>\n\t<meta name=\"twitter:data1\" content=\"dorw\" \/>\n\t<meta name=\"twitter:label2\" content=\"Gesch\u00e4tzte Lesezeit\" \/>\n\t<meta name=\"twitter:data2\" content=\"3\u00a0Minuten\" \/>\n<script type=\"application\/ld+json\" class=\"yoast-schema-graph\">{\"@context\":\"https:\\\/\\\/schema.org\",\"@graph\":[{\"@type\":\"Article\",\"@id\":\"https:\\\/\\\/www.gesamtschule-eiserfeld.de\\\/?p=17603#article\",\"isPartOf\":{\"@id\":\"https:\\\/\\\/www.gesamtschule-eiserfeld.de\\\/?p=17603\"},\"author\":{\"name\":\"dorw\",\"@id\":\"https:\\\/\\\/www.gesamtschule-eiserfeld.de\\\/#\\\/schema\\\/person\\\/9f37123dd2ff514a1346db435bdb3784\"},\"headline\":\"Wann machen wir das wieder?\",\"datePublished\":\"2023-02-28T07:33:48+00:00\",\"dateModified\":\"2023-04-16T19:37:32+00:00\",\"mainEntityOfPage\":{\"@id\":\"https:\\\/\\\/www.gesamtschule-eiserfeld.de\\\/?p=17603\"},\"wordCount\":261,\"publisher\":{\"@id\":\"https:\\\/\\\/www.gesamtschule-eiserfeld.de\\\/#organization\"},\"image\":{\"@id\":\"https:\\\/\\\/www.gesamtschule-eiserfeld.de\\\/?p=17603#primaryimage\"},\"thumbnailUrl\":\"https:\\\/\\\/www.gesamtschule-eiserfeld.de\\\/wp-content\\\/uploads\\\/2023\\\/02\\\/1-1-226x300.jpg\",\"articleSection\":{\"0\":\"Aktionen\",\"2\":\"Soziales Lernen\"},\"inLanguage\":\"de\"},{\"@type\":\"WebPage\",\"@id\":\"https:\\\/\\\/www.gesamtschule-eiserfeld.de\\\/?p=17603\",\"url\":\"https:\\\/\\\/www.gesamtschule-eiserfeld.de\\\/?p=17603\",\"name\":\"Wann machen wir das wieder? - Gesamtschule Eiserfeld\",\"isPartOf\":{\"@id\":\"https:\\\/\\\/www.gesamtschule-eiserfeld.de\\\/#website\"},\"primaryImageOfPage\":{\"@id\":\"https:\\\/\\\/www.gesamtschule-eiserfeld.de\\\/?p=17603#primaryimage\"},\"image\":{\"@id\":\"https:\\\/\\\/www.gesamtschule-eiserfeld.de\\\/?p=17603#primaryimage\"},\"thumbnailUrl\":\"https:\\\/\\\/www.gesamtschule-eiserfeld.de\\\/wp-content\\\/uploads\\\/2023\\\/02\\\/1-1-226x300.jpg\",\"datePublished\":\"2023-02-28T07:33:48+00:00\",\"dateModified\":\"2023-04-16T19:37:32+00:00\",\"breadcrumb\":{\"@id\":\"https:\\\/\\\/www.gesamtschule-eiserfeld.de\\\/?p=17603#breadcrumb\"},\"inLanguage\":\"de\",\"potentialAction\":[{\"@type\":\"ReadAction\",\"target\":[\"https:\\\/\\\/www.gesamtschule-eiserfeld.de\\\/?p=17603\"]}]},{\"@type\":\"ImageObject\",\"inLanguage\":\"de\",\"@id\":\"https:\\\/\\\/www.gesamtschule-eiserfeld.de\\\/?p=17603#primaryimage\",\"url\":\"https:\\\/\\\/www.gesamtschule-eiserfeld.de\\\/wp-content\\\/uploads\\\/2023\\\/02\\\/1-1-226x300.jpg\",\"contentUrl\":\"https:\\\/\\\/www.gesamtschule-eiserfeld.de\\\/wp-content\\\/uploads\\\/2023\\\/02\\\/1-1-226x300.jpg\"},{\"@type\":\"BreadcrumbList\",\"@id\":\"https:\\\/\\\/www.gesamtschule-eiserfeld.de\\\/?p=17603#breadcrumb\",\"itemListElement\":[{\"@type\":\"ListItem\",\"position\":1,\"name\":\"Startseite\",\"item\":\"https:\\\/\\\/www.gesamtschule-eiserfeld.de\\\/\"},{\"@type\":\"ListItem\",\"position\":2,\"name\":\"Wann machen wir das wieder?\"}]},{\"@type\":\"WebSite\",\"@id\":\"https:\\\/\\\/www.gesamtschule-eiserfeld.de\\\/#website\",\"url\":\"https:\\\/\\\/www.gesamtschule-eiserfeld.de\\\/\",\"name\":\"Gesamtschule Eiserfeld\",\"description\":\"\",\"publisher\":{\"@id\":\"https:\\\/\\\/www.gesamtschule-eiserfeld.de\\\/#organization\"},\"potentialAction\":[{\"@type\":\"SearchAction\",\"target\":{\"@type\":\"EntryPoint\",\"urlTemplate\":\"https:\\\/\\\/www.gesamtschule-eiserfeld.de\\\/?s={search_term_string}\"},\"query-input\":{\"@type\":\"PropertyValueSpecification\",\"valueRequired\":true,\"valueName\":\"search_term_string\"}}],\"inLanguage\":\"de\"},{\"@type\":\"Organization\",\"@id\":\"https:\\\/\\\/www.gesamtschule-eiserfeld.de\\\/#organization\",\"name\":\"Gesamtschule Eiserfeld\",\"url\":\"https:\\\/\\\/www.gesamtschule-eiserfeld.de\\\/\",\"logo\":{\"@type\":\"ImageObject\",\"inLanguage\":\"de\",\"@id\":\"https:\\\/\\\/www.gesamtschule-eiserfeld.de\\\/#\\\/schema\\\/logo\\\/image\\\/\",\"url\":\"https:\\\/\\\/i1.wp.com\\\/www.gesamtschule-eiserfeld.de\\\/wp-content\\\/uploads\\\/2019\\\/01\\\/GEE-Logo-neu.jpg?fit=436%2C126&ssl=1\",\"contentUrl\":\"https:\\\/\\\/i1.wp.com\\\/www.gesamtschule-eiserfeld.de\\\/wp-content\\\/uploads\\\/2019\\\/01\\\/GEE-Logo-neu.jpg?fit=436%2C126&ssl=1\",\"width\":436,\"height\":126,\"caption\":\"Gesamtschule Eiserfeld\"},\"image\":{\"@id\":\"https:\\\/\\\/www.gesamtschule-eiserfeld.de\\\/#\\\/schema\\\/logo\\\/image\\\/\"},\"sameAs\":[\"https:\\\/\\\/www.facebook.com\\\/GEEiserfeld\"]},{\"@type\":\"Person\",\"@id\":\"https:\\\/\\\/www.gesamtschule-eiserfeld.de\\\/#\\\/schema\\\/person\\\/9f37123dd2ff514a1346db435bdb3784\",\"name\":\"dorw\",\"sameAs\":[\"http:\\\/\\\/www.ge-eiserfeld.de\"],\"url\":\"https:\\\/\\\/www.gesamtschule-eiserfeld.de\\\/?author=9\"}]}<\/script>\n<!-- \/ Yoast SEO plugin. -->","yoast_head_json":{"title":"Wann machen wir das wieder? - Gesamtschule Eiserfeld","robots":{"index":"index","follow":"follow","max-snippet":"max-snippet:-1","max-image-preview":"max-image-preview:large","max-video-preview":"max-video-preview:-1"},"canonical":"https:\/\/www.gesamtschule-eiserfeld.de\/?p=17603","og_locale":"de_DE","og_type":"article","og_title":"Wann machen wir das wieder? - Gesamtschule Eiserfeld","og_description":"Spendenaktionen an der GEE f\u00fcr Erdbebenopfer [2023-02-28 DICK] Die Bilder der Erdbebenkatastrophe in der T\u00fcrkei und in Syrien gingen um die Welt. Das Leid der Menschen in den betroffenen Regionen brachte eine Welle an Hilfsbereitschaft hervor und rief \u00fcberall zahlreiche Hilfsaktionen ins Leben. Auch an der Gesamtschule Eiserfeld (GEE) war die Anteilnahme riesengro\u00df und m\u00fcndete &hellip; Wann machen wir das wieder? weiterlesen &rarr;","og_url":"https:\/\/www.gesamtschule-eiserfeld.de\/?p=17603","og_site_name":"Gesamtschule Eiserfeld","article_publisher":"https:\/\/www.facebook.com\/GEEiserfeld","article_published_time":"2023-02-28T07:33:48+00:00","article_modified_time":"2023-04-16T19:37:32+00:00","og_image":[{"width":421,"height":560,"url":"https:\/\/www.gesamtschule-eiserfeld.de\/wp-content\/uploads\/2023\/02\/1-1-rotated.jpg","type":"image\/jpeg"}],"author":"dorw","twitter_card":"summary_large_image","twitter_misc":{"Verfasst von":"dorw","Gesch\u00e4tzte Lesezeit":"3\u00a0Minuten"},"schema":{"@context":"https:\/\/schema.org","@graph":[{"@type":"Article","@id":"https:\/\/www.gesamtschule-eiserfeld.de\/?p=17603#article","isPartOf":{"@id":"https:\/\/www.gesamtschule-eiserfeld.de\/?p=17603"},"author":{"name":"dorw","@id":"https:\/\/www.gesamtschule-eiserfeld.de\/#\/schema\/person\/9f37123dd2ff514a1346db435bdb3784"},"headline":"Wann machen wir das wieder?","datePublished":"2023-02-28T07:33:48+00:00","dateModified":"2023-04-16T19:37:32+00:00","mainEntityOfPage":{"@id":"https:\/\/www.gesamtschule-eiserfeld.de\/?p=17603"},"wordCount":261,"publisher":{"@id":"https:\/\/www.gesamtschule-eiserfeld.de\/#organization"},"image":{"@id":"https:\/\/www.gesamtschule-eiserfeld.de\/?p=17603#primaryimage"},"thumbnailUrl":"https:\/\/www.gesamtschule-eiserfeld.de\/wp-content\/uploads\/2023\/02\/1-1-226x300.jpg","articleSection":{"0":"Aktionen","2":"Soziales Lernen"},"inLanguage":"de"},{"@type":"WebPage","@id":"https:\/\/www.gesamtschule-eiserfeld.de\/?p=17603","url":"https:\/\/www.gesamtschule-eiserfeld.de\/?p=17603","name":"Wann machen wir das wieder? - Gesamtschule Eiserfeld","isPartOf":{"@id":"https:\/\/www.gesamtschule-eiserfeld.de\/#website"},"primaryImageOfPage":{"@id":"https:\/\/www.gesamtschule-eiserfeld.de\/?p=17603#primaryimage"},"image":{"@id":"https:\/\/www.gesamtschule-eiserfeld.de\/?p=17603#primaryimage"},"thumbnailUrl":"https:\/\/www.gesamtschule-eiserfeld.de\/wp-content\/uploads\/2023\/02\/1-1-226x300.jpg","datePublished":"2023-02-28T07:33:48+00:00","dateModified":"2023-04-16T19:37:32+00:00","breadcrumb":{"@id":"https:\/\/www.gesamtschule-eiserfeld.de\/?p=17603#breadcrumb"},"inLanguage":"de","potentialAction":[{"@type":"ReadAction","target":["https:\/\/www.gesamtschule-eiserfeld.de\/?p=17603"]}]},{"@type":"ImageObject","inLanguage":"de","@id":"https:\/\/www.gesamtschule-eiserfeld.de\/?p=17603#primaryimage","url":"https:\/\/www.gesamtschule-eiserfeld.de\/wp-content\/uploads\/2023\/02\/1-1-226x300.jpg","contentUrl":"https:\/\/www.gesamtschule-eiserfeld.de\/wp-content\/uploads\/2023\/02\/1-1-226x300.jpg"},{"@type":"BreadcrumbList","@id":"https:\/\/www.gesamtschule-eiserfeld.de\/?p=17603#breadcrumb","itemListElement":[{"@type":"ListItem","position":1,"name":"Startseite","item":"https:\/\/www.gesamtschule-eiserfeld.de\/"},{"@type":"ListItem","position":2,"name":"Wann machen wir das wieder?"}]},{"@type":"WebSite","@id":"https:\/\/www.gesamtschule-eiserfeld.de\/#website","url":"https:\/\/www.gesamtschule-eiserfeld.de\/","name":"Gesamtschule Eiserfeld","description":"","publisher":{"@id":"https:\/\/www.gesamtschule-eiserfeld.de\/#organization"},"potentialAction":[{"@type":"SearchAction","target":{"@type":"EntryPoint","urlTemplate":"https:\/\/www.gesamtschule-eiserfeld.de\/?s={search_term_string}"},"query-input":{"@type":"PropertyValueSpecification","valueRequired":true,"valueName":"search_term_string"}}],"inLanguage":"de"},{"@type":"Organization","@id":"https:\/\/www.gesamtschule-eiserfeld.de\/#organization","name":"Gesamtschule Eiserfeld","url":"https:\/\/www.gesamtschule-eiserfeld.de\/","logo":{"@type":"ImageObject","inLanguage":"de","@id":"https:\/\/www.gesamtschule-eiserfeld.de\/#\/schema\/logo\/image\/","url":"https:\/\/i1.wp.com\/www.gesamtschule-eiserfeld.de\/wp-content\/uploads\/2019\/01\/GEE-Logo-neu.jpg?fit=436%2C126&ssl=1","contentUrl":"https:\/\/i1.wp.com\/www.gesamtschule-eiserfeld.de\/wp-content\/uploads\/2019\/01\/GEE-Logo-neu.jpg?fit=436%2C126&ssl=1","width":436,"height":126,"caption":"Gesamtschule Eiserfeld"},"image":{"@id":"https:\/\/www.gesamtschule-eiserfeld.de\/#\/schema\/logo\/image\/"},"sameAs":["https:\/\/www.facebook.com\/GEEiserfeld"]},{"@type":"Person","@id":"https:\/\/www.gesamtschule-eiserfeld.de\/#\/schema\/person\/9f37123dd2ff514a1346db435bdb3784","name":"dorw","sameAs":["http:\/\/www.ge-eiserfeld.de"],"url":"https:\/\/www.gesamtschule-eiserfeld.de\/?author=9"}]}},"jetpack_publicize_connections":[],"jetpack_featured_media_url":"","jetpack_shortlink":"https:\/\/wp.me\/p2weeL-4zV","jetpack_sharing_enabled":true,"_links":{"self":[{"href":"https:\/\/www.gesamtschule-eiserfeld.de\/index.php?rest_route=\/wp\/v2\/posts\/17603","targetHints":{"allow":["GET"]}}],"collection":[{"href":"https:\/\/www.gesamtschule-eiserfeld.de\/index.php?rest_route=\/wp\/v2\/posts"}],"about":[{"href":"https:\/\/www.gesamtschule-eiserfeld.de\/index.php?rest_route=\/wp\/v2\/types\/post"}],"author":[{"embeddable":true,"href":"https:\/\/www.gesamtschule-eiserfeld.de\/index.php?rest_route=\/wp\/v2\/users\/9"}],"replies":[{"embeddable":true,"href":"https:\/\/www.gesamtschule-eiserfeld.de\/index.php?rest_route=%2Fwp%2Fv2%2Fcomments&post=17603"}],"version-history":[{"count":3,"href":"https:\/\/www.gesamtschule-eiserfeld.de\/index.php?rest_route=\/wp\/v2\/posts\/17603\/revisions"}],"predecessor-version":[{"id":17661,"href":"https:\/\/www.gesamtschule-eiserfeld.de\/index.php?rest_route=\/wp\/v2\/posts\/17603\/revisions\/17661"}],"wp:attachment":[{"href":"https:\/\/www.gesamtschule-eiserfeld.de\/index.php?rest_route=%2Fwp%2Fv2%2Fmedia&parent=17603"}],"wp:term":[{"taxonomy":"category","embeddable":true,"href":"https:\/\/www.gesamtschule-eiserfeld.de\/index.php?rest_route=%2Fwp%2Fv2%2Fcategories&post=17603"},{"taxonomy":"post_tag","embeddable":true,"href":"https:\/\/www.gesamtschule-eiserfeld.de\/index.php?rest_route=%2Fwp%2Fv2%2Ftags&post=17603"}],"curies":[{"name":"wp","href":"https:\/\/api.w.org\/{rel}","templated":true}]}}