{"id":18031,"date":"2023-09-04T07:05:35","date_gmt":"2023-09-04T06:05:35","guid":{"rendered":"https:\/\/www.gesamtschule-eiserfeld.de\/?p=18031"},"modified":"2023-09-04T07:05:38","modified_gmt":"2023-09-04T06:05:38","slug":"herzliche-einladung-an-alle-zur-foerdervereinshauptversammlung","status":"publish","type":"post","link":"https:\/\/www.gesamtschule-eiserfeld.de\/?p=18031","title":{"rendered":"Herzliche Einladung an alle zur F\u00f6rdervereinshauptversammlung"},"content":{"rendered":"\n<p>Liebe F\u00f6rdervereinsmitglieder und Interessierte,<\/p>\n\n\n\n<p>herzlich laden wir Sie und Euch zur Jahreshauptversammlung am Dienstag den 05.09.2023, um 19 Uhr in die Bibliothek am Standort Talsbachstra\u00dfe ein. Seit 33 Jahren setzt sich der F\u00f6rderverein f\u00fcr unsere Sch\u00fclerinnen und Sch\u00fcler ein, indem er neue Spielst\u00e4tten zum unterrichtlichen Ausgleich finanziert (<a href=\"https:\/\/www.gesamtschule-eiserfeld.de\/?p=18025\">>>>siehe hier&lt;&lt;&lt;<\/a>), Unterrichtsr\u00e4ume im Au\u00dfenbereich bauen l\u00e4sst (<a href=\"https:\/\/www.gesamtschule-eiserfeld.de\/?p=11365\">>>>siehe hier&lt;&lt;&lt;<\/a>) und ganz aktuell unterrichtliche Inhalte greifbar macht, in dem vom F\u00f6rderverein gekaufte 3D Drucker einen Spagat zwischen theoretischer Digitalisierung und einem greifbaren Produkt schaffen. Ein ausf\u00fchrlicher Artikel hierzu folgt noch in den kommenden Wochen. <\/p>\n\n\n\n<p><br>Sollte Ihr Interesse geweckt sein, an solchen Projekten f\u00fcr die Sch\u00fclerinnen und Sch\u00fcler mitzuwirken, kommen Sie einfach vorbei. <br><\/p>\n","protected":false},"excerpt":{"rendered":"<p>Liebe F\u00f6rdervereinsmitglieder und Interessierte, herzlich laden wir Sie und Euch zur Jahreshauptversammlung am Dienstag den 05.09.2023, um 19 Uhr in die Bibliothek am Standort Talsbachstra\u00dfe ein. Seit 33 Jahren setzt sich der F\u00f6rderverein f\u00fcr unsere Sch\u00fclerinnen und Sch\u00fcler ein, indem er neue Spielst\u00e4tten zum unterrichtlichen Ausgleich finanziert (>>>siehe hier&lt;&lt;&lt;), Unterrichtsr\u00e4ume im Au\u00dfenbereich bauen l\u00e4sst (>>>siehe &hellip; <a href=\"https:\/\/www.gesamtschule-eiserfeld.de\/?p=18031\" class=\"more-link\"><span class=\"screen-reader-text\">Herzliche Einladung an alle zur F\u00f6rdervereinshauptversammlung<\/span> weiterlesen <span class=\"meta-nav\">&rarr;<\/span><\/a><\/p>\n","protected":false},"author":9,"featured_media":18079,"comment_status":"closed","ping_status":"open","sticky":false,"template":"","format":"standard","meta":{"jetpack_post_was_ever_published":false,"_jetpack_newsletter_access":"","_jetpack_dont_email_post_to_subs":false,"_jetpack_newsletter_tier_id":0,"_jetpack_memberships_contains_paywalled_content":false,"_jetpack_memberships_contains_paid_content":false,"footnotes":"","jetpack_publicize_message":"","jetpack_publicize_feature_enabled":true,"jetpack_social_post_already_shared":true,"jetpack_social_options":{"image_generator_settings":{"template":"highway","default_image_id":0,"font":"","enabled":false},"version":2}},"categories":[1,31],"tags":[],"class_list":["post-18031","post","type-post","status-publish","format-standard","has-post-thumbnail","hentry","category-allgemein","category-forderverein"],"yoast_head":"<!-- This site is optimized with the Yoast SEO plugin v27.4 - https:\/\/yoast.com\/product\/yoast-seo-wordpress\/ -->\n<title>Herzliche Einladung an alle zur F\u00f6rdervereinshauptversammlung - Gesamtschule Eiserfeld<\/title>\n<meta name=\"robots\" content=\"index, follow, max-snippet:-1, max-image-preview:large, max-video-preview:-1\" \/>\n<link rel=\"canonical\" href=\"https:\/\/www.gesamtschule-eiserfeld.de\/?p=18031\" \/>\n<meta property=\"og:locale\" content=\"de_DE\" \/>\n<meta property=\"og:type\" content=\"article\" \/>\n<meta property=\"og:title\" content=\"Herzliche Einladung an alle zur F\u00f6rdervereinshauptversammlung - Gesamtschule Eiserfeld\" \/>\n<meta property=\"og:description\" content=\"Liebe F\u00f6rdervereinsmitglieder und Interessierte, herzlich laden wir Sie und Euch zur Jahreshauptversammlung am Dienstag den 05.09.2023, um 19 Uhr in die Bibliothek am Standort Talsbachstra\u00dfe ein. Seit 33 Jahren setzt sich der F\u00f6rderverein f\u00fcr unsere Sch\u00fclerinnen und Sch\u00fcler ein, indem er neue Spielst\u00e4tten zum unterrichtlichen Ausgleich finanziert (&gt;&gt;&gt;siehe hier&lt;&lt;&lt;), Unterrichtsr\u00e4ume im Au\u00dfenbereich bauen l\u00e4sst (&gt;&gt;&gt;siehe &hellip; Herzliche Einladung an alle zur F\u00f6rdervereinshauptversammlung weiterlesen &rarr;\" \/>\n<meta property=\"og:url\" content=\"https:\/\/www.gesamtschule-eiserfeld.de\/?p=18031\" \/>\n<meta property=\"og:site_name\" content=\"Gesamtschule Eiserfeld\" \/>\n<meta property=\"article:publisher\" content=\"https:\/\/www.facebook.com\/GEEiserfeld\" \/>\n<meta property=\"article:published_time\" content=\"2023-09-04T06:05:35+00:00\" \/>\n<meta property=\"article:modified_time\" content=\"2023-09-04T06:05:38+00:00\" \/>\n<meta property=\"og:image\" content=\"https:\/\/www.gesamtschule-eiserfeld.de\/wp-content\/uploads\/2023\/09\/MicrosoftTeams-image-16.jpg\" \/>\n\t<meta property=\"og:image:width\" content=\"900\" \/>\n\t<meta property=\"og:image:height\" content=\"1200\" \/>\n\t<meta property=\"og:image:type\" content=\"image\/jpeg\" \/>\n<meta name=\"author\" content=\"dorw\" \/>\n<meta name=\"twitter:card\" content=\"summary_large_image\" \/>\n<meta name=\"twitter:label1\" content=\"Verfasst von\" \/>\n\t<meta name=\"twitter:data1\" content=\"dorw\" \/>\n\t<meta name=\"twitter:label2\" content=\"Gesch\u00e4tzte Lesezeit\" \/>\n\t<meta name=\"twitter:data2\" content=\"1\u00a0Minute\" \/>\n<script type=\"application\/ld+json\" class=\"yoast-schema-graph\">{\"@context\":\"https:\\\/\\\/schema.org\",\"@graph\":[{\"@type\":\"Article\",\"@id\":\"https:\\\/\\\/www.gesamtschule-eiserfeld.de\\\/?p=18031#article\",\"isPartOf\":{\"@id\":\"https:\\\/\\\/www.gesamtschule-eiserfeld.de\\\/?p=18031\"},\"author\":{\"name\":\"dorw\",\"@id\":\"https:\\\/\\\/www.gesamtschule-eiserfeld.de\\\/#\\\/schema\\\/person\\\/9f37123dd2ff514a1346db435bdb3784\"},\"headline\":\"Herzliche Einladung an alle zur F\u00f6rdervereinshauptversammlung\",\"datePublished\":\"2023-09-04T06:05:35+00:00\",\"dateModified\":\"2023-09-04T06:05:38+00:00\",\"mainEntityOfPage\":{\"@id\":\"https:\\\/\\\/www.gesamtschule-eiserfeld.de\\\/?p=18031\"},\"wordCount\":133,\"publisher\":{\"@id\":\"https:\\\/\\\/www.gesamtschule-eiserfeld.de\\\/#organization\"},\"image\":{\"@id\":\"https:\\\/\\\/www.gesamtschule-eiserfeld.de\\\/?p=18031#primaryimage\"},\"thumbnailUrl\":\"https:\\\/\\\/i0.wp.com\\\/www.gesamtschule-eiserfeld.de\\\/wp-content\\\/uploads\\\/2023\\\/09\\\/MicrosoftTeams-image-16.jpg?fit=900%2C1200&ssl=1\",\"articleSection\":{\"1\":\"F\u00f6rderverein\"},\"inLanguage\":\"de\"},{\"@type\":\"WebPage\",\"@id\":\"https:\\\/\\\/www.gesamtschule-eiserfeld.de\\\/?p=18031\",\"url\":\"https:\\\/\\\/www.gesamtschule-eiserfeld.de\\\/?p=18031\",\"name\":\"Herzliche Einladung an alle zur F\u00f6rdervereinshauptversammlung - Gesamtschule Eiserfeld\",\"isPartOf\":{\"@id\":\"https:\\\/\\\/www.gesamtschule-eiserfeld.de\\\/#website\"},\"primaryImageOfPage\":{\"@id\":\"https:\\\/\\\/www.gesamtschule-eiserfeld.de\\\/?p=18031#primaryimage\"},\"image\":{\"@id\":\"https:\\\/\\\/www.gesamtschule-eiserfeld.de\\\/?p=18031#primaryimage\"},\"thumbnailUrl\":\"https:\\\/\\\/i0.wp.com\\\/www.gesamtschule-eiserfeld.de\\\/wp-content\\\/uploads\\\/2023\\\/09\\\/MicrosoftTeams-image-16.jpg?fit=900%2C1200&ssl=1\",\"datePublished\":\"2023-09-04T06:05:35+00:00\",\"dateModified\":\"2023-09-04T06:05:38+00:00\",\"breadcrumb\":{\"@id\":\"https:\\\/\\\/www.gesamtschule-eiserfeld.de\\\/?p=18031#breadcrumb\"},\"inLanguage\":\"de\",\"potentialAction\":[{\"@type\":\"ReadAction\",\"target\":[\"https:\\\/\\\/www.gesamtschule-eiserfeld.de\\\/?p=18031\"]}]},{\"@type\":\"ImageObject\",\"inLanguage\":\"de\",\"@id\":\"https:\\\/\\\/www.gesamtschule-eiserfeld.de\\\/?p=18031#primaryimage\",\"url\":\"https:\\\/\\\/i0.wp.com\\\/www.gesamtschule-eiserfeld.de\\\/wp-content\\\/uploads\\\/2023\\\/09\\\/MicrosoftTeams-image-16.jpg?fit=900%2C1200&ssl=1\",\"contentUrl\":\"https:\\\/\\\/i0.wp.com\\\/www.gesamtschule-eiserfeld.de\\\/wp-content\\\/uploads\\\/2023\\\/09\\\/MicrosoftTeams-image-16.jpg?fit=900%2C1200&ssl=1\",\"width\":900,\"height\":1200},{\"@type\":\"BreadcrumbList\",\"@id\":\"https:\\\/\\\/www.gesamtschule-eiserfeld.de\\\/?p=18031#breadcrumb\",\"itemListElement\":[{\"@type\":\"ListItem\",\"position\":1,\"name\":\"Startseite\",\"item\":\"https:\\\/\\\/www.gesamtschule-eiserfeld.de\\\/\"},{\"@type\":\"ListItem\",\"position\":2,\"name\":\"Herzliche Einladung an alle zur F\u00f6rdervereinshauptversammlung\"}]},{\"@type\":\"WebSite\",\"@id\":\"https:\\\/\\\/www.gesamtschule-eiserfeld.de\\\/#website\",\"url\":\"https:\\\/\\\/www.gesamtschule-eiserfeld.de\\\/\",\"name\":\"Gesamtschule Eiserfeld\",\"description\":\"\",\"publisher\":{\"@id\":\"https:\\\/\\\/www.gesamtschule-eiserfeld.de\\\/#organization\"},\"potentialAction\":[{\"@type\":\"SearchAction\",\"target\":{\"@type\":\"EntryPoint\",\"urlTemplate\":\"https:\\\/\\\/www.gesamtschule-eiserfeld.de\\\/?s={search_term_string}\"},\"query-input\":{\"@type\":\"PropertyValueSpecification\",\"valueRequired\":true,\"valueName\":\"search_term_string\"}}],\"inLanguage\":\"de\"},{\"@type\":\"Organization\",\"@id\":\"https:\\\/\\\/www.gesamtschule-eiserfeld.de\\\/#organization\",\"name\":\"Gesamtschule Eiserfeld\",\"url\":\"https:\\\/\\\/www.gesamtschule-eiserfeld.de\\\/\",\"logo\":{\"@type\":\"ImageObject\",\"inLanguage\":\"de\",\"@id\":\"https:\\\/\\\/www.gesamtschule-eiserfeld.de\\\/#\\\/schema\\\/logo\\\/image\\\/\",\"url\":\"https:\\\/\\\/i1.wp.com\\\/www.gesamtschule-eiserfeld.de\\\/wp-content\\\/uploads\\\/2019\\\/01\\\/GEE-Logo-neu.jpg?fit=436%2C126&ssl=1\",\"contentUrl\":\"https:\\\/\\\/i1.wp.com\\\/www.gesamtschule-eiserfeld.de\\\/wp-content\\\/uploads\\\/2019\\\/01\\\/GEE-Logo-neu.jpg?fit=436%2C126&ssl=1\",\"width\":436,\"height\":126,\"caption\":\"Gesamtschule Eiserfeld\"},\"image\":{\"@id\":\"https:\\\/\\\/www.gesamtschule-eiserfeld.de\\\/#\\\/schema\\\/logo\\\/image\\\/\"},\"sameAs\":[\"https:\\\/\\\/www.facebook.com\\\/GEEiserfeld\"]},{\"@type\":\"Person\",\"@id\":\"https:\\\/\\\/www.gesamtschule-eiserfeld.de\\\/#\\\/schema\\\/person\\\/9f37123dd2ff514a1346db435bdb3784\",\"name\":\"dorw\",\"sameAs\":[\"http:\\\/\\\/www.ge-eiserfeld.de\"],\"url\":\"https:\\\/\\\/www.gesamtschule-eiserfeld.de\\\/?author=9\"}]}<\/script>\n<!-- \/ Yoast SEO plugin. -->","yoast_head_json":{"title":"Herzliche Einladung an alle zur F\u00f6rdervereinshauptversammlung - Gesamtschule Eiserfeld","robots":{"index":"index","follow":"follow","max-snippet":"max-snippet:-1","max-image-preview":"max-image-preview:large","max-video-preview":"max-video-preview:-1"},"canonical":"https:\/\/www.gesamtschule-eiserfeld.de\/?p=18031","og_locale":"de_DE","og_type":"article","og_title":"Herzliche Einladung an alle zur F\u00f6rdervereinshauptversammlung - Gesamtschule Eiserfeld","og_description":"Liebe F\u00f6rdervereinsmitglieder und Interessierte, herzlich laden wir Sie und Euch zur Jahreshauptversammlung am Dienstag den 05.09.2023, um 19 Uhr in die Bibliothek am Standort Talsbachstra\u00dfe ein. Seit 33 Jahren setzt sich der F\u00f6rderverein f\u00fcr unsere Sch\u00fclerinnen und Sch\u00fcler ein, indem er neue Spielst\u00e4tten zum unterrichtlichen Ausgleich finanziert (>>>siehe hier&lt;&lt;&lt;), Unterrichtsr\u00e4ume im Au\u00dfenbereich bauen l\u00e4sst (>>>siehe &hellip; Herzliche Einladung an alle zur F\u00f6rdervereinshauptversammlung weiterlesen &rarr;","og_url":"https:\/\/www.gesamtschule-eiserfeld.de\/?p=18031","og_site_name":"Gesamtschule Eiserfeld","article_publisher":"https:\/\/www.facebook.com\/GEEiserfeld","article_published_time":"2023-09-04T06:05:35+00:00","article_modified_time":"2023-09-04T06:05:38+00:00","og_image":[{"width":900,"height":1200,"url":"https:\/\/www.gesamtschule-eiserfeld.de\/wp-content\/uploads\/2023\/09\/MicrosoftTeams-image-16.jpg","type":"image\/jpeg"}],"author":"dorw","twitter_card":"summary_large_image","twitter_misc":{"Verfasst von":"dorw","Gesch\u00e4tzte Lesezeit":"1\u00a0Minute"},"schema":{"@context":"https:\/\/schema.org","@graph":[{"@type":"Article","@id":"https:\/\/www.gesamtschule-eiserfeld.de\/?p=18031#article","isPartOf":{"@id":"https:\/\/www.gesamtschule-eiserfeld.de\/?p=18031"},"author":{"name":"dorw","@id":"https:\/\/www.gesamtschule-eiserfeld.de\/#\/schema\/person\/9f37123dd2ff514a1346db435bdb3784"},"headline":"Herzliche Einladung an alle zur F\u00f6rdervereinshauptversammlung","datePublished":"2023-09-04T06:05:35+00:00","dateModified":"2023-09-04T06:05:38+00:00","mainEntityOfPage":{"@id":"https:\/\/www.gesamtschule-eiserfeld.de\/?p=18031"},"wordCount":133,"publisher":{"@id":"https:\/\/www.gesamtschule-eiserfeld.de\/#organization"},"image":{"@id":"https:\/\/www.gesamtschule-eiserfeld.de\/?p=18031#primaryimage"},"thumbnailUrl":"https:\/\/i0.wp.com\/www.gesamtschule-eiserfeld.de\/wp-content\/uploads\/2023\/09\/MicrosoftTeams-image-16.jpg?fit=900%2C1200&ssl=1","articleSection":{"1":"F\u00f6rderverein"},"inLanguage":"de"},{"@type":"WebPage","@id":"https:\/\/www.gesamtschule-eiserfeld.de\/?p=18031","url":"https:\/\/www.gesamtschule-eiserfeld.de\/?p=18031","name":"Herzliche Einladung an alle zur F\u00f6rdervereinshauptversammlung - Gesamtschule Eiserfeld","isPartOf":{"@id":"https:\/\/www.gesamtschule-eiserfeld.de\/#website"},"primaryImageOfPage":{"@id":"https:\/\/www.gesamtschule-eiserfeld.de\/?p=18031#primaryimage"},"image":{"@id":"https:\/\/www.gesamtschule-eiserfeld.de\/?p=18031#primaryimage"},"thumbnailUrl":"https:\/\/i0.wp.com\/www.gesamtschule-eiserfeld.de\/wp-content\/uploads\/2023\/09\/MicrosoftTeams-image-16.jpg?fit=900%2C1200&ssl=1","datePublished":"2023-09-04T06:05:35+00:00","dateModified":"2023-09-04T06:05:38+00:00","breadcrumb":{"@id":"https:\/\/www.gesamtschule-eiserfeld.de\/?p=18031#breadcrumb"},"inLanguage":"de","potentialAction":[{"@type":"ReadAction","target":["https:\/\/www.gesamtschule-eiserfeld.de\/?p=18031"]}]},{"@type":"ImageObject","inLanguage":"de","@id":"https:\/\/www.gesamtschule-eiserfeld.de\/?p=18031#primaryimage","url":"https:\/\/i0.wp.com\/www.gesamtschule-eiserfeld.de\/wp-content\/uploads\/2023\/09\/MicrosoftTeams-image-16.jpg?fit=900%2C1200&ssl=1","contentUrl":"https:\/\/i0.wp.com\/www.gesamtschule-eiserfeld.de\/wp-content\/uploads\/2023\/09\/MicrosoftTeams-image-16.jpg?fit=900%2C1200&ssl=1","width":900,"height":1200},{"@type":"BreadcrumbList","@id":"https:\/\/www.gesamtschule-eiserfeld.de\/?p=18031#breadcrumb","itemListElement":[{"@type":"ListItem","position":1,"name":"Startseite","item":"https:\/\/www.gesamtschule-eiserfeld.de\/"},{"@type":"ListItem","position":2,"name":"Herzliche Einladung an alle zur F\u00f6rdervereinshauptversammlung"}]},{"@type":"WebSite","@id":"https:\/\/www.gesamtschule-eiserfeld.de\/#website","url":"https:\/\/www.gesamtschule-eiserfeld.de\/","name":"Gesamtschule Eiserfeld","description":"","publisher":{"@id":"https:\/\/www.gesamtschule-eiserfeld.de\/#organization"},"potentialAction":[{"@type":"SearchAction","target":{"@type":"EntryPoint","urlTemplate":"https:\/\/www.gesamtschule-eiserfeld.de\/?s={search_term_string}"},"query-input":{"@type":"PropertyValueSpecification","valueRequired":true,"valueName":"search_term_string"}}],"inLanguage":"de"},{"@type":"Organization","@id":"https:\/\/www.gesamtschule-eiserfeld.de\/#organization","name":"Gesamtschule Eiserfeld","url":"https:\/\/www.gesamtschule-eiserfeld.de\/","logo":{"@type":"ImageObject","inLanguage":"de","@id":"https:\/\/www.gesamtschule-eiserfeld.de\/#\/schema\/logo\/image\/","url":"https:\/\/i1.wp.com\/www.gesamtschule-eiserfeld.de\/wp-content\/uploads\/2019\/01\/GEE-Logo-neu.jpg?fit=436%2C126&ssl=1","contentUrl":"https:\/\/i1.wp.com\/www.gesamtschule-eiserfeld.de\/wp-content\/uploads\/2019\/01\/GEE-Logo-neu.jpg?fit=436%2C126&ssl=1","width":436,"height":126,"caption":"Gesamtschule Eiserfeld"},"image":{"@id":"https:\/\/www.gesamtschule-eiserfeld.de\/#\/schema\/logo\/image\/"},"sameAs":["https:\/\/www.facebook.com\/GEEiserfeld"]},{"@type":"Person","@id":"https:\/\/www.gesamtschule-eiserfeld.de\/#\/schema\/person\/9f37123dd2ff514a1346db435bdb3784","name":"dorw","sameAs":["http:\/\/www.ge-eiserfeld.de"],"url":"https:\/\/www.gesamtschule-eiserfeld.de\/?author=9"}]}},"jetpack_publicize_connections":[],"jetpack_featured_media_url":"https:\/\/i0.wp.com\/www.gesamtschule-eiserfeld.de\/wp-content\/uploads\/2023\/09\/MicrosoftTeams-image-16.jpg?fit=900%2C1200&ssl=1","jetpack_shortlink":"https:\/\/wp.me\/p2weeL-4GP","jetpack_sharing_enabled":true,"_links":{"self":[{"href":"https:\/\/www.gesamtschule-eiserfeld.de\/index.php?rest_route=\/wp\/v2\/posts\/18031","targetHints":{"allow":["GET"]}}],"collection":[{"href":"https:\/\/www.gesamtschule-eiserfeld.de\/index.php?rest_route=\/wp\/v2\/posts"}],"about":[{"href":"https:\/\/www.gesamtschule-eiserfeld.de\/index.php?rest_route=\/wp\/v2\/types\/post"}],"author":[{"embeddable":true,"href":"https:\/\/www.gesamtschule-eiserfeld.de\/index.php?rest_route=\/wp\/v2\/users\/9"}],"replies":[{"embeddable":true,"href":"https:\/\/www.gesamtschule-eiserfeld.de\/index.php?rest_route=%2Fwp%2Fv2%2Fcomments&post=18031"}],"version-history":[{"count":3,"href":"https:\/\/www.gesamtschule-eiserfeld.de\/index.php?rest_route=\/wp\/v2\/posts\/18031\/revisions"}],"predecessor-version":[{"id":18080,"href":"https:\/\/www.gesamtschule-eiserfeld.de\/index.php?rest_route=\/wp\/v2\/posts\/18031\/revisions\/18080"}],"wp:featuredmedia":[{"embeddable":true,"href":"https:\/\/www.gesamtschule-eiserfeld.de\/index.php?rest_route=\/wp\/v2\/media\/18079"}],"wp:attachment":[{"href":"https:\/\/www.gesamtschule-eiserfeld.de\/index.php?rest_route=%2Fwp%2Fv2%2Fmedia&parent=18031"}],"wp:term":[{"taxonomy":"category","embeddable":true,"href":"https:\/\/www.gesamtschule-eiserfeld.de\/index.php?rest_route=%2Fwp%2Fv2%2Fcategories&post=18031"},{"taxonomy":"post_tag","embeddable":true,"href":"https:\/\/www.gesamtschule-eiserfeld.de\/index.php?rest_route=%2Fwp%2Fv2%2Ftags&post=18031"}],"curies":[{"name":"wp","href":"https:\/\/api.w.org\/{rel}","templated":true}]}}