{"id":18293,"date":"2023-11-29T18:00:00","date_gmt":"2023-11-29T17:00:00","guid":{"rendered":"https:\/\/www.gesamtschule-eiserfeld.de\/?p=18293"},"modified":"2023-11-28T13:57:47","modified_gmt":"2023-11-28T12:57:47","slug":"3-berufs-und-studienorientierungstag-an-der-gee","status":"publish","type":"post","link":"https:\/\/www.gesamtschule-eiserfeld.de\/?p=18293","title":{"rendered":"3. Berufs- und Studienorientierungstag an der GEE"},"content":{"rendered":"\n<p><strong>Die eigene Berufswahl am Gl\u00fccksrad entscheiden?<\/strong><\/p>\n\n\n<p><em><a href=\"https:\/\/www.gesamtschule-eiserfeld.de\/?attachment_id=18303\" rel=\"attachment wp-att-18303\"><img data-recalc-dims=\"1\" loading=\"lazy\" decoding=\"async\" data-attachment-id=\"18303\" data-permalink=\"https:\/\/www.gesamtschule-eiserfeld.de\/?attachment_id=18303\" data-orig-file=\"https:\/\/i0.wp.com\/www.gesamtschule-eiserfeld.de\/wp-content\/uploads\/2023\/11\/Gluecksrad-e1701175086371.jpg?fit=615%2C461&amp;ssl=1\" data-orig-size=\"615,461\" data-comments-opened=\"0\" data-image-meta=\"{&quot;aperture&quot;:&quot;0&quot;,&quot;credit&quot;:&quot;&quot;,&quot;camera&quot;:&quot;&quot;,&quot;caption&quot;:&quot;&quot;,&quot;created_timestamp&quot;:&quot;0&quot;,&quot;copyright&quot;:&quot;&quot;,&quot;focal_length&quot;:&quot;0&quot;,&quot;iso&quot;:&quot;0&quot;,&quot;shutter_speed&quot;:&quot;0&quot;,&quot;title&quot;:&quot;&quot;,&quot;orientation&quot;:&quot;0&quot;}\" data-image-title=\"Gl\u00fccksrad\" data-image-description=\"\" data-image-caption=\"\" data-large-file=\"https:\/\/i0.wp.com\/www.gesamtschule-eiserfeld.de\/wp-content\/uploads\/2023\/11\/Gluecksrad-e1701175086371.jpg?fit=474%2C355&amp;ssl=1\" class=\" wp-image-18303 alignleft\" src=\"https:\/\/i0.wp.com\/www.gesamtschule-eiserfeld.de\/wp-content\/uploads\/2023\/11\/Gluecksrad-e1701175086371-300x225.jpg?resize=232%2C174&#038;ssl=1\" alt=\"\" width=\"232\" height=\"174\" srcset=\"https:\/\/i0.wp.com\/www.gesamtschule-eiserfeld.de\/wp-content\/uploads\/2023\/11\/Gluecksrad-e1701175086371.jpg?resize=300%2C225&amp;ssl=1 300w, https:\/\/i0.wp.com\/www.gesamtschule-eiserfeld.de\/wp-content\/uploads\/2023\/11\/Gluecksrad-e1701175086371.jpg?resize=200%2C150&amp;ssl=1 200w, https:\/\/i0.wp.com\/www.gesamtschule-eiserfeld.de\/wp-content\/uploads\/2023\/11\/Gluecksrad-e1701175086371.jpg?w=615&amp;ssl=1 615w\" sizes=\"auto, (max-width: 232px) 100vw, 232px\" \/><\/a><span data-contrast=\"auto\">[2023-11-29 DICK]<\/span><\/em> Ganz sicher nicht! Dass es dabei vielmehr auf fr\u00fchzeitige Information und gute Planung ankommt, das wollte der dritte Berufs- und Studienorientierungstag den Sch\u00fclerinnen und Sch\u00fclern der Jahrg\u00e4nge 9, 10 und Q1 nahebringen.<\/p>\n<p>Denn <em>\u201enoch kein Plan\u201c<\/em> ist leider allzu oft die Reaktion der Jugendlichen auf die Frage, wie es f\u00fcr sie nach Abschluss der schulischen Laufbahn weitergehen soll. Genau hier m\u00f6chte der Orientierungstag der Gesamtschule Eiserfeld (GEE) Interessen der Sch\u00fcler ausloten und mit Angeboten regionaler Betriebe \u00a0zusammenf\u00fchren.<!--more--><\/p>\n<p>Die nun schon bew\u00e4hrte Struktur des Tages griff auch diesmal sehr gut. Eingeladen waren \u00fcber 20 Firmen der Region, die in von ihnen selbst gestalteten Workshops ihr Unternehmen und ihre Aus- und Weiterbildungsm\u00f6glichkeiten den Sch\u00fclern vorstellten. Diese hatten sich, je nach Interesse, schon im Vorfeld in drei unterschiedliche Workshops eingew\u00e4hlt. Ein Work-shop dauerte ca. 60 Minuten. Die Teilnahme daran wurde den Sch\u00fclern auf einer Stempelkarte bescheinigt.<\/p>\n<p><a href=\"https:\/\/www.gesamtschule-eiserfeld.de\/?attachment_id=18306\" rel=\"attachment wp-att-18306\"><img data-recalc-dims=\"1\" loading=\"lazy\" decoding=\"async\" data-attachment-id=\"18306\" data-permalink=\"https:\/\/www.gesamtschule-eiserfeld.de\/?attachment_id=18306\" data-orig-file=\"https:\/\/i0.wp.com\/www.gesamtschule-eiserfeld.de\/wp-content\/uploads\/2023\/11\/IT-e1701175336635.jpg?fit=595%2C446&amp;ssl=1\" data-orig-size=\"595,446\" data-comments-opened=\"0\" data-image-meta=\"{&quot;aperture&quot;:&quot;0&quot;,&quot;credit&quot;:&quot;&quot;,&quot;camera&quot;:&quot;&quot;,&quot;caption&quot;:&quot;&quot;,&quot;created_timestamp&quot;:&quot;0&quot;,&quot;copyright&quot;:&quot;&quot;,&quot;focal_length&quot;:&quot;0&quot;,&quot;iso&quot;:&quot;0&quot;,&quot;shutter_speed&quot;:&quot;0&quot;,&quot;title&quot;:&quot;&quot;,&quot;orientation&quot;:&quot;0&quot;}\" data-image-title=\"IT\" data-image-description=\"\" data-image-caption=\"\" data-large-file=\"https:\/\/i0.wp.com\/www.gesamtschule-eiserfeld.de\/wp-content\/uploads\/2023\/11\/IT-e1701175336635.jpg?fit=474%2C355&amp;ssl=1\" class=\"wp-image-18306 alignleft\" src=\"https:\/\/i0.wp.com\/www.gesamtschule-eiserfeld.de\/wp-content\/uploads\/2023\/11\/IT-e1701175336635-300x225.jpg?resize=251%2C188&#038;ssl=1\" alt=\"\" width=\"251\" height=\"188\" srcset=\"https:\/\/i0.wp.com\/www.gesamtschule-eiserfeld.de\/wp-content\/uploads\/2023\/11\/IT-e1701175336635.jpg?resize=300%2C225&amp;ssl=1 300w, https:\/\/i0.wp.com\/www.gesamtschule-eiserfeld.de\/wp-content\/uploads\/2023\/11\/IT-e1701175336635.jpg?resize=200%2C150&amp;ssl=1 200w, https:\/\/i0.wp.com\/www.gesamtschule-eiserfeld.de\/wp-content\/uploads\/2023\/11\/IT-e1701175336635.jpg?w=595&amp;ssl=1 595w\" sizes=\"auto, (max-width: 251px) 100vw, 251px\" \/><\/a>Der gro\u00dfe Querschnitt der vertretenen Firmen deckte dabei die Sparten Wirtschaft und Finanzen, Industrie und Handwerk, Einzelhandel sowie IT ab. Neben Commerzbank, Debeka, Siegenia, SSi Sch\u00e4fer und Hees B\u00fcrowelt \u2013 um hier nur einige zu nennen \u2013 waren viele Firmen schon das dritte Mal dabei. Sie sch\u00e4tzen diese Plattform der GEE sehr, um mit den Jugendlichen direkt ins Gespr\u00e4ch zu kommen und ihnen z.B. mit Teilen aus ihrem Produktionsprozess praxisorientiert erste Erfahrungen zu vermitteln.<\/p>\n<p><a href=\"https:\/\/www.gesamtschule-eiserfeld.de\/?attachment_id=18305\" rel=\"attachment wp-att-18305\"><img data-recalc-dims=\"1\" loading=\"lazy\" decoding=\"async\" data-attachment-id=\"18305\" data-permalink=\"https:\/\/www.gesamtschule-eiserfeld.de\/?attachment_id=18305\" data-orig-file=\"https:\/\/i0.wp.com\/www.gesamtschule-eiserfeld.de\/wp-content\/uploads\/2023\/11\/Werkbank.jpg?fit=590%2C443&amp;ssl=1\" data-orig-size=\"590,443\" data-comments-opened=\"0\" data-image-meta=\"{&quot;aperture&quot;:&quot;0&quot;,&quot;credit&quot;:&quot;&quot;,&quot;camera&quot;:&quot;&quot;,&quot;caption&quot;:&quot;&quot;,&quot;created_timestamp&quot;:&quot;0&quot;,&quot;copyright&quot;:&quot;&quot;,&quot;focal_length&quot;:&quot;0&quot;,&quot;iso&quot;:&quot;0&quot;,&quot;shutter_speed&quot;:&quot;0&quot;,&quot;title&quot;:&quot;&quot;,&quot;orientation&quot;:&quot;0&quot;}\" data-image-title=\"Werkbank\" data-image-description=\"\" data-image-caption=\"\" data-large-file=\"https:\/\/i0.wp.com\/www.gesamtschule-eiserfeld.de\/wp-content\/uploads\/2023\/11\/Werkbank.jpg?fit=474%2C356&amp;ssl=1\" class=\" wp-image-18305 alignright\" src=\"https:\/\/i0.wp.com\/www.gesamtschule-eiserfeld.de\/wp-content\/uploads\/2023\/11\/Werkbank.jpg?resize=221%2C166&#038;ssl=1\" alt=\"\" width=\"221\" height=\"166\" srcset=\"https:\/\/i0.wp.com\/www.gesamtschule-eiserfeld.de\/wp-content\/uploads\/2023\/11\/Werkbank.jpg?resize=300%2C225&amp;ssl=1 300w, https:\/\/i0.wp.com\/www.gesamtschule-eiserfeld.de\/wp-content\/uploads\/2023\/11\/Werkbank.jpg?resize=200%2C150&amp;ssl=1 200w, https:\/\/i0.wp.com\/www.gesamtschule-eiserfeld.de\/wp-content\/uploads\/2023\/11\/Werkbank.jpg?w=590&amp;ssl=1 590w\" sizes=\"auto, (max-width: 221px) 100vw, 221px\" \/><\/a>\u201eDas geht ganz sch\u00f6n ins Handgelenk\u201c, war spontan die Erkenntnis eines Sch\u00fclers, der mit einem Mitarbeiter der Firma <em>enerix <\/em>Schiefersteine bearbeitete \u2013 ein Werkstoff, mit dem man beim Solaranlagenbau in Ber\u00fchrung kommt. So ist jede auch am Rande gemachte Erfahrung eine wichtige f\u00fcr die Sch\u00fcler.<\/p>\n<p><a href=\"https:\/\/www.gesamtschule-eiserfeld.de\/?attachment_id=18304\" rel=\"attachment wp-att-18304\"><img data-recalc-dims=\"1\" loading=\"lazy\" decoding=\"async\" data-attachment-id=\"18304\" data-permalink=\"https:\/\/www.gesamtschule-eiserfeld.de\/?attachment_id=18304\" data-orig-file=\"https:\/\/i0.wp.com\/www.gesamtschule-eiserfeld.de\/wp-content\/uploads\/2023\/11\/Messe-e1701175308263.jpg?fit=463%2C617&amp;ssl=1\" data-orig-size=\"463,617\" data-comments-opened=\"0\" data-image-meta=\"{&quot;aperture&quot;:&quot;0&quot;,&quot;credit&quot;:&quot;&quot;,&quot;camera&quot;:&quot;&quot;,&quot;caption&quot;:&quot;&quot;,&quot;created_timestamp&quot;:&quot;0&quot;,&quot;copyright&quot;:&quot;&quot;,&quot;focal_length&quot;:&quot;0&quot;,&quot;iso&quot;:&quot;0&quot;,&quot;shutter_speed&quot;:&quot;0&quot;,&quot;title&quot;:&quot;&quot;,&quot;orientation&quot;:&quot;0&quot;}\" data-image-title=\"Messe\" data-image-description=\"\" data-image-caption=\"\" data-large-file=\"https:\/\/i0.wp.com\/www.gesamtschule-eiserfeld.de\/wp-content\/uploads\/2023\/11\/Messe-e1701175308263.jpg?fit=463%2C617&amp;ssl=1\" class=\"wp-image-18304 alignleft\" src=\"https:\/\/i0.wp.com\/www.gesamtschule-eiserfeld.de\/wp-content\/uploads\/2023\/11\/Messe-e1701175308263-225x300.jpg?resize=146%2C194&#038;ssl=1\" alt=\"\" width=\"146\" height=\"194\" srcset=\"https:\/\/i0.wp.com\/www.gesamtschule-eiserfeld.de\/wp-content\/uploads\/2023\/11\/Messe-e1701175308263.jpg?resize=225%2C300&amp;ssl=1 225w, https:\/\/i0.wp.com\/www.gesamtschule-eiserfeld.de\/wp-content\/uploads\/2023\/11\/Messe-e1701175308263.jpg?resize=113%2C150&amp;ssl=1 113w, https:\/\/i0.wp.com\/www.gesamtschule-eiserfeld.de\/wp-content\/uploads\/2023\/11\/Messe-e1701175308263.jpg?w=463&amp;ssl=1 463w\" sizes=\"auto, (max-width: 146px) 100vw, 146px\" \/><\/a>Der Tag m\u00fcndete nun schon traditionell in eine Berufsmesse in der Aula der GEE. Hier pr\u00e4sentierten alle Firmen zusammen jeweils an ihrem Stand noch einmal ihr Unternehmen und boten somit eine denkbar gro\u00dfe Kontaktfl\u00e4che f\u00fcr die Sch\u00fcler, um sich \u00fcber weiterf\u00fchrende Perspektiven in Gespr\u00e4chen zu informieren.<\/p>\n<p>Keine Frage \u2013 nat\u00fcrlich lockten auch das eingangs erw\u00e4hnte Gl\u00fccksrad und die vielen Werbegeschenke an den St\u00e4nden.<\/p>\n<p>Doch f\u00fcr die Sch\u00fclerinnen und Sch\u00fcler formulierten Vertreter der Firmen in der Feedbackrunde ein noch viel attraktiveres Angebot: \u201eWir wollen helfen, dass ihr am Ende sagt, <em>ich hab f\u00fcr mich das Richtige entschieden.\u201c<\/em><\/p>\n<p>Weitere Bilder vom Tag:<\/p>\n\n\n<div class=\"wp-block-jetpack-slideshow aligncenter\" data-effect=\"slide\"><div class=\"wp-block-jetpack-slideshow_container swiper-container\"><ul class=\"wp-block-jetpack-slideshow_swiper-wrapper swiper-wrapper\"><li class=\"wp-block-jetpack-slideshow_slide swiper-slide\"><figure><img data-recalc-dims=\"1\" loading=\"lazy\" decoding=\"async\" width=\"474\" height=\"632\" alt=\"\" class=\"wp-block-jetpack-slideshow_image wp-image-18294\" data-id=\"18294\" src=\"https:\/\/i0.wp.com\/www.gesamtschule-eiserfeld.de\/wp-content\/uploads\/2023\/11\/IMG_2287.jpeg?resize=474%2C632&#038;ssl=1\" srcset=\"https:\/\/i0.wp.com\/www.gesamtschule-eiserfeld.de\/wp-content\/uploads\/2023\/11\/IMG_2287-rotated.jpeg?resize=768%2C1024&amp;ssl=1 768w, https:\/\/i0.wp.com\/www.gesamtschule-eiserfeld.de\/wp-content\/uploads\/2023\/11\/IMG_2287-rotated.jpeg?resize=225%2C300&amp;ssl=1 225w, https:\/\/i0.wp.com\/www.gesamtschule-eiserfeld.de\/wp-content\/uploads\/2023\/11\/IMG_2287-rotated.jpeg?resize=113%2C150&amp;ssl=1 113w, https:\/\/i0.wp.com\/www.gesamtschule-eiserfeld.de\/wp-content\/uploads\/2023\/11\/IMG_2287-rotated.jpeg?w=900&amp;ssl=1 900w\" sizes=\"(max-width: 474px) 100vw, 474px\" \/><\/figure><\/li><li class=\"wp-block-jetpack-slideshow_slide swiper-slide\"><figure><img data-recalc-dims=\"1\" loading=\"lazy\" decoding=\"async\" width=\"474\" height=\"632\" alt=\"\" class=\"wp-block-jetpack-slideshow_image wp-image-18295\" data-id=\"18295\" src=\"https:\/\/i0.wp.com\/www.gesamtschule-eiserfeld.de\/wp-content\/uploads\/2023\/11\/IMG_2290.jpeg?resize=474%2C632&#038;ssl=1\" srcset=\"https:\/\/i0.wp.com\/www.gesamtschule-eiserfeld.de\/wp-content\/uploads\/2023\/11\/IMG_2290-rotated.jpeg?resize=768%2C1024&amp;ssl=1 768w, https:\/\/i0.wp.com\/www.gesamtschule-eiserfeld.de\/wp-content\/uploads\/2023\/11\/IMG_2290-rotated.jpeg?resize=225%2C300&amp;ssl=1 225w, https:\/\/i0.wp.com\/www.gesamtschule-eiserfeld.de\/wp-content\/uploads\/2023\/11\/IMG_2290-rotated.jpeg?resize=113%2C150&amp;ssl=1 113w, https:\/\/i0.wp.com\/www.gesamtschule-eiserfeld.de\/wp-content\/uploads\/2023\/11\/IMG_2290-rotated.jpeg?w=900&amp;ssl=1 900w\" sizes=\"(max-width: 474px) 100vw, 474px\" \/><\/figure><\/li><li class=\"wp-block-jetpack-slideshow_slide swiper-slide\"><figure><img data-recalc-dims=\"1\" loading=\"lazy\" decoding=\"async\" width=\"474\" height=\"632\" alt=\"\" class=\"wp-block-jetpack-slideshow_image wp-image-18296\" data-id=\"18296\" src=\"https:\/\/i0.wp.com\/www.gesamtschule-eiserfeld.de\/wp-content\/uploads\/2023\/11\/IMG_2294.jpeg?resize=474%2C632&#038;ssl=1\" srcset=\"https:\/\/i0.wp.com\/www.gesamtschule-eiserfeld.de\/wp-content\/uploads\/2023\/11\/IMG_2294-rotated.jpeg?resize=768%2C1024&amp;ssl=1 768w, https:\/\/i0.wp.com\/www.gesamtschule-eiserfeld.de\/wp-content\/uploads\/2023\/11\/IMG_2294-rotated.jpeg?resize=225%2C300&amp;ssl=1 225w, https:\/\/i0.wp.com\/www.gesamtschule-eiserfeld.de\/wp-content\/uploads\/2023\/11\/IMG_2294-rotated.jpeg?resize=113%2C150&amp;ssl=1 113w, https:\/\/i0.wp.com\/www.gesamtschule-eiserfeld.de\/wp-content\/uploads\/2023\/11\/IMG_2294-rotated.jpeg?w=900&amp;ssl=1 900w\" sizes=\"(max-width: 474px) 100vw, 474px\" \/><\/figure><\/li><li class=\"wp-block-jetpack-slideshow_slide swiper-slide\"><figure><img data-recalc-dims=\"1\" loading=\"lazy\" decoding=\"async\" width=\"474\" height=\"633\" alt=\"\" class=\"wp-block-jetpack-slideshow_image wp-image-18297\" data-id=\"18297\" src=\"https:\/\/i0.wp.com\/www.gesamtschule-eiserfeld.de\/wp-content\/uploads\/2023\/11\/IMG_2345.jpg?resize=474%2C633&#038;ssl=1\"\/><\/figure><\/li><li class=\"wp-block-jetpack-slideshow_slide swiper-slide\"><figure><img data-recalc-dims=\"1\" loading=\"lazy\" decoding=\"async\" width=\"474\" height=\"362\" alt=\"\" class=\"wp-block-jetpack-slideshow_image wp-image-18298\" data-id=\"18298\" src=\"https:\/\/i0.wp.com\/www.gesamtschule-eiserfeld.de\/wp-content\/uploads\/2023\/11\/IMG_2346.jpg?resize=474%2C362&#038;ssl=1\" srcset=\"https:\/\/i0.wp.com\/www.gesamtschule-eiserfeld.de\/wp-content\/uploads\/2023\/11\/IMG_2346.jpg?w=799&amp;ssl=1 799w, https:\/\/i0.wp.com\/www.gesamtschule-eiserfeld.de\/wp-content\/uploads\/2023\/11\/IMG_2346.jpg?resize=300%2C229&amp;ssl=1 300w, https:\/\/i0.wp.com\/www.gesamtschule-eiserfeld.de\/wp-content\/uploads\/2023\/11\/IMG_2346.jpg?resize=196%2C150&amp;ssl=1 196w, https:\/\/i0.wp.com\/www.gesamtschule-eiserfeld.de\/wp-content\/uploads\/2023\/11\/IMG_2346.jpg?resize=768%2C586&amp;ssl=1 768w\" sizes=\"(max-width: 474px) 100vw, 474px\" \/><\/figure><\/li><li class=\"wp-block-jetpack-slideshow_slide swiper-slide\"><figure><img data-recalc-dims=\"1\" loading=\"lazy\" decoding=\"async\" width=\"474\" height=\"356\" alt=\"\" class=\"wp-block-jetpack-slideshow_image wp-image-18299\" data-id=\"18299\" src=\"https:\/\/i0.wp.com\/www.gesamtschule-eiserfeld.de\/wp-content\/uploads\/2023\/11\/IMG_2254.jpeg?resize=474%2C356&#038;ssl=1\" srcset=\"https:\/\/i0.wp.com\/www.gesamtschule-eiserfeld.de\/wp-content\/uploads\/2023\/11\/IMG_2254-rotated.jpeg?resize=1024%2C768&amp;ssl=1 1024w, https:\/\/i0.wp.com\/www.gesamtschule-eiserfeld.de\/wp-content\/uploads\/2023\/11\/IMG_2254-rotated.jpeg?resize=300%2C225&amp;ssl=1 300w, https:\/\/i0.wp.com\/www.gesamtschule-eiserfeld.de\/wp-content\/uploads\/2023\/11\/IMG_2254-rotated.jpeg?resize=200%2C150&amp;ssl=1 200w, https:\/\/i0.wp.com\/www.gesamtschule-eiserfeld.de\/wp-content\/uploads\/2023\/11\/IMG_2254-rotated.jpeg?resize=768%2C576&amp;ssl=1 768w, https:\/\/i0.wp.com\/www.gesamtschule-eiserfeld.de\/wp-content\/uploads\/2023\/11\/IMG_2254-rotated.jpeg?w=1200&amp;ssl=1 1200w, https:\/\/i0.wp.com\/www.gesamtschule-eiserfeld.de\/wp-content\/uploads\/2023\/11\/IMG_2254-rotated.jpeg?w=948&amp;ssl=1 948w\" sizes=\"(max-width: 474px) 100vw, 474px\" \/><\/figure><\/li><li class=\"wp-block-jetpack-slideshow_slide swiper-slide\"><figure><img data-recalc-dims=\"1\" loading=\"lazy\" decoding=\"async\" width=\"474\" height=\"356\" alt=\"\" class=\"wp-block-jetpack-slideshow_image wp-image-18300\" data-id=\"18300\" src=\"https:\/\/i0.wp.com\/www.gesamtschule-eiserfeld.de\/wp-content\/uploads\/2023\/11\/IMG_2257.jpeg?resize=474%2C356&#038;ssl=1\" srcset=\"https:\/\/i0.wp.com\/www.gesamtschule-eiserfeld.de\/wp-content\/uploads\/2023\/11\/IMG_2257-rotated.jpeg?resize=1024%2C768&amp;ssl=1 1024w, https:\/\/i0.wp.com\/www.gesamtschule-eiserfeld.de\/wp-content\/uploads\/2023\/11\/IMG_2257-rotated.jpeg?resize=300%2C225&amp;ssl=1 300w, https:\/\/i0.wp.com\/www.gesamtschule-eiserfeld.de\/wp-content\/uploads\/2023\/11\/IMG_2257-rotated.jpeg?resize=200%2C150&amp;ssl=1 200w, https:\/\/i0.wp.com\/www.gesamtschule-eiserfeld.de\/wp-content\/uploads\/2023\/11\/IMG_2257-rotated.jpeg?resize=768%2C576&amp;ssl=1 768w, https:\/\/i0.wp.com\/www.gesamtschule-eiserfeld.de\/wp-content\/uploads\/2023\/11\/IMG_2257-rotated.jpeg?w=1200&amp;ssl=1 1200w, https:\/\/i0.wp.com\/www.gesamtschule-eiserfeld.de\/wp-content\/uploads\/2023\/11\/IMG_2257-rotated.jpeg?w=948&amp;ssl=1 948w\" sizes=\"(max-width: 474px) 100vw, 474px\" \/><\/figure><\/li><li class=\"wp-block-jetpack-slideshow_slide swiper-slide\"><figure><img data-recalc-dims=\"1\" loading=\"lazy\" decoding=\"async\" width=\"474\" height=\"632\" alt=\"\" class=\"wp-block-jetpack-slideshow_image wp-image-18301\" data-id=\"18301\" src=\"https:\/\/i0.wp.com\/www.gesamtschule-eiserfeld.de\/wp-content\/uploads\/2023\/11\/IMG_2273.jpeg?resize=474%2C632&#038;ssl=1\" srcset=\"https:\/\/i0.wp.com\/www.gesamtschule-eiserfeld.de\/wp-content\/uploads\/2023\/11\/IMG_2273-rotated.jpeg?resize=768%2C1024&amp;ssl=1 768w, https:\/\/i0.wp.com\/www.gesamtschule-eiserfeld.de\/wp-content\/uploads\/2023\/11\/IMG_2273-rotated.jpeg?resize=225%2C300&amp;ssl=1 225w, https:\/\/i0.wp.com\/www.gesamtschule-eiserfeld.de\/wp-content\/uploads\/2023\/11\/IMG_2273-rotated.jpeg?resize=113%2C150&amp;ssl=1 113w, https:\/\/i0.wp.com\/www.gesamtschule-eiserfeld.de\/wp-content\/uploads\/2023\/11\/IMG_2273-rotated.jpeg?w=900&amp;ssl=1 900w\" sizes=\"(max-width: 474px) 100vw, 474px\" \/><\/figure><\/li><\/ul><a class=\"wp-block-jetpack-slideshow_button-prev swiper-button-prev swiper-button-white\" role=\"button\"><\/a><a class=\"wp-block-jetpack-slideshow_button-next swiper-button-next swiper-button-white\" role=\"button\"><\/a><a aria-label=\"Pause Slideshow\" class=\"wp-block-jetpack-slideshow_button-pause\" role=\"button\"><\/a><div class=\"wp-block-jetpack-slideshow_pagination swiper-pagination swiper-pagination-white\"><\/div><\/div><\/div>\n","protected":false},"excerpt":{"rendered":"<p>Die eigene Berufswahl am Gl\u00fccksrad entscheiden? [2023-11-29 DICK] Ganz sicher nicht! Dass es dabei vielmehr auf fr\u00fchzeitige Information und gute Planung ankommt, das wollte der dritte Berufs- und Studienorientierungstag den Sch\u00fclerinnen und Sch\u00fclern der Jahrg\u00e4nge 9, 10 und Q1 nahebringen. Denn \u201enoch kein Plan\u201c ist leider allzu oft die Reaktion der Jugendlichen auf die Frage, &hellip; <a href=\"https:\/\/www.gesamtschule-eiserfeld.de\/?p=18293\" class=\"more-link\"><span class=\"screen-reader-text\">3. Berufs- und Studienorientierungstag an der GEE<\/span> weiterlesen <span class=\"meta-nav\">&rarr;<\/span><\/a><\/p>\n","protected":false},"author":9,"featured_media":18297,"comment_status":"closed","ping_status":"open","sticky":false,"template":"","format":"standard","meta":{"jetpack_post_was_ever_published":false,"_jetpack_newsletter_access":"","_jetpack_dont_email_post_to_subs":false,"_jetpack_newsletter_tier_id":0,"_jetpack_memberships_contains_paywalled_content":false,"_jetpack_memberships_contains_paid_content":false,"footnotes":"","jetpack_publicize_message":"","jetpack_publicize_feature_enabled":true,"jetpack_social_post_already_shared":true,"jetpack_social_options":{"image_generator_settings":{"template":"highway","default_image_id":0,"font":"","enabled":false},"version":2}},"categories":[21],"tags":[],"class_list":["post-18293","post","type-post","status-publish","format-standard","has-post-thumbnail","hentry","category-berufsorientierung"],"yoast_head":"<!-- This site is optimized with the Yoast SEO plugin v27.4 - https:\/\/yoast.com\/product\/yoast-seo-wordpress\/ -->\n<title>3. Berufs- und Studienorientierungstag an der GEE - Gesamtschule Eiserfeld<\/title>\n<meta name=\"robots\" content=\"index, follow, max-snippet:-1, max-image-preview:large, max-video-preview:-1\" \/>\n<link rel=\"canonical\" href=\"https:\/\/www.gesamtschule-eiserfeld.de\/?p=18293\" \/>\n<meta property=\"og:locale\" content=\"de_DE\" \/>\n<meta property=\"og:type\" content=\"article\" \/>\n<meta property=\"og:title\" content=\"3. Berufs- und Studienorientierungstag an der GEE - Gesamtschule Eiserfeld\" \/>\n<meta property=\"og:description\" content=\"Die eigene Berufswahl am Gl\u00fccksrad entscheiden? [2023-11-29 DICK] Ganz sicher nicht! Dass es dabei vielmehr auf fr\u00fchzeitige Information und gute Planung ankommt, das wollte der dritte Berufs- und Studienorientierungstag den Sch\u00fclerinnen und Sch\u00fclern der Jahrg\u00e4nge 9, 10 und Q1 nahebringen. Denn \u201enoch kein Plan\u201c ist leider allzu oft die Reaktion der Jugendlichen auf die Frage, &hellip; 3. Berufs- und Studienorientierungstag an der GEE weiterlesen &rarr;\" \/>\n<meta property=\"og:url\" content=\"https:\/\/www.gesamtschule-eiserfeld.de\/?p=18293\" \/>\n<meta property=\"og:site_name\" content=\"Gesamtschule Eiserfeld\" \/>\n<meta property=\"article:publisher\" content=\"https:\/\/www.facebook.com\/GEEiserfeld\" \/>\n<meta property=\"article:published_time\" content=\"2023-11-29T17:00:00+00:00\" \/>\n<meta property=\"og:image\" content=\"https:\/\/i0.wp.com\/www.gesamtschule-eiserfeld.de\/wp-content\/uploads\/2023\/11\/IMG_2345-e1701176054163.jpg?fit=607%2C934&ssl=1\" \/>\n\t<meta property=\"og:image:width\" content=\"607\" \/>\n\t<meta property=\"og:image:height\" content=\"934\" \/>\n\t<meta property=\"og:image:type\" content=\"image\/jpeg\" \/>\n<meta name=\"author\" content=\"dorw\" \/>\n<meta name=\"twitter:card\" content=\"summary_large_image\" \/>\n<meta name=\"twitter:label1\" content=\"Verfasst von\" \/>\n\t<meta name=\"twitter:data1\" content=\"dorw\" \/>\n\t<meta name=\"twitter:label2\" content=\"Gesch\u00e4tzte Lesezeit\" \/>\n\t<meta name=\"twitter:data2\" content=\"5\u00a0Minuten\" \/>\n<script type=\"application\/ld+json\" class=\"yoast-schema-graph\">{\"@context\":\"https:\\\/\\\/schema.org\",\"@graph\":[{\"@type\":\"Article\",\"@id\":\"https:\\\/\\\/www.gesamtschule-eiserfeld.de\\\/?p=18293#article\",\"isPartOf\":{\"@id\":\"https:\\\/\\\/www.gesamtschule-eiserfeld.de\\\/?p=18293\"},\"author\":{\"name\":\"dorw\",\"@id\":\"https:\\\/\\\/www.gesamtschule-eiserfeld.de\\\/#\\\/schema\\\/person\\\/9f37123dd2ff514a1346db435bdb3784\"},\"headline\":\"3. Berufs- und Studienorientierungstag an der GEE\",\"datePublished\":\"2023-11-29T17:00:00+00:00\",\"mainEntityOfPage\":{\"@id\":\"https:\\\/\\\/www.gesamtschule-eiserfeld.de\\\/?p=18293\"},\"wordCount\":410,\"publisher\":{\"@id\":\"https:\\\/\\\/www.gesamtschule-eiserfeld.de\\\/#organization\"},\"image\":{\"@id\":\"https:\\\/\\\/www.gesamtschule-eiserfeld.de\\\/?p=18293#primaryimage\"},\"thumbnailUrl\":\"https:\\\/\\\/i0.wp.com\\\/www.gesamtschule-eiserfeld.de\\\/wp-content\\\/uploads\\\/2023\\\/11\\\/IMG_2345-e1701176054163.jpg?fit=607%2C934&ssl=1\",\"articleSection\":[\"Berufsorientierung\"],\"inLanguage\":\"de\"},{\"@type\":\"WebPage\",\"@id\":\"https:\\\/\\\/www.gesamtschule-eiserfeld.de\\\/?p=18293\",\"url\":\"https:\\\/\\\/www.gesamtschule-eiserfeld.de\\\/?p=18293\",\"name\":\"3. Berufs- und Studienorientierungstag an der GEE - Gesamtschule Eiserfeld\",\"isPartOf\":{\"@id\":\"https:\\\/\\\/www.gesamtschule-eiserfeld.de\\\/#website\"},\"primaryImageOfPage\":{\"@id\":\"https:\\\/\\\/www.gesamtschule-eiserfeld.de\\\/?p=18293#primaryimage\"},\"image\":{\"@id\":\"https:\\\/\\\/www.gesamtschule-eiserfeld.de\\\/?p=18293#primaryimage\"},\"thumbnailUrl\":\"https:\\\/\\\/i0.wp.com\\\/www.gesamtschule-eiserfeld.de\\\/wp-content\\\/uploads\\\/2023\\\/11\\\/IMG_2345-e1701176054163.jpg?fit=607%2C934&ssl=1\",\"datePublished\":\"2023-11-29T17:00:00+00:00\",\"breadcrumb\":{\"@id\":\"https:\\\/\\\/www.gesamtschule-eiserfeld.de\\\/?p=18293#breadcrumb\"},\"inLanguage\":\"de\",\"potentialAction\":[{\"@type\":\"ReadAction\",\"target\":[\"https:\\\/\\\/www.gesamtschule-eiserfeld.de\\\/?p=18293\"]}]},{\"@type\":\"ImageObject\",\"inLanguage\":\"de\",\"@id\":\"https:\\\/\\\/www.gesamtschule-eiserfeld.de\\\/?p=18293#primaryimage\",\"url\":\"https:\\\/\\\/i0.wp.com\\\/www.gesamtschule-eiserfeld.de\\\/wp-content\\\/uploads\\\/2023\\\/11\\\/IMG_2345-e1701176054163.jpg?fit=607%2C934&ssl=1\",\"contentUrl\":\"https:\\\/\\\/i0.wp.com\\\/www.gesamtschule-eiserfeld.de\\\/wp-content\\\/uploads\\\/2023\\\/11\\\/IMG_2345-e1701176054163.jpg?fit=607%2C934&ssl=1\",\"width\":607,\"height\":934},{\"@type\":\"BreadcrumbList\",\"@id\":\"https:\\\/\\\/www.gesamtschule-eiserfeld.de\\\/?p=18293#breadcrumb\",\"itemListElement\":[{\"@type\":\"ListItem\",\"position\":1,\"name\":\"Startseite\",\"item\":\"https:\\\/\\\/www.gesamtschule-eiserfeld.de\\\/\"},{\"@type\":\"ListItem\",\"position\":2,\"name\":\"3. Berufs- und Studienorientierungstag an der GEE\"}]},{\"@type\":\"WebSite\",\"@id\":\"https:\\\/\\\/www.gesamtschule-eiserfeld.de\\\/#website\",\"url\":\"https:\\\/\\\/www.gesamtschule-eiserfeld.de\\\/\",\"name\":\"Gesamtschule Eiserfeld\",\"description\":\"\",\"publisher\":{\"@id\":\"https:\\\/\\\/www.gesamtschule-eiserfeld.de\\\/#organization\"},\"potentialAction\":[{\"@type\":\"SearchAction\",\"target\":{\"@type\":\"EntryPoint\",\"urlTemplate\":\"https:\\\/\\\/www.gesamtschule-eiserfeld.de\\\/?s={search_term_string}\"},\"query-input\":{\"@type\":\"PropertyValueSpecification\",\"valueRequired\":true,\"valueName\":\"search_term_string\"}}],\"inLanguage\":\"de\"},{\"@type\":\"Organization\",\"@id\":\"https:\\\/\\\/www.gesamtschule-eiserfeld.de\\\/#organization\",\"name\":\"Gesamtschule Eiserfeld\",\"url\":\"https:\\\/\\\/www.gesamtschule-eiserfeld.de\\\/\",\"logo\":{\"@type\":\"ImageObject\",\"inLanguage\":\"de\",\"@id\":\"https:\\\/\\\/www.gesamtschule-eiserfeld.de\\\/#\\\/schema\\\/logo\\\/image\\\/\",\"url\":\"https:\\\/\\\/i1.wp.com\\\/www.gesamtschule-eiserfeld.de\\\/wp-content\\\/uploads\\\/2019\\\/01\\\/GEE-Logo-neu.jpg?fit=436%2C126&ssl=1\",\"contentUrl\":\"https:\\\/\\\/i1.wp.com\\\/www.gesamtschule-eiserfeld.de\\\/wp-content\\\/uploads\\\/2019\\\/01\\\/GEE-Logo-neu.jpg?fit=436%2C126&ssl=1\",\"width\":436,\"height\":126,\"caption\":\"Gesamtschule Eiserfeld\"},\"image\":{\"@id\":\"https:\\\/\\\/www.gesamtschule-eiserfeld.de\\\/#\\\/schema\\\/logo\\\/image\\\/\"},\"sameAs\":[\"https:\\\/\\\/www.facebook.com\\\/GEEiserfeld\"]},{\"@type\":\"Person\",\"@id\":\"https:\\\/\\\/www.gesamtschule-eiserfeld.de\\\/#\\\/schema\\\/person\\\/9f37123dd2ff514a1346db435bdb3784\",\"name\":\"dorw\",\"sameAs\":[\"http:\\\/\\\/www.ge-eiserfeld.de\"],\"url\":\"https:\\\/\\\/www.gesamtschule-eiserfeld.de\\\/?author=9\"}]}<\/script>\n<!-- \/ Yoast SEO plugin. -->","yoast_head_json":{"title":"3. Berufs- und Studienorientierungstag an der GEE - Gesamtschule Eiserfeld","robots":{"index":"index","follow":"follow","max-snippet":"max-snippet:-1","max-image-preview":"max-image-preview:large","max-video-preview":"max-video-preview:-1"},"canonical":"https:\/\/www.gesamtschule-eiserfeld.de\/?p=18293","og_locale":"de_DE","og_type":"article","og_title":"3. Berufs- und Studienorientierungstag an der GEE - Gesamtschule Eiserfeld","og_description":"Die eigene Berufswahl am Gl\u00fccksrad entscheiden? [2023-11-29 DICK] Ganz sicher nicht! Dass es dabei vielmehr auf fr\u00fchzeitige Information und gute Planung ankommt, das wollte der dritte Berufs- und Studienorientierungstag den Sch\u00fclerinnen und Sch\u00fclern der Jahrg\u00e4nge 9, 10 und Q1 nahebringen. Denn \u201enoch kein Plan\u201c ist leider allzu oft die Reaktion der Jugendlichen auf die Frage, &hellip; 3. Berufs- und Studienorientierungstag an der GEE weiterlesen &rarr;","og_url":"https:\/\/www.gesamtschule-eiserfeld.de\/?p=18293","og_site_name":"Gesamtschule Eiserfeld","article_publisher":"https:\/\/www.facebook.com\/GEEiserfeld","article_published_time":"2023-11-29T17:00:00+00:00","og_image":[{"width":607,"height":934,"url":"https:\/\/i0.wp.com\/www.gesamtschule-eiserfeld.de\/wp-content\/uploads\/2023\/11\/IMG_2345-e1701176054163.jpg?fit=607%2C934&ssl=1","type":"image\/jpeg"}],"author":"dorw","twitter_card":"summary_large_image","twitter_misc":{"Verfasst von":"dorw","Gesch\u00e4tzte Lesezeit":"5\u00a0Minuten"},"schema":{"@context":"https:\/\/schema.org","@graph":[{"@type":"Article","@id":"https:\/\/www.gesamtschule-eiserfeld.de\/?p=18293#article","isPartOf":{"@id":"https:\/\/www.gesamtschule-eiserfeld.de\/?p=18293"},"author":{"name":"dorw","@id":"https:\/\/www.gesamtschule-eiserfeld.de\/#\/schema\/person\/9f37123dd2ff514a1346db435bdb3784"},"headline":"3. Berufs- und Studienorientierungstag an der GEE","datePublished":"2023-11-29T17:00:00+00:00","mainEntityOfPage":{"@id":"https:\/\/www.gesamtschule-eiserfeld.de\/?p=18293"},"wordCount":410,"publisher":{"@id":"https:\/\/www.gesamtschule-eiserfeld.de\/#organization"},"image":{"@id":"https:\/\/www.gesamtschule-eiserfeld.de\/?p=18293#primaryimage"},"thumbnailUrl":"https:\/\/i0.wp.com\/www.gesamtschule-eiserfeld.de\/wp-content\/uploads\/2023\/11\/IMG_2345-e1701176054163.jpg?fit=607%2C934&ssl=1","articleSection":["Berufsorientierung"],"inLanguage":"de"},{"@type":"WebPage","@id":"https:\/\/www.gesamtschule-eiserfeld.de\/?p=18293","url":"https:\/\/www.gesamtschule-eiserfeld.de\/?p=18293","name":"3. Berufs- und Studienorientierungstag an der GEE - Gesamtschule Eiserfeld","isPartOf":{"@id":"https:\/\/www.gesamtschule-eiserfeld.de\/#website"},"primaryImageOfPage":{"@id":"https:\/\/www.gesamtschule-eiserfeld.de\/?p=18293#primaryimage"},"image":{"@id":"https:\/\/www.gesamtschule-eiserfeld.de\/?p=18293#primaryimage"},"thumbnailUrl":"https:\/\/i0.wp.com\/www.gesamtschule-eiserfeld.de\/wp-content\/uploads\/2023\/11\/IMG_2345-e1701176054163.jpg?fit=607%2C934&ssl=1","datePublished":"2023-11-29T17:00:00+00:00","breadcrumb":{"@id":"https:\/\/www.gesamtschule-eiserfeld.de\/?p=18293#breadcrumb"},"inLanguage":"de","potentialAction":[{"@type":"ReadAction","target":["https:\/\/www.gesamtschule-eiserfeld.de\/?p=18293"]}]},{"@type":"ImageObject","inLanguage":"de","@id":"https:\/\/www.gesamtschule-eiserfeld.de\/?p=18293#primaryimage","url":"https:\/\/i0.wp.com\/www.gesamtschule-eiserfeld.de\/wp-content\/uploads\/2023\/11\/IMG_2345-e1701176054163.jpg?fit=607%2C934&ssl=1","contentUrl":"https:\/\/i0.wp.com\/www.gesamtschule-eiserfeld.de\/wp-content\/uploads\/2023\/11\/IMG_2345-e1701176054163.jpg?fit=607%2C934&ssl=1","width":607,"height":934},{"@type":"BreadcrumbList","@id":"https:\/\/www.gesamtschule-eiserfeld.de\/?p=18293#breadcrumb","itemListElement":[{"@type":"ListItem","position":1,"name":"Startseite","item":"https:\/\/www.gesamtschule-eiserfeld.de\/"},{"@type":"ListItem","position":2,"name":"3. Berufs- und Studienorientierungstag an der GEE"}]},{"@type":"WebSite","@id":"https:\/\/www.gesamtschule-eiserfeld.de\/#website","url":"https:\/\/www.gesamtschule-eiserfeld.de\/","name":"Gesamtschule Eiserfeld","description":"","publisher":{"@id":"https:\/\/www.gesamtschule-eiserfeld.de\/#organization"},"potentialAction":[{"@type":"SearchAction","target":{"@type":"EntryPoint","urlTemplate":"https:\/\/www.gesamtschule-eiserfeld.de\/?s={search_term_string}"},"query-input":{"@type":"PropertyValueSpecification","valueRequired":true,"valueName":"search_term_string"}}],"inLanguage":"de"},{"@type":"Organization","@id":"https:\/\/www.gesamtschule-eiserfeld.de\/#organization","name":"Gesamtschule Eiserfeld","url":"https:\/\/www.gesamtschule-eiserfeld.de\/","logo":{"@type":"ImageObject","inLanguage":"de","@id":"https:\/\/www.gesamtschule-eiserfeld.de\/#\/schema\/logo\/image\/","url":"https:\/\/i1.wp.com\/www.gesamtschule-eiserfeld.de\/wp-content\/uploads\/2019\/01\/GEE-Logo-neu.jpg?fit=436%2C126&ssl=1","contentUrl":"https:\/\/i1.wp.com\/www.gesamtschule-eiserfeld.de\/wp-content\/uploads\/2019\/01\/GEE-Logo-neu.jpg?fit=436%2C126&ssl=1","width":436,"height":126,"caption":"Gesamtschule Eiserfeld"},"image":{"@id":"https:\/\/www.gesamtschule-eiserfeld.de\/#\/schema\/logo\/image\/"},"sameAs":["https:\/\/www.facebook.com\/GEEiserfeld"]},{"@type":"Person","@id":"https:\/\/www.gesamtschule-eiserfeld.de\/#\/schema\/person\/9f37123dd2ff514a1346db435bdb3784","name":"dorw","sameAs":["http:\/\/www.ge-eiserfeld.de"],"url":"https:\/\/www.gesamtschule-eiserfeld.de\/?author=9"}]}},"jetpack_publicize_connections":[],"jetpack_featured_media_url":"https:\/\/i0.wp.com\/www.gesamtschule-eiserfeld.de\/wp-content\/uploads\/2023\/11\/IMG_2345-e1701176054163.jpg?fit=607%2C934&ssl=1","jetpack_shortlink":"https:\/\/wp.me\/p2weeL-4L3","jetpack_sharing_enabled":true,"_links":{"self":[{"href":"https:\/\/www.gesamtschule-eiserfeld.de\/index.php?rest_route=\/wp\/v2\/posts\/18293","targetHints":{"allow":["GET"]}}],"collection":[{"href":"https:\/\/www.gesamtschule-eiserfeld.de\/index.php?rest_route=\/wp\/v2\/posts"}],"about":[{"href":"https:\/\/www.gesamtschule-eiserfeld.de\/index.php?rest_route=\/wp\/v2\/types\/post"}],"author":[{"embeddable":true,"href":"https:\/\/www.gesamtschule-eiserfeld.de\/index.php?rest_route=\/wp\/v2\/users\/9"}],"replies":[{"embeddable":true,"href":"https:\/\/www.gesamtschule-eiserfeld.de\/index.php?rest_route=%2Fwp%2Fv2%2Fcomments&post=18293"}],"version-history":[{"count":1,"href":"https:\/\/www.gesamtschule-eiserfeld.de\/index.php?rest_route=\/wp\/v2\/posts\/18293\/revisions"}],"predecessor-version":[{"id":18307,"href":"https:\/\/www.gesamtschule-eiserfeld.de\/index.php?rest_route=\/wp\/v2\/posts\/18293\/revisions\/18307"}],"wp:featuredmedia":[{"embeddable":true,"href":"https:\/\/www.gesamtschule-eiserfeld.de\/index.php?rest_route=\/wp\/v2\/media\/18297"}],"wp:attachment":[{"href":"https:\/\/www.gesamtschule-eiserfeld.de\/index.php?rest_route=%2Fwp%2Fv2%2Fmedia&parent=18293"}],"wp:term":[{"taxonomy":"category","embeddable":true,"href":"https:\/\/www.gesamtschule-eiserfeld.de\/index.php?rest_route=%2Fwp%2Fv2%2Fcategories&post=18293"},{"taxonomy":"post_tag","embeddable":true,"href":"https:\/\/www.gesamtschule-eiserfeld.de\/index.php?rest_route=%2Fwp%2Fv2%2Ftags&post=18293"}],"curies":[{"name":"wp","href":"https:\/\/api.w.org\/{rel}","templated":true}]}}