{"id":18483,"date":"2024-01-08T19:45:04","date_gmt":"2024-01-08T18:45:04","guid":{"rendered":"https:\/\/www.gesamtschule-eiserfeld.de\/?p=18483"},"modified":"2024-01-08T19:45:07","modified_gmt":"2024-01-08T18:45:07","slug":"weihnachtsfeier-jahrgang-5","status":"publish","type":"post","link":"https:\/\/www.gesamtschule-eiserfeld.de\/?p=18483","title":{"rendered":"Weihnachtsfeier Jahrgang 5"},"content":{"rendered":"<p>[2024-01-08 ERDM;KREU] Nach langer Zeit des Wartens konnte am 19.12.23 endlich wieder die traditionelle Weihnachtsfeier in der weihnachtlich geschm\u00fcckten Aula der Talsbachstra\u00dfe mit allen Sch\u00fclerinnen und Sch\u00fclern des 5. Jahrgangs, ihren Lehrer:innen, Eltern und weiteren G\u00e4sten stattfinden!<\/p>\n<p>Daf\u00fcr hatten die Kinder an drei Projekttagen flei\u00dfig geprobt und verschiedene Beitr\u00e4ge einge\u00fcbt. Die Vorfreude und Aufgeregtheit war riesig und die Stimmung sehr gut. Nachdem der MuKu- Chor f\u00fcr erste vorweihnachtliche Gef\u00fchle gesorgt hatte, pr\u00e4sentierte jede Klasse individuelle und liebevoll vorbereitete Beitr\u00e4ge. So wurden z.B. Gedichte vorgetragen, Weihnachtsgr\u00fc\u00dfe und Weihnachtstraditionen aus aller Welt vorgestellt und ein Tanz zu Bobby Helms \u201eJingle Bell Rock\u201c aufgef\u00fchrt. Einige Sch\u00fcler:innen trauten sich sogar ganz allein auf die B\u00fchne und konnten tolle musikalische St\u00fccke darbieten.<!--more--><\/p>\n<p>Zu guter Letzt sangen alle Kinder des Jahrgangs die bekannten Weihnachtslieder: \u201eIn der Weihnachtsb\u00e4ckerei\u201c und \u201eSchneefl\u00f6ckchen, Wei\u00dfr\u00f6ckchen\u201c und rundeten so die Weihnachtsfeier geb\u00fchrend ab. Im Anschluss wurde bei Bockwurst und Getr\u00e4nken der Abend gem\u00fctlich beendet.<br \/>\n<a href=\"https:\/\/www.gesamtschule-eiserfeld.de\/?attachment_id=18486\" rel=\"attachment wp-att-18486\"><img data-recalc-dims=\"1\" loading=\"lazy\" decoding=\"async\" data-attachment-id=\"18486\" data-permalink=\"https:\/\/www.gesamtschule-eiserfeld.de\/?attachment_id=18486\" data-orig-file=\"https:\/\/i0.wp.com\/www.gesamtschule-eiserfeld.de\/wp-content\/uploads\/2024\/01\/Uebergabe-der-Geschenke-1.jpg?fit=604%2C378&amp;ssl=1\" data-orig-size=\"604,378\" data-comments-opened=\"0\" data-image-meta=\"{&quot;aperture&quot;:&quot;0&quot;,&quot;credit&quot;:&quot;&quot;,&quot;camera&quot;:&quot;&quot;,&quot;caption&quot;:&quot;&quot;,&quot;created_timestamp&quot;:&quot;0&quot;,&quot;copyright&quot;:&quot;&quot;,&quot;focal_length&quot;:&quot;0&quot;,&quot;iso&quot;:&quot;0&quot;,&quot;shutter_speed&quot;:&quot;0&quot;,&quot;title&quot;:&quot;&quot;,&quot;orientation&quot;:&quot;0&quot;}\" data-image-title=\"\u00dcbergabe der Geschenke\" data-image-description=\"\" data-image-caption=\"\" data-large-file=\"https:\/\/i0.wp.com\/www.gesamtschule-eiserfeld.de\/wp-content\/uploads\/2024\/01\/Uebergabe-der-Geschenke-1.jpg?fit=474%2C297&amp;ssl=1\" class=\"size-medium wp-image-18486 alignleft\" src=\"https:\/\/i0.wp.com\/www.gesamtschule-eiserfeld.de\/wp-content\/uploads\/2024\/01\/Uebergabe-der-Geschenke-1.jpg?resize=300%2C188&#038;ssl=1\" alt=\"\" width=\"300\" height=\"188\" srcset=\"https:\/\/i0.wp.com\/www.gesamtschule-eiserfeld.de\/wp-content\/uploads\/2024\/01\/Uebergabe-der-Geschenke-1.jpg?resize=300%2C188&amp;ssl=1 300w, https:\/\/i0.wp.com\/www.gesamtschule-eiserfeld.de\/wp-content\/uploads\/2024\/01\/Uebergabe-der-Geschenke-1.jpg?resize=200%2C125&amp;ssl=1 200w, https:\/\/i0.wp.com\/www.gesamtschule-eiserfeld.de\/wp-content\/uploads\/2024\/01\/Uebergabe-der-Geschenke-1.jpg?w=604&amp;ssl=1 604w\" sizes=\"auto, (max-width: 300px) 100vw, 300px\" \/><\/a>Ein gro\u00dfes Dankesch\u00f6n richtet sich an den Weihnachtsmann, der im Auftrag des F\u00f6rdervereins der Gesamtschule Eiserfeld zwei gro\u00dfz\u00fcgige Geschenke im Gesamtwert von 500\u20ac \u00fcberreichte. Mit einer neuen Musikbox f\u00fcr den Chillraum sowie einer Spieletonne mit buntem Inhalt sollen die Pausen am Standort Hengsberg f\u00fcr alle Kinder attraktiver und auch aktiver werden.<\/p>\n","protected":false},"excerpt":{"rendered":"<p>[2024-01-08 ERDM;KREU] Nach langer Zeit des Wartens konnte am 19.12.23 endlich wieder die traditionelle Weihnachtsfeier in der weihnachtlich geschm\u00fcckten Aula der Talsbachstra\u00dfe mit allen Sch\u00fclerinnen und Sch\u00fclern des 5. Jahrgangs, ihren Lehrer:innen, Eltern und weiteren G\u00e4sten stattfinden! Daf\u00fcr hatten die Kinder an drei Projekttagen flei\u00dfig geprobt und verschiedene Beitr\u00e4ge einge\u00fcbt. Die Vorfreude und Aufgeregtheit war &hellip; <a href=\"https:\/\/www.gesamtschule-eiserfeld.de\/?p=18483\" class=\"more-link\"><span class=\"screen-reader-text\">Weihnachtsfeier Jahrgang 5<\/span> weiterlesen <span class=\"meta-nav\">&rarr;<\/span><\/a><\/p>\n","protected":false},"author":9,"featured_media":18484,"comment_status":"closed","ping_status":"open","sticky":false,"template":"","format":"standard","meta":{"jetpack_post_was_ever_published":false,"_jetpack_newsletter_access":"","_jetpack_dont_email_post_to_subs":false,"_jetpack_newsletter_tier_id":0,"_jetpack_memberships_contains_paywalled_content":false,"_jetpack_memberships_contains_paid_content":false,"footnotes":"","jetpack_publicize_message":"","jetpack_publicize_feature_enabled":true,"jetpack_social_post_already_shared":true,"jetpack_social_options":{"image_generator_settings":{"template":"highway","default_image_id":0,"font":"","enabled":false},"version":2}},"categories":[100,31,131],"tags":[],"class_list":["post-18483","post","type-post","status-publish","format-standard","has-post-thumbnail","hentry","category-feiern","category-forderverein","category-musik"],"yoast_head":"<!-- This site is optimized with the Yoast SEO plugin v27.4 - https:\/\/yoast.com\/product\/yoast-seo-wordpress\/ -->\n<title>Weihnachtsfeier Jahrgang 5 - Gesamtschule Eiserfeld<\/title>\n<meta name=\"robots\" content=\"index, follow, max-snippet:-1, max-image-preview:large, max-video-preview:-1\" \/>\n<link rel=\"canonical\" href=\"https:\/\/www.gesamtschule-eiserfeld.de\/?p=18483\" \/>\n<meta property=\"og:locale\" content=\"de_DE\" \/>\n<meta property=\"og:type\" content=\"article\" \/>\n<meta property=\"og:title\" content=\"Weihnachtsfeier Jahrgang 5 - Gesamtschule Eiserfeld\" \/>\n<meta property=\"og:description\" content=\"[2024-01-08 ERDM;KREU] Nach langer Zeit des Wartens konnte am 19.12.23 endlich wieder die traditionelle Weihnachtsfeier in der weihnachtlich geschm\u00fcckten Aula der Talsbachstra\u00dfe mit allen Sch\u00fclerinnen und Sch\u00fclern des 5. Jahrgangs, ihren Lehrer:innen, Eltern und weiteren G\u00e4sten stattfinden! Daf\u00fcr hatten die Kinder an drei Projekttagen flei\u00dfig geprobt und verschiedene Beitr\u00e4ge einge\u00fcbt. Die Vorfreude und Aufgeregtheit war &hellip; Weihnachtsfeier Jahrgang 5 weiterlesen &rarr;\" \/>\n<meta property=\"og:url\" content=\"https:\/\/www.gesamtschule-eiserfeld.de\/?p=18483\" \/>\n<meta property=\"og:site_name\" content=\"Gesamtschule Eiserfeld\" \/>\n<meta property=\"article:publisher\" content=\"https:\/\/www.facebook.com\/GEEiserfeld\" \/>\n<meta property=\"article:published_time\" content=\"2024-01-08T18:45:04+00:00\" \/>\n<meta property=\"article:modified_time\" content=\"2024-01-08T18:45:07+00:00\" \/>\n<meta property=\"og:image\" content=\"https:\/\/www.gesamtschule-eiserfeld.de\/wp-content\/uploads\/2024\/01\/IMG_1467-rotated-e1704739351184.jpg\" \/>\n\t<meta property=\"og:image:width\" content=\"900\" \/>\n\t<meta property=\"og:image:height\" content=\"552\" \/>\n\t<meta property=\"og:image:type\" content=\"image\/jpeg\" \/>\n<meta name=\"author\" content=\"dorw\" \/>\n<meta name=\"twitter:card\" content=\"summary_large_image\" \/>\n<meta name=\"twitter:label1\" content=\"Verfasst von\" \/>\n\t<meta name=\"twitter:data1\" content=\"dorw\" \/>\n\t<meta name=\"twitter:label2\" content=\"Gesch\u00e4tzte Lesezeit\" \/>\n\t<meta name=\"twitter:data2\" content=\"2\u00a0Minuten\" \/>\n<script type=\"application\/ld+json\" class=\"yoast-schema-graph\">{\"@context\":\"https:\\\/\\\/schema.org\",\"@graph\":[{\"@type\":\"Article\",\"@id\":\"https:\\\/\\\/www.gesamtschule-eiserfeld.de\\\/?p=18483#article\",\"isPartOf\":{\"@id\":\"https:\\\/\\\/www.gesamtschule-eiserfeld.de\\\/?p=18483\"},\"author\":{\"name\":\"dorw\",\"@id\":\"https:\\\/\\\/www.gesamtschule-eiserfeld.de\\\/#\\\/schema\\\/person\\\/9f37123dd2ff514a1346db435bdb3784\"},\"headline\":\"Weihnachtsfeier Jahrgang 5\",\"datePublished\":\"2024-01-08T18:45:04+00:00\",\"dateModified\":\"2024-01-08T18:45:07+00:00\",\"mainEntityOfPage\":{\"@id\":\"https:\\\/\\\/www.gesamtschule-eiserfeld.de\\\/?p=18483\"},\"wordCount\":239,\"publisher\":{\"@id\":\"https:\\\/\\\/www.gesamtschule-eiserfeld.de\\\/#organization\"},\"image\":{\"@id\":\"https:\\\/\\\/www.gesamtschule-eiserfeld.de\\\/?p=18483#primaryimage\"},\"thumbnailUrl\":\"https:\\\/\\\/i0.wp.com\\\/www.gesamtschule-eiserfeld.de\\\/wp-content\\\/uploads\\\/2024\\\/01\\\/IMG_1467-rotated-e1704739351184.jpg?fit=900%2C552&ssl=1\",\"articleSection\":[\"FEIERN\",\"F\u00f6rderverein\",\"MUSIK\"],\"inLanguage\":\"de\"},{\"@type\":\"WebPage\",\"@id\":\"https:\\\/\\\/www.gesamtschule-eiserfeld.de\\\/?p=18483\",\"url\":\"https:\\\/\\\/www.gesamtschule-eiserfeld.de\\\/?p=18483\",\"name\":\"Weihnachtsfeier Jahrgang 5 - Gesamtschule Eiserfeld\",\"isPartOf\":{\"@id\":\"https:\\\/\\\/www.gesamtschule-eiserfeld.de\\\/#website\"},\"primaryImageOfPage\":{\"@id\":\"https:\\\/\\\/www.gesamtschule-eiserfeld.de\\\/?p=18483#primaryimage\"},\"image\":{\"@id\":\"https:\\\/\\\/www.gesamtschule-eiserfeld.de\\\/?p=18483#primaryimage\"},\"thumbnailUrl\":\"https:\\\/\\\/i0.wp.com\\\/www.gesamtschule-eiserfeld.de\\\/wp-content\\\/uploads\\\/2024\\\/01\\\/IMG_1467-rotated-e1704739351184.jpg?fit=900%2C552&ssl=1\",\"datePublished\":\"2024-01-08T18:45:04+00:00\",\"dateModified\":\"2024-01-08T18:45:07+00:00\",\"breadcrumb\":{\"@id\":\"https:\\\/\\\/www.gesamtschule-eiserfeld.de\\\/?p=18483#breadcrumb\"},\"inLanguage\":\"de\",\"potentialAction\":[{\"@type\":\"ReadAction\",\"target\":[\"https:\\\/\\\/www.gesamtschule-eiserfeld.de\\\/?p=18483\"]}]},{\"@type\":\"ImageObject\",\"inLanguage\":\"de\",\"@id\":\"https:\\\/\\\/www.gesamtschule-eiserfeld.de\\\/?p=18483#primaryimage\",\"url\":\"https:\\\/\\\/i0.wp.com\\\/www.gesamtschule-eiserfeld.de\\\/wp-content\\\/uploads\\\/2024\\\/01\\\/IMG_1467-rotated-e1704739351184.jpg?fit=900%2C552&ssl=1\",\"contentUrl\":\"https:\\\/\\\/i0.wp.com\\\/www.gesamtschule-eiserfeld.de\\\/wp-content\\\/uploads\\\/2024\\\/01\\\/IMG_1467-rotated-e1704739351184.jpg?fit=900%2C552&ssl=1\",\"width\":900,\"height\":552},{\"@type\":\"BreadcrumbList\",\"@id\":\"https:\\\/\\\/www.gesamtschule-eiserfeld.de\\\/?p=18483#breadcrumb\",\"itemListElement\":[{\"@type\":\"ListItem\",\"position\":1,\"name\":\"Startseite\",\"item\":\"https:\\\/\\\/www.gesamtschule-eiserfeld.de\\\/\"},{\"@type\":\"ListItem\",\"position\":2,\"name\":\"Weihnachtsfeier Jahrgang 5\"}]},{\"@type\":\"WebSite\",\"@id\":\"https:\\\/\\\/www.gesamtschule-eiserfeld.de\\\/#website\",\"url\":\"https:\\\/\\\/www.gesamtschule-eiserfeld.de\\\/\",\"name\":\"Gesamtschule Eiserfeld\",\"description\":\"\",\"publisher\":{\"@id\":\"https:\\\/\\\/www.gesamtschule-eiserfeld.de\\\/#organization\"},\"potentialAction\":[{\"@type\":\"SearchAction\",\"target\":{\"@type\":\"EntryPoint\",\"urlTemplate\":\"https:\\\/\\\/www.gesamtschule-eiserfeld.de\\\/?s={search_term_string}\"},\"query-input\":{\"@type\":\"PropertyValueSpecification\",\"valueRequired\":true,\"valueName\":\"search_term_string\"}}],\"inLanguage\":\"de\"},{\"@type\":\"Organization\",\"@id\":\"https:\\\/\\\/www.gesamtschule-eiserfeld.de\\\/#organization\",\"name\":\"Gesamtschule Eiserfeld\",\"url\":\"https:\\\/\\\/www.gesamtschule-eiserfeld.de\\\/\",\"logo\":{\"@type\":\"ImageObject\",\"inLanguage\":\"de\",\"@id\":\"https:\\\/\\\/www.gesamtschule-eiserfeld.de\\\/#\\\/schema\\\/logo\\\/image\\\/\",\"url\":\"https:\\\/\\\/i1.wp.com\\\/www.gesamtschule-eiserfeld.de\\\/wp-content\\\/uploads\\\/2019\\\/01\\\/GEE-Logo-neu.jpg?fit=436%2C126&ssl=1\",\"contentUrl\":\"https:\\\/\\\/i1.wp.com\\\/www.gesamtschule-eiserfeld.de\\\/wp-content\\\/uploads\\\/2019\\\/01\\\/GEE-Logo-neu.jpg?fit=436%2C126&ssl=1\",\"width\":436,\"height\":126,\"caption\":\"Gesamtschule Eiserfeld\"},\"image\":{\"@id\":\"https:\\\/\\\/www.gesamtschule-eiserfeld.de\\\/#\\\/schema\\\/logo\\\/image\\\/\"},\"sameAs\":[\"https:\\\/\\\/www.facebook.com\\\/GEEiserfeld\"]},{\"@type\":\"Person\",\"@id\":\"https:\\\/\\\/www.gesamtschule-eiserfeld.de\\\/#\\\/schema\\\/person\\\/9f37123dd2ff514a1346db435bdb3784\",\"name\":\"dorw\",\"sameAs\":[\"http:\\\/\\\/www.ge-eiserfeld.de\"],\"url\":\"https:\\\/\\\/www.gesamtschule-eiserfeld.de\\\/?author=9\"}]}<\/script>\n<!-- \/ Yoast SEO plugin. -->","yoast_head_json":{"title":"Weihnachtsfeier Jahrgang 5 - Gesamtschule Eiserfeld","robots":{"index":"index","follow":"follow","max-snippet":"max-snippet:-1","max-image-preview":"max-image-preview:large","max-video-preview":"max-video-preview:-1"},"canonical":"https:\/\/www.gesamtschule-eiserfeld.de\/?p=18483","og_locale":"de_DE","og_type":"article","og_title":"Weihnachtsfeier Jahrgang 5 - Gesamtschule Eiserfeld","og_description":"[2024-01-08 ERDM;KREU] Nach langer Zeit des Wartens konnte am 19.12.23 endlich wieder die traditionelle Weihnachtsfeier in der weihnachtlich geschm\u00fcckten Aula der Talsbachstra\u00dfe mit allen Sch\u00fclerinnen und Sch\u00fclern des 5. Jahrgangs, ihren Lehrer:innen, Eltern und weiteren G\u00e4sten stattfinden! Daf\u00fcr hatten die Kinder an drei Projekttagen flei\u00dfig geprobt und verschiedene Beitr\u00e4ge einge\u00fcbt. Die Vorfreude und Aufgeregtheit war &hellip; Weihnachtsfeier Jahrgang 5 weiterlesen &rarr;","og_url":"https:\/\/www.gesamtschule-eiserfeld.de\/?p=18483","og_site_name":"Gesamtschule Eiserfeld","article_publisher":"https:\/\/www.facebook.com\/GEEiserfeld","article_published_time":"2024-01-08T18:45:04+00:00","article_modified_time":"2024-01-08T18:45:07+00:00","og_image":[{"width":900,"height":552,"url":"https:\/\/www.gesamtschule-eiserfeld.de\/wp-content\/uploads\/2024\/01\/IMG_1467-rotated-e1704739351184.jpg","type":"image\/jpeg"}],"author":"dorw","twitter_card":"summary_large_image","twitter_misc":{"Verfasst von":"dorw","Gesch\u00e4tzte Lesezeit":"2\u00a0Minuten"},"schema":{"@context":"https:\/\/schema.org","@graph":[{"@type":"Article","@id":"https:\/\/www.gesamtschule-eiserfeld.de\/?p=18483#article","isPartOf":{"@id":"https:\/\/www.gesamtschule-eiserfeld.de\/?p=18483"},"author":{"name":"dorw","@id":"https:\/\/www.gesamtschule-eiserfeld.de\/#\/schema\/person\/9f37123dd2ff514a1346db435bdb3784"},"headline":"Weihnachtsfeier Jahrgang 5","datePublished":"2024-01-08T18:45:04+00:00","dateModified":"2024-01-08T18:45:07+00:00","mainEntityOfPage":{"@id":"https:\/\/www.gesamtschule-eiserfeld.de\/?p=18483"},"wordCount":239,"publisher":{"@id":"https:\/\/www.gesamtschule-eiserfeld.de\/#organization"},"image":{"@id":"https:\/\/www.gesamtschule-eiserfeld.de\/?p=18483#primaryimage"},"thumbnailUrl":"https:\/\/i0.wp.com\/www.gesamtschule-eiserfeld.de\/wp-content\/uploads\/2024\/01\/IMG_1467-rotated-e1704739351184.jpg?fit=900%2C552&ssl=1","articleSection":["FEIERN","F\u00f6rderverein","MUSIK"],"inLanguage":"de"},{"@type":"WebPage","@id":"https:\/\/www.gesamtschule-eiserfeld.de\/?p=18483","url":"https:\/\/www.gesamtschule-eiserfeld.de\/?p=18483","name":"Weihnachtsfeier Jahrgang 5 - Gesamtschule Eiserfeld","isPartOf":{"@id":"https:\/\/www.gesamtschule-eiserfeld.de\/#website"},"primaryImageOfPage":{"@id":"https:\/\/www.gesamtschule-eiserfeld.de\/?p=18483#primaryimage"},"image":{"@id":"https:\/\/www.gesamtschule-eiserfeld.de\/?p=18483#primaryimage"},"thumbnailUrl":"https:\/\/i0.wp.com\/www.gesamtschule-eiserfeld.de\/wp-content\/uploads\/2024\/01\/IMG_1467-rotated-e1704739351184.jpg?fit=900%2C552&ssl=1","datePublished":"2024-01-08T18:45:04+00:00","dateModified":"2024-01-08T18:45:07+00:00","breadcrumb":{"@id":"https:\/\/www.gesamtschule-eiserfeld.de\/?p=18483#breadcrumb"},"inLanguage":"de","potentialAction":[{"@type":"ReadAction","target":["https:\/\/www.gesamtschule-eiserfeld.de\/?p=18483"]}]},{"@type":"ImageObject","inLanguage":"de","@id":"https:\/\/www.gesamtschule-eiserfeld.de\/?p=18483#primaryimage","url":"https:\/\/i0.wp.com\/www.gesamtschule-eiserfeld.de\/wp-content\/uploads\/2024\/01\/IMG_1467-rotated-e1704739351184.jpg?fit=900%2C552&ssl=1","contentUrl":"https:\/\/i0.wp.com\/www.gesamtschule-eiserfeld.de\/wp-content\/uploads\/2024\/01\/IMG_1467-rotated-e1704739351184.jpg?fit=900%2C552&ssl=1","width":900,"height":552},{"@type":"BreadcrumbList","@id":"https:\/\/www.gesamtschule-eiserfeld.de\/?p=18483#breadcrumb","itemListElement":[{"@type":"ListItem","position":1,"name":"Startseite","item":"https:\/\/www.gesamtschule-eiserfeld.de\/"},{"@type":"ListItem","position":2,"name":"Weihnachtsfeier Jahrgang 5"}]},{"@type":"WebSite","@id":"https:\/\/www.gesamtschule-eiserfeld.de\/#website","url":"https:\/\/www.gesamtschule-eiserfeld.de\/","name":"Gesamtschule Eiserfeld","description":"","publisher":{"@id":"https:\/\/www.gesamtschule-eiserfeld.de\/#organization"},"potentialAction":[{"@type":"SearchAction","target":{"@type":"EntryPoint","urlTemplate":"https:\/\/www.gesamtschule-eiserfeld.de\/?s={search_term_string}"},"query-input":{"@type":"PropertyValueSpecification","valueRequired":true,"valueName":"search_term_string"}}],"inLanguage":"de"},{"@type":"Organization","@id":"https:\/\/www.gesamtschule-eiserfeld.de\/#organization","name":"Gesamtschule Eiserfeld","url":"https:\/\/www.gesamtschule-eiserfeld.de\/","logo":{"@type":"ImageObject","inLanguage":"de","@id":"https:\/\/www.gesamtschule-eiserfeld.de\/#\/schema\/logo\/image\/","url":"https:\/\/i1.wp.com\/www.gesamtschule-eiserfeld.de\/wp-content\/uploads\/2019\/01\/GEE-Logo-neu.jpg?fit=436%2C126&ssl=1","contentUrl":"https:\/\/i1.wp.com\/www.gesamtschule-eiserfeld.de\/wp-content\/uploads\/2019\/01\/GEE-Logo-neu.jpg?fit=436%2C126&ssl=1","width":436,"height":126,"caption":"Gesamtschule Eiserfeld"},"image":{"@id":"https:\/\/www.gesamtschule-eiserfeld.de\/#\/schema\/logo\/image\/"},"sameAs":["https:\/\/www.facebook.com\/GEEiserfeld"]},{"@type":"Person","@id":"https:\/\/www.gesamtschule-eiserfeld.de\/#\/schema\/person\/9f37123dd2ff514a1346db435bdb3784","name":"dorw","sameAs":["http:\/\/www.ge-eiserfeld.de"],"url":"https:\/\/www.gesamtschule-eiserfeld.de\/?author=9"}]}},"jetpack_publicize_connections":[],"jetpack_featured_media_url":"https:\/\/i0.wp.com\/www.gesamtschule-eiserfeld.de\/wp-content\/uploads\/2024\/01\/IMG_1467-rotated-e1704739351184.jpg?fit=900%2C552&ssl=1","jetpack_shortlink":"https:\/\/wp.me\/p2weeL-4O7","jetpack_sharing_enabled":true,"_links":{"self":[{"href":"https:\/\/www.gesamtschule-eiserfeld.de\/index.php?rest_route=\/wp\/v2\/posts\/18483","targetHints":{"allow":["GET"]}}],"collection":[{"href":"https:\/\/www.gesamtschule-eiserfeld.de\/index.php?rest_route=\/wp\/v2\/posts"}],"about":[{"href":"https:\/\/www.gesamtschule-eiserfeld.de\/index.php?rest_route=\/wp\/v2\/types\/post"}],"author":[{"embeddable":true,"href":"https:\/\/www.gesamtschule-eiserfeld.de\/index.php?rest_route=\/wp\/v2\/users\/9"}],"replies":[{"embeddable":true,"href":"https:\/\/www.gesamtschule-eiserfeld.de\/index.php?rest_route=%2Fwp%2Fv2%2Fcomments&post=18483"}],"version-history":[{"count":2,"href":"https:\/\/www.gesamtschule-eiserfeld.de\/index.php?rest_route=\/wp\/v2\/posts\/18483\/revisions"}],"predecessor-version":[{"id":18488,"href":"https:\/\/www.gesamtschule-eiserfeld.de\/index.php?rest_route=\/wp\/v2\/posts\/18483\/revisions\/18488"}],"wp:featuredmedia":[{"embeddable":true,"href":"https:\/\/www.gesamtschule-eiserfeld.de\/index.php?rest_route=\/wp\/v2\/media\/18484"}],"wp:attachment":[{"href":"https:\/\/www.gesamtschule-eiserfeld.de\/index.php?rest_route=%2Fwp%2Fv2%2Fmedia&parent=18483"}],"wp:term":[{"taxonomy":"category","embeddable":true,"href":"https:\/\/www.gesamtschule-eiserfeld.de\/index.php?rest_route=%2Fwp%2Fv2%2Fcategories&post=18483"},{"taxonomy":"post_tag","embeddable":true,"href":"https:\/\/www.gesamtschule-eiserfeld.de\/index.php?rest_route=%2Fwp%2Fv2%2Ftags&post=18483"}],"curies":[{"name":"wp","href":"https:\/\/api.w.org\/{rel}","templated":true}]}}