{"id":1863,"date":"2000-09-17T22:16:08","date_gmt":"2000-09-17T21:16:08","guid":{"rendered":"http:\/\/ge-eiserfeld.de\/?p=1863"},"modified":"2012-11-30T22:26:15","modified_gmt":"2012-11-30T21:26:15","slug":"2-3-lernhaltung-aneignen","status":"publish","type":"post","link":"https:\/\/www.gesamtschule-eiserfeld.de\/?p=1863","title":{"rendered":"2.3 Lernhaltung aneignen"},"content":{"rendered":"<p>Eine qualifizierte Teilnahme an unserer sich immer schneller ver\u00e4ndernden Gesellschaft (z.\u00a0B. neue Medien, Globalisierung des Arbeitsmarktes) setzt voraus, dass unsere Sch\u00fclerInnen am Ende ihrer Schulzeit in der Lage sind, selbstst\u00e4ndig weiterzulernen. Vor allem die moderne Berufswelt erwartet MitarbeiterInnen, die ihr ganzes Leben lang lernen. Das setzt neben den bereits genannten Teilaspekten zur Lernkompetenz auch eine positive Grundhaltung unserer Sch\u00fclerInnen zum Lernen voraus.<\/p>\n<p>Unsere Schule hat sich zur Aufgabe gemacht, die Sch\u00fclerInnen beim Aufbau einer positiven Lernhaltung zu unterst\u00fctzen, auch wenn der Einfluss der Schule auf die Lernhaltung nur gering ist. Dennoch wollen wir unsere M\u00f6glichkeiten nutzen um unseren Sch\u00fclerInnen einen kleinen, aber durchaus entscheidenden Vorteil zu verschaffen.<\/p>\n<p><strong>2.3.1 \u00c4u\u00dfere Motivation<\/strong><\/p>\n<p>Eine Schule, die durch ein ausgefeiltes Differenzierungssystem allen Sch\u00fclerInnen m\u00f6glichst lange alle Schulabschl\u00fcsse offen h\u00e4lt, ist motivationsf\u00f6rdernd. Unser System erm\u00f6glicht uns Leistung sehr schnell und individuell dadurch anzuerkennen, dass die Sch\u00fclerInnen ihre Abschlussprognosen verbessern.<\/p>\n<p>Mit unserem System der Leistungsdifferenzierung sprechen wir Sch\u00fclerInnen mit den unterschiedlichsten Leistungsf\u00e4higkeiten an. Dementsprechend integrieren wir eben auch Sch\u00fclerInnen mit den verschiedensten pers\u00f6nlichen Voraussetzungen unter einem Dach. Diesem Umstand begegnen wir mit einem Wahlpflichtsystem. Neben einem verbindlichen F\u00e4cherkanon f\u00fcr alle haben die Sch\u00fclerInnen bei uns die Gelegenheit ihre Begabungen und Interessen in unterschiedlichen F\u00e4chern kennen zu lernen und weiterzuentwickeln.<\/p>\n<p>Einerseits k\u00f6nnen sie also auf der Basis ihrer individuellen Leistungsf\u00e4higkeit ihren Begabungen und Interessen entsprechend zum Schulerfolg kommen. Andererseits lernen sie, dass unterschiedliche Begabungen und F\u00e4higkeiten keine Wertungen beinhalten und dass so jeder seinen Platz zun\u00e4chst in der Schule und sp\u00e4ter auch in der Gesellschaft finden kann. Dies sind unverzichtbare Grundvoraussetzungen f\u00fcr ihre Motivation.<\/p>\n<p><strong>2.3.2 Innere Motivation<\/strong><\/p>\n<p>Die Vermittlung von Lerninhalten lebt von der Motivation derer, die sie vermitteln, und derer, die sie lernen. Unser LehrerInnenkollegium besteht zum gr\u00f6\u00dften Teil aus KollegInnen, die sich in ihrem Beruf engagieren und begeisterungsf\u00e4hig sind. Wir arbeiten intensiv an den Bedingungen f\u00fcr ein Unterrichtskonzept, das die Motivation der Sch\u00fclerInnen f\u00fcr die Lerninhalte f\u00f6rdert. Nach unserer Auffassung spielen hier neben der Begeisterungsf\u00e4higkeit der Lehrerin bzw. des Lehrers vor allem drei Aspekte eine Rolle: Der Lerninhalt muss das Interesse der Sch\u00fclerInnen erwecken, er muss den Sch\u00fclerInnen neue Erkenntnisse in Aussicht stellen und er muss in den Sch\u00fclerInnen das Gef\u00fchl hervorrufen, dass sie diese mit eigenen Mitteln auch erkennen k\u00f6nnen.<\/p>\n<p>Wir sprechen hier also von einem Unterricht, in dessen Mittelpunkt ein Problem steht, f\u00fcr das die Sch\u00fclerInnen in erster Linie Interesse entwickeln k\u00f6nnen. Gleichzeitig muss dieses Problem so dosiert sein, dass sie es nicht ohne weiteres l\u00f6sen k\u00f6nnen, gleichsam aber das Gef\u00fchl haben, es mit angemessenem Einsatz l\u00f6sen zu k\u00f6nnen. Durch einen so konzipierten, problemorientierten Unterricht bauen die Sch\u00fclerInnen im Laufe ihrer Schulkarriere immer differenziertere L\u00f6sungsstrategien auf, mit denen sie unterrichtlichen Erfolg haben und die gesellschaftlichen Probleme angehen.<\/p>\n<p><strong>2.3.3 Selbstdisziplin<\/strong><\/p>\n<p>Zur Selbstdisziplin geh\u00f6rt die Bereitschaft sich anzustrengen und anvisierte Ziele ausdauernd zu verfolgen. Bereits f\u00fcr die Sch\u00fclerInnen des Jahrgangs 5 sollte an die Stelle von t\u00e4glichen Hausaufgaben die Arbeit an Wochenpl\u00e4nen treten. Das hei\u00dft, die Sch\u00fclerInnen bekommen in den Hauptf\u00e4chern f\u00fcr die ganze Woche Aufgaben, die sie erf\u00fcllen, wann sie m\u00f6chten; sie m\u00fcssen aber zu bestimmten Terminen fertig sein. Der Wochenplan kann durchaus auch Problemstellungen enthalten, die \u00fcber die Anwendung des im Unterricht Erlernten hinausgehen. Insgesamt hat er sich allerdings noch nicht in allen Klassen durchgesetzt.<\/p>\n<p>Von zunehmender Bedeutung ist in diesem Zusammenhang die Projektarbeit, die in einzelnen F\u00e4chern jeweils eine Klassenarbeit ersetzt. Hier m\u00fcssen die Sch\u00fclerInnen \u00fcber einen l\u00e4ngeren Zeitraum selbstst\u00e4ndig bestimmte, in gr\u00f6\u00dferen Zusammenh\u00e4ngen stehende Aufgaben erf\u00fcllen und ihre Arbeit, L\u00f6sungsans\u00e4tze und L\u00f6sungen in angemessener Weise darstellen. Die Projektarbeit wird in den kommenden Jahren eine immer gr\u00f6\u00dfere Rolle spielen. An einem einheitlichen und fach\u00fcbergreifendem Konzept wird derzeit gearbeitet.<\/p>\n<p><strong>2.3.4 Kooperation \u2013 Teamf\u00e4higkeit<\/strong><\/p>\n<p>Die Begabung- und Leistungsvielfalt an der Gesamtschule erfordert ein hohes Ma\u00df an Kooperation der Sch\u00fclerInnen untereinander. In gezielt angelegten Gruppenarbeiten profitieren die leistungsschwachen von den leistungsstarken Sch\u00fclerInnen, aber auch umgekehrt: Wenn es im Unterricht um die L\u00f6sung von wohldosierten Problemen geht, dann finden die Sch\u00fclerInnen an unserer Schule in der Regel L\u00f6sungen auf ganz verschiedenen Abstraktionsniveaus. Das f\u00fchrt zu einer gewissen Bodenst\u00e4ndigkeit. In \u00dcbungsphasen helfen die schnelleren Sch\u00fclerInnen den langsameren. Der Nutzen der langsameren Sch\u00fclerInnen liegt auf der Hand. Der Nutzen der schnelleren Sch\u00fclerInnen ist hier aber nicht geringer. Sie sind gezwungen, ihre eigenen besonderen F\u00e4higkeiten angemessen und einf\u00fchlsam zur Unterst\u00fctzung anderer einzusetzen. Daf\u00fcr lassen wir in Unterrichtsstunden und auch im Stundenplan (Arbeitsstunden, Mittagspausen) ganz gezielt Platz.<\/p>\n<p>Gleichzeitig machen unsere Sch\u00fclerInnen in den verschiedenen F\u00e4chern die Erfahrung, dass sich die F\u00e4higkeiten und Begabungen anders verteilen. So erh\u00e4lt jede\/r Sch\u00fclerIn seine Wertsch\u00e4tzung und seine Rolle in der gesamten Lerngruppe. Die Sch\u00fclerInnen lernen, dass jede\/r andere Sch\u00fclerIn nutzbare F\u00e4higkeiten besitzt, die es zu einem erfolgreichen Gruppenergebnis sinnvoll einzusetzen gilt. Unterst\u00fctzt wird dieses Prinzip dadurch, dass vor allem der Unterricht in den unteren Jahrg\u00e4ngen idealerweise zum gr\u00f6\u00dften Teil von den beiden Klassenlehrern abgedeckt wird.<\/p>\n<p>Alles in allem sind unsere M\u00f6glichkeiten zur F\u00f6rderung von Kooperations- und Teamf\u00e4higkeit f\u00fcr den modernen Arbeitsmarkt von unermesslichem Wert. Allerdings fehlen uns f\u00fcr eine konsequente Nutzung die Sch\u00fclerInnen, die in der Gesamtsch\u00fclerInnenpopulation die Leistungsspitze bilden. Das ist ein Problem, das wohl nur auf der politischen Ebene zu l\u00f6sen ist und das in den kommenden Jahren viele Diskussionen anregen wird.<\/p>\n","protected":false},"excerpt":{"rendered":"<p>Eine qualifizierte Teilnahme an unserer sich immer schneller ver\u00e4ndernden Gesellschaft (z.\u00a0B. neue Medien, Globalisierung des Arbeitsmarktes) setzt voraus, dass unsere Sch\u00fclerInnen am Ende ihrer Schulzeit in der Lage sind, selbstst\u00e4ndig weiterzulernen. Vor allem die moderne Berufswelt erwartet MitarbeiterInnen, die ihr ganzes Leben lang lernen. Das setzt neben den bereits genannten Teilaspekten zur Lernkompetenz auch eine &hellip; <a href=\"https:\/\/www.gesamtschule-eiserfeld.de\/?p=1863\" class=\"more-link\"><span class=\"screen-reader-text\">2.3 Lernhaltung aneignen<\/span> weiterlesen <span class=\"meta-nav\">&rarr;<\/span><\/a><\/p>\n","protected":false},"author":9,"featured_media":0,"comment_status":"closed","ping_status":"open","sticky":false,"template":"","format":"standard","meta":{"jetpack_post_was_ever_published":false,"_jetpack_newsletter_access":"","_jetpack_dont_email_post_to_subs":false,"_jetpack_newsletter_tier_id":0,"_jetpack_memberships_contains_paywalled_content":false,"_jetpack_memberships_contains_paid_content":false,"footnotes":"","jetpack_publicize_message":"","jetpack_publicize_feature_enabled":true,"jetpack_social_post_already_shared":true,"jetpack_social_options":{"image_generator_settings":{"template":"highway","default_image_id":0,"font":"","enabled":false},"version":2}},"categories":[48],"tags":[],"class_list":["post-1863","post","type-post","status-publish","format-standard","hentry","category-schulprog"],"yoast_head":"<!-- This site is optimized with the Yoast SEO plugin v27.4 - https:\/\/yoast.com\/product\/yoast-seo-wordpress\/ -->\n<title>2.3 Lernhaltung aneignen - Gesamtschule Eiserfeld<\/title>\n<meta name=\"robots\" content=\"index, follow, max-snippet:-1, max-image-preview:large, max-video-preview:-1\" \/>\n<link rel=\"canonical\" href=\"https:\/\/www.gesamtschule-eiserfeld.de\/?p=1863\" \/>\n<meta property=\"og:locale\" content=\"de_DE\" \/>\n<meta property=\"og:type\" content=\"article\" \/>\n<meta property=\"og:title\" content=\"2.3 Lernhaltung aneignen - Gesamtschule Eiserfeld\" \/>\n<meta property=\"og:description\" content=\"Eine qualifizierte Teilnahme an unserer sich immer schneller ver\u00e4ndernden Gesellschaft (z.\u00a0B. neue Medien, Globalisierung des Arbeitsmarktes) setzt voraus, dass unsere Sch\u00fclerInnen am Ende ihrer Schulzeit in der Lage sind, selbstst\u00e4ndig weiterzulernen. Vor allem die moderne Berufswelt erwartet MitarbeiterInnen, die ihr ganzes Leben lang lernen. Das setzt neben den bereits genannten Teilaspekten zur Lernkompetenz auch eine &hellip; 2.3 Lernhaltung aneignen weiterlesen &rarr;\" \/>\n<meta property=\"og:url\" content=\"https:\/\/www.gesamtschule-eiserfeld.de\/?p=1863\" \/>\n<meta property=\"og:site_name\" content=\"Gesamtschule Eiserfeld\" \/>\n<meta property=\"article:publisher\" content=\"https:\/\/www.facebook.com\/GEEiserfeld\" \/>\n<meta property=\"article:published_time\" content=\"2000-09-17T21:16:08+00:00\" \/>\n<meta property=\"article:modified_time\" content=\"2012-11-30T21:26:15+00:00\" \/>\n<meta name=\"author\" content=\"dorw\" \/>\n<meta name=\"twitter:card\" content=\"summary_large_image\" \/>\n<meta name=\"twitter:label1\" content=\"Verfasst von\" \/>\n\t<meta name=\"twitter:data1\" content=\"dorw\" \/>\n\t<meta name=\"twitter:label2\" content=\"Gesch\u00e4tzte Lesezeit\" \/>\n\t<meta name=\"twitter:data2\" content=\"5\u00a0Minuten\" \/>\n<script type=\"application\/ld+json\" class=\"yoast-schema-graph\">{\"@context\":\"https:\\\/\\\/schema.org\",\"@graph\":[{\"@type\":\"Article\",\"@id\":\"https:\\\/\\\/www.gesamtschule-eiserfeld.de\\\/?p=1863#article\",\"isPartOf\":{\"@id\":\"https:\\\/\\\/www.gesamtschule-eiserfeld.de\\\/?p=1863\"},\"author\":{\"name\":\"dorw\",\"@id\":\"https:\\\/\\\/www.gesamtschule-eiserfeld.de\\\/#\\\/schema\\\/person\\\/9f37123dd2ff514a1346db435bdb3784\"},\"headline\":\"2.3 Lernhaltung aneignen\",\"datePublished\":\"2000-09-17T21:16:08+00:00\",\"dateModified\":\"2012-11-30T21:26:15+00:00\",\"mainEntityOfPage\":{\"@id\":\"https:\\\/\\\/www.gesamtschule-eiserfeld.de\\\/?p=1863\"},\"wordCount\":961,\"publisher\":{\"@id\":\"https:\\\/\\\/www.gesamtschule-eiserfeld.de\\\/#organization\"},\"articleSection\":[\"Schulprogramm\"],\"inLanguage\":\"de\"},{\"@type\":\"WebPage\",\"@id\":\"https:\\\/\\\/www.gesamtschule-eiserfeld.de\\\/?p=1863\",\"url\":\"https:\\\/\\\/www.gesamtschule-eiserfeld.de\\\/?p=1863\",\"name\":\"2.3 Lernhaltung aneignen - Gesamtschule Eiserfeld\",\"isPartOf\":{\"@id\":\"https:\\\/\\\/www.gesamtschule-eiserfeld.de\\\/#website\"},\"datePublished\":\"2000-09-17T21:16:08+00:00\",\"dateModified\":\"2012-11-30T21:26:15+00:00\",\"breadcrumb\":{\"@id\":\"https:\\\/\\\/www.gesamtschule-eiserfeld.de\\\/?p=1863#breadcrumb\"},\"inLanguage\":\"de\",\"potentialAction\":[{\"@type\":\"ReadAction\",\"target\":[\"https:\\\/\\\/www.gesamtschule-eiserfeld.de\\\/?p=1863\"]}]},{\"@type\":\"BreadcrumbList\",\"@id\":\"https:\\\/\\\/www.gesamtschule-eiserfeld.de\\\/?p=1863#breadcrumb\",\"itemListElement\":[{\"@type\":\"ListItem\",\"position\":1,\"name\":\"Startseite\",\"item\":\"https:\\\/\\\/www.gesamtschule-eiserfeld.de\\\/\"},{\"@type\":\"ListItem\",\"position\":2,\"name\":\"2.3 Lernhaltung aneignen\"}]},{\"@type\":\"WebSite\",\"@id\":\"https:\\\/\\\/www.gesamtschule-eiserfeld.de\\\/#website\",\"url\":\"https:\\\/\\\/www.gesamtschule-eiserfeld.de\\\/\",\"name\":\"Gesamtschule Eiserfeld\",\"description\":\"\",\"publisher\":{\"@id\":\"https:\\\/\\\/www.gesamtschule-eiserfeld.de\\\/#organization\"},\"potentialAction\":[{\"@type\":\"SearchAction\",\"target\":{\"@type\":\"EntryPoint\",\"urlTemplate\":\"https:\\\/\\\/www.gesamtschule-eiserfeld.de\\\/?s={search_term_string}\"},\"query-input\":{\"@type\":\"PropertyValueSpecification\",\"valueRequired\":true,\"valueName\":\"search_term_string\"}}],\"inLanguage\":\"de\"},{\"@type\":\"Organization\",\"@id\":\"https:\\\/\\\/www.gesamtschule-eiserfeld.de\\\/#organization\",\"name\":\"Gesamtschule Eiserfeld\",\"url\":\"https:\\\/\\\/www.gesamtschule-eiserfeld.de\\\/\",\"logo\":{\"@type\":\"ImageObject\",\"inLanguage\":\"de\",\"@id\":\"https:\\\/\\\/www.gesamtschule-eiserfeld.de\\\/#\\\/schema\\\/logo\\\/image\\\/\",\"url\":\"https:\\\/\\\/i1.wp.com\\\/www.gesamtschule-eiserfeld.de\\\/wp-content\\\/uploads\\\/2019\\\/01\\\/GEE-Logo-neu.jpg?fit=436%2C126&ssl=1\",\"contentUrl\":\"https:\\\/\\\/i1.wp.com\\\/www.gesamtschule-eiserfeld.de\\\/wp-content\\\/uploads\\\/2019\\\/01\\\/GEE-Logo-neu.jpg?fit=436%2C126&ssl=1\",\"width\":436,\"height\":126,\"caption\":\"Gesamtschule Eiserfeld\"},\"image\":{\"@id\":\"https:\\\/\\\/www.gesamtschule-eiserfeld.de\\\/#\\\/schema\\\/logo\\\/image\\\/\"},\"sameAs\":[\"https:\\\/\\\/www.facebook.com\\\/GEEiserfeld\"]},{\"@type\":\"Person\",\"@id\":\"https:\\\/\\\/www.gesamtschule-eiserfeld.de\\\/#\\\/schema\\\/person\\\/9f37123dd2ff514a1346db435bdb3784\",\"name\":\"dorw\",\"sameAs\":[\"http:\\\/\\\/www.ge-eiserfeld.de\"],\"url\":\"https:\\\/\\\/www.gesamtschule-eiserfeld.de\\\/?author=9\"}]}<\/script>\n<!-- \/ Yoast SEO plugin. -->","yoast_head_json":{"title":"2.3 Lernhaltung aneignen - Gesamtschule Eiserfeld","robots":{"index":"index","follow":"follow","max-snippet":"max-snippet:-1","max-image-preview":"max-image-preview:large","max-video-preview":"max-video-preview:-1"},"canonical":"https:\/\/www.gesamtschule-eiserfeld.de\/?p=1863","og_locale":"de_DE","og_type":"article","og_title":"2.3 Lernhaltung aneignen - Gesamtschule Eiserfeld","og_description":"Eine qualifizierte Teilnahme an unserer sich immer schneller ver\u00e4ndernden Gesellschaft (z.\u00a0B. neue Medien, Globalisierung des Arbeitsmarktes) setzt voraus, dass unsere Sch\u00fclerInnen am Ende ihrer Schulzeit in der Lage sind, selbstst\u00e4ndig weiterzulernen. Vor allem die moderne Berufswelt erwartet MitarbeiterInnen, die ihr ganzes Leben lang lernen. Das setzt neben den bereits genannten Teilaspekten zur Lernkompetenz auch eine &hellip; 2.3 Lernhaltung aneignen weiterlesen &rarr;","og_url":"https:\/\/www.gesamtschule-eiserfeld.de\/?p=1863","og_site_name":"Gesamtschule Eiserfeld","article_publisher":"https:\/\/www.facebook.com\/GEEiserfeld","article_published_time":"2000-09-17T21:16:08+00:00","article_modified_time":"2012-11-30T21:26:15+00:00","author":"dorw","twitter_card":"summary_large_image","twitter_misc":{"Verfasst von":"dorw","Gesch\u00e4tzte Lesezeit":"5\u00a0Minuten"},"schema":{"@context":"https:\/\/schema.org","@graph":[{"@type":"Article","@id":"https:\/\/www.gesamtschule-eiserfeld.de\/?p=1863#article","isPartOf":{"@id":"https:\/\/www.gesamtschule-eiserfeld.de\/?p=1863"},"author":{"name":"dorw","@id":"https:\/\/www.gesamtschule-eiserfeld.de\/#\/schema\/person\/9f37123dd2ff514a1346db435bdb3784"},"headline":"2.3 Lernhaltung aneignen","datePublished":"2000-09-17T21:16:08+00:00","dateModified":"2012-11-30T21:26:15+00:00","mainEntityOfPage":{"@id":"https:\/\/www.gesamtschule-eiserfeld.de\/?p=1863"},"wordCount":961,"publisher":{"@id":"https:\/\/www.gesamtschule-eiserfeld.de\/#organization"},"articleSection":["Schulprogramm"],"inLanguage":"de"},{"@type":"WebPage","@id":"https:\/\/www.gesamtschule-eiserfeld.de\/?p=1863","url":"https:\/\/www.gesamtschule-eiserfeld.de\/?p=1863","name":"2.3 Lernhaltung aneignen - Gesamtschule Eiserfeld","isPartOf":{"@id":"https:\/\/www.gesamtschule-eiserfeld.de\/#website"},"datePublished":"2000-09-17T21:16:08+00:00","dateModified":"2012-11-30T21:26:15+00:00","breadcrumb":{"@id":"https:\/\/www.gesamtschule-eiserfeld.de\/?p=1863#breadcrumb"},"inLanguage":"de","potentialAction":[{"@type":"ReadAction","target":["https:\/\/www.gesamtschule-eiserfeld.de\/?p=1863"]}]},{"@type":"BreadcrumbList","@id":"https:\/\/www.gesamtschule-eiserfeld.de\/?p=1863#breadcrumb","itemListElement":[{"@type":"ListItem","position":1,"name":"Startseite","item":"https:\/\/www.gesamtschule-eiserfeld.de\/"},{"@type":"ListItem","position":2,"name":"2.3 Lernhaltung aneignen"}]},{"@type":"WebSite","@id":"https:\/\/www.gesamtschule-eiserfeld.de\/#website","url":"https:\/\/www.gesamtschule-eiserfeld.de\/","name":"Gesamtschule Eiserfeld","description":"","publisher":{"@id":"https:\/\/www.gesamtschule-eiserfeld.de\/#organization"},"potentialAction":[{"@type":"SearchAction","target":{"@type":"EntryPoint","urlTemplate":"https:\/\/www.gesamtschule-eiserfeld.de\/?s={search_term_string}"},"query-input":{"@type":"PropertyValueSpecification","valueRequired":true,"valueName":"search_term_string"}}],"inLanguage":"de"},{"@type":"Organization","@id":"https:\/\/www.gesamtschule-eiserfeld.de\/#organization","name":"Gesamtschule Eiserfeld","url":"https:\/\/www.gesamtschule-eiserfeld.de\/","logo":{"@type":"ImageObject","inLanguage":"de","@id":"https:\/\/www.gesamtschule-eiserfeld.de\/#\/schema\/logo\/image\/","url":"https:\/\/i1.wp.com\/www.gesamtschule-eiserfeld.de\/wp-content\/uploads\/2019\/01\/GEE-Logo-neu.jpg?fit=436%2C126&ssl=1","contentUrl":"https:\/\/i1.wp.com\/www.gesamtschule-eiserfeld.de\/wp-content\/uploads\/2019\/01\/GEE-Logo-neu.jpg?fit=436%2C126&ssl=1","width":436,"height":126,"caption":"Gesamtschule Eiserfeld"},"image":{"@id":"https:\/\/www.gesamtschule-eiserfeld.de\/#\/schema\/logo\/image\/"},"sameAs":["https:\/\/www.facebook.com\/GEEiserfeld"]},{"@type":"Person","@id":"https:\/\/www.gesamtschule-eiserfeld.de\/#\/schema\/person\/9f37123dd2ff514a1346db435bdb3784","name":"dorw","sameAs":["http:\/\/www.ge-eiserfeld.de"],"url":"https:\/\/www.gesamtschule-eiserfeld.de\/?author=9"}]}},"jetpack_publicize_connections":[],"jetpack_featured_media_url":"","jetpack_shortlink":"https:\/\/wp.me\/p2weeL-u3","jetpack_sharing_enabled":true,"_links":{"self":[{"href":"https:\/\/www.gesamtschule-eiserfeld.de\/index.php?rest_route=\/wp\/v2\/posts\/1863","targetHints":{"allow":["GET"]}}],"collection":[{"href":"https:\/\/www.gesamtschule-eiserfeld.de\/index.php?rest_route=\/wp\/v2\/posts"}],"about":[{"href":"https:\/\/www.gesamtschule-eiserfeld.de\/index.php?rest_route=\/wp\/v2\/types\/post"}],"author":[{"embeddable":true,"href":"https:\/\/www.gesamtschule-eiserfeld.de\/index.php?rest_route=\/wp\/v2\/users\/9"}],"replies":[{"embeddable":true,"href":"https:\/\/www.gesamtschule-eiserfeld.de\/index.php?rest_route=%2Fwp%2Fv2%2Fcomments&post=1863"}],"version-history":[{"count":0,"href":"https:\/\/www.gesamtschule-eiserfeld.de\/index.php?rest_route=\/wp\/v2\/posts\/1863\/revisions"}],"wp:attachment":[{"href":"https:\/\/www.gesamtschule-eiserfeld.de\/index.php?rest_route=%2Fwp%2Fv2%2Fmedia&parent=1863"}],"wp:term":[{"taxonomy":"category","embeddable":true,"href":"https:\/\/www.gesamtschule-eiserfeld.de\/index.php?rest_route=%2Fwp%2Fv2%2Fcategories&post=1863"},{"taxonomy":"post_tag","embeddable":true,"href":"https:\/\/www.gesamtschule-eiserfeld.de\/index.php?rest_route=%2Fwp%2Fv2%2Ftags&post=1863"}],"curies":[{"name":"wp","href":"https:\/\/api.w.org\/{rel}","templated":true}]}}