{"id":1933,"date":"2000-09-07T18:04:57","date_gmt":"2000-09-07T17:04:57","guid":{"rendered":"http:\/\/ge-eiserfeld.de\/?p=1933"},"modified":"2012-12-05T18:05:52","modified_gmt":"2012-12-05T17:05:52","slug":"4-3-gemeinschaft-fordern","status":"publish","type":"post","link":"https:\/\/www.gesamtschule-eiserfeld.de\/?p=1933","title":{"rendered":"4.3 Gemeinschaft f\u00f6rdern"},"content":{"rendered":"<p>Wir bem\u00fchen uns in unserem Schulalltag ein Gemeinschaftsgef\u00fchl entstehen zu lassen, das von Verantwortung, Geborgenheit und Freude gepr\u00e4gt ist. Dieses Gesamtziel kann nur erreicht werden, wenn die Wechselwirkung zwischen den Interessen und Bed\u00fcrfnissen der Individuen einerseits und den Forderungen der Gemeinschaft andererseits erkannt und sensibel ber\u00fccksichtigt wird.<\/p>\n<p><strong>4.3.1 Gemeinschaft nach innen leben<\/strong><\/p>\n<p>Gemeinschaftlich zu leben bedeutet einen Blick f\u00fcr die Menschen und die Dinge der Umgebung zu haben, sich verantwortlich f\u00fcr diese zu f\u00fchlen und bereit zu sein, eigene Interessen denen der Gemeinschaft unterzuordnen und gemeinschaftsdienlich zu handeln. An vielen Stellen unseres Schullebens wird das Bem\u00fchen um ein gemeinschaftliches Handeln deutlich (Projekttage und Projektarbeiten, Gruppenarbeiten, Vorbereitung von Schulfesten, Klassenfahrten usw.).<\/p>\n<p><strong>4.3.2 Verhaltens- und Gespr\u00e4chsregeln<\/strong><\/p>\n<p>In den Klassen werden von Sch\u00fclerInnen und LehrerInnen gemeinsam Verhaltens- und Gespr\u00e4chsregeln aufgestellt, die eine wichtige Orientierungshilfe sind. In einem meist langwierigen Prozess erfahren hier LehrerInnen und Sch\u00fclerInnen, wie viel Aufmerksamkeit und R\u00fccksichtnahme erforderlich sind um ein gutes Klassenklima entstehen zu lassen.<\/p>\n<p><strong>4.3.3 Planung und Organisation von Klassenfahrten<\/strong><\/p>\n<p>Bei der Planung und Organisation von Klassenfahrten ist es wichtig viele Aspekte zu ber\u00fccksichtigen und trotzdem eine Einigung bez\u00fcglich Form und Ziel zu finden: Wohin fahren wir? Wie viel darf die Fahrt kosten? Welche Zahlungsweise w\u00e4hlen wir? F\u00fcr welche Programmpunkte entscheiden wir uns? Ist die Mehrzahl eher an sportlichen Aktivit\u00e4ten oder an Besichtigungen interessiert? Viele Fragen m\u00fcssen ber\u00fccksichtigt werden, und auch hier ist eine Einigung ein l\u00e4ngerer und kreativer Prozess.<\/p>\n<p><strong>4.3.4 Klassenfahrten und au\u00dferunterrichtliche Aktivit\u00e4ten<\/strong><\/p>\n<p>Ein besonderes Gemeinschaftserlebnis bilden im Schulleben Klassenfahrten und au\u00dferunterrichtliche Aktivit\u00e4ten wie z. B. Sportfeste, Skifreizeiten, Wandertage und Begegnungen mit Lehrenden und Lernenden von Partnerschulen. Nicht der Leistungsdruck z\u00e4hlt, der auf dem Einzelnen lastet, sondern das gemeinsame Erleben von Neuem. Die im Unterricht festgelegten individuellen Rollen treten in den Hintergrund, ganz andere F\u00e4higkeiten sind gefragt, man kommt sich n\u00e4her, erlebt gemeinsam nicht Allt\u00e4gliches, hat Spa\u00df und Freude miteinander.<\/p>\n<p>Diese gemeinschaftliche Erlebniswelt, die besonders durch au\u00dferschulische Unternehmungen geschaffen werden kann, ist sehr wichtig f\u00fcr das Gemeinschaftsgef\u00fchl. Man spricht mit anderen \u00fcber das Erlebte und kann zeigen, dass man dazugeh\u00f6rt. Positive Erlebnisse in der Gemeinschaft sind eine starke Motivation f\u00fcr weiteres gemeinschaftliches Handeln. Wem die Gemeinschaft wichtig ist und wer sich mit seinen Bed\u00fcrfnissen darin wohl f\u00fchlt, der hat auch eine h\u00f6here Bereitschaft gemeinschaftsdienlich zu handeln.<\/p>\n<p><strong>4.3.5 Sozialformen im Unterricht<\/strong><\/p>\n<p>Miteinander Probleme zu l\u00f6sen, die F\u00e4higkeiten anderer sinnvoll f\u00fcr einen gemeinsamen Erfolg einzusetzen, sich selbst als Teil einer Gemeinschaft zu erfahren: all das k\u00f6nnen die Sch\u00fclerInnen auch sehr gut bei der Vermittlung von Unterrichtsinhalten trainieren. Es bieten sich verst\u00e4rkt Sozialformen im Unterricht an, welche die Zusammenarbeit f\u00f6rdern und die St\u00e4rken der Einzelnen ber\u00fccksichtigen.<\/p>\n<p><strong>4.3.6 Individuelle F\u00f6rderung<\/strong><\/p>\n<p>Eine Ausgewogenheit in dem Wechselspiel zwischen Individuum und Gemeinschaft kann besonders dann erreicht werden, wenn das Individuum innerhalb dieser Gemeinschaft gen\u00fcgend ber\u00fccksichtigt wird.<\/p>\n<p>Dieser Aufgabe m\u00f6chten wir uns stellen, indem wir leistungsschwache Sch\u00fclerInnen f\u00f6rdern (beispielsweise bei vorliegender Lese-Rechtschreib-Schw\u00e4che), uns als Klassen- oder BeratungslehrerInnen mit pers\u00f6nlichen, oft auch au\u00dferschulischen Problemen auseinander setzen &#8211; aber auch indem wir besondere F\u00e4higkeiten einzelner Sch\u00fclerInnen f\u00f6rdern und dann der Gemeinschaft anbieten, wie z. B. das Halten von Vortr\u00e4gen zu Spezialgebieten in der eigenen Klasse, m\u00f6glicherweise sogar in einer anderen Klasse.<\/p>\n<p>Die verschiedenen Sportturniere bieten ebenfalls eine sehr gute M\u00f6glichkeit, besondere F\u00e4higkeiten einzelner Sch\u00fclerInnen in den Vordergrund zu bringen.<\/p>\n<p><strong>4.3.7 Gemeinschaft nach au\u00dfen pr\u00e4sentieren<\/strong><\/p>\n<p>Die Schule ist eine Institution mit Wirkung nach au\u00dfen. Nicht nur die Eltern unserer Sch\u00fclerInnen interessieren sich f\u00fcr die Belange der Schule; interessiert sind auch andere Schulen, die Nachbarn, die ortsans\u00e4ssigen Betriebe, die Politik. Wir m\u00f6chten eine offene Schule sein, die Kontakte und Kommunikation sucht. Hierbei ist es uns wichtig, dass wir als Gemeinschaft wahrgenommen werden, die sich um ein eigenes Profil bem\u00fcht.<\/p>\n<p>Auf einigen Gebieten ist es uns gut gelungen uns als Gemeinschaft zu pr\u00e4sentieren, auf anderen werden wir noch Ideen entwickeln m\u00fcssen: im Bereich der Werbung f\u00fcr unsere Schule, bei der Medienrepr\u00e4sentanz und bei der Kooperation mit zahlreichen Unternehmen, besonders im Praktikumsbereich.<\/p>\n<p><strong>4.3.8 Logo<\/strong><\/p>\n<p>Das Motto \u201eSchule in Bewegung&#8220; wird durch den Schwung der schwarz-roten Streifen in unserem Logo visualisiert. Auch das Logo ist das Ergebnis eines gemeinschaftlichen Prozesses.<\/p>\n","protected":false},"excerpt":{"rendered":"<p>Wir bem\u00fchen uns in unserem Schulalltag ein Gemeinschaftsgef\u00fchl entstehen zu lassen, das von Verantwortung, Geborgenheit und Freude gepr\u00e4gt ist. Dieses Gesamtziel kann nur erreicht werden, wenn die Wechselwirkung zwischen den Interessen und Bed\u00fcrfnissen der Individuen einerseits und den Forderungen der Gemeinschaft andererseits erkannt und sensibel ber\u00fccksichtigt wird. 4.3.1 Gemeinschaft nach innen leben Gemeinschaftlich zu leben &hellip; <a href=\"https:\/\/www.gesamtschule-eiserfeld.de\/?p=1933\" class=\"more-link\"><span class=\"screen-reader-text\">4.3 Gemeinschaft f\u00f6rdern<\/span> weiterlesen <span class=\"meta-nav\">&rarr;<\/span><\/a><\/p>\n","protected":false},"author":9,"featured_media":0,"comment_status":"closed","ping_status":"open","sticky":false,"template":"","format":"standard","meta":{"jetpack_post_was_ever_published":false,"_jetpack_newsletter_access":"","_jetpack_dont_email_post_to_subs":false,"_jetpack_newsletter_tier_id":0,"_jetpack_memberships_contains_paywalled_content":false,"_jetpack_memberships_contains_paid_content":false,"footnotes":"","jetpack_publicize_message":"","jetpack_publicize_feature_enabled":true,"jetpack_social_post_already_shared":true,"jetpack_social_options":{"image_generator_settings":{"template":"highway","default_image_id":0,"font":"","enabled":false},"version":2}},"categories":[48],"tags":[],"class_list":["post-1933","post","type-post","status-publish","format-standard","hentry","category-schulprog"],"yoast_head":"<!-- This site is optimized with the Yoast SEO plugin v27.4 - https:\/\/yoast.com\/product\/yoast-seo-wordpress\/ -->\n<title>4.3 Gemeinschaft f\u00f6rdern - Gesamtschule Eiserfeld<\/title>\n<meta name=\"robots\" content=\"index, follow, max-snippet:-1, max-image-preview:large, max-video-preview:-1\" \/>\n<link rel=\"canonical\" href=\"https:\/\/www.gesamtschule-eiserfeld.de\/?p=1933\" \/>\n<meta property=\"og:locale\" content=\"de_DE\" \/>\n<meta property=\"og:type\" content=\"article\" \/>\n<meta property=\"og:title\" content=\"4.3 Gemeinschaft f\u00f6rdern - Gesamtschule Eiserfeld\" \/>\n<meta property=\"og:description\" content=\"Wir bem\u00fchen uns in unserem Schulalltag ein Gemeinschaftsgef\u00fchl entstehen zu lassen, das von Verantwortung, Geborgenheit und Freude gepr\u00e4gt ist. Dieses Gesamtziel kann nur erreicht werden, wenn die Wechselwirkung zwischen den Interessen und Bed\u00fcrfnissen der Individuen einerseits und den Forderungen der Gemeinschaft andererseits erkannt und sensibel ber\u00fccksichtigt wird. 4.3.1 Gemeinschaft nach innen leben Gemeinschaftlich zu leben &hellip; 4.3 Gemeinschaft f\u00f6rdern weiterlesen &rarr;\" \/>\n<meta property=\"og:url\" content=\"https:\/\/www.gesamtschule-eiserfeld.de\/?p=1933\" \/>\n<meta property=\"og:site_name\" content=\"Gesamtschule Eiserfeld\" \/>\n<meta property=\"article:publisher\" content=\"https:\/\/www.facebook.com\/GEEiserfeld\" \/>\n<meta property=\"article:published_time\" content=\"2000-09-07T17:04:57+00:00\" \/>\n<meta property=\"article:modified_time\" content=\"2012-12-05T17:05:52+00:00\" \/>\n<meta name=\"author\" content=\"dorw\" \/>\n<meta name=\"twitter:card\" content=\"summary_large_image\" \/>\n<meta name=\"twitter:label1\" content=\"Verfasst von\" \/>\n\t<meta name=\"twitter:data1\" content=\"dorw\" \/>\n\t<meta name=\"twitter:label2\" content=\"Gesch\u00e4tzte Lesezeit\" \/>\n\t<meta name=\"twitter:data2\" content=\"4\u00a0Minuten\" \/>\n<script type=\"application\/ld+json\" class=\"yoast-schema-graph\">{\"@context\":\"https:\\\/\\\/schema.org\",\"@graph\":[{\"@type\":\"Article\",\"@id\":\"https:\\\/\\\/www.gesamtschule-eiserfeld.de\\\/?p=1933#article\",\"isPartOf\":{\"@id\":\"https:\\\/\\\/www.gesamtschule-eiserfeld.de\\\/?p=1933\"},\"author\":{\"name\":\"dorw\",\"@id\":\"https:\\\/\\\/www.gesamtschule-eiserfeld.de\\\/#\\\/schema\\\/person\\\/9f37123dd2ff514a1346db435bdb3784\"},\"headline\":\"4.3 Gemeinschaft f\u00f6rdern\",\"datePublished\":\"2000-09-07T17:04:57+00:00\",\"dateModified\":\"2012-12-05T17:05:52+00:00\",\"mainEntityOfPage\":{\"@id\":\"https:\\\/\\\/www.gesamtschule-eiserfeld.de\\\/?p=1933\"},\"wordCount\":740,\"publisher\":{\"@id\":\"https:\\\/\\\/www.gesamtschule-eiserfeld.de\\\/#organization\"},\"articleSection\":[\"Schulprogramm\"],\"inLanguage\":\"de\"},{\"@type\":\"WebPage\",\"@id\":\"https:\\\/\\\/www.gesamtschule-eiserfeld.de\\\/?p=1933\",\"url\":\"https:\\\/\\\/www.gesamtschule-eiserfeld.de\\\/?p=1933\",\"name\":\"4.3 Gemeinschaft f\u00f6rdern - Gesamtschule Eiserfeld\",\"isPartOf\":{\"@id\":\"https:\\\/\\\/www.gesamtschule-eiserfeld.de\\\/#website\"},\"datePublished\":\"2000-09-07T17:04:57+00:00\",\"dateModified\":\"2012-12-05T17:05:52+00:00\",\"breadcrumb\":{\"@id\":\"https:\\\/\\\/www.gesamtschule-eiserfeld.de\\\/?p=1933#breadcrumb\"},\"inLanguage\":\"de\",\"potentialAction\":[{\"@type\":\"ReadAction\",\"target\":[\"https:\\\/\\\/www.gesamtschule-eiserfeld.de\\\/?p=1933\"]}]},{\"@type\":\"BreadcrumbList\",\"@id\":\"https:\\\/\\\/www.gesamtschule-eiserfeld.de\\\/?p=1933#breadcrumb\",\"itemListElement\":[{\"@type\":\"ListItem\",\"position\":1,\"name\":\"Startseite\",\"item\":\"https:\\\/\\\/www.gesamtschule-eiserfeld.de\\\/\"},{\"@type\":\"ListItem\",\"position\":2,\"name\":\"4.3 Gemeinschaft f\u00f6rdern\"}]},{\"@type\":\"WebSite\",\"@id\":\"https:\\\/\\\/www.gesamtschule-eiserfeld.de\\\/#website\",\"url\":\"https:\\\/\\\/www.gesamtschule-eiserfeld.de\\\/\",\"name\":\"Gesamtschule Eiserfeld\",\"description\":\"\",\"publisher\":{\"@id\":\"https:\\\/\\\/www.gesamtschule-eiserfeld.de\\\/#organization\"},\"potentialAction\":[{\"@type\":\"SearchAction\",\"target\":{\"@type\":\"EntryPoint\",\"urlTemplate\":\"https:\\\/\\\/www.gesamtschule-eiserfeld.de\\\/?s={search_term_string}\"},\"query-input\":{\"@type\":\"PropertyValueSpecification\",\"valueRequired\":true,\"valueName\":\"search_term_string\"}}],\"inLanguage\":\"de\"},{\"@type\":\"Organization\",\"@id\":\"https:\\\/\\\/www.gesamtschule-eiserfeld.de\\\/#organization\",\"name\":\"Gesamtschule Eiserfeld\",\"url\":\"https:\\\/\\\/www.gesamtschule-eiserfeld.de\\\/\",\"logo\":{\"@type\":\"ImageObject\",\"inLanguage\":\"de\",\"@id\":\"https:\\\/\\\/www.gesamtschule-eiserfeld.de\\\/#\\\/schema\\\/logo\\\/image\\\/\",\"url\":\"https:\\\/\\\/i1.wp.com\\\/www.gesamtschule-eiserfeld.de\\\/wp-content\\\/uploads\\\/2019\\\/01\\\/GEE-Logo-neu.jpg?fit=436%2C126&ssl=1\",\"contentUrl\":\"https:\\\/\\\/i1.wp.com\\\/www.gesamtschule-eiserfeld.de\\\/wp-content\\\/uploads\\\/2019\\\/01\\\/GEE-Logo-neu.jpg?fit=436%2C126&ssl=1\",\"width\":436,\"height\":126,\"caption\":\"Gesamtschule Eiserfeld\"},\"image\":{\"@id\":\"https:\\\/\\\/www.gesamtschule-eiserfeld.de\\\/#\\\/schema\\\/logo\\\/image\\\/\"},\"sameAs\":[\"https:\\\/\\\/www.facebook.com\\\/GEEiserfeld\"]},{\"@type\":\"Person\",\"@id\":\"https:\\\/\\\/www.gesamtschule-eiserfeld.de\\\/#\\\/schema\\\/person\\\/9f37123dd2ff514a1346db435bdb3784\",\"name\":\"dorw\",\"sameAs\":[\"http:\\\/\\\/www.ge-eiserfeld.de\"],\"url\":\"https:\\\/\\\/www.gesamtschule-eiserfeld.de\\\/?author=9\"}]}<\/script>\n<!-- \/ Yoast SEO plugin. -->","yoast_head_json":{"title":"4.3 Gemeinschaft f\u00f6rdern - Gesamtschule Eiserfeld","robots":{"index":"index","follow":"follow","max-snippet":"max-snippet:-1","max-image-preview":"max-image-preview:large","max-video-preview":"max-video-preview:-1"},"canonical":"https:\/\/www.gesamtschule-eiserfeld.de\/?p=1933","og_locale":"de_DE","og_type":"article","og_title":"4.3 Gemeinschaft f\u00f6rdern - Gesamtschule Eiserfeld","og_description":"Wir bem\u00fchen uns in unserem Schulalltag ein Gemeinschaftsgef\u00fchl entstehen zu lassen, das von Verantwortung, Geborgenheit und Freude gepr\u00e4gt ist. Dieses Gesamtziel kann nur erreicht werden, wenn die Wechselwirkung zwischen den Interessen und Bed\u00fcrfnissen der Individuen einerseits und den Forderungen der Gemeinschaft andererseits erkannt und sensibel ber\u00fccksichtigt wird. 4.3.1 Gemeinschaft nach innen leben Gemeinschaftlich zu leben &hellip; 4.3 Gemeinschaft f\u00f6rdern weiterlesen &rarr;","og_url":"https:\/\/www.gesamtschule-eiserfeld.de\/?p=1933","og_site_name":"Gesamtschule Eiserfeld","article_publisher":"https:\/\/www.facebook.com\/GEEiserfeld","article_published_time":"2000-09-07T17:04:57+00:00","article_modified_time":"2012-12-05T17:05:52+00:00","author":"dorw","twitter_card":"summary_large_image","twitter_misc":{"Verfasst von":"dorw","Gesch\u00e4tzte Lesezeit":"4\u00a0Minuten"},"schema":{"@context":"https:\/\/schema.org","@graph":[{"@type":"Article","@id":"https:\/\/www.gesamtschule-eiserfeld.de\/?p=1933#article","isPartOf":{"@id":"https:\/\/www.gesamtschule-eiserfeld.de\/?p=1933"},"author":{"name":"dorw","@id":"https:\/\/www.gesamtschule-eiserfeld.de\/#\/schema\/person\/9f37123dd2ff514a1346db435bdb3784"},"headline":"4.3 Gemeinschaft f\u00f6rdern","datePublished":"2000-09-07T17:04:57+00:00","dateModified":"2012-12-05T17:05:52+00:00","mainEntityOfPage":{"@id":"https:\/\/www.gesamtschule-eiserfeld.de\/?p=1933"},"wordCount":740,"publisher":{"@id":"https:\/\/www.gesamtschule-eiserfeld.de\/#organization"},"articleSection":["Schulprogramm"],"inLanguage":"de"},{"@type":"WebPage","@id":"https:\/\/www.gesamtschule-eiserfeld.de\/?p=1933","url":"https:\/\/www.gesamtschule-eiserfeld.de\/?p=1933","name":"4.3 Gemeinschaft f\u00f6rdern - Gesamtschule Eiserfeld","isPartOf":{"@id":"https:\/\/www.gesamtschule-eiserfeld.de\/#website"},"datePublished":"2000-09-07T17:04:57+00:00","dateModified":"2012-12-05T17:05:52+00:00","breadcrumb":{"@id":"https:\/\/www.gesamtschule-eiserfeld.de\/?p=1933#breadcrumb"},"inLanguage":"de","potentialAction":[{"@type":"ReadAction","target":["https:\/\/www.gesamtschule-eiserfeld.de\/?p=1933"]}]},{"@type":"BreadcrumbList","@id":"https:\/\/www.gesamtschule-eiserfeld.de\/?p=1933#breadcrumb","itemListElement":[{"@type":"ListItem","position":1,"name":"Startseite","item":"https:\/\/www.gesamtschule-eiserfeld.de\/"},{"@type":"ListItem","position":2,"name":"4.3 Gemeinschaft f\u00f6rdern"}]},{"@type":"WebSite","@id":"https:\/\/www.gesamtschule-eiserfeld.de\/#website","url":"https:\/\/www.gesamtschule-eiserfeld.de\/","name":"Gesamtschule Eiserfeld","description":"","publisher":{"@id":"https:\/\/www.gesamtschule-eiserfeld.de\/#organization"},"potentialAction":[{"@type":"SearchAction","target":{"@type":"EntryPoint","urlTemplate":"https:\/\/www.gesamtschule-eiserfeld.de\/?s={search_term_string}"},"query-input":{"@type":"PropertyValueSpecification","valueRequired":true,"valueName":"search_term_string"}}],"inLanguage":"de"},{"@type":"Organization","@id":"https:\/\/www.gesamtschule-eiserfeld.de\/#organization","name":"Gesamtschule Eiserfeld","url":"https:\/\/www.gesamtschule-eiserfeld.de\/","logo":{"@type":"ImageObject","inLanguage":"de","@id":"https:\/\/www.gesamtschule-eiserfeld.de\/#\/schema\/logo\/image\/","url":"https:\/\/i1.wp.com\/www.gesamtschule-eiserfeld.de\/wp-content\/uploads\/2019\/01\/GEE-Logo-neu.jpg?fit=436%2C126&ssl=1","contentUrl":"https:\/\/i1.wp.com\/www.gesamtschule-eiserfeld.de\/wp-content\/uploads\/2019\/01\/GEE-Logo-neu.jpg?fit=436%2C126&ssl=1","width":436,"height":126,"caption":"Gesamtschule Eiserfeld"},"image":{"@id":"https:\/\/www.gesamtschule-eiserfeld.de\/#\/schema\/logo\/image\/"},"sameAs":["https:\/\/www.facebook.com\/GEEiserfeld"]},{"@type":"Person","@id":"https:\/\/www.gesamtschule-eiserfeld.de\/#\/schema\/person\/9f37123dd2ff514a1346db435bdb3784","name":"dorw","sameAs":["http:\/\/www.ge-eiserfeld.de"],"url":"https:\/\/www.gesamtschule-eiserfeld.de\/?author=9"}]}},"jetpack_publicize_connections":[],"jetpack_featured_media_url":"","jetpack_shortlink":"https:\/\/wp.me\/p2weeL-vb","jetpack_sharing_enabled":true,"_links":{"self":[{"href":"https:\/\/www.gesamtschule-eiserfeld.de\/index.php?rest_route=\/wp\/v2\/posts\/1933","targetHints":{"allow":["GET"]}}],"collection":[{"href":"https:\/\/www.gesamtschule-eiserfeld.de\/index.php?rest_route=\/wp\/v2\/posts"}],"about":[{"href":"https:\/\/www.gesamtschule-eiserfeld.de\/index.php?rest_route=\/wp\/v2\/types\/post"}],"author":[{"embeddable":true,"href":"https:\/\/www.gesamtschule-eiserfeld.de\/index.php?rest_route=\/wp\/v2\/users\/9"}],"replies":[{"embeddable":true,"href":"https:\/\/www.gesamtschule-eiserfeld.de\/index.php?rest_route=%2Fwp%2Fv2%2Fcomments&post=1933"}],"version-history":[{"count":0,"href":"https:\/\/www.gesamtschule-eiserfeld.de\/index.php?rest_route=\/wp\/v2\/posts\/1933\/revisions"}],"wp:attachment":[{"href":"https:\/\/www.gesamtschule-eiserfeld.de\/index.php?rest_route=%2Fwp%2Fv2%2Fmedia&parent=1933"}],"wp:term":[{"taxonomy":"category","embeddable":true,"href":"https:\/\/www.gesamtschule-eiserfeld.de\/index.php?rest_route=%2Fwp%2Fv2%2Fcategories&post=1933"},{"taxonomy":"post_tag","embeddable":true,"href":"https:\/\/www.gesamtschule-eiserfeld.de\/index.php?rest_route=%2Fwp%2Fv2%2Ftags&post=1933"}],"curies":[{"name":"wp","href":"https:\/\/api.w.org\/{rel}","templated":true}]}}