{"id":19548,"date":"2024-12-10T19:30:00","date_gmt":"2024-12-10T18:30:00","guid":{"rendered":"https:\/\/www.gesamtschule-eiserfeld.de\/?p=19548"},"modified":"2024-12-10T11:20:04","modified_gmt":"2024-12-10T10:20:04","slug":"klasse-7b-setzt-zeichen-der-solidaritaet-uebergabe-von-weihnachtspaeckchen-an-die-siegener-tafel-e-v","status":"publish","type":"post","link":"https:\/\/www.gesamtschule-eiserfeld.de\/?p=19548","title":{"rendered":"Klasse 7b setzt Zeichen der Solidarit\u00e4t \u2013 \u00dcbergabe von Weihnachtsp\u00e4ckchen an die Siegener Tafel e.V."},"content":{"rendered":"\n<p>[Z\u00d6LL 10-12-2024] In einer herzlichen und zugleich besinnlichen Aktion haben die Sch\u00fclerinnen und Sch\u00fcler der Klasse 7b in der letzten Woche flei\u00dfig P\u00e4ckchen mit Lebensmitteln und kleinen Aufmerksamkeiten f\u00fcr die G\u00e4ste der Siegener Tafel gepackt. Am Montag, den 9. Dezember 2024, war es schlie\u00dflich so weit: Die insgesamt 39 P\u00e4ckchen wurden feierlich \u00fcbergeben \u2013 eine Geste der Solidarit\u00e4t und N\u00e4chstenliebe in der vorweihnachtlichen Zeit.<\/p>\n\n\n\n<div class=\"wp-block-jetpack-slideshow aligncenter\" data-effect=\"slide\"><div class=\"wp-block-jetpack-slideshow_container swiper-container\"><ul class=\"wp-block-jetpack-slideshow_swiper-wrapper swiper-wrapper\"><li class=\"wp-block-jetpack-slideshow_slide swiper-slide\"><figure><img data-recalc-dims=\"1\" loading=\"lazy\" decoding=\"async\" width=\"474\" height=\"356\" alt=\"\" class=\"wp-block-jetpack-slideshow_image wp-image-19552\" data-id=\"19552\" src=\"https:\/\/i0.wp.com\/www.gesamtschule-eiserfeld.de\/wp-content\/uploads\/2024\/12\/IMG_1115.jpg?resize=474%2C356&#038;ssl=1\" srcset=\"https:\/\/i0.wp.com\/www.gesamtschule-eiserfeld.de\/wp-content\/uploads\/2024\/12\/IMG_1115.jpg?resize=1024%2C768&amp;ssl=1 1024w, https:\/\/i0.wp.com\/www.gesamtschule-eiserfeld.de\/wp-content\/uploads\/2024\/12\/IMG_1115.jpg?resize=300%2C225&amp;ssl=1 300w, https:\/\/i0.wp.com\/www.gesamtschule-eiserfeld.de\/wp-content\/uploads\/2024\/12\/IMG_1115.jpg?resize=200%2C150&amp;ssl=1 200w, https:\/\/i0.wp.com\/www.gesamtschule-eiserfeld.de\/wp-content\/uploads\/2024\/12\/IMG_1115.jpg?resize=768%2C576&amp;ssl=1 768w, https:\/\/i0.wp.com\/www.gesamtschule-eiserfeld.de\/wp-content\/uploads\/2024\/12\/IMG_1115.jpg?w=1200&amp;ssl=1 1200w, https:\/\/i0.wp.com\/www.gesamtschule-eiserfeld.de\/wp-content\/uploads\/2024\/12\/IMG_1115.jpg?w=948&amp;ssl=1 948w\" sizes=\"(max-width: 474px) 100vw, 474px\" \/><\/figure><\/li><li class=\"wp-block-jetpack-slideshow_slide swiper-slide\"><figure><img data-recalc-dims=\"1\" loading=\"lazy\" decoding=\"async\" width=\"474\" height=\"632\" alt=\"\" class=\"wp-block-jetpack-slideshow_image wp-image-19553\" data-id=\"19553\" src=\"https:\/\/i0.wp.com\/www.gesamtschule-eiserfeld.de\/wp-content\/uploads\/2024\/12\/IMG_5001.jpg?resize=474%2C632&#038;ssl=1\" srcset=\"https:\/\/i0.wp.com\/www.gesamtschule-eiserfeld.de\/wp-content\/uploads\/2024\/12\/IMG_5001.jpg?resize=768%2C1024&amp;ssl=1 768w, https:\/\/i0.wp.com\/www.gesamtschule-eiserfeld.de\/wp-content\/uploads\/2024\/12\/IMG_5001.jpg?resize=225%2C300&amp;ssl=1 225w, https:\/\/i0.wp.com\/www.gesamtschule-eiserfeld.de\/wp-content\/uploads\/2024\/12\/IMG_5001.jpg?resize=113%2C150&amp;ssl=1 113w, https:\/\/i0.wp.com\/www.gesamtschule-eiserfeld.de\/wp-content\/uploads\/2024\/12\/IMG_5001.jpg?w=900&amp;ssl=1 900w\" sizes=\"(max-width: 474px) 100vw, 474px\" \/><\/figure><\/li><li class=\"wp-block-jetpack-slideshow_slide swiper-slide\"><figure><img data-recalc-dims=\"1\" loading=\"lazy\" decoding=\"async\" width=\"474\" height=\"632\" alt=\"\" class=\"wp-block-jetpack-slideshow_image wp-image-19550\" data-id=\"19550\" src=\"https:\/\/i0.wp.com\/www.gesamtschule-eiserfeld.de\/wp-content\/uploads\/2024\/12\/IMG_5004.jpg?resize=474%2C632&#038;ssl=1\" srcset=\"https:\/\/i0.wp.com\/www.gesamtschule-eiserfeld.de\/wp-content\/uploads\/2024\/12\/IMG_5004.jpg?resize=768%2C1024&amp;ssl=1 768w, https:\/\/i0.wp.com\/www.gesamtschule-eiserfeld.de\/wp-content\/uploads\/2024\/12\/IMG_5004.jpg?resize=225%2C300&amp;ssl=1 225w, https:\/\/i0.wp.com\/www.gesamtschule-eiserfeld.de\/wp-content\/uploads\/2024\/12\/IMG_5004.jpg?resize=113%2C150&amp;ssl=1 113w, https:\/\/i0.wp.com\/www.gesamtschule-eiserfeld.de\/wp-content\/uploads\/2024\/12\/IMG_5004.jpg?w=900&amp;ssl=1 900w\" sizes=\"(max-width: 474px) 100vw, 474px\" \/><\/figure><\/li><li class=\"wp-block-jetpack-slideshow_slide swiper-slide\"><figure><img data-recalc-dims=\"1\" loading=\"lazy\" decoding=\"async\" width=\"474\" height=\"632\" alt=\"\" class=\"wp-block-jetpack-slideshow_image wp-image-19551\" data-id=\"19551\" src=\"https:\/\/i0.wp.com\/www.gesamtschule-eiserfeld.de\/wp-content\/uploads\/2024\/12\/IMG_4960-Kopie.jpg?resize=474%2C632&#038;ssl=1\" srcset=\"https:\/\/i0.wp.com\/www.gesamtschule-eiserfeld.de\/wp-content\/uploads\/2024\/12\/IMG_4960-Kopie.jpg?resize=768%2C1024&amp;ssl=1 768w, https:\/\/i0.wp.com\/www.gesamtschule-eiserfeld.de\/wp-content\/uploads\/2024\/12\/IMG_4960-Kopie.jpg?resize=225%2C300&amp;ssl=1 225w, https:\/\/i0.wp.com\/www.gesamtschule-eiserfeld.de\/wp-content\/uploads\/2024\/12\/IMG_4960-Kopie.jpg?resize=113%2C150&amp;ssl=1 113w, https:\/\/i0.wp.com\/www.gesamtschule-eiserfeld.de\/wp-content\/uploads\/2024\/12\/IMG_4960-Kopie.jpg?w=900&amp;ssl=1 900w\" sizes=\"(max-width: 474px) 100vw, 474px\" \/><\/figure><\/li><\/ul><a class=\"wp-block-jetpack-slideshow_button-prev swiper-button-prev swiper-button-white\" role=\"button\"><\/a><a class=\"wp-block-jetpack-slideshow_button-next swiper-button-next swiper-button-white\" role=\"button\"><\/a><a aria-label=\"Pause Slideshow\" class=\"wp-block-jetpack-slideshow_button-pause\" role=\"button\"><\/a><div class=\"wp-block-jetpack-slideshow_pagination swiper-pagination swiper-pagination-white\"><\/div><\/div><\/div>\n\n\n\n<p>Mit viel Begeisterung hatte die Klasse, unter der Leitung von Klassenlehrerin Luisa Z\u00f6ller, durch die Schulsekret\u00e4rin Frau Kathrin D\u00fcber von dem Projekt \u201eWeihnachtsp\u00e4ckchen f\u00fcr die G\u00e4ste der Siegener Tafel e.V.&#8220; erfahren. Ziel dabei ist es, den Menschen, die auf die Unterst\u00fctzung der Tafel angewiesen sind, zu Weihnachten ein kleines St\u00fcckchen Freude zu bereiten und ihnen ein L\u00e4cheln ins Gesicht zu zaubern. Vor allem, da der Verein \u00fcber die Feiertage den Betrieb schlie\u00dfen muss, da an diesen Werktagen nicht gen\u00fcgend Lebensmittel wie sonst gesammelt werden k\u00f6nnen.<\/p>\n\n\n\n<!--more-->\n\n\n\n<p>\u201eEs ist uns wichtig, gerade in der besinnlichen Zeit des Jahres, ein Zeichen der Hilfe und des Zusammenhalts zu setzen\u201c, erkl\u00e4rte Luisa Z\u00f6ller bei der \u00dcbergabe der P\u00e4ckchen. \u201eDie Kinder haben mit viel Herzblut und Einsatzbereitschaft an dieser Aktion gearbeitet, und es ist einfach sch\u00f6n zu sehen, wie sie sich f\u00fcr andere Menschen engagieren.\u201c<\/p>\n\n\n\n<p>Die P\u00e4ckchen, die von den Sch\u00fclerinnen und Sch\u00fclern vor dem \u00dcbergabetermin liebevoll verpackt wurden, enthielten unter anderem haltbare Lebensmittel wie Reis, Nudeln, Konserven und Tees, aber auch kleine Geschenke wie Spielzeug, Schokolade und Weihnachtsgeb\u00e4ck. \u201eHauptsache etwas Gutes tun\u201c, so der Sch\u00fcler Jan, der gemeinsam mit seinen 25 Klassenkamerad:innen die P\u00e4ckchen gepackt hat.<\/p>\n\n\n\n<p>Die \u00dcbergabe fand im Klassenraum statt, wo der zweite Vorsitzende, Tillmann Fuchs, mit zwei weiteren ehrenamtlichen Helfern die P\u00e4ckchen in Empfang nahm. Er zeigte sich sichtlich bewegt von der Spendenbereitschaft der Klasse: \u201eDie G\u00e4ste der Tafel werden sich sehr \u00fcber eure liebevollen P\u00e4ckchen freuen.\u201c<\/p>\n\n\n\n<p>Die Aktion \u201eWeihnachtsp\u00e4ckchen f\u00fcr die G\u00e4ste der Siegener Tafel\u201c wurde thematisch in eine Unterrichtsreihe im Fach Gesellschaftslehre eingebettet, die soziale Verantwortung und Mitmenschlichkeit bespricht. Die Sch\u00fclerinnen und Sch\u00fcler haben nicht nur praktische Hilfe geleistet, sondern auch eine wichtige Botschaft vermittelt: \u201eIn einer Gemeinschaft kann jeder von uns einen Unterschied machen\u201c, so Klassenlehrerin Luisa Z\u00f6ller abschlie\u00dfend.<\/p>\n\n\n\n<p>F\u00fcr die Sch\u00fclerinnen und Sch\u00fcler war diese Erfahrung eine wertvolle Lektion in sozialer Verantwortung und Empathie \u2013 Werte, die auch \u00fcber die Weihnachtszeit hinaus im Schulalltag weitergetragen werden sollen. Denn eins ist sicher: Der ein oder andere aus der Klassengemeinschaft hat schon kundgetan, auch nach dieser Aktion bei der Tafel helfen zu wollen!<\/p>\n","protected":false},"excerpt":{"rendered":"<p>[Z\u00d6LL 10-12-2024] In einer herzlichen und zugleich besinnlichen Aktion haben die Sch\u00fclerinnen und Sch\u00fcler der Klasse 7b in der letzten Woche flei\u00dfig P\u00e4ckchen mit Lebensmitteln und kleinen Aufmerksamkeiten f\u00fcr die G\u00e4ste der Siegener Tafel gepackt. Am Montag, den 9. Dezember 2024, war es schlie\u00dflich so weit: Die insgesamt 39 P\u00e4ckchen wurden feierlich \u00fcbergeben \u2013 eine &hellip; <a href=\"https:\/\/www.gesamtschule-eiserfeld.de\/?p=19548\" class=\"more-link\"><span class=\"screen-reader-text\">Klasse 7b setzt Zeichen der Solidarit\u00e4t \u2013 \u00dcbergabe von Weihnachtsp\u00e4ckchen an die Siegener Tafel e.V.<\/span> weiterlesen <span class=\"meta-nav\">&rarr;<\/span><\/a><\/p>\n","protected":false},"author":19,"featured_media":19549,"comment_status":"closed","ping_status":"open","sticky":false,"template":"","format":"standard","meta":{"jetpack_post_was_ever_published":false,"_jetpack_newsletter_access":"","_jetpack_dont_email_post_to_subs":false,"_jetpack_newsletter_tier_id":0,"_jetpack_memberships_contains_paywalled_content":false,"_jetpack_memberships_contains_paid_content":false,"footnotes":"","jetpack_publicize_message":"","jetpack_publicize_feature_enabled":true,"jetpack_social_post_already_shared":true,"jetpack_social_options":{"image_generator_settings":{"template":"highway","default_image_id":0,"font":"","enabled":false},"version":2}},"categories":[54,1,35,49],"tags":[],"class_list":["post-19548","post","type-post","status-publish","format-standard","has-post-thumbnail","hentry","category-aktionen","category-allgemein","category-jg-78","category-soziales-lernen"],"yoast_head":"<!-- This site is optimized with the Yoast SEO plugin v27.4 - https:\/\/yoast.com\/product\/yoast-seo-wordpress\/ -->\n<title>Klasse 7b setzt Zeichen der Solidarit\u00e4t \u2013 \u00dcbergabe von Weihnachtsp\u00e4ckchen an die Siegener Tafel e.V. - Gesamtschule Eiserfeld<\/title>\n<meta name=\"robots\" content=\"index, follow, max-snippet:-1, max-image-preview:large, max-video-preview:-1\" \/>\n<link rel=\"canonical\" href=\"https:\/\/www.gesamtschule-eiserfeld.de\/?p=19548\" \/>\n<meta property=\"og:locale\" content=\"de_DE\" \/>\n<meta property=\"og:type\" content=\"article\" \/>\n<meta property=\"og:title\" content=\"Klasse 7b setzt Zeichen der Solidarit\u00e4t \u2013 \u00dcbergabe von Weihnachtsp\u00e4ckchen an die Siegener Tafel e.V. - Gesamtschule Eiserfeld\" \/>\n<meta property=\"og:description\" content=\"[Z\u00d6LL 10-12-2024] In einer herzlichen und zugleich besinnlichen Aktion haben die Sch\u00fclerinnen und Sch\u00fcler der Klasse 7b in der letzten Woche flei\u00dfig P\u00e4ckchen mit Lebensmitteln und kleinen Aufmerksamkeiten f\u00fcr die G\u00e4ste der Siegener Tafel gepackt. Am Montag, den 9. Dezember 2024, war es schlie\u00dflich so weit: Die insgesamt 39 P\u00e4ckchen wurden feierlich \u00fcbergeben \u2013 eine &hellip; Klasse 7b setzt Zeichen der Solidarit\u00e4t \u2013 \u00dcbergabe von Weihnachtsp\u00e4ckchen an die Siegener Tafel e.V. weiterlesen &rarr;\" \/>\n<meta property=\"og:url\" content=\"https:\/\/www.gesamtschule-eiserfeld.de\/?p=19548\" \/>\n<meta property=\"og:site_name\" content=\"Gesamtschule Eiserfeld\" \/>\n<meta property=\"article:publisher\" content=\"https:\/\/www.facebook.com\/GEEiserfeld\" \/>\n<meta property=\"article:published_time\" content=\"2024-12-10T18:30:00+00:00\" \/>\n<meta property=\"og:image\" content=\"https:\/\/i0.wp.com\/www.gesamtschule-eiserfeld.de\/wp-content\/uploads\/2024\/12\/Headerzoell24.jpg?fit=657%2C552&ssl=1\" \/>\n\t<meta property=\"og:image:width\" content=\"657\" \/>\n\t<meta property=\"og:image:height\" content=\"552\" \/>\n\t<meta property=\"og:image:type\" content=\"image\/jpeg\" \/>\n<meta name=\"author\" content=\"KINK\" \/>\n<meta name=\"twitter:card\" content=\"summary_large_image\" \/>\n<meta name=\"twitter:label1\" content=\"Verfasst von\" \/>\n\t<meta name=\"twitter:data1\" content=\"KINK\" \/>\n\t<meta name=\"twitter:label2\" content=\"Gesch\u00e4tzte Lesezeit\" \/>\n\t<meta name=\"twitter:data2\" content=\"4\u00a0Minuten\" \/>\n<script type=\"application\/ld+json\" class=\"yoast-schema-graph\">{\"@context\":\"https:\\\/\\\/schema.org\",\"@graph\":[{\"@type\":\"Article\",\"@id\":\"https:\\\/\\\/www.gesamtschule-eiserfeld.de\\\/?p=19548#article\",\"isPartOf\":{\"@id\":\"https:\\\/\\\/www.gesamtschule-eiserfeld.de\\\/?p=19548\"},\"author\":{\"name\":\"KINK\",\"@id\":\"https:\\\/\\\/www.gesamtschule-eiserfeld.de\\\/#\\\/schema\\\/person\\\/e815be34d82dc95f4eae6ec566010931\"},\"headline\":\"Klasse 7b setzt Zeichen der Solidarit\u00e4t \u2013 \u00dcbergabe von Weihnachtsp\u00e4ckchen an die Siegener Tafel e.V.\",\"datePublished\":\"2024-12-10T18:30:00+00:00\",\"mainEntityOfPage\":{\"@id\":\"https:\\\/\\\/www.gesamtschule-eiserfeld.de\\\/?p=19548\"},\"wordCount\":468,\"publisher\":{\"@id\":\"https:\\\/\\\/www.gesamtschule-eiserfeld.de\\\/#organization\"},\"image\":{\"@id\":\"https:\\\/\\\/www.gesamtschule-eiserfeld.de\\\/?p=19548#primaryimage\"},\"thumbnailUrl\":\"https:\\\/\\\/i0.wp.com\\\/www.gesamtschule-eiserfeld.de\\\/wp-content\\\/uploads\\\/2024\\\/12\\\/Headerzoell24.jpg?fit=657%2C552&ssl=1\",\"articleSection\":{\"0\":\"Aktionen\",\"2\":\"Jg 7\\\/8\",\"3\":\"Soziales Lernen\"},\"inLanguage\":\"de\"},{\"@type\":\"WebPage\",\"@id\":\"https:\\\/\\\/www.gesamtschule-eiserfeld.de\\\/?p=19548\",\"url\":\"https:\\\/\\\/www.gesamtschule-eiserfeld.de\\\/?p=19548\",\"name\":\"Klasse 7b setzt Zeichen der Solidarit\u00e4t \u2013 \u00dcbergabe von Weihnachtsp\u00e4ckchen an die Siegener Tafel e.V. - Gesamtschule Eiserfeld\",\"isPartOf\":{\"@id\":\"https:\\\/\\\/www.gesamtschule-eiserfeld.de\\\/#website\"},\"primaryImageOfPage\":{\"@id\":\"https:\\\/\\\/www.gesamtschule-eiserfeld.de\\\/?p=19548#primaryimage\"},\"image\":{\"@id\":\"https:\\\/\\\/www.gesamtschule-eiserfeld.de\\\/?p=19548#primaryimage\"},\"thumbnailUrl\":\"https:\\\/\\\/i0.wp.com\\\/www.gesamtschule-eiserfeld.de\\\/wp-content\\\/uploads\\\/2024\\\/12\\\/Headerzoell24.jpg?fit=657%2C552&ssl=1\",\"datePublished\":\"2024-12-10T18:30:00+00:00\",\"breadcrumb\":{\"@id\":\"https:\\\/\\\/www.gesamtschule-eiserfeld.de\\\/?p=19548#breadcrumb\"},\"inLanguage\":\"de\",\"potentialAction\":[{\"@type\":\"ReadAction\",\"target\":[\"https:\\\/\\\/www.gesamtschule-eiserfeld.de\\\/?p=19548\"]}]},{\"@type\":\"ImageObject\",\"inLanguage\":\"de\",\"@id\":\"https:\\\/\\\/www.gesamtschule-eiserfeld.de\\\/?p=19548#primaryimage\",\"url\":\"https:\\\/\\\/i0.wp.com\\\/www.gesamtschule-eiserfeld.de\\\/wp-content\\\/uploads\\\/2024\\\/12\\\/Headerzoell24.jpg?fit=657%2C552&ssl=1\",\"contentUrl\":\"https:\\\/\\\/i0.wp.com\\\/www.gesamtschule-eiserfeld.de\\\/wp-content\\\/uploads\\\/2024\\\/12\\\/Headerzoell24.jpg?fit=657%2C552&ssl=1\",\"width\":657,\"height\":552},{\"@type\":\"BreadcrumbList\",\"@id\":\"https:\\\/\\\/www.gesamtschule-eiserfeld.de\\\/?p=19548#breadcrumb\",\"itemListElement\":[{\"@type\":\"ListItem\",\"position\":1,\"name\":\"Startseite\",\"item\":\"https:\\\/\\\/www.gesamtschule-eiserfeld.de\\\/\"},{\"@type\":\"ListItem\",\"position\":2,\"name\":\"Klasse 7b setzt Zeichen der Solidarit\u00e4t \u2013 \u00dcbergabe von Weihnachtsp\u00e4ckchen an die Siegener Tafel e.V.\"}]},{\"@type\":\"WebSite\",\"@id\":\"https:\\\/\\\/www.gesamtschule-eiserfeld.de\\\/#website\",\"url\":\"https:\\\/\\\/www.gesamtschule-eiserfeld.de\\\/\",\"name\":\"Gesamtschule Eiserfeld\",\"description\":\"\",\"publisher\":{\"@id\":\"https:\\\/\\\/www.gesamtschule-eiserfeld.de\\\/#organization\"},\"potentialAction\":[{\"@type\":\"SearchAction\",\"target\":{\"@type\":\"EntryPoint\",\"urlTemplate\":\"https:\\\/\\\/www.gesamtschule-eiserfeld.de\\\/?s={search_term_string}\"},\"query-input\":{\"@type\":\"PropertyValueSpecification\",\"valueRequired\":true,\"valueName\":\"search_term_string\"}}],\"inLanguage\":\"de\"},{\"@type\":\"Organization\",\"@id\":\"https:\\\/\\\/www.gesamtschule-eiserfeld.de\\\/#organization\",\"name\":\"Gesamtschule Eiserfeld\",\"url\":\"https:\\\/\\\/www.gesamtschule-eiserfeld.de\\\/\",\"logo\":{\"@type\":\"ImageObject\",\"inLanguage\":\"de\",\"@id\":\"https:\\\/\\\/www.gesamtschule-eiserfeld.de\\\/#\\\/schema\\\/logo\\\/image\\\/\",\"url\":\"https:\\\/\\\/i1.wp.com\\\/www.gesamtschule-eiserfeld.de\\\/wp-content\\\/uploads\\\/2019\\\/01\\\/GEE-Logo-neu.jpg?fit=436%2C126&ssl=1\",\"contentUrl\":\"https:\\\/\\\/i1.wp.com\\\/www.gesamtschule-eiserfeld.de\\\/wp-content\\\/uploads\\\/2019\\\/01\\\/GEE-Logo-neu.jpg?fit=436%2C126&ssl=1\",\"width\":436,\"height\":126,\"caption\":\"Gesamtschule Eiserfeld\"},\"image\":{\"@id\":\"https:\\\/\\\/www.gesamtschule-eiserfeld.de\\\/#\\\/schema\\\/logo\\\/image\\\/\"},\"sameAs\":[\"https:\\\/\\\/www.facebook.com\\\/GEEiserfeld\"]},{\"@type\":\"Person\",\"@id\":\"https:\\\/\\\/www.gesamtschule-eiserfeld.de\\\/#\\\/schema\\\/person\\\/e815be34d82dc95f4eae6ec566010931\",\"name\":\"KINK\",\"url\":\"https:\\\/\\\/www.gesamtschule-eiserfeld.de\\\/?author=19\"}]}<\/script>\n<!-- \/ Yoast SEO plugin. -->","yoast_head_json":{"title":"Klasse 7b setzt Zeichen der Solidarit\u00e4t \u2013 \u00dcbergabe von Weihnachtsp\u00e4ckchen an die Siegener Tafel e.V. - Gesamtschule Eiserfeld","robots":{"index":"index","follow":"follow","max-snippet":"max-snippet:-1","max-image-preview":"max-image-preview:large","max-video-preview":"max-video-preview:-1"},"canonical":"https:\/\/www.gesamtschule-eiserfeld.de\/?p=19548","og_locale":"de_DE","og_type":"article","og_title":"Klasse 7b setzt Zeichen der Solidarit\u00e4t \u2013 \u00dcbergabe von Weihnachtsp\u00e4ckchen an die Siegener Tafel e.V. - Gesamtschule Eiserfeld","og_description":"[Z\u00d6LL 10-12-2024] In einer herzlichen und zugleich besinnlichen Aktion haben die Sch\u00fclerinnen und Sch\u00fcler der Klasse 7b in der letzten Woche flei\u00dfig P\u00e4ckchen mit Lebensmitteln und kleinen Aufmerksamkeiten f\u00fcr die G\u00e4ste der Siegener Tafel gepackt. Am Montag, den 9. Dezember 2024, war es schlie\u00dflich so weit: Die insgesamt 39 P\u00e4ckchen wurden feierlich \u00fcbergeben \u2013 eine &hellip; Klasse 7b setzt Zeichen der Solidarit\u00e4t \u2013 \u00dcbergabe von Weihnachtsp\u00e4ckchen an die Siegener Tafel e.V. weiterlesen &rarr;","og_url":"https:\/\/www.gesamtschule-eiserfeld.de\/?p=19548","og_site_name":"Gesamtschule Eiserfeld","article_publisher":"https:\/\/www.facebook.com\/GEEiserfeld","article_published_time":"2024-12-10T18:30:00+00:00","og_image":[{"width":657,"height":552,"url":"https:\/\/i0.wp.com\/www.gesamtschule-eiserfeld.de\/wp-content\/uploads\/2024\/12\/Headerzoell24.jpg?fit=657%2C552&ssl=1","type":"image\/jpeg"}],"author":"KINK","twitter_card":"summary_large_image","twitter_misc":{"Verfasst von":"KINK","Gesch\u00e4tzte Lesezeit":"4\u00a0Minuten"},"schema":{"@context":"https:\/\/schema.org","@graph":[{"@type":"Article","@id":"https:\/\/www.gesamtschule-eiserfeld.de\/?p=19548#article","isPartOf":{"@id":"https:\/\/www.gesamtschule-eiserfeld.de\/?p=19548"},"author":{"name":"KINK","@id":"https:\/\/www.gesamtschule-eiserfeld.de\/#\/schema\/person\/e815be34d82dc95f4eae6ec566010931"},"headline":"Klasse 7b setzt Zeichen der Solidarit\u00e4t \u2013 \u00dcbergabe von Weihnachtsp\u00e4ckchen an die Siegener Tafel e.V.","datePublished":"2024-12-10T18:30:00+00:00","mainEntityOfPage":{"@id":"https:\/\/www.gesamtschule-eiserfeld.de\/?p=19548"},"wordCount":468,"publisher":{"@id":"https:\/\/www.gesamtschule-eiserfeld.de\/#organization"},"image":{"@id":"https:\/\/www.gesamtschule-eiserfeld.de\/?p=19548#primaryimage"},"thumbnailUrl":"https:\/\/i0.wp.com\/www.gesamtschule-eiserfeld.de\/wp-content\/uploads\/2024\/12\/Headerzoell24.jpg?fit=657%2C552&ssl=1","articleSection":{"0":"Aktionen","2":"Jg 7\/8","3":"Soziales Lernen"},"inLanguage":"de"},{"@type":"WebPage","@id":"https:\/\/www.gesamtschule-eiserfeld.de\/?p=19548","url":"https:\/\/www.gesamtschule-eiserfeld.de\/?p=19548","name":"Klasse 7b setzt Zeichen der Solidarit\u00e4t \u2013 \u00dcbergabe von Weihnachtsp\u00e4ckchen an die Siegener Tafel e.V. - Gesamtschule Eiserfeld","isPartOf":{"@id":"https:\/\/www.gesamtschule-eiserfeld.de\/#website"},"primaryImageOfPage":{"@id":"https:\/\/www.gesamtschule-eiserfeld.de\/?p=19548#primaryimage"},"image":{"@id":"https:\/\/www.gesamtschule-eiserfeld.de\/?p=19548#primaryimage"},"thumbnailUrl":"https:\/\/i0.wp.com\/www.gesamtschule-eiserfeld.de\/wp-content\/uploads\/2024\/12\/Headerzoell24.jpg?fit=657%2C552&ssl=1","datePublished":"2024-12-10T18:30:00+00:00","breadcrumb":{"@id":"https:\/\/www.gesamtschule-eiserfeld.de\/?p=19548#breadcrumb"},"inLanguage":"de","potentialAction":[{"@type":"ReadAction","target":["https:\/\/www.gesamtschule-eiserfeld.de\/?p=19548"]}]},{"@type":"ImageObject","inLanguage":"de","@id":"https:\/\/www.gesamtschule-eiserfeld.de\/?p=19548#primaryimage","url":"https:\/\/i0.wp.com\/www.gesamtschule-eiserfeld.de\/wp-content\/uploads\/2024\/12\/Headerzoell24.jpg?fit=657%2C552&ssl=1","contentUrl":"https:\/\/i0.wp.com\/www.gesamtschule-eiserfeld.de\/wp-content\/uploads\/2024\/12\/Headerzoell24.jpg?fit=657%2C552&ssl=1","width":657,"height":552},{"@type":"BreadcrumbList","@id":"https:\/\/www.gesamtschule-eiserfeld.de\/?p=19548#breadcrumb","itemListElement":[{"@type":"ListItem","position":1,"name":"Startseite","item":"https:\/\/www.gesamtschule-eiserfeld.de\/"},{"@type":"ListItem","position":2,"name":"Klasse 7b setzt Zeichen der Solidarit\u00e4t \u2013 \u00dcbergabe von Weihnachtsp\u00e4ckchen an die Siegener Tafel e.V."}]},{"@type":"WebSite","@id":"https:\/\/www.gesamtschule-eiserfeld.de\/#website","url":"https:\/\/www.gesamtschule-eiserfeld.de\/","name":"Gesamtschule Eiserfeld","description":"","publisher":{"@id":"https:\/\/www.gesamtschule-eiserfeld.de\/#organization"},"potentialAction":[{"@type":"SearchAction","target":{"@type":"EntryPoint","urlTemplate":"https:\/\/www.gesamtschule-eiserfeld.de\/?s={search_term_string}"},"query-input":{"@type":"PropertyValueSpecification","valueRequired":true,"valueName":"search_term_string"}}],"inLanguage":"de"},{"@type":"Organization","@id":"https:\/\/www.gesamtschule-eiserfeld.de\/#organization","name":"Gesamtschule Eiserfeld","url":"https:\/\/www.gesamtschule-eiserfeld.de\/","logo":{"@type":"ImageObject","inLanguage":"de","@id":"https:\/\/www.gesamtschule-eiserfeld.de\/#\/schema\/logo\/image\/","url":"https:\/\/i1.wp.com\/www.gesamtschule-eiserfeld.de\/wp-content\/uploads\/2019\/01\/GEE-Logo-neu.jpg?fit=436%2C126&ssl=1","contentUrl":"https:\/\/i1.wp.com\/www.gesamtschule-eiserfeld.de\/wp-content\/uploads\/2019\/01\/GEE-Logo-neu.jpg?fit=436%2C126&ssl=1","width":436,"height":126,"caption":"Gesamtschule Eiserfeld"},"image":{"@id":"https:\/\/www.gesamtschule-eiserfeld.de\/#\/schema\/logo\/image\/"},"sameAs":["https:\/\/www.facebook.com\/GEEiserfeld"]},{"@type":"Person","@id":"https:\/\/www.gesamtschule-eiserfeld.de\/#\/schema\/person\/e815be34d82dc95f4eae6ec566010931","name":"KINK","url":"https:\/\/www.gesamtschule-eiserfeld.de\/?author=19"}]}},"jetpack_publicize_connections":[],"jetpack_featured_media_url":"https:\/\/i0.wp.com\/www.gesamtschule-eiserfeld.de\/wp-content\/uploads\/2024\/12\/Headerzoell24.jpg?fit=657%2C552&ssl=1","jetpack_shortlink":"https:\/\/wp.me\/p2weeL-55i","jetpack_sharing_enabled":true,"_links":{"self":[{"href":"https:\/\/www.gesamtschule-eiserfeld.de\/index.php?rest_route=\/wp\/v2\/posts\/19548","targetHints":{"allow":["GET"]}}],"collection":[{"href":"https:\/\/www.gesamtschule-eiserfeld.de\/index.php?rest_route=\/wp\/v2\/posts"}],"about":[{"href":"https:\/\/www.gesamtschule-eiserfeld.de\/index.php?rest_route=\/wp\/v2\/types\/post"}],"author":[{"embeddable":true,"href":"https:\/\/www.gesamtschule-eiserfeld.de\/index.php?rest_route=\/wp\/v2\/users\/19"}],"replies":[{"embeddable":true,"href":"https:\/\/www.gesamtschule-eiserfeld.de\/index.php?rest_route=%2Fwp%2Fv2%2Fcomments&post=19548"}],"version-history":[{"count":1,"href":"https:\/\/www.gesamtschule-eiserfeld.de\/index.php?rest_route=\/wp\/v2\/posts\/19548\/revisions"}],"predecessor-version":[{"id":19554,"href":"https:\/\/www.gesamtschule-eiserfeld.de\/index.php?rest_route=\/wp\/v2\/posts\/19548\/revisions\/19554"}],"wp:featuredmedia":[{"embeddable":true,"href":"https:\/\/www.gesamtschule-eiserfeld.de\/index.php?rest_route=\/wp\/v2\/media\/19549"}],"wp:attachment":[{"href":"https:\/\/www.gesamtschule-eiserfeld.de\/index.php?rest_route=%2Fwp%2Fv2%2Fmedia&parent=19548"}],"wp:term":[{"taxonomy":"category","embeddable":true,"href":"https:\/\/www.gesamtschule-eiserfeld.de\/index.php?rest_route=%2Fwp%2Fv2%2Fcategories&post=19548"},{"taxonomy":"post_tag","embeddable":true,"href":"https:\/\/www.gesamtschule-eiserfeld.de\/index.php?rest_route=%2Fwp%2Fv2%2Ftags&post=19548"}],"curies":[{"name":"wp","href":"https:\/\/api.w.org\/{rel}","templated":true}]}}