{"id":19618,"date":"2024-12-17T09:30:00","date_gmt":"2024-12-17T08:30:00","guid":{"rendered":"https:\/\/www.gesamtschule-eiserfeld.de\/?p=19618"},"modified":"2024-12-17T13:18:49","modified_gmt":"2024-12-17T12:18:49","slug":"anmeldung-sj-25-26-jetzt-termine-reservieren","status":"publish","type":"post","link":"https:\/\/www.gesamtschule-eiserfeld.de\/?p=19618","title":{"rendered":"Anmeldung  SJ 25\/26 &#8211; Jetzt Termine reservieren"},"content":{"rendered":"\n<p>Liebe Eltern,<\/p>\n\n\n\n<p>die Anmeldung f\u00fcr Sch\u00fclerinnen und Sch\u00fcler, die im kommenden\u00a0<strong>Schuljahr 2025\/2026<\/strong>\u00a0den 5.Jahrgang oder die gymnasiale Oberstufe (EF) der Gesamtschule Eiserfeld besuchen wollen, findet in der Woche vom\u00a0<strong>10.02.-13.02.2025<\/strong>\u00a0 an der\u00a0<strong>Talsbachstra\u00dfe 33<\/strong>\u00a0statt.<\/p>\n\n\n\n<p>Um m\u00f6gliche Wartezeiten zu verhindern, vergeben wir online Termine f\u00fcr die Anmeldung.<\/p>\n\n\n<div class=\"wp-block-image\">\n<figure class=\"aligncenter size-large is-resized\"><a href=\"https:\/\/www.gesamtschule-eiserfeld.de\/?page_id=19575\"><img data-recalc-dims=\"1\" loading=\"lazy\" decoding=\"async\" width=\"474\" height=\"335\" data-attachment-id=\"19619\" data-permalink=\"https:\/\/www.gesamtschule-eiserfeld.de\/?attachment_id=19619\" data-orig-file=\"https:\/\/i0.wp.com\/www.gesamtschule-eiserfeld.de\/wp-content\/uploads\/2024\/12\/buttontermin.png?fit=1200%2C848&amp;ssl=1\" data-orig-size=\"1200,848\" data-comments-opened=\"0\" data-image-meta=\"{&quot;aperture&quot;:&quot;0&quot;,&quot;credit&quot;:&quot;&quot;,&quot;camera&quot;:&quot;&quot;,&quot;caption&quot;:&quot;&quot;,&quot;created_timestamp&quot;:&quot;0&quot;,&quot;copyright&quot;:&quot;&quot;,&quot;focal_length&quot;:&quot;0&quot;,&quot;iso&quot;:&quot;0&quot;,&quot;shutter_speed&quot;:&quot;0&quot;,&quot;title&quot;:&quot;&quot;,&quot;orientation&quot;:&quot;0&quot;}\" data-image-title=\"buttontermin\" data-image-description=\"\" data-image-caption=\"\" data-large-file=\"https:\/\/i0.wp.com\/www.gesamtschule-eiserfeld.de\/wp-content\/uploads\/2024\/12\/buttontermin.png?fit=474%2C335&amp;ssl=1\" src=\"https:\/\/i0.wp.com\/www.gesamtschule-eiserfeld.de\/wp-content\/uploads\/2024\/12\/buttontermin.png?resize=474%2C335&#038;ssl=1\" alt=\"\" class=\"wp-image-19619\" style=\"width:215px;height:auto\" srcset=\"https:\/\/i0.wp.com\/www.gesamtschule-eiserfeld.de\/wp-content\/uploads\/2024\/12\/buttontermin.png?resize=1024%2C724&amp;ssl=1 1024w, https:\/\/i0.wp.com\/www.gesamtschule-eiserfeld.de\/wp-content\/uploads\/2024\/12\/buttontermin.png?resize=300%2C212&amp;ssl=1 300w, https:\/\/i0.wp.com\/www.gesamtschule-eiserfeld.de\/wp-content\/uploads\/2024\/12\/buttontermin.png?resize=200%2C141&amp;ssl=1 200w, https:\/\/i0.wp.com\/www.gesamtschule-eiserfeld.de\/wp-content\/uploads\/2024\/12\/buttontermin.png?resize=768%2C543&amp;ssl=1 768w, https:\/\/i0.wp.com\/www.gesamtschule-eiserfeld.de\/wp-content\/uploads\/2024\/12\/buttontermin.png?w=1200&amp;ssl=1 1200w, https:\/\/i0.wp.com\/www.gesamtschule-eiserfeld.de\/wp-content\/uploads\/2024\/12\/buttontermin.png?w=948&amp;ssl=1 948w\" sizes=\"auto, (max-width: 474px) 100vw, 474px\" \/><\/a><\/figure>\n<\/div>\n\n\n<h2 class=\"wp-block-heading\">Tag der offenen T\u00fcr<\/h2>\n\n\n\n<p>Der Tag der offenen T\u00fcr f\u00fcr die neue 5 und die gymnasiale Oberstufe (EF) findet am Samstag, den&nbsp;<strong>11.01.2025 Am Hengsberg 20 und Talsbachstr. 33<\/strong>&nbsp;in der Zeit von 10:00 Uhr bis 14:00 Uhr statt.<\/p>\n\n\n\n<p>Am Tag der offenen T\u00fcr pr\u00e4sentieren wir uns als eine Schule mit zwei Standorten. Dort bieten wir Ihnen einen Einblick in den Unterricht, unsere Ganztagsangebote, Klassen- und Fachr\u00e4ume, Projekte und spannende Mitmach-Angebote.<\/p>\n\n\n\n<p><em>Wir freuen uns, Sie und euch dort pers\u00f6nlich kennen zu lernen, \u00fcber unsere Schule zu informieren und mit allen Interessierten ins Gespr\u00e4ch zu kommen. Neugier und Fragen sind ausdr\u00fccklich erw\u00fcnscht!<\/em><\/p>\n\n\n\n<figure class=\"wp-block-embed is-type-video is-provider-youtube wp-block-embed-youtube wp-embed-aspect-16-9 wp-has-aspect-ratio\"><div class=\"wp-block-embed__wrapper\">\n<span class=\"embed-youtube\" style=\"text-align:center; display: block;\"><iframe loading=\"lazy\" class=\"youtube-player\" width=\"474\" height=\"267\" src=\"https:\/\/www.youtube.com\/embed\/U3IIUetuglg?version=3&#038;rel=1&#038;showsearch=0&#038;showinfo=1&#038;iv_load_policy=1&#038;fs=1&#038;hl=de-DE&#038;autohide=2&#038;wmode=transparent\" allowfullscreen=\"true\" style=\"border:0;\" sandbox=\"allow-scripts allow-same-origin allow-popups allow-presentation allow-popups-to-escape-sandbox\"><\/iframe><\/span>\n<\/div><\/figure>\n","protected":false},"excerpt":{"rendered":"<p>Liebe Eltern, die Anmeldung f\u00fcr Sch\u00fclerinnen und Sch\u00fcler, die im kommenden\u00a0Schuljahr 2025\/2026\u00a0den 5.Jahrgang oder die gymnasiale Oberstufe (EF) der Gesamtschule Eiserfeld besuchen wollen, findet in der Woche vom\u00a010.02.-13.02.2025\u00a0 an der\u00a0Talsbachstra\u00dfe 33\u00a0statt. Um m\u00f6gliche Wartezeiten zu verhindern, vergeben wir online Termine f\u00fcr die Anmeldung. Tag der offenen T\u00fcr Der Tag der offenen T\u00fcr f\u00fcr die neue &hellip; <a href=\"https:\/\/www.gesamtschule-eiserfeld.de\/?p=19618\" class=\"more-link\"><span class=\"screen-reader-text\">Anmeldung  SJ 25\/26 &#8211; Jetzt Termine reservieren<\/span> weiterlesen <span class=\"meta-nav\">&rarr;<\/span><\/a><\/p>\n","protected":false},"author":19,"featured_media":19622,"comment_status":"closed","ping_status":"open","sticky":false,"template":"","format":"standard","meta":{"jetpack_post_was_ever_published":false,"_jetpack_newsletter_access":"","_jetpack_dont_email_post_to_subs":false,"_jetpack_newsletter_tier_id":0,"_jetpack_memberships_contains_paywalled_content":false,"_jetpack_memberships_contains_paid_content":false,"footnotes":"","jetpack_publicize_message":"","jetpack_publicize_feature_enabled":true,"jetpack_social_post_already_shared":true,"jetpack_social_options":{"image_generator_settings":{"template":"highway","default_image_id":0,"font":"","enabled":false},"version":2}},"categories":[1,138,34,26],"tags":[],"class_list":["post-19618","post","type-post","status-publish","format-standard","has-post-thumbnail","hentry","category-allgemein","category-anmeldung","category-jg-56","category-sekundarstufe-ii"],"yoast_head":"<!-- This site is optimized with the Yoast SEO plugin v27.4 - https:\/\/yoast.com\/product\/yoast-seo-wordpress\/ -->\n<title>Anmeldung SJ 25\/26 - Jetzt Termine reservieren - Gesamtschule Eiserfeld<\/title>\n<meta name=\"robots\" content=\"index, follow, max-snippet:-1, max-image-preview:large, max-video-preview:-1\" \/>\n<link rel=\"canonical\" href=\"https:\/\/www.gesamtschule-eiserfeld.de\/?p=19618\" \/>\n<meta property=\"og:locale\" content=\"de_DE\" \/>\n<meta property=\"og:type\" content=\"article\" \/>\n<meta property=\"og:title\" content=\"Anmeldung SJ 25\/26 - Jetzt Termine reservieren - Gesamtschule Eiserfeld\" \/>\n<meta property=\"og:description\" content=\"Liebe Eltern, die Anmeldung f\u00fcr Sch\u00fclerinnen und Sch\u00fcler, die im kommenden\u00a0Schuljahr 2025\/2026\u00a0den 5.Jahrgang oder die gymnasiale Oberstufe (EF) der Gesamtschule Eiserfeld besuchen wollen, findet in der Woche vom\u00a010.02.-13.02.2025\u00a0 an der\u00a0Talsbachstra\u00dfe 33\u00a0statt. Um m\u00f6gliche Wartezeiten zu verhindern, vergeben wir online Termine f\u00fcr die Anmeldung. Tag der offenen T\u00fcr Der Tag der offenen T\u00fcr f\u00fcr die neue &hellip; Anmeldung SJ 25\/26 &#8211; Jetzt Termine reservieren weiterlesen &rarr;\" \/>\n<meta property=\"og:url\" content=\"https:\/\/www.gesamtschule-eiserfeld.de\/?p=19618\" \/>\n<meta property=\"og:site_name\" content=\"Gesamtschule Eiserfeld\" \/>\n<meta property=\"article:publisher\" content=\"https:\/\/www.facebook.com\/GEEiserfeld\" \/>\n<meta property=\"article:published_time\" content=\"2024-12-17T08:30:00+00:00\" \/>\n<meta property=\"article:modified_time\" content=\"2024-12-17T12:18:49+00:00\" \/>\n<meta property=\"og:image\" content=\"https:\/\/www.gesamtschule-eiserfeld.de\/wp-content\/uploads\/2024\/12\/HEaderanmeldungartikel.jpg\" \/>\n\t<meta property=\"og:image:width\" content=\"1200\" \/>\n\t<meta property=\"og:image:height\" content=\"848\" \/>\n\t<meta property=\"og:image:type\" content=\"image\/jpeg\" \/>\n<meta name=\"author\" content=\"KINK\" \/>\n<meta name=\"twitter:card\" content=\"summary_large_image\" \/>\n<meta name=\"twitter:label1\" content=\"Verfasst von\" \/>\n\t<meta name=\"twitter:data1\" content=\"KINK\" \/>\n\t<meta name=\"twitter:label2\" content=\"Gesch\u00e4tzte Lesezeit\" \/>\n\t<meta name=\"twitter:data2\" content=\"2\u00a0Minuten\" \/>\n<script type=\"application\/ld+json\" class=\"yoast-schema-graph\">{\"@context\":\"https:\\\/\\\/schema.org\",\"@graph\":[{\"@type\":\"Article\",\"@id\":\"https:\\\/\\\/www.gesamtschule-eiserfeld.de\\\/?p=19618#article\",\"isPartOf\":{\"@id\":\"https:\\\/\\\/www.gesamtschule-eiserfeld.de\\\/?p=19618\"},\"author\":{\"name\":\"KINK\",\"@id\":\"https:\\\/\\\/www.gesamtschule-eiserfeld.de\\\/#\\\/schema\\\/person\\\/e815be34d82dc95f4eae6ec566010931\"},\"headline\":\"Anmeldung SJ 25\\\/26 &#8211; Jetzt Termine reservieren\",\"datePublished\":\"2024-12-17T08:30:00+00:00\",\"dateModified\":\"2024-12-17T12:18:49+00:00\",\"mainEntityOfPage\":{\"@id\":\"https:\\\/\\\/www.gesamtschule-eiserfeld.de\\\/?p=19618\"},\"wordCount\":170,\"publisher\":{\"@id\":\"https:\\\/\\\/www.gesamtschule-eiserfeld.de\\\/#organization\"},\"image\":{\"@id\":\"https:\\\/\\\/www.gesamtschule-eiserfeld.de\\\/?p=19618#primaryimage\"},\"thumbnailUrl\":\"https:\\\/\\\/i0.wp.com\\\/www.gesamtschule-eiserfeld.de\\\/wp-content\\\/uploads\\\/2024\\\/12\\\/HEaderanmeldungartikel.jpg?fit=1200%2C848&ssl=1\",\"articleSection\":{\"1\":\"Anmeldung\",\"2\":\"Jg 5\\\/6\",\"3\":\"Sekundarstufe II\"},\"inLanguage\":\"de\"},{\"@type\":\"WebPage\",\"@id\":\"https:\\\/\\\/www.gesamtschule-eiserfeld.de\\\/?p=19618\",\"url\":\"https:\\\/\\\/www.gesamtschule-eiserfeld.de\\\/?p=19618\",\"name\":\"Anmeldung SJ 25\\\/26 - Jetzt Termine reservieren - Gesamtschule Eiserfeld\",\"isPartOf\":{\"@id\":\"https:\\\/\\\/www.gesamtschule-eiserfeld.de\\\/#website\"},\"primaryImageOfPage\":{\"@id\":\"https:\\\/\\\/www.gesamtschule-eiserfeld.de\\\/?p=19618#primaryimage\"},\"image\":{\"@id\":\"https:\\\/\\\/www.gesamtschule-eiserfeld.de\\\/?p=19618#primaryimage\"},\"thumbnailUrl\":\"https:\\\/\\\/i0.wp.com\\\/www.gesamtschule-eiserfeld.de\\\/wp-content\\\/uploads\\\/2024\\\/12\\\/HEaderanmeldungartikel.jpg?fit=1200%2C848&ssl=1\",\"datePublished\":\"2024-12-17T08:30:00+00:00\",\"dateModified\":\"2024-12-17T12:18:49+00:00\",\"breadcrumb\":{\"@id\":\"https:\\\/\\\/www.gesamtschule-eiserfeld.de\\\/?p=19618#breadcrumb\"},\"inLanguage\":\"de\",\"potentialAction\":[{\"@type\":\"ReadAction\",\"target\":[\"https:\\\/\\\/www.gesamtschule-eiserfeld.de\\\/?p=19618\"]}]},{\"@type\":\"ImageObject\",\"inLanguage\":\"de\",\"@id\":\"https:\\\/\\\/www.gesamtschule-eiserfeld.de\\\/?p=19618#primaryimage\",\"url\":\"https:\\\/\\\/i0.wp.com\\\/www.gesamtschule-eiserfeld.de\\\/wp-content\\\/uploads\\\/2024\\\/12\\\/HEaderanmeldungartikel.jpg?fit=1200%2C848&ssl=1\",\"contentUrl\":\"https:\\\/\\\/i0.wp.com\\\/www.gesamtschule-eiserfeld.de\\\/wp-content\\\/uploads\\\/2024\\\/12\\\/HEaderanmeldungartikel.jpg?fit=1200%2C848&ssl=1\",\"width\":1200,\"height\":848},{\"@type\":\"BreadcrumbList\",\"@id\":\"https:\\\/\\\/www.gesamtschule-eiserfeld.de\\\/?p=19618#breadcrumb\",\"itemListElement\":[{\"@type\":\"ListItem\",\"position\":1,\"name\":\"Startseite\",\"item\":\"https:\\\/\\\/www.gesamtschule-eiserfeld.de\\\/\"},{\"@type\":\"ListItem\",\"position\":2,\"name\":\"Anmeldung SJ 25\\\/26 &#8211; Jetzt Termine reservieren\"}]},{\"@type\":\"WebSite\",\"@id\":\"https:\\\/\\\/www.gesamtschule-eiserfeld.de\\\/#website\",\"url\":\"https:\\\/\\\/www.gesamtschule-eiserfeld.de\\\/\",\"name\":\"Gesamtschule Eiserfeld\",\"description\":\"\",\"publisher\":{\"@id\":\"https:\\\/\\\/www.gesamtschule-eiserfeld.de\\\/#organization\"},\"potentialAction\":[{\"@type\":\"SearchAction\",\"target\":{\"@type\":\"EntryPoint\",\"urlTemplate\":\"https:\\\/\\\/www.gesamtschule-eiserfeld.de\\\/?s={search_term_string}\"},\"query-input\":{\"@type\":\"PropertyValueSpecification\",\"valueRequired\":true,\"valueName\":\"search_term_string\"}}],\"inLanguage\":\"de\"},{\"@type\":\"Organization\",\"@id\":\"https:\\\/\\\/www.gesamtschule-eiserfeld.de\\\/#organization\",\"name\":\"Gesamtschule Eiserfeld\",\"url\":\"https:\\\/\\\/www.gesamtschule-eiserfeld.de\\\/\",\"logo\":{\"@type\":\"ImageObject\",\"inLanguage\":\"de\",\"@id\":\"https:\\\/\\\/www.gesamtschule-eiserfeld.de\\\/#\\\/schema\\\/logo\\\/image\\\/\",\"url\":\"https:\\\/\\\/i1.wp.com\\\/www.gesamtschule-eiserfeld.de\\\/wp-content\\\/uploads\\\/2019\\\/01\\\/GEE-Logo-neu.jpg?fit=436%2C126&ssl=1\",\"contentUrl\":\"https:\\\/\\\/i1.wp.com\\\/www.gesamtschule-eiserfeld.de\\\/wp-content\\\/uploads\\\/2019\\\/01\\\/GEE-Logo-neu.jpg?fit=436%2C126&ssl=1\",\"width\":436,\"height\":126,\"caption\":\"Gesamtschule Eiserfeld\"},\"image\":{\"@id\":\"https:\\\/\\\/www.gesamtschule-eiserfeld.de\\\/#\\\/schema\\\/logo\\\/image\\\/\"},\"sameAs\":[\"https:\\\/\\\/www.facebook.com\\\/GEEiserfeld\"]},{\"@type\":\"Person\",\"@id\":\"https:\\\/\\\/www.gesamtschule-eiserfeld.de\\\/#\\\/schema\\\/person\\\/e815be34d82dc95f4eae6ec566010931\",\"name\":\"KINK\",\"url\":\"https:\\\/\\\/www.gesamtschule-eiserfeld.de\\\/?author=19\"}]}<\/script>\n<!-- \/ Yoast SEO plugin. -->","yoast_head_json":{"title":"Anmeldung SJ 25\/26 - Jetzt Termine reservieren - Gesamtschule Eiserfeld","robots":{"index":"index","follow":"follow","max-snippet":"max-snippet:-1","max-image-preview":"max-image-preview:large","max-video-preview":"max-video-preview:-1"},"canonical":"https:\/\/www.gesamtschule-eiserfeld.de\/?p=19618","og_locale":"de_DE","og_type":"article","og_title":"Anmeldung SJ 25\/26 - Jetzt Termine reservieren - Gesamtschule Eiserfeld","og_description":"Liebe Eltern, die Anmeldung f\u00fcr Sch\u00fclerinnen und Sch\u00fcler, die im kommenden\u00a0Schuljahr 2025\/2026\u00a0den 5.Jahrgang oder die gymnasiale Oberstufe (EF) der Gesamtschule Eiserfeld besuchen wollen, findet in der Woche vom\u00a010.02.-13.02.2025\u00a0 an der\u00a0Talsbachstra\u00dfe 33\u00a0statt. Um m\u00f6gliche Wartezeiten zu verhindern, vergeben wir online Termine f\u00fcr die Anmeldung. Tag der offenen T\u00fcr Der Tag der offenen T\u00fcr f\u00fcr die neue &hellip; Anmeldung SJ 25\/26 &#8211; Jetzt Termine reservieren weiterlesen &rarr;","og_url":"https:\/\/www.gesamtschule-eiserfeld.de\/?p=19618","og_site_name":"Gesamtschule Eiserfeld","article_publisher":"https:\/\/www.facebook.com\/GEEiserfeld","article_published_time":"2024-12-17T08:30:00+00:00","article_modified_time":"2024-12-17T12:18:49+00:00","og_image":[{"width":1200,"height":848,"url":"https:\/\/www.gesamtschule-eiserfeld.de\/wp-content\/uploads\/2024\/12\/HEaderanmeldungartikel.jpg","type":"image\/jpeg"}],"author":"KINK","twitter_card":"summary_large_image","twitter_misc":{"Verfasst von":"KINK","Gesch\u00e4tzte Lesezeit":"2\u00a0Minuten"},"schema":{"@context":"https:\/\/schema.org","@graph":[{"@type":"Article","@id":"https:\/\/www.gesamtschule-eiserfeld.de\/?p=19618#article","isPartOf":{"@id":"https:\/\/www.gesamtschule-eiserfeld.de\/?p=19618"},"author":{"name":"KINK","@id":"https:\/\/www.gesamtschule-eiserfeld.de\/#\/schema\/person\/e815be34d82dc95f4eae6ec566010931"},"headline":"Anmeldung SJ 25\/26 &#8211; Jetzt Termine reservieren","datePublished":"2024-12-17T08:30:00+00:00","dateModified":"2024-12-17T12:18:49+00:00","mainEntityOfPage":{"@id":"https:\/\/www.gesamtschule-eiserfeld.de\/?p=19618"},"wordCount":170,"publisher":{"@id":"https:\/\/www.gesamtschule-eiserfeld.de\/#organization"},"image":{"@id":"https:\/\/www.gesamtschule-eiserfeld.de\/?p=19618#primaryimage"},"thumbnailUrl":"https:\/\/i0.wp.com\/www.gesamtschule-eiserfeld.de\/wp-content\/uploads\/2024\/12\/HEaderanmeldungartikel.jpg?fit=1200%2C848&ssl=1","articleSection":{"1":"Anmeldung","2":"Jg 5\/6","3":"Sekundarstufe II"},"inLanguage":"de"},{"@type":"WebPage","@id":"https:\/\/www.gesamtschule-eiserfeld.de\/?p=19618","url":"https:\/\/www.gesamtschule-eiserfeld.de\/?p=19618","name":"Anmeldung SJ 25\/26 - Jetzt Termine reservieren - Gesamtschule Eiserfeld","isPartOf":{"@id":"https:\/\/www.gesamtschule-eiserfeld.de\/#website"},"primaryImageOfPage":{"@id":"https:\/\/www.gesamtschule-eiserfeld.de\/?p=19618#primaryimage"},"image":{"@id":"https:\/\/www.gesamtschule-eiserfeld.de\/?p=19618#primaryimage"},"thumbnailUrl":"https:\/\/i0.wp.com\/www.gesamtschule-eiserfeld.de\/wp-content\/uploads\/2024\/12\/HEaderanmeldungartikel.jpg?fit=1200%2C848&ssl=1","datePublished":"2024-12-17T08:30:00+00:00","dateModified":"2024-12-17T12:18:49+00:00","breadcrumb":{"@id":"https:\/\/www.gesamtschule-eiserfeld.de\/?p=19618#breadcrumb"},"inLanguage":"de","potentialAction":[{"@type":"ReadAction","target":["https:\/\/www.gesamtschule-eiserfeld.de\/?p=19618"]}]},{"@type":"ImageObject","inLanguage":"de","@id":"https:\/\/www.gesamtschule-eiserfeld.de\/?p=19618#primaryimage","url":"https:\/\/i0.wp.com\/www.gesamtschule-eiserfeld.de\/wp-content\/uploads\/2024\/12\/HEaderanmeldungartikel.jpg?fit=1200%2C848&ssl=1","contentUrl":"https:\/\/i0.wp.com\/www.gesamtschule-eiserfeld.de\/wp-content\/uploads\/2024\/12\/HEaderanmeldungartikel.jpg?fit=1200%2C848&ssl=1","width":1200,"height":848},{"@type":"BreadcrumbList","@id":"https:\/\/www.gesamtschule-eiserfeld.de\/?p=19618#breadcrumb","itemListElement":[{"@type":"ListItem","position":1,"name":"Startseite","item":"https:\/\/www.gesamtschule-eiserfeld.de\/"},{"@type":"ListItem","position":2,"name":"Anmeldung SJ 25\/26 &#8211; Jetzt Termine reservieren"}]},{"@type":"WebSite","@id":"https:\/\/www.gesamtschule-eiserfeld.de\/#website","url":"https:\/\/www.gesamtschule-eiserfeld.de\/","name":"Gesamtschule Eiserfeld","description":"","publisher":{"@id":"https:\/\/www.gesamtschule-eiserfeld.de\/#organization"},"potentialAction":[{"@type":"SearchAction","target":{"@type":"EntryPoint","urlTemplate":"https:\/\/www.gesamtschule-eiserfeld.de\/?s={search_term_string}"},"query-input":{"@type":"PropertyValueSpecification","valueRequired":true,"valueName":"search_term_string"}}],"inLanguage":"de"},{"@type":"Organization","@id":"https:\/\/www.gesamtschule-eiserfeld.de\/#organization","name":"Gesamtschule Eiserfeld","url":"https:\/\/www.gesamtschule-eiserfeld.de\/","logo":{"@type":"ImageObject","inLanguage":"de","@id":"https:\/\/www.gesamtschule-eiserfeld.de\/#\/schema\/logo\/image\/","url":"https:\/\/i1.wp.com\/www.gesamtschule-eiserfeld.de\/wp-content\/uploads\/2019\/01\/GEE-Logo-neu.jpg?fit=436%2C126&ssl=1","contentUrl":"https:\/\/i1.wp.com\/www.gesamtschule-eiserfeld.de\/wp-content\/uploads\/2019\/01\/GEE-Logo-neu.jpg?fit=436%2C126&ssl=1","width":436,"height":126,"caption":"Gesamtschule Eiserfeld"},"image":{"@id":"https:\/\/www.gesamtschule-eiserfeld.de\/#\/schema\/logo\/image\/"},"sameAs":["https:\/\/www.facebook.com\/GEEiserfeld"]},{"@type":"Person","@id":"https:\/\/www.gesamtschule-eiserfeld.de\/#\/schema\/person\/e815be34d82dc95f4eae6ec566010931","name":"KINK","url":"https:\/\/www.gesamtschule-eiserfeld.de\/?author=19"}]}},"jetpack_publicize_connections":[],"jetpack_featured_media_url":"https:\/\/i0.wp.com\/www.gesamtschule-eiserfeld.de\/wp-content\/uploads\/2024\/12\/HEaderanmeldungartikel.jpg?fit=1200%2C848&ssl=1","jetpack_shortlink":"https:\/\/wp.me\/p2weeL-56q","jetpack_sharing_enabled":true,"_links":{"self":[{"href":"https:\/\/www.gesamtschule-eiserfeld.de\/index.php?rest_route=\/wp\/v2\/posts\/19618","targetHints":{"allow":["GET"]}}],"collection":[{"href":"https:\/\/www.gesamtschule-eiserfeld.de\/index.php?rest_route=\/wp\/v2\/posts"}],"about":[{"href":"https:\/\/www.gesamtschule-eiserfeld.de\/index.php?rest_route=\/wp\/v2\/types\/post"}],"author":[{"embeddable":true,"href":"https:\/\/www.gesamtschule-eiserfeld.de\/index.php?rest_route=\/wp\/v2\/users\/19"}],"replies":[{"embeddable":true,"href":"https:\/\/www.gesamtschule-eiserfeld.de\/index.php?rest_route=%2Fwp%2Fv2%2Fcomments&post=19618"}],"version-history":[{"count":2,"href":"https:\/\/www.gesamtschule-eiserfeld.de\/index.php?rest_route=\/wp\/v2\/posts\/19618\/revisions"}],"predecessor-version":[{"id":19662,"href":"https:\/\/www.gesamtschule-eiserfeld.de\/index.php?rest_route=\/wp\/v2\/posts\/19618\/revisions\/19662"}],"wp:featuredmedia":[{"embeddable":true,"href":"https:\/\/www.gesamtschule-eiserfeld.de\/index.php?rest_route=\/wp\/v2\/media\/19622"}],"wp:attachment":[{"href":"https:\/\/www.gesamtschule-eiserfeld.de\/index.php?rest_route=%2Fwp%2Fv2%2Fmedia&parent=19618"}],"wp:term":[{"taxonomy":"category","embeddable":true,"href":"https:\/\/www.gesamtschule-eiserfeld.de\/index.php?rest_route=%2Fwp%2Fv2%2Fcategories&post=19618"},{"taxonomy":"post_tag","embeddable":true,"href":"https:\/\/www.gesamtschule-eiserfeld.de\/index.php?rest_route=%2Fwp%2Fv2%2Ftags&post=19618"}],"curies":[{"name":"wp","href":"https:\/\/api.w.org\/{rel}","templated":true}]}}