{"id":1972,"date":"2012-12-07T19:04:44","date_gmt":"2012-12-07T18:04:44","guid":{"rendered":"http:\/\/ge-eiserfeld.de\/?p=1972"},"modified":"2012-12-11T17:32:53","modified_gmt":"2012-12-11T16:32:53","slug":"ausflug-nach-bonn-ins-haus-der-geschichte-05-12-2012","status":"publish","type":"post","link":"https:\/\/www.gesamtschule-eiserfeld.de\/?p=1972","title":{"rendered":"Ausflug nach Bonn ins Haus der Geschichte"},"content":{"rendered":"<p align=\"justify\"><em><img data-recalc-dims=\"1\" loading=\"lazy\" decoding=\"async\" style=\"background-image: none; float: left; padding-top: 0px; padding-left: 0px; margin: 0px 10px 0px 0px; display: inline; padding-right: 0px; border: 0px;\" title=\"1\" src=\"https:\/\/i0.wp.com\/gesamtschule-eiserfeld.de\/wp-content\/uploads\/2012\/12\/1.jpg?resize=183%2C138\" alt=\"1\" width=\"183\" height=\"138\" align=\"left\" border=\"0\" \/><span style=\"font-size: x-small;\">[05.12.12 Huel]<\/span> Bummeln \u00fcber den Bonner Weihnachtsmarkt und das Eintauchen in <\/em><em>l\u00e4ngst vergangene Zeiten \u2013 das alles war w\u00e4hrend des letzten Ausfluges der Klasse 10A am letzten Mittwoch m\u00f6glich.<\/em><\/p>\n<p align=\"justify\">Nachdem die 24 Sch\u00fclerinnen und Sch\u00fcler der Gesamtschule Eiserfeld die Innenstadt der ehemaligen Bundeshauptstadt erkundet haben, gab es am Nachmittag als besonderes Highlight einen anschaulichen und sehr informativen Rundgang durch das Haus der Geschichte.<\/p>\n<p><!--more--><\/p>\n<p align=\"justify\">Vieles, das die Sch\u00fclerinnen und Sch\u00fcler bereits aus dem Unterricht oder Geschichtsb\u00fcchern kennen, konnte im Haus der Geschichte im Original angeschaut werden. So geh\u00f6rten zum Beispiel der einstige Dienstwagen des ersten Bundeskanzlers <a href=\"https:\/\/i0.wp.com\/gesamtschule-eiserfeld.de\/wp-content\/uploads\/2012\/12\/clip_image0021.jpg\"><img data-recalc-dims=\"1\" loading=\"lazy\" decoding=\"async\" class=\"alignright\" style=\"background-image: none; padding-top: 0px; padding-left: 0px; display: inline; padding-right: 0px; margin-left: 12px; margin-right: 12px; border: 0px none;\" title=\"clip_image002\" src=\"https:\/\/i0.wp.com\/gesamtschule-eiserfeld.de\/wp-content\/uploads\/2012\/12\/clip_image002_thumb.jpg?resize=302%2C228\" alt=\"clip_image002\" width=\"302\" height=\"228\" align=\"right\" border=\"0\" hspace=\"12\" \/><\/a>Konrad Adenauer, der \u201eSpickzettel\u201c f\u00fcr J.F. Kennedys ber\u00fchmten Satz \u201eIch bin ein Berliner\u201c oder aber die technischen Ger\u00e4te zur Unterhaltung aus den1950er und 1960er Jahren zu den ganz besonderen Exponaten. Nach 1 \u00bd Stunden haben die Sch\u00fclerinnen und Sch\u00fcler der Klasse 10 die bedeutsamsten Ereignisse in der Geschichte Deutschlands von 1945 bis zum heutigen Tage kennengelernt. Gut informiert, aber auch ein wenig ersch\u00f6pft wurde am sp\u00e4ten Nachmittag die Heimreise angetreten.<\/p>\n<p align=\"justify\">(Huel)<\/p>\n","protected":false},"excerpt":{"rendered":"<p>[05.12.12 Huel] Bummeln \u00fcber den Bonner Weihnachtsmarkt und das Eintauchen in l\u00e4ngst vergangene Zeiten \u2013 das alles war w\u00e4hrend des letzten Ausfluges der Klasse 10A am letzten Mittwoch m\u00f6glich. Nachdem die 24 Sch\u00fclerinnen und Sch\u00fcler der Gesamtschule Eiserfeld die Innenstadt der ehemaligen Bundeshauptstadt erkundet haben, gab es am Nachmittag als besonderes Highlight einen anschaulichen und &hellip; <a href=\"https:\/\/www.gesamtschule-eiserfeld.de\/?p=1972\" class=\"more-link\"><span class=\"screen-reader-text\">Ausflug nach Bonn ins Haus der Geschichte<\/span> weiterlesen <span class=\"meta-nav\">&rarr;<\/span><\/a><\/p>\n","protected":false},"author":9,"featured_media":0,"comment_status":"closed","ping_status":"open","sticky":false,"template":"","format":"standard","meta":{"jetpack_post_was_ever_published":false,"_jetpack_newsletter_access":"","_jetpack_dont_email_post_to_subs":false,"_jetpack_newsletter_tier_id":0,"_jetpack_memberships_contains_paywalled_content":false,"_jetpack_memberships_contains_paid_content":false,"footnotes":"","jetpack_publicize_message":"","jetpack_publicize_feature_enabled":true,"jetpack_social_post_already_shared":true,"jetpack_social_options":{"image_generator_settings":{"template":"highway","default_image_id":0,"font":"","enabled":false},"version":2}},"categories":[18,36],"tags":[],"class_list":["post-1972","post","type-post","status-publish","format-standard","hentry","category-exkursion","category-jg-910"],"yoast_head":"<!-- This site is optimized with the Yoast SEO plugin v27.4 - https:\/\/yoast.com\/product\/yoast-seo-wordpress\/ -->\n<title>Ausflug nach Bonn ins Haus der Geschichte - Gesamtschule Eiserfeld<\/title>\n<meta name=\"robots\" content=\"index, follow, max-snippet:-1, max-image-preview:large, max-video-preview:-1\" \/>\n<link rel=\"canonical\" href=\"https:\/\/www.gesamtschule-eiserfeld.de\/?p=1972\" \/>\n<meta property=\"og:locale\" content=\"de_DE\" \/>\n<meta property=\"og:type\" content=\"article\" \/>\n<meta property=\"og:title\" content=\"Ausflug nach Bonn ins Haus der Geschichte - Gesamtschule Eiserfeld\" \/>\n<meta property=\"og:description\" content=\"[05.12.12 Huel] Bummeln \u00fcber den Bonner Weihnachtsmarkt und das Eintauchen in l\u00e4ngst vergangene Zeiten \u2013 das alles war w\u00e4hrend des letzten Ausfluges der Klasse 10A am letzten Mittwoch m\u00f6glich. Nachdem die 24 Sch\u00fclerinnen und Sch\u00fcler der Gesamtschule Eiserfeld die Innenstadt der ehemaligen Bundeshauptstadt erkundet haben, gab es am Nachmittag als besonderes Highlight einen anschaulichen und &hellip; Ausflug nach Bonn ins Haus der Geschichte weiterlesen &rarr;\" \/>\n<meta property=\"og:url\" content=\"https:\/\/www.gesamtschule-eiserfeld.de\/?p=1972\" \/>\n<meta property=\"og:site_name\" content=\"Gesamtschule Eiserfeld\" \/>\n<meta property=\"article:publisher\" content=\"https:\/\/www.facebook.com\/GEEiserfeld\" \/>\n<meta property=\"article:published_time\" content=\"2012-12-07T18:04:44+00:00\" \/>\n<meta property=\"article:modified_time\" content=\"2012-12-11T16:32:53+00:00\" \/>\n<meta property=\"og:image\" content=\"http:\/\/gesamtschule-eiserfeld.de\/wp-content\/uploads\/2012\/12\/1.jpg\" \/>\n<meta name=\"author\" content=\"dorw\" \/>\n<meta name=\"twitter:card\" content=\"summary_large_image\" \/>\n<meta name=\"twitter:label1\" content=\"Verfasst von\" \/>\n\t<meta name=\"twitter:data1\" content=\"dorw\" \/>\n\t<meta name=\"twitter:label2\" content=\"Gesch\u00e4tzte Lesezeit\" \/>\n\t<meta name=\"twitter:data2\" content=\"1\u00a0Minute\" \/>\n<script type=\"application\/ld+json\" class=\"yoast-schema-graph\">{\"@context\":\"https:\\\/\\\/schema.org\",\"@graph\":[{\"@type\":\"Article\",\"@id\":\"https:\\\/\\\/www.gesamtschule-eiserfeld.de\\\/?p=1972#article\",\"isPartOf\":{\"@id\":\"https:\\\/\\\/www.gesamtschule-eiserfeld.de\\\/?p=1972\"},\"author\":{\"name\":\"dorw\",\"@id\":\"https:\\\/\\\/www.gesamtschule-eiserfeld.de\\\/#\\\/schema\\\/person\\\/9f37123dd2ff514a1346db435bdb3784\"},\"headline\":\"Ausflug nach Bonn ins Haus der Geschichte\",\"datePublished\":\"2012-12-07T18:04:44+00:00\",\"dateModified\":\"2012-12-11T16:32:53+00:00\",\"mainEntityOfPage\":{\"@id\":\"https:\\\/\\\/www.gesamtschule-eiserfeld.de\\\/?p=1972\"},\"wordCount\":184,\"publisher\":{\"@id\":\"https:\\\/\\\/www.gesamtschule-eiserfeld.de\\\/#organization\"},\"image\":{\"@id\":\"https:\\\/\\\/www.gesamtschule-eiserfeld.de\\\/?p=1972#primaryimage\"},\"thumbnailUrl\":\"http:\\\/\\\/gesamtschule-eiserfeld.de\\\/wp-content\\\/uploads\\\/2012\\\/12\\\/1.jpg\",\"articleSection\":[\"Exkursion\",\"Jg 9\\\/10\"],\"inLanguage\":\"de\"},{\"@type\":\"WebPage\",\"@id\":\"https:\\\/\\\/www.gesamtschule-eiserfeld.de\\\/?p=1972\",\"url\":\"https:\\\/\\\/www.gesamtschule-eiserfeld.de\\\/?p=1972\",\"name\":\"Ausflug nach Bonn ins Haus der Geschichte - Gesamtschule Eiserfeld\",\"isPartOf\":{\"@id\":\"https:\\\/\\\/www.gesamtschule-eiserfeld.de\\\/#website\"},\"primaryImageOfPage\":{\"@id\":\"https:\\\/\\\/www.gesamtschule-eiserfeld.de\\\/?p=1972#primaryimage\"},\"image\":{\"@id\":\"https:\\\/\\\/www.gesamtschule-eiserfeld.de\\\/?p=1972#primaryimage\"},\"thumbnailUrl\":\"http:\\\/\\\/gesamtschule-eiserfeld.de\\\/wp-content\\\/uploads\\\/2012\\\/12\\\/1.jpg\",\"datePublished\":\"2012-12-07T18:04:44+00:00\",\"dateModified\":\"2012-12-11T16:32:53+00:00\",\"breadcrumb\":{\"@id\":\"https:\\\/\\\/www.gesamtschule-eiserfeld.de\\\/?p=1972#breadcrumb\"},\"inLanguage\":\"de\",\"potentialAction\":[{\"@type\":\"ReadAction\",\"target\":[\"https:\\\/\\\/www.gesamtschule-eiserfeld.de\\\/?p=1972\"]}]},{\"@type\":\"ImageObject\",\"inLanguage\":\"de\",\"@id\":\"https:\\\/\\\/www.gesamtschule-eiserfeld.de\\\/?p=1972#primaryimage\",\"url\":\"http:\\\/\\\/gesamtschule-eiserfeld.de\\\/wp-content\\\/uploads\\\/2012\\\/12\\\/1.jpg\",\"contentUrl\":\"http:\\\/\\\/gesamtschule-eiserfeld.de\\\/wp-content\\\/uploads\\\/2012\\\/12\\\/1.jpg\"},{\"@type\":\"BreadcrumbList\",\"@id\":\"https:\\\/\\\/www.gesamtschule-eiserfeld.de\\\/?p=1972#breadcrumb\",\"itemListElement\":[{\"@type\":\"ListItem\",\"position\":1,\"name\":\"Startseite\",\"item\":\"https:\\\/\\\/www.gesamtschule-eiserfeld.de\\\/\"},{\"@type\":\"ListItem\",\"position\":2,\"name\":\"Ausflug nach Bonn ins Haus der Geschichte\"}]},{\"@type\":\"WebSite\",\"@id\":\"https:\\\/\\\/www.gesamtschule-eiserfeld.de\\\/#website\",\"url\":\"https:\\\/\\\/www.gesamtschule-eiserfeld.de\\\/\",\"name\":\"Gesamtschule Eiserfeld\",\"description\":\"\",\"publisher\":{\"@id\":\"https:\\\/\\\/www.gesamtschule-eiserfeld.de\\\/#organization\"},\"potentialAction\":[{\"@type\":\"SearchAction\",\"target\":{\"@type\":\"EntryPoint\",\"urlTemplate\":\"https:\\\/\\\/www.gesamtschule-eiserfeld.de\\\/?s={search_term_string}\"},\"query-input\":{\"@type\":\"PropertyValueSpecification\",\"valueRequired\":true,\"valueName\":\"search_term_string\"}}],\"inLanguage\":\"de\"},{\"@type\":\"Organization\",\"@id\":\"https:\\\/\\\/www.gesamtschule-eiserfeld.de\\\/#organization\",\"name\":\"Gesamtschule Eiserfeld\",\"url\":\"https:\\\/\\\/www.gesamtschule-eiserfeld.de\\\/\",\"logo\":{\"@type\":\"ImageObject\",\"inLanguage\":\"de\",\"@id\":\"https:\\\/\\\/www.gesamtschule-eiserfeld.de\\\/#\\\/schema\\\/logo\\\/image\\\/\",\"url\":\"https:\\\/\\\/i1.wp.com\\\/www.gesamtschule-eiserfeld.de\\\/wp-content\\\/uploads\\\/2019\\\/01\\\/GEE-Logo-neu.jpg?fit=436%2C126&ssl=1\",\"contentUrl\":\"https:\\\/\\\/i1.wp.com\\\/www.gesamtschule-eiserfeld.de\\\/wp-content\\\/uploads\\\/2019\\\/01\\\/GEE-Logo-neu.jpg?fit=436%2C126&ssl=1\",\"width\":436,\"height\":126,\"caption\":\"Gesamtschule Eiserfeld\"},\"image\":{\"@id\":\"https:\\\/\\\/www.gesamtschule-eiserfeld.de\\\/#\\\/schema\\\/logo\\\/image\\\/\"},\"sameAs\":[\"https:\\\/\\\/www.facebook.com\\\/GEEiserfeld\"]},{\"@type\":\"Person\",\"@id\":\"https:\\\/\\\/www.gesamtschule-eiserfeld.de\\\/#\\\/schema\\\/person\\\/9f37123dd2ff514a1346db435bdb3784\",\"name\":\"dorw\",\"sameAs\":[\"http:\\\/\\\/www.ge-eiserfeld.de\"],\"url\":\"https:\\\/\\\/www.gesamtschule-eiserfeld.de\\\/?author=9\"}]}<\/script>\n<!-- \/ Yoast SEO plugin. -->","yoast_head_json":{"title":"Ausflug nach Bonn ins Haus der Geschichte - Gesamtschule Eiserfeld","robots":{"index":"index","follow":"follow","max-snippet":"max-snippet:-1","max-image-preview":"max-image-preview:large","max-video-preview":"max-video-preview:-1"},"canonical":"https:\/\/www.gesamtschule-eiserfeld.de\/?p=1972","og_locale":"de_DE","og_type":"article","og_title":"Ausflug nach Bonn ins Haus der Geschichte - Gesamtschule Eiserfeld","og_description":"[05.12.12 Huel] Bummeln \u00fcber den Bonner Weihnachtsmarkt und das Eintauchen in l\u00e4ngst vergangene Zeiten \u2013 das alles war w\u00e4hrend des letzten Ausfluges der Klasse 10A am letzten Mittwoch m\u00f6glich. Nachdem die 24 Sch\u00fclerinnen und Sch\u00fcler der Gesamtschule Eiserfeld die Innenstadt der ehemaligen Bundeshauptstadt erkundet haben, gab es am Nachmittag als besonderes Highlight einen anschaulichen und &hellip; Ausflug nach Bonn ins Haus der Geschichte weiterlesen &rarr;","og_url":"https:\/\/www.gesamtschule-eiserfeld.de\/?p=1972","og_site_name":"Gesamtschule Eiserfeld","article_publisher":"https:\/\/www.facebook.com\/GEEiserfeld","article_published_time":"2012-12-07T18:04:44+00:00","article_modified_time":"2012-12-11T16:32:53+00:00","og_image":[{"url":"http:\/\/gesamtschule-eiserfeld.de\/wp-content\/uploads\/2012\/12\/1.jpg","type":"","width":"","height":""}],"author":"dorw","twitter_card":"summary_large_image","twitter_misc":{"Verfasst von":"dorw","Gesch\u00e4tzte Lesezeit":"1\u00a0Minute"},"schema":{"@context":"https:\/\/schema.org","@graph":[{"@type":"Article","@id":"https:\/\/www.gesamtschule-eiserfeld.de\/?p=1972#article","isPartOf":{"@id":"https:\/\/www.gesamtschule-eiserfeld.de\/?p=1972"},"author":{"name":"dorw","@id":"https:\/\/www.gesamtschule-eiserfeld.de\/#\/schema\/person\/9f37123dd2ff514a1346db435bdb3784"},"headline":"Ausflug nach Bonn ins Haus der Geschichte","datePublished":"2012-12-07T18:04:44+00:00","dateModified":"2012-12-11T16:32:53+00:00","mainEntityOfPage":{"@id":"https:\/\/www.gesamtschule-eiserfeld.de\/?p=1972"},"wordCount":184,"publisher":{"@id":"https:\/\/www.gesamtschule-eiserfeld.de\/#organization"},"image":{"@id":"https:\/\/www.gesamtschule-eiserfeld.de\/?p=1972#primaryimage"},"thumbnailUrl":"http:\/\/gesamtschule-eiserfeld.de\/wp-content\/uploads\/2012\/12\/1.jpg","articleSection":["Exkursion","Jg 9\/10"],"inLanguage":"de"},{"@type":"WebPage","@id":"https:\/\/www.gesamtschule-eiserfeld.de\/?p=1972","url":"https:\/\/www.gesamtschule-eiserfeld.de\/?p=1972","name":"Ausflug nach Bonn ins Haus der Geschichte - Gesamtschule Eiserfeld","isPartOf":{"@id":"https:\/\/www.gesamtschule-eiserfeld.de\/#website"},"primaryImageOfPage":{"@id":"https:\/\/www.gesamtschule-eiserfeld.de\/?p=1972#primaryimage"},"image":{"@id":"https:\/\/www.gesamtschule-eiserfeld.de\/?p=1972#primaryimage"},"thumbnailUrl":"http:\/\/gesamtschule-eiserfeld.de\/wp-content\/uploads\/2012\/12\/1.jpg","datePublished":"2012-12-07T18:04:44+00:00","dateModified":"2012-12-11T16:32:53+00:00","breadcrumb":{"@id":"https:\/\/www.gesamtschule-eiserfeld.de\/?p=1972#breadcrumb"},"inLanguage":"de","potentialAction":[{"@type":"ReadAction","target":["https:\/\/www.gesamtschule-eiserfeld.de\/?p=1972"]}]},{"@type":"ImageObject","inLanguage":"de","@id":"https:\/\/www.gesamtschule-eiserfeld.de\/?p=1972#primaryimage","url":"http:\/\/gesamtschule-eiserfeld.de\/wp-content\/uploads\/2012\/12\/1.jpg","contentUrl":"http:\/\/gesamtschule-eiserfeld.de\/wp-content\/uploads\/2012\/12\/1.jpg"},{"@type":"BreadcrumbList","@id":"https:\/\/www.gesamtschule-eiserfeld.de\/?p=1972#breadcrumb","itemListElement":[{"@type":"ListItem","position":1,"name":"Startseite","item":"https:\/\/www.gesamtschule-eiserfeld.de\/"},{"@type":"ListItem","position":2,"name":"Ausflug nach Bonn ins Haus der Geschichte"}]},{"@type":"WebSite","@id":"https:\/\/www.gesamtschule-eiserfeld.de\/#website","url":"https:\/\/www.gesamtschule-eiserfeld.de\/","name":"Gesamtschule Eiserfeld","description":"","publisher":{"@id":"https:\/\/www.gesamtschule-eiserfeld.de\/#organization"},"potentialAction":[{"@type":"SearchAction","target":{"@type":"EntryPoint","urlTemplate":"https:\/\/www.gesamtschule-eiserfeld.de\/?s={search_term_string}"},"query-input":{"@type":"PropertyValueSpecification","valueRequired":true,"valueName":"search_term_string"}}],"inLanguage":"de"},{"@type":"Organization","@id":"https:\/\/www.gesamtschule-eiserfeld.de\/#organization","name":"Gesamtschule Eiserfeld","url":"https:\/\/www.gesamtschule-eiserfeld.de\/","logo":{"@type":"ImageObject","inLanguage":"de","@id":"https:\/\/www.gesamtschule-eiserfeld.de\/#\/schema\/logo\/image\/","url":"https:\/\/i1.wp.com\/www.gesamtschule-eiserfeld.de\/wp-content\/uploads\/2019\/01\/GEE-Logo-neu.jpg?fit=436%2C126&ssl=1","contentUrl":"https:\/\/i1.wp.com\/www.gesamtschule-eiserfeld.de\/wp-content\/uploads\/2019\/01\/GEE-Logo-neu.jpg?fit=436%2C126&ssl=1","width":436,"height":126,"caption":"Gesamtschule Eiserfeld"},"image":{"@id":"https:\/\/www.gesamtschule-eiserfeld.de\/#\/schema\/logo\/image\/"},"sameAs":["https:\/\/www.facebook.com\/GEEiserfeld"]},{"@type":"Person","@id":"https:\/\/www.gesamtschule-eiserfeld.de\/#\/schema\/person\/9f37123dd2ff514a1346db435bdb3784","name":"dorw","sameAs":["http:\/\/www.ge-eiserfeld.de"],"url":"https:\/\/www.gesamtschule-eiserfeld.de\/?author=9"}]}},"jetpack_publicize_connections":[],"jetpack_featured_media_url":"","jetpack_shortlink":"https:\/\/wp.me\/p2weeL-vO","jetpack_sharing_enabled":true,"_links":{"self":[{"href":"https:\/\/www.gesamtschule-eiserfeld.de\/index.php?rest_route=\/wp\/v2\/posts\/1972","targetHints":{"allow":["GET"]}}],"collection":[{"href":"https:\/\/www.gesamtschule-eiserfeld.de\/index.php?rest_route=\/wp\/v2\/posts"}],"about":[{"href":"https:\/\/www.gesamtschule-eiserfeld.de\/index.php?rest_route=\/wp\/v2\/types\/post"}],"author":[{"embeddable":true,"href":"https:\/\/www.gesamtschule-eiserfeld.de\/index.php?rest_route=\/wp\/v2\/users\/9"}],"replies":[{"embeddable":true,"href":"https:\/\/www.gesamtschule-eiserfeld.de\/index.php?rest_route=%2Fwp%2Fv2%2Fcomments&post=1972"}],"version-history":[{"count":0,"href":"https:\/\/www.gesamtschule-eiserfeld.de\/index.php?rest_route=\/wp\/v2\/posts\/1972\/revisions"}],"wp:attachment":[{"href":"https:\/\/www.gesamtschule-eiserfeld.de\/index.php?rest_route=%2Fwp%2Fv2%2Fmedia&parent=1972"}],"wp:term":[{"taxonomy":"category","embeddable":true,"href":"https:\/\/www.gesamtschule-eiserfeld.de\/index.php?rest_route=%2Fwp%2Fv2%2Fcategories&post=1972"},{"taxonomy":"post_tag","embeddable":true,"href":"https:\/\/www.gesamtschule-eiserfeld.de\/index.php?rest_route=%2Fwp%2Fv2%2Ftags&post=1972"}],"curies":[{"name":"wp","href":"https:\/\/api.w.org\/{rel}","templated":true}]}}