{"id":19769,"date":"2025-01-17T19:55:00","date_gmt":"2025-01-17T18:55:00","guid":{"rendered":"https:\/\/www.gesamtschule-eiserfeld.de\/?p=19769"},"modified":"2025-01-24T12:53:19","modified_gmt":"2025-01-24T11:53:19","slug":"schneesportfahrt-im-stubaital","status":"publish","type":"post","link":"https:\/\/www.gesamtschule-eiserfeld.de\/?p=19769","title":{"rendered":"Schneesportfahrt im Stubaital"},"content":{"rendered":"\n<p><\/p>\n\n\n<p>[Annika &amp;Leni Q2 18-01-2025] Am 11. Januar 2025 um sieben Uhr morgens standen 45 Sch\u00fclerinnen und Sch\u00fcler der Stufen Q1 und Q2 samt Gep\u00e4ck an der Gesamtschule Eiserfeld, um die Reise zum Stubaier Gletscher in Tirol anzutreten. So wie jedes Jahr hatten die Sch\u00fclerinnen und Sch\u00fcler die Auswahl zwischen Snowboarden und Skifahren in unterschiedlichen K\u00f6nnensstufen. Zusammen mit sechs Lehrkr\u00e4ften trotzten sie dem alpinen Wetter und verbrachten eine unvergessliche Woche. Zwei der f\u00fcnf Pistentage waren gepr\u00e4gt von Schneefall und schlechter Sicht. Trotz der Einschr\u00e4nkungen schafften es alle ohne Verletzungen vom Gletscher. <a href=\"https:\/\/www.gesamtschule-eiserfeld.de\/?attachment_id=19782\" rel=\"attachment wp-att-19782\"><img data-recalc-dims=\"1\" loading=\"lazy\" decoding=\"async\" data-attachment-id=\"19782\" data-permalink=\"https:\/\/www.gesamtschule-eiserfeld.de\/?attachment_id=19782\" data-orig-file=\"https:\/\/i0.wp.com\/www.gesamtschule-eiserfeld.de\/wp-content\/uploads\/2025\/01\/IMG_9670-1.jpg?fit=900%2C1200&amp;ssl=1\" data-orig-size=\"900,1200\" data-comments-opened=\"0\" data-image-meta=\"{&quot;aperture&quot;:&quot;1.8&quot;,&quot;credit&quot;:&quot;&quot;,&quot;camera&quot;:&quot;iPhone 14 Pro&quot;,&quot;caption&quot;:&quot;&quot;,&quot;created_timestamp&quot;:&quot;1736761625&quot;,&quot;copyright&quot;:&quot;&quot;,&quot;focal_length&quot;:&quot;6.86&quot;,&quot;iso&quot;:&quot;64&quot;,&quot;shutter_speed&quot;:&quot;6.25E-5&quot;,&quot;title&quot;:&quot;&quot;,&quot;orientation&quot;:&quot;0&quot;}\" data-image-title=\"IMG_9670\" data-image-description=\"\" data-image-caption=\"\" data-large-file=\"https:\/\/i0.wp.com\/www.gesamtschule-eiserfeld.de\/wp-content\/uploads\/2025\/01\/IMG_9670-1.jpg?fit=474%2C632&amp;ssl=1\" class=\" wp-image-19782 alignleft\" src=\"https:\/\/i0.wp.com\/www.gesamtschule-eiserfeld.de\/wp-content\/uploads\/2025\/01\/IMG_9670-1.jpg?resize=227%2C302&#038;ssl=1\" alt=\"\" width=\"227\" height=\"302\" srcset=\"https:\/\/i0.wp.com\/www.gesamtschule-eiserfeld.de\/wp-content\/uploads\/2025\/01\/IMG_9670-1.jpg?w=900&amp;ssl=1 900w, https:\/\/i0.wp.com\/www.gesamtschule-eiserfeld.de\/wp-content\/uploads\/2025\/01\/IMG_9670-1.jpg?resize=225%2C300&amp;ssl=1 225w, https:\/\/i0.wp.com\/www.gesamtschule-eiserfeld.de\/wp-content\/uploads\/2025\/01\/IMG_9670-1.jpg?resize=768%2C1024&amp;ssl=1 768w, https:\/\/i0.wp.com\/www.gesamtschule-eiserfeld.de\/wp-content\/uploads\/2025\/01\/IMG_9670-1.jpg?resize=113%2C150&amp;ssl=1 113w\" sizes=\"auto, (max-width: 227px) 100vw, 227px\" \/><\/a>Mit blauem Himmel und klarer Sicht bot das Skigebiet (oder wie der \u00d6sterreicher es sagen w\u00fcrde: Schigebiet) an den restlichen drei Tagen optimale Bedingungen, um Schneesport zu betreiben. Neben den sportlichen Aspekten beeindruckte die einzigartige Landschaft des Gebiets. Die Aussichtsplattform \u201eTop of Tyrol\u201c in H\u00f6he von 3210 Metern z\u00e4hlt zu den h\u00f6chsten Aussichtspunkten in Tirol und erm\u00f6glichte einen weiten Blick auf zahlreiche Berge, darunter die Zugspitze, der Gro\u00dfglockner und die Dolomiten.<\/p>\n<p>Mit vierzehn blauen, acht roten und einer schwarzen Piste gew\u00e4hrleistete das Skigebiet eine vielf\u00e4ltige F\u00f6rderung der verschiedenen K\u00f6nnensstufen. Die Lehrerinnen und Lehrer begleiteten die Teilnehmerinnen und Teilnehmer, von den Anf\u00e4ngern \u00fcber die Fortgeschrittenen bis hin zu den Profis, und gaben dabei ihr Wissen und ihre Erfahrungen weiter. Ab dem dritten Tag war es jedem nachmittags m\u00f6glich, die blaue Piste \u201eRotadl\u201c in selbstgew\u00e4hlten Gruppen zu befahren.\u00a0<\/p>\n<p>Nach einem anstrengenden Tag auf der Piste freuten sich alle auf eine warme Dusche in unserer Unterkunft, dem urigen Gasthof Ranalt. P\u00fcnktlich um 18:30 bereitete uns der Hausherr und ehemalige Vier-Sterne-Koch Tom eine leckere Mahlzeit. Leider konnten wir ihm nicht das leckere Bologneserezept entlocken.<\/p>\n<p><a href=\"https:\/\/www.gesamtschule-eiserfeld.de\/?attachment_id=19775\" rel=\"attachment wp-att-19775\"><img data-recalc-dims=\"1\" loading=\"lazy\" decoding=\"async\" data-attachment-id=\"19775\" data-permalink=\"https:\/\/www.gesamtschule-eiserfeld.de\/?attachment_id=19775\" data-orig-file=\"https:\/\/i0.wp.com\/www.gesamtschule-eiserfeld.de\/wp-content\/uploads\/2025\/01\/IMG_9887-1.jpg?fit=900%2C1200&amp;ssl=1\" data-orig-size=\"900,1200\" data-comments-opened=\"0\" data-image-meta=\"{&quot;aperture&quot;:&quot;1.78&quot;,&quot;credit&quot;:&quot;&quot;,&quot;camera&quot;:&quot;iPhone 14 Pro&quot;,&quot;caption&quot;:&quot;&quot;,&quot;created_timestamp&quot;:&quot;1736983099&quot;,&quot;copyright&quot;:&quot;&quot;,&quot;focal_length&quot;:&quot;6.86&quot;,&quot;iso&quot;:&quot;4000&quot;,&quot;shutter_speed&quot;:&quot;0.11111111111111&quot;,&quot;title&quot;:&quot;&quot;,&quot;orientation&quot;:&quot;1&quot;}\" data-image-title=\"IMG_9887\" data-image-description=\"\" data-image-caption=\"\" data-large-file=\"https:\/\/i0.wp.com\/www.gesamtschule-eiserfeld.de\/wp-content\/uploads\/2025\/01\/IMG_9887-1.jpg?fit=474%2C632&amp;ssl=1\" class=\"wp-image-19775 alignright\" src=\"https:\/\/i0.wp.com\/www.gesamtschule-eiserfeld.de\/wp-content\/uploads\/2025\/01\/IMG_9887-1.jpg?resize=146%2C195&#038;ssl=1\" alt=\"\" width=\"146\" height=\"195\" srcset=\"https:\/\/i0.wp.com\/www.gesamtschule-eiserfeld.de\/wp-content\/uploads\/2025\/01\/IMG_9887-1.jpg?w=900&amp;ssl=1 900w, https:\/\/i0.wp.com\/www.gesamtschule-eiserfeld.de\/wp-content\/uploads\/2025\/01\/IMG_9887-1.jpg?resize=225%2C300&amp;ssl=1 225w, https:\/\/i0.wp.com\/www.gesamtschule-eiserfeld.de\/wp-content\/uploads\/2025\/01\/IMG_9887-1.jpg?resize=768%2C1024&amp;ssl=1 768w, https:\/\/i0.wp.com\/www.gesamtschule-eiserfeld.de\/wp-content\/uploads\/2025\/01\/IMG_9887-1.jpg?resize=113%2C150&amp;ssl=1 113w\" sizes=\"auto, (max-width: 146px) 100vw, 146px\" \/><\/a>\u00a0Auch abseits der Pisten kam der Spa\u00df nicht zu kurz. Die Abende verbrachten wir mit verschiedenen Spielen und dem Austausch untereinander. Dabei lernten wir uns untereinander besser kennen und sind dankbar, dass wir ein Teil der Fahrt sein konnten.<\/p>\n\n\n<p><em>\u201eIch finde die Skifahrt bietet eine gute Abwechslung zum Schulalltag. F\u00fcr mich war es eine gute Chance das Skifahren zu lernen f\u00fcr einen verh\u00e4ltnism\u00e4\u00dfig \u201ag\u00fcnstigen\u2018 Preis.\u201c<\/em> <em>&nbsp;Max Scholl, Q1<\/em><\/p>\n\n\n\n<p><em>\u201eIm Gegensatz zu anderen Schulen kann man hier bis zu 3x in der Oberstufe an der Skifahrt teilnehmen. Besonders cool ist, dass man frei w\u00e4hlen kann, ob man sich anmeldet oder nicht und die Fahrt nicht verpflichtend ist. Ich finde es sch\u00f6n, dass unsere Schule so eine Fahrt erm\u00f6glicht und man die Lehrer auch auf Augenh\u00f6he kennenlernt.\u201c<\/em> <em>Ben Stahl, Q2<\/em><\/p>\n\n\n\n<p><em>\u201eDie Skifahrt ist ein besonderes Angebot unserer Schule. Einige Sch\u00fcler aus meiner Stufe haben aus diesem Grund die Schule f\u00fcr die Oberstufenzeit gew\u00e4hlt. &nbsp;Ich finds cool, dass sich die Stufen mischen, alle gleich behandelt werden und man so auch Kontakt zu \u00e4lteren Sch\u00fclern hat.\u201c<\/em> <em>Marit Kretzer, Q1<\/em><\/p>\n\n\n\n<p><strong>GaLiGr\u00fc von den carvenden Reporterinnen Annika und Leni aus der Q2<\/strong><\/p>\n\n\n\n<p>Anbei noch einige Impressionen der Fahrt<\/p>\n\n\n\n<div class=\"wp-block-jetpack-slideshow aligncenter\" data-effect=\"slide\"><div class=\"wp-block-jetpack-slideshow_container swiper-container\"><ul class=\"wp-block-jetpack-slideshow_swiper-wrapper swiper-wrapper\"><li class=\"wp-block-jetpack-slideshow_slide swiper-slide\"><figure><img data-recalc-dims=\"1\" loading=\"lazy\" decoding=\"async\" width=\"474\" height=\"356\" alt=\"\" class=\"wp-block-jetpack-slideshow_image wp-image-19772\" data-id=\"19772\" src=\"https:\/\/i0.wp.com\/www.gesamtschule-eiserfeld.de\/wp-content\/uploads\/2025\/01\/IMG_8805.jpg?resize=474%2C356&#038;ssl=1\" srcset=\"https:\/\/i0.wp.com\/www.gesamtschule-eiserfeld.de\/wp-content\/uploads\/2025\/01\/IMG_8805.jpg?w=1200&amp;ssl=1 1200w, https:\/\/i0.wp.com\/www.gesamtschule-eiserfeld.de\/wp-content\/uploads\/2025\/01\/IMG_8805.jpg?resize=300%2C225&amp;ssl=1 300w, https:\/\/i0.wp.com\/www.gesamtschule-eiserfeld.de\/wp-content\/uploads\/2025\/01\/IMG_8805.jpg?resize=1024%2C768&amp;ssl=1 1024w, https:\/\/i0.wp.com\/www.gesamtschule-eiserfeld.de\/wp-content\/uploads\/2025\/01\/IMG_8805.jpg?resize=200%2C150&amp;ssl=1 200w, https:\/\/i0.wp.com\/www.gesamtschule-eiserfeld.de\/wp-content\/uploads\/2025\/01\/IMG_8805.jpg?resize=768%2C576&amp;ssl=1 768w, https:\/\/i0.wp.com\/www.gesamtschule-eiserfeld.de\/wp-content\/uploads\/2025\/01\/IMG_8805.jpg?w=948&amp;ssl=1 948w\" sizes=\"(max-width: 474px) 100vw, 474px\" \/><\/figure><\/li><li class=\"wp-block-jetpack-slideshow_slide swiper-slide\"><figure><img data-recalc-dims=\"1\" loading=\"lazy\" decoding=\"async\" width=\"474\" height=\"632\" alt=\"\" class=\"wp-block-jetpack-slideshow_image wp-image-19775\" data-id=\"19775\" src=\"https:\/\/i0.wp.com\/www.gesamtschule-eiserfeld.de\/wp-content\/uploads\/2025\/01\/IMG_9887-1.jpg?resize=474%2C632&#038;ssl=1\" srcset=\"https:\/\/i0.wp.com\/www.gesamtschule-eiserfeld.de\/wp-content\/uploads\/2025\/01\/IMG_9887-1.jpg?w=900&amp;ssl=1 900w, https:\/\/i0.wp.com\/www.gesamtschule-eiserfeld.de\/wp-content\/uploads\/2025\/01\/IMG_9887-1.jpg?resize=225%2C300&amp;ssl=1 225w, https:\/\/i0.wp.com\/www.gesamtschule-eiserfeld.de\/wp-content\/uploads\/2025\/01\/IMG_9887-1.jpg?resize=768%2C1024&amp;ssl=1 768w, https:\/\/i0.wp.com\/www.gesamtschule-eiserfeld.de\/wp-content\/uploads\/2025\/01\/IMG_9887-1.jpg?resize=113%2C150&amp;ssl=1 113w\" sizes=\"(max-width: 474px) 100vw, 474px\" \/><\/figure><\/li><li class=\"wp-block-jetpack-slideshow_slide swiper-slide\"><figure><img data-recalc-dims=\"1\" loading=\"lazy\" decoding=\"async\" width=\"474\" height=\"632\" alt=\"\" class=\"wp-block-jetpack-slideshow_image wp-image-19776\" data-id=\"19776\" src=\"https:\/\/i0.wp.com\/www.gesamtschule-eiserfeld.de\/wp-content\/uploads\/2025\/01\/IMG_9686-1-rotated.jpg?resize=474%2C632&#038;ssl=1\" srcset=\"https:\/\/i0.wp.com\/www.gesamtschule-eiserfeld.de\/wp-content\/uploads\/2025\/01\/IMG_9686-1-rotated.jpg?w=900&amp;ssl=1 900w, https:\/\/i0.wp.com\/www.gesamtschule-eiserfeld.de\/wp-content\/uploads\/2025\/01\/IMG_9686-1-rotated.jpg?resize=225%2C300&amp;ssl=1 225w, https:\/\/i0.wp.com\/www.gesamtschule-eiserfeld.de\/wp-content\/uploads\/2025\/01\/IMG_9686-1-rotated.jpg?resize=768%2C1024&amp;ssl=1 768w, https:\/\/i0.wp.com\/www.gesamtschule-eiserfeld.de\/wp-content\/uploads\/2025\/01\/IMG_9686-1-rotated.jpg?resize=113%2C150&amp;ssl=1 113w\" sizes=\"(max-width: 474px) 100vw, 474px\" \/><\/figure><\/li><li class=\"wp-block-jetpack-slideshow_slide swiper-slide\"><figure><img data-recalc-dims=\"1\" loading=\"lazy\" decoding=\"async\" width=\"474\" height=\"356\" alt=\"\" class=\"wp-block-jetpack-slideshow_image wp-image-19780\" data-id=\"19780\" src=\"https:\/\/i0.wp.com\/www.gesamtschule-eiserfeld.de\/wp-content\/uploads\/2025\/01\/IMG_9629-1.jpg?resize=474%2C356&#038;ssl=1\" srcset=\"https:\/\/i0.wp.com\/www.gesamtschule-eiserfeld.de\/wp-content\/uploads\/2025\/01\/IMG_9629-1.jpg?w=1200&amp;ssl=1 1200w, https:\/\/i0.wp.com\/www.gesamtschule-eiserfeld.de\/wp-content\/uploads\/2025\/01\/IMG_9629-1.jpg?resize=300%2C225&amp;ssl=1 300w, https:\/\/i0.wp.com\/www.gesamtschule-eiserfeld.de\/wp-content\/uploads\/2025\/01\/IMG_9629-1.jpg?resize=1024%2C768&amp;ssl=1 1024w, https:\/\/i0.wp.com\/www.gesamtschule-eiserfeld.de\/wp-content\/uploads\/2025\/01\/IMG_9629-1.jpg?resize=200%2C150&amp;ssl=1 200w, https:\/\/i0.wp.com\/www.gesamtschule-eiserfeld.de\/wp-content\/uploads\/2025\/01\/IMG_9629-1.jpg?resize=768%2C576&amp;ssl=1 768w, https:\/\/i0.wp.com\/www.gesamtschule-eiserfeld.de\/wp-content\/uploads\/2025\/01\/IMG_9629-1.jpg?w=948&amp;ssl=1 948w\" sizes=\"(max-width: 474px) 100vw, 474px\" \/><\/figure><\/li><li class=\"wp-block-jetpack-slideshow_slide swiper-slide\"><figure><img data-recalc-dims=\"1\" loading=\"lazy\" decoding=\"async\" width=\"474\" height=\"632\" alt=\"\" class=\"wp-block-jetpack-slideshow_image wp-image-19783\" data-id=\"19783\" src=\"https:\/\/i0.wp.com\/www.gesamtschule-eiserfeld.de\/wp-content\/uploads\/2025\/01\/IMG_5521-rotated.jpg?resize=474%2C632&#038;ssl=1\" srcset=\"https:\/\/i0.wp.com\/www.gesamtschule-eiserfeld.de\/wp-content\/uploads\/2025\/01\/IMG_5521-rotated.jpg?w=900&amp;ssl=1 900w, https:\/\/i0.wp.com\/www.gesamtschule-eiserfeld.de\/wp-content\/uploads\/2025\/01\/IMG_5521-rotated.jpg?resize=225%2C300&amp;ssl=1 225w, https:\/\/i0.wp.com\/www.gesamtschule-eiserfeld.de\/wp-content\/uploads\/2025\/01\/IMG_5521-rotated.jpg?resize=768%2C1024&amp;ssl=1 768w, https:\/\/i0.wp.com\/www.gesamtschule-eiserfeld.de\/wp-content\/uploads\/2025\/01\/IMG_5521-rotated.jpg?resize=113%2C150&amp;ssl=1 113w\" sizes=\"(max-width: 474px) 100vw, 474px\" \/><\/figure><\/li><li class=\"wp-block-jetpack-slideshow_slide swiper-slide\"><figure><img data-recalc-dims=\"1\" loading=\"lazy\" decoding=\"async\" width=\"474\" height=\"632\" alt=\"\" class=\"wp-block-jetpack-slideshow_image wp-image-19784\" data-id=\"19784\" src=\"https:\/\/i0.wp.com\/www.gesamtschule-eiserfeld.de\/wp-content\/uploads\/2025\/01\/IMG_5549-rotated.jpg?resize=474%2C632&#038;ssl=1\" srcset=\"https:\/\/i0.wp.com\/www.gesamtschule-eiserfeld.de\/wp-content\/uploads\/2025\/01\/IMG_5549-rotated.jpg?w=900&amp;ssl=1 900w, https:\/\/i0.wp.com\/www.gesamtschule-eiserfeld.de\/wp-content\/uploads\/2025\/01\/IMG_5549-rotated.jpg?resize=225%2C300&amp;ssl=1 225w, https:\/\/i0.wp.com\/www.gesamtschule-eiserfeld.de\/wp-content\/uploads\/2025\/01\/IMG_5549-rotated.jpg?resize=768%2C1024&amp;ssl=1 768w, https:\/\/i0.wp.com\/www.gesamtschule-eiserfeld.de\/wp-content\/uploads\/2025\/01\/IMG_5549-rotated.jpg?resize=113%2C150&amp;ssl=1 113w\" sizes=\"(max-width: 474px) 100vw, 474px\" \/><\/figure><\/li><li class=\"wp-block-jetpack-slideshow_slide swiper-slide\"><figure><img data-recalc-dims=\"1\" loading=\"lazy\" decoding=\"async\" width=\"474\" height=\"632\" alt=\"\" class=\"wp-block-jetpack-slideshow_image wp-image-19785\" data-id=\"19785\" src=\"https:\/\/i0.wp.com\/www.gesamtschule-eiserfeld.de\/wp-content\/uploads\/2025\/01\/IMG_5559-rotated.jpg?resize=474%2C632&#038;ssl=1\" srcset=\"https:\/\/i0.wp.com\/www.gesamtschule-eiserfeld.de\/wp-content\/uploads\/2025\/01\/IMG_5559-rotated.jpg?w=900&amp;ssl=1 900w, https:\/\/i0.wp.com\/www.gesamtschule-eiserfeld.de\/wp-content\/uploads\/2025\/01\/IMG_5559-rotated.jpg?resize=225%2C300&amp;ssl=1 225w, https:\/\/i0.wp.com\/www.gesamtschule-eiserfeld.de\/wp-content\/uploads\/2025\/01\/IMG_5559-rotated.jpg?resize=768%2C1024&amp;ssl=1 768w, https:\/\/i0.wp.com\/www.gesamtschule-eiserfeld.de\/wp-content\/uploads\/2025\/01\/IMG_5559-rotated.jpg?resize=113%2C150&amp;ssl=1 113w\" sizes=\"(max-width: 474px) 100vw, 474px\" \/><\/figure><\/li><li class=\"wp-block-jetpack-slideshow_slide swiper-slide\"><figure><img data-recalc-dims=\"1\" loading=\"lazy\" decoding=\"async\" width=\"474\" height=\"843\" alt=\"\" class=\"wp-block-jetpack-slideshow_image wp-image-19786\" data-id=\"19786\" src=\"https:\/\/i0.wp.com\/www.gesamtschule-eiserfeld.de\/wp-content\/uploads\/2025\/01\/IMG_5588.jpg?resize=474%2C843&#038;ssl=1\" srcset=\"https:\/\/i0.wp.com\/www.gesamtschule-eiserfeld.de\/wp-content\/uploads\/2025\/01\/IMG_5588.jpg?w=675&amp;ssl=1 675w, https:\/\/i0.wp.com\/www.gesamtschule-eiserfeld.de\/wp-content\/uploads\/2025\/01\/IMG_5588.jpg?resize=169%2C300&amp;ssl=1 169w, https:\/\/i0.wp.com\/www.gesamtschule-eiserfeld.de\/wp-content\/uploads\/2025\/01\/IMG_5588.jpg?resize=576%2C1024&amp;ssl=1 576w, https:\/\/i0.wp.com\/www.gesamtschule-eiserfeld.de\/wp-content\/uploads\/2025\/01\/IMG_5588.jpg?resize=84%2C150&amp;ssl=1 84w\" sizes=\"(max-width: 474px) 100vw, 474px\" \/><\/figure><\/li><li class=\"wp-block-jetpack-slideshow_slide swiper-slide\"><figure><img data-recalc-dims=\"1\" loading=\"lazy\" decoding=\"async\" width=\"474\" height=\"632\" alt=\"\" class=\"wp-block-jetpack-slideshow_image wp-image-19787\" data-id=\"19787\" src=\"https:\/\/i0.wp.com\/www.gesamtschule-eiserfeld.de\/wp-content\/uploads\/2025\/01\/IMG_5505-rotated.jpg?resize=474%2C632&#038;ssl=1\" srcset=\"https:\/\/i0.wp.com\/www.gesamtschule-eiserfeld.de\/wp-content\/uploads\/2025\/01\/IMG_5505-rotated.jpg?w=900&amp;ssl=1 900w, https:\/\/i0.wp.com\/www.gesamtschule-eiserfeld.de\/wp-content\/uploads\/2025\/01\/IMG_5505-rotated.jpg?resize=225%2C300&amp;ssl=1 225w, https:\/\/i0.wp.com\/www.gesamtschule-eiserfeld.de\/wp-content\/uploads\/2025\/01\/IMG_5505-rotated.jpg?resize=768%2C1024&amp;ssl=1 768w, https:\/\/i0.wp.com\/www.gesamtschule-eiserfeld.de\/wp-content\/uploads\/2025\/01\/IMG_5505-rotated.jpg?resize=113%2C150&amp;ssl=1 113w\" sizes=\"(max-width: 474px) 100vw, 474px\" \/><\/figure><\/li><li class=\"wp-block-jetpack-slideshow_slide swiper-slide\"><figure><img data-recalc-dims=\"1\" loading=\"lazy\" decoding=\"async\" width=\"474\" height=\"843\" alt=\"\" class=\"wp-block-jetpack-slideshow_image wp-image-19789\" data-id=\"19789\" src=\"https:\/\/i0.wp.com\/www.gesamtschule-eiserfeld.de\/wp-content\/uploads\/2025\/01\/FCF6B264-6112-4D66-8E30-AA4D9950ECCF-rotated.jpg?resize=474%2C843&#038;ssl=1\" srcset=\"https:\/\/i0.wp.com\/www.gesamtschule-eiserfeld.de\/wp-content\/uploads\/2025\/01\/FCF6B264-6112-4D66-8E30-AA4D9950ECCF-rotated.jpg?w=675&amp;ssl=1 675w, https:\/\/i0.wp.com\/www.gesamtschule-eiserfeld.de\/wp-content\/uploads\/2025\/01\/FCF6B264-6112-4D66-8E30-AA4D9950ECCF-rotated.jpg?resize=169%2C300&amp;ssl=1 169w, https:\/\/i0.wp.com\/www.gesamtschule-eiserfeld.de\/wp-content\/uploads\/2025\/01\/FCF6B264-6112-4D66-8E30-AA4D9950ECCF-rotated.jpg?resize=576%2C1024&amp;ssl=1 576w, https:\/\/i0.wp.com\/www.gesamtschule-eiserfeld.de\/wp-content\/uploads\/2025\/01\/FCF6B264-6112-4D66-8E30-AA4D9950ECCF-rotated.jpg?resize=84%2C150&amp;ssl=1 84w\" sizes=\"(max-width: 474px) 100vw, 474px\" \/><\/figure><\/li><li class=\"wp-block-jetpack-slideshow_slide swiper-slide\"><figure><img data-recalc-dims=\"1\" loading=\"lazy\" decoding=\"async\" width=\"474\" height=\"632\" alt=\"\" class=\"wp-block-jetpack-slideshow_image wp-image-19790\" data-id=\"19790\" src=\"https:\/\/i0.wp.com\/www.gesamtschule-eiserfeld.de\/wp-content\/uploads\/2025\/01\/IMG_5458-rotated.jpg?resize=474%2C632&#038;ssl=1\" srcset=\"https:\/\/i0.wp.com\/www.gesamtschule-eiserfeld.de\/wp-content\/uploads\/2025\/01\/IMG_5458-rotated.jpg?w=900&amp;ssl=1 900w, https:\/\/i0.wp.com\/www.gesamtschule-eiserfeld.de\/wp-content\/uploads\/2025\/01\/IMG_5458-rotated.jpg?resize=225%2C300&amp;ssl=1 225w, https:\/\/i0.wp.com\/www.gesamtschule-eiserfeld.de\/wp-content\/uploads\/2025\/01\/IMG_5458-rotated.jpg?resize=768%2C1024&amp;ssl=1 768w, https:\/\/i0.wp.com\/www.gesamtschule-eiserfeld.de\/wp-content\/uploads\/2025\/01\/IMG_5458-rotated.jpg?resize=113%2C150&amp;ssl=1 113w\" sizes=\"(max-width: 474px) 100vw, 474px\" \/><\/figure><\/li><li class=\"wp-block-jetpack-slideshow_slide swiper-slide\"><figure><img data-recalc-dims=\"1\" loading=\"lazy\" decoding=\"async\" width=\"474\" height=\"632\" alt=\"\" class=\"wp-block-jetpack-slideshow_image wp-image-19791\" data-id=\"19791\" src=\"https:\/\/i0.wp.com\/www.gesamtschule-eiserfeld.de\/wp-content\/uploads\/2025\/01\/IMG_5525-rotated.jpg?resize=474%2C632&#038;ssl=1\" srcset=\"https:\/\/i0.wp.com\/www.gesamtschule-eiserfeld.de\/wp-content\/uploads\/2025\/01\/IMG_5525-rotated.jpg?w=900&amp;ssl=1 900w, https:\/\/i0.wp.com\/www.gesamtschule-eiserfeld.de\/wp-content\/uploads\/2025\/01\/IMG_5525-rotated.jpg?resize=225%2C300&amp;ssl=1 225w, https:\/\/i0.wp.com\/www.gesamtschule-eiserfeld.de\/wp-content\/uploads\/2025\/01\/IMG_5525-rotated.jpg?resize=768%2C1024&amp;ssl=1 768w, https:\/\/i0.wp.com\/www.gesamtschule-eiserfeld.de\/wp-content\/uploads\/2025\/01\/IMG_5525-rotated.jpg?resize=113%2C150&amp;ssl=1 113w\" sizes=\"(max-width: 474px) 100vw, 474px\" \/><\/figure><\/li><\/ul><a class=\"wp-block-jetpack-slideshow_button-prev swiper-button-prev swiper-button-white\" role=\"button\"><\/a><a class=\"wp-block-jetpack-slideshow_button-next swiper-button-next swiper-button-white\" role=\"button\"><\/a><a aria-label=\"Pause Slideshow\" class=\"wp-block-jetpack-slideshow_button-pause\" role=\"button\"><\/a><div class=\"wp-block-jetpack-slideshow_pagination swiper-pagination swiper-pagination-white\"><\/div><\/div><\/div>\n","protected":false},"excerpt":{"rendered":"<p>[Annika &amp;Leni Q2 18-01-2025] Am 11. Januar 2025 um sieben Uhr morgens standen 45 Sch\u00fclerinnen und Sch\u00fcler der Stufen Q1 und Q2 samt Gep\u00e4ck an der Gesamtschule Eiserfeld, um die Reise zum Stubaier Gletscher in Tirol anzutreten. So wie jedes Jahr hatten die Sch\u00fclerinnen und Sch\u00fcler die Auswahl zwischen Snowboarden und Skifahren in unterschiedlichen K\u00f6nnensstufen. &hellip; <a href=\"https:\/\/www.gesamtschule-eiserfeld.de\/?p=19769\" class=\"more-link\"><span class=\"screen-reader-text\">Schneesportfahrt im Stubaital<\/span> weiterlesen <span class=\"meta-nav\">&rarr;<\/span><\/a><\/p>\n","protected":false},"author":9,"featured_media":19771,"comment_status":"closed","ping_status":"open","sticky":false,"template":"","format":"standard","meta":{"jetpack_post_was_ever_published":false,"_jetpack_newsletter_access":"","_jetpack_dont_email_post_to_subs":false,"_jetpack_newsletter_tier_id":0,"_jetpack_memberships_contains_paywalled_content":false,"_jetpack_memberships_contains_paid_content":false,"footnotes":"","jetpack_publicize_message":"","jetpack_publicize_feature_enabled":true,"jetpack_social_post_already_shared":true,"jetpack_social_options":{"image_generator_settings":{"template":"highway","default_image_id":0,"font":"","enabled":false},"version":2}},"categories":[54,1,29,139,26],"tags":[],"class_list":["post-19769","post","type-post","status-publish","format-standard","has-post-thumbnail","hentry","category-aktionen","category-allgemein","category-klassenfahrt","category-schneesportfahrt","category-sekundarstufe-ii"],"yoast_head":"<!-- This site is optimized with the Yoast SEO plugin v27.4 - https:\/\/yoast.com\/product\/yoast-seo-wordpress\/ -->\n<title>Schneesportfahrt im Stubaital - Gesamtschule Eiserfeld<\/title>\n<meta name=\"robots\" content=\"index, follow, max-snippet:-1, max-image-preview:large, max-video-preview:-1\" \/>\n<link rel=\"canonical\" href=\"https:\/\/www.gesamtschule-eiserfeld.de\/?p=19769\" \/>\n<meta property=\"og:locale\" content=\"de_DE\" \/>\n<meta property=\"og:type\" content=\"article\" \/>\n<meta property=\"og:title\" content=\"Schneesportfahrt im Stubaital - Gesamtschule Eiserfeld\" \/>\n<meta property=\"og:description\" content=\"[Annika &amp;Leni Q2 18-01-2025] Am 11. Januar 2025 um sieben Uhr morgens standen 45 Sch\u00fclerinnen und Sch\u00fcler der Stufen Q1 und Q2 samt Gep\u00e4ck an der Gesamtschule Eiserfeld, um die Reise zum Stubaier Gletscher in Tirol anzutreten. So wie jedes Jahr hatten die Sch\u00fclerinnen und Sch\u00fcler die Auswahl zwischen Snowboarden und Skifahren in unterschiedlichen K\u00f6nnensstufen. &hellip; Schneesportfahrt im Stubaital weiterlesen &rarr;\" \/>\n<meta property=\"og:url\" content=\"https:\/\/www.gesamtschule-eiserfeld.de\/?p=19769\" \/>\n<meta property=\"og:site_name\" content=\"Gesamtschule Eiserfeld\" \/>\n<meta property=\"article:publisher\" content=\"https:\/\/www.facebook.com\/GEEiserfeld\" \/>\n<meta property=\"article:published_time\" content=\"2025-01-17T18:55:00+00:00\" \/>\n<meta property=\"article:modified_time\" content=\"2025-01-24T11:53:19+00:00\" \/>\n<meta property=\"og:image\" content=\"https:\/\/www.gesamtschule-eiserfeld.de\/wp-content\/uploads\/2025\/01\/IMG_9778.jpg\" \/>\n\t<meta property=\"og:image:width\" content=\"1200\" \/>\n\t<meta property=\"og:image:height\" content=\"900\" \/>\n\t<meta property=\"og:image:type\" content=\"image\/jpeg\" \/>\n<meta name=\"author\" content=\"dorw\" \/>\n<meta name=\"twitter:card\" content=\"summary_large_image\" \/>\n<meta name=\"twitter:label1\" content=\"Verfasst von\" \/>\n\t<meta name=\"twitter:data1\" content=\"dorw\" \/>\n\t<meta name=\"twitter:label2\" content=\"Gesch\u00e4tzte Lesezeit\" \/>\n\t<meta name=\"twitter:data2\" content=\"6\u00a0Minuten\" \/>\n<script type=\"application\/ld+json\" class=\"yoast-schema-graph\">{\"@context\":\"https:\\\/\\\/schema.org\",\"@graph\":[{\"@type\":\"Article\",\"@id\":\"https:\\\/\\\/www.gesamtschule-eiserfeld.de\\\/?p=19769#article\",\"isPartOf\":{\"@id\":\"https:\\\/\\\/www.gesamtschule-eiserfeld.de\\\/?p=19769\"},\"author\":{\"name\":\"dorw\",\"@id\":\"https:\\\/\\\/www.gesamtschule-eiserfeld.de\\\/#\\\/schema\\\/person\\\/9f37123dd2ff514a1346db435bdb3784\"},\"headline\":\"Schneesportfahrt im Stubaital\",\"datePublished\":\"2025-01-17T18:55:00+00:00\",\"dateModified\":\"2025-01-24T11:53:19+00:00\",\"mainEntityOfPage\":{\"@id\":\"https:\\\/\\\/www.gesamtschule-eiserfeld.de\\\/?p=19769\"},\"wordCount\":501,\"publisher\":{\"@id\":\"https:\\\/\\\/www.gesamtschule-eiserfeld.de\\\/#organization\"},\"image\":{\"@id\":\"https:\\\/\\\/www.gesamtschule-eiserfeld.de\\\/?p=19769#primaryimage\"},\"thumbnailUrl\":\"https:\\\/\\\/i0.wp.com\\\/www.gesamtschule-eiserfeld.de\\\/wp-content\\\/uploads\\\/2025\\\/01\\\/IMG_9778.jpg?fit=1200%2C900&ssl=1\",\"articleSection\":{\"0\":\"Aktionen\",\"2\":\"Klassenfahrt\",\"3\":\"Schneesportfahrt\",\"4\":\"Sekundarstufe II\"},\"inLanguage\":\"de\"},{\"@type\":\"WebPage\",\"@id\":\"https:\\\/\\\/www.gesamtschule-eiserfeld.de\\\/?p=19769\",\"url\":\"https:\\\/\\\/www.gesamtschule-eiserfeld.de\\\/?p=19769\",\"name\":\"Schneesportfahrt im Stubaital - Gesamtschule Eiserfeld\",\"isPartOf\":{\"@id\":\"https:\\\/\\\/www.gesamtschule-eiserfeld.de\\\/#website\"},\"primaryImageOfPage\":{\"@id\":\"https:\\\/\\\/www.gesamtschule-eiserfeld.de\\\/?p=19769#primaryimage\"},\"image\":{\"@id\":\"https:\\\/\\\/www.gesamtschule-eiserfeld.de\\\/?p=19769#primaryimage\"},\"thumbnailUrl\":\"https:\\\/\\\/i0.wp.com\\\/www.gesamtschule-eiserfeld.de\\\/wp-content\\\/uploads\\\/2025\\\/01\\\/IMG_9778.jpg?fit=1200%2C900&ssl=1\",\"datePublished\":\"2025-01-17T18:55:00+00:00\",\"dateModified\":\"2025-01-24T11:53:19+00:00\",\"breadcrumb\":{\"@id\":\"https:\\\/\\\/www.gesamtschule-eiserfeld.de\\\/?p=19769#breadcrumb\"},\"inLanguage\":\"de\",\"potentialAction\":[{\"@type\":\"ReadAction\",\"target\":[\"https:\\\/\\\/www.gesamtschule-eiserfeld.de\\\/?p=19769\"]}]},{\"@type\":\"ImageObject\",\"inLanguage\":\"de\",\"@id\":\"https:\\\/\\\/www.gesamtschule-eiserfeld.de\\\/?p=19769#primaryimage\",\"url\":\"https:\\\/\\\/i0.wp.com\\\/www.gesamtschule-eiserfeld.de\\\/wp-content\\\/uploads\\\/2025\\\/01\\\/IMG_9778.jpg?fit=1200%2C900&ssl=1\",\"contentUrl\":\"https:\\\/\\\/i0.wp.com\\\/www.gesamtschule-eiserfeld.de\\\/wp-content\\\/uploads\\\/2025\\\/01\\\/IMG_9778.jpg?fit=1200%2C900&ssl=1\",\"width\":1200,\"height\":900,\"caption\":\"DCIM\\\\100MEDIA\\\\DJI_0965.JPG\"},{\"@type\":\"BreadcrumbList\",\"@id\":\"https:\\\/\\\/www.gesamtschule-eiserfeld.de\\\/?p=19769#breadcrumb\",\"itemListElement\":[{\"@type\":\"ListItem\",\"position\":1,\"name\":\"Startseite\",\"item\":\"https:\\\/\\\/www.gesamtschule-eiserfeld.de\\\/\"},{\"@type\":\"ListItem\",\"position\":2,\"name\":\"Schneesportfahrt im Stubaital\"}]},{\"@type\":\"WebSite\",\"@id\":\"https:\\\/\\\/www.gesamtschule-eiserfeld.de\\\/#website\",\"url\":\"https:\\\/\\\/www.gesamtschule-eiserfeld.de\\\/\",\"name\":\"Gesamtschule Eiserfeld\",\"description\":\"\",\"publisher\":{\"@id\":\"https:\\\/\\\/www.gesamtschule-eiserfeld.de\\\/#organization\"},\"potentialAction\":[{\"@type\":\"SearchAction\",\"target\":{\"@type\":\"EntryPoint\",\"urlTemplate\":\"https:\\\/\\\/www.gesamtschule-eiserfeld.de\\\/?s={search_term_string}\"},\"query-input\":{\"@type\":\"PropertyValueSpecification\",\"valueRequired\":true,\"valueName\":\"search_term_string\"}}],\"inLanguage\":\"de\"},{\"@type\":\"Organization\",\"@id\":\"https:\\\/\\\/www.gesamtschule-eiserfeld.de\\\/#organization\",\"name\":\"Gesamtschule Eiserfeld\",\"url\":\"https:\\\/\\\/www.gesamtschule-eiserfeld.de\\\/\",\"logo\":{\"@type\":\"ImageObject\",\"inLanguage\":\"de\",\"@id\":\"https:\\\/\\\/www.gesamtschule-eiserfeld.de\\\/#\\\/schema\\\/logo\\\/image\\\/\",\"url\":\"https:\\\/\\\/i1.wp.com\\\/www.gesamtschule-eiserfeld.de\\\/wp-content\\\/uploads\\\/2019\\\/01\\\/GEE-Logo-neu.jpg?fit=436%2C126&ssl=1\",\"contentUrl\":\"https:\\\/\\\/i1.wp.com\\\/www.gesamtschule-eiserfeld.de\\\/wp-content\\\/uploads\\\/2019\\\/01\\\/GEE-Logo-neu.jpg?fit=436%2C126&ssl=1\",\"width\":436,\"height\":126,\"caption\":\"Gesamtschule Eiserfeld\"},\"image\":{\"@id\":\"https:\\\/\\\/www.gesamtschule-eiserfeld.de\\\/#\\\/schema\\\/logo\\\/image\\\/\"},\"sameAs\":[\"https:\\\/\\\/www.facebook.com\\\/GEEiserfeld\"]},{\"@type\":\"Person\",\"@id\":\"https:\\\/\\\/www.gesamtschule-eiserfeld.de\\\/#\\\/schema\\\/person\\\/9f37123dd2ff514a1346db435bdb3784\",\"name\":\"dorw\",\"sameAs\":[\"http:\\\/\\\/www.ge-eiserfeld.de\"],\"url\":\"https:\\\/\\\/www.gesamtschule-eiserfeld.de\\\/?author=9\"}]}<\/script>\n<!-- \/ Yoast SEO plugin. -->","yoast_head_json":{"title":"Schneesportfahrt im Stubaital - Gesamtschule Eiserfeld","robots":{"index":"index","follow":"follow","max-snippet":"max-snippet:-1","max-image-preview":"max-image-preview:large","max-video-preview":"max-video-preview:-1"},"canonical":"https:\/\/www.gesamtschule-eiserfeld.de\/?p=19769","og_locale":"de_DE","og_type":"article","og_title":"Schneesportfahrt im Stubaital - Gesamtschule Eiserfeld","og_description":"[Annika &amp;Leni Q2 18-01-2025] Am 11. Januar 2025 um sieben Uhr morgens standen 45 Sch\u00fclerinnen und Sch\u00fcler der Stufen Q1 und Q2 samt Gep\u00e4ck an der Gesamtschule Eiserfeld, um die Reise zum Stubaier Gletscher in Tirol anzutreten. So wie jedes Jahr hatten die Sch\u00fclerinnen und Sch\u00fcler die Auswahl zwischen Snowboarden und Skifahren in unterschiedlichen K\u00f6nnensstufen. &hellip; Schneesportfahrt im Stubaital weiterlesen &rarr;","og_url":"https:\/\/www.gesamtschule-eiserfeld.de\/?p=19769","og_site_name":"Gesamtschule Eiserfeld","article_publisher":"https:\/\/www.facebook.com\/GEEiserfeld","article_published_time":"2025-01-17T18:55:00+00:00","article_modified_time":"2025-01-24T11:53:19+00:00","og_image":[{"width":1200,"height":900,"url":"https:\/\/www.gesamtschule-eiserfeld.de\/wp-content\/uploads\/2025\/01\/IMG_9778.jpg","type":"image\/jpeg"}],"author":"dorw","twitter_card":"summary_large_image","twitter_misc":{"Verfasst von":"dorw","Gesch\u00e4tzte Lesezeit":"6\u00a0Minuten"},"schema":{"@context":"https:\/\/schema.org","@graph":[{"@type":"Article","@id":"https:\/\/www.gesamtschule-eiserfeld.de\/?p=19769#article","isPartOf":{"@id":"https:\/\/www.gesamtschule-eiserfeld.de\/?p=19769"},"author":{"name":"dorw","@id":"https:\/\/www.gesamtschule-eiserfeld.de\/#\/schema\/person\/9f37123dd2ff514a1346db435bdb3784"},"headline":"Schneesportfahrt im Stubaital","datePublished":"2025-01-17T18:55:00+00:00","dateModified":"2025-01-24T11:53:19+00:00","mainEntityOfPage":{"@id":"https:\/\/www.gesamtschule-eiserfeld.de\/?p=19769"},"wordCount":501,"publisher":{"@id":"https:\/\/www.gesamtschule-eiserfeld.de\/#organization"},"image":{"@id":"https:\/\/www.gesamtschule-eiserfeld.de\/?p=19769#primaryimage"},"thumbnailUrl":"https:\/\/i0.wp.com\/www.gesamtschule-eiserfeld.de\/wp-content\/uploads\/2025\/01\/IMG_9778.jpg?fit=1200%2C900&ssl=1","articleSection":{"0":"Aktionen","2":"Klassenfahrt","3":"Schneesportfahrt","4":"Sekundarstufe II"},"inLanguage":"de"},{"@type":"WebPage","@id":"https:\/\/www.gesamtschule-eiserfeld.de\/?p=19769","url":"https:\/\/www.gesamtschule-eiserfeld.de\/?p=19769","name":"Schneesportfahrt im Stubaital - Gesamtschule Eiserfeld","isPartOf":{"@id":"https:\/\/www.gesamtschule-eiserfeld.de\/#website"},"primaryImageOfPage":{"@id":"https:\/\/www.gesamtschule-eiserfeld.de\/?p=19769#primaryimage"},"image":{"@id":"https:\/\/www.gesamtschule-eiserfeld.de\/?p=19769#primaryimage"},"thumbnailUrl":"https:\/\/i0.wp.com\/www.gesamtschule-eiserfeld.de\/wp-content\/uploads\/2025\/01\/IMG_9778.jpg?fit=1200%2C900&ssl=1","datePublished":"2025-01-17T18:55:00+00:00","dateModified":"2025-01-24T11:53:19+00:00","breadcrumb":{"@id":"https:\/\/www.gesamtschule-eiserfeld.de\/?p=19769#breadcrumb"},"inLanguage":"de","potentialAction":[{"@type":"ReadAction","target":["https:\/\/www.gesamtschule-eiserfeld.de\/?p=19769"]}]},{"@type":"ImageObject","inLanguage":"de","@id":"https:\/\/www.gesamtschule-eiserfeld.de\/?p=19769#primaryimage","url":"https:\/\/i0.wp.com\/www.gesamtschule-eiserfeld.de\/wp-content\/uploads\/2025\/01\/IMG_9778.jpg?fit=1200%2C900&ssl=1","contentUrl":"https:\/\/i0.wp.com\/www.gesamtschule-eiserfeld.de\/wp-content\/uploads\/2025\/01\/IMG_9778.jpg?fit=1200%2C900&ssl=1","width":1200,"height":900,"caption":"DCIM\\100MEDIA\\DJI_0965.JPG"},{"@type":"BreadcrumbList","@id":"https:\/\/www.gesamtschule-eiserfeld.de\/?p=19769#breadcrumb","itemListElement":[{"@type":"ListItem","position":1,"name":"Startseite","item":"https:\/\/www.gesamtschule-eiserfeld.de\/"},{"@type":"ListItem","position":2,"name":"Schneesportfahrt im Stubaital"}]},{"@type":"WebSite","@id":"https:\/\/www.gesamtschule-eiserfeld.de\/#website","url":"https:\/\/www.gesamtschule-eiserfeld.de\/","name":"Gesamtschule Eiserfeld","description":"","publisher":{"@id":"https:\/\/www.gesamtschule-eiserfeld.de\/#organization"},"potentialAction":[{"@type":"SearchAction","target":{"@type":"EntryPoint","urlTemplate":"https:\/\/www.gesamtschule-eiserfeld.de\/?s={search_term_string}"},"query-input":{"@type":"PropertyValueSpecification","valueRequired":true,"valueName":"search_term_string"}}],"inLanguage":"de"},{"@type":"Organization","@id":"https:\/\/www.gesamtschule-eiserfeld.de\/#organization","name":"Gesamtschule Eiserfeld","url":"https:\/\/www.gesamtschule-eiserfeld.de\/","logo":{"@type":"ImageObject","inLanguage":"de","@id":"https:\/\/www.gesamtschule-eiserfeld.de\/#\/schema\/logo\/image\/","url":"https:\/\/i1.wp.com\/www.gesamtschule-eiserfeld.de\/wp-content\/uploads\/2019\/01\/GEE-Logo-neu.jpg?fit=436%2C126&ssl=1","contentUrl":"https:\/\/i1.wp.com\/www.gesamtschule-eiserfeld.de\/wp-content\/uploads\/2019\/01\/GEE-Logo-neu.jpg?fit=436%2C126&ssl=1","width":436,"height":126,"caption":"Gesamtschule Eiserfeld"},"image":{"@id":"https:\/\/www.gesamtschule-eiserfeld.de\/#\/schema\/logo\/image\/"},"sameAs":["https:\/\/www.facebook.com\/GEEiserfeld"]},{"@type":"Person","@id":"https:\/\/www.gesamtschule-eiserfeld.de\/#\/schema\/person\/9f37123dd2ff514a1346db435bdb3784","name":"dorw","sameAs":["http:\/\/www.ge-eiserfeld.de"],"url":"https:\/\/www.gesamtschule-eiserfeld.de\/?author=9"}]}},"jetpack_publicize_connections":[],"jetpack_featured_media_url":"https:\/\/i0.wp.com\/www.gesamtschule-eiserfeld.de\/wp-content\/uploads\/2025\/01\/IMG_9778.jpg?fit=1200%2C900&ssl=1","jetpack_shortlink":"https:\/\/wp.me\/p2weeL-58R","jetpack_sharing_enabled":true,"_links":{"self":[{"href":"https:\/\/www.gesamtschule-eiserfeld.de\/index.php?rest_route=\/wp\/v2\/posts\/19769","targetHints":{"allow":["GET"]}}],"collection":[{"href":"https:\/\/www.gesamtschule-eiserfeld.de\/index.php?rest_route=\/wp\/v2\/posts"}],"about":[{"href":"https:\/\/www.gesamtschule-eiserfeld.de\/index.php?rest_route=\/wp\/v2\/types\/post"}],"author":[{"embeddable":true,"href":"https:\/\/www.gesamtschule-eiserfeld.de\/index.php?rest_route=\/wp\/v2\/users\/9"}],"replies":[{"embeddable":true,"href":"https:\/\/www.gesamtschule-eiserfeld.de\/index.php?rest_route=%2Fwp%2Fv2%2Fcomments&post=19769"}],"version-history":[{"count":4,"href":"https:\/\/www.gesamtschule-eiserfeld.de\/index.php?rest_route=\/wp\/v2\/posts\/19769\/revisions"}],"predecessor-version":[{"id":19807,"href":"https:\/\/www.gesamtschule-eiserfeld.de\/index.php?rest_route=\/wp\/v2\/posts\/19769\/revisions\/19807"}],"wp:featuredmedia":[{"embeddable":true,"href":"https:\/\/www.gesamtschule-eiserfeld.de\/index.php?rest_route=\/wp\/v2\/media\/19771"}],"wp:attachment":[{"href":"https:\/\/www.gesamtschule-eiserfeld.de\/index.php?rest_route=%2Fwp%2Fv2%2Fmedia&parent=19769"}],"wp:term":[{"taxonomy":"category","embeddable":true,"href":"https:\/\/www.gesamtschule-eiserfeld.de\/index.php?rest_route=%2Fwp%2Fv2%2Fcategories&post=19769"},{"taxonomy":"post_tag","embeddable":true,"href":"https:\/\/www.gesamtschule-eiserfeld.de\/index.php?rest_route=%2Fwp%2Fv2%2Ftags&post=19769"}],"curies":[{"name":"wp","href":"https:\/\/api.w.org\/{rel}","templated":true}]}}