{"id":20060,"date":"2025-05-08T07:04:49","date_gmt":"2025-05-08T06:04:49","guid":{"rendered":"https:\/\/www.gesamtschule-eiserfeld.de\/?p=20060"},"modified":"2025-05-12T10:52:54","modified_gmt":"2025-05-12T09:52:54","slug":"erinnern-fuer-die-zukunft-jahrgangsstufe-9-besucht-die-gedenkstaette-buchenwald","status":"publish","type":"post","link":"https:\/\/www.gesamtschule-eiserfeld.de\/?p=20060","title":{"rendered":"\u201eErinnern f\u00fcr die Zukunft\u201c \u2013 Jahrgangsstufe 9 besucht die Gedenkst\u00e4tte Buchenwald"},"content":{"rendered":"\n<p>[HOEK 08-05-2025] Der 8. Mai \u2013 Tag der Befreiung vom Nationalsozialismus \u2013 steht wie kaum ein anderes Datum f\u00fcr das Ende von Krieg, Terror und Diktatur in Deutschland. Aus diesem Anlass besuchte unsere Jahrgangsstufe 9 vor wenigen Tagen die Gedenkst\u00e4tte Buchenwald bei Weimar.<\/p>\n\n\n\n<div class=\"wp-block-jetpack-slideshow aligncenter\" data-effect=\"slide\"><div class=\"wp-block-jetpack-slideshow_container swiper-container\"><ul class=\"wp-block-jetpack-slideshow_swiper-wrapper swiper-wrapper\"><li class=\"wp-block-jetpack-slideshow_slide swiper-slide\"><figure><img data-recalc-dims=\"1\" loading=\"lazy\" decoding=\"async\" width=\"474\" height=\"356\" alt=\"\" class=\"wp-block-jetpack-slideshow_image wp-image-20063\" data-id=\"20063\" src=\"https:\/\/i0.wp.com\/www.gesamtschule-eiserfeld.de\/wp-content\/uploads\/2025\/05\/WhatsApp-Bild-2025-05-07-um-22.52.18_c9eed09f.jpg?resize=474%2C356&#038;ssl=1\" srcset=\"https:\/\/i0.wp.com\/www.gesamtschule-eiserfeld.de\/wp-content\/uploads\/2025\/05\/WhatsApp-Bild-2025-05-07-um-22.52.18_c9eed09f.jpg?resize=1024%2C768&amp;ssl=1 1024w, https:\/\/i0.wp.com\/www.gesamtschule-eiserfeld.de\/wp-content\/uploads\/2025\/05\/WhatsApp-Bild-2025-05-07-um-22.52.18_c9eed09f.jpg?resize=300%2C225&amp;ssl=1 300w, https:\/\/i0.wp.com\/www.gesamtschule-eiserfeld.de\/wp-content\/uploads\/2025\/05\/WhatsApp-Bild-2025-05-07-um-22.52.18_c9eed09f.jpg?resize=200%2C150&amp;ssl=1 200w, https:\/\/i0.wp.com\/www.gesamtschule-eiserfeld.de\/wp-content\/uploads\/2025\/05\/WhatsApp-Bild-2025-05-07-um-22.52.18_c9eed09f.jpg?resize=768%2C576&amp;ssl=1 768w, https:\/\/i0.wp.com\/www.gesamtschule-eiserfeld.de\/wp-content\/uploads\/2025\/05\/WhatsApp-Bild-2025-05-07-um-22.52.18_c9eed09f.jpg?w=1200&amp;ssl=1 1200w, https:\/\/i0.wp.com\/www.gesamtschule-eiserfeld.de\/wp-content\/uploads\/2025\/05\/WhatsApp-Bild-2025-05-07-um-22.52.18_c9eed09f.jpg?w=948&amp;ssl=1 948w\" sizes=\"(max-width: 474px) 100vw, 474px\" \/><\/figure><\/li><li class=\"wp-block-jetpack-slideshow_slide swiper-slide\"><figure><img data-recalc-dims=\"1\" loading=\"lazy\" decoding=\"async\" width=\"474\" height=\"632\" alt=\"\" class=\"wp-block-jetpack-slideshow_image wp-image-20066\" data-id=\"20066\" src=\"https:\/\/i0.wp.com\/www.gesamtschule-eiserfeld.de\/wp-content\/uploads\/2025\/05\/WhatsApp-Bild-2025-05-07-um-22.52.19_c6749671.jpg?resize=474%2C632&#038;ssl=1\" srcset=\"https:\/\/i0.wp.com\/www.gesamtschule-eiserfeld.de\/wp-content\/uploads\/2025\/05\/WhatsApp-Bild-2025-05-07-um-22.52.19_c6749671.jpg?resize=768%2C1024&amp;ssl=1 768w, https:\/\/i0.wp.com\/www.gesamtschule-eiserfeld.de\/wp-content\/uploads\/2025\/05\/WhatsApp-Bild-2025-05-07-um-22.52.19_c6749671.jpg?resize=225%2C300&amp;ssl=1 225w, https:\/\/i0.wp.com\/www.gesamtschule-eiserfeld.de\/wp-content\/uploads\/2025\/05\/WhatsApp-Bild-2025-05-07-um-22.52.19_c6749671.jpg?resize=113%2C150&amp;ssl=1 113w, https:\/\/i0.wp.com\/www.gesamtschule-eiserfeld.de\/wp-content\/uploads\/2025\/05\/WhatsApp-Bild-2025-05-07-um-22.52.19_c6749671.jpg?w=900&amp;ssl=1 900w\" sizes=\"(max-width: 474px) 100vw, 474px\" \/><\/figure><\/li><li class=\"wp-block-jetpack-slideshow_slide swiper-slide\"><figure><img data-recalc-dims=\"1\" loading=\"lazy\" decoding=\"async\" width=\"474\" height=\"356\" alt=\"\" class=\"wp-block-jetpack-slideshow_image wp-image-20065\" data-id=\"20065\" src=\"https:\/\/i0.wp.com\/www.gesamtschule-eiserfeld.de\/wp-content\/uploads\/2025\/05\/WhatsApp-Bild-2025-05-07-um-22.52.18_40aa9485.jpg?resize=474%2C356&#038;ssl=1\" srcset=\"https:\/\/i0.wp.com\/www.gesamtschule-eiserfeld.de\/wp-content\/uploads\/2025\/05\/WhatsApp-Bild-2025-05-07-um-22.52.18_40aa9485.jpg?resize=1024%2C768&amp;ssl=1 1024w, https:\/\/i0.wp.com\/www.gesamtschule-eiserfeld.de\/wp-content\/uploads\/2025\/05\/WhatsApp-Bild-2025-05-07-um-22.52.18_40aa9485.jpg?resize=300%2C225&amp;ssl=1 300w, https:\/\/i0.wp.com\/www.gesamtschule-eiserfeld.de\/wp-content\/uploads\/2025\/05\/WhatsApp-Bild-2025-05-07-um-22.52.18_40aa9485.jpg?resize=200%2C150&amp;ssl=1 200w, https:\/\/i0.wp.com\/www.gesamtschule-eiserfeld.de\/wp-content\/uploads\/2025\/05\/WhatsApp-Bild-2025-05-07-um-22.52.18_40aa9485.jpg?resize=768%2C576&amp;ssl=1 768w, https:\/\/i0.wp.com\/www.gesamtschule-eiserfeld.de\/wp-content\/uploads\/2025\/05\/WhatsApp-Bild-2025-05-07-um-22.52.18_40aa9485.jpg?w=1200&amp;ssl=1 1200w, https:\/\/i0.wp.com\/www.gesamtschule-eiserfeld.de\/wp-content\/uploads\/2025\/05\/WhatsApp-Bild-2025-05-07-um-22.52.18_40aa9485.jpg?w=948&amp;ssl=1 948w\" sizes=\"(max-width: 474px) 100vw, 474px\" \/><\/figure><\/li><li class=\"wp-block-jetpack-slideshow_slide swiper-slide\"><figure><img data-recalc-dims=\"1\" loading=\"lazy\" decoding=\"async\" width=\"474\" height=\"632\" alt=\"\" class=\"wp-block-jetpack-slideshow_image wp-image-20067\" data-id=\"20067\" src=\"https:\/\/i0.wp.com\/www.gesamtschule-eiserfeld.de\/wp-content\/uploads\/2025\/05\/WhatsApp-Bild-2025-05-07-um-22.52.19_0d7116b5.jpg?resize=474%2C632&#038;ssl=1\" srcset=\"https:\/\/i0.wp.com\/www.gesamtschule-eiserfeld.de\/wp-content\/uploads\/2025\/05\/WhatsApp-Bild-2025-05-07-um-22.52.19_0d7116b5.jpg?resize=768%2C1024&amp;ssl=1 768w, https:\/\/i0.wp.com\/www.gesamtschule-eiserfeld.de\/wp-content\/uploads\/2025\/05\/WhatsApp-Bild-2025-05-07-um-22.52.19_0d7116b5.jpg?resize=225%2C300&amp;ssl=1 225w, https:\/\/i0.wp.com\/www.gesamtschule-eiserfeld.de\/wp-content\/uploads\/2025\/05\/WhatsApp-Bild-2025-05-07-um-22.52.19_0d7116b5.jpg?resize=113%2C150&amp;ssl=1 113w, https:\/\/i0.wp.com\/www.gesamtschule-eiserfeld.de\/wp-content\/uploads\/2025\/05\/WhatsApp-Bild-2025-05-07-um-22.52.19_0d7116b5.jpg?w=900&amp;ssl=1 900w\" sizes=\"(max-width: 474px) 100vw, 474px\" \/><\/figure><\/li><li class=\"wp-block-jetpack-slideshow_slide swiper-slide\"><figure><img data-recalc-dims=\"1\" loading=\"lazy\" decoding=\"async\" width=\"474\" height=\"356\" alt=\"\" class=\"wp-block-jetpack-slideshow_image wp-image-20064\" data-id=\"20064\" src=\"https:\/\/i0.wp.com\/www.gesamtschule-eiserfeld.de\/wp-content\/uploads\/2025\/05\/WhatsApp-Bild-2025-05-07-um-22.52.19_0ed5a43f.jpg?resize=474%2C356&#038;ssl=1\" srcset=\"https:\/\/i0.wp.com\/www.gesamtschule-eiserfeld.de\/wp-content\/uploads\/2025\/05\/WhatsApp-Bild-2025-05-07-um-22.52.19_0ed5a43f.jpg?resize=1024%2C768&amp;ssl=1 1024w, https:\/\/i0.wp.com\/www.gesamtschule-eiserfeld.de\/wp-content\/uploads\/2025\/05\/WhatsApp-Bild-2025-05-07-um-22.52.19_0ed5a43f.jpg?resize=300%2C225&amp;ssl=1 300w, https:\/\/i0.wp.com\/www.gesamtschule-eiserfeld.de\/wp-content\/uploads\/2025\/05\/WhatsApp-Bild-2025-05-07-um-22.52.19_0ed5a43f.jpg?resize=200%2C150&amp;ssl=1 200w, https:\/\/i0.wp.com\/www.gesamtschule-eiserfeld.de\/wp-content\/uploads\/2025\/05\/WhatsApp-Bild-2025-05-07-um-22.52.19_0ed5a43f.jpg?resize=768%2C576&amp;ssl=1 768w, https:\/\/i0.wp.com\/www.gesamtschule-eiserfeld.de\/wp-content\/uploads\/2025\/05\/WhatsApp-Bild-2025-05-07-um-22.52.19_0ed5a43f.jpg?w=1200&amp;ssl=1 1200w, https:\/\/i0.wp.com\/www.gesamtschule-eiserfeld.de\/wp-content\/uploads\/2025\/05\/WhatsApp-Bild-2025-05-07-um-22.52.19_0ed5a43f.jpg?w=948&amp;ssl=1 948w\" sizes=\"(max-width: 474px) 100vw, 474px\" \/><\/figure><\/li><li class=\"wp-block-jetpack-slideshow_slide swiper-slide\"><figure><img data-recalc-dims=\"1\" loading=\"lazy\" decoding=\"async\" width=\"474\" height=\"632\" alt=\"\" class=\"wp-block-jetpack-slideshow_image wp-image-20062\" data-id=\"20062\" src=\"https:\/\/i0.wp.com\/www.gesamtschule-eiserfeld.de\/wp-content\/uploads\/2025\/05\/WhatsApp-Bild-2025-05-07-um-22.52.19_986a3a2d.jpg?resize=474%2C632&#038;ssl=1\" srcset=\"https:\/\/i0.wp.com\/www.gesamtschule-eiserfeld.de\/wp-content\/uploads\/2025\/05\/WhatsApp-Bild-2025-05-07-um-22.52.19_986a3a2d.jpg?resize=768%2C1024&amp;ssl=1 768w, https:\/\/i0.wp.com\/www.gesamtschule-eiserfeld.de\/wp-content\/uploads\/2025\/05\/WhatsApp-Bild-2025-05-07-um-22.52.19_986a3a2d.jpg?resize=225%2C300&amp;ssl=1 225w, https:\/\/i0.wp.com\/www.gesamtschule-eiserfeld.de\/wp-content\/uploads\/2025\/05\/WhatsApp-Bild-2025-05-07-um-22.52.19_986a3a2d.jpg?resize=113%2C150&amp;ssl=1 113w, https:\/\/i0.wp.com\/www.gesamtschule-eiserfeld.de\/wp-content\/uploads\/2025\/05\/WhatsApp-Bild-2025-05-07-um-22.52.19_986a3a2d.jpg?w=900&amp;ssl=1 900w\" sizes=\"(max-width: 474px) 100vw, 474px\" \/><\/figure><\/li><li class=\"wp-block-jetpack-slideshow_slide swiper-slide\"><figure><img data-recalc-dims=\"1\" loading=\"lazy\" decoding=\"async\" width=\"474\" height=\"633\" alt=\"\" class=\"wp-block-jetpack-slideshow_image wp-image-20061\" data-id=\"20061\" src=\"https:\/\/i0.wp.com\/www.gesamtschule-eiserfeld.de\/wp-content\/uploads\/2025\/05\/WhatsApp-Bild-2025-05-07-um-22.52.19_1569976e.jpg?resize=474%2C633&#038;ssl=1\" srcset=\"https:\/\/i0.wp.com\/www.gesamtschule-eiserfeld.de\/wp-content\/uploads\/2025\/05\/WhatsApp-Bild-2025-05-07-um-22.52.19_1569976e.jpg?resize=767%2C1024&amp;ssl=1 767w, https:\/\/i0.wp.com\/www.gesamtschule-eiserfeld.de\/wp-content\/uploads\/2025\/05\/WhatsApp-Bild-2025-05-07-um-22.52.19_1569976e.jpg?resize=225%2C300&amp;ssl=1 225w, https:\/\/i0.wp.com\/www.gesamtschule-eiserfeld.de\/wp-content\/uploads\/2025\/05\/WhatsApp-Bild-2025-05-07-um-22.52.19_1569976e.jpg?resize=112%2C150&amp;ssl=1 112w, https:\/\/i0.wp.com\/www.gesamtschule-eiserfeld.de\/wp-content\/uploads\/2025\/05\/WhatsApp-Bild-2025-05-07-um-22.52.19_1569976e.jpg?resize=768%2C1025&amp;ssl=1 768w, https:\/\/i0.wp.com\/www.gesamtschule-eiserfeld.de\/wp-content\/uploads\/2025\/05\/WhatsApp-Bild-2025-05-07-um-22.52.19_1569976e.jpg?w=899&amp;ssl=1 899w\" sizes=\"(max-width: 474px) 100vw, 474px\" \/><\/figure><\/li><\/ul><a class=\"wp-block-jetpack-slideshow_button-prev swiper-button-prev swiper-button-white\" role=\"button\"><\/a><a class=\"wp-block-jetpack-slideshow_button-next swiper-button-next swiper-button-white\" role=\"button\"><\/a><a aria-label=\"Pause Slideshow\" class=\"wp-block-jetpack-slideshow_button-pause\" role=\"button\"><\/a><div class=\"wp-block-jetpack-slideshow_pagination swiper-pagination swiper-pagination-white\"><\/div><\/div><\/div>\n\n\n\n<p>Die Fahrt erm\u00f6glichte unseren Sch\u00fcler:innen&nbsp;eine intensive Auseinandersetzung mit den nationalsozialistischen Verbrechen und der Bedeutung historischer Verantwortung. Besonders eindrucksvoll war der Dokumentarfilm der Gedenkst\u00e4tte, in dem Zeitzeugenaussagen den Alltag im Konzentrationslager eindringlich und pers\u00f6nlich schilderten. Im Anschluss f\u00fchrten unsere Lehrkr\u00e4fte die Sch\u00fcler:innen&nbsp;\u00fcber das Gel\u00e4nde und vermittelten mit gro\u00dfer Sachkenntnis und viel Einf\u00fchlungsverm\u00f6gen die historischen Hintergr\u00fcnde.<\/p>\n\n\n\n<!--more-->\n\n\n\n<p>F\u00fcr viele Jugendliche war der Gang durch das Lagertor mit dem bekannten, nur von innen lesbaren Schriftzug&nbsp;\u201eJedem das Seine\u201c ein besonders eindr\u00fccklicher Moment \u2013 ein Symbol f\u00fcr die menschenverachtende Ideologie des NS-Regimes. Tief bewegt zeigten sich die Sch\u00fcler:innen&nbsp;auch beim Besuch des Krematoriums und der angrenzenden rekonstruierten Anlagen, die durch die F\u00fchrung unserer Lehrkr\u00e4fte kontextualisiert und begreifbar gemacht wurden.<\/p>\n\n\n\n<p>Die Fahrt war f\u00fcr alle Beteiligten ein eindr\u00fcckliches Erlebnis und ein wichtiger Beitrag zur historisch-politischen Bildung. Sie hat gezeigt, wie bedeutsam es ist, Geschichte nicht nur im Klassenzimmer, sondern auch an authentischen Orten zu vermitteln. Denn das Erinnern an die Vergangenheit ist grundlegend f\u00fcr das Verstehen der Gegenwart \u2013 und f\u00fcr die Gestaltung einer verantwortungsbewussten Zukunft.<\/p>\n\n\n\n<p>Unser Besuch in Buchenwald ist dabei mehr als eine einmalige Erfahrung: Er ist Ausdruck unseres gesellschaftlichen Auftrags zur Erziehung m\u00fcndiger B\u00fcrger:innen. Die Fahrt soll daher dauerhaft im Fahrtenprogramm unserer Schule verankert werden. Wir danken allen Kolleg:innen, die durch ihre Unterst\u00fctzung und ihr Engagement zum Gelingen dieses wichtigen Projekts beigetragen haben \u2013 sowie unseren F\u00f6rderern, dem F\u00f6rderverein unserer Schule und der Klaus und Heidi Vetter Stiftung, f\u00fcr ihre wertvolle finanzielle Unterst\u00fctzung.<\/p>\n","protected":false},"excerpt":{"rendered":"<p>[HOEK 08-05-2025] Der 8. Mai \u2013 Tag der Befreiung vom Nationalsozialismus \u2013 steht wie kaum ein anderes Datum f\u00fcr das Ende von Krieg, Terror und Diktatur in Deutschland. Aus diesem Anlass besuchte unsere Jahrgangsstufe 9 vor wenigen Tagen die Gedenkst\u00e4tte Buchenwald bei Weimar. Die Fahrt erm\u00f6glichte unseren Sch\u00fcler:innen&nbsp;eine intensive Auseinandersetzung mit den nationalsozialistischen Verbrechen und &hellip; <a href=\"https:\/\/www.gesamtschule-eiserfeld.de\/?p=20060\" class=\"more-link\"><span class=\"screen-reader-text\">\u201eErinnern f\u00fcr die Zukunft\u201c \u2013 Jahrgangsstufe 9 besucht die Gedenkst\u00e4tte Buchenwald<\/span> weiterlesen <span class=\"meta-nav\">&rarr;<\/span><\/a><\/p>\n","protected":false},"author":19,"featured_media":20068,"comment_status":"closed","ping_status":"open","sticky":false,"template":"","format":"standard","meta":{"jetpack_post_was_ever_published":false,"_jetpack_newsletter_access":"","_jetpack_dont_email_post_to_subs":false,"_jetpack_newsletter_tier_id":0,"_jetpack_memberships_contains_paywalled_content":false,"_jetpack_memberships_contains_paid_content":false,"footnotes":"","jetpack_publicize_message":"","jetpack_publicize_feature_enabled":true,"jetpack_social_post_already_shared":true,"jetpack_social_options":{"image_generator_settings":{"template":"highway","default_image_id":0,"font":"","enabled":false},"version":2}},"categories":[1,18,53,36],"tags":[],"class_list":["post-20060","post","type-post","status-publish","format-standard","has-post-thumbnail","hentry","category-allgemein","category-exkursion","category-gesellschaftslehre","category-jg-910"],"yoast_head":"<!-- This site is optimized with the Yoast SEO plugin v27.4 - https:\/\/yoast.com\/product\/yoast-seo-wordpress\/ -->\n<title>\u201eErinnern f\u00fcr die Zukunft\u201c \u2013 Jahrgangsstufe 9 besucht die Gedenkst\u00e4tte Buchenwald - Gesamtschule Eiserfeld<\/title>\n<meta name=\"robots\" content=\"index, follow, max-snippet:-1, max-image-preview:large, max-video-preview:-1\" \/>\n<link rel=\"canonical\" href=\"https:\/\/www.gesamtschule-eiserfeld.de\/?p=20060\" \/>\n<meta property=\"og:locale\" content=\"de_DE\" \/>\n<meta property=\"og:type\" content=\"article\" \/>\n<meta property=\"og:title\" content=\"\u201eErinnern f\u00fcr die Zukunft\u201c \u2013 Jahrgangsstufe 9 besucht die Gedenkst\u00e4tte Buchenwald - Gesamtschule Eiserfeld\" \/>\n<meta property=\"og:description\" content=\"[HOEK 08-05-2025] Der 8. Mai \u2013 Tag der Befreiung vom Nationalsozialismus \u2013 steht wie kaum ein anderes Datum f\u00fcr das Ende von Krieg, Terror und Diktatur in Deutschland. Aus diesem Anlass besuchte unsere Jahrgangsstufe 9 vor wenigen Tagen die Gedenkst\u00e4tte Buchenwald bei Weimar. Die Fahrt erm\u00f6glichte unseren Sch\u00fcler:innen&nbsp;eine intensive Auseinandersetzung mit den nationalsozialistischen Verbrechen und &hellip; \u201eErinnern f\u00fcr die Zukunft\u201c \u2013 Jahrgangsstufe 9 besucht die Gedenkst\u00e4tte Buchenwald weiterlesen &rarr;\" \/>\n<meta property=\"og:url\" content=\"https:\/\/www.gesamtschule-eiserfeld.de\/?p=20060\" \/>\n<meta property=\"og:site_name\" content=\"Gesamtschule Eiserfeld\" \/>\n<meta property=\"article:publisher\" content=\"https:\/\/www.facebook.com\/GEEiserfeld\" \/>\n<meta property=\"article:published_time\" content=\"2025-05-08T06:04:49+00:00\" \/>\n<meta property=\"article:modified_time\" content=\"2025-05-12T09:52:54+00:00\" \/>\n<meta property=\"og:image\" content=\"https:\/\/www.gesamtschule-eiserfeld.de\/wp-content\/uploads\/2025\/05\/header8mai25.jpg\" \/>\n\t<meta property=\"og:image:width\" content=\"1200\" \/>\n\t<meta property=\"og:image:height\" content=\"980\" \/>\n\t<meta property=\"og:image:type\" content=\"image\/jpeg\" \/>\n<meta name=\"author\" content=\"KINK\" \/>\n<meta name=\"twitter:card\" content=\"summary_large_image\" \/>\n<meta name=\"twitter:label1\" content=\"Verfasst von\" \/>\n\t<meta name=\"twitter:data1\" content=\"KINK\" \/>\n\t<meta name=\"twitter:label2\" content=\"Gesch\u00e4tzte Lesezeit\" \/>\n\t<meta name=\"twitter:data2\" content=\"4\u00a0Minuten\" \/>\n<script type=\"application\/ld+json\" class=\"yoast-schema-graph\">{\"@context\":\"https:\\\/\\\/schema.org\",\"@graph\":[{\"@type\":\"Article\",\"@id\":\"https:\\\/\\\/www.gesamtschule-eiserfeld.de\\\/?p=20060#article\",\"isPartOf\":{\"@id\":\"https:\\\/\\\/www.gesamtschule-eiserfeld.de\\\/?p=20060\"},\"author\":{\"name\":\"KINK\",\"@id\":\"https:\\\/\\\/www.gesamtschule-eiserfeld.de\\\/#\\\/schema\\\/person\\\/e815be34d82dc95f4eae6ec566010931\"},\"headline\":\"\u201eErinnern f\u00fcr die Zukunft\u201c \u2013 Jahrgangsstufe 9 besucht die Gedenkst\u00e4tte Buchenwald\",\"datePublished\":\"2025-05-08T06:04:49+00:00\",\"dateModified\":\"2025-05-12T09:52:54+00:00\",\"mainEntityOfPage\":{\"@id\":\"https:\\\/\\\/www.gesamtschule-eiserfeld.de\\\/?p=20060\"},\"wordCount\":330,\"publisher\":{\"@id\":\"https:\\\/\\\/www.gesamtschule-eiserfeld.de\\\/#organization\"},\"image\":{\"@id\":\"https:\\\/\\\/www.gesamtschule-eiserfeld.de\\\/?p=20060#primaryimage\"},\"thumbnailUrl\":\"https:\\\/\\\/i0.wp.com\\\/www.gesamtschule-eiserfeld.de\\\/wp-content\\\/uploads\\\/2025\\\/05\\\/header8mai25.jpg?fit=1200%2C980&ssl=1\",\"articleSection\":{\"1\":\"Exkursion\",\"2\":\"Gesellschaftslehre\",\"3\":\"Jg 9\\\/10\"},\"inLanguage\":\"de\"},{\"@type\":\"WebPage\",\"@id\":\"https:\\\/\\\/www.gesamtschule-eiserfeld.de\\\/?p=20060\",\"url\":\"https:\\\/\\\/www.gesamtschule-eiserfeld.de\\\/?p=20060\",\"name\":\"\u201eErinnern f\u00fcr die Zukunft\u201c \u2013 Jahrgangsstufe 9 besucht die Gedenkst\u00e4tte Buchenwald - Gesamtschule Eiserfeld\",\"isPartOf\":{\"@id\":\"https:\\\/\\\/www.gesamtschule-eiserfeld.de\\\/#website\"},\"primaryImageOfPage\":{\"@id\":\"https:\\\/\\\/www.gesamtschule-eiserfeld.de\\\/?p=20060#primaryimage\"},\"image\":{\"@id\":\"https:\\\/\\\/www.gesamtschule-eiserfeld.de\\\/?p=20060#primaryimage\"},\"thumbnailUrl\":\"https:\\\/\\\/i0.wp.com\\\/www.gesamtschule-eiserfeld.de\\\/wp-content\\\/uploads\\\/2025\\\/05\\\/header8mai25.jpg?fit=1200%2C980&ssl=1\",\"datePublished\":\"2025-05-08T06:04:49+00:00\",\"dateModified\":\"2025-05-12T09:52:54+00:00\",\"breadcrumb\":{\"@id\":\"https:\\\/\\\/www.gesamtschule-eiserfeld.de\\\/?p=20060#breadcrumb\"},\"inLanguage\":\"de\",\"potentialAction\":[{\"@type\":\"ReadAction\",\"target\":[\"https:\\\/\\\/www.gesamtschule-eiserfeld.de\\\/?p=20060\"]}]},{\"@type\":\"ImageObject\",\"inLanguage\":\"de\",\"@id\":\"https:\\\/\\\/www.gesamtschule-eiserfeld.de\\\/?p=20060#primaryimage\",\"url\":\"https:\\\/\\\/i0.wp.com\\\/www.gesamtschule-eiserfeld.de\\\/wp-content\\\/uploads\\\/2025\\\/05\\\/header8mai25.jpg?fit=1200%2C980&ssl=1\",\"contentUrl\":\"https:\\\/\\\/i0.wp.com\\\/www.gesamtschule-eiserfeld.de\\\/wp-content\\\/uploads\\\/2025\\\/05\\\/header8mai25.jpg?fit=1200%2C980&ssl=1\",\"width\":1200,\"height\":980},{\"@type\":\"BreadcrumbList\",\"@id\":\"https:\\\/\\\/www.gesamtschule-eiserfeld.de\\\/?p=20060#breadcrumb\",\"itemListElement\":[{\"@type\":\"ListItem\",\"position\":1,\"name\":\"Startseite\",\"item\":\"https:\\\/\\\/www.gesamtschule-eiserfeld.de\\\/\"},{\"@type\":\"ListItem\",\"position\":2,\"name\":\"\u201eErinnern f\u00fcr die Zukunft\u201c \u2013 Jahrgangsstufe 9 besucht die Gedenkst\u00e4tte Buchenwald\"}]},{\"@type\":\"WebSite\",\"@id\":\"https:\\\/\\\/www.gesamtschule-eiserfeld.de\\\/#website\",\"url\":\"https:\\\/\\\/www.gesamtschule-eiserfeld.de\\\/\",\"name\":\"Gesamtschule Eiserfeld\",\"description\":\"\",\"publisher\":{\"@id\":\"https:\\\/\\\/www.gesamtschule-eiserfeld.de\\\/#organization\"},\"potentialAction\":[{\"@type\":\"SearchAction\",\"target\":{\"@type\":\"EntryPoint\",\"urlTemplate\":\"https:\\\/\\\/www.gesamtschule-eiserfeld.de\\\/?s={search_term_string}\"},\"query-input\":{\"@type\":\"PropertyValueSpecification\",\"valueRequired\":true,\"valueName\":\"search_term_string\"}}],\"inLanguage\":\"de\"},{\"@type\":\"Organization\",\"@id\":\"https:\\\/\\\/www.gesamtschule-eiserfeld.de\\\/#organization\",\"name\":\"Gesamtschule Eiserfeld\",\"url\":\"https:\\\/\\\/www.gesamtschule-eiserfeld.de\\\/\",\"logo\":{\"@type\":\"ImageObject\",\"inLanguage\":\"de\",\"@id\":\"https:\\\/\\\/www.gesamtschule-eiserfeld.de\\\/#\\\/schema\\\/logo\\\/image\\\/\",\"url\":\"https:\\\/\\\/i1.wp.com\\\/www.gesamtschule-eiserfeld.de\\\/wp-content\\\/uploads\\\/2019\\\/01\\\/GEE-Logo-neu.jpg?fit=436%2C126&ssl=1\",\"contentUrl\":\"https:\\\/\\\/i1.wp.com\\\/www.gesamtschule-eiserfeld.de\\\/wp-content\\\/uploads\\\/2019\\\/01\\\/GEE-Logo-neu.jpg?fit=436%2C126&ssl=1\",\"width\":436,\"height\":126,\"caption\":\"Gesamtschule Eiserfeld\"},\"image\":{\"@id\":\"https:\\\/\\\/www.gesamtschule-eiserfeld.de\\\/#\\\/schema\\\/logo\\\/image\\\/\"},\"sameAs\":[\"https:\\\/\\\/www.facebook.com\\\/GEEiserfeld\"]},{\"@type\":\"Person\",\"@id\":\"https:\\\/\\\/www.gesamtschule-eiserfeld.de\\\/#\\\/schema\\\/person\\\/e815be34d82dc95f4eae6ec566010931\",\"name\":\"KINK\",\"url\":\"https:\\\/\\\/www.gesamtschule-eiserfeld.de\\\/?author=19\"}]}<\/script>\n<!-- \/ Yoast SEO plugin. -->","yoast_head_json":{"title":"\u201eErinnern f\u00fcr die Zukunft\u201c \u2013 Jahrgangsstufe 9 besucht die Gedenkst\u00e4tte Buchenwald - Gesamtschule Eiserfeld","robots":{"index":"index","follow":"follow","max-snippet":"max-snippet:-1","max-image-preview":"max-image-preview:large","max-video-preview":"max-video-preview:-1"},"canonical":"https:\/\/www.gesamtschule-eiserfeld.de\/?p=20060","og_locale":"de_DE","og_type":"article","og_title":"\u201eErinnern f\u00fcr die Zukunft\u201c \u2013 Jahrgangsstufe 9 besucht die Gedenkst\u00e4tte Buchenwald - Gesamtschule Eiserfeld","og_description":"[HOEK 08-05-2025] Der 8. Mai \u2013 Tag der Befreiung vom Nationalsozialismus \u2013 steht wie kaum ein anderes Datum f\u00fcr das Ende von Krieg, Terror und Diktatur in Deutschland. Aus diesem Anlass besuchte unsere Jahrgangsstufe 9 vor wenigen Tagen die Gedenkst\u00e4tte Buchenwald bei Weimar. Die Fahrt erm\u00f6glichte unseren Sch\u00fcler:innen&nbsp;eine intensive Auseinandersetzung mit den nationalsozialistischen Verbrechen und &hellip; \u201eErinnern f\u00fcr die Zukunft\u201c \u2013 Jahrgangsstufe 9 besucht die Gedenkst\u00e4tte Buchenwald weiterlesen &rarr;","og_url":"https:\/\/www.gesamtschule-eiserfeld.de\/?p=20060","og_site_name":"Gesamtschule Eiserfeld","article_publisher":"https:\/\/www.facebook.com\/GEEiserfeld","article_published_time":"2025-05-08T06:04:49+00:00","article_modified_time":"2025-05-12T09:52:54+00:00","og_image":[{"width":1200,"height":980,"url":"https:\/\/www.gesamtschule-eiserfeld.de\/wp-content\/uploads\/2025\/05\/header8mai25.jpg","type":"image\/jpeg"}],"author":"KINK","twitter_card":"summary_large_image","twitter_misc":{"Verfasst von":"KINK","Gesch\u00e4tzte Lesezeit":"4\u00a0Minuten"},"schema":{"@context":"https:\/\/schema.org","@graph":[{"@type":"Article","@id":"https:\/\/www.gesamtschule-eiserfeld.de\/?p=20060#article","isPartOf":{"@id":"https:\/\/www.gesamtschule-eiserfeld.de\/?p=20060"},"author":{"name":"KINK","@id":"https:\/\/www.gesamtschule-eiserfeld.de\/#\/schema\/person\/e815be34d82dc95f4eae6ec566010931"},"headline":"\u201eErinnern f\u00fcr die Zukunft\u201c \u2013 Jahrgangsstufe 9 besucht die Gedenkst\u00e4tte Buchenwald","datePublished":"2025-05-08T06:04:49+00:00","dateModified":"2025-05-12T09:52:54+00:00","mainEntityOfPage":{"@id":"https:\/\/www.gesamtschule-eiserfeld.de\/?p=20060"},"wordCount":330,"publisher":{"@id":"https:\/\/www.gesamtschule-eiserfeld.de\/#organization"},"image":{"@id":"https:\/\/www.gesamtschule-eiserfeld.de\/?p=20060#primaryimage"},"thumbnailUrl":"https:\/\/i0.wp.com\/www.gesamtschule-eiserfeld.de\/wp-content\/uploads\/2025\/05\/header8mai25.jpg?fit=1200%2C980&ssl=1","articleSection":{"1":"Exkursion","2":"Gesellschaftslehre","3":"Jg 9\/10"},"inLanguage":"de"},{"@type":"WebPage","@id":"https:\/\/www.gesamtschule-eiserfeld.de\/?p=20060","url":"https:\/\/www.gesamtschule-eiserfeld.de\/?p=20060","name":"\u201eErinnern f\u00fcr die Zukunft\u201c \u2013 Jahrgangsstufe 9 besucht die Gedenkst\u00e4tte Buchenwald - Gesamtschule Eiserfeld","isPartOf":{"@id":"https:\/\/www.gesamtschule-eiserfeld.de\/#website"},"primaryImageOfPage":{"@id":"https:\/\/www.gesamtschule-eiserfeld.de\/?p=20060#primaryimage"},"image":{"@id":"https:\/\/www.gesamtschule-eiserfeld.de\/?p=20060#primaryimage"},"thumbnailUrl":"https:\/\/i0.wp.com\/www.gesamtschule-eiserfeld.de\/wp-content\/uploads\/2025\/05\/header8mai25.jpg?fit=1200%2C980&ssl=1","datePublished":"2025-05-08T06:04:49+00:00","dateModified":"2025-05-12T09:52:54+00:00","breadcrumb":{"@id":"https:\/\/www.gesamtschule-eiserfeld.de\/?p=20060#breadcrumb"},"inLanguage":"de","potentialAction":[{"@type":"ReadAction","target":["https:\/\/www.gesamtschule-eiserfeld.de\/?p=20060"]}]},{"@type":"ImageObject","inLanguage":"de","@id":"https:\/\/www.gesamtschule-eiserfeld.de\/?p=20060#primaryimage","url":"https:\/\/i0.wp.com\/www.gesamtschule-eiserfeld.de\/wp-content\/uploads\/2025\/05\/header8mai25.jpg?fit=1200%2C980&ssl=1","contentUrl":"https:\/\/i0.wp.com\/www.gesamtschule-eiserfeld.de\/wp-content\/uploads\/2025\/05\/header8mai25.jpg?fit=1200%2C980&ssl=1","width":1200,"height":980},{"@type":"BreadcrumbList","@id":"https:\/\/www.gesamtschule-eiserfeld.de\/?p=20060#breadcrumb","itemListElement":[{"@type":"ListItem","position":1,"name":"Startseite","item":"https:\/\/www.gesamtschule-eiserfeld.de\/"},{"@type":"ListItem","position":2,"name":"\u201eErinnern f\u00fcr die Zukunft\u201c \u2013 Jahrgangsstufe 9 besucht die Gedenkst\u00e4tte Buchenwald"}]},{"@type":"WebSite","@id":"https:\/\/www.gesamtschule-eiserfeld.de\/#website","url":"https:\/\/www.gesamtschule-eiserfeld.de\/","name":"Gesamtschule Eiserfeld","description":"","publisher":{"@id":"https:\/\/www.gesamtschule-eiserfeld.de\/#organization"},"potentialAction":[{"@type":"SearchAction","target":{"@type":"EntryPoint","urlTemplate":"https:\/\/www.gesamtschule-eiserfeld.de\/?s={search_term_string}"},"query-input":{"@type":"PropertyValueSpecification","valueRequired":true,"valueName":"search_term_string"}}],"inLanguage":"de"},{"@type":"Organization","@id":"https:\/\/www.gesamtschule-eiserfeld.de\/#organization","name":"Gesamtschule Eiserfeld","url":"https:\/\/www.gesamtschule-eiserfeld.de\/","logo":{"@type":"ImageObject","inLanguage":"de","@id":"https:\/\/www.gesamtschule-eiserfeld.de\/#\/schema\/logo\/image\/","url":"https:\/\/i1.wp.com\/www.gesamtschule-eiserfeld.de\/wp-content\/uploads\/2019\/01\/GEE-Logo-neu.jpg?fit=436%2C126&ssl=1","contentUrl":"https:\/\/i1.wp.com\/www.gesamtschule-eiserfeld.de\/wp-content\/uploads\/2019\/01\/GEE-Logo-neu.jpg?fit=436%2C126&ssl=1","width":436,"height":126,"caption":"Gesamtschule Eiserfeld"},"image":{"@id":"https:\/\/www.gesamtschule-eiserfeld.de\/#\/schema\/logo\/image\/"},"sameAs":["https:\/\/www.facebook.com\/GEEiserfeld"]},{"@type":"Person","@id":"https:\/\/www.gesamtschule-eiserfeld.de\/#\/schema\/person\/e815be34d82dc95f4eae6ec566010931","name":"KINK","url":"https:\/\/www.gesamtschule-eiserfeld.de\/?author=19"}]}},"jetpack_publicize_connections":[],"jetpack_featured_media_url":"https:\/\/i0.wp.com\/www.gesamtschule-eiserfeld.de\/wp-content\/uploads\/2025\/05\/header8mai25.jpg?fit=1200%2C980&ssl=1","jetpack_shortlink":"https:\/\/wp.me\/p2weeL-5dy","jetpack_sharing_enabled":true,"_links":{"self":[{"href":"https:\/\/www.gesamtschule-eiserfeld.de\/index.php?rest_route=\/wp\/v2\/posts\/20060","targetHints":{"allow":["GET"]}}],"collection":[{"href":"https:\/\/www.gesamtschule-eiserfeld.de\/index.php?rest_route=\/wp\/v2\/posts"}],"about":[{"href":"https:\/\/www.gesamtschule-eiserfeld.de\/index.php?rest_route=\/wp\/v2\/types\/post"}],"author":[{"embeddable":true,"href":"https:\/\/www.gesamtschule-eiserfeld.de\/index.php?rest_route=\/wp\/v2\/users\/19"}],"replies":[{"embeddable":true,"href":"https:\/\/www.gesamtschule-eiserfeld.de\/index.php?rest_route=%2Fwp%2Fv2%2Fcomments&post=20060"}],"version-history":[{"count":2,"href":"https:\/\/www.gesamtschule-eiserfeld.de\/index.php?rest_route=\/wp\/v2\/posts\/20060\/revisions"}],"predecessor-version":[{"id":20070,"href":"https:\/\/www.gesamtschule-eiserfeld.de\/index.php?rest_route=\/wp\/v2\/posts\/20060\/revisions\/20070"}],"wp:featuredmedia":[{"embeddable":true,"href":"https:\/\/www.gesamtschule-eiserfeld.de\/index.php?rest_route=\/wp\/v2\/media\/20068"}],"wp:attachment":[{"href":"https:\/\/www.gesamtschule-eiserfeld.de\/index.php?rest_route=%2Fwp%2Fv2%2Fmedia&parent=20060"}],"wp:term":[{"taxonomy":"category","embeddable":true,"href":"https:\/\/www.gesamtschule-eiserfeld.de\/index.php?rest_route=%2Fwp%2Fv2%2Fcategories&post=20060"},{"taxonomy":"post_tag","embeddable":true,"href":"https:\/\/www.gesamtschule-eiserfeld.de\/index.php?rest_route=%2Fwp%2Fv2%2Ftags&post=20060"}],"curies":[{"name":"wp","href":"https:\/\/api.w.org\/{rel}","templated":true}]}}