{"id":20089,"date":"2025-06-06T11:00:58","date_gmt":"2025-06-06T10:00:58","guid":{"rendered":"https:\/\/www.gesamtschule-eiserfeld.de\/?p=20089"},"modified":"2025-06-06T11:01:00","modified_gmt":"2025-06-06T10:01:00","slug":"ein-hauch-natur-im-schulalltag-neues-wandgemaelde-verschoenert-differenzierungsraum","status":"publish","type":"post","link":"https:\/\/www.gesamtschule-eiserfeld.de\/?p=20089","title":{"rendered":"Ein Hauch Natur im Schulalltag: Neues Wandgem\u00e4lde versch\u00f6nert Differenzierungsraum"},"content":{"rendered":"\n<p>Im Differenzierungsraum am Schulstandort Hengsberg erwartet Sch\u00fcler:innen ab sofort ein besonderes Highlight. Unter der kreativen Leitung unserer Kolleg:innen Herr Rashevsky und Frau Dincic ist ein gro\u00dffl\u00e4chiges Wandgem\u00e4lde entstanden, das eine lebendige Waldlandschaft zeigt.<\/p>\n\n\n\n<div class=\"wp-block-jetpack-slideshow aligncenter\" data-effect=\"slide\"><div class=\"wp-block-jetpack-slideshow_container swiper-container\"><ul class=\"wp-block-jetpack-slideshow_swiper-wrapper swiper-wrapper\"><li class=\"wp-block-jetpack-slideshow_slide swiper-slide\"><figure><img data-recalc-dims=\"1\" loading=\"lazy\" decoding=\"async\" width=\"474\" height=\"356\" alt=\"\" class=\"wp-block-jetpack-slideshow_image wp-image-20094\" data-id=\"20094\" src=\"https:\/\/i0.wp.com\/www.gesamtschule-eiserfeld.de\/wp-content\/uploads\/2025\/06\/shared-image-7.jpeg?resize=474%2C356&#038;ssl=1\" srcset=\"https:\/\/i0.wp.com\/www.gesamtschule-eiserfeld.de\/wp-content\/uploads\/2025\/06\/shared-image-7.jpeg?resize=1024%2C768&amp;ssl=1 1024w, https:\/\/i0.wp.com\/www.gesamtschule-eiserfeld.de\/wp-content\/uploads\/2025\/06\/shared-image-7.jpeg?resize=300%2C225&amp;ssl=1 300w, https:\/\/i0.wp.com\/www.gesamtschule-eiserfeld.de\/wp-content\/uploads\/2025\/06\/shared-image-7.jpeg?resize=200%2C150&amp;ssl=1 200w, https:\/\/i0.wp.com\/www.gesamtschule-eiserfeld.de\/wp-content\/uploads\/2025\/06\/shared-image-7.jpeg?resize=768%2C576&amp;ssl=1 768w, https:\/\/i0.wp.com\/www.gesamtschule-eiserfeld.de\/wp-content\/uploads\/2025\/06\/shared-image-7.jpeg?w=1200&amp;ssl=1 1200w, https:\/\/i0.wp.com\/www.gesamtschule-eiserfeld.de\/wp-content\/uploads\/2025\/06\/shared-image-7.jpeg?w=948&amp;ssl=1 948w\" sizes=\"(max-width: 474px) 100vw, 474px\" \/><\/figure><\/li><li class=\"wp-block-jetpack-slideshow_slide swiper-slide\"><figure><img data-recalc-dims=\"1\" loading=\"lazy\" decoding=\"async\" width=\"474\" height=\"632\" alt=\"\" class=\"wp-block-jetpack-slideshow_image wp-image-20095\" data-id=\"20095\" src=\"https:\/\/i0.wp.com\/www.gesamtschule-eiserfeld.de\/wp-content\/uploads\/2025\/06\/shared-image-3.jpeg?resize=474%2C632&#038;ssl=1\" srcset=\"https:\/\/i0.wp.com\/www.gesamtschule-eiserfeld.de\/wp-content\/uploads\/2025\/06\/shared-image-3.jpeg?resize=768%2C1024&amp;ssl=1 768w, https:\/\/i0.wp.com\/www.gesamtschule-eiserfeld.de\/wp-content\/uploads\/2025\/06\/shared-image-3.jpeg?resize=225%2C300&amp;ssl=1 225w, https:\/\/i0.wp.com\/www.gesamtschule-eiserfeld.de\/wp-content\/uploads\/2025\/06\/shared-image-3.jpeg?resize=113%2C150&amp;ssl=1 113w, https:\/\/i0.wp.com\/www.gesamtschule-eiserfeld.de\/wp-content\/uploads\/2025\/06\/shared-image-3.jpeg?w=900&amp;ssl=1 900w\" sizes=\"(max-width: 474px) 100vw, 474px\" \/><\/figure><\/li><li class=\"wp-block-jetpack-slideshow_slide swiper-slide\"><figure><img data-recalc-dims=\"1\" loading=\"lazy\" decoding=\"async\" width=\"474\" height=\"356\" alt=\"\" class=\"wp-block-jetpack-slideshow_image wp-image-20096\" data-id=\"20096\" src=\"https:\/\/i0.wp.com\/www.gesamtschule-eiserfeld.de\/wp-content\/uploads\/2025\/06\/shared-image-2.jpeg?resize=474%2C356&#038;ssl=1\" srcset=\"https:\/\/i0.wp.com\/www.gesamtschule-eiserfeld.de\/wp-content\/uploads\/2025\/06\/shared-image-2.jpeg?resize=1024%2C768&amp;ssl=1 1024w, https:\/\/i0.wp.com\/www.gesamtschule-eiserfeld.de\/wp-content\/uploads\/2025\/06\/shared-image-2.jpeg?resize=300%2C225&amp;ssl=1 300w, https:\/\/i0.wp.com\/www.gesamtschule-eiserfeld.de\/wp-content\/uploads\/2025\/06\/shared-image-2.jpeg?resize=200%2C150&amp;ssl=1 200w, https:\/\/i0.wp.com\/www.gesamtschule-eiserfeld.de\/wp-content\/uploads\/2025\/06\/shared-image-2.jpeg?resize=768%2C576&amp;ssl=1 768w, https:\/\/i0.wp.com\/www.gesamtschule-eiserfeld.de\/wp-content\/uploads\/2025\/06\/shared-image-2.jpeg?w=1200&amp;ssl=1 1200w, https:\/\/i0.wp.com\/www.gesamtschule-eiserfeld.de\/wp-content\/uploads\/2025\/06\/shared-image-2.jpeg?w=948&amp;ssl=1 948w\" sizes=\"(max-width: 474px) 100vw, 474px\" \/><\/figure><\/li><li class=\"wp-block-jetpack-slideshow_slide swiper-slide\"><figure><img data-recalc-dims=\"1\" loading=\"lazy\" decoding=\"async\" width=\"474\" height=\"356\" alt=\"\" class=\"wp-block-jetpack-slideshow_image wp-image-20090\" data-id=\"20090\" src=\"https:\/\/i0.wp.com\/www.gesamtschule-eiserfeld.de\/wp-content\/uploads\/2025\/06\/shared-image.jpeg?resize=474%2C356&#038;ssl=1\" srcset=\"https:\/\/i0.wp.com\/www.gesamtschule-eiserfeld.de\/wp-content\/uploads\/2025\/06\/shared-image.jpeg?resize=1024%2C768&amp;ssl=1 1024w, https:\/\/i0.wp.com\/www.gesamtschule-eiserfeld.de\/wp-content\/uploads\/2025\/06\/shared-image.jpeg?resize=300%2C225&amp;ssl=1 300w, https:\/\/i0.wp.com\/www.gesamtschule-eiserfeld.de\/wp-content\/uploads\/2025\/06\/shared-image.jpeg?resize=200%2C150&amp;ssl=1 200w, https:\/\/i0.wp.com\/www.gesamtschule-eiserfeld.de\/wp-content\/uploads\/2025\/06\/shared-image.jpeg?resize=768%2C576&amp;ssl=1 768w, https:\/\/i0.wp.com\/www.gesamtschule-eiserfeld.de\/wp-content\/uploads\/2025\/06\/shared-image.jpeg?w=1200&amp;ssl=1 1200w, https:\/\/i0.wp.com\/www.gesamtschule-eiserfeld.de\/wp-content\/uploads\/2025\/06\/shared-image.jpeg?w=948&amp;ssl=1 948w\" sizes=\"(max-width: 474px) 100vw, 474px\" \/><\/figure><\/li><li class=\"wp-block-jetpack-slideshow_slide swiper-slide\"><figure><img data-recalc-dims=\"1\" loading=\"lazy\" decoding=\"async\" width=\"474\" height=\"356\" alt=\"\" class=\"wp-block-jetpack-slideshow_image wp-image-20092\" data-id=\"20092\" src=\"https:\/\/i0.wp.com\/www.gesamtschule-eiserfeld.de\/wp-content\/uploads\/2025\/06\/shared-image-1.jpeg?resize=474%2C356&#038;ssl=1\" srcset=\"https:\/\/i0.wp.com\/www.gesamtschule-eiserfeld.de\/wp-content\/uploads\/2025\/06\/shared-image-1.jpeg?resize=1024%2C768&amp;ssl=1 1024w, https:\/\/i0.wp.com\/www.gesamtschule-eiserfeld.de\/wp-content\/uploads\/2025\/06\/shared-image-1.jpeg?resize=300%2C225&amp;ssl=1 300w, https:\/\/i0.wp.com\/www.gesamtschule-eiserfeld.de\/wp-content\/uploads\/2025\/06\/shared-image-1.jpeg?resize=200%2C150&amp;ssl=1 200w, https:\/\/i0.wp.com\/www.gesamtschule-eiserfeld.de\/wp-content\/uploads\/2025\/06\/shared-image-1.jpeg?resize=768%2C576&amp;ssl=1 768w, https:\/\/i0.wp.com\/www.gesamtschule-eiserfeld.de\/wp-content\/uploads\/2025\/06\/shared-image-1.jpeg?w=1200&amp;ssl=1 1200w, https:\/\/i0.wp.com\/www.gesamtschule-eiserfeld.de\/wp-content\/uploads\/2025\/06\/shared-image-1.jpeg?w=948&amp;ssl=1 948w\" sizes=\"(max-width: 474px) 100vw, 474px\" \/><\/figure><\/li><li class=\"wp-block-jetpack-slideshow_slide swiper-slide\"><figure><img data-recalc-dims=\"1\" loading=\"lazy\" decoding=\"async\" width=\"474\" height=\"356\" alt=\"\" class=\"wp-block-jetpack-slideshow_image wp-image-20097\" data-id=\"20097\" src=\"https:\/\/i0.wp.com\/www.gesamtschule-eiserfeld.de\/wp-content\/uploads\/2025\/06\/shared-image-4.jpeg?resize=474%2C356&#038;ssl=1\" srcset=\"https:\/\/i0.wp.com\/www.gesamtschule-eiserfeld.de\/wp-content\/uploads\/2025\/06\/shared-image-4.jpeg?resize=1024%2C768&amp;ssl=1 1024w, https:\/\/i0.wp.com\/www.gesamtschule-eiserfeld.de\/wp-content\/uploads\/2025\/06\/shared-image-4.jpeg?resize=300%2C225&amp;ssl=1 300w, https:\/\/i0.wp.com\/www.gesamtschule-eiserfeld.de\/wp-content\/uploads\/2025\/06\/shared-image-4.jpeg?resize=200%2C150&amp;ssl=1 200w, https:\/\/i0.wp.com\/www.gesamtschule-eiserfeld.de\/wp-content\/uploads\/2025\/06\/shared-image-4.jpeg?resize=768%2C576&amp;ssl=1 768w, https:\/\/i0.wp.com\/www.gesamtschule-eiserfeld.de\/wp-content\/uploads\/2025\/06\/shared-image-4.jpeg?w=1200&amp;ssl=1 1200w, https:\/\/i0.wp.com\/www.gesamtschule-eiserfeld.de\/wp-content\/uploads\/2025\/06\/shared-image-4.jpeg?w=948&amp;ssl=1 948w\" sizes=\"(max-width: 474px) 100vw, 474px\" \/><\/figure><\/li><li class=\"wp-block-jetpack-slideshow_slide swiper-slide\"><figure><img data-recalc-dims=\"1\" loading=\"lazy\" decoding=\"async\" width=\"474\" height=\"356\" alt=\"\" class=\"wp-block-jetpack-slideshow_image wp-image-20093\" data-id=\"20093\" src=\"https:\/\/i0.wp.com\/www.gesamtschule-eiserfeld.de\/wp-content\/uploads\/2025\/06\/shared-image-5.jpeg?resize=474%2C356&#038;ssl=1\" srcset=\"https:\/\/i0.wp.com\/www.gesamtschule-eiserfeld.de\/wp-content\/uploads\/2025\/06\/shared-image-5.jpeg?resize=1024%2C768&amp;ssl=1 1024w, https:\/\/i0.wp.com\/www.gesamtschule-eiserfeld.de\/wp-content\/uploads\/2025\/06\/shared-image-5.jpeg?resize=300%2C225&amp;ssl=1 300w, https:\/\/i0.wp.com\/www.gesamtschule-eiserfeld.de\/wp-content\/uploads\/2025\/06\/shared-image-5.jpeg?resize=200%2C150&amp;ssl=1 200w, https:\/\/i0.wp.com\/www.gesamtschule-eiserfeld.de\/wp-content\/uploads\/2025\/06\/shared-image-5.jpeg?resize=768%2C576&amp;ssl=1 768w, https:\/\/i0.wp.com\/www.gesamtschule-eiserfeld.de\/wp-content\/uploads\/2025\/06\/shared-image-5.jpeg?w=1200&amp;ssl=1 1200w, https:\/\/i0.wp.com\/www.gesamtschule-eiserfeld.de\/wp-content\/uploads\/2025\/06\/shared-image-5.jpeg?w=948&amp;ssl=1 948w\" sizes=\"(max-width: 474px) 100vw, 474px\" \/><\/figure><\/li><\/ul><a class=\"wp-block-jetpack-slideshow_button-prev swiper-button-prev swiper-button-white\" role=\"button\"><\/a><a class=\"wp-block-jetpack-slideshow_button-next swiper-button-next swiper-button-white\" role=\"button\"><\/a><a aria-label=\"Pause Slideshow\" class=\"wp-block-jetpack-slideshow_button-pause\" role=\"button\"><\/a><div class=\"wp-block-jetpack-slideshow_pagination swiper-pagination swiper-pagination-white\"><\/div><\/div><\/div>\n\n\n\n<p>Der Eiserfelder Wald h\u00e4lt so Einzug in unsere Schule \u2013 samt Sonnenstrahlen, Waldboden und wogendem Gr\u00fcn. Selbst an grauen Tagen er\u00f6ffnet sich ein beruhigender Ausblick ins Gr\u00fcne.<\/p>\n\n\n\n<p>Der Differenzierungsraum wird damit mehr als nur ein Arbeitsort: Er wird zu einem inspirierenden R\u00fcckzugsort, an dem konzentriertes Lernen in wohltuender Atmosph\u00e4re m\u00f6glich ist. Wir danken allen Beteiligten f\u00fcr diese gelungene Versch\u00f6nerung!<\/p>\n","protected":false},"excerpt":{"rendered":"<p>Im Differenzierungsraum am Schulstandort Hengsberg erwartet Sch\u00fcler:innen ab sofort ein besonderes Highlight. Unter der kreativen Leitung unserer Kolleg:innen Herr Rashevsky und Frau Dincic ist ein gro\u00dffl\u00e4chiges Wandgem\u00e4lde entstanden, das eine lebendige Waldlandschaft zeigt. Der Eiserfelder Wald h\u00e4lt so Einzug in unsere Schule \u2013 samt Sonnenstrahlen, Waldboden und wogendem Gr\u00fcn. Selbst an grauen Tagen er\u00f6ffnet sich &hellip; <a href=\"https:\/\/www.gesamtschule-eiserfeld.de\/?p=20089\" class=\"more-link\"><span class=\"screen-reader-text\">Ein Hauch Natur im Schulalltag: Neues Wandgem\u00e4lde versch\u00f6nert Differenzierungsraum<\/span> weiterlesen <span class=\"meta-nav\">&rarr;<\/span><\/a><\/p>\n","protected":false},"author":19,"featured_media":20098,"comment_status":"closed","ping_status":"open","sticky":false,"template":"","format":"standard","meta":{"jetpack_post_was_ever_published":false,"_jetpack_newsletter_access":"","_jetpack_dont_email_post_to_subs":false,"_jetpack_newsletter_tier_id":0,"_jetpack_memberships_contains_paywalled_content":false,"_jetpack_memberships_contains_paid_content":false,"footnotes":"","jetpack_publicize_message":"","jetpack_publicize_feature_enabled":true,"jetpack_social_post_already_shared":true,"jetpack_social_options":{"image_generator_settings":{"template":"highway","default_image_id":0,"font":"","enabled":false},"version":2}},"categories":[54,1,67,27,34,146],"tags":[],"class_list":["post-20089","post","type-post","status-publish","format-standard","has-post-thumbnail","hentry","category-aktionen","category-allgemein","category-gebaeude-am-hengsberg","category-inklusion","category-jg-56","category-kunst"],"yoast_head":"<!-- This site is optimized with the Yoast SEO plugin v27.4 - https:\/\/yoast.com\/product\/yoast-seo-wordpress\/ -->\n<title>Ein Hauch Natur im Schulalltag: Neues Wandgem\u00e4lde versch\u00f6nert Differenzierungsraum - Gesamtschule Eiserfeld<\/title>\n<meta name=\"robots\" content=\"index, follow, max-snippet:-1, max-image-preview:large, max-video-preview:-1\" \/>\n<link rel=\"canonical\" href=\"https:\/\/www.gesamtschule-eiserfeld.de\/?p=20089\" \/>\n<meta property=\"og:locale\" content=\"de_DE\" \/>\n<meta property=\"og:type\" content=\"article\" \/>\n<meta property=\"og:title\" content=\"Ein Hauch Natur im Schulalltag: Neues Wandgem\u00e4lde versch\u00f6nert Differenzierungsraum - Gesamtschule Eiserfeld\" \/>\n<meta property=\"og:description\" content=\"Im Differenzierungsraum am Schulstandort Hengsberg erwartet Sch\u00fcler:innen ab sofort ein besonderes Highlight. Unter der kreativen Leitung unserer Kolleg:innen Herr Rashevsky und Frau Dincic ist ein gro\u00dffl\u00e4chiges Wandgem\u00e4lde entstanden, das eine lebendige Waldlandschaft zeigt. Der Eiserfelder Wald h\u00e4lt so Einzug in unsere Schule \u2013 samt Sonnenstrahlen, Waldboden und wogendem Gr\u00fcn. Selbst an grauen Tagen er\u00f6ffnet sich &hellip; Ein Hauch Natur im Schulalltag: Neues Wandgem\u00e4lde versch\u00f6nert Differenzierungsraum weiterlesen &rarr;\" \/>\n<meta property=\"og:url\" content=\"https:\/\/www.gesamtschule-eiserfeld.de\/?p=20089\" \/>\n<meta property=\"og:site_name\" content=\"Gesamtschule Eiserfeld\" \/>\n<meta property=\"article:publisher\" content=\"https:\/\/www.facebook.com\/GEEiserfeld\" \/>\n<meta property=\"article:published_time\" content=\"2025-06-06T10:00:58+00:00\" \/>\n<meta property=\"article:modified_time\" content=\"2025-06-06T10:01:00+00:00\" \/>\n<meta property=\"og:image\" content=\"https:\/\/www.gesamtschule-eiserfeld.de\/wp-content\/uploads\/2025\/06\/Header_Wandbild_25.jpg\" \/>\n\t<meta property=\"og:image:width\" content=\"1200\" \/>\n\t<meta property=\"og:image:height\" content=\"882\" \/>\n\t<meta property=\"og:image:type\" content=\"image\/jpeg\" \/>\n<meta name=\"author\" content=\"KINK\" \/>\n<meta name=\"twitter:card\" content=\"summary_large_image\" \/>\n<meta name=\"twitter:label1\" content=\"Verfasst von\" \/>\n\t<meta name=\"twitter:data1\" content=\"KINK\" \/>\n\t<meta name=\"twitter:label2\" content=\"Gesch\u00e4tzte Lesezeit\" \/>\n\t<meta name=\"twitter:data2\" content=\"3\u00a0Minuten\" \/>\n<script type=\"application\/ld+json\" class=\"yoast-schema-graph\">{\"@context\":\"https:\\\/\\\/schema.org\",\"@graph\":[{\"@type\":\"Article\",\"@id\":\"https:\\\/\\\/www.gesamtschule-eiserfeld.de\\\/?p=20089#article\",\"isPartOf\":{\"@id\":\"https:\\\/\\\/www.gesamtschule-eiserfeld.de\\\/?p=20089\"},\"author\":{\"name\":\"KINK\",\"@id\":\"https:\\\/\\\/www.gesamtschule-eiserfeld.de\\\/#\\\/schema\\\/person\\\/e815be34d82dc95f4eae6ec566010931\"},\"headline\":\"Ein Hauch Natur im Schulalltag: Neues Wandgem\u00e4lde versch\u00f6nert Differenzierungsraum\",\"datePublished\":\"2025-06-06T10:00:58+00:00\",\"dateModified\":\"2025-06-06T10:01:00+00:00\",\"mainEntityOfPage\":{\"@id\":\"https:\\\/\\\/www.gesamtschule-eiserfeld.de\\\/?p=20089\"},\"wordCount\":117,\"publisher\":{\"@id\":\"https:\\\/\\\/www.gesamtschule-eiserfeld.de\\\/#organization\"},\"image\":{\"@id\":\"https:\\\/\\\/www.gesamtschule-eiserfeld.de\\\/?p=20089#primaryimage\"},\"thumbnailUrl\":\"https:\\\/\\\/i0.wp.com\\\/www.gesamtschule-eiserfeld.de\\\/wp-content\\\/uploads\\\/2025\\\/06\\\/Header_Wandbild_25.jpg?fit=1200%2C882&ssl=1\",\"articleSection\":{\"0\":\"Aktionen\",\"2\":\"Geb\u00e4ude am Hengsberg\",\"3\":\"Inklusion\",\"4\":\"Jg 5\\\/6\",\"5\":\"Kunst\"},\"inLanguage\":\"de\"},{\"@type\":\"WebPage\",\"@id\":\"https:\\\/\\\/www.gesamtschule-eiserfeld.de\\\/?p=20089\",\"url\":\"https:\\\/\\\/www.gesamtschule-eiserfeld.de\\\/?p=20089\",\"name\":\"Ein Hauch Natur im Schulalltag: Neues Wandgem\u00e4lde versch\u00f6nert Differenzierungsraum - Gesamtschule Eiserfeld\",\"isPartOf\":{\"@id\":\"https:\\\/\\\/www.gesamtschule-eiserfeld.de\\\/#website\"},\"primaryImageOfPage\":{\"@id\":\"https:\\\/\\\/www.gesamtschule-eiserfeld.de\\\/?p=20089#primaryimage\"},\"image\":{\"@id\":\"https:\\\/\\\/www.gesamtschule-eiserfeld.de\\\/?p=20089#primaryimage\"},\"thumbnailUrl\":\"https:\\\/\\\/i0.wp.com\\\/www.gesamtschule-eiserfeld.de\\\/wp-content\\\/uploads\\\/2025\\\/06\\\/Header_Wandbild_25.jpg?fit=1200%2C882&ssl=1\",\"datePublished\":\"2025-06-06T10:00:58+00:00\",\"dateModified\":\"2025-06-06T10:01:00+00:00\",\"breadcrumb\":{\"@id\":\"https:\\\/\\\/www.gesamtschule-eiserfeld.de\\\/?p=20089#breadcrumb\"},\"inLanguage\":\"de\",\"potentialAction\":[{\"@type\":\"ReadAction\",\"target\":[\"https:\\\/\\\/www.gesamtschule-eiserfeld.de\\\/?p=20089\"]}]},{\"@type\":\"ImageObject\",\"inLanguage\":\"de\",\"@id\":\"https:\\\/\\\/www.gesamtschule-eiserfeld.de\\\/?p=20089#primaryimage\",\"url\":\"https:\\\/\\\/i0.wp.com\\\/www.gesamtschule-eiserfeld.de\\\/wp-content\\\/uploads\\\/2025\\\/06\\\/Header_Wandbild_25.jpg?fit=1200%2C882&ssl=1\",\"contentUrl\":\"https:\\\/\\\/i0.wp.com\\\/www.gesamtschule-eiserfeld.de\\\/wp-content\\\/uploads\\\/2025\\\/06\\\/Header_Wandbild_25.jpg?fit=1200%2C882&ssl=1\",\"width\":1200,\"height\":882},{\"@type\":\"BreadcrumbList\",\"@id\":\"https:\\\/\\\/www.gesamtschule-eiserfeld.de\\\/?p=20089#breadcrumb\",\"itemListElement\":[{\"@type\":\"ListItem\",\"position\":1,\"name\":\"Startseite\",\"item\":\"https:\\\/\\\/www.gesamtschule-eiserfeld.de\\\/\"},{\"@type\":\"ListItem\",\"position\":2,\"name\":\"Ein Hauch Natur im Schulalltag: Neues Wandgem\u00e4lde versch\u00f6nert Differenzierungsraum\"}]},{\"@type\":\"WebSite\",\"@id\":\"https:\\\/\\\/www.gesamtschule-eiserfeld.de\\\/#website\",\"url\":\"https:\\\/\\\/www.gesamtschule-eiserfeld.de\\\/\",\"name\":\"Gesamtschule Eiserfeld\",\"description\":\"\",\"publisher\":{\"@id\":\"https:\\\/\\\/www.gesamtschule-eiserfeld.de\\\/#organization\"},\"potentialAction\":[{\"@type\":\"SearchAction\",\"target\":{\"@type\":\"EntryPoint\",\"urlTemplate\":\"https:\\\/\\\/www.gesamtschule-eiserfeld.de\\\/?s={search_term_string}\"},\"query-input\":{\"@type\":\"PropertyValueSpecification\",\"valueRequired\":true,\"valueName\":\"search_term_string\"}}],\"inLanguage\":\"de\"},{\"@type\":\"Organization\",\"@id\":\"https:\\\/\\\/www.gesamtschule-eiserfeld.de\\\/#organization\",\"name\":\"Gesamtschule Eiserfeld\",\"url\":\"https:\\\/\\\/www.gesamtschule-eiserfeld.de\\\/\",\"logo\":{\"@type\":\"ImageObject\",\"inLanguage\":\"de\",\"@id\":\"https:\\\/\\\/www.gesamtschule-eiserfeld.de\\\/#\\\/schema\\\/logo\\\/image\\\/\",\"url\":\"https:\\\/\\\/i1.wp.com\\\/www.gesamtschule-eiserfeld.de\\\/wp-content\\\/uploads\\\/2019\\\/01\\\/GEE-Logo-neu.jpg?fit=436%2C126&ssl=1\",\"contentUrl\":\"https:\\\/\\\/i1.wp.com\\\/www.gesamtschule-eiserfeld.de\\\/wp-content\\\/uploads\\\/2019\\\/01\\\/GEE-Logo-neu.jpg?fit=436%2C126&ssl=1\",\"width\":436,\"height\":126,\"caption\":\"Gesamtschule Eiserfeld\"},\"image\":{\"@id\":\"https:\\\/\\\/www.gesamtschule-eiserfeld.de\\\/#\\\/schema\\\/logo\\\/image\\\/\"},\"sameAs\":[\"https:\\\/\\\/www.facebook.com\\\/GEEiserfeld\"]},{\"@type\":\"Person\",\"@id\":\"https:\\\/\\\/www.gesamtschule-eiserfeld.de\\\/#\\\/schema\\\/person\\\/e815be34d82dc95f4eae6ec566010931\",\"name\":\"KINK\",\"url\":\"https:\\\/\\\/www.gesamtschule-eiserfeld.de\\\/?author=19\"}]}<\/script>\n<!-- \/ Yoast SEO plugin. -->","yoast_head_json":{"title":"Ein Hauch Natur im Schulalltag: Neues Wandgem\u00e4lde versch\u00f6nert Differenzierungsraum - Gesamtschule Eiserfeld","robots":{"index":"index","follow":"follow","max-snippet":"max-snippet:-1","max-image-preview":"max-image-preview:large","max-video-preview":"max-video-preview:-1"},"canonical":"https:\/\/www.gesamtschule-eiserfeld.de\/?p=20089","og_locale":"de_DE","og_type":"article","og_title":"Ein Hauch Natur im Schulalltag: Neues Wandgem\u00e4lde versch\u00f6nert Differenzierungsraum - Gesamtschule Eiserfeld","og_description":"Im Differenzierungsraum am Schulstandort Hengsberg erwartet Sch\u00fcler:innen ab sofort ein besonderes Highlight. Unter der kreativen Leitung unserer Kolleg:innen Herr Rashevsky und Frau Dincic ist ein gro\u00dffl\u00e4chiges Wandgem\u00e4lde entstanden, das eine lebendige Waldlandschaft zeigt. Der Eiserfelder Wald h\u00e4lt so Einzug in unsere Schule \u2013 samt Sonnenstrahlen, Waldboden und wogendem Gr\u00fcn. Selbst an grauen Tagen er\u00f6ffnet sich &hellip; Ein Hauch Natur im Schulalltag: Neues Wandgem\u00e4lde versch\u00f6nert Differenzierungsraum weiterlesen &rarr;","og_url":"https:\/\/www.gesamtschule-eiserfeld.de\/?p=20089","og_site_name":"Gesamtschule Eiserfeld","article_publisher":"https:\/\/www.facebook.com\/GEEiserfeld","article_published_time":"2025-06-06T10:00:58+00:00","article_modified_time":"2025-06-06T10:01:00+00:00","og_image":[{"width":1200,"height":882,"url":"https:\/\/www.gesamtschule-eiserfeld.de\/wp-content\/uploads\/2025\/06\/Header_Wandbild_25.jpg","type":"image\/jpeg"}],"author":"KINK","twitter_card":"summary_large_image","twitter_misc":{"Verfasst von":"KINK","Gesch\u00e4tzte Lesezeit":"3\u00a0Minuten"},"schema":{"@context":"https:\/\/schema.org","@graph":[{"@type":"Article","@id":"https:\/\/www.gesamtschule-eiserfeld.de\/?p=20089#article","isPartOf":{"@id":"https:\/\/www.gesamtschule-eiserfeld.de\/?p=20089"},"author":{"name":"KINK","@id":"https:\/\/www.gesamtschule-eiserfeld.de\/#\/schema\/person\/e815be34d82dc95f4eae6ec566010931"},"headline":"Ein Hauch Natur im Schulalltag: Neues Wandgem\u00e4lde versch\u00f6nert Differenzierungsraum","datePublished":"2025-06-06T10:00:58+00:00","dateModified":"2025-06-06T10:01:00+00:00","mainEntityOfPage":{"@id":"https:\/\/www.gesamtschule-eiserfeld.de\/?p=20089"},"wordCount":117,"publisher":{"@id":"https:\/\/www.gesamtschule-eiserfeld.de\/#organization"},"image":{"@id":"https:\/\/www.gesamtschule-eiserfeld.de\/?p=20089#primaryimage"},"thumbnailUrl":"https:\/\/i0.wp.com\/www.gesamtschule-eiserfeld.de\/wp-content\/uploads\/2025\/06\/Header_Wandbild_25.jpg?fit=1200%2C882&ssl=1","articleSection":{"0":"Aktionen","2":"Geb\u00e4ude am Hengsberg","3":"Inklusion","4":"Jg 5\/6","5":"Kunst"},"inLanguage":"de"},{"@type":"WebPage","@id":"https:\/\/www.gesamtschule-eiserfeld.de\/?p=20089","url":"https:\/\/www.gesamtschule-eiserfeld.de\/?p=20089","name":"Ein Hauch Natur im Schulalltag: Neues Wandgem\u00e4lde versch\u00f6nert Differenzierungsraum - Gesamtschule Eiserfeld","isPartOf":{"@id":"https:\/\/www.gesamtschule-eiserfeld.de\/#website"},"primaryImageOfPage":{"@id":"https:\/\/www.gesamtschule-eiserfeld.de\/?p=20089#primaryimage"},"image":{"@id":"https:\/\/www.gesamtschule-eiserfeld.de\/?p=20089#primaryimage"},"thumbnailUrl":"https:\/\/i0.wp.com\/www.gesamtschule-eiserfeld.de\/wp-content\/uploads\/2025\/06\/Header_Wandbild_25.jpg?fit=1200%2C882&ssl=1","datePublished":"2025-06-06T10:00:58+00:00","dateModified":"2025-06-06T10:01:00+00:00","breadcrumb":{"@id":"https:\/\/www.gesamtschule-eiserfeld.de\/?p=20089#breadcrumb"},"inLanguage":"de","potentialAction":[{"@type":"ReadAction","target":["https:\/\/www.gesamtschule-eiserfeld.de\/?p=20089"]}]},{"@type":"ImageObject","inLanguage":"de","@id":"https:\/\/www.gesamtschule-eiserfeld.de\/?p=20089#primaryimage","url":"https:\/\/i0.wp.com\/www.gesamtschule-eiserfeld.de\/wp-content\/uploads\/2025\/06\/Header_Wandbild_25.jpg?fit=1200%2C882&ssl=1","contentUrl":"https:\/\/i0.wp.com\/www.gesamtschule-eiserfeld.de\/wp-content\/uploads\/2025\/06\/Header_Wandbild_25.jpg?fit=1200%2C882&ssl=1","width":1200,"height":882},{"@type":"BreadcrumbList","@id":"https:\/\/www.gesamtschule-eiserfeld.de\/?p=20089#breadcrumb","itemListElement":[{"@type":"ListItem","position":1,"name":"Startseite","item":"https:\/\/www.gesamtschule-eiserfeld.de\/"},{"@type":"ListItem","position":2,"name":"Ein Hauch Natur im Schulalltag: Neues Wandgem\u00e4lde versch\u00f6nert Differenzierungsraum"}]},{"@type":"WebSite","@id":"https:\/\/www.gesamtschule-eiserfeld.de\/#website","url":"https:\/\/www.gesamtschule-eiserfeld.de\/","name":"Gesamtschule Eiserfeld","description":"","publisher":{"@id":"https:\/\/www.gesamtschule-eiserfeld.de\/#organization"},"potentialAction":[{"@type":"SearchAction","target":{"@type":"EntryPoint","urlTemplate":"https:\/\/www.gesamtschule-eiserfeld.de\/?s={search_term_string}"},"query-input":{"@type":"PropertyValueSpecification","valueRequired":true,"valueName":"search_term_string"}}],"inLanguage":"de"},{"@type":"Organization","@id":"https:\/\/www.gesamtschule-eiserfeld.de\/#organization","name":"Gesamtschule Eiserfeld","url":"https:\/\/www.gesamtschule-eiserfeld.de\/","logo":{"@type":"ImageObject","inLanguage":"de","@id":"https:\/\/www.gesamtschule-eiserfeld.de\/#\/schema\/logo\/image\/","url":"https:\/\/i1.wp.com\/www.gesamtschule-eiserfeld.de\/wp-content\/uploads\/2019\/01\/GEE-Logo-neu.jpg?fit=436%2C126&ssl=1","contentUrl":"https:\/\/i1.wp.com\/www.gesamtschule-eiserfeld.de\/wp-content\/uploads\/2019\/01\/GEE-Logo-neu.jpg?fit=436%2C126&ssl=1","width":436,"height":126,"caption":"Gesamtschule Eiserfeld"},"image":{"@id":"https:\/\/www.gesamtschule-eiserfeld.de\/#\/schema\/logo\/image\/"},"sameAs":["https:\/\/www.facebook.com\/GEEiserfeld"]},{"@type":"Person","@id":"https:\/\/www.gesamtschule-eiserfeld.de\/#\/schema\/person\/e815be34d82dc95f4eae6ec566010931","name":"KINK","url":"https:\/\/www.gesamtschule-eiserfeld.de\/?author=19"}]}},"jetpack_publicize_connections":[],"jetpack_featured_media_url":"https:\/\/i0.wp.com\/www.gesamtschule-eiserfeld.de\/wp-content\/uploads\/2025\/06\/Header_Wandbild_25.jpg?fit=1200%2C882&ssl=1","jetpack_shortlink":"https:\/\/wp.me\/p2weeL-5e1","jetpack_sharing_enabled":true,"_links":{"self":[{"href":"https:\/\/www.gesamtschule-eiserfeld.de\/index.php?rest_route=\/wp\/v2\/posts\/20089","targetHints":{"allow":["GET"]}}],"collection":[{"href":"https:\/\/www.gesamtschule-eiserfeld.de\/index.php?rest_route=\/wp\/v2\/posts"}],"about":[{"href":"https:\/\/www.gesamtschule-eiserfeld.de\/index.php?rest_route=\/wp\/v2\/types\/post"}],"author":[{"embeddable":true,"href":"https:\/\/www.gesamtschule-eiserfeld.de\/index.php?rest_route=\/wp\/v2\/users\/19"}],"replies":[{"embeddable":true,"href":"https:\/\/www.gesamtschule-eiserfeld.de\/index.php?rest_route=%2Fwp%2Fv2%2Fcomments&post=20089"}],"version-history":[{"count":2,"href":"https:\/\/www.gesamtschule-eiserfeld.de\/index.php?rest_route=\/wp\/v2\/posts\/20089\/revisions"}],"predecessor-version":[{"id":20100,"href":"https:\/\/www.gesamtschule-eiserfeld.de\/index.php?rest_route=\/wp\/v2\/posts\/20089\/revisions\/20100"}],"wp:featuredmedia":[{"embeddable":true,"href":"https:\/\/www.gesamtschule-eiserfeld.de\/index.php?rest_route=\/wp\/v2\/media\/20098"}],"wp:attachment":[{"href":"https:\/\/www.gesamtschule-eiserfeld.de\/index.php?rest_route=%2Fwp%2Fv2%2Fmedia&parent=20089"}],"wp:term":[{"taxonomy":"category","embeddable":true,"href":"https:\/\/www.gesamtschule-eiserfeld.de\/index.php?rest_route=%2Fwp%2Fv2%2Fcategories&post=20089"},{"taxonomy":"post_tag","embeddable":true,"href":"https:\/\/www.gesamtschule-eiserfeld.de\/index.php?rest_route=%2Fwp%2Fv2%2Ftags&post=20089"}],"curies":[{"name":"wp","href":"https:\/\/api.w.org\/{rel}","templated":true}]}}