{"id":2040,"date":"2012-12-25T08:56:13","date_gmt":"2012-12-25T07:56:13","guid":{"rendered":"http:\/\/ge-eiserfeld.de\/?p=2040"},"modified":"2013-02-03T13:01:18","modified_gmt":"2013-02-03T12:01:18","slug":"pdagogik-lk-13-auf-den-spuren-jugendlicher-widerstandskmpfer-whrend-der-ns-herrschaft","status":"publish","type":"post","link":"https:\/\/www.gesamtschule-eiserfeld.de\/?p=2040","title":{"rendered":"P&auml;dagogik LK 13 auf den Spuren jugendlicher Widerstandsk&auml;mpfer w&auml;hrend der NS-Herrschaft"},"content":{"rendered":"<p align=\"justify\"><em><a href=\"https:\/\/i0.wp.com\/gesamtschule-eiserfeld.de\/wp-content\/uploads\/2012\/12\/Pdagogik-LK-13-vor-dem-EL-DE-Haus.jpg\"><img data-recalc-dims=\"1\" loading=\"lazy\" decoding=\"async\" style=\"background-image: none; margin: 0px 10px 0px 0px; padding-left: 0px; padding-right: 0px; display: inline; float: left; padding-top: 0px; border: 0px;\" title=\"P\u00e4dagogik LK 13 vor dem EL-DE Haus\" alt=\"P\u00e4dagogik LK 13 vor dem EL-DE Haus\" src=\"https:\/\/i0.wp.com\/gesamtschule-eiserfeld.de\/wp-content\/uploads\/2012\/12\/Pdagogik-LK-13-vor-dem-EL-DE-Haus_thumb.jpg?resize=216%2C142\" width=\"216\" height=\"142\" align=\"left\" border=\"0\" \/><\/a><span style=\"font-size: x-small;\">[20.12.12 M.H\u00fclle]<\/span><\/em> Am letzten Schultag des Jahres haben 14 Sch\u00fclerinnen und Sch\u00fcler des P\u00e4dagogik LK 13 unter der Leitung von Frau Meinhardt einen Ausflug nach K\u00f6ln unternommen. Im Zusammenhang mit dem Thema \u201eJugend im Nationalsozialismus\u201c hat der Leistungskurs an einer Stadtf\u00fchrung durch K\u00f6ln-Ehrenfeld teilgenommen und das EL-DE Haus, das NS-Dokumentationszentrum im Stadtzentrum K\u00f6lns, besucht.<\/p>\n<p><!--more--><\/p>\n<p align=\"justify\">Mit dem Zug in K\u00f6ln angekommen, hatten die 14 Sch\u00fclerinnen und Sch\u00fcler des P\u00e4dagogik-LK 13 zun\u00e4chst die M\u00f6glichkeit, sich zu st\u00e4rken und den einen oder anderen Blick in die weihnachtlich dekorierten Gesch\u00e4fte zu werfen. Bei der Stadtf\u00fchrung durch den Stadtteil K\u00f6ln-Ehrenfeld ging es in erster Linie um jugendliche Gruppierungen, wie beispielsweise die \u201eEdelwei\u00dfpiraten\u201c oder <a href=\"https:\/\/i0.wp.com\/gesamtschule-eiserfeld.de\/wp-content\/uploads\/2012\/12\/Gedenken-an-die-Opfer.jpg\"><img data-recalc-dims=\"1\" loading=\"lazy\" decoding=\"async\" style=\"background-image: none; margin: 5px 0px 1px 10px; padding-left: 0px; padding-right: 0px; display: inline; float: right; padding-top: 0px; border: 0px;\" title=\"Gedenken an die Opfer\" alt=\"Gedenken an die Opfer\" src=\"https:\/\/i0.wp.com\/gesamtschule-eiserfeld.de\/wp-content\/uploads\/2012\/12\/Gedenken-an-die-Opfer_thumb.jpg?resize=244%2C184\" width=\"244\" height=\"184\" align=\"right\" border=\"0\" \/><\/a>\u201eNavajos\u201c, welche sich w\u00e4hrend der Jahre der NS-Herrschaft der Hitlerjugend entzogen haben. Gezeigt wurden unter anderem die Treffpunkte der widerst\u00e4ndischen und lange Zeit als &#8222;kriminell&#8220; stigmatisierten Jugendlichen. Zudem vermittelte Herr Fest den Sch\u00fclerinnen und Sch\u00fclern einen Eindruck davon, wie gef\u00e4hrlich und mutig das Verhalten dieser Gruppen gewesen ist, da sie immer im \u201eVerborgenen\u201c agieren mussten. Doch nicht nur der anschauliche Rundgang hat den Sch\u00fclerinnen und Sch\u00fclern ein Bild der damaligen Zeit vermittelt; das Wetter tat sein \u00dcbriges. Windige B\u00f6en und kaltes Winterwetter unterstrichen die nachdenklich stimmende Atmosph\u00e4re.<\/p>\n<p align=\"justify\">Zum Abschluss fanden sich alle im EL-DE Haus, dem NS-Dokumentationszentrum in K\u00f6ln, ein. Im EL-DE Haus, welches von 1935 \u2013 1945 als Zentrale der Geheimen Staatspolizei diente, konnten die Sch\u00fclerinnen und Sch\u00fcler die beengten und dunklen Gef\u00e4ngniszellen, in welchen die Gefangenen w\u00e4hrend der NS-Herrschaft unter menschenunw\u00fcrdigsten Bedingungen eingesperrt wurden, besichtigen. Die kleinen Gef\u00e4ngniszellen, die zahlreichen Wandzeichnungen, die die Gefangenen w\u00e4hrend ihrer Gefangenschaft an die W\u00e4nde gemalt haben und vereinzelte Gegenst\u00e4nde, die damals nicht beschlagnahmt wurden, vermittelten den Kursmitgliedern einen Eindruck davon, wie unmenschlich die Zust\u00e4nde damals gewesen sein m\u00fcssen.<\/p>\n<p align=\"justify\"><a href=\"https:\/\/i0.wp.com\/gesamtschule-eiserfeld.de\/wp-content\/uploads\/2012\/12\/Eintrag-in-das-Gstebuch-des-EL-DE-Hauses.jpg\"><img data-recalc-dims=\"1\" loading=\"lazy\" decoding=\"async\" style=\"background-image: none; margin: 0px 10px 0px 0px; padding-left: 0px; padding-right: 0px; display: inline; float: left; padding-top: 0px; border: 0px;\" title=\"Eintrag in das G\u00e4stebuch des EL-DE Hauses\" alt=\"Eintrag in das G\u00e4stebuch des EL-DE Hauses\" src=\"https:\/\/i0.wp.com\/gesamtschule-eiserfeld.de\/wp-content\/uploads\/2012\/12\/Eintrag-in-das-Gstebuch-des-EL-DE-Hauses_thumb.jpg?resize=244%2C184\" width=\"244\" height=\"184\" align=\"left\" border=\"0\" \/><\/a>Betroffen und nachdenklich haben die Kursmitglieder nach der Stadtf\u00fchrung und dem Begehen der Gef\u00e4ngniszellen ihre Gedanken und Eindr\u00fccke zu Papier gebracht:<\/p>\n<p align=\"justify\"><em>\u201eViele grausame Eindr\u00fccke, die ich erst mal verarbeiten muss\u2026\u201c<\/em><\/p>\n<p align=\"justify\"><em>\u201eDer Schmerz und die Trauer der Gefangenen! Dadurch wird einem erst mal richtig bewusst, wie schlimm die damalige Zeit war und wie gut wir es jetzt haben.\u201c <\/em><\/p>\n<p align=\"justify\"><em>\u201eDiese F\u00fchrung hat mir gezeigt, wie sehr die Opfer unter der damaligen F\u00fchrung gelitten haben. Das hat mich sehr erschreckt!\u201c<\/em><\/p>\n<p align=\"justify\"><em>\u201eSchockiert und ber\u00fchrt gehe ich nach Hause. Dankbar daf\u00fcr, in der heutigen Zeit ein unbeschwertes und erf\u00fclltes Leben haben zu k\u00f6nnen.\u201c<\/em><\/p>\n<p align=\"justify\"><strong>(20.12.12 M.H\u00fclle)<\/strong><\/p>\n","protected":false},"excerpt":{"rendered":"<p>[20.12.12 M.H\u00fclle] Am letzten Schultag des Jahres haben 14 Sch\u00fclerinnen und Sch\u00fcler des P\u00e4dagogik LK 13 unter der Leitung von Frau Meinhardt einen Ausflug nach K\u00f6ln unternommen. Im Zusammenhang mit dem Thema \u201eJugend im Nationalsozialismus\u201c hat der Leistungskurs an einer Stadtf\u00fchrung durch K\u00f6ln-Ehrenfeld teilgenommen und das EL-DE Haus, das NS-Dokumentationszentrum im Stadtzentrum K\u00f6lns, besucht.<\/p>\n","protected":false},"author":9,"featured_media":0,"comment_status":"closed","ping_status":"open","sticky":false,"template":"","format":"standard","meta":{"jetpack_post_was_ever_published":false,"_jetpack_newsletter_access":"","_jetpack_dont_email_post_to_subs":false,"_jetpack_newsletter_tier_id":0,"_jetpack_memberships_contains_paywalled_content":false,"_jetpack_memberships_contains_paid_content":false,"footnotes":"","jetpack_publicize_message":"","jetpack_publicize_feature_enabled":true,"jetpack_social_post_already_shared":true,"jetpack_social_options":{"image_generator_settings":{"template":"highway","default_image_id":0,"font":"","enabled":false},"version":2}},"categories":[18,26],"tags":[],"class_list":["post-2040","post","type-post","status-publish","format-standard","hentry","category-exkursion","category-sekundarstufe-ii"],"yoast_head":"<!-- This site is optimized with the Yoast SEO plugin v27.4 - https:\/\/yoast.com\/product\/yoast-seo-wordpress\/ -->\n<title>P&auml;dagogik LK 13 auf den Spuren jugendlicher Widerstandsk&auml;mpfer w&auml;hrend der NS-Herrschaft - Gesamtschule Eiserfeld<\/title>\n<meta name=\"robots\" content=\"index, follow, max-snippet:-1, max-image-preview:large, max-video-preview:-1\" \/>\n<link rel=\"canonical\" href=\"https:\/\/www.gesamtschule-eiserfeld.de\/?p=2040\" \/>\n<meta property=\"og:locale\" content=\"de_DE\" \/>\n<meta property=\"og:type\" content=\"article\" \/>\n<meta property=\"og:title\" content=\"P&auml;dagogik LK 13 auf den Spuren jugendlicher Widerstandsk&auml;mpfer w&auml;hrend der NS-Herrschaft - Gesamtschule Eiserfeld\" \/>\n<meta property=\"og:description\" content=\"[20.12.12 M.H\u00fclle] Am letzten Schultag des Jahres haben 14 Sch\u00fclerinnen und Sch\u00fcler des P\u00e4dagogik LK 13 unter der Leitung von Frau Meinhardt einen Ausflug nach K\u00f6ln unternommen. Im Zusammenhang mit dem Thema \u201eJugend im Nationalsozialismus\u201c hat der Leistungskurs an einer Stadtf\u00fchrung durch K\u00f6ln-Ehrenfeld teilgenommen und das EL-DE Haus, das NS-Dokumentationszentrum im Stadtzentrum K\u00f6lns, besucht.\" \/>\n<meta property=\"og:url\" content=\"https:\/\/www.gesamtschule-eiserfeld.de\/?p=2040\" \/>\n<meta property=\"og:site_name\" content=\"Gesamtschule Eiserfeld\" \/>\n<meta property=\"article:publisher\" content=\"https:\/\/www.facebook.com\/GEEiserfeld\" \/>\n<meta property=\"article:published_time\" content=\"2012-12-25T07:56:13+00:00\" \/>\n<meta property=\"article:modified_time\" content=\"2013-02-03T12:01:18+00:00\" \/>\n<meta property=\"og:image\" content=\"http:\/\/gesamtschule-eiserfeld.de\/wp-content\/uploads\/2012\/12\/Pdagogik-LK-13-vor-dem-EL-DE-Haus_thumb.jpg\" \/>\n<meta name=\"author\" content=\"dorw\" \/>\n<meta name=\"twitter:card\" content=\"summary_large_image\" \/>\n<meta name=\"twitter:label1\" content=\"Verfasst von\" \/>\n\t<meta name=\"twitter:data1\" content=\"dorw\" \/>\n\t<meta name=\"twitter:label2\" content=\"Gesch\u00e4tzte Lesezeit\" \/>\n\t<meta name=\"twitter:data2\" content=\"2\u00a0Minuten\" \/>\n<script type=\"application\/ld+json\" class=\"yoast-schema-graph\">{\"@context\":\"https:\\\/\\\/schema.org\",\"@graph\":[{\"@type\":\"Article\",\"@id\":\"https:\\\/\\\/www.gesamtschule-eiserfeld.de\\\/?p=2040#article\",\"isPartOf\":{\"@id\":\"https:\\\/\\\/www.gesamtschule-eiserfeld.de\\\/?p=2040\"},\"author\":{\"name\":\"dorw\",\"@id\":\"https:\\\/\\\/www.gesamtschule-eiserfeld.de\\\/#\\\/schema\\\/person\\\/9f37123dd2ff514a1346db435bdb3784\"},\"headline\":\"P&auml;dagogik LK 13 auf den Spuren jugendlicher Widerstandsk&auml;mpfer w&auml;hrend der NS-Herrschaft\",\"datePublished\":\"2012-12-25T07:56:13+00:00\",\"dateModified\":\"2013-02-03T12:01:18+00:00\",\"mainEntityOfPage\":{\"@id\":\"https:\\\/\\\/www.gesamtschule-eiserfeld.de\\\/?p=2040\"},\"wordCount\":444,\"publisher\":{\"@id\":\"https:\\\/\\\/www.gesamtschule-eiserfeld.de\\\/#organization\"},\"image\":{\"@id\":\"https:\\\/\\\/www.gesamtschule-eiserfeld.de\\\/?p=2040#primaryimage\"},\"thumbnailUrl\":\"http:\\\/\\\/gesamtschule-eiserfeld.de\\\/wp-content\\\/uploads\\\/2012\\\/12\\\/Pdagogik-LK-13-vor-dem-EL-DE-Haus_thumb.jpg\",\"articleSection\":[\"Exkursion\",\"Sekundarstufe II\"],\"inLanguage\":\"de\"},{\"@type\":\"WebPage\",\"@id\":\"https:\\\/\\\/www.gesamtschule-eiserfeld.de\\\/?p=2040\",\"url\":\"https:\\\/\\\/www.gesamtschule-eiserfeld.de\\\/?p=2040\",\"name\":\"P&auml;dagogik LK 13 auf den Spuren jugendlicher Widerstandsk&auml;mpfer w&auml;hrend der NS-Herrschaft - Gesamtschule Eiserfeld\",\"isPartOf\":{\"@id\":\"https:\\\/\\\/www.gesamtschule-eiserfeld.de\\\/#website\"},\"primaryImageOfPage\":{\"@id\":\"https:\\\/\\\/www.gesamtschule-eiserfeld.de\\\/?p=2040#primaryimage\"},\"image\":{\"@id\":\"https:\\\/\\\/www.gesamtschule-eiserfeld.de\\\/?p=2040#primaryimage\"},\"thumbnailUrl\":\"http:\\\/\\\/gesamtschule-eiserfeld.de\\\/wp-content\\\/uploads\\\/2012\\\/12\\\/Pdagogik-LK-13-vor-dem-EL-DE-Haus_thumb.jpg\",\"datePublished\":\"2012-12-25T07:56:13+00:00\",\"dateModified\":\"2013-02-03T12:01:18+00:00\",\"breadcrumb\":{\"@id\":\"https:\\\/\\\/www.gesamtschule-eiserfeld.de\\\/?p=2040#breadcrumb\"},\"inLanguage\":\"de\",\"potentialAction\":[{\"@type\":\"ReadAction\",\"target\":[\"https:\\\/\\\/www.gesamtschule-eiserfeld.de\\\/?p=2040\"]}]},{\"@type\":\"ImageObject\",\"inLanguage\":\"de\",\"@id\":\"https:\\\/\\\/www.gesamtschule-eiserfeld.de\\\/?p=2040#primaryimage\",\"url\":\"http:\\\/\\\/gesamtschule-eiserfeld.de\\\/wp-content\\\/uploads\\\/2012\\\/12\\\/Pdagogik-LK-13-vor-dem-EL-DE-Haus_thumb.jpg\",\"contentUrl\":\"http:\\\/\\\/gesamtschule-eiserfeld.de\\\/wp-content\\\/uploads\\\/2012\\\/12\\\/Pdagogik-LK-13-vor-dem-EL-DE-Haus_thumb.jpg\"},{\"@type\":\"BreadcrumbList\",\"@id\":\"https:\\\/\\\/www.gesamtschule-eiserfeld.de\\\/?p=2040#breadcrumb\",\"itemListElement\":[{\"@type\":\"ListItem\",\"position\":1,\"name\":\"Startseite\",\"item\":\"https:\\\/\\\/www.gesamtschule-eiserfeld.de\\\/\"},{\"@type\":\"ListItem\",\"position\":2,\"name\":\"P&auml;dagogik LK 13 auf den Spuren jugendlicher Widerstandsk&auml;mpfer w&auml;hrend der NS-Herrschaft\"}]},{\"@type\":\"WebSite\",\"@id\":\"https:\\\/\\\/www.gesamtschule-eiserfeld.de\\\/#website\",\"url\":\"https:\\\/\\\/www.gesamtschule-eiserfeld.de\\\/\",\"name\":\"Gesamtschule Eiserfeld\",\"description\":\"\",\"publisher\":{\"@id\":\"https:\\\/\\\/www.gesamtschule-eiserfeld.de\\\/#organization\"},\"potentialAction\":[{\"@type\":\"SearchAction\",\"target\":{\"@type\":\"EntryPoint\",\"urlTemplate\":\"https:\\\/\\\/www.gesamtschule-eiserfeld.de\\\/?s={search_term_string}\"},\"query-input\":{\"@type\":\"PropertyValueSpecification\",\"valueRequired\":true,\"valueName\":\"search_term_string\"}}],\"inLanguage\":\"de\"},{\"@type\":\"Organization\",\"@id\":\"https:\\\/\\\/www.gesamtschule-eiserfeld.de\\\/#organization\",\"name\":\"Gesamtschule Eiserfeld\",\"url\":\"https:\\\/\\\/www.gesamtschule-eiserfeld.de\\\/\",\"logo\":{\"@type\":\"ImageObject\",\"inLanguage\":\"de\",\"@id\":\"https:\\\/\\\/www.gesamtschule-eiserfeld.de\\\/#\\\/schema\\\/logo\\\/image\\\/\",\"url\":\"https:\\\/\\\/i1.wp.com\\\/www.gesamtschule-eiserfeld.de\\\/wp-content\\\/uploads\\\/2019\\\/01\\\/GEE-Logo-neu.jpg?fit=436%2C126&ssl=1\",\"contentUrl\":\"https:\\\/\\\/i1.wp.com\\\/www.gesamtschule-eiserfeld.de\\\/wp-content\\\/uploads\\\/2019\\\/01\\\/GEE-Logo-neu.jpg?fit=436%2C126&ssl=1\",\"width\":436,\"height\":126,\"caption\":\"Gesamtschule Eiserfeld\"},\"image\":{\"@id\":\"https:\\\/\\\/www.gesamtschule-eiserfeld.de\\\/#\\\/schema\\\/logo\\\/image\\\/\"},\"sameAs\":[\"https:\\\/\\\/www.facebook.com\\\/GEEiserfeld\"]},{\"@type\":\"Person\",\"@id\":\"https:\\\/\\\/www.gesamtschule-eiserfeld.de\\\/#\\\/schema\\\/person\\\/9f37123dd2ff514a1346db435bdb3784\",\"name\":\"dorw\",\"sameAs\":[\"http:\\\/\\\/www.ge-eiserfeld.de\"],\"url\":\"https:\\\/\\\/www.gesamtschule-eiserfeld.de\\\/?author=9\"}]}<\/script>\n<!-- \/ Yoast SEO plugin. -->","yoast_head_json":{"title":"P&auml;dagogik LK 13 auf den Spuren jugendlicher Widerstandsk&auml;mpfer w&auml;hrend der NS-Herrschaft - Gesamtschule Eiserfeld","robots":{"index":"index","follow":"follow","max-snippet":"max-snippet:-1","max-image-preview":"max-image-preview:large","max-video-preview":"max-video-preview:-1"},"canonical":"https:\/\/www.gesamtschule-eiserfeld.de\/?p=2040","og_locale":"de_DE","og_type":"article","og_title":"P&auml;dagogik LK 13 auf den Spuren jugendlicher Widerstandsk&auml;mpfer w&auml;hrend der NS-Herrschaft - Gesamtschule Eiserfeld","og_description":"[20.12.12 M.H\u00fclle] Am letzten Schultag des Jahres haben 14 Sch\u00fclerinnen und Sch\u00fcler des P\u00e4dagogik LK 13 unter der Leitung von Frau Meinhardt einen Ausflug nach K\u00f6ln unternommen. Im Zusammenhang mit dem Thema \u201eJugend im Nationalsozialismus\u201c hat der Leistungskurs an einer Stadtf\u00fchrung durch K\u00f6ln-Ehrenfeld teilgenommen und das EL-DE Haus, das NS-Dokumentationszentrum im Stadtzentrum K\u00f6lns, besucht.","og_url":"https:\/\/www.gesamtschule-eiserfeld.de\/?p=2040","og_site_name":"Gesamtschule Eiserfeld","article_publisher":"https:\/\/www.facebook.com\/GEEiserfeld","article_published_time":"2012-12-25T07:56:13+00:00","article_modified_time":"2013-02-03T12:01:18+00:00","og_image":[{"url":"http:\/\/gesamtschule-eiserfeld.de\/wp-content\/uploads\/2012\/12\/Pdagogik-LK-13-vor-dem-EL-DE-Haus_thumb.jpg","type":"","width":"","height":""}],"author":"dorw","twitter_card":"summary_large_image","twitter_misc":{"Verfasst von":"dorw","Gesch\u00e4tzte Lesezeit":"2\u00a0Minuten"},"schema":{"@context":"https:\/\/schema.org","@graph":[{"@type":"Article","@id":"https:\/\/www.gesamtschule-eiserfeld.de\/?p=2040#article","isPartOf":{"@id":"https:\/\/www.gesamtschule-eiserfeld.de\/?p=2040"},"author":{"name":"dorw","@id":"https:\/\/www.gesamtschule-eiserfeld.de\/#\/schema\/person\/9f37123dd2ff514a1346db435bdb3784"},"headline":"P&auml;dagogik LK 13 auf den Spuren jugendlicher Widerstandsk&auml;mpfer w&auml;hrend der NS-Herrschaft","datePublished":"2012-12-25T07:56:13+00:00","dateModified":"2013-02-03T12:01:18+00:00","mainEntityOfPage":{"@id":"https:\/\/www.gesamtschule-eiserfeld.de\/?p=2040"},"wordCount":444,"publisher":{"@id":"https:\/\/www.gesamtschule-eiserfeld.de\/#organization"},"image":{"@id":"https:\/\/www.gesamtschule-eiserfeld.de\/?p=2040#primaryimage"},"thumbnailUrl":"http:\/\/gesamtschule-eiserfeld.de\/wp-content\/uploads\/2012\/12\/Pdagogik-LK-13-vor-dem-EL-DE-Haus_thumb.jpg","articleSection":["Exkursion","Sekundarstufe II"],"inLanguage":"de"},{"@type":"WebPage","@id":"https:\/\/www.gesamtschule-eiserfeld.de\/?p=2040","url":"https:\/\/www.gesamtschule-eiserfeld.de\/?p=2040","name":"P&auml;dagogik LK 13 auf den Spuren jugendlicher Widerstandsk&auml;mpfer w&auml;hrend der NS-Herrschaft - Gesamtschule Eiserfeld","isPartOf":{"@id":"https:\/\/www.gesamtschule-eiserfeld.de\/#website"},"primaryImageOfPage":{"@id":"https:\/\/www.gesamtschule-eiserfeld.de\/?p=2040#primaryimage"},"image":{"@id":"https:\/\/www.gesamtschule-eiserfeld.de\/?p=2040#primaryimage"},"thumbnailUrl":"http:\/\/gesamtschule-eiserfeld.de\/wp-content\/uploads\/2012\/12\/Pdagogik-LK-13-vor-dem-EL-DE-Haus_thumb.jpg","datePublished":"2012-12-25T07:56:13+00:00","dateModified":"2013-02-03T12:01:18+00:00","breadcrumb":{"@id":"https:\/\/www.gesamtschule-eiserfeld.de\/?p=2040#breadcrumb"},"inLanguage":"de","potentialAction":[{"@type":"ReadAction","target":["https:\/\/www.gesamtschule-eiserfeld.de\/?p=2040"]}]},{"@type":"ImageObject","inLanguage":"de","@id":"https:\/\/www.gesamtschule-eiserfeld.de\/?p=2040#primaryimage","url":"http:\/\/gesamtschule-eiserfeld.de\/wp-content\/uploads\/2012\/12\/Pdagogik-LK-13-vor-dem-EL-DE-Haus_thumb.jpg","contentUrl":"http:\/\/gesamtschule-eiserfeld.de\/wp-content\/uploads\/2012\/12\/Pdagogik-LK-13-vor-dem-EL-DE-Haus_thumb.jpg"},{"@type":"BreadcrumbList","@id":"https:\/\/www.gesamtschule-eiserfeld.de\/?p=2040#breadcrumb","itemListElement":[{"@type":"ListItem","position":1,"name":"Startseite","item":"https:\/\/www.gesamtschule-eiserfeld.de\/"},{"@type":"ListItem","position":2,"name":"P&auml;dagogik LK 13 auf den Spuren jugendlicher Widerstandsk&auml;mpfer w&auml;hrend der NS-Herrschaft"}]},{"@type":"WebSite","@id":"https:\/\/www.gesamtschule-eiserfeld.de\/#website","url":"https:\/\/www.gesamtschule-eiserfeld.de\/","name":"Gesamtschule Eiserfeld","description":"","publisher":{"@id":"https:\/\/www.gesamtschule-eiserfeld.de\/#organization"},"potentialAction":[{"@type":"SearchAction","target":{"@type":"EntryPoint","urlTemplate":"https:\/\/www.gesamtschule-eiserfeld.de\/?s={search_term_string}"},"query-input":{"@type":"PropertyValueSpecification","valueRequired":true,"valueName":"search_term_string"}}],"inLanguage":"de"},{"@type":"Organization","@id":"https:\/\/www.gesamtschule-eiserfeld.de\/#organization","name":"Gesamtschule Eiserfeld","url":"https:\/\/www.gesamtschule-eiserfeld.de\/","logo":{"@type":"ImageObject","inLanguage":"de","@id":"https:\/\/www.gesamtschule-eiserfeld.de\/#\/schema\/logo\/image\/","url":"https:\/\/i1.wp.com\/www.gesamtschule-eiserfeld.de\/wp-content\/uploads\/2019\/01\/GEE-Logo-neu.jpg?fit=436%2C126&ssl=1","contentUrl":"https:\/\/i1.wp.com\/www.gesamtschule-eiserfeld.de\/wp-content\/uploads\/2019\/01\/GEE-Logo-neu.jpg?fit=436%2C126&ssl=1","width":436,"height":126,"caption":"Gesamtschule Eiserfeld"},"image":{"@id":"https:\/\/www.gesamtschule-eiserfeld.de\/#\/schema\/logo\/image\/"},"sameAs":["https:\/\/www.facebook.com\/GEEiserfeld"]},{"@type":"Person","@id":"https:\/\/www.gesamtschule-eiserfeld.de\/#\/schema\/person\/9f37123dd2ff514a1346db435bdb3784","name":"dorw","sameAs":["http:\/\/www.ge-eiserfeld.de"],"url":"https:\/\/www.gesamtschule-eiserfeld.de\/?author=9"}]}},"jetpack_publicize_connections":[],"jetpack_featured_media_url":"","jetpack_shortlink":"https:\/\/wp.me\/p2weeL-wU","jetpack_sharing_enabled":true,"_links":{"self":[{"href":"https:\/\/www.gesamtschule-eiserfeld.de\/index.php?rest_route=\/wp\/v2\/posts\/2040","targetHints":{"allow":["GET"]}}],"collection":[{"href":"https:\/\/www.gesamtschule-eiserfeld.de\/index.php?rest_route=\/wp\/v2\/posts"}],"about":[{"href":"https:\/\/www.gesamtschule-eiserfeld.de\/index.php?rest_route=\/wp\/v2\/types\/post"}],"author":[{"embeddable":true,"href":"https:\/\/www.gesamtschule-eiserfeld.de\/index.php?rest_route=\/wp\/v2\/users\/9"}],"replies":[{"embeddable":true,"href":"https:\/\/www.gesamtschule-eiserfeld.de\/index.php?rest_route=%2Fwp%2Fv2%2Fcomments&post=2040"}],"version-history":[{"count":0,"href":"https:\/\/www.gesamtschule-eiserfeld.de\/index.php?rest_route=\/wp\/v2\/posts\/2040\/revisions"}],"wp:attachment":[{"href":"https:\/\/www.gesamtschule-eiserfeld.de\/index.php?rest_route=%2Fwp%2Fv2%2Fmedia&parent=2040"}],"wp:term":[{"taxonomy":"category","embeddable":true,"href":"https:\/\/www.gesamtschule-eiserfeld.de\/index.php?rest_route=%2Fwp%2Fv2%2Fcategories&post=2040"},{"taxonomy":"post_tag","embeddable":true,"href":"https:\/\/www.gesamtschule-eiserfeld.de\/index.php?rest_route=%2Fwp%2Fv2%2Ftags&post=2040"}],"curies":[{"name":"wp","href":"https:\/\/api.w.org\/{rel}","templated":true}]}}