{"id":20511,"date":"2025-11-26T13:47:06","date_gmt":"2025-11-26T12:47:06","guid":{"rendered":"https:\/\/www.gesamtschule-eiserfeld.de\/?p=20511"},"modified":"2025-11-27T11:05:31","modified_gmt":"2025-11-27T10:05:31","slug":"beginn-der-beruflichen-orientierung-im-jg-8","status":"publish","type":"post","link":"https:\/\/www.gesamtschule-eiserfeld.de\/?p=20511","title":{"rendered":"Beginn der Beruflichen Orientierung im Jg. 8"},"content":{"rendered":"\n<blockquote class=\"wp-block-quote has-text-align-center is-layout-flow wp-block-quote-is-layout-flow\">\n<p>Was will ich werden?<\/p>\n\n\n\n<p>Welche Berufe gibt es?<\/p>\n\n\n\n<p>Wie finde ich eine Praktikumsstelle?<\/p>\n\n\n\n<p>Welchen Schulabschluss brauche ich?<\/p>\n<\/blockquote>\n\n\n\n<p>Das sind zentrale Fragen, die in den kommenden Jahren an Bedeutung gewinnen werden.<\/p>\n\n\n\n<p>Die Gesamtschule Eiserfeld begleitet diesen Weg der Beruflichen Orientierung mit verschiedenen schuleigenen Angeboten (Z.B. in Kooperation mit Partnerfirmen) und vom Land NRW vorgegebenen Ma\u00dfnahmen (Z.B. Potenzialanalyse, Berufsfelderkundung).<\/p>\n\n\n\n<p>Ziel ist es, Erfahrungen zu sammeln und einen Plan A (und B) zu entwickeln, der z.B. in eine Ausbildung oder ein Studium m\u00fcndet.<\/p>\n\n\n\n<p>Los geht es mit der anstehenden<strong> Potenzialanalyse (01. &#8211; 05.12.2025)<\/strong> im Jg. 8, deren Ziele und Abl\u00e4ufe in der untenstehenden Information (pdf) nachzulesen sind. F\u00fcr jede Klasse steht ein Tag zur Verf\u00fcgung.<\/p>\n\n\n\n<p>Die Ergebnisse der Potenzialanalyse bilden eine Grundlage, sich f\u00fcr Berufsfelder im Rahmen von<strong> Tagespraktika (Berufsfelderkundung vom 17. &#8211; 19.03.2026)<\/strong> zu entscheiden.<\/p>\n\n\n\n<p>Alle Termine, Informationen, Ausbildungsangebote und vieles mehr, finden Sie auf der schulinternen Internetseite \u201e<a href=\"https:\/\/www.taskcards.de\/#\/board\/5ef47087-19ee-4bac-ace4-ca1b6258e229\/view\">Angebote zur Beruflichen Orientierung<\/a>\u201c.<\/p>\n\n\n\n<p>\u00dcber die Praktikumsphasen werden Sie zeitnah informiert (Elternbrief).<\/p>\n\n\n\n<p>Fragen k\u00f6nnen Sie an die Klassenleitungen richten oder an das <a href=\"https:\/\/www.gesamtschule-eiserfeld.de\/?page_id=8168\">Team der Beruflichen Orientierung f\u00fcr die Sekundarstufe I<\/a> (Herr Kara \/ Herr Heckh\u00e4user).<\/p>\n\n\n\n<div data-wp-interactive=\"core\/file\" class=\"wp-block-file\"><object data-wp-bind--hidden=\"!state.hasPdfPreview\" hidden class=\"wp-block-file__embed\" data=\"https:\/\/www.gesamtschule-eiserfeld.de\/wp-content\/uploads\/2025\/11\/Elterninfo_ESI_2025_2026_Gesamtschule_Eiserfeld.pdf\" type=\"application\/pdf\" style=\"width:100%;height:600px\" aria-label=\"Einbettung von Elterninfo_ESI_2025_2026_Gesamtschule_Eiserfeld.\"><\/object><a id=\"wp-block-file--media-777d5edc-3da6-45df-b73d-86b46655dcd3\" href=\"https:\/\/www.gesamtschule-eiserfeld.de\/wp-content\/uploads\/2025\/11\/Elterninfo_ESI_2025_2026_Gesamtschule_Eiserfeld.pdf\">Elterninfo_ESI_2025_2026_Gesamtschule_Eiserfeld<\/a><a href=\"https:\/\/www.gesamtschule-eiserfeld.de\/wp-content\/uploads\/2025\/11\/Elterninfo_ESI_2025_2026_Gesamtschule_Eiserfeld.pdf\" class=\"wp-block-file__button wp-element-button\" download aria-describedby=\"wp-block-file--media-777d5edc-3da6-45df-b73d-86b46655dcd3\">Herunterladen<\/a><\/div>\n","protected":false},"excerpt":{"rendered":"<p>Was will ich werden? Welche Berufe gibt es? Wie finde ich eine Praktikumsstelle? Welchen Schulabschluss brauche ich? Das sind zentrale Fragen, die in den kommenden Jahren an Bedeutung gewinnen werden. Die Gesamtschule Eiserfeld begleitet diesen Weg der Beruflichen Orientierung mit verschiedenen schuleigenen Angeboten (Z.B. in Kooperation mit Partnerfirmen) und vom Land NRW vorgegebenen Ma\u00dfnahmen (Z.B. &hellip; <a href=\"https:\/\/www.gesamtschule-eiserfeld.de\/?p=20511\" class=\"more-link\"><span class=\"screen-reader-text\">Beginn der Beruflichen Orientierung im Jg. 8<\/span> weiterlesen <span class=\"meta-nav\">&rarr;<\/span><\/a><\/p>\n","protected":false},"author":19,"featured_media":20512,"comment_status":"closed","ping_status":"open","sticky":false,"template":"","format":"standard","meta":{"jetpack_post_was_ever_published":false,"_jetpack_newsletter_access":"","_jetpack_dont_email_post_to_subs":false,"_jetpack_newsletter_tier_id":0,"_jetpack_memberships_contains_paywalled_content":false,"_jetpack_memberships_contains_paid_content":false,"footnotes":"","jetpack_publicize_message":"","jetpack_publicize_feature_enabled":true,"jetpack_social_post_already_shared":true,"jetpack_social_options":{"image_generator_settings":{"template":"highway","default_image_id":0,"font":"","enabled":false},"version":2}},"categories":[1,21,35],"tags":[],"class_list":["post-20511","post","type-post","status-publish","format-standard","has-post-thumbnail","hentry","category-allgemein","category-berufsorientierung","category-jg-78"],"yoast_head":"<!-- This site is optimized with the Yoast SEO plugin v27.4 - https:\/\/yoast.com\/product\/yoast-seo-wordpress\/ -->\n<title>Beginn der Beruflichen Orientierung im Jg. 8 - Gesamtschule Eiserfeld<\/title>\n<meta name=\"robots\" content=\"index, follow, max-snippet:-1, max-image-preview:large, max-video-preview:-1\" \/>\n<link rel=\"canonical\" href=\"https:\/\/www.gesamtschule-eiserfeld.de\/?p=20511\" \/>\n<meta property=\"og:locale\" content=\"de_DE\" \/>\n<meta property=\"og:type\" content=\"article\" \/>\n<meta property=\"og:title\" content=\"Beginn der Beruflichen Orientierung im Jg. 8 - Gesamtschule Eiserfeld\" \/>\n<meta property=\"og:description\" content=\"Was will ich werden? Welche Berufe gibt es? Wie finde ich eine Praktikumsstelle? Welchen Schulabschluss brauche ich? Das sind zentrale Fragen, die in den kommenden Jahren an Bedeutung gewinnen werden. Die Gesamtschule Eiserfeld begleitet diesen Weg der Beruflichen Orientierung mit verschiedenen schuleigenen Angeboten (Z.B. in Kooperation mit Partnerfirmen) und vom Land NRW vorgegebenen Ma\u00dfnahmen (Z.B. &hellip; Beginn der Beruflichen Orientierung im Jg. 8 weiterlesen &rarr;\" \/>\n<meta property=\"og:url\" content=\"https:\/\/www.gesamtschule-eiserfeld.de\/?p=20511\" \/>\n<meta property=\"og:site_name\" content=\"Gesamtschule Eiserfeld\" \/>\n<meta property=\"article:publisher\" content=\"https:\/\/www.facebook.com\/GEEiserfeld\" \/>\n<meta property=\"article:published_time\" content=\"2025-11-26T12:47:06+00:00\" \/>\n<meta property=\"article:modified_time\" content=\"2025-11-27T10:05:31+00:00\" \/>\n<meta property=\"og:image\" content=\"https:\/\/www.gesamtschule-eiserfeld.de\/wp-content\/uploads\/2025\/11\/headrerberufe25.jpg\" \/>\n\t<meta property=\"og:image:width\" content=\"645\" \/>\n\t<meta property=\"og:image:height\" content=\"474\" \/>\n\t<meta property=\"og:image:type\" content=\"image\/jpeg\" \/>\n<meta name=\"author\" content=\"KINK\" \/>\n<meta name=\"twitter:card\" content=\"summary_large_image\" \/>\n<meta name=\"twitter:label1\" content=\"Verfasst von\" \/>\n\t<meta name=\"twitter:data1\" content=\"KINK\" \/>\n\t<meta name=\"twitter:label2\" content=\"Gesch\u00e4tzte Lesezeit\" \/>\n\t<meta name=\"twitter:data2\" content=\"2\u00a0Minuten\" \/>\n<script type=\"application\/ld+json\" class=\"yoast-schema-graph\">{\"@context\":\"https:\\\/\\\/schema.org\",\"@graph\":[{\"@type\":\"Article\",\"@id\":\"https:\\\/\\\/www.gesamtschule-eiserfeld.de\\\/?p=20511#article\",\"isPartOf\":{\"@id\":\"https:\\\/\\\/www.gesamtschule-eiserfeld.de\\\/?p=20511\"},\"author\":{\"name\":\"KINK\",\"@id\":\"https:\\\/\\\/www.gesamtschule-eiserfeld.de\\\/#\\\/schema\\\/person\\\/e815be34d82dc95f4eae6ec566010931\"},\"headline\":\"Beginn der Beruflichen Orientierung im Jg. 8\",\"datePublished\":\"2025-11-26T12:47:06+00:00\",\"dateModified\":\"2025-11-27T10:05:31+00:00\",\"mainEntityOfPage\":{\"@id\":\"https:\\\/\\\/www.gesamtschule-eiserfeld.de\\\/?p=20511\"},\"wordCount\":198,\"publisher\":{\"@id\":\"https:\\\/\\\/www.gesamtschule-eiserfeld.de\\\/#organization\"},\"image\":{\"@id\":\"https:\\\/\\\/www.gesamtschule-eiserfeld.de\\\/?p=20511#primaryimage\"},\"thumbnailUrl\":\"https:\\\/\\\/i0.wp.com\\\/www.gesamtschule-eiserfeld.de\\\/wp-content\\\/uploads\\\/2025\\\/11\\\/headrerberufe25.jpg?fit=645%2C474&ssl=1\",\"articleSection\":{\"1\":\"Berufsorientierung\",\"2\":\"Jg 7\\\/8\"},\"inLanguage\":\"de\"},{\"@type\":\"WebPage\",\"@id\":\"https:\\\/\\\/www.gesamtschule-eiserfeld.de\\\/?p=20511\",\"url\":\"https:\\\/\\\/www.gesamtschule-eiserfeld.de\\\/?p=20511\",\"name\":\"Beginn der Beruflichen Orientierung im Jg. 8 - Gesamtschule Eiserfeld\",\"isPartOf\":{\"@id\":\"https:\\\/\\\/www.gesamtschule-eiserfeld.de\\\/#website\"},\"primaryImageOfPage\":{\"@id\":\"https:\\\/\\\/www.gesamtschule-eiserfeld.de\\\/?p=20511#primaryimage\"},\"image\":{\"@id\":\"https:\\\/\\\/www.gesamtschule-eiserfeld.de\\\/?p=20511#primaryimage\"},\"thumbnailUrl\":\"https:\\\/\\\/i0.wp.com\\\/www.gesamtschule-eiserfeld.de\\\/wp-content\\\/uploads\\\/2025\\\/11\\\/headrerberufe25.jpg?fit=645%2C474&ssl=1\",\"datePublished\":\"2025-11-26T12:47:06+00:00\",\"dateModified\":\"2025-11-27T10:05:31+00:00\",\"breadcrumb\":{\"@id\":\"https:\\\/\\\/www.gesamtschule-eiserfeld.de\\\/?p=20511#breadcrumb\"},\"inLanguage\":\"de\",\"potentialAction\":[{\"@type\":\"ReadAction\",\"target\":[\"https:\\\/\\\/www.gesamtschule-eiserfeld.de\\\/?p=20511\"]}]},{\"@type\":\"ImageObject\",\"inLanguage\":\"de\",\"@id\":\"https:\\\/\\\/www.gesamtschule-eiserfeld.de\\\/?p=20511#primaryimage\",\"url\":\"https:\\\/\\\/i0.wp.com\\\/www.gesamtschule-eiserfeld.de\\\/wp-content\\\/uploads\\\/2025\\\/11\\\/headrerberufe25.jpg?fit=645%2C474&ssl=1\",\"contentUrl\":\"https:\\\/\\\/i0.wp.com\\\/www.gesamtschule-eiserfeld.de\\\/wp-content\\\/uploads\\\/2025\\\/11\\\/headrerberufe25.jpg?fit=645%2C474&ssl=1\",\"width\":645,\"height\":474},{\"@type\":\"BreadcrumbList\",\"@id\":\"https:\\\/\\\/www.gesamtschule-eiserfeld.de\\\/?p=20511#breadcrumb\",\"itemListElement\":[{\"@type\":\"ListItem\",\"position\":1,\"name\":\"Startseite\",\"item\":\"https:\\\/\\\/www.gesamtschule-eiserfeld.de\\\/\"},{\"@type\":\"ListItem\",\"position\":2,\"name\":\"Beginn der Beruflichen Orientierung im Jg. 8\"}]},{\"@type\":\"WebSite\",\"@id\":\"https:\\\/\\\/www.gesamtschule-eiserfeld.de\\\/#website\",\"url\":\"https:\\\/\\\/www.gesamtschule-eiserfeld.de\\\/\",\"name\":\"Gesamtschule Eiserfeld\",\"description\":\"\",\"publisher\":{\"@id\":\"https:\\\/\\\/www.gesamtschule-eiserfeld.de\\\/#organization\"},\"potentialAction\":[{\"@type\":\"SearchAction\",\"target\":{\"@type\":\"EntryPoint\",\"urlTemplate\":\"https:\\\/\\\/www.gesamtschule-eiserfeld.de\\\/?s={search_term_string}\"},\"query-input\":{\"@type\":\"PropertyValueSpecification\",\"valueRequired\":true,\"valueName\":\"search_term_string\"}}],\"inLanguage\":\"de\"},{\"@type\":\"Organization\",\"@id\":\"https:\\\/\\\/www.gesamtschule-eiserfeld.de\\\/#organization\",\"name\":\"Gesamtschule Eiserfeld\",\"url\":\"https:\\\/\\\/www.gesamtschule-eiserfeld.de\\\/\",\"logo\":{\"@type\":\"ImageObject\",\"inLanguage\":\"de\",\"@id\":\"https:\\\/\\\/www.gesamtschule-eiserfeld.de\\\/#\\\/schema\\\/logo\\\/image\\\/\",\"url\":\"https:\\\/\\\/i1.wp.com\\\/www.gesamtschule-eiserfeld.de\\\/wp-content\\\/uploads\\\/2019\\\/01\\\/GEE-Logo-neu.jpg?fit=436%2C126&ssl=1\",\"contentUrl\":\"https:\\\/\\\/i1.wp.com\\\/www.gesamtschule-eiserfeld.de\\\/wp-content\\\/uploads\\\/2019\\\/01\\\/GEE-Logo-neu.jpg?fit=436%2C126&ssl=1\",\"width\":436,\"height\":126,\"caption\":\"Gesamtschule Eiserfeld\"},\"image\":{\"@id\":\"https:\\\/\\\/www.gesamtschule-eiserfeld.de\\\/#\\\/schema\\\/logo\\\/image\\\/\"},\"sameAs\":[\"https:\\\/\\\/www.facebook.com\\\/GEEiserfeld\"]},{\"@type\":\"Person\",\"@id\":\"https:\\\/\\\/www.gesamtschule-eiserfeld.de\\\/#\\\/schema\\\/person\\\/e815be34d82dc95f4eae6ec566010931\",\"name\":\"KINK\",\"url\":\"https:\\\/\\\/www.gesamtschule-eiserfeld.de\\\/?author=19\"}]}<\/script>\n<!-- \/ Yoast SEO plugin. -->","yoast_head_json":{"title":"Beginn der Beruflichen Orientierung im Jg. 8 - Gesamtschule Eiserfeld","robots":{"index":"index","follow":"follow","max-snippet":"max-snippet:-1","max-image-preview":"max-image-preview:large","max-video-preview":"max-video-preview:-1"},"canonical":"https:\/\/www.gesamtschule-eiserfeld.de\/?p=20511","og_locale":"de_DE","og_type":"article","og_title":"Beginn der Beruflichen Orientierung im Jg. 8 - Gesamtschule Eiserfeld","og_description":"Was will ich werden? Welche Berufe gibt es? Wie finde ich eine Praktikumsstelle? Welchen Schulabschluss brauche ich? Das sind zentrale Fragen, die in den kommenden Jahren an Bedeutung gewinnen werden. Die Gesamtschule Eiserfeld begleitet diesen Weg der Beruflichen Orientierung mit verschiedenen schuleigenen Angeboten (Z.B. in Kooperation mit Partnerfirmen) und vom Land NRW vorgegebenen Ma\u00dfnahmen (Z.B. &hellip; Beginn der Beruflichen Orientierung im Jg. 8 weiterlesen &rarr;","og_url":"https:\/\/www.gesamtschule-eiserfeld.de\/?p=20511","og_site_name":"Gesamtschule Eiserfeld","article_publisher":"https:\/\/www.facebook.com\/GEEiserfeld","article_published_time":"2025-11-26T12:47:06+00:00","article_modified_time":"2025-11-27T10:05:31+00:00","og_image":[{"width":645,"height":474,"url":"https:\/\/www.gesamtschule-eiserfeld.de\/wp-content\/uploads\/2025\/11\/headrerberufe25.jpg","type":"image\/jpeg"}],"author":"KINK","twitter_card":"summary_large_image","twitter_misc":{"Verfasst von":"KINK","Gesch\u00e4tzte Lesezeit":"2\u00a0Minuten"},"schema":{"@context":"https:\/\/schema.org","@graph":[{"@type":"Article","@id":"https:\/\/www.gesamtschule-eiserfeld.de\/?p=20511#article","isPartOf":{"@id":"https:\/\/www.gesamtschule-eiserfeld.de\/?p=20511"},"author":{"name":"KINK","@id":"https:\/\/www.gesamtschule-eiserfeld.de\/#\/schema\/person\/e815be34d82dc95f4eae6ec566010931"},"headline":"Beginn der Beruflichen Orientierung im Jg. 8","datePublished":"2025-11-26T12:47:06+00:00","dateModified":"2025-11-27T10:05:31+00:00","mainEntityOfPage":{"@id":"https:\/\/www.gesamtschule-eiserfeld.de\/?p=20511"},"wordCount":198,"publisher":{"@id":"https:\/\/www.gesamtschule-eiserfeld.de\/#organization"},"image":{"@id":"https:\/\/www.gesamtschule-eiserfeld.de\/?p=20511#primaryimage"},"thumbnailUrl":"https:\/\/i0.wp.com\/www.gesamtschule-eiserfeld.de\/wp-content\/uploads\/2025\/11\/headrerberufe25.jpg?fit=645%2C474&ssl=1","articleSection":{"1":"Berufsorientierung","2":"Jg 7\/8"},"inLanguage":"de"},{"@type":"WebPage","@id":"https:\/\/www.gesamtschule-eiserfeld.de\/?p=20511","url":"https:\/\/www.gesamtschule-eiserfeld.de\/?p=20511","name":"Beginn der Beruflichen Orientierung im Jg. 8 - Gesamtschule Eiserfeld","isPartOf":{"@id":"https:\/\/www.gesamtschule-eiserfeld.de\/#website"},"primaryImageOfPage":{"@id":"https:\/\/www.gesamtschule-eiserfeld.de\/?p=20511#primaryimage"},"image":{"@id":"https:\/\/www.gesamtschule-eiserfeld.de\/?p=20511#primaryimage"},"thumbnailUrl":"https:\/\/i0.wp.com\/www.gesamtschule-eiserfeld.de\/wp-content\/uploads\/2025\/11\/headrerberufe25.jpg?fit=645%2C474&ssl=1","datePublished":"2025-11-26T12:47:06+00:00","dateModified":"2025-11-27T10:05:31+00:00","breadcrumb":{"@id":"https:\/\/www.gesamtschule-eiserfeld.de\/?p=20511#breadcrumb"},"inLanguage":"de","potentialAction":[{"@type":"ReadAction","target":["https:\/\/www.gesamtschule-eiserfeld.de\/?p=20511"]}]},{"@type":"ImageObject","inLanguage":"de","@id":"https:\/\/www.gesamtschule-eiserfeld.de\/?p=20511#primaryimage","url":"https:\/\/i0.wp.com\/www.gesamtschule-eiserfeld.de\/wp-content\/uploads\/2025\/11\/headrerberufe25.jpg?fit=645%2C474&ssl=1","contentUrl":"https:\/\/i0.wp.com\/www.gesamtschule-eiserfeld.de\/wp-content\/uploads\/2025\/11\/headrerberufe25.jpg?fit=645%2C474&ssl=1","width":645,"height":474},{"@type":"BreadcrumbList","@id":"https:\/\/www.gesamtschule-eiserfeld.de\/?p=20511#breadcrumb","itemListElement":[{"@type":"ListItem","position":1,"name":"Startseite","item":"https:\/\/www.gesamtschule-eiserfeld.de\/"},{"@type":"ListItem","position":2,"name":"Beginn der Beruflichen Orientierung im Jg. 8"}]},{"@type":"WebSite","@id":"https:\/\/www.gesamtschule-eiserfeld.de\/#website","url":"https:\/\/www.gesamtschule-eiserfeld.de\/","name":"Gesamtschule Eiserfeld","description":"","publisher":{"@id":"https:\/\/www.gesamtschule-eiserfeld.de\/#organization"},"potentialAction":[{"@type":"SearchAction","target":{"@type":"EntryPoint","urlTemplate":"https:\/\/www.gesamtschule-eiserfeld.de\/?s={search_term_string}"},"query-input":{"@type":"PropertyValueSpecification","valueRequired":true,"valueName":"search_term_string"}}],"inLanguage":"de"},{"@type":"Organization","@id":"https:\/\/www.gesamtschule-eiserfeld.de\/#organization","name":"Gesamtschule Eiserfeld","url":"https:\/\/www.gesamtschule-eiserfeld.de\/","logo":{"@type":"ImageObject","inLanguage":"de","@id":"https:\/\/www.gesamtschule-eiserfeld.de\/#\/schema\/logo\/image\/","url":"https:\/\/i1.wp.com\/www.gesamtschule-eiserfeld.de\/wp-content\/uploads\/2019\/01\/GEE-Logo-neu.jpg?fit=436%2C126&ssl=1","contentUrl":"https:\/\/i1.wp.com\/www.gesamtschule-eiserfeld.de\/wp-content\/uploads\/2019\/01\/GEE-Logo-neu.jpg?fit=436%2C126&ssl=1","width":436,"height":126,"caption":"Gesamtschule Eiserfeld"},"image":{"@id":"https:\/\/www.gesamtschule-eiserfeld.de\/#\/schema\/logo\/image\/"},"sameAs":["https:\/\/www.facebook.com\/GEEiserfeld"]},{"@type":"Person","@id":"https:\/\/www.gesamtschule-eiserfeld.de\/#\/schema\/person\/e815be34d82dc95f4eae6ec566010931","name":"KINK","url":"https:\/\/www.gesamtschule-eiserfeld.de\/?author=19"}]}},"jetpack_publicize_connections":[],"jetpack_featured_media_url":"https:\/\/i0.wp.com\/www.gesamtschule-eiserfeld.de\/wp-content\/uploads\/2025\/11\/headrerberufe25.jpg?fit=645%2C474&ssl=1","jetpack_shortlink":"https:\/\/wp.me\/p2weeL-5kP","jetpack_sharing_enabled":true,"_links":{"self":[{"href":"https:\/\/www.gesamtschule-eiserfeld.de\/index.php?rest_route=\/wp\/v2\/posts\/20511","targetHints":{"allow":["GET"]}}],"collection":[{"href":"https:\/\/www.gesamtschule-eiserfeld.de\/index.php?rest_route=\/wp\/v2\/posts"}],"about":[{"href":"https:\/\/www.gesamtschule-eiserfeld.de\/index.php?rest_route=\/wp\/v2\/types\/post"}],"author":[{"embeddable":true,"href":"https:\/\/www.gesamtschule-eiserfeld.de\/index.php?rest_route=\/wp\/v2\/users\/19"}],"replies":[{"embeddable":true,"href":"https:\/\/www.gesamtschule-eiserfeld.de\/index.php?rest_route=%2Fwp%2Fv2%2Fcomments&post=20511"}],"version-history":[{"count":2,"href":"https:\/\/www.gesamtschule-eiserfeld.de\/index.php?rest_route=\/wp\/v2\/posts\/20511\/revisions"}],"predecessor-version":[{"id":20518,"href":"https:\/\/www.gesamtschule-eiserfeld.de\/index.php?rest_route=\/wp\/v2\/posts\/20511\/revisions\/20518"}],"wp:featuredmedia":[{"embeddable":true,"href":"https:\/\/www.gesamtschule-eiserfeld.de\/index.php?rest_route=\/wp\/v2\/media\/20512"}],"wp:attachment":[{"href":"https:\/\/www.gesamtschule-eiserfeld.de\/index.php?rest_route=%2Fwp%2Fv2%2Fmedia&parent=20511"}],"wp:term":[{"taxonomy":"category","embeddable":true,"href":"https:\/\/www.gesamtschule-eiserfeld.de\/index.php?rest_route=%2Fwp%2Fv2%2Fcategories&post=20511"},{"taxonomy":"post_tag","embeddable":true,"href":"https:\/\/www.gesamtschule-eiserfeld.de\/index.php?rest_route=%2Fwp%2Fv2%2Ftags&post=20511"}],"curies":[{"name":"wp","href":"https:\/\/api.w.org\/{rel}","templated":true}]}}