{"id":20834,"date":"2026-03-12T12:42:29","date_gmt":"2026-03-12T11:42:29","guid":{"rendered":"https:\/\/www.gesamtschule-eiserfeld.de\/?p=20834"},"modified":"2026-03-12T12:42:32","modified_gmt":"2026-03-12T11:42:32","slug":"bald-geht-es-auf-den-bildungshuegel-vorbereitung-auf-das-unipraktikum-der-ef","status":"publish","type":"post","link":"https:\/\/www.gesamtschule-eiserfeld.de\/?p=20834","title":{"rendered":"\u201eBald geht es auf den Bildungsh\u00fcgel!\u201c &#8211; Vorbereitung auf das Unipraktikum der EF"},"content":{"rendered":"\n<p>Am Dienstag, den 10. M\u00e4rz 2026, fand in der Mittagspause eine Informationsveranstaltung f\u00fcr die Sch\u00fclerinnen und Sch\u00fcler der Einf\u00fchrungsphase (EF) der Oberstufe statt. Ziel der Veranstaltung war die Vorbereitung auf das bevorstehende Unipraktikum, das im Juni 2026 an der Universit\u00e4t Siegen durchgef\u00fchrt wird.<\/p>\n\n\n<div class=\"wp-block-image\">\n<figure class=\"aligncenter size-large\"><img data-recalc-dims=\"1\" loading=\"lazy\" decoding=\"async\" width=\"474\" height=\"632\" data-attachment-id=\"20836\" data-permalink=\"https:\/\/www.gesamtschule-eiserfeld.de\/?attachment_id=20836\" data-orig-file=\"https:\/\/i0.wp.com\/www.gesamtschule-eiserfeld.de\/wp-content\/uploads\/2026\/03\/IMG_1408.jpg?fit=900%2C1200&amp;ssl=1\" data-orig-size=\"900,1200\" data-comments-opened=\"0\" data-image-meta=\"{&quot;aperture&quot;:&quot;0&quot;,&quot;credit&quot;:&quot;&quot;,&quot;camera&quot;:&quot;&quot;,&quot;caption&quot;:&quot;&quot;,&quot;created_timestamp&quot;:&quot;0&quot;,&quot;copyright&quot;:&quot;&quot;,&quot;focal_length&quot;:&quot;0&quot;,&quot;iso&quot;:&quot;0&quot;,&quot;shutter_speed&quot;:&quot;0&quot;,&quot;title&quot;:&quot;&quot;,&quot;orientation&quot;:&quot;0&quot;}\" data-image-title=\"IMG_1408\" data-image-description=\"\" data-image-caption=\"\" data-large-file=\"https:\/\/i0.wp.com\/www.gesamtschule-eiserfeld.de\/wp-content\/uploads\/2026\/03\/IMG_1408.jpg?fit=474%2C632&amp;ssl=1\" src=\"https:\/\/i0.wp.com\/www.gesamtschule-eiserfeld.de\/wp-content\/uploads\/2026\/03\/IMG_1408.jpg?resize=474%2C632&#038;ssl=1\" alt=\"\" class=\"wp-image-20836\" style=\"aspect-ratio:0.7500188409073781\" srcset=\"https:\/\/i0.wp.com\/www.gesamtschule-eiserfeld.de\/wp-content\/uploads\/2026\/03\/IMG_1408.jpg?resize=768%2C1024&amp;ssl=1 768w, https:\/\/i0.wp.com\/www.gesamtschule-eiserfeld.de\/wp-content\/uploads\/2026\/03\/IMG_1408.jpg?resize=225%2C300&amp;ssl=1 225w, https:\/\/i0.wp.com\/www.gesamtschule-eiserfeld.de\/wp-content\/uploads\/2026\/03\/IMG_1408.jpg?resize=113%2C150&amp;ssl=1 113w, https:\/\/i0.wp.com\/www.gesamtschule-eiserfeld.de\/wp-content\/uploads\/2026\/03\/IMG_1408.jpg?w=900&amp;ssl=1 900w\" sizes=\"auto, (max-width: 474px) 100vw, 474px\" \/><\/figure>\n<\/div>\n\n\n<p>Als Referent begr\u00fc\u00dfte die Koordinatorin f\u00fcr die Studien- und Berufsorientierung an der GEE, Luisa Z\u00f6ller, Dr. Jonas Br\u00fchl von der Universit\u00e4t Siegen. In seinem Vortrag gab er den Teilnehmenden einen Einblick in den Ablauf und die Organisation des Praktikums sowie in das Studium an der Universit\u00e4t. Dabei stellte er verschiedene Fachbereiche vor und erkl\u00e4rte, welche M\u00f6glichkeiten die Sch\u00fclerinnen und Sch\u00fcler w\u00e4hrend des Praktikums haben werden, um einen realistischen Eindruck in den Studienalltag zu gewinnen.<\/p>\n\n\n\n<!--more-->\n\n\n\n<p>Ein besonderer Schwerpunkt lag auf der Bedeutung des Praktikums f\u00fcr die pers\u00f6nliche Studien- und Berufsorientierung. Dr. Br\u00fchl ermutigte die Sch\u00fclerinnen und Sch\u00fcler, die Zeit an der Universit\u00e4t aktiv zu nutzen, Vorlesungen zu besuchen, Fragen zu stellen und mit Studierenden ins Gespr\u00e4ch zu kommen. So k\u00f6nne das Praktikum eine wertvolle Hilfe bei der sp\u00e4teren Studienwahl sein.<\/p>\n\n\n\n<p>Dar\u00fcber hinaus erhielten die Teilnehmenden praktische Hinweise zur Vorbereitung und zum Ablauf der Praktikumstage im Juni. In einer kurzen Fragerunde hatten die Sch\u00fclerinnen und Sch\u00fcler au\u00dferdem die M\u00f6glichkeit, offene Fragen zu kl\u00e4ren.<\/p>\n\n\n\n<p>Die Veranstaltung bot eine hilfreiche erste Orientierung und weckte bei vielen Sch\u00fclerinnen und Sch\u00fclern Neugier auf das bevorstehende Unipraktikum an der Universit\u00e4t Siegen. Die Gesamtschule Eiserfeld bedankt sich herzlich bei Dr. Jonas Br\u00fchl f\u00fcr den informativen Vortrag und die Unterst\u00fctzung bei der Studienorientierung.<\/p>\n","protected":false},"excerpt":{"rendered":"<p>Am Dienstag, den 10. M\u00e4rz 2026, fand in der Mittagspause eine Informationsveranstaltung f\u00fcr die Sch\u00fclerinnen und Sch\u00fcler der Einf\u00fchrungsphase (EF) der Oberstufe statt. Ziel der Veranstaltung war die Vorbereitung auf das bevorstehende Unipraktikum, das im Juni 2026 an der Universit\u00e4t Siegen durchgef\u00fchrt wird. Als Referent begr\u00fc\u00dfte die Koordinatorin f\u00fcr die Studien- und Berufsorientierung an der &hellip; <a href=\"https:\/\/www.gesamtschule-eiserfeld.de\/?p=20834\" class=\"more-link\"><span class=\"screen-reader-text\">\u201eBald geht es auf den Bildungsh\u00fcgel!\u201c &#8211; Vorbereitung auf das Unipraktikum der EF<\/span> weiterlesen <span class=\"meta-nav\">&rarr;<\/span><\/a><\/p>\n","protected":false},"author":19,"featured_media":20837,"comment_status":"closed","ping_status":"open","sticky":false,"template":"","format":"standard","meta":{"jetpack_post_was_ever_published":false,"_jetpack_newsletter_access":"","_jetpack_dont_email_post_to_subs":false,"_jetpack_newsletter_tier_id":0,"_jetpack_memberships_contains_paywalled_content":false,"_jetpack_memberships_contains_paid_content":false,"footnotes":"","jetpack_publicize_message":"","jetpack_publicize_feature_enabled":true,"jetpack_social_post_already_shared":true,"jetpack_social_options":{"image_generator_settings":{"template":"highway","default_image_id":0,"font":"","enabled":false},"version":2}},"categories":[166,54,1,26],"tags":[],"class_list":["post-20834","post","type-post","status-publish","format-standard","has-post-thumbnail","hentry","category-abitur","category-aktionen","category-allgemein","category-sekundarstufe-ii"],"yoast_head":"<!-- This site is optimized with the Yoast SEO plugin v27.4 - https:\/\/yoast.com\/product\/yoast-seo-wordpress\/ -->\n<title>\u201eBald geht es auf den Bildungsh\u00fcgel!\u201c - Vorbereitung auf das Unipraktikum der EF - Gesamtschule Eiserfeld<\/title>\n<meta name=\"robots\" content=\"index, follow, max-snippet:-1, max-image-preview:large, max-video-preview:-1\" \/>\n<link rel=\"canonical\" href=\"https:\/\/www.gesamtschule-eiserfeld.de\/?p=20834\" \/>\n<meta property=\"og:locale\" content=\"de_DE\" \/>\n<meta property=\"og:type\" content=\"article\" \/>\n<meta property=\"og:title\" content=\"\u201eBald geht es auf den Bildungsh\u00fcgel!\u201c - Vorbereitung auf das Unipraktikum der EF - Gesamtschule Eiserfeld\" \/>\n<meta property=\"og:description\" content=\"Am Dienstag, den 10. M\u00e4rz 2026, fand in der Mittagspause eine Informationsveranstaltung f\u00fcr die Sch\u00fclerinnen und Sch\u00fcler der Einf\u00fchrungsphase (EF) der Oberstufe statt. Ziel der Veranstaltung war die Vorbereitung auf das bevorstehende Unipraktikum, das im Juni 2026 an der Universit\u00e4t Siegen durchgef\u00fchrt wird. Als Referent begr\u00fc\u00dfte die Koordinatorin f\u00fcr die Studien- und Berufsorientierung an der &hellip; \u201eBald geht es auf den Bildungsh\u00fcgel!\u201c &#8211; Vorbereitung auf das Unipraktikum der EF weiterlesen &rarr;\" \/>\n<meta property=\"og:url\" content=\"https:\/\/www.gesamtschule-eiserfeld.de\/?p=20834\" \/>\n<meta property=\"og:site_name\" content=\"Gesamtschule Eiserfeld\" \/>\n<meta property=\"article:publisher\" content=\"https:\/\/www.facebook.com\/GEEiserfeld\" \/>\n<meta property=\"article:published_time\" content=\"2026-03-12T11:42:29+00:00\" \/>\n<meta property=\"article:modified_time\" content=\"2026-03-12T11:42:32+00:00\" \/>\n<meta property=\"og:image\" content=\"https:\/\/www.gesamtschule-eiserfeld.de\/wp-content\/uploads\/2026\/03\/Headerzoell26.jpg\" \/>\n\t<meta property=\"og:image:width\" content=\"783\" \/>\n\t<meta property=\"og:image:height\" content=\"580\" \/>\n\t<meta property=\"og:image:type\" content=\"image\/jpeg\" \/>\n<meta name=\"author\" content=\"KINK\" \/>\n<meta name=\"twitter:card\" content=\"summary_large_image\" \/>\n<meta name=\"twitter:label1\" content=\"Verfasst von\" \/>\n\t<meta name=\"twitter:data1\" content=\"KINK\" \/>\n\t<meta name=\"twitter:label2\" content=\"Gesch\u00e4tzte Lesezeit\" \/>\n\t<meta name=\"twitter:data2\" content=\"2\u00a0Minuten\" \/>\n<script type=\"application\/ld+json\" class=\"yoast-schema-graph\">{\"@context\":\"https:\\\/\\\/schema.org\",\"@graph\":[{\"@type\":\"Article\",\"@id\":\"https:\\\/\\\/www.gesamtschule-eiserfeld.de\\\/?p=20834#article\",\"isPartOf\":{\"@id\":\"https:\\\/\\\/www.gesamtschule-eiserfeld.de\\\/?p=20834\"},\"author\":{\"name\":\"KINK\",\"@id\":\"https:\\\/\\\/www.gesamtschule-eiserfeld.de\\\/#\\\/schema\\\/person\\\/e815be34d82dc95f4eae6ec566010931\"},\"headline\":\"\u201eBald geht es auf den Bildungsh\u00fcgel!\u201c &#8211; Vorbereitung auf das Unipraktikum der EF\",\"datePublished\":\"2026-03-12T11:42:29+00:00\",\"dateModified\":\"2026-03-12T11:42:32+00:00\",\"mainEntityOfPage\":{\"@id\":\"https:\\\/\\\/www.gesamtschule-eiserfeld.de\\\/?p=20834\"},\"wordCount\":297,\"publisher\":{\"@id\":\"https:\\\/\\\/www.gesamtschule-eiserfeld.de\\\/#organization\"},\"image\":{\"@id\":\"https:\\\/\\\/www.gesamtschule-eiserfeld.de\\\/?p=20834#primaryimage\"},\"thumbnailUrl\":\"https:\\\/\\\/i0.wp.com\\\/www.gesamtschule-eiserfeld.de\\\/wp-content\\\/uploads\\\/2026\\\/03\\\/Headerzoell26.jpg?fit=783%2C580&ssl=1\",\"articleSection\":{\"0\":\"Abitur\",\"1\":\"Aktionen\",\"3\":\"Sekundarstufe II\"},\"inLanguage\":\"de\"},{\"@type\":\"WebPage\",\"@id\":\"https:\\\/\\\/www.gesamtschule-eiserfeld.de\\\/?p=20834\",\"url\":\"https:\\\/\\\/www.gesamtschule-eiserfeld.de\\\/?p=20834\",\"name\":\"\u201eBald geht es auf den Bildungsh\u00fcgel!\u201c - Vorbereitung auf das Unipraktikum der EF - Gesamtschule Eiserfeld\",\"isPartOf\":{\"@id\":\"https:\\\/\\\/www.gesamtschule-eiserfeld.de\\\/#website\"},\"primaryImageOfPage\":{\"@id\":\"https:\\\/\\\/www.gesamtschule-eiserfeld.de\\\/?p=20834#primaryimage\"},\"image\":{\"@id\":\"https:\\\/\\\/www.gesamtschule-eiserfeld.de\\\/?p=20834#primaryimage\"},\"thumbnailUrl\":\"https:\\\/\\\/i0.wp.com\\\/www.gesamtschule-eiserfeld.de\\\/wp-content\\\/uploads\\\/2026\\\/03\\\/Headerzoell26.jpg?fit=783%2C580&ssl=1\",\"datePublished\":\"2026-03-12T11:42:29+00:00\",\"dateModified\":\"2026-03-12T11:42:32+00:00\",\"breadcrumb\":{\"@id\":\"https:\\\/\\\/www.gesamtschule-eiserfeld.de\\\/?p=20834#breadcrumb\"},\"inLanguage\":\"de\",\"potentialAction\":[{\"@type\":\"ReadAction\",\"target\":[\"https:\\\/\\\/www.gesamtschule-eiserfeld.de\\\/?p=20834\"]}]},{\"@type\":\"ImageObject\",\"inLanguage\":\"de\",\"@id\":\"https:\\\/\\\/www.gesamtschule-eiserfeld.de\\\/?p=20834#primaryimage\",\"url\":\"https:\\\/\\\/i0.wp.com\\\/www.gesamtschule-eiserfeld.de\\\/wp-content\\\/uploads\\\/2026\\\/03\\\/Headerzoell26.jpg?fit=783%2C580&ssl=1\",\"contentUrl\":\"https:\\\/\\\/i0.wp.com\\\/www.gesamtschule-eiserfeld.de\\\/wp-content\\\/uploads\\\/2026\\\/03\\\/Headerzoell26.jpg?fit=783%2C580&ssl=1\",\"width\":783,\"height\":580},{\"@type\":\"BreadcrumbList\",\"@id\":\"https:\\\/\\\/www.gesamtschule-eiserfeld.de\\\/?p=20834#breadcrumb\",\"itemListElement\":[{\"@type\":\"ListItem\",\"position\":1,\"name\":\"Startseite\",\"item\":\"https:\\\/\\\/www.gesamtschule-eiserfeld.de\\\/\"},{\"@type\":\"ListItem\",\"position\":2,\"name\":\"\u201eBald geht es auf den Bildungsh\u00fcgel!\u201c &#8211; Vorbereitung auf das Unipraktikum der EF\"}]},{\"@type\":\"WebSite\",\"@id\":\"https:\\\/\\\/www.gesamtschule-eiserfeld.de\\\/#website\",\"url\":\"https:\\\/\\\/www.gesamtschule-eiserfeld.de\\\/\",\"name\":\"Gesamtschule Eiserfeld\",\"description\":\"\",\"publisher\":{\"@id\":\"https:\\\/\\\/www.gesamtschule-eiserfeld.de\\\/#organization\"},\"potentialAction\":[{\"@type\":\"SearchAction\",\"target\":{\"@type\":\"EntryPoint\",\"urlTemplate\":\"https:\\\/\\\/www.gesamtschule-eiserfeld.de\\\/?s={search_term_string}\"},\"query-input\":{\"@type\":\"PropertyValueSpecification\",\"valueRequired\":true,\"valueName\":\"search_term_string\"}}],\"inLanguage\":\"de\"},{\"@type\":\"Organization\",\"@id\":\"https:\\\/\\\/www.gesamtschule-eiserfeld.de\\\/#organization\",\"name\":\"Gesamtschule Eiserfeld\",\"url\":\"https:\\\/\\\/www.gesamtschule-eiserfeld.de\\\/\",\"logo\":{\"@type\":\"ImageObject\",\"inLanguage\":\"de\",\"@id\":\"https:\\\/\\\/www.gesamtschule-eiserfeld.de\\\/#\\\/schema\\\/logo\\\/image\\\/\",\"url\":\"https:\\\/\\\/i1.wp.com\\\/www.gesamtschule-eiserfeld.de\\\/wp-content\\\/uploads\\\/2019\\\/01\\\/GEE-Logo-neu.jpg?fit=436%2C126&ssl=1\",\"contentUrl\":\"https:\\\/\\\/i1.wp.com\\\/www.gesamtschule-eiserfeld.de\\\/wp-content\\\/uploads\\\/2019\\\/01\\\/GEE-Logo-neu.jpg?fit=436%2C126&ssl=1\",\"width\":436,\"height\":126,\"caption\":\"Gesamtschule Eiserfeld\"},\"image\":{\"@id\":\"https:\\\/\\\/www.gesamtschule-eiserfeld.de\\\/#\\\/schema\\\/logo\\\/image\\\/\"},\"sameAs\":[\"https:\\\/\\\/www.facebook.com\\\/GEEiserfeld\"]},{\"@type\":\"Person\",\"@id\":\"https:\\\/\\\/www.gesamtschule-eiserfeld.de\\\/#\\\/schema\\\/person\\\/e815be34d82dc95f4eae6ec566010931\",\"name\":\"KINK\",\"url\":\"https:\\\/\\\/www.gesamtschule-eiserfeld.de\\\/?author=19\"}]}<\/script>\n<!-- \/ Yoast SEO plugin. -->","yoast_head_json":{"title":"\u201eBald geht es auf den Bildungsh\u00fcgel!\u201c - Vorbereitung auf das Unipraktikum der EF - Gesamtschule Eiserfeld","robots":{"index":"index","follow":"follow","max-snippet":"max-snippet:-1","max-image-preview":"max-image-preview:large","max-video-preview":"max-video-preview:-1"},"canonical":"https:\/\/www.gesamtschule-eiserfeld.de\/?p=20834","og_locale":"de_DE","og_type":"article","og_title":"\u201eBald geht es auf den Bildungsh\u00fcgel!\u201c - Vorbereitung auf das Unipraktikum der EF - Gesamtschule Eiserfeld","og_description":"Am Dienstag, den 10. M\u00e4rz 2026, fand in der Mittagspause eine Informationsveranstaltung f\u00fcr die Sch\u00fclerinnen und Sch\u00fcler der Einf\u00fchrungsphase (EF) der Oberstufe statt. Ziel der Veranstaltung war die Vorbereitung auf das bevorstehende Unipraktikum, das im Juni 2026 an der Universit\u00e4t Siegen durchgef\u00fchrt wird. Als Referent begr\u00fc\u00dfte die Koordinatorin f\u00fcr die Studien- und Berufsorientierung an der &hellip; \u201eBald geht es auf den Bildungsh\u00fcgel!\u201c &#8211; Vorbereitung auf das Unipraktikum der EF weiterlesen &rarr;","og_url":"https:\/\/www.gesamtschule-eiserfeld.de\/?p=20834","og_site_name":"Gesamtschule Eiserfeld","article_publisher":"https:\/\/www.facebook.com\/GEEiserfeld","article_published_time":"2026-03-12T11:42:29+00:00","article_modified_time":"2026-03-12T11:42:32+00:00","og_image":[{"width":783,"height":580,"url":"https:\/\/www.gesamtschule-eiserfeld.de\/wp-content\/uploads\/2026\/03\/Headerzoell26.jpg","type":"image\/jpeg"}],"author":"KINK","twitter_card":"summary_large_image","twitter_misc":{"Verfasst von":"KINK","Gesch\u00e4tzte Lesezeit":"2\u00a0Minuten"},"schema":{"@context":"https:\/\/schema.org","@graph":[{"@type":"Article","@id":"https:\/\/www.gesamtschule-eiserfeld.de\/?p=20834#article","isPartOf":{"@id":"https:\/\/www.gesamtschule-eiserfeld.de\/?p=20834"},"author":{"name":"KINK","@id":"https:\/\/www.gesamtschule-eiserfeld.de\/#\/schema\/person\/e815be34d82dc95f4eae6ec566010931"},"headline":"\u201eBald geht es auf den Bildungsh\u00fcgel!\u201c &#8211; Vorbereitung auf das Unipraktikum der EF","datePublished":"2026-03-12T11:42:29+00:00","dateModified":"2026-03-12T11:42:32+00:00","mainEntityOfPage":{"@id":"https:\/\/www.gesamtschule-eiserfeld.de\/?p=20834"},"wordCount":297,"publisher":{"@id":"https:\/\/www.gesamtschule-eiserfeld.de\/#organization"},"image":{"@id":"https:\/\/www.gesamtschule-eiserfeld.de\/?p=20834#primaryimage"},"thumbnailUrl":"https:\/\/i0.wp.com\/www.gesamtschule-eiserfeld.de\/wp-content\/uploads\/2026\/03\/Headerzoell26.jpg?fit=783%2C580&ssl=1","articleSection":{"0":"Abitur","1":"Aktionen","3":"Sekundarstufe II"},"inLanguage":"de"},{"@type":"WebPage","@id":"https:\/\/www.gesamtschule-eiserfeld.de\/?p=20834","url":"https:\/\/www.gesamtschule-eiserfeld.de\/?p=20834","name":"\u201eBald geht es auf den Bildungsh\u00fcgel!\u201c - Vorbereitung auf das Unipraktikum der EF - Gesamtschule Eiserfeld","isPartOf":{"@id":"https:\/\/www.gesamtschule-eiserfeld.de\/#website"},"primaryImageOfPage":{"@id":"https:\/\/www.gesamtschule-eiserfeld.de\/?p=20834#primaryimage"},"image":{"@id":"https:\/\/www.gesamtschule-eiserfeld.de\/?p=20834#primaryimage"},"thumbnailUrl":"https:\/\/i0.wp.com\/www.gesamtschule-eiserfeld.de\/wp-content\/uploads\/2026\/03\/Headerzoell26.jpg?fit=783%2C580&ssl=1","datePublished":"2026-03-12T11:42:29+00:00","dateModified":"2026-03-12T11:42:32+00:00","breadcrumb":{"@id":"https:\/\/www.gesamtschule-eiserfeld.de\/?p=20834#breadcrumb"},"inLanguage":"de","potentialAction":[{"@type":"ReadAction","target":["https:\/\/www.gesamtschule-eiserfeld.de\/?p=20834"]}]},{"@type":"ImageObject","inLanguage":"de","@id":"https:\/\/www.gesamtschule-eiserfeld.de\/?p=20834#primaryimage","url":"https:\/\/i0.wp.com\/www.gesamtschule-eiserfeld.de\/wp-content\/uploads\/2026\/03\/Headerzoell26.jpg?fit=783%2C580&ssl=1","contentUrl":"https:\/\/i0.wp.com\/www.gesamtschule-eiserfeld.de\/wp-content\/uploads\/2026\/03\/Headerzoell26.jpg?fit=783%2C580&ssl=1","width":783,"height":580},{"@type":"BreadcrumbList","@id":"https:\/\/www.gesamtschule-eiserfeld.de\/?p=20834#breadcrumb","itemListElement":[{"@type":"ListItem","position":1,"name":"Startseite","item":"https:\/\/www.gesamtschule-eiserfeld.de\/"},{"@type":"ListItem","position":2,"name":"\u201eBald geht es auf den Bildungsh\u00fcgel!\u201c &#8211; Vorbereitung auf das Unipraktikum der EF"}]},{"@type":"WebSite","@id":"https:\/\/www.gesamtschule-eiserfeld.de\/#website","url":"https:\/\/www.gesamtschule-eiserfeld.de\/","name":"Gesamtschule Eiserfeld","description":"","publisher":{"@id":"https:\/\/www.gesamtschule-eiserfeld.de\/#organization"},"potentialAction":[{"@type":"SearchAction","target":{"@type":"EntryPoint","urlTemplate":"https:\/\/www.gesamtschule-eiserfeld.de\/?s={search_term_string}"},"query-input":{"@type":"PropertyValueSpecification","valueRequired":true,"valueName":"search_term_string"}}],"inLanguage":"de"},{"@type":"Organization","@id":"https:\/\/www.gesamtschule-eiserfeld.de\/#organization","name":"Gesamtschule Eiserfeld","url":"https:\/\/www.gesamtschule-eiserfeld.de\/","logo":{"@type":"ImageObject","inLanguage":"de","@id":"https:\/\/www.gesamtschule-eiserfeld.de\/#\/schema\/logo\/image\/","url":"https:\/\/i1.wp.com\/www.gesamtschule-eiserfeld.de\/wp-content\/uploads\/2019\/01\/GEE-Logo-neu.jpg?fit=436%2C126&ssl=1","contentUrl":"https:\/\/i1.wp.com\/www.gesamtschule-eiserfeld.de\/wp-content\/uploads\/2019\/01\/GEE-Logo-neu.jpg?fit=436%2C126&ssl=1","width":436,"height":126,"caption":"Gesamtschule Eiserfeld"},"image":{"@id":"https:\/\/www.gesamtschule-eiserfeld.de\/#\/schema\/logo\/image\/"},"sameAs":["https:\/\/www.facebook.com\/GEEiserfeld"]},{"@type":"Person","@id":"https:\/\/www.gesamtschule-eiserfeld.de\/#\/schema\/person\/e815be34d82dc95f4eae6ec566010931","name":"KINK","url":"https:\/\/www.gesamtschule-eiserfeld.de\/?author=19"}]}},"jetpack_publicize_connections":[],"jetpack_featured_media_url":"https:\/\/i0.wp.com\/www.gesamtschule-eiserfeld.de\/wp-content\/uploads\/2026\/03\/Headerzoell26.jpg?fit=783%2C580&ssl=1","jetpack_shortlink":"https:\/\/wp.me\/p2weeL-5q2","jetpack_sharing_enabled":true,"_links":{"self":[{"href":"https:\/\/www.gesamtschule-eiserfeld.de\/index.php?rest_route=\/wp\/v2\/posts\/20834","targetHints":{"allow":["GET"]}}],"collection":[{"href":"https:\/\/www.gesamtschule-eiserfeld.de\/index.php?rest_route=\/wp\/v2\/posts"}],"about":[{"href":"https:\/\/www.gesamtschule-eiserfeld.de\/index.php?rest_route=\/wp\/v2\/types\/post"}],"author":[{"embeddable":true,"href":"https:\/\/www.gesamtschule-eiserfeld.de\/index.php?rest_route=\/wp\/v2\/users\/19"}],"replies":[{"embeddable":true,"href":"https:\/\/www.gesamtschule-eiserfeld.de\/index.php?rest_route=%2Fwp%2Fv2%2Fcomments&post=20834"}],"version-history":[{"count":1,"href":"https:\/\/www.gesamtschule-eiserfeld.de\/index.php?rest_route=\/wp\/v2\/posts\/20834\/revisions"}],"predecessor-version":[{"id":20838,"href":"https:\/\/www.gesamtschule-eiserfeld.de\/index.php?rest_route=\/wp\/v2\/posts\/20834\/revisions\/20838"}],"wp:featuredmedia":[{"embeddable":true,"href":"https:\/\/www.gesamtschule-eiserfeld.de\/index.php?rest_route=\/wp\/v2\/media\/20837"}],"wp:attachment":[{"href":"https:\/\/www.gesamtschule-eiserfeld.de\/index.php?rest_route=%2Fwp%2Fv2%2Fmedia&parent=20834"}],"wp:term":[{"taxonomy":"category","embeddable":true,"href":"https:\/\/www.gesamtschule-eiserfeld.de\/index.php?rest_route=%2Fwp%2Fv2%2Fcategories&post=20834"},{"taxonomy":"post_tag","embeddable":true,"href":"https:\/\/www.gesamtschule-eiserfeld.de\/index.php?rest_route=%2Fwp%2Fv2%2Ftags&post=20834"}],"curies":[{"name":"wp","href":"https:\/\/api.w.org\/{rel}","templated":true}]}}