{"id":2097,"date":"2013-01-20T20:56:18","date_gmt":"2013-01-20T19:56:18","guid":{"rendered":"http:\/\/ge-eiserfeld.de\/?p=2097"},"modified":"2015-01-24T12:34:14","modified_gmt":"2015-01-24T11:34:14","slug":"hinweis-in-eigener-sache-kalenderaktualisierung","status":"publish","type":"post","link":"https:\/\/www.gesamtschule-eiserfeld.de\/?p=2097","title":{"rendered":"Hinweis in eigener Sache (Kalenderaktualisierung)"},"content":{"rendered":"<p>Wenn Sie \u00fcber die aktuellen Termine der Schule auf dem Laufenden bleiben wollen, bietet sich stets ein Blick auf die Homepage an. Unter <a href=\"https:\/\/www.google.com\/calendar\/embed?src=gesamtschule.eiserfeld%40gmail.com&amp;ctz=Europe\/Berlin\">Termine<\/a> finden Sie eine \u00dcbersicht, die zugeh\u00f6rige Adresse hat sich vor kurzem jedoch ge\u00e4ndert \u2013 es mag sein, dass Sie noch die alte, nicht mehr aktualisierte Version haben (bspw. per Lesezeichen).<!--more--><\/p>\n<p>Mehr Komfort bietet die M\u00f6glichkeit, den Schulkalender direkt auf Ihr Smartphone zu abonnieren. In der Kalender-Ansicht von Google finden Sie links unten den Punkt \u201cWeitere Kalender\u201d und darunter \u201cKalender von Freunden hinzuf\u00fcgen\u201d.<br \/>\nGeben Sie dort <a href=\"mailto:\u201cgesamtschule.eiserfeld@gmail.com\">\u201cgesamtschule.eiserfeld@gmail.com<\/a>\u201d ein und der Kalender unserer Schule wird ab sofort auf Ihr Smartphone\/Tablet\/Computer geschickt.<\/p>\n<p>Danke f\u00fcr den Hinweis!<\/p>\n<p>Dazu ein weiterer Hinweis von Herrn Bergel:<\/p>\n<p>&#8212;&#8212;&#8212;&#8212;&#8212;&#8212;&#8212;&#8212;&#8212;&#8212;&#8212;&#8212;&#8212;&#8212;&#8212;&#8212;&#8212;&#8212;&#8212;&#8212;&#8212;&#8212;&#8212;&#8212;&#8212;&#8212;&#8212;&#8212;&#8212;&#8212;&#8212;&#8212;&#8212;&#8212;&#8211;<\/p>\n<p>[&#8230;] Die Beschreibung, die Sie auf die Website notiert haben, trifft nur auf das direkte Abo \u00fcber den Googlekalender auf der Website zu.<br \/>\nMobile Ger\u00e4te, sowohl iOS (iPhone\/iPad) als auch Android-Systeme (Samsung Galaxy, HTC, usw.) brauchen f\u00fcr das Abo den Link der ics-Datei, um den Kalender zu abonnieren. Das ist dieser: http:\/\/www.google.com\/calendar\/ical\/gesamtschule.eiserfeld%40gmail.com\/public\/basic.ics<\/p>\n<p>Andere mobile Systeme ben\u00f6tigen die xml-Datei: http:\/\/www.google.com\/calendar\/feeds\/gesamtschule.eiserfeld%40gmail.com\/public\/basic<\/p>\n<p>Eine klassische html-Seite gibt&#8217;s nat\u00fcrlich auch: http:\/\/www.google.com\/calendar\/embed?src=gesamtschule.eiserfeld%40gmail.com&amp;ctz=Europe\/Berlin<\/p>\n<p>Die drei Links sind bei Google ziemlich versteckt, man bekommt sie direkt nur, wenn man den Kalender auf der Website abonniert hat und ihn im Browser anschaut unter den Einstellungen des Kalenders, den man sucht, siehe Screenshots.<\/p>\n<p>Vielleicht ist es f\u00fcr viele einfacher, die den Kalender abonnieren m\u00f6chten (Lehrer, Sch\u00fcler und Eltern), wenn Sie die drei Links mit in den Artikel schreiben. So k\u00f6nnen sie direkt angeklickt und abonniert werden werden. [&#8230;]<\/p>\n<p>Viele Gr\u00fc\u00dfe\u00a0\u00a0\u00a0\u00a0\u00a0\u00a0\u00a0\u00a0\u00a0\u00a0\u00a0\u00a0\u00a0\u00a0 Dirk Bergel <a href=\"https:\/\/i0.wp.com\/gesamtschule-eiserfeld.de\/wp-content\/uploads\/2013\/01\/Bildschirmfoto_2013-01-23_um_18.43.13.png\"><img data-recalc-dims=\"1\" loading=\"lazy\" decoding=\"async\" class=\"alignleft size-full wp-image-2155\" src=\"https:\/\/i0.wp.com\/gesamtschule-eiserfeld.de\/wp-content\/uploads\/2013\/01\/Bildschirmfoto_2013-01-23_um_18.43.13.png?resize=434%2C394\" alt=\"Bildschirmfoto_2013-01-23_um_18.43.13\" width=\"434\" height=\"394\" \/><\/a><\/p>\n<p><a href=\"https:\/\/i0.wp.com\/gesamtschule-eiserfeld.de\/wp-content\/uploads\/2013\/01\/Bildschirmfoto_2013-01-23_um_18.41.53.png\"><img data-recalc-dims=\"1\" loading=\"lazy\" decoding=\"async\" class=\"alignleft size-full wp-image-2156\" src=\"https:\/\/i0.wp.com\/gesamtschule-eiserfeld.de\/wp-content\/uploads\/2013\/01\/Bildschirmfoto_2013-01-23_um_18.41.53.png?resize=474%2C391\" alt=\"Bildschirmfoto_2013-01-23_um_18.41.53\" width=\"474\" height=\"391\" \/><\/a>&#8212;&#8212;&#8212;&#8212;&#8212;&#8212;&#8212;&#8212;&#8212;&#8212;&#8212;&#8212;&#8212;&#8212;&#8212;&#8212;&#8212;&#8212;&#8212;&#8212;&#8212;&#8212;&#8212;&#8212;&#8212;&#8212;&#8212;<br \/>\nVielen Dank daf\u00fcr!<\/p>\n","protected":false},"excerpt":{"rendered":"<p>Wenn Sie \u00fcber die aktuellen Termine der Schule auf dem Laufenden bleiben wollen, bietet sich stets ein Blick auf die Homepage an. Unter Termine finden Sie eine \u00dcbersicht, die zugeh\u00f6rige Adresse hat sich vor kurzem jedoch ge\u00e4ndert \u2013 es mag sein, dass Sie noch die alte, nicht mehr aktualisierte Version haben (bspw. per Lesezeichen).<\/p>\n","protected":false},"author":9,"featured_media":0,"comment_status":"closed","ping_status":"open","sticky":false,"template":"","format":"standard","meta":{"jetpack_post_was_ever_published":false,"_jetpack_newsletter_access":"","_jetpack_dont_email_post_to_subs":false,"_jetpack_newsletter_tier_id":0,"_jetpack_memberships_contains_paywalled_content":false,"_jetpack_memberships_contains_paid_content":false,"footnotes":"","jetpack_publicize_message":"","jetpack_publicize_feature_enabled":true,"jetpack_social_post_already_shared":true,"jetpack_social_options":{"image_generator_settings":{"template":"highway","default_image_id":0,"font":"","enabled":false},"version":2}},"categories":[1],"tags":[],"class_list":["post-2097","post","type-post","status-publish","format-standard","hentry","category-allgemein"],"yoast_head":"<!-- This site is optimized with the Yoast SEO plugin v27.4 - https:\/\/yoast.com\/product\/yoast-seo-wordpress\/ -->\n<title>Hinweis in eigener Sache (Kalenderaktualisierung) - Gesamtschule Eiserfeld<\/title>\n<meta name=\"robots\" content=\"index, follow, max-snippet:-1, max-image-preview:large, max-video-preview:-1\" \/>\n<link rel=\"canonical\" href=\"https:\/\/www.gesamtschule-eiserfeld.de\/?p=2097\" \/>\n<meta property=\"og:locale\" content=\"de_DE\" \/>\n<meta property=\"og:type\" content=\"article\" \/>\n<meta property=\"og:title\" content=\"Hinweis in eigener Sache (Kalenderaktualisierung) - Gesamtschule Eiserfeld\" \/>\n<meta property=\"og:description\" content=\"Wenn Sie \u00fcber die aktuellen Termine der Schule auf dem Laufenden bleiben wollen, bietet sich stets ein Blick auf die Homepage an. Unter Termine finden Sie eine \u00dcbersicht, die zugeh\u00f6rige Adresse hat sich vor kurzem jedoch ge\u00e4ndert \u2013 es mag sein, dass Sie noch die alte, nicht mehr aktualisierte Version haben (bspw. per Lesezeichen).\" \/>\n<meta property=\"og:url\" content=\"https:\/\/www.gesamtschule-eiserfeld.de\/?p=2097\" \/>\n<meta property=\"og:site_name\" content=\"Gesamtschule Eiserfeld\" \/>\n<meta property=\"article:publisher\" content=\"https:\/\/www.facebook.com\/GEEiserfeld\" \/>\n<meta property=\"article:published_time\" content=\"2013-01-20T19:56:18+00:00\" \/>\n<meta property=\"article:modified_time\" content=\"2015-01-24T11:34:14+00:00\" \/>\n<meta property=\"og:image\" content=\"http:\/\/gesamtschule-eiserfeld.de\/wp-content\/uploads\/2013\/01\/Bildschirmfoto_2013-01-23_um_18.43.13.png\" \/>\n<meta name=\"author\" content=\"dorw\" \/>\n<meta name=\"twitter:card\" content=\"summary_large_image\" \/>\n<meta name=\"twitter:label1\" content=\"Verfasst von\" \/>\n\t<meta name=\"twitter:data1\" content=\"dorw\" \/>\n\t<meta name=\"twitter:label2\" content=\"Gesch\u00e4tzte Lesezeit\" \/>\n\t<meta name=\"twitter:data2\" content=\"2\u00a0Minuten\" \/>\n<script type=\"application\/ld+json\" class=\"yoast-schema-graph\">{\"@context\":\"https:\\\/\\\/schema.org\",\"@graph\":[{\"@type\":\"Article\",\"@id\":\"https:\\\/\\\/www.gesamtschule-eiserfeld.de\\\/?p=2097#article\",\"isPartOf\":{\"@id\":\"https:\\\/\\\/www.gesamtschule-eiserfeld.de\\\/?p=2097\"},\"author\":{\"name\":\"dorw\",\"@id\":\"https:\\\/\\\/www.gesamtschule-eiserfeld.de\\\/#\\\/schema\\\/person\\\/9f37123dd2ff514a1346db435bdb3784\"},\"headline\":\"Hinweis in eigener Sache (Kalenderaktualisierung)\",\"datePublished\":\"2013-01-20T19:56:18+00:00\",\"dateModified\":\"2015-01-24T11:34:14+00:00\",\"mainEntityOfPage\":{\"@id\":\"https:\\\/\\\/www.gesamtschule-eiserfeld.de\\\/?p=2097\"},\"wordCount\":322,\"publisher\":{\"@id\":\"https:\\\/\\\/www.gesamtschule-eiserfeld.de\\\/#organization\"},\"image\":{\"@id\":\"https:\\\/\\\/www.gesamtschule-eiserfeld.de\\\/?p=2097#primaryimage\"},\"thumbnailUrl\":\"http:\\\/\\\/gesamtschule-eiserfeld.de\\\/wp-content\\\/uploads\\\/2013\\\/01\\\/Bildschirmfoto_2013-01-23_um_18.43.13.png\",\"inLanguage\":\"de\"},{\"@type\":\"WebPage\",\"@id\":\"https:\\\/\\\/www.gesamtschule-eiserfeld.de\\\/?p=2097\",\"url\":\"https:\\\/\\\/www.gesamtschule-eiserfeld.de\\\/?p=2097\",\"name\":\"Hinweis in eigener Sache (Kalenderaktualisierung) - Gesamtschule Eiserfeld\",\"isPartOf\":{\"@id\":\"https:\\\/\\\/www.gesamtschule-eiserfeld.de\\\/#website\"},\"primaryImageOfPage\":{\"@id\":\"https:\\\/\\\/www.gesamtschule-eiserfeld.de\\\/?p=2097#primaryimage\"},\"image\":{\"@id\":\"https:\\\/\\\/www.gesamtschule-eiserfeld.de\\\/?p=2097#primaryimage\"},\"thumbnailUrl\":\"http:\\\/\\\/gesamtschule-eiserfeld.de\\\/wp-content\\\/uploads\\\/2013\\\/01\\\/Bildschirmfoto_2013-01-23_um_18.43.13.png\",\"datePublished\":\"2013-01-20T19:56:18+00:00\",\"dateModified\":\"2015-01-24T11:34:14+00:00\",\"breadcrumb\":{\"@id\":\"https:\\\/\\\/www.gesamtschule-eiserfeld.de\\\/?p=2097#breadcrumb\"},\"inLanguage\":\"de\",\"potentialAction\":[{\"@type\":\"ReadAction\",\"target\":[\"https:\\\/\\\/www.gesamtschule-eiserfeld.de\\\/?p=2097\"]}]},{\"@type\":\"ImageObject\",\"inLanguage\":\"de\",\"@id\":\"https:\\\/\\\/www.gesamtschule-eiserfeld.de\\\/?p=2097#primaryimage\",\"url\":\"http:\\\/\\\/gesamtschule-eiserfeld.de\\\/wp-content\\\/uploads\\\/2013\\\/01\\\/Bildschirmfoto_2013-01-23_um_18.43.13.png\",\"contentUrl\":\"http:\\\/\\\/gesamtschule-eiserfeld.de\\\/wp-content\\\/uploads\\\/2013\\\/01\\\/Bildschirmfoto_2013-01-23_um_18.43.13.png\"},{\"@type\":\"BreadcrumbList\",\"@id\":\"https:\\\/\\\/www.gesamtschule-eiserfeld.de\\\/?p=2097#breadcrumb\",\"itemListElement\":[{\"@type\":\"ListItem\",\"position\":1,\"name\":\"Startseite\",\"item\":\"https:\\\/\\\/www.gesamtschule-eiserfeld.de\\\/\"},{\"@type\":\"ListItem\",\"position\":2,\"name\":\"Hinweis in eigener Sache (Kalenderaktualisierung)\"}]},{\"@type\":\"WebSite\",\"@id\":\"https:\\\/\\\/www.gesamtschule-eiserfeld.de\\\/#website\",\"url\":\"https:\\\/\\\/www.gesamtschule-eiserfeld.de\\\/\",\"name\":\"Gesamtschule Eiserfeld\",\"description\":\"\",\"publisher\":{\"@id\":\"https:\\\/\\\/www.gesamtschule-eiserfeld.de\\\/#organization\"},\"potentialAction\":[{\"@type\":\"SearchAction\",\"target\":{\"@type\":\"EntryPoint\",\"urlTemplate\":\"https:\\\/\\\/www.gesamtschule-eiserfeld.de\\\/?s={search_term_string}\"},\"query-input\":{\"@type\":\"PropertyValueSpecification\",\"valueRequired\":true,\"valueName\":\"search_term_string\"}}],\"inLanguage\":\"de\"},{\"@type\":\"Organization\",\"@id\":\"https:\\\/\\\/www.gesamtschule-eiserfeld.de\\\/#organization\",\"name\":\"Gesamtschule Eiserfeld\",\"url\":\"https:\\\/\\\/www.gesamtschule-eiserfeld.de\\\/\",\"logo\":{\"@type\":\"ImageObject\",\"inLanguage\":\"de\",\"@id\":\"https:\\\/\\\/www.gesamtschule-eiserfeld.de\\\/#\\\/schema\\\/logo\\\/image\\\/\",\"url\":\"https:\\\/\\\/i1.wp.com\\\/www.gesamtschule-eiserfeld.de\\\/wp-content\\\/uploads\\\/2019\\\/01\\\/GEE-Logo-neu.jpg?fit=436%2C126&ssl=1\",\"contentUrl\":\"https:\\\/\\\/i1.wp.com\\\/www.gesamtschule-eiserfeld.de\\\/wp-content\\\/uploads\\\/2019\\\/01\\\/GEE-Logo-neu.jpg?fit=436%2C126&ssl=1\",\"width\":436,\"height\":126,\"caption\":\"Gesamtschule Eiserfeld\"},\"image\":{\"@id\":\"https:\\\/\\\/www.gesamtschule-eiserfeld.de\\\/#\\\/schema\\\/logo\\\/image\\\/\"},\"sameAs\":[\"https:\\\/\\\/www.facebook.com\\\/GEEiserfeld\"]},{\"@type\":\"Person\",\"@id\":\"https:\\\/\\\/www.gesamtschule-eiserfeld.de\\\/#\\\/schema\\\/person\\\/9f37123dd2ff514a1346db435bdb3784\",\"name\":\"dorw\",\"sameAs\":[\"http:\\\/\\\/www.ge-eiserfeld.de\"],\"url\":\"https:\\\/\\\/www.gesamtschule-eiserfeld.de\\\/?author=9\"}]}<\/script>\n<!-- \/ Yoast SEO plugin. -->","yoast_head_json":{"title":"Hinweis in eigener Sache (Kalenderaktualisierung) - Gesamtschule Eiserfeld","robots":{"index":"index","follow":"follow","max-snippet":"max-snippet:-1","max-image-preview":"max-image-preview:large","max-video-preview":"max-video-preview:-1"},"canonical":"https:\/\/www.gesamtschule-eiserfeld.de\/?p=2097","og_locale":"de_DE","og_type":"article","og_title":"Hinweis in eigener Sache (Kalenderaktualisierung) - Gesamtschule Eiserfeld","og_description":"Wenn Sie \u00fcber die aktuellen Termine der Schule auf dem Laufenden bleiben wollen, bietet sich stets ein Blick auf die Homepage an. Unter Termine finden Sie eine \u00dcbersicht, die zugeh\u00f6rige Adresse hat sich vor kurzem jedoch ge\u00e4ndert \u2013 es mag sein, dass Sie noch die alte, nicht mehr aktualisierte Version haben (bspw. per Lesezeichen).","og_url":"https:\/\/www.gesamtschule-eiserfeld.de\/?p=2097","og_site_name":"Gesamtschule Eiserfeld","article_publisher":"https:\/\/www.facebook.com\/GEEiserfeld","article_published_time":"2013-01-20T19:56:18+00:00","article_modified_time":"2015-01-24T11:34:14+00:00","og_image":[{"url":"http:\/\/gesamtschule-eiserfeld.de\/wp-content\/uploads\/2013\/01\/Bildschirmfoto_2013-01-23_um_18.43.13.png","type":"","width":"","height":""}],"author":"dorw","twitter_card":"summary_large_image","twitter_misc":{"Verfasst von":"dorw","Gesch\u00e4tzte Lesezeit":"2\u00a0Minuten"},"schema":{"@context":"https:\/\/schema.org","@graph":[{"@type":"Article","@id":"https:\/\/www.gesamtschule-eiserfeld.de\/?p=2097#article","isPartOf":{"@id":"https:\/\/www.gesamtschule-eiserfeld.de\/?p=2097"},"author":{"name":"dorw","@id":"https:\/\/www.gesamtschule-eiserfeld.de\/#\/schema\/person\/9f37123dd2ff514a1346db435bdb3784"},"headline":"Hinweis in eigener Sache (Kalenderaktualisierung)","datePublished":"2013-01-20T19:56:18+00:00","dateModified":"2015-01-24T11:34:14+00:00","mainEntityOfPage":{"@id":"https:\/\/www.gesamtschule-eiserfeld.de\/?p=2097"},"wordCount":322,"publisher":{"@id":"https:\/\/www.gesamtschule-eiserfeld.de\/#organization"},"image":{"@id":"https:\/\/www.gesamtschule-eiserfeld.de\/?p=2097#primaryimage"},"thumbnailUrl":"http:\/\/gesamtschule-eiserfeld.de\/wp-content\/uploads\/2013\/01\/Bildschirmfoto_2013-01-23_um_18.43.13.png","inLanguage":"de"},{"@type":"WebPage","@id":"https:\/\/www.gesamtschule-eiserfeld.de\/?p=2097","url":"https:\/\/www.gesamtschule-eiserfeld.de\/?p=2097","name":"Hinweis in eigener Sache (Kalenderaktualisierung) - Gesamtschule Eiserfeld","isPartOf":{"@id":"https:\/\/www.gesamtschule-eiserfeld.de\/#website"},"primaryImageOfPage":{"@id":"https:\/\/www.gesamtschule-eiserfeld.de\/?p=2097#primaryimage"},"image":{"@id":"https:\/\/www.gesamtschule-eiserfeld.de\/?p=2097#primaryimage"},"thumbnailUrl":"http:\/\/gesamtschule-eiserfeld.de\/wp-content\/uploads\/2013\/01\/Bildschirmfoto_2013-01-23_um_18.43.13.png","datePublished":"2013-01-20T19:56:18+00:00","dateModified":"2015-01-24T11:34:14+00:00","breadcrumb":{"@id":"https:\/\/www.gesamtschule-eiserfeld.de\/?p=2097#breadcrumb"},"inLanguage":"de","potentialAction":[{"@type":"ReadAction","target":["https:\/\/www.gesamtschule-eiserfeld.de\/?p=2097"]}]},{"@type":"ImageObject","inLanguage":"de","@id":"https:\/\/www.gesamtschule-eiserfeld.de\/?p=2097#primaryimage","url":"http:\/\/gesamtschule-eiserfeld.de\/wp-content\/uploads\/2013\/01\/Bildschirmfoto_2013-01-23_um_18.43.13.png","contentUrl":"http:\/\/gesamtschule-eiserfeld.de\/wp-content\/uploads\/2013\/01\/Bildschirmfoto_2013-01-23_um_18.43.13.png"},{"@type":"BreadcrumbList","@id":"https:\/\/www.gesamtschule-eiserfeld.de\/?p=2097#breadcrumb","itemListElement":[{"@type":"ListItem","position":1,"name":"Startseite","item":"https:\/\/www.gesamtschule-eiserfeld.de\/"},{"@type":"ListItem","position":2,"name":"Hinweis in eigener Sache (Kalenderaktualisierung)"}]},{"@type":"WebSite","@id":"https:\/\/www.gesamtschule-eiserfeld.de\/#website","url":"https:\/\/www.gesamtschule-eiserfeld.de\/","name":"Gesamtschule Eiserfeld","description":"","publisher":{"@id":"https:\/\/www.gesamtschule-eiserfeld.de\/#organization"},"potentialAction":[{"@type":"SearchAction","target":{"@type":"EntryPoint","urlTemplate":"https:\/\/www.gesamtschule-eiserfeld.de\/?s={search_term_string}"},"query-input":{"@type":"PropertyValueSpecification","valueRequired":true,"valueName":"search_term_string"}}],"inLanguage":"de"},{"@type":"Organization","@id":"https:\/\/www.gesamtschule-eiserfeld.de\/#organization","name":"Gesamtschule Eiserfeld","url":"https:\/\/www.gesamtschule-eiserfeld.de\/","logo":{"@type":"ImageObject","inLanguage":"de","@id":"https:\/\/www.gesamtschule-eiserfeld.de\/#\/schema\/logo\/image\/","url":"https:\/\/i1.wp.com\/www.gesamtschule-eiserfeld.de\/wp-content\/uploads\/2019\/01\/GEE-Logo-neu.jpg?fit=436%2C126&ssl=1","contentUrl":"https:\/\/i1.wp.com\/www.gesamtschule-eiserfeld.de\/wp-content\/uploads\/2019\/01\/GEE-Logo-neu.jpg?fit=436%2C126&ssl=1","width":436,"height":126,"caption":"Gesamtschule Eiserfeld"},"image":{"@id":"https:\/\/www.gesamtschule-eiserfeld.de\/#\/schema\/logo\/image\/"},"sameAs":["https:\/\/www.facebook.com\/GEEiserfeld"]},{"@type":"Person","@id":"https:\/\/www.gesamtschule-eiserfeld.de\/#\/schema\/person\/9f37123dd2ff514a1346db435bdb3784","name":"dorw","sameAs":["http:\/\/www.ge-eiserfeld.de"],"url":"https:\/\/www.gesamtschule-eiserfeld.de\/?author=9"}]}},"jetpack_publicize_connections":[],"jetpack_featured_media_url":"","jetpack_shortlink":"https:\/\/wp.me\/p2weeL-xP","jetpack_sharing_enabled":true,"_links":{"self":[{"href":"https:\/\/www.gesamtschule-eiserfeld.de\/index.php?rest_route=\/wp\/v2\/posts\/2097","targetHints":{"allow":["GET"]}}],"collection":[{"href":"https:\/\/www.gesamtschule-eiserfeld.de\/index.php?rest_route=\/wp\/v2\/posts"}],"about":[{"href":"https:\/\/www.gesamtschule-eiserfeld.de\/index.php?rest_route=\/wp\/v2\/types\/post"}],"author":[{"embeddable":true,"href":"https:\/\/www.gesamtschule-eiserfeld.de\/index.php?rest_route=\/wp\/v2\/users\/9"}],"replies":[{"embeddable":true,"href":"https:\/\/www.gesamtschule-eiserfeld.de\/index.php?rest_route=%2Fwp%2Fv2%2Fcomments&post=2097"}],"version-history":[{"count":0,"href":"https:\/\/www.gesamtschule-eiserfeld.de\/index.php?rest_route=\/wp\/v2\/posts\/2097\/revisions"}],"wp:attachment":[{"href":"https:\/\/www.gesamtschule-eiserfeld.de\/index.php?rest_route=%2Fwp%2Fv2%2Fmedia&parent=2097"}],"wp:term":[{"taxonomy":"category","embeddable":true,"href":"https:\/\/www.gesamtschule-eiserfeld.de\/index.php?rest_route=%2Fwp%2Fv2%2Fcategories&post=2097"},{"taxonomy":"post_tag","embeddable":true,"href":"https:\/\/www.gesamtschule-eiserfeld.de\/index.php?rest_route=%2Fwp%2Fv2%2Ftags&post=2097"}],"curies":[{"name":"wp","href":"https:\/\/api.w.org\/{rel}","templated":true}]}}