{"id":2174,"date":"2013-02-03T14:52:59","date_gmt":"2013-02-03T13:52:59","guid":{"rendered":"http:\/\/ge-eiserfeld.de\/?p=2174"},"modified":"2013-02-25T19:08:38","modified_gmt":"2013-02-25T18:08:38","slug":"einstieg-kln","status":"publish","type":"post","link":"https:\/\/www.gesamtschule-eiserfeld.de\/?p=2174","title":{"rendered":"EINSTIEG K&ouml;ln"},"content":{"rendered":"<p align=\"justify\"><img data-recalc-dims=\"1\" loading=\"lazy\" decoding=\"async\" style=\"background-image: none; margin: 0px 10px 0px 0px; padding-left: 0px; padding-right: 0px; display: inline; float: left; padding-top: 0px; border: 0px;\" title=\"clip_image002[4]\" alt=\"clip_image002[4]\" src=\"https:\/\/i0.wp.com\/gesamtschule-eiserfeld.de\/wp-content\/uploads\/2013\/02\/clip_image0024.jpg?resize=178%2C136\" width=\"178\" height=\"136\" align=\"left\" border=\"0\" \/><em><span style=\"font-size: x-small;\">[03.02.2013, F. Meinhardt]<\/span><\/em> 329 Hochschulen, Unternehmen, Verb\u00e4nde und Beratungsinstitutionen aus zehn L\u00e4ndern haben am 1. und 2. Februar in K\u00f6ln Sch\u00fcler, Eltern und Lehrer Informationen zu Ausbildung, Studium, Beruf und Auslandsaufenthalt angeboten. Allein in Nordrhein-Westfalen gibt es 1.829 grundst\u00e4ndige Studieng\u00e4nge an 63 Hochschulen, im letzten Jahr mit mehr als 100 000 Studienanf\u00e4ngern. Der Ansturm wird mit dem doppelten Abiturjahrgang im Sommer sicher viel gr\u00f6\u00dfer. Wer sich rechtzeitig informiert, ist also gut beraten!<!--more--><\/p>\n<p align=\"justify\"><img data-recalc-dims=\"1\" loading=\"lazy\" decoding=\"async\" style=\"background-image: none; margin: 0px 0px 0px 10px; padding-left: 0px; padding-right: 0px; display: inline; float: right; padding-top: 0px; border-width: 0px;\" title=\"clip_image004[4]\" alt=\"clip_image004[4]\" src=\"https:\/\/i0.wp.com\/gesamtschule-eiserfeld.de\/wp-content\/uploads\/2013\/02\/clip_image0044.jpg?resize=240%2C180\" width=\"240\" height=\"180\" align=\"right\" border=\"0\" \/><\/p>\n<p align=\"justify\">Auf NRWs gr\u00f6\u00dfter Studien- und Berufswahlmesse gab es erstmals den Hochschulpavillon des Ministeriums f\u00fcr Innovation, Wissenschaft und Forschung des Landes NRW. Hochschulen, wie die Universit\u00e4ten Bonn, M\u00fcnster und Bochum pr\u00e4sentierten ihr Studienangebot. Im Ausbildungsmarkt fanden Besucher \u00fcber 2.300 freie Ausbildungs- und Praktikumspl\u00e4tze sowie duale Studienangebote, ein gro\u00dfes und buntes Potpourri.<\/p>\n<p align=\"justify\">23 Sch\u00fclerinnen aus den Jahrg\u00e4ngen 12 und 13 beschlossen, ebenso wie 14 000 andere Besucher allein am Freitag, nicht im Anschluss an die Zeugnisvergabe gem\u00fctlich zu relaxen, sondern auf der gr\u00f6\u00dften deutschen <b>Bildungsmesse Einstieg in K\u00f6ln<\/b> gezielt nach Informationen zu suchen. Sie muteten sich eine lange Bahnfahrt zu, die im wahrsten Sinne des Wortes \u201eausgestanden\u201c werden musste. Online konnten sie zuvor einen Orientierungstest mit Ausstellermatching absolvieren, sodass sie schon bei der Anreise eine Vorstellung mitbrachten, an welchen Messest\u00e4nden sie Ausk\u00fcnfte f\u00fcr ihre Fragen bekommen k\u00f6nnten.<\/p>\n<p align=\"justify\"><img data-recalc-dims=\"1\" loading=\"lazy\" decoding=\"async\" style=\"background-image: none; padding-left: 0px; padding-right: 0px; display: inline; padding-top: 0px; border: 0px;\" title=\"clip_image006[4]\" alt=\"clip_image006[4]\" src=\"https:\/\/i0.wp.com\/gesamtschule-eiserfeld.de\/wp-content\/uploads\/2013\/02\/clip_image0064.jpg?resize=304%2C228\" width=\"304\" height=\"228\" border=\"0\" \/><\/p>\n<p align=\"justify\">Die Interessen waren breit gestreut:<\/p>\n<p align=\"justify\">Wo kann ich ein Auslandsjahr absolvieren, in dem ich mit Sicherheit die guten Englischkenntnisse erwerben kann, welche ich f\u00fcr ein Psychologiestudium brauche? (<i>Ohne sehr gute Sprachkenntnisse geht es in diesem Studium nicht weiter!<\/i>) Wie kann ich das Jahr vorab schon gut organisieren? Welche Praktika und Zusatzqualifikationen brauche ich, um m\u00f6glichst gute Chancen zu haben, in meinem \u201eTraumland\u201c als Au Pair zu arbeiten? (<i>Praktikum in einem Kinderkrankenhaus oder Kindergarten und der Babysitterkurs bringen einen z.B. dem Ziel erheblich n\u00e4her!<\/i>) Wo studiere ich das Fach am besten? (<i>Uni-Ranking?)<\/i> Gibt es Unterschiede beim Numerus Clausus an den verschiedenen westf\u00e4lischen Universit\u00e4ten? (<i>Ja, gibt es.<\/i>)<\/p>\n<p align=\"justify\"><img data-recalc-dims=\"1\" loading=\"lazy\" decoding=\"async\" style=\"background-image: none; margin: 0px 0px 0px 10px; padding-left: 0px; padding-right: 0px; display: inline; float: right; padding-top: 0px; border: 0px;\" title=\"clip_image008[4]\" alt=\"clip_image008[4]\" src=\"https:\/\/i0.wp.com\/gesamtschule-eiserfeld.de\/wp-content\/uploads\/2013\/02\/clip_image0084.jpg?resize=304%2C228\" width=\"304\" height=\"228\" align=\"right\" border=\"0\" \/><\/p>\n<p align=\"justify\">Welche Schulen gibt es in Deutschland, wenn man Design studieren m\u00f6chte? (<i>Sehr unterschiedliche, auch von den Voraussetzungen her!<\/i>) Welche Qualifikationen muss ich mitbringen? (<i>Bei manchen kann man bereits mit FOR einsteigen, dann dauert die Ausbildung l\u00e4nger und ist ca. 1500 Euro pro Jahr teurer als mit dem Abitur.<\/i>) Brauche ich eine Bewerbungsmappe? Gibt es preisg\u00fcnstige Mappentrainings? Kann ich vielleicht an einer Schule hospitieren? (<i>Ja, ist sogar sehr erw\u00fcnscht, bis zu einer Woche kann man am normalen Studienbetrieb teilnehmen. Man sollte sich anmelden. Besonders sch\u00f6n: Diese Schulen haben andere Ferien. Man kann also in den Oster-, Sommer- oder vor allem in den Herbstferien dort eine Woche schnuppern!<\/i>) Wie viel Schulgeld kostet das? (<i>Das Spektrum ist sehr gro\u00df \u2013 manche Schulen bieten Stipendien, wenn man ein sehr gutes Abiturzeugnis mitbringt oder wenn man ein gutes Zeugnis hat und an der Schule gute Leistungen erbringt.<\/i>)<\/p>\n<p align=\"justify\">Welche Betriebe bieten duale Ausbildungsg\u00e4nge an und welche Hochschulen sind mit Betrieben vernetzt? Welche dieser Betriebe gibt es in meiner Region? (<i>Dazu gibt es Listen! &#8211; Die FOM zum Beispiel, eine anerkannte Hochschule, wo man berufsbegleitend studieren kann, hat ihren Sitz in Siegen und stellt sich gerne an den Schulen vor. Auch \u00fcber die IHK kann man weiterkommen.<\/i>)<\/p>\n<p align=\"justify\">Gibt es Betriebe in der Region, wo man sich jetzt noch bewerben kann f\u00fcr den kommenden August? (<i>Ja, zum Beispiel die Firma Peek und Cloppenburg hat entsprechendes Material bereitgestellt, das man ab Montag im Praktikumsb\u00fcro bei Herrn Dilling einsehen kann<\/i>.)<\/p>\n<p align=\"justify\"><img data-recalc-dims=\"1\" loading=\"lazy\" decoding=\"async\" style=\"background-image: none; margin: 0px 10px 0px 0px; padding-left: 0px; padding-right: 0px; display: inline; float: left; padding-top: 0px; border: 0px;\" title=\"clip_image010[4]\" alt=\"clip_image010[4]\" src=\"https:\/\/i0.wp.com\/gesamtschule-eiserfeld.de\/wp-content\/uploads\/2013\/02\/clip_image0104.jpg?resize=216%2C288\" width=\"216\" height=\"288\" align=\"left\" border=\"0\" \/><\/p>\n<p align=\"justify\">Ich m\u00f6chte gerne Pilot werden oder Fluglotse, aber daf\u00fcr muss ich ziemlich harte Bewerbungstests schaffen! (<i>Auf der Messe wurden Testtrainingsb\u00fccher vorgestellt, ebenso f\u00fcr Bankkaufleute, B\u00fcrokaufleute, Assessment-Trainings und so weiter<\/i>.)<\/p>\n<p align=\"justify\">Viele Fragen, aber auch viele Antworten. Wer sich gut vorbereitet hatte und gezielt fragte, bekam auch weiterf\u00fchrende Antworten. Hinzu kamen mehrere Haltepunkte, an denen zeitgleich an beiden Tagen etwa hundert unterschiedlichste Vortr\u00e4ge angeboten wurden. Wer sich vorher im Internet informiert hatte, konnte hier wichtige Informationen zu seiner Berufswahl finden, so etwa wurde f\u00fcr Interessierte zuk\u00fcnftige Lehrer ein allgemeiner Vortrag angeboten (<i>Lehrer\/ Lehrerin, ein Zukunftsberuf f\u00fcr mich? Prognosen und Eignungsvoraussetzungen &#8211;<\/i> <i>und bei 37 Ausstellern konnte man sich allein \u00fcber dieses Studium informieren<\/i>).<\/p>\n<p align=\"justify\"><b>Die n\u00e4chsten Messetermine: <\/b><\/p>\n<p align=\"justify\">Einstieg Frankfurt: 26. und 27. April 2013<\/p>\n<p align=\"justify\">Einstieg Dortmund: 20. und 21. September 2013<\/p>\n<p align=\"justify\">Einstieg K\u00f6ln: 7. und 8. Februar 2014<\/p>\n<p align=\"justify\"><a href=\"http:\/\/gee.nw.lo-net2.de\/mein-11-lk-pa\/.ws_gen\/\">Hier auch der Link zu den Berufswahlinfos im LoNet<\/a>.<\/p>\n<p align=\"justify\">(03.02.2013, Meinhardt)<\/p>\n","protected":false},"excerpt":{"rendered":"<p>[03.02.2013, F. Meinhardt] 329 Hochschulen, Unternehmen, Verb\u00e4nde und Beratungsinstitutionen aus zehn L\u00e4ndern haben am 1. und 2. Februar in K\u00f6ln Sch\u00fcler, Eltern und Lehrer Informationen zu Ausbildung, Studium, Beruf und Auslandsaufenthalt angeboten. Allein in Nordrhein-Westfalen gibt es 1.829 grundst\u00e4ndige Studieng\u00e4nge an 63 Hochschulen, im letzten Jahr mit mehr als 100 000 Studienanf\u00e4ngern. Der Ansturm wird &hellip; <a href=\"https:\/\/www.gesamtschule-eiserfeld.de\/?p=2174\" class=\"more-link\"><span class=\"screen-reader-text\">EINSTIEG K&ouml;ln<\/span> weiterlesen <span class=\"meta-nav\">&rarr;<\/span><\/a><\/p>\n","protected":false},"author":9,"featured_media":0,"comment_status":"closed","ping_status":"open","sticky":false,"template":"","format":"standard","meta":{"jetpack_post_was_ever_published":false,"_jetpack_newsletter_access":"","_jetpack_dont_email_post_to_subs":false,"_jetpack_newsletter_tier_id":0,"_jetpack_memberships_contains_paywalled_content":false,"_jetpack_memberships_contains_paid_content":false,"footnotes":"","jetpack_publicize_message":"","jetpack_publicize_feature_enabled":true,"jetpack_social_post_already_shared":true,"jetpack_social_options":{"image_generator_settings":{"template":"highway","default_image_id":0,"font":"","enabled":false},"version":2}},"categories":[18,26],"tags":[],"class_list":["post-2174","post","type-post","status-publish","format-standard","hentry","category-exkursion","category-sekundarstufe-ii"],"yoast_head":"<!-- This site is optimized with the Yoast SEO plugin v27.4 - https:\/\/yoast.com\/product\/yoast-seo-wordpress\/ -->\n<title>EINSTIEG K&ouml;ln - Gesamtschule Eiserfeld<\/title>\n<meta name=\"robots\" content=\"index, follow, max-snippet:-1, max-image-preview:large, max-video-preview:-1\" \/>\n<link rel=\"canonical\" href=\"https:\/\/www.gesamtschule-eiserfeld.de\/?p=2174\" \/>\n<meta property=\"og:locale\" content=\"de_DE\" \/>\n<meta property=\"og:type\" content=\"article\" \/>\n<meta property=\"og:title\" content=\"EINSTIEG K&ouml;ln - Gesamtschule Eiserfeld\" \/>\n<meta property=\"og:description\" content=\"[03.02.2013, F. Meinhardt] 329 Hochschulen, Unternehmen, Verb\u00e4nde und Beratungsinstitutionen aus zehn L\u00e4ndern haben am 1. und 2. Februar in K\u00f6ln Sch\u00fcler, Eltern und Lehrer Informationen zu Ausbildung, Studium, Beruf und Auslandsaufenthalt angeboten. Allein in Nordrhein-Westfalen gibt es 1.829 grundst\u00e4ndige Studieng\u00e4nge an 63 Hochschulen, im letzten Jahr mit mehr als 100 000 Studienanf\u00e4ngern. Der Ansturm wird &hellip; EINSTIEG K&ouml;ln weiterlesen &rarr;\" \/>\n<meta property=\"og:url\" content=\"https:\/\/www.gesamtschule-eiserfeld.de\/?p=2174\" \/>\n<meta property=\"og:site_name\" content=\"Gesamtschule Eiserfeld\" \/>\n<meta property=\"article:publisher\" content=\"https:\/\/www.facebook.com\/GEEiserfeld\" \/>\n<meta property=\"article:published_time\" content=\"2013-02-03T13:52:59+00:00\" \/>\n<meta property=\"article:modified_time\" content=\"2013-02-25T18:08:38+00:00\" \/>\n<meta property=\"og:image\" content=\"http:\/\/gesamtschule-eiserfeld.de\/wp-content\/uploads\/2013\/02\/clip_image0024.jpg\" \/>\n<meta name=\"author\" content=\"dorw\" \/>\n<meta name=\"twitter:card\" content=\"summary_large_image\" \/>\n<meta name=\"twitter:label1\" content=\"Verfasst von\" \/>\n\t<meta name=\"twitter:data1\" content=\"dorw\" \/>\n\t<meta name=\"twitter:label2\" content=\"Gesch\u00e4tzte Lesezeit\" \/>\n\t<meta name=\"twitter:data2\" content=\"4\u00a0Minuten\" \/>\n<script type=\"application\/ld+json\" class=\"yoast-schema-graph\">{\"@context\":\"https:\\\/\\\/schema.org\",\"@graph\":[{\"@type\":\"Article\",\"@id\":\"https:\\\/\\\/www.gesamtschule-eiserfeld.de\\\/?p=2174#article\",\"isPartOf\":{\"@id\":\"https:\\\/\\\/www.gesamtschule-eiserfeld.de\\\/?p=2174\"},\"author\":{\"name\":\"dorw\",\"@id\":\"https:\\\/\\\/www.gesamtschule-eiserfeld.de\\\/#\\\/schema\\\/person\\\/9f37123dd2ff514a1346db435bdb3784\"},\"headline\":\"EINSTIEG K&ouml;ln\",\"datePublished\":\"2013-02-03T13:52:59+00:00\",\"dateModified\":\"2013-02-25T18:08:38+00:00\",\"mainEntityOfPage\":{\"@id\":\"https:\\\/\\\/www.gesamtschule-eiserfeld.de\\\/?p=2174\"},\"wordCount\":725,\"publisher\":{\"@id\":\"https:\\\/\\\/www.gesamtschule-eiserfeld.de\\\/#organization\"},\"image\":{\"@id\":\"https:\\\/\\\/www.gesamtschule-eiserfeld.de\\\/?p=2174#primaryimage\"},\"thumbnailUrl\":\"http:\\\/\\\/gesamtschule-eiserfeld.de\\\/wp-content\\\/uploads\\\/2013\\\/02\\\/clip_image0024.jpg\",\"articleSection\":[\"Exkursion\",\"Sekundarstufe II\"],\"inLanguage\":\"de\"},{\"@type\":\"WebPage\",\"@id\":\"https:\\\/\\\/www.gesamtschule-eiserfeld.de\\\/?p=2174\",\"url\":\"https:\\\/\\\/www.gesamtschule-eiserfeld.de\\\/?p=2174\",\"name\":\"EINSTIEG K&ouml;ln - Gesamtschule Eiserfeld\",\"isPartOf\":{\"@id\":\"https:\\\/\\\/www.gesamtschule-eiserfeld.de\\\/#website\"},\"primaryImageOfPage\":{\"@id\":\"https:\\\/\\\/www.gesamtschule-eiserfeld.de\\\/?p=2174#primaryimage\"},\"image\":{\"@id\":\"https:\\\/\\\/www.gesamtschule-eiserfeld.de\\\/?p=2174#primaryimage\"},\"thumbnailUrl\":\"http:\\\/\\\/gesamtschule-eiserfeld.de\\\/wp-content\\\/uploads\\\/2013\\\/02\\\/clip_image0024.jpg\",\"datePublished\":\"2013-02-03T13:52:59+00:00\",\"dateModified\":\"2013-02-25T18:08:38+00:00\",\"breadcrumb\":{\"@id\":\"https:\\\/\\\/www.gesamtschule-eiserfeld.de\\\/?p=2174#breadcrumb\"},\"inLanguage\":\"de\",\"potentialAction\":[{\"@type\":\"ReadAction\",\"target\":[\"https:\\\/\\\/www.gesamtschule-eiserfeld.de\\\/?p=2174\"]}]},{\"@type\":\"ImageObject\",\"inLanguage\":\"de\",\"@id\":\"https:\\\/\\\/www.gesamtschule-eiserfeld.de\\\/?p=2174#primaryimage\",\"url\":\"http:\\\/\\\/gesamtschule-eiserfeld.de\\\/wp-content\\\/uploads\\\/2013\\\/02\\\/clip_image0024.jpg\",\"contentUrl\":\"http:\\\/\\\/gesamtschule-eiserfeld.de\\\/wp-content\\\/uploads\\\/2013\\\/02\\\/clip_image0024.jpg\"},{\"@type\":\"BreadcrumbList\",\"@id\":\"https:\\\/\\\/www.gesamtschule-eiserfeld.de\\\/?p=2174#breadcrumb\",\"itemListElement\":[{\"@type\":\"ListItem\",\"position\":1,\"name\":\"Startseite\",\"item\":\"https:\\\/\\\/www.gesamtschule-eiserfeld.de\\\/\"},{\"@type\":\"ListItem\",\"position\":2,\"name\":\"EINSTIEG K&ouml;ln\"}]},{\"@type\":\"WebSite\",\"@id\":\"https:\\\/\\\/www.gesamtschule-eiserfeld.de\\\/#website\",\"url\":\"https:\\\/\\\/www.gesamtschule-eiserfeld.de\\\/\",\"name\":\"Gesamtschule Eiserfeld\",\"description\":\"\",\"publisher\":{\"@id\":\"https:\\\/\\\/www.gesamtschule-eiserfeld.de\\\/#organization\"},\"potentialAction\":[{\"@type\":\"SearchAction\",\"target\":{\"@type\":\"EntryPoint\",\"urlTemplate\":\"https:\\\/\\\/www.gesamtschule-eiserfeld.de\\\/?s={search_term_string}\"},\"query-input\":{\"@type\":\"PropertyValueSpecification\",\"valueRequired\":true,\"valueName\":\"search_term_string\"}}],\"inLanguage\":\"de\"},{\"@type\":\"Organization\",\"@id\":\"https:\\\/\\\/www.gesamtschule-eiserfeld.de\\\/#organization\",\"name\":\"Gesamtschule Eiserfeld\",\"url\":\"https:\\\/\\\/www.gesamtschule-eiserfeld.de\\\/\",\"logo\":{\"@type\":\"ImageObject\",\"inLanguage\":\"de\",\"@id\":\"https:\\\/\\\/www.gesamtschule-eiserfeld.de\\\/#\\\/schema\\\/logo\\\/image\\\/\",\"url\":\"https:\\\/\\\/i1.wp.com\\\/www.gesamtschule-eiserfeld.de\\\/wp-content\\\/uploads\\\/2019\\\/01\\\/GEE-Logo-neu.jpg?fit=436%2C126&ssl=1\",\"contentUrl\":\"https:\\\/\\\/i1.wp.com\\\/www.gesamtschule-eiserfeld.de\\\/wp-content\\\/uploads\\\/2019\\\/01\\\/GEE-Logo-neu.jpg?fit=436%2C126&ssl=1\",\"width\":436,\"height\":126,\"caption\":\"Gesamtschule Eiserfeld\"},\"image\":{\"@id\":\"https:\\\/\\\/www.gesamtschule-eiserfeld.de\\\/#\\\/schema\\\/logo\\\/image\\\/\"},\"sameAs\":[\"https:\\\/\\\/www.facebook.com\\\/GEEiserfeld\"]},{\"@type\":\"Person\",\"@id\":\"https:\\\/\\\/www.gesamtschule-eiserfeld.de\\\/#\\\/schema\\\/person\\\/9f37123dd2ff514a1346db435bdb3784\",\"name\":\"dorw\",\"sameAs\":[\"http:\\\/\\\/www.ge-eiserfeld.de\"],\"url\":\"https:\\\/\\\/www.gesamtschule-eiserfeld.de\\\/?author=9\"}]}<\/script>\n<!-- \/ Yoast SEO plugin. -->","yoast_head_json":{"title":"EINSTIEG K&ouml;ln - Gesamtschule Eiserfeld","robots":{"index":"index","follow":"follow","max-snippet":"max-snippet:-1","max-image-preview":"max-image-preview:large","max-video-preview":"max-video-preview:-1"},"canonical":"https:\/\/www.gesamtschule-eiserfeld.de\/?p=2174","og_locale":"de_DE","og_type":"article","og_title":"EINSTIEG K&ouml;ln - Gesamtschule Eiserfeld","og_description":"[03.02.2013, F. Meinhardt] 329 Hochschulen, Unternehmen, Verb\u00e4nde und Beratungsinstitutionen aus zehn L\u00e4ndern haben am 1. und 2. Februar in K\u00f6ln Sch\u00fcler, Eltern und Lehrer Informationen zu Ausbildung, Studium, Beruf und Auslandsaufenthalt angeboten. Allein in Nordrhein-Westfalen gibt es 1.829 grundst\u00e4ndige Studieng\u00e4nge an 63 Hochschulen, im letzten Jahr mit mehr als 100 000 Studienanf\u00e4ngern. Der Ansturm wird &hellip; EINSTIEG K&ouml;ln weiterlesen &rarr;","og_url":"https:\/\/www.gesamtschule-eiserfeld.de\/?p=2174","og_site_name":"Gesamtschule Eiserfeld","article_publisher":"https:\/\/www.facebook.com\/GEEiserfeld","article_published_time":"2013-02-03T13:52:59+00:00","article_modified_time":"2013-02-25T18:08:38+00:00","og_image":[{"url":"http:\/\/gesamtschule-eiserfeld.de\/wp-content\/uploads\/2013\/02\/clip_image0024.jpg","type":"","width":"","height":""}],"author":"dorw","twitter_card":"summary_large_image","twitter_misc":{"Verfasst von":"dorw","Gesch\u00e4tzte Lesezeit":"4\u00a0Minuten"},"schema":{"@context":"https:\/\/schema.org","@graph":[{"@type":"Article","@id":"https:\/\/www.gesamtschule-eiserfeld.de\/?p=2174#article","isPartOf":{"@id":"https:\/\/www.gesamtschule-eiserfeld.de\/?p=2174"},"author":{"name":"dorw","@id":"https:\/\/www.gesamtschule-eiserfeld.de\/#\/schema\/person\/9f37123dd2ff514a1346db435bdb3784"},"headline":"EINSTIEG K&ouml;ln","datePublished":"2013-02-03T13:52:59+00:00","dateModified":"2013-02-25T18:08:38+00:00","mainEntityOfPage":{"@id":"https:\/\/www.gesamtschule-eiserfeld.de\/?p=2174"},"wordCount":725,"publisher":{"@id":"https:\/\/www.gesamtschule-eiserfeld.de\/#organization"},"image":{"@id":"https:\/\/www.gesamtschule-eiserfeld.de\/?p=2174#primaryimage"},"thumbnailUrl":"http:\/\/gesamtschule-eiserfeld.de\/wp-content\/uploads\/2013\/02\/clip_image0024.jpg","articleSection":["Exkursion","Sekundarstufe II"],"inLanguage":"de"},{"@type":"WebPage","@id":"https:\/\/www.gesamtschule-eiserfeld.de\/?p=2174","url":"https:\/\/www.gesamtschule-eiserfeld.de\/?p=2174","name":"EINSTIEG K&ouml;ln - Gesamtschule Eiserfeld","isPartOf":{"@id":"https:\/\/www.gesamtschule-eiserfeld.de\/#website"},"primaryImageOfPage":{"@id":"https:\/\/www.gesamtschule-eiserfeld.de\/?p=2174#primaryimage"},"image":{"@id":"https:\/\/www.gesamtschule-eiserfeld.de\/?p=2174#primaryimage"},"thumbnailUrl":"http:\/\/gesamtschule-eiserfeld.de\/wp-content\/uploads\/2013\/02\/clip_image0024.jpg","datePublished":"2013-02-03T13:52:59+00:00","dateModified":"2013-02-25T18:08:38+00:00","breadcrumb":{"@id":"https:\/\/www.gesamtschule-eiserfeld.de\/?p=2174#breadcrumb"},"inLanguage":"de","potentialAction":[{"@type":"ReadAction","target":["https:\/\/www.gesamtschule-eiserfeld.de\/?p=2174"]}]},{"@type":"ImageObject","inLanguage":"de","@id":"https:\/\/www.gesamtschule-eiserfeld.de\/?p=2174#primaryimage","url":"http:\/\/gesamtschule-eiserfeld.de\/wp-content\/uploads\/2013\/02\/clip_image0024.jpg","contentUrl":"http:\/\/gesamtschule-eiserfeld.de\/wp-content\/uploads\/2013\/02\/clip_image0024.jpg"},{"@type":"BreadcrumbList","@id":"https:\/\/www.gesamtschule-eiserfeld.de\/?p=2174#breadcrumb","itemListElement":[{"@type":"ListItem","position":1,"name":"Startseite","item":"https:\/\/www.gesamtschule-eiserfeld.de\/"},{"@type":"ListItem","position":2,"name":"EINSTIEG K&ouml;ln"}]},{"@type":"WebSite","@id":"https:\/\/www.gesamtschule-eiserfeld.de\/#website","url":"https:\/\/www.gesamtschule-eiserfeld.de\/","name":"Gesamtschule Eiserfeld","description":"","publisher":{"@id":"https:\/\/www.gesamtschule-eiserfeld.de\/#organization"},"potentialAction":[{"@type":"SearchAction","target":{"@type":"EntryPoint","urlTemplate":"https:\/\/www.gesamtschule-eiserfeld.de\/?s={search_term_string}"},"query-input":{"@type":"PropertyValueSpecification","valueRequired":true,"valueName":"search_term_string"}}],"inLanguage":"de"},{"@type":"Organization","@id":"https:\/\/www.gesamtschule-eiserfeld.de\/#organization","name":"Gesamtschule Eiserfeld","url":"https:\/\/www.gesamtschule-eiserfeld.de\/","logo":{"@type":"ImageObject","inLanguage":"de","@id":"https:\/\/www.gesamtschule-eiserfeld.de\/#\/schema\/logo\/image\/","url":"https:\/\/i1.wp.com\/www.gesamtschule-eiserfeld.de\/wp-content\/uploads\/2019\/01\/GEE-Logo-neu.jpg?fit=436%2C126&ssl=1","contentUrl":"https:\/\/i1.wp.com\/www.gesamtschule-eiserfeld.de\/wp-content\/uploads\/2019\/01\/GEE-Logo-neu.jpg?fit=436%2C126&ssl=1","width":436,"height":126,"caption":"Gesamtschule Eiserfeld"},"image":{"@id":"https:\/\/www.gesamtschule-eiserfeld.de\/#\/schema\/logo\/image\/"},"sameAs":["https:\/\/www.facebook.com\/GEEiserfeld"]},{"@type":"Person","@id":"https:\/\/www.gesamtschule-eiserfeld.de\/#\/schema\/person\/9f37123dd2ff514a1346db435bdb3784","name":"dorw","sameAs":["http:\/\/www.ge-eiserfeld.de"],"url":"https:\/\/www.gesamtschule-eiserfeld.de\/?author=9"}]}},"jetpack_publicize_connections":[],"jetpack_featured_media_url":"","jetpack_shortlink":"https:\/\/wp.me\/p2weeL-z4","jetpack_sharing_enabled":true,"_links":{"self":[{"href":"https:\/\/www.gesamtschule-eiserfeld.de\/index.php?rest_route=\/wp\/v2\/posts\/2174","targetHints":{"allow":["GET"]}}],"collection":[{"href":"https:\/\/www.gesamtschule-eiserfeld.de\/index.php?rest_route=\/wp\/v2\/posts"}],"about":[{"href":"https:\/\/www.gesamtschule-eiserfeld.de\/index.php?rest_route=\/wp\/v2\/types\/post"}],"author":[{"embeddable":true,"href":"https:\/\/www.gesamtschule-eiserfeld.de\/index.php?rest_route=\/wp\/v2\/users\/9"}],"replies":[{"embeddable":true,"href":"https:\/\/www.gesamtschule-eiserfeld.de\/index.php?rest_route=%2Fwp%2Fv2%2Fcomments&post=2174"}],"version-history":[{"count":0,"href":"https:\/\/www.gesamtschule-eiserfeld.de\/index.php?rest_route=\/wp\/v2\/posts\/2174\/revisions"}],"wp:attachment":[{"href":"https:\/\/www.gesamtschule-eiserfeld.de\/index.php?rest_route=%2Fwp%2Fv2%2Fmedia&parent=2174"}],"wp:term":[{"taxonomy":"category","embeddable":true,"href":"https:\/\/www.gesamtschule-eiserfeld.de\/index.php?rest_route=%2Fwp%2Fv2%2Fcategories&post=2174"},{"taxonomy":"post_tag","embeddable":true,"href":"https:\/\/www.gesamtschule-eiserfeld.de\/index.php?rest_route=%2Fwp%2Fv2%2Ftags&post=2174"}],"curies":[{"name":"wp","href":"https:\/\/api.w.org\/{rel}","templated":true}]}}