{"id":2220,"date":"2013-02-26T20:31:00","date_gmt":"2013-02-26T19:31:00","guid":{"rendered":"http:\/\/ge-eiserfeld.de\/?p=2220"},"modified":"2013-02-27T21:22:38","modified_gmt":"2013-02-27T20:22:38","slug":"ausflug-des-pdagogik-lk-12-an-eine-montessori-grundschule","status":"publish","type":"post","link":"https:\/\/www.gesamtschule-eiserfeld.de\/?p=2220","title":{"rendered":"Ausflug des P&auml;dagogik LK 12 an eine Montessori-Grundschule"},"content":{"rendered":"<p align=\"justify\"><a href=\"https:\/\/i0.wp.com\/gesamtschule-eiserfeld.de\/wp-content\/uploads\/2013\/02\/2013-02-21-10.49.19_thumb.jpg\"><img data-recalc-dims=\"1\" loading=\"lazy\" decoding=\"async\" data-attachment-id=\"2219\" data-permalink=\"https:\/\/www.gesamtschule-eiserfeld.de\/?attachment_id=2219\" data-orig-file=\"https:\/\/i0.wp.com\/www.gesamtschule-eiserfeld.de\/wp-content\/uploads\/2013\/02\/2013-02-21-10.49.19_thumb.jpg?fit=410%2C308&amp;ssl=1\" data-orig-size=\"410,308\" data-comments-opened=\"0\" data-image-meta=\"{&quot;aperture&quot;:&quot;0&quot;,&quot;credit&quot;:&quot;&quot;,&quot;camera&quot;:&quot;&quot;,&quot;caption&quot;:&quot;&quot;,&quot;created_timestamp&quot;:&quot;0&quot;,&quot;copyright&quot;:&quot;&quot;,&quot;focal_length&quot;:&quot;0&quot;,&quot;iso&quot;:&quot;0&quot;,&quot;shutter_speed&quot;:&quot;0&quot;,&quot;title&quot;:&quot;&quot;}\" data-image-title=\"2013-02-21-10.49.19_thumb.jpg\" data-image-description=\"\" data-image-caption=\"\" data-large-file=\"https:\/\/i0.wp.com\/www.gesamtschule-eiserfeld.de\/wp-content\/uploads\/2013\/02\/2013-02-21-10.49.19_thumb.jpg?fit=410%2C308&amp;ssl=1\" class=\"alignleft  wp-image-2219\" style=\"background-image: none; margin: 0px 10px 0px 0px; padding-left: 0px; padding-right: 0px; display: inline; padding-top: 0px; border: 0px none;\" alt=\"2013-02-21-10.49.19_thumb.jpg\" src=\"https:\/\/i0.wp.com\/gesamtschule-eiserfeld.de\/wp-content\/uploads\/2013\/02\/2013-02-21-10.49.19_thumb.jpg?resize=179%2C135\" width=\"179\" height=\"135\" srcset=\"https:\/\/i0.wp.com\/www.gesamtschule-eiserfeld.de\/wp-content\/uploads\/2013\/02\/2013-02-21-10.49.19_thumb.jpg?w=410&amp;ssl=1 410w, https:\/\/i0.wp.com\/www.gesamtschule-eiserfeld.de\/wp-content\/uploads\/2013\/02\/2013-02-21-10.49.19_thumb.jpg?resize=200%2C150&amp;ssl=1 200w, https:\/\/i0.wp.com\/www.gesamtschule-eiserfeld.de\/wp-content\/uploads\/2013\/02\/2013-02-21-10.49.19_thumb.jpg?resize=300%2C225&amp;ssl=1 300w\" sizes=\"auto, (max-width: 179px) 100vw, 179px\" \/><\/a><span style=\"font-size: x-small;\"><em>[22.02.2013, M. H\u00fclle]<\/em><\/span> Der P\u00e4dagogik LK 12 hat sich mit dem genuin p\u00e4dagogischen Thema, der Montessori-P\u00e4dagogik, im letzten Schulhalbjahr unter der Leitung von Frau Goldfisch befasst. Mit theoretischem Hintergrundwissen gut ger\u00fcstet, haben die Sch\u00fclerinnen und Sch\u00fcler am letzten Donnerstag die Lindenbergschule, eine Montessori-Grundschule, besucht.<!--more--><\/p>\n<p align=\"justify\"><i>Maria Montessori? Maria Montessori, eine Frau der Superlative: Sie war die erste Frau Italiens, die 1896 einen Doktortitel in der Medizin erwarb. W\u00e4hrend ihrer T\u00e4tigkeit als Assistenz\u00e4rztin an einer r\u00f6mischen Universit\u00e4tskinderklinik entdeckte sie einen den Kindern innewohnenden Eigenantrieb und T\u00e4tigkeitsdrang. Aus dieser Beobachtung heraus entwickelte sich ihre bis heute weltweit bekannte und erfolgreiche Montessori-P\u00e4dagogik, die sich an dem Kinde und seinen Bed\u00fcrfnissen orientiert.<\/i><\/p>\n<p align=\"justify\"><a href=\"https:\/\/i0.wp.com\/gesamtschule-eiserfeld.de\/wp-content\/uploads\/2013\/02\/2013-02-21-10.49.19.jpg\"><img data-recalc-dims=\"1\" loading=\"lazy\" decoding=\"async\" style=\"background-image: none; margin: 0px 0px 0px 10px; padding-left: 0px; padding-right: 0px; display: inline; float: right; padding-top: 0px; border: 0px;\" title=\"2013-02-21 10.49.19\" alt=\"2013-02-21 10.49.19\" src=\"https:\/\/i0.wp.com\/gesamtschule-eiserfeld.de\/wp-content\/uploads\/2013\/02\/2013-02-21-10.49.19_thumb.jpg?resize=410%2C308\" width=\"410\" height=\"308\" align=\"right\" border=\"0\" \/><\/a>Die ersten zwei Unterrichtsstunden hatten die Sch\u00fclerinnen und Sch\u00fcler der Gesamtschule Eiserfeld zun\u00e4chst die M\u00f6glichkeit, die Grundschulklassen zu beobachten \u2013 wie verhalten sich die Kinder in Freiarbeitsphasen? Mit welchem Material wird gearbeitet? Wie ist die Rolle der Lehrperson? All diese Aspekte, die bereits aus dem Unterricht bekannt waren, konnten nun in der Montessori-Grundschule beobachtet werden. Kinder unterschiedlichen Alters befassen sich in Freiarbeitsphasen eigenst\u00e4ndig mit Materialien und Themen ihrer Wahl \u2013 ein Bild, das viele Sch\u00fclerinnen und Sch\u00fcler des P\u00e4dagogik LK 12 ins Staunen versetzte. W\u00e4hrend der Hospitationsphase gewannen die Sch\u00fclerinnen und Sch\u00fcler viele Eindr\u00fccke und entwickelten zahlreiche Fragen, die im Anschluss gemeinsam mit Frau Kr\u00e4mer, der Schulleiterin der Lindenbergschule, besprochen wurden. Insgesamt hat der Ausflug an die Lindenbergschule den Sch\u00fclerinnen und Sch\u00fclern einen differenzierteren Einblick in die Montessori-P\u00e4dagogik und ihre Praxis erm\u00f6glicht, wobei besonders die St\u00e4rken dieser P\u00e4dagogik deutlich wurden.<\/p>\n<p align=\"justify\">(22.02.2013, M. H\u00fclle)<\/p>\n","protected":false},"excerpt":{"rendered":"<p>[22.02.2013, M. H\u00fclle] Der P\u00e4dagogik LK 12 hat sich mit dem genuin p\u00e4dagogischen Thema, der Montessori-P\u00e4dagogik, im letzten Schulhalbjahr unter der Leitung von Frau Goldfisch befasst. Mit theoretischem Hintergrundwissen gut ger\u00fcstet, haben die Sch\u00fclerinnen und Sch\u00fcler am letzten Donnerstag die Lindenbergschule, eine Montessori-Grundschule, besucht.<\/p>\n","protected":false},"author":9,"featured_media":0,"comment_status":"closed","ping_status":"open","sticky":false,"template":"","format":"standard","meta":{"jetpack_post_was_ever_published":false,"_jetpack_newsletter_access":"","_jetpack_dont_email_post_to_subs":false,"_jetpack_newsletter_tier_id":0,"_jetpack_memberships_contains_paywalled_content":false,"_jetpack_memberships_contains_paid_content":false,"footnotes":"","jetpack_publicize_message":"","jetpack_publicize_feature_enabled":true,"jetpack_social_post_already_shared":true,"jetpack_social_options":{"image_generator_settings":{"template":"highway","default_image_id":0,"font":"","enabled":false},"version":2}},"categories":[18,26],"tags":[],"class_list":["post-2220","post","type-post","status-publish","format-standard","hentry","category-exkursion","category-sekundarstufe-ii"],"yoast_head":"<!-- This site is optimized with the Yoast SEO plugin v27.4 - https:\/\/yoast.com\/product\/yoast-seo-wordpress\/ -->\n<title>Ausflug des P&auml;dagogik LK 12 an eine Montessori-Grundschule - Gesamtschule Eiserfeld<\/title>\n<meta name=\"robots\" content=\"index, follow, max-snippet:-1, max-image-preview:large, max-video-preview:-1\" \/>\n<link rel=\"canonical\" href=\"https:\/\/www.gesamtschule-eiserfeld.de\/?p=2220\" \/>\n<meta property=\"og:locale\" content=\"de_DE\" \/>\n<meta property=\"og:type\" content=\"article\" \/>\n<meta property=\"og:title\" content=\"Ausflug des P&auml;dagogik LK 12 an eine Montessori-Grundschule - Gesamtschule Eiserfeld\" \/>\n<meta property=\"og:description\" content=\"[22.02.2013, M. H\u00fclle] Der P\u00e4dagogik LK 12 hat sich mit dem genuin p\u00e4dagogischen Thema, der Montessori-P\u00e4dagogik, im letzten Schulhalbjahr unter der Leitung von Frau Goldfisch befasst. Mit theoretischem Hintergrundwissen gut ger\u00fcstet, haben die Sch\u00fclerinnen und Sch\u00fcler am letzten Donnerstag die Lindenbergschule, eine Montessori-Grundschule, besucht.\" \/>\n<meta property=\"og:url\" content=\"https:\/\/www.gesamtschule-eiserfeld.de\/?p=2220\" \/>\n<meta property=\"og:site_name\" content=\"Gesamtschule Eiserfeld\" \/>\n<meta property=\"article:publisher\" content=\"https:\/\/www.facebook.com\/GEEiserfeld\" \/>\n<meta property=\"article:published_time\" content=\"2013-02-26T19:31:00+00:00\" \/>\n<meta property=\"article:modified_time\" content=\"2013-02-27T20:22:38+00:00\" \/>\n<meta property=\"og:image\" content=\"http:\/\/gesamtschule-eiserfeld.de\/wp-content\/uploads\/2013\/02\/2013-02-21-10.49.19_thumb.jpg\" \/>\n<meta name=\"author\" content=\"dorw\" \/>\n<meta name=\"twitter:card\" content=\"summary_large_image\" \/>\n<meta name=\"twitter:label1\" content=\"Verfasst von\" \/>\n\t<meta name=\"twitter:data1\" content=\"dorw\" \/>\n\t<meta name=\"twitter:label2\" content=\"Gesch\u00e4tzte Lesezeit\" \/>\n\t<meta name=\"twitter:data2\" content=\"1\u00a0Minute\" \/>\n<script type=\"application\/ld+json\" class=\"yoast-schema-graph\">{\"@context\":\"https:\\\/\\\/schema.org\",\"@graph\":[{\"@type\":\"Article\",\"@id\":\"https:\\\/\\\/www.gesamtschule-eiserfeld.de\\\/?p=2220#article\",\"isPartOf\":{\"@id\":\"https:\\\/\\\/www.gesamtschule-eiserfeld.de\\\/?p=2220\"},\"author\":{\"name\":\"dorw\",\"@id\":\"https:\\\/\\\/www.gesamtschule-eiserfeld.de\\\/#\\\/schema\\\/person\\\/9f37123dd2ff514a1346db435bdb3784\"},\"headline\":\"Ausflug des P&auml;dagogik LK 12 an eine Montessori-Grundschule\",\"datePublished\":\"2013-02-26T19:31:00+00:00\",\"dateModified\":\"2013-02-27T20:22:38+00:00\",\"mainEntityOfPage\":{\"@id\":\"https:\\\/\\\/www.gesamtschule-eiserfeld.de\\\/?p=2220\"},\"wordCount\":287,\"publisher\":{\"@id\":\"https:\\\/\\\/www.gesamtschule-eiserfeld.de\\\/#organization\"},\"image\":{\"@id\":\"https:\\\/\\\/www.gesamtschule-eiserfeld.de\\\/?p=2220#primaryimage\"},\"thumbnailUrl\":\"http:\\\/\\\/gesamtschule-eiserfeld.de\\\/wp-content\\\/uploads\\\/2013\\\/02\\\/2013-02-21-10.49.19_thumb.jpg\",\"articleSection\":[\"Exkursion\",\"Sekundarstufe II\"],\"inLanguage\":\"de\"},{\"@type\":\"WebPage\",\"@id\":\"https:\\\/\\\/www.gesamtschule-eiserfeld.de\\\/?p=2220\",\"url\":\"https:\\\/\\\/www.gesamtschule-eiserfeld.de\\\/?p=2220\",\"name\":\"Ausflug des P&auml;dagogik LK 12 an eine Montessori-Grundschule - Gesamtschule Eiserfeld\",\"isPartOf\":{\"@id\":\"https:\\\/\\\/www.gesamtschule-eiserfeld.de\\\/#website\"},\"primaryImageOfPage\":{\"@id\":\"https:\\\/\\\/www.gesamtschule-eiserfeld.de\\\/?p=2220#primaryimage\"},\"image\":{\"@id\":\"https:\\\/\\\/www.gesamtschule-eiserfeld.de\\\/?p=2220#primaryimage\"},\"thumbnailUrl\":\"http:\\\/\\\/gesamtschule-eiserfeld.de\\\/wp-content\\\/uploads\\\/2013\\\/02\\\/2013-02-21-10.49.19_thumb.jpg\",\"datePublished\":\"2013-02-26T19:31:00+00:00\",\"dateModified\":\"2013-02-27T20:22:38+00:00\",\"breadcrumb\":{\"@id\":\"https:\\\/\\\/www.gesamtschule-eiserfeld.de\\\/?p=2220#breadcrumb\"},\"inLanguage\":\"de\",\"potentialAction\":[{\"@type\":\"ReadAction\",\"target\":[\"https:\\\/\\\/www.gesamtschule-eiserfeld.de\\\/?p=2220\"]}]},{\"@type\":\"ImageObject\",\"inLanguage\":\"de\",\"@id\":\"https:\\\/\\\/www.gesamtschule-eiserfeld.de\\\/?p=2220#primaryimage\",\"url\":\"http:\\\/\\\/gesamtschule-eiserfeld.de\\\/wp-content\\\/uploads\\\/2013\\\/02\\\/2013-02-21-10.49.19_thumb.jpg\",\"contentUrl\":\"http:\\\/\\\/gesamtschule-eiserfeld.de\\\/wp-content\\\/uploads\\\/2013\\\/02\\\/2013-02-21-10.49.19_thumb.jpg\"},{\"@type\":\"BreadcrumbList\",\"@id\":\"https:\\\/\\\/www.gesamtschule-eiserfeld.de\\\/?p=2220#breadcrumb\",\"itemListElement\":[{\"@type\":\"ListItem\",\"position\":1,\"name\":\"Startseite\",\"item\":\"https:\\\/\\\/www.gesamtschule-eiserfeld.de\\\/\"},{\"@type\":\"ListItem\",\"position\":2,\"name\":\"Ausflug des P&auml;dagogik LK 12 an eine Montessori-Grundschule\"}]},{\"@type\":\"WebSite\",\"@id\":\"https:\\\/\\\/www.gesamtschule-eiserfeld.de\\\/#website\",\"url\":\"https:\\\/\\\/www.gesamtschule-eiserfeld.de\\\/\",\"name\":\"Gesamtschule Eiserfeld\",\"description\":\"\",\"publisher\":{\"@id\":\"https:\\\/\\\/www.gesamtschule-eiserfeld.de\\\/#organization\"},\"potentialAction\":[{\"@type\":\"SearchAction\",\"target\":{\"@type\":\"EntryPoint\",\"urlTemplate\":\"https:\\\/\\\/www.gesamtschule-eiserfeld.de\\\/?s={search_term_string}\"},\"query-input\":{\"@type\":\"PropertyValueSpecification\",\"valueRequired\":true,\"valueName\":\"search_term_string\"}}],\"inLanguage\":\"de\"},{\"@type\":\"Organization\",\"@id\":\"https:\\\/\\\/www.gesamtschule-eiserfeld.de\\\/#organization\",\"name\":\"Gesamtschule Eiserfeld\",\"url\":\"https:\\\/\\\/www.gesamtschule-eiserfeld.de\\\/\",\"logo\":{\"@type\":\"ImageObject\",\"inLanguage\":\"de\",\"@id\":\"https:\\\/\\\/www.gesamtschule-eiserfeld.de\\\/#\\\/schema\\\/logo\\\/image\\\/\",\"url\":\"https:\\\/\\\/i1.wp.com\\\/www.gesamtschule-eiserfeld.de\\\/wp-content\\\/uploads\\\/2019\\\/01\\\/GEE-Logo-neu.jpg?fit=436%2C126&ssl=1\",\"contentUrl\":\"https:\\\/\\\/i1.wp.com\\\/www.gesamtschule-eiserfeld.de\\\/wp-content\\\/uploads\\\/2019\\\/01\\\/GEE-Logo-neu.jpg?fit=436%2C126&ssl=1\",\"width\":436,\"height\":126,\"caption\":\"Gesamtschule Eiserfeld\"},\"image\":{\"@id\":\"https:\\\/\\\/www.gesamtschule-eiserfeld.de\\\/#\\\/schema\\\/logo\\\/image\\\/\"},\"sameAs\":[\"https:\\\/\\\/www.facebook.com\\\/GEEiserfeld\"]},{\"@type\":\"Person\",\"@id\":\"https:\\\/\\\/www.gesamtschule-eiserfeld.de\\\/#\\\/schema\\\/person\\\/9f37123dd2ff514a1346db435bdb3784\",\"name\":\"dorw\",\"sameAs\":[\"http:\\\/\\\/www.ge-eiserfeld.de\"],\"url\":\"https:\\\/\\\/www.gesamtschule-eiserfeld.de\\\/?author=9\"}]}<\/script>\n<!-- \/ Yoast SEO plugin. -->","yoast_head_json":{"title":"Ausflug des P&auml;dagogik LK 12 an eine Montessori-Grundschule - Gesamtschule Eiserfeld","robots":{"index":"index","follow":"follow","max-snippet":"max-snippet:-1","max-image-preview":"max-image-preview:large","max-video-preview":"max-video-preview:-1"},"canonical":"https:\/\/www.gesamtschule-eiserfeld.de\/?p=2220","og_locale":"de_DE","og_type":"article","og_title":"Ausflug des P&auml;dagogik LK 12 an eine Montessori-Grundschule - Gesamtschule Eiserfeld","og_description":"[22.02.2013, M. H\u00fclle] Der P\u00e4dagogik LK 12 hat sich mit dem genuin p\u00e4dagogischen Thema, der Montessori-P\u00e4dagogik, im letzten Schulhalbjahr unter der Leitung von Frau Goldfisch befasst. Mit theoretischem Hintergrundwissen gut ger\u00fcstet, haben die Sch\u00fclerinnen und Sch\u00fcler am letzten Donnerstag die Lindenbergschule, eine Montessori-Grundschule, besucht.","og_url":"https:\/\/www.gesamtschule-eiserfeld.de\/?p=2220","og_site_name":"Gesamtschule Eiserfeld","article_publisher":"https:\/\/www.facebook.com\/GEEiserfeld","article_published_time":"2013-02-26T19:31:00+00:00","article_modified_time":"2013-02-27T20:22:38+00:00","og_image":[{"url":"http:\/\/gesamtschule-eiserfeld.de\/wp-content\/uploads\/2013\/02\/2013-02-21-10.49.19_thumb.jpg","type":"","width":"","height":""}],"author":"dorw","twitter_card":"summary_large_image","twitter_misc":{"Verfasst von":"dorw","Gesch\u00e4tzte Lesezeit":"1\u00a0Minute"},"schema":{"@context":"https:\/\/schema.org","@graph":[{"@type":"Article","@id":"https:\/\/www.gesamtschule-eiserfeld.de\/?p=2220#article","isPartOf":{"@id":"https:\/\/www.gesamtschule-eiserfeld.de\/?p=2220"},"author":{"name":"dorw","@id":"https:\/\/www.gesamtschule-eiserfeld.de\/#\/schema\/person\/9f37123dd2ff514a1346db435bdb3784"},"headline":"Ausflug des P&auml;dagogik LK 12 an eine Montessori-Grundschule","datePublished":"2013-02-26T19:31:00+00:00","dateModified":"2013-02-27T20:22:38+00:00","mainEntityOfPage":{"@id":"https:\/\/www.gesamtschule-eiserfeld.de\/?p=2220"},"wordCount":287,"publisher":{"@id":"https:\/\/www.gesamtschule-eiserfeld.de\/#organization"},"image":{"@id":"https:\/\/www.gesamtschule-eiserfeld.de\/?p=2220#primaryimage"},"thumbnailUrl":"http:\/\/gesamtschule-eiserfeld.de\/wp-content\/uploads\/2013\/02\/2013-02-21-10.49.19_thumb.jpg","articleSection":["Exkursion","Sekundarstufe II"],"inLanguage":"de"},{"@type":"WebPage","@id":"https:\/\/www.gesamtschule-eiserfeld.de\/?p=2220","url":"https:\/\/www.gesamtschule-eiserfeld.de\/?p=2220","name":"Ausflug des P&auml;dagogik LK 12 an eine Montessori-Grundschule - Gesamtschule Eiserfeld","isPartOf":{"@id":"https:\/\/www.gesamtschule-eiserfeld.de\/#website"},"primaryImageOfPage":{"@id":"https:\/\/www.gesamtschule-eiserfeld.de\/?p=2220#primaryimage"},"image":{"@id":"https:\/\/www.gesamtschule-eiserfeld.de\/?p=2220#primaryimage"},"thumbnailUrl":"http:\/\/gesamtschule-eiserfeld.de\/wp-content\/uploads\/2013\/02\/2013-02-21-10.49.19_thumb.jpg","datePublished":"2013-02-26T19:31:00+00:00","dateModified":"2013-02-27T20:22:38+00:00","breadcrumb":{"@id":"https:\/\/www.gesamtschule-eiserfeld.de\/?p=2220#breadcrumb"},"inLanguage":"de","potentialAction":[{"@type":"ReadAction","target":["https:\/\/www.gesamtschule-eiserfeld.de\/?p=2220"]}]},{"@type":"ImageObject","inLanguage":"de","@id":"https:\/\/www.gesamtschule-eiserfeld.de\/?p=2220#primaryimage","url":"http:\/\/gesamtschule-eiserfeld.de\/wp-content\/uploads\/2013\/02\/2013-02-21-10.49.19_thumb.jpg","contentUrl":"http:\/\/gesamtschule-eiserfeld.de\/wp-content\/uploads\/2013\/02\/2013-02-21-10.49.19_thumb.jpg"},{"@type":"BreadcrumbList","@id":"https:\/\/www.gesamtschule-eiserfeld.de\/?p=2220#breadcrumb","itemListElement":[{"@type":"ListItem","position":1,"name":"Startseite","item":"https:\/\/www.gesamtschule-eiserfeld.de\/"},{"@type":"ListItem","position":2,"name":"Ausflug des P&auml;dagogik LK 12 an eine Montessori-Grundschule"}]},{"@type":"WebSite","@id":"https:\/\/www.gesamtschule-eiserfeld.de\/#website","url":"https:\/\/www.gesamtschule-eiserfeld.de\/","name":"Gesamtschule Eiserfeld","description":"","publisher":{"@id":"https:\/\/www.gesamtschule-eiserfeld.de\/#organization"},"potentialAction":[{"@type":"SearchAction","target":{"@type":"EntryPoint","urlTemplate":"https:\/\/www.gesamtschule-eiserfeld.de\/?s={search_term_string}"},"query-input":{"@type":"PropertyValueSpecification","valueRequired":true,"valueName":"search_term_string"}}],"inLanguage":"de"},{"@type":"Organization","@id":"https:\/\/www.gesamtschule-eiserfeld.de\/#organization","name":"Gesamtschule Eiserfeld","url":"https:\/\/www.gesamtschule-eiserfeld.de\/","logo":{"@type":"ImageObject","inLanguage":"de","@id":"https:\/\/www.gesamtschule-eiserfeld.de\/#\/schema\/logo\/image\/","url":"https:\/\/i1.wp.com\/www.gesamtschule-eiserfeld.de\/wp-content\/uploads\/2019\/01\/GEE-Logo-neu.jpg?fit=436%2C126&ssl=1","contentUrl":"https:\/\/i1.wp.com\/www.gesamtschule-eiserfeld.de\/wp-content\/uploads\/2019\/01\/GEE-Logo-neu.jpg?fit=436%2C126&ssl=1","width":436,"height":126,"caption":"Gesamtschule Eiserfeld"},"image":{"@id":"https:\/\/www.gesamtschule-eiserfeld.de\/#\/schema\/logo\/image\/"},"sameAs":["https:\/\/www.facebook.com\/GEEiserfeld"]},{"@type":"Person","@id":"https:\/\/www.gesamtschule-eiserfeld.de\/#\/schema\/person\/9f37123dd2ff514a1346db435bdb3784","name":"dorw","sameAs":["http:\/\/www.ge-eiserfeld.de"],"url":"https:\/\/www.gesamtschule-eiserfeld.de\/?author=9"}]}},"jetpack_publicize_connections":[],"jetpack_featured_media_url":"","jetpack_shortlink":"https:\/\/wp.me\/p2weeL-zO","jetpack_sharing_enabled":true,"_links":{"self":[{"href":"https:\/\/www.gesamtschule-eiserfeld.de\/index.php?rest_route=\/wp\/v2\/posts\/2220","targetHints":{"allow":["GET"]}}],"collection":[{"href":"https:\/\/www.gesamtschule-eiserfeld.de\/index.php?rest_route=\/wp\/v2\/posts"}],"about":[{"href":"https:\/\/www.gesamtschule-eiserfeld.de\/index.php?rest_route=\/wp\/v2\/types\/post"}],"author":[{"embeddable":true,"href":"https:\/\/www.gesamtschule-eiserfeld.de\/index.php?rest_route=\/wp\/v2\/users\/9"}],"replies":[{"embeddable":true,"href":"https:\/\/www.gesamtschule-eiserfeld.de\/index.php?rest_route=%2Fwp%2Fv2%2Fcomments&post=2220"}],"version-history":[{"count":0,"href":"https:\/\/www.gesamtschule-eiserfeld.de\/index.php?rest_route=\/wp\/v2\/posts\/2220\/revisions"}],"wp:attachment":[{"href":"https:\/\/www.gesamtschule-eiserfeld.de\/index.php?rest_route=%2Fwp%2Fv2%2Fmedia&parent=2220"}],"wp:term":[{"taxonomy":"category","embeddable":true,"href":"https:\/\/www.gesamtschule-eiserfeld.de\/index.php?rest_route=%2Fwp%2Fv2%2Fcategories&post=2220"},{"taxonomy":"post_tag","embeddable":true,"href":"https:\/\/www.gesamtschule-eiserfeld.de\/index.php?rest_route=%2Fwp%2Fv2%2Ftags&post=2220"}],"curies":[{"name":"wp","href":"https:\/\/api.w.org\/{rel}","templated":true}]}}