{"id":2251,"date":"2013-03-01T16:58:23","date_gmt":"2013-03-01T15:58:23","guid":{"rendered":"http:\/\/ge-eiserfeld.de\/?p=2251"},"modified":"2013-03-03T15:34:14","modified_gmt":"2013-03-03T14:34:14","slug":"grundkurse-deutsch-der-jahrgangsstufe-11-zu-gast-im-horizont-theater-koln-die-physiker","status":"publish","type":"post","link":"https:\/\/www.gesamtschule-eiserfeld.de\/?p=2251","title":{"rendered":"Grundkurse Deutsch der Jahrgangsstufe 11 zu Gast im Horizont-Theater K\u00f6ln (&#8222;Die Physiker&#8220;)"},"content":{"rendered":"<p><b>\u00a0<img data-recalc-dims=\"1\" loading=\"lazy\" decoding=\"async\" data-attachment-id=\"2255\" data-permalink=\"https:\/\/www.gesamtschule-eiserfeld.de\/?attachment_id=2255\" data-orig-file=\"https:\/\/i0.wp.com\/www.gesamtschule-eiserfeld.de\/wp-content\/uploads\/2013\/03\/2013-02-04-08.38.26.jpg?fit=1200%2C671&amp;ssl=1\" data-orig-size=\"1200,671\" data-comments-opened=\"0\" data-image-meta=\"{&quot;aperture&quot;:&quot;2.64&quot;,&quot;credit&quot;:&quot;&quot;,&quot;camera&quot;:&quot;GT-I9001&quot;,&quot;caption&quot;:&quot;&quot;,&quot;created_timestamp&quot;:&quot;1359967106&quot;,&quot;copyright&quot;:&quot;&quot;,&quot;focal_length&quot;:&quot;3.79&quot;,&quot;iso&quot;:&quot;80&quot;,&quot;shutter_speed&quot;:&quot;0.033719704952582&quot;,&quot;title&quot;:&quot;SAMSUNG&quot;}\" data-image-title=\"SAMSUNG\" data-image-description=\"\" data-image-caption=\"\" data-large-file=\"https:\/\/i0.wp.com\/www.gesamtschule-eiserfeld.de\/wp-content\/uploads\/2013\/03\/2013-02-04-08.38.26.jpg?fit=474%2C265&amp;ssl=1\" class=\"alignleft size-thumbnail wp-image-2255\" style=\"background-image: none; margin: 0px 10px 0px 0px; padding-left: 0px; padding-right: 0px; display: inline; padding-top: 0px; border: 0px none;\" alt=\"SAMSUNG\" src=\"https:\/\/i0.wp.com\/gesamtschule-eiserfeld.de\/wp-content\/uploads\/2013\/03\/2013-02-04-08.38.26-200x111.jpg?resize=196%2C108\" width=\"196\" height=\"108\" srcset=\"https:\/\/i0.wp.com\/www.gesamtschule-eiserfeld.de\/wp-content\/uploads\/2013\/03\/2013-02-04-08.38.26.jpg?resize=200%2C111&amp;ssl=1 200w, https:\/\/i0.wp.com\/www.gesamtschule-eiserfeld.de\/wp-content\/uploads\/2013\/03\/2013-02-04-08.38.26.jpg?resize=300%2C167&amp;ssl=1 300w, https:\/\/i0.wp.com\/www.gesamtschule-eiserfeld.de\/wp-content\/uploads\/2013\/03\/2013-02-04-08.38.26.jpg?resize=1024%2C572&amp;ssl=1 1024w, https:\/\/i0.wp.com\/www.gesamtschule-eiserfeld.de\/wp-content\/uploads\/2013\/03\/2013-02-04-08.38.26.jpg?zoom=2&amp;resize=196%2C108&amp;ssl=1 392w, https:\/\/i0.wp.com\/www.gesamtschule-eiserfeld.de\/wp-content\/uploads\/2013\/03\/2013-02-04-08.38.26.jpg?zoom=3&amp;resize=196%2C108&amp;ssl=1 588w\" sizes=\"auto, (max-width: 196px) 100vw, 196px\" \/><\/b>[<span style=\"font-size: xx-small;\"><span style=\"line-height: 15px;\"><i>01.03.2013 \u00a0F. Fl\u00f6per u.a.<\/i><\/span><\/span>]\u201eVerr\u00fcckt, aber weise. Gefangen, aber frei. Physiker, aber unschuldig\u201c (D\u00fcrrenmatt: \u201eDie Physiker\u201c). Am 4. Februar besuchten die Sch\u00fclerinnen und Sch\u00fcler der Deutsch-Grundkurse des elften Jahrgangs die Theaterauff\u00fchrung des St\u00fcckes \u201eDie Physiker\u201c von Friedrich D\u00fcrrenmatt im Horizont-Theater in K\u00f6ln, welches derzeit im Unterricht behandelt wird.<br \/>\n<!--more--><\/p>\n<p><b>Die moderne Inszenierung unter der Regie von Reinar Ortmann spaltete die Gem\u00fcter, wie die nachfolgenden Ausz\u00fcge aus Rezensionen, die in den verschiedenen Kursen verfasst wurden, zeigen:<\/b><\/p>\n<p><b><\/b>\u201eDunkel, klein, stickig, keine passende B\u00fchne, komische Atmosph\u00e4re &#8211; dies waren unsere ersten Eindr\u00fccke, als wir von der Treppe durch die T\u00fcr des Theaters liefen.<\/p>\n<p>Am 04.02.2013 hatten wir, die Deutsch &#8211; Grundkurse der Jahrgangsstufe 11, das Vergn\u00fcgen, das Theaterst\u00fcck \u201eDie Physiker\u201d (D\u00fcrrenmatt) unter der Regie von Reinar Ortmann in K\u00f6ln anzusehen. Das Theaterst\u00fcck spielt in einem Sanatorium, auch Irrenhaus genannt. In diesem Irrenhaus befinden sich drei Patienten. M\u00f6bius, gespielt von Sunga Weineck, dem Salomon erschienen ist. Newton, gespielt von Andreas Strigl und Ernst Heinrich Ernesti, gespielt von Thomas Bleidiek, der sich als Einstein vorstellt. <img data-recalc-dims=\"1\" loading=\"lazy\" decoding=\"async\" class=\"alignright size-medium wp-image-2254\" alt=\"SAMSUNG\" src=\"https:\/\/i0.wp.com\/gesamtschule-eiserfeld.de\/wp-content\/uploads\/2013\/03\/2013-02-04-08.38.07-225x300.jpg?resize=225%2C300\" width=\"225\" height=\"300\" \/>M\u00f6bius spielt seinen Grund f\u00fcr seinen Aufenthalt im Sanatorium nur vor, damit keiner an seine physikalischen Theorien herankommt. Einstein und Newton hingegen sind dort, weil sie das Geheimnis von M\u00f6bius entdeckt haben und es f\u00fcr ihre Geheimdienste haben wollen.\u00a0Gegen Ende des St\u00fcckes stellt sich heraus, dass die Patienten nicht krank sind, sondern Chef\u00e4rztin Fr\u00e4ulein Dr. Mathilde von Zahnd, gespielt von Christine Wolff. Um nun zu unserer eigentlichen Kritik des Theaterst\u00fccks zu kommen, stelle ich unsere Meinung dar. Wie schon oben erw\u00e4hnt, war unser erster Eindruck nicht sonderlich gut. Aufgrund der R\u00e4umlichkeiten kam es uns nicht wie ein Theater vor. Durch die Rollenverteilung und den B\u00fchnenaufbau waren wir am Anfang etwas verwirrt, da es im Buch von D\u00fcrrenmatt anders beschrieben und dargestellt wurde. Trotz alledem ist es den Schauspielern und Schauspielerinnen sehr gut gelungen ihre Rollen umzusetzen und die Szenen besser zu veranschaulichen als sie im Buch beschrieben sind.\u201c <em>(Alicia Gipperich, Selina Schmidt, Franziska Aust, Ann-Cathrin von der Burg)<\/em><\/p>\n<p><img data-recalc-dims=\"1\" loading=\"lazy\" decoding=\"async\" data-attachment-id=\"2257\" data-permalink=\"https:\/\/www.gesamtschule-eiserfeld.de\/?attachment_id=2257\" data-orig-file=\"https:\/\/i0.wp.com\/www.gesamtschule-eiserfeld.de\/wp-content\/uploads\/2013\/03\/2013-02-04-08.52.01b.jpg?fit=1200%2C956&amp;ssl=1\" data-orig-size=\"1200,956\" data-comments-opened=\"0\" data-image-meta=\"{&quot;aperture&quot;:&quot;2.64&quot;,&quot;credit&quot;:&quot;&quot;,&quot;camera&quot;:&quot;GT-I9001&quot;,&quot;caption&quot;:&quot;&quot;,&quot;created_timestamp&quot;:&quot;1359967921&quot;,&quot;copyright&quot;:&quot;&quot;,&quot;focal_length&quot;:&quot;3.79&quot;,&quot;iso&quot;:&quot;100&quot;,&quot;shutter_speed&quot;:&quot;0.047372316802369&quot;,&quot;title&quot;:&quot;SAMSUNG&quot;}\" data-image-title=\"SAMSUNG\" data-image-description=\"\" data-image-caption=\"\" data-large-file=\"https:\/\/i0.wp.com\/www.gesamtschule-eiserfeld.de\/wp-content\/uploads\/2013\/03\/2013-02-04-08.52.01b.jpg?fit=474%2C377&amp;ssl=1\" class=\"alignleft size-medium wp-image-2257\" alt=\"SAMSUNG\" src=\"https:\/\/i0.wp.com\/gesamtschule-eiserfeld.de\/wp-content\/uploads\/2013\/03\/2013-02-04-08.52.01b-300x239.jpg?resize=300%2C239\" width=\"300\" height=\"239\" srcset=\"https:\/\/i0.wp.com\/www.gesamtschule-eiserfeld.de\/wp-content\/uploads\/2013\/03\/2013-02-04-08.52.01b.jpg?resize=300%2C239&amp;ssl=1 300w, https:\/\/i0.wp.com\/www.gesamtschule-eiserfeld.de\/wp-content\/uploads\/2013\/03\/2013-02-04-08.52.01b.jpg?resize=188%2C150&amp;ssl=1 188w, https:\/\/i0.wp.com\/www.gesamtschule-eiserfeld.de\/wp-content\/uploads\/2013\/03\/2013-02-04-08.52.01b.jpg?resize=1024%2C815&amp;ssl=1 1024w, https:\/\/i0.wp.com\/www.gesamtschule-eiserfeld.de\/wp-content\/uploads\/2013\/03\/2013-02-04-08.52.01b.jpg?w=1200&amp;ssl=1 1200w, https:\/\/i0.wp.com\/www.gesamtschule-eiserfeld.de\/wp-content\/uploads\/2013\/03\/2013-02-04-08.52.01b.jpg?w=948&amp;ssl=1 948w\" sizes=\"auto, (max-width: 300px) 100vw, 300px\" \/>\u201eDie Auff\u00fchrung zeigte eine gute Interpretation des Buches und ist als Zusatz f\u00fcr den Unterricht gut geeignet.\u201c <i>(Emma Franke, Lisa Denker, Laurin G\u00f6b)<\/i><\/p>\n<p>\u201eMan konnte sich in der gem\u00fctlichen Atmosph\u00e4re des kleinen Theaters sehr gut in das Geschehen hineinversetzen und die Handlung gut nachvollziehen.\u201c <i>(Amelie Schneider, Hannah Kemper, Theresa Naumann)<\/i><\/p>\n<p>\u201eTrotz des eigenartigen Aufbaus des Theater war das Theaterst\u00fcck relativ gut und interessant gestaltet.\u201c <i>(Silas Hees, Sergio Martinez, Kim Henrichs, Melanie Meier)<\/i><\/p>\n<p>\u201e(&#8230;) Die Inszenierung des Horizont Theaters in K\u00f6ln distanziert sich von den klassischen Elementen des St\u00fccks, das B\u00fchnenbild orientiert sich an einem modernen Sanatorium und hat nichts von D\u00fcrrenmatts villa\u00e4hnlicher Beschreibung. Manche Elemente der Vorlage wurden ersetzt, eine Szene umgeschrieben. D\u00fcrrenmatts Grundgedanke bleibt jedoch unverkennbar. (&#8230;)\u201c <i>(Lukas Schweitzer)<\/i><\/p>\n<p>\u201e(&#8230;) Mit etwas Gel\u00e4chter, aber auch zwischenzeitlichen Unterhaltungen ist die Auff\u00fchrung\u00a0<img data-recalc-dims=\"1\" loading=\"lazy\" decoding=\"async\" data-attachment-id=\"2258\" data-permalink=\"https:\/\/www.gesamtschule-eiserfeld.de\/?attachment_id=2258\" data-orig-file=\"https:\/\/i0.wp.com\/www.gesamtschule-eiserfeld.de\/wp-content\/uploads\/2013\/03\/2013-02-04-13.51.06.jpg?fit=1092%2C1200&amp;ssl=1\" data-orig-size=\"1092,1200\" data-comments-opened=\"0\" data-image-meta=\"{&quot;aperture&quot;:&quot;2.64&quot;,&quot;credit&quot;:&quot;&quot;,&quot;camera&quot;:&quot;GT-I9001&quot;,&quot;caption&quot;:&quot;&quot;,&quot;created_timestamp&quot;:&quot;1359985866&quot;,&quot;copyright&quot;:&quot;&quot;,&quot;focal_length&quot;:&quot;3.79&quot;,&quot;iso&quot;:&quot;50&quot;,&quot;shutter_speed&quot;:&quot;0.009484291641968&quot;,&quot;title&quot;:&quot;SAMSUNG&quot;}\" data-image-title=\"SAMSUNG\" data-image-description=\"\" data-image-caption=\"\" data-large-file=\"https:\/\/i0.wp.com\/www.gesamtschule-eiserfeld.de\/wp-content\/uploads\/2013\/03\/2013-02-04-13.51.06.jpg?fit=474%2C521&amp;ssl=1\" class=\"alignright size-medium wp-image-2258\" alt=\"SAMSUNG\" src=\"https:\/\/i0.wp.com\/gesamtschule-eiserfeld.de\/wp-content\/uploads\/2013\/03\/2013-02-04-13.51.06-273x300.jpg?resize=273%2C300\" width=\"273\" height=\"300\" srcset=\"https:\/\/i0.wp.com\/www.gesamtschule-eiserfeld.de\/wp-content\/uploads\/2013\/03\/2013-02-04-13.51.06.jpg?resize=273%2C300&amp;ssl=1 273w, https:\/\/i0.wp.com\/www.gesamtschule-eiserfeld.de\/wp-content\/uploads\/2013\/03\/2013-02-04-13.51.06.jpg?resize=136%2C150&amp;ssl=1 136w, https:\/\/i0.wp.com\/www.gesamtschule-eiserfeld.de\/wp-content\/uploads\/2013\/03\/2013-02-04-13.51.06.jpg?resize=931%2C1024&amp;ssl=1 931w, https:\/\/i0.wp.com\/www.gesamtschule-eiserfeld.de\/wp-content\/uploads\/2013\/03\/2013-02-04-13.51.06.jpg?w=1092&amp;ssl=1 1092w\" sizes=\"auto, (max-width: 273px) 100vw, 273px\" \/> des Theaterst\u00fccks zu einem der bekanntesten Werke D\u00fcrrenmatts neben \u201eDer Besuch der alten Dame\u201c (&#8230;) m\u00e4\u00dfig bis gut gelungen. (&#8230;) Den Besuch dieser Auff\u00fchrung kann ich empfehlen, trotz des m\u00f6glicherweise beabsichtigten Personalmangels ist das St\u00fcck gut umgesetzt und interessant. Au\u00dferdem besch\u00e4ftigt es sich mit einem immer aktuell bleibenden Thema, der Frage, inwiefern der Wissenschaftler Verantwortung f\u00fcr seine Erfindung und Entdeckung zu tragen hat.\u201c <i>(Tatjana Pinekenstein)<\/i><\/p>\n<p><i><\/i>\u201e(&#8230;) Der eigentliche Besuch von Frau [Rose] wurde zur Therapie umgewandelt, was nicht direkt ganz klar wurde, da die Krankenschwester Monika, die bereits die Oberschwester spielte, so wirkte, als k\u00f6nne sie den Text nicht. (&#8230;)\u201c <i>(Selina Utsch)<\/i><\/p>\n<p><i><\/i>\u201e(&#8230;) Verr\u00fcckt, gest\u00f6rt, interessant und ein Theaterst\u00fcck, das sich immer noch als aktuell bezeichnen l\u00e4sst. (&#8230;) Durch kleine Witze, Spuckattacken oder Tollpatschigkeit kommt einem das Theaterst\u00fcck nicht langweilig vor, sondern f\u00fchrt dazu, aufmerksam zuzuh\u00f6ren. (&#8230;)\u201c <i>(Fabian Schupp)<\/i><\/p>\n<p>\u201e(&#8230;) Das ganze St\u00fcck \u00fcber hatte der Zuschauer das Gef\u00fchl wie eine dritte, unsichtbare Person in das St\u00fcck involviert zu sein und sah jede Kleinigkeit auf der B\u00fchne. (&#8230;)\u201c <i>(Leonie Bohmhauer)<\/i><\/p>\n<p>Bevor wir im komfortablen Reisebus die Heimreise zur\u00fcck ins sch\u00f6ne Siegerland antraten, erkundeten die Sch\u00fclerinnen und Sch\u00fcler im Anschluss an den Theaterbesuch die aufregende Domstadt.<\/p>\n<p>(Zusammengestellt von: M. Dauth, S. Thome, I. Thies und F. H. Fl\u00f6per)<\/p>\n<p>&nbsp;<\/p>\n","protected":false},"excerpt":{"rendered":"<p>\u00a0[01.03.2013 \u00a0F. Fl\u00f6per u.a.]\u201eVerr\u00fcckt, aber weise. Gefangen, aber frei. Physiker, aber unschuldig\u201c (D\u00fcrrenmatt: \u201eDie Physiker\u201c). Am 4. Februar besuchten die Sch\u00fclerinnen und Sch\u00fcler der Deutsch-Grundkurse des elften Jahrgangs die Theaterauff\u00fchrung des St\u00fcckes \u201eDie Physiker\u201c von Friedrich D\u00fcrrenmatt im Horizont-Theater in K\u00f6ln, welches derzeit im Unterricht behandelt wird.<\/p>\n","protected":false},"author":9,"featured_media":0,"comment_status":"closed","ping_status":"open","sticky":false,"template":"","format":"standard","meta":{"jetpack_post_was_ever_published":false,"_jetpack_newsletter_access":"","_jetpack_dont_email_post_to_subs":false,"_jetpack_newsletter_tier_id":0,"_jetpack_memberships_contains_paywalled_content":false,"_jetpack_memberships_contains_paid_content":false,"footnotes":"","jetpack_publicize_message":"","jetpack_publicize_feature_enabled":true,"jetpack_social_post_already_shared":true,"jetpack_social_options":{"image_generator_settings":{"template":"highway","default_image_id":0,"font":"","enabled":false},"version":2}},"categories":[1,18,26],"tags":[],"class_list":["post-2251","post","type-post","status-publish","format-standard","hentry","category-allgemein","category-exkursion","category-sekundarstufe-ii"],"yoast_head":"<!-- This site is optimized with the Yoast SEO plugin v27.4 - https:\/\/yoast.com\/product\/yoast-seo-wordpress\/ -->\n<title>Grundkurse Deutsch der Jahrgangsstufe 11 zu Gast im Horizont-Theater K\u00f6ln (&quot;Die Physiker&quot;) - Gesamtschule Eiserfeld<\/title>\n<meta name=\"robots\" content=\"index, follow, max-snippet:-1, max-image-preview:large, max-video-preview:-1\" \/>\n<link rel=\"canonical\" href=\"https:\/\/www.gesamtschule-eiserfeld.de\/?p=2251\" \/>\n<meta property=\"og:locale\" content=\"de_DE\" \/>\n<meta property=\"og:type\" content=\"article\" \/>\n<meta property=\"og:title\" content=\"Grundkurse Deutsch der Jahrgangsstufe 11 zu Gast im Horizont-Theater K\u00f6ln (&quot;Die Physiker&quot;) - Gesamtschule Eiserfeld\" \/>\n<meta property=\"og:description\" content=\"\u00a0[01.03.2013 \u00a0F. Fl\u00f6per u.a.]\u201eVerr\u00fcckt, aber weise. Gefangen, aber frei. Physiker, aber unschuldig\u201c (D\u00fcrrenmatt: \u201eDie Physiker\u201c). Am 4. Februar besuchten die Sch\u00fclerinnen und Sch\u00fcler der Deutsch-Grundkurse des elften Jahrgangs die Theaterauff\u00fchrung des St\u00fcckes \u201eDie Physiker\u201c von Friedrich D\u00fcrrenmatt im Horizont-Theater in K\u00f6ln, welches derzeit im Unterricht behandelt wird.\" \/>\n<meta property=\"og:url\" content=\"https:\/\/www.gesamtschule-eiserfeld.de\/?p=2251\" \/>\n<meta property=\"og:site_name\" content=\"Gesamtschule Eiserfeld\" \/>\n<meta property=\"article:publisher\" content=\"https:\/\/www.facebook.com\/GEEiserfeld\" \/>\n<meta property=\"article:published_time\" content=\"2013-03-01T15:58:23+00:00\" \/>\n<meta property=\"article:modified_time\" content=\"2013-03-03T14:34:14+00:00\" \/>\n<meta property=\"og:image\" content=\"http:\/\/gesamtschule-eiserfeld.de\/wp-content\/uploads\/2013\/03\/2013-02-04-08.38.26-200x111.jpg\" \/>\n<meta name=\"author\" content=\"dorw\" \/>\n<meta name=\"twitter:card\" content=\"summary_large_image\" \/>\n<meta name=\"twitter:label1\" content=\"Verfasst von\" \/>\n\t<meta name=\"twitter:data1\" content=\"dorw\" \/>\n\t<meta name=\"twitter:label2\" content=\"Gesch\u00e4tzte Lesezeit\" \/>\n\t<meta name=\"twitter:data2\" content=\"4\u00a0Minuten\" \/>\n<script type=\"application\/ld+json\" class=\"yoast-schema-graph\">{\"@context\":\"https:\\\/\\\/schema.org\",\"@graph\":[{\"@type\":\"Article\",\"@id\":\"https:\\\/\\\/www.gesamtschule-eiserfeld.de\\\/?p=2251#article\",\"isPartOf\":{\"@id\":\"https:\\\/\\\/www.gesamtschule-eiserfeld.de\\\/?p=2251\"},\"author\":{\"name\":\"dorw\",\"@id\":\"https:\\\/\\\/www.gesamtschule-eiserfeld.de\\\/#\\\/schema\\\/person\\\/9f37123dd2ff514a1346db435bdb3784\"},\"headline\":\"Grundkurse Deutsch der Jahrgangsstufe 11 zu Gast im Horizont-Theater K\u00f6ln (&#8222;Die Physiker&#8220;)\",\"datePublished\":\"2013-03-01T15:58:23+00:00\",\"dateModified\":\"2013-03-03T14:34:14+00:00\",\"mainEntityOfPage\":{\"@id\":\"https:\\\/\\\/www.gesamtschule-eiserfeld.de\\\/?p=2251\"},\"wordCount\":737,\"publisher\":{\"@id\":\"https:\\\/\\\/www.gesamtschule-eiserfeld.de\\\/#organization\"},\"image\":{\"@id\":\"https:\\\/\\\/www.gesamtschule-eiserfeld.de\\\/?p=2251#primaryimage\"},\"thumbnailUrl\":\"http:\\\/\\\/gesamtschule-eiserfeld.de\\\/wp-content\\\/uploads\\\/2013\\\/03\\\/2013-02-04-08.38.26-200x111.jpg\",\"articleSection\":{\"1\":\"Exkursion\",\"2\":\"Sekundarstufe II\"},\"inLanguage\":\"de\"},{\"@type\":\"WebPage\",\"@id\":\"https:\\\/\\\/www.gesamtschule-eiserfeld.de\\\/?p=2251\",\"url\":\"https:\\\/\\\/www.gesamtschule-eiserfeld.de\\\/?p=2251\",\"name\":\"Grundkurse Deutsch der Jahrgangsstufe 11 zu Gast im Horizont-Theater K\u00f6ln (\\\"Die Physiker\\\") - Gesamtschule Eiserfeld\",\"isPartOf\":{\"@id\":\"https:\\\/\\\/www.gesamtschule-eiserfeld.de\\\/#website\"},\"primaryImageOfPage\":{\"@id\":\"https:\\\/\\\/www.gesamtschule-eiserfeld.de\\\/?p=2251#primaryimage\"},\"image\":{\"@id\":\"https:\\\/\\\/www.gesamtschule-eiserfeld.de\\\/?p=2251#primaryimage\"},\"thumbnailUrl\":\"http:\\\/\\\/gesamtschule-eiserfeld.de\\\/wp-content\\\/uploads\\\/2013\\\/03\\\/2013-02-04-08.38.26-200x111.jpg\",\"datePublished\":\"2013-03-01T15:58:23+00:00\",\"dateModified\":\"2013-03-03T14:34:14+00:00\",\"breadcrumb\":{\"@id\":\"https:\\\/\\\/www.gesamtschule-eiserfeld.de\\\/?p=2251#breadcrumb\"},\"inLanguage\":\"de\",\"potentialAction\":[{\"@type\":\"ReadAction\",\"target\":[\"https:\\\/\\\/www.gesamtschule-eiserfeld.de\\\/?p=2251\"]}]},{\"@type\":\"ImageObject\",\"inLanguage\":\"de\",\"@id\":\"https:\\\/\\\/www.gesamtschule-eiserfeld.de\\\/?p=2251#primaryimage\",\"url\":\"http:\\\/\\\/gesamtschule-eiserfeld.de\\\/wp-content\\\/uploads\\\/2013\\\/03\\\/2013-02-04-08.38.26-200x111.jpg\",\"contentUrl\":\"http:\\\/\\\/gesamtschule-eiserfeld.de\\\/wp-content\\\/uploads\\\/2013\\\/03\\\/2013-02-04-08.38.26-200x111.jpg\"},{\"@type\":\"BreadcrumbList\",\"@id\":\"https:\\\/\\\/www.gesamtschule-eiserfeld.de\\\/?p=2251#breadcrumb\",\"itemListElement\":[{\"@type\":\"ListItem\",\"position\":1,\"name\":\"Startseite\",\"item\":\"https:\\\/\\\/www.gesamtschule-eiserfeld.de\\\/\"},{\"@type\":\"ListItem\",\"position\":2,\"name\":\"Grundkurse Deutsch der Jahrgangsstufe 11 zu Gast im Horizont-Theater K\u00f6ln (&#8222;Die Physiker&#8220;)\"}]},{\"@type\":\"WebSite\",\"@id\":\"https:\\\/\\\/www.gesamtschule-eiserfeld.de\\\/#website\",\"url\":\"https:\\\/\\\/www.gesamtschule-eiserfeld.de\\\/\",\"name\":\"Gesamtschule Eiserfeld\",\"description\":\"\",\"publisher\":{\"@id\":\"https:\\\/\\\/www.gesamtschule-eiserfeld.de\\\/#organization\"},\"potentialAction\":[{\"@type\":\"SearchAction\",\"target\":{\"@type\":\"EntryPoint\",\"urlTemplate\":\"https:\\\/\\\/www.gesamtschule-eiserfeld.de\\\/?s={search_term_string}\"},\"query-input\":{\"@type\":\"PropertyValueSpecification\",\"valueRequired\":true,\"valueName\":\"search_term_string\"}}],\"inLanguage\":\"de\"},{\"@type\":\"Organization\",\"@id\":\"https:\\\/\\\/www.gesamtschule-eiserfeld.de\\\/#organization\",\"name\":\"Gesamtschule Eiserfeld\",\"url\":\"https:\\\/\\\/www.gesamtschule-eiserfeld.de\\\/\",\"logo\":{\"@type\":\"ImageObject\",\"inLanguage\":\"de\",\"@id\":\"https:\\\/\\\/www.gesamtschule-eiserfeld.de\\\/#\\\/schema\\\/logo\\\/image\\\/\",\"url\":\"https:\\\/\\\/i1.wp.com\\\/www.gesamtschule-eiserfeld.de\\\/wp-content\\\/uploads\\\/2019\\\/01\\\/GEE-Logo-neu.jpg?fit=436%2C126&ssl=1\",\"contentUrl\":\"https:\\\/\\\/i1.wp.com\\\/www.gesamtschule-eiserfeld.de\\\/wp-content\\\/uploads\\\/2019\\\/01\\\/GEE-Logo-neu.jpg?fit=436%2C126&ssl=1\",\"width\":436,\"height\":126,\"caption\":\"Gesamtschule Eiserfeld\"},\"image\":{\"@id\":\"https:\\\/\\\/www.gesamtschule-eiserfeld.de\\\/#\\\/schema\\\/logo\\\/image\\\/\"},\"sameAs\":[\"https:\\\/\\\/www.facebook.com\\\/GEEiserfeld\"]},{\"@type\":\"Person\",\"@id\":\"https:\\\/\\\/www.gesamtschule-eiserfeld.de\\\/#\\\/schema\\\/person\\\/9f37123dd2ff514a1346db435bdb3784\",\"name\":\"dorw\",\"sameAs\":[\"http:\\\/\\\/www.ge-eiserfeld.de\"],\"url\":\"https:\\\/\\\/www.gesamtschule-eiserfeld.de\\\/?author=9\"}]}<\/script>\n<!-- \/ Yoast SEO plugin. -->","yoast_head_json":{"title":"Grundkurse Deutsch der Jahrgangsstufe 11 zu Gast im Horizont-Theater K\u00f6ln (\"Die Physiker\") - Gesamtschule Eiserfeld","robots":{"index":"index","follow":"follow","max-snippet":"max-snippet:-1","max-image-preview":"max-image-preview:large","max-video-preview":"max-video-preview:-1"},"canonical":"https:\/\/www.gesamtschule-eiserfeld.de\/?p=2251","og_locale":"de_DE","og_type":"article","og_title":"Grundkurse Deutsch der Jahrgangsstufe 11 zu Gast im Horizont-Theater K\u00f6ln (\"Die Physiker\") - Gesamtschule Eiserfeld","og_description":"\u00a0[01.03.2013 \u00a0F. Fl\u00f6per u.a.]\u201eVerr\u00fcckt, aber weise. Gefangen, aber frei. Physiker, aber unschuldig\u201c (D\u00fcrrenmatt: \u201eDie Physiker\u201c). Am 4. Februar besuchten die Sch\u00fclerinnen und Sch\u00fcler der Deutsch-Grundkurse des elften Jahrgangs die Theaterauff\u00fchrung des St\u00fcckes \u201eDie Physiker\u201c von Friedrich D\u00fcrrenmatt im Horizont-Theater in K\u00f6ln, welches derzeit im Unterricht behandelt wird.","og_url":"https:\/\/www.gesamtschule-eiserfeld.de\/?p=2251","og_site_name":"Gesamtschule Eiserfeld","article_publisher":"https:\/\/www.facebook.com\/GEEiserfeld","article_published_time":"2013-03-01T15:58:23+00:00","article_modified_time":"2013-03-03T14:34:14+00:00","og_image":[{"url":"http:\/\/gesamtschule-eiserfeld.de\/wp-content\/uploads\/2013\/03\/2013-02-04-08.38.26-200x111.jpg","type":"","width":"","height":""}],"author":"dorw","twitter_card":"summary_large_image","twitter_misc":{"Verfasst von":"dorw","Gesch\u00e4tzte Lesezeit":"4\u00a0Minuten"},"schema":{"@context":"https:\/\/schema.org","@graph":[{"@type":"Article","@id":"https:\/\/www.gesamtschule-eiserfeld.de\/?p=2251#article","isPartOf":{"@id":"https:\/\/www.gesamtschule-eiserfeld.de\/?p=2251"},"author":{"name":"dorw","@id":"https:\/\/www.gesamtschule-eiserfeld.de\/#\/schema\/person\/9f37123dd2ff514a1346db435bdb3784"},"headline":"Grundkurse Deutsch der Jahrgangsstufe 11 zu Gast im Horizont-Theater K\u00f6ln (&#8222;Die Physiker&#8220;)","datePublished":"2013-03-01T15:58:23+00:00","dateModified":"2013-03-03T14:34:14+00:00","mainEntityOfPage":{"@id":"https:\/\/www.gesamtschule-eiserfeld.de\/?p=2251"},"wordCount":737,"publisher":{"@id":"https:\/\/www.gesamtschule-eiserfeld.de\/#organization"},"image":{"@id":"https:\/\/www.gesamtschule-eiserfeld.de\/?p=2251#primaryimage"},"thumbnailUrl":"http:\/\/gesamtschule-eiserfeld.de\/wp-content\/uploads\/2013\/03\/2013-02-04-08.38.26-200x111.jpg","articleSection":{"1":"Exkursion","2":"Sekundarstufe II"},"inLanguage":"de"},{"@type":"WebPage","@id":"https:\/\/www.gesamtschule-eiserfeld.de\/?p=2251","url":"https:\/\/www.gesamtschule-eiserfeld.de\/?p=2251","name":"Grundkurse Deutsch der Jahrgangsstufe 11 zu Gast im Horizont-Theater K\u00f6ln (\"Die Physiker\") - Gesamtschule Eiserfeld","isPartOf":{"@id":"https:\/\/www.gesamtschule-eiserfeld.de\/#website"},"primaryImageOfPage":{"@id":"https:\/\/www.gesamtschule-eiserfeld.de\/?p=2251#primaryimage"},"image":{"@id":"https:\/\/www.gesamtschule-eiserfeld.de\/?p=2251#primaryimage"},"thumbnailUrl":"http:\/\/gesamtschule-eiserfeld.de\/wp-content\/uploads\/2013\/03\/2013-02-04-08.38.26-200x111.jpg","datePublished":"2013-03-01T15:58:23+00:00","dateModified":"2013-03-03T14:34:14+00:00","breadcrumb":{"@id":"https:\/\/www.gesamtschule-eiserfeld.de\/?p=2251#breadcrumb"},"inLanguage":"de","potentialAction":[{"@type":"ReadAction","target":["https:\/\/www.gesamtschule-eiserfeld.de\/?p=2251"]}]},{"@type":"ImageObject","inLanguage":"de","@id":"https:\/\/www.gesamtschule-eiserfeld.de\/?p=2251#primaryimage","url":"http:\/\/gesamtschule-eiserfeld.de\/wp-content\/uploads\/2013\/03\/2013-02-04-08.38.26-200x111.jpg","contentUrl":"http:\/\/gesamtschule-eiserfeld.de\/wp-content\/uploads\/2013\/03\/2013-02-04-08.38.26-200x111.jpg"},{"@type":"BreadcrumbList","@id":"https:\/\/www.gesamtschule-eiserfeld.de\/?p=2251#breadcrumb","itemListElement":[{"@type":"ListItem","position":1,"name":"Startseite","item":"https:\/\/www.gesamtschule-eiserfeld.de\/"},{"@type":"ListItem","position":2,"name":"Grundkurse Deutsch der Jahrgangsstufe 11 zu Gast im Horizont-Theater K\u00f6ln (&#8222;Die Physiker&#8220;)"}]},{"@type":"WebSite","@id":"https:\/\/www.gesamtschule-eiserfeld.de\/#website","url":"https:\/\/www.gesamtschule-eiserfeld.de\/","name":"Gesamtschule Eiserfeld","description":"","publisher":{"@id":"https:\/\/www.gesamtschule-eiserfeld.de\/#organization"},"potentialAction":[{"@type":"SearchAction","target":{"@type":"EntryPoint","urlTemplate":"https:\/\/www.gesamtschule-eiserfeld.de\/?s={search_term_string}"},"query-input":{"@type":"PropertyValueSpecification","valueRequired":true,"valueName":"search_term_string"}}],"inLanguage":"de"},{"@type":"Organization","@id":"https:\/\/www.gesamtschule-eiserfeld.de\/#organization","name":"Gesamtschule Eiserfeld","url":"https:\/\/www.gesamtschule-eiserfeld.de\/","logo":{"@type":"ImageObject","inLanguage":"de","@id":"https:\/\/www.gesamtschule-eiserfeld.de\/#\/schema\/logo\/image\/","url":"https:\/\/i1.wp.com\/www.gesamtschule-eiserfeld.de\/wp-content\/uploads\/2019\/01\/GEE-Logo-neu.jpg?fit=436%2C126&ssl=1","contentUrl":"https:\/\/i1.wp.com\/www.gesamtschule-eiserfeld.de\/wp-content\/uploads\/2019\/01\/GEE-Logo-neu.jpg?fit=436%2C126&ssl=1","width":436,"height":126,"caption":"Gesamtschule Eiserfeld"},"image":{"@id":"https:\/\/www.gesamtschule-eiserfeld.de\/#\/schema\/logo\/image\/"},"sameAs":["https:\/\/www.facebook.com\/GEEiserfeld"]},{"@type":"Person","@id":"https:\/\/www.gesamtschule-eiserfeld.de\/#\/schema\/person\/9f37123dd2ff514a1346db435bdb3784","name":"dorw","sameAs":["http:\/\/www.ge-eiserfeld.de"],"url":"https:\/\/www.gesamtschule-eiserfeld.de\/?author=9"}]}},"jetpack_publicize_connections":[],"jetpack_featured_media_url":"","jetpack_shortlink":"https:\/\/wp.me\/p2weeL-Aj","jetpack_sharing_enabled":true,"_links":{"self":[{"href":"https:\/\/www.gesamtschule-eiserfeld.de\/index.php?rest_route=\/wp\/v2\/posts\/2251","targetHints":{"allow":["GET"]}}],"collection":[{"href":"https:\/\/www.gesamtschule-eiserfeld.de\/index.php?rest_route=\/wp\/v2\/posts"}],"about":[{"href":"https:\/\/www.gesamtschule-eiserfeld.de\/index.php?rest_route=\/wp\/v2\/types\/post"}],"author":[{"embeddable":true,"href":"https:\/\/www.gesamtschule-eiserfeld.de\/index.php?rest_route=\/wp\/v2\/users\/9"}],"replies":[{"embeddable":true,"href":"https:\/\/www.gesamtschule-eiserfeld.de\/index.php?rest_route=%2Fwp%2Fv2%2Fcomments&post=2251"}],"version-history":[{"count":0,"href":"https:\/\/www.gesamtschule-eiserfeld.de\/index.php?rest_route=\/wp\/v2\/posts\/2251\/revisions"}],"wp:attachment":[{"href":"https:\/\/www.gesamtschule-eiserfeld.de\/index.php?rest_route=%2Fwp%2Fv2%2Fmedia&parent=2251"}],"wp:term":[{"taxonomy":"category","embeddable":true,"href":"https:\/\/www.gesamtschule-eiserfeld.de\/index.php?rest_route=%2Fwp%2Fv2%2Fcategories&post=2251"},{"taxonomy":"post_tag","embeddable":true,"href":"https:\/\/www.gesamtschule-eiserfeld.de\/index.php?rest_route=%2Fwp%2Fv2%2Ftags&post=2251"}],"curies":[{"name":"wp","href":"https:\/\/api.w.org\/{rel}","templated":true}]}}