{"id":2331,"date":"2013-04-21T15:07:08","date_gmt":"2013-04-21T14:07:08","guid":{"rendered":"http:\/\/ge-eiserfeld.de\/?p=2331"},"modified":"2013-05-12T17:20:55","modified_gmt":"2013-05-12T16:20:55","slug":"der-deutsch-lk-und-der-padagogik-lk-auf-den-spuren-der-marburger-romantik","status":"publish","type":"post","link":"https:\/\/www.gesamtschule-eiserfeld.de\/?p=2331","title":{"rendered":"Der Deutsch-LK und der P\u00e4dagogik-LK auf den Spuren der &#8222;Marburger Romantik&#8220;"},"content":{"rendered":"<p><a href=\"https:\/\/i0.wp.com\/gesamtschule-eiserfeld.de\/wp-content\/uploads\/2013\/04\/marburg0.jpg\"><img data-recalc-dims=\"1\" loading=\"lazy\" decoding=\"async\" data-attachment-id=\"2334\" data-permalink=\"https:\/\/www.gesamtschule-eiserfeld.de\/?attachment_id=2334\" data-orig-file=\"https:\/\/i0.wp.com\/www.gesamtschule-eiserfeld.de\/wp-content\/uploads\/2013\/04\/marburg0.jpg?fit=295%2C197&amp;ssl=1\" data-orig-size=\"295,197\" data-comments-opened=\"0\" data-image-meta=\"{&quot;aperture&quot;:&quot;0&quot;,&quot;credit&quot;:&quot;&quot;,&quot;camera&quot;:&quot;&quot;,&quot;caption&quot;:&quot;&quot;,&quot;created_timestamp&quot;:&quot;0&quot;,&quot;copyright&quot;:&quot;&quot;,&quot;focal_length&quot;:&quot;0&quot;,&quot;iso&quot;:&quot;0&quot;,&quot;shutter_speed&quot;:&quot;0&quot;,&quot;title&quot;:&quot;&quot;}\" data-image-title=\"marburg0\" data-image-description=\"\" data-image-caption=\"\" data-large-file=\"https:\/\/i0.wp.com\/www.gesamtschule-eiserfeld.de\/wp-content\/uploads\/2013\/04\/marburg0.jpg?fit=295%2C197&amp;ssl=1\" class=\"alignleft size-thumbnail wp-image-2334\" style=\"background-image: none; margin: 0px 10px 0px 0px; padding-left: 0px; padding-right: 0px; display: inline; padding-top: 0px; border: 0px none;\" alt=\"marburg0\" src=\"https:\/\/i0.wp.com\/gesamtschule-eiserfeld.de\/wp-content\/uploads\/2013\/04\/marburg0-200x133.jpg?resize=200%2C133\" width=\"200\" height=\"133\" srcset=\"https:\/\/i0.wp.com\/www.gesamtschule-eiserfeld.de\/wp-content\/uploads\/2013\/04\/marburg0.jpg?resize=200%2C133&amp;ssl=1 200w, https:\/\/i0.wp.com\/www.gesamtschule-eiserfeld.de\/wp-content\/uploads\/2013\/04\/marburg0.jpg?w=295&amp;ssl=1 295w\" sizes=\"auto, (max-width: 200px) 100vw, 200px\" \/><\/a>[<span style=\"font-size: x-small;\"><em>22.04.13 \u00a0I. Thies<\/em><\/span>] Am 16. April besuchten die Sch\u00fclerinnen und Sch\u00fcler der Gesamtschule Eiserfeld das \u201eHaus der Romantik\u201c in Marburg. Im Rahmen eines fachlich \u00fcberaus fundierten und zugleich verst\u00e4ndlichen Vortrags von Frau Professor Dr. Marita Metz-Becker erhielten die Jugendlichen Einblicke in die Marburger Fr\u00fchromantik.<!--more--><\/p>\n<p>Neben Jena, Berlin und Heidelberg\u00a0 war auch Marburg Schauplatz der deutschen <img data-recalc-dims=\"1\" loading=\"lazy\" decoding=\"async\" data-attachment-id=\"2332\" data-permalink=\"https:\/\/www.gesamtschule-eiserfeld.de\/?attachment_id=2332\" data-orig-file=\"https:\/\/i0.wp.com\/www.gesamtschule-eiserfeld.de\/wp-content\/uploads\/2013\/04\/marburg1.jpg?fit=266%2C176&amp;ssl=1\" data-orig-size=\"266,176\" data-comments-opened=\"0\" data-image-meta=\"{&quot;aperture&quot;:&quot;0&quot;,&quot;credit&quot;:&quot;&quot;,&quot;camera&quot;:&quot;&quot;,&quot;caption&quot;:&quot;&quot;,&quot;created_timestamp&quot;:&quot;0&quot;,&quot;copyright&quot;:&quot;&quot;,&quot;focal_length&quot;:&quot;0&quot;,&quot;iso&quot;:&quot;0&quot;,&quot;shutter_speed&quot;:&quot;0&quot;,&quot;title&quot;:&quot;&quot;}\" data-image-title=\"marburg1\" data-image-description=\"\" data-image-caption=\"\" data-large-file=\"https:\/\/i0.wp.com\/www.gesamtschule-eiserfeld.de\/wp-content\/uploads\/2013\/04\/marburg1.jpg?fit=266%2C176&amp;ssl=1\" class=\"alignright size-full wp-image-2332\" alt=\"marburg1\" src=\"https:\/\/i0.wp.com\/gesamtschule-eiserfeld.de\/wp-content\/uploads\/2013\/04\/marburg1.jpg?resize=266%2C176\" width=\"266\" height=\"176\" srcset=\"https:\/\/i0.wp.com\/www.gesamtschule-eiserfeld.de\/wp-content\/uploads\/2013\/04\/marburg1.jpg?w=266&amp;ssl=1 266w, https:\/\/i0.wp.com\/www.gesamtschule-eiserfeld.de\/wp-content\/uploads\/2013\/04\/marburg1.jpg?resize=200%2C132&amp;ssl=1 200w\" sizes=\"auto, (max-width: 266px) 100vw, 266px\" \/>Romantik. Auch hier \u201esa\u00dfen und tranken [junge, intellektuelle Fr\u00fchromantiker] am Teetisch\u201c<a title=\"\" href=\"file:\/\/\/C:\/Users\/Florian\/Gesamtschule%20Eiserfeld\/HP\/Marburg-Exkursion.docx#_ftn1\">[1]<\/a>.\u00a0 Getragen von der franz\u00f6sischen Revolution und fasziniert von der Rechtslehre Savignys kamen sie in die Universit\u00e4tsstadt.<\/p>\n<p>Unter ihnen Clemens und seine Schwester Bettina Brentano (sp\u00e4ter Bettina von Armin) sowie seine sp\u00e4tere Ehefrau Sophie Mereau, aber auch die Br\u00fcder Jacob und Wilhelm Grimm. Sie kamen nach dem Vorbild gro\u00dfst\u00e4dtischer Salons in geselliger Runde zusammen,\u00a0 philosophierten, diskutierten und tauschten sich \u00fcber ein neues Weltverst\u00e4ndnis aus. Erstmals machten auch Frauen ihren Einfluss in Kunst, Kultur und Politik geltend.<\/p>\n<p>Die Sch\u00fclerinnen und Sch\u00fcler erhielten Einblicke in die \u201ePortraits einer bewegten Generation\u201c, in das Leben einzelner Marburger H\u00e4user zur damaligen Zeit sowie in das Alltags- und Beziehungsleben der Literaten und Freigeister und damit nicht nur in das literarische Schaffen dieser vielschichtigen Epoche.<\/p>\n<p><img data-recalc-dims=\"1\" loading=\"lazy\" decoding=\"async\" data-attachment-id=\"2333\" data-permalink=\"https:\/\/www.gesamtschule-eiserfeld.de\/?attachment_id=2333\" data-orig-file=\"https:\/\/i0.wp.com\/www.gesamtschule-eiserfeld.de\/wp-content\/uploads\/2013\/04\/marburg2.jpg?fit=295%2C403&amp;ssl=1\" data-orig-size=\"295,403\" data-comments-opened=\"0\" data-image-meta=\"{&quot;aperture&quot;:&quot;0&quot;,&quot;credit&quot;:&quot;&quot;,&quot;camera&quot;:&quot;&quot;,&quot;caption&quot;:&quot;&quot;,&quot;created_timestamp&quot;:&quot;0&quot;,&quot;copyright&quot;:&quot;&quot;,&quot;focal_length&quot;:&quot;0&quot;,&quot;iso&quot;:&quot;0&quot;,&quot;shutter_speed&quot;:&quot;0&quot;,&quot;title&quot;:&quot;&quot;}\" data-image-title=\"marburg2\" data-image-description=\"\" data-image-caption=\"\" data-large-file=\"https:\/\/i0.wp.com\/www.gesamtschule-eiserfeld.de\/wp-content\/uploads\/2013\/04\/marburg2.jpg?fit=295%2C403&amp;ssl=1\" class=\"alignleft size-medium wp-image-2333\" alt=\"marburg2\" src=\"https:\/\/i0.wp.com\/gesamtschule-eiserfeld.de\/wp-content\/uploads\/2013\/04\/marburg2-219x300.jpg?resize=219%2C300\" width=\"219\" height=\"300\" srcset=\"https:\/\/i0.wp.com\/www.gesamtschule-eiserfeld.de\/wp-content\/uploads\/2013\/04\/marburg2.jpg?resize=219%2C300&amp;ssl=1 219w, https:\/\/i0.wp.com\/www.gesamtschule-eiserfeld.de\/wp-content\/uploads\/2013\/04\/marburg2.jpg?resize=109%2C150&amp;ssl=1 109w, https:\/\/i0.wp.com\/www.gesamtschule-eiserfeld.de\/wp-content\/uploads\/2013\/04\/marburg2.jpg?w=295&amp;ssl=1 295w\" sizes=\"auto, (max-width: 219px) 100vw, 219px\" \/>Zum Abschluss und anl\u00e4sslich des 200-j\u00e4hrigen Jubil\u00e4ums der \u201eKinder- und Hausm\u00e4rchen\u201c der Gebr\u00fcder Grimm las Tobias das M\u00e4rchen \u201eDie sieben Raben&#8220;:<\/p>\n<p>Sieben m\u00e4nnliche T\u00f6lpel zerbrechen den Wasserkrug, der das Seelenheil der kleinen Schwester bedeuten kann. Durch den Vater verflucht werden sie leibhaftig zu Ungl\u00fccksraben. Wer aber rettet sie durch eine selbstlose Tat &#8211; die kleine Schwester!<\/p>\n<p>Anschlie\u00dfend bummelten die Sch\u00fclerinnen und Sch\u00fcler durch die Stadt und lie\u00dfen die Eindr\u00fccke vor dem Hintergrund der vielen neuen Erkenntnisse auf sich wirken.<\/p>\n<p>Isabell Thies<\/p>\n<div>\n<hr align=\"left\" size=\"1\" width=\"33%\" \/>\n<div>\n<p><a title=\"\" href=\"file:\/\/\/C:\/Users\/Florian\/Gesamtschule%20Eiserfeld\/HP\/Marburg-Exkursion.docx#_ftnref1\">[1]<\/a> Heine, Heinrich (1923): <i>Sie sa\u00dfen und tranken am Teetisch<\/i>. In: Bogeng, G.A.E. (Hrsg.): Heines Werke in Einzelausgaben. Buch der Lieder. Hamburg, Berlin: Hofmann und Campe, S. 108<\/p>\n<\/div>\n<\/div>\n","protected":false},"excerpt":{"rendered":"<p>[22.04.13 \u00a0I. Thies] Am 16. April besuchten die Sch\u00fclerinnen und Sch\u00fcler der Gesamtschule Eiserfeld das \u201eHaus der Romantik\u201c in Marburg. Im Rahmen eines fachlich \u00fcberaus fundierten und zugleich verst\u00e4ndlichen Vortrags von Frau Professor Dr. Marita Metz-Becker erhielten die Jugendlichen Einblicke in die Marburger Fr\u00fchromantik.<\/p>\n","protected":false},"author":9,"featured_media":0,"comment_status":"closed","ping_status":"open","sticky":false,"template":"","format":"standard","meta":{"jetpack_post_was_ever_published":false,"_jetpack_newsletter_access":"","_jetpack_dont_email_post_to_subs":false,"_jetpack_newsletter_tier_id":0,"_jetpack_memberships_contains_paywalled_content":false,"_jetpack_memberships_contains_paid_content":false,"footnotes":"","jetpack_publicize_message":"","jetpack_publicize_feature_enabled":true,"jetpack_social_post_already_shared":true,"jetpack_social_options":{"image_generator_settings":{"template":"highway","default_image_id":0,"font":"","enabled":false},"version":2}},"categories":[1,18,26],"tags":[],"class_list":["post-2331","post","type-post","status-publish","format-standard","hentry","category-allgemein","category-exkursion","category-sekundarstufe-ii"],"yoast_head":"<!-- This site is optimized with the Yoast SEO plugin v27.4 - https:\/\/yoast.com\/product\/yoast-seo-wordpress\/ -->\n<title>Der Deutsch-LK und der P\u00e4dagogik-LK auf den Spuren der &quot;Marburger Romantik&quot; - Gesamtschule Eiserfeld<\/title>\n<meta name=\"robots\" content=\"index, follow, max-snippet:-1, max-image-preview:large, max-video-preview:-1\" \/>\n<link rel=\"canonical\" href=\"https:\/\/www.gesamtschule-eiserfeld.de\/?p=2331\" \/>\n<meta property=\"og:locale\" content=\"de_DE\" \/>\n<meta property=\"og:type\" content=\"article\" \/>\n<meta property=\"og:title\" content=\"Der Deutsch-LK und der P\u00e4dagogik-LK auf den Spuren der &quot;Marburger Romantik&quot; - Gesamtschule Eiserfeld\" \/>\n<meta property=\"og:description\" content=\"[22.04.13 \u00a0I. Thies] Am 16. April besuchten die Sch\u00fclerinnen und Sch\u00fcler der Gesamtschule Eiserfeld das \u201eHaus der Romantik\u201c in Marburg. Im Rahmen eines fachlich \u00fcberaus fundierten und zugleich verst\u00e4ndlichen Vortrags von Frau Professor Dr. Marita Metz-Becker erhielten die Jugendlichen Einblicke in die Marburger Fr\u00fchromantik.\" \/>\n<meta property=\"og:url\" content=\"https:\/\/www.gesamtschule-eiserfeld.de\/?p=2331\" \/>\n<meta property=\"og:site_name\" content=\"Gesamtschule Eiserfeld\" \/>\n<meta property=\"article:publisher\" content=\"https:\/\/www.facebook.com\/GEEiserfeld\" \/>\n<meta property=\"article:published_time\" content=\"2013-04-21T14:07:08+00:00\" \/>\n<meta property=\"article:modified_time\" content=\"2013-05-12T16:20:55+00:00\" \/>\n<meta property=\"og:image\" content=\"http:\/\/gesamtschule-eiserfeld.de\/wp-content\/uploads\/2013\/04\/marburg0-200x133.jpg\" \/>\n<meta name=\"author\" content=\"dorw\" \/>\n<meta name=\"twitter:card\" content=\"summary_large_image\" \/>\n<meta name=\"twitter:label1\" content=\"Verfasst von\" \/>\n\t<meta name=\"twitter:data1\" content=\"dorw\" \/>\n\t<meta name=\"twitter:label2\" content=\"Gesch\u00e4tzte Lesezeit\" \/>\n\t<meta name=\"twitter:data2\" content=\"2\u00a0Minuten\" \/>\n<script type=\"application\/ld+json\" class=\"yoast-schema-graph\">{\"@context\":\"https:\\\/\\\/schema.org\",\"@graph\":[{\"@type\":\"Article\",\"@id\":\"https:\\\/\\\/www.gesamtschule-eiserfeld.de\\\/?p=2331#article\",\"isPartOf\":{\"@id\":\"https:\\\/\\\/www.gesamtschule-eiserfeld.de\\\/?p=2331\"},\"author\":{\"name\":\"dorw\",\"@id\":\"https:\\\/\\\/www.gesamtschule-eiserfeld.de\\\/#\\\/schema\\\/person\\\/9f37123dd2ff514a1346db435bdb3784\"},\"headline\":\"Der Deutsch-LK und der P\u00e4dagogik-LK auf den Spuren der &#8222;Marburger Romantik&#8220;\",\"datePublished\":\"2013-04-21T14:07:08+00:00\",\"dateModified\":\"2013-05-12T16:20:55+00:00\",\"mainEntityOfPage\":{\"@id\":\"https:\\\/\\\/www.gesamtschule-eiserfeld.de\\\/?p=2331\"},\"wordCount\":333,\"publisher\":{\"@id\":\"https:\\\/\\\/www.gesamtschule-eiserfeld.de\\\/#organization\"},\"image\":{\"@id\":\"https:\\\/\\\/www.gesamtschule-eiserfeld.de\\\/?p=2331#primaryimage\"},\"thumbnailUrl\":\"http:\\\/\\\/gesamtschule-eiserfeld.de\\\/wp-content\\\/uploads\\\/2013\\\/04\\\/marburg0-200x133.jpg\",\"articleSection\":{\"1\":\"Exkursion\",\"2\":\"Sekundarstufe II\"},\"inLanguage\":\"de\"},{\"@type\":\"WebPage\",\"@id\":\"https:\\\/\\\/www.gesamtschule-eiserfeld.de\\\/?p=2331\",\"url\":\"https:\\\/\\\/www.gesamtschule-eiserfeld.de\\\/?p=2331\",\"name\":\"Der Deutsch-LK und der P\u00e4dagogik-LK auf den Spuren der \\\"Marburger Romantik\\\" - Gesamtschule Eiserfeld\",\"isPartOf\":{\"@id\":\"https:\\\/\\\/www.gesamtschule-eiserfeld.de\\\/#website\"},\"primaryImageOfPage\":{\"@id\":\"https:\\\/\\\/www.gesamtschule-eiserfeld.de\\\/?p=2331#primaryimage\"},\"image\":{\"@id\":\"https:\\\/\\\/www.gesamtschule-eiserfeld.de\\\/?p=2331#primaryimage\"},\"thumbnailUrl\":\"http:\\\/\\\/gesamtschule-eiserfeld.de\\\/wp-content\\\/uploads\\\/2013\\\/04\\\/marburg0-200x133.jpg\",\"datePublished\":\"2013-04-21T14:07:08+00:00\",\"dateModified\":\"2013-05-12T16:20:55+00:00\",\"breadcrumb\":{\"@id\":\"https:\\\/\\\/www.gesamtschule-eiserfeld.de\\\/?p=2331#breadcrumb\"},\"inLanguage\":\"de\",\"potentialAction\":[{\"@type\":\"ReadAction\",\"target\":[\"https:\\\/\\\/www.gesamtschule-eiserfeld.de\\\/?p=2331\"]}]},{\"@type\":\"ImageObject\",\"inLanguage\":\"de\",\"@id\":\"https:\\\/\\\/www.gesamtschule-eiserfeld.de\\\/?p=2331#primaryimage\",\"url\":\"http:\\\/\\\/gesamtschule-eiserfeld.de\\\/wp-content\\\/uploads\\\/2013\\\/04\\\/marburg0-200x133.jpg\",\"contentUrl\":\"http:\\\/\\\/gesamtschule-eiserfeld.de\\\/wp-content\\\/uploads\\\/2013\\\/04\\\/marburg0-200x133.jpg\"},{\"@type\":\"BreadcrumbList\",\"@id\":\"https:\\\/\\\/www.gesamtschule-eiserfeld.de\\\/?p=2331#breadcrumb\",\"itemListElement\":[{\"@type\":\"ListItem\",\"position\":1,\"name\":\"Startseite\",\"item\":\"https:\\\/\\\/www.gesamtschule-eiserfeld.de\\\/\"},{\"@type\":\"ListItem\",\"position\":2,\"name\":\"Der Deutsch-LK und der P\u00e4dagogik-LK auf den Spuren der &#8222;Marburger Romantik&#8220;\"}]},{\"@type\":\"WebSite\",\"@id\":\"https:\\\/\\\/www.gesamtschule-eiserfeld.de\\\/#website\",\"url\":\"https:\\\/\\\/www.gesamtschule-eiserfeld.de\\\/\",\"name\":\"Gesamtschule Eiserfeld\",\"description\":\"\",\"publisher\":{\"@id\":\"https:\\\/\\\/www.gesamtschule-eiserfeld.de\\\/#organization\"},\"potentialAction\":[{\"@type\":\"SearchAction\",\"target\":{\"@type\":\"EntryPoint\",\"urlTemplate\":\"https:\\\/\\\/www.gesamtschule-eiserfeld.de\\\/?s={search_term_string}\"},\"query-input\":{\"@type\":\"PropertyValueSpecification\",\"valueRequired\":true,\"valueName\":\"search_term_string\"}}],\"inLanguage\":\"de\"},{\"@type\":\"Organization\",\"@id\":\"https:\\\/\\\/www.gesamtschule-eiserfeld.de\\\/#organization\",\"name\":\"Gesamtschule Eiserfeld\",\"url\":\"https:\\\/\\\/www.gesamtschule-eiserfeld.de\\\/\",\"logo\":{\"@type\":\"ImageObject\",\"inLanguage\":\"de\",\"@id\":\"https:\\\/\\\/www.gesamtschule-eiserfeld.de\\\/#\\\/schema\\\/logo\\\/image\\\/\",\"url\":\"https:\\\/\\\/i1.wp.com\\\/www.gesamtschule-eiserfeld.de\\\/wp-content\\\/uploads\\\/2019\\\/01\\\/GEE-Logo-neu.jpg?fit=436%2C126&ssl=1\",\"contentUrl\":\"https:\\\/\\\/i1.wp.com\\\/www.gesamtschule-eiserfeld.de\\\/wp-content\\\/uploads\\\/2019\\\/01\\\/GEE-Logo-neu.jpg?fit=436%2C126&ssl=1\",\"width\":436,\"height\":126,\"caption\":\"Gesamtschule Eiserfeld\"},\"image\":{\"@id\":\"https:\\\/\\\/www.gesamtschule-eiserfeld.de\\\/#\\\/schema\\\/logo\\\/image\\\/\"},\"sameAs\":[\"https:\\\/\\\/www.facebook.com\\\/GEEiserfeld\"]},{\"@type\":\"Person\",\"@id\":\"https:\\\/\\\/www.gesamtschule-eiserfeld.de\\\/#\\\/schema\\\/person\\\/9f37123dd2ff514a1346db435bdb3784\",\"name\":\"dorw\",\"sameAs\":[\"http:\\\/\\\/www.ge-eiserfeld.de\"],\"url\":\"https:\\\/\\\/www.gesamtschule-eiserfeld.de\\\/?author=9\"}]}<\/script>\n<!-- \/ Yoast SEO plugin. -->","yoast_head_json":{"title":"Der Deutsch-LK und der P\u00e4dagogik-LK auf den Spuren der \"Marburger Romantik\" - Gesamtschule Eiserfeld","robots":{"index":"index","follow":"follow","max-snippet":"max-snippet:-1","max-image-preview":"max-image-preview:large","max-video-preview":"max-video-preview:-1"},"canonical":"https:\/\/www.gesamtschule-eiserfeld.de\/?p=2331","og_locale":"de_DE","og_type":"article","og_title":"Der Deutsch-LK und der P\u00e4dagogik-LK auf den Spuren der \"Marburger Romantik\" - Gesamtschule Eiserfeld","og_description":"[22.04.13 \u00a0I. Thies] Am 16. April besuchten die Sch\u00fclerinnen und Sch\u00fcler der Gesamtschule Eiserfeld das \u201eHaus der Romantik\u201c in Marburg. Im Rahmen eines fachlich \u00fcberaus fundierten und zugleich verst\u00e4ndlichen Vortrags von Frau Professor Dr. Marita Metz-Becker erhielten die Jugendlichen Einblicke in die Marburger Fr\u00fchromantik.","og_url":"https:\/\/www.gesamtschule-eiserfeld.de\/?p=2331","og_site_name":"Gesamtschule Eiserfeld","article_publisher":"https:\/\/www.facebook.com\/GEEiserfeld","article_published_time":"2013-04-21T14:07:08+00:00","article_modified_time":"2013-05-12T16:20:55+00:00","og_image":[{"url":"http:\/\/gesamtschule-eiserfeld.de\/wp-content\/uploads\/2013\/04\/marburg0-200x133.jpg","type":"","width":"","height":""}],"author":"dorw","twitter_card":"summary_large_image","twitter_misc":{"Verfasst von":"dorw","Gesch\u00e4tzte Lesezeit":"2\u00a0Minuten"},"schema":{"@context":"https:\/\/schema.org","@graph":[{"@type":"Article","@id":"https:\/\/www.gesamtschule-eiserfeld.de\/?p=2331#article","isPartOf":{"@id":"https:\/\/www.gesamtschule-eiserfeld.de\/?p=2331"},"author":{"name":"dorw","@id":"https:\/\/www.gesamtschule-eiserfeld.de\/#\/schema\/person\/9f37123dd2ff514a1346db435bdb3784"},"headline":"Der Deutsch-LK und der P\u00e4dagogik-LK auf den Spuren der &#8222;Marburger Romantik&#8220;","datePublished":"2013-04-21T14:07:08+00:00","dateModified":"2013-05-12T16:20:55+00:00","mainEntityOfPage":{"@id":"https:\/\/www.gesamtschule-eiserfeld.de\/?p=2331"},"wordCount":333,"publisher":{"@id":"https:\/\/www.gesamtschule-eiserfeld.de\/#organization"},"image":{"@id":"https:\/\/www.gesamtschule-eiserfeld.de\/?p=2331#primaryimage"},"thumbnailUrl":"http:\/\/gesamtschule-eiserfeld.de\/wp-content\/uploads\/2013\/04\/marburg0-200x133.jpg","articleSection":{"1":"Exkursion","2":"Sekundarstufe II"},"inLanguage":"de"},{"@type":"WebPage","@id":"https:\/\/www.gesamtschule-eiserfeld.de\/?p=2331","url":"https:\/\/www.gesamtschule-eiserfeld.de\/?p=2331","name":"Der Deutsch-LK und der P\u00e4dagogik-LK auf den Spuren der \"Marburger Romantik\" - Gesamtschule Eiserfeld","isPartOf":{"@id":"https:\/\/www.gesamtschule-eiserfeld.de\/#website"},"primaryImageOfPage":{"@id":"https:\/\/www.gesamtschule-eiserfeld.de\/?p=2331#primaryimage"},"image":{"@id":"https:\/\/www.gesamtschule-eiserfeld.de\/?p=2331#primaryimage"},"thumbnailUrl":"http:\/\/gesamtschule-eiserfeld.de\/wp-content\/uploads\/2013\/04\/marburg0-200x133.jpg","datePublished":"2013-04-21T14:07:08+00:00","dateModified":"2013-05-12T16:20:55+00:00","breadcrumb":{"@id":"https:\/\/www.gesamtschule-eiserfeld.de\/?p=2331#breadcrumb"},"inLanguage":"de","potentialAction":[{"@type":"ReadAction","target":["https:\/\/www.gesamtschule-eiserfeld.de\/?p=2331"]}]},{"@type":"ImageObject","inLanguage":"de","@id":"https:\/\/www.gesamtschule-eiserfeld.de\/?p=2331#primaryimage","url":"http:\/\/gesamtschule-eiserfeld.de\/wp-content\/uploads\/2013\/04\/marburg0-200x133.jpg","contentUrl":"http:\/\/gesamtschule-eiserfeld.de\/wp-content\/uploads\/2013\/04\/marburg0-200x133.jpg"},{"@type":"BreadcrumbList","@id":"https:\/\/www.gesamtschule-eiserfeld.de\/?p=2331#breadcrumb","itemListElement":[{"@type":"ListItem","position":1,"name":"Startseite","item":"https:\/\/www.gesamtschule-eiserfeld.de\/"},{"@type":"ListItem","position":2,"name":"Der Deutsch-LK und der P\u00e4dagogik-LK auf den Spuren der &#8222;Marburger Romantik&#8220;"}]},{"@type":"WebSite","@id":"https:\/\/www.gesamtschule-eiserfeld.de\/#website","url":"https:\/\/www.gesamtschule-eiserfeld.de\/","name":"Gesamtschule Eiserfeld","description":"","publisher":{"@id":"https:\/\/www.gesamtschule-eiserfeld.de\/#organization"},"potentialAction":[{"@type":"SearchAction","target":{"@type":"EntryPoint","urlTemplate":"https:\/\/www.gesamtschule-eiserfeld.de\/?s={search_term_string}"},"query-input":{"@type":"PropertyValueSpecification","valueRequired":true,"valueName":"search_term_string"}}],"inLanguage":"de"},{"@type":"Organization","@id":"https:\/\/www.gesamtschule-eiserfeld.de\/#organization","name":"Gesamtschule Eiserfeld","url":"https:\/\/www.gesamtschule-eiserfeld.de\/","logo":{"@type":"ImageObject","inLanguage":"de","@id":"https:\/\/www.gesamtschule-eiserfeld.de\/#\/schema\/logo\/image\/","url":"https:\/\/i1.wp.com\/www.gesamtschule-eiserfeld.de\/wp-content\/uploads\/2019\/01\/GEE-Logo-neu.jpg?fit=436%2C126&ssl=1","contentUrl":"https:\/\/i1.wp.com\/www.gesamtschule-eiserfeld.de\/wp-content\/uploads\/2019\/01\/GEE-Logo-neu.jpg?fit=436%2C126&ssl=1","width":436,"height":126,"caption":"Gesamtschule Eiserfeld"},"image":{"@id":"https:\/\/www.gesamtschule-eiserfeld.de\/#\/schema\/logo\/image\/"},"sameAs":["https:\/\/www.facebook.com\/GEEiserfeld"]},{"@type":"Person","@id":"https:\/\/www.gesamtschule-eiserfeld.de\/#\/schema\/person\/9f37123dd2ff514a1346db435bdb3784","name":"dorw","sameAs":["http:\/\/www.ge-eiserfeld.de"],"url":"https:\/\/www.gesamtschule-eiserfeld.de\/?author=9"}]}},"jetpack_publicize_connections":[],"jetpack_featured_media_url":"","jetpack_shortlink":"https:\/\/wp.me\/p2weeL-BB","jetpack_sharing_enabled":true,"_links":{"self":[{"href":"https:\/\/www.gesamtschule-eiserfeld.de\/index.php?rest_route=\/wp\/v2\/posts\/2331","targetHints":{"allow":["GET"]}}],"collection":[{"href":"https:\/\/www.gesamtschule-eiserfeld.de\/index.php?rest_route=\/wp\/v2\/posts"}],"about":[{"href":"https:\/\/www.gesamtschule-eiserfeld.de\/index.php?rest_route=\/wp\/v2\/types\/post"}],"author":[{"embeddable":true,"href":"https:\/\/www.gesamtschule-eiserfeld.de\/index.php?rest_route=\/wp\/v2\/users\/9"}],"replies":[{"embeddable":true,"href":"https:\/\/www.gesamtschule-eiserfeld.de\/index.php?rest_route=%2Fwp%2Fv2%2Fcomments&post=2331"}],"version-history":[{"count":0,"href":"https:\/\/www.gesamtschule-eiserfeld.de\/index.php?rest_route=\/wp\/v2\/posts\/2331\/revisions"}],"wp:attachment":[{"href":"https:\/\/www.gesamtschule-eiserfeld.de\/index.php?rest_route=%2Fwp%2Fv2%2Fmedia&parent=2331"}],"wp:term":[{"taxonomy":"category","embeddable":true,"href":"https:\/\/www.gesamtschule-eiserfeld.de\/index.php?rest_route=%2Fwp%2Fv2%2Fcategories&post=2331"},{"taxonomy":"post_tag","embeddable":true,"href":"https:\/\/www.gesamtschule-eiserfeld.de\/index.php?rest_route=%2Fwp%2Fv2%2Ftags&post=2331"}],"curies":[{"name":"wp","href":"https:\/\/api.w.org\/{rel}","templated":true}]}}