{"id":2469,"date":"2013-05-06T13:20:43","date_gmt":"2013-05-06T12:20:43","guid":{"rendered":"http:\/\/ge-eiserfeld.de\/?p=2469"},"modified":"2013-05-18T13:54:05","modified_gmt":"2013-05-18T12:54:05","slug":"schuler-helfen-schulern-ausbildungstag","status":"publish","type":"post","link":"https:\/\/www.gesamtschule-eiserfeld.de\/?p=2469","title":{"rendered":"Sch\u00fcler helfen Sch\u00fclern &#8211; Ausbildungstag"},"content":{"rendered":"<p><img data-recalc-dims=\"1\" loading=\"lazy\" decoding=\"async\" data-attachment-id=\"2463\" data-permalink=\"https:\/\/www.gesamtschule-eiserfeld.de\/?attachment_id=2463\" data-orig-file=\"https:\/\/i0.wp.com\/www.gesamtschule-eiserfeld.de\/wp-content\/uploads\/2013\/05\/2005-01-01-00.00.00-3971_konv_1.jpg?fit=666%2C500&amp;ssl=1\" data-orig-size=\"666,500\" data-comments-opened=\"0\" data-image-meta=\"{&quot;aperture&quot;:&quot;2.8&quot;,&quot;credit&quot;:&quot;&quot;,&quot;camera&quot;:&quot;DiMAGE Z5&quot;,&quot;caption&quot;:&quot;&quot;,&quot;created_timestamp&quot;:&quot;1104537600&quot;,&quot;copyright&quot;:&quot;&quot;,&quot;focal_length&quot;:&quot;5.859375&quot;,&quot;iso&quot;:&quot;80&quot;,&quot;shutter_speed&quot;:&quot;0.016666666666667&quot;,&quot;title&quot;:&quot;KONICA MINOLTA DIGITAL CAMERA&quot;}\" data-image-title=\"KONICA MINOLTA DIGITAL CAMERA\" data-image-description=\"\" data-image-caption=\"\" data-large-file=\"https:\/\/i0.wp.com\/www.gesamtschule-eiserfeld.de\/wp-content\/uploads\/2013\/05\/2005-01-01-00.00.00-3971_konv_1.jpg?fit=474%2C356&amp;ssl=1\" class=\"alignleft size-thumbnail wp-image-2463\" style=\"background-image: none; margin: 0px 10px 0px 0px; padding-left: 0px; padding-right: 0px; display: inline; padding-top: 0px; border: 0px none;\" alt=\"KONICA MINOLTA DIGITAL CAMERA\" src=\"https:\/\/i0.wp.com\/gesamtschule-eiserfeld.de\/wp-content\/uploads\/2013\/05\/2005-01-01-00.00.00-3971_konv_1-200x150.jpg?resize=200%2C150\" width=\"200\" height=\"150\" srcset=\"https:\/\/i0.wp.com\/www.gesamtschule-eiserfeld.de\/wp-content\/uploads\/2013\/05\/2005-01-01-00.00.00-3971_konv_1.jpg?resize=200%2C150&amp;ssl=1 200w, https:\/\/i0.wp.com\/www.gesamtschule-eiserfeld.de\/wp-content\/uploads\/2013\/05\/2005-01-01-00.00.00-3971_konv_1.jpg?resize=300%2C225&amp;ssl=1 300w, https:\/\/i0.wp.com\/www.gesamtschule-eiserfeld.de\/wp-content\/uploads\/2013\/05\/2005-01-01-00.00.00-3971_konv_1.jpg?w=666&amp;ssl=1 666w\" sizes=\"auto, (max-width: 200px) 100vw, 200px\" \/><span style=\"font-size: x-small;\"><em>[03.05.2013 \u00a0M. Dauth]<\/em><\/span> Wenn man sich im OA umschaut, sieht man an vielen Ecken gro\u00dfe Sch\u00fclerinnen und Sch\u00fcler aus der 10 und 11 (&#8222;Coaches&#8220;) mit &#8222;Kleinen&#8220; lernen &#8211; das ist &#8222;Sch\u00fcler helfen Sch\u00fclern&#8220;! Am 17. April konnten wir den schon lange ins Auge gefassten Ausbildungstag f\u00fcr die Coaches durchf\u00fchren. Es war ein anstrengender, aber sehr erfolgreicher Tag, an dem wir viel dar\u00fcber lernen konnten, wie man Nachhilfe sinnvoll gestaltet.<!--more--><\/p>\n<p>Um 9:00 Uhr ging es mit einem z\u00fcnftigen Fr\u00fchst\u00fcck zur St\u00e4rkung f\u00fcr das vor uns Liegende und zum gegenseitigen Kennenlernen los. An dieser Stelle herzlichen Dank an die Mensa, die uns mit einem Luxus-Fr\u00fchst\u00fcck und einem tollen Mittagessen versorgt hat. Bei der Gelegenheit konnten wir auch unseren Moderator, Christian Wei\u00df, kennenlernen, der sich mit einem Film zu deutschlandweiten Sch\u00fcler-helfen-Sch\u00fclern-Projekten vorstellte.<\/p>\n<p>Anschlie\u00dfend wurde &#8222;Sch\u00fcler helfen Sch\u00fclern&#8220; an der GEE vorgestellt. (Dazu auch bei Facebook: GEE-Sch\u00fcler helfen Sch\u00fclern)<\/p>\n<p><img data-recalc-dims=\"1\" loading=\"lazy\" decoding=\"async\" data-attachment-id=\"2457\" data-permalink=\"https:\/\/www.gesamtschule-eiserfeld.de\/?attachment_id=2457\" data-orig-file=\"https:\/\/i0.wp.com\/www.gesamtschule-eiserfeld.de\/wp-content\/uploads\/2013\/05\/2005-01-01-00.00.00-111_konv_1.jpg?fit=509%2C500&amp;ssl=1\" data-orig-size=\"509,500\" data-comments-opened=\"0\" data-image-meta=\"{&quot;aperture&quot;:&quot;3.5&quot;,&quot;credit&quot;:&quot;&quot;,&quot;camera&quot;:&quot;DiMAGE Z5&quot;,&quot;caption&quot;:&quot;&quot;,&quot;created_timestamp&quot;:&quot;1104537600&quot;,&quot;copyright&quot;:&quot;&quot;,&quot;focal_length&quot;:&quot;15.754699707031&quot;,&quot;iso&quot;:&quot;160&quot;,&quot;shutter_speed&quot;:&quot;0.02&quot;,&quot;title&quot;:&quot;KONICA MINOLTA DIGITAL CAMERA&quot;}\" data-image-title=\"KONICA MINOLTA DIGITAL CAMERA\" data-image-description=\"\" data-image-caption=\"\" data-large-file=\"https:\/\/i0.wp.com\/www.gesamtschule-eiserfeld.de\/wp-content\/uploads\/2013\/05\/2005-01-01-00.00.00-111_konv_1.jpg?fit=474%2C466&amp;ssl=1\" class=\"alignnone size-medium wp-image-2457\" alt=\"KONICA MINOLTA DIGITAL CAMERA\" src=\"https:\/\/i0.wp.com\/gesamtschule-eiserfeld.de\/wp-content\/uploads\/2013\/05\/2005-01-01-00.00.00-111_konv_1-300x294.jpg?resize=300%2C294\" width=\"300\" height=\"294\" srcset=\"https:\/\/i0.wp.com\/www.gesamtschule-eiserfeld.de\/wp-content\/uploads\/2013\/05\/2005-01-01-00.00.00-111_konv_1.jpg?resize=300%2C294&amp;ssl=1 300w, https:\/\/i0.wp.com\/www.gesamtschule-eiserfeld.de\/wp-content\/uploads\/2013\/05\/2005-01-01-00.00.00-111_konv_1.jpg?resize=152%2C150&amp;ssl=1 152w, https:\/\/i0.wp.com\/www.gesamtschule-eiserfeld.de\/wp-content\/uploads\/2013\/05\/2005-01-01-00.00.00-111_konv_1.jpg?w=509&amp;ssl=1 509w\" sizes=\"auto, (max-width: 300px) 100vw, 300px\" \/>\u00a0 \u00a0 \u00a0<img data-recalc-dims=\"1\" loading=\"lazy\" decoding=\"async\" data-attachment-id=\"2462\" data-permalink=\"https:\/\/www.gesamtschule-eiserfeld.de\/?attachment_id=2462\" data-orig-file=\"https:\/\/i0.wp.com\/www.gesamtschule-eiserfeld.de\/wp-content\/uploads\/2013\/05\/2005-01-01-00.00.00-3761_konv_1.jpg?fit=375%2C500&amp;ssl=1\" data-orig-size=\"375,500\" data-comments-opened=\"0\" data-image-meta=\"{&quot;aperture&quot;:&quot;4&quot;,&quot;credit&quot;:&quot;&quot;,&quot;camera&quot;:&quot;DiMAGE Z5&quot;,&quot;caption&quot;:&quot;&quot;,&quot;created_timestamp&quot;:&quot;1104537600&quot;,&quot;copyright&quot;:&quot;&quot;,&quot;focal_length&quot;:&quot;38.01171875&quot;,&quot;iso&quot;:&quot;160&quot;,&quot;shutter_speed&quot;:&quot;0.0125&quot;,&quot;title&quot;:&quot;KONICA MINOLTA DIGITAL CAMERA&quot;}\" data-image-title=\"KONICA MINOLTA DIGITAL CAMERA\" data-image-description=\"\" data-image-caption=\"\" data-large-file=\"https:\/\/i0.wp.com\/www.gesamtschule-eiserfeld.de\/wp-content\/uploads\/2013\/05\/2005-01-01-00.00.00-3761_konv_1.jpg?fit=375%2C500&amp;ssl=1\" class=\"alignnone size-medium wp-image-2462\" alt=\"KONICA MINOLTA DIGITAL CAMERA\" src=\"https:\/\/i0.wp.com\/gesamtschule-eiserfeld.de\/wp-content\/uploads\/2013\/05\/2005-01-01-00.00.00-3761_konv_1-225x300.jpg?resize=225%2C300\" width=\"225\" height=\"300\" srcset=\"https:\/\/i0.wp.com\/www.gesamtschule-eiserfeld.de\/wp-content\/uploads\/2013\/05\/2005-01-01-00.00.00-3761_konv_1.jpg?resize=225%2C300&amp;ssl=1 225w, https:\/\/i0.wp.com\/www.gesamtschule-eiserfeld.de\/wp-content\/uploads\/2013\/05\/2005-01-01-00.00.00-3761_konv_1.jpg?resize=112%2C150&amp;ssl=1 112w, https:\/\/i0.wp.com\/www.gesamtschule-eiserfeld.de\/wp-content\/uploads\/2013\/05\/2005-01-01-00.00.00-3761_konv_1.jpg?w=375&amp;ssl=1 375w\" sizes=\"auto, (max-width: 225px) 100vw, 225px\" \/><\/p>\n<p>Und dann war Arbeiten angesagt: In Seminaren rund um Nachhilfe konnte man sich in kleinen Gruppen nicht nur informieren, sondern selbst ausprobieren, wie Nachhilfe funktionieren kann. So wurden z. B. in den Fachseminaren bei Frau H\u00fclle (Englisch), Frau Dauth (Deutsch) und Herrn Kraft (Mathe) untersucht, welche Schwierigkeiten 5.-7.-Kl\u00e4ssler mit bestimmten Inhalten haben k\u00f6nnen und konkrete Stunden geplant bzw. Tipps f\u00fcr die Praxis gegeben.<\/p>\n<p><img data-recalc-dims=\"1\" loading=\"lazy\" decoding=\"async\" data-attachment-id=\"2459\" data-permalink=\"https:\/\/www.gesamtschule-eiserfeld.de\/?attachment_id=2459\" data-orig-file=\"https:\/\/i0.wp.com\/www.gesamtschule-eiserfeld.de\/wp-content\/uploads\/2013\/05\/2005-01-01-00.00.00-1831_konv_1.jpg?fit=366%2C500&amp;ssl=1\" data-orig-size=\"366,500\" data-comments-opened=\"0\" data-image-meta=\"{&quot;aperture&quot;:&quot;4.5&quot;,&quot;credit&quot;:&quot;&quot;,&quot;camera&quot;:&quot;DiMAGE Z5&quot;,&quot;caption&quot;:&quot;&quot;,&quot;created_timestamp&quot;:&quot;1104537600&quot;,&quot;copyright&quot;:&quot;&quot;,&quot;focal_length&quot;:&quot;54.773895263672&quot;,&quot;iso&quot;:&quot;160&quot;,&quot;shutter_speed&quot;:&quot;0.01&quot;,&quot;title&quot;:&quot;KONICA MINOLTA DIGITAL CAMERA&quot;}\" data-image-title=\"KONICA MINOLTA DIGITAL CAMERA\" data-image-description=\"\" data-image-caption=\"\" data-large-file=\"https:\/\/i0.wp.com\/www.gesamtschule-eiserfeld.de\/wp-content\/uploads\/2013\/05\/2005-01-01-00.00.00-1831_konv_1.jpg?fit=366%2C500&amp;ssl=1\" class=\"alignnone size-medium wp-image-2459\" alt=\"KONICA MINOLTA DIGITAL CAMERA\" src=\"https:\/\/i0.wp.com\/gesamtschule-eiserfeld.de\/wp-content\/uploads\/2013\/05\/2005-01-01-00.00.00-1831_konv_1-219x300.jpg?resize=219%2C300\" width=\"219\" height=\"300\" srcset=\"https:\/\/i0.wp.com\/www.gesamtschule-eiserfeld.de\/wp-content\/uploads\/2013\/05\/2005-01-01-00.00.00-1831_konv_1.jpg?resize=219%2C300&amp;ssl=1 219w, https:\/\/i0.wp.com\/www.gesamtschule-eiserfeld.de\/wp-content\/uploads\/2013\/05\/2005-01-01-00.00.00-1831_konv_1.jpg?resize=109%2C150&amp;ssl=1 109w, https:\/\/i0.wp.com\/www.gesamtschule-eiserfeld.de\/wp-content\/uploads\/2013\/05\/2005-01-01-00.00.00-1831_konv_1.jpg?w=366&amp;ssl=1 366w\" sizes=\"auto, (max-width: 219px) 100vw, 219px\" \/>\u00a0 \u00a0 \u00a0<img data-recalc-dims=\"1\" loading=\"lazy\" decoding=\"async\" data-attachment-id=\"2458\" data-permalink=\"https:\/\/www.gesamtschule-eiserfeld.de\/?attachment_id=2458\" data-orig-file=\"https:\/\/i0.wp.com\/www.gesamtschule-eiserfeld.de\/wp-content\/uploads\/2013\/05\/2005-01-01-00.00.00-1721_konv_1.jpg?fit=666%2C500&amp;ssl=1\" data-orig-size=\"666,500\" data-comments-opened=\"0\" data-image-meta=\"{&quot;aperture&quot;:&quot;3.5&quot;,&quot;credit&quot;:&quot;&quot;,&quot;camera&quot;:&quot;DiMAGE Z5&quot;,&quot;caption&quot;:&quot;&quot;,&quot;created_timestamp&quot;:&quot;1104537600&quot;,&quot;copyright&quot;:&quot;&quot;,&quot;focal_length&quot;:&quot;11.188507080078&quot;,&quot;iso&quot;:&quot;50&quot;,&quot;shutter_speed&quot;:&quot;0.02&quot;,&quot;title&quot;:&quot;KONICA MINOLTA DIGITAL CAMERA&quot;}\" data-image-title=\"KONICA MINOLTA DIGITAL CAMERA\" data-image-description=\"\" data-image-caption=\"\" data-large-file=\"https:\/\/i0.wp.com\/www.gesamtschule-eiserfeld.de\/wp-content\/uploads\/2013\/05\/2005-01-01-00.00.00-1721_konv_1.jpg?fit=474%2C356&amp;ssl=1\" class=\"alignnone size-medium wp-image-2458\" alt=\"KONICA MINOLTA DIGITAL CAMERA\" src=\"https:\/\/i0.wp.com\/gesamtschule-eiserfeld.de\/wp-content\/uploads\/2013\/05\/2005-01-01-00.00.00-1721_konv_1-300x225.jpg?resize=300%2C225\" width=\"300\" height=\"225\" srcset=\"https:\/\/i0.wp.com\/www.gesamtschule-eiserfeld.de\/wp-content\/uploads\/2013\/05\/2005-01-01-00.00.00-1721_konv_1.jpg?resize=300%2C225&amp;ssl=1 300w, https:\/\/i0.wp.com\/www.gesamtschule-eiserfeld.de\/wp-content\/uploads\/2013\/05\/2005-01-01-00.00.00-1721_konv_1.jpg?resize=200%2C150&amp;ssl=1 200w, https:\/\/i0.wp.com\/www.gesamtschule-eiserfeld.de\/wp-content\/uploads\/2013\/05\/2005-01-01-00.00.00-1721_konv_1.jpg?w=666&amp;ssl=1 666w\" sizes=\"auto, (max-width: 300px) 100vw, 300px\" \/>\u00a0 \u00a0<img data-recalc-dims=\"1\" loading=\"lazy\" decoding=\"async\" data-attachment-id=\"2460\" data-permalink=\"https:\/\/www.gesamtschule-eiserfeld.de\/?attachment_id=2460\" data-orig-file=\"https:\/\/i0.wp.com\/www.gesamtschule-eiserfeld.de\/wp-content\/uploads\/2013\/05\/2005-01-01-00.00.00-2141_konv_1.jpg?fit=666%2C500&amp;ssl=1\" data-orig-size=\"666,500\" data-comments-opened=\"0\" data-image-meta=\"{&quot;aperture&quot;:&quot;4&quot;,&quot;credit&quot;:&quot;&quot;,&quot;camera&quot;:&quot;DiMAGE Z5&quot;,&quot;caption&quot;:&quot;&quot;,&quot;created_timestamp&quot;:&quot;1104537600&quot;,&quot;copyright&quot;:&quot;&quot;,&quot;focal_length&quot;:&quot;33.453125&quot;,&quot;iso&quot;:&quot;160&quot;,&quot;shutter_speed&quot;:&quot;0.02&quot;,&quot;title&quot;:&quot;KONICA MINOLTA DIGITAL CAMERA&quot;}\" data-image-title=\"KONICA MINOLTA DIGITAL CAMERA\" data-image-description=\"\" data-image-caption=\"\" data-large-file=\"https:\/\/i0.wp.com\/www.gesamtschule-eiserfeld.de\/wp-content\/uploads\/2013\/05\/2005-01-01-00.00.00-2141_konv_1.jpg?fit=474%2C356&amp;ssl=1\" class=\"alignnone size-medium wp-image-2460\" alt=\"KONICA MINOLTA DIGITAL CAMERA\" src=\"https:\/\/i0.wp.com\/gesamtschule-eiserfeld.de\/wp-content\/uploads\/2013\/05\/2005-01-01-00.00.00-2141_konv_1-300x225.jpg?resize=300%2C225\" width=\"300\" height=\"225\" srcset=\"https:\/\/i0.wp.com\/www.gesamtschule-eiserfeld.de\/wp-content\/uploads\/2013\/05\/2005-01-01-00.00.00-2141_konv_1.jpg?resize=300%2C225&amp;ssl=1 300w, https:\/\/i0.wp.com\/www.gesamtschule-eiserfeld.de\/wp-content\/uploads\/2013\/05\/2005-01-01-00.00.00-2141_konv_1.jpg?resize=200%2C150&amp;ssl=1 200w, https:\/\/i0.wp.com\/www.gesamtschule-eiserfeld.de\/wp-content\/uploads\/2013\/05\/2005-01-01-00.00.00-2141_konv_1.jpg?w=666&amp;ssl=1 666w\" sizes=\"auto, (max-width: 300px) 100vw, 300px\" \/><\/p>\n<p>Besonders gefragt war LST (Lernsituationstraining), bei dem bestimmte Nachhilfesituationen im Rollenspiel nachgestellt wurden. Mit Hilfe des Videomittschnitts wurde das Ganze dann unter fachkundiger Anleitung von Herrn Wei\u00df gemeinsam analysiert und L\u00f6sungen \u00fcberlegt.<\/p>\n<p><img data-recalc-dims=\"1\" loading=\"lazy\" decoding=\"async\" data-attachment-id=\"2463\" data-permalink=\"https:\/\/www.gesamtschule-eiserfeld.de\/?attachment_id=2463\" data-orig-file=\"https:\/\/i0.wp.com\/www.gesamtschule-eiserfeld.de\/wp-content\/uploads\/2013\/05\/2005-01-01-00.00.00-3971_konv_1.jpg?fit=666%2C500&amp;ssl=1\" data-orig-size=\"666,500\" data-comments-opened=\"0\" data-image-meta=\"{&quot;aperture&quot;:&quot;2.8&quot;,&quot;credit&quot;:&quot;&quot;,&quot;camera&quot;:&quot;DiMAGE Z5&quot;,&quot;caption&quot;:&quot;&quot;,&quot;created_timestamp&quot;:&quot;1104537600&quot;,&quot;copyright&quot;:&quot;&quot;,&quot;focal_length&quot;:&quot;5.859375&quot;,&quot;iso&quot;:&quot;80&quot;,&quot;shutter_speed&quot;:&quot;0.016666666666667&quot;,&quot;title&quot;:&quot;KONICA MINOLTA DIGITAL CAMERA&quot;}\" data-image-title=\"KONICA MINOLTA DIGITAL CAMERA\" data-image-description=\"\" data-image-caption=\"\" data-large-file=\"https:\/\/i0.wp.com\/www.gesamtschule-eiserfeld.de\/wp-content\/uploads\/2013\/05\/2005-01-01-00.00.00-3971_konv_1.jpg?fit=474%2C356&amp;ssl=1\" class=\"alignnone size-medium wp-image-2463\" alt=\"KONICA MINOLTA DIGITAL CAMERA\" src=\"https:\/\/i0.wp.com\/gesamtschule-eiserfeld.de\/wp-content\/uploads\/2013\/05\/2005-01-01-00.00.00-3971_konv_1-300x225.jpg?resize=300%2C225\" width=\"300\" height=\"225\" srcset=\"https:\/\/i0.wp.com\/www.gesamtschule-eiserfeld.de\/wp-content\/uploads\/2013\/05\/2005-01-01-00.00.00-3971_konv_1.jpg?resize=300%2C225&amp;ssl=1 300w, https:\/\/i0.wp.com\/www.gesamtschule-eiserfeld.de\/wp-content\/uploads\/2013\/05\/2005-01-01-00.00.00-3971_konv_1.jpg?resize=200%2C150&amp;ssl=1 200w, https:\/\/i0.wp.com\/www.gesamtschule-eiserfeld.de\/wp-content\/uploads\/2013\/05\/2005-01-01-00.00.00-3971_konv_1.jpg?w=666&amp;ssl=1 666w\" sizes=\"auto, (max-width: 300px) 100vw, 300px\" \/>\u00a0 \u00a0\u00a0<img data-recalc-dims=\"1\" loading=\"lazy\" decoding=\"async\" data-attachment-id=\"2464\" data-permalink=\"https:\/\/www.gesamtschule-eiserfeld.de\/?attachment_id=2464\" data-orig-file=\"https:\/\/i0.wp.com\/www.gesamtschule-eiserfeld.de\/wp-content\/uploads\/2013\/05\/2005-01-01-00.00.00-4181_konv_1.jpg?fit=666%2C500&amp;ssl=1\" data-orig-size=\"666,500\" data-comments-opened=\"0\" data-image-meta=\"{&quot;aperture&quot;:&quot;3.5&quot;,&quot;credit&quot;:&quot;&quot;,&quot;camera&quot;:&quot;DiMAGE Z5&quot;,&quot;caption&quot;:&quot;&quot;,&quot;created_timestamp&quot;:&quot;1104537600&quot;,&quot;copyright&quot;:&quot;&quot;,&quot;focal_length&quot;:&quot;15.048980712891&quot;,&quot;iso&quot;:&quot;160&quot;,&quot;shutter_speed&quot;:&quot;0.025&quot;,&quot;title&quot;:&quot;KONICA MINOLTA DIGITAL CAMERA&quot;}\" data-image-title=\"KONICA MINOLTA DIGITAL CAMERA\" data-image-description=\"\" data-image-caption=\"\" data-large-file=\"https:\/\/i0.wp.com\/www.gesamtschule-eiserfeld.de\/wp-content\/uploads\/2013\/05\/2005-01-01-00.00.00-4181_konv_1.jpg?fit=474%2C356&amp;ssl=1\" class=\"alignnone size-medium wp-image-2464\" alt=\"KONICA MINOLTA DIGITAL CAMERA\" src=\"https:\/\/i0.wp.com\/gesamtschule-eiserfeld.de\/wp-content\/uploads\/2013\/05\/2005-01-01-00.00.00-4181_konv_1-300x225.jpg?resize=300%2C225\" width=\"300\" height=\"225\" srcset=\"https:\/\/i0.wp.com\/www.gesamtschule-eiserfeld.de\/wp-content\/uploads\/2013\/05\/2005-01-01-00.00.00-4181_konv_1.jpg?resize=300%2C225&amp;ssl=1 300w, https:\/\/i0.wp.com\/www.gesamtschule-eiserfeld.de\/wp-content\/uploads\/2013\/05\/2005-01-01-00.00.00-4181_konv_1.jpg?resize=200%2C150&amp;ssl=1 200w, https:\/\/i0.wp.com\/www.gesamtschule-eiserfeld.de\/wp-content\/uploads\/2013\/05\/2005-01-01-00.00.00-4181_konv_1.jpg?w=666&amp;ssl=1 666w\" sizes=\"auto, (max-width: 300px) 100vw, 300px\" \/><\/p>\n<p><img data-recalc-dims=\"1\" loading=\"lazy\" decoding=\"async\" data-attachment-id=\"2461\" data-permalink=\"https:\/\/www.gesamtschule-eiserfeld.de\/?attachment_id=2461\" data-orig-file=\"https:\/\/i0.wp.com\/www.gesamtschule-eiserfeld.de\/wp-content\/uploads\/2013\/05\/2005-01-01-00.00.00-2951_konv_1.jpg?fit=666%2C500&amp;ssl=1\" data-orig-size=\"666,500\" data-comments-opened=\"0\" data-image-meta=\"{&quot;aperture&quot;:&quot;3.2&quot;,&quot;credit&quot;:&quot;&quot;,&quot;camera&quot;:&quot;DiMAGE Z5&quot;,&quot;caption&quot;:&quot;&quot;,&quot;created_timestamp&quot;:&quot;1104537600&quot;,&quot;copyright&quot;:&quot;&quot;,&quot;focal_length&quot;:&quot;10.196685791016&quot;,&quot;iso&quot;:&quot;50&quot;,&quot;shutter_speed&quot;:&quot;0.0125&quot;,&quot;title&quot;:&quot;KONICA MINOLTA DIGITAL CAMERA&quot;}\" data-image-title=\"KONICA MINOLTA DIGITAL CAMERA\" data-image-description=\"\" data-image-caption=\"\" data-large-file=\"https:\/\/i0.wp.com\/www.gesamtschule-eiserfeld.de\/wp-content\/uploads\/2013\/05\/2005-01-01-00.00.00-2951_konv_1.jpg?fit=474%2C356&amp;ssl=1\" class=\"alignleft size-medium wp-image-2461\" alt=\"KONICA MINOLTA DIGITAL CAMERA\" src=\"https:\/\/i0.wp.com\/gesamtschule-eiserfeld.de\/wp-content\/uploads\/2013\/05\/2005-01-01-00.00.00-2951_konv_1-300x225.jpg?resize=300%2C225\" width=\"300\" height=\"225\" srcset=\"https:\/\/i0.wp.com\/www.gesamtschule-eiserfeld.de\/wp-content\/uploads\/2013\/05\/2005-01-01-00.00.00-2951_konv_1.jpg?resize=300%2C225&amp;ssl=1 300w, https:\/\/i0.wp.com\/www.gesamtschule-eiserfeld.de\/wp-content\/uploads\/2013\/05\/2005-01-01-00.00.00-2951_konv_1.jpg?resize=200%2C150&amp;ssl=1 200w, https:\/\/i0.wp.com\/www.gesamtschule-eiserfeld.de\/wp-content\/uploads\/2013\/05\/2005-01-01-00.00.00-2951_konv_1.jpg?w=666&amp;ssl=1 666w\" sizes=\"auto, (max-width: 300px) 100vw, 300px\" \/>Unterst\u00fctzend dazu gab es Rhetorik und Diagnose mit Moderatoren von anderen Schulen, \u00a0an denen &#8222;Sch\u00fcler helfen Sch\u00fclern&#8220; schon l\u00e4nger l\u00e4uft (Lena Varnschl\u00e4ger und Rolf Daldrup). Wir wussten gar nicht, wie schwer Reden sein kann, wenn man es deutlich tun muss und anderen vermitteln soll. Einige tr\u00e4umen wohl immer noch vom &#8222;Whiskey-Mixer&#8220; oder der Siegener Zeitung ;-)!<\/p>\n<p><img data-recalc-dims=\"1\" loading=\"lazy\" decoding=\"async\" data-attachment-id=\"2465\" data-permalink=\"https:\/\/www.gesamtschule-eiserfeld.de\/?attachment_id=2465\" data-orig-file=\"https:\/\/i0.wp.com\/www.gesamtschule-eiserfeld.de\/wp-content\/uploads\/2013\/05\/2005-01-01-00.00.00-5491_konv_1.jpg?fit=666%2C500&amp;ssl=1\" data-orig-size=\"666,500\" data-comments-opened=\"0\" data-image-meta=\"{&quot;aperture&quot;:&quot;2.8&quot;,&quot;credit&quot;:&quot;&quot;,&quot;camera&quot;:&quot;DiMAGE Z5&quot;,&quot;caption&quot;:&quot;&quot;,&quot;created_timestamp&quot;:&quot;1104537600&quot;,&quot;copyright&quot;:&quot;&quot;,&quot;focal_length&quot;:&quot;6.8359375&quot;,&quot;iso&quot;:&quot;160&quot;,&quot;shutter_speed&quot;:&quot;0.025&quot;,&quot;title&quot;:&quot;KONICA MINOLTA DIGITAL CAMERA&quot;}\" data-image-title=\"KONICA MINOLTA DIGITAL CAMERA\" data-image-description=\"\" data-image-caption=\"\" data-large-file=\"https:\/\/i0.wp.com\/www.gesamtschule-eiserfeld.de\/wp-content\/uploads\/2013\/05\/2005-01-01-00.00.00-5491_konv_1.jpg?fit=474%2C356&amp;ssl=1\" class=\"alignright size-medium wp-image-2465\" alt=\"KONICA MINOLTA DIGITAL CAMERA\" src=\"https:\/\/i0.wp.com\/gesamtschule-eiserfeld.de\/wp-content\/uploads\/2013\/05\/2005-01-01-00.00.00-5491_konv_1-300x225.jpg?resize=300%2C225\" width=\"300\" height=\"225\" srcset=\"https:\/\/i0.wp.com\/www.gesamtschule-eiserfeld.de\/wp-content\/uploads\/2013\/05\/2005-01-01-00.00.00-5491_konv_1.jpg?resize=300%2C225&amp;ssl=1 300w, https:\/\/i0.wp.com\/www.gesamtschule-eiserfeld.de\/wp-content\/uploads\/2013\/05\/2005-01-01-00.00.00-5491_konv_1.jpg?resize=200%2C150&amp;ssl=1 200w, https:\/\/i0.wp.com\/www.gesamtschule-eiserfeld.de\/wp-content\/uploads\/2013\/05\/2005-01-01-00.00.00-5491_konv_1.jpg?w=666&amp;ssl=1 666w\" sizes=\"auto, (max-width: 300px) 100vw, 300px\" \/>Im Diagnose-Seminar ging es dann um die Ursachen, die schlechte Leistungen haben k\u00f6nnen. Auch hier konnten die Coaches wieder im Rollenspiel erproben, wie man solche Gespr\u00e4che f\u00fchren und einen Nachhilfesch\u00fcler zum Lernen motivieren kann.<\/p>\n<p>Wir konnten uns ganz viele Ideen f\u00fcr unsere Nachhilfesch\u00fcler mitnehmen bzw. m\u00f6chten jetzt ganz schnell Nachhilfe geben. Schade nur, dass wir nicht mehr Zeit hatten, um uns auszutauschen und noch mehr auszuprobieren. Deshalb wird das n\u00e4chste Ausbildungsseminar \u00fcber zwei Tage gehen.<\/p>\n<p><img data-recalc-dims=\"1\" loading=\"lazy\" decoding=\"async\" data-attachment-id=\"2468\" data-permalink=\"https:\/\/www.gesamtschule-eiserfeld.de\/?attachment_id=2468\" data-orig-file=\"https:\/\/i0.wp.com\/www.gesamtschule-eiserfeld.de\/wp-content\/uploads\/2013\/05\/2005-01-01-00.00.00-62121_konv_1.jpg?fit=375%2C500&amp;ssl=1\" data-orig-size=\"375,500\" data-comments-opened=\"0\" data-image-meta=\"{&quot;aperture&quot;:&quot;4&quot;,&quot;credit&quot;:&quot;&quot;,&quot;camera&quot;:&quot;DiMAGE Z5&quot;,&quot;caption&quot;:&quot;&quot;,&quot;created_timestamp&quot;:&quot;1104537600&quot;,&quot;copyright&quot;:&quot;&quot;,&quot;focal_length&quot;:&quot;26.0625&quot;,&quot;iso&quot;:&quot;160&quot;,&quot;shutter_speed&quot;:&quot;0.025&quot;,&quot;title&quot;:&quot;KONICA MINOLTA DIGITAL CAMERA&quot;}\" data-image-title=\"KONICA MINOLTA DIGITAL CAMERA\" data-image-description=\"\" data-image-caption=\"\" data-large-file=\"https:\/\/i0.wp.com\/www.gesamtschule-eiserfeld.de\/wp-content\/uploads\/2013\/05\/2005-01-01-00.00.00-62121_konv_1.jpg?fit=375%2C500&amp;ssl=1\" class=\"alignnone size-medium wp-image-2468\" alt=\"KONICA MINOLTA DIGITAL CAMERA\" src=\"https:\/\/i0.wp.com\/gesamtschule-eiserfeld.de\/wp-content\/uploads\/2013\/05\/2005-01-01-00.00.00-62121_konv_1-225x300.jpg?resize=225%2C300\" width=\"225\" height=\"300\" srcset=\"https:\/\/i0.wp.com\/www.gesamtschule-eiserfeld.de\/wp-content\/uploads\/2013\/05\/2005-01-01-00.00.00-62121_konv_1.jpg?resize=225%2C300&amp;ssl=1 225w, https:\/\/i0.wp.com\/www.gesamtschule-eiserfeld.de\/wp-content\/uploads\/2013\/05\/2005-01-01-00.00.00-62121_konv_1.jpg?resize=112%2C150&amp;ssl=1 112w, https:\/\/i0.wp.com\/www.gesamtschule-eiserfeld.de\/wp-content\/uploads\/2013\/05\/2005-01-01-00.00.00-62121_konv_1.jpg?w=375&amp;ssl=1 375w\" sizes=\"auto, (max-width: 225px) 100vw, 225px\" \/>\u00a0 \u00a0 \u00a0 \u00a0 \u00a0\u00a0<img data-recalc-dims=\"1\" loading=\"lazy\" decoding=\"async\" data-attachment-id=\"2467\" data-permalink=\"https:\/\/www.gesamtschule-eiserfeld.de\/?attachment_id=2467\" data-orig-file=\"https:\/\/i0.wp.com\/www.gesamtschule-eiserfeld.de\/wp-content\/uploads\/2013\/05\/2005-01-01-00.00.00-61111_konv_1.jpg?fit=375%2C500&amp;ssl=1\" data-orig-size=\"375,500\" data-comments-opened=\"0\" data-image-meta=\"{&quot;aperture&quot;:&quot;4&quot;,&quot;credit&quot;:&quot;&quot;,&quot;camera&quot;:&quot;DiMAGE Z5&quot;,&quot;caption&quot;:&quot;&quot;,&quot;created_timestamp&quot;:&quot;1104537600&quot;,&quot;copyright&quot;:&quot;&quot;,&quot;focal_length&quot;:&quot;26.0625&quot;,&quot;iso&quot;:&quot;160&quot;,&quot;shutter_speed&quot;:&quot;0.025&quot;,&quot;title&quot;:&quot;KONICA MINOLTA DIGITAL CAMERA&quot;}\" data-image-title=\"KONICA MINOLTA DIGITAL CAMERA\" data-image-description=\"\" data-image-caption=\"\" data-large-file=\"https:\/\/i0.wp.com\/www.gesamtschule-eiserfeld.de\/wp-content\/uploads\/2013\/05\/2005-01-01-00.00.00-61111_konv_1.jpg?fit=375%2C500&amp;ssl=1\" class=\"alignnone size-medium wp-image-2467\" alt=\"KONICA MINOLTA DIGITAL CAMERA\" src=\"https:\/\/i0.wp.com\/gesamtschule-eiserfeld.de\/wp-content\/uploads\/2013\/05\/2005-01-01-00.00.00-61111_konv_1-225x300.jpg?resize=225%2C300\" width=\"225\" height=\"300\" srcset=\"https:\/\/i0.wp.com\/www.gesamtschule-eiserfeld.de\/wp-content\/uploads\/2013\/05\/2005-01-01-00.00.00-61111_konv_1.jpg?resize=225%2C300&amp;ssl=1 225w, https:\/\/i0.wp.com\/www.gesamtschule-eiserfeld.de\/wp-content\/uploads\/2013\/05\/2005-01-01-00.00.00-61111_konv_1.jpg?resize=112%2C150&amp;ssl=1 112w, https:\/\/i0.wp.com\/www.gesamtschule-eiserfeld.de\/wp-content\/uploads\/2013\/05\/2005-01-01-00.00.00-61111_konv_1.jpg?w=375&amp;ssl=1 375w\" sizes=\"auto, (max-width: 225px) 100vw, 225px\" \/>\u00a0 \u00a0<img data-recalc-dims=\"1\" loading=\"lazy\" decoding=\"async\" data-attachment-id=\"2466\" data-permalink=\"https:\/\/www.gesamtschule-eiserfeld.de\/?attachment_id=2466\" data-orig-file=\"https:\/\/i0.wp.com\/www.gesamtschule-eiserfeld.de\/wp-content\/uploads\/2013\/05\/2005-01-01-00.00.00-60101_konv_1.jpg?fit=375%2C500&amp;ssl=1\" data-orig-size=\"375,500\" data-comments-opened=\"0\" data-image-meta=\"{&quot;aperture&quot;:&quot;4&quot;,&quot;credit&quot;:&quot;&quot;,&quot;camera&quot;:&quot;DiMAGE Z5&quot;,&quot;caption&quot;:&quot;&quot;,&quot;created_timestamp&quot;:&quot;1104537600&quot;,&quot;copyright&quot;:&quot;&quot;,&quot;focal_length&quot;:&quot;26.0625&quot;,&quot;iso&quot;:&quot;160&quot;,&quot;shutter_speed&quot;:&quot;0.025&quot;,&quot;title&quot;:&quot;KONICA MINOLTA DIGITAL CAMERA&quot;}\" data-image-title=\"KONICA MINOLTA DIGITAL CAMERA\" data-image-description=\"\" data-image-caption=\"\" data-large-file=\"https:\/\/i0.wp.com\/www.gesamtschule-eiserfeld.de\/wp-content\/uploads\/2013\/05\/2005-01-01-00.00.00-60101_konv_1.jpg?fit=375%2C500&amp;ssl=1\" class=\"alignnone size-medium wp-image-2466\" alt=\"KONICA MINOLTA DIGITAL CAMERA\" src=\"https:\/\/i0.wp.com\/gesamtschule-eiserfeld.de\/wp-content\/uploads\/2013\/05\/2005-01-01-00.00.00-60101_konv_1-225x300.jpg?resize=225%2C300\" width=\"225\" height=\"300\" srcset=\"https:\/\/i0.wp.com\/www.gesamtschule-eiserfeld.de\/wp-content\/uploads\/2013\/05\/2005-01-01-00.00.00-60101_konv_1.jpg?resize=225%2C300&amp;ssl=1 225w, https:\/\/i0.wp.com\/www.gesamtschule-eiserfeld.de\/wp-content\/uploads\/2013\/05\/2005-01-01-00.00.00-60101_konv_1.jpg?resize=112%2C150&amp;ssl=1 112w, https:\/\/i0.wp.com\/www.gesamtschule-eiserfeld.de\/wp-content\/uploads\/2013\/05\/2005-01-01-00.00.00-60101_konv_1.jpg?w=375&amp;ssl=1 375w\" sizes=\"auto, (max-width: 225px) 100vw, 225px\" \/><\/p>\n","protected":false},"excerpt":{"rendered":"<p>[03.05.2013 \u00a0M. Dauth] Wenn man sich im OA umschaut, sieht man an vielen Ecken gro\u00dfe Sch\u00fclerinnen und Sch\u00fcler aus der 10 und 11 (&#8222;Coaches&#8220;) mit &#8222;Kleinen&#8220; lernen &#8211; das ist &#8222;Sch\u00fcler helfen Sch\u00fclern&#8220;! Am 17. April konnten wir den schon lange ins Auge gefassten Ausbildungstag f\u00fcr die Coaches durchf\u00fchren. Es war ein anstrengender, aber sehr &hellip; <a href=\"https:\/\/www.gesamtschule-eiserfeld.de\/?p=2469\" class=\"more-link\"><span class=\"screen-reader-text\">Sch\u00fcler helfen Sch\u00fclern &#8211; Ausbildungstag<\/span> weiterlesen <span class=\"meta-nav\">&rarr;<\/span><\/a><\/p>\n","protected":false},"author":9,"featured_media":0,"comment_status":"closed","ping_status":"open","sticky":false,"template":"","format":"standard","meta":{"jetpack_post_was_ever_published":false,"_jetpack_newsletter_access":"","_jetpack_dont_email_post_to_subs":false,"_jetpack_newsletter_tier_id":0,"_jetpack_memberships_contains_paywalled_content":false,"_jetpack_memberships_contains_paid_content":false,"footnotes":"","jetpack_publicize_message":"","jetpack_publicize_feature_enabled":true,"jetpack_social_post_already_shared":true,"jetpack_social_options":{"image_generator_settings":{"template":"highway","default_image_id":0,"font":"","enabled":false},"version":2}},"categories":[54,1,10],"tags":[],"class_list":["post-2469","post","type-post","status-publish","format-standard","hentry","category-aktionen","category-allgemein","category-projekte"],"yoast_head":"<!-- This site is optimized with the Yoast SEO plugin v27.4 - https:\/\/yoast.com\/product\/yoast-seo-wordpress\/ -->\n<title>Sch\u00fcler helfen Sch\u00fclern - Ausbildungstag - Gesamtschule Eiserfeld<\/title>\n<meta name=\"robots\" content=\"index, follow, max-snippet:-1, max-image-preview:large, max-video-preview:-1\" \/>\n<link rel=\"canonical\" href=\"https:\/\/www.gesamtschule-eiserfeld.de\/?p=2469\" \/>\n<meta property=\"og:locale\" content=\"de_DE\" \/>\n<meta property=\"og:type\" content=\"article\" \/>\n<meta property=\"og:title\" content=\"Sch\u00fcler helfen Sch\u00fclern - Ausbildungstag - Gesamtschule Eiserfeld\" \/>\n<meta property=\"og:description\" content=\"[03.05.2013 \u00a0M. Dauth] Wenn man sich im OA umschaut, sieht man an vielen Ecken gro\u00dfe Sch\u00fclerinnen und Sch\u00fcler aus der 10 und 11 (&#8222;Coaches&#8220;) mit &#8222;Kleinen&#8220; lernen &#8211; das ist &#8222;Sch\u00fcler helfen Sch\u00fclern&#8220;! Am 17. April konnten wir den schon lange ins Auge gefassten Ausbildungstag f\u00fcr die Coaches durchf\u00fchren. Es war ein anstrengender, aber sehr &hellip; Sch\u00fcler helfen Sch\u00fclern &#8211; Ausbildungstag weiterlesen &rarr;\" \/>\n<meta property=\"og:url\" content=\"https:\/\/www.gesamtschule-eiserfeld.de\/?p=2469\" \/>\n<meta property=\"og:site_name\" content=\"Gesamtschule Eiserfeld\" \/>\n<meta property=\"article:publisher\" content=\"https:\/\/www.facebook.com\/GEEiserfeld\" \/>\n<meta property=\"article:published_time\" content=\"2013-05-06T12:20:43+00:00\" \/>\n<meta property=\"article:modified_time\" content=\"2013-05-18T12:54:05+00:00\" \/>\n<meta property=\"og:image\" content=\"http:\/\/gesamtschule-eiserfeld.de\/wp-content\/uploads\/2013\/05\/2005-01-01-00.00.00-3971_konv_1-200x150.jpg\" \/>\n<meta name=\"author\" content=\"dorw\" \/>\n<meta name=\"twitter:card\" content=\"summary_large_image\" \/>\n<meta name=\"twitter:label1\" content=\"Verfasst von\" \/>\n\t<meta name=\"twitter:data1\" content=\"dorw\" \/>\n\t<meta name=\"twitter:label2\" content=\"Gesch\u00e4tzte Lesezeit\" \/>\n\t<meta name=\"twitter:data2\" content=\"2\u00a0Minuten\" \/>\n<script type=\"application\/ld+json\" class=\"yoast-schema-graph\">{\"@context\":\"https:\\\/\\\/schema.org\",\"@graph\":[{\"@type\":\"Article\",\"@id\":\"https:\\\/\\\/www.gesamtschule-eiserfeld.de\\\/?p=2469#article\",\"isPartOf\":{\"@id\":\"https:\\\/\\\/www.gesamtschule-eiserfeld.de\\\/?p=2469\"},\"author\":{\"name\":\"dorw\",\"@id\":\"https:\\\/\\\/www.gesamtschule-eiserfeld.de\\\/#\\\/schema\\\/person\\\/9f37123dd2ff514a1346db435bdb3784\"},\"headline\":\"Sch\u00fcler helfen Sch\u00fclern &#8211; Ausbildungstag\",\"datePublished\":\"2013-05-06T12:20:43+00:00\",\"dateModified\":\"2013-05-18T12:54:05+00:00\",\"mainEntityOfPage\":{\"@id\":\"https:\\\/\\\/www.gesamtschule-eiserfeld.de\\\/?p=2469\"},\"wordCount\":416,\"publisher\":{\"@id\":\"https:\\\/\\\/www.gesamtschule-eiserfeld.de\\\/#organization\"},\"image\":{\"@id\":\"https:\\\/\\\/www.gesamtschule-eiserfeld.de\\\/?p=2469#primaryimage\"},\"thumbnailUrl\":\"http:\\\/\\\/gesamtschule-eiserfeld.de\\\/wp-content\\\/uploads\\\/2013\\\/05\\\/2005-01-01-00.00.00-3971_konv_1-200x150.jpg\",\"articleSection\":{\"0\":\"Aktionen\",\"2\":\"Projekte\"},\"inLanguage\":\"de\"},{\"@type\":\"WebPage\",\"@id\":\"https:\\\/\\\/www.gesamtschule-eiserfeld.de\\\/?p=2469\",\"url\":\"https:\\\/\\\/www.gesamtschule-eiserfeld.de\\\/?p=2469\",\"name\":\"Sch\u00fcler helfen Sch\u00fclern - Ausbildungstag - Gesamtschule Eiserfeld\",\"isPartOf\":{\"@id\":\"https:\\\/\\\/www.gesamtschule-eiserfeld.de\\\/#website\"},\"primaryImageOfPage\":{\"@id\":\"https:\\\/\\\/www.gesamtschule-eiserfeld.de\\\/?p=2469#primaryimage\"},\"image\":{\"@id\":\"https:\\\/\\\/www.gesamtschule-eiserfeld.de\\\/?p=2469#primaryimage\"},\"thumbnailUrl\":\"http:\\\/\\\/gesamtschule-eiserfeld.de\\\/wp-content\\\/uploads\\\/2013\\\/05\\\/2005-01-01-00.00.00-3971_konv_1-200x150.jpg\",\"datePublished\":\"2013-05-06T12:20:43+00:00\",\"dateModified\":\"2013-05-18T12:54:05+00:00\",\"breadcrumb\":{\"@id\":\"https:\\\/\\\/www.gesamtschule-eiserfeld.de\\\/?p=2469#breadcrumb\"},\"inLanguage\":\"de\",\"potentialAction\":[{\"@type\":\"ReadAction\",\"target\":[\"https:\\\/\\\/www.gesamtschule-eiserfeld.de\\\/?p=2469\"]}]},{\"@type\":\"ImageObject\",\"inLanguage\":\"de\",\"@id\":\"https:\\\/\\\/www.gesamtschule-eiserfeld.de\\\/?p=2469#primaryimage\",\"url\":\"http:\\\/\\\/gesamtschule-eiserfeld.de\\\/wp-content\\\/uploads\\\/2013\\\/05\\\/2005-01-01-00.00.00-3971_konv_1-200x150.jpg\",\"contentUrl\":\"http:\\\/\\\/gesamtschule-eiserfeld.de\\\/wp-content\\\/uploads\\\/2013\\\/05\\\/2005-01-01-00.00.00-3971_konv_1-200x150.jpg\"},{\"@type\":\"BreadcrumbList\",\"@id\":\"https:\\\/\\\/www.gesamtschule-eiserfeld.de\\\/?p=2469#breadcrumb\",\"itemListElement\":[{\"@type\":\"ListItem\",\"position\":1,\"name\":\"Startseite\",\"item\":\"https:\\\/\\\/www.gesamtschule-eiserfeld.de\\\/\"},{\"@type\":\"ListItem\",\"position\":2,\"name\":\"Sch\u00fcler helfen Sch\u00fclern &#8211; Ausbildungstag\"}]},{\"@type\":\"WebSite\",\"@id\":\"https:\\\/\\\/www.gesamtschule-eiserfeld.de\\\/#website\",\"url\":\"https:\\\/\\\/www.gesamtschule-eiserfeld.de\\\/\",\"name\":\"Gesamtschule Eiserfeld\",\"description\":\"\",\"publisher\":{\"@id\":\"https:\\\/\\\/www.gesamtschule-eiserfeld.de\\\/#organization\"},\"potentialAction\":[{\"@type\":\"SearchAction\",\"target\":{\"@type\":\"EntryPoint\",\"urlTemplate\":\"https:\\\/\\\/www.gesamtschule-eiserfeld.de\\\/?s={search_term_string}\"},\"query-input\":{\"@type\":\"PropertyValueSpecification\",\"valueRequired\":true,\"valueName\":\"search_term_string\"}}],\"inLanguage\":\"de\"},{\"@type\":\"Organization\",\"@id\":\"https:\\\/\\\/www.gesamtschule-eiserfeld.de\\\/#organization\",\"name\":\"Gesamtschule Eiserfeld\",\"url\":\"https:\\\/\\\/www.gesamtschule-eiserfeld.de\\\/\",\"logo\":{\"@type\":\"ImageObject\",\"inLanguage\":\"de\",\"@id\":\"https:\\\/\\\/www.gesamtschule-eiserfeld.de\\\/#\\\/schema\\\/logo\\\/image\\\/\",\"url\":\"https:\\\/\\\/i1.wp.com\\\/www.gesamtschule-eiserfeld.de\\\/wp-content\\\/uploads\\\/2019\\\/01\\\/GEE-Logo-neu.jpg?fit=436%2C126&ssl=1\",\"contentUrl\":\"https:\\\/\\\/i1.wp.com\\\/www.gesamtschule-eiserfeld.de\\\/wp-content\\\/uploads\\\/2019\\\/01\\\/GEE-Logo-neu.jpg?fit=436%2C126&ssl=1\",\"width\":436,\"height\":126,\"caption\":\"Gesamtschule Eiserfeld\"},\"image\":{\"@id\":\"https:\\\/\\\/www.gesamtschule-eiserfeld.de\\\/#\\\/schema\\\/logo\\\/image\\\/\"},\"sameAs\":[\"https:\\\/\\\/www.facebook.com\\\/GEEiserfeld\"]},{\"@type\":\"Person\",\"@id\":\"https:\\\/\\\/www.gesamtschule-eiserfeld.de\\\/#\\\/schema\\\/person\\\/9f37123dd2ff514a1346db435bdb3784\",\"name\":\"dorw\",\"sameAs\":[\"http:\\\/\\\/www.ge-eiserfeld.de\"],\"url\":\"https:\\\/\\\/www.gesamtschule-eiserfeld.de\\\/?author=9\"}]}<\/script>\n<!-- \/ Yoast SEO plugin. -->","yoast_head_json":{"title":"Sch\u00fcler helfen Sch\u00fclern - Ausbildungstag - Gesamtschule Eiserfeld","robots":{"index":"index","follow":"follow","max-snippet":"max-snippet:-1","max-image-preview":"max-image-preview:large","max-video-preview":"max-video-preview:-1"},"canonical":"https:\/\/www.gesamtschule-eiserfeld.de\/?p=2469","og_locale":"de_DE","og_type":"article","og_title":"Sch\u00fcler helfen Sch\u00fclern - Ausbildungstag - Gesamtschule Eiserfeld","og_description":"[03.05.2013 \u00a0M. Dauth] Wenn man sich im OA umschaut, sieht man an vielen Ecken gro\u00dfe Sch\u00fclerinnen und Sch\u00fcler aus der 10 und 11 (&#8222;Coaches&#8220;) mit &#8222;Kleinen&#8220; lernen &#8211; das ist &#8222;Sch\u00fcler helfen Sch\u00fclern&#8220;! Am 17. April konnten wir den schon lange ins Auge gefassten Ausbildungstag f\u00fcr die Coaches durchf\u00fchren. Es war ein anstrengender, aber sehr &hellip; Sch\u00fcler helfen Sch\u00fclern &#8211; Ausbildungstag weiterlesen &rarr;","og_url":"https:\/\/www.gesamtschule-eiserfeld.de\/?p=2469","og_site_name":"Gesamtschule Eiserfeld","article_publisher":"https:\/\/www.facebook.com\/GEEiserfeld","article_published_time":"2013-05-06T12:20:43+00:00","article_modified_time":"2013-05-18T12:54:05+00:00","og_image":[{"url":"http:\/\/gesamtschule-eiserfeld.de\/wp-content\/uploads\/2013\/05\/2005-01-01-00.00.00-3971_konv_1-200x150.jpg","type":"","width":"","height":""}],"author":"dorw","twitter_card":"summary_large_image","twitter_misc":{"Verfasst von":"dorw","Gesch\u00e4tzte Lesezeit":"2\u00a0Minuten"},"schema":{"@context":"https:\/\/schema.org","@graph":[{"@type":"Article","@id":"https:\/\/www.gesamtschule-eiserfeld.de\/?p=2469#article","isPartOf":{"@id":"https:\/\/www.gesamtschule-eiserfeld.de\/?p=2469"},"author":{"name":"dorw","@id":"https:\/\/www.gesamtschule-eiserfeld.de\/#\/schema\/person\/9f37123dd2ff514a1346db435bdb3784"},"headline":"Sch\u00fcler helfen Sch\u00fclern &#8211; Ausbildungstag","datePublished":"2013-05-06T12:20:43+00:00","dateModified":"2013-05-18T12:54:05+00:00","mainEntityOfPage":{"@id":"https:\/\/www.gesamtschule-eiserfeld.de\/?p=2469"},"wordCount":416,"publisher":{"@id":"https:\/\/www.gesamtschule-eiserfeld.de\/#organization"},"image":{"@id":"https:\/\/www.gesamtschule-eiserfeld.de\/?p=2469#primaryimage"},"thumbnailUrl":"http:\/\/gesamtschule-eiserfeld.de\/wp-content\/uploads\/2013\/05\/2005-01-01-00.00.00-3971_konv_1-200x150.jpg","articleSection":{"0":"Aktionen","2":"Projekte"},"inLanguage":"de"},{"@type":"WebPage","@id":"https:\/\/www.gesamtschule-eiserfeld.de\/?p=2469","url":"https:\/\/www.gesamtschule-eiserfeld.de\/?p=2469","name":"Sch\u00fcler helfen Sch\u00fclern - Ausbildungstag - Gesamtschule Eiserfeld","isPartOf":{"@id":"https:\/\/www.gesamtschule-eiserfeld.de\/#website"},"primaryImageOfPage":{"@id":"https:\/\/www.gesamtschule-eiserfeld.de\/?p=2469#primaryimage"},"image":{"@id":"https:\/\/www.gesamtschule-eiserfeld.de\/?p=2469#primaryimage"},"thumbnailUrl":"http:\/\/gesamtschule-eiserfeld.de\/wp-content\/uploads\/2013\/05\/2005-01-01-00.00.00-3971_konv_1-200x150.jpg","datePublished":"2013-05-06T12:20:43+00:00","dateModified":"2013-05-18T12:54:05+00:00","breadcrumb":{"@id":"https:\/\/www.gesamtschule-eiserfeld.de\/?p=2469#breadcrumb"},"inLanguage":"de","potentialAction":[{"@type":"ReadAction","target":["https:\/\/www.gesamtschule-eiserfeld.de\/?p=2469"]}]},{"@type":"ImageObject","inLanguage":"de","@id":"https:\/\/www.gesamtschule-eiserfeld.de\/?p=2469#primaryimage","url":"http:\/\/gesamtschule-eiserfeld.de\/wp-content\/uploads\/2013\/05\/2005-01-01-00.00.00-3971_konv_1-200x150.jpg","contentUrl":"http:\/\/gesamtschule-eiserfeld.de\/wp-content\/uploads\/2013\/05\/2005-01-01-00.00.00-3971_konv_1-200x150.jpg"},{"@type":"BreadcrumbList","@id":"https:\/\/www.gesamtschule-eiserfeld.de\/?p=2469#breadcrumb","itemListElement":[{"@type":"ListItem","position":1,"name":"Startseite","item":"https:\/\/www.gesamtschule-eiserfeld.de\/"},{"@type":"ListItem","position":2,"name":"Sch\u00fcler helfen Sch\u00fclern &#8211; Ausbildungstag"}]},{"@type":"WebSite","@id":"https:\/\/www.gesamtschule-eiserfeld.de\/#website","url":"https:\/\/www.gesamtschule-eiserfeld.de\/","name":"Gesamtschule Eiserfeld","description":"","publisher":{"@id":"https:\/\/www.gesamtschule-eiserfeld.de\/#organization"},"potentialAction":[{"@type":"SearchAction","target":{"@type":"EntryPoint","urlTemplate":"https:\/\/www.gesamtschule-eiserfeld.de\/?s={search_term_string}"},"query-input":{"@type":"PropertyValueSpecification","valueRequired":true,"valueName":"search_term_string"}}],"inLanguage":"de"},{"@type":"Organization","@id":"https:\/\/www.gesamtschule-eiserfeld.de\/#organization","name":"Gesamtschule Eiserfeld","url":"https:\/\/www.gesamtschule-eiserfeld.de\/","logo":{"@type":"ImageObject","inLanguage":"de","@id":"https:\/\/www.gesamtschule-eiserfeld.de\/#\/schema\/logo\/image\/","url":"https:\/\/i1.wp.com\/www.gesamtschule-eiserfeld.de\/wp-content\/uploads\/2019\/01\/GEE-Logo-neu.jpg?fit=436%2C126&ssl=1","contentUrl":"https:\/\/i1.wp.com\/www.gesamtschule-eiserfeld.de\/wp-content\/uploads\/2019\/01\/GEE-Logo-neu.jpg?fit=436%2C126&ssl=1","width":436,"height":126,"caption":"Gesamtschule Eiserfeld"},"image":{"@id":"https:\/\/www.gesamtschule-eiserfeld.de\/#\/schema\/logo\/image\/"},"sameAs":["https:\/\/www.facebook.com\/GEEiserfeld"]},{"@type":"Person","@id":"https:\/\/www.gesamtschule-eiserfeld.de\/#\/schema\/person\/9f37123dd2ff514a1346db435bdb3784","name":"dorw","sameAs":["http:\/\/www.ge-eiserfeld.de"],"url":"https:\/\/www.gesamtschule-eiserfeld.de\/?author=9"}]}},"jetpack_publicize_connections":[],"jetpack_featured_media_url":"","jetpack_shortlink":"https:\/\/wp.me\/p2weeL-DP","jetpack_sharing_enabled":true,"_links":{"self":[{"href":"https:\/\/www.gesamtschule-eiserfeld.de\/index.php?rest_route=\/wp\/v2\/posts\/2469","targetHints":{"allow":["GET"]}}],"collection":[{"href":"https:\/\/www.gesamtschule-eiserfeld.de\/index.php?rest_route=\/wp\/v2\/posts"}],"about":[{"href":"https:\/\/www.gesamtschule-eiserfeld.de\/index.php?rest_route=\/wp\/v2\/types\/post"}],"author":[{"embeddable":true,"href":"https:\/\/www.gesamtschule-eiserfeld.de\/index.php?rest_route=\/wp\/v2\/users\/9"}],"replies":[{"embeddable":true,"href":"https:\/\/www.gesamtschule-eiserfeld.de\/index.php?rest_route=%2Fwp%2Fv2%2Fcomments&post=2469"}],"version-history":[{"count":0,"href":"https:\/\/www.gesamtschule-eiserfeld.de\/index.php?rest_route=\/wp\/v2\/posts\/2469\/revisions"}],"wp:attachment":[{"href":"https:\/\/www.gesamtschule-eiserfeld.de\/index.php?rest_route=%2Fwp%2Fv2%2Fmedia&parent=2469"}],"wp:term":[{"taxonomy":"category","embeddable":true,"href":"https:\/\/www.gesamtschule-eiserfeld.de\/index.php?rest_route=%2Fwp%2Fv2%2Fcategories&post=2469"},{"taxonomy":"post_tag","embeddable":true,"href":"https:\/\/www.gesamtschule-eiserfeld.de\/index.php?rest_route=%2Fwp%2Fv2%2Ftags&post=2469"}],"curies":[{"name":"wp","href":"https:\/\/api.w.org\/{rel}","templated":true}]}}