{"id":2491,"date":"2013-05-12T07:11:48","date_gmt":"2013-05-12T06:11:48","guid":{"rendered":"http:\/\/ge-eiserfeld.de\/?p=2491"},"modified":"2013-05-18T13:53:34","modified_gmt":"2013-05-18T12:53:34","slug":"excursion-a-liege-la-ville-ardente-ausflug-nach-luttich-die-gluhende-stadt","status":"publish","type":"post","link":"https:\/\/www.gesamtschule-eiserfeld.de\/?p=2491","title":{"rendered":"Excursion \u00e0 Li\u00e8ge \u2013 la ville ardente (Ausflug nach L\u00fcttich \u2013 die gl\u00fchende Stadt)"},"content":{"rendered":"<p><img data-recalc-dims=\"1\" loading=\"lazy\" decoding=\"async\" data-attachment-id=\"2492\" data-permalink=\"https:\/\/www.gesamtschule-eiserfeld.de\/?attachment_id=2492\" data-orig-file=\"https:\/\/i0.wp.com\/www.gesamtschule-eiserfeld.de\/wp-content\/uploads\/2013\/05\/Gruppenfoto-Treppe-111_konv_1.jpg?fit=666%2C500&amp;ssl=1\" data-orig-size=\"666,500\" data-comments-opened=\"0\" data-image-meta=\"{&quot;aperture&quot;:&quot;3&quot;,&quot;credit&quot;:&quot;&quot;,&quot;camera&quot;:&quot;VR350,D755&quot;,&quot;caption&quot;:&quot;&quot;,&quot;created_timestamp&quot;:&quot;1367920949&quot;,&quot;copyright&quot;:&quot;&quot;,&quot;focal_length&quot;:&quot;4.2&quot;,&quot;iso&quot;:&quot;100&quot;,&quot;shutter_speed&quot;:&quot;0.00125&quot;,&quot;title&quot;:&quot;OLYMPUS DIGITAL CAMERA&quot;}\" data-image-title=\"OLYMPUS DIGITAL CAMERA\" data-image-description=\"\" data-image-caption=\"\" data-large-file=\"https:\/\/i0.wp.com\/www.gesamtschule-eiserfeld.de\/wp-content\/uploads\/2013\/05\/Gruppenfoto-Treppe-111_konv_1.jpg?fit=474%2C356&amp;ssl=1\" class=\"alignleft size-thumbnail wp-image-2492\" style=\"background-image: none; margin: 0px 10px 0px 0px; padding-left: 0px; padding-right: 0px; display: inline; padding-top: 0px; border: 0px none;\" alt=\"OLYMPUS DIGITAL CAMERA\" src=\"https:\/\/i0.wp.com\/gesamtschule-eiserfeld.de\/wp-content\/uploads\/2013\/05\/Gruppenfoto-Treppe-111_konv_1-200x150.jpg?resize=200%2C150\" width=\"200\" height=\"150\" srcset=\"https:\/\/i0.wp.com\/www.gesamtschule-eiserfeld.de\/wp-content\/uploads\/2013\/05\/Gruppenfoto-Treppe-111_konv_1.jpg?resize=200%2C150&amp;ssl=1 200w, https:\/\/i0.wp.com\/www.gesamtschule-eiserfeld.de\/wp-content\/uploads\/2013\/05\/Gruppenfoto-Treppe-111_konv_1.jpg?resize=300%2C225&amp;ssl=1 300w, https:\/\/i0.wp.com\/www.gesamtschule-eiserfeld.de\/wp-content\/uploads\/2013\/05\/Gruppenfoto-Treppe-111_konv_1.jpg?w=666&amp;ssl=1 666w\" sizes=\"auto, (max-width: 200px) 100vw, 200px\" \/><span style=\"font-size: x-small;\"><em>[11.05.2013 \u00a0C. Feldheim]<\/em><\/span> Am 7. Mai 2013 unternahmen die Franz\u00f6sisch WPI und WPII Kurse der Jahrgangsstufen 7 und 8 einen Tagesausflug nach L\u00fcttich. Ziel dieser Exkursion war es, den Sch\u00fclerinnen und Sch\u00fclern die franz\u00f6sische Sprache und ein St\u00fcck frankophone Lebensweise n\u00e4her zu bringen.<!--more--><\/p>\n<p>Nach 3,5 Stunden Busfahrt, hat die Gruppe zuerst gemeinsam mit den Lehrkr\u00e4ften\u00a0 die 374 Stufen\u00a0 der Treppe des Montagne de Bueren in praller Fr\u00fchlingssonne (und mit viel Gest\u00f6hne) erklommen. Von der Zitadelle aus, hatte man einen fantastischen Ausblick auf die Maasmetropole. Mit der Aufgabe versehen, Interviews auf Franz\u00f6sisch mit Einheimischen durchzuf\u00fchren, durften dann die Jugendlichen eigenst\u00e4ndig die\u00a0 quirlige Provinzhauptstadt erkunden. W\u00e4hrend einige Sch\u00fclerinnen und Sch\u00fcler erfolgreich die Bewohner interviewten, darunter sogar nette Polizisten, Youtube \u201eStars\u201c und kleine Kindergartenkinder, hatten es andere schwer, aufgeschlossene B\u00fcrger zu finden. Letzteres ist wahrscheinlich darauf zur\u00fcckzuf\u00fchren, dass zahlreiche Sch\u00fclergruppen in L\u00fcttich unterwegs waren und Aufgabenzettel bearbeiten mussten.<\/p>\n<p>Mit vielen Eindr\u00fccken im Kopf, m\u00fcden F\u00fc\u00dfen und im str\u00f6menden Regen ging es dann um 16.30 Uhr wieder nach Eiserfeld zur\u00fcck.<\/p>\n<p><a href=\"https:\/\/i0.wp.com\/gesamtschule-eiserfeld.de\/wp-content\/uploads\/2013\/05\/Gruppenfoto-Treppe-111_konv_1.jpg\"><img data-recalc-dims=\"1\" loading=\"lazy\" decoding=\"async\" data-attachment-id=\"2492\" data-permalink=\"https:\/\/www.gesamtschule-eiserfeld.de\/?attachment_id=2492\" data-orig-file=\"https:\/\/i0.wp.com\/www.gesamtschule-eiserfeld.de\/wp-content\/uploads\/2013\/05\/Gruppenfoto-Treppe-111_konv_1.jpg?fit=666%2C500&amp;ssl=1\" data-orig-size=\"666,500\" data-comments-opened=\"0\" data-image-meta=\"{&quot;aperture&quot;:&quot;3&quot;,&quot;credit&quot;:&quot;&quot;,&quot;camera&quot;:&quot;VR350,D755&quot;,&quot;caption&quot;:&quot;&quot;,&quot;created_timestamp&quot;:&quot;1367920949&quot;,&quot;copyright&quot;:&quot;&quot;,&quot;focal_length&quot;:&quot;4.2&quot;,&quot;iso&quot;:&quot;100&quot;,&quot;shutter_speed&quot;:&quot;0.00125&quot;,&quot;title&quot;:&quot;OLYMPUS DIGITAL CAMERA&quot;}\" data-image-title=\"OLYMPUS DIGITAL CAMERA\" data-image-description=\"\" data-image-caption=\"\" data-large-file=\"https:\/\/i0.wp.com\/www.gesamtschule-eiserfeld.de\/wp-content\/uploads\/2013\/05\/Gruppenfoto-Treppe-111_konv_1.jpg?fit=474%2C356&amp;ssl=1\" class=\"alignleft size-medium wp-image-2492\" alt=\"OLYMPUS DIGITAL CAMERA\" src=\"https:\/\/i0.wp.com\/gesamtschule-eiserfeld.de\/wp-content\/uploads\/2013\/05\/Gruppenfoto-Treppe-111_konv_1-300x225.jpg?resize=300%2C225\" width=\"300\" height=\"225\" srcset=\"https:\/\/i0.wp.com\/www.gesamtschule-eiserfeld.de\/wp-content\/uploads\/2013\/05\/Gruppenfoto-Treppe-111_konv_1.jpg?resize=300%2C225&amp;ssl=1 300w, https:\/\/i0.wp.com\/www.gesamtschule-eiserfeld.de\/wp-content\/uploads\/2013\/05\/Gruppenfoto-Treppe-111_konv_1.jpg?resize=200%2C150&amp;ssl=1 200w, https:\/\/i0.wp.com\/www.gesamtschule-eiserfeld.de\/wp-content\/uploads\/2013\/05\/Gruppenfoto-Treppe-111_konv_1.jpg?w=666&amp;ssl=1 666w\" sizes=\"auto, (max-width: 300px) 100vw, 300px\" \/><\/a><\/p>\n","protected":false},"excerpt":{"rendered":"<p>[11.05.2013 \u00a0C. Feldheim] Am 7. Mai 2013 unternahmen die Franz\u00f6sisch WPI und WPII Kurse der Jahrgangsstufen 7 und 8 einen Tagesausflug nach L\u00fcttich. Ziel dieser Exkursion war es, den Sch\u00fclerinnen und Sch\u00fclern die franz\u00f6sische Sprache und ein St\u00fcck frankophone Lebensweise n\u00e4her zu bringen.<\/p>\n","protected":false},"author":9,"featured_media":0,"comment_status":"closed","ping_status":"open","sticky":false,"template":"","format":"standard","meta":{"jetpack_post_was_ever_published":false,"_jetpack_newsletter_access":"","_jetpack_dont_email_post_to_subs":false,"_jetpack_newsletter_tier_id":0,"_jetpack_memberships_contains_paywalled_content":false,"_jetpack_memberships_contains_paid_content":false,"footnotes":"","jetpack_publicize_message":"","jetpack_publicize_feature_enabled":true,"jetpack_social_post_already_shared":true,"jetpack_social_options":{"image_generator_settings":{"template":"highway","default_image_id":0,"font":"","enabled":false},"version":2}},"categories":[1,18,35],"tags":[],"class_list":["post-2491","post","type-post","status-publish","format-standard","hentry","category-allgemein","category-exkursion","category-jg-78"],"yoast_head":"<!-- This site is optimized with the Yoast SEO plugin v27.4 - https:\/\/yoast.com\/product\/yoast-seo-wordpress\/ -->\n<title>Excursion \u00e0 Li\u00e8ge \u2013 la ville ardente (Ausflug nach L\u00fcttich \u2013 die gl\u00fchende Stadt) - Gesamtschule Eiserfeld<\/title>\n<meta name=\"robots\" content=\"index, follow, max-snippet:-1, max-image-preview:large, max-video-preview:-1\" \/>\n<link rel=\"canonical\" href=\"https:\/\/www.gesamtschule-eiserfeld.de\/?p=2491\" \/>\n<meta property=\"og:locale\" content=\"de_DE\" \/>\n<meta property=\"og:type\" content=\"article\" \/>\n<meta property=\"og:title\" content=\"Excursion \u00e0 Li\u00e8ge \u2013 la ville ardente (Ausflug nach L\u00fcttich \u2013 die gl\u00fchende Stadt) - Gesamtschule Eiserfeld\" \/>\n<meta property=\"og:description\" content=\"[11.05.2013 \u00a0C. Feldheim] Am 7. Mai 2013 unternahmen die Franz\u00f6sisch WPI und WPII Kurse der Jahrgangsstufen 7 und 8 einen Tagesausflug nach L\u00fcttich. Ziel dieser Exkursion war es, den Sch\u00fclerinnen und Sch\u00fclern die franz\u00f6sische Sprache und ein St\u00fcck frankophone Lebensweise n\u00e4her zu bringen.\" \/>\n<meta property=\"og:url\" content=\"https:\/\/www.gesamtschule-eiserfeld.de\/?p=2491\" \/>\n<meta property=\"og:site_name\" content=\"Gesamtschule Eiserfeld\" \/>\n<meta property=\"article:publisher\" content=\"https:\/\/www.facebook.com\/GEEiserfeld\" \/>\n<meta property=\"article:published_time\" content=\"2013-05-12T06:11:48+00:00\" \/>\n<meta property=\"article:modified_time\" content=\"2013-05-18T12:53:34+00:00\" \/>\n<meta property=\"og:image\" content=\"http:\/\/gesamtschule-eiserfeld.de\/wp-content\/uploads\/2013\/05\/Gruppenfoto-Treppe-111_konv_1-200x150.jpg\" \/>\n<meta name=\"author\" content=\"dorw\" \/>\n<meta name=\"twitter:card\" content=\"summary_large_image\" \/>\n<meta name=\"twitter:label1\" content=\"Verfasst von\" \/>\n\t<meta name=\"twitter:data1\" content=\"dorw\" \/>\n\t<meta name=\"twitter:label2\" content=\"Gesch\u00e4tzte Lesezeit\" \/>\n\t<meta name=\"twitter:data2\" content=\"1\u00a0Minute\" \/>\n<script type=\"application\/ld+json\" class=\"yoast-schema-graph\">{\"@context\":\"https:\\\/\\\/schema.org\",\"@graph\":[{\"@type\":\"Article\",\"@id\":\"https:\\\/\\\/www.gesamtschule-eiserfeld.de\\\/?p=2491#article\",\"isPartOf\":{\"@id\":\"https:\\\/\\\/www.gesamtschule-eiserfeld.de\\\/?p=2491\"},\"author\":{\"name\":\"dorw\",\"@id\":\"https:\\\/\\\/www.gesamtschule-eiserfeld.de\\\/#\\\/schema\\\/person\\\/9f37123dd2ff514a1346db435bdb3784\"},\"headline\":\"Excursion \u00e0 Li\u00e8ge \u2013 la ville ardente (Ausflug nach L\u00fcttich \u2013 die gl\u00fchende Stadt)\",\"datePublished\":\"2013-05-12T06:11:48+00:00\",\"dateModified\":\"2013-05-18T12:53:34+00:00\",\"mainEntityOfPage\":{\"@id\":\"https:\\\/\\\/www.gesamtschule-eiserfeld.de\\\/?p=2491\"},\"wordCount\":198,\"publisher\":{\"@id\":\"https:\\\/\\\/www.gesamtschule-eiserfeld.de\\\/#organization\"},\"image\":{\"@id\":\"https:\\\/\\\/www.gesamtschule-eiserfeld.de\\\/?p=2491#primaryimage\"},\"thumbnailUrl\":\"http:\\\/\\\/gesamtschule-eiserfeld.de\\\/wp-content\\\/uploads\\\/2013\\\/05\\\/Gruppenfoto-Treppe-111_konv_1-200x150.jpg\",\"articleSection\":{\"1\":\"Exkursion\",\"2\":\"Jg 7\\\/8\"},\"inLanguage\":\"de\"},{\"@type\":\"WebPage\",\"@id\":\"https:\\\/\\\/www.gesamtschule-eiserfeld.de\\\/?p=2491\",\"url\":\"https:\\\/\\\/www.gesamtschule-eiserfeld.de\\\/?p=2491\",\"name\":\"Excursion \u00e0 Li\u00e8ge \u2013 la ville ardente (Ausflug nach L\u00fcttich \u2013 die gl\u00fchende Stadt) - Gesamtschule Eiserfeld\",\"isPartOf\":{\"@id\":\"https:\\\/\\\/www.gesamtschule-eiserfeld.de\\\/#website\"},\"primaryImageOfPage\":{\"@id\":\"https:\\\/\\\/www.gesamtschule-eiserfeld.de\\\/?p=2491#primaryimage\"},\"image\":{\"@id\":\"https:\\\/\\\/www.gesamtschule-eiserfeld.de\\\/?p=2491#primaryimage\"},\"thumbnailUrl\":\"http:\\\/\\\/gesamtschule-eiserfeld.de\\\/wp-content\\\/uploads\\\/2013\\\/05\\\/Gruppenfoto-Treppe-111_konv_1-200x150.jpg\",\"datePublished\":\"2013-05-12T06:11:48+00:00\",\"dateModified\":\"2013-05-18T12:53:34+00:00\",\"breadcrumb\":{\"@id\":\"https:\\\/\\\/www.gesamtschule-eiserfeld.de\\\/?p=2491#breadcrumb\"},\"inLanguage\":\"de\",\"potentialAction\":[{\"@type\":\"ReadAction\",\"target\":[\"https:\\\/\\\/www.gesamtschule-eiserfeld.de\\\/?p=2491\"]}]},{\"@type\":\"ImageObject\",\"inLanguage\":\"de\",\"@id\":\"https:\\\/\\\/www.gesamtschule-eiserfeld.de\\\/?p=2491#primaryimage\",\"url\":\"http:\\\/\\\/gesamtschule-eiserfeld.de\\\/wp-content\\\/uploads\\\/2013\\\/05\\\/Gruppenfoto-Treppe-111_konv_1-200x150.jpg\",\"contentUrl\":\"http:\\\/\\\/gesamtschule-eiserfeld.de\\\/wp-content\\\/uploads\\\/2013\\\/05\\\/Gruppenfoto-Treppe-111_konv_1-200x150.jpg\"},{\"@type\":\"BreadcrumbList\",\"@id\":\"https:\\\/\\\/www.gesamtschule-eiserfeld.de\\\/?p=2491#breadcrumb\",\"itemListElement\":[{\"@type\":\"ListItem\",\"position\":1,\"name\":\"Startseite\",\"item\":\"https:\\\/\\\/www.gesamtschule-eiserfeld.de\\\/\"},{\"@type\":\"ListItem\",\"position\":2,\"name\":\"Excursion \u00e0 Li\u00e8ge \u2013 la ville ardente (Ausflug nach L\u00fcttich \u2013 die gl\u00fchende Stadt)\"}]},{\"@type\":\"WebSite\",\"@id\":\"https:\\\/\\\/www.gesamtschule-eiserfeld.de\\\/#website\",\"url\":\"https:\\\/\\\/www.gesamtschule-eiserfeld.de\\\/\",\"name\":\"Gesamtschule Eiserfeld\",\"description\":\"\",\"publisher\":{\"@id\":\"https:\\\/\\\/www.gesamtschule-eiserfeld.de\\\/#organization\"},\"potentialAction\":[{\"@type\":\"SearchAction\",\"target\":{\"@type\":\"EntryPoint\",\"urlTemplate\":\"https:\\\/\\\/www.gesamtschule-eiserfeld.de\\\/?s={search_term_string}\"},\"query-input\":{\"@type\":\"PropertyValueSpecification\",\"valueRequired\":true,\"valueName\":\"search_term_string\"}}],\"inLanguage\":\"de\"},{\"@type\":\"Organization\",\"@id\":\"https:\\\/\\\/www.gesamtschule-eiserfeld.de\\\/#organization\",\"name\":\"Gesamtschule Eiserfeld\",\"url\":\"https:\\\/\\\/www.gesamtschule-eiserfeld.de\\\/\",\"logo\":{\"@type\":\"ImageObject\",\"inLanguage\":\"de\",\"@id\":\"https:\\\/\\\/www.gesamtschule-eiserfeld.de\\\/#\\\/schema\\\/logo\\\/image\\\/\",\"url\":\"https:\\\/\\\/i1.wp.com\\\/www.gesamtschule-eiserfeld.de\\\/wp-content\\\/uploads\\\/2019\\\/01\\\/GEE-Logo-neu.jpg?fit=436%2C126&ssl=1\",\"contentUrl\":\"https:\\\/\\\/i1.wp.com\\\/www.gesamtschule-eiserfeld.de\\\/wp-content\\\/uploads\\\/2019\\\/01\\\/GEE-Logo-neu.jpg?fit=436%2C126&ssl=1\",\"width\":436,\"height\":126,\"caption\":\"Gesamtschule Eiserfeld\"},\"image\":{\"@id\":\"https:\\\/\\\/www.gesamtschule-eiserfeld.de\\\/#\\\/schema\\\/logo\\\/image\\\/\"},\"sameAs\":[\"https:\\\/\\\/www.facebook.com\\\/GEEiserfeld\"]},{\"@type\":\"Person\",\"@id\":\"https:\\\/\\\/www.gesamtschule-eiserfeld.de\\\/#\\\/schema\\\/person\\\/9f37123dd2ff514a1346db435bdb3784\",\"name\":\"dorw\",\"sameAs\":[\"http:\\\/\\\/www.ge-eiserfeld.de\"],\"url\":\"https:\\\/\\\/www.gesamtschule-eiserfeld.de\\\/?author=9\"}]}<\/script>\n<!-- \/ Yoast SEO plugin. -->","yoast_head_json":{"title":"Excursion \u00e0 Li\u00e8ge \u2013 la ville ardente (Ausflug nach L\u00fcttich \u2013 die gl\u00fchende Stadt) - Gesamtschule Eiserfeld","robots":{"index":"index","follow":"follow","max-snippet":"max-snippet:-1","max-image-preview":"max-image-preview:large","max-video-preview":"max-video-preview:-1"},"canonical":"https:\/\/www.gesamtschule-eiserfeld.de\/?p=2491","og_locale":"de_DE","og_type":"article","og_title":"Excursion \u00e0 Li\u00e8ge \u2013 la ville ardente (Ausflug nach L\u00fcttich \u2013 die gl\u00fchende Stadt) - Gesamtschule Eiserfeld","og_description":"[11.05.2013 \u00a0C. Feldheim] Am 7. Mai 2013 unternahmen die Franz\u00f6sisch WPI und WPII Kurse der Jahrgangsstufen 7 und 8 einen Tagesausflug nach L\u00fcttich. Ziel dieser Exkursion war es, den Sch\u00fclerinnen und Sch\u00fclern die franz\u00f6sische Sprache und ein St\u00fcck frankophone Lebensweise n\u00e4her zu bringen.","og_url":"https:\/\/www.gesamtschule-eiserfeld.de\/?p=2491","og_site_name":"Gesamtschule Eiserfeld","article_publisher":"https:\/\/www.facebook.com\/GEEiserfeld","article_published_time":"2013-05-12T06:11:48+00:00","article_modified_time":"2013-05-18T12:53:34+00:00","og_image":[{"url":"http:\/\/gesamtschule-eiserfeld.de\/wp-content\/uploads\/2013\/05\/Gruppenfoto-Treppe-111_konv_1-200x150.jpg","type":"","width":"","height":""}],"author":"dorw","twitter_card":"summary_large_image","twitter_misc":{"Verfasst von":"dorw","Gesch\u00e4tzte Lesezeit":"1\u00a0Minute"},"schema":{"@context":"https:\/\/schema.org","@graph":[{"@type":"Article","@id":"https:\/\/www.gesamtschule-eiserfeld.de\/?p=2491#article","isPartOf":{"@id":"https:\/\/www.gesamtschule-eiserfeld.de\/?p=2491"},"author":{"name":"dorw","@id":"https:\/\/www.gesamtschule-eiserfeld.de\/#\/schema\/person\/9f37123dd2ff514a1346db435bdb3784"},"headline":"Excursion \u00e0 Li\u00e8ge \u2013 la ville ardente (Ausflug nach L\u00fcttich \u2013 die gl\u00fchende Stadt)","datePublished":"2013-05-12T06:11:48+00:00","dateModified":"2013-05-18T12:53:34+00:00","mainEntityOfPage":{"@id":"https:\/\/www.gesamtschule-eiserfeld.de\/?p=2491"},"wordCount":198,"publisher":{"@id":"https:\/\/www.gesamtschule-eiserfeld.de\/#organization"},"image":{"@id":"https:\/\/www.gesamtschule-eiserfeld.de\/?p=2491#primaryimage"},"thumbnailUrl":"http:\/\/gesamtschule-eiserfeld.de\/wp-content\/uploads\/2013\/05\/Gruppenfoto-Treppe-111_konv_1-200x150.jpg","articleSection":{"1":"Exkursion","2":"Jg 7\/8"},"inLanguage":"de"},{"@type":"WebPage","@id":"https:\/\/www.gesamtschule-eiserfeld.de\/?p=2491","url":"https:\/\/www.gesamtschule-eiserfeld.de\/?p=2491","name":"Excursion \u00e0 Li\u00e8ge \u2013 la ville ardente (Ausflug nach L\u00fcttich \u2013 die gl\u00fchende Stadt) - Gesamtschule Eiserfeld","isPartOf":{"@id":"https:\/\/www.gesamtschule-eiserfeld.de\/#website"},"primaryImageOfPage":{"@id":"https:\/\/www.gesamtschule-eiserfeld.de\/?p=2491#primaryimage"},"image":{"@id":"https:\/\/www.gesamtschule-eiserfeld.de\/?p=2491#primaryimage"},"thumbnailUrl":"http:\/\/gesamtschule-eiserfeld.de\/wp-content\/uploads\/2013\/05\/Gruppenfoto-Treppe-111_konv_1-200x150.jpg","datePublished":"2013-05-12T06:11:48+00:00","dateModified":"2013-05-18T12:53:34+00:00","breadcrumb":{"@id":"https:\/\/www.gesamtschule-eiserfeld.de\/?p=2491#breadcrumb"},"inLanguage":"de","potentialAction":[{"@type":"ReadAction","target":["https:\/\/www.gesamtschule-eiserfeld.de\/?p=2491"]}]},{"@type":"ImageObject","inLanguage":"de","@id":"https:\/\/www.gesamtschule-eiserfeld.de\/?p=2491#primaryimage","url":"http:\/\/gesamtschule-eiserfeld.de\/wp-content\/uploads\/2013\/05\/Gruppenfoto-Treppe-111_konv_1-200x150.jpg","contentUrl":"http:\/\/gesamtschule-eiserfeld.de\/wp-content\/uploads\/2013\/05\/Gruppenfoto-Treppe-111_konv_1-200x150.jpg"},{"@type":"BreadcrumbList","@id":"https:\/\/www.gesamtschule-eiserfeld.de\/?p=2491#breadcrumb","itemListElement":[{"@type":"ListItem","position":1,"name":"Startseite","item":"https:\/\/www.gesamtschule-eiserfeld.de\/"},{"@type":"ListItem","position":2,"name":"Excursion \u00e0 Li\u00e8ge \u2013 la ville ardente (Ausflug nach L\u00fcttich \u2013 die gl\u00fchende Stadt)"}]},{"@type":"WebSite","@id":"https:\/\/www.gesamtschule-eiserfeld.de\/#website","url":"https:\/\/www.gesamtschule-eiserfeld.de\/","name":"Gesamtschule Eiserfeld","description":"","publisher":{"@id":"https:\/\/www.gesamtschule-eiserfeld.de\/#organization"},"potentialAction":[{"@type":"SearchAction","target":{"@type":"EntryPoint","urlTemplate":"https:\/\/www.gesamtschule-eiserfeld.de\/?s={search_term_string}"},"query-input":{"@type":"PropertyValueSpecification","valueRequired":true,"valueName":"search_term_string"}}],"inLanguage":"de"},{"@type":"Organization","@id":"https:\/\/www.gesamtschule-eiserfeld.de\/#organization","name":"Gesamtschule Eiserfeld","url":"https:\/\/www.gesamtschule-eiserfeld.de\/","logo":{"@type":"ImageObject","inLanguage":"de","@id":"https:\/\/www.gesamtschule-eiserfeld.de\/#\/schema\/logo\/image\/","url":"https:\/\/i1.wp.com\/www.gesamtschule-eiserfeld.de\/wp-content\/uploads\/2019\/01\/GEE-Logo-neu.jpg?fit=436%2C126&ssl=1","contentUrl":"https:\/\/i1.wp.com\/www.gesamtschule-eiserfeld.de\/wp-content\/uploads\/2019\/01\/GEE-Logo-neu.jpg?fit=436%2C126&ssl=1","width":436,"height":126,"caption":"Gesamtschule Eiserfeld"},"image":{"@id":"https:\/\/www.gesamtschule-eiserfeld.de\/#\/schema\/logo\/image\/"},"sameAs":["https:\/\/www.facebook.com\/GEEiserfeld"]},{"@type":"Person","@id":"https:\/\/www.gesamtschule-eiserfeld.de\/#\/schema\/person\/9f37123dd2ff514a1346db435bdb3784","name":"dorw","sameAs":["http:\/\/www.ge-eiserfeld.de"],"url":"https:\/\/www.gesamtschule-eiserfeld.de\/?author=9"}]}},"jetpack_publicize_connections":[],"jetpack_featured_media_url":"","jetpack_shortlink":"https:\/\/wp.me\/p2weeL-Eb","jetpack_sharing_enabled":true,"_links":{"self":[{"href":"https:\/\/www.gesamtschule-eiserfeld.de\/index.php?rest_route=\/wp\/v2\/posts\/2491","targetHints":{"allow":["GET"]}}],"collection":[{"href":"https:\/\/www.gesamtschule-eiserfeld.de\/index.php?rest_route=\/wp\/v2\/posts"}],"about":[{"href":"https:\/\/www.gesamtschule-eiserfeld.de\/index.php?rest_route=\/wp\/v2\/types\/post"}],"author":[{"embeddable":true,"href":"https:\/\/www.gesamtschule-eiserfeld.de\/index.php?rest_route=\/wp\/v2\/users\/9"}],"replies":[{"embeddable":true,"href":"https:\/\/www.gesamtschule-eiserfeld.de\/index.php?rest_route=%2Fwp%2Fv2%2Fcomments&post=2491"}],"version-history":[{"count":0,"href":"https:\/\/www.gesamtschule-eiserfeld.de\/index.php?rest_route=\/wp\/v2\/posts\/2491\/revisions"}],"wp:attachment":[{"href":"https:\/\/www.gesamtschule-eiserfeld.de\/index.php?rest_route=%2Fwp%2Fv2%2Fmedia&parent=2491"}],"wp:term":[{"taxonomy":"category","embeddable":true,"href":"https:\/\/www.gesamtschule-eiserfeld.de\/index.php?rest_route=%2Fwp%2Fv2%2Fcategories&post=2491"},{"taxonomy":"post_tag","embeddable":true,"href":"https:\/\/www.gesamtschule-eiserfeld.de\/index.php?rest_route=%2Fwp%2Fv2%2Ftags&post=2491"}],"curies":[{"name":"wp","href":"https:\/\/api.w.org\/{rel}","templated":true}]}}