{"id":2743,"date":"2013-07-10T21:06:36","date_gmt":"2013-07-10T20:06:36","guid":{"rendered":"http:\/\/ge-eiserfeld.de\/?p=2743"},"modified":"2013-07-19T21:22:12","modified_gmt":"2013-07-19T20:22:12","slug":"ein-austauschschuler-aus-aserbaidschan-an-der-gee","status":"publish","type":"post","link":"https:\/\/www.gesamtschule-eiserfeld.de\/?p=2743","title":{"rendered":"Ein Austauschsch\u00fcler aus Aserbaidschan an der GEE"},"content":{"rendered":"<p><a href=\"https:\/\/i0.wp.com\/gesamtschule-eiserfeld.de\/wp-content\/uploads\/2013\/07\/Tima.jpeg\"><img data-recalc-dims=\"1\" loading=\"lazy\" decoding=\"async\" data-attachment-id=\"2745\" data-permalink=\"https:\/\/www.gesamtschule-eiserfeld.de\/?attachment_id=2745\" data-orig-file=\"https:\/\/i0.wp.com\/www.gesamtschule-eiserfeld.de\/wp-content\/uploads\/2013\/07\/Tima.jpeg?fit=240%2C320&amp;ssl=1\" data-orig-size=\"240,320\" data-comments-opened=\"0\" data-image-meta=\"{&quot;aperture&quot;:&quot;0&quot;,&quot;credit&quot;:&quot;&quot;,&quot;camera&quot;:&quot;&quot;,&quot;caption&quot;:&quot;&quot;,&quot;created_timestamp&quot;:&quot;0&quot;,&quot;copyright&quot;:&quot;&quot;,&quot;focal_length&quot;:&quot;0&quot;,&quot;iso&quot;:&quot;0&quot;,&quot;shutter_speed&quot;:&quot;0&quot;,&quot;title&quot;:&quot;&quot;}\" data-image-title=\"Tima\" data-image-description=\"\" data-image-caption=\"\" data-large-file=\"https:\/\/i0.wp.com\/www.gesamtschule-eiserfeld.de\/wp-content\/uploads\/2013\/07\/Tima.jpeg?fit=240%2C320&amp;ssl=1\" class=\"alignleft size-thumbnail wp-image-2745\" style=\"background-image: none; margin: 0px 10px 0px 0px; padding-left: 0px; padding-right: 0px; display: inline; padding-top: 0px; border: 0px none;\" alt=\"Tima\" src=\"https:\/\/i0.wp.com\/gesamtschule-eiserfeld.de\/wp-content\/uploads\/2013\/07\/Tima-112x150.jpeg?resize=112%2C150\" width=\"112\" height=\"150\" srcset=\"https:\/\/i0.wp.com\/www.gesamtschule-eiserfeld.de\/wp-content\/uploads\/2013\/07\/Tima.jpeg?resize=112%2C150&amp;ssl=1 112w, https:\/\/i0.wp.com\/www.gesamtschule-eiserfeld.de\/wp-content\/uploads\/2013\/07\/Tima.jpeg?resize=225%2C300&amp;ssl=1 225w, https:\/\/i0.wp.com\/www.gesamtschule-eiserfeld.de\/wp-content\/uploads\/2013\/07\/Tima.jpeg?w=240&amp;ssl=1 240w\" sizes=\"auto, (max-width: 112px) 100vw, 112px\" \/><\/a>Von Anfang Februar bis Ende Juni besuchte ein Austauschsch\u00fcler aus Aserbaidschan die Gesamtschule Eiserfeld. Tima Mehdizade ist 16 Jahre alt und kommt aus der Hauptstadt des Landes, Baku. Nachdem er schon fr\u00fcher mehrere Schulen, unter anderem in den USA und in Schweden besucht hatte, sprach Tima flie\u00dfend Englisch. In der Schule hatte er zudem Franz\u00f6sisch gelernt und war zweisprachig aufgewachsen und spricht somit auch aserbaidschanisch und russisch.<!--more--><\/p>\n<p>Als er Anfang Februar in Hamburg landet, spricht er kein Wort Deutsch. Doch nachdem er dort 3 Wochen an einem Intensivkurs seiner Austauschorganisation teilgenommen hatte und die Grundkenntnisse der deutschen Sprache gelernt hatte, war er schon in der Lage sich auf Deutsch vorzustellen und die wichtigsten Alltagsangelegenheiten\u00a0 zu regeln.. Am 13.02.2013 besuchte er das erste Mal unsere Schule und stellte sich, wenn auch etwas sch\u00fcchtern, seiner neuen Klasse (10D2)\u00a0 auf Deutsch vor. Doch er fand sich schnell zurecht, lernte seine Mitsch\u00fcler kennen und freundete sich mit der gesamten zehnten Stufe an.<\/p>\n<p><img data-recalc-dims=\"1\" loading=\"lazy\" decoding=\"async\" data-attachment-id=\"2744\" data-permalink=\"https:\/\/www.gesamtschule-eiserfeld.de\/?attachment_id=2744\" data-orig-file=\"https:\/\/i0.wp.com\/www.gesamtschule-eiserfeld.de\/wp-content\/uploads\/2013\/07\/tima-Motto.jpeg?fit=240%2C320&amp;ssl=1\" data-orig-size=\"240,320\" data-comments-opened=\"0\" data-image-meta=\"{&quot;aperture&quot;:&quot;0&quot;,&quot;credit&quot;:&quot;&quot;,&quot;camera&quot;:&quot;&quot;,&quot;caption&quot;:&quot;&quot;,&quot;created_timestamp&quot;:&quot;0&quot;,&quot;copyright&quot;:&quot;&quot;,&quot;focal_length&quot;:&quot;0&quot;,&quot;iso&quot;:&quot;0&quot;,&quot;shutter_speed&quot;:&quot;0&quot;,&quot;title&quot;:&quot;&quot;}\" data-image-title=\"tima Motto\" data-image-description=\"\" data-image-caption=\"\" data-large-file=\"https:\/\/i0.wp.com\/www.gesamtschule-eiserfeld.de\/wp-content\/uploads\/2013\/07\/tima-Motto.jpeg?fit=240%2C320&amp;ssl=1\" class=\"alignright size-medium wp-image-2744\" alt=\"tima Motto\" src=\"https:\/\/i0.wp.com\/gesamtschule-eiserfeld.de\/wp-content\/uploads\/2013\/07\/tima-Motto-225x300.jpeg?resize=225%2C300\" width=\"225\" height=\"300\" srcset=\"https:\/\/i0.wp.com\/www.gesamtschule-eiserfeld.de\/wp-content\/uploads\/2013\/07\/tima-Motto.jpeg?resize=225%2C300&amp;ssl=1 225w, https:\/\/i0.wp.com\/www.gesamtschule-eiserfeld.de\/wp-content\/uploads\/2013\/07\/tima-Motto.jpeg?resize=112%2C150&amp;ssl=1 112w, https:\/\/i0.wp.com\/www.gesamtschule-eiserfeld.de\/wp-content\/uploads\/2013\/07\/tima-Motto.jpeg?w=240&amp;ssl=1 240w\" sizes=\"auto, (max-width: 225px) 100vw, 225px\" \/>Auch am Unterricht nahm er erfolgreich teil, seine Deutschkenntnisse entwickelten sich in rasantem Tempo und er schrieb sogar die Zentralen Abschlusspr\u00fcfungen mit. W\u00e4hrend der Mottowoche verkleidete er sich, wie alle seine Jahrgangssch\u00fcler und hatte mit der zehnten Klasse viel Spa\u00df. Tima f\u00fchlte sich w\u00e4hrend seines Aufenthalts in Deutschland sehr wohl. Er besuchte mit seiner Gastfamilie gro\u00dfe St\u00e4dte wie M\u00fcnchen und Berlin und erw\u00e4hnte oft, wie gut ihm Deutschland gef\u00e4llt. Zudem unternahm er mit Freunden Ausfl\u00fcge, zum Beispiel nach K\u00f6ln auf den Dom. Er war ein angenehmer Mitsch\u00fcler und besonders die Klasse 10D2 vermisst Tima als Klassenkamerad und Freund.<\/p>\n<p>Er m\u00f6chte wiederkommen und in Deutschland studieren. Tima gefiel Siegen als Stadt und auch unsere Gesamtschule sehr gut. <i>\u201eWenn ich mir vorher eine Schule h\u00e4tte aussuchen d\u00fcrfen, h\u00e4tte ich mich f\u00fcr die Gesamtschule Eiserfeld entschieden!\u201c<\/i> Es freut uns, dass sich Tima so wohl gef\u00fchlt hat und wir sind gespannt auf die italienische Austausch\u00fclerin ,die im n\u00e4chsten Schuljahr die elfte Stufe mit uns verbringen wird.<\/p>\n<p>Leonie Drunck, Louisa Rinsdorf, 10D2<\/p>\n","protected":false},"excerpt":{"rendered":"<p>Von Anfang Februar bis Ende Juni besuchte ein Austauschsch\u00fcler aus Aserbaidschan die Gesamtschule Eiserfeld. Tima Mehdizade ist 16 Jahre alt und kommt aus der Hauptstadt des Landes, Baku. Nachdem er schon fr\u00fcher mehrere Schulen, unter anderem in den USA und in Schweden besucht hatte, sprach Tima flie\u00dfend Englisch. In der Schule hatte er zudem Franz\u00f6sisch &hellip; <a href=\"https:\/\/www.gesamtschule-eiserfeld.de\/?p=2743\" class=\"more-link\"><span class=\"screen-reader-text\">Ein Austauschsch\u00fcler aus Aserbaidschan an der GEE<\/span> weiterlesen <span class=\"meta-nav\">&rarr;<\/span><\/a><\/p>\n","protected":false},"author":9,"featured_media":0,"comment_status":"closed","ping_status":"open","sticky":false,"template":"","format":"standard","meta":{"jetpack_post_was_ever_published":false,"_jetpack_newsletter_access":"","_jetpack_dont_email_post_to_subs":false,"_jetpack_newsletter_tier_id":0,"_jetpack_memberships_contains_paywalled_content":false,"_jetpack_memberships_contains_paid_content":false,"footnotes":"","jetpack_publicize_message":"","jetpack_publicize_feature_enabled":true,"jetpack_social_post_already_shared":true,"jetpack_social_options":{"image_generator_settings":{"template":"highway","default_image_id":0,"font":"","enabled":false},"version":2}},"categories":[1,36,56],"tags":[],"class_list":["post-2743","post","type-post","status-publish","format-standard","hentry","category-allgemein","category-jg-910","category-schuleraustausch"],"yoast_head":"<!-- This site is optimized with the Yoast SEO plugin v27.4 - https:\/\/yoast.com\/product\/yoast-seo-wordpress\/ -->\n<title>Ein Austauschsch\u00fcler aus Aserbaidschan an der GEE - Gesamtschule Eiserfeld<\/title>\n<meta name=\"robots\" content=\"index, follow, max-snippet:-1, max-image-preview:large, max-video-preview:-1\" \/>\n<link rel=\"canonical\" href=\"https:\/\/www.gesamtschule-eiserfeld.de\/?p=2743\" \/>\n<meta property=\"og:locale\" content=\"de_DE\" \/>\n<meta property=\"og:type\" content=\"article\" \/>\n<meta property=\"og:title\" content=\"Ein Austauschsch\u00fcler aus Aserbaidschan an der GEE - Gesamtschule Eiserfeld\" \/>\n<meta property=\"og:description\" content=\"Von Anfang Februar bis Ende Juni besuchte ein Austauschsch\u00fcler aus Aserbaidschan die Gesamtschule Eiserfeld. Tima Mehdizade ist 16 Jahre alt und kommt aus der Hauptstadt des Landes, Baku. Nachdem er schon fr\u00fcher mehrere Schulen, unter anderem in den USA und in Schweden besucht hatte, sprach Tima flie\u00dfend Englisch. In der Schule hatte er zudem Franz\u00f6sisch &hellip; Ein Austauschsch\u00fcler aus Aserbaidschan an der GEE weiterlesen &rarr;\" \/>\n<meta property=\"og:url\" content=\"https:\/\/www.gesamtschule-eiserfeld.de\/?p=2743\" \/>\n<meta property=\"og:site_name\" content=\"Gesamtschule Eiserfeld\" \/>\n<meta property=\"article:publisher\" content=\"https:\/\/www.facebook.com\/GEEiserfeld\" \/>\n<meta property=\"article:published_time\" content=\"2013-07-10T20:06:36+00:00\" \/>\n<meta property=\"article:modified_time\" content=\"2013-07-19T20:22:12+00:00\" \/>\n<meta property=\"og:image\" content=\"http:\/\/gesamtschule-eiserfeld.de\/wp-content\/uploads\/2013\/07\/Tima-112x150.jpeg\" \/>\n<meta name=\"author\" content=\"dorw\" \/>\n<meta name=\"twitter:card\" content=\"summary_large_image\" \/>\n<meta name=\"twitter:label1\" content=\"Verfasst von\" \/>\n\t<meta name=\"twitter:data1\" content=\"dorw\" \/>\n\t<meta name=\"twitter:label2\" content=\"Gesch\u00e4tzte Lesezeit\" \/>\n\t<meta name=\"twitter:data2\" content=\"2\u00a0Minuten\" \/>\n<script type=\"application\/ld+json\" class=\"yoast-schema-graph\">{\"@context\":\"https:\\\/\\\/schema.org\",\"@graph\":[{\"@type\":\"Article\",\"@id\":\"https:\\\/\\\/www.gesamtschule-eiserfeld.de\\\/?p=2743#article\",\"isPartOf\":{\"@id\":\"https:\\\/\\\/www.gesamtschule-eiserfeld.de\\\/?p=2743\"},\"author\":{\"name\":\"dorw\",\"@id\":\"https:\\\/\\\/www.gesamtschule-eiserfeld.de\\\/#\\\/schema\\\/person\\\/9f37123dd2ff514a1346db435bdb3784\"},\"headline\":\"Ein Austauschsch\u00fcler aus Aserbaidschan an der GEE\",\"datePublished\":\"2013-07-10T20:06:36+00:00\",\"dateModified\":\"2013-07-19T20:22:12+00:00\",\"mainEntityOfPage\":{\"@id\":\"https:\\\/\\\/www.gesamtschule-eiserfeld.de\\\/?p=2743\"},\"wordCount\":357,\"publisher\":{\"@id\":\"https:\\\/\\\/www.gesamtschule-eiserfeld.de\\\/#organization\"},\"image\":{\"@id\":\"https:\\\/\\\/www.gesamtschule-eiserfeld.de\\\/?p=2743#primaryimage\"},\"thumbnailUrl\":\"http:\\\/\\\/gesamtschule-eiserfeld.de\\\/wp-content\\\/uploads\\\/2013\\\/07\\\/Tima-112x150.jpeg\",\"articleSection\":{\"1\":\"Jg 9\\\/10\",\"2\":\"Sch\u00fcleraustausch\"},\"inLanguage\":\"de\"},{\"@type\":\"WebPage\",\"@id\":\"https:\\\/\\\/www.gesamtschule-eiserfeld.de\\\/?p=2743\",\"url\":\"https:\\\/\\\/www.gesamtschule-eiserfeld.de\\\/?p=2743\",\"name\":\"Ein Austauschsch\u00fcler aus Aserbaidschan an der GEE - Gesamtschule Eiserfeld\",\"isPartOf\":{\"@id\":\"https:\\\/\\\/www.gesamtschule-eiserfeld.de\\\/#website\"},\"primaryImageOfPage\":{\"@id\":\"https:\\\/\\\/www.gesamtschule-eiserfeld.de\\\/?p=2743#primaryimage\"},\"image\":{\"@id\":\"https:\\\/\\\/www.gesamtschule-eiserfeld.de\\\/?p=2743#primaryimage\"},\"thumbnailUrl\":\"http:\\\/\\\/gesamtschule-eiserfeld.de\\\/wp-content\\\/uploads\\\/2013\\\/07\\\/Tima-112x150.jpeg\",\"datePublished\":\"2013-07-10T20:06:36+00:00\",\"dateModified\":\"2013-07-19T20:22:12+00:00\",\"breadcrumb\":{\"@id\":\"https:\\\/\\\/www.gesamtschule-eiserfeld.de\\\/?p=2743#breadcrumb\"},\"inLanguage\":\"de\",\"potentialAction\":[{\"@type\":\"ReadAction\",\"target\":[\"https:\\\/\\\/www.gesamtschule-eiserfeld.de\\\/?p=2743\"]}]},{\"@type\":\"ImageObject\",\"inLanguage\":\"de\",\"@id\":\"https:\\\/\\\/www.gesamtschule-eiserfeld.de\\\/?p=2743#primaryimage\",\"url\":\"http:\\\/\\\/gesamtschule-eiserfeld.de\\\/wp-content\\\/uploads\\\/2013\\\/07\\\/Tima-112x150.jpeg\",\"contentUrl\":\"http:\\\/\\\/gesamtschule-eiserfeld.de\\\/wp-content\\\/uploads\\\/2013\\\/07\\\/Tima-112x150.jpeg\"},{\"@type\":\"BreadcrumbList\",\"@id\":\"https:\\\/\\\/www.gesamtschule-eiserfeld.de\\\/?p=2743#breadcrumb\",\"itemListElement\":[{\"@type\":\"ListItem\",\"position\":1,\"name\":\"Startseite\",\"item\":\"https:\\\/\\\/www.gesamtschule-eiserfeld.de\\\/\"},{\"@type\":\"ListItem\",\"position\":2,\"name\":\"Ein Austauschsch\u00fcler aus Aserbaidschan an der GEE\"}]},{\"@type\":\"WebSite\",\"@id\":\"https:\\\/\\\/www.gesamtschule-eiserfeld.de\\\/#website\",\"url\":\"https:\\\/\\\/www.gesamtschule-eiserfeld.de\\\/\",\"name\":\"Gesamtschule Eiserfeld\",\"description\":\"\",\"publisher\":{\"@id\":\"https:\\\/\\\/www.gesamtschule-eiserfeld.de\\\/#organization\"},\"potentialAction\":[{\"@type\":\"SearchAction\",\"target\":{\"@type\":\"EntryPoint\",\"urlTemplate\":\"https:\\\/\\\/www.gesamtschule-eiserfeld.de\\\/?s={search_term_string}\"},\"query-input\":{\"@type\":\"PropertyValueSpecification\",\"valueRequired\":true,\"valueName\":\"search_term_string\"}}],\"inLanguage\":\"de\"},{\"@type\":\"Organization\",\"@id\":\"https:\\\/\\\/www.gesamtschule-eiserfeld.de\\\/#organization\",\"name\":\"Gesamtschule Eiserfeld\",\"url\":\"https:\\\/\\\/www.gesamtschule-eiserfeld.de\\\/\",\"logo\":{\"@type\":\"ImageObject\",\"inLanguage\":\"de\",\"@id\":\"https:\\\/\\\/www.gesamtschule-eiserfeld.de\\\/#\\\/schema\\\/logo\\\/image\\\/\",\"url\":\"https:\\\/\\\/i1.wp.com\\\/www.gesamtschule-eiserfeld.de\\\/wp-content\\\/uploads\\\/2019\\\/01\\\/GEE-Logo-neu.jpg?fit=436%2C126&ssl=1\",\"contentUrl\":\"https:\\\/\\\/i1.wp.com\\\/www.gesamtschule-eiserfeld.de\\\/wp-content\\\/uploads\\\/2019\\\/01\\\/GEE-Logo-neu.jpg?fit=436%2C126&ssl=1\",\"width\":436,\"height\":126,\"caption\":\"Gesamtschule Eiserfeld\"},\"image\":{\"@id\":\"https:\\\/\\\/www.gesamtschule-eiserfeld.de\\\/#\\\/schema\\\/logo\\\/image\\\/\"},\"sameAs\":[\"https:\\\/\\\/www.facebook.com\\\/GEEiserfeld\"]},{\"@type\":\"Person\",\"@id\":\"https:\\\/\\\/www.gesamtschule-eiserfeld.de\\\/#\\\/schema\\\/person\\\/9f37123dd2ff514a1346db435bdb3784\",\"name\":\"dorw\",\"sameAs\":[\"http:\\\/\\\/www.ge-eiserfeld.de\"],\"url\":\"https:\\\/\\\/www.gesamtschule-eiserfeld.de\\\/?author=9\"}]}<\/script>\n<!-- \/ Yoast SEO plugin. -->","yoast_head_json":{"title":"Ein Austauschsch\u00fcler aus Aserbaidschan an der GEE - Gesamtschule Eiserfeld","robots":{"index":"index","follow":"follow","max-snippet":"max-snippet:-1","max-image-preview":"max-image-preview:large","max-video-preview":"max-video-preview:-1"},"canonical":"https:\/\/www.gesamtschule-eiserfeld.de\/?p=2743","og_locale":"de_DE","og_type":"article","og_title":"Ein Austauschsch\u00fcler aus Aserbaidschan an der GEE - Gesamtschule Eiserfeld","og_description":"Von Anfang Februar bis Ende Juni besuchte ein Austauschsch\u00fcler aus Aserbaidschan die Gesamtschule Eiserfeld. Tima Mehdizade ist 16 Jahre alt und kommt aus der Hauptstadt des Landes, Baku. Nachdem er schon fr\u00fcher mehrere Schulen, unter anderem in den USA und in Schweden besucht hatte, sprach Tima flie\u00dfend Englisch. In der Schule hatte er zudem Franz\u00f6sisch &hellip; Ein Austauschsch\u00fcler aus Aserbaidschan an der GEE weiterlesen &rarr;","og_url":"https:\/\/www.gesamtschule-eiserfeld.de\/?p=2743","og_site_name":"Gesamtschule Eiserfeld","article_publisher":"https:\/\/www.facebook.com\/GEEiserfeld","article_published_time":"2013-07-10T20:06:36+00:00","article_modified_time":"2013-07-19T20:22:12+00:00","og_image":[{"url":"http:\/\/gesamtschule-eiserfeld.de\/wp-content\/uploads\/2013\/07\/Tima-112x150.jpeg","type":"","width":"","height":""}],"author":"dorw","twitter_card":"summary_large_image","twitter_misc":{"Verfasst von":"dorw","Gesch\u00e4tzte Lesezeit":"2\u00a0Minuten"},"schema":{"@context":"https:\/\/schema.org","@graph":[{"@type":"Article","@id":"https:\/\/www.gesamtschule-eiserfeld.de\/?p=2743#article","isPartOf":{"@id":"https:\/\/www.gesamtschule-eiserfeld.de\/?p=2743"},"author":{"name":"dorw","@id":"https:\/\/www.gesamtschule-eiserfeld.de\/#\/schema\/person\/9f37123dd2ff514a1346db435bdb3784"},"headline":"Ein Austauschsch\u00fcler aus Aserbaidschan an der GEE","datePublished":"2013-07-10T20:06:36+00:00","dateModified":"2013-07-19T20:22:12+00:00","mainEntityOfPage":{"@id":"https:\/\/www.gesamtschule-eiserfeld.de\/?p=2743"},"wordCount":357,"publisher":{"@id":"https:\/\/www.gesamtschule-eiserfeld.de\/#organization"},"image":{"@id":"https:\/\/www.gesamtschule-eiserfeld.de\/?p=2743#primaryimage"},"thumbnailUrl":"http:\/\/gesamtschule-eiserfeld.de\/wp-content\/uploads\/2013\/07\/Tima-112x150.jpeg","articleSection":{"1":"Jg 9\/10","2":"Sch\u00fcleraustausch"},"inLanguage":"de"},{"@type":"WebPage","@id":"https:\/\/www.gesamtschule-eiserfeld.de\/?p=2743","url":"https:\/\/www.gesamtschule-eiserfeld.de\/?p=2743","name":"Ein Austauschsch\u00fcler aus Aserbaidschan an der GEE - Gesamtschule Eiserfeld","isPartOf":{"@id":"https:\/\/www.gesamtschule-eiserfeld.de\/#website"},"primaryImageOfPage":{"@id":"https:\/\/www.gesamtschule-eiserfeld.de\/?p=2743#primaryimage"},"image":{"@id":"https:\/\/www.gesamtschule-eiserfeld.de\/?p=2743#primaryimage"},"thumbnailUrl":"http:\/\/gesamtschule-eiserfeld.de\/wp-content\/uploads\/2013\/07\/Tima-112x150.jpeg","datePublished":"2013-07-10T20:06:36+00:00","dateModified":"2013-07-19T20:22:12+00:00","breadcrumb":{"@id":"https:\/\/www.gesamtschule-eiserfeld.de\/?p=2743#breadcrumb"},"inLanguage":"de","potentialAction":[{"@type":"ReadAction","target":["https:\/\/www.gesamtschule-eiserfeld.de\/?p=2743"]}]},{"@type":"ImageObject","inLanguage":"de","@id":"https:\/\/www.gesamtschule-eiserfeld.de\/?p=2743#primaryimage","url":"http:\/\/gesamtschule-eiserfeld.de\/wp-content\/uploads\/2013\/07\/Tima-112x150.jpeg","contentUrl":"http:\/\/gesamtschule-eiserfeld.de\/wp-content\/uploads\/2013\/07\/Tima-112x150.jpeg"},{"@type":"BreadcrumbList","@id":"https:\/\/www.gesamtschule-eiserfeld.de\/?p=2743#breadcrumb","itemListElement":[{"@type":"ListItem","position":1,"name":"Startseite","item":"https:\/\/www.gesamtschule-eiserfeld.de\/"},{"@type":"ListItem","position":2,"name":"Ein Austauschsch\u00fcler aus Aserbaidschan an der GEE"}]},{"@type":"WebSite","@id":"https:\/\/www.gesamtschule-eiserfeld.de\/#website","url":"https:\/\/www.gesamtschule-eiserfeld.de\/","name":"Gesamtschule Eiserfeld","description":"","publisher":{"@id":"https:\/\/www.gesamtschule-eiserfeld.de\/#organization"},"potentialAction":[{"@type":"SearchAction","target":{"@type":"EntryPoint","urlTemplate":"https:\/\/www.gesamtschule-eiserfeld.de\/?s={search_term_string}"},"query-input":{"@type":"PropertyValueSpecification","valueRequired":true,"valueName":"search_term_string"}}],"inLanguage":"de"},{"@type":"Organization","@id":"https:\/\/www.gesamtschule-eiserfeld.de\/#organization","name":"Gesamtschule Eiserfeld","url":"https:\/\/www.gesamtschule-eiserfeld.de\/","logo":{"@type":"ImageObject","inLanguage":"de","@id":"https:\/\/www.gesamtschule-eiserfeld.de\/#\/schema\/logo\/image\/","url":"https:\/\/i1.wp.com\/www.gesamtschule-eiserfeld.de\/wp-content\/uploads\/2019\/01\/GEE-Logo-neu.jpg?fit=436%2C126&ssl=1","contentUrl":"https:\/\/i1.wp.com\/www.gesamtschule-eiserfeld.de\/wp-content\/uploads\/2019\/01\/GEE-Logo-neu.jpg?fit=436%2C126&ssl=1","width":436,"height":126,"caption":"Gesamtschule Eiserfeld"},"image":{"@id":"https:\/\/www.gesamtschule-eiserfeld.de\/#\/schema\/logo\/image\/"},"sameAs":["https:\/\/www.facebook.com\/GEEiserfeld"]},{"@type":"Person","@id":"https:\/\/www.gesamtschule-eiserfeld.de\/#\/schema\/person\/9f37123dd2ff514a1346db435bdb3784","name":"dorw","sameAs":["http:\/\/www.ge-eiserfeld.de"],"url":"https:\/\/www.gesamtschule-eiserfeld.de\/?author=9"}]}},"jetpack_publicize_connections":[],"jetpack_featured_media_url":"","jetpack_shortlink":"https:\/\/wp.me\/p2weeL-If","jetpack_sharing_enabled":true,"_links":{"self":[{"href":"https:\/\/www.gesamtschule-eiserfeld.de\/index.php?rest_route=\/wp\/v2\/posts\/2743","targetHints":{"allow":["GET"]}}],"collection":[{"href":"https:\/\/www.gesamtschule-eiserfeld.de\/index.php?rest_route=\/wp\/v2\/posts"}],"about":[{"href":"https:\/\/www.gesamtschule-eiserfeld.de\/index.php?rest_route=\/wp\/v2\/types\/post"}],"author":[{"embeddable":true,"href":"https:\/\/www.gesamtschule-eiserfeld.de\/index.php?rest_route=\/wp\/v2\/users\/9"}],"replies":[{"embeddable":true,"href":"https:\/\/www.gesamtschule-eiserfeld.de\/index.php?rest_route=%2Fwp%2Fv2%2Fcomments&post=2743"}],"version-history":[{"count":0,"href":"https:\/\/www.gesamtschule-eiserfeld.de\/index.php?rest_route=\/wp\/v2\/posts\/2743\/revisions"}],"wp:attachment":[{"href":"https:\/\/www.gesamtschule-eiserfeld.de\/index.php?rest_route=%2Fwp%2Fv2%2Fmedia&parent=2743"}],"wp:term":[{"taxonomy":"category","embeddable":true,"href":"https:\/\/www.gesamtschule-eiserfeld.de\/index.php?rest_route=%2Fwp%2Fv2%2Fcategories&post=2743"},{"taxonomy":"post_tag","embeddable":true,"href":"https:\/\/www.gesamtschule-eiserfeld.de\/index.php?rest_route=%2Fwp%2Fv2%2Ftags&post=2743"}],"curies":[{"name":"wp","href":"https:\/\/api.w.org\/{rel}","templated":true}]}}