{"id":2805,"date":"2013-07-15T16:10:09","date_gmt":"2013-07-15T15:10:09","guid":{"rendered":"http:\/\/ge-eiserfeld.de\/?p=2805"},"modified":"2013-11-23T20:22:54","modified_gmt":"2013-11-23T19:22:54","slug":"oberstufenschuler-leiten-souveran-projekttage-sexualpadagogik","status":"publish","type":"post","link":"https:\/\/www.gesamtschule-eiserfeld.de\/?p=2805","title":{"rendered":"Oberstufensch\u00fcler leiten souver\u00e4n Projekttage \u201eSexualp\u00e4dagogik\u201c"},"content":{"rendered":"<p><a href=\"https:\/\/i0.wp.com\/gesamtschule-eiserfeld.de\/wp-content\/uploads\/2013\/07\/projekttag-sexualp%C3%A4d1.jpg\"><img data-recalc-dims=\"1\" loading=\"lazy\" decoding=\"async\" data-attachment-id=\"2806\" data-permalink=\"https:\/\/www.gesamtschule-eiserfeld.de\/?attachment_id=2806\" data-orig-file=\"https:\/\/i0.wp.com\/www.gesamtschule-eiserfeld.de\/wp-content\/uploads\/2013\/07\/projekttag-sexualp%C3%A4d1.jpg?fit=308%2C216&amp;ssl=1\" data-orig-size=\"308,216\" data-comments-opened=\"0\" data-image-meta=\"{&quot;aperture&quot;:&quot;0&quot;,&quot;credit&quot;:&quot;&quot;,&quot;camera&quot;:&quot;&quot;,&quot;caption&quot;:&quot;&quot;,&quot;created_timestamp&quot;:&quot;0&quot;,&quot;copyright&quot;:&quot;&quot;,&quot;focal_length&quot;:&quot;0&quot;,&quot;iso&quot;:&quot;0&quot;,&quot;shutter_speed&quot;:&quot;0&quot;,&quot;title&quot;:&quot;&quot;}\" data-image-title=\"projekttag-sexualp\u00e4d1\" data-image-description=\"\" data-image-caption=\"\" data-large-file=\"https:\/\/i0.wp.com\/www.gesamtschule-eiserfeld.de\/wp-content\/uploads\/2013\/07\/projekttag-sexualp%C3%A4d1.jpg?fit=308%2C216&amp;ssl=1\" class=\"alignleft size-thumbnail wp-image-2806\" style=\"background-image: none; margin: 0px 10px 0px 0px; padding-left: 0px; padding-right: 0px; display: inline; padding-top: 0px; border: 0px none;\" alt=\"projekttag-sexualp\u00e4d1\" src=\"https:\/\/i0.wp.com\/gesamtschule-eiserfeld.de\/wp-content\/uploads\/2013\/07\/projekttag-sexualp%C3%A4d1-200x140.jpg?resize=200%2C140\" width=\"200\" height=\"140\" srcset=\"https:\/\/i0.wp.com\/www.gesamtschule-eiserfeld.de\/wp-content\/uploads\/2013\/07\/projekttag-sexualp%C3%A4d1.jpg?resize=200%2C140&amp;ssl=1 200w, https:\/\/i0.wp.com\/www.gesamtschule-eiserfeld.de\/wp-content\/uploads\/2013\/07\/projekttag-sexualp%C3%A4d1.jpg?resize=300%2C210&amp;ssl=1 300w, https:\/\/i0.wp.com\/www.gesamtschule-eiserfeld.de\/wp-content\/uploads\/2013\/07\/projekttag-sexualp%C3%A4d1.jpg?w=308&amp;ssl=1 308w\" sizes=\"auto, (max-width: 200px) 100vw, 200px\" \/><\/a><span style=\"font-size: x-small;\"><em>[<\/em><\/span><span style=\"font-size: x-small;\"><em>12.07.2013 \u00a0N. L\u00fctzenkirchen-Rothenpieler<\/em><\/span><span style=\"font-size: x-small;\"><em>]<\/em><\/span> Es ist schon alte Tradition, dass im Jahrgang 8 ein Projekttag zum Thema \u201eLiebe, Freundschaft, Sexualit\u00e4t in Zeiten von HIV und Aids\u201c in Kooperation mit dem Gesundheitsamt des Kreises Siegen-Wittgenstein angeboten wird.<!--more--><\/p>\n<p>In diesem Jahr unterst\u00fctzten zahlreiche Sch\u00fclerinnen und Sch\u00fcler aus den P\u00e4dagogik- und Deutsch-LKs des JG 12 dieses Projekt. Von Seiten des Gesundheitsamts (Fr. Flaig, Fr. Bamberger und weiteren Mitarbeiterinnen) vorbereitet und angeleitet, f\u00fchrten sie an 4 Tagen im Juli die 8er-Klassen in Kleingruppen durch einen \u201eLiebes-Parcours\u201c. An den unterschiedlichen Stationen gab es jede Menge Informationen rund um Verh\u00fctung, Mann und Frau, HIV \/ AIDS \/ STI (sexuell \u00fcbertragbare Infektionen). Die Station \u201eBeziehungen\u201c regte die 8er-Sch\u00fclerinnen und Sch\u00fcler zum Nachdenken dar\u00fcber an, wie sie ihre partnerschaftlichen Beziehungen gestalten m\u00f6chten (Wie sieht mein Traumpartner aus; wie soll er sein, was soll er k\u00f6nnen, wie stelle ich mir eine Beziehung vor&#8230;). Themen hier waren Kommunikation, Realismus, Starkmachen, um f\u00fcr die eigenen Anspr\u00fcche einzustehen. Die Station \u201eActivity\u201c bot mit ihren Aufgaben rund ums Thema viel Spa\u00df f\u00fcr alle Jugendlichen.<\/p>\n<p><img data-recalc-dims=\"1\" loading=\"lazy\" decoding=\"async\" data-attachment-id=\"2808\" data-permalink=\"https:\/\/www.gesamtschule-eiserfeld.de\/?attachment_id=2808\" data-orig-file=\"https:\/\/i0.wp.com\/www.gesamtschule-eiserfeld.de\/wp-content\/uploads\/2013\/07\/projekttag-sexualp%C3%A4d3.jpg?fit=240%2C255&amp;ssl=1\" data-orig-size=\"240,255\" data-comments-opened=\"0\" data-image-meta=\"{&quot;aperture&quot;:&quot;0&quot;,&quot;credit&quot;:&quot;&quot;,&quot;camera&quot;:&quot;&quot;,&quot;caption&quot;:&quot;&quot;,&quot;created_timestamp&quot;:&quot;0&quot;,&quot;copyright&quot;:&quot;&quot;,&quot;focal_length&quot;:&quot;0&quot;,&quot;iso&quot;:&quot;0&quot;,&quot;shutter_speed&quot;:&quot;0&quot;,&quot;title&quot;:&quot;&quot;}\" data-image-title=\"projekttag-sexualp\u00e4d3\" data-image-description=\"\" data-image-caption=\"\" data-large-file=\"https:\/\/i0.wp.com\/www.gesamtschule-eiserfeld.de\/wp-content\/uploads\/2013\/07\/projekttag-sexualp%C3%A4d3.jpg?fit=240%2C255&amp;ssl=1\" class=\"alignleft size-full wp-image-2808\" alt=\"projekttag-sexualp\u00e4d3\" src=\"https:\/\/i0.wp.com\/gesamtschule-eiserfeld.de\/wp-content\/uploads\/2013\/07\/projekttag-sexualp%C3%A4d3.jpg?resize=240%2C255\" width=\"240\" height=\"255\" srcset=\"https:\/\/i0.wp.com\/www.gesamtschule-eiserfeld.de\/wp-content\/uploads\/2013\/07\/projekttag-sexualp%C3%A4d3.jpg?w=240&amp;ssl=1 240w, https:\/\/i0.wp.com\/www.gesamtschule-eiserfeld.de\/wp-content\/uploads\/2013\/07\/projekttag-sexualp%C3%A4d3.jpg?resize=141%2C150&amp;ssl=1 141w\" sizes=\"auto, (max-width: 240px) 100vw, 240px\" \/><\/p>\n<p>Die Projekttage in dieser Form anzubieten war ein gro\u00dfer organisatorischer Aufwand, der sich jedoch absolut gelohnt hat. Die 8er-Sch\u00fclerinnen und Sch\u00fcler erhielten wichtige Informationen und kamen in einen respektvollen geschlechter\u00fcbergreifenden kommunikativen Austausch. F\u00fcr die Teilnehmerinnen und Teilnehmer des 12er Jahrgangs waren die Erprobung von Gruppenleitung und Gespr\u00e4chsf\u00fchrung spannend und unter dem Aspekt der eigenen Biografie die Entwicklungsaufgabe partnerschaftliche Beziehungen zu reflektieren eine sinnvolle Erg\u00e4nzung des Themas Entwicklung im Jugendalter (Hurrelmann).<\/p>\n","protected":false},"excerpt":{"rendered":"<p>[12.07.2013 \u00a0N. L\u00fctzenkirchen-Rothenpieler] Es ist schon alte Tradition, dass im Jahrgang 8 ein Projekttag zum Thema \u201eLiebe, Freundschaft, Sexualit\u00e4t in Zeiten von HIV und Aids\u201c in Kooperation mit dem Gesundheitsamt des Kreises Siegen-Wittgenstein angeboten wird.<\/p>\n","protected":false},"author":9,"featured_media":0,"comment_status":"closed","ping_status":"open","sticky":false,"template":"","format":"standard","meta":{"jetpack_post_was_ever_published":false,"_jetpack_newsletter_access":"","_jetpack_dont_email_post_to_subs":false,"_jetpack_newsletter_tier_id":0,"_jetpack_memberships_contains_paywalled_content":false,"_jetpack_memberships_contains_paid_content":false,"footnotes":"","jetpack_publicize_message":"","jetpack_publicize_feature_enabled":true,"jetpack_social_post_already_shared":true,"jetpack_social_options":{"image_generator_settings":{"template":"highway","default_image_id":0,"font":"","enabled":false},"version":2}},"categories":[1,35],"tags":[],"class_list":["post-2805","post","type-post","status-publish","format-standard","hentry","category-allgemein","category-jg-78"],"yoast_head":"<!-- This site is optimized with the Yoast SEO plugin v27.4 - https:\/\/yoast.com\/product\/yoast-seo-wordpress\/ -->\n<title>Oberstufensch\u00fcler leiten souver\u00e4n Projekttage \u201eSexualp\u00e4dagogik\u201c - Gesamtschule Eiserfeld<\/title>\n<meta name=\"robots\" content=\"index, follow, max-snippet:-1, max-image-preview:large, max-video-preview:-1\" \/>\n<link rel=\"canonical\" href=\"https:\/\/www.gesamtschule-eiserfeld.de\/?p=2805\" \/>\n<meta property=\"og:locale\" content=\"de_DE\" \/>\n<meta property=\"og:type\" content=\"article\" \/>\n<meta property=\"og:title\" content=\"Oberstufensch\u00fcler leiten souver\u00e4n Projekttage \u201eSexualp\u00e4dagogik\u201c - Gesamtschule Eiserfeld\" \/>\n<meta property=\"og:description\" content=\"[12.07.2013 \u00a0N. L\u00fctzenkirchen-Rothenpieler] Es ist schon alte Tradition, dass im Jahrgang 8 ein Projekttag zum Thema \u201eLiebe, Freundschaft, Sexualit\u00e4t in Zeiten von HIV und Aids\u201c in Kooperation mit dem Gesundheitsamt des Kreises Siegen-Wittgenstein angeboten wird.\" \/>\n<meta property=\"og:url\" content=\"https:\/\/www.gesamtschule-eiserfeld.de\/?p=2805\" \/>\n<meta property=\"og:site_name\" content=\"Gesamtschule Eiserfeld\" \/>\n<meta property=\"article:publisher\" content=\"https:\/\/www.facebook.com\/GEEiserfeld\" \/>\n<meta property=\"article:published_time\" content=\"2013-07-15T15:10:09+00:00\" \/>\n<meta property=\"article:modified_time\" content=\"2013-11-23T19:22:54+00:00\" \/>\n<meta property=\"og:image\" content=\"http:\/\/gesamtschule-eiserfeld.de\/wp-content\/uploads\/2013\/07\/projekttag-sexualp\u00e4d1-200x140.jpg\" \/>\n<meta name=\"author\" content=\"dorw\" \/>\n<meta name=\"twitter:card\" content=\"summary_large_image\" \/>\n<meta name=\"twitter:label1\" content=\"Verfasst von\" \/>\n\t<meta name=\"twitter:data1\" content=\"dorw\" \/>\n\t<meta name=\"twitter:label2\" content=\"Gesch\u00e4tzte Lesezeit\" \/>\n\t<meta name=\"twitter:data2\" content=\"1\u00a0Minute\" \/>\n<script type=\"application\/ld+json\" class=\"yoast-schema-graph\">{\"@context\":\"https:\\\/\\\/schema.org\",\"@graph\":[{\"@type\":\"Article\",\"@id\":\"https:\\\/\\\/www.gesamtschule-eiserfeld.de\\\/?p=2805#article\",\"isPartOf\":{\"@id\":\"https:\\\/\\\/www.gesamtschule-eiserfeld.de\\\/?p=2805\"},\"author\":{\"name\":\"dorw\",\"@id\":\"https:\\\/\\\/www.gesamtschule-eiserfeld.de\\\/#\\\/schema\\\/person\\\/9f37123dd2ff514a1346db435bdb3784\"},\"headline\":\"Oberstufensch\u00fcler leiten souver\u00e4n Projekttage \u201eSexualp\u00e4dagogik\u201c\",\"datePublished\":\"2013-07-15T15:10:09+00:00\",\"dateModified\":\"2013-11-23T19:22:54+00:00\",\"mainEntityOfPage\":{\"@id\":\"https:\\\/\\\/www.gesamtschule-eiserfeld.de\\\/?p=2805\"},\"wordCount\":266,\"publisher\":{\"@id\":\"https:\\\/\\\/www.gesamtschule-eiserfeld.de\\\/#organization\"},\"articleSection\":{\"1\":\"Jg 7\\\/8\"},\"inLanguage\":\"de\"},{\"@type\":\"WebPage\",\"@id\":\"https:\\\/\\\/www.gesamtschule-eiserfeld.de\\\/?p=2805\",\"url\":\"https:\\\/\\\/www.gesamtschule-eiserfeld.de\\\/?p=2805\",\"name\":\"Oberstufensch\u00fcler leiten souver\u00e4n Projekttage \u201eSexualp\u00e4dagogik\u201c - Gesamtschule Eiserfeld\",\"isPartOf\":{\"@id\":\"https:\\\/\\\/www.gesamtschule-eiserfeld.de\\\/#website\"},\"datePublished\":\"2013-07-15T15:10:09+00:00\",\"dateModified\":\"2013-11-23T19:22:54+00:00\",\"breadcrumb\":{\"@id\":\"https:\\\/\\\/www.gesamtschule-eiserfeld.de\\\/?p=2805#breadcrumb\"},\"inLanguage\":\"de\",\"potentialAction\":[{\"@type\":\"ReadAction\",\"target\":[\"https:\\\/\\\/www.gesamtschule-eiserfeld.de\\\/?p=2805\"]}]},{\"@type\":\"BreadcrumbList\",\"@id\":\"https:\\\/\\\/www.gesamtschule-eiserfeld.de\\\/?p=2805#breadcrumb\",\"itemListElement\":[{\"@type\":\"ListItem\",\"position\":1,\"name\":\"Startseite\",\"item\":\"https:\\\/\\\/www.gesamtschule-eiserfeld.de\\\/\"},{\"@type\":\"ListItem\",\"position\":2,\"name\":\"Oberstufensch\u00fcler leiten souver\u00e4n Projekttage \u201eSexualp\u00e4dagogik\u201c\"}]},{\"@type\":\"WebSite\",\"@id\":\"https:\\\/\\\/www.gesamtschule-eiserfeld.de\\\/#website\",\"url\":\"https:\\\/\\\/www.gesamtschule-eiserfeld.de\\\/\",\"name\":\"Gesamtschule Eiserfeld\",\"description\":\"\",\"publisher\":{\"@id\":\"https:\\\/\\\/www.gesamtschule-eiserfeld.de\\\/#organization\"},\"potentialAction\":[{\"@type\":\"SearchAction\",\"target\":{\"@type\":\"EntryPoint\",\"urlTemplate\":\"https:\\\/\\\/www.gesamtschule-eiserfeld.de\\\/?s={search_term_string}\"},\"query-input\":{\"@type\":\"PropertyValueSpecification\",\"valueRequired\":true,\"valueName\":\"search_term_string\"}}],\"inLanguage\":\"de\"},{\"@type\":\"Organization\",\"@id\":\"https:\\\/\\\/www.gesamtschule-eiserfeld.de\\\/#organization\",\"name\":\"Gesamtschule Eiserfeld\",\"url\":\"https:\\\/\\\/www.gesamtschule-eiserfeld.de\\\/\",\"logo\":{\"@type\":\"ImageObject\",\"inLanguage\":\"de\",\"@id\":\"https:\\\/\\\/www.gesamtschule-eiserfeld.de\\\/#\\\/schema\\\/logo\\\/image\\\/\",\"url\":\"https:\\\/\\\/i1.wp.com\\\/www.gesamtschule-eiserfeld.de\\\/wp-content\\\/uploads\\\/2019\\\/01\\\/GEE-Logo-neu.jpg?fit=436%2C126&ssl=1\",\"contentUrl\":\"https:\\\/\\\/i1.wp.com\\\/www.gesamtschule-eiserfeld.de\\\/wp-content\\\/uploads\\\/2019\\\/01\\\/GEE-Logo-neu.jpg?fit=436%2C126&ssl=1\",\"width\":436,\"height\":126,\"caption\":\"Gesamtschule Eiserfeld\"},\"image\":{\"@id\":\"https:\\\/\\\/www.gesamtschule-eiserfeld.de\\\/#\\\/schema\\\/logo\\\/image\\\/\"},\"sameAs\":[\"https:\\\/\\\/www.facebook.com\\\/GEEiserfeld\"]},{\"@type\":\"Person\",\"@id\":\"https:\\\/\\\/www.gesamtschule-eiserfeld.de\\\/#\\\/schema\\\/person\\\/9f37123dd2ff514a1346db435bdb3784\",\"name\":\"dorw\",\"sameAs\":[\"http:\\\/\\\/www.ge-eiserfeld.de\"],\"url\":\"https:\\\/\\\/www.gesamtschule-eiserfeld.de\\\/?author=9\"}]}<\/script>\n<!-- \/ Yoast SEO plugin. -->","yoast_head_json":{"title":"Oberstufensch\u00fcler leiten souver\u00e4n Projekttage \u201eSexualp\u00e4dagogik\u201c - Gesamtschule Eiserfeld","robots":{"index":"index","follow":"follow","max-snippet":"max-snippet:-1","max-image-preview":"max-image-preview:large","max-video-preview":"max-video-preview:-1"},"canonical":"https:\/\/www.gesamtschule-eiserfeld.de\/?p=2805","og_locale":"de_DE","og_type":"article","og_title":"Oberstufensch\u00fcler leiten souver\u00e4n Projekttage \u201eSexualp\u00e4dagogik\u201c - Gesamtschule Eiserfeld","og_description":"[12.07.2013 \u00a0N. L\u00fctzenkirchen-Rothenpieler] Es ist schon alte Tradition, dass im Jahrgang 8 ein Projekttag zum Thema \u201eLiebe, Freundschaft, Sexualit\u00e4t in Zeiten von HIV und Aids\u201c in Kooperation mit dem Gesundheitsamt des Kreises Siegen-Wittgenstein angeboten wird.","og_url":"https:\/\/www.gesamtschule-eiserfeld.de\/?p=2805","og_site_name":"Gesamtschule Eiserfeld","article_publisher":"https:\/\/www.facebook.com\/GEEiserfeld","article_published_time":"2013-07-15T15:10:09+00:00","article_modified_time":"2013-11-23T19:22:54+00:00","og_image":[{"url":"http:\/\/gesamtschule-eiserfeld.de\/wp-content\/uploads\/2013\/07\/projekttag-sexualp\u00e4d1-200x140.jpg","type":"","width":"","height":""}],"author":"dorw","twitter_card":"summary_large_image","twitter_misc":{"Verfasst von":"dorw","Gesch\u00e4tzte Lesezeit":"1\u00a0Minute"},"schema":{"@context":"https:\/\/schema.org","@graph":[{"@type":"Article","@id":"https:\/\/www.gesamtschule-eiserfeld.de\/?p=2805#article","isPartOf":{"@id":"https:\/\/www.gesamtschule-eiserfeld.de\/?p=2805"},"author":{"name":"dorw","@id":"https:\/\/www.gesamtschule-eiserfeld.de\/#\/schema\/person\/9f37123dd2ff514a1346db435bdb3784"},"headline":"Oberstufensch\u00fcler leiten souver\u00e4n Projekttage \u201eSexualp\u00e4dagogik\u201c","datePublished":"2013-07-15T15:10:09+00:00","dateModified":"2013-11-23T19:22:54+00:00","mainEntityOfPage":{"@id":"https:\/\/www.gesamtschule-eiserfeld.de\/?p=2805"},"wordCount":266,"publisher":{"@id":"https:\/\/www.gesamtschule-eiserfeld.de\/#organization"},"articleSection":{"1":"Jg 7\/8"},"inLanguage":"de"},{"@type":"WebPage","@id":"https:\/\/www.gesamtschule-eiserfeld.de\/?p=2805","url":"https:\/\/www.gesamtschule-eiserfeld.de\/?p=2805","name":"Oberstufensch\u00fcler leiten souver\u00e4n Projekttage \u201eSexualp\u00e4dagogik\u201c - Gesamtschule Eiserfeld","isPartOf":{"@id":"https:\/\/www.gesamtschule-eiserfeld.de\/#website"},"datePublished":"2013-07-15T15:10:09+00:00","dateModified":"2013-11-23T19:22:54+00:00","breadcrumb":{"@id":"https:\/\/www.gesamtschule-eiserfeld.de\/?p=2805#breadcrumb"},"inLanguage":"de","potentialAction":[{"@type":"ReadAction","target":["https:\/\/www.gesamtschule-eiserfeld.de\/?p=2805"]}]},{"@type":"BreadcrumbList","@id":"https:\/\/www.gesamtschule-eiserfeld.de\/?p=2805#breadcrumb","itemListElement":[{"@type":"ListItem","position":1,"name":"Startseite","item":"https:\/\/www.gesamtschule-eiserfeld.de\/"},{"@type":"ListItem","position":2,"name":"Oberstufensch\u00fcler leiten souver\u00e4n Projekttage \u201eSexualp\u00e4dagogik\u201c"}]},{"@type":"WebSite","@id":"https:\/\/www.gesamtschule-eiserfeld.de\/#website","url":"https:\/\/www.gesamtschule-eiserfeld.de\/","name":"Gesamtschule Eiserfeld","description":"","publisher":{"@id":"https:\/\/www.gesamtschule-eiserfeld.de\/#organization"},"potentialAction":[{"@type":"SearchAction","target":{"@type":"EntryPoint","urlTemplate":"https:\/\/www.gesamtschule-eiserfeld.de\/?s={search_term_string}"},"query-input":{"@type":"PropertyValueSpecification","valueRequired":true,"valueName":"search_term_string"}}],"inLanguage":"de"},{"@type":"Organization","@id":"https:\/\/www.gesamtschule-eiserfeld.de\/#organization","name":"Gesamtschule Eiserfeld","url":"https:\/\/www.gesamtschule-eiserfeld.de\/","logo":{"@type":"ImageObject","inLanguage":"de","@id":"https:\/\/www.gesamtschule-eiserfeld.de\/#\/schema\/logo\/image\/","url":"https:\/\/i1.wp.com\/www.gesamtschule-eiserfeld.de\/wp-content\/uploads\/2019\/01\/GEE-Logo-neu.jpg?fit=436%2C126&ssl=1","contentUrl":"https:\/\/i1.wp.com\/www.gesamtschule-eiserfeld.de\/wp-content\/uploads\/2019\/01\/GEE-Logo-neu.jpg?fit=436%2C126&ssl=1","width":436,"height":126,"caption":"Gesamtschule Eiserfeld"},"image":{"@id":"https:\/\/www.gesamtschule-eiserfeld.de\/#\/schema\/logo\/image\/"},"sameAs":["https:\/\/www.facebook.com\/GEEiserfeld"]},{"@type":"Person","@id":"https:\/\/www.gesamtschule-eiserfeld.de\/#\/schema\/person\/9f37123dd2ff514a1346db435bdb3784","name":"dorw","sameAs":["http:\/\/www.ge-eiserfeld.de"],"url":"https:\/\/www.gesamtschule-eiserfeld.de\/?author=9"}]}},"jetpack_publicize_connections":[],"jetpack_featured_media_url":"","jetpack_shortlink":"https:\/\/wp.me\/p2weeL-Jf","jetpack_sharing_enabled":true,"_links":{"self":[{"href":"https:\/\/www.gesamtschule-eiserfeld.de\/index.php?rest_route=\/wp\/v2\/posts\/2805","targetHints":{"allow":["GET"]}}],"collection":[{"href":"https:\/\/www.gesamtschule-eiserfeld.de\/index.php?rest_route=\/wp\/v2\/posts"}],"about":[{"href":"https:\/\/www.gesamtschule-eiserfeld.de\/index.php?rest_route=\/wp\/v2\/types\/post"}],"author":[{"embeddable":true,"href":"https:\/\/www.gesamtschule-eiserfeld.de\/index.php?rest_route=\/wp\/v2\/users\/9"}],"replies":[{"embeddable":true,"href":"https:\/\/www.gesamtschule-eiserfeld.de\/index.php?rest_route=%2Fwp%2Fv2%2Fcomments&post=2805"}],"version-history":[{"count":0,"href":"https:\/\/www.gesamtschule-eiserfeld.de\/index.php?rest_route=\/wp\/v2\/posts\/2805\/revisions"}],"wp:attachment":[{"href":"https:\/\/www.gesamtschule-eiserfeld.de\/index.php?rest_route=%2Fwp%2Fv2%2Fmedia&parent=2805"}],"wp:term":[{"taxonomy":"category","embeddable":true,"href":"https:\/\/www.gesamtschule-eiserfeld.de\/index.php?rest_route=%2Fwp%2Fv2%2Fcategories&post=2805"},{"taxonomy":"post_tag","embeddable":true,"href":"https:\/\/www.gesamtschule-eiserfeld.de\/index.php?rest_route=%2Fwp%2Fv2%2Ftags&post=2805"}],"curies":[{"name":"wp","href":"https:\/\/api.w.org\/{rel}","templated":true}]}}