{"id":2989,"date":"2013-09-02T17:20:38","date_gmt":"2013-09-02T16:20:38","guid":{"rendered":"http:\/\/ge-eiserfeld.de\/?p=2989"},"modified":"2013-09-23T19:31:13","modified_gmt":"2013-09-23T18:31:13","slug":"suses-gold-eiserfelder-gesamtschuler-der-imker-ag-schleuderten-erstmals-reiche-honigernte","status":"publish","type":"post","link":"https:\/\/www.gesamtschule-eiserfeld.de\/?p=2989","title":{"rendered":"S\u00fc\u00dfes Gold: Eiserfelder Gesamtsch\u00fcler der Imker-AG schleuderten erstmals reiche Honigernte"},"content":{"rendered":"<p><a href=\"https:\/\/i0.wp.com\/gesamtschule-eiserfeld.de\/wp-content\/uploads\/2013\/09\/imker1.jpg\"><img data-recalc-dims=\"1\" loading=\"lazy\" decoding=\"async\" data-attachment-id=\"2990\" data-permalink=\"https:\/\/www.gesamtschule-eiserfeld.de\/?attachment_id=2990\" data-orig-file=\"https:\/\/i0.wp.com\/www.gesamtschule-eiserfeld.de\/wp-content\/uploads\/2013\/09\/imker1.jpg?fit=193%2C145&amp;ssl=1\" data-orig-size=\"193,145\" data-comments-opened=\"0\" data-image-meta=\"{&quot;aperture&quot;:&quot;0&quot;,&quot;credit&quot;:&quot;&quot;,&quot;camera&quot;:&quot;&quot;,&quot;caption&quot;:&quot;&quot;,&quot;created_timestamp&quot;:&quot;0&quot;,&quot;copyright&quot;:&quot;&quot;,&quot;focal_length&quot;:&quot;0&quot;,&quot;iso&quot;:&quot;0&quot;,&quot;shutter_speed&quot;:&quot;0&quot;,&quot;title&quot;:&quot;&quot;}\" data-image-title=\"imker1\" data-image-description=\"\" data-image-caption=\"\" data-large-file=\"https:\/\/i0.wp.com\/www.gesamtschule-eiserfeld.de\/wp-content\/uploads\/2013\/09\/imker1.jpg?fit=193%2C145&amp;ssl=1\" class=\"alignleft size-full wp-image-2990\" style=\"background-image: none; padding-top: 0px; padding-left: 0px; margin: 0px 10px 0px 0px; display: inline; padding-right: 0px; border: 0px none;\" alt=\"imker1\" src=\"https:\/\/i0.wp.com\/gesamtschule-eiserfeld.de\/wp-content\/uploads\/2013\/09\/imker1.jpg?resize=193%2C145\" width=\"193\" height=\"145\" \/><\/a><em><span style=\"font-size: x-small;\">[02.09.2013 \u00a0J. Dicker]<\/span><\/em> Kaum zu beschreiben dieser magische Moment, wenn zum ersten Mal der s\u00fc\u00dfe Goldhonig aus dem Kran der Schleuder in einen gro\u00dfen Topf l\u00e4uft. Aufgeregt und gespannt verfolgten dies die Sch\u00fcler der Imker AG an der Gesamtschule Eiserfeld und konnten sich schlie\u00dflich \u00fcber einen stolze Ernte von etwa 50 Kilo Bl\u00fcten- und Waldhonig freuen!<!--more--><\/p>\n<p>So viel Ertrag setzt nat\u00fcrlich viel Arbeit voraus. Drei Bienenst\u00f6cke betreuen die Sch\u00fcler kontinuierlich ein Schuljahr lang in ihrer AG unter fachkundiger Anleitung von Rainer Otto, Vereinsimker und Vater eines Sch\u00fclers an der Gesamtschule Eiserfeld, sowie ihres Biologielehrers Wolfgang Heck. W\u00f6chentlich kontrollieren sie die Waben, f\u00fcttern im Winter zu und k\u00fcmmern sich um die Wartung der St\u00f6cke und ihres Stellplatzes im Schulgarten der Schule. Dass die Geduld und die Ausdauer, die dieses faszinierende Hobby den Jungimkern abverlangt, nach einem ertraglosen Vorjahr jetzt beim Schleudern belohnt wurden, kosteten die Sch\u00fcler in mehrfacher Hinsicht aus.<\/p>\n<p><img data-recalc-dims=\"1\" loading=\"lazy\" decoding=\"async\" data-attachment-id=\"2991\" data-permalink=\"https:\/\/www.gesamtschule-eiserfeld.de\/?attachment_id=2991\" data-orig-file=\"https:\/\/i0.wp.com\/www.gesamtschule-eiserfeld.de\/wp-content\/uploads\/2013\/09\/imker2.jpg?fit=142%2C215&amp;ssl=1\" data-orig-size=\"142,215\" data-comments-opened=\"0\" data-image-meta=\"{&quot;aperture&quot;:&quot;0&quot;,&quot;credit&quot;:&quot;&quot;,&quot;camera&quot;:&quot;&quot;,&quot;caption&quot;:&quot;&quot;,&quot;created_timestamp&quot;:&quot;0&quot;,&quot;copyright&quot;:&quot;&quot;,&quot;focal_length&quot;:&quot;0&quot;,&quot;iso&quot;:&quot;0&quot;,&quot;shutter_speed&quot;:&quot;0&quot;,&quot;title&quot;:&quot;&quot;}\" data-image-title=\"imker2\" data-image-description=\"\" data-image-caption=\"\" data-large-file=\"https:\/\/i0.wp.com\/www.gesamtschule-eiserfeld.de\/wp-content\/uploads\/2013\/09\/imker2.jpg?fit=142%2C215&amp;ssl=1\" class=\"alignnone size-full wp-image-2991\" alt=\"imker2\" src=\"https:\/\/i0.wp.com\/gesamtschule-eiserfeld.de\/wp-content\/uploads\/2013\/09\/imker2.jpg?resize=142%2C215\" width=\"142\" height=\"215\" srcset=\"https:\/\/i0.wp.com\/www.gesamtschule-eiserfeld.de\/wp-content\/uploads\/2013\/09\/imker2.jpg?w=142&amp;ssl=1 142w, https:\/\/i0.wp.com\/www.gesamtschule-eiserfeld.de\/wp-content\/uploads\/2013\/09\/imker2.jpg?resize=99%2C150&amp;ssl=1 99w\" sizes=\"auto, (max-width: 142px) 100vw, 142px\" \/>\u00a0 \u00a0 \u00a0 \u00a0 \u00a0 \u00a0 \u00a0<img data-recalc-dims=\"1\" loading=\"lazy\" decoding=\"async\" data-attachment-id=\"2992\" data-permalink=\"https:\/\/www.gesamtschule-eiserfeld.de\/?attachment_id=2992\" data-orig-file=\"https:\/\/i0.wp.com\/www.gesamtschule-eiserfeld.de\/wp-content\/uploads\/2013\/09\/imker3.jpg?fit=142%2C214&amp;ssl=1\" data-orig-size=\"142,214\" data-comments-opened=\"0\" data-image-meta=\"{&quot;aperture&quot;:&quot;0&quot;,&quot;credit&quot;:&quot;&quot;,&quot;camera&quot;:&quot;&quot;,&quot;caption&quot;:&quot;&quot;,&quot;created_timestamp&quot;:&quot;0&quot;,&quot;copyright&quot;:&quot;&quot;,&quot;focal_length&quot;:&quot;0&quot;,&quot;iso&quot;:&quot;0&quot;,&quot;shutter_speed&quot;:&quot;0&quot;,&quot;title&quot;:&quot;&quot;}\" data-image-title=\"imker3\" data-image-description=\"\" data-image-caption=\"\" data-large-file=\"https:\/\/i0.wp.com\/www.gesamtschule-eiserfeld.de\/wp-content\/uploads\/2013\/09\/imker3.jpg?fit=142%2C214&amp;ssl=1\" class=\"alignnone size-full wp-image-2992\" alt=\"imker3\" src=\"https:\/\/i0.wp.com\/gesamtschule-eiserfeld.de\/wp-content\/uploads\/2013\/09\/imker3.jpg?resize=142%2C214\" width=\"142\" height=\"214\" srcset=\"https:\/\/i0.wp.com\/www.gesamtschule-eiserfeld.de\/wp-content\/uploads\/2013\/09\/imker3.jpg?w=142&amp;ssl=1 142w, https:\/\/i0.wp.com\/www.gesamtschule-eiserfeld.de\/wp-content\/uploads\/2013\/09\/imker3.jpg?resize=99%2C150&amp;ssl=1 99w\" sizes=\"auto, (max-width: 142px) 100vw, 142px\" \/>\u00a0 \u00a0 \u00a0 \u00a0 \u00a0 \u00a0 \u00a0<img data-recalc-dims=\"1\" loading=\"lazy\" decoding=\"async\" data-attachment-id=\"2993\" data-permalink=\"https:\/\/www.gesamtschule-eiserfeld.de\/?attachment_id=2993\" data-orig-file=\"https:\/\/i0.wp.com\/www.gesamtschule-eiserfeld.de\/wp-content\/uploads\/2013\/09\/imker4.jpg?fit=142%2C214&amp;ssl=1\" data-orig-size=\"142,214\" data-comments-opened=\"0\" data-image-meta=\"{&quot;aperture&quot;:&quot;0&quot;,&quot;credit&quot;:&quot;&quot;,&quot;camera&quot;:&quot;&quot;,&quot;caption&quot;:&quot;&quot;,&quot;created_timestamp&quot;:&quot;0&quot;,&quot;copyright&quot;:&quot;&quot;,&quot;focal_length&quot;:&quot;0&quot;,&quot;iso&quot;:&quot;0&quot;,&quot;shutter_speed&quot;:&quot;0&quot;,&quot;title&quot;:&quot;&quot;}\" data-image-title=\"imker4\" data-image-description=\"\" data-image-caption=\"\" data-large-file=\"https:\/\/i0.wp.com\/www.gesamtschule-eiserfeld.de\/wp-content\/uploads\/2013\/09\/imker4.jpg?fit=142%2C214&amp;ssl=1\" class=\"alignnone size-full wp-image-2993\" alt=\"imker4\" src=\"https:\/\/i0.wp.com\/gesamtschule-eiserfeld.de\/wp-content\/uploads\/2013\/09\/imker4.jpg?resize=142%2C214\" width=\"142\" height=\"214\" srcset=\"https:\/\/i0.wp.com\/www.gesamtschule-eiserfeld.de\/wp-content\/uploads\/2013\/09\/imker4.jpg?w=142&amp;ssl=1 142w, https:\/\/i0.wp.com\/www.gesamtschule-eiserfeld.de\/wp-content\/uploads\/2013\/09\/imker4.jpg?resize=99%2C150&amp;ssl=1 99w\" sizes=\"auto, (max-width: 142px) 100vw, 142px\" \/><\/p>\n<p>Sie staunten nicht schlecht, wie schwer eine mit Honig prall gef\u00fcllte Wabe ist, wie gut der frische Honig riecht und vor allen Dingen schmeckt! Nachdem alle zum Schleudern ben\u00f6tigten Utensilien von Rainer Otto in der Schulk\u00fcche aufgebaut worden waren, halfen die Sch\u00fcler tatkr\u00e4ftig mit. Angefangen mit dem vorsichtigen Entdeckeln der Waben, dann beim Einsetzen der Waben in die Schleuder und schlie\u00dflich beim Drehen der Schleuder selbst. Hier kam es auf die richtige Geschwindigkeit an \u2013 eine Wabe ist ein filigranes Gebilde und soll m\u00f6glichst im n\u00e4chsten Jahr wieder verwendet werden.<\/p>\n<p><img data-recalc-dims=\"1\" loading=\"lazy\" decoding=\"async\" data-attachment-id=\"2994\" data-permalink=\"https:\/\/www.gesamtschule-eiserfeld.de\/?attachment_id=2994\" data-orig-file=\"https:\/\/i0.wp.com\/www.gesamtschule-eiserfeld.de\/wp-content\/uploads\/2013\/09\/imker5.jpg?fit=235%2C155&amp;ssl=1\" data-orig-size=\"235,155\" data-comments-opened=\"0\" data-image-meta=\"{&quot;aperture&quot;:&quot;0&quot;,&quot;credit&quot;:&quot;&quot;,&quot;camera&quot;:&quot;&quot;,&quot;caption&quot;:&quot;&quot;,&quot;created_timestamp&quot;:&quot;0&quot;,&quot;copyright&quot;:&quot;&quot;,&quot;focal_length&quot;:&quot;0&quot;,&quot;iso&quot;:&quot;0&quot;,&quot;shutter_speed&quot;:&quot;0&quot;,&quot;title&quot;:&quot;&quot;}\" data-image-title=\"imker5\" data-image-description=\"\" data-image-caption=\"\" data-large-file=\"https:\/\/i0.wp.com\/www.gesamtschule-eiserfeld.de\/wp-content\/uploads\/2013\/09\/imker5.jpg?fit=235%2C155&amp;ssl=1\" class=\"alignnone size-full wp-image-2994\" alt=\"imker5\" src=\"https:\/\/i0.wp.com\/gesamtschule-eiserfeld.de\/wp-content\/uploads\/2013\/09\/imker5.jpg?resize=235%2C155\" width=\"235\" height=\"155\" srcset=\"https:\/\/i0.wp.com\/www.gesamtschule-eiserfeld.de\/wp-content\/uploads\/2013\/09\/imker5.jpg?w=235&amp;ssl=1 235w, https:\/\/i0.wp.com\/www.gesamtschule-eiserfeld.de\/wp-content\/uploads\/2013\/09\/imker5.jpg?resize=200%2C131&amp;ssl=1 200w\" sizes=\"auto, (max-width: 235px) 100vw, 235px\" \/>\u00a0 \u00a0 \u00a0 \u00a0 \u00a0 \u00a0 \u00a0 \u00a0<img data-recalc-dims=\"1\" loading=\"lazy\" decoding=\"async\" data-attachment-id=\"2995\" data-permalink=\"https:\/\/www.gesamtschule-eiserfeld.de\/?attachment_id=2995\" data-orig-file=\"https:\/\/i0.wp.com\/www.gesamtschule-eiserfeld.de\/wp-content\/uploads\/2013\/09\/imker6.jpg?fit=236%2C156&amp;ssl=1\" data-orig-size=\"236,156\" data-comments-opened=\"0\" data-image-meta=\"{&quot;aperture&quot;:&quot;0&quot;,&quot;credit&quot;:&quot;&quot;,&quot;camera&quot;:&quot;&quot;,&quot;caption&quot;:&quot;&quot;,&quot;created_timestamp&quot;:&quot;0&quot;,&quot;copyright&quot;:&quot;&quot;,&quot;focal_length&quot;:&quot;0&quot;,&quot;iso&quot;:&quot;0&quot;,&quot;shutter_speed&quot;:&quot;0&quot;,&quot;title&quot;:&quot;&quot;}\" data-image-title=\"imker6\" data-image-description=\"\" data-image-caption=\"\" data-large-file=\"https:\/\/i0.wp.com\/www.gesamtschule-eiserfeld.de\/wp-content\/uploads\/2013\/09\/imker6.jpg?fit=236%2C156&amp;ssl=1\" class=\"alignnone size-full wp-image-2995\" alt=\"imker6\" src=\"https:\/\/i0.wp.com\/gesamtschule-eiserfeld.de\/wp-content\/uploads\/2013\/09\/imker6.jpg?resize=236%2C156\" width=\"236\" height=\"156\" srcset=\"https:\/\/i0.wp.com\/www.gesamtschule-eiserfeld.de\/wp-content\/uploads\/2013\/09\/imker6.jpg?w=236&amp;ssl=1 236w, https:\/\/i0.wp.com\/www.gesamtschule-eiserfeld.de\/wp-content\/uploads\/2013\/09\/imker6.jpg?resize=200%2C132&amp;ssl=1 200w\" sizes=\"auto, (max-width: 236px) 100vw, 236px\" \/><\/p>\n<p>Doch nicht nur diese Kniffe des Imkerns werden den Sch\u00fclern in ihrer AG nahe gebracht. \u201eSie lernen auch, dass wir eine Symbiose mit der Natur eingehen\u201c, so W. Heck, \u201eschlie\u00dflich nutzen wir die umgebende Natur der Schule und geben ihr durch die Best\u00e4ubung mithilfe der Bienen wieder etwas zur\u00fcck.\u201c F\u00fcr das kommende Jahr sei bereits ein weiteres Jungvolk gez\u00fcchtet worden.<\/p>\n<p>Stolz nahm jeder Sch\u00fcler der AG\u00a0 nach dem Schleudern ein Gl\u00e4schen Honig mit nach Hause &#8211; insgesamt rechnen sie mit ca. 80 Gl\u00e4sern Honig. Die Hauptmenge davon soll an der Schule verkauft werden, um diese AG auch im kommenden Schuljahr bei Anschaffungen und dem Unterhalt der Bienenst\u00f6cke finanziell zu unterst\u00fctzen. Eine gro\u00dfz\u00fcgige Spende des Sozialwerks der Kreispolizeibeh\u00f6rde Siegen-Wittgenstein erm\u00f6glichte bisher die Anschaffung der Grundausr\u00fcstung und gab dieser au\u00dfergew\u00f6hnlichen AG Starthilfe.<\/p>\n<p>&nbsp;<\/p>\n","protected":false},"excerpt":{"rendered":"<p>[02.09.2013 \u00a0J. Dicker] Kaum zu beschreiben dieser magische Moment, wenn zum ersten Mal der s\u00fc\u00dfe Goldhonig aus dem Kran der Schleuder in einen gro\u00dfen Topf l\u00e4uft. Aufgeregt und gespannt verfolgten dies die Sch\u00fcler der Imker AG an der Gesamtschule Eiserfeld und konnten sich schlie\u00dflich \u00fcber einen stolze Ernte von etwa 50 Kilo Bl\u00fcten- und Waldhonig &hellip; <a href=\"https:\/\/www.gesamtschule-eiserfeld.de\/?p=2989\" class=\"more-link\"><span class=\"screen-reader-text\">S\u00fc\u00dfes Gold: Eiserfelder Gesamtsch\u00fcler der Imker-AG schleuderten erstmals reiche Honigernte<\/span> weiterlesen <span class=\"meta-nav\">&rarr;<\/span><\/a><\/p>\n","protected":false},"author":9,"featured_media":0,"comment_status":"closed","ping_status":"open","sticky":false,"template":"","format":"standard","meta":{"jetpack_post_was_ever_published":false,"_jetpack_newsletter_access":"","_jetpack_dont_email_post_to_subs":false,"_jetpack_newsletter_tier_id":0,"_jetpack_memberships_contains_paywalled_content":false,"_jetpack_memberships_contains_paid_content":false,"footnotes":"","jetpack_publicize_message":"","jetpack_publicize_feature_enabled":true,"jetpack_social_post_already_shared":true,"jetpack_social_options":{"image_generator_settings":{"template":"highway","default_image_id":0,"font":"","enabled":false},"version":2}},"categories":[32,1,34,35,10],"tags":[],"class_list":["post-2989","post","type-post","status-publish","format-standard","hentry","category-ag","category-allgemein","category-jg-56","category-jg-78","category-projekte"],"yoast_head":"<!-- This site is optimized with the Yoast SEO plugin v27.4 - https:\/\/yoast.com\/product\/yoast-seo-wordpress\/ -->\n<title>S\u00fc\u00dfes Gold: Eiserfelder Gesamtsch\u00fcler der Imker-AG schleuderten erstmals reiche Honigernte - Gesamtschule Eiserfeld<\/title>\n<meta name=\"robots\" content=\"index, follow, max-snippet:-1, max-image-preview:large, max-video-preview:-1\" \/>\n<link rel=\"canonical\" href=\"https:\/\/www.gesamtschule-eiserfeld.de\/?p=2989\" \/>\n<meta property=\"og:locale\" content=\"de_DE\" \/>\n<meta property=\"og:type\" content=\"article\" \/>\n<meta property=\"og:title\" content=\"S\u00fc\u00dfes Gold: Eiserfelder Gesamtsch\u00fcler der Imker-AG schleuderten erstmals reiche Honigernte - Gesamtschule Eiserfeld\" \/>\n<meta property=\"og:description\" content=\"[02.09.2013 \u00a0J. Dicker] Kaum zu beschreiben dieser magische Moment, wenn zum ersten Mal der s\u00fc\u00dfe Goldhonig aus dem Kran der Schleuder in einen gro\u00dfen Topf l\u00e4uft. Aufgeregt und gespannt verfolgten dies die Sch\u00fcler der Imker AG an der Gesamtschule Eiserfeld und konnten sich schlie\u00dflich \u00fcber einen stolze Ernte von etwa 50 Kilo Bl\u00fcten- und Waldhonig &hellip; S\u00fc\u00dfes Gold: Eiserfelder Gesamtsch\u00fcler der Imker-AG schleuderten erstmals reiche Honigernte weiterlesen &rarr;\" \/>\n<meta property=\"og:url\" content=\"https:\/\/www.gesamtschule-eiserfeld.de\/?p=2989\" \/>\n<meta property=\"og:site_name\" content=\"Gesamtschule Eiserfeld\" \/>\n<meta property=\"article:publisher\" content=\"https:\/\/www.facebook.com\/GEEiserfeld\" \/>\n<meta property=\"article:published_time\" content=\"2013-09-02T16:20:38+00:00\" \/>\n<meta property=\"article:modified_time\" content=\"2013-09-23T18:31:13+00:00\" \/>\n<meta property=\"og:image\" content=\"http:\/\/gesamtschule-eiserfeld.de\/wp-content\/uploads\/2013\/09\/imker1.jpg\" \/>\n<meta name=\"author\" content=\"dorw\" \/>\n<meta name=\"twitter:card\" content=\"summary_large_image\" \/>\n<meta name=\"twitter:label1\" content=\"Verfasst von\" \/>\n\t<meta name=\"twitter:data1\" content=\"dorw\" \/>\n\t<meta name=\"twitter:label2\" content=\"Gesch\u00e4tzte Lesezeit\" \/>\n\t<meta name=\"twitter:data2\" content=\"2\u00a0Minuten\" \/>\n<script type=\"application\/ld+json\" class=\"yoast-schema-graph\">{\"@context\":\"https:\\\/\\\/schema.org\",\"@graph\":[{\"@type\":\"Article\",\"@id\":\"https:\\\/\\\/www.gesamtschule-eiserfeld.de\\\/?p=2989#article\",\"isPartOf\":{\"@id\":\"https:\\\/\\\/www.gesamtschule-eiserfeld.de\\\/?p=2989\"},\"author\":{\"name\":\"dorw\",\"@id\":\"https:\\\/\\\/www.gesamtschule-eiserfeld.de\\\/#\\\/schema\\\/person\\\/9f37123dd2ff514a1346db435bdb3784\"},\"headline\":\"S\u00fc\u00dfes Gold: Eiserfelder Gesamtsch\u00fcler der Imker-AG schleuderten erstmals reiche Honigernte\",\"datePublished\":\"2013-09-02T16:20:38+00:00\",\"dateModified\":\"2013-09-23T18:31:13+00:00\",\"mainEntityOfPage\":{\"@id\":\"https:\\\/\\\/www.gesamtschule-eiserfeld.de\\\/?p=2989\"},\"wordCount\":419,\"publisher\":{\"@id\":\"https:\\\/\\\/www.gesamtschule-eiserfeld.de\\\/#organization\"},\"image\":{\"@id\":\"https:\\\/\\\/www.gesamtschule-eiserfeld.de\\\/?p=2989#primaryimage\"},\"thumbnailUrl\":\"http:\\\/\\\/gesamtschule-eiserfeld.de\\\/wp-content\\\/uploads\\\/2013\\\/09\\\/imker1.jpg\",\"articleSection\":{\"0\":\"AG\",\"2\":\"Jg 5\\\/6\",\"3\":\"Jg 7\\\/8\",\"4\":\"Projekte\"},\"inLanguage\":\"de\"},{\"@type\":\"WebPage\",\"@id\":\"https:\\\/\\\/www.gesamtschule-eiserfeld.de\\\/?p=2989\",\"url\":\"https:\\\/\\\/www.gesamtschule-eiserfeld.de\\\/?p=2989\",\"name\":\"S\u00fc\u00dfes Gold: Eiserfelder Gesamtsch\u00fcler der Imker-AG schleuderten erstmals reiche Honigernte - Gesamtschule Eiserfeld\",\"isPartOf\":{\"@id\":\"https:\\\/\\\/www.gesamtschule-eiserfeld.de\\\/#website\"},\"primaryImageOfPage\":{\"@id\":\"https:\\\/\\\/www.gesamtschule-eiserfeld.de\\\/?p=2989#primaryimage\"},\"image\":{\"@id\":\"https:\\\/\\\/www.gesamtschule-eiserfeld.de\\\/?p=2989#primaryimage\"},\"thumbnailUrl\":\"http:\\\/\\\/gesamtschule-eiserfeld.de\\\/wp-content\\\/uploads\\\/2013\\\/09\\\/imker1.jpg\",\"datePublished\":\"2013-09-02T16:20:38+00:00\",\"dateModified\":\"2013-09-23T18:31:13+00:00\",\"breadcrumb\":{\"@id\":\"https:\\\/\\\/www.gesamtschule-eiserfeld.de\\\/?p=2989#breadcrumb\"},\"inLanguage\":\"de\",\"potentialAction\":[{\"@type\":\"ReadAction\",\"target\":[\"https:\\\/\\\/www.gesamtschule-eiserfeld.de\\\/?p=2989\"]}]},{\"@type\":\"ImageObject\",\"inLanguage\":\"de\",\"@id\":\"https:\\\/\\\/www.gesamtschule-eiserfeld.de\\\/?p=2989#primaryimage\",\"url\":\"http:\\\/\\\/gesamtschule-eiserfeld.de\\\/wp-content\\\/uploads\\\/2013\\\/09\\\/imker1.jpg\",\"contentUrl\":\"http:\\\/\\\/gesamtschule-eiserfeld.de\\\/wp-content\\\/uploads\\\/2013\\\/09\\\/imker1.jpg\"},{\"@type\":\"BreadcrumbList\",\"@id\":\"https:\\\/\\\/www.gesamtschule-eiserfeld.de\\\/?p=2989#breadcrumb\",\"itemListElement\":[{\"@type\":\"ListItem\",\"position\":1,\"name\":\"Startseite\",\"item\":\"https:\\\/\\\/www.gesamtschule-eiserfeld.de\\\/\"},{\"@type\":\"ListItem\",\"position\":2,\"name\":\"S\u00fc\u00dfes Gold: Eiserfelder Gesamtsch\u00fcler der Imker-AG schleuderten erstmals reiche Honigernte\"}]},{\"@type\":\"WebSite\",\"@id\":\"https:\\\/\\\/www.gesamtschule-eiserfeld.de\\\/#website\",\"url\":\"https:\\\/\\\/www.gesamtschule-eiserfeld.de\\\/\",\"name\":\"Gesamtschule Eiserfeld\",\"description\":\"\",\"publisher\":{\"@id\":\"https:\\\/\\\/www.gesamtschule-eiserfeld.de\\\/#organization\"},\"potentialAction\":[{\"@type\":\"SearchAction\",\"target\":{\"@type\":\"EntryPoint\",\"urlTemplate\":\"https:\\\/\\\/www.gesamtschule-eiserfeld.de\\\/?s={search_term_string}\"},\"query-input\":{\"@type\":\"PropertyValueSpecification\",\"valueRequired\":true,\"valueName\":\"search_term_string\"}}],\"inLanguage\":\"de\"},{\"@type\":\"Organization\",\"@id\":\"https:\\\/\\\/www.gesamtschule-eiserfeld.de\\\/#organization\",\"name\":\"Gesamtschule Eiserfeld\",\"url\":\"https:\\\/\\\/www.gesamtschule-eiserfeld.de\\\/\",\"logo\":{\"@type\":\"ImageObject\",\"inLanguage\":\"de\",\"@id\":\"https:\\\/\\\/www.gesamtschule-eiserfeld.de\\\/#\\\/schema\\\/logo\\\/image\\\/\",\"url\":\"https:\\\/\\\/i1.wp.com\\\/www.gesamtschule-eiserfeld.de\\\/wp-content\\\/uploads\\\/2019\\\/01\\\/GEE-Logo-neu.jpg?fit=436%2C126&ssl=1\",\"contentUrl\":\"https:\\\/\\\/i1.wp.com\\\/www.gesamtschule-eiserfeld.de\\\/wp-content\\\/uploads\\\/2019\\\/01\\\/GEE-Logo-neu.jpg?fit=436%2C126&ssl=1\",\"width\":436,\"height\":126,\"caption\":\"Gesamtschule Eiserfeld\"},\"image\":{\"@id\":\"https:\\\/\\\/www.gesamtschule-eiserfeld.de\\\/#\\\/schema\\\/logo\\\/image\\\/\"},\"sameAs\":[\"https:\\\/\\\/www.facebook.com\\\/GEEiserfeld\"]},{\"@type\":\"Person\",\"@id\":\"https:\\\/\\\/www.gesamtschule-eiserfeld.de\\\/#\\\/schema\\\/person\\\/9f37123dd2ff514a1346db435bdb3784\",\"name\":\"dorw\",\"sameAs\":[\"http:\\\/\\\/www.ge-eiserfeld.de\"],\"url\":\"https:\\\/\\\/www.gesamtschule-eiserfeld.de\\\/?author=9\"}]}<\/script>\n<!-- \/ Yoast SEO plugin. -->","yoast_head_json":{"title":"S\u00fc\u00dfes Gold: Eiserfelder Gesamtsch\u00fcler der Imker-AG schleuderten erstmals reiche Honigernte - Gesamtschule Eiserfeld","robots":{"index":"index","follow":"follow","max-snippet":"max-snippet:-1","max-image-preview":"max-image-preview:large","max-video-preview":"max-video-preview:-1"},"canonical":"https:\/\/www.gesamtschule-eiserfeld.de\/?p=2989","og_locale":"de_DE","og_type":"article","og_title":"S\u00fc\u00dfes Gold: Eiserfelder Gesamtsch\u00fcler der Imker-AG schleuderten erstmals reiche Honigernte - Gesamtschule Eiserfeld","og_description":"[02.09.2013 \u00a0J. Dicker] Kaum zu beschreiben dieser magische Moment, wenn zum ersten Mal der s\u00fc\u00dfe Goldhonig aus dem Kran der Schleuder in einen gro\u00dfen Topf l\u00e4uft. Aufgeregt und gespannt verfolgten dies die Sch\u00fcler der Imker AG an der Gesamtschule Eiserfeld und konnten sich schlie\u00dflich \u00fcber einen stolze Ernte von etwa 50 Kilo Bl\u00fcten- und Waldhonig &hellip; S\u00fc\u00dfes Gold: Eiserfelder Gesamtsch\u00fcler der Imker-AG schleuderten erstmals reiche Honigernte weiterlesen &rarr;","og_url":"https:\/\/www.gesamtschule-eiserfeld.de\/?p=2989","og_site_name":"Gesamtschule Eiserfeld","article_publisher":"https:\/\/www.facebook.com\/GEEiserfeld","article_published_time":"2013-09-02T16:20:38+00:00","article_modified_time":"2013-09-23T18:31:13+00:00","og_image":[{"url":"http:\/\/gesamtschule-eiserfeld.de\/wp-content\/uploads\/2013\/09\/imker1.jpg","type":"","width":"","height":""}],"author":"dorw","twitter_card":"summary_large_image","twitter_misc":{"Verfasst von":"dorw","Gesch\u00e4tzte Lesezeit":"2\u00a0Minuten"},"schema":{"@context":"https:\/\/schema.org","@graph":[{"@type":"Article","@id":"https:\/\/www.gesamtschule-eiserfeld.de\/?p=2989#article","isPartOf":{"@id":"https:\/\/www.gesamtschule-eiserfeld.de\/?p=2989"},"author":{"name":"dorw","@id":"https:\/\/www.gesamtschule-eiserfeld.de\/#\/schema\/person\/9f37123dd2ff514a1346db435bdb3784"},"headline":"S\u00fc\u00dfes Gold: Eiserfelder Gesamtsch\u00fcler der Imker-AG schleuderten erstmals reiche Honigernte","datePublished":"2013-09-02T16:20:38+00:00","dateModified":"2013-09-23T18:31:13+00:00","mainEntityOfPage":{"@id":"https:\/\/www.gesamtschule-eiserfeld.de\/?p=2989"},"wordCount":419,"publisher":{"@id":"https:\/\/www.gesamtschule-eiserfeld.de\/#organization"},"image":{"@id":"https:\/\/www.gesamtschule-eiserfeld.de\/?p=2989#primaryimage"},"thumbnailUrl":"http:\/\/gesamtschule-eiserfeld.de\/wp-content\/uploads\/2013\/09\/imker1.jpg","articleSection":{"0":"AG","2":"Jg 5\/6","3":"Jg 7\/8","4":"Projekte"},"inLanguage":"de"},{"@type":"WebPage","@id":"https:\/\/www.gesamtschule-eiserfeld.de\/?p=2989","url":"https:\/\/www.gesamtschule-eiserfeld.de\/?p=2989","name":"S\u00fc\u00dfes Gold: Eiserfelder Gesamtsch\u00fcler der Imker-AG schleuderten erstmals reiche Honigernte - Gesamtschule Eiserfeld","isPartOf":{"@id":"https:\/\/www.gesamtschule-eiserfeld.de\/#website"},"primaryImageOfPage":{"@id":"https:\/\/www.gesamtschule-eiserfeld.de\/?p=2989#primaryimage"},"image":{"@id":"https:\/\/www.gesamtschule-eiserfeld.de\/?p=2989#primaryimage"},"thumbnailUrl":"http:\/\/gesamtschule-eiserfeld.de\/wp-content\/uploads\/2013\/09\/imker1.jpg","datePublished":"2013-09-02T16:20:38+00:00","dateModified":"2013-09-23T18:31:13+00:00","breadcrumb":{"@id":"https:\/\/www.gesamtschule-eiserfeld.de\/?p=2989#breadcrumb"},"inLanguage":"de","potentialAction":[{"@type":"ReadAction","target":["https:\/\/www.gesamtschule-eiserfeld.de\/?p=2989"]}]},{"@type":"ImageObject","inLanguage":"de","@id":"https:\/\/www.gesamtschule-eiserfeld.de\/?p=2989#primaryimage","url":"http:\/\/gesamtschule-eiserfeld.de\/wp-content\/uploads\/2013\/09\/imker1.jpg","contentUrl":"http:\/\/gesamtschule-eiserfeld.de\/wp-content\/uploads\/2013\/09\/imker1.jpg"},{"@type":"BreadcrumbList","@id":"https:\/\/www.gesamtschule-eiserfeld.de\/?p=2989#breadcrumb","itemListElement":[{"@type":"ListItem","position":1,"name":"Startseite","item":"https:\/\/www.gesamtschule-eiserfeld.de\/"},{"@type":"ListItem","position":2,"name":"S\u00fc\u00dfes Gold: Eiserfelder Gesamtsch\u00fcler der Imker-AG schleuderten erstmals reiche Honigernte"}]},{"@type":"WebSite","@id":"https:\/\/www.gesamtschule-eiserfeld.de\/#website","url":"https:\/\/www.gesamtschule-eiserfeld.de\/","name":"Gesamtschule Eiserfeld","description":"","publisher":{"@id":"https:\/\/www.gesamtschule-eiserfeld.de\/#organization"},"potentialAction":[{"@type":"SearchAction","target":{"@type":"EntryPoint","urlTemplate":"https:\/\/www.gesamtschule-eiserfeld.de\/?s={search_term_string}"},"query-input":{"@type":"PropertyValueSpecification","valueRequired":true,"valueName":"search_term_string"}}],"inLanguage":"de"},{"@type":"Organization","@id":"https:\/\/www.gesamtschule-eiserfeld.de\/#organization","name":"Gesamtschule Eiserfeld","url":"https:\/\/www.gesamtschule-eiserfeld.de\/","logo":{"@type":"ImageObject","inLanguage":"de","@id":"https:\/\/www.gesamtschule-eiserfeld.de\/#\/schema\/logo\/image\/","url":"https:\/\/i1.wp.com\/www.gesamtschule-eiserfeld.de\/wp-content\/uploads\/2019\/01\/GEE-Logo-neu.jpg?fit=436%2C126&ssl=1","contentUrl":"https:\/\/i1.wp.com\/www.gesamtschule-eiserfeld.de\/wp-content\/uploads\/2019\/01\/GEE-Logo-neu.jpg?fit=436%2C126&ssl=1","width":436,"height":126,"caption":"Gesamtschule Eiserfeld"},"image":{"@id":"https:\/\/www.gesamtschule-eiserfeld.de\/#\/schema\/logo\/image\/"},"sameAs":["https:\/\/www.facebook.com\/GEEiserfeld"]},{"@type":"Person","@id":"https:\/\/www.gesamtschule-eiserfeld.de\/#\/schema\/person\/9f37123dd2ff514a1346db435bdb3784","name":"dorw","sameAs":["http:\/\/www.ge-eiserfeld.de"],"url":"https:\/\/www.gesamtschule-eiserfeld.de\/?author=9"}]}},"jetpack_publicize_connections":[],"jetpack_featured_media_url":"","jetpack_shortlink":"https:\/\/wp.me\/p2weeL-Md","jetpack_sharing_enabled":true,"_links":{"self":[{"href":"https:\/\/www.gesamtschule-eiserfeld.de\/index.php?rest_route=\/wp\/v2\/posts\/2989","targetHints":{"allow":["GET"]}}],"collection":[{"href":"https:\/\/www.gesamtschule-eiserfeld.de\/index.php?rest_route=\/wp\/v2\/posts"}],"about":[{"href":"https:\/\/www.gesamtschule-eiserfeld.de\/index.php?rest_route=\/wp\/v2\/types\/post"}],"author":[{"embeddable":true,"href":"https:\/\/www.gesamtschule-eiserfeld.de\/index.php?rest_route=\/wp\/v2\/users\/9"}],"replies":[{"embeddable":true,"href":"https:\/\/www.gesamtschule-eiserfeld.de\/index.php?rest_route=%2Fwp%2Fv2%2Fcomments&post=2989"}],"version-history":[{"count":0,"href":"https:\/\/www.gesamtschule-eiserfeld.de\/index.php?rest_route=\/wp\/v2\/posts\/2989\/revisions"}],"wp:attachment":[{"href":"https:\/\/www.gesamtschule-eiserfeld.de\/index.php?rest_route=%2Fwp%2Fv2%2Fmedia&parent=2989"}],"wp:term":[{"taxonomy":"category","embeddable":true,"href":"https:\/\/www.gesamtschule-eiserfeld.de\/index.php?rest_route=%2Fwp%2Fv2%2Fcategories&post=2989"},{"taxonomy":"post_tag","embeddable":true,"href":"https:\/\/www.gesamtschule-eiserfeld.de\/index.php?rest_route=%2Fwp%2Fv2%2Ftags&post=2989"}],"curies":[{"name":"wp","href":"https:\/\/api.w.org\/{rel}","templated":true}]}}