{"id":3135,"date":"2013-10-15T17:09:38","date_gmt":"2013-10-15T16:09:38","guid":{"rendered":"http:\/\/ge-eiserfeld.de\/?p=3135"},"modified":"2013-11-10T18:53:02","modified_gmt":"2013-11-10T17:53:02","slug":"das-erzeugt-viel-nachhaltigere-eindruecke-als-jeder-geschichtsunterricht-zeitzeugin-alisa-tennenbaum-zu-gast-an-der-gee","status":"publish","type":"post","link":"https:\/\/www.gesamtschule-eiserfeld.de\/?p=3135","title":{"rendered":"\u201eDas erzeugt viel nachhaltigere Eindr\u00fccke als jeder Geschichtsunterricht\u201c \u2013 Zeitzeugin Alisa Tennenbaum zu Gast an der GEE"},"content":{"rendered":"<p><a href=\"https:\/\/i0.wp.com\/gesamtschule-eiserfeld.de\/wp-content\/uploads\/2013\/10\/alisa-tennenbaum11_konv_1-alisa-tennenbaum-gee.jpg\"><img data-recalc-dims=\"1\" loading=\"lazy\" decoding=\"async\" data-attachment-id=\"3136\" data-permalink=\"https:\/\/www.gesamtschule-eiserfeld.de\/?attachment_id=3136\" data-orig-file=\"https:\/\/i0.wp.com\/www.gesamtschule-eiserfeld.de\/wp-content\/uploads\/2013\/10\/alisa-tennenbaum11_konv_1-alisa-tennenbaum-gee.jpg?fit=666%2C500&amp;ssl=1\" data-orig-size=\"666,500\" data-comments-opened=\"0\" data-image-meta=\"{&quot;aperture&quot;:&quot;3.6&quot;,&quot;credit&quot;:&quot;&quot;,&quot;camera&quot;:&quot;DMC-FZ50&quot;,&quot;caption&quot;:&quot;&quot;,&quot;created_timestamp&quot;:&quot;1381743944&quot;,&quot;copyright&quot;:&quot;&quot;,&quot;focal_length&quot;:&quot;42.4&quot;,&quot;iso&quot;:&quot;200&quot;,&quot;shutter_speed&quot;:&quot;0.033333333333333&quot;,&quot;title&quot;:&quot;&quot;}\" data-image-title=\"alisa-tennenbaum11_konv_1-alisa-tennenbaum-gee\" data-image-description=\"\" data-image-caption=\"\" data-large-file=\"https:\/\/i0.wp.com\/www.gesamtschule-eiserfeld.de\/wp-content\/uploads\/2013\/10\/alisa-tennenbaum11_konv_1-alisa-tennenbaum-gee.jpg?fit=474%2C356&amp;ssl=1\" class=\"alignleft size-thumbnail wp-image-3136\" style=\"background-image: none; padding-top: 0px; padding-left: 0px; margin: 0px 10px 0px 0px; display: inline; padding-right: 0px; border: 0px none;\" alt=\"alisa-tennenbaum11_konv_1-alisa-tennenbaum-gee\" src=\"https:\/\/i0.wp.com\/gesamtschule-eiserfeld.de\/wp-content\/uploads\/2013\/10\/alisa-tennenbaum11_konv_1-alisa-tennenbaum-gee-200x150.jpg?resize=200%2C150\" width=\"200\" height=\"150\" srcset=\"https:\/\/i0.wp.com\/www.gesamtschule-eiserfeld.de\/wp-content\/uploads\/2013\/10\/alisa-tennenbaum11_konv_1-alisa-tennenbaum-gee.jpg?resize=200%2C150&amp;ssl=1 200w, https:\/\/i0.wp.com\/www.gesamtschule-eiserfeld.de\/wp-content\/uploads\/2013\/10\/alisa-tennenbaum11_konv_1-alisa-tennenbaum-gee.jpg?resize=300%2C225&amp;ssl=1 300w, https:\/\/i0.wp.com\/www.gesamtschule-eiserfeld.de\/wp-content\/uploads\/2013\/10\/alisa-tennenbaum11_konv_1-alisa-tennenbaum-gee.jpg?w=666&amp;ssl=1 666w\" sizes=\"auto, (max-width: 200px) 100vw, 200px\" \/><\/a><em><span style=\"font-size: x-small;\">[<\/span><span style=\"font-size: xx-small;\"><span style=\"line-height: 15px;\">15.10.2013 \u00a0F. Kraft<\/span><\/span><span style=\"font-size: x-small;\">]<\/span><\/em> Im Rahmen des Bundesprogrammes \u201eToleranz f\u00f6rdern \u2013 Kompetenz st\u00e4rken\u201c war die israelische Zeitzeugin Alisa Tennenbaum zu Gast an unserer Schule. In einem beeindruckenden Vortrag berichtete sie den Sch\u00fclerinnen und Sch\u00fclern der Jahrgangsstufen 11 und 12 \u00fcber ihren Lebensweg und ihre Erfahrungen in der Zeit des Nationalsozialismus.<!--more--><\/p>\n<p>Alisa Tennenbaum, geb\u00fcrtige Wienerin, erlebte nach dem Einmarsch der Nationalsozialisten im M\u00e4rz 1938 in \u00d6sterreich deren grausames Vorgehen gegen\u00fcber der j\u00fcdischen Bev\u00f6lkerung. Mit gerade einmal zehn Jahren verlie\u00df sie das Land mit dem letzten Kindertransport nach England, um dort fernab ihrer Eltern und ohne Sprachkenntnisse in einem Kinderheim unterzukommen. Die Ausf\u00fchrungen zu ihrer Kindheit beeindruckten die Sch\u00fclerinnen und Sch\u00fcler besonders, vor allem vor dem Hintergrund ihrer eigenen Entwicklung in der heutigen Gesellschaft. Berichte \u00fcber unvorstellbare Repressalien gegen\u00fcber der j\u00fcdischen Bev\u00f6lkerung machten deutlich, welche Bedeutung Menschlichkeit und Toleranz in unserer Gesellschaft haben \u2013 Werte, die im Dritten Reich als Verrat galten und mit drakonischen Strafen geahndet wurden.<\/p>\n<p><img data-recalc-dims=\"1\" loading=\"lazy\" decoding=\"async\" data-attachment-id=\"3137\" data-permalink=\"https:\/\/www.gesamtschule-eiserfeld.de\/?attachment_id=3137\" data-orig-file=\"https:\/\/i0.wp.com\/www.gesamtschule-eiserfeld.de\/wp-content\/uploads\/2013\/10\/sch%C3%BCler-aula21_konv_1-alisa-tennenbaum-gee.jpg?fit=666%2C500&amp;ssl=1\" data-orig-size=\"666,500\" data-comments-opened=\"0\" data-image-meta=\"{&quot;aperture&quot;:&quot;3.2&quot;,&quot;credit&quot;:&quot;&quot;,&quot;camera&quot;:&quot;DMC-FZ50&quot;,&quot;caption&quot;:&quot;&quot;,&quot;created_timestamp&quot;:&quot;1381744462&quot;,&quot;copyright&quot;:&quot;&quot;,&quot;focal_length&quot;:&quot;10.6&quot;,&quot;iso&quot;:&quot;200&quot;,&quot;shutter_speed&quot;:&quot;0.033333333333333&quot;,&quot;title&quot;:&quot;&quot;}\" data-image-title=\"sch\u00fcler-aula21_konv_1-alisa-tennenbaum-gee\" data-image-description=\"\" data-image-caption=\"\" data-large-file=\"https:\/\/i0.wp.com\/www.gesamtschule-eiserfeld.de\/wp-content\/uploads\/2013\/10\/sch%C3%BCler-aula21_konv_1-alisa-tennenbaum-gee.jpg?fit=474%2C356&amp;ssl=1\" class=\"alignright size-medium wp-image-3137\" alt=\"sch\u00fcler-aula21_konv_1-alisa-tennenbaum-gee\" src=\"https:\/\/i0.wp.com\/gesamtschule-eiserfeld.de\/wp-content\/uploads\/2013\/10\/sch%C3%BCler-aula21_konv_1-alisa-tennenbaum-gee-300x225.jpg?resize=300%2C225\" width=\"300\" height=\"225\" srcset=\"https:\/\/i0.wp.com\/www.gesamtschule-eiserfeld.de\/wp-content\/uploads\/2013\/10\/sch%C3%BCler-aula21_konv_1-alisa-tennenbaum-gee.jpg?resize=300%2C225&amp;ssl=1 300w, https:\/\/i0.wp.com\/www.gesamtschule-eiserfeld.de\/wp-content\/uploads\/2013\/10\/sch%C3%BCler-aula21_konv_1-alisa-tennenbaum-gee.jpg?resize=200%2C150&amp;ssl=1 200w, https:\/\/i0.wp.com\/www.gesamtschule-eiserfeld.de\/wp-content\/uploads\/2013\/10\/sch%C3%BCler-aula21_konv_1-alisa-tennenbaum-gee.jpg?w=666&amp;ssl=1 666w\" sizes=\"auto, (max-width: 300px) 100vw, 300px\" \/>Die Elft- und Zw\u00f6lftkl\u00e4ssler durften w\u00e4hrend des ber\u00fchrenden Vortrags Anteil an der emotionalen Achterbahnfahrt der Referentin nehmen, die gl\u00fccklicherweise mit dem Wiedersehen von Vater und Mutter in England endete \u2013 ein Geschenk, das nur wenigen der \u00fcber 10.000 nach England in Sicherheit gebrachten Kindern und Jugendlichen nach Ende des Krieges zuteil wurde. Alisa Tennenbaum berichtete von der Odyssee ihrer Mutter, die u. a. Aufenthalte in den Konzentrationslagern Auschwitz, Sachsenhausen und Ravensbr\u00fcck durchstehen musste. \u00a0 \u00a0 \u00a0 \u00a0 \u00a0 \u00a0 \u00a0 \u00a0 \u00a0 \u00a0 \u00a0 \u00a0 \u00a0 \u00a0 \u00a0 \u00a0 \u00a0 \u00a0 \u00a0 \u00a0 \u00a0 \u00a0 \u00a0 \u00a0 \u00a0 \u00a0 \u00a0 \u00a0 \u00a0 \u00a0 \u00a0 \u00a0 \u00a0 \u00a0 \u00a0 \u00a0 \u00a0 \u00a0 \u00a0 \u00a0 \u00a0 \u00a0 \u00a0 \u00a0 \u00a0 \u00a0 \u00a0 \u00a0 \u00a0 \u00a0 \u00a0 \u00a0 \u00a0 \u00a0 \u00a0 \u00a0 \u00a0 \u00a0 \u00a0 Im Anschluss an den Vortrag hatten die Sch\u00fclerinnen und Sch\u00fcler die Gelegenheit, im Rahmen einer Fragerunde mit Frau Tennenbaum ins Gespr\u00e4ch zu kommen.<\/p>\n<p>Der Zeitzeugenbericht f\u00fchrte allen die Grausamkeit vor Augen, mit der das nationalsozialistische Regime gegen Mitmenschen vorging. Vor dem Hintergrund k\u00fcrzlich durchgef\u00fchrter Exkursionen der Oberstufe in die Konzentrationslager Dachau oder Theresienstadt bzw. einer Studienfahrt 2012 nach Auschwitz erhielten die Sch\u00fclerinnen und Sch\u00fcler auf diese Weise ein authentisches Bild dieses bedr\u00fcckenden Kapitels deutscher Geschichte.<\/p>\n","protected":false},"excerpt":{"rendered":"<p>[15.10.2013 \u00a0F. Kraft] Im Rahmen des Bundesprogrammes \u201eToleranz f\u00f6rdern \u2013 Kompetenz st\u00e4rken\u201c war die israelische Zeitzeugin Alisa Tennenbaum zu Gast an unserer Schule. In einem beeindruckenden Vortrag berichtete sie den Sch\u00fclerinnen und Sch\u00fclern der Jahrgangsstufen 11 und 12 \u00fcber ihren Lebensweg und ihre Erfahrungen in der Zeit des Nationalsozialismus.<\/p>\n","protected":false},"author":9,"featured_media":0,"comment_status":"closed","ping_status":"open","sticky":false,"template":"","format":"standard","meta":{"jetpack_post_was_ever_published":false,"_jetpack_newsletter_access":"","_jetpack_dont_email_post_to_subs":false,"_jetpack_newsletter_tier_id":0,"_jetpack_memberships_contains_paywalled_content":false,"_jetpack_memberships_contains_paid_content":false,"footnotes":"","jetpack_publicize_message":"","jetpack_publicize_feature_enabled":true,"jetpack_social_post_already_shared":true,"jetpack_social_options":{"image_generator_settings":{"template":"highway","default_image_id":0,"font":"","enabled":false},"version":2}},"categories":[1,53,26],"tags":[],"class_list":["post-3135","post","type-post","status-publish","format-standard","hentry","category-allgemein","category-gesellschaftslehre","category-sekundarstufe-ii"],"yoast_head":"<!-- This site is optimized with the Yoast SEO plugin v27.4 - https:\/\/yoast.com\/product\/yoast-seo-wordpress\/ -->\n<title>\u201eDas erzeugt viel nachhaltigere Eindr\u00fccke als jeder Geschichtsunterricht\u201c \u2013 Zeitzeugin Alisa Tennenbaum zu Gast an der GEE - Gesamtschule Eiserfeld<\/title>\n<meta name=\"robots\" content=\"index, follow, max-snippet:-1, max-image-preview:large, max-video-preview:-1\" \/>\n<link rel=\"canonical\" href=\"https:\/\/www.gesamtschule-eiserfeld.de\/?p=3135\" \/>\n<meta property=\"og:locale\" content=\"de_DE\" \/>\n<meta property=\"og:type\" content=\"article\" \/>\n<meta property=\"og:title\" content=\"\u201eDas erzeugt viel nachhaltigere Eindr\u00fccke als jeder Geschichtsunterricht\u201c \u2013 Zeitzeugin Alisa Tennenbaum zu Gast an der GEE - Gesamtschule Eiserfeld\" \/>\n<meta property=\"og:description\" content=\"[15.10.2013 \u00a0F. Kraft] Im Rahmen des Bundesprogrammes \u201eToleranz f\u00f6rdern \u2013 Kompetenz st\u00e4rken\u201c war die israelische Zeitzeugin Alisa Tennenbaum zu Gast an unserer Schule. In einem beeindruckenden Vortrag berichtete sie den Sch\u00fclerinnen und Sch\u00fclern der Jahrgangsstufen 11 und 12 \u00fcber ihren Lebensweg und ihre Erfahrungen in der Zeit des Nationalsozialismus.\" \/>\n<meta property=\"og:url\" content=\"https:\/\/www.gesamtschule-eiserfeld.de\/?p=3135\" \/>\n<meta property=\"og:site_name\" content=\"Gesamtschule Eiserfeld\" \/>\n<meta property=\"article:publisher\" content=\"https:\/\/www.facebook.com\/GEEiserfeld\" \/>\n<meta property=\"article:published_time\" content=\"2013-10-15T16:09:38+00:00\" \/>\n<meta property=\"article:modified_time\" content=\"2013-11-10T17:53:02+00:00\" \/>\n<meta property=\"og:image\" content=\"http:\/\/gesamtschule-eiserfeld.de\/wp-content\/uploads\/2013\/10\/alisa-tennenbaum11_konv_1-alisa-tennenbaum-gee-200x150.jpg\" \/>\n<meta name=\"author\" content=\"dorw\" \/>\n<meta name=\"twitter:card\" content=\"summary_large_image\" \/>\n<meta name=\"twitter:label1\" content=\"Verfasst von\" \/>\n\t<meta name=\"twitter:data1\" content=\"dorw\" \/>\n\t<meta name=\"twitter:label2\" content=\"Gesch\u00e4tzte Lesezeit\" \/>\n\t<meta name=\"twitter:data2\" content=\"2\u00a0Minuten\" \/>\n<script type=\"application\/ld+json\" class=\"yoast-schema-graph\">{\"@context\":\"https:\\\/\\\/schema.org\",\"@graph\":[{\"@type\":\"Article\",\"@id\":\"https:\\\/\\\/www.gesamtschule-eiserfeld.de\\\/?p=3135#article\",\"isPartOf\":{\"@id\":\"https:\\\/\\\/www.gesamtschule-eiserfeld.de\\\/?p=3135\"},\"author\":{\"name\":\"dorw\",\"@id\":\"https:\\\/\\\/www.gesamtschule-eiserfeld.de\\\/#\\\/schema\\\/person\\\/9f37123dd2ff514a1346db435bdb3784\"},\"headline\":\"\u201eDas erzeugt viel nachhaltigere Eindr\u00fccke als jeder Geschichtsunterricht\u201c \u2013 Zeitzeugin Alisa Tennenbaum zu Gast an der GEE\",\"datePublished\":\"2013-10-15T16:09:38+00:00\",\"dateModified\":\"2013-11-10T17:53:02+00:00\",\"mainEntityOfPage\":{\"@id\":\"https:\\\/\\\/www.gesamtschule-eiserfeld.de\\\/?p=3135\"},\"wordCount\":341,\"publisher\":{\"@id\":\"https:\\\/\\\/www.gesamtschule-eiserfeld.de\\\/#organization\"},\"image\":{\"@id\":\"https:\\\/\\\/www.gesamtschule-eiserfeld.de\\\/?p=3135#primaryimage\"},\"thumbnailUrl\":\"http:\\\/\\\/gesamtschule-eiserfeld.de\\\/wp-content\\\/uploads\\\/2013\\\/10\\\/alisa-tennenbaum11_konv_1-alisa-tennenbaum-gee-200x150.jpg\",\"articleSection\":{\"1\":\"Gesellschaftslehre\",\"2\":\"Sekundarstufe II\"},\"inLanguage\":\"de\"},{\"@type\":\"WebPage\",\"@id\":\"https:\\\/\\\/www.gesamtschule-eiserfeld.de\\\/?p=3135\",\"url\":\"https:\\\/\\\/www.gesamtschule-eiserfeld.de\\\/?p=3135\",\"name\":\"\u201eDas erzeugt viel nachhaltigere Eindr\u00fccke als jeder Geschichtsunterricht\u201c \u2013 Zeitzeugin Alisa Tennenbaum zu Gast an der GEE - Gesamtschule Eiserfeld\",\"isPartOf\":{\"@id\":\"https:\\\/\\\/www.gesamtschule-eiserfeld.de\\\/#website\"},\"primaryImageOfPage\":{\"@id\":\"https:\\\/\\\/www.gesamtschule-eiserfeld.de\\\/?p=3135#primaryimage\"},\"image\":{\"@id\":\"https:\\\/\\\/www.gesamtschule-eiserfeld.de\\\/?p=3135#primaryimage\"},\"thumbnailUrl\":\"http:\\\/\\\/gesamtschule-eiserfeld.de\\\/wp-content\\\/uploads\\\/2013\\\/10\\\/alisa-tennenbaum11_konv_1-alisa-tennenbaum-gee-200x150.jpg\",\"datePublished\":\"2013-10-15T16:09:38+00:00\",\"dateModified\":\"2013-11-10T17:53:02+00:00\",\"breadcrumb\":{\"@id\":\"https:\\\/\\\/www.gesamtschule-eiserfeld.de\\\/?p=3135#breadcrumb\"},\"inLanguage\":\"de\",\"potentialAction\":[{\"@type\":\"ReadAction\",\"target\":[\"https:\\\/\\\/www.gesamtschule-eiserfeld.de\\\/?p=3135\"]}]},{\"@type\":\"ImageObject\",\"inLanguage\":\"de\",\"@id\":\"https:\\\/\\\/www.gesamtschule-eiserfeld.de\\\/?p=3135#primaryimage\",\"url\":\"http:\\\/\\\/gesamtschule-eiserfeld.de\\\/wp-content\\\/uploads\\\/2013\\\/10\\\/alisa-tennenbaum11_konv_1-alisa-tennenbaum-gee-200x150.jpg\",\"contentUrl\":\"http:\\\/\\\/gesamtschule-eiserfeld.de\\\/wp-content\\\/uploads\\\/2013\\\/10\\\/alisa-tennenbaum11_konv_1-alisa-tennenbaum-gee-200x150.jpg\"},{\"@type\":\"BreadcrumbList\",\"@id\":\"https:\\\/\\\/www.gesamtschule-eiserfeld.de\\\/?p=3135#breadcrumb\",\"itemListElement\":[{\"@type\":\"ListItem\",\"position\":1,\"name\":\"Startseite\",\"item\":\"https:\\\/\\\/www.gesamtschule-eiserfeld.de\\\/\"},{\"@type\":\"ListItem\",\"position\":2,\"name\":\"\u201eDas erzeugt viel nachhaltigere Eindr\u00fccke als jeder Geschichtsunterricht\u201c \u2013 Zeitzeugin Alisa Tennenbaum zu Gast an der GEE\"}]},{\"@type\":\"WebSite\",\"@id\":\"https:\\\/\\\/www.gesamtschule-eiserfeld.de\\\/#website\",\"url\":\"https:\\\/\\\/www.gesamtschule-eiserfeld.de\\\/\",\"name\":\"Gesamtschule Eiserfeld\",\"description\":\"\",\"publisher\":{\"@id\":\"https:\\\/\\\/www.gesamtschule-eiserfeld.de\\\/#organization\"},\"potentialAction\":[{\"@type\":\"SearchAction\",\"target\":{\"@type\":\"EntryPoint\",\"urlTemplate\":\"https:\\\/\\\/www.gesamtschule-eiserfeld.de\\\/?s={search_term_string}\"},\"query-input\":{\"@type\":\"PropertyValueSpecification\",\"valueRequired\":true,\"valueName\":\"search_term_string\"}}],\"inLanguage\":\"de\"},{\"@type\":\"Organization\",\"@id\":\"https:\\\/\\\/www.gesamtschule-eiserfeld.de\\\/#organization\",\"name\":\"Gesamtschule Eiserfeld\",\"url\":\"https:\\\/\\\/www.gesamtschule-eiserfeld.de\\\/\",\"logo\":{\"@type\":\"ImageObject\",\"inLanguage\":\"de\",\"@id\":\"https:\\\/\\\/www.gesamtschule-eiserfeld.de\\\/#\\\/schema\\\/logo\\\/image\\\/\",\"url\":\"https:\\\/\\\/i1.wp.com\\\/www.gesamtschule-eiserfeld.de\\\/wp-content\\\/uploads\\\/2019\\\/01\\\/GEE-Logo-neu.jpg?fit=436%2C126&ssl=1\",\"contentUrl\":\"https:\\\/\\\/i1.wp.com\\\/www.gesamtschule-eiserfeld.de\\\/wp-content\\\/uploads\\\/2019\\\/01\\\/GEE-Logo-neu.jpg?fit=436%2C126&ssl=1\",\"width\":436,\"height\":126,\"caption\":\"Gesamtschule Eiserfeld\"},\"image\":{\"@id\":\"https:\\\/\\\/www.gesamtschule-eiserfeld.de\\\/#\\\/schema\\\/logo\\\/image\\\/\"},\"sameAs\":[\"https:\\\/\\\/www.facebook.com\\\/GEEiserfeld\"]},{\"@type\":\"Person\",\"@id\":\"https:\\\/\\\/www.gesamtschule-eiserfeld.de\\\/#\\\/schema\\\/person\\\/9f37123dd2ff514a1346db435bdb3784\",\"name\":\"dorw\",\"sameAs\":[\"http:\\\/\\\/www.ge-eiserfeld.de\"],\"url\":\"https:\\\/\\\/www.gesamtschule-eiserfeld.de\\\/?author=9\"}]}<\/script>\n<!-- \/ Yoast SEO plugin. -->","yoast_head_json":{"title":"\u201eDas erzeugt viel nachhaltigere Eindr\u00fccke als jeder Geschichtsunterricht\u201c \u2013 Zeitzeugin Alisa Tennenbaum zu Gast an der GEE - Gesamtschule Eiserfeld","robots":{"index":"index","follow":"follow","max-snippet":"max-snippet:-1","max-image-preview":"max-image-preview:large","max-video-preview":"max-video-preview:-1"},"canonical":"https:\/\/www.gesamtschule-eiserfeld.de\/?p=3135","og_locale":"de_DE","og_type":"article","og_title":"\u201eDas erzeugt viel nachhaltigere Eindr\u00fccke als jeder Geschichtsunterricht\u201c \u2013 Zeitzeugin Alisa Tennenbaum zu Gast an der GEE - Gesamtschule Eiserfeld","og_description":"[15.10.2013 \u00a0F. Kraft] Im Rahmen des Bundesprogrammes \u201eToleranz f\u00f6rdern \u2013 Kompetenz st\u00e4rken\u201c war die israelische Zeitzeugin Alisa Tennenbaum zu Gast an unserer Schule. In einem beeindruckenden Vortrag berichtete sie den Sch\u00fclerinnen und Sch\u00fclern der Jahrgangsstufen 11 und 12 \u00fcber ihren Lebensweg und ihre Erfahrungen in der Zeit des Nationalsozialismus.","og_url":"https:\/\/www.gesamtschule-eiserfeld.de\/?p=3135","og_site_name":"Gesamtschule Eiserfeld","article_publisher":"https:\/\/www.facebook.com\/GEEiserfeld","article_published_time":"2013-10-15T16:09:38+00:00","article_modified_time":"2013-11-10T17:53:02+00:00","og_image":[{"url":"http:\/\/gesamtschule-eiserfeld.de\/wp-content\/uploads\/2013\/10\/alisa-tennenbaum11_konv_1-alisa-tennenbaum-gee-200x150.jpg","type":"","width":"","height":""}],"author":"dorw","twitter_card":"summary_large_image","twitter_misc":{"Verfasst von":"dorw","Gesch\u00e4tzte Lesezeit":"2\u00a0Minuten"},"schema":{"@context":"https:\/\/schema.org","@graph":[{"@type":"Article","@id":"https:\/\/www.gesamtschule-eiserfeld.de\/?p=3135#article","isPartOf":{"@id":"https:\/\/www.gesamtschule-eiserfeld.de\/?p=3135"},"author":{"name":"dorw","@id":"https:\/\/www.gesamtschule-eiserfeld.de\/#\/schema\/person\/9f37123dd2ff514a1346db435bdb3784"},"headline":"\u201eDas erzeugt viel nachhaltigere Eindr\u00fccke als jeder Geschichtsunterricht\u201c \u2013 Zeitzeugin Alisa Tennenbaum zu Gast an der GEE","datePublished":"2013-10-15T16:09:38+00:00","dateModified":"2013-11-10T17:53:02+00:00","mainEntityOfPage":{"@id":"https:\/\/www.gesamtschule-eiserfeld.de\/?p=3135"},"wordCount":341,"publisher":{"@id":"https:\/\/www.gesamtschule-eiserfeld.de\/#organization"},"image":{"@id":"https:\/\/www.gesamtschule-eiserfeld.de\/?p=3135#primaryimage"},"thumbnailUrl":"http:\/\/gesamtschule-eiserfeld.de\/wp-content\/uploads\/2013\/10\/alisa-tennenbaum11_konv_1-alisa-tennenbaum-gee-200x150.jpg","articleSection":{"1":"Gesellschaftslehre","2":"Sekundarstufe II"},"inLanguage":"de"},{"@type":"WebPage","@id":"https:\/\/www.gesamtschule-eiserfeld.de\/?p=3135","url":"https:\/\/www.gesamtschule-eiserfeld.de\/?p=3135","name":"\u201eDas erzeugt viel nachhaltigere Eindr\u00fccke als jeder Geschichtsunterricht\u201c \u2013 Zeitzeugin Alisa Tennenbaum zu Gast an der GEE - Gesamtschule Eiserfeld","isPartOf":{"@id":"https:\/\/www.gesamtschule-eiserfeld.de\/#website"},"primaryImageOfPage":{"@id":"https:\/\/www.gesamtschule-eiserfeld.de\/?p=3135#primaryimage"},"image":{"@id":"https:\/\/www.gesamtschule-eiserfeld.de\/?p=3135#primaryimage"},"thumbnailUrl":"http:\/\/gesamtschule-eiserfeld.de\/wp-content\/uploads\/2013\/10\/alisa-tennenbaum11_konv_1-alisa-tennenbaum-gee-200x150.jpg","datePublished":"2013-10-15T16:09:38+00:00","dateModified":"2013-11-10T17:53:02+00:00","breadcrumb":{"@id":"https:\/\/www.gesamtschule-eiserfeld.de\/?p=3135#breadcrumb"},"inLanguage":"de","potentialAction":[{"@type":"ReadAction","target":["https:\/\/www.gesamtschule-eiserfeld.de\/?p=3135"]}]},{"@type":"ImageObject","inLanguage":"de","@id":"https:\/\/www.gesamtschule-eiserfeld.de\/?p=3135#primaryimage","url":"http:\/\/gesamtschule-eiserfeld.de\/wp-content\/uploads\/2013\/10\/alisa-tennenbaum11_konv_1-alisa-tennenbaum-gee-200x150.jpg","contentUrl":"http:\/\/gesamtschule-eiserfeld.de\/wp-content\/uploads\/2013\/10\/alisa-tennenbaum11_konv_1-alisa-tennenbaum-gee-200x150.jpg"},{"@type":"BreadcrumbList","@id":"https:\/\/www.gesamtschule-eiserfeld.de\/?p=3135#breadcrumb","itemListElement":[{"@type":"ListItem","position":1,"name":"Startseite","item":"https:\/\/www.gesamtschule-eiserfeld.de\/"},{"@type":"ListItem","position":2,"name":"\u201eDas erzeugt viel nachhaltigere Eindr\u00fccke als jeder Geschichtsunterricht\u201c \u2013 Zeitzeugin Alisa Tennenbaum zu Gast an der GEE"}]},{"@type":"WebSite","@id":"https:\/\/www.gesamtschule-eiserfeld.de\/#website","url":"https:\/\/www.gesamtschule-eiserfeld.de\/","name":"Gesamtschule Eiserfeld","description":"","publisher":{"@id":"https:\/\/www.gesamtschule-eiserfeld.de\/#organization"},"potentialAction":[{"@type":"SearchAction","target":{"@type":"EntryPoint","urlTemplate":"https:\/\/www.gesamtschule-eiserfeld.de\/?s={search_term_string}"},"query-input":{"@type":"PropertyValueSpecification","valueRequired":true,"valueName":"search_term_string"}}],"inLanguage":"de"},{"@type":"Organization","@id":"https:\/\/www.gesamtschule-eiserfeld.de\/#organization","name":"Gesamtschule Eiserfeld","url":"https:\/\/www.gesamtschule-eiserfeld.de\/","logo":{"@type":"ImageObject","inLanguage":"de","@id":"https:\/\/www.gesamtschule-eiserfeld.de\/#\/schema\/logo\/image\/","url":"https:\/\/i1.wp.com\/www.gesamtschule-eiserfeld.de\/wp-content\/uploads\/2019\/01\/GEE-Logo-neu.jpg?fit=436%2C126&ssl=1","contentUrl":"https:\/\/i1.wp.com\/www.gesamtschule-eiserfeld.de\/wp-content\/uploads\/2019\/01\/GEE-Logo-neu.jpg?fit=436%2C126&ssl=1","width":436,"height":126,"caption":"Gesamtschule Eiserfeld"},"image":{"@id":"https:\/\/www.gesamtschule-eiserfeld.de\/#\/schema\/logo\/image\/"},"sameAs":["https:\/\/www.facebook.com\/GEEiserfeld"]},{"@type":"Person","@id":"https:\/\/www.gesamtschule-eiserfeld.de\/#\/schema\/person\/9f37123dd2ff514a1346db435bdb3784","name":"dorw","sameAs":["http:\/\/www.ge-eiserfeld.de"],"url":"https:\/\/www.gesamtschule-eiserfeld.de\/?author=9"}]}},"jetpack_publicize_connections":[],"jetpack_featured_media_url":"","jetpack_shortlink":"https:\/\/wp.me\/p2weeL-Oz","jetpack_sharing_enabled":true,"_links":{"self":[{"href":"https:\/\/www.gesamtschule-eiserfeld.de\/index.php?rest_route=\/wp\/v2\/posts\/3135","targetHints":{"allow":["GET"]}}],"collection":[{"href":"https:\/\/www.gesamtschule-eiserfeld.de\/index.php?rest_route=\/wp\/v2\/posts"}],"about":[{"href":"https:\/\/www.gesamtschule-eiserfeld.de\/index.php?rest_route=\/wp\/v2\/types\/post"}],"author":[{"embeddable":true,"href":"https:\/\/www.gesamtschule-eiserfeld.de\/index.php?rest_route=\/wp\/v2\/users\/9"}],"replies":[{"embeddable":true,"href":"https:\/\/www.gesamtschule-eiserfeld.de\/index.php?rest_route=%2Fwp%2Fv2%2Fcomments&post=3135"}],"version-history":[{"count":0,"href":"https:\/\/www.gesamtschule-eiserfeld.de\/index.php?rest_route=\/wp\/v2\/posts\/3135\/revisions"}],"wp:attachment":[{"href":"https:\/\/www.gesamtschule-eiserfeld.de\/index.php?rest_route=%2Fwp%2Fv2%2Fmedia&parent=3135"}],"wp:term":[{"taxonomy":"category","embeddable":true,"href":"https:\/\/www.gesamtschule-eiserfeld.de\/index.php?rest_route=%2Fwp%2Fv2%2Fcategories&post=3135"},{"taxonomy":"post_tag","embeddable":true,"href":"https:\/\/www.gesamtschule-eiserfeld.de\/index.php?rest_route=%2Fwp%2Fv2%2Ftags&post=3135"}],"curies":[{"name":"wp","href":"https:\/\/api.w.org\/{rel}","templated":true}]}}